{"id":14649,"date":"2019-02-06T13:51:59","date_gmt":"2019-02-06T12:51:59","guid":{"rendered":"https:\/\/www.konferenztechnik.de\/?p=14649"},"modified":"2023-06-07T14:17:05","modified_gmt":"2023-06-07T12:17:05","slug":"news-von-der-ise-2019","status":"publish","type":"post","link":"https:\/\/konferenztechnik.de\/en\/news-von-der-ise-2019\/","title":{"rendered":"News from ISE 2019"},"content":{"rendered":"<div data-elementor-type=\"wp-post\" data-elementor-id=\"14649\" class=\"elementor elementor-14649\" data-elementor-post-type=\"post\">\n\t\t\t\t<div data-particle_enable=\"false\" data-particle-mobile-disabled=\"false\" class=\"elementor-element elementor-element-c3d0090 e-flex e-con-boxed e-con e-parent\" data-id=\"c3d0090\" data-element_type=\"container\">\n\t\t\t\t\t<div class=\"e-con-inner\">\n\t\t\t\t<div class=\"elementor-element elementor-element-cc10177 elementor-widget elementor-widget-heading\" data-id=\"cc10177\" data-element_type=\"widget\" data-settings=\"{&quot;_animation&quot;:&quot;none&quot;}\" data-widget_type=\"heading.default\">\n\t\t\t\t<div class=\"elementor-widget-container\">\n\t\t\t\t\t<h2 class=\"elementor-heading-title elementor-size-default\">News from Intergrated Systems Europe (ISE) 2019<\/h2>\t\t\t\t<\/div>\n\t\t\t\t<\/div>\n\t\t\t\t<div class=\"elementor-element elementor-element-a002d77 elementor-widget elementor-widget-image\" data-id=\"a002d77\" data-element_type=\"widget\" data-widget_type=\"image.default\">\n\t\t\t\t<div class=\"elementor-widget-container\">\n\t\t\t\t\t\t\t\t\t\t\t\t\t\t\t<img fetchpriority=\"high\" decoding=\"async\" width=\"800\" height=\"600\" src=\"https:\/\/konferenztechnik.de\/wp-content\/uploads\/2019\/02\/videoregie-ise-2019-1024x768.jpg\" class=\"attachment-large size-large wp-image-14723\" alt=\"videoregion-ise-2019\" srcset=\"https:\/\/konferenztechnik.de\/wp-content\/uploads\/2019\/02\/videoregie-ise-2019-1024x768.jpg 1024w, https:\/\/konferenztechnik.de\/wp-content\/uploads\/2019\/02\/videoregie-ise-2019-300x225.jpg 300w, https:\/\/konferenztechnik.de\/wp-content\/uploads\/2019\/02\/videoregie-ise-2019-768x576.jpg 768w, https:\/\/konferenztechnik.de\/wp-content\/uploads\/2019\/02\/videoregie-ise-2019.jpg 1200w\" sizes=\"(max-width: 800px) 100vw, 800px\" title=\"\">\t\t\t\t\t\t\t\t\t\t\t\t\t\t\t<\/div>\n\t\t\t\t<\/div>\n\t\t\t\t<div class=\"elementor-element elementor-element-151ec1f elementor-widget elementor-widget-text-editor\" data-id=\"151ec1f\" data-element_type=\"widget\" data-widget_type=\"text-editor.default\">\n\t\t\t\t<div class=\"elementor-widget-container\">\n\t\t\t\t\t\t\t\t\t<p>Published: 06.02.2019<\/p>\t\t\t\t\t\t\t\t<\/div>\n\t\t\t\t<\/div>\n\t\t\t\t\t<\/div>\n\t\t\t\t<\/div>\n\t\t<div data-particle_enable=\"false\" data-particle-mobile-disabled=\"false\" class=\"elementor-element elementor-element-c9908fe e-flex e-con-boxed e-con e-parent\" data-id=\"c9908fe\" data-element_type=\"container\">\n\t\t\t\t\t<div class=\"e-con-inner\">\n\t\t\t\t<div class=\"elementor-element elementor-element-9bca512 elementor-widget__width-initial elementor-widget elementor-widget-text-editor\" data-id=\"9bca512\" data-element_type=\"widget\" data-widget_type=\"text-editor.default\">\n\t\t\t\t<div class=\"elementor-widget-container\">\n\t\t\t\t\t\t\t\t\t<p>Integrated Systems Europe (ISE) will take place in Amsterdam from February 5 to 8, 2019. ISE is the world's largest trade fair for AV media technology. Like every year, we will be there to network and check out the latest trends and developments in the industry. We will report here and maybe we will even see each other on site.<\/p>\t\t\t\t\t\t\t\t<\/div>\n\t\t\t\t<\/div>\n\t\t\t\t<div class=\"elementor-element elementor-element-52a2ce3 elementor-widget-divider--view-line elementor-widget elementor-widget-divider\" data-id=\"52a2ce3\" data-element_type=\"widget\" data-widget_type=\"divider.default\">\n\t\t\t\t<div class=\"elementor-widget-container\">\n\t\t\t\t\t\t\t<div class=\"elementor-divider\">\n\t\t\t<span class=\"elementor-divider-separator\">\n\t\t\t\t\t\t<\/span>\n\t\t<\/div>\n\t\t\t\t\t\t<\/div>\n\t\t\t\t<\/div>\n\t\t\t\t<div class=\"elementor-element elementor-element-5902acd elementor-widget__width-initial elementor-widget elementor-widget-heading\" data-id=\"5902acd\" data-element_type=\"widget\" data-settings=\"{&quot;_animation&quot;:&quot;none&quot;}\" data-widget_type=\"heading.default\">\n\t\t\t\t<div class=\"elementor-widget-container\">\n\t\t\t\t\t<h2 class=\"elementor-heading-title elementor-size-default\">ISE 2019 is over, thank you for your interest!<\/h2>\t\t\t\t<\/div>\n\t\t\t\t<\/div>\n\t\t\t\t<div class=\"elementor-element elementor-element-d5affab elementor-widget__width-initial elementor-widget elementor-widget-text-editor\" data-id=\"d5affab\" data-element_type=\"widget\" data-widget_type=\"text-editor.default\">\n\t\t\t\t<div class=\"elementor-widget-container\">\n\t\t\t\t\t\t\t\t\t<p>Thank you for your interest \u2013 we hope it was something new for you! If we have made you curious and you would now like to know more, please write me briefly to <a href=\"mailto:berlin@konferenztechnik.de\">berlin@konferenztechnik.de<\/a>!<\/p><p>We have the fair \u2013 even if exhausting \u2013 again a lot of fun and had some surprises ready!<br \/>We say goodbye to ISE 2019 and Amsterdam after 4 exciting days!<\/p><p>Kindest regards<br \/>Your J\u00f6rg Peschka<\/p>\t\t\t\t\t\t\t\t<\/div>\n\t\t\t\t<\/div>\n\t\t\t\t<div class=\"elementor-element elementor-element-78ca470 elementor-widget elementor-widget-image\" data-id=\"78ca470\" data-element_type=\"widget\" data-widget_type=\"image.default\">\n\t\t\t\t<div class=\"elementor-widget-container\">\n\t\t\t\t\t\t\t\t\t\t\t\t\t\t\t<img decoding=\"async\" width=\"698\" height=\"1024\" src=\"https:\/\/konferenztechnik.de\/wp-content\/uploads\/2019\/02\/gruesse-von-der-ise-2019-698x1024.jpg\" class=\"attachment-large size-large wp-image-14744\" alt=\"Greetings from ISE 2019\" srcset=\"https:\/\/konferenztechnik.de\/wp-content\/uploads\/2019\/02\/gruesse-von-der-ise-2019-698x1024.jpg 698w, https:\/\/konferenztechnik.de\/wp-content\/uploads\/2019\/02\/gruesse-von-der-ise-2019-204x300.jpg 204w, https:\/\/konferenztechnik.de\/wp-content\/uploads\/2019\/02\/gruesse-von-der-ise-2019-768x1127.jpg 768w, https:\/\/konferenztechnik.de\/wp-content\/uploads\/2019\/02\/gruesse-von-der-ise-2019-1047x1536.jpg 1047w, https:\/\/konferenztechnik.de\/wp-content\/uploads\/2019\/02\/gruesse-von-der-ise-2019.jpg 1116w\" sizes=\"(max-width: 698px) 100vw, 698px\" title=\"\">\t\t\t\t\t\t\t\t\t\t\t\t\t\t\t<\/div>\n\t\t\t\t<\/div>\n\t\t\t\t<div class=\"elementor-element elementor-element-22ba52d elementor-widget-divider--view-line elementor-widget elementor-widget-divider\" data-id=\"22ba52d\" data-element_type=\"widget\" data-widget_type=\"divider.default\">\n\t\t\t\t<div class=\"elementor-widget-container\">\n\t\t\t\t\t\t\t<div class=\"elementor-divider\">\n\t\t\t<span class=\"elementor-divider-separator\">\n\t\t\t\t\t\t<\/span>\n\t\t<\/div>\n\t\t\t\t\t\t<\/div>\n\t\t\t\t<\/div>\n\t\t\t\t<div class=\"elementor-element elementor-element-55a09ab elementor-widget__width-initial elementor-widget elementor-widget-heading\" data-id=\"55a09ab\" data-element_type=\"widget\" data-settings=\"{&quot;_animation&quot;:&quot;none&quot;}\" data-widget_type=\"heading.default\">\n\t\t\t\t<div class=\"elementor-widget-container\">\n\t\t\t\t\t<h3 class=\"elementor-heading-title elementor-size-default\">+++ Live ticker for ISE 2019 +++ (Update: ISE 2019 is over and therefore our live ticker ends).<\/h3>\t\t\t\t<\/div>\n\t\t\t\t<\/div>\n\t\t\t\t<div class=\"elementor-element elementor-element-a3b7c45 elementor-widget-divider--view-line elementor-widget elementor-widget-divider\" data-id=\"a3b7c45\" data-element_type=\"widget\" data-widget_type=\"divider.default\">\n\t\t\t\t<div class=\"elementor-widget-container\">\n\t\t\t\t\t\t\t<div class=\"elementor-divider\">\n\t\t\t<span class=\"elementor-divider-separator\">\n\t\t\t\t\t\t<\/span>\n\t\t<\/div>\n\t\t\t\t\t\t<\/div>\n\t\t\t\t<\/div>\n\t\t\t\t<div class=\"elementor-element elementor-element-9b1885e elementor-widget__width-initial elementor-widget elementor-widget-heading\" data-id=\"9b1885e\" data-element_type=\"widget\" data-settings=\"{&quot;_animation&quot;:&quot;none&quot;}\" data-widget_type=\"heading.default\">\n\t\t\t\t<div class=\"elementor-widget-container\">\n\t\t\t\t\t<h3 class=\"elementor-heading-title elementor-size-default\">Shure Microflex \u2013 Wireless Discussion System<\/h3>\t\t\t\t<\/div>\n\t\t\t\t<\/div>\n\t\t\t\t<div class=\"elementor-element elementor-element-70a25cc elementor-widget elementor-widget-image\" data-id=\"70a25cc\" data-element_type=\"widget\" data-widget_type=\"image.default\">\n\t\t\t\t<div class=\"elementor-widget-container\">\n\t\t\t\t\t\t\t\t\t\t\t\t\t\t\t<img decoding=\"async\" width=\"768\" height=\"1024\" src=\"https:\/\/konferenztechnik.de\/wp-content\/uploads\/2019\/02\/shure-microflex-768x1024.jpg\" class=\"attachment-large size-large wp-image-14731\" alt=\"shure-microflex\" srcset=\"https:\/\/konferenztechnik.de\/wp-content\/uploads\/2019\/02\/shure-microflex-768x1024.jpg 768w, https:\/\/konferenztechnik.de\/wp-content\/uploads\/2019\/02\/shure-microflex-225x300.jpg 225w, https:\/\/konferenztechnik.de\/wp-content\/uploads\/2019\/02\/shure-microflex-1152x1536.jpg 1152w, https:\/\/konferenztechnik.de\/wp-content\/uploads\/2019\/02\/shure-microflex.jpg 1200w\" sizes=\"(max-width: 768px) 100vw, 768px\" title=\"\">\t\t\t\t\t\t\t\t\t\t\t\t\t\t\t<\/div>\n\t\t\t\t<\/div>\n\t\t\t\t<div class=\"elementor-element elementor-element-f76875f elementor-widget__width-initial elementor-widget elementor-widget-text-editor\" data-id=\"f76875f\" data-element_type=\"widget\" data-widget_type=\"text-editor.default\">\n\t\t\t\t<div class=\"elementor-widget-container\">\n\t\t\t\t\t\t\t\t\t<div class=\"column column-1-2\"><p>At the Shure booth, there is not only the new logo to admire (lettering now in green), but also the new wireless discussion system that is now ready for series production: the MXCW \u2013 Microflex Conference Wireless. PCS is already a certified Microflex dealer.<\/p><\/div>\t\t\t\t\t\t\t\t<\/div>\n\t\t\t\t<\/div>\n\t\t\t\t<div class=\"elementor-element elementor-element-0705e8d elementor-widget-divider--view-line elementor-widget elementor-widget-divider\" data-id=\"0705e8d\" data-element_type=\"widget\" data-widget_type=\"divider.default\">\n\t\t\t\t<div class=\"elementor-widget-container\">\n\t\t\t\t\t\t\t<div class=\"elementor-divider\">\n\t\t\t<span class=\"elementor-divider-separator\">\n\t\t\t\t\t\t<\/span>\n\t\t<\/div>\n\t\t\t\t\t\t<\/div>\n\t\t\t\t<\/div>\n\t\t\t\t<div class=\"elementor-element elementor-element-d00da99 elementor-widget__width-initial elementor-widget elementor-widget-heading\" data-id=\"d00da99\" data-element_type=\"widget\" data-settings=\"{&quot;_animation&quot;:&quot;none&quot;}\" data-widget_type=\"heading.default\">\n\t\t\t\t<div class=\"elementor-widget-container\">\n\t\t\t\t\t<h3 class=\"elementor-heading-title elementor-size-default\">A new day at the ISE. Today we report again from our discoveries. Here we go...<\/h3>\t\t\t\t<\/div>\n\t\t\t\t<\/div>\n\t\t\t\t<div class=\"elementor-element elementor-element-9c8d76a elementor-widget-divider--view-line elementor-widget elementor-widget-divider\" data-id=\"9c8d76a\" data-element_type=\"widget\" data-widget_type=\"divider.default\">\n\t\t\t\t<div class=\"elementor-widget-container\">\n\t\t\t\t\t\t\t<div class=\"elementor-divider\">\n\t\t\t<span class=\"elementor-divider-separator\">\n\t\t\t\t\t\t<\/span>\n\t\t<\/div>\n\t\t\t\t\t\t<\/div>\n\t\t\t\t<\/div>\n\t\t\t\t<div class=\"elementor-element elementor-element-424c88b elementor-widget__width-initial elementor-widget elementor-widget-heading\" data-id=\"424c88b\" data-element_type=\"widget\" data-settings=\"{&quot;_animation&quot;:&quot;none&quot;}\" data-widget_type=\"heading.default\">\n\t\t\t\t<div class=\"elementor-widget-container\">\n\t\t\t\t\t<h3 class=\"elementor-heading-title elementor-size-default\">Shure Microflex Complete \u2013 MXCIC Interpreter Station<\/h3>\t\t\t\t<\/div>\n\t\t\t\t<\/div>\n\t\t\t\t<div class=\"elementor-element elementor-element-61e6ab5 elementor-widget elementor-widget-image\" data-id=\"61e6ab5\" data-element_type=\"widget\" data-widget_type=\"image.default\">\n\t\t\t\t<div class=\"elementor-widget-container\">\n\t\t\t\t\t\t\t\t\t\t\t\t\t\t\t<img loading=\"lazy\" decoding=\"async\" width=\"800\" height=\"560\" src=\"https:\/\/konferenztechnik.de\/wp-content\/uploads\/2019\/02\/Shure-MXCIC-DOLMETSCHERSPRECHSTELLE-1024x717.jpg\" class=\"attachment-large size-large wp-image-14737\" alt=\"\" srcset=\"https:\/\/konferenztechnik.de\/wp-content\/uploads\/2019\/02\/Shure-MXCIC-DOLMETSCHERSPRECHSTELLE-1024x717.jpg 1024w, https:\/\/konferenztechnik.de\/wp-content\/uploads\/2019\/02\/Shure-MXCIC-DOLMETSCHERSPRECHSTELLE-300x210.jpg 300w, https:\/\/konferenztechnik.de\/wp-content\/uploads\/2019\/02\/Shure-MXCIC-DOLMETSCHERSPRECHSTELLE-768x538.jpg 768w, https:\/\/konferenztechnik.de\/wp-content\/uploads\/2019\/02\/Shure-MXCIC-DOLMETSCHERSPRECHSTELLE-1536x1076.jpg 1536w, https:\/\/konferenztechnik.de\/wp-content\/uploads\/2019\/02\/Shure-MXCIC-DOLMETSCHERSPRECHSTELLE.jpg 1944w\" sizes=\"(max-width: 800px) 100vw, 800px\" title=\"\">\t\t\t\t\t\t\t\t\t\t\t\t\t\t\t<\/div>\n\t\t\t\t<\/div>\n\t\t\t\t<div class=\"elementor-element elementor-element-1be7d66 elementor-widget__width-initial elementor-widget elementor-widget-text-editor\" data-id=\"1be7d66\" data-element_type=\"widget\" data-widget_type=\"text-editor.default\">\n\t\t\t\t<div class=\"elementor-widget-container\">\n\t\t\t\t\t\t\t\t\t<div class=\"column column-1-2\"><p>Shure continues to show the new Microflex Complete MXCIC interpreting console. The console fully complies with the new international ISO 20109 for interpretation equipment. We at PCS have been actively involved in the design of the ISO standard and have advocated the needs of rental companies.<\/p><p>Our first impressions of the console are very positive: the layout of the controls, the feel and look, the generally high-quality audio.<\/p><\/div>\t\t\t\t\t\t\t\t<\/div>\n\t\t\t\t<\/div>\n\t\t\t\t<div class=\"elementor-element elementor-element-352342d elementor-widget elementor-widget-image\" data-id=\"352342d\" data-element_type=\"widget\" data-widget_type=\"image.default\">\n\t\t\t\t<div class=\"elementor-widget-container\">\n\t\t\t\t\t\t\t\t\t\t\t\t\t\t\t<img loading=\"lazy\" decoding=\"async\" width=\"774\" height=\"1024\" src=\"https:\/\/konferenztechnik.de\/wp-content\/uploads\/2019\/02\/Shure-MXCIC-DOLMETSCHERSPRECHSTELLE-2-774x1024.jpg\" class=\"attachment-large size-large wp-image-14740\" alt=\"Shure-MXCIC-DOLMETSCHERSPRECHSTELLE-2\" srcset=\"https:\/\/konferenztechnik.de\/wp-content\/uploads\/2019\/02\/Shure-MXCIC-DOLMETSCHERSPRECHSTELLE-2-774x1024.jpg 774w, https:\/\/konferenztechnik.de\/wp-content\/uploads\/2019\/02\/Shure-MXCIC-DOLMETSCHERSPRECHSTELLE-2-227x300.jpg 227w, https:\/\/konferenztechnik.de\/wp-content\/uploads\/2019\/02\/Shure-MXCIC-DOLMETSCHERSPRECHSTELLE-2-768x1016.jpg 768w, https:\/\/konferenztechnik.de\/wp-content\/uploads\/2019\/02\/Shure-MXCIC-DOLMETSCHERSPRECHSTELLE-2-1161x1536.jpg 1161w, https:\/\/konferenztechnik.de\/wp-content\/uploads\/2019\/02\/Shure-MXCIC-DOLMETSCHERSPRECHSTELLE-2.jpg 1200w\" sizes=\"(max-width: 774px) 100vw, 774px\" title=\"\">\t\t\t\t\t\t\t\t\t\t\t\t\t\t\t<\/div>\n\t\t\t\t<\/div>\n\t\t\t\t<div class=\"elementor-element elementor-element-a9378d5 elementor-widget-divider--view-line elementor-widget elementor-widget-divider\" data-id=\"a9378d5\" data-element_type=\"widget\" data-widget_type=\"divider.default\">\n\t\t\t\t<div class=\"elementor-widget-container\">\n\t\t\t\t\t\t\t<div class=\"elementor-divider\">\n\t\t\t<span class=\"elementor-divider-separator\">\n\t\t\t\t\t\t<\/span>\n\t\t<\/div>\n\t\t\t\t\t\t<\/div>\n\t\t\t\t<\/div>\n\t\t\t\t<div class=\"elementor-element elementor-element-f8ba3ad elementor-widget__width-initial elementor-widget elementor-widget-heading\" data-id=\"f8ba3ad\" data-element_type=\"widget\" data-settings=\"{&quot;_animation&quot;:&quot;none&quot;}\" data-widget_type=\"heading.default\">\n\t\t\t\t<div class=\"elementor-widget-container\">\n\t\t\t\t\t<h3 class=\"elementor-heading-title elementor-size-default\">ISE 2019: New hearing-voice set for Beyerdynamic UNITE<\/h3>\t\t\t\t<\/div>\n\t\t\t\t<\/div>\n\t\t\t\t<div class=\"elementor-element elementor-element-dc166da elementor-widget elementor-widget-image\" data-id=\"dc166da\" data-element_type=\"widget\" data-widget_type=\"image.default\">\n\t\t\t\t<div class=\"elementor-widget-container\">\n\t\t\t\t\t\t\t\t\t\t\t\t\t\t\t<img loading=\"lazy\" decoding=\"async\" width=\"800\" height=\"600\" src=\"https:\/\/konferenztechnik.de\/wp-content\/uploads\/2019\/02\/Byerdynamic-UNITE-Mikrofon-hoersprech-garnitur-1024x768.jpg\" class=\"attachment-large size-large wp-image-14693\" alt=\"Byerdynamic-UNITE-microphone-phoneset\" srcset=\"https:\/\/konferenztechnik.de\/wp-content\/uploads\/2019\/02\/Byerdynamic-UNITE-Mikrofon-hoersprech-garnitur-1024x768.jpg 1024w, https:\/\/konferenztechnik.de\/wp-content\/uploads\/2019\/02\/Byerdynamic-UNITE-Mikrofon-hoersprech-garnitur-300x225.jpg 300w, https:\/\/konferenztechnik.de\/wp-content\/uploads\/2019\/02\/Byerdynamic-UNITE-Mikrofon-hoersprech-garnitur-768x576.jpg 768w, https:\/\/konferenztechnik.de\/wp-content\/uploads\/2019\/02\/Byerdynamic-UNITE-Mikrofon-hoersprech-garnitur.jpg 1200w\" sizes=\"(max-width: 800px) 100vw, 800px\" title=\"\">\t\t\t\t\t\t\t\t\t\t\t\t\t\t\t<\/div>\n\t\t\t\t<\/div>\n\t\t\t\t<div class=\"elementor-element elementor-element-14abc86 elementor-widget__width-initial elementor-widget elementor-widget-text-editor\" data-id=\"14abc86\" data-element_type=\"widget\" data-widget_type=\"text-editor.default\">\n\t\t\t\t<div class=\"elementor-widget-container\">\n\t\t\t\t\t\t\t\t\t<div class=\"column column-1-2\">A new headset for the UNITE pocket transmitter allows the \u2013 user to work professionally and comfortably, whether as a guide on a factory or city tour or as a \u2013 whisper interpreter.<\/div>\t\t\t\t\t\t\t\t<\/div>\n\t\t\t\t<\/div>\n\t\t\t\t<div class=\"elementor-element elementor-element-948c63b elementor-widget-divider--view-line elementor-widget elementor-widget-divider\" data-id=\"948c63b\" data-element_type=\"widget\" data-widget_type=\"divider.default\">\n\t\t\t\t<div class=\"elementor-widget-container\">\n\t\t\t\t\t\t\t<div class=\"elementor-divider\">\n\t\t\t<span class=\"elementor-divider-separator\">\n\t\t\t\t\t\t<\/span>\n\t\t<\/div>\n\t\t\t\t\t\t<\/div>\n\t\t\t\t<\/div>\n\t\t\t\t<div class=\"elementor-element elementor-element-a3f2541 elementor-widget__width-initial elementor-widget elementor-widget-heading\" data-id=\"a3f2541\" data-element_type=\"widget\" data-settings=\"{&quot;_animation&quot;:&quot;none&quot;}\" data-widget_type=\"heading.default\">\n\t\t\t\t<div class=\"elementor-widget-container\">\n\t\t\t\t\t<h3 class=\"elementor-heading-title elementor-size-default\">ISE 2019: Beyerdynamic UNITE TH \u2013 handheld transmitter<\/h3>\t\t\t\t<\/div>\n\t\t\t\t<\/div>\n\t\t\t\t<div class=\"elementor-element elementor-element-d9d36c7 elementor-widget elementor-widget-image\" data-id=\"d9d36c7\" data-element_type=\"widget\" data-widget_type=\"image.default\">\n\t\t\t\t<div class=\"elementor-widget-container\">\n\t\t\t\t\t\t\t\t\t\t\t\t\t\t\t<img loading=\"lazy\" decoding=\"async\" width=\"768\" height=\"1024\" src=\"https:\/\/konferenztechnik.de\/wp-content\/uploads\/2019\/02\/Byerdynamic-UNITE_TH-Handsender-768x1024.jpg\" class=\"attachment-large size-large wp-image-14689\" alt=\"Byerdynamic-UNITE_TH handheld transmitter\" srcset=\"https:\/\/konferenztechnik.de\/wp-content\/uploads\/2019\/02\/Byerdynamic-UNITE_TH-Handsender-768x1024.jpg 768w, https:\/\/konferenztechnik.de\/wp-content\/uploads\/2019\/02\/Byerdynamic-UNITE_TH-Handsender-225x300.jpg 225w, https:\/\/konferenztechnik.de\/wp-content\/uploads\/2019\/02\/Byerdynamic-UNITE_TH-Handsender.jpg 1000w\" sizes=\"(max-width: 768px) 100vw, 768px\" title=\"\">\t\t\t\t\t\t\t\t\t\t\t\t\t\t\t<\/div>\n\t\t\t\t<\/div>\n\t\t\t\t<div class=\"elementor-element elementor-element-318ced5 elementor-widget__width-initial elementor-widget elementor-widget-text-editor\" data-id=\"318ced5\" data-element_type=\"widget\" data-widget_type=\"text-editor.default\">\n\t\t\t\t<div class=\"elementor-widget-container\">\n\t\t\t\t\t\t\t\t\t<p>UNITE, Beyerdynamic's new conference and leadership system, is getting the final touches: In a few weeks, the handheld transmitter\/handheld microphone will now also be available.<\/p>\t\t\t\t\t\t\t\t<\/div>\n\t\t\t\t<\/div>\n\t\t\t\t<div class=\"elementor-element elementor-element-622159a elementor-widget-divider--view-line elementor-widget elementor-widget-divider\" data-id=\"622159a\" data-element_type=\"widget\" data-widget_type=\"divider.default\">\n\t\t\t\t<div class=\"elementor-widget-container\">\n\t\t\t\t\t\t\t<div class=\"elementor-divider\">\n\t\t\t<span class=\"elementor-divider-separator\">\n\t\t\t\t\t\t<\/span>\n\t\t<\/div>\n\t\t\t\t\t\t<\/div>\n\t\t\t\t<\/div>\n\t\t\t\t<div class=\"elementor-element elementor-element-d3b5270 elementor-widget elementor-widget-image\" data-id=\"d3b5270\" data-element_type=\"widget\" data-widget_type=\"image.default\">\n\t\t\t\t<div class=\"elementor-widget-container\">\n\t\t\t\t\t\t\t\t\t\t\t\t\t\t\t<img loading=\"lazy\" decoding=\"async\" width=\"800\" height=\"552\" src=\"https:\/\/konferenztechnik.de\/wp-content\/uploads\/2019\/02\/beyerdynamic-unite-access-point-1-1024x707.jpg\" class=\"attachment-large size-large wp-image-14705\" alt=\"beyerdynamic-unite-access-point-1\" srcset=\"https:\/\/konferenztechnik.de\/wp-content\/uploads\/2019\/02\/beyerdynamic-unite-access-point-1-1024x707.jpg 1024w, https:\/\/konferenztechnik.de\/wp-content\/uploads\/2019\/02\/beyerdynamic-unite-access-point-1-300x207.jpg 300w, https:\/\/konferenztechnik.de\/wp-content\/uploads\/2019\/02\/beyerdynamic-unite-access-point-1-768x530.jpg 768w, https:\/\/konferenztechnik.de\/wp-content\/uploads\/2019\/02\/beyerdynamic-unite-access-point-1-1536x1061.jpg 1536w, https:\/\/konferenztechnik.de\/wp-content\/uploads\/2019\/02\/beyerdynamic-unite-access-point-1.jpg 2016w\" sizes=\"(max-width: 800px) 100vw, 800px\" title=\"\">\t\t\t\t\t\t\t\t\t\t\t\t\t\t\t<\/div>\n\t\t\t\t<\/div>\n\t\t\t\t<div class=\"elementor-element elementor-element-6095b00 elementor-widget__width-initial elementor-widget elementor-widget-text-editor\" data-id=\"6095b00\" data-element_type=\"widget\" data-widget_type=\"text-editor.default\">\n\t\t\t\t<div class=\"elementor-widget-container\">\n\t\t\t\t\t\t\t\t\t<p>For stationary use of the UNITE as a conference system in a congress hall, a so-called access point is recommended. The stationary transmitter transmits the sound (original sound \u2013 also for barrier-free transmission \u2013 as well as interpretation channels) to the receivers of all listeners.<\/p>\t\t\t\t\t\t\t\t<\/div>\n\t\t\t\t<\/div>\n\t\t\t\t<div class=\"elementor-element elementor-element-e6df1e9 elementor-widget elementor-widget-image\" data-id=\"e6df1e9\" data-element_type=\"widget\" data-widget_type=\"image.default\">\n\t\t\t\t<div class=\"elementor-widget-container\">\n\t\t\t\t\t\t\t\t\t\t\t\t\t\t\t<img loading=\"lazy\" decoding=\"async\" width=\"800\" height=\"743\" src=\"https:\/\/konferenztechnik.de\/wp-content\/uploads\/2019\/02\/beyerdynamic-unite-access-point-2-1024x951.jpg\" class=\"attachment-large size-large wp-image-14707\" alt=\"beyerdynamic-unite-access-point-2\" srcset=\"https:\/\/konferenztechnik.de\/wp-content\/uploads\/2019\/02\/beyerdynamic-unite-access-point-2-1024x951.jpg 1024w, https:\/\/konferenztechnik.de\/wp-content\/uploads\/2019\/02\/beyerdynamic-unite-access-point-2-300x279.jpg 300w, https:\/\/konferenztechnik.de\/wp-content\/uploads\/2019\/02\/beyerdynamic-unite-access-point-2-768x713.jpg 768w, https:\/\/konferenztechnik.de\/wp-content\/uploads\/2019\/02\/beyerdynamic-unite-access-point-2-1536x1426.jpg 1536w, https:\/\/konferenztechnik.de\/wp-content\/uploads\/2019\/02\/beyerdynamic-unite-access-point-2-2048x1902.jpg 2048w\" sizes=\"(max-width: 800px) 100vw, 800px\" title=\"\">\t\t\t\t\t\t\t\t\t\t\t\t\t\t\t<\/div>\n\t\t\t\t<\/div>\n\t\t\t\t<div class=\"elementor-element elementor-element-cfcf88f elementor-widget-divider--view-line elementor-widget elementor-widget-divider\" data-id=\"cfcf88f\" data-element_type=\"widget\" data-widget_type=\"divider.default\">\n\t\t\t\t<div class=\"elementor-widget-container\">\n\t\t\t\t\t\t\t<div class=\"elementor-divider\">\n\t\t\t<span class=\"elementor-divider-separator\">\n\t\t\t\t\t\t<\/span>\n\t\t<\/div>\n\t\t\t\t\t\t<\/div>\n\t\t\t\t<\/div>\n\t\t\t\t<div class=\"elementor-element elementor-element-9d5018e elementor-widget__width-initial elementor-widget elementor-widget-heading\" data-id=\"9d5018e\" data-element_type=\"widget\" data-settings=\"{&quot;_animation&quot;:&quot;none&quot;}\" data-widget_type=\"heading.default\">\n\t\t\t\t<div class=\"elementor-widget-container\">\n\t\t\t\t\t<h3 class=\"elementor-heading-title elementor-size-default\">Induction loops for the coupling of hearing aids<\/h3>\t\t\t\t<\/div>\n\t\t\t\t<\/div>\n\t\t\t\t<div class=\"elementor-element elementor-element-a5ce14b elementor-widget elementor-widget-image\" data-id=\"a5ce14b\" data-element_type=\"widget\" data-widget_type=\"image.default\">\n\t\t\t\t<div class=\"elementor-widget-container\">\n\t\t\t\t\t\t\t\t\t\t\t\t\t\t\t<img loading=\"lazy\" decoding=\"async\" width=\"800\" height=\"892\" src=\"https:\/\/konferenztechnik.de\/wp-content\/uploads\/2019\/02\/beyerdynamic-induktionsschlinge-918x1024.jpg\" class=\"attachment-large size-large wp-image-14710\" alt=\"beyerdynamic induction loop\" srcset=\"https:\/\/konferenztechnik.de\/wp-content\/uploads\/2019\/02\/beyerdynamic-induktionsschlinge-918x1024.jpg 918w, https:\/\/konferenztechnik.de\/wp-content\/uploads\/2019\/02\/beyerdynamic-induktionsschlinge-269x300.jpg 269w, https:\/\/konferenztechnik.de\/wp-content\/uploads\/2019\/02\/beyerdynamic-induktionsschlinge-768x856.jpg 768w, https:\/\/konferenztechnik.de\/wp-content\/uploads\/2019\/02\/beyerdynamic-induktionsschlinge.jpg 1200w\" sizes=\"(max-width: 800px) 100vw, 800px\" title=\"\">\t\t\t\t\t\t\t\t\t\t\t\t\t\t\t<\/div>\n\t\t\t\t<\/div>\n\t\t\t\t<div class=\"elementor-element elementor-element-f05fbb2 elementor-widget__width-initial elementor-widget elementor-widget-text-editor\" data-id=\"f05fbb2\" data-element_type=\"widget\" data-widget_type=\"text-editor.default\">\n\t\t\t\t<div class=\"elementor-widget-container\">\n\t\t\t\t\t\t\t\t\t<p>To ensure barrier-free hearing, the UNITE receivers can also be operated with induction loops. The induction loops connect to the hearing aid via induction, i.e. wirelessly. This means that participants with hearing aids can also listen to lectures, speeches or presentations without any problems.<\/p>\t\t\t\t\t\t\t\t<\/div>\n\t\t\t\t<\/div>\n\t\t\t\t<div class=\"elementor-element elementor-element-8cfd6a0 elementor-widget-divider--view-line elementor-widget elementor-widget-divider\" data-id=\"8cfd6a0\" data-element_type=\"widget\" data-widget_type=\"divider.default\">\n\t\t\t\t<div class=\"elementor-widget-container\">\n\t\t\t\t\t\t\t<div class=\"elementor-divider\">\n\t\t\t<span class=\"elementor-divider-separator\">\n\t\t\t\t\t\t<\/span>\n\t\t<\/div>\n\t\t\t\t\t\t<\/div>\n\t\t\t\t<\/div>\n\t\t\t\t<div class=\"elementor-element elementor-element-7316552 elementor-widget__width-initial elementor-widget elementor-widget-heading\" data-id=\"7316552\" data-element_type=\"widget\" data-settings=\"{&quot;_animation&quot;:&quot;none&quot;}\" data-widget_type=\"heading.default\">\n\t\t\t\t<div class=\"elementor-widget-container\">\n\t\t\t\t\t<h3 class=\"elementor-heading-title elementor-size-default\">Charging bars for Beyerdynamic UNITE<\/h3>\t\t\t\t<\/div>\n\t\t\t\t<\/div>\n\t\t\t\t<div class=\"elementor-element elementor-element-2114094 elementor-widget elementor-widget-image\" data-id=\"2114094\" data-element_type=\"widget\" data-widget_type=\"image.default\">\n\t\t\t\t<div class=\"elementor-widget-container\">\n\t\t\t\t\t\t\t\t\t\t\t\t\t\t\t<img loading=\"lazy\" decoding=\"async\" width=\"800\" height=\"424\" src=\"https:\/\/konferenztechnik.de\/wp-content\/uploads\/2019\/02\/Byerdynamic-UNITE-Ladeschienen-1024x543.jpg\" class=\"attachment-large size-large wp-image-14696\" alt=\"Byerdynamic-UNITE charging bars\" srcset=\"https:\/\/konferenztechnik.de\/wp-content\/uploads\/2019\/02\/Byerdynamic-UNITE-Ladeschienen-1024x543.jpg 1024w, https:\/\/konferenztechnik.de\/wp-content\/uploads\/2019\/02\/Byerdynamic-UNITE-Ladeschienen-300x159.jpg 300w, https:\/\/konferenztechnik.de\/wp-content\/uploads\/2019\/02\/Byerdynamic-UNITE-Ladeschienen-768x407.jpg 768w, https:\/\/konferenztechnik.de\/wp-content\/uploads\/2019\/02\/Byerdynamic-UNITE-Ladeschienen.jpg 1200w\" sizes=\"(max-width: 800px) 100vw, 800px\" title=\"\">\t\t\t\t\t\t\t\t\t\t\t\t\t\t\t<\/div>\n\t\t\t\t<\/div>\n\t\t\t\t<div class=\"elementor-element elementor-element-9d3c9de elementor-widget__width-initial elementor-widget elementor-widget-text-editor\" data-id=\"9d3c9de\" data-element_type=\"widget\" data-widget_type=\"text-editor.default\">\n\t\t\t\t<div class=\"elementor-widget-container\">\n\t\t\t\t\t\t\t\t\t<p>The 19-inch charging rail rounds off the range of UNITE components. Here, up to 12 receivers can be charged per charging rail. For larger numbers of receivers, you can simply mount several rails on top of each other, ideally perhaps in a rollcase\/rollrack.<\/p>\t\t\t\t\t\t\t\t<\/div>\n\t\t\t\t<\/div>\n\t\t\t\t<div class=\"elementor-element elementor-element-b578e21 elementor-widget-divider--view-line elementor-widget elementor-widget-divider\" data-id=\"b578e21\" data-element_type=\"widget\" data-widget_type=\"divider.default\">\n\t\t\t\t<div class=\"elementor-widget-container\">\n\t\t\t\t\t\t\t<div class=\"elementor-divider\">\n\t\t\t<span class=\"elementor-divider-separator\">\n\t\t\t\t\t\t<\/span>\n\t\t<\/div>\n\t\t\t\t\t\t<\/div>\n\t\t\t\t<\/div>\n\t\t\t\t<div class=\"elementor-element elementor-element-91eac93 elementor-widget__width-initial elementor-widget elementor-widget-heading\" data-id=\"91eac93\" data-element_type=\"widget\" data-settings=\"{&quot;_animation&quot;:&quot;none&quot;}\" data-widget_type=\"heading.default\">\n\t\t\t\t<div class=\"elementor-widget-container\">\n\t\t\t\t\t<h3 class=\"elementor-heading-title elementor-size-default\">Remote Interpreting<\/h3>\t\t\t\t<\/div>\n\t\t\t\t<\/div>\n\t\t\t\t<div class=\"elementor-element elementor-element-ac16705 elementor-widget__width-initial elementor-widget elementor-widget-text-editor\" data-id=\"ac16705\" data-element_type=\"widget\" data-widget_type=\"text-editor.default\">\n\t\t\t\t<div class=\"elementor-widget-container\">\n\t\t\t\t\t\t\t\t\t<p>Now we have seen here at ISE 2019 some newer hardware solutions to interpreter systems, there we stumble but \u2013 because still somewhat timidly hidden \u2013 also about a software solution to it.<\/p><p>The provider KUDO has developed software that allows interpreting services to be added to a conference remotely.<\/p>\t\t\t\t\t\t\t\t<\/div>\n\t\t\t\t<\/div>\n\t\t\t\t<div class=\"elementor-element elementor-element-d23a1b0 elementor-widget elementor-widget-image\" data-id=\"d23a1b0\" data-element_type=\"widget\" data-widget_type=\"image.default\">\n\t\t\t\t<div class=\"elementor-widget-container\">\n\t\t\t\t\t\t\t\t\t\t\t\t\t\t\t<img loading=\"lazy\" decoding=\"async\" width=\"800\" height=\"540\" src=\"https:\/\/konferenztechnik.de\/wp-content\/uploads\/2019\/02\/remote-interpreting-kudo-1024x691.jpg\" class=\"attachment-large size-large wp-image-14746\" alt=\"remote-interpreting-kudo\" srcset=\"https:\/\/konferenztechnik.de\/wp-content\/uploads\/2019\/02\/remote-interpreting-kudo-1024x691.jpg 1024w, https:\/\/konferenztechnik.de\/wp-content\/uploads\/2019\/02\/remote-interpreting-kudo-300x203.jpg 300w, https:\/\/konferenztechnik.de\/wp-content\/uploads\/2019\/02\/remote-interpreting-kudo-768x518.jpg 768w, https:\/\/konferenztechnik.de\/wp-content\/uploads\/2019\/02\/remote-interpreting-kudo.jpg 1200w\" sizes=\"(max-width: 800px) 100vw, 800px\" title=\"\">\t\t\t\t\t\t\t\t\t\t\t\t\t\t\t<\/div>\n\t\t\t\t<\/div>\n\t\t\t\t<div class=\"elementor-element elementor-element-41c58f1 elementor-widget__width-initial elementor-widget elementor-widget-text-editor\" data-id=\"41c58f1\" data-element_type=\"widget\" data-widget_type=\"text-editor.default\">\n\t\t\t\t<div class=\"elementor-widget-container\">\n\t\t\t\t\t\t\t\t\t<p>As we reported earlier on the subject of \"remote interpreting\" (simultaneous interpreting regardless of location), for some time now interpreters have been added to court hearings or medical care in order to ensure understanding.<\/p><p>With ever better data lines and corresponding standardization in the new standards such as ISO 20108, this remote interpreting should also be extended to the conference sector. In addition to various device solutions, software could also be used for this purpose.<\/p>\t\t\t\t\t\t\t\t<\/div>\n\t\t\t\t<\/div>\n\t\t\t\t<div class=\"elementor-element elementor-element-3babb05 elementor-widget-divider--view-line elementor-widget elementor-widget-divider\" data-id=\"3babb05\" data-element_type=\"widget\" data-widget_type=\"divider.default\">\n\t\t\t\t<div class=\"elementor-widget-container\">\n\t\t\t\t\t\t\t<div class=\"elementor-divider\">\n\t\t\t<span class=\"elementor-divider-separator\">\n\t\t\t\t\t\t<\/span>\n\t\t<\/div>\n\t\t\t\t\t\t<\/div>\n\t\t\t\t<\/div>\n\t\t\t\t<div class=\"elementor-element elementor-element-441b1f3 elementor-widget__width-initial elementor-widget elementor-widget-heading\" data-id=\"441b1f3\" data-element_type=\"widget\" data-settings=\"{&quot;_animation&quot;:&quot;none&quot;}\" data-widget_type=\"heading.default\">\n\t\t\t\t<div class=\"elementor-widget-container\">\n\t\t\t\t\t<h3 class=\"elementor-heading-title elementor-size-default\">New projector housing from Audipack<\/h3>\t\t\t\t<\/div>\n\t\t\t\t<\/div>\n\t\t\t\t<div class=\"elementor-element elementor-element-6f66b66 elementor-widget elementor-widget-image\" data-id=\"6f66b66\" data-element_type=\"widget\" data-widget_type=\"image.default\">\n\t\t\t\t<div class=\"elementor-widget-container\">\n\t\t\t\t\t\t\t\t\t\t\t\t\t\t\t<img loading=\"lazy\" decoding=\"async\" width=\"800\" height=\"709\" src=\"https:\/\/konferenztechnik.de\/wp-content\/uploads\/2019\/02\/Audipack-Projector-Outdoor-housing-1-1-1024x908.jpg\" class=\"attachment-large size-large wp-image-14654\" alt=\"Audipack-Projector-Outdoor-housing-1\" srcset=\"https:\/\/konferenztechnik.de\/wp-content\/uploads\/2019\/02\/Audipack-Projector-Outdoor-housing-1-1-1024x908.jpg 1024w, https:\/\/konferenztechnik.de\/wp-content\/uploads\/2019\/02\/Audipack-Projector-Outdoor-housing-1-1-300x266.jpg 300w, https:\/\/konferenztechnik.de\/wp-content\/uploads\/2019\/02\/Audipack-Projector-Outdoor-housing-1-1-768x681.jpg 768w, https:\/\/konferenztechnik.de\/wp-content\/uploads\/2019\/02\/Audipack-Projector-Outdoor-housing-1-1-1536x1361.jpg 1536w, https:\/\/konferenztechnik.de\/wp-content\/uploads\/2019\/02\/Audipack-Projector-Outdoor-housing-1-1.jpg 1584w\" sizes=\"(max-width: 800px) 100vw, 800px\" title=\"\">\t\t\t\t\t\t\t\t\t\t\t\t\t\t\t<\/div>\n\t\t\t\t<\/div>\n\t\t\t\t<div class=\"elementor-element elementor-element-f5ec631 elementor-widget__width-initial elementor-widget elementor-widget-text-editor\" data-id=\"f5ec631\" data-element_type=\"widget\" data-widget_type=\"text-editor.default\">\n\t\t\t\t<div class=\"elementor-widget-container\">\n\t\t\t\t\t\t\t\t\t<p>Audipack launches a very interesting standard housing for projectors. Areas of application are opera, theaters, universities, churches or other buildings where the fan noise should be extremely quiet. There are only a few parameters to consider when ordering. The housings can be delivered very quickly from the date of release.<\/p><p>Until today, housings for projectors were mostly complex custom-made products with long delivery times.<\/p><p><b>Update:<\/b> Only the prototypes can be seen at the trade show so far. As soon as the housings are available for order, we will of course offer them. Just ask us!<\/p>\t\t\t\t\t\t\t\t<\/div>\n\t\t\t\t<\/div>\n\t\t\t\t<div class=\"elementor-element elementor-element-8d09b28 elementor-widget elementor-widget-image\" data-id=\"8d09b28\" data-element_type=\"widget\" data-widget_type=\"image.default\">\n\t\t\t\t<div class=\"elementor-widget-container\">\n\t\t\t\t\t\t\t\t\t\t\t\t\t\t\t<img loading=\"lazy\" decoding=\"async\" width=\"800\" height=\"591\" src=\"https:\/\/konferenztechnik.de\/wp-content\/uploads\/2019\/02\/Audipack-Projector-Outdoor-housing-2-1024x756.jpg\" class=\"attachment-large size-large wp-image-14655\" alt=\"Audipack-Projector-Outdoor-housing-2\" srcset=\"https:\/\/konferenztechnik.de\/wp-content\/uploads\/2019\/02\/Audipack-Projector-Outdoor-housing-2-1024x756.jpg 1024w, https:\/\/konferenztechnik.de\/wp-content\/uploads\/2019\/02\/Audipack-Projector-Outdoor-housing-2-300x221.jpg 300w, https:\/\/konferenztechnik.de\/wp-content\/uploads\/2019\/02\/Audipack-Projector-Outdoor-housing-2-768x567.jpg 768w, https:\/\/konferenztechnik.de\/wp-content\/uploads\/2019\/02\/Audipack-Projector-Outdoor-housing-2-1536x1134.jpg 1536w, https:\/\/konferenztechnik.de\/wp-content\/uploads\/2019\/02\/Audipack-Projector-Outdoor-housing-2-2048x1512.jpg 2048w\" sizes=\"(max-width: 800px) 100vw, 800px\" title=\"\">\t\t\t\t\t\t\t\t\t\t\t\t\t\t\t<\/div>\n\t\t\t\t<\/div>\n\t\t\t\t<div class=\"elementor-element elementor-element-112c07a elementor-widget__width-initial elementor-widget elementor-widget-text-editor\" data-id=\"112c07a\" data-element_type=\"widget\" data-widget_type=\"text-editor.default\">\n\t\t\t\t<div class=\"elementor-widget-container\">\n\t\t\t\t\t\t\t\t\t<p>In the interior very well to see: Cooling, fans as well as protection of the power supply. The bottom plate is extendable for service and exchange of the projectors.<\/p>\t\t\t\t\t\t\t\t<\/div>\n\t\t\t\t<\/div>\n\t\t\t\t<div class=\"elementor-element elementor-element-6cd0621 elementor-widget-divider--view-line elementor-widget elementor-widget-divider\" data-id=\"6cd0621\" data-element_type=\"widget\" data-widget_type=\"divider.default\">\n\t\t\t\t<div class=\"elementor-widget-container\">\n\t\t\t\t\t\t\t<div class=\"elementor-divider\">\n\t\t\t<span class=\"elementor-divider-separator\">\n\t\t\t\t\t\t<\/span>\n\t\t<\/div>\n\t\t\t\t\t\t<\/div>\n\t\t\t\t<\/div>\n\t\t\t\t<div class=\"elementor-element elementor-element-39c9096 elementor-widget__width-initial elementor-widget elementor-widget-heading\" data-id=\"39c9096\" data-element_type=\"widget\" data-settings=\"{&quot;_animation&quot;:&quot;none&quot;}\" data-widget_type=\"heading.default\">\n\t\t\t\t<div class=\"elementor-widget-container\">\n\t\t\t\t\t<h3 class=\"elementor-heading-title elementor-size-default\">Audipack Q-Fix projector mount<\/h3>\t\t\t\t<\/div>\n\t\t\t\t<\/div>\n\t\t\t\t<div class=\"elementor-element elementor-element-5976f1b elementor-widget elementor-widget-image\" data-id=\"5976f1b\" data-element_type=\"widget\" data-widget_type=\"image.default\">\n\t\t\t\t<div class=\"elementor-widget-container\">\n\t\t\t\t\t\t\t\t\t\t\t\t\t\t\t<img loading=\"lazy\" decoding=\"async\" width=\"800\" height=\"860\" src=\"https:\/\/konferenztechnik.de\/wp-content\/uploads\/2019\/02\/Audipack-Qfix-projector-mounts-1-953x1024.jpg\" class=\"attachment-large size-large wp-image-14660\" alt=\"Audipack QFix projector mounts\" srcset=\"https:\/\/konferenztechnik.de\/wp-content\/uploads\/2019\/02\/Audipack-Qfix-projector-mounts-1-953x1024.jpg 953w, https:\/\/konferenztechnik.de\/wp-content\/uploads\/2019\/02\/Audipack-Qfix-projector-mounts-1-279x300.jpg 279w, https:\/\/konferenztechnik.de\/wp-content\/uploads\/2019\/02\/Audipack-Qfix-projector-mounts-1-768x825.jpg 768w, https:\/\/konferenztechnik.de\/wp-content\/uploads\/2019\/02\/Audipack-Qfix-projector-mounts-1.jpg 1000w\" sizes=\"(max-width: 800px) 100vw, 800px\" title=\"\">\t\t\t\t\t\t\t\t\t\t\t\t\t\t\t<\/div>\n\t\t\t\t<\/div>\n\t\t\t\t<div class=\"elementor-element elementor-element-d6ba8af elementor-widget__width-initial elementor-widget elementor-widget-text-editor\" data-id=\"d6ba8af\" data-element_type=\"widget\" data-widget_type=\"text-editor.default\">\n\t\t\t\t<div class=\"elementor-widget-container\">\n\t\t\t\t\t\t\t\t\t<p>More and more manufacturers offer projectors with standardized 4-point holes distributed rectangularly on the bottom. This is met by the new simpler bracket from Audipack, which allows easy and standardized mounting of the projectors<\/p>\t\t\t\t\t\t\t\t<\/div>\n\t\t\t\t<\/div>\n\t\t\t\t<div class=\"elementor-element elementor-element-81d8af1 elementor-widget-divider--view-line elementor-widget elementor-widget-divider\" data-id=\"81d8af1\" data-element_type=\"widget\" data-widget_type=\"divider.default\">\n\t\t\t\t<div class=\"elementor-widget-container\">\n\t\t\t\t\t\t\t<div class=\"elementor-divider\">\n\t\t\t<span class=\"elementor-divider-separator\">\n\t\t\t\t\t\t<\/span>\n\t\t<\/div>\n\t\t\t\t\t\t<\/div>\n\t\t\t\t<\/div>\n\t\t\t\t<div class=\"elementor-element elementor-element-1f41e8a elementor-widget__width-initial elementor-widget elementor-widget-heading\" data-id=\"1f41e8a\" data-element_type=\"widget\" data-settings=\"{&quot;_animation&quot;:&quot;none&quot;}\" data-widget_type=\"heading.default\">\n\t\t\t\t<div class=\"elementor-widget-container\">\n\t\t\t\t\t<h3 class=\"elementor-heading-title elementor-size-default\">Audipack LED Display Wall Mounts<\/h3>\t\t\t\t<\/div>\n\t\t\t\t<\/div>\n\t\t\t\t<div class=\"elementor-element elementor-element-f87376c elementor-widget elementor-widget-image\" data-id=\"f87376c\" data-element_type=\"widget\" data-widget_type=\"image.default\">\n\t\t\t\t<div class=\"elementor-widget-container\">\n\t\t\t\t\t\t\t\t\t\t\t\t\t\t\t<img loading=\"lazy\" decoding=\"async\" width=\"800\" height=\"600\" src=\"https:\/\/konferenztechnik.de\/wp-content\/uploads\/2019\/02\/Audipack-LED-Display-wall-mounts-1.jpg\" class=\"attachment-large size-large wp-image-14664\" alt=\"Audipack-LED-Display-wall-mounts-1\" srcset=\"https:\/\/konferenztechnik.de\/wp-content\/uploads\/2019\/02\/Audipack-LED-Display-wall-mounts-1.jpg 1000w, https:\/\/konferenztechnik.de\/wp-content\/uploads\/2019\/02\/Audipack-LED-Display-wall-mounts-1-300x225.jpg 300w, https:\/\/konferenztechnik.de\/wp-content\/uploads\/2019\/02\/Audipack-LED-Display-wall-mounts-1-768x576.jpg 768w\" sizes=\"(max-width: 800px) 100vw, 800px\" title=\"\">\t\t\t\t\t\t\t\t\t\t\t\t\t\t\t<\/div>\n\t\t\t\t<\/div>\n\t\t\t\t<div class=\"elementor-element elementor-element-5f958a6 elementor-widget__width-initial elementor-widget elementor-widget-text-editor\" data-id=\"5f958a6\" data-element_type=\"widget\" data-widget_type=\"text-editor.default\">\n\t\t\t\t<div class=\"elementor-widget-container\">\n\t\t\t\t\t\t\t\t\t<p>For lighter LED displays, there are now even easier wall mounting options: simply mount two rails to the right and left of the wall, attach two more rails to the monitor and then simply hang \u2013 done.<\/p>\t\t\t\t\t\t\t\t<\/div>\n\t\t\t\t<\/div>\n\t\t\t\t<div class=\"elementor-element elementor-element-caaac97 elementor-widget elementor-widget-image\" data-id=\"caaac97\" data-element_type=\"widget\" data-widget_type=\"image.default\">\n\t\t\t\t<div class=\"elementor-widget-container\">\n\t\t\t\t\t\t\t\t\t\t\t\t\t\t\t<img loading=\"lazy\" decoding=\"async\" width=\"800\" height=\"626\" src=\"https:\/\/konferenztechnik.de\/wp-content\/uploads\/2019\/02\/Audipack-LED-Display-wall-mounts-2-1.jpg\" class=\"attachment-large size-large wp-image-14670\" alt=\"Audipack-LED-Display-wall-mounts-\" srcset=\"https:\/\/konferenztechnik.de\/wp-content\/uploads\/2019\/02\/Audipack-LED-Display-wall-mounts-2-1.jpg 1000w, https:\/\/konferenztechnik.de\/wp-content\/uploads\/2019\/02\/Audipack-LED-Display-wall-mounts-2-1-300x235.jpg 300w, https:\/\/konferenztechnik.de\/wp-content\/uploads\/2019\/02\/Audipack-LED-Display-wall-mounts-2-1-768x601.jpg 768w\" sizes=\"(max-width: 800px) 100vw, 800px\" title=\"\">\t\t\t\t\t\t\t\t\t\t\t\t\t\t\t<\/div>\n\t\t\t\t<\/div>\n\t\t\t\t<div class=\"elementor-element elementor-element-09d3e3b elementor-widget-divider--view-line elementor-widget elementor-widget-divider\" data-id=\"09d3e3b\" data-element_type=\"widget\" data-widget_type=\"divider.default\">\n\t\t\t\t<div class=\"elementor-widget-container\">\n\t\t\t\t\t\t\t<div class=\"elementor-divider\">\n\t\t\t<span class=\"elementor-divider-separator\">\n\t\t\t\t\t\t<\/span>\n\t\t<\/div>\n\t\t\t\t\t\t<\/div>\n\t\t\t\t<\/div>\n\t\t\t\t<div class=\"elementor-element elementor-element-f21cd7e elementor-widget__width-initial elementor-widget elementor-widget-heading\" data-id=\"f21cd7e\" data-element_type=\"widget\" data-settings=\"{&quot;_animation&quot;:&quot;none&quot;}\" data-widget_type=\"heading.default\">\n\t\t\t\t<div class=\"elementor-widget-container\">\n\t\t\t\t\t<h3 class=\"elementor-heading-title elementor-size-default\">Audipack display floor stand with integrated soundbar<\/h3>\t\t\t\t<\/div>\n\t\t\t\t<\/div>\n\t\t\t\t<div class=\"elementor-element elementor-element-c032ef4 elementor-widget elementor-widget-image\" data-id=\"c032ef4\" data-element_type=\"widget\" data-widget_type=\"image.default\">\n\t\t\t\t<div class=\"elementor-widget-container\">\n\t\t\t\t\t\t\t\t\t\t\t\t\t\t\t<img loading=\"lazy\" decoding=\"async\" width=\"800\" height=\"533\" src=\"https:\/\/konferenztechnik.de\/wp-content\/uploads\/2019\/02\/audipack-ceiling-floor-stand-soundbar-floor.jpg\" class=\"attachment-large size-large wp-image-14672\" alt=\"audipack-ceiling-floor-stand-soundbar-floor\" srcset=\"https:\/\/konferenztechnik.de\/wp-content\/uploads\/2019\/02\/audipack-ceiling-floor-stand-soundbar-floor.jpg 1000w, https:\/\/konferenztechnik.de\/wp-content\/uploads\/2019\/02\/audipack-ceiling-floor-stand-soundbar-floor-300x200.jpg 300w, https:\/\/konferenztechnik.de\/wp-content\/uploads\/2019\/02\/audipack-ceiling-floor-stand-soundbar-floor-768x511.jpg 768w\" sizes=\"(max-width: 800px) 100vw, 800px\" title=\"\">\t\t\t\t\t\t\t\t\t\t\t\t\t\t\t<\/div>\n\t\t\t\t<\/div>\n\t\t\t\t<div class=\"elementor-element elementor-element-c338e1b elementor-widget__width-initial elementor-widget elementor-widget-text-editor\" data-id=\"c338e1b\" data-element_type=\"widget\" data-widget_type=\"text-editor.default\">\n\t\t\t\t<div class=\"elementor-widget-container\">\n\t\t\t\t\t\t\t\t\t<p>Floor stand with integrated soundbar. This looks good and is also an interesting option for playing audio in digital signage mode.<\/p>\t\t\t\t\t\t\t\t<\/div>\n\t\t\t\t<\/div>\n\t\t\t\t<div class=\"elementor-element elementor-element-8c7f790 elementor-widget-divider--view-line elementor-widget elementor-widget-divider\" data-id=\"8c7f790\" data-element_type=\"widget\" data-widget_type=\"divider.default\">\n\t\t\t\t<div class=\"elementor-widget-container\">\n\t\t\t\t\t\t\t<div class=\"elementor-divider\">\n\t\t\t<span class=\"elementor-divider-separator\">\n\t\t\t\t\t\t<\/span>\n\t\t<\/div>\n\t\t\t\t\t\t<\/div>\n\t\t\t\t<\/div>\n\t\t\t\t<div class=\"elementor-element elementor-element-8bc4f61 elementor-widget__width-initial elementor-widget elementor-widget-heading\" data-id=\"8bc4f61\" data-element_type=\"widget\" data-settings=\"{&quot;_animation&quot;:&quot;none&quot;}\" data-widget_type=\"heading.default\">\n\t\t\t\t<div class=\"elementor-widget-container\">\n\t\t\t\t\t<h3 class=\"elementor-heading-title elementor-size-default\">Audipack 800-series floor stand now 2 meters high<\/h3>\t\t\t\t<\/div>\n\t\t\t\t<\/div>\n\t\t\t\t<div class=\"elementor-element elementor-element-217a6dc elementor-widget elementor-widget-image\" data-id=\"217a6dc\" data-element_type=\"widget\" data-widget_type=\"image.default\">\n\t\t\t\t<div class=\"elementor-widget-container\">\n\t\t\t\t\t\t\t\t\t\t\t\t\t\t\t<img loading=\"lazy\" decoding=\"async\" width=\"768\" height=\"1024\" src=\"https:\/\/konferenztechnik.de\/wp-content\/uploads\/2019\/02\/audipack-ceiling-floor-stand-800-768x1024.jpg\" class=\"attachment-large size-large wp-image-14677\" alt=\"\" srcset=\"https:\/\/konferenztechnik.de\/wp-content\/uploads\/2019\/02\/audipack-ceiling-floor-stand-800-768x1024.jpg 768w, https:\/\/konferenztechnik.de\/wp-content\/uploads\/2019\/02\/audipack-ceiling-floor-stand-800-225x300.jpg 225w, https:\/\/konferenztechnik.de\/wp-content\/uploads\/2019\/02\/audipack-ceiling-floor-stand-800.jpg 1000w\" sizes=\"(max-width: 768px) 100vw, 768px\" title=\"\">\t\t\t\t\t\t\t\t\t\t\t\t\t\t\t<\/div>\n\t\t\t\t<\/div>\n\t\t\t\t<div class=\"elementor-element elementor-element-591fc5d elementor-widget__width-initial elementor-widget elementor-widget-text-editor\" data-id=\"591fc5d\" data-element_type=\"widget\" data-widget_type=\"text-editor.default\">\n\t\t\t\t<div class=\"elementor-widget-container\">\n\t\t\t\t\t\t\t\t\t<p>The Audipack 800-series stand is now 2 meters high as standard. Previously it had a height of 1.8 meters. The cable shaft at the rear has separate cable ducts that are closed with a cover flap.<\/p>\t\t\t\t\t\t\t\t<\/div>\n\t\t\t\t<\/div>\n\t\t\t\t<div class=\"elementor-element elementor-element-d406405 elementor-widget-divider--view-line elementor-widget elementor-widget-divider\" data-id=\"d406405\" data-element_type=\"widget\" data-widget_type=\"divider.default\">\n\t\t\t\t<div class=\"elementor-widget-container\">\n\t\t\t\t\t\t\t<div class=\"elementor-divider\">\n\t\t\t<span class=\"elementor-divider-separator\">\n\t\t\t\t\t\t<\/span>\n\t\t<\/div>\n\t\t\t\t\t\t<\/div>\n\t\t\t\t<\/div>\n\t\t\t\t<div class=\"elementor-element elementor-element-cca96f0 elementor-widget__width-initial elementor-widget elementor-widget-heading\" data-id=\"cca96f0\" data-element_type=\"widget\" data-settings=\"{&quot;_animation&quot;:&quot;none&quot;}\" data-widget_type=\"heading.default\">\n\t\t\t\t<div class=\"elementor-widget-container\">\n\t\t\t\t\t<h3 class=\"elementor-heading-title elementor-size-default\">Audipack silent 9600 \u2013 ISO certified interpreting booth<\/h3>\t\t\t\t<\/div>\n\t\t\t\t<\/div>\n\t\t\t\t<div class=\"elementor-element elementor-element-8ec7206 elementor-widget elementor-widget-image\" data-id=\"8ec7206\" data-element_type=\"widget\" data-widget_type=\"image.default\">\n\t\t\t\t<div class=\"elementor-widget-container\">\n\t\t\t\t\t\t\t\t\t\t\t\t\t\t\t<img loading=\"lazy\" decoding=\"async\" width=\"800\" height=\"600\" src=\"https:\/\/konferenztechnik.de\/wp-content\/uploads\/2019\/02\/audipack-silent-9600-dolmetscherkabine.jpg\" class=\"attachment-large size-large wp-image-14682\" alt=\"audipack-silent-9600-interpreter-cabin\" srcset=\"https:\/\/konferenztechnik.de\/wp-content\/uploads\/2019\/02\/audipack-silent-9600-dolmetscherkabine.jpg 1000w, https:\/\/konferenztechnik.de\/wp-content\/uploads\/2019\/02\/audipack-silent-9600-dolmetscherkabine-300x225.jpg 300w, https:\/\/konferenztechnik.de\/wp-content\/uploads\/2019\/02\/audipack-silent-9600-dolmetscherkabine-768x576.jpg 768w\" sizes=\"(max-width: 800px) 100vw, 800px\" title=\"\">\t\t\t\t\t\t\t\t\t\t\t\t\t\t\t<\/div>\n\t\t\t\t<\/div>\n\t\t\t\t<div class=\"elementor-element elementor-element-961f69b elementor-widget__width-initial elementor-widget elementor-widget-text-editor\" data-id=\"961f69b\" data-element_type=\"widget\" data-widget_type=\"text-editor.default\">\n\t\t\t\t<div class=\"elementor-widget-container\">\n\t\t\t\t\t\t\t\t\t<p>Anyone who has not yet sat in an ISO-certified interpreting booth can of course do so at the Audipack booth<\/p><p>At PCS, the new booths are available from stock. You can find more information here on our website: <a href=\"https:\/\/konferenztechnik.de\/en\/buy-interpreter-booths\/\">Buy interpreter booths<\/a><\/p><p>\u00a0<\/p><p>Thanks to Audipack for the great news. We are now moving on and will then report our next impressions.<\/p>\t\t\t\t\t\t\t\t<\/div>\n\t\t\t\t<\/div>\n\t\t\t\t<div class=\"elementor-element elementor-element-0de30a3 elementor-widget-divider--view-line elementor-widget elementor-widget-divider\" data-id=\"0de30a3\" data-element_type=\"widget\" data-widget_type=\"divider.default\">\n\t\t\t\t<div class=\"elementor-widget-container\">\n\t\t\t\t\t\t\t<div class=\"elementor-divider\">\n\t\t\t<span class=\"elementor-divider-separator\">\n\t\t\t\t\t\t<\/span>\n\t\t<\/div>\n\t\t\t\t\t\t<\/div>\n\t\t\t\t<\/div>\n\t\t\t\t<div class=\"elementor-element elementor-element-2ae15a3 elementor-widget__width-initial elementor-widget elementor-widget-heading\" data-id=\"2ae15a3\" data-element_type=\"widget\" data-settings=\"{&quot;_animation&quot;:&quot;none&quot;}\" data-widget_type=\"heading.default\">\n\t\t\t\t<div class=\"elementor-widget-container\">\n\t\t\t\t\t<h3 class=\"elementor-heading-title elementor-size-default\">Video technology: laser projectors, LED panels and more<\/h3>\t\t\t\t<\/div>\n\t\t\t\t<\/div>\n\t\t\t\t<div class=\"elementor-element elementor-element-0f46898 elementor-widget__width-initial elementor-widget elementor-widget-text-editor\" data-id=\"0f46898\" data-element_type=\"widget\" data-widget_type=\"text-editor.default\">\n\t\t\t\t<div class=\"elementor-widget-container\">\n\t\t\t\t\t\t\t\t\t<p>There is still a lot going on in the video sector. The battle for luminosity and maximum brilliance and sharpness in projectors as well as LED walls is in full swing.<\/p>\t\t\t\t\t\t\t\t<\/div>\n\t\t\t\t<\/div>\n\t\t\t\t<div class=\"elementor-element elementor-element-7d75226 elementor-widget elementor-widget-image\" data-id=\"7d75226\" data-element_type=\"widget\" data-widget_type=\"image.default\">\n\t\t\t\t<div class=\"elementor-widget-container\">\n\t\t\t\t\t\t\t\t\t\t\t\t\t\t\t<img loading=\"lazy\" decoding=\"async\" width=\"800\" height=\"600\" src=\"https:\/\/konferenztechnik.de\/wp-content\/uploads\/2019\/02\/Sony-LED-Waende-ISE-2019-2-1024x768.jpg\" class=\"attachment-large size-large wp-image-14716\" alt=\"Sony-LED-Waende-ISE-2019-2\" srcset=\"https:\/\/konferenztechnik.de\/wp-content\/uploads\/2019\/02\/Sony-LED-Waende-ISE-2019-2-1024x768.jpg 1024w, https:\/\/konferenztechnik.de\/wp-content\/uploads\/2019\/02\/Sony-LED-Waende-ISE-2019-2-300x225.jpg 300w, https:\/\/konferenztechnik.de\/wp-content\/uploads\/2019\/02\/Sony-LED-Waende-ISE-2019-2-768x576.jpg 768w, https:\/\/konferenztechnik.de\/wp-content\/uploads\/2019\/02\/Sony-LED-Waende-ISE-2019-2.jpg 1200w\" sizes=\"(max-width: 800px) 100vw, 800px\" title=\"\">\t\t\t\t\t\t\t\t\t\t\t\t\t\t\t<\/div>\n\t\t\t\t<\/div>\n\t\t\t\t<div class=\"elementor-element elementor-element-0384f77 elementor-widget__width-initial elementor-widget elementor-widget-text-editor\" data-id=\"0384f77\" data-element_type=\"widget\" data-widget_type=\"text-editor.default\">\n\t\t\t\t<div class=\"elementor-widget-container\">\n\t\t\t\t\t\t\t\t\t<p>In the case of projectors, laser beamers dominate the range, while in the case of LED walls, the individual LEFs are becoming ever smaller and the beam angle ever larger. (Example Sony: see data sheet)<\/p>\t\t\t\t\t\t\t\t<\/div>\n\t\t\t\t<\/div>\n\t\t\t\t<div class=\"elementor-element elementor-element-819e222 elementor-widget elementor-widget-image\" data-id=\"819e222\" data-element_type=\"widget\" data-widget_type=\"image.default\">\n\t\t\t\t<div class=\"elementor-widget-container\">\n\t\t\t\t\t\t\t\t\t\t\t\t\t\t\t<img loading=\"lazy\" decoding=\"async\" width=\"800\" height=\"600\" src=\"https:\/\/konferenztechnik.de\/wp-content\/uploads\/2019\/02\/Sony-LED-Waende-ISE-2019-1024x768.jpg\" class=\"attachment-large size-large wp-image-14718\" alt=\"Sony-LED-Waende-ISE-2019\" srcset=\"https:\/\/konferenztechnik.de\/wp-content\/uploads\/2019\/02\/Sony-LED-Waende-ISE-2019-1024x768.jpg 1024w, https:\/\/konferenztechnik.de\/wp-content\/uploads\/2019\/02\/Sony-LED-Waende-ISE-2019-300x225.jpg 300w, https:\/\/konferenztechnik.de\/wp-content\/uploads\/2019\/02\/Sony-LED-Waende-ISE-2019-768x576.jpg 768w, https:\/\/konferenztechnik.de\/wp-content\/uploads\/2019\/02\/Sony-LED-Waende-ISE-2019.jpg 1200w\" sizes=\"(max-width: 800px) 100vw, 800px\" title=\"\">\t\t\t\t\t\t\t\t\t\t\t\t\t\t\t<\/div>\n\t\t\t\t<\/div>\n\t\t\t\t<div class=\"elementor-element elementor-element-0c837ff elementor-widget-divider--view-line elementor-widget elementor-widget-divider\" data-id=\"0c837ff\" data-element_type=\"widget\" data-widget_type=\"divider.default\">\n\t\t\t\t<div class=\"elementor-widget-container\">\n\t\t\t\t\t\t\t<div class=\"elementor-divider\">\n\t\t\t<span class=\"elementor-divider-separator\">\n\t\t\t\t\t\t<\/span>\n\t\t<\/div>\n\t\t\t\t\t\t<\/div>\n\t\t\t\t<\/div>\n\t\t\t\t<div class=\"elementor-element elementor-element-16837f2 elementor-widget__width-initial elementor-widget elementor-widget-heading\" data-id=\"16837f2\" data-element_type=\"widget\" data-settings=\"{&quot;_animation&quot;:&quot;none&quot;}\" data-widget_type=\"heading.default\">\n\t\t\t\t<div class=\"elementor-widget-container\">\n\t\t\t\t\t<h3 class=\"elementor-heading-title elementor-size-default\">Battery-powered and rollable: Wireless info boards and displays from Lang<\/h3>\t\t\t\t<\/div>\n\t\t\t\t<\/div>\n\t\t\t\t<div class=\"elementor-element elementor-element-e7af24b elementor-widget__width-initial elementor-widget elementor-widget-text-editor\" data-id=\"e7af24b\" data-element_type=\"widget\" data-widget_type=\"text-editor.default\">\n\t\t\t\t<div class=\"elementor-widget-container\">\n\t\t\t\t\t\t\t\t\t<p>Very practical are the rollable, battery-powered monitors, which are wireless and flexible in their positioning as signposts and information boards and thus do their job perfectly.<br \/>These products come from Lang AG, for which we are an authorized dealer.<\/p>\t\t\t\t\t\t\t\t<\/div>\n\t\t\t\t<\/div>\n\t\t\t\t<div class=\"elementor-element elementor-element-3296cb7 elementor-widget elementor-widget-image\" data-id=\"3296cb7\" data-element_type=\"widget\" data-widget_type=\"image.default\">\n\t\t\t\t<div class=\"elementor-widget-container\">\n\t\t\t\t\t\t\t\t\t\t\t\t\t\t\t<img loading=\"lazy\" decoding=\"async\" width=\"800\" height=\"962\" src=\"https:\/\/konferenztechnik.de\/wp-content\/uploads\/2019\/02\/akku-wegweiser-dislpay-852x1024.jpg\" class=\"attachment-large size-large wp-image-14720\" alt=\"accu-dislpay\" srcset=\"https:\/\/konferenztechnik.de\/wp-content\/uploads\/2019\/02\/akku-wegweiser-dislpay-852x1024.jpg 852w, https:\/\/konferenztechnik.de\/wp-content\/uploads\/2019\/02\/akku-wegweiser-dislpay-250x300.jpg 250w, https:\/\/konferenztechnik.de\/wp-content\/uploads\/2019\/02\/akku-wegweiser-dislpay-768x923.jpg 768w, https:\/\/konferenztechnik.de\/wp-content\/uploads\/2019\/02\/akku-wegweiser-dislpay.jpg 1200w\" sizes=\"(max-width: 800px) 100vw, 800px\" title=\"\">\t\t\t\t\t\t\t\t\t\t\t\t\t\t\t<\/div>\n\t\t\t\t<\/div>\n\t\t\t\t<div class=\"elementor-element elementor-element-4dfe8d2 elementor-widget-divider--view-line elementor-widget elementor-widget-divider\" data-id=\"4dfe8d2\" data-element_type=\"widget\" data-widget_type=\"divider.default\">\n\t\t\t\t<div class=\"elementor-widget-container\">\n\t\t\t\t\t\t\t<div class=\"elementor-divider\">\n\t\t\t<span class=\"elementor-divider-separator\">\n\t\t\t\t\t\t<\/span>\n\t\t<\/div>\n\t\t\t\t\t\t<\/div>\n\t\t\t\t<\/div>\n\t\t\t\t<div class=\"elementor-element elementor-element-eca5d83 elementor-widget__width-initial elementor-widget elementor-widget-heading\" data-id=\"eca5d83\" data-element_type=\"widget\" data-settings=\"{&quot;_animation&quot;:&quot;none&quot;}\" data-widget_type=\"heading.default\">\n\t\t\t\t<div class=\"elementor-widget-container\">\n\t\t\t\t\t<h3 class=\"elementor-heading-title elementor-size-default\">Impressions 3D projection mapping and large projections<\/h3>\t\t\t\t<\/div>\n\t\t\t\t<\/div>\n\t\t\t\t<div class=\"elementor-element elementor-element-f4775e6 elementor-widget elementor-widget-image\" data-id=\"f4775e6\" data-element_type=\"widget\" data-widget_type=\"image.default\">\n\t\t\t\t<div class=\"elementor-widget-container\">\n\t\t\t\t\t\t\t\t\t\t\t\t\t\t\t<img fetchpriority=\"high\" decoding=\"async\" width=\"800\" height=\"600\" src=\"https:\/\/konferenztechnik.de\/wp-content\/uploads\/2019\/02\/videoregie-ise-2019-1024x768.jpg\" class=\"attachment-large size-large wp-image-14723\" alt=\"videoregion-ise-2019\" srcset=\"https:\/\/konferenztechnik.de\/wp-content\/uploads\/2019\/02\/videoregie-ise-2019-1024x768.jpg 1024w, https:\/\/konferenztechnik.de\/wp-content\/uploads\/2019\/02\/videoregie-ise-2019-300x225.jpg 300w, https:\/\/konferenztechnik.de\/wp-content\/uploads\/2019\/02\/videoregie-ise-2019-768x576.jpg 768w, https:\/\/konferenztechnik.de\/wp-content\/uploads\/2019\/02\/videoregie-ise-2019.jpg 1200w\" sizes=\"(max-width: 800px) 100vw, 800px\" title=\"\">\t\t\t\t\t\t\t\t\t\t\t\t\t\t\t<\/div>\n\t\t\t\t<\/div>\n\t\t\t\t<div class=\"elementor-element elementor-element-3d1ad0c elementor-widget elementor-widget-image\" data-id=\"3d1ad0c\" data-element_type=\"widget\" data-widget_type=\"image.default\">\n\t\t\t\t<div class=\"elementor-widget-container\">\n\t\t\t\t\t\t\t\t\t\t\t\t\t\t\t<img loading=\"lazy\" decoding=\"async\" width=\"800\" height=\"941\" src=\"https:\/\/konferenztechnik.de\/wp-content\/uploads\/2019\/02\/3D-Proketions-Mapping-2-871x1024.jpg\" class=\"attachment-large size-large wp-image-14725\" alt=\"3D Proketion Mapping-2\" srcset=\"https:\/\/konferenztechnik.de\/wp-content\/uploads\/2019\/02\/3D-Proketions-Mapping-2-871x1024.jpg 871w, https:\/\/konferenztechnik.de\/wp-content\/uploads\/2019\/02\/3D-Proketions-Mapping-2-255x300.jpg 255w, https:\/\/konferenztechnik.de\/wp-content\/uploads\/2019\/02\/3D-Proketions-Mapping-2-768x903.jpg 768w, https:\/\/konferenztechnik.de\/wp-content\/uploads\/2019\/02\/3D-Proketions-Mapping-2-1307x1536.jpg 1307w, https:\/\/konferenztechnik.de\/wp-content\/uploads\/2019\/02\/3D-Proketions-Mapping-2.jpg 1470w\" sizes=\"(max-width: 800px) 100vw, 800px\" title=\"\">\t\t\t\t\t\t\t\t\t\t\t\t\t\t\t<\/div>\n\t\t\t\t<\/div>\n\t\t\t\t<div class=\"elementor-element elementor-element-7b9e959 elementor-widget elementor-widget-image\" data-id=\"7b9e959\" data-element_type=\"widget\" data-widget_type=\"image.default\">\n\t\t\t\t<div class=\"elementor-widget-container\">\n\t\t\t\t\t\t\t\t\t\t\t\t\t\t\t<img loading=\"lazy\" decoding=\"async\" width=\"800\" height=\"600\" src=\"https:\/\/konferenztechnik.de\/wp-content\/uploads\/2019\/02\/3D-Proketions-Mapping-1024x768.jpg\" class=\"attachment-large size-large wp-image-14727\" alt=\"3D Proketion Mapping\" srcset=\"https:\/\/konferenztechnik.de\/wp-content\/uploads\/2019\/02\/3D-Proketions-Mapping-1024x768.jpg 1024w, https:\/\/konferenztechnik.de\/wp-content\/uploads\/2019\/02\/3D-Proketions-Mapping-300x225.jpg 300w, https:\/\/konferenztechnik.de\/wp-content\/uploads\/2019\/02\/3D-Proketions-Mapping-768x576.jpg 768w, https:\/\/konferenztechnik.de\/wp-content\/uploads\/2019\/02\/3D-Proketions-Mapping.jpg 1200w\" sizes=\"(max-width: 800px) 100vw, 800px\" title=\"\">\t\t\t\t\t\t\t\t\t\t\t\t\t\t\t<\/div>\n\t\t\t\t<\/div>\n\t\t\t\t\t<\/div>\n\t\t\t\t<\/div>\n\t\t<div data-particle_enable=\"false\" data-particle-mobile-disabled=\"false\" class=\"elementor-element elementor-element-03d02e5 e-flex e-con-boxed e-con e-parent\" data-id=\"03d02e5\" data-element_type=\"container\">\n\t\t\t\t\t<div class=\"e-con-inner\">\n\t\t\t\t<div class=\"elementor-element elementor-element-d1448c6 elementor-widget elementor-widget-shortcode\" data-id=\"d1448c6\" data-element_type=\"widget\" data-widget_type=\"shortcode.default\">\n\t\t\t\t<div class=\"elementor-widget-container\">\n\t\t\t\t\t\t\t<div class=\"elementor-shortcode\">\t\t<div data-elementor-type=\"container\" data-elementor-id=\"29098\" class=\"elementor elementor-29098\" data-elementor-post-type=\"elementor_library\">\n\t\t\t\t<div data-particle_enable=\"false\" data-particle-mobile-disabled=\"false\" class=\"elementor-element elementor-element-699d0d1a e-flex e-con-boxed e-con e-parent\" data-id=\"699d0d1a\" data-element_type=\"container\">\n\t\t\t\t\t<div class=\"e-con-inner\">\n\t\t\t\t<div class=\"elementor-element elementor-element-11f236ba elementor-widget elementor-widget-post-navigation\" data-id=\"11f236ba\" data-element_type=\"widget\" data-widget_type=\"post-navigation.default\">\n\t\t\t\t<div class=\"elementor-widget-container\">\n\t\t\t\t\t\t\t<div class=\"elementor-post-navigation\" role=\"navigation\" aria-label=\"Post Navigation\">\n\t\t\t<div class=\"elementor-post-navigation__prev elementor-post-navigation__link\">\n\t\t\t\t<a href=\"https:\/\/konferenztechnik.de\/en\/pcs-is-dpvt-certified\/\" rel=\"prev\"><span class=\"post-navigation__arrow-wrapper post-navigation__arrow-prev\"><svg aria-hidden=\"true\" class=\"e-font-icon-svg e-fas-arrow-left\" viewbox=\"0 0 448 512\" xmlns=\"http:\/\/www.w3.org\/2000\/svg\"><path d=\"M257.5 445.1l-22.2 22.2c-9.4 9.4-24.6 9.4-33.9 0L7 273c-9.4-9.4-9.4-24.6 0-33.9L201.4 44.7c9.4-9.4 24.6-9.4 33.9 0l22.2 22.2c9.5 9.5 9.3 25-.4 34.3L136.6 216H424c13.3 0 24 10.7 24 24v32c0 13.3-10.7 24-24 24H136.6l120.5 114.8c9.8 9.3 10 24.8.4 34.3z\"><\/path><\/svg><span class=\"elementor-screen-only\">Prev<\/span><\/span><span class=\"elementor-post-navigation__link__prev\"><span class=\"post-navigation__prev--label\">Previous<\/span><span class=\"post-navigation__prev--title\">PCS is DPVT certified<\/span><\/span><\/a>\t\t\t<\/div>\n\t\t\t\t\t\t<div class=\"elementor-post-navigation__next elementor-post-navigation__link\">\n\t\t\t\t<a href=\"https:\/\/konferenztechnik.de\/en\/shure-microflex-advance\/\" rel=\"next\"><span class=\"elementor-post-navigation__link__next\"><span class=\"post-navigation__next--label\">Next<\/span><span class=\"post-navigation__next--title\">Shure Microflex Advance Microphone Array<\/span><\/span><span class=\"post-navigation__arrow-wrapper post-navigation__arrow-next\"><svg aria-hidden=\"true\" class=\"e-font-icon-svg e-fas-arrow-right\" viewbox=\"0 0 448 512\" xmlns=\"http:\/\/www.w3.org\/2000\/svg\"><path d=\"M190.5 66.9l22.2-22.2c9.4-9.4 24.6-9.4 33.9 0L441 239c9.4 9.4 9.4 24.6 0 33.9L246.6 467.3c-9.4 9.4-24.6 9.4-33.9 0l-22.2-22.2c-9.5-9.5-9.3-25 .4-34.3L311.4 296H24c-13.3 0-24-10.7-24-24v-32c0-13.3 10.7-24 24-24h287.4L190.9 101.2c-9.8-9.3-10-24.8-.4-34.3z\"><\/path><\/svg><span class=\"elementor-screen-only\">Next<\/span><\/span><\/a>\t\t\t<\/div>\n\t\t<\/div>\n\t\t\t\t\t\t<\/div>\n\t\t\t\t<\/div>\n\t\t\t\t<div class=\"elementor-element elementor-element-81a2b13 elementor-align-center elementor-icon-list--layout-traditional elementor-list-item-link-full_width elementor-widget elementor-widget-icon-list\" data-id=\"81a2b13\" data-element_type=\"widget\" data-widget_type=\"icon-list.default\">\n\t\t\t\t<div class=\"elementor-widget-container\">\n\t\t\t\t\t\t\t<ul class=\"elementor-icon-list-items\">\n\t\t\t\t\t\t\t<li class=\"elementor-icon-list-item\">\n\t\t\t\t\t\t\t\t\t\t\t<a href=\"\/en\/news\/\">\n\n\t\t\t\t\t\t\t\t\t\t\t\t<span class=\"elementor-icon-list-icon\">\n\t\t\t\t\t\t\t<svg xmlns=\"http:\/\/www.w3.org\/2000\/svg\" id=\"uuid-5a27b650-727a-4659-9d92-75e42c38903b\" viewbox=\"0 0 19.67 14.54\"><g id=\"uuid-40aca98c-811b-43af-9bb7-b3a092d9bdfe\"><rect x=\".03\" width=\"6\" height=\"6\" rx=\"2\" ry=\"2\" style=\"fill:currentColor\"><\/rect><rect x=\"6.85\" width=\"6\" height=\"7.65\" rx=\"2\" ry=\"2\" style=\"fill:currentColor\"><\/rect><rect x=\"13.67\" width=\"6\" height=\"6.51\" rx=\"2\" ry=\"2\" style=\"fill:currentColor\"><\/rect><rect y=\"7\" width=\"6\" height=\"7.55\" rx=\"2\" ry=\"2\" style=\"fill:currentColor\"><\/rect><rect x=\"13.64\" y=\"7.22\" width=\"6\" height=\"7.33\" rx=\"2\" ry=\"2\" style=\"fill:currentColor\"><\/rect><rect x=\"6.82\" y=\"8.54\" width=\"6\" height=\"6\" rx=\"2\" ry=\"2\" style=\"fill:currentColor\"><\/rect><\/g><\/svg>\t\t\t\t\t\t<\/span>\n\t\t\t\t\t\t\t\t\t\t<span class=\"elementor-icon-list-text\"><\/span>\n\t\t\t\t\t\t\t\t\t\t\t<\/a>\n\t\t\t\t\t\t\t\t\t<\/li>\n\t\t\t\t\t\t<\/ul>\n\t\t\t\t\t\t<\/div>\n\t\t\t\t<\/div>\n\t\t\t\t\t<\/div>\n\t\t\t\t<\/div>\n\t\t\t\t<\/div>\n\t\t<\/div>\n\t\t\t\t\t\t<\/div>\n\t\t\t\t<\/div>\n\t\t\t\t\t<\/div>\n\t\t\t\t<\/div>\n\t\t\t\t<\/div>","protected":false},"excerpt":{"rendered":"<p>News von der Intergrated Systems Europe (ISE) 2019 Ver\u00f6ffentlicht: 06.02.2019 Vom 5. bis 8. Februar 2019 findet die Integrated Systems Europe (ISE) in Amsterdam statt. Die ISE ist die weltgr\u00f6\u00dfte Messe f\u00fcr AV-Medientechnik. Wie jedes Jahr sind auch wir wieder vor Ort, um Kontakte zu pflegen und die neuesten Trends und Entwicklungen der Branche zu [&hellip;]<\/p>","protected":false},"author":1,"featured_media":27415,"comment_status":"closed","ping_status":"closed","sticky":false,"template":"","format":"standard","meta":{"_acf_changed":false,"footnotes":""},"categories":[2],"tags":[],"class_list":["post-14649","post","type-post","status-publish","format-standard","has-post-thumbnail","hentry","category-news"],"acf":[],"_links":{"self":[{"href":"https:\/\/konferenztechnik.de\/en\/wp-json\/wp\/v2\/posts\/14649","targetHints":{"allow":["GET"]}}],"collection":[{"href":"https:\/\/konferenztechnik.de\/en\/wp-json\/wp\/v2\/posts"}],"about":[{"href":"https:\/\/konferenztechnik.de\/en\/wp-json\/wp\/v2\/types\/post"}],"author":[{"embeddable":true,"href":"https:\/\/konferenztechnik.de\/en\/wp-json\/wp\/v2\/users\/1"}],"replies":[{"embeddable":true,"href":"https:\/\/konferenztechnik.de\/en\/wp-json\/wp\/v2\/comments?post=14649"}],"version-history":[{"count":0,"href":"https:\/\/konferenztechnik.de\/en\/wp-json\/wp\/v2\/posts\/14649\/revisions"}],"wp:featuredmedia":[{"embeddable":true,"href":"https:\/\/konferenztechnik.de\/en\/wp-json\/wp\/v2\/media\/27415"}],"wp:attachment":[{"href":"https:\/\/konferenztechnik.de\/en\/wp-json\/wp\/v2\/media?parent=14649"}],"wp:term":[{"taxonomy":"category","embeddable":true,"href":"https:\/\/konferenztechnik.de\/en\/wp-json\/wp\/v2\/categories?post=14649"},{"taxonomy":"post_tag","embeddable":true,"href":"https:\/\/konferenztechnik.de\/en\/wp-json\/wp\/v2\/tags?post=14649"}],"curies":[{"name":"wp","href":"https:\/\/api.w.org\/{rel}","templated":true}]}}