{"id":47231,"date":"2025-02-06T09:26:00","date_gmt":"2025-02-06T08:26:00","guid":{"rendered":"https:\/\/konferenztechnik.de\/?p=47231"},"modified":"2026-01-05T16:13:10","modified_gmt":"2026-01-05T15:13:10","slug":"training-2025-we-are-looking-for-you","status":"publish","type":"post","link":"https:\/\/konferenztechnik.de\/en\/training-2025-we-are-looking-for-you\/","title":{"rendered":"Apprenticeship 2025 \u2013 We are looking for: You!"},"content":{"rendered":"<div data-elementor-type=\"wp-post\" data-elementor-id=\"47231\" class=\"elementor elementor-47231\" data-elementor-post-type=\"post\">\n\t\t\t\t<div data-particle_enable=\"false\" data-particle-mobile-disabled=\"false\" class=\"elementor-element elementor-element-f6579d8 e-flex e-con-boxed e-con e-parent\" data-id=\"f6579d8\" data-element_type=\"container\" data-e-type=\"container\">\n\t\t\t\t\t<div class=\"e-con-inner\">\n\t\t\t\t<div class=\"elementor-element elementor-element-4c18206 elementor-widget elementor-widget-heading\" data-id=\"4c18206\" data-element_type=\"widget\" data-e-type=\"widget\" data-widget_type=\"heading.default\">\n\t\t\t\t<div class=\"elementor-widget-container\">\n\t\t\t\t\t<h1 class=\"elementor-heading-title elementor-size-default\">Apprenticeship 2025 \u2013 We are looking for: You!<\/h1>\t\t\t\t<\/div>\n\t\t\t\t<\/div>\n\t\t\t\t\t<\/div>\n\t\t\t\t<\/div>\n\t\t<div data-particle_enable=\"false\" data-particle-mobile-disabled=\"false\" class=\"elementor-element elementor-element-db70b32 e-flex e-con-boxed e-con e-parent\" data-id=\"db70b32\" data-element_type=\"container\" data-e-type=\"container\">\n\t\t\t\t\t<div class=\"e-con-inner\">\n\t\t\t\t<div class=\"elementor-element elementor-element-4b106de elementor-widget__width-inherit elementor-widget elementor-widget-image\" data-id=\"4b106de\" data-element_type=\"widget\" data-e-type=\"widget\" data-widget_type=\"image.default\">\n\t\t\t\t<div class=\"elementor-widget-container\">\n\t\t\t\t\t\t\t\t\t\t\t\t\t\t\t<img fetchpriority=\"high\" decoding=\"async\" width=\"1200\" height=\"795\" src=\"https:\/\/konferenztechnik.de\/wp-content\/uploads\/2025\/02\/ausbildung-2025-wir-suchen-dich-png.avif\" class=\"attachment-full size-full wp-image-47232\" alt=\"Text in the picture: ausbildung-2025-we-are-looking-for-you\" srcset=\"https:\/\/konferenztechnik.de\/wp-content\/uploads\/2025\/02\/ausbildung-2025-wir-suchen-dich-png.avif 1200w, https:\/\/konferenztechnik.de\/wp-content\/uploads\/2025\/02\/ausbildung-2025-wir-suchen-dich-300x199.avif 300w, https:\/\/konferenztechnik.de\/wp-content\/uploads\/2025\/02\/ausbildung-2025-wir-suchen-dich-1024x678.avif 1024w, https:\/\/konferenztechnik.de\/wp-content\/uploads\/2025\/02\/ausbildung-2025-wir-suchen-dich-768x509.avif 768w, https:\/\/konferenztechnik.de\/wp-content\/uploads\/2025\/02\/ausbildung-2025-wir-suchen-dich-18x12.avif 18w\" sizes=\"(max-width: 1200px) 100vw, 1200px\" title=\"\">\t\t\t\t\t\t\t\t\t\t\t\t\t\t\t<\/div>\n\t\t\t\t<\/div>\n\t\t\t\t\t<\/div>\n\t\t\t\t<\/div>\n\t\t<div data-particle_enable=\"false\" data-particle-mobile-disabled=\"false\" class=\"elementor-element elementor-element-f879ac5 e-flex e-con-boxed e-con e-parent\" data-id=\"f879ac5\" data-element_type=\"container\" data-e-type=\"container\">\n\t\t\t\t\t<div class=\"e-con-inner\">\n\t\t\t\t<div class=\"elementor-element elementor-element-03d5e55 elementor-widget elementor-widget-text-editor\" data-id=\"03d5e55\" data-element_type=\"widget\" data-e-type=\"widget\" data-widget_type=\"text-editor.default\">\n\t\t\t\t<div class=\"elementor-widget-container\">\n\t\t\t\t\t\t\t\t\tPublished on: February 6, 2025\t\t\t\t\t\t\t\t<\/div>\n\t\t\t\t<\/div>\n\t\t\t\t<div class=\"elementor-element elementor-element-a68f728 elementor-widget__width-inherit elementor-widget elementor-widget-text-editor\" data-id=\"a68f728\" data-element_type=\"widget\" data-e-type=\"widget\" data-widget_type=\"text-editor.default\">\n\t\t\t\t<div class=\"elementor-widget-container\">\n\t\t\t\t\t\t\t\t\t<p>Are you looking for an apprenticeship? We are looking for you! We offer apprenticeships for event technology specialists at our branches in Berlin and D\u00fcsseldorf. Take a look at our offers or simply get in touch with us if you have any questions about training. You can also do an internship with us to find out whether a job as an event technician is right for you.<\/p>\t\t\t\t\t\t\t\t<\/div>\n\t\t\t\t<\/div>\n\t\t\t\t<div class=\"elementor-element elementor-element-e5648d0 elementor-widget__width-inherit elementor-widget elementor-widget-text-editor\" data-id=\"e5648d0\" data-element_type=\"widget\" data-e-type=\"widget\" data-widget_type=\"text-editor.default\">\n\t\t\t\t<div class=\"elementor-widget-container\">\n\t\t\t\t\t\t\t\t\t<p><span style=\"font-weight: 400;\">You can find more information here: <a href=\"https:\/\/konferenztechnik.de\/en\/trainings\/\">Training at PCS<\/a><\/span><\/p>\t\t\t\t\t\t\t\t<\/div>\n\t\t\t\t<\/div>\n\t\t\t\t\t<\/div>\n\t\t\t\t<\/div>\n\t\t<div data-particle_enable=\"false\" data-particle-mobile-disabled=\"false\" class=\"elementor-element elementor-element-dbcc699 e-flex e-con-boxed e-con e-parent\" data-id=\"dbcc699\" data-element_type=\"container\" data-e-type=\"container\">\n\t\t\t\t\t<div class=\"e-con-inner\">\n\t\t\t\t\t<\/div>\n\t\t\t\t<\/div>\n\t\t<div data-particle_enable=\"false\" data-particle-mobile-disabled=\"false\" class=\"elementor-element elementor-element-c7560d4 e-flex e-con-boxed e-con e-parent\" data-id=\"c7560d4\" data-element_type=\"container\" data-e-type=\"container\">\n\t\t\t\t\t<div class=\"e-con-inner\">\n\t\t\t\t<div class=\"elementor-element elementor-element-ff01216 elementor-widget elementor-widget-shortcode\" data-id=\"ff01216\" data-element_type=\"widget\" data-e-type=\"widget\" data-widget_type=\"shortcode.default\">\n\t\t\t\t<div class=\"elementor-widget-container\">\n\t\t\t\t\t\t\t<div class=\"elementor-shortcode\">\t\t<div data-elementor-type=\"container\" data-elementor-id=\"29098\" class=\"elementor elementor-29098\" data-elementor-post-type=\"elementor_library\">\n\t\t\t\t<div data-particle_enable=\"false\" data-particle-mobile-disabled=\"false\" class=\"elementor-element elementor-element-699d0d1a e-flex e-con-boxed e-con e-parent\" data-id=\"699d0d1a\" data-element_type=\"container\" data-e-type=\"container\">\n\t\t\t\t\t<div class=\"e-con-inner\">\n\t\t\t\t<div class=\"elementor-element elementor-element-11f236ba elementor-widget elementor-widget-post-navigation\" data-id=\"11f236ba\" data-element_type=\"widget\" data-e-type=\"widget\" data-widget_type=\"post-navigation.default\">\n\t\t\t\t<div class=\"elementor-widget-container\">\n\t\t\t\t\t\t\t<div class=\"elementor-post-navigation\" role=\"navigation\" aria-label=\"Post Navigation\">\n\t\t\t<div class=\"elementor-post-navigation__prev elementor-post-navigation__link\">\n\t\t\t\t<a href=\"https:\/\/konferenztechnik.de\/en\/now-available-new-extended-av-product-portfolio-of-the-global-mounts-group\/\" rel=\"prev\"><span class=\"post-navigation__arrow-wrapper post-navigation__arrow-prev\"><svg aria-hidden=\"true\" class=\"e-font-icon-svg e-fas-arrow-left\" viewbox=\"0 0 448 512\" xmlns=\"http:\/\/www.w3.org\/2000\/svg\"><path d=\"M257.5 445.1l-22.2 22.2c-9.4 9.4-24.6 9.4-33.9 0L7 273c-9.4-9.4-9.4-24.6 0-33.9L201.4 44.7c9.4-9.4 24.6-9.4 33.9 0l22.2 22.2c9.5 9.5 9.3 25-.4 34.3L136.6 216H424c13.3 0 24 10.7 24 24v32c0 13.3-10.7 24-24 24H136.6l120.5 114.8c9.8 9.3 10 24.8.4 34.3z\"><\/path><\/svg><span class=\"elementor-screen-only\">Prev<\/span><\/span><span class=\"elementor-post-navigation__link__prev\"><span class=\"post-navigation__prev--label\">Previous<\/span><span class=\"post-navigation__prev--title\">Available now: New, expanded AV product portfolio from the Global Mounts Group<\/span><\/span><\/a>\t\t\t<\/div>\n\t\t\t\t\t\t<div class=\"elementor-post-navigation__next elementor-post-navigation__link\">\n\t\t\t\t<a href=\"https:\/\/konferenztechnik.de\/en\/introducing-vissonic\/\" rel=\"next\"><span class=\"elementor-post-navigation__link__next\"><span class=\"post-navigation__next--label\">Next<\/span><span class=\"post-navigation__next--title\">Introducing: Vissonic<\/span><\/span><span class=\"post-navigation__arrow-wrapper post-navigation__arrow-next\"><svg aria-hidden=\"true\" class=\"e-font-icon-svg e-fas-arrow-right\" viewbox=\"0 0 448 512\" xmlns=\"http:\/\/www.w3.org\/2000\/svg\"><path d=\"M190.5 66.9l22.2-22.2c9.4-9.4 24.6-9.4 33.9 0L441 239c9.4 9.4 9.4 24.6 0 33.9L246.6 467.3c-9.4 9.4-24.6 9.4-33.9 0l-22.2-22.2c-9.5-9.5-9.3-25 .4-34.3L311.4 296H24c-13.3 0-24-10.7-24-24v-32c0-13.3 10.7-24 24-24h287.4L190.9 101.2c-9.8-9.3-10-24.8-.4-34.3z\"><\/path><\/svg><span class=\"elementor-screen-only\">Next<\/span><\/span><\/a>\t\t\t<\/div>\n\t\t<\/div>\n\t\t\t\t\t\t<\/div>\n\t\t\t\t<\/div>\n\t\t\t\t<div class=\"elementor-element elementor-element-81a2b13 elementor-align-center elementor-icon-list--layout-traditional elementor-list-item-link-full_width elementor-widget elementor-widget-icon-list\" data-id=\"81a2b13\" data-element_type=\"widget\" data-e-type=\"widget\" data-widget_type=\"icon-list.default\">\n\t\t\t\t<div class=\"elementor-widget-container\">\n\t\t\t\t\t\t\t<ul class=\"elementor-icon-list-items\">\n\t\t\t\t\t\t\t<li class=\"elementor-icon-list-item\">\n\t\t\t\t\t\t\t\t\t\t\t<a href=\"\/en\/news\/\">\n\n\t\t\t\t\t\t\t\t\t\t\t\t<span class=\"elementor-icon-list-icon\">\n\t\t\t\t\t\t\t<svg xmlns=\"http:\/\/www.w3.org\/2000\/svg\" id=\"uuid-5a27b650-727a-4659-9d92-75e42c38903b\" viewbox=\"0 0 19.67 14.54\"><g id=\"uuid-40aca98c-811b-43af-9bb7-b3a092d9bdfe\"><rect x=\".03\" width=\"6\" height=\"6\" rx=\"2\" ry=\"2\" style=\"fill:currentColor\"><\/rect><rect x=\"6.85\" width=\"6\" height=\"7.65\" rx=\"2\" ry=\"2\" style=\"fill:currentColor\"><\/rect><rect x=\"13.67\" width=\"6\" height=\"6.51\" rx=\"2\" ry=\"2\" style=\"fill:currentColor\"><\/rect><rect y=\"7\" width=\"6\" height=\"7.55\" rx=\"2\" ry=\"2\" style=\"fill:currentColor\"><\/rect><rect x=\"13.64\" y=\"7.22\" width=\"6\" height=\"7.33\" rx=\"2\" ry=\"2\" style=\"fill:currentColor\"><\/rect><rect x=\"6.82\" y=\"8.54\" width=\"6\" height=\"6\" rx=\"2\" ry=\"2\" style=\"fill:currentColor\"><\/rect><\/g><\/svg>\t\t\t\t\t\t<\/span>\n\t\t\t\t\t\t\t\t\t\t<span class=\"elementor-icon-list-text\"><\/span>\n\t\t\t\t\t\t\t\t\t\t\t<\/a>\n\t\t\t\t\t\t\t\t\t<\/li>\n\t\t\t\t\t\t<\/ul>\n\t\t\t\t\t\t<\/div>\n\t\t\t\t<\/div>\n\t\t\t\t\t<\/div>\n\t\t\t\t<\/div>\n\t\t\t\t<\/div>\n\t\t<\/div>\n\t\t\t\t\t\t<\/div>\n\t\t\t\t<\/div>\n\t\t\t\t\t<\/div>\n\t\t\t\t<\/div>\n\t\t\t\t<\/div>","protected":false},"excerpt":{"rendered":"<p>Bist Du auf der Suche nach einem Ausbildungsplatz? Wir suchen Dich! In unseren Niederlassungen in Berlin und D\u00fcsseldorf bieten wir Ausbildungspl\u00e4tze zur Fachkraft f\u00fcr Veranstaltungstechnik an. Schau Dir unsere Angebote an oder melde Dich einfach bei uns, wenn Du Fragen zur Ausbildung hast. Du kannst bei uns auch ein Praktikum machen, um herauszufinden, ob der [&hellip;]<\/p>\n","protected":false},"author":1,"featured_media":47232,"comment_status":"closed","ping_status":"closed","sticky":false,"template":"","format":"standard","meta":{"_acf_changed":false,"footnotes":""},"categories":[2],"tags":[],"class_list":["post-47231","post","type-post","status-publish","format-standard","has-post-thumbnail","hentry","category-news"],"acf":[],"_links":{"self":[{"href":"https:\/\/konferenztechnik.de\/en\/wp-json\/wp\/v2\/posts\/47231","targetHints":{"allow":["GET"]}}],"collection":[{"href":"https:\/\/konferenztechnik.de\/en\/wp-json\/wp\/v2\/posts"}],"about":[{"href":"https:\/\/konferenztechnik.de\/en\/wp-json\/wp\/v2\/types\/post"}],"author":[{"embeddable":true,"href":"https:\/\/konferenztechnik.de\/en\/wp-json\/wp\/v2\/users\/1"}],"replies":[{"embeddable":true,"href":"https:\/\/konferenztechnik.de\/en\/wp-json\/wp\/v2\/comments?post=47231"}],"version-history":[{"count":0,"href":"https:\/\/konferenztechnik.de\/en\/wp-json\/wp\/v2\/posts\/47231\/revisions"}],"wp:featuredmedia":[{"embeddable":true,"href":"https:\/\/konferenztechnik.de\/en\/wp-json\/wp\/v2\/media\/47232"}],"wp:attachment":[{"href":"https:\/\/konferenztechnik.de\/en\/wp-json\/wp\/v2\/media?parent=47231"}],"wp:term":[{"taxonomy":"category","embeddable":true,"href":"https:\/\/konferenztechnik.de\/en\/wp-json\/wp\/v2\/categories?post=47231"},{"taxonomy":"post_tag","embeddable":true,"href":"https:\/\/konferenztechnik.de\/en\/wp-json\/wp\/v2\/tags?post=47231"}],"curies":[{"name":"wp","href":"https:\/\/api.w.org\/{rel}","templated":true}]}}