{"id":48284,"date":"2025-09-18T12:22:52","date_gmt":"2025-09-18T10:22:52","guid":{"rendered":"https:\/\/konferenztechnik.de\/?p=48284"},"modified":"2026-01-05T15:25:11","modified_gmt":"2026-01-05T14:25:11","slug":"company-history","status":"publish","type":"post","link":"https:\/\/konferenztechnik.de\/en\/company-history\/","title":{"rendered":"Company history \u2013 Milestones and developments"},"content":{"rendered":"<div data-elementor-type=\"wp-post\" data-elementor-id=\"48284\" class=\"elementor elementor-48284\" data-elementor-post-type=\"post\">\n\t\t\t\t<div data-particle_enable=\"false\" data-particle-mobile-disabled=\"false\" class=\"elementor-element elementor-element-cd287fa e-flex e-con-boxed e-con e-parent\" data-id=\"cd287fa\" data-element_type=\"container\">\n\t\t\t\t\t<div class=\"e-con-inner\">\n\t\t\t\t<div class=\"elementor-element elementor-element-7b65377 elementor-widget elementor-widget-heading\" data-id=\"7b65377\" data-element_type=\"widget\" data-settings=\"{&quot;_animation&quot;:&quot;none&quot;}\" data-widget_type=\"heading.default\">\n\t\t\t\t<div class=\"elementor-widget-container\">\n\t\t\t\t\t<h2 class=\"elementor-heading-title elementor-size-default\">Company history - Milestones and developments at PCS Professional Conference Systems GmbH<\/h2>\t\t\t\t<\/div>\n\t\t\t\t<\/div>\n\t\t\t\t\t<\/div>\n\t\t\t\t<\/div>\n\t\t<div data-particle_enable=\"false\" data-particle-mobile-disabled=\"false\" class=\"elementor-element elementor-element-34f9d7a e-flex e-con-boxed e-con e-parent\" data-id=\"34f9d7a\" data-element_type=\"container\">\n\t\t\t\t\t<div class=\"e-con-inner\">\n\t\t\t\t<div class=\"elementor-element elementor-element-beea132 elementor-widget elementor-widget-spacer\" data-id=\"beea132\" data-element_type=\"widget\" data-widget_type=\"spacer.default\">\n\t\t\t\t<div class=\"elementor-widget-container\">\n\t\t\t\t\t\t\t<div class=\"elementor-spacer\">\n\t\t\t<div class=\"elementor-spacer-inner\"><\/div>\n\t\t<\/div>\n\t\t\t\t\t\t<\/div>\n\t\t\t\t<\/div>\n\t\t<div data-particle_enable=\"false\" data-particle-mobile-disabled=\"false\" class=\"elementor-element elementor-element-b512cbf e-con-full e-grid e-con e-child\" data-id=\"b512cbf\" data-element_type=\"container\">\n\t\t\t\t<div class=\"elementor-element elementor-element-6b8a2b7 elementor-widget__width-inherit elementor-widget elementor-widget-text-editor\" data-id=\"6b8a2b7\" data-element_type=\"widget\" data-widget_type=\"text-editor.default\">\n\t\t\t\t<div class=\"elementor-widget-container\">\n\t\t\t\t\t\t\t\t\t<p>A lot has happened since we were founded in 1995. \u2013 started out with interpreting technology and has developed into a leading full-service provider for conference and event technology and the installation of modern media technology.<\/p>\t\t\t\t\t\t\t\t<\/div>\n\t\t\t\t<\/div>\n\t\t\t\t<div class=\"elementor-element elementor-element-30ea48b elementor-widget__width-inherit elementor-widget elementor-widget-text-editor\" data-id=\"30ea48b\" data-element_type=\"widget\" data-widget_type=\"text-editor.default\">\n\t\t\t\t<div class=\"elementor-widget-container\">\n\t\t\t\t\t\t\t\t\t<p>Today we look back with gratitude on 30 years of PCS, share some of the formative stages of our history \u2013 and at the same time look ahead: open to new technologies, sustainable solutions and successful projects that we would like to shape together with you.<\/p>\t\t\t\t\t\t\t\t<\/div>\n\t\t\t\t<\/div>\n\t\t\t\t<\/div>\n\t\t\t\t<div class=\"elementor-element elementor-element-3d6ce39 elementor-widget elementor-widget-spacer\" data-id=\"3d6ce39\" data-element_type=\"widget\" data-widget_type=\"spacer.default\">\n\t\t\t\t<div class=\"elementor-widget-container\">\n\t\t\t\t\t\t\t<div class=\"elementor-spacer\">\n\t\t\t<div class=\"elementor-spacer-inner\"><\/div>\n\t\t<\/div>\n\t\t\t\t\t\t<\/div>\n\t\t\t\t<\/div>\n\t\t\t\t<div class=\"elementor-element elementor-element-b0212c4 elementor-widget elementor-widget-eael-content-timeline\" data-id=\"b0212c4\" data-element_type=\"widget\" data-widget_type=\"eael-content-timeline.default\">\n\t\t\t\t<div class=\"elementor-widget-container\">\n\t\t\t\t\t\t\t<div id=\"eael-content-timeline-b0212c4\" class=\"content-timeline-layout-center date-position- horizontal-timeline-wrapper\" data-slide_to_scroll=\"{&quot;desktop&quot;:1,&quot;mobile&quot;:1,&quot;tablet&quot;:1,&quot;tablet_extra&quot;:1,&quot;laptop&quot;:1,&quot;widescreen&quot;:1}\">\n\t\t\t<div class=\"eael-content-timeline-container\">\n\t\t\t\t<div class=\"eael-content-timeline-container\">\n\t\t\t\t\t\t\t\t\t\t\t\t\t\t\t\t\t\t\t\t\t\t\t<div class=\"eael-content-timeline-block\">\n    <div class=\"eael-content-timeline-line\">\n        <div class=\"eael-content-timeline-inner\"><\/div>\n    <\/div>\n    <div class=\"eael-content-timeline-img eael-picture\"><svg class=\"e-font-icon-svg e-fas-birthday-cake\" viewbox=\"0 0 448 512\" xmlns=\"http:\/\/www.w3.org\/2000\/svg\"><path d=\"M448 384c-28.02 0-31.26-32-74.5-32-43.43 0-46.825 32-74.75 32-27.695 0-31.454-32-74.75-32-42.842 0-47.218 32-74.5 32-28.148 0-31.202-32-74.75-32-43.547 0-46.653 32-74.75 32v-80c0-26.5 21.5-48 48-48h16V112h64v144h64V112h64v144h64V112h64v144h16c26.5 0 48 21.5 48 48v80zm0 128H0v-96c43.356 0 46.767-32 74.75-32 27.951 0 31.253 32 74.75 32 42.843 0 47.217-32 74.5-32 28.148 0 31.201 32 74.75 32 43.357 0 46.767-32 74.75-32 27.488 0 31.252 32 74.5 32v96zM96 96c-17.75 0-32-14.25-32-32 0-31 32-23 32-64 12 0 32 29.5 32 56s-14.25 40-32 40zm128 0c-17.75 0-32-14.25-32-32 0-31 32-23 32-64 12 0 32 29.5 32 56s-14.25 40-32 40zm128 0c-17.75 0-32-14.25-32-32 0-31 32-23 32-64 12 0 32 29.5 32 56s-14.25 40-32 40z\"><\/path><\/svg><\/div><div class=\"eael-content-timeline-content\"><span class=\"eael-date\">28.09.2025<\/span><h2 class=\"eael-timeline-title\">PCS turns 30<\/h2><div class=\"eael-timeline-excerpt\"><p><img fetchpriority=\"high\" decoding=\"async\" class=\"alignleft wp-image-48432 size-full\" src=\"https:\/\/konferenztechnik.de\/wp-content\/uploads\/2025\/09\/30-Jahre-Banner.avif\" alt=\"30-year banner\" width=\"1598\" height=\"629\" title=\"\" srcset=\"https:\/\/konferenztechnik.de\/wp-content\/uploads\/2025\/09\/30-Jahre-Banner.avif 1598w, https:\/\/konferenztechnik.de\/wp-content\/uploads\/2025\/09\/30-Jahre-Banner-300x118.avif 300w, https:\/\/konferenztechnik.de\/wp-content\/uploads\/2025\/09\/30-Jahre-Banner-1024x403.avif 1024w, https:\/\/konferenztechnik.de\/wp-content\/uploads\/2025\/09\/30-Jahre-Banner-768x302.avif 768w, https:\/\/konferenztechnik.de\/wp-content\/uploads\/2025\/09\/30-Jahre-Banner-1536x605.avif 1536w, https:\/\/konferenztechnik.de\/wp-content\/uploads\/2025\/09\/30-Jahre-Banner-18x7.avif 18w\" sizes=\"(max-width: 1598px) 100vw, 1598px\" \/><\/p><p>PCS is celebrating 30 years of successful development as a full-service provider for conference and event technology. Since our foundation in 1995, we have established ourselves from a provider of interpretation technology to a comprehensive partner for the planning, equipping and installation of AV media technology as well as the organization and support of major national and international events. With offices in Berlin, Munich and D\u00fcsseldorf, we support our customers with technical expertise, innovative solutions and sustainable service throughout the DACH region and beyond.<\/p><p>We want to continue to grow together with you in the future, always open to new ideas and technologies to make events even more lively, sustainable and successful \u2013 looks forward to continuing on this path as partners.<\/p><\/div><\/div><\/div>\t\t\t\t\t\t\t\t\t\t\t\t\t\t\t\t\t\t<div class=\"eael-content-timeline-block\">\n    <div class=\"eael-content-timeline-line\">\n        <div class=\"eael-content-timeline-inner\"><\/div>\n    <\/div>\n    <div class=\"eael-content-timeline-img eael-picture\"><svg class=\"e-font-icon-svg e-fas-hand-holding-heart\" viewbox=\"0 0 576 512\" xmlns=\"http:\/\/www.w3.org\/2000\/svg\"><path d=\"M275.3 250.5c7 7.4 18.4 7.4 25.5 0l108.9-114.2c31.6-33.2 29.8-88.2-5.6-118.8-30.8-26.7-76.7-21.9-104.9 7.7L288 36.9l-11.1-11.6C248.7-4.4 202.8-9.2 172 17.5c-35.3 30.6-37.2 85.6-5.6 118.8l108.9 114.2zm290 77.6c-11.8-10.7-30.2-10-42.6 0L430.3 402c-11.3 9.1-25.4 14-40 14H272c-8.8 0-16-7.2-16-16s7.2-16 16-16h78.3c15.9 0 30.7-10.9 33.3-26.6 3.3-20-12.1-37.4-31.6-37.4H192c-27 0-53.1 9.3-74.1 26.3L71.4 384H16c-8.8 0-16 7.2-16 16v96c0 8.8 7.2 16 16 16h356.8c14.5 0 28.6-4.9 40-14L564 377c15.2-12.1 16.4-35.3 1.3-48.9z\"><\/path><\/svg><\/div><div class=\"eael-content-timeline-content\"><span class=\"eael-date\">2025<\/span><h2 class=\"eael-timeline-title\">Merger of the two GmbHs<\/h2><div class=\"eael-timeline-excerpt\"><p><img decoding=\"async\" class=\"alignleft wp-image-48119 size-full\" src=\"https:\/\/konferenztechnik.de\/wp-content\/uploads\/2025\/06\/PCS-Verschmelzung.avif\" alt=\"Merger of the PCS GmbHs\" width=\"1536\" height=\"1024\" title=\"\" srcset=\"https:\/\/konferenztechnik.de\/wp-content\/uploads\/2025\/06\/PCS-Verschmelzung.avif 1536w, https:\/\/konferenztechnik.de\/wp-content\/uploads\/2025\/06\/PCS-Verschmelzung-300x200.avif 300w, https:\/\/konferenztechnik.de\/wp-content\/uploads\/2025\/06\/PCS-Verschmelzung-1024x683.avif 1024w, https:\/\/konferenztechnik.de\/wp-content\/uploads\/2025\/06\/PCS-Verschmelzung-768x512.avif 768w, https:\/\/konferenztechnik.de\/wp-content\/uploads\/2025\/06\/PCS-Verschmelzung-18x12.avif 18w\" sizes=\"(max-width: 1536px) 100vw, 1536px\" \/>On May 30, 2025, we merged PCS Vertriebs- und Service GmbH with PCS Professional Conference Systems GmbH. Since then, we have been united under the name PCS Professional Conference Systems GmbH at our locations in Berlin, Munich and D\u00fcsseldorf. We now offer our entire range of services from a single source.<\/p><\/div><\/div><\/div>\t\t\t\t\t\t\t\t\t\t\t\t\t\t\t\t\t\t<div class=\"eael-content-timeline-block\">\n    <div class=\"eael-content-timeline-line\">\n        <div class=\"eael-content-timeline-inner\"><\/div>\n    <\/div>\n    <div class=\"eael-content-timeline-img eael-picture\"><\/div><div class=\"eael-content-timeline-content\"><span class=\"eael-date\">2025<\/span><h2 class=\"eael-timeline-title\">Increased expansion of installation to the Berlin area<\/h2><div class=\"eael-timeline-excerpt\"><p><img decoding=\"async\" class=\"alignleft wp-image-48366 size-full\" src=\"https:\/\/konferenztechnik.de\/wp-content\/uploads\/2025\/09\/installation-berlin.avif\" alt=\"\" width=\"1500\" height=\"1000\" title=\"\" srcset=\"https:\/\/konferenztechnik.de\/wp-content\/uploads\/2025\/09\/installation-berlin.avif 1500w, https:\/\/konferenztechnik.de\/wp-content\/uploads\/2025\/09\/installation-berlin-300x200.avif 300w, https:\/\/konferenztechnik.de\/wp-content\/uploads\/2025\/09\/installation-berlin-1024x683.avif 1024w, https:\/\/konferenztechnik.de\/wp-content\/uploads\/2025\/09\/installation-berlin-768x512.avif 768w, https:\/\/konferenztechnik.de\/wp-content\/uploads\/2025\/09\/installation-berlin-18x12.avif 18w\" sizes=\"(max-width: 1500px) 100vw, 1500px\" \/>We are strengthening our installation team in Berlin and expanding our local business area. The close cooperation with our customers creates many synergies that make exciting projects possible. Our focus is clearly on installation, sales, maintenance and service in the field of AV media technology.<\/p><\/div><\/div><\/div>\t\t\t\t\t\t\t\t\t\t\t\t\t\t\t\t\t\t<div class=\"eael-content-timeline-block\">\n    <div class=\"eael-content-timeline-line\">\n        <div class=\"eael-content-timeline-inner\"><\/div>\n    <\/div>\n    <div class=\"eael-content-timeline-img eael-picture\"><\/div><div class=\"eael-content-timeline-content\"><span class=\"eael-date\">2025<\/span><h2 class=\"eael-timeline-title\">PCS becomes CRA partner (Conference Rental Alliance) of Televic<\/h2><div class=\"eael-timeline-excerpt\"><p><img loading=\"lazy\" decoding=\"async\" class=\"alignleft wp-image-48362 size-full\" src=\"https:\/\/konferenztechnik.de\/wp-content\/uploads\/2025\/09\/Televic-Conference-Partners.avif\" alt=\"Televic Conference Partners\" width=\"1920\" height=\"1080\" title=\"\" srcset=\"https:\/\/konferenztechnik.de\/wp-content\/uploads\/2025\/09\/Televic-Conference-Partners.avif 1920w, https:\/\/konferenztechnik.de\/wp-content\/uploads\/2025\/09\/Televic-Conference-Partners-300x169.avif 300w, https:\/\/konferenztechnik.de\/wp-content\/uploads\/2025\/09\/Televic-Conference-Partners-1024x576.avif 1024w, https:\/\/konferenztechnik.de\/wp-content\/uploads\/2025\/09\/Televic-Conference-Partners-768x432.avif 768w, https:\/\/konferenztechnik.de\/wp-content\/uploads\/2025\/09\/Televic-Conference-Partners-1536x864.avif 1536w, https:\/\/konferenztechnik.de\/wp-content\/uploads\/2025\/09\/Televic-Conference-Partners-18x10.avif 18w\" sizes=\"(max-width: 1920px) 100vw, 1920px\" \/>PCS is now a member of the Televic Rental Alliance \u2013, a strong partnership that gives us access to an international network of experts and state-of-the-art conference technology. This cooperation enables us to offer our customers even more flexible solutions and a first-class service. We are very excited about this opportunity to further expand our offering together with experienced industry partners.<\/p><\/div><\/div><\/div>\t\t\t\t\t\t\t\t\t\t\t\t\t\t\t\t\t\t<div class=\"eael-content-timeline-block\">\n    <div class=\"eael-content-timeline-line\">\n        <div class=\"eael-content-timeline-inner\"><\/div>\n    <\/div>\n    <div class=\"eael-content-timeline-img eael-picture\"><svg class=\"e-font-icon-svg e-fas-robot\" viewbox=\"0 0 640 512\" xmlns=\"http:\/\/www.w3.org\/2000\/svg\"><path d=\"M32,224H64V416H32A31.96166,31.96166,0,0,1,0,384V256A31.96166,31.96166,0,0,1,32,224Zm512-48V448a64.06328,64.06328,0,0,1-64,64H160a64.06328,64.06328,0,0,1-64-64V176a79.974,79.974,0,0,1,80-80H288V32a32,32,0,0,1,64,0V96H464A79.974,79.974,0,0,1,544,176ZM264,256a40,40,0,1,0-40,40A39.997,39.997,0,0,0,264,256Zm-8,128H192v32h64Zm96,0H288v32h64ZM456,256a40,40,0,1,0-40,40A39.997,39.997,0,0,0,456,256Zm-8,128H384v32h64ZM640,256V384a31.96166,31.96166,0,0,1-32,32H576V224h32A31.96166,31.96166,0,0,1,640,256Z\"><\/path><\/svg><\/div><div class=\"eael-content-timeline-content\"><span class=\"eael-date\">2025<\/span><h2 class=\"eael-timeline-title\">AI interpreting and speech-to-text <\/h2><div class=\"eael-timeline-excerpt\"><p><img loading=\"lazy\" decoding=\"async\" class=\"alignleft wp-image-48019 size-full\" src=\"https:\/\/konferenztechnik.de\/wp-content\/uploads\/2025\/05\/live-speech-to-text-transkription-uebersetzung.avif\" alt=\"\" width=\"840\" height=\"568\" title=\"\" srcset=\"https:\/\/konferenztechnik.de\/wp-content\/uploads\/2025\/05\/live-speech-to-text-transkription-uebersetzung.avif 840w, https:\/\/konferenztechnik.de\/wp-content\/uploads\/2025\/05\/live-speech-to-text-transkription-uebersetzung-300x203.avif 300w, https:\/\/konferenztechnik.de\/wp-content\/uploads\/2025\/05\/live-speech-to-text-transkription-uebersetzung-768x519.avif 768w, https:\/\/konferenztechnik.de\/wp-content\/uploads\/2025\/05\/live-speech-to-text-transkription-uebersetzung-18x12.avif 18w\" sizes=\"(max-width: 840px) 100vw, 840px\" \/>We now offer modern artificial intelligence solutions in the field of simultaneous interpreting and live subtitling. We use these technologies as a supplement or alternative to human interpreting, as required, to offer our clients flexible and innovative options for their events.<\/p><\/div><\/div><\/div>\t\t\t\t\t\t\t\t\t\t\t\t\t\t\t\t\t\t<div class=\"eael-content-timeline-block\">\n    <div class=\"eael-content-timeline-line\">\n        <div class=\"eael-content-timeline-inner\"><\/div>\n    <\/div>\n    <div class=\"eael-content-timeline-img eael-picture\"><svg class=\"e-font-icon-svg e-fas-heart\" viewbox=\"0 0 512 512\" xmlns=\"http:\/\/www.w3.org\/2000\/svg\"><path d=\"M462.3 62.6C407.5 15.9 326 24.3 275.7 76.2L256 96.5l-19.7-20.3C186.1 24.3 104.5 15.9 49.7 62.6c-62.8 53.6-66.1 149.8-9.9 207.9l193.5 199.8c12.5 12.9 32.8 12.9 45.3 0l193.5-199.8c56.3-58.1 53-154.3-9.8-207.9z\"><\/path><\/svg><\/div><div class=\"eael-content-timeline-content\"><span class=\"eael-date\">2024<\/span><h2 class=\"eael-timeline-title\">With us for 25 years. Thank you!<\/h2><div class=\"eael-timeline-excerpt\"><p><img loading=\"lazy\" decoding=\"async\" class=\"alignleft wp-image-48436 size-full\" src=\"https:\/\/konferenztechnik.de\/wp-content\/uploads\/2025\/09\/monika.avif\" alt=\"monika with bouquet of flowers\" width=\"1039\" height=\"1300\" title=\"\" srcset=\"https:\/\/konferenztechnik.de\/wp-content\/uploads\/2025\/09\/monika.avif 1039w, https:\/\/konferenztechnik.de\/wp-content\/uploads\/2025\/09\/monika-240x300.avif 240w, https:\/\/konferenztechnik.de\/wp-content\/uploads\/2025\/09\/monika-818x1024.avif 818w, https:\/\/konferenztechnik.de\/wp-content\/uploads\/2025\/09\/monika-768x961.avif 768w, https:\/\/konferenztechnik.de\/wp-content\/uploads\/2025\/09\/monika-10x12.avif 10w\" sizes=\"(max-width: 1039px) 100vw, 1039px\" \/><\/p><p>Monika van den Boogaard was our first permanent employee in 1999. We thank you from the bottom of our hearts for remaining loyal to us for so long. We would also like to thank all the other employees, some of whom have supported us for many, many years, some of whom have completed their training with us and stayed with us, and some of whom are brand new to our team. Without you, we would not be what we are today!<\/p><\/div><\/div><\/div>\t\t\t\t\t\t\t\t\t\t\t\t\t\t\t\t\t\t<div class=\"eael-content-timeline-block\">\n    <div class=\"eael-content-timeline-line\">\n        <div class=\"eael-content-timeline-inner\"><\/div>\n    <\/div>\n    <div class=\"eael-content-timeline-img eael-picture\"><svg class=\"e-font-icon-svg e-fas-star\" viewbox=\"0 0 576 512\" xmlns=\"http:\/\/www.w3.org\/2000\/svg\"><path d=\"M259.3 17.8L194 150.2 47.9 171.5c-26.2 3.8-36.7 36.1-17.7 54.6l105.7 103-25 145.5c-4.5 26.3 23.2 46 46.4 33.7L288 439.6l130.7 68.7c23.2 12.2 50.9-7.4 46.4-33.7l-25-145.5 105.7-103c19-18.5 8.5-50.8-17.7-54.6L382 150.2 316.7 17.8c-11.7-23.6-45.6-23.9-57.4 0z\"><\/path><\/svg><\/div><div class=\"eael-content-timeline-content\"><span class=\"eael-date\">2022<\/span><h2 class=\"eael-timeline-title\">Strong focus on full-service provider for events<\/h2><div class=\"eael-timeline-excerpt\"><p><img loading=\"lazy\" decoding=\"async\" class=\"alignleft wp-image-48346 size-full\" src=\"https:\/\/konferenztechnik.de\/wp-content\/uploads\/2025\/09\/vdz-va.avif\" alt=\"\" width=\"1500\" height=\"1000\" title=\"\" srcset=\"https:\/\/konferenztechnik.de\/wp-content\/uploads\/2025\/09\/vdz-va.avif 1500w, https:\/\/konferenztechnik.de\/wp-content\/uploads\/2025\/09\/vdz-va-300x200.avif 300w, https:\/\/konferenztechnik.de\/wp-content\/uploads\/2025\/09\/vdz-va-1024x683.avif 1024w, https:\/\/konferenztechnik.de\/wp-content\/uploads\/2025\/09\/vdz-va-768x512.avif 768w, https:\/\/konferenztechnik.de\/wp-content\/uploads\/2025\/09\/vdz-va-18x12.avif 18w\" sizes=\"(max-width: 1500px) 100vw, 1500px\" \/>Over the years, PCS has increasingly developed into a full-service provider for event technology. We no longer just provide interpreting technology, but now plan and implement major events, conferences and meetings throughout Germany. As a technical service provider, we support ministries, offices of large companies and many other customers.<\/p><\/div><\/div><\/div>\t\t\t\t\t\t\t\t\t\t\t\t\t\t\t\t\t\t<div class=\"eael-content-timeline-block\">\n    <div class=\"eael-content-timeline-line\">\n        <div class=\"eael-content-timeline-inner\"><\/div>\n    <\/div>\n    <div class=\"eael-content-timeline-img eael-picture\"><\/div><div class=\"eael-content-timeline-content\"><span class=\"eael-date\">2022<\/span><h2 class=\"eael-timeline-title\">Relocation of the Berlin branch<\/h2><div class=\"eael-timeline-excerpt\"><p><img loading=\"lazy\" decoding=\"async\" class=\"alignleft wp-image-48367 size-full\" src=\"https:\/\/konferenztechnik.de\/wp-content\/uploads\/2025\/09\/483098937_9334542569914857_7972693768673313552_n.avif\" alt=\"PCS Berlin - K\u00f6penicker STra\u00dfe\" width=\"2016\" height=\"1512\" title=\"\" srcset=\"https:\/\/konferenztechnik.de\/wp-content\/uploads\/2025\/09\/483098937_9334542569914857_7972693768673313552_n.avif 2016w, https:\/\/konferenztechnik.de\/wp-content\/uploads\/2025\/09\/483098937_9334542569914857_7972693768673313552_n-300x225.avif 300w, https:\/\/konferenztechnik.de\/wp-content\/uploads\/2025\/09\/483098937_9334542569914857_7972693768673313552_n-1024x768.avif 1024w, https:\/\/konferenztechnik.de\/wp-content\/uploads\/2025\/09\/483098937_9334542569914857_7972693768673313552_n-768x576.avif 768w, https:\/\/konferenztechnik.de\/wp-content\/uploads\/2025\/09\/483098937_9334542569914857_7972693768673313552_n-1536x1152.avif 1536w, https:\/\/konferenztechnik.de\/wp-content\/uploads\/2025\/09\/483098937_9334542569914857_7972693768673313552_n-16x12.avif 16w\" sizes=\"(max-width: 2016px) 100vw, 2016px\" \/>Our Berlin branch has moved from Zossener Strasse to beautiful new premises on K\u00f6penicker Strasse in Kreuzberg. There we have significantly more space for storage and, in particular, for the new interpreting studios as well as expanded office space.<\/p><\/div><\/div><\/div>\t\t\t\t\t\t\t\t\t\t\t\t\t\t\t\t\t\t<div class=\"eael-content-timeline-block\">\n    <div class=\"eael-content-timeline-line\">\n        <div class=\"eael-content-timeline-inner\"><\/div>\n    <\/div>\n    <div class=\"eael-content-timeline-img eael-picture\"><svg class=\"e-font-icon-svg e-fas-star\" viewbox=\"0 0 576 512\" xmlns=\"http:\/\/www.w3.org\/2000\/svg\"><path d=\"M259.3 17.8L194 150.2 47.9 171.5c-26.2 3.8-36.7 36.1-17.7 54.6l105.7 103-25 145.5c-4.5 26.3 23.2 46 46.4 33.7L288 439.6l130.7 68.7c23.2 12.2 50.9-7.4 46.4-33.7l-25-145.5 105.7-103c19-18.5 8.5-50.8-17.7-54.6L382 150.2 316.7 17.8c-11.7-23.6-45.6-23.9-57.4 0z\"><\/path><\/svg><\/div><div class=\"eael-content-timeline-content\"><span class=\"eael-date\">2021<\/span><h2 class=\"eael-timeline-title\">We operate interpreting hubs throughout Germany<\/h2><div class=\"eael-timeline-excerpt\"><p><img loading=\"lazy\" decoding=\"async\" class=\"alignleft wp-image-48428 size-full\" src=\"https:\/\/konferenztechnik.de\/wp-content\/uploads\/2025\/09\/RSI-Dolmetsch-Hubs.avif\" alt=\"RSI interpreting hubs\" width=\"1500\" height=\"991\" title=\"\" srcset=\"https:\/\/konferenztechnik.de\/wp-content\/uploads\/2025\/09\/RSI-Dolmetsch-Hubs.avif 1500w, https:\/\/konferenztechnik.de\/wp-content\/uploads\/2025\/09\/RSI-Dolmetsch-Hubs-300x198.avif 300w, https:\/\/konferenztechnik.de\/wp-content\/uploads\/2025\/09\/RSI-Dolmetsch-Hubs-1024x677.avif 1024w, https:\/\/konferenztechnik.de\/wp-content\/uploads\/2025\/09\/RSI-Dolmetsch-Hubs-768x507.avif 768w, https:\/\/konferenztechnik.de\/wp-content\/uploads\/2025\/09\/RSI-Dolmetsch-Hubs-18x12.avif 18w\" sizes=\"(max-width: 1500px) 100vw, 1500px\" \/><\/p><p>We operate professional service centers in all our stores. <strong>Interpreting hubs<\/strong>which are specially equipped for Remote Simultaneous Interpreting (RSI).<\/p><p>These studios experienced their heyday during the pandemic, when video conferences and hybrid events were technically supported and simultaneously interpreted on an almost daily basis. Today, RSI is an established standard \u2013 and we have made a decisive contribution to this with the development of suitable systems and infrastructures as well as our work in DIN and ISO committees.<\/p><\/div><\/div><\/div>\t\t\t\t\t\t\t\t\t\t\t\t\t\t\t\t\t\t<div class=\"eael-content-timeline-block\">\n    <div class=\"eael-content-timeline-line\">\n        <div class=\"eael-content-timeline-inner\"><\/div>\n    <\/div>\n    <div class=\"eael-content-timeline-img eael-picture\"><\/div><div class=\"eael-content-timeline-content\"><span class=\"eael-date\">2021<\/span><h2 class=\"eael-timeline-title\">New managing directors Gunnar Hermenau and Thorsten Gei\u00dfler<\/h2><div class=\"eael-timeline-excerpt\"><p><img loading=\"lazy\" decoding=\"async\" class=\"alignleft wp-image-48358 size-full\" src=\"https:\/\/konferenztechnik.de\/wp-content\/uploads\/2025\/09\/PCS-konferenztechnik-Geschaeftsfuehrung-04.avif\" alt=\"PCS konferenztechnik - Management - 04\" width=\"1400\" height=\"788\" title=\"\" srcset=\"https:\/\/konferenztechnik.de\/wp-content\/uploads\/2025\/09\/PCS-konferenztechnik-Geschaeftsfuehrung-04.avif 1400w, https:\/\/konferenztechnik.de\/wp-content\/uploads\/2025\/09\/PCS-konferenztechnik-Geschaeftsfuehrung-04-300x169.avif 300w, https:\/\/konferenztechnik.de\/wp-content\/uploads\/2025\/09\/PCS-konferenztechnik-Geschaeftsfuehrung-04-1024x576.avif 1024w, https:\/\/konferenztechnik.de\/wp-content\/uploads\/2025\/09\/PCS-konferenztechnik-Geschaeftsfuehrung-04-768x432.avif 768w, https:\/\/konferenztechnik.de\/wp-content\/uploads\/2025\/09\/PCS-konferenztechnik-Geschaeftsfuehrung-04-18x10.avif 18w\" sizes=\"(max-width: 1400px) 100vw, 1400px\" \/>Gunnar Hermenau and Thorsten Gei\u00dfler are the new Managing Directors at PCS and will support Dirk Neumann and J\u00f6rg Peschka with immediate effect. The two founders will remain partners and managing directors, but want to step back more.<\/p><\/div><\/div><\/div>\t\t\t\t\t\t\t\t\t\t\t\t\t\t\t\t\t\t<div class=\"eael-content-timeline-block\">\n    <div class=\"eael-content-timeline-line\">\n        <div class=\"eael-content-timeline-inner\"><\/div>\n    <\/div>\n    <div class=\"eael-content-timeline-img eael-picture\"><svg class=\"e-font-icon-svg e-fas-leaf\" viewbox=\"0 0 576 512\" xmlns=\"http:\/\/www.w3.org\/2000\/svg\"><path d=\"M546.2 9.7c-5.6-12.5-21.6-13-28.3-1.2C486.9 62.4 431.4 96 368 96h-80C182 96 96 182 96 288c0 7 .8 13.7 1.5 20.5C161.3 262.8 253.4 224 384 224c8.8 0 16 7.2 16 16s-7.2 16-16 16C132.6 256 26 410.1 2.4 468c-6.6 16.3 1.2 34.9 17.5 41.6 16.4 6.8 35-1.1 41.8-17.3 1.5-3.6 20.9-47.9 71.9-90.6 32.4 43.9 94 85.8 174.9 77.2C465.5 467.5 576 326.7 576 154.3c0-50.2-10.8-102.2-29.8-144.6z\"><\/path><\/svg><\/div><div class=\"eael-content-timeline-content\"><span class=\"eael-date\">2021<\/span><h2 class=\"eael-timeline-title\">Certification as Sustainable Partner \"High Performer\u201d<\/h2><div class=\"eael-timeline-excerpt\"><p><img loading=\"lazy\" decoding=\"async\" class=\"alignleft wp-image-19752 size-full\" src=\"https:\/\/konferenztechnik.de\/wp-content\/uploads\/2022\/06\/sustainable-meetings-berlin-konferenztechnik.jpg\" alt=\"\" width=\"405\" height=\"270\" title=\"\" srcset=\"https:\/\/konferenztechnik.de\/wp-content\/uploads\/2022\/06\/sustainable-meetings-berlin-konferenztechnik.jpg 405w, https:\/\/konferenztechnik.de\/wp-content\/uploads\/2022\/06\/sustainable-meetings-berlin-konferenztechnik-300x200.jpg 300w\" sizes=\"(max-width: 405px) 100vw, 405px\" \/>What we have been practicing for a long time is now official: we are certified as a Sustainable Partner Berlin. This shows that sustainability is firmly anchored in our services, our technology and in our company.<\/p><\/div><\/div><\/div>\t\t\t\t\t\t\t\t\t\t\t\t\t\t\t\t\t\t<div class=\"eael-content-timeline-block\">\n    <div class=\"eael-content-timeline-line\">\n        <div class=\"eael-content-timeline-inner\"><\/div>\n    <\/div>\n    <div class=\"eael-content-timeline-img eael-picture\"><\/div><div class=\"eael-content-timeline-content\"><span class=\"eael-date\">2020<\/span><h2 class=\"eael-timeline-title\">DECT radio transmission<\/h2><div class=\"eael-timeline-excerpt\"><p><img loading=\"lazy\" decoding=\"async\" class=\"alignleft wp-image-48351 size-full\" src=\"https:\/\/konferenztechnik.de\/wp-content\/uploads\/2025\/09\/unite.avif\" alt=\"UNITE - DECT receiver\" width=\"956\" height=\"1120\" title=\"\" srcset=\"https:\/\/konferenztechnik.de\/wp-content\/uploads\/2025\/09\/unite.avif 956w, https:\/\/konferenztechnik.de\/wp-content\/uploads\/2025\/09\/unite-256x300.avif 256w, https:\/\/konferenztechnik.de\/wp-content\/uploads\/2025\/09\/unite-874x1024.avif 874w, https:\/\/konferenztechnik.de\/wp-content\/uploads\/2025\/09\/unite-768x900.avif 768w, https:\/\/konferenztechnik.de\/wp-content\/uploads\/2025\/09\/unite-10x12.avif 10w\" sizes=\"(max-width: 956px) 100vw, 956px\" \/>In 2020, we invested heavily in the new DECT transmission technology UNITE, which was developed by Beyerdynamic. The system has since been taken over and further developed by Televic \u2013 and is now considered the most modern and longest-range transmission system for conference receivers on the market.<\/p><\/div><\/div><\/div>\t\t\t\t\t\t\t\t\t\t\t\t\t\t\t\t\t\t<div class=\"eael-content-timeline-block\">\n    <div class=\"eael-content-timeline-line\">\n        <div class=\"eael-content-timeline-inner\"><\/div>\n    <\/div>\n    <div class=\"eael-content-timeline-img eael-picture\"><svg class=\"e-font-icon-svg e-fas-thumbs-up\" viewbox=\"0 0 512 512\" xmlns=\"http:\/\/www.w3.org\/2000\/svg\"><path d=\"M104 224H24c-13.255 0-24 10.745-24 24v240c0 13.255 10.745 24 24 24h80c13.255 0 24-10.745 24-24V248c0-13.255-10.745-24-24-24zM64 472c-13.255 0-24-10.745-24-24s10.745-24 24-24 24 10.745 24 24-10.745 24-24 24zM384 81.452c0 42.416-25.97 66.208-33.277 94.548h101.723c33.397 0 59.397 27.746 59.553 58.098.084 17.938-7.546 37.249-19.439 49.197l-.11.11c9.836 23.337 8.237 56.037-9.308 79.469 8.681 25.895-.069 57.704-16.382 74.757 4.298 17.598 2.244 32.575-6.148 44.632C440.202 511.587 389.616 512 346.839 512l-2.845-.001c-48.287-.017-87.806-17.598-119.56-31.725-15.957-7.099-36.821-15.887-52.651-16.178-6.54-.12-11.783-5.457-11.783-11.998v-213.77c0-3.2 1.282-6.271 3.558-8.521 39.614-39.144 56.648-80.587 89.117-113.111 14.804-14.832 20.188-37.236 25.393-58.902C282.515 39.293 291.817 0 312 0c24 0 72 8 72 81.452z\"><\/path><\/svg><\/div><div class=\"eael-content-timeline-content\"><span class=\"eael-date\">2018<\/span><h2 class=\"eael-timeline-title\">We are specialist dealers of well-known manufacturers<\/h2><div class=\"eael-timeline-excerpt\"><p><img loading=\"lazy\" decoding=\"async\" class=\"alignleft wp-image-48440 size-full\" src=\"https:\/\/konferenztechnik.de\/wp-content\/uploads\/2025\/09\/IMG_0016_1.avif\" alt=\"PCS at Shure\" width=\"1147\" height=\"790\" title=\"\" srcset=\"https:\/\/konferenztechnik.de\/wp-content\/uploads\/2025\/09\/IMG_0016_1.avif 1147w, https:\/\/konferenztechnik.de\/wp-content\/uploads\/2025\/09\/IMG_0016_1-300x207.avif 300w, https:\/\/konferenztechnik.de\/wp-content\/uploads\/2025\/09\/IMG_0016_1-1024x705.avif 1024w, https:\/\/konferenztechnik.de\/wp-content\/uploads\/2025\/09\/IMG_0016_1-768x529.avif 768w, https:\/\/konferenztechnik.de\/wp-content\/uploads\/2025\/09\/IMG_0016_1-18x12.avif 18w\" sizes=\"(max-width: 1147px) 100vw, 1147px\" \/><\/p><p>In addition to installation and rental, the <strong>Sale of AV media technology<\/strong> has become another strong pillar of PCS. We are now specialist dealers and partners of numerous well-known manufacturers in the audio and video technology \u2013 sectors, including Bosch, Sennheiser, Televic, Audipack, Extron, QSC, Sharp\/NEC, i3-Technologies and, of course, Shure, as you can see in the picture.<\/p><\/div><\/div><\/div>\t\t\t\t\t\t\t\t\t\t\t\t\t\t\t\t\t\t<div class=\"eael-content-timeline-block\">\n    <div class=\"eael-content-timeline-line\">\n        <div class=\"eael-content-timeline-inner\"><\/div>\n    <\/div>\n    <div class=\"eael-content-timeline-img eael-picture\"><svg class=\"e-font-icon-svg e-fas-thumbs-up\" viewbox=\"0 0 512 512\" xmlns=\"http:\/\/www.w3.org\/2000\/svg\"><path d=\"M104 224H24c-13.255 0-24 10.745-24 24v240c0 13.255 10.745 24 24 24h80c13.255 0 24-10.745 24-24V248c0-13.255-10.745-24-24-24zM64 472c-13.255 0-24-10.745-24-24s10.745-24 24-24 24 10.745 24 24-10.745 24-24 24zM384 81.452c0 42.416-25.97 66.208-33.277 94.548h101.723c33.397 0 59.397 27.746 59.553 58.098.084 17.938-7.546 37.249-19.439 49.197l-.11.11c9.836 23.337 8.237 56.037-9.308 79.469 8.681 25.895-.069 57.704-16.382 74.757 4.298 17.598 2.244 32.575-6.148 44.632C440.202 511.587 389.616 512 346.839 512l-2.845-.001c-48.287-.017-87.806-17.598-119.56-31.725-15.957-7.099-36.821-15.887-52.651-16.178-6.54-.12-11.783-5.457-11.783-11.998v-213.77c0-3.2 1.282-6.271 3.558-8.521 39.614-39.144 56.648-80.587 89.117-113.111 14.804-14.832 20.188-37.236 25.393-58.902C282.515 39.293 291.817 0 312 0c24 0 72 8 72 81.452z\"><\/path><\/svg><\/div><div class=\"eael-content-timeline-content\"><span class=\"eael-date\">2018<\/span><h2 class=\"eael-timeline-title\">Certification as a certified event service provider DPVT<\/h2><div class=\"eael-timeline-excerpt\"><p><img loading=\"lazy\" decoding=\"async\" class=\"alignleft wp-image-48353 size-full\" src=\"https:\/\/konferenztechnik.de\/wp-content\/uploads\/2025\/09\/dpvt-.avif\" alt=\"DPVT certificate\" width=\"487\" height=\"685\" title=\"\" srcset=\"https:\/\/konferenztechnik.de\/wp-content\/uploads\/2025\/09\/dpvt-.avif 487w, https:\/\/konferenztechnik.de\/wp-content\/uploads\/2025\/09\/dpvt--213x300.avif 213w, https:\/\/konferenztechnik.de\/wp-content\/uploads\/2025\/09\/dpvt--9x12.avif 9w\" sizes=\"(max-width: 487px) 100vw, 487px\" \/>In 2018, we were certified as an event service provider according to DPVT. This certificate confirms that we meet the highest standards in quality management and industry-specific norms. The certification stands for our professionalization, continuous improvements and a structured, risk-minimized way of working in the event sector.<\/p><\/div><\/div><\/div>\t\t\t\t\t\t\t\t\t\t\t\t\t\t\t\t\t\t<div class=\"eael-content-timeline-block\">\n    <div class=\"eael-content-timeline-line\">\n        <div class=\"eael-content-timeline-inner\"><\/div>\n    <\/div>\n    <div class=\"eael-content-timeline-img eael-picture\"><\/div><div class=\"eael-content-timeline-content\"><span class=\"eael-date\">2013<\/span><h2 class=\"eael-timeline-title\"> Opening of the Munich branch<\/h2><div class=\"eael-timeline-excerpt\"><p><img loading=\"lazy\" decoding=\"async\" class=\"alignleft wp-image-48336 size-full\" src=\"https:\/\/konferenztechnik.de\/wp-content\/uploads\/2025\/09\/Muenchen-Gewerbepark-Laim-2013-11.avif\" alt=\"\" width=\"859\" height=\"483\" title=\"\" srcset=\"https:\/\/konferenztechnik.de\/wp-content\/uploads\/2025\/09\/Muenchen-Gewerbepark-Laim-2013-11.avif 859w, https:\/\/konferenztechnik.de\/wp-content\/uploads\/2025\/09\/Muenchen-Gewerbepark-Laim-2013-11-300x169.avif 300w, https:\/\/konferenztechnik.de\/wp-content\/uploads\/2025\/09\/Muenchen-Gewerbepark-Laim-2013-11-768x432.avif 768w, https:\/\/konferenztechnik.de\/wp-content\/uploads\/2025\/09\/Muenchen-Gewerbepark-Laim-2013-11-18x10.avif 18w\" sizes=\"(max-width: 859px) 100vw, 859px\" \/>In 2013, we opened our branch in Munich under the management of Sebastian Gegusch. This strategically important location in a dynamic city offers us an excellent basis for being even closer to our customers in southern Germany and responding flexibly to their wishes.<\/p><\/div><\/div><\/div>\t\t\t\t\t\t\t\t\t\t\t\t\t\t\t\t\t\t<div class=\"eael-content-timeline-block\">\n    <div class=\"eael-content-timeline-line\">\n        <div class=\"eael-content-timeline-inner\"><\/div>\n    <\/div>\n    <div class=\"eael-content-timeline-img eael-picture\"><svg class=\"e-font-icon-svg e-fas-star\" viewbox=\"0 0 576 512\" xmlns=\"http:\/\/www.w3.org\/2000\/svg\"><path d=\"M259.3 17.8L194 150.2 47.9 171.5c-26.2 3.8-36.7 36.1-17.7 54.6l105.7 103-25 145.5c-4.5 26.3 23.2 46 46.4 33.7L288 439.6l130.7 68.7c23.2 12.2 50.9-7.4 46.4-33.7l-25-145.5 105.7-103c19-18.5 8.5-50.8-17.7-54.6L382 150.2 316.7 17.8c-11.7-23.6-45.6-23.9-57.4 0z\"><\/path><\/svg><\/div><div class=\"eael-content-timeline-content\"><span class=\"eael-date\">2011<\/span><h2 class=\"eael-timeline-title\">Large media technology installation in the Fritz Thyssen Foundation<\/h2><div class=\"eael-timeline-excerpt\"><p><img loading=\"lazy\" decoding=\"async\" class=\"alignleft wp-image-48421 size-full\" src=\"https:\/\/konferenztechnik.de\/wp-content\/uploads\/2025\/09\/fritz-thyssen.avif\" alt=\"\" width=\"592\" height=\"839\" title=\"\" srcset=\"https:\/\/konferenztechnik.de\/wp-content\/uploads\/2025\/09\/fritz-thyssen.avif 592w, https:\/\/konferenztechnik.de\/wp-content\/uploads\/2025\/09\/fritz-thyssen-212x300.avif 212w, https:\/\/konferenztechnik.de\/wp-content\/uploads\/2025\/09\/fritz-thyssen-8x12.avif 8w\" sizes=\"(max-width: 592px) 100vw, 592px\" \/>In 2011, as PCS Vertriebs- und Service GmbH, we carried out one of our first major projects in the field of AV media technology installation, as reported by the trade magazine Professional System: We took on the complete integration and installation of modern media and conference technology at the new headquarters of the Fritz Thyssen Foundation in Cologne. The focus was on our network-based overall solution \u2013 with fiber optic networking, digital signal distribution and the equipment of several event and conference rooms with innovative control and presentation systems. With this milestone, we have shown that we can reliably implement sophisticated complete solutions even under complex structural and architectural conditions.<\/p><\/div><\/div><\/div>\t\t\t\t\t\t\t\t\t\t\t\t\t\t\t\t\t\t<div class=\"eael-content-timeline-block\">\n    <div class=\"eael-content-timeline-line\">\n        <div class=\"eael-content-timeline-inner\"><\/div>\n    <\/div>\n    <div class=\"eael-content-timeline-img eael-picture\"><svg class=\"e-font-icon-svg e-fas-star\" viewbox=\"0 0 576 512\" xmlns=\"http:\/\/www.w3.org\/2000\/svg\"><path d=\"M259.3 17.8L194 150.2 47.9 171.5c-26.2 3.8-36.7 36.1-17.7 54.6l105.7 103-25 145.5c-4.5 26.3 23.2 46 46.4 33.7L288 439.6l130.7 68.7c23.2 12.2 50.9-7.4 46.4-33.7l-25-145.5 105.7-103c19-18.5 8.5-50.8-17.7-54.6L382 150.2 316.7 17.8c-11.7-23.6-45.6-23.9-57.4 0z\"><\/path><\/svg><\/div><div class=\"eael-content-timeline-content\"><span class=\"eael-date\">2006<\/span><h2 class=\"eael-timeline-title\">Foundation of PCS der Vertriebs- und Service GmbH<\/h2><div class=\"eael-timeline-excerpt\"><p><img loading=\"lazy\" decoding=\"async\" class=\"alignleft wp-image-48354 size-full\" src=\"https:\/\/konferenztechnik.de\/wp-content\/uploads\/2025\/09\/pcs-vertrieb-altes-logopng.avif\" alt=\"PCS Vertriebs- und Service GmbH old logo\" width=\"836\" height=\"529\" title=\"\" srcset=\"https:\/\/konferenztechnik.de\/wp-content\/uploads\/2025\/09\/pcs-vertrieb-altes-logopng.avif 836w, https:\/\/konferenztechnik.de\/wp-content\/uploads\/2025\/09\/pcs-vertrieb-altes-logopng-300x190.avif 300w, https:\/\/konferenztechnik.de\/wp-content\/uploads\/2025\/09\/pcs-vertrieb-altes-logopng-768x486.avif 768w, https:\/\/konferenztechnik.de\/wp-content\/uploads\/2025\/09\/pcs-vertrieb-altes-logopng-18x12.avif 18w\" sizes=\"(max-width: 836px) 100vw, 836px\" \/>At the end of 2006, we founded our sister company, PCS Vertriebs- und Service GmbH, in D\u00fcsseldorf under the direction of Dirk Neumann. Here we take care of the installation, sale, maintenance and planning of AV media technology and conference technology. Both companies exist side by side and complement each other with their services and offers.<\/p><\/div><\/div><\/div>\t\t\t\t\t\t\t\t\t\t\t\t\t\t\t\t\t\t<div class=\"eael-content-timeline-block\">\n    <div class=\"eael-content-timeline-line\">\n        <div class=\"eael-content-timeline-inner\"><\/div>\n    <\/div>\n    <div class=\"eael-content-timeline-img eael-picture\"><svg class=\"e-font-icon-svg e-fas-basketball-ball\" viewbox=\"0 0 496 512\" xmlns=\"http:\/\/www.w3.org\/2000\/svg\"><path d=\"M212.3 10.3c-43.8 6.3-86.2 24.1-122.2 53.8l77.4 77.4c27.8-35.8 43.3-81.2 44.8-131.2zM248 222L405.9 64.1c-42.4-35-93.6-53.5-145.5-56.1-1.2 63.9-21.5 122.3-58.7 167.7L248 222zM56.1 98.1c-29.7 36-47.5 78.4-53.8 122.2 50-1.5 95.5-17 131.2-44.8L56.1 98.1zm272.2 204.2c45.3-37.1 103.7-57.4 167.7-58.7-2.6-51.9-21.1-103.1-56.1-145.5L282 256l46.3 46.3zM248 290L90.1 447.9c42.4 34.9 93.6 53.5 145.5 56.1 1.3-64 21.6-122.4 58.7-167.7L248 290zm191.9 123.9c29.7-36 47.5-78.4 53.8-122.2-50.1 1.6-95.5 17.1-131.2 44.8l77.4 77.4zM167.7 209.7C122.3 246.9 63.9 267.3 0 268.4c2.6 51.9 21.1 103.1 56.1 145.5L214 256l-46.3-46.3zm116 292c43.8-6.3 86.2-24.1 122.2-53.8l-77.4-77.4c-27.7 35.7-43.2 81.2-44.8 131.2z\"><\/path><\/svg><\/div><div class=\"eael-content-timeline-content\"><span class=\"eael-date\">2005<\/span><h2 class=\"eael-timeline-title\">2006 World Cup final draw<\/h2><div class=\"eael-timeline-excerpt\"><p><img loading=\"lazy\" decoding=\"async\" class=\"alignleft wp-image-48342 size-full\" src=\"https:\/\/konferenztechnik.de\/wp-content\/uploads\/2025\/09\/wm-auslosung-2006-mit-pcs-konferenztechnik-1.avif\" alt=\"\" width=\"1500\" height=\"1125\" title=\"\" srcset=\"https:\/\/konferenztechnik.de\/wp-content\/uploads\/2025\/09\/wm-auslosung-2006-mit-pcs-konferenztechnik-1.avif 1500w, https:\/\/konferenztechnik.de\/wp-content\/uploads\/2025\/09\/wm-auslosung-2006-mit-pcs-konferenztechnik-1-300x225.avif 300w, https:\/\/konferenztechnik.de\/wp-content\/uploads\/2025\/09\/wm-auslosung-2006-mit-pcs-konferenztechnik-1-1024x768.avif 1024w, https:\/\/konferenztechnik.de\/wp-content\/uploads\/2025\/09\/wm-auslosung-2006-mit-pcs-konferenztechnik-1-768x576.avif 768w, https:\/\/konferenztechnik.de\/wp-content\/uploads\/2025\/09\/wm-auslosung-2006-mit-pcs-konferenztechnik-1-16x12.avif 16w\" sizes=\"(max-width: 1500px) 100vw, 1500px\" \/>In December 2005, we were responsible for the simultaneous interpreting technology at the final draw for the 2006 World Cup in Leipzig. With 4,000 radio receivers for five languages, we set the standard at the time \u2013 - a scale never before seen in radio technology for simultaneous interpretation.<\/p><\/div><\/div><\/div>\t\t\t\t\t\t\t\t\t\t\t\t\t\t\t\t\t\t<div class=\"eael-content-timeline-block\">\n    <div class=\"eael-content-timeline-line\">\n        <div class=\"eael-content-timeline-inner\"><\/div>\n    <\/div>\n    <div class=\"eael-content-timeline-img eael-picture\"><\/div><div class=\"eael-content-timeline-content\"><span class=\"eael-date\">2005<\/span><h2 class=\"eael-timeline-title\">Opening of the Heilbronn branch<\/h2><div class=\"eael-timeline-excerpt\"><p><img loading=\"lazy\" decoding=\"async\" class=\"alignleft wp-image-48404 size-full\" src=\"https:\/\/konferenztechnik.de\/wp-content\/uploads\/2025\/09\/heilbronn2b.avif\" alt=\"\" width=\"620\" height=\"432\" title=\"\" srcset=\"https:\/\/konferenztechnik.de\/wp-content\/uploads\/2025\/09\/heilbronn2b.avif 620w, https:\/\/konferenztechnik.de\/wp-content\/uploads\/2025\/09\/heilbronn2b-300x209.avif 300w, https:\/\/konferenztechnik.de\/wp-content\/uploads\/2025\/09\/heilbronn2b-18x12.avif 18w\" sizes=\"(max-width: 620px) 100vw, 620px\" \/>In order to better serve our growing clientele in southern Germany, the idea of a branch in the south became more and more concrete. With Beyerdynamic as a reliable partner and Shure just around the corner, our choice quickly fell on Heilbronn. In 2005, we started with Carsten Adam, who set up and managed the branch. Shown here together with Sebastian Gegusch, who now manages the Munich branch of PCS.<\/p><\/div><\/div><\/div>\t\t\t\t\t\t\t\t\t\t\t\t\t\t\t\t\t\t<div class=\"eael-content-timeline-block\">\n    <div class=\"eael-content-timeline-line\">\n        <div class=\"eael-content-timeline-inner\"><\/div>\n    <\/div>\n    <div class=\"eael-content-timeline-img eael-picture\"><\/div><div class=\"eael-content-timeline-content\"><span class=\"eael-date\">2001<\/span><h2 class=\"eael-timeline-title\">Radio technology for interpretation receivers<\/h2><div class=\"eael-timeline-excerpt\"><p><img loading=\"lazy\" decoding=\"async\" class=\"alignleft wp-image-48352 size-full\" src=\"https:\/\/konferenztechnik.de\/wp-content\/uploads\/2025\/09\/PCS-Messestand-BDUe-Berlin-Sep-09-030.avif\" alt=\"PCS booth BD\u00dc Berlin - Sep 09 - 030\" width=\"1500\" height=\"1000\" title=\"\" srcset=\"https:\/\/konferenztechnik.de\/wp-content\/uploads\/2025\/09\/PCS-Messestand-BDUe-Berlin-Sep-09-030.avif 1500w, https:\/\/konferenztechnik.de\/wp-content\/uploads\/2025\/09\/PCS-Messestand-BDUe-Berlin-Sep-09-030-300x200.avif 300w, https:\/\/konferenztechnik.de\/wp-content\/uploads\/2025\/09\/PCS-Messestand-BDUe-Berlin-Sep-09-030-1024x683.avif 1024w, https:\/\/konferenztechnik.de\/wp-content\/uploads\/2025\/09\/PCS-Messestand-BDUe-Berlin-Sep-09-030-768x512.avif 768w, https:\/\/konferenztechnik.de\/wp-content\/uploads\/2025\/09\/PCS-Messestand-BDUe-Berlin-Sep-09-030-18x12.avif 18w\" sizes=\"(max-width: 1500px) 100vw, 1500px\" \/>With the new Beyerdynamic TTS 30 wireless technology system, wireless technology was introduced as a competitor to infrared transmission. At the time, we encouraged Beyerdynamic to develop stationary transmitters for the wireless receivers \u2013 - a milestone for voice transmission at conferences.<\/p><\/div><\/div><\/div>\t\t\t\t\t\t\t\t\t\t\t\t\t\t\t\t\t\t<div class=\"eael-content-timeline-block\">\n    <div class=\"eael-content-timeline-line\">\n        <div class=\"eael-content-timeline-inner\"><\/div>\n    <\/div>\n    <div class=\"eael-content-timeline-img eael-picture\"><svg class=\"e-font-icon-svg e-fas-star\" viewbox=\"0 0 576 512\" xmlns=\"http:\/\/www.w3.org\/2000\/svg\"><path d=\"M259.3 17.8L194 150.2 47.9 171.5c-26.2 3.8-36.7 36.1-17.7 54.6l105.7 103-25 145.5c-4.5 26.3 23.2 46 46.4 33.7L288 439.6l130.7 68.7c23.2 12.2 50.9-7.4 46.4-33.7l-25-145.5 105.7-103c19-18.5 8.5-50.8-17.7-54.6L382 150.2 316.7 17.8c-11.7-23.6-45.6-23.9-57.4 0z\"><\/path><\/svg><\/div><div class=\"eael-content-timeline-content\"><span class=\"eael-date\">2000<\/span><h2 class=\"eael-timeline-title\">Opening of the Berlin branch<\/h2><div class=\"eael-timeline-excerpt\"><p><img loading=\"lazy\" decoding=\"async\" class=\"alignleft wp-image-48330 size-full\" src=\"https:\/\/konferenztechnik.de\/wp-content\/uploads\/2025\/09\/Zossener-Strasse-Berlin-2021-03-edit-.avif\" alt=\"PCS branch Zossener Stra\u00dfe Berlin. Until 2022.\" width=\"1500\" height=\"1072\" title=\"\" srcset=\"https:\/\/konferenztechnik.de\/wp-content\/uploads\/2025\/09\/Zossener-Strasse-Berlin-2021-03-edit-.avif 1500w, https:\/\/konferenztechnik.de\/wp-content\/uploads\/2025\/09\/Zossener-Strasse-Berlin-2021-03-edit--300x214.avif 300w, https:\/\/konferenztechnik.de\/wp-content\/uploads\/2025\/09\/Zossener-Strasse-Berlin-2021-03-edit--1024x732.avif 1024w, https:\/\/konferenztechnik.de\/wp-content\/uploads\/2025\/09\/Zossener-Strasse-Berlin-2021-03-edit--768x549.avif 768w, https:\/\/konferenztechnik.de\/wp-content\/uploads\/2025\/09\/Zossener-Strasse-Berlin-2021-03-edit--18x12.avif 18w\" sizes=\"(max-width: 1500px) 100vw, 1500px\" \/><\/p><p>When the government moved from Bonn to Berlin in 1999, it quickly became clear to us that the caravan was moving inexorably to the capital. In addition to ministries, NGOs and many companies with representative offices in Berlin are also joining \u2013 - the event scene in Berlin is changing noticeably. That's why we decided to open a Berlin branch. J\u00f6rg Peschka and our technician Lars M\u00fcller moved to Berlin and set up the location.<\/p><\/div><\/div><\/div>\t\t\t\t\t\t\t\t\t\t\t\t\t\t\t\t\t\t<div class=\"eael-content-timeline-block\">\n    <div class=\"eael-content-timeline-line\">\n        <div class=\"eael-content-timeline-inner\"><\/div>\n    <\/div>\n    <div class=\"eael-content-timeline-img eael-picture\"><\/div><div class=\"eael-content-timeline-content\"><span class=\"eael-date\">2001<\/span><h2 class=\"eael-timeline-title\">Relocation Reisholzer Werftstra\u00dfe<\/h2><div class=\"eael-timeline-excerpt\"><p><img loading=\"lazy\" decoding=\"async\" class=\"alignleft wp-image-48447 size-full\" src=\"https:\/\/konferenztechnik.de\/wp-content\/uploads\/2025\/09\/inline-1.avif\" alt=\"View of the hall in Reisholzer Werftstra\u00dfe during the move\" width=\"1275\" height=\"1200\" title=\"\" srcset=\"https:\/\/konferenztechnik.de\/wp-content\/uploads\/2025\/09\/inline-1.avif 1275w, https:\/\/konferenztechnik.de\/wp-content\/uploads\/2025\/09\/inline-1-300x282.avif 300w, https:\/\/konferenztechnik.de\/wp-content\/uploads\/2025\/09\/inline-1-1024x964.avif 1024w, https:\/\/konferenztechnik.de\/wp-content\/uploads\/2025\/09\/inline-1-768x723.avif 768w, https:\/\/konferenztechnik.de\/wp-content\/uploads\/2025\/09\/inline-1-13x12.avif 13w\" sizes=\"(max-width: 1275px) 100vw, 1275px\" \/><\/p><p>After the warehouse and office space in Lindenstra\u00dfe was bursting at the seams, we moved to Reisholzer Werftstra\u00dfe in the south of D\u00fcsseldorf. There we found more space for our growth with a large hall and offices on two floors. Over 20 years later, the building was modernized and expanded several times \u2013 and we are still here today.<\/p><\/div><\/div><\/div>\t\t\t\t\t\t\t\t\t\t\t\t\t\t\t\t\t\t<div class=\"eael-content-timeline-block\">\n    <div class=\"eael-content-timeline-line\">\n        <div class=\"eael-content-timeline-inner\"><\/div>\n    <\/div>\n    <div class=\"eael-content-timeline-img eael-picture\"><svg class=\"e-font-icon-svg e-fas-star\" viewbox=\"0 0 576 512\" xmlns=\"http:\/\/www.w3.org\/2000\/svg\"><path d=\"M259.3 17.8L194 150.2 47.9 171.5c-26.2 3.8-36.7 36.1-17.7 54.6l105.7 103-25 145.5c-4.5 26.3 23.2 46 46.4 33.7L288 439.6l130.7 68.7c23.2 12.2 50.9-7.4 46.4-33.7l-25-145.5 105.7-103c19-18.5 8.5-50.8-17.7-54.6L382 150.2 316.7 17.8c-11.7-23.6-45.6-23.9-57.4 0z\"><\/path><\/svg><\/div><div class=\"eael-content-timeline-content\"><span class=\"eael-date\">28.09.1995<\/span><h2 class=\"eael-timeline-title\">Foundation of PCS Professional Conference Systems GmbH<\/h2><div class=\"eael-timeline-excerpt\"><p>\u00a0<\/p><p><img loading=\"lazy\" decoding=\"async\" src=\"https:\/\/konferenztechnik.de\/wp-content\/uploads\/2025\/09\/Joerg-und-dirk-gruendung-scaled.avif\" alt=\"\" width=\"2560\" height=\"1706\" title=\"\">On September 28, 1995, the time had come: Dirk Neumann and J\u00f6rg Peschka founded PCS Professional Conference Systems GmbH. With a great deal of motivation and clear goals, their joint journey began.<\/p><\/div><\/div><\/div>\t\t\t\t<\/div>\n\t\t\t<\/div>\n\t\t<\/div>\n\t\t\t\t\t<\/div>\n\t\t\t\t<\/div>\n\t\t\t\t\t<\/div>\n\t\t\t\t<\/div>\n\t\t<div data-particle_enable=\"false\" data-particle-mobile-disabled=\"false\" class=\"elementor-element elementor-element-986d429 e-flex e-con-boxed e-con e-parent\" data-id=\"986d429\" data-element_type=\"container\">\n\t\t\t\t\t<div class=\"e-con-inner\">\n\t\t\t\t\t<\/div>\n\t\t\t\t<\/div>\n\t\t\t\t<\/div>","protected":false},"excerpt":{"rendered":"<p>A lot has happened since we were founded in 1995. \u2013 started out with interpreting technology and has developed into a leading full-service provider for conference and event technology and the installation of modern media technology.<\/p>","protected":false},"author":1,"featured_media":48474,"comment_status":"closed","ping_status":"closed","sticky":false,"template":"","format":"standard","meta":{"_acf_changed":false,"footnotes":""},"categories":[1],"tags":[],"class_list":["post-48284","post","type-post","status-publish","format-standard","has-post-thumbnail","hentry","category-allgemein"],"acf":[],"_links":{"self":[{"href":"https:\/\/konferenztechnik.de\/en\/wp-json\/wp\/v2\/posts\/48284","targetHints":{"allow":["GET"]}}],"collection":[{"href":"https:\/\/konferenztechnik.de\/en\/wp-json\/wp\/v2\/posts"}],"about":[{"href":"https:\/\/konferenztechnik.de\/en\/wp-json\/wp\/v2\/types\/post"}],"author":[{"embeddable":true,"href":"https:\/\/konferenztechnik.de\/en\/wp-json\/wp\/v2\/users\/1"}],"replies":[{"embeddable":true,"href":"https:\/\/konferenztechnik.de\/en\/wp-json\/wp\/v2\/comments?post=48284"}],"version-history":[{"count":0,"href":"https:\/\/konferenztechnik.de\/en\/wp-json\/wp\/v2\/posts\/48284\/revisions"}],"wp:featuredmedia":[{"embeddable":true,"href":"https:\/\/konferenztechnik.de\/en\/wp-json\/wp\/v2\/media\/48474"}],"wp:attachment":[{"href":"https:\/\/konferenztechnik.de\/en\/wp-json\/wp\/v2\/media?parent=48284"}],"wp:term":[{"taxonomy":"category","embeddable":true,"href":"https:\/\/konferenztechnik.de\/en\/wp-json\/wp\/v2\/categories?post=48284"},{"taxonomy":"post_tag","embeddable":true,"href":"https:\/\/konferenztechnik.de\/en\/wp-json\/wp\/v2\/tags?post=48284"}],"curies":[{"name":"wp","href":"https:\/\/api.w.org\/{rel}","templated":true}]}}