{"id":26860,"date":"2023-05-12T08:32:37","date_gmt":"2023-05-12T06:32:37","guid":{"rendered":"http:\/\/dev.konferenztechnik.de\/?p=26860"},"modified":"2023-10-11T10:55:49","modified_gmt":"2023-10-11T08:55:49","slug":"ebr-reuniones-del-comite-de-empresa-europeo-en-linea-hibrido-digital-clasico","status":"publish","type":"post","link":"https:\/\/konferenztechnik.de\/es\/ebr-reuniones-del-comite-de-empresa-europeo-en-linea-hibrido-digital-clasico\/","title":{"rendered":"CEE: reuniones del comit\u00e9 de empresa europeo \u2013 \u00bfen l\u00ednea, h\u00edbridas, digitales, cl\u00e1sicas?"},"content":{"rendered":"<div data-elementor-type=\"wp-post\" data-elementor-id=\"26860\" class=\"elementor elementor-26860\" data-elementor-post-type=\"post\">\n\t\t\t\t<div data-particle_enable=\"false\" data-particle-mobile-disabled=\"false\" class=\"elementor-element elementor-element-7e33ec7 e-flex e-con-boxed e-con e-parent\" data-id=\"7e33ec7\" data-element_type=\"container\">\n\t\t\t\t\t<div class=\"e-con-inner\">\n\t\t\t\t<div class=\"elementor-element elementor-element-d60f76d elementor-widget elementor-widget-heading\" data-id=\"d60f76d\" data-element_type=\"widget\" data-widget_type=\"heading.default\">\n\t\t\t\t<div class=\"elementor-widget-container\">\n\t\t\t\t\t<h1 class=\"elementor-heading-title elementor-size-default\">CEE: reuniones del comit\u00e9 de empresa europeo \u2013 \u00bfen l\u00ednea, h\u00edbridas, digitales, cl\u00e1sicas?<\/h1>\t\t\t\t<\/div>\n\t\t\t\t<\/div>\n\t\t\t\t<div class=\"elementor-element elementor-element-03d8cb1 elementor-widget elementor-widget-image\" data-id=\"03d8cb1\" data-element_type=\"widget\" data-widget_type=\"image.default\">\n\t\t\t\t<div class=\"elementor-widget-container\">\n\t\t\t\t\t\t\t\t\t\t\t\t\t\t\t<img fetchpriority=\"high\" decoding=\"async\" width=\"1300\" height=\"485\" src=\"https:\/\/konferenztechnik.de\/wp-content\/uploads\/2023\/05\/erb-dienstleister.jpg\" class=\"attachment-full size-full wp-image-26864\" alt=\"Dos participantes en la conferencia miran a otros participantes conectados a trav\u00e9s del monitor\" srcset=\"https:\/\/konferenztechnik.de\/wp-content\/uploads\/2023\/05\/erb-dienstleister.jpg 1300w, https:\/\/konferenztechnik.de\/wp-content\/uploads\/2023\/05\/erb-dienstleister-300x112.jpg 300w, https:\/\/konferenztechnik.de\/wp-content\/uploads\/2023\/05\/erb-dienstleister-1024x382.jpg 1024w, https:\/\/konferenztechnik.de\/wp-content\/uploads\/2023\/05\/erb-dienstleister-768x287.jpg 768w, https:\/\/konferenztechnik.de\/wp-content\/uploads\/2023\/05\/erb-dienstleister-18x7.jpg 18w\" sizes=\"(max-width: 1300px) 100vw, 1300px\" title=\"\">\t\t\t\t\t\t\t\t\t\t\t\t\t\t\t<\/div>\n\t\t\t\t<\/div>\n\t\t<div data-particle_enable=\"false\" data-particle-mobile-disabled=\"false\" class=\"elementor-element elementor-element-cf8823b e-flex e-con-boxed e-con e-child\" data-id=\"cf8823b\" data-element_type=\"container\">\n\t\t\t\t\t<div class=\"e-con-inner\">\n\t\t\t\t<div class=\"elementor-element elementor-element-0407bdd elementor-widget elementor-widget-button\" data-id=\"0407bdd\" data-element_type=\"widget\" data-widget_type=\"button.default\">\n\t\t\t\t<div class=\"elementor-widget-container\">\n\t\t\t\t\t\t\t\t\t<div class=\"elementor-button-wrapper\">\n\t\t\t\t\t<a class=\"elementor-button elementor-button-link elementor-size-lg\" href=\"#serviceteam\">\n\t\t\t\t\t\t<span class=\"elementor-button-content-wrapper\">\n\t\t\t\t\t\t<span class=\"elementor-button-icon\">\n\t\t\t\t<svg aria-hidden=\"true\" class=\"e-font-icon-svg e-far-arrow-alt-circle-down\" viewbox=\"0 0 512 512\" xmlns=\"http:\/\/www.w3.org\/2000\/svg\"><path d=\"M256 8C119 8 8 119 8 256s111 248 248 248 248-111 248-248S393 8 256 8zm0 448c-110.5 0-200-89.5-200-200S145.5 56 256 56s200 89.5 200 200-89.5 200-200 200zm-32-316v116h-67c-10.7 0-16 12.9-8.5 20.5l99 99c4.7 4.7 12.3 4.7 17 0l99-99c7.6-7.6 2.2-20.5-8.5-20.5h-67V140c0-6.6-5.4-12-12-12h-40c-6.6 0-12 5.4-12 12z\"><\/path><\/svg>\t\t\t<\/span>\n\t\t\t\t\t\t\t\t\t<span class=\"elementor-button-text\">Solicitar informaci\u00f3n<\/span>\n\t\t\t\t\t<\/span>\n\t\t\t\t\t<\/a>\n\t\t\t\t<\/div>\n\t\t\t\t\t\t\t\t<\/div>\n\t\t\t\t<\/div>\n\t\t\t\t\t<\/div>\n\t\t\t\t<\/div>\n\t\t\t\t\t<\/div>\n\t\t\t\t<\/div>\n\t\t<div data-particle_enable=\"false\" data-particle-mobile-disabled=\"false\" class=\"elementor-element elementor-element-86b2ba7 e-flex e-con-boxed e-con e-parent\" data-id=\"86b2ba7\" data-element_type=\"container\">\n\t\t\t\t\t<div class=\"e-con-inner\">\n\t\t\t\t<div class=\"elementor-element elementor-element-d2e77be elementor-widget elementor-widget-heading\" data-id=\"d2e77be\" data-element_type=\"widget\" data-settings=\"{&quot;_animation&quot;:&quot;none&quot;}\" data-widget_type=\"heading.default\">\n\t\t\t\t<div class=\"elementor-widget-container\">\n\t\t\t\t\t<h2 class=\"elementor-heading-title elementor-size-default\">La comprensibilidad es la base<\/h2>\t\t\t\t<\/div>\n\t\t\t\t<\/div>\n\t\t\t\t<div class=\"elementor-element elementor-element-03f083d elementor-widget__width-inherit elementor-widget elementor-widget-text-editor\" data-id=\"03f083d\" data-element_type=\"widget\" data-widget_type=\"text-editor.default\">\n\t\t\t\t<div class=\"elementor-widget-container\">\n\t\t\t\t\t\t\t\t\t<p>Los comit\u00e9s de empresa europeos se enfrentan a muchos retos, que apoyamos activamente: Organizaci\u00f3n del trabajo transfronterizo, lengua, informaci\u00f3n y consulta, cuestiones interculturales, codeterminaci\u00f3n. Partimos de la base de que los comit\u00e9s de empresa europeos ser\u00e1n cada vez m\u00e1s importantes en el futuro. Como especialistas en comunicaci\u00f3n multiling\u00fce y sin barreras, nos complace contribuir a este desarrollo.<\/p>\t\t\t\t\t\t\t\t<\/div>\n\t\t\t\t<\/div>\n\t\t\t\t<div class=\"elementor-element elementor-element-e02cf69 elementor-widget__width-inherit elementor-widget elementor-widget-text-editor\" data-id=\"e02cf69\" data-element_type=\"widget\" data-widget_type=\"text-editor.default\">\n\t\t\t\t<div class=\"elementor-widget-container\">\n\t\t\t\t\t\t\t\t\t<p>En nuestra opini\u00f3n, un equipo audiovisual profesional es una base importante para el \u00e9xito de cualquier reuni\u00f3n del CEE:<\/p><ul><li>La mala calidad de la voz no debe aumentar las barreras ling\u00fc\u00edsticas. Es esencial una buena microfon\u00eda y una excelente reproducci\u00f3n de la palabra hablada.<\/li><li>Hay que fomentar el multiling\u00fcismo. Hoy en d\u00eda, el uso de int\u00e9rpretes puede aprovecharse bien del <a href=\"https:\/\/konferenztechnik.de\/es\/centros-y-estudios-de-interpretacion\/\">Estudios de interpretaci\u00f3n<\/a> tienen lugar. El comit\u00e9 de empresa se re\u00fane en persona. Los int\u00e9rpretes se desplazan al estudio de interpretaci\u00f3n m\u00e1s cercano. As\u00ed se ahorran costes, pero se mantiene la calidad.<\/li><li>Las traducciones, grabaciones y protocolos pueden crearse autom\u00e1ticamente. Recomendamos que el control de calidad, la correcci\u00f3n y la personalizaci\u00f3n corran a cargo de una persona con experiencia, que estaremos encantados de poner a su disposici\u00f3n.<\/li><\/ul>\t\t\t\t\t\t\t\t<\/div>\n\t\t\t\t<\/div>\n\t\t\t\t\t<\/div>\n\t\t\t\t<\/div>\n\t\t<div data-particle_enable=\"false\" data-particle-mobile-disabled=\"false\" class=\"elementor-element elementor-element-422fe50 e-flex e-con-boxed e-con e-parent\" data-id=\"422fe50\" data-element_type=\"container\">\n\t\t\t\t\t<div class=\"e-con-inner\">\n\t\t\t\t<div class=\"elementor-element elementor-element-a3e80ba elementor-widget elementor-widget-heading\" data-id=\"a3e80ba\" data-element_type=\"widget\" data-settings=\"{&quot;_animation&quot;:&quot;none&quot;}\" data-widget_type=\"heading.default\">\n\t\t\t\t<div class=\"elementor-widget-container\">\n\t\t\t\t\t<h2 class=\"elementor-heading-title elementor-size-default\">\u00bfDigital o presencial?<\/h2>\t\t\t\t<\/div>\n\t\t\t\t<\/div>\n\t\t\t\t<div class=\"elementor-element elementor-element-9442191 elementor-widget elementor-widget-image\" data-id=\"9442191\" data-element_type=\"widget\" data-widget_type=\"image.default\">\n\t\t\t\t<div class=\"elementor-widget-container\">\n\t\t\t\t\t\t\t\t\t\t\t\t\t\t\t<img decoding=\"async\" width=\"960\" height=\"644\" src=\"https:\/\/konferenztechnik.de\/wp-content\/uploads\/2023\/05\/ebr-sitzungen.jpg\" class=\"attachment-full size-full wp-image-26954\" alt=\"dos personas se abrazan, enmarcadas por las estrellas de la UE, mientras otros participantes en la conferencia miran y se alegran\" srcset=\"https:\/\/konferenztechnik.de\/wp-content\/uploads\/2023\/05\/ebr-sitzungen.jpg 960w, https:\/\/konferenztechnik.de\/wp-content\/uploads\/2023\/05\/ebr-sitzungen-300x201.jpg 300w, https:\/\/konferenztechnik.de\/wp-content\/uploads\/2023\/05\/ebr-sitzungen-768x515.jpg 768w, https:\/\/konferenztechnik.de\/wp-content\/uploads\/2023\/05\/ebr-sitzungen-18x12.jpg 18w\" sizes=\"(max-width: 960px) 100vw, 960px\" title=\"\">\t\t\t\t\t\t\t\t\t\t\t\t\t\t\t<\/div>\n\t\t\t\t<\/div>\n\t\t<div data-particle_enable=\"false\" data-particle-mobile-disabled=\"false\" class=\"elementor-element elementor-element-c95a3f0 e-flex e-con-boxed e-con e-child\" data-id=\"c95a3f0\" data-element_type=\"container\">\n\t\t\t\t\t<div class=\"e-con-inner\">\n\t\t\t\t<div class=\"elementor-element elementor-element-aaf73db elementor-widget elementor-widget-button\" data-id=\"aaf73db\" data-element_type=\"widget\" data-widget_type=\"button.default\">\n\t\t\t\t<div class=\"elementor-widget-container\">\n\t\t\t\t\t\t\t\t\t<div class=\"elementor-button-wrapper\">\n\t\t\t\t\t<a class=\"elementor-button elementor-button-link elementor-size-lg\" href=\"#serviceteam\">\n\t\t\t\t\t\t<span class=\"elementor-button-content-wrapper\">\n\t\t\t\t\t\t<span class=\"elementor-button-icon\">\n\t\t\t\t<svg aria-hidden=\"true\" class=\"e-font-icon-svg e-far-arrow-alt-circle-down\" viewbox=\"0 0 512 512\" xmlns=\"http:\/\/www.w3.org\/2000\/svg\"><path d=\"M256 8C119 8 8 119 8 256s111 248 248 248 248-111 248-248S393 8 256 8zm0 448c-110.5 0-200-89.5-200-200S145.5 56 256 56s200 89.5 200 200-89.5 200-200 200zm-32-316v116h-67c-10.7 0-16 12.9-8.5 20.5l99 99c4.7 4.7 12.3 4.7 17 0l99-99c7.6-7.6 2.2-20.5-8.5-20.5h-67V140c0-6.6-5.4-12-12-12h-40c-6.6 0-12 5.4-12 12z\"><\/path><\/svg>\t\t\t<\/span>\n\t\t\t\t\t\t\t\t\t<span class=\"elementor-button-text\">Solicitar informaci\u00f3n<\/span>\n\t\t\t\t\t<\/span>\n\t\t\t\t\t<\/a>\n\t\t\t\t<\/div>\n\t\t\t\t\t\t\t\t<\/div>\n\t\t\t\t<\/div>\n\t\t\t\t\t<\/div>\n\t\t\t\t<\/div>\n\t\t\t\t<div class=\"elementor-element elementor-element-7b579f3 elementor-widget__width-inherit elementor-widget elementor-widget-text-editor\" data-id=\"7b579f3\" data-element_type=\"widget\" data-widget_type=\"text-editor.default\">\n\t\t\t\t<div class=\"elementor-widget-container\">\n\t\t\t\t\t\t\t\t\tAhorro de tiempo, sostenibilidad, ahorro presupuestario, flexibilidad y mayor facilidad de participaci\u00f3n son las principales ventajas de las reuniones en l\u00ednea. Por supuesto, la conexi\u00f3n, el compromiso y la comprensi\u00f3n se logran y experimentan mejor en una reuni\u00f3n cara a cara. <b>Nuestra recomendaci\u00f3n: fomentar el di\u00e1logo personal \u2013 tanto digital como presencial \u2013 y reunirse en persona siempre que sea posible.<\/b>\t\t\t\t\t\t\t\t<\/div>\n\t\t\t\t<\/div>\n\t\t\t\t\t<\/div>\n\t\t\t\t<\/div>\n\t\t<div data-particle_enable=\"false\" data-particle-mobile-disabled=\"false\" class=\"elementor-element elementor-element-3878cc7 e-flex e-con-boxed e-con e-parent\" data-id=\"3878cc7\" data-element_type=\"container\">\n\t\t\t\t\t<div class=\"e-con-inner\">\n\t\t\t\t<div class=\"elementor-element elementor-element-2ab6038 elementor-widget elementor-widget-heading\" data-id=\"2ab6038\" data-element_type=\"widget\" data-settings=\"{&quot;_animation&quot;:&quot;none&quot;}\" data-widget_type=\"heading.default\">\n\t\t\t\t<div class=\"elementor-widget-container\">\n\t\t\t\t\t<h2 class=\"elementor-heading-title elementor-size-default\">El amor atraviesa el est\u00f3mago<\/h2>\t\t\t\t<\/div>\n\t\t\t\t<\/div>\n\t\t\t\t<div class=\"elementor-element elementor-element-9f17391 elementor-widget elementor-widget-image\" data-id=\"9f17391\" data-element_type=\"widget\" data-widget_type=\"image.default\">\n\t\t\t\t<div class=\"elementor-widget-container\">\n\t\t\t\t\t\t\t\t\t\t\t\t\t\t\t<img decoding=\"async\" width=\"960\" height=\"644\" src=\"https:\/\/konferenztechnik.de\/wp-content\/uploads\/2023\/05\/ebr-sitzung-catering.jpg\" class=\"attachment-full size-full wp-image-26964\" alt=\"Animada reuni\u00f3n de unas 8 personas en una mesa de conferencias llena de ordenadores port\u00e1tiles, bebidas, pero tambi\u00e9n comida, todo parece muy animado y estimulante\" srcset=\"https:\/\/konferenztechnik.de\/wp-content\/uploads\/2023\/05\/ebr-sitzung-catering.jpg 960w, https:\/\/konferenztechnik.de\/wp-content\/uploads\/2023\/05\/ebr-sitzung-catering-300x201.jpg 300w, https:\/\/konferenztechnik.de\/wp-content\/uploads\/2023\/05\/ebr-sitzung-catering-768x515.jpg 768w, https:\/\/konferenztechnik.de\/wp-content\/uploads\/2023\/05\/ebr-sitzung-catering-18x12.jpg 18w\" sizes=\"(max-width: 960px) 100vw, 960px\" title=\"\">\t\t\t\t\t\t\t\t\t\t\t\t\t\t\t<\/div>\n\t\t\t\t<\/div>\n\t\t<div data-particle_enable=\"false\" data-particle-mobile-disabled=\"false\" class=\"elementor-element elementor-element-dfb08fe e-flex e-con-boxed e-con e-child\" data-id=\"dfb08fe\" data-element_type=\"container\">\n\t\t\t\t\t<div class=\"e-con-inner\">\n\t\t\t\t<div class=\"elementor-element elementor-element-6c40a5f elementor-widget elementor-widget-button\" data-id=\"6c40a5f\" data-element_type=\"widget\" data-widget_type=\"button.default\">\n\t\t\t\t<div class=\"elementor-widget-container\">\n\t\t\t\t\t\t\t\t\t<div class=\"elementor-button-wrapper\">\n\t\t\t\t\t<a class=\"elementor-button elementor-button-link elementor-size-lg\" href=\"#serviceteam\">\n\t\t\t\t\t\t<span class=\"elementor-button-content-wrapper\">\n\t\t\t\t\t\t<span class=\"elementor-button-icon\">\n\t\t\t\t<svg aria-hidden=\"true\" class=\"e-font-icon-svg e-far-arrow-alt-circle-down\" viewbox=\"0 0 512 512\" xmlns=\"http:\/\/www.w3.org\/2000\/svg\"><path d=\"M256 8C119 8 8 119 8 256s111 248 248 248 248-111 248-248S393 8 256 8zm0 448c-110.5 0-200-89.5-200-200S145.5 56 256 56s200 89.5 200 200-89.5 200-200 200zm-32-316v116h-67c-10.7 0-16 12.9-8.5 20.5l99 99c4.7 4.7 12.3 4.7 17 0l99-99c7.6-7.6 2.2-20.5-8.5-20.5h-67V140c0-6.6-5.4-12-12-12h-40c-6.6 0-12 5.4-12 12z\"><\/path><\/svg>\t\t\t<\/span>\n\t\t\t\t\t\t\t\t\t<span class=\"elementor-button-text\">Solicitar informaci\u00f3n<\/span>\n\t\t\t\t\t<\/span>\n\t\t\t\t\t<\/a>\n\t\t\t\t<\/div>\n\t\t\t\t\t\t\t\t<\/div>\n\t\t\t\t<\/div>\n\t\t\t\t\t<\/div>\n\t\t\t\t<\/div>\n\t\t\t\t<div class=\"elementor-element elementor-element-7971a39 elementor-widget__width-inherit elementor-widget elementor-widget-text-editor\" data-id=\"7971a39\" data-element_type=\"widget\" data-widget_type=\"text-editor.default\">\n\t\t\t\t<div class=\"elementor-widget-container\">\n\t\t\t\t\t\t\t\t\t<p>Una experiencia que hemos adquirido a lo largo de d\u00e9cadas: Tomarnos en serio la restauraci\u00f3n, darle forma, utilizarla. Esto es especialmente cierto en el caso de la reuni\u00f3n del CEE. \u00bfDe qu\u00e9 pa\u00edses y regiones proceden los participantes? \u00bfQu\u00e9 es sano, saludable y sostenible all\u00ed? Utilizar el elemento de conexi\u00f3n de forma consciente y activa.<\/p>\t\t\t\t\t\t\t\t<\/div>\n\t\t\t\t<\/div>\n\t\t\t\t<div class=\"elementor-element elementor-element-a50e421 elementor-widget elementor-widget-image\" data-id=\"a50e421\" data-element_type=\"widget\" data-widget_type=\"image.default\">\n\t\t\t\t<div class=\"elementor-widget-container\">\n\t\t\t\t\t\t\t\t\t\t\t\t\t\t\t<img loading=\"lazy\" decoding=\"async\" width=\"960\" height=\"644\" src=\"https:\/\/konferenztechnik.de\/wp-content\/uploads\/2023\/05\/ebr-sitzung-gastfreundschaft.jpg\" class=\"attachment-full size-full wp-image-26971\" alt=\"Catering con deliciosa comida para picar, adem\u00e1s de una persona de servicio para servir la comida\" srcset=\"https:\/\/konferenztechnik.de\/wp-content\/uploads\/2023\/05\/ebr-sitzung-gastfreundschaft.jpg 960w, https:\/\/konferenztechnik.de\/wp-content\/uploads\/2023\/05\/ebr-sitzung-gastfreundschaft-300x201.jpg 300w, https:\/\/konferenztechnik.de\/wp-content\/uploads\/2023\/05\/ebr-sitzung-gastfreundschaft-768x515.jpg 768w, https:\/\/konferenztechnik.de\/wp-content\/uploads\/2023\/05\/ebr-sitzung-gastfreundschaft-18x12.jpg 18w\" sizes=\"(max-width: 960px) 100vw, 960px\" title=\"\">\t\t\t\t\t\t\t\t\t\t\t\t\t\t\t<\/div>\n\t\t\t\t<\/div>\n\t\t\t\t<div class=\"elementor-element elementor-element-7e74cde elementor-widget__width-inherit elementor-widget elementor-widget-text-editor\" data-id=\"7e74cde\" data-element_type=\"widget\" data-widget_type=\"text-editor.default\">\n\t\t\t\t<div class=\"elementor-widget-container\">\n\t\t\t\t\t\t\t\t\t<p>La hospitalidad, la atenci\u00f3n y la cocina internacional tambi\u00e9n pueden ser h\u00edbridas y digitales. Quiz\u00e1 no sea tan f\u00e1cil en todas partes como en nuestro <a href=\"https:\/\/konferenztechnik.de\/es\/interpreting-hub-interpreting-studio-berlin\/\">Centro de interpretaci\u00f3n<\/a> y oficina en Berl\u00edn Kreuzberg, con excelente cocina de todos los rincones del mundo. \u00bfConoce nuestro <a href=\"https:\/\/markthalleneun.de\/anbieter\/6\/speisekammer\/\" target=\"_blank\" rel=\"noopener\">Sala Nueve del Mercado<\/a>? Si no es as\u00ed, encuentre r\u00e1pidamente un motivo para visitarnos en Berl\u00edn y d\u00e9jese seducir e inspirar por el ambiente internacional y europeo que aqu\u00ed se respira.\u00a0<\/p>\t\t\t\t\t\t\t\t<\/div>\n\t\t\t\t<\/div>\n\t\t\t\t\t<\/div>\n\t\t\t\t<\/div>\n\t\t<div data-particle_enable=\"false\" data-particle-mobile-disabled=\"false\" class=\"elementor-element elementor-element-a366607 e-flex e-con-boxed e-con e-parent\" data-id=\"a366607\" data-element_type=\"container\">\n\t\t\t\t\t<div class=\"e-con-inner\">\n\t\t<div data-particle_enable=\"false\" data-particle-mobile-disabled=\"false\" class=\"elementor-element elementor-element-b5f3d93 e-flex e-con-boxed e-con e-child\" data-id=\"b5f3d93\" data-element_type=\"container\">\n\t\t\t\t\t<div class=\"e-con-inner\">\n\t\t\t\t<div class=\"elementor-element elementor-element-01b6782 elementor-widget elementor-widget-shortcode\" data-id=\"01b6782\" data-element_type=\"widget\" data-widget_type=\"shortcode.default\">\n\t\t\t\t<div class=\"elementor-widget-container\">\n\t\t\t\t\t\t\t<div class=\"elementor-shortcode\"><\/div>\n\t\t\t\t\t\t<\/div>\n\t\t\t\t<\/div>\n\t\t\t\t\t<\/div>\n\t\t\t\t<\/div>\n\t\t<div data-particle_enable=\"false\" data-particle-mobile-disabled=\"false\" class=\"elementor-element elementor-element-7288309 e-flex e-con-boxed e-con e-child\" data-id=\"7288309\" data-element_type=\"container\">\n\t\t\t\t\t<div class=\"e-con-inner\">\n\t\t\t\t<div class=\"elementor-element elementor-element-ba418ed elementor-widget elementor-widget-shortcode\" data-id=\"ba418ed\" data-element_type=\"widget\" data-widget_type=\"shortcode.default\">\n\t\t\t\t<div class=\"elementor-widget-container\">\n\t\t\t\t\t\t\t<div class=\"elementor-shortcode\"><\/div>\n\t\t\t\t\t\t<\/div>\n\t\t\t\t<\/div>\n\t\t\t\t\t<\/div>\n\t\t\t\t<\/div>\n\t\t\t\t\t<\/div>\n\t\t\t\t<\/div>\n\t\t\t\t<\/div>","protected":false},"excerpt":{"rendered":"<p>Le ayudamos con la planificaci\u00f3n y realizaci\u00f3n t\u00e9cnica del evento<\/p>","protected":false},"author":2,"featured_media":26871,"comment_status":"closed","ping_status":"closed","sticky":false,"template":"","format":"standard","meta":{"_acf_changed":false,"footnotes":""},"categories":[39,21,20],"tags":[],"class_list":["post-26860","post","type-post","status-publish","format-standard","has-post-thumbnail","hentry","category-produkte","category-events","category-populaer"],"acf":[],"_links":{"self":[{"href":"https:\/\/konferenztechnik.de\/es\/wp-json\/wp\/v2\/posts\/26860","targetHints":{"allow":["GET"]}}],"collection":[{"href":"https:\/\/konferenztechnik.de\/es\/wp-json\/wp\/v2\/posts"}],"about":[{"href":"https:\/\/konferenztechnik.de\/es\/wp-json\/wp\/v2\/types\/post"}],"author":[{"embeddable":true,"href":"https:\/\/konferenztechnik.de\/es\/wp-json\/wp\/v2\/users\/2"}],"replies":[{"embeddable":true,"href":"https:\/\/konferenztechnik.de\/es\/wp-json\/wp\/v2\/comments?post=26860"}],"version-history":[{"count":0,"href":"https:\/\/konferenztechnik.de\/es\/wp-json\/wp\/v2\/posts\/26860\/revisions"}],"wp:featuredmedia":[{"embeddable":true,"href":"https:\/\/konferenztechnik.de\/es\/wp-json\/wp\/v2\/media\/26871"}],"wp:attachment":[{"href":"https:\/\/konferenztechnik.de\/es\/wp-json\/wp\/v2\/media?parent=26860"}],"wp:term":[{"taxonomy":"category","embeddable":true,"href":"https:\/\/konferenztechnik.de\/es\/wp-json\/wp\/v2\/categories?post=26860"},{"taxonomy":"post_tag","embeddable":true,"href":"https:\/\/konferenztechnik.de\/es\/wp-json\/wp\/v2\/tags?post=26860"}],"curies":[{"name":"wp","href":"https:\/\/api.w.org\/{rel}","templated":true}]}}