{"id":32365,"date":"2022-06-25T09:16:00","date_gmt":"2022-06-25T07:16:00","guid":{"rendered":"http:\/\/dev.konferenztechnik.de\/?p=32365"},"modified":"2023-11-01T09:35:08","modified_gmt":"2023-11-01T08:35:08","slug":"mesas-de-interpretacion","status":"publish","type":"post","link":"https:\/\/konferenztechnik.de\/es\/mesas-de-interpretacion\/","title":{"rendered":"Mesas de interpretaci\u00f3n"},"content":{"rendered":"<div data-elementor-type=\"wp-post\" data-elementor-id=\"32365\" class=\"elementor elementor-32365\" data-elementor-post-type=\"post\">\n\t\t\t\t<div data-particle_enable=\"false\" data-particle-mobile-disabled=\"false\" class=\"elementor-element elementor-element-73430fbc e-flex e-con-boxed e-con e-parent\" data-id=\"73430fbc\" data-element_type=\"container\">\n\t\t\t\t\t<div class=\"e-con-inner\">\n\t\t\t\t<div class=\"elementor-element elementor-element-16ebaa3a elementor-widget elementor-widget-heading\" data-id=\"16ebaa3a\" data-element_type=\"widget\" data-widget_type=\"heading.default\">\n\t\t\t\t<div class=\"elementor-widget-container\">\n\t\t\t\t\t<h1 class=\"elementor-heading-title elementor-size-default\">Alquilar, comprar, instalar, arrendar pupitres de interpretaci\u00f3n \u2013<\/h1>\t\t\t\t<\/div>\n\t\t\t\t<\/div>\n\t\t\t\t<div class=\"elementor-element elementor-element-3a86e47e elementor-widget elementor-widget-image\" data-id=\"3a86e47e\" data-element_type=\"widget\" data-widget_type=\"image.default\">\n\t\t\t\t<div class=\"elementor-widget-container\">\n\t\t\t\t\t\t\t\t\t\t\t\t\t\t\t<img fetchpriority=\"high\" decoding=\"async\" width=\"1300\" height=\"485\" src=\"https:\/\/konferenztechnik.de\/wp-content\/uploads\/2022\/06\/dolmetschpulte-mieten-kaufen-jpg.webp\" class=\"attachment-full size-full wp-image-34896\" alt=\"Televic interpreting desk, un pupitre de control para int\u00e9rpretes simult\u00e1neos seg\u00fan la nueva ISO 20109:2017\" srcset=\"https:\/\/konferenztechnik.de\/wp-content\/uploads\/2022\/06\/dolmetschpulte-mieten-kaufen-jpg.webp 1300w, https:\/\/konferenztechnik.de\/wp-content\/uploads\/2022\/06\/dolmetschpulte-mieten-kaufen-300x112.webp 300w, https:\/\/konferenztechnik.de\/wp-content\/uploads\/2022\/06\/dolmetschpulte-mieten-kaufen-1024x382.webp 1024w, https:\/\/konferenztechnik.de\/wp-content\/uploads\/2022\/06\/dolmetschpulte-mieten-kaufen-768x287.webp 768w, https:\/\/konferenztechnik.de\/wp-content\/uploads\/2022\/06\/dolmetschpulte-mieten-kaufen-18x7.webp 18w\" sizes=\"(max-width: 1300px) 100vw, 1300px\" title=\"\">\t\t\t\t\t\t\t\t\t\t\t\t\t\t\t<\/div>\n\t\t\t\t<\/div>\n\t\t<div data-particle_enable=\"false\" data-particle-mobile-disabled=\"false\" class=\"elementor-element elementor-element-ba5892f e-flex e-con-boxed e-con e-child\" data-id=\"ba5892f\" data-element_type=\"container\">\n\t\t\t\t\t<div class=\"e-con-inner\">\n\t\t\t\t<div class=\"elementor-element elementor-element-31944cf elementor-widget elementor-widget-button\" data-id=\"31944cf\" data-element_type=\"widget\" data-widget_type=\"button.default\">\n\t\t\t\t<div class=\"elementor-widget-container\">\n\t\t\t\t\t\t\t\t\t<div class=\"elementor-button-wrapper\">\n\t\t\t\t\t<a class=\"elementor-button elementor-button-link elementor-size-lg\" href=\"#serviceteam\">\n\t\t\t\t\t\t<span class=\"elementor-button-content-wrapper\">\n\t\t\t\t\t\t<span class=\"elementor-button-icon\">\n\t\t\t\t<svg aria-hidden=\"true\" class=\"e-font-icon-svg e-far-arrow-alt-circle-down\" viewbox=\"0 0 512 512\" xmlns=\"http:\/\/www.w3.org\/2000\/svg\"><path d=\"M256 8C119 8 8 119 8 256s111 248 248 248 248-111 248-248S393 8 256 8zm0 448c-110.5 0-200-89.5-200-200S145.5 56 256 56s200 89.5 200 200-89.5 200-200 200zm-32-316v116h-67c-10.7 0-16 12.9-8.5 20.5l99 99c4.7 4.7 12.3 4.7 17 0l99-99c7.6-7.6 2.2-20.5-8.5-20.5h-67V140c0-6.6-5.4-12-12-12h-40c-6.6 0-12 5.4-12 12z\"><\/path><\/svg>\t\t\t<\/span>\n\t\t\t\t\t\t\t\t\t<span class=\"elementor-button-text\">Solicitar informaci\u00f3n<\/span>\n\t\t\t\t\t<\/span>\n\t\t\t\t\t<\/a>\n\t\t\t\t<\/div>\n\t\t\t\t\t\t\t\t<\/div>\n\t\t\t\t<\/div>\n\t\t\t\t\t<\/div>\n\t\t\t\t<\/div>\n\t\t\t\t\t<\/div>\n\t\t\t\t<\/div>\n\t\t<div data-particle_enable=\"false\" data-particle-mobile-disabled=\"false\" class=\"elementor-element elementor-element-7d6bc4da e-flex e-con-boxed e-con e-parent\" data-id=\"7d6bc4da\" data-element_type=\"container\">\n\t\t\t\t\t<div class=\"e-con-inner\">\n\t\t\t\t<div class=\"elementor-element elementor-element-197e0db7 elementor-widget__width-inherit elementor-widget elementor-widget-heading\" data-id=\"197e0db7\" data-element_type=\"widget\" data-widget_type=\"heading.default\">\n\t\t\t\t<div class=\"elementor-widget-container\">\n\t\t\t\t\t<h2 class=\"elementor-heading-title elementor-size-default\">Mesas de interpretaci\u00f3n<\/h2>\t\t\t\t<\/div>\n\t\t\t\t<\/div>\n\t\t\t\t<div class=\"elementor-element elementor-element-35f39f90 elementor-widget__width-inherit elementor-widget elementor-widget-text-editor\" data-id=\"35f39f90\" data-element_type=\"widget\" data-widget_type=\"text-editor.default\">\n\t\t\t\t<div class=\"elementor-widget-container\">\n\t\t\t\t\t\t\t\t\t<p>El equipo b\u00e1sico de una cabina de interpretaci\u00f3n incluye un pupitre de interpretaci\u00f3n. En el pupitre se selecciona el canal de la lengua que se interpreta. Un bot\u00f3n de carraspeo permite interrumpir brevemente la transmisi\u00f3n. Un control de sonido permite ajustar la se\u00f1al que se escucha en funci\u00f3n de las necesidades.<\/p><p>\u00a0<\/p><p>\u00a0<\/p><p>Los int\u00e9rpretes pueden decidir si quieren o\u00edr el sonido original de la sala de conferencias o un canal de retransmisi\u00f3n, es decir, el sonido interpretado de una cabina vecina. Aqu\u00ed se explica brevemente el modo rel\u00e9: En conferencias y congresos pueden darse simult\u00e1neamente muchas combinaciones ling\u00fc\u00edsticas. Un int\u00e9rprete no tiene por qu\u00e9 hablar todos los idiomas necesarios. Los int\u00e9rpretes de conferencias de una cabina alemana, por ejemplo, que trabajan del ingl\u00e9s al alem\u00e1n, no tienen por qu\u00e9 interpretar tambi\u00e9n del japon\u00e9s. En cuanto un orador japon\u00e9s toma la palabra, los int\u00e9rpretes que no est\u00e1n familiarizados con el idioma pasan a la \"cabina japonesa\" y escuchan a su colega traduciendo al ingl\u00e9s, por ejemplo. Los int\u00e9rpretes de la \"cabina alemana\" traducen del ingl\u00e9s al alem\u00e1n.<\/p><p>\u00a0<\/p><p>\u00a0<\/p><p>Los auriculares se conectan al pupitre del int\u00e9rprete. La distancia constante entre la boca y el micr\u00f3fono de brazo permite que siempre se le oiga muy bien, incluso en movimiento. Adem\u00e1s, los auriculares deben ser ligeros para poder llevarlos c\u00f3modamente durante toda la misi\u00f3n.<\/p><p>\u00a0<\/p><p>\u00a0<\/p><p>Fuera de Alemania, los auriculares son menos habituales, utiliz\u00e1ndose en su lugar micr\u00f3fonos de mesa fijos y simples auriculares. A primera vista, esto puede parecer m\u00e1s c\u00f3modo porque los auriculares pesan un poco menos que los cascos, pero dependiendo de la posici\u00f3n y la agilidad de los int\u00e9rpretes, la distancia de encuentro con el micr\u00f3fono cambia constantemente, lo que a su vez se percibe como una fluctuaci\u00f3n de nivel desagradable para los participantes en la sala. Si a pesar de todo se desea esta variante, deben preverse componentes de control adecuados para una instalaci\u00f3n fija.<\/p>\t\t\t\t\t\t\t\t<\/div>\n\t\t\t\t<\/div>\n\t\t\t\t\t<\/div>\n\t\t\t\t<\/div>\n\t\t<div data-particle_enable=\"false\" data-particle-mobile-disabled=\"false\" class=\"elementor-element elementor-element-a7267d7 e-flex e-con-boxed e-con e-parent\" data-id=\"a7267d7\" data-element_type=\"container\">\n\t\t\t\t\t<div class=\"e-con-inner\">\n\t\t\t\t<div class=\"elementor-element elementor-element-52334724 elementor-widget elementor-widget-shortcode\" data-id=\"52334724\" data-element_type=\"widget\" data-widget_type=\"shortcode.default\">\n\t\t\t\t<div class=\"elementor-widget-container\">\n\t\t\t\t\t\t\t<div class=\"elementor-shortcode\"><\/div>\n\t\t\t\t\t\t<\/div>\n\t\t\t\t<\/div>\n\t\t\t\t\t<\/div>\n\t\t\t\t<\/div>\n\t\t<div data-particle_enable=\"false\" data-particle-mobile-disabled=\"false\" class=\"elementor-element elementor-element-6cb0dd15 e-flex e-con-boxed e-con e-parent\" data-id=\"6cb0dd15\" data-element_type=\"container\">\n\t\t\t\t\t<div class=\"e-con-inner\">\n\t\t\t\t<div class=\"elementor-element elementor-element-674493f6 elementor-widget elementor-widget-shortcode\" data-id=\"674493f6\" data-element_type=\"widget\" data-widget_type=\"shortcode.default\">\n\t\t\t\t<div class=\"elementor-widget-container\">\n\t\t\t\t\t\t\t<div class=\"elementor-shortcode\"><\/div>\n\t\t\t\t\t\t<\/div>\n\t\t\t\t<\/div>\n\t\t\t\t\t<\/div>\n\t\t\t\t<\/div>\n\t\t\t\t<\/div>","protected":false},"excerpt":{"rendered":"<p>El equipamiento b\u00e1sico de una cabina de interpretaci\u00f3n incluye un pupitre de interpretaci\u00f3n.<\/p>","protected":false},"author":2,"featured_media":32374,"comment_status":"closed","ping_status":"closed","sticky":false,"template":"","format":"standard","meta":{"_acf_changed":false,"footnotes":""},"categories":[21,39],"tags":[],"class_list":["post-32365","post","type-post","status-publish","format-standard","has-post-thumbnail","hentry","category-events","category-produkte"],"acf":[],"_links":{"self":[{"href":"https:\/\/konferenztechnik.de\/es\/wp-json\/wp\/v2\/posts\/32365","targetHints":{"allow":["GET"]}}],"collection":[{"href":"https:\/\/konferenztechnik.de\/es\/wp-json\/wp\/v2\/posts"}],"about":[{"href":"https:\/\/konferenztechnik.de\/es\/wp-json\/wp\/v2\/types\/post"}],"author":[{"embeddable":true,"href":"https:\/\/konferenztechnik.de\/es\/wp-json\/wp\/v2\/users\/2"}],"replies":[{"embeddable":true,"href":"https:\/\/konferenztechnik.de\/es\/wp-json\/wp\/v2\/comments?post=32365"}],"version-history":[{"count":0,"href":"https:\/\/konferenztechnik.de\/es\/wp-json\/wp\/v2\/posts\/32365\/revisions"}],"wp:featuredmedia":[{"embeddable":true,"href":"https:\/\/konferenztechnik.de\/es\/wp-json\/wp\/v2\/media\/32374"}],"wp:attachment":[{"href":"https:\/\/konferenztechnik.de\/es\/wp-json\/wp\/v2\/media?parent=32365"}],"wp:term":[{"taxonomy":"category","embeddable":true,"href":"https:\/\/konferenztechnik.de\/es\/wp-json\/wp\/v2\/categories?post=32365"},{"taxonomy":"post_tag","embeddable":true,"href":"https:\/\/konferenztechnik.de\/es\/wp-json\/wp\/v2\/tags?post=32365"}],"curies":[{"name":"wp","href":"https:\/\/api.w.org\/{rel}","templated":true}]}}