{"id":36814,"date":"2021-09-25T08:49:00","date_gmt":"2021-09-25T06:49:00","guid":{"rendered":"https:\/\/konferenztechnik.de\/?p=36814"},"modified":"2023-07-08T09:01:23","modified_gmt":"2023-07-08T07:01:23","slug":"proteccion-de-datos-para-videoconferencias","status":"publish","type":"post","link":"https:\/\/konferenztechnik.de\/es\/proteccion-de-datos-para-videoconferencias\/","title":{"rendered":"Protecci\u00f3n de datos en videoconferencias"},"content":{"rendered":"<div data-elementor-type=\"wp-post\" data-elementor-id=\"36814\" class=\"elementor elementor-36814\" data-elementor-post-type=\"post\">\n\t\t\t\t<div data-particle_enable=\"false\" data-particle-mobile-disabled=\"false\" class=\"elementor-element elementor-element-4e73a39b e-flex e-con-boxed e-con e-parent\" data-id=\"4e73a39b\" data-element_type=\"container\">\n\t\t\t\t\t<div class=\"e-con-inner\">\n\t\t<div data-particle_enable=\"false\" data-particle-mobile-disabled=\"false\" class=\"elementor-element elementor-element-38881a5e e-flex e-con-boxed e-con e-parent\" data-id=\"38881a5e\" data-element_type=\"container\">\n\t\t\t\t\t<div class=\"e-con-inner\">\n\t\t\t\t<div class=\"elementor-element elementor-element-f690319 elementor-widget__width-inherit elementor-widget elementor-widget-heading\" data-id=\"f690319\" data-element_type=\"widget\" data-widget_type=\"heading.default\">\n\t\t\t\t<div class=\"elementor-widget-container\">\n\t\t\t\t\t<h1 class=\"elementor-heading-title elementor-size-default\">Protecci\u00f3n de datos para videoconferencias \u2013 Realizaci\u00f3n de conferencias digitales, eventos h\u00edbridos, streaming e interpretaci\u00f3n a distancia en cumplimiento del GDPR<\/h1>\t\t\t\t<\/div>\n\t\t\t\t<\/div>\n\t\t\t\t<div class=\"elementor-element elementor-element-164ee9b5 elementor-widget elementor-widget-image\" data-id=\"164ee9b5\" data-element_type=\"widget\" data-widget_type=\"image.default\">\n\t\t\t\t<div class=\"elementor-widget-container\">\n\t\t\t\t\t\t\t\t\t\t\t\t\t\t\t<img fetchpriority=\"high\" decoding=\"async\" width=\"1300\" height=\"485\" src=\"https:\/\/konferenztechnik.de\/wp-content\/uploads\/2023\/07\/datenschutz-bei-videokonferenzen-jpg.webp\" class=\"attachment-full size-full wp-image-36816\" alt=\"Pictograma para la protecci\u00f3n de datos en reuniones digitales seg\u00fan el GDPR\" srcset=\"https:\/\/konferenztechnik.de\/wp-content\/uploads\/2023\/07\/datenschutz-bei-videokonferenzen-jpg.webp 1300w, https:\/\/konferenztechnik.de\/wp-content\/uploads\/2023\/07\/datenschutz-bei-videokonferenzen-300x112.webp 300w, https:\/\/konferenztechnik.de\/wp-content\/uploads\/2023\/07\/datenschutz-bei-videokonferenzen-1024x382.webp 1024w, https:\/\/konferenztechnik.de\/wp-content\/uploads\/2023\/07\/datenschutz-bei-videokonferenzen-768x287.webp 768w, https:\/\/konferenztechnik.de\/wp-content\/uploads\/2023\/07\/datenschutz-bei-videokonferenzen-18x7.webp 18w\" sizes=\"(max-width: 1300px) 100vw, 1300px\" title=\"\">\t\t\t\t\t\t\t\t\t\t\t\t\t\t\t<\/div>\n\t\t\t\t<\/div>\n\t\t\t\t\t<\/div>\n\t\t\t\t<\/div>\n\t\t\t\t\t<\/div>\n\t\t\t\t<\/div>\n\t\t<div data-particle_enable=\"false\" data-particle-mobile-disabled=\"false\" class=\"elementor-element elementor-element-5bbc344c e-flex e-con-boxed e-con e-parent\" data-id=\"5bbc344c\" data-element_type=\"container\">\n\t\t\t\t\t<div class=\"e-con-inner\">\n\t\t\t\t<div class=\"elementor-element elementor-element-e2317a1 elementor-widget elementor-widget-heading\" data-id=\"e2317a1\" data-element_type=\"widget\" data-settings=\"{&quot;_animation&quot;:&quot;none&quot;}\" data-widget_type=\"heading.default\">\n\t\t\t\t<div class=\"elementor-widget-container\">\n\t\t\t\t\t<h2 class=\"elementor-heading-title elementor-size-default\">Seguridad inform\u00e1tica y protecci\u00f3n de datos en PCS<\/h2>\t\t\t\t<\/div>\n\t\t\t\t<\/div>\n\t\t\t\t<div class=\"elementor-element elementor-element-4de8505d elementor-widget__width-inherit elementor-widget elementor-widget-text-editor\" data-id=\"4de8505d\" data-element_type=\"widget\" data-widget_type=\"text-editor.default\">\n\t\t\t\t<div class=\"elementor-widget-container\">\n\t\t\t\t\t\t\t\t\t<p>Protecci\u00f3n de datos durante las videoconferencias: sus datos est\u00e1n seguros con PCS. Esto se aplica a\u00a0<a href=\"https:\/\/konferenztechnik.de\/es\/tecnologia-y-servicio-de-alquiler-de-videoconferencias\/\">Videoconferencias<\/a>,\u00a0<a href=\"https:\/\/konferenztechnik.de\/es\/eventos-hibridos\/\">Eventos h\u00edbridos<\/a>,\u00a0<a href=\"https:\/\/konferenztechnik.de\/es\/eventos-hibridos\/\">Conferencias digitales<\/a>,\u00a0<a href=\"https:\/\/konferenztechnik.de\/es\/interpretacion-a-distancia-2\/\">Interpretaci\u00f3n a distancia<\/a>,\u00a0<a href=\"https:\/\/konferenztechnik.de\/es\/alquiler-tecnologia-streaming\/\">Conferencia en streaming<\/a>\u00a0y todos los servicios digitales que ofrecemos.\u00a0<\/p><p>\u00a0<\/p><p>El acceso a las conferencias est\u00e1 protegido por contrase\u00f1a, todo el tr\u00e1fico de datos est\u00e1 encriptado y no se transmiten datos a terceros.\u00a0<\/p><p>\u00a0<\/p><p>Dependiendo de sus requisitos\/especificaciones, el tr\u00e1fico de datos se encamina a trav\u00e9s de nuestros propios servidores web situados en Alemania o a trav\u00e9s de servidores situados en la UE. Esto significa que puede estar seguro de que ning\u00fan dato se almacena en servidores fuera de la UE y que se aplica la legislaci\u00f3n europea o incluso alemana sobre protecci\u00f3n de datos, en funci\u00f3n de sus requisitos.<\/p><p>\u00a0<\/p><ul><li>Los servidores web de PCS se encuentran en Alemania<\/li><li>Conforme al GDPR y a la ley alemana de protecci\u00f3n de datos<\/li><li>Dependiendo de la reserva, los datos s\u00f3lo se almacenan en la UE o en Alemania.<\/li><li>Los terceros no tienen acceso a los datos<\/li><li>No se transmiten datos a terceros<\/li><li>Todo el tr\u00e1fico de datos se encripta conforme a las normas de seguridad m\u00e1s estrictas<\/li><li>Las videoconferencias est\u00e1n protegidas por contrase\u00f1a<\/li><li>Admisi\u00f3n con doble seguridad a trav\u00e9s de salas de espera moderadas<\/li><\/ul>\t\t\t\t\t\t\t\t<\/div>\n\t\t\t\t<\/div>\n\t\t\t\t\t<\/div>\n\t\t\t\t<\/div>\n\t\t<div data-particle_enable=\"false\" data-particle-mobile-disabled=\"false\" class=\"elementor-element elementor-element-1b491474 e-flex e-con-boxed e-con e-parent\" data-id=\"1b491474\" data-element_type=\"container\">\n\t\t\t\t\t<div class=\"e-con-inner\">\n\t\t\t\t<div class=\"elementor-element elementor-element-6104df1a elementor-widget elementor-widget-heading\" data-id=\"6104df1a\" data-element_type=\"widget\" data-settings=\"{&quot;_animation&quot;:&quot;none&quot;}\" data-widget_type=\"heading.default\">\n\t\t\t\t<div class=\"elementor-widget-container\">\n\t\t\t\t\t<h2 class=\"elementor-heading-title elementor-size-default\">Las conferencias digitales de PCS cumplen el GDPR<\/h2>\t\t\t\t<\/div>\n\t\t\t\t<\/div>\n\t\t\t\t<div class=\"elementor-element elementor-element-204f58c7 elementor-widget__width-inherit elementor-widget elementor-widget-text-editor\" data-id=\"204f58c7\" data-element_type=\"widget\" data-widget_type=\"text-editor.default\">\n\t\t\t\t<div class=\"elementor-widget-container\">\n\t\t\t\t\t\t\t\t\t<p>Todos los servicios digitales ofrecidos por PCS cumplen el GDPR. Los datos se procesan y almacenan exclusivamente en servidores de la UE o de Alemania, en funci\u00f3n de sus deseos.<\/p><p><br \/>El funcionamiento de los servicios en l\u00ednea en un servidor dentro de la UE es la base para una comunicaci\u00f3n conforme con la protecci\u00f3n de datos. Esto ha sido esencial desde que el TJUE declar\u00f3 inv\u00e1lido el Acuerdo del Escudo de Privacidad en septiembre de 2020.<\/p>\t\t\t\t\t\t\t\t<\/div>\n\t\t\t\t<\/div>\n\t\t\t\t\t<\/div>\n\t\t\t\t<\/div>\n\t\t<div data-particle_enable=\"false\" data-particle-mobile-disabled=\"false\" class=\"elementor-element elementor-element-407a1c64 e-flex e-con-boxed e-con e-parent\" data-id=\"407a1c64\" data-element_type=\"container\">\n\t\t\t\t\t<div class=\"e-con-inner\">\n\t\t\t\t<div class=\"elementor-element elementor-element-38401bfb elementor-widget elementor-widget-heading\" data-id=\"38401bfb\" data-element_type=\"widget\" data-settings=\"{&quot;_animation&quot;:&quot;none&quot;}\" data-widget_type=\"heading.default\">\n\t\t\t\t<div class=\"elementor-widget-container\">\n\t\t\t\t\t<h2 class=\"elementor-heading-title elementor-size-default\">M\u00e1xima seguridad para sus datos<\/h2>\t\t\t\t<\/div>\n\t\t\t\t<\/div>\n\t\t\t\t<div class=\"elementor-element elementor-element-ecd6197 elementor-widget elementor-widget-heading\" data-id=\"ecd6197\" data-element_type=\"widget\" data-settings=\"{&quot;_animation&quot;:&quot;none&quot;}\" data-widget_type=\"heading.default\">\n\t\t\t\t<div class=\"elementor-widget-container\">\n\t\t\t\t\t<h3 class=\"elementor-heading-title elementor-size-default\">Ubicaci\u00f3n del servidor Alemania, Zoom self-hosted<\/h3>\t\t\t\t<\/div>\n\t\t\t\t<\/div>\n\t\t\t\t<div class=\"elementor-element elementor-element-24cc4e43 elementor-widget__width-inherit elementor-widget elementor-widget-text-editor\" data-id=\"24cc4e43\" data-element_type=\"widget\" data-widget_type=\"text-editor.default\">\n\t\t\t\t<div class=\"elementor-widget-container\">\n\t\t\t\t\t\t\t\t\t<p>Nuestros servidores web PCS para videoconferencias se encuentran en Wuppertal, Alemania. Nosotros mismos operamos la aplicaci\u00f3n Zoom en nuestros servidores web, independientemente de los servidores de Zoom. Zoom s\u00f3lo nos proporciona el software de videoconferencia Zoom y no tiene forma de acceder a sus datos desde el exterior. Es importante distinguir entre el software de Zoom y el servicio de proporcionar el software en servidores.<\/p>\t\t\t\t\t\t\t\t<\/div>\n\t\t\t\t<\/div>\n\t\t\t\t\t<\/div>\n\t\t\t\t<\/div>\n\t\t<div data-particle_enable=\"false\" data-particle-mobile-disabled=\"false\" class=\"elementor-element elementor-element-5f9ad8d6 e-flex e-con-boxed e-con e-parent\" data-id=\"5f9ad8d6\" data-element_type=\"container\">\n\t\t\t\t\t<div class=\"e-con-inner\">\n\t\t\t\t<div class=\"elementor-element elementor-element-4a5e308b elementor-widget elementor-widget-heading\" data-id=\"4a5e308b\" data-element_type=\"widget\" data-settings=\"{&quot;_animation&quot;:&quot;none&quot;}\" data-widget_type=\"heading.default\">\n\t\t\t\t<div class=\"elementor-widget-container\">\n\t\t\t\t\t<h3 class=\"elementor-heading-title elementor-size-default\">Ley alemana de protecci\u00f3n de datos<\/h3>\t\t\t\t<\/div>\n\t\t\t\t<\/div>\n\t\t\t\t<div class=\"elementor-element elementor-element-3b217ce4 elementor-widget__width-inherit elementor-widget elementor-widget-text-editor\" data-id=\"3b217ce4\" data-element_type=\"widget\" data-widget_type=\"text-editor.default\">\n\t\t\t\t<div class=\"elementor-widget-container\">\n\t\t\t\t\t\t\t\t\t<p>Las ubicaciones de nuestros servidores se encuentran en Alemania y, por tanto, est\u00e1n sujetas a la legislaci\u00f3n alemana sobre protecci\u00f3n de datos; cumplen la GDPR. Si ha reservado con nosotros el uso de nuestro servidor alem\u00e1n, sus datos no se transferir\u00e1n a servidores fuera de Alemania. Los datos solo se intercambian entre sus participantes y nuestros servidores.<\/p>\t\t\t\t\t\t\t\t<\/div>\n\t\t\t\t<\/div>\n\t\t\t\t<div class=\"elementor-element elementor-element-6cb4e44 elementor-widget elementor-widget-heading\" data-id=\"6cb4e44\" data-element_type=\"widget\" data-settings=\"{&quot;_animation&quot;:&quot;none&quot;}\" data-widget_type=\"heading.default\">\n\t\t\t\t<div class=\"elementor-widget-container\">\n\t\t\t\t\t<h3 class=\"elementor-heading-title elementor-size-default\">M\u00e1ximo nivel de cifrado<\/h3>\t\t\t\t<\/div>\n\t\t\t\t<\/div>\n\t\t\t\t<div class=\"elementor-element elementor-element-c7e25f3 elementor-widget__width-inherit elementor-widget elementor-widget-text-editor\" data-id=\"c7e25f3\" data-element_type=\"widget\" data-widget_type=\"text-editor.default\">\n\t\t\t\t<div class=\"elementor-widget-container\">\n\t\t\t\t\t\t\t\t\t<p>Todos los datos (v\u00eddeo, audio, documentos, mensajes de texto) transmitidos durante una videoconferencia est\u00e1n encriptados. La transmisi\u00f3n se encripta de extremo a extremo utilizando el algoritmo de encriptaci\u00f3n de 256 bits m\u00e1s seguro actualmente disponible (AES-256 GCM), lo que significa que sus datos no pueden ser accedidos por terceros.<\/p>\t\t\t\t\t\t\t\t<\/div>\n\t\t\t\t<\/div>\n\t\t\t\t<div class=\"elementor-element elementor-element-3624143 elementor-widget elementor-widget-heading\" data-id=\"3624143\" data-element_type=\"widget\" data-settings=\"{&quot;_animation&quot;:&quot;none&quot;}\" data-widget_type=\"heading.default\">\n\t\t\t\t<div class=\"elementor-widget-container\">\n\t\t\t\t\t<h3 class=\"elementor-heading-title elementor-size-default\">Protecci\u00f3n por contrase\u00f1a y control de acceso<\/h3>\t\t\t\t<\/div>\n\t\t\t\t<\/div>\n\t\t\t\t<div class=\"elementor-element elementor-element-d9e00c4 elementor-widget__width-inherit elementor-widget elementor-widget-text-editor\" data-id=\"d9e00c4\" data-element_type=\"widget\" data-widget_type=\"text-editor.default\">\n\t\t\t\t<div class=\"elementor-widget-container\">\n\t\t\t\t\t\t\t\t\t<p>La protecci\u00f3n de datos es especialmente importante en las videoconferencias. Por eso nuestras videoconferencias siempre est\u00e1n protegidas por contrase\u00f1a. Si es necesario, el acceso a la conferencia tambi\u00e9n puede controlarse mediante un sistema de sala de espera. As\u00ed, los participantes s\u00f3lo pueden entrar en la conferencia si un moderador autorizado les ha concedido el acceso.<\/p>\t\t\t\t\t\t\t\t<\/div>\n\t\t\t\t<\/div>\n\t\t\t\t\t<\/div>\n\t\t\t\t<\/div>\n\t\t<div data-particle_enable=\"false\" data-particle-mobile-disabled=\"false\" class=\"elementor-element elementor-element-5c1eb31b e-flex e-con-boxed e-con e-parent\" data-id=\"5c1eb31b\" data-element_type=\"container\">\n\t\t\t\t\t<div class=\"e-con-inner\">\n\t\t\t\t<div class=\"elementor-element elementor-element-1c22a659 elementor-widget elementor-widget-heading\" data-id=\"1c22a659\" data-element_type=\"widget\" data-settings=\"{&quot;_animation&quot;:&quot;none&quot;}\" data-widget_type=\"heading.default\">\n\t\t\t\t<div class=\"elementor-widget-container\">\n\t\t\t\t\t<h2 class=\"elementor-heading-title elementor-size-default\">Servidores dedicados para sus videoconferencias, conferencias Zoom y eventos h\u00edbridos<\/h2>\t\t\t\t<\/div>\n\t\t\t\t<\/div>\n\t\t\t\t<div class=\"elementor-element elementor-element-32f66dd5 elementor-widget elementor-widget-heading\" data-id=\"32f66dd5\" data-element_type=\"widget\" data-settings=\"{&quot;_animation&quot;:&quot;none&quot;}\" data-widget_type=\"heading.default\">\n\t\t\t\t<div class=\"elementor-widget-container\">\n\t\t\t\t\t<h3 class=\"elementor-heading-title elementor-size-default\">\u00bfQu\u00e9 servidor debo reservar?<\/h3>\t\t\t\t<\/div>\n\t\t\t\t<\/div>\n\t\t\t\t<div class=\"elementor-element elementor-element-28f8bf3e elementor-widget__width-inherit elementor-widget elementor-widget-text-editor\" data-id=\"28f8bf3e\" data-element_type=\"widget\" data-widget_type=\"text-editor.default\">\n\t\t\t\t<div class=\"elementor-widget-container\">\n\t\t\t\t\t\t\t\t\t<p>Muchas empresas, autoridades y parlamentos tienen requisitos individuales de seguridad y protecci\u00f3n de datos. Para cumplir estos requisitos, recomendamos reservar nuestro servidor PCS. Solo tiene que hablar previamente con nuestros planificadores de proyectos y estaremos encantados de crear una configuraci\u00f3n personalizada para usted.<\/p>\t\t\t\t\t\t\t\t<\/div>\n\t\t\t\t<\/div>\n\t\t\t\t\t<\/div>\n\t\t\t\t<\/div>\n\t\t<div data-particle_enable=\"false\" data-particle-mobile-disabled=\"false\" class=\"elementor-element elementor-element-19b32411 e-flex e-con-boxed e-con e-parent\" data-id=\"19b32411\" data-element_type=\"container\">\n\t\t\t\t\t<div class=\"e-con-inner\">\n\t\t\t\t<div class=\"elementor-element elementor-element-397e8eff elementor-widget elementor-widget-heading\" data-id=\"397e8eff\" data-element_type=\"widget\" data-settings=\"{&quot;_animation&quot;:&quot;none&quot;}\" data-widget_type=\"heading.default\">\n\t\t\t\t<div class=\"elementor-widget-container\">\n\t\t\t\t\t<h2 class=\"elementor-heading-title elementor-size-default\">Variantes de servidor con PCS<\/h2>\t\t\t\t<\/div>\n\t\t\t\t<\/div>\n\t\t\t\t<div class=\"elementor-element elementor-element-31333a2a elementor-widget elementor-widget-heading\" data-id=\"31333a2a\" data-element_type=\"widget\" data-settings=\"{&quot;_animation&quot;:&quot;none&quot;}\" data-widget_type=\"heading.default\">\n\t\t\t\t<div class=\"elementor-widget-container\">\n\t\t\t\t\t<h3 class=\"elementor-heading-title elementor-size-default\">Ubicaci\u00f3n del servidor UE<\/h3>\t\t\t\t<\/div>\n\t\t\t\t<\/div>\n\t\t\t\t<div class=\"elementor-element elementor-element-206b3fc3 elementor-widget__width-inherit elementor-widget elementor-widget-text-editor\" data-id=\"206b3fc3\" data-element_type=\"widget\" data-widget_type=\"text-editor.default\">\n\t\t\t\t<div class=\"elementor-widget-container\">\n\t\t\t\t\t\t\t\t\t<p>Alto nivel de protecci\u00f3n de datos: si no reservas el alojamiento especial en nuestros propios servidores, nuestro servicio funciona al menos en servidores ubicados exclusivamente en pa\u00edses de la UE. Seguro y conforme a GDPR.<\/p>\t\t\t\t\t\t\t\t<\/div>\n\t\t\t\t<\/div>\n\t\t\t\t<div class=\"elementor-element elementor-element-1cec8ffa elementor-widget elementor-widget-heading\" data-id=\"1cec8ffa\" data-element_type=\"widget\" data-settings=\"{&quot;_animation&quot;:&quot;none&quot;}\" data-widget_type=\"heading.default\">\n\t\t\t\t<div class=\"elementor-widget-container\">\n\t\t\t\t\t<h3 class=\"elementor-heading-title elementor-size-default\">Ubicaci\u00f3n del servidor Alemania<\/h3>\t\t\t\t<\/div>\n\t\t\t\t<\/div>\n\t\t\t\t<div class=\"elementor-element elementor-element-371dce30 elementor-widget__width-inherit elementor-widget elementor-widget-text-editor\" data-id=\"371dce30\" data-element_type=\"widget\" data-widget_type=\"text-editor.default\">\n\t\t\t\t<div class=\"elementor-widget-container\">\n\t\t\t\t\t\t\t\t\t<p>Muy alta protecci\u00f3n de datos: Si reserva nuestros propios servidores para la videoconferencia, nuestro servicio es operado exclusivamente en Alemania. Conforme a GDPR, ley alemana de protecci\u00f3n de datos, los datos s\u00f3lo se almacenan en Alemania. La administraci\u00f3n de los servidores corre a cargo de PCS IT-Service.<\/p>\t\t\t\t\t\t\t\t<\/div>\n\t\t\t\t<\/div>\n\t\t\t\t<div class=\"elementor-element elementor-element-9994dd8 elementor-widget__width-inherit elementor-widget elementor-widget-text-editor\" data-id=\"9994dd8\" data-element_type=\"widget\" data-widget_type=\"text-editor.default\">\n\t\t\t\t<div class=\"elementor-widget-container\">\n\t\t\t\t\t\t\t\t\t<table><thead><tr><th>\u00a0<\/th><th>Servidor UE<\/th><th>Servidor DE PCS<\/th><\/tr><\/thead><tbody><tr><td>Ubicaci\u00f3n del servidor<\/td><td>UE<\/td><td>Alemania<\/td><\/tr><tr><td>Conformidad con el GDPR<\/td><td>S\u00ed<\/td><td>S\u00ed<\/td><\/tr><tr><td>Legislaci\u00f3n europea sobre protecci\u00f3n de datos<\/td><td>S\u00ed<\/td><td>S\u00ed<\/td><\/tr><tr><td>Ley alemana de protecci\u00f3n de datos<\/td><td>No<\/td><td>S\u00ed<\/td><\/tr><tr><td>Los datos s\u00f3lo se almacenan en Alemania<\/td><td>No, UE<\/td><td>S\u00ed<\/td><\/tr><tr><td>Administraci\u00f3n de servidores por PCS<\/td><td>No<\/td><td>S\u00ed<\/td><\/tr><\/tbody><\/table>\t\t\t\t\t\t\t\t<\/div>\n\t\t\t\t<\/div>\n\t\t\t\t\t<\/div>\n\t\t\t\t<\/div>\n\t\t<div data-particle_enable=\"false\" data-particle-mobile-disabled=\"false\" class=\"elementor-element elementor-element-12294ad6 e-flex e-con-boxed e-con e-parent\" data-id=\"12294ad6\" data-element_type=\"container\">\n\t\t\t\t\t<div class=\"e-con-inner\">\n\t\t\t\t<div class=\"elementor-element elementor-element-4a2e2b66 elementor-widget elementor-widget-shortcode\" data-id=\"4a2e2b66\" data-element_type=\"widget\" data-widget_type=\"shortcode.default\">\n\t\t\t\t<div class=\"elementor-widget-container\">\n\t\t\t\t\t\t\t<div class=\"elementor-shortcode\"><\/div>\n\t\t\t\t\t\t<\/div>\n\t\t\t\t<\/div>\n\t\t\t\t\t<\/div>\n\t\t\t\t<\/div>\n\t\t<div data-particle_enable=\"false\" data-particle-mobile-disabled=\"false\" class=\"elementor-element elementor-element-5ccb9c3c e-flex e-con-boxed e-con e-parent\" data-id=\"5ccb9c3c\" data-element_type=\"container\">\n\t\t\t\t\t<div class=\"e-con-inner\">\n\t\t\t\t<div class=\"elementor-element elementor-element-24bdff8a elementor-widget elementor-widget-shortcode\" data-id=\"24bdff8a\" data-element_type=\"widget\" data-widget_type=\"shortcode.default\">\n\t\t\t\t<div class=\"elementor-widget-container\">\n\t\t\t\t\t\t\t<div class=\"elementor-shortcode\"><\/div>\n\t\t\t\t\t\t<\/div>\n\t\t\t\t<\/div>\n\t\t\t\t\t<\/div>\n\t\t\t\t<\/div>\n\t\t<div data-particle_enable=\"false\" data-particle-mobile-disabled=\"false\" class=\"elementor-element elementor-element-28e8e99 e-flex e-con-boxed e-con e-parent\" data-id=\"28e8e99\" data-element_type=\"container\">\n\t\t\t\t\t<div class=\"e-con-inner\">\n\t\t\t\t\t<\/div>\n\t\t\t\t<\/div>\n\t\t\t\t<\/div>","protected":false},"excerpt":{"rendered":"<p>Realizaci\u00f3n de conferencias digitales, eventos h\u00edbridos, streaming e interpretaci\u00f3n a distancia en cumplimiento del GDPR.<\/p>","protected":false},"author":2,"featured_media":36818,"comment_status":"closed","ping_status":"closed","sticky":false,"template":"","format":"standard","meta":{"_acf_changed":false,"footnotes":""},"categories":[16,21,39],"tags":[],"class_list":["post-36814","post","type-post","status-publish","format-standard","has-post-thumbnail","hentry","category-digital-und-hybrid","category-events","category-produkte"],"acf":[],"_links":{"self":[{"href":"https:\/\/konferenztechnik.de\/es\/wp-json\/wp\/v2\/posts\/36814","targetHints":{"allow":["GET"]}}],"collection":[{"href":"https:\/\/konferenztechnik.de\/es\/wp-json\/wp\/v2\/posts"}],"about":[{"href":"https:\/\/konferenztechnik.de\/es\/wp-json\/wp\/v2\/types\/post"}],"author":[{"embeddable":true,"href":"https:\/\/konferenztechnik.de\/es\/wp-json\/wp\/v2\/users\/2"}],"replies":[{"embeddable":true,"href":"https:\/\/konferenztechnik.de\/es\/wp-json\/wp\/v2\/comments?post=36814"}],"version-history":[{"count":0,"href":"https:\/\/konferenztechnik.de\/es\/wp-json\/wp\/v2\/posts\/36814\/revisions"}],"wp:featuredmedia":[{"embeddable":true,"href":"https:\/\/konferenztechnik.de\/es\/wp-json\/wp\/v2\/media\/36818"}],"wp:attachment":[{"href":"https:\/\/konferenztechnik.de\/es\/wp-json\/wp\/v2\/media?parent=36814"}],"wp:term":[{"taxonomy":"category","embeddable":true,"href":"https:\/\/konferenztechnik.de\/es\/wp-json\/wp\/v2\/categories?post=36814"},{"taxonomy":"post_tag","embeddable":true,"href":"https:\/\/konferenztechnik.de\/es\/wp-json\/wp\/v2\/tags?post=36814"}],"curies":[{"name":"wp","href":"https:\/\/api.w.org\/{rel}","templated":true}]}}