{"id":42399,"date":"2023-11-01T13:34:51","date_gmt":"2023-11-01T12:34:51","guid":{"rendered":"https:\/\/konferenztechnik.de\/?p=42399"},"modified":"2023-12-12T16:10:10","modified_gmt":"2023-12-12T15:10:10","slug":"exposiciones-internas-hibrido-digital-in-situ","status":"publish","type":"post","link":"https:\/\/konferenztechnik.de\/es\/exposiciones-internas-hibrido-digital-in-situ\/","title":{"rendered":"Exposiciones internas, eventos internos \u2013 digital, h\u00edbrido, in situ"},"content":{"rendered":"<div data-elementor-type=\"wp-page\" data-elementor-id=\"42399\" class=\"elementor elementor-42399\" data-elementor-post-type=\"post\">\n\t\t\t\t<div data-particle_enable=\"false\" data-particle-mobile-disabled=\"false\" class=\"elementor-element elementor-element-0ba5bdd e-flex e-con-boxed e-con e-parent\" data-id=\"0ba5bdd\" data-element_type=\"container\">\n\t\t\t\t\t<div class=\"e-con-inner\">\n\t\t\t\t<div class=\"elementor-element elementor-element-8eeef14 elementor-widget__width-inherit elementor-widget elementor-widget-heading\" data-id=\"8eeef14\" data-element_type=\"widget\" data-widget_type=\"heading.default\">\n\t\t\t\t<div class=\"elementor-widget-container\">\n\t\t\t\t\t<h1 class=\"elementor-heading-title elementor-size-default\">Exposiciones internas, eventos internos \u2013 digital, h\u00edbrido, in situ\n<\/h1>\t\t\t\t<\/div>\n\t\t\t\t<\/div>\n\t\t\t\t<div class=\"elementor-element elementor-element-9e06b83 elementor-widget elementor-widget-image\" data-id=\"9e06b83\" data-element_type=\"widget\" data-widget_type=\"image.default\">\n\t\t\t\t<div class=\"elementor-widget-container\">\n\t\t\t\t\t\t\t\t\t\t\t\t\t\t\t<img fetchpriority=\"high\" decoding=\"async\" width=\"1300\" height=\"485\" src=\"https:\/\/konferenztechnik.de\/wp-content\/uploads\/2023\/11\/hausmesse-veranstaltungstechnik-service-jpg.webp\" class=\"attachment-full size-full wp-image-42400\" alt=\"\" srcset=\"https:\/\/konferenztechnik.de\/wp-content\/uploads\/2023\/11\/hausmesse-veranstaltungstechnik-service-jpg.webp 1300w, https:\/\/konferenztechnik.de\/wp-content\/uploads\/2023\/11\/hausmesse-veranstaltungstechnik-service-300x112.webp 300w, https:\/\/konferenztechnik.de\/wp-content\/uploads\/2023\/11\/hausmesse-veranstaltungstechnik-service-1024x382.webp 1024w, https:\/\/konferenztechnik.de\/wp-content\/uploads\/2023\/11\/hausmesse-veranstaltungstechnik-service-768x287.webp 768w, https:\/\/konferenztechnik.de\/wp-content\/uploads\/2023\/11\/hausmesse-veranstaltungstechnik-service-18x7.webp 18w\" sizes=\"(max-width: 1300px) 100vw, 1300px\" title=\"\">\t\t\t\t\t\t\t\t\t\t\t\t\t\t\t<\/div>\n\t\t\t\t<\/div>\n\t\t<div data-particle_enable=\"false\" data-particle-mobile-disabled=\"false\" class=\"elementor-element elementor-element-4b4ec0b e-flex e-con-boxed e-con e-child\" data-id=\"4b4ec0b\" data-element_type=\"container\">\n\t\t\t\t\t<div class=\"e-con-inner\">\n\t\t\t\t<div class=\"elementor-element elementor-element-fb13f05 elementor-widget elementor-widget-button\" data-id=\"fb13f05\" data-element_type=\"widget\" data-widget_type=\"button.default\">\n\t\t\t\t<div class=\"elementor-widget-container\">\n\t\t\t\t\t\t\t\t\t<div class=\"elementor-button-wrapper\">\n\t\t\t\t\t<a class=\"elementor-button elementor-button-link elementor-size-lg\" href=\"#anfrageformular\">\n\t\t\t\t\t\t<span class=\"elementor-button-content-wrapper\">\n\t\t\t\t\t\t<span class=\"elementor-button-icon\">\n\t\t\t\t<svg aria-hidden=\"true\" class=\"e-font-icon-svg e-far-arrow-alt-circle-down\" viewbox=\"0 0 512 512\" xmlns=\"http:\/\/www.w3.org\/2000\/svg\"><path d=\"M256 8C119 8 8 119 8 256s111 248 248 248 248-111 248-248S393 8 256 8zm0 448c-110.5 0-200-89.5-200-200S145.5 56 256 56s200 89.5 200 200-89.5 200-200 200zm-32-316v116h-67c-10.7 0-16 12.9-8.5 20.5l99 99c4.7 4.7 12.3 4.7 17 0l99-99c7.6-7.6 2.2-20.5-8.5-20.5h-67V140c0-6.6-5.4-12-12-12h-40c-6.6 0-12 5.4-12 12z\"><\/path><\/svg>\t\t\t<\/span>\n\t\t\t\t\t\t\t\t\t<span class=\"elementor-button-text\">Solicitar informaci\u00f3n<\/span>\n\t\t\t\t\t<\/span>\n\t\t\t\t\t<\/a>\n\t\t\t\t<\/div>\n\t\t\t\t\t\t\t\t<\/div>\n\t\t\t\t<\/div>\n\t\t\t\t\t<\/div>\n\t\t\t\t<\/div>\n\t\t\t\t\t<\/div>\n\t\t\t\t<\/div>\n\t\t<div data-particle_enable=\"false\" data-particle-mobile-disabled=\"false\" class=\"elementor-element elementor-element-57ab6a0 e-flex e-con-boxed e-con e-parent\" data-id=\"57ab6a0\" data-element_type=\"container\">\n\t\t\t\t\t<div class=\"e-con-inner\">\n\t\t\t\t<div class=\"elementor-element elementor-element-4574bb4 elementor-widget elementor-widget-heading\" data-id=\"4574bb4\" data-element_type=\"widget\" data-settings=\"{&quot;_animation&quot;:&quot;none&quot;}\" data-widget_type=\"heading.default\">\n\t\t\t\t<div class=\"elementor-widget-container\">\n\t\t\t\t\t<h2 class=\"elementor-heading-title elementor-size-default\">Reserve con nosotros toda la tecnolog\u00eda para su evento<\/h2>\t\t\t\t<\/div>\n\t\t\t\t<\/div>\n\t\t\t\t<div class=\"elementor-element elementor-element-1d9b541 elementor-widget__width-inherit elementor-widget elementor-widget-text-editor\" data-id=\"1d9b541\" data-element_type=\"widget\" data-widget_type=\"text-editor.default\">\n\t\t\t\t<div class=\"elementor-widget-container\">\n\t\t\t\t\t\t\t\t\tEn el pasado, las exposiciones internas eran exclusivamente ferias de informaci\u00f3n y ventas que las empresas individuales utilizaban para llamar la atenci\u00f3n sobre sus productos e innovaciones. Hoy en d\u00eda, los d\u00edas de la salud de la empresa, las inauguraciones anuales, los d\u00edas de la innovaci\u00f3n, los hackathones, los d\u00edas de la contrataci\u00f3n y muchas otras cosas se organizan siguiendo el mismo principio.\n\n\nLas peque\u00f1as y medianas empresas, en particular, son m\u00e1s reconocidas con su propio formato que en las grandes ferias. Los costes pueden controlarse de forma m\u00e1s individualizada y es posible dirigirse al grupo objetivo de forma m\u00e1s espec\u00edfica.\n\n\nNo es necesario que el evento se celebre en sus propias instalaciones. Sin embargo, si el acto se celebra en sus propias instalaciones, puede crear impresiones sinceras y relaciones personales especialmente buenas. Aproveche la oportunidad para adaptar su presentaci\u00f3n a su empresa y a su situaci\u00f3n.\t\t\t\t\t\t\t\t<\/div>\n\t\t\t\t<\/div>\n\t\t\t\t<div class=\"elementor-element elementor-element-14eeffe elementor-widget elementor-widget-heading\" data-id=\"14eeffe\" data-element_type=\"widget\" data-settings=\"{&quot;_animation&quot;:&quot;none&quot;}\" data-widget_type=\"heading.default\">\n\t\t\t\t<div class=\"elementor-widget-container\">\n\t\t\t\t\t<h2 class=\"elementor-heading-title elementor-size-default\">Le ayudamos con su exposici\u00f3n interna:<\/h2>\t\t\t\t<\/div>\n\t\t\t\t<\/div>\n\t\t\t\t<div class=\"elementor-element elementor-element-e5a476e elementor-widget__width-inherit elementor-widget elementor-widget-text-editor\" data-id=\"e5a476e\" data-element_type=\"widget\" data-widget_type=\"text-editor.default\">\n\t\t\t\t<div class=\"elementor-widget-container\">\n\t\t\t\t\t\t\t\t\t<ul><li>Definici\u00f3n del grupo destinatario, planificaci\u00f3n, organizaci\u00f3n y ejecuci\u00f3n<\/li><li>Revisi\u00f3n de su infraestructura y concepto<\/li><li>Llegada, aparcamiento, ambiente in situ<\/li><li>Programa de apoyo con demostraciones, debates y talleres<\/li><li>Restauraci\u00f3n y bienestar f\u00edsico<\/li><li>Tecnolog\u00eda, pantallas, videoconferencia, streaming y tecnolog\u00eda simult\u00e1nea<\/li><li>Exposiciones, showrooms, pop-up shows y decoraci\u00f3n<\/li><li>Marketing, mailing, programaci\u00f3n y gesti\u00f3n de invitaciones<\/li><\/ul>\t\t\t\t\t\t\t\t<\/div>\n\t\t\t\t<\/div>\n\t\t<a class=\"eael-wrapper-link-edbcd1d --eael-wrapper-link-tag\" href=\"#serviceteam\"><\/a><div data-eael-wrapper-link=\"eael-wrapper-link-edbcd1d\" data-particle_enable=\"false\" data-particle-mobile-disabled=\"false\" class=\"elementor-element elementor-element-edbcd1d e-flex e-con-boxed e-con e-child\" data-id=\"edbcd1d\" data-element_type=\"container\" data-settings=\"{&quot;background_background&quot;:&quot;classic&quot;}\">\n\t\t\t\t\t<div class=\"e-con-inner\">\n\t\t\t\t<div class=\"elementor-element elementor-element-1e84a5c elementor-widget elementor-widget-image\" data-id=\"1e84a5c\" data-element_type=\"widget\" data-widget_type=\"image.default\">\n\t\t\t\t<div class=\"elementor-widget-container\">\n\t\t\t\t\t\t\t\t\t\t\t\t\t\t\t<img decoding=\"async\" width=\"1200\" height=\"800\" src=\"https:\/\/konferenztechnik.de\/wp-content\/uploads\/2023\/11\/events-beschilderung-jpg.webp\" class=\"attachment-full size-full wp-image-42401\" alt=\"\" srcset=\"https:\/\/konferenztechnik.de\/wp-content\/uploads\/2023\/11\/events-beschilderung-jpg.webp 1200w, https:\/\/konferenztechnik.de\/wp-content\/uploads\/2023\/11\/events-beschilderung-300x200.webp 300w, https:\/\/konferenztechnik.de\/wp-content\/uploads\/2023\/11\/events-beschilderung-1024x683.webp 1024w, https:\/\/konferenztechnik.de\/wp-content\/uploads\/2023\/11\/events-beschilderung-768x512.webp 768w, https:\/\/konferenztechnik.de\/wp-content\/uploads\/2023\/11\/events-beschilderung-18x12.webp 18w\" sizes=\"(max-width: 1200px) 100vw, 1200px\" title=\"\">\t\t\t\t\t\t\t\t\t\t\t\t\t\t\t<\/div>\n\t\t\t\t<\/div>\n\t\t\t\t<div class=\"elementor-element elementor-element-c7e1de7 elementor-widget elementor-widget-heading\" data-id=\"c7e1de7\" data-element_type=\"widget\" data-settings=\"{&quot;_animation&quot;:&quot;none&quot;}\" data-widget_type=\"heading.default\">\n\t\t\t\t<div class=\"elementor-widget-container\">\n\t\t\t\t\t<h2 class=\"elementor-heading-title elementor-size-default\">Organizar con \u00e9xito exposiciones internas<\/h2>\t\t\t\t<\/div>\n\t\t\t\t<\/div>\n\t\t\t\t<div class=\"elementor-element elementor-element-22c7276 elementor-widget__width-inherit elementor-widget elementor-widget-text-editor\" data-id=\"22c7276\" data-element_type=\"widget\" data-widget_type=\"text-editor.default\">\n\t\t\t\t<div class=\"elementor-widget-container\">\n\t\t\t\t\t\t\t\t\t<p>Los eventos no suelen ser complicados, pero s\u00ed complejos. En una feria habitual, se le releva de muchas peque\u00f1as tareas individuales, a menudo de forma rutinaria, pero a menudo tambi\u00e9n un tanto sin amor. La experiencia y el compromiso marcan la diferencia. Nosotros podemos ayudarle con esto.<\/p>\t\t\t\t\t\t\t\t<\/div>\n\t\t\t\t<\/div>\n\t\t\t\t<div class=\"elementor-element elementor-element-240cd26 elementor-widget elementor-widget-heading\" data-id=\"240cd26\" data-element_type=\"widget\" data-settings=\"{&quot;_animation&quot;:&quot;none&quot;}\" data-widget_type=\"heading.default\">\n\t\t\t\t<div class=\"elementor-widget-container\">\n\t\t\t\t\t<h2 class=\"elementor-heading-title elementor-size-default\">De la primera exposici\u00f3n interna a la organizaci\u00f3n peri\u00f3dica<\/h2>\t\t\t\t<\/div>\n\t\t\t\t<\/div>\n\t\t\t\t<div class=\"elementor-element elementor-element-d59d6af elementor-widget__width-inherit elementor-widget elementor-widget-text-editor\" data-id=\"d59d6af\" data-element_type=\"widget\" data-widget_type=\"text-editor.default\">\n\t\t\t\t<div class=\"elementor-widget-container\">\n\t\t\t\t\t\t\t\t\t<p>\u00bfAlquilar, comprar, usar una vez, almacenar? \u00bfQuiere dar un gran golpe de efecto de inmediato o empezar poco a poco e impulsar el establecimiento estable de su propio formato con un crecimiento \u00e1gil? Le asesoramos en funci\u00f3n de su posici\u00f3n de partida y sus objetivos.<\/p>\t\t\t\t\t\t\t\t<\/div>\n\t\t\t\t<\/div>\n\t\t\t\t<div class=\"elementor-element elementor-element-50f9854 elementor-widget elementor-widget-heading\" data-id=\"50f9854\" data-element_type=\"widget\" data-settings=\"{&quot;_animation&quot;:&quot;none&quot;}\" data-widget_type=\"heading.default\">\n\t\t\t\t<div class=\"elementor-widget-container\">\n\t\t\t\t\t<h2 class=\"elementor-heading-title elementor-size-default\">Zeitgeist, diversidad y sostenibilidad en su exposici\u00f3n interna? <\/h2>\t\t\t\t<\/div>\n\t\t\t\t<\/div>\n\t\t\t\t<div class=\"elementor-element elementor-element-d63b240 elementor-widget__width-inherit elementor-widget elementor-widget-text-editor\" data-id=\"d63b240\" data-element_type=\"widget\" data-widget_type=\"text-editor.default\">\n\t\t\t\t<div class=\"elementor-widget-container\">\n\t\t\t\t\t\t\t\t\t<p>Aproveche la oportunidad de cambio y modernidad. Revise su imagen y reputaci\u00f3n, atr\u00e9vase a experimentar o incluso adopte una nueva y audaz postura \u2013, aunque sea a peque\u00f1a escala. Un evento es el marco ideal para ello. Sus invitados esperan y merecen espect\u00e1culo y emoci\u00f3n. La exposici\u00f3n interna debe merecer la pena para usted y sus visitantes.<\/p>\t\t\t\t\t\t\t\t<\/div>\n\t\t\t\t<\/div>\n\t\t\t\t<div class=\"elementor-element elementor-element-c7747a6 elementor-widget elementor-widget-text-editor\" data-id=\"c7747a6\" data-element_type=\"widget\" data-widget_type=\"text-editor.default\">\n\t\t\t\t<div class=\"elementor-widget-container\">\n\t\t\t\t\t\t\t\t\t<p>Estaremos encantados de asesorarle sobre cualquier forma de evento interno.<\/p>\t\t\t\t\t\t\t\t<\/div>\n\t\t\t\t<\/div>\n\t\t\t\t\t<\/div>\n\t\t\t\t<\/div>\n\t\t\t\t\t<\/div>\n\t\t\t\t<\/div>\n\t\t<div data-particle_enable=\"false\" data-particle-mobile-disabled=\"false\" class=\"elementor-element elementor-element-36abde7 e-flex e-con-boxed e-con e-parent\" data-id=\"36abde7\" data-element_type=\"container\">\n\t\t\t\t\t<div class=\"e-con-inner\">\n\t\t\t\t<div class=\"elementor-element elementor-element-3c88645 elementor-widget elementor-widget-spacer\" data-id=\"3c88645\" data-element_type=\"widget\" id=\"anfrageformular\" data-widget_type=\"spacer.default\">\n\t\t\t\t<div class=\"elementor-widget-container\">\n\t\t\t\t\t\t\t<div class=\"elementor-spacer\">\n\t\t\t<div class=\"elementor-spacer-inner\"><\/div>\n\t\t<\/div>\n\t\t\t\t\t\t<\/div>\n\t\t\t\t<\/div>\n\t\t\t\t<div class=\"elementor-element elementor-element-9665e4b elementor-widget elementor-widget-shortcode\" data-id=\"9665e4b\" data-element_type=\"widget\" data-widget_type=\"shortcode.default\">\n\t\t\t\t<div class=\"elementor-widget-container\">\n\t\t\t\t\t\t\t<div class=\"elementor-shortcode\"><\/div>\n\t\t\t\t\t\t<\/div>\n\t\t\t\t<\/div>\n\t\t\t\t\t<\/div>\n\t\t\t\t<\/div>\n\t\t<div data-particle_enable=\"false\" data-particle-mobile-disabled=\"false\" class=\"elementor-element elementor-element-6ed14fa e-flex e-con-boxed e-con e-parent\" data-id=\"6ed14fa\" data-element_type=\"container\">\n\t\t\t\t\t<div class=\"e-con-inner\">\n\t\t\t\t<div class=\"elementor-element elementor-element-5294a42 elementor-widget elementor-widget-shortcode\" data-id=\"5294a42\" data-element_type=\"widget\" data-widget_type=\"shortcode.default\">\n\t\t\t\t<div class=\"elementor-widget-container\">\n\t\t\t\t\t\t\t<div class=\"elementor-shortcode\"><\/div>\n\t\t\t\t\t\t<\/div>\n\t\t\t\t<\/div>\n\t\t\t\t\t<\/div>\n\t\t\t\t<\/div>\n\t\t\t\t<\/div>","protected":false},"excerpt":{"rendered":"<p>En el pasado, las exposiciones internas eran exclusivamente ferias de informaci\u00f3n y ventas que las empresas individuales utilizaban para llamar la atenci\u00f3n sobre sus productos e innovaciones. Hoy en d\u00eda, el mismo principio se utiliza para organizar jornadas de salud empresarial, kick-offs, jornadas de innovaci\u00f3n, hackathons, jornadas de contrataci\u00f3n y mucho m\u00e1s. Nosotros suministramos la tecnolog\u00eda.<\/p>","protected":false},"author":2,"featured_media":42402,"comment_status":"closed","ping_status":"closed","sticky":false,"template":"","format":"standard","meta":{"_acf_changed":false,"footnotes":""},"categories":[39,21],"tags":[119,115,121,118,117,116,120],"class_list":["post-42399","post","type-post","status-publish","format-standard","has-post-thumbnail","hentry","category-produkte","category-events","tag-hackathon","tag-hausmesse","tag-inhouse-event","tag-innovationstag","tag-kick-off","tag-kickoff","tag-recruiting-day"],"acf":[],"_links":{"self":[{"href":"https:\/\/konferenztechnik.de\/es\/wp-json\/wp\/v2\/posts\/42399","targetHints":{"allow":["GET"]}}],"collection":[{"href":"https:\/\/konferenztechnik.de\/es\/wp-json\/wp\/v2\/posts"}],"about":[{"href":"https:\/\/konferenztechnik.de\/es\/wp-json\/wp\/v2\/types\/post"}],"author":[{"embeddable":true,"href":"https:\/\/konferenztechnik.de\/es\/wp-json\/wp\/v2\/users\/2"}],"replies":[{"embeddable":true,"href":"https:\/\/konferenztechnik.de\/es\/wp-json\/wp\/v2\/comments?post=42399"}],"version-history":[{"count":0,"href":"https:\/\/konferenztechnik.de\/es\/wp-json\/wp\/v2\/posts\/42399\/revisions"}],"wp:featuredmedia":[{"embeddable":true,"href":"https:\/\/konferenztechnik.de\/es\/wp-json\/wp\/v2\/media\/42402"}],"wp:attachment":[{"href":"https:\/\/konferenztechnik.de\/es\/wp-json\/wp\/v2\/media?parent=42399"}],"wp:term":[{"taxonomy":"category","embeddable":true,"href":"https:\/\/konferenztechnik.de\/es\/wp-json\/wp\/v2\/categories?post=42399"},{"taxonomy":"post_tag","embeddable":true,"href":"https:\/\/konferenztechnik.de\/es\/wp-json\/wp\/v2\/tags?post=42399"}],"curies":[{"name":"wp","href":"https:\/\/api.w.org\/{rel}","templated":true}]}}