{"id":49192,"date":"2026-01-08T08:00:00","date_gmt":"2026-01-08T07:00:00","guid":{"rendered":"https:\/\/konferenztechnik.de\/?p=49192"},"modified":"2026-01-08T08:04:12","modified_gmt":"2026-01-08T07:04:12","slug":"lo-mas-destacado-de-ces2026-con-referencia-a-eventos-y-conferencias","status":"publish","type":"post","link":"https:\/\/konferenztechnik.de\/es\/lo-mas-destacado-de-ces2026-con-referencia-a-eventos-y-conferencias\/","title":{"rendered":"Hechos destacados espec\u00edficos de CES 2026 con relevancia para el evento y la conferencia"},"content":{"rendered":"\t\t<div data-elementor-type=\"wp-post\" data-elementor-id=\"49192\" class=\"elementor elementor-49192\" data-elementor-post-type=\"post\">\n\t\t\t\t<div data-particle_enable=\"false\" data-particle-mobile-disabled=\"false\" class=\"elementor-element elementor-element-876cb38 e-flex e-con-boxed e-con e-parent\" data-id=\"876cb38\" data-element_type=\"container\" data-e-type=\"container\">\n\t\t\t\t\t<div class=\"e-con-inner\">\n\t\t\t\t<div class=\"elementor-element elementor-element-e254ed4 elementor-widget elementor-widget-heading\" data-id=\"e254ed4\" data-element_type=\"widget\" data-e-type=\"widget\" data-settings=\"{&quot;_animation&quot;:&quot;none&quot;}\" data-widget_type=\"heading.default\">\n\t\t\t\t<div class=\"elementor-widget-container\">\n\t\t\t\t\t<h1 class=\"elementor-heading-title elementor-size-default\">Konkrete CES\u20112026\u2011Highlights mit Event\u2011 und Konferenzbezug<\/h1>\t\t\t\t<\/div>\n\t\t\t\t<\/div>\n\t\t\t\t<div class=\"elementor-element elementor-element-6a17e41 elementor-widget elementor-widget-image\" data-id=\"6a17e41\" data-element_type=\"widget\" data-e-type=\"widget\" data-widget_type=\"image.default\">\n\t\t\t\t<div class=\"elementor-widget-container\">\n\t\t\t\t\t\t\t\t\t\t\t\t\t\t\t<img fetchpriority=\"high\" decoding=\"async\" width=\"1598\" height=\"629\" src=\"https:\/\/konferenztechnik.de\/wp-content\/uploads\/2026\/01\/CES-Highlights-konferenztechnik.avif\" class=\"attachment-full size-full wp-image-49193\" alt=\"\" srcset=\"https:\/\/konferenztechnik.de\/wp-content\/uploads\/2026\/01\/CES-Highlights-konferenztechnik.avif 1598w, https:\/\/konferenztechnik.de\/wp-content\/uploads\/2026\/01\/CES-Highlights-konferenztechnik-300x118.avif 300w, https:\/\/konferenztechnik.de\/wp-content\/uploads\/2026\/01\/CES-Highlights-konferenztechnik-1024x403.avif 1024w, https:\/\/konferenztechnik.de\/wp-content\/uploads\/2026\/01\/CES-Highlights-konferenztechnik-768x302.avif 768w, https:\/\/konferenztechnik.de\/wp-content\/uploads\/2026\/01\/CES-Highlights-konferenztechnik-1536x605.avif 1536w, https:\/\/konferenztechnik.de\/wp-content\/uploads\/2026\/01\/CES-Highlights-konferenztechnik-18x7.avif 18w\" sizes=\"(max-width: 1598px) 100vw, 1598px\" title=\"\">\t\t\t\t\t\t\t\t\t\t\t\t\t\t\t<\/div>\n\t\t\t\t<\/div>\n\t\t\t\t<div class=\"elementor-element elementor-element-aad4d44 elementor-widget elementor-widget-text-editor\" data-id=\"aad4d44\" data-element_type=\"widget\" data-e-type=\"widget\" data-widget_type=\"text-editor.default\">\n\t\t\t\t<div class=\"elementor-widget-container\">\n\t\t\t\t\t\t\t\t\tVer\u00f6ffentlicht am: 8. enero 2026\t\t\t\t\t\t\t\t<\/div>\n\t\t\t\t<\/div>\n\t\t\t\t\t<\/div>\n\t\t\t\t<\/div>\n\t\t<div data-particle_enable=\"false\" data-particle-mobile-disabled=\"false\" class=\"elementor-element elementor-element-152248f e-flex e-con-boxed e-con e-parent\" data-id=\"152248f\" data-element_type=\"container\" data-e-type=\"container\">\n\t\t\t\t\t<div class=\"e-con-inner\">\n\t\t\t\t<div class=\"elementor-element elementor-element-0954693 elementor-toc--minimized-on-tablet elementor-widget elementor-widget-table-of-contents\" data-id=\"0954693\" data-element_type=\"widget\" data-e-type=\"widget\" data-settings=\"{&quot;headings_by_tags&quot;:[&quot;h2&quot;],&quot;exclude_headings_by_selector&quot;:[],&quot;no_headings_message&quot;:&quot;Es wurden keine \\u00dcberschriften auf dieser Seite gefunden.&quot;,&quot;marker_view&quot;:&quot;numbers&quot;,&quot;minimize_box&quot;:&quot;yes&quot;,&quot;minimized_on&quot;:&quot;tablet&quot;,&quot;hierarchical_view&quot;:&quot;yes&quot;,&quot;min_height&quot;:{&quot;unit&quot;:&quot;px&quot;,&quot;size&quot;:&quot;&quot;,&quot;sizes&quot;:[]},&quot;min_height_widescreen&quot;:{&quot;unit&quot;:&quot;px&quot;,&quot;size&quot;:&quot;&quot;,&quot;sizes&quot;:[]},&quot;min_height_laptop&quot;:{&quot;unit&quot;:&quot;px&quot;,&quot;size&quot;:&quot;&quot;,&quot;sizes&quot;:[]},&quot;min_height_tablet_extra&quot;:{&quot;unit&quot;:&quot;px&quot;,&quot;size&quot;:&quot;&quot;,&quot;sizes&quot;:[]},&quot;min_height_tablet&quot;:{&quot;unit&quot;:&quot;px&quot;,&quot;size&quot;:&quot;&quot;,&quot;sizes&quot;:[]},&quot;min_height_mobile&quot;:{&quot;unit&quot;:&quot;px&quot;,&quot;size&quot;:&quot;&quot;,&quot;sizes&quot;:[]}}\" data-widget_type=\"table-of-contents.default\">\n\t\t\t\t<div class=\"elementor-widget-container\">\n\t\t\t\t\t\t\t\t\t<div class=\"elementor-toc__header\">\n\t\t\t\t\t\t<h4 class=\"elementor-toc__header-title\">\n\t\t\t\tInhaltsverzeichnis\t\t\t<\/h4>\n\t\t\t\t\t\t\t\t\t\t<div class=\"elementor-toc__toggle-button elementor-toc__toggle-button--expand\" role=\"button\" tabindex=\"0\" aria-controls=\"elementor-toc__0954693\" aria-expanded=\"true\" aria-label=\"Abrir la tabla de contenidos\"><svg aria-hidden=\"true\" class=\"e-font-icon-svg e-fas-chevron-down\" viewBox=\"0 0 448 512\" xmlns=\"http:\/\/www.w3.org\/2000\/svg\"><path d=\"M207.029 381.476L12.686 187.132c-9.373-9.373-9.373-24.569 0-33.941l22.667-22.667c9.357-9.357 24.522-9.375 33.901-.04L224 284.505l154.745-154.021c9.379-9.335 24.544-9.317 33.901.04l22.667 22.667c9.373 9.373 9.373 24.569 0 33.941L240.971 381.476c-9.373 9.372-24.569 9.372-33.942 0z\"><\/path><\/svg><\/div>\n\t\t\t\t<div class=\"elementor-toc__toggle-button elementor-toc__toggle-button--collapse\" role=\"button\" tabindex=\"0\" aria-controls=\"elementor-toc__0954693\" aria-expanded=\"true\" aria-label=\"Cerrar la tabla de contenidos\"><svg aria-hidden=\"true\" class=\"e-font-icon-svg e-fas-chevron-up\" viewBox=\"0 0 448 512\" xmlns=\"http:\/\/www.w3.org\/2000\/svg\"><path d=\"M240.971 130.524l194.343 194.343c9.373 9.373 9.373 24.569 0 33.941l-22.667 22.667c-9.357 9.357-24.522 9.375-33.901.04L224 227.495 69.255 381.516c-9.379 9.335-24.544 9.317-33.901-.04l-22.667-22.667c-9.373-9.373-9.373-24.569 0-33.941L207.03 130.525c9.372-9.373 24.568-9.373 33.941-.001z\"><\/path><\/svg><\/div>\n\t\t\t\t\t<\/div>\n\t\t\t\t<div id=\"elementor-toc__0954693\" class=\"elementor-toc__body\">\n\t\t\t<div class=\"elementor-toc__spinner-container\">\n\t\t\t\t<svg class=\"elementor-toc__spinner eicon-animation-spin e-font-icon-svg e-eicon-loading\" aria-hidden=\"true\" viewBox=\"0 0 1000 1000\" xmlns=\"http:\/\/www.w3.org\/2000\/svg\"><path d=\"M500 975V858C696 858 858 696 858 500S696 142 500 142 142 304 142 500H25C25 237 238 25 500 25S975 237 975 500 763 975 500 975Z\"><\/path><\/svg>\t\t\t<\/div>\n\t\t<\/div>\n\t\t\t\t\t\t<\/div>\n\t\t\t\t<\/div>\n\t\t\t\t<div class=\"elementor-element elementor-element-34a92f8 elementor-widget__width-inherit elementor-widget elementor-widget-text-editor\" data-id=\"34a92f8\" data-element_type=\"widget\" data-e-type=\"widget\" data-widget_type=\"text-editor.default\">\n\t\t\t\t<div class=\"elementor-widget-container\">\n\t\t\t\t\t\t\t\t\t<p>Die CES (Consumer Electronics Show) ist eine der weltweit wichtigsten Technikmessen und findet jedes Jahr im Januar in Las Vegas statt. Hersteller, Dienstleister und Start\u2011ups pr\u00e4sentieren dort ihre neuesten Entwicklungen \u2013 von Unterhaltungselektronik \u00fcber KI\u2011L\u00f6sungen bis hin zu innovativer Audio\u2011 und Videotechnik f\u00fcr professionelle Anwendungen. Wir haben uns nach Neuerungen und Impulsen f\u00fcr die Veranstaltungsszene umgesehen. Ein besonderer Hingucker \u2013 allerdings erst als Prototyp \u2013 ist volumetrisches Free\u2011Viewpoint\u2011Video von Canon.<\/p>\t\t\t\t\t\t\t\t<\/div>\n\t\t\t\t<\/div>\n\t\t\t\t<div class=\"elementor-element elementor-element-3af77e3 elementor-widget elementor-widget-heading\" data-id=\"3af77e3\" data-element_type=\"widget\" data-e-type=\"widget\" data-settings=\"{&quot;_animation&quot;:&quot;none&quot;}\" data-widget_type=\"heading.default\">\n\t\t\t\t<div class=\"elementor-widget-container\">\n\t\t\t\t\t<h2 class=\"elementor-heading-title elementor-size-default\">CES 2026: Wie volumetrisches Free\u2011Viewpoint\u2011Video Events und Konferenzen ver\u00e4ndert<\/h2>\t\t\t\t<\/div>\n\t\t\t\t<\/div>\n\t\t\t\t<div class=\"elementor-element elementor-element-529e5d6 elementor-widget__width-inherit elementor-widget elementor-widget-text-editor\" data-id=\"529e5d6\" data-element_type=\"widget\" data-e-type=\"widget\" data-widget_type=\"text-editor.default\">\n\t\t\t\t<div class=\"elementor-widget-container\">\n\t\t\t\t\t\t\t\t\t<p>Die CES 2026 zeigt sehr deutlich, wohin sich moderne Konferenztechnik und Veranstaltungstechnik entwickeln: hin zu immersiven Bildwelten, intelligenter Kameraf\u00fchrung und nahtlos integrierter AV\u2011Technik f\u00fcr hybride Events. Ein H\u00f6hepunkt aus Sicht professioneller Konferenz\u2011 und Eventtechnik ist dabei das <strong>volumetrische Free\u2011Viewpoint\u2011Video<\/strong>, wie es Canon in Las Vegas pr\u00e4sentiert.<\/p>\t\t\t\t\t\t\t\t<\/div>\n\t\t\t\t<\/div>\n\t\t\t\t<div class=\"elementor-element elementor-element-5750739 elementor-widget elementor-widget-heading\" data-id=\"5750739\" data-element_type=\"widget\" data-e-type=\"widget\" data-settings=\"{&quot;_animation&quot;:&quot;none&quot;}\" data-widget_type=\"heading.default\">\n\t\t\t\t<div class=\"elementor-widget-container\">\n\t\t\t\t\t<h2 class=\"elementor-heading-title elementor-size-default\">Was ist volumetrisches Free\u2011Viewpoint\u2011Video?<\/h2>\t\t\t\t<\/div>\n\t\t\t\t<\/div>\n\t\t\t\t<div class=\"elementor-element elementor-element-6f9e329 elementor-widget__width-inherit elementor-widget elementor-widget-text-editor\" data-id=\"6f9e329\" data-element_type=\"widget\" data-e-type=\"widget\" data-widget_type=\"text-editor.default\">\n\t\t\t\t<div class=\"elementor-widget-container\">\n\t\t\t\t\t\t\t\t\t<p>Beim <strong>Free\u2011Viewpoint\u2011Video<\/strong> wird ein kompletter Raum mit einem dichten Kameraraster erfasst. In der Canon\u2011L\u00f6sung sind es \u00fcber 100 Kameras, die eine Szene gleichzeitig aufnehmen und in <strong>3D\u2011Daten<\/strong> umrechnen. Aus diesen volumetrischen Daten l\u00e4sst sich die Perspektive sp\u00e4ter frei w\u00e4hlen \u2013 als w\u00fcrde eine virtuelle Kamera im Raum schweben.<br \/><br \/><\/p><p>F\u00fcr Zuschauer*innen bedeutet das:<\/p><ul><li>Sie k\u00f6nnen die Szene im Nachgang aus <strong>beliebigen Blickwinkeln<\/strong> betrachten.<\/li><\/ul><ul><li>Kamerafahrten, Zooms und Perspektivwechsel lassen sich <strong>nachtr\u00e4glich kreativ gestalten<\/strong>.<\/li><\/ul><ul><li>Online\u2011Publikum oder On\u2011Demand\u2011Zuschauer*innen erleben ein Event erheblich <strong>dynamischer und immersiver<\/strong>.<\/li><\/ul><p>Das ist aktuell vor allem aus dem Sportbereich bekannt (z.B. interaktive Replays im Stadion oder TV), wird aber durch die CES\u2011Pr\u00e4sentation klar als Zukunftsthema f\u00fcr <strong>Live\u2011Events, Keynotes und hybride Gro\u00dfveranstaltungen<\/strong> positioniert.<br \/><br \/><\/p><p><strong>Weiterf\u00fchrende Infos zum Free\u2011Viewpoint\u2011Video von Canon:<\/strong><\/p><p><a href=\"https:\/\/www.sportsvideo.org\/2026\/01\/06\/ces-2026-canon-americas-lab-demos-innovation-under-ideas-in-the-making-theme\/\" target=\"_blank\" rel=\"noopener\">https:\/\/www.sportsvideo.org\/2026\/01\/06\/ces-2026-canon-americas-lab-demos-innovation-under-ideas-in-the-making-theme\/<\/a><\/p>\t\t\t\t\t\t\t\t<\/div>\n\t\t\t\t<\/div>\n\t\t\t\t<div class=\"elementor-element elementor-element-b56aa11 elementor-widget elementor-widget-heading\" data-id=\"b56aa11\" data-element_type=\"widget\" data-e-type=\"widget\" data-settings=\"{&quot;_animation&quot;:&quot;none&quot;}\" data-widget_type=\"heading.default\">\n\t\t\t\t<div class=\"elementor-widget-container\">\n\t\t\t\t\t<h2 class=\"elementor-heading-title elementor-size-default\">Einsatzszenarien f\u00fcr Events, Konferenzen und Messen<\/h2>\t\t\t\t<\/div>\n\t\t\t\t<\/div>\n\t\t\t\t<div class=\"elementor-element elementor-element-8e00032 elementor-widget__width-inherit elementor-widget elementor-widget-text-editor\" data-id=\"8e00032\" data-element_type=\"widget\" data-e-type=\"widget\" data-widget_type=\"text-editor.default\">\n\t\t\t\t<div class=\"elementor-widget-container\">\n\t\t\t\t\t\t\t\t\t<p>F\u00fcr Konferenzen, Tagungen und Events er\u00f6ffnet volumetrisches Video gleich mehrere spannende Szenarien:<\/p><p>\u00a0<\/p><p><strong>1. Hochwertige Hybrid\u2011Events und Keynotes<\/strong><br \/>Keynotes k\u00f6nnen so produziert werden, dass On\u2011Site\u2011Publikum und Online\u2011Teilnehmende unterschiedliche, perfekt gef\u00fchrte Bildversionen erhalten.<br \/>In der On\u2011Demand\u2011Version lassen sich zus\u00e4tzliche Kamerafahrten, Nahaufnahmen von Sprecher*innen oder Detailshots von Exponaten einf\u00fcgen, ohne dass live mehr Kameras im Raum stehen m\u00fcssen.<\/p><p>\u00a0<\/p><p><strong>2. Interaktive Event\u2011Replays<\/strong><br \/>Gerade bei Produktpr\u00e4sentationen, Fachvortr\u00e4gen oder Panel\u2011Diskussionen wird On\u2011Demand\u2011Content immer wichtiger. Volumetrisches Video erm\u00f6glicht:<br \/>interaktive Replays mit frei w\u00e4hlbarer Sitzposition,individuelle Fokus\u2011Ansichten (z.B. nur die\/den Sprecher*in, nur die Pr\u00e4sentationsfl\u00e4che, nur das Panel). Das steigert die Attraktivit\u00e4t von Event\u2011Mediatheken und verl\u00e4ngert die Lebensdauer von Konferenz\u2011Content erheblich.<\/p><p><span style=\"font-size: 22.4px;\">\u00a0<\/span><\/p><p><strong>3. Messe\u2011 und Show\u2011Inszenierungen<\/strong><br \/>Auf Messen oder bei Brand\u2011Shows lassen sich mit volumetrischem Video eindrucksvolle Highlight\u2011Clips erstellen:<\/p><ul><li>virtuelle 360\u00b0\u2011Rundg\u00e4nge durch Live\u2011Demos,<\/li><li>spektakul\u00e4re Kamerafl\u00fcge, die mit klassischem Kamera\u2011Rigging kaum machbar w\u00e4ren,<\/li><li>Material f\u00fcr Social\u2011Media\u2011Kampagnen, das sich klar von Standard\u2011Eventvideos abhebt.<\/li><\/ul><p>Detailierter \u00dcberblick \u00fcber Canons volumetrische L\u00f6sungen auf der CES 2026:<br \/><a href=\"https:\/\/www.sportsvideo.org\/2026\/01\/06\/ces-2026-canon-americas-lab-demos-innovation-under-ideas-in-the-making-theme\/\" target=\"_blank\" rel=\"noopener\">https:\/\/www.sportsvideo.org\/2026\/01\/06\/ces-2026-canon-americas-lab-demos-innovation-under-ideas-in-the-making-theme\/<\/a><\/p>\t\t\t\t\t\t\t\t<\/div>\n\t\t\t\t<\/div>\n\t\t\t\t<div class=\"elementor-element elementor-element-38d1e1c elementor-widget__width-inherit elementor-widget elementor-widget-text-editor\" data-id=\"38d1e1c\" data-element_type=\"widget\" data-e-type=\"widget\" data-widget_type=\"text-editor.default\">\n\t\t\t\t<div class=\"elementor-widget-container\">\n\t\t\t\t\t\t\t\t\t<p><strong>Technische Grundlagen und Anforderungen<\/strong><\/p>\t\t\t\t\t\t\t\t<\/div>\n\t\t\t\t<\/div>\n\t\t\t\t<div class=\"elementor-element elementor-element-3b75a05 elementor-widget__width-inherit elementor-widget elementor-widget-text-editor\" data-id=\"3b75a05\" data-element_type=\"widget\" data-e-type=\"widget\" data-widget_type=\"text-editor.default\">\n\t\t\t\t<div class=\"elementor-widget-container\">\n\t\t\t\t\t\t\t\t\t<p>Volumetrisches Free\u2011Viewpoint\u2011Video ist derzeit noch ein High\u2011End\u2011Thema:<\/p><ul><li><strong>Viele Kameras<\/strong>: Das Canon\u2011Setup erfasst den Raum mit \u00fcber 100 Kameras.<\/li><\/ul><ul><li><strong>Starke Rechenleistung<\/strong>: Aus den Einzelbildern wird ein <strong>konsistentes 3D\u2011Volumen<\/strong> berechnet.<\/li><\/ul><ul><li><strong>Datenmengen<\/strong>: Die entstehenden Datenstr\u00f6me sind enorm, was Storage\u2011 und Netzwerk\u2011Infrastruktur fordert.<\/li><\/ul><p>F\u00fcr die <strong>klassische Konferenzraum\u2011Installation<\/strong> ist das aktuell noch nicht im Standard angekommen. Perspektivisch sind aber abgespeckte Varianten denkbar \u2013 etwa:<\/p><ul><li>kleinere Setups mit weniger Kameras f\u00fcr <strong>VIP\u2011Events oder Vorstandsklausuren<\/strong>,<\/li><\/ul><ul><li>spezielle B\u00fchnen\u2011Zonen, die volumetrisch erfasst werden, w\u00e4hrend der restliche Raum klassisch mit PTZ\u2011Kameras arbeitet.<\/li><\/ul><p><strong>Technischen Hintergrund und Live\u2011Demo\u2011Details finden Sie im Canon\u2011CES\u2011Bericht:<\/strong><\/p><p><a href=\"https:\/\/www.sportsvideo.org\/2026\/01\/06\/ces-2026-canon-americas-lab-demos-innovation-under-ideas-in-the-making-theme\/\" target=\"_blank\" rel=\"noopener\">https:\/\/www.sportsvideo.org\/2026\/01\/06\/ces-2026-canon-americas-lab-demos-innovation-under-ideas-in-the-making-theme\/<\/a><\/p>\t\t\t\t\t\t\t\t<\/div>\n\t\t\t\t<\/div>\n\t\t\t\t\t<\/div>\n\t\t\t\t<\/div>\n\t\t<div data-particle_enable=\"false\" data-particle-mobile-disabled=\"false\" class=\"elementor-element elementor-element-21a889a e-flex e-con-boxed e-con e-parent\" data-id=\"21a889a\" data-element_type=\"container\" data-e-type=\"container\">\n\t\t\t\t\t<div class=\"e-con-inner\">\n\t\t\t\t<div class=\"elementor-element elementor-element-3192fbd elementor-widget elementor-widget-heading\" data-id=\"3192fbd\" data-element_type=\"widget\" data-e-type=\"widget\" data-settings=\"{&quot;_animation&quot;:&quot;none&quot;}\" data-widget_type=\"heading.default\">\n\t\t\t\t<div class=\"elementor-widget-container\">\n\t\t\t\t\t<h2 class=\"elementor-heading-title elementor-size-default\">Intelligente Konferenzr\u00e4ume: Canon AMLOS SDK<\/h2>\t\t\t\t<\/div>\n\t\t\t\t<\/div>\n\t\t\t\t<div class=\"elementor-element elementor-element-4d63050 elementor-widget__width-inherit elementor-widget elementor-widget-text-editor\" data-id=\"4d63050\" data-element_type=\"widget\" data-e-type=\"widget\" data-widget_type=\"text-editor.default\">\n\t\t\t\t<div class=\"elementor-widget-container\">\n\t\t\t\t\t\t\t\t\t<p>Neben dem volumetrischen Video zeigt Canon mit <strong>AMLOS (Activate My Line of Sight)<\/strong> eine Remote\u2011Konferenzl\u00f6sung, die besonders f\u00fcr Konferenzr\u00e4ume interessant ist. Das <strong>AMLOS SDK<\/strong> macht die Funktionen f\u00fcr andere Anwendungen zug\u00e4nglich.<\/p><p>Kernidee:<\/p><ul><li>Eine installierte Kamera erzeugt <strong>mehrere Bildausschnitte gleichzeitig<\/strong> (z.B. Sprecher*in, Whiteboard, Gesamtansicht).<\/li><\/ul><ul><li>Remote\u2011Teilnehmer*innen k\u00f6nnen sich gezielt auf den f\u00fcr sie relevanten Ausschnitt konzentrieren.<\/li><\/ul><ul><li>Damit werden <strong>Hybrid\u2011Meetings<\/strong> \u00fcbersichtlicher, ohne im Raum mehrere Kameras installieren zu m\u00fcssen.<\/li><\/ul><p>Das passt perfekt zu modernen <strong>Konferenzraum\u2011Konzepten<\/strong>, bei denen m\u00f6glichst viel Intelligenz in einer kompakten L\u00f6sung steckt.<\/p><p><strong>Mehr zu Canon AMLOS und den CES\u2011Demos:<\/strong><\/p><p><a href=\"https:\/\/www.sportsvideo.org\/2026\/01\/06\/ces-2026-canon-americas-lab-demos-innovation-under-ideas-in-the-making-theme\/\" target=\"_blank\" rel=\"noopener\">https:\/\/www.sportsvideo.org\/2026\/01\/06\/ces-2026-canon-americas-lab-demos-innovation-under-ideas-in-the-making-theme\/<\/a><\/p>\t\t\t\t\t\t\t\t<\/div>\n\t\t\t\t<\/div>\n\t\t\t\t\t<\/div>\n\t\t\t\t<\/div>\n\t\t<div data-particle_enable=\"false\" data-particle-mobile-disabled=\"false\" class=\"elementor-element elementor-element-f8e1d63 e-flex e-con-boxed e-con e-parent\" data-id=\"f8e1d63\" data-element_type=\"container\" data-e-type=\"container\">\n\t\t\t\t\t<div class=\"e-con-inner\">\n\t\t\t\t<div class=\"elementor-element elementor-element-cedf8dd elementor-widget elementor-widget-heading\" data-id=\"cedf8dd\" data-element_type=\"widget\" data-e-type=\"widget\" data-settings=\"{&quot;_animation&quot;:&quot;none&quot;}\" data-widget_type=\"heading.default\">\n\t\t\t\t<div class=\"elementor-widget-container\">\n\t\t\t\t\t<h2 class=\"elementor-heading-title elementor-size-default\">Front\u2011of\u2011Room\u2011Audio: Soundbars f\u00fcr Konferenz\u2011 und Eventfl\u00e4chen<\/h2>\t\t\t\t<\/div>\n\t\t\t\t<\/div>\n\t\t\t\t<div class=\"elementor-element elementor-element-52ad8cc elementor-widget__width-inherit elementor-widget elementor-widget-text-editor\" data-id=\"52ad8cc\" data-element_type=\"widget\" data-e-type=\"widget\" data-widget_type=\"text-editor.default\">\n\t\t\t\t<div class=\"elementor-widget-container\">\n\t\t\t\t\t\t\t\t\t<p>Auch im Audiobereich gibt es auf der CES 2026 Neuheiten, die sich f\u00fcr kleinere Eventfl\u00e4chen und Konferenzr\u00e4ume eignen \u2013 vor allem im Bereich <strong>Soundbars<\/strong>.<\/p>\t\t\t\t\t\t\t\t<\/div>\n\t\t\t\t<\/div>\n\t\t\t\t<div class=\"elementor-element elementor-element-6580e5f elementor-widget elementor-widget-heading\" data-id=\"6580e5f\" data-element_type=\"widget\" data-e-type=\"widget\" data-settings=\"{&quot;_animation&quot;:&quot;none&quot;}\" data-widget_type=\"heading.default\">\n\t\t\t\t<div class=\"elementor-widget-container\">\n\t\t\t\t\t<h2 class=\"elementor-heading-title elementor-size-default\">VIZIO MicMe \u2013 Soundbar direkt am Smart\u2011TV<\/h2>\t\t\t\t<\/div>\n\t\t\t\t<\/div>\n\t\t\t\t<div class=\"elementor-element elementor-element-81d0531 elementor-widget__width-inherit elementor-widget elementor-widget-text-editor\" data-id=\"81d0531\" data-element_type=\"widget\" data-e-type=\"widget\" data-widget_type=\"text-editor.default\">\n\t\t\t\t<div class=\"elementor-widget-container\">\n\t\t\t\t\t\t\t\t\t<p>Die <strong>VIZIO MicMe<\/strong>\u2011Soundbar l\u00e4sst sich per \u201eQuickFit\u201c direkt unter kompatible VIZIO\u2011Smart\u2011TVs montieren. Ziel ist eine <strong>schlanke, integrierte Front\u2011of\u2011Room\u2011L\u00f6sung<\/strong>, die sich besonders f\u00fcr <b>kleine Meetingr\u00e4ume, Kreativzonen,<\/b> projektbasierte Besprechungsr\u00e4ume eignet, in denen ohnehin ein Wand\u2011TV h\u00e4ngt \u2013 und \u00fcberall dort, wo es eher poppig, modern und ungew\u00f6hnlich sein soll.<\/p><p><br><\/p>\n<p><strong>Produktinfos zur VIZIO MicMe (CES Innovation Award 2026):<\/strong><\/p>\n<p><a href=\"https:\/\/www.ces.tech\/ces-innovation-awards\/2026\/vizio-micme\/\" target=\"_blank\" rel=\"noopener\">https:\/\/www.ces.tech\/ces-innovation-awards\/2026\/vizio-micme\/<\/a><\/p>\t\t\t\t\t\t\t\t<\/div>\n\t\t\t\t<\/div>\n\t\t\t\t<div class=\"elementor-element elementor-element-1bd8a2f elementor-widget elementor-widget-heading\" data-id=\"1bd8a2f\" data-element_type=\"widget\" data-e-type=\"widget\" data-settings=\"{&quot;_animation&quot;:&quot;none&quot;}\" data-widget_type=\"heading.default\">\n\t\t\t\t<div class=\"elementor-widget-container\">\n\t\t\t\t\t<h2 class=\"elementor-heading-title elementor-size-default\">D\u2019Bee XXL\u2011Soundbar f\u00fcr gro\u00dfe Displays<\/h2>\t\t\t\t<\/div>\n\t\t\t\t<\/div>\n\t\t\t\t<div class=\"elementor-element elementor-element-887695f elementor-widget__width-inherit elementor-widget elementor-widget-text-editor\" data-id=\"887695f\" data-element_type=\"widget\" data-e-type=\"widget\" data-widget_type=\"text-editor.default\">\n\t\t\t\t<div class=\"elementor-widget-container\">\n\t\t\t\t\t\t\t\t\t<p>Eine weitere spannende L\u00f6sung ist die <strong>D\u2019Bee XXL\u2011Soundbar<\/strong>, die speziell f\u00fcr <strong>65\u2011Zoll\u2011Displays und gr\u00f6\u00dfer<\/strong> kalibriert ist. Sie zielt auf R\u00e4ume mit:<\/p><ul><li>gro\u00dfer Frontwand,<\/li><\/ul><ul><li>einem dominanten Display oder LED\u2011Screen,<\/li><\/ul><ul><li>Bedarf an sauberer Sprachverst\u00e4ndlichkeit ohne separates Lautsprecher\u2011Cluster.<\/li><\/ul><p>Ideal f\u00fcr kompakte B\u00fchnen\u2011Setups, Showrooms oder kleinere Vortragss\u00e4le.<\/p><p><strong>Details zur D\u2019Bee XXL\u2011Soundbar in der CES\u2011Berichterstattung:<\/strong><\/p><p><a href=\"https:\/\/audioxpress.com\/news\/menlo-scientific-suite-at-ces-2026-showcases-upcoming-d-bee-xxl-soundbar\" target=\"_blank\" rel=\"noopener\">https:\/\/audioxpress.com\/news\/menlo-scientific-suite-at-ces-2026-showcases-upcoming-d-bee-xxl-soundbar<\/a><\/p>\t\t\t\t\t\t\t\t<\/div>\n\t\t\t\t<\/div>\n\t\t\t\t\t<\/div>\n\t\t\t\t<\/div>\n\t\t<div data-particle_enable=\"false\" data-particle-mobile-disabled=\"false\" class=\"elementor-element elementor-element-c873c2d e-flex e-con-boxed e-con e-parent\" data-id=\"c873c2d\" data-element_type=\"container\" data-e-type=\"container\">\n\t\t\t\t\t<div class=\"e-con-inner\">\n\t\t\t\t<div class=\"elementor-element elementor-element-9615e64 elementor-widget elementor-widget-heading\" data-id=\"9615e64\" data-element_type=\"widget\" data-e-type=\"widget\" data-settings=\"{&quot;_animation&quot;:&quot;none&quot;}\" data-widget_type=\"heading.default\">\n\t\t\t\t<div class=\"elementor-widget-container\">\n\t\t\t\t\t<h2 class=\"elementor-heading-title elementor-size-default\">KI\u2011Meeting\u2011Recorder: Protokolle auf Knopfdruck<\/h2>\t\t\t\t<\/div>\n\t\t\t\t<\/div>\n\t\t\t\t<div class=\"elementor-element elementor-element-9c43e6e elementor-widget__width-inherit elementor-widget elementor-widget-text-editor\" data-id=\"9c43e6e\" data-element_type=\"widget\" data-e-type=\"widget\" data-widget_type=\"text-editor.default\">\n\t\t\t\t<div class=\"elementor-widget-container\">\n\t\t\t\t\t\t\t\t\t<p>Mit dem <strong>Soundcore \u201eWork\u201c<\/strong> Recorder zeigt Anker auf der CES 2026 ein Gadget, das Meetings automatisch aufzeichnet und mit KI unterst\u00fctzt aufbereiten soll:<\/p><ul><li>M\u00fcnzgro\u00dfes Ger\u00e4t, das sich unauff\u00e4llig im Meeting platzieren l\u00e4sst.<\/li><\/ul><ul><li>Aufzeichnung, Transkription und sp\u00e4tere <strong>Textsuche im Gespr\u00e4chsverlauf<\/strong>.<\/li><\/ul><ul><li>Erg\u00e4nzung zur eingesetzten Konferenztechnik \u2013 hilfreich f\u00fcr Protokollf\u00fchrer*innen und Projektleitungen.<\/li><\/ul><p>F\u00fcr Unternehmen, die viele <strong>Workshops, Projektmeetings oder interne Trainings<\/strong> dokumentieren m\u00fcssen, kann das ein spannendes Zusatztool sein.<\/p><p>\u00a0<\/p><p><strong>Bericht zum Soundcore\u2011Recorder \u201eWork\u201c auf der CES 2026:<\/strong><\/p><p><a href=\"https:\/\/www.digitaltrends.com\/home-theater\/this-coin-sized-recorder-wants-to-remember-your-meetings-for-you\/\" target=\"_blank\" rel=\"noopener\">https:\/\/www.digitaltrends.com\/home-theater\/this-coin-sized-recorder-wants-to-remember-your-meetings-for-you\/<\/a><\/p>\t\t\t\t\t\t\t\t<\/div>\n\t\t\t\t<\/div>\n\t\t\t\t<div class=\"elementor-element elementor-element-580b1aa elementor-widget elementor-widget-heading\" data-id=\"580b1aa\" data-element_type=\"widget\" data-e-type=\"widget\" data-settings=\"{&quot;_animation&quot;:&quot;none&quot;}\" data-widget_type=\"heading.default\">\n\t\t\t\t<div class=\"elementor-widget-container\">\n\t\t\t\t\t<h2 class=\"elementor-heading-title elementor-size-default\">PoE\u2011Audio und Komponenten: Weichen f\u00fcr zuk\u00fcnftige Installationen<\/h2>\t\t\t\t<\/div>\n\t\t\t\t<\/div>\n\t\t\t\t<div class=\"elementor-element elementor-element-2512d9c elementor-widget__width-inherit elementor-widget elementor-widget-text-editor\" data-id=\"2512d9c\" data-element_type=\"widget\" data-e-type=\"widget\" data-widget_type=\"text-editor.default\">\n\t\t\t\t<div class=\"elementor-widget-container\">\n\t\t\t\t\t\t\t\t\t<p>Auf Komponenten\u2011Ebene gibt es ebenfalls Entwicklungen, die langfristig in professionelle Konferenz\u2011 und Veranstaltungstechnik einflie\u00dfen k\u00f6nnen.<\/p><p>\u00a0<\/p>\t\t\t\t\t\t\t\t<\/div>\n\t\t\t\t<\/div>\n\t\t\t\t<div class=\"elementor-element elementor-element-195d540 elementor-widget elementor-widget-heading\" data-id=\"195d540\" data-element_type=\"widget\" data-e-type=\"widget\" data-settings=\"{&quot;_animation&quot;:&quot;none&quot;}\" data-widget_type=\"heading.default\">\n\t\t\t\t<div class=\"elementor-widget-container\">\n\t\t\t\t\t<h2 class=\"elementor-heading-title elementor-size-default\">Jazz Hipster \u2013 PoE\u2011Audio\u2011L\u00f6sungen und Soundbars<\/h2>\t\t\t\t<\/div>\n\t\t\t\t<\/div>\n\t\t\t\t<div class=\"elementor-element elementor-element-250bfeb elementor-widget__width-inherit elementor-widget elementor-widget-text-editor\" data-id=\"250bfeb\" data-element_type=\"widget\" data-e-type=\"widget\" data-widget_type=\"text-editor.default\">\n\t\t\t\t<div class=\"elementor-widget-container\">\n\t\t\t\t\t\t\t\t\t<p>Jazz Hipster zeigt auf der CES 2026 <strong>marktnahe Audio\u2011Plattformen<\/strong>, darunter:<\/p><ul><li>Soundbars,<\/li><\/ul><ul><li>Gaming\u2011Lautsprecher,<\/li><\/ul><ul><li><strong>PoE\u2011Audio\u2011L\u00f6sungen<\/strong>.<\/li><\/ul><p>Gerade <strong>Power\u2011over\u2011Ethernet (PoE)<\/strong> ist f\u00fcr Installationen interessant:<\/p><ul><li>Stromversorgung und Daten \u00fcber ein einziges Kabel,<\/li><\/ul><ul><li>weniger Netzteile, weniger sichtbare Verkabelung,<\/li><\/ul><ul><li>einfacher Ausbau von Konferenz\u2011 und Medientechnik\u2011Infrastrukturen.<\/li><\/ul><p><strong>\u00dcbersicht zu den gezeigten Audio\u2011Plattformen:<\/strong><\/p><p><a href=\"https:\/\/jazzhipster.com\/ces-2026\/\" target=\"_blank\" rel=\"noopener\">https:\/\/jazzhipster.com\/ces-2026\/<\/a><\/p>\t\t\t\t\t\t\t\t<\/div>\n\t\t\t\t<\/div>\n\t\t\t\t<div class=\"elementor-element elementor-element-a1eae78 elementor-widget elementor-widget-heading\" data-id=\"a1eae78\" data-element_type=\"widget\" data-e-type=\"widget\" data-settings=\"{&quot;_animation&quot;:&quot;none&quot;}\" data-widget_type=\"heading.default\">\n\t\t\t\t<div class=\"elementor-widget-container\">\n\t\t\t\t\t<h2 class=\"elementor-heading-title elementor-size-default\">USound \u2013 Audiomodule f\u00fcr kompakte Endger\u00e4te<\/h2>\t\t\t\t<\/div>\n\t\t\t\t<\/div>\n\t\t\t\t<div class=\"elementor-element elementor-element-61adcde elementor-widget__width-inherit elementor-widget elementor-widget-text-editor\" data-id=\"61adcde\" data-element_type=\"widget\" data-e-type=\"widget\" data-widget_type=\"text-editor.default\">\n\t\t\t\t<div class=\"elementor-widget-container\">\n\t\t\t\t\t\t\t\t\t<p>USound pr\u00e4sentiert auf der CES 2026 <strong>Audiomodule mit MEMS\u2011Technologie<\/strong> f\u00fcr True\u2011Wireless\u2011Earbuds. Auch wenn das prim\u00e4r f\u00fcr Consumer\u2011Kopfh\u00f6rer gedacht ist, deutet es einen Trend an:<\/p><ul><li><strong>hochaufl\u00f6sendes Audio auf kleinstem Raum<\/strong>,<\/li><\/ul><ul><li>interessante Perspektive f\u00fcr zuk\u00fcnftige <strong>Personenf\u00fchrungsanlagen, Dolmetschtechnik oder Wearables<\/strong> bei Events.<\/li><\/ul><p><strong>Mehr zu USound und den CES\u2011Neuheiten:<\/strong><\/p><p><a href=\"https:\/\/usound.com\/event\/ces-2026\/\" target=\"_blank\" rel=\"noopener\">https:\/\/usound.com\/event\/ces-2026\/<\/a><\/p>\t\t\t\t\t\t\t\t<\/div>\n\t\t\t\t<\/div>\n\t\t\t\t\t<\/div>\n\t\t\t\t<\/div>\n\t\t<div data-particle_enable=\"false\" data-particle-mobile-disabled=\"false\" class=\"elementor-element elementor-element-bdd5043 e-flex e-con-boxed e-con e-parent\" data-id=\"bdd5043\" data-element_type=\"container\" data-e-type=\"container\">\n\t\t\t\t\t<div class=\"e-con-inner\">\n\t\t\t\t<div class=\"elementor-element elementor-element-beb5fd5 elementor-widget elementor-widget-heading\" data-id=\"beb5fd5\" data-element_type=\"widget\" data-e-type=\"widget\" data-settings=\"{&quot;_animation&quot;:&quot;none&quot;}\" data-widget_type=\"heading.default\">\n\t\t\t\t<div class=\"elementor-widget-container\">\n\t\t\t\t\t<h2 class=\"elementor-heading-title elementor-size-default\">Neue Display\u2011Generationen: Bessere Bildfl\u00e4chen f\u00fcr Konferenzr\u00e4ume<\/h2>\t\t\t\t<\/div>\n\t\t\t\t<\/div>\n\t\t\t\t<div class=\"elementor-element elementor-element-55b7d6a elementor-widget__width-inherit elementor-widget elementor-widget-text-editor\" data-id=\"55b7d6a\" data-element_type=\"widget\" data-e-type=\"widget\" data-widget_type=\"text-editor.default\">\n\t\t\t\t<div class=\"elementor-widget-container\">\n\t\t\t\t\t\t\t\t\t<p>Parallel dazu aktualisieren die gro\u00dfen TV\u2011 und Display\u2011Hersteller auf der CES 2026 ihr Portfolio \u2013 mit direkter Relevanz f\u00fcr Konferenz\u2011 und Pr\u00e4sentationsr\u00e4ume:<\/p><ul><li><strong>H\u00f6here Helligkeit<\/strong>: bessere Lesbarkeit von Pr\u00e4sentationen auch bei Tageslicht.<\/li><\/ul><ul><li><strong>Besserer Kontrast und Farbwiedergabe<\/strong>: wichtig f\u00fcr Video\u2011Content und Brand\u2011Darstellung.<\/li><\/ul><ul><li><strong>Energieeffizienz<\/strong>: relevant f\u00fcr gro\u00dfe Installationen mit mehreren Displays oder LED\u2011W\u00e4nden.<\/li><\/ul><p>Damit werden TV\u2011basierte <strong>Konferenzraum\u2011L\u00f6sungen<\/strong> und Digital\u2011Signage\u2011Konzepte im Foyer oder Konferenzbereich noch attraktiver.<\/p><p><strong>Laufend aktualisierte \u00dcbersichten zu TVs und Displays der CES 2026:<\/strong><\/p><p>CNET Live\u2011Ticker: <a href=\"https:\/\/www.cnet.com\/news-live\/ces-2026-news-live-updates\/\" target=\"_blank\" rel=\"noopener\">https:\/\/www.cnet.com\/news-live\/ces-2026-news-live-updates\/<\/a><\/p><p>Engadget\u2011\u00dcberblick: <a href=\"https:\/\/www.engadget.com\/general\/everything-announced-at-ces-2026-130124802.html\" target=\"_blank\" rel=\"noopener\">https:\/\/www.engadget.com\/general\/everything-announced-at-ces-2026-130124802.html<\/a><\/p>\t\t\t\t\t\t\t\t<\/div>\n\t\t\t\t<\/div>\n\t\t\t\t<div class=\"elementor-element elementor-element-6a261b0 elementor-widget elementor-widget-heading\" data-id=\"6a261b0\" data-element_type=\"widget\" data-e-type=\"widget\" data-settings=\"{&quot;_animation&quot;:&quot;none&quot;}\" data-widget_type=\"heading.default\">\n\t\t\t\t<div class=\"elementor-widget-container\">\n\t\t\t\t\t<h2 class=\"elementor-heading-title elementor-size-default\">Fazit: Volumetrisches Video als Leitstern, praktische AV\u2011Trends im Schlepptau<\/h2>\t\t\t\t<\/div>\n\t\t\t\t<\/div>\n\t\t\t\t<div class=\"elementor-element elementor-element-9de9e54 elementor-widget__width-inherit elementor-widget elementor-widget-text-editor\" data-id=\"9de9e54\" data-element_type=\"widget\" data-e-type=\"widget\" data-widget_type=\"text-editor.default\">\n\t\t\t\t<div class=\"elementor-widget-container\">\n\t\t\t\t\t\t\t\t\t<p>Aus Sicht von Konferenztechnik und Veranstaltungstechnik l\u00e4sst sich die CES 2026 so zusammenfassen:<\/p><ul><li><strong>Volumetrisches Free\u2011Viewpoint\u2011Video<\/strong> ist das vision\u00e4re Highlight \u2013 noch sehr High\u2011End, aber mit gro\u00dfem Potenzial f\u00fcr immersive Hybrid\u2011Events, hochwertige Keynotes und spektakul\u00e4re Show\u2011Formate.<\/li><\/ul><ul><li><strong>Intelligente Konferenzraum\u2011Kameras<\/strong> wie Canons AMLOS SDK bringen mehr Perspektiven in den Meetingraum, ohne die Hardware zu verkomplizieren.<\/li><\/ul><ul><li><strong>Soundbars, PoE\u2011Audio und neue Displays<\/strong> sorgen auf der praktischen Ebene daf\u00fcr, dass Konferenzr\u00e4ume, kleinere Eventfl\u00e4chen und Showrooms technisch schlanker, leistungsf\u00e4higer und flexibler werden.<\/li><\/ul><ul><li><strong>KI\u2011Tools wie Meeting\u2011Recorder<\/strong> erg\u00e4nzen die AV\u2011Technik um smarte Workflows f\u00fcr Dokumentation und Nachbereitung.<\/li><\/ul><p>F\u00fcr die Planung der n\u00e4chsten Jahre bedeutet das:<\/p><p>Heute schon auf skalierbare <strong>Netzwerk\u2011 und Video\u2011Infrastrukturen<\/strong> achten \u2013 und bei Neubauten oder gr\u00f6\u00dferen Umbauten im Hinterkopf behalten, dass sich Events und Konferenzen zunehmend in Richtung <strong>immersiver, flexibel nachbearbeitbarer Bildwelten<\/strong> bewegen.<\/p>\t\t\t\t\t\t\t\t<\/div>\n\t\t\t\t<\/div>\n\t\t\t\t\t<\/div>\n\t\t\t\t<\/div>\n\t\t<div data-particle_enable=\"false\" data-particle-mobile-disabled=\"false\" class=\"elementor-element elementor-element-9d9806d e-flex e-con-boxed e-con e-parent\" data-id=\"9d9806d\" data-element_type=\"container\" data-e-type=\"container\">\n\t\t\t\t\t<div class=\"e-con-inner\">\n\t\t\t\t<div class=\"elementor-element elementor-element-4a94f8a elementor-widget elementor-widget-shortcode\" data-id=\"4a94f8a\" data-element_type=\"widget\" data-e-type=\"widget\" data-widget_type=\"shortcode.default\">\n\t\t\t\t<div class=\"elementor-widget-container\">\n\t\t\t\t\t\t\t<div class=\"elementor-shortcode\">\t\t<div data-elementor-type=\"container\" data-elementor-id=\"29098\" class=\"elementor elementor-29098\" data-elementor-post-type=\"elementor_library\">\n\t\t\t\t<div data-particle_enable=\"false\" data-particle-mobile-disabled=\"false\" class=\"elementor-element elementor-element-699d0d1a e-flex e-con-boxed e-con e-parent\" data-id=\"699d0d1a\" data-element_type=\"container\" data-e-type=\"container\">\n\t\t\t\t\t<div class=\"e-con-inner\">\n\t\t\t\t<div class=\"elementor-element elementor-element-11f236ba elementor-widget elementor-widget-post-navigation\" data-id=\"11f236ba\" data-element_type=\"widget\" data-e-type=\"widget\" data-widget_type=\"post-navigation.default\">\n\t\t\t\t<div class=\"elementor-widget-container\">\n\t\t\t\t\t\t\t<div class=\"elementor-post-navigation\" role=\"navigation\" aria-label=\"Navegaci\u00f3n de la entrada\">\n\t\t\t<div class=\"elementor-post-navigation__prev elementor-post-navigation__link\">\n\t\t\t\t<a href=\"https:\/\/konferenztechnik.de\/es\/confirmacion-de-sostenibilidad-pcs-vuelve-a-obtener-la-certificacion-de-alto-rendimiento\/\" rel=\"prev\"><span class=\"post-navigation__arrow-wrapper post-navigation__arrow-prev\"><svg aria-hidden=\"true\" class=\"e-font-icon-svg e-fas-arrow-left\" viewBox=\"0 0 448 512\" xmlns=\"http:\/\/www.w3.org\/2000\/svg\"><path d=\"M257.5 445.1l-22.2 22.2c-9.4 9.4-24.6 9.4-33.9 0L7 273c-9.4-9.4-9.4-24.6 0-33.9L201.4 44.7c9.4-9.4 24.6-9.4 33.9 0l22.2 22.2c9.5 9.5 9.3 25-.4 34.3L136.6 216H424c13.3 0 24 10.7 24 24v32c0 13.3-10.7 24-24 24H136.6l120.5 114.8c9.8 9.3 10 24.8.4 34.3z\"><\/path><\/svg><span class=\"elementor-screen-only\">Ant<\/span><\/span><span class=\"elementor-post-navigation__link__prev\"><span class=\"post-navigation__prev--label\">Voriger<\/span><span class=\"post-navigation__prev--title\">Nachhaltig best\u00e4tigt: PCS erneut als High Performer zertifiziert<\/span><\/span><\/a>\t\t\t<\/div>\n\t\t\t\t\t\t<div class=\"elementor-post-navigation__next elementor-post-navigation__link\">\n\t\t\t\t<a href=\"https:\/\/konferenztechnik.de\/es\/pcs-es-miembro-de-la-conference-rental-alliance-que-significa-esto-para-sus-eventos\/\" rel=\"next\"><span class=\"elementor-post-navigation__link__next\"><span class=\"post-navigation__next--label\">N\u00e4chster<\/span><span class=\"post-navigation__next--title\">PCS ist Mitglied der Conference Rental Alliance \u2013 was bedeutet das f\u00fcr Ihre Events<\/span><\/span><span class=\"post-navigation__arrow-wrapper post-navigation__arrow-next\"><svg aria-hidden=\"true\" class=\"e-font-icon-svg e-fas-arrow-right\" viewBox=\"0 0 448 512\" xmlns=\"http:\/\/www.w3.org\/2000\/svg\"><path d=\"M190.5 66.9l22.2-22.2c9.4-9.4 24.6-9.4 33.9 0L441 239c9.4 9.4 9.4 24.6 0 33.9L246.6 467.3c-9.4 9.4-24.6 9.4-33.9 0l-22.2-22.2c-9.5-9.5-9.3-25 .4-34.3L311.4 296H24c-13.3 0-24-10.7-24-24v-32c0-13.3 10.7-24 24-24h287.4L190.9 101.2c-9.8-9.3-10-24.8-.4-34.3z\"><\/path><\/svg><span class=\"elementor-screen-only\">Siguiente<\/span><\/span><\/a>\t\t\t<\/div>\n\t\t<\/div>\n\t\t\t\t\t\t<\/div>\n\t\t\t\t<\/div>\n\t\t\t\t<div class=\"elementor-element elementor-element-81a2b13 elementor-align-center elementor-icon-list--layout-traditional elementor-list-item-link-full_width elementor-widget elementor-widget-icon-list\" data-id=\"81a2b13\" data-element_type=\"widget\" data-e-type=\"widget\" data-widget_type=\"icon-list.default\">\n\t\t\t\t<div class=\"elementor-widget-container\">\n\t\t\t\t\t\t\t<ul class=\"elementor-icon-list-items\">\n\t\t\t\t\t\t\t<li class=\"elementor-icon-list-item\">\n\t\t\t\t\t\t\t\t\t\t\t<a href=\"\/news\">\n\n\t\t\t\t\t\t\t\t\t\t\t\t<span class=\"elementor-icon-list-icon\">\n\t\t\t\t\t\t\t<svg xmlns=\"http:\/\/www.w3.org\/2000\/svg\" id=\"uuid-5a27b650-727a-4659-9d92-75e42c38903b\" viewBox=\"0 0 19.67 14.54\"><g id=\"uuid-40aca98c-811b-43af-9bb7-b3a092d9bdfe\"><rect x=\".03\" width=\"6\" height=\"6\" rx=\"2\" ry=\"2\" style=\"fill:currentColor\"><\/rect><rect x=\"6.85\" width=\"6\" height=\"7.65\" rx=\"2\" ry=\"2\" style=\"fill:currentColor\"><\/rect><rect x=\"13.67\" width=\"6\" height=\"6.51\" rx=\"2\" ry=\"2\" style=\"fill:currentColor\"><\/rect><rect y=\"7\" width=\"6\" height=\"7.55\" rx=\"2\" ry=\"2\" style=\"fill:currentColor\"><\/rect><rect x=\"13.64\" y=\"7.22\" width=\"6\" height=\"7.33\" rx=\"2\" ry=\"2\" style=\"fill:currentColor\"><\/rect><rect x=\"6.82\" y=\"8.54\" width=\"6\" height=\"6\" rx=\"2\" ry=\"2\" style=\"fill:currentColor\"><\/rect><\/g><\/svg>\t\t\t\t\t\t<\/span>\n\t\t\t\t\t\t\t\t\t\t<span class=\"elementor-icon-list-text\"><\/span>\n\t\t\t\t\t\t\t\t\t\t\t<\/a>\n\t\t\t\t\t\t\t\t\t<\/li>\n\t\t\t\t\t\t<\/ul>\n\t\t\t\t\t\t<\/div>\n\t\t\t\t<\/div>\n\t\t\t\t\t<\/div>\n\t\t\t\t<\/div>\n\t\t\t\t<\/div>\n\t\t<\/div>\n\t\t\t\t\t\t<\/div>\n\t\t\t\t<\/div>\n\t\t\t\t\t<\/div>\n\t\t\t\t<\/div>\n\t\t\t\t<\/div>\n\t\t","protected":false},"excerpt":{"rendered":"<p>El CES (Consumer Electronics Show) es una de las ferias de tecnolog\u00eda m\u00e1s importantes del mundo y se celebra cada a\u00f1o en enero en Las Vegas. Fabricantes, proveedores de servicios y start-ups presentan sus \u00faltimas novedades \u2013, desde electr\u00f3nica de consumo y soluciones de IA hasta tecnolog\u00eda innovadora de audio y v\u00eddeo para aplicaciones profesionales. Echamos un vistazo en busca de innovaciones e inspiraci\u00f3n para el escenario del evento. Una atracci\u00f3n especial \u2013 pero s\u00f3lo como prototipo \u2013 es v\u00eddeo volum\u00e9trico de punto de vista libre de Canon<\/p>","protected":false},"author":2,"featured_media":49198,"comment_status":"closed","ping_status":"closed","sticky":false,"template":"","format":"standard","meta":{"_acf_changed":false,"footnotes":""},"categories":[2],"tags":[],"class_list":["post-49192","post","type-post","status-publish","format-standard","has-post-thumbnail","hentry","category-news"],"acf":[],"_links":{"self":[{"href":"https:\/\/konferenztechnik.de\/es\/wp-json\/wp\/v2\/posts\/49192","targetHints":{"allow":["GET"]}}],"collection":[{"href":"https:\/\/konferenztechnik.de\/es\/wp-json\/wp\/v2\/posts"}],"about":[{"href":"https:\/\/konferenztechnik.de\/es\/wp-json\/wp\/v2\/types\/post"}],"author":[{"embeddable":true,"href":"https:\/\/konferenztechnik.de\/es\/wp-json\/wp\/v2\/users\/2"}],"replies":[{"embeddable":true,"href":"https:\/\/konferenztechnik.de\/es\/wp-json\/wp\/v2\/comments?post=49192"}],"version-history":[{"count":0,"href":"https:\/\/konferenztechnik.de\/es\/wp-json\/wp\/v2\/posts\/49192\/revisions"}],"wp:featuredmedia":[{"embeddable":true,"href":"https:\/\/konferenztechnik.de\/es\/wp-json\/wp\/v2\/media\/49198"}],"wp:attachment":[{"href":"https:\/\/konferenztechnik.de\/es\/wp-json\/wp\/v2\/media?parent=49192"}],"wp:term":[{"taxonomy":"category","embeddable":true,"href":"https:\/\/konferenztechnik.de\/es\/wp-json\/wp\/v2\/categories?post=49192"},{"taxonomy":"post_tag","embeddable":true,"href":"https:\/\/konferenztechnik.de\/es\/wp-json\/wp\/v2\/tags?post=49192"}],"curies":[{"name":"wp","href":"https:\/\/api.w.org\/{rel}","templated":true}]}}