{"id":49537,"date":"2026-02-03T09:09:30","date_gmt":"2026-02-03T08:09:30","guid":{"rendered":"https:\/\/konferenztechnik.de\/?p=49537"},"modified":"2026-02-18T20:20:31","modified_gmt":"2026-02-18T19:20:31","slug":"catchbox-colorida-tecnologia-moderna-para-salas-de-conferencias-2","status":"publish","type":"post","link":"https:\/\/konferenztechnik.de\/es\/catchbox-colorida-tecnologia-moderna-para-salas-de-conferencias-2\/","title":{"rendered":"Catchbox Plus: tecnolog\u00eda moderna y colorida para salas de conferencias"},"content":{"rendered":"<div data-elementor-type=\"wp-post\" data-elementor-id=\"49537\" class=\"elementor elementor-49537\" data-elementor-post-type=\"post\">\n\t\t\t\t<div data-particle_enable=\"false\" data-particle-mobile-disabled=\"false\" class=\"elementor-element elementor-element-59ad04c e-flex e-con-boxed e-con e-parent\" data-id=\"59ad04c\" data-element_type=\"container\">\n\t\t\t\t\t<div class=\"e-con-inner\">\n\t\t<div data-particle_enable=\"false\" data-particle-mobile-disabled=\"false\" class=\"elementor-element elementor-element-be8f800 e-flex e-con-boxed e-con e-child\" data-id=\"be8f800\" data-element_type=\"container\">\n\t\t\t\t\t<div class=\"e-con-inner\">\n\t\t\t\t<div class=\"elementor-element elementor-element-0afdee1 elementor-widget elementor-widget-heading\" data-id=\"0afdee1\" data-element_type=\"widget\" data-settings=\"{&quot;_animation&quot;:&quot;none&quot;}\" data-widget_type=\"heading.default\">\n\t\t\t\t<div class=\"elementor-widget-container\">\n\t\t\t\t\t<h1 class=\"elementor-heading-title elementor-size-default\">Catchbox Plus: tecnolog\u00eda moderna y colorida para salas de conferencias<\/h1>\t\t\t\t<\/div>\n\t\t\t\t<\/div>\n\t\t\t\t\t<\/div>\n\t\t\t\t<\/div>\n\t\t<div data-particle_enable=\"false\" data-particle-mobile-disabled=\"false\" class=\"elementor-element elementor-element-80d832c e-grid e-con-boxed e-con e-child\" data-id=\"80d832c\" data-element_type=\"container\">\n\t\t\t\t\t<div class=\"e-con-inner\">\n\t\t\t\t<div class=\"elementor-element elementor-element-99559f5 elementor-widget elementor-widget-image\" data-id=\"99559f5\" data-element_type=\"widget\" data-widget_type=\"image.default\">\n\t\t\t\t<div class=\"elementor-widget-container\">\n\t\t\t\t\t\t\t\t\t\t\t\t\t\t\t<img fetchpriority=\"high\" decoding=\"async\" width=\"800\" height=\"800\" src=\"https:\/\/konferenztechnik.de\/wp-content\/uploads\/2026\/02\/catchbox-moderne-farbefrohe-Mikrofone-1024x1024.avif\" class=\"attachment-large size-large wp-image-49539\" alt=\"\" srcset=\"https:\/\/konferenztechnik.de\/wp-content\/uploads\/2026\/02\/catchbox-moderne-farbefrohe-Mikrofone-1024x1024.avif 1024w, https:\/\/konferenztechnik.de\/wp-content\/uploads\/2026\/02\/catchbox-moderne-farbefrohe-Mikrofone-300x300.avif 300w, https:\/\/konferenztechnik.de\/wp-content\/uploads\/2026\/02\/catchbox-moderne-farbefrohe-Mikrofone-150x150.avif 150w, https:\/\/konferenztechnik.de\/wp-content\/uploads\/2026\/02\/catchbox-moderne-farbefrohe-Mikrofone-768x768.avif 768w, https:\/\/konferenztechnik.de\/wp-content\/uploads\/2026\/02\/catchbox-moderne-farbefrohe-Mikrofone-12x12.avif 12w, https:\/\/konferenztechnik.de\/wp-content\/uploads\/2026\/02\/catchbox-moderne-farbefrohe-Mikrofone.avif 1400w\" sizes=\"(max-width: 800px) 100vw, 800px\" title=\"\">\t\t\t\t\t\t\t\t\t\t\t\t\t\t\t<\/div>\n\t\t\t\t<\/div>\n\t\t\t\t<div class=\"elementor-element elementor-element-477df0c content-align-cta-default elementor-widget elementor-widget-eael-cta-box\" data-id=\"477df0c\" data-element_type=\"widget\" data-widget_type=\"eael-cta-box.default\">\n\t\t\t\t<div class=\"elementor-widget-container\">\n\t\t\t\t\t\t\t<div class=\"eael-call-to-action cta-basic bg-lite cta-preset-1\">\n        <h2 class=\"title eael-cta-heading\">Catchbox Plus<\/h2><p><img decoding=\"async\" class=\"alignnone wp-image-49297\" src=\"https:\/\/konferenztechnik.de\/wp-content\/uploads\/2026\/01\/neue-konferenztechnik.svg\" alt=\"\" width=\"99\" height=\"99\" title=\"\"><\/p><p>- Micr\u00f3fonos de colores<\/p><p>- Interacci\u00f3n animada<\/p><p>- Dise\u00f1o moderno<\/p><p>- Funcionamiento intuitivo<\/p><p>- Adecuado para campus y eventos<\/p><a href=\"#kontaktbox\" class=\"cta-button cta-preset-1\">Solicitar informaci\u00f3n<\/a>\t<\/div>\n\t\t\t\t\t\t\t\t<\/div>\n\t\t\t\t<\/div>\n\t\t\t\t\t<\/div>\n\t\t\t\t<\/div>\n\t\t<div data-particle_enable=\"false\" data-particle-mobile-disabled=\"false\" class=\"elementor-element elementor-element-aaa82cd e-flex e-con-boxed e-con e-child\" data-id=\"aaa82cd\" data-element_type=\"container\">\n\t\t\t\t\t<div class=\"e-con-inner\">\n\t\t\t\t<div class=\"elementor-element elementor-element-996ce7d elementor-widget__width-inherit elementor-widget elementor-widget-text-editor\" data-id=\"996ce7d\" data-element_type=\"widget\" data-widget_type=\"text-editor.default\">\n\t\t\t\t<div class=\"elementor-widget-container\">\n\t\t\t\t\t\t\t\t\t<p>Catchbox Plus \u2013 el sistema de microfon\u00eda colorido y vivo para conferencias, educaci\u00f3n y eventos modernos<\/p><p>\u00a0<\/p><p>Catchbox Plus es el sistema de microfon\u00eda inal\u00e1mbrica para los que quieren algo m\u00e1s que \u201es\u00f3lo sonido\u201c. Aporta color, energ\u00eda e interacci\u00f3n a sus salas \u2013, desde aulas hasta talleres y reuniones h\u00edbridas. La potente tecnolog\u00eda inal\u00e1mbrica y el DSP integrado se combinan con un dise\u00f1o juvenil y colorido que hace que los participantes participen activamente en la acci\u00f3n.<\/p>\t\t\t\t\t\t\t\t<\/div>\n\t\t\t\t<\/div>\n\t\t\t\t<div class=\"elementor-element elementor-element-c8b2497 elementor-toc--minimized-on-tablet elementor-widget elementor-widget-table-of-contents\" data-id=\"c8b2497\" data-element_type=\"widget\" data-settings=\"{&quot;headings_by_tags&quot;:[&quot;h2&quot;],&quot;no_headings_message&quot;:&quot;Es wurden keine \\u00dcberschriften auf dieser Seite gefunden.&quot;,&quot;marker_view&quot;:&quot;numbers&quot;,&quot;minimize_box&quot;:&quot;yes&quot;,&quot;minimized_on&quot;:&quot;tablet&quot;,&quot;hierarchical_view&quot;:&quot;yes&quot;,&quot;min_height&quot;:{&quot;unit&quot;:&quot;px&quot;,&quot;size&quot;:&quot;&quot;,&quot;sizes&quot;:[]},&quot;min_height_widescreen&quot;:{&quot;unit&quot;:&quot;px&quot;,&quot;size&quot;:&quot;&quot;,&quot;sizes&quot;:[]},&quot;min_height_laptop&quot;:{&quot;unit&quot;:&quot;px&quot;,&quot;size&quot;:&quot;&quot;,&quot;sizes&quot;:[]},&quot;min_height_tablet_extra&quot;:{&quot;unit&quot;:&quot;px&quot;,&quot;size&quot;:&quot;&quot;,&quot;sizes&quot;:[]},&quot;min_height_tablet&quot;:{&quot;unit&quot;:&quot;px&quot;,&quot;size&quot;:&quot;&quot;,&quot;sizes&quot;:[]},&quot;min_height_mobile&quot;:{&quot;unit&quot;:&quot;px&quot;,&quot;size&quot;:&quot;&quot;,&quot;sizes&quot;:[]}}\" data-widget_type=\"table-of-contents.default\">\n\t\t\t\t<div class=\"elementor-widget-container\">\n\t\t\t\t\t\t\t\t\t<div class=\"elementor-toc__header\">\n\t\t\t\t\t\t<h2 class=\"elementor-toc__header-title\">\n\t\t\t\t\u00cdndice\t\t\t<\/h2>\n\t\t\t\t\t\t\t\t\t\t<div class=\"elementor-toc__toggle-button elementor-toc__toggle-button--expand\" role=\"button\" tabindex=\"0\" aria-controls=\"elementor-toc__c8b2497\" aria-expanded=\"true\" aria-label=\"Abrir la tabla de contenidos\"><svg aria-hidden=\"true\" class=\"e-font-icon-svg e-fas-chevron-down\" viewbox=\"0 0 448 512\" xmlns=\"http:\/\/www.w3.org\/2000\/svg\"><path d=\"M207.029 381.476L12.686 187.132c-9.373-9.373-9.373-24.569 0-33.941l22.667-22.667c9.357-9.357 24.522-9.375 33.901-.04L224 284.505l154.745-154.021c9.379-9.335 24.544-9.317 33.901.04l22.667 22.667c9.373 9.373 9.373 24.569 0 33.941L240.971 381.476c-9.373 9.372-24.569 9.372-33.942 0z\"><\/path><\/svg><\/div>\n\t\t\t\t<div class=\"elementor-toc__toggle-button elementor-toc__toggle-button--collapse\" role=\"button\" tabindex=\"0\" aria-controls=\"elementor-toc__c8b2497\" aria-expanded=\"true\" aria-label=\"Cerrar la tabla de contenidos\"><svg aria-hidden=\"true\" class=\"e-font-icon-svg e-fas-chevron-up\" viewbox=\"0 0 448 512\" xmlns=\"http:\/\/www.w3.org\/2000\/svg\"><path d=\"M240.971 130.524l194.343 194.343c9.373 9.373 9.373 24.569 0 33.941l-22.667 22.667c-9.357 9.357-24.522 9.375-33.901.04L224 227.495 69.255 381.516c-9.379 9.335-24.544 9.317-33.901-.04l-22.667-22.667c-9.373-9.373-9.373-24.569 0-33.941L207.03 130.525c9.372-9.373 24.568-9.373 33.941-.001z\"><\/path><\/svg><\/div>\n\t\t\t\t\t<\/div>\n\t\t\t\t<div id=\"elementor-toc__c8b2497\" class=\"elementor-toc__body\">\n\t\t\t<div class=\"elementor-toc__spinner-container\">\n\t\t\t\t<svg class=\"elementor-toc__spinner eicon-animation-spin e-font-icon-svg e-eicon-loading\" aria-hidden=\"true\" viewbox=\"0 0 1000 1000\" xmlns=\"http:\/\/www.w3.org\/2000\/svg\"><path d=\"M500 975V858C696 858 858 696 858 500S696 142 500 142 142 304 142 500H25C25 237 238 25 500 25S975 237 975 500 763 975 500 975Z\"><\/path><\/svg>\t\t\t<\/div>\n\t\t<\/div>\n\t\t\t\t\t\t<\/div>\n\t\t\t\t<\/div>\n\t\t\t\t\t<\/div>\n\t\t\t\t<\/div>\n\t\t<div data-particle_enable=\"false\" data-particle-mobile-disabled=\"false\" class=\"elementor-element elementor-element-b3ddd01 e-flex e-con-boxed e-con e-child\" data-id=\"b3ddd01\" data-element_type=\"container\">\n\t\t\t\t\t<div class=\"e-con-inner\">\n\t\t\t\t<div class=\"elementor-element elementor-element-0064566 elementor-widget elementor-widget-heading\" data-id=\"0064566\" data-element_type=\"widget\" data-settings=\"{&quot;_animation&quot;:&quot;none&quot;}\" data-widget_type=\"heading.default\">\n\t\t\t\t<div class=\"elementor-widget-container\">\n\t\t\t\t\t<h2 class=\"elementor-heading-title elementor-size-default\">Por qu\u00e9 Catchbox Plus encaja en los entornos modernos de aprendizaje y trabajo<\/h2>\t\t\t\t<\/div>\n\t\t\t\t<\/div>\n\t\t\t\t<div class=\"elementor-element elementor-element-74974da elementor-widget__width-inherit elementor-widget elementor-widget-text-editor\" data-id=\"74974da\" data-element_type=\"widget\" data-widget_type=\"text-editor.default\">\n\t\t\t\t<div class=\"elementor-widget-container\">\n\t\t\t\t\t\t\t\t\t<ul><li>Sistema de micr\u00f3fono inal\u00e1mbrico con DSP integrado<\/li><\/ul><ul><li>Hasta tres transmisores de micr\u00f3fono diferentes en un juego<\/li><\/ul><ul><li>Robusta tecnolog\u00eda de radio DECT sin licencia (1,8\u20131,9 GHz)<\/li><\/ul><ul><li>Interfaces anal\u00f3gicas, USB y Dante\u00ae para la m\u00e1xima flexibilidad<\/li><\/ul><ul><li>Ideal para campus, coworking, oficinas modernas y formatos de eventos creativos<\/li><\/ul><ul><li>Micr\u00f3fonos coloridos y llamativos que captan inmediatamente la atenci\u00f3n e invitan a participar<\/li><\/ul><p>Los micr\u00f3fonos de colores no son deliberadamente \u201einvisibles\u201c \u2013 forman parte de la experiencia. Relajan el ambiente, reducen las inhibiciones y favorecen una cultura de la comunicaci\u00f3n abierta y activa.<\/p>\t\t\t\t\t\t\t\t<\/div>\n\t\t\t\t<\/div>\n\t\t\t\t<div class=\"elementor-element elementor-element-c9aa3bd elementor-cta--skin-cover elementor-cta--valign-bottom elementor-widget elementor-widget-call-to-action\" data-id=\"c9aa3bd\" data-element_type=\"widget\" data-widget_type=\"call-to-action.default\">\n\t\t\t\t<div class=\"elementor-widget-container\">\n\t\t\t\t\t\t\t<div class=\"elementor-cta\">\n\t\t\t\t\t<div class=\"elementor-cta__bg-wrapper\">\n\t\t\t\t<div class=\"elementor-cta__bg elementor-bg\" style=\"background-image: url(https:\/\/konferenztechnik.de\/wp-content\/uploads\/2026\/02\/catchbox-lebendige-events-technik.avif);\" role=\"img\" aria-label=\"catchbox-lively-events-technology\"><\/div>\n\t\t\t\t<div class=\"elementor-cta__bg-overlay\"><\/div>\n\t\t\t<\/div>\n\t\t\t\t\t\t\t<div class=\"elementor-cta__content\">\n\t\t\t\t\n\t\t\t\t\n\t\t\t\t\n\t\t\t\t\t\t\t\t\t<div class=\"elementor-cta__button-wrapper elementor-cta__content-item elementor-content-item\">\n\t\t\t\t\t<a class=\"elementor-cta__button elementor-button elementor-size-lg\" href=\"#kontaktbox\">\n\t\t\t\t\t\tSolicitar informaci\u00f3n\t\t\t\t\t<\/a>\n\t\t\t\t\t<\/div>\n\t\t\t\t\t\t\t<\/div>\n\t\t\t\t\t\t<\/div>\n\t\t\t\t\t\t<\/div>\n\t\t\t\t<\/div>\n\t\t\t\t<div class=\"elementor-element elementor-element-39bc999 elementor-widget elementor-widget-heading\" data-id=\"39bc999\" data-element_type=\"widget\" data-settings=\"{&quot;_animation&quot;:&quot;none&quot;}\" data-widget_type=\"heading.default\">\n\t\t\t\t<div class=\"elementor-widget-container\">\n\t\t\t\t\t<h2 class=\"elementor-heading-title elementor-size-default\">Hecho para equipos AV\/IT \u2013 radicalmente sencillo para los usuarios<\/h2>\t\t\t\t<\/div>\n\t\t\t\t<\/div>\n\t\t\t\t<div class=\"elementor-element elementor-element-83e8dbc elementor-widget__width-inherit elementor-widget elementor-widget-text-editor\" data-id=\"83e8dbc\" data-element_type=\"widget\" data-widget_type=\"text-editor.default\">\n\t\t\t\t<div class=\"elementor-widget-container\">\n\t\t\t\t\t\t\t\t\t<p>Catchbox Plus est\u00e1 especialmente dise\u00f1ado para equipos que gestionan muchas salas y desean ofrecer una tecnolog\u00eda que simplemente funcione.<\/p><p>\u00a0<\/p><p><strong>Eficacia t\u00e9cnica para equipos AV\/IT:<\/strong><\/p><p><strong>\u00a0<\/strong><\/p><ul><li>Plataforma estandarizada para m\u00e1s de 10 salas<\/li><\/ul><ul><li>Concepto de audio centralizado en lugar de muchas soluciones aisladas<\/li><\/ul><ul><li>Menos solicitudes de asistencia gracias a un funcionamiento intuitivo<\/li><\/ul><ul><li>Conexi\u00f3n inal\u00e1mbrica fiable y carga segura de los micr\u00f3fonos<\/li><\/ul><p><strong>Al mismo tiempo, m\u00e1xima simplicidad para los usuarios:<\/strong><\/p><p><strong>\u00a0<\/strong><\/p><ul><li>Los micr\u00f3fonos se reconocen inmediatamente como tales \u2013 sin \u201erompecabezas t\u00e9cnicos\u201c<\/li><\/ul><ul><li>Formas coloridas y llamativas en lugar de lavaliers discretos y delicados<\/li><\/ul><ul><li>Enchufar, agarrar, lanzar \u2013 y hablar<\/li><\/ul><p>El resultado es un sistema limpio desde el punto de vista t\u00e9cnico y agradable de usar en la vida cotidiana.<\/p>\t\t\t\t\t\t\t\t<\/div>\n\t\t\t\t<\/div>\n\t\t\t\t<div class=\"elementor-element elementor-element-69fb1fd elementor-widget elementor-widget-heading\" data-id=\"69fb1fd\" data-element_type=\"widget\" data-settings=\"{&quot;_animation&quot;:&quot;none&quot;}\" data-widget_type=\"heading.default\">\n\t\t\t\t<div class=\"elementor-widget-container\">\n\t\t\t\t\t<h2 class=\"elementor-heading-title elementor-size-default\">Los componentes Plus \u2013 funcionales y elegantes<\/h2>\t\t\t\t<\/div>\n\t\t\t\t<\/div>\n\t\t<div data-particle_enable=\"false\" data-particle-mobile-disabled=\"false\" class=\"elementor-element elementor-element-84fc135 e-grid e-con-full e-con e-child\" data-id=\"84fc135\" data-element_type=\"container\">\n\t\t\t\t<div class=\"elementor-element elementor-element-a74749b elementor-widget__width-inherit elementor-widget elementor-widget-text-editor\" data-id=\"a74749b\" data-element_type=\"widget\" data-widget_type=\"text-editor.default\">\n\t\t\t\t<div class=\"elementor-widget-container\">\n\t\t\t\t\t\t\t\t\t<h3>Micr\u00f3fono de mano din\u00e1mico Stick \u2013<\/h3><p>\u00a0<\/p><p>El micr\u00f3fono de varilla funciona como un micr\u00f3fono de mano \u2013 cl\u00e1sico, pero m\u00e1s moderno:<\/p><p>\u00a0<\/p><ul><li>Perfecto para moderadores, entrevistas y sesiones de preguntas y respuestas<\/li><\/ul><ul><li>Se transmite r\u00e1pidamente de persona a persona<\/li><\/ul><ul><li>Un verdadero punto de atracci\u00f3n en el escenario o en la sala en versiones de colores<\/li><\/ul>\t\t\t\t\t\t\t\t<\/div>\n\t\t\t\t<\/div>\n\t\t\t\t<div class=\"elementor-element elementor-element-49c81e5 elementor-widget elementor-widget-image\" data-id=\"49c81e5\" data-element_type=\"widget\" data-widget_type=\"image.default\">\n\t\t\t\t<div class=\"elementor-widget-container\">\n\t\t\t\t\t\t\t\t\t\t\t\t\t\t\t<img decoding=\"async\" width=\"411\" height=\"721\" src=\"https:\/\/konferenztechnik.de\/wp-content\/uploads\/2026\/02\/catchbox-handmikrokon.avif\" class=\"attachment-full size-full wp-image-49541\" alt=\"\" srcset=\"https:\/\/konferenztechnik.de\/wp-content\/uploads\/2026\/02\/catchbox-handmikrokon.avif 411w, https:\/\/konferenztechnik.de\/wp-content\/uploads\/2026\/02\/catchbox-handmikrokon-171x300.avif 171w, https:\/\/konferenztechnik.de\/wp-content\/uploads\/2026\/02\/catchbox-handmikrokon-7x12.avif 7w\" sizes=\"(max-width: 411px) 100vw, 411px\" title=\"\">\t\t\t\t\t\t\t\t\t\t\t\t\t\t\t<\/div>\n\t\t\t\t<\/div>\n\t\t\t\t<div class=\"elementor-element elementor-element-744d6e4 elementor-widget elementor-widget-image\" data-id=\"744d6e4\" data-element_type=\"widget\" data-widget_type=\"image.default\">\n\t\t\t\t<div class=\"elementor-widget-container\">\n\t\t\t\t\t\t\t\t\t\t\t\t\t\t\t<img loading=\"lazy\" decoding=\"async\" width=\"411\" height=\"721\" src=\"https:\/\/konferenztechnik.de\/wp-content\/uploads\/2026\/02\/catchbox-clip-ansteckmikrofon.avif\" class=\"attachment-full size-full wp-image-49542\" alt=\"\" srcset=\"https:\/\/konferenztechnik.de\/wp-content\/uploads\/2026\/02\/catchbox-clip-ansteckmikrofon.avif 411w, https:\/\/konferenztechnik.de\/wp-content\/uploads\/2026\/02\/catchbox-clip-ansteckmikrofon-171x300.avif 171w, https:\/\/konferenztechnik.de\/wp-content\/uploads\/2026\/02\/catchbox-clip-ansteckmikrofon-7x12.avif 7w\" sizes=\"(max-width: 411px) 100vw, 411px\" title=\"\">\t\t\t\t\t\t\t\t\t\t\t\t\t\t\t<\/div>\n\t\t\t\t<\/div>\n\t\t\t\t<div class=\"elementor-element elementor-element-eb93499 elementor-widget__width-inherit elementor-widget elementor-widget-text-editor\" data-id=\"eb93499\" data-element_type=\"widget\" data-widget_type=\"text-editor.default\">\n\t\t\t\t<div class=\"elementor-widget-container\">\n\t\t\t\t\t\t\t\t\t<h3>Clip \u2013 discreto de llevar, visiblemente moderno<\/h3><p>El micr\u00f3fono de pinza se sujeta a la ropa o al cintur\u00f3n:<\/p><p>\u00a0<\/p><ul><li>Manos libres para presentaci\u00f3n, pizarra o port\u00e1til<\/li><\/ul><ul><li>Calidad de voz constante al desplazarse por la sala<\/li><\/ul><ul><li>Ideal para profesores, formadores<i>y moderador<\/i>interior<\/li><\/ul><p>En combinaci\u00f3n con los transmisores de colores, la configuraci\u00f3n tiene un aspecto moderno y encaja en los entornos de aprendizaje y trabajo contempor\u00e1neos.<\/p>\t\t\t\t\t\t\t\t<\/div>\n\t\t\t\t<\/div>\n\t\t\t\t<div class=\"elementor-element elementor-element-a9c96a8 elementor-widget__width-inherit elementor-widget elementor-widget-text-editor\" data-id=\"a9c96a8\" data-element_type=\"widget\" data-widget_type=\"text-editor.default\">\n\t\t\t\t<div class=\"elementor-widget-container\">\n\t\t\t\t\t\t\t\t\t<h3>Cube \u2013 el micr\u00f3fono \u201earrojadizo\u201c para p\u00fablico con efecto espect\u00e1culo<\/h3><p>El colorido Catchbox Cube es m\u00e1s que un micr\u00f3fono:<\/p><p>\u00a0<\/p><ul><li>Carcasa blanda \u2013 segura para lanzar y atrapar<\/li><\/ul><ul><li>Colores vivos que llaman la atenci\u00f3n y aportan diversi\u00f3n<\/li><\/ul><ul><li>Disminuye el umbral de inhibici\u00f3n para formular preguntas \u2013, especialmente con los grupos destinatarios m\u00e1s j\u00f3venes.<\/li><\/ul><p>Ya sea en una conferencia, un taller o una reuni\u00f3n municipal: el Cubo convierte la sesi\u00f3n de preguntas y respuestas en un formato animado.<\/p>\t\t\t\t\t\t\t\t<\/div>\n\t\t\t\t<\/div>\n\t\t\t\t<div class=\"elementor-element elementor-element-224bf34 elementor-widget elementor-widget-image\" data-id=\"224bf34\" data-element_type=\"widget\" data-widget_type=\"image.default\">\n\t\t\t\t<div class=\"elementor-widget-container\">\n\t\t\t\t\t\t\t\t\t\t\t\t\t\t\t<img loading=\"lazy\" decoding=\"async\" width=\"579\" height=\"676\" src=\"https:\/\/konferenztechnik.de\/wp-content\/uploads\/2026\/02\/catchbox-publikumsmikrofon.avif\" class=\"attachment-full size-full wp-image-49546\" alt=\"\" srcset=\"https:\/\/konferenztechnik.de\/wp-content\/uploads\/2026\/02\/catchbox-publikumsmikrofon.avif 579w, https:\/\/konferenztechnik.de\/wp-content\/uploads\/2026\/02\/catchbox-publikumsmikrofon-257x300.avif 257w, https:\/\/konferenztechnik.de\/wp-content\/uploads\/2026\/02\/catchbox-publikumsmikrofon-10x12.avif 10w\" sizes=\"(max-width: 579px) 100vw, 579px\" title=\"\">\t\t\t\t\t\t\t\t\t\t\t\t\t\t\t<\/div>\n\t\t\t\t<\/div>\n\t\t\t\t<\/div>\n\t\t\t\t<div class=\"elementor-element elementor-element-b41c102 elementor-widget elementor-widget-heading\" data-id=\"b41c102\" data-element_type=\"widget\" data-settings=\"{&quot;_animation&quot;:&quot;none&quot;}\" data-widget_type=\"heading.default\">\n\t\t\t\t<div class=\"elementor-widget-container\">\n\t\t\t\t\t<h2 class=\"elementor-heading-title elementor-size-default\">Micr\u00f3fonos \u2013 de marca individual en sus colores<\/h2>\t\t\t\t<\/div>\n\t\t\t\t<\/div>\n\t\t\t\t<div class=\"elementor-element elementor-element-715803f elementor-widget elementor-widget-image\" data-id=\"715803f\" data-element_type=\"widget\" data-widget_type=\"image.default\">\n\t\t\t\t<div class=\"elementor-widget-container\">\n\t\t\t\t\t\t\t\t\t\t\t\t\t\t\t<img loading=\"lazy\" decoding=\"async\" width=\"800\" height=\"534\" src=\"https:\/\/konferenztechnik.de\/wp-content\/uploads\/2026\/02\/catchbox-cube-publikumsmikrofon-1024x683.avif\" class=\"attachment-large size-large wp-image-49543\" alt=\"\" srcset=\"https:\/\/konferenztechnik.de\/wp-content\/uploads\/2026\/02\/catchbox-cube-publikumsmikrofon-1024x683.avif 1024w, https:\/\/konferenztechnik.de\/wp-content\/uploads\/2026\/02\/catchbox-cube-publikumsmikrofon-300x200.avif 300w, https:\/\/konferenztechnik.de\/wp-content\/uploads\/2026\/02\/catchbox-cube-publikumsmikrofon-768x512.avif 768w, https:\/\/konferenztechnik.de\/wp-content\/uploads\/2026\/02\/catchbox-cube-publikumsmikrofon-18x12.avif 18w, https:\/\/konferenztechnik.de\/wp-content\/uploads\/2026\/02\/catchbox-cube-publikumsmikrofon.avif 1200w\" sizes=\"(max-width: 800px) 100vw, 800px\" title=\"\">\t\t\t\t\t\t\t\t\t\t\t\t\t\t\t<\/div>\n\t\t\t\t<\/div>\n\t\t\t\t<div class=\"elementor-element elementor-element-123ad99 elementor-widget elementor-widget-image\" data-id=\"123ad99\" data-element_type=\"widget\" data-widget_type=\"image.default\">\n\t\t\t\t<div class=\"elementor-widget-container\">\n\t\t\t\t\t\t\t\t\t\t\t\t\t\t\t<img loading=\"lazy\" decoding=\"async\" width=\"800\" height=\"534\" src=\"https:\/\/konferenztechnik.de\/wp-content\/uploads\/2026\/02\/catchbox-individuelle-farben-1024x683.avif\" class=\"attachment-large size-large wp-image-49545\" alt=\"\" srcset=\"https:\/\/konferenztechnik.de\/wp-content\/uploads\/2026\/02\/catchbox-individuelle-farben-1024x683.avif 1024w, https:\/\/konferenztechnik.de\/wp-content\/uploads\/2026\/02\/catchbox-individuelle-farben-300x200.avif 300w, https:\/\/konferenztechnik.de\/wp-content\/uploads\/2026\/02\/catchbox-individuelle-farben-768x512.avif 768w, https:\/\/konferenztechnik.de\/wp-content\/uploads\/2026\/02\/catchbox-individuelle-farben-18x12.avif 18w, https:\/\/konferenztechnik.de\/wp-content\/uploads\/2026\/02\/catchbox-individuelle-farben.avif 1200w\" sizes=\"(max-width: 800px) 100vw, 800px\" title=\"\">\t\t\t\t\t\t\t\t\t\t\t\t\t\t\t<\/div>\n\t\t\t\t<\/div>\n\t\t\t\t<div class=\"elementor-element elementor-element-4798949 elementor-widget__width-inherit elementor-widget elementor-widget-text-editor\" data-id=\"4798949\" data-element_type=\"widget\" data-widget_type=\"text-editor.default\">\n\t\t\t\t<div class=\"elementor-widget-container\">\n\t\t\t\t\t\t\t\t\t<p class=\"\">Catchbox Plus puede personalizarse perfectamente seg\u00fan su dise\u00f1o corporativo. Esto hace que el sistema de microfon\u00eda no sea s\u00f3lo una herramienta t\u00e9cnica, sino una parte visible de su marca.<\/p><p>\u00a0<\/p><ul class=\"\"><li class=\"\"><strong class=\"\">Cubo:<\/strong> El cubo \u201earrojadizo\u201c puede dise\u00f1arse con sus colores corporativos e imprimirse con logotipos o gr\u00e1ficos en las cuatro caras.<\/li><li class=\"\"><strong class=\"\">Clip &amp; Stick:<\/strong> Las fundas\/mangas de los micr\u00f3fonos de pinza y de varilla pueden acabarse con su logotipo y colores a juego.<\/li><\/ul><p class=\"\">De este modo, los micr\u00f3fonos se integran armoniosamente en el escenario, en el dise\u00f1o de la sala y en CI \u2013, ya sea en el aula, en la sala de conferencias o en un evento. Estaremos encantados de ayudarle a elegir los colores y preparar los datos de impresi\u00f3n.<\/p>\t\t\t\t\t\t\t\t<\/div>\n\t\t\t\t<\/div>\n\t\t\t\t<div class=\"elementor-element elementor-element-f5fcff7 elementor-widget elementor-widget-heading\" data-id=\"f5fcff7\" data-element_type=\"widget\" data-settings=\"{&quot;_animation&quot;:&quot;none&quot;}\" data-widget_type=\"heading.default\">\n\t\t\t\t<div class=\"elementor-widget-container\">\n\t\t\t\t\t<h2 class=\"elementor-heading-title elementor-size-default\">Hub \u2013 el coraz\u00f3n inteligente del sistema<\/h2>\t\t\t\t<\/div>\n\t\t\t\t<\/div>\n\t\t\t\t<div class=\"elementor-element elementor-element-e5db4a6 elementor-widget elementor-widget-image\" data-id=\"e5db4a6\" data-element_type=\"widget\" data-widget_type=\"image.default\">\n\t\t\t\t<div class=\"elementor-widget-container\">\n\t\t\t\t\t\t\t\t\t\t\t\t\t\t\t<img loading=\"lazy\" decoding=\"async\" width=\"800\" height=\"299\" src=\"https:\/\/konferenztechnik.de\/wp-content\/uploads\/2026\/02\/catchbox-hub-automatik-mixer.avif\" class=\"attachment-large size-large wp-image-49547\" alt=\"\" srcset=\"https:\/\/konferenztechnik.de\/wp-content\/uploads\/2026\/02\/catchbox-hub-automatik-mixer.avif 978w, https:\/\/konferenztechnik.de\/wp-content\/uploads\/2026\/02\/catchbox-hub-automatik-mixer-300x112.avif 300w, https:\/\/konferenztechnik.de\/wp-content\/uploads\/2026\/02\/catchbox-hub-automatik-mixer-768x287.avif 768w, https:\/\/konferenztechnik.de\/wp-content\/uploads\/2026\/02\/catchbox-hub-automatik-mixer-18x7.avif 18w\" sizes=\"(max-width: 800px) 100vw, 800px\" title=\"\">\t\t\t\t\t\t\t\t\t\t\t\t\t\t\t<\/div>\n\t\t\t\t<\/div>\n\t\t\t\t<div class=\"elementor-element elementor-element-7458fb0 elementor-widget__width-inherit elementor-widget elementor-widget-text-editor\" data-id=\"7458fb0\" data-element_type=\"widget\" data-widget_type=\"text-editor.default\">\n\t\t\t\t<div class=\"elementor-widget-container\">\n\t\t\t\t\t\t\t\t\t<p>El concentrador se encarga de las funciones de recepci\u00f3n, DSP y mezcla:<\/p><p>\u00a0<\/p><ul><li><p>Hasta cuatro micr\u00f3fonos Plus simult\u00e1neamente<\/p><\/li><li><p>Mezclador autom\u00e1tico integrado para niveles equilibrados<\/p><\/li><li><p>Salidas anal\u00f3gicas, audio USB y conexi\u00f3n Dante<\/p><\/li><li><p>Control y supervisi\u00f3n remotos para equipos audiovisuales e inform\u00e1ticos<\/p><\/li><\/ul><p>Esto significa que Catchbox Plus puede integrarse tanto en los cl\u00e1sicos bastidores de tecnolog\u00eda multimedia como en las modernas salas de reuniones de dise\u00f1o.<\/p>\t\t\t\t\t\t\t\t<\/div>\n\t\t\t\t<\/div>\n\t\t\t\t<div class=\"elementor-element elementor-element-1d81ad6 elementor-widget elementor-widget-heading\" data-id=\"1d81ad6\" data-element_type=\"widget\" data-settings=\"{&quot;_animation&quot;:&quot;none&quot;}\" data-widget_type=\"heading.default\">\n\t\t\t\t<div class=\"elementor-widget-container\">\n\t\t\t\t\t<h2 class=\"elementor-heading-title elementor-size-default\">Un sistema sencillo que se adapta a la tecnolog\u00eda de los medios de comunicaci\u00f3n modernos<\/h2>\t\t\t\t<\/div>\n\t\t\t\t<\/div>\n\t\t\t\t<div class=\"elementor-element elementor-element-6ee163e elementor-widget__width-inherit elementor-widget elementor-widget-text-editor\" data-id=\"6ee163e\" data-element_type=\"widget\" data-widget_type=\"text-editor.default\">\n\t\t\t\t<div class=\"elementor-widget-container\">\n\t\t\t\t\t\t\t\t\t<p>Catchbox Plus se integra perfectamente en los conceptos audiovisuales modernos:<\/p><p>\u00a0<\/p><ul><li><strong>Anal\u00f3gico<\/strong>Conexi\u00f3n a mesas de mezclas y amplificadores existentes<\/li><\/ul><ul><li><strong>USB<\/strong>Integraci\u00f3n directa en videoconferencias basadas en PC<\/li><\/ul><ul><li><strong>Dante<\/strong>Conexi\u00f3n a redes de audio sobre IP, control y enrutamiento centralizados<\/li><\/ul><p>Trabajamos con usted para planificar c\u00f3mo integrar de forma \u00f3ptima Catchbox Plus en sus salas de conferencias, aulas o espacios para eventos \u2013 es t\u00e9cnicamente limpio y visualmente armonioso.<\/p>\t\t\t\t\t\t\t\t<\/div>\n\t\t\t\t<\/div>\n\t\t\t\t<div class=\"elementor-element elementor-element-9814105 elementor-widget elementor-widget-heading\" data-id=\"9814105\" data-element_type=\"widget\" data-settings=\"{&quot;_animation&quot;:&quot;none&quot;}\" data-widget_type=\"heading.default\">\n\t\t\t\t<div class=\"elementor-widget-container\">\n\t\t\t\t\t<h2 class=\"elementor-heading-title elementor-size-default\">Carga intuitiva, uso cotidiano robusto<\/h2>\t\t\t\t<\/div>\n\t\t\t\t<\/div>\n\t\t\t\t<div class=\"elementor-element elementor-element-1e05f8d elementor-widget__width-inherit elementor-widget elementor-widget-text-editor\" data-id=\"1e05f8d\" data-element_type=\"widget\" data-widget_type=\"text-editor.default\">\n\t\t\t\t<div class=\"elementor-widget-container\">\n\t\t\t\t\t\t\t\t\t<p>Catchbox Plus est\u00e1 dise\u00f1ado para el uso diario:<\/p><p>\u00a0<\/p><ul><li>Sofisticadas soluciones de carga y acoplamiento para todos los micr\u00f3fonos<\/li><\/ul><ul><li>Los micr\u00f3fonos se reconocen a simple vista como \u201ecargados \/ listos\u201c.<\/li><\/ul><ul><li>Construcci\u00f3n robusta para uso intensivo en educaci\u00f3n, reuniones y eventos<\/li><\/ul><p>Esto hace que el sistema sea ideal para entornos animados con usuarios que cambian con frecuencia \u2013 desde grupos de seminario a equipos de proyecto.<\/p>\t\t\t\t\t\t\t\t<\/div>\n\t\t\t\t<\/div>\n\t\t\t\t<div class=\"elementor-element elementor-element-14cd03c elementor-widget elementor-widget-spacer\" data-id=\"14cd03c\" data-element_type=\"widget\" data-widget_type=\"spacer.default\">\n\t\t\t\t<div class=\"elementor-widget-container\">\n\t\t\t\t\t\t\t<div class=\"elementor-spacer\">\n\t\t\t<div class=\"elementor-spacer-inner\"><\/div>\n\t\t<\/div>\n\t\t\t\t\t\t<\/div>\n\t\t\t\t<\/div>\n\t\t\t\t<div class=\"elementor-element elementor-element-e1f6e3c elementor-widget elementor-widget-heading\" data-id=\"e1f6e3c\" data-element_type=\"widget\" data-settings=\"{&quot;_animation&quot;:&quot;none&quot;}\" data-widget_type=\"heading.default\">\n\t\t\t\t<div class=\"elementor-widget-container\">\n\t\t\t\t\t<h2 class=\"elementor-heading-title elementor-size-default\">Catchbox Plus con PCS \u2013 Consultor\u00eda, configuraci\u00f3n, implantaci\u00f3n<\/h2>\t\t\t\t<\/div>\n\t\t\t\t<\/div>\n\t\t\t\t<div class=\"elementor-element elementor-element-a5d5df3 elementor-widget__width-inherit elementor-widget elementor-widget-text-editor\" data-id=\"a5d5df3\" data-element_type=\"widget\" data-widget_type=\"text-editor.default\">\n\t\t\t\t<div class=\"elementor-widget-container\">\n\t\t\t\t\t\t\t\t\t<p>Como socio para la tecnolog\u00eda de conferencias, medios de comunicaci\u00f3n y eventos, le ofrecemos un apoyo integral:<\/p><p>\u00a0<\/p><ul><li>Analice sus estancias y necesidades<\/li><\/ul><ul><li>Selecci\u00f3n de la configuraci\u00f3n Catchbox Plus adecuada (Cubo, Clip, Stick, Hub)<\/li><\/ul><ul><li>Integraci\u00f3n en la tecnolog\u00eda audiovisual existente o nueva<\/li><\/ul><ul><li>Instalaci\u00f3n, instrucciones y asistencia para sus eventos previa solicitud<\/li><\/ul><p>Puedes utilizar Catchbox Plus:<\/p><p>\u00a0<\/p><ul><li>permanente <strong>Comprar<\/strong>,<\/li><\/ul><ul><li>Relacionado con el proyecto <strong>Alquiler<\/strong>,<\/li><\/ul><ul><li>o en un completo <strong>Paquete de sala de conferencias<\/strong> integrarse.<\/li><\/ul>\t\t\t\t\t\t\t\t<\/div>\n\t\t\t\t<\/div>\n\t\t\t\t<div class=\"elementor-element elementor-element-7548301 elementor-widget elementor-widget-menu-anchor\" data-id=\"7548301\" data-element_type=\"widget\" data-widget_type=\"menu-anchor.default\">\n\t\t\t\t<div class=\"elementor-widget-container\">\n\t\t\t\t\t\t\t<div class=\"elementor-menu-anchor\" id=\"kontaktbox\"><\/div>\n\t\t\t\t\t\t<\/div>\n\t\t\t\t<\/div>\n\t\t\t\t\t<\/div>\n\t\t\t\t<\/div>\n\t\t\t\t<div class=\"elementor-element elementor-element-45399b5 elementor-widget elementor-widget-shortcode\" data-id=\"45399b5\" data-element_type=\"widget\" data-widget_type=\"shortcode.default\">\n\t\t\t\t<div class=\"elementor-widget-container\">\n\t\t\t\t\t\t\t<div class=\"elementor-shortcode\"><\/div>\n\t\t\t\t\t\t<\/div>\n\t\t\t\t<\/div>\n\t\t\t\t\t<\/div>\n\t\t\t\t<\/div>\n\t\t\t\t<\/div>","protected":false},"excerpt":{"rendered":"<p>Para todos aquellos que quieren algo m\u00e1s que \u201es\u00f3lo sonido\u201c. Los micr\u00f3fonos de colores, reconocibles al instante, aportan movimiento a conferencias, aulas y talleres, reducen las inhibiciones y hacen que la participaci\u00f3n sea f\u00e1cil y divertida. Esto convierte cada sesi\u00f3n de preguntas y respuestas en un formato animado y moderno \u2013 es t\u00e9cnicamente profesional y visualmente un aut\u00e9ntico reclamo.<\/p>","protected":false},"author":2,"featured_media":49573,"comment_status":"closed","ping_status":"closed","sticky":false,"template":"","format":"standard","meta":{"_acf_changed":false,"footnotes":""},"categories":[39],"tags":[],"class_list":["post-49537","post","type-post","status-publish","format-standard","has-post-thumbnail","hentry","category-produkte"],"acf":[],"_links":{"self":[{"href":"https:\/\/konferenztechnik.de\/es\/wp-json\/wp\/v2\/posts\/49537","targetHints":{"allow":["GET"]}}],"collection":[{"href":"https:\/\/konferenztechnik.de\/es\/wp-json\/wp\/v2\/posts"}],"about":[{"href":"https:\/\/konferenztechnik.de\/es\/wp-json\/wp\/v2\/types\/post"}],"author":[{"embeddable":true,"href":"https:\/\/konferenztechnik.de\/es\/wp-json\/wp\/v2\/users\/2"}],"replies":[{"embeddable":true,"href":"https:\/\/konferenztechnik.de\/es\/wp-json\/wp\/v2\/comments?post=49537"}],"version-history":[{"count":29,"href":"https:\/\/konferenztechnik.de\/es\/wp-json\/wp\/v2\/posts\/49537\/revisions"}],"predecessor-version":[{"id":49765,"href":"https:\/\/konferenztechnik.de\/es\/wp-json\/wp\/v2\/posts\/49537\/revisions\/49765"}],"wp:featuredmedia":[{"embeddable":true,"href":"https:\/\/konferenztechnik.de\/es\/wp-json\/wp\/v2\/media\/49573"}],"wp:attachment":[{"href":"https:\/\/konferenztechnik.de\/es\/wp-json\/wp\/v2\/media?parent=49537"}],"wp:term":[{"taxonomy":"category","embeddable":true,"href":"https:\/\/konferenztechnik.de\/es\/wp-json\/wp\/v2\/categories?post=49537"},{"taxonomy":"post_tag","embeddable":true,"href":"https:\/\/konferenztechnik.de\/es\/wp-json\/wp\/v2\/tags?post=49537"}],"curies":[{"name":"wp","href":"https:\/\/api.w.org\/{rel}","templated":true}]}}