{"id":6539,"date":"2016-04-15T13:54:07","date_gmt":"2016-04-15T12:54:07","guid":{"rendered":"https:\/\/konferenztechnik.de\/?page_id=6539"},"modified":"2023-06-26T10:23:46","modified_gmt":"2023-06-26T08:23:46","slug":"epson","status":"publish","type":"post","link":"https:\/\/konferenztechnik.de\/es\/epson\/","title":{"rendered":"Epson"},"content":{"rendered":"<div data-elementor-type=\"wp-post\" data-elementor-id=\"6539\" class=\"elementor elementor-6539\" data-elementor-post-type=\"post\">\n\t\t\t\t<div data-particle_enable=\"false\" data-particle-mobile-disabled=\"false\" class=\"elementor-element elementor-element-10d88770 e-flex e-con-boxed e-con e-parent\" data-id=\"10d88770\" data-element_type=\"container\">\n\t\t\t\t\t<div class=\"e-con-inner\">\n\t\t\t\t<div class=\"elementor-element elementor-element-3fd5e6c7 elementor-widget elementor-widget-heading\" data-id=\"3fd5e6c7\" data-element_type=\"widget\" data-settings=\"{&quot;_animation&quot;:&quot;none&quot;}\" data-widget_type=\"heading.default\">\n\t\t\t\t<div class=\"elementor-widget-container\">\n\t\t\t\t\t<h2 class=\"elementor-heading-title elementor-size-default\">Epson<\/h2>\t\t\t\t<\/div>\n\t\t\t\t<\/div>\n\t\t\t\t\t<\/div>\n\t\t\t\t<\/div>\n\t\t<div data-particle_enable=\"false\" data-particle-mobile-disabled=\"false\" class=\"elementor-element elementor-element-692de144 e-grid e-con-boxed e-con e-parent\" data-id=\"692de144\" data-element_type=\"container\">\n\t\t\t\t\t<div class=\"e-con-inner\">\n\t\t\t\t<div class=\"elementor-element elementor-element-57d3a39e elementor-widget__width-inherit elementor-widget elementor-widget-text-editor\" data-id=\"57d3a39e\" data-element_type=\"widget\" data-widget_type=\"text-editor.default\">\n\t\t\t\t<div class=\"elementor-widget-container\">\n\t\t\t\t\t\t\t\t\t<p>Epson es uno de los mayores fabricantes mundiales de impresoras, esc\u00e1neres, c\u00e1maras digitales, ordenadores personales, port\u00e1tiles y proyectores.<\/p><p>\u00a0<\/p><p>Epson ofrece una amplia gama de proyectores. En particular, innovadores proyectores de corto y ultracorto alcance.<\/p><p>\u00a0<\/p><p>Como l\u00edder en tecnolog\u00eda de procesamiento de im\u00e1genes, Epson ofrece actualmente la innovadora serie Moverio de gafas multimedia, que proporcionan una experiencia de usuario innovadora con una c\u00e1mara integrada, giroscopio, sistema GPS y otros sensores.<\/p>\t\t\t\t\t\t\t\t<\/div>\n\t\t\t\t<\/div>\n\t\t\t\t<div class=\"elementor-element elementor-element-1d187d95 elementor-widget elementor-widget-image\" data-id=\"1d187d95\" data-element_type=\"widget\" data-widget_type=\"image.default\">\n\t\t\t\t<div class=\"elementor-widget-container\">\n\t\t\t\t\t\t\t\t\t\t\t\t\t\t\t<img fetchpriority=\"high\" decoding=\"async\" width=\"577\" height=\"385\" src=\"https:\/\/konferenztechnik.de\/wp-content\/uploads\/2016\/09\/epson-highendbeamer.jpg\" class=\"attachment-full size-full wp-image-7898\" alt=\"\" srcset=\"https:\/\/konferenztechnik.de\/wp-content\/uploads\/2016\/09\/epson-highendbeamer.jpg 577w, https:\/\/konferenztechnik.de\/wp-content\/uploads\/2016\/09\/epson-highendbeamer-300x200.jpg 300w\" sizes=\"(max-width: 577px) 100vw, 577px\" title=\"\">\t\t\t\t\t\t\t\t\t\t\t\t\t\t\t<\/div>\n\t\t\t\t<\/div>\n\t\t\t\t\t<\/div>\n\t\t\t\t<\/div>\n\t\t<div data-particle_enable=\"false\" data-particle-mobile-disabled=\"false\" class=\"elementor-element elementor-element-6752d393 e-grid e-con-boxed e-con e-parent\" data-id=\"6752d393\" data-element_type=\"container\">\n\t\t\t\t\t<div class=\"e-con-inner\">\n\t\t\t\t<div class=\"elementor-element elementor-element-21d763b1 elementor-widget elementor-widget-heading\" data-id=\"21d763b1\" data-element_type=\"widget\" data-settings=\"{&quot;_animation&quot;:&quot;none&quot;}\" data-widget_type=\"heading.default\">\n\t\t\t\t<div class=\"elementor-widget-container\">\n\t\t\t\t\t<h2 class=\"elementor-heading-title elementor-size-default\">SUPERE SU VISI\u00d3N<\/h2>\t\t\t\t<\/div>\n\t\t\t\t<\/div>\n\t\t\t\t<div class=\"elementor-element elementor-element-6bfa4a40 elementor-widget elementor-widget-image\" data-id=\"6bfa4a40\" data-element_type=\"widget\" data-widget_type=\"image.default\">\n\t\t\t\t<div class=\"elementor-widget-container\">\n\t\t\t\t\t\t\t\t\t\t\t\t\t\t\t<img decoding=\"async\" width=\"150\" height=\"150\" src=\"https:\/\/konferenztechnik.de\/wp-content\/uploads\/2016\/04\/logo-epson-150x150.jpg\" class=\"attachment-thumbnail size-thumbnail wp-image-6642\" alt=\"Logotipo Epson\" srcset=\"https:\/\/konferenztechnik.de\/wp-content\/uploads\/2016\/04\/logo-epson-150x150.jpg 150w, https:\/\/konferenztechnik.de\/wp-content\/uploads\/2016\/04\/logo-epson.jpg 250w\" sizes=\"(max-width: 150px) 100vw, 150px\" title=\"\">\t\t\t\t\t\t\t\t\t\t\t\t\t\t\t<\/div>\n\t\t\t\t<\/div>\n\t\t\t\t\t<\/div>\n\t\t\t\t<\/div>\n\t\t<div data-particle_enable=\"false\" data-particle-mobile-disabled=\"false\" class=\"elementor-element elementor-element-2694ebe1 e-flex e-con-boxed e-con e-parent\" data-id=\"2694ebe1\" data-element_type=\"container\">\n\t\t\t\t\t<div class=\"e-con-inner\">\n\t\t\t\t<div class=\"elementor-element elementor-element-1a305e30 elementor-widget elementor-widget-spacer\" data-id=\"1a305e30\" data-element_type=\"widget\" data-widget_type=\"spacer.default\">\n\t\t\t\t<div class=\"elementor-widget-container\">\n\t\t\t\t\t\t\t<div class=\"elementor-spacer\">\n\t\t\t<div class=\"elementor-spacer-inner\"><\/div>\n\t\t<\/div>\n\t\t\t\t\t\t<\/div>\n\t\t\t\t<\/div>\n\t\t\t\t\t<\/div>\n\t\t\t\t<\/div>\n\t\t<div data-particle_enable=\"false\" data-particle-mobile-disabled=\"false\" class=\"elementor-element elementor-element-4362f95f e-grid e-con-boxed e-con e-parent\" data-id=\"4362f95f\" data-element_type=\"container\">\n\t\t\t\t\t<div class=\"e-con-inner\">\n\t\t<div data-particle_enable=\"false\" data-particle-mobile-disabled=\"false\" class=\"elementor-element elementor-element-623832ec e-flex e-con-boxed e-con e-parent\" data-id=\"623832ec\" data-element_type=\"container\" data-settings=\"{&quot;background_background&quot;:&quot;classic&quot;}\">\n\t\t\t\t\t<div class=\"e-con-inner\">\n\t\t\t\t<div class=\"elementor-element elementor-element-2644d97 elementor-widget elementor-widget-image\" data-id=\"2644d97\" data-element_type=\"widget\" data-widget_type=\"image.default\">\n\t\t\t\t<div class=\"elementor-widget-container\">\n\t\t\t\t\t\t\t\t\t\t\t\t\t\t\t<img decoding=\"async\" width=\"424\" height=\"284\" src=\"https:\/\/konferenztechnik.de\/wp-content\/uploads\/2016\/09\/epson-projektoren.jpg\" class=\"attachment-large size-large wp-image-7899\" alt=\"\" srcset=\"https:\/\/konferenztechnik.de\/wp-content\/uploads\/2016\/09\/epson-projektoren.jpg 424w, https:\/\/konferenztechnik.de\/wp-content\/uploads\/2016\/09\/epson-projektoren-300x201.jpg 300w\" sizes=\"(max-width: 424px) 100vw, 424px\" title=\"\">\t\t\t\t\t\t\t\t\t\t\t\t\t\t\t<\/div>\n\t\t\t\t<\/div>\n\t\t\t\t<div class=\"elementor-element elementor-element-57b01dbf elementor-widget elementor-widget-heading\" data-id=\"57b01dbf\" data-element_type=\"widget\" data-settings=\"{&quot;_animation&quot;:&quot;none&quot;}\" data-widget_type=\"heading.default\">\n\t\t\t\t<div class=\"elementor-widget-container\">\n\t\t\t\t\t<h2 class=\"elementor-heading-title elementor-size-default\">Proyectores<\/h2>\t\t\t\t<\/div>\n\t\t\t\t<\/div>\n\t\t\t\t<div class=\"elementor-element elementor-element-1f6f5498 elementor-widget__width-inherit elementor-widget elementor-widget-text-editor\" data-id=\"1f6f5498\" data-element_type=\"widget\" data-widget_type=\"text-editor.default\">\n\t\t\t\t<div class=\"elementor-widget-container\">\n\t\t\t\t\t\t\t\t\t<p>Ultraport\u00e1til<br \/>Distancia ultracorta<br \/>Proyectores de corta distancia<br \/>Proyectores m\u00f3viles<br \/>Proyectores de instalaci\u00f3n<\/p>\t\t\t\t\t\t\t\t<\/div>\n\t\t\t\t<\/div>\n\t\t\t\t\t<\/div>\n\t\t\t\t<\/div>\n\t\t<div data-particle_enable=\"false\" data-particle-mobile-disabled=\"false\" class=\"elementor-element elementor-element-3b20312f e-flex e-con-boxed e-con e-parent\" data-id=\"3b20312f\" data-element_type=\"container\" data-settings=\"{&quot;background_background&quot;:&quot;classic&quot;}\">\n\t\t\t\t\t<div class=\"e-con-inner\">\n\t\t\t\t<div class=\"elementor-element elementor-element-6961c028 elementor-widget elementor-widget-image\" data-id=\"6961c028\" data-element_type=\"widget\" data-widget_type=\"image.default\">\n\t\t\t\t<div class=\"elementor-widget-container\">\n\t\t\t\t\t\t\t\t\t\t\t\t\t\t\t<img loading=\"lazy\" decoding=\"async\" width=\"424\" height=\"284\" src=\"https:\/\/konferenztechnik.de\/wp-content\/uploads\/2016\/09\/visualiser-dokumentenkamera.jpg\" class=\"attachment-large size-large wp-image-7900\" alt=\"\" srcset=\"https:\/\/konferenztechnik.de\/wp-content\/uploads\/2016\/09\/visualiser-dokumentenkamera.jpg 424w, https:\/\/konferenztechnik.de\/wp-content\/uploads\/2016\/09\/visualiser-dokumentenkamera-300x201.jpg 300w\" sizes=\"(max-width: 424px) 100vw, 424px\" title=\"\">\t\t\t\t\t\t\t\t\t\t\t\t\t\t\t<\/div>\n\t\t\t\t<\/div>\n\t\t\t\t<div class=\"elementor-element elementor-element-7b1841cb elementor-widget elementor-widget-heading\" data-id=\"7b1841cb\" data-element_type=\"widget\" data-settings=\"{&quot;_animation&quot;:&quot;none&quot;}\" data-widget_type=\"heading.default\">\n\t\t\t\t<div class=\"elementor-widget-container\">\n\t\t\t\t\t<h2 class=\"elementor-heading-title elementor-size-default\">Visualizador<\/h2>\t\t\t\t<\/div>\n\t\t\t\t<\/div>\n\t\t\t\t<div class=\"elementor-element elementor-element-3adb0f22 elementor-widget__width-inherit elementor-widget elementor-widget-text-editor\" data-id=\"3adb0f22\" data-element_type=\"widget\" data-widget_type=\"text-editor.default\">\n\t\t\t\t<div class=\"elementor-widget-container\">\n\t\t\t\t\t\t\t\t\t<p>ELPDC21<br \/>C\u00e1mara de documentos para im\u00e1genes y objetos en Full HD<\/p>\t\t\t\t\t\t\t\t<\/div>\n\t\t\t\t<\/div>\n\t\t\t\t\t<\/div>\n\t\t\t\t<\/div>\n\t\t<div data-particle_enable=\"false\" data-particle-mobile-disabled=\"false\" class=\"elementor-element elementor-element-55804925 e-flex e-con-boxed e-con e-parent\" data-id=\"55804925\" data-element_type=\"container\" data-settings=\"{&quot;background_background&quot;:&quot;classic&quot;}\">\n\t\t\t\t\t<div class=\"e-con-inner\">\n\t\t\t\t<div class=\"elementor-element elementor-element-58228 elementor-widget elementor-widget-image\" data-id=\"58228\" data-element_type=\"widget\" data-widget_type=\"image.default\">\n\t\t\t\t<div class=\"elementor-widget-container\">\n\t\t\t\t\t\t\t\t\t\t\t\t\t\t\t<img loading=\"lazy\" decoding=\"async\" width=\"424\" height=\"284\" src=\"https:\/\/konferenztechnik.de\/wp-content\/uploads\/2016\/09\/augmentedreality-brillen.jpg\" class=\"attachment-large size-large wp-image-7897\" alt=\"\" srcset=\"https:\/\/konferenztechnik.de\/wp-content\/uploads\/2016\/09\/augmentedreality-brillen.jpg 424w, https:\/\/konferenztechnik.de\/wp-content\/uploads\/2016\/09\/augmentedreality-brillen-300x201.jpg 300w\" sizes=\"(max-width: 424px) 100vw, 424px\" title=\"\">\t\t\t\t\t\t\t\t\t\t\t\t\t\t\t<\/div>\n\t\t\t\t<\/div>\n\t\t\t\t<div class=\"elementor-element elementor-element-3ef6cc46 elementor-widget elementor-widget-heading\" data-id=\"3ef6cc46\" data-element_type=\"widget\" data-settings=\"{&quot;_animation&quot;:&quot;none&quot;}\" data-widget_type=\"heading.default\">\n\t\t\t\t<div class=\"elementor-widget-container\">\n\t\t\t\t\t<h2 class=\"elementor-heading-title elementor-size-default\">Gafas multimedia<\/h2>\t\t\t\t<\/div>\n\t\t\t\t<\/div>\n\t\t\t\t<div class=\"elementor-element elementor-element-64c06388 elementor-widget__width-inherit elementor-widget elementor-widget-text-editor\" data-id=\"64c06388\" data-element_type=\"widget\" data-widget_type=\"text-editor.default\">\n\t\t\t\t<div class=\"elementor-widget-container\">\n\t\t\t\t\t\t\t\t\t<p>Gafas multimedia inteligentes semitransparentes,<br \/>Realidad Aumentada,<br \/>Contenidos HD y 3D<\/p>\t\t\t\t\t\t\t\t<\/div>\n\t\t\t\t<\/div>\n\t\t\t\t\t<\/div>\n\t\t\t\t<\/div>\n\t\t\t\t\t<\/div>\n\t\t\t\t<\/div>\n\t\t<div data-particle_enable=\"false\" data-particle-mobile-disabled=\"false\" class=\"elementor-element elementor-element-36832951 e-flex e-con-boxed e-con e-parent\" data-id=\"36832951\" data-element_type=\"container\">\n\t\t\t\t\t<div class=\"e-con-inner\">\n\t\t\t\t<div class=\"elementor-element elementor-element-f8432f2 elementor-widget elementor-widget-spacer\" data-id=\"f8432f2\" data-element_type=\"widget\" data-widget_type=\"spacer.default\">\n\t\t\t\t<div class=\"elementor-widget-container\">\n\t\t\t\t\t\t\t<div class=\"elementor-spacer\">\n\t\t\t<div class=\"elementor-spacer-inner\"><\/div>\n\t\t<\/div>\n\t\t\t\t\t\t<\/div>\n\t\t\t\t<\/div>\n\t\t\t\t<div class=\"elementor-element elementor-element-12099a83 elementor-widget__width-inherit elementor-widget elementor-widget-text-editor\" data-id=\"12099a83\" data-element_type=\"widget\" data-widget_type=\"text-editor.default\">\n\t\t\t\t<div class=\"elementor-widget-container\">\n\t\t\t\t\t\t\t\t\t<p>El proyector de corto alcance \"EB-530\" nos facilita mucho el trabajo. Resuelve muchas tareas de proyecci\u00f3n en salas de reuniones peque\u00f1as, ya que puede colocarse cerca de la superficie de proyecci\u00f3n para ahorrar espacio y ofrece im\u00e1genes excelentes.<\/p>\t\t\t\t\t\t\t\t<\/div>\n\t\t\t\t<\/div>\n\t\t\t\t\t<\/div>\n\t\t\t\t<\/div>\n\t\t<div data-particle_enable=\"false\" data-particle-mobile-disabled=\"false\" class=\"elementor-element elementor-element-43990fd2 e-flex e-con-boxed e-con e-parent\" data-id=\"43990fd2\" data-element_type=\"container\">\n\t\t\t\t\t<div class=\"e-con-inner\">\n\t\t\t\t<div class=\"elementor-element elementor-element-356d98e8 elementor-widget elementor-widget-shortcode\" data-id=\"356d98e8\" data-element_type=\"widget\" data-widget_type=\"shortcode.default\">\n\t\t\t\t<div class=\"elementor-widget-container\">\n\t\t\t\t\t\t\t<div class=\"elementor-shortcode\"><\/div>\n\t\t\t\t\t\t<\/div>\n\t\t\t\t<\/div>\n\t\t\t\t\t<\/div>\n\t\t\t\t<\/div>\n\t\t\t\t<\/div>","protected":false},"excerpt":{"rendered":"<p>Epson Epson geh\u00f6rt weltweit zu den gr\u00f6\u00dften Herstellern von Druckern, Scannern, digitalen Fotoapparaten, Personal Computern, Laptops und Projektoren. \u00a0 Epson bietet ein breites Spektrum an Projektoren. Insbesondere auch innovative Kurz- und Ultrakurzdistanzprojektoren. \u00a0 Als f\u00fchrendes Unternehmen bei der bildverarbeitenden Technologie bietet Epson aktuell die bahnbrechenden Multimedia-Brillen der Moverio-Serie, die mit integrierter Kamera, Gyroskop, GPS-System und [&hellip;]<\/p>","protected":false},"author":1,"featured_media":6642,"comment_status":"closed","ping_status":"closed","sticky":false,"template":"elementor_theme","format":"standard","meta":{"_acf_changed":false,"footnotes":""},"categories":[49],"tags":[64],"class_list":["post-6539","post","type-post","status-publish","format-standard","has-post-thumbnail","hentry","category-hersteller","tag-epson"],"acf":[],"_links":{"self":[{"href":"https:\/\/konferenztechnik.de\/es\/wp-json\/wp\/v2\/posts\/6539","targetHints":{"allow":["GET"]}}],"collection":[{"href":"https:\/\/konferenztechnik.de\/es\/wp-json\/wp\/v2\/posts"}],"about":[{"href":"https:\/\/konferenztechnik.de\/es\/wp-json\/wp\/v2\/types\/post"}],"author":[{"embeddable":true,"href":"https:\/\/konferenztechnik.de\/es\/wp-json\/wp\/v2\/users\/1"}],"replies":[{"embeddable":true,"href":"https:\/\/konferenztechnik.de\/es\/wp-json\/wp\/v2\/comments?post=6539"}],"version-history":[{"count":0,"href":"https:\/\/konferenztechnik.de\/es\/wp-json\/wp\/v2\/posts\/6539\/revisions"}],"wp:featuredmedia":[{"embeddable":true,"href":"https:\/\/konferenztechnik.de\/es\/wp-json\/wp\/v2\/media\/6642"}],"wp:attachment":[{"href":"https:\/\/konferenztechnik.de\/es\/wp-json\/wp\/v2\/media?parent=6539"}],"wp:term":[{"taxonomy":"category","embeddable":true,"href":"https:\/\/konferenztechnik.de\/es\/wp-json\/wp\/v2\/categories?post=6539"},{"taxonomy":"post_tag","embeddable":true,"href":"https:\/\/konferenztechnik.de\/es\/wp-json\/wp\/v2\/tags?post=6539"}],"curies":[{"name":"wp","href":"https:\/\/api.w.org\/{rel}","templated":true}]}}