{"id":6549,"date":"2016-04-15T14:04:20","date_gmt":"2016-04-15T13:04:20","guid":{"rendered":"https:\/\/konferenztechnik.de\/?page_id=6549"},"modified":"2023-06-26T10:36:52","modified_gmt":"2023-06-26T08:36:52","slug":"hombre-de-los-ninos","status":"publish","type":"post","link":"https:\/\/konferenztechnik.de\/es\/hombre-de-los-ninos\/","title":{"rendered":"Kindermann"},"content":{"rendered":"<div data-elementor-type=\"wp-post\" data-elementor-id=\"6549\" class=\"elementor elementor-6549\" data-elementor-post-type=\"post\">\n\t\t\t\t<div data-particle_enable=\"false\" data-particle-mobile-disabled=\"false\" class=\"elementor-element elementor-element-61ca6004 e-flex e-con-boxed e-con e-parent\" data-id=\"61ca6004\" data-element_type=\"container\">\n\t\t\t\t\t<div class=\"e-con-inner\">\n\t\t\t\t<div class=\"elementor-element elementor-element-5f3f73ac elementor-widget elementor-widget-heading\" data-id=\"5f3f73ac\" data-element_type=\"widget\" data-settings=\"{&quot;_animation&quot;:&quot;none&quot;}\" data-widget_type=\"heading.default\">\n\t\t\t\t<div class=\"elementor-widget-container\">\n\t\t\t\t\t<h2 class=\"elementor-heading-title elementor-size-default\">Kindermann<\/h2>\t\t\t\t<\/div>\n\t\t\t\t<\/div>\n\t\t\t\t\t<\/div>\n\t\t\t\t<\/div>\n\t\t<div data-particle_enable=\"false\" data-particle-mobile-disabled=\"false\" class=\"elementor-element elementor-element-71540ddc e-grid e-con-boxed e-con e-parent\" data-id=\"71540ddc\" data-element_type=\"container\">\n\t\t\t\t\t<div class=\"e-con-inner\">\n\t\t\t\t<div class=\"elementor-element elementor-element-250edc48 elementor-widget__width-inherit elementor-widget elementor-widget-text-editor\" data-id=\"250edc48\" data-element_type=\"widget\" data-widget_type=\"text-editor.default\">\n\t\t\t\t<div class=\"elementor-widget-container\">\n\t\t\t\t\t\t\t\t\t<p>Kindermann es un tradicional fabricante alem\u00e1n de l\u00e1mparas, proyectores y tecnolog\u00eda de proyecci\u00f3n. Se fund\u00f3 en 1861 como empresa familiar en Berl\u00edn.<\/p><p>\u00a0<\/p><p>En la actualidad, Kindermann ofrece una amplia gama de tecnolog\u00eda para presentaciones y conferencias que es una de las mayores de su clase en Europa.<br \/>PCS distribuye productos Kindermann que van desde proyectores hasta equipos completos para salas de conferencias. En particular, confiamos en los paneles de conexi\u00f3n profesionales. El panel de conexi\u00f3n flexible para la mesa \"CablePort desk\u00b2\" armoniza tecnolog\u00eda y dise\u00f1o y fue galardonado con el premio reddot en 2015. Las soluciones de instalaci\u00f3n HDBaseT son elegantes paneles de conexi\u00f3n de pared para bastidores de conmutaci\u00f3n est\u00e1ndar.<\/p>\t\t\t\t\t\t\t\t<\/div>\n\t\t\t\t<\/div>\n\t\t\t\t<div class=\"elementor-element elementor-element-772ad02e elementor-widget elementor-widget-image\" data-id=\"772ad02e\" data-element_type=\"widget\" data-widget_type=\"image.default\">\n\t\t\t\t<div class=\"elementor-widget-container\">\n\t\t\t\t\t\t\t\t\t\t\t\t\t\t\t<img fetchpriority=\"high\" decoding=\"async\" width=\"577\" height=\"385\" src=\"https:\/\/konferenztechnik.de\/wp-content\/uploads\/2016\/08\/kindermann-reddot.jpg\" class=\"attachment-full size-full wp-image-7498\" alt=\"\" srcset=\"https:\/\/konferenztechnik.de\/wp-content\/uploads\/2016\/08\/kindermann-reddot.jpg 577w, https:\/\/konferenztechnik.de\/wp-content\/uploads\/2016\/08\/kindermann-reddot-300x200.jpg 300w\" sizes=\"(max-width: 577px) 100vw, 577px\" title=\"\">\t\t\t\t\t\t\t\t\t\t\t\t\t\t\t<\/div>\n\t\t\t\t<\/div>\n\t\t\t\t\t<\/div>\n\t\t\t\t<\/div>\n\t\t<div data-particle_enable=\"false\" data-particle-mobile-disabled=\"false\" class=\"elementor-element elementor-element-73eb25f8 e-grid e-con-boxed e-con e-parent\" data-id=\"73eb25f8\" data-element_type=\"container\">\n\t\t\t\t\t<div class=\"e-con-inner\">\n\t\t\t\t<div class=\"elementor-element elementor-element-6b478863 elementor-widget elementor-widget-heading\" data-id=\"6b478863\" data-element_type=\"widget\" data-settings=\"{&quot;_animation&quot;:&quot;none&quot;}\" data-widget_type=\"heading.default\">\n\t\t\t\t<div class=\"elementor-widget-container\">\n\t\t\t\t\t<h2 class=\"elementor-heading-title elementor-size-default\">Kindermann, especialista en soluciones personalizadas y hol\u00edsticas<\/h2>\t\t\t\t<\/div>\n\t\t\t\t<\/div>\n\t\t\t\t<div class=\"elementor-element elementor-element-6c08148b elementor-widget elementor-widget-image\" data-id=\"6c08148b\" data-element_type=\"widget\" data-widget_type=\"image.default\">\n\t\t\t\t<div class=\"elementor-widget-container\">\n\t\t\t\t\t\t\t\t\t\t\t\t\t\t\t<img decoding=\"async\" width=\"150\" height=\"150\" src=\"https:\/\/konferenztechnik.de\/wp-content\/uploads\/2016\/04\/logo-kindermann-150x150.jpg\" class=\"attachment-thumbnail size-thumbnail wp-image-6637\" alt=\"Logotipo kindermann\" srcset=\"https:\/\/konferenztechnik.de\/wp-content\/uploads\/2016\/04\/logo-kindermann-150x150.jpg 150w, https:\/\/konferenztechnik.de\/wp-content\/uploads\/2016\/04\/logo-kindermann.jpg 250w\" sizes=\"(max-width: 150px) 100vw, 150px\" title=\"\">\t\t\t\t\t\t\t\t\t\t\t\t\t\t\t<\/div>\n\t\t\t\t<\/div>\n\t\t\t\t\t<\/div>\n\t\t\t\t<\/div>\n\t\t<div data-particle_enable=\"false\" data-particle-mobile-disabled=\"false\" class=\"elementor-element elementor-element-5abcaeab e-flex e-con-boxed e-con e-parent\" data-id=\"5abcaeab\" data-element_type=\"container\">\n\t\t\t\t\t<div class=\"e-con-inner\">\n\t\t\t\t<div class=\"elementor-element elementor-element-2af60a05 elementor-widget elementor-widget-spacer\" data-id=\"2af60a05\" data-element_type=\"widget\" data-widget_type=\"spacer.default\">\n\t\t\t\t<div class=\"elementor-widget-container\">\n\t\t\t\t\t\t\t<div class=\"elementor-spacer\">\n\t\t\t<div class=\"elementor-spacer-inner\"><\/div>\n\t\t<\/div>\n\t\t\t\t\t\t<\/div>\n\t\t\t\t<\/div>\n\t\t\t\t\t<\/div>\n\t\t\t\t<\/div>\n\t\t<div data-particle_enable=\"false\" data-particle-mobile-disabled=\"false\" class=\"elementor-element elementor-element-641b8b64 e-grid e-con-boxed e-con e-parent\" data-id=\"641b8b64\" data-element_type=\"container\">\n\t\t\t\t\t<div class=\"e-con-inner\">\n\t\t<div data-particle_enable=\"false\" data-particle-mobile-disabled=\"false\" class=\"elementor-element elementor-element-157a825b e-flex e-con-boxed e-con e-parent\" data-id=\"157a825b\" data-element_type=\"container\" data-settings=\"{&quot;background_background&quot;:&quot;classic&quot;}\">\n\t\t\t\t\t<div class=\"e-con-inner\">\n\t\t\t\t<div class=\"elementor-element elementor-element-10861d5f elementor-widget elementor-widget-image\" data-id=\"10861d5f\" data-element_type=\"widget\" data-widget_type=\"image.default\">\n\t\t\t\t<div class=\"elementor-widget-container\">\n\t\t\t\t\t\t\t\t\t\t\t\t\t\t\t<img decoding=\"async\" width=\"424\" height=\"284\" src=\"https:\/\/konferenztechnik.de\/wp-content\/uploads\/2016\/08\/kindermann-anschlussfeld.jpg\" class=\"attachment-large size-large wp-image-7493\" alt=\"\" srcset=\"https:\/\/konferenztechnik.de\/wp-content\/uploads\/2016\/08\/kindermann-anschlussfeld.jpg 424w, https:\/\/konferenztechnik.de\/wp-content\/uploads\/2016\/08\/kindermann-anschlussfeld-300x201.jpg 300w\" sizes=\"(max-width: 424px) 100vw, 424px\" title=\"\">\t\t\t\t\t\t\t\t\t\t\t\t\t\t\t<\/div>\n\t\t\t\t<\/div>\n\t\t\t\t<div class=\"elementor-element elementor-element-31264753 elementor-widget elementor-widget-heading\" data-id=\"31264753\" data-element_type=\"widget\" data-settings=\"{&quot;_animation&quot;:&quot;none&quot;}\" data-widget_type=\"heading.default\">\n\t\t\t\t<div class=\"elementor-widget-container\">\n\t\t\t\t\t<h2 class=\"elementor-heading-title elementor-size-default\">Paneles de conexi\u00f3n<\/h2>\t\t\t\t<\/div>\n\t\t\t\t<\/div>\n\t\t\t\t<div class=\"elementor-element elementor-element-43c27c0b elementor-widget__width-inherit elementor-widget elementor-widget-text-editor\" data-id=\"43c27c0b\" data-element_type=\"widget\" data-widget_type=\"text-editor.default\">\n\t\t\t\t<div class=\"elementor-widget-container\">\n\t\t\t\t\t\t\t\t\t<p>Paneles de conexi\u00f3n de sobremesa<br \/>Paneles de conexi\u00f3n a la pared<br \/>Dep\u00f3sitos de suelo<br \/>Bastidor modular de 19 pulgadas<\/p>\t\t\t\t\t\t\t\t<\/div>\n\t\t\t\t<\/div>\n\t\t\t\t\t<\/div>\n\t\t\t\t<\/div>\n\t\t<div data-particle_enable=\"false\" data-particle-mobile-disabled=\"false\" class=\"elementor-element elementor-element-6075fdd1 e-flex e-con-boxed e-con e-parent\" data-id=\"6075fdd1\" data-element_type=\"container\" data-settings=\"{&quot;background_background&quot;:&quot;classic&quot;}\">\n\t\t\t\t\t<div class=\"e-con-inner\">\n\t\t\t\t<div class=\"elementor-element elementor-element-12693b88 elementor-widget elementor-widget-image\" data-id=\"12693b88\" data-element_type=\"widget\" data-widget_type=\"image.default\">\n\t\t\t\t<div class=\"elementor-widget-container\">\n\t\t\t\t\t\t\t\t\t\t\t\t\t\t\t<img loading=\"lazy\" decoding=\"async\" width=\"424\" height=\"284\" src=\"https:\/\/konferenztechnik.de\/wp-content\/uploads\/2016\/08\/elektronische-Tuerschilder.jpg\" class=\"attachment-large size-large wp-image-7496\" alt=\"\" srcset=\"https:\/\/konferenztechnik.de\/wp-content\/uploads\/2016\/08\/elektronische-Tuerschilder.jpg 424w, https:\/\/konferenztechnik.de\/wp-content\/uploads\/2016\/08\/elektronische-Tuerschilder-300x201.jpg 300w\" sizes=\"(max-width: 424px) 100vw, 424px\" title=\"\">\t\t\t\t\t\t\t\t\t\t\t\t\t\t\t<\/div>\n\t\t\t\t<\/div>\n\t\t\t\t<div class=\"elementor-element elementor-element-3bb614a5 elementor-widget elementor-widget-heading\" data-id=\"3bb614a5\" data-element_type=\"widget\" data-settings=\"{&quot;_animation&quot;:&quot;none&quot;}\" data-widget_type=\"heading.default\">\n\t\t\t\t<div class=\"elementor-widget-container\">\n\t\t\t\t\t<h2 class=\"elementor-heading-title elementor-size-default\">Placas de puerta electr\u00f3nicas<\/h2>\t\t\t\t<\/div>\n\t\t\t\t<\/div>\n\t\t\t\t<div class=\"elementor-element elementor-element-41210246 elementor-widget__width-inherit elementor-widget elementor-widget-text-editor\" data-id=\"41210246\" data-element_type=\"widget\" data-widget_type=\"text-editor.default\">\n\t\t\t\t<div class=\"elementor-widget-container\">\n\t\t\t\t\t\t\t\t\t<p>Carteles electr\u00f3nicos para puertas con pantalla de papel electr\u00f3nico y marco frontal de acero inoxidable cepillado.<\/p>\t\t\t\t\t\t\t\t<\/div>\n\t\t\t\t<\/div>\n\t\t\t\t\t<\/div>\n\t\t\t\t<\/div>\n\t\t<div data-particle_enable=\"false\" data-particle-mobile-disabled=\"false\" class=\"elementor-element elementor-element-e4e5399 e-flex e-con-boxed e-con e-parent\" data-id=\"e4e5399\" data-element_type=\"container\" data-settings=\"{&quot;background_background&quot;:&quot;classic&quot;}\">\n\t\t\t\t\t<div class=\"e-con-inner\">\n\t\t\t\t<div class=\"elementor-element elementor-element-3cb40e6e elementor-widget elementor-widget-image\" data-id=\"3cb40e6e\" data-element_type=\"widget\" data-widget_type=\"image.default\">\n\t\t\t\t<div class=\"elementor-widget-container\">\n\t\t\t\t\t\t\t\t\t\t\t\t\t\t\t<img loading=\"lazy\" decoding=\"async\" width=\"424\" height=\"284\" src=\"https:\/\/konferenztechnik.de\/wp-content\/uploads\/2016\/08\/medienmoebel.jpg\" class=\"attachment-large size-large wp-image-7495\" alt=\"\" srcset=\"https:\/\/konferenztechnik.de\/wp-content\/uploads\/2016\/08\/medienmoebel.jpg 424w, https:\/\/konferenztechnik.de\/wp-content\/uploads\/2016\/08\/medienmoebel-300x201.jpg 300w\" sizes=\"(max-width: 424px) 100vw, 424px\" title=\"\">\t\t\t\t\t\t\t\t\t\t\t\t\t\t\t<\/div>\n\t\t\t\t<\/div>\n\t\t\t\t<div class=\"elementor-element elementor-element-7b2ca440 elementor-widget elementor-widget-heading\" data-id=\"7b2ca440\" data-element_type=\"widget\" data-settings=\"{&quot;_animation&quot;:&quot;none&quot;}\" data-widget_type=\"heading.default\">\n\t\t\t\t<div class=\"elementor-widget-container\">\n\t\t\t\t\t<h2 class=\"elementor-heading-title elementor-size-default\">Mobiliario multimedia<\/h2>\t\t\t\t<\/div>\n\t\t\t\t<\/div>\n\t\t\t\t<div class=\"elementor-element elementor-element-7486ba52 elementor-widget__width-inherit elementor-widget elementor-widget-text-editor\" data-id=\"7486ba52\" data-element_type=\"widget\" data-widget_type=\"text-editor.default\">\n\t\t\t\t<div class=\"elementor-widget-container\">\n\t\t\t\t\t\t\t\t\t<p>Carro de medios<br \/>Mesas multimedia<br \/>Atriles<br \/>Muebles de presentaci\u00f3n<\/p>\t\t\t\t\t\t\t\t<\/div>\n\t\t\t\t<\/div>\n\t\t\t\t\t<\/div>\n\t\t\t\t<\/div>\n\t\t\t\t\t<\/div>\n\t\t\t\t<\/div>\n\t\t<div data-particle_enable=\"false\" data-particle-mobile-disabled=\"false\" class=\"elementor-element elementor-element-469c9c e-flex e-con-boxed e-con e-parent\" data-id=\"469c9c\" data-element_type=\"container\">\n\t\t\t\t\t<div class=\"e-con-inner\">\n\t\t\t\t<div class=\"elementor-element elementor-element-5ec536dc elementor-widget elementor-widget-spacer\" data-id=\"5ec536dc\" data-element_type=\"widget\" data-widget_type=\"spacer.default\">\n\t\t\t\t<div class=\"elementor-widget-container\">\n\t\t\t\t\t\t\t<div class=\"elementor-spacer\">\n\t\t\t<div class=\"elementor-spacer-inner\"><\/div>\n\t\t<\/div>\n\t\t\t\t\t\t<\/div>\n\t\t\t\t<\/div>\n\t\t\t\t<div class=\"elementor-element elementor-element-32881f29 elementor-widget__width-inherit elementor-widget elementor-widget-text-editor\" data-id=\"32881f29\" data-element_type=\"widget\" data-widget_type=\"text-editor.default\">\n\t\t\t\t<div class=\"elementor-widget-container\">\n\t\t\t\t\t\t\t\t\t<p>Kindermann nos ofrece una gama completa de tecnolog\u00eda para presentaciones y conferencias. Aqu\u00ed encontramos soluciones indispensables e innovadoras, especialmente para la instalaci\u00f3n de salas de reuniones y conferencias.<\/p>\t\t\t\t\t\t\t\t<\/div>\n\t\t\t\t<\/div>\n\t\t\t\t\t<\/div>\n\t\t\t\t<\/div>\n\t\t<div data-particle_enable=\"false\" data-particle-mobile-disabled=\"false\" class=\"elementor-element elementor-element-14593bee e-flex e-con-boxed e-con e-parent\" data-id=\"14593bee\" data-element_type=\"container\">\n\t\t\t\t\t<div class=\"e-con-inner\">\n\t\t\t\t<div class=\"elementor-element elementor-element-3f37be59 elementor-widget elementor-widget-shortcode\" data-id=\"3f37be59\" data-element_type=\"widget\" data-widget_type=\"shortcode.default\">\n\t\t\t\t<div class=\"elementor-widget-container\">\n\t\t\t\t\t\t\t<div class=\"elementor-shortcode\"><\/div>\n\t\t\t\t\t\t<\/div>\n\t\t\t\t<\/div>\n\t\t\t\t\t<\/div>\n\t\t\t\t<\/div>\n\t\t\t\t<\/div>","protected":false},"excerpt":{"rendered":"<p>Kindermann Kindermann ist ein deutscher Traditionshersteller von Leuchtmitteln, Beamern und Projektionstechnik. Er wurde 1861 als Familienunternehmen in Berlin gegr\u00fcndet. \u00a0 Heute bietet Kindermann ein umfangreiches Sortiment von Pr\u00e4sentations- und Konferenztechnik, das zu den gr\u00f6\u00dften seiner Art in ganz Europa z\u00e4hlt.PCS vertreibt Kindermann vom Projektor bis zur kompletten Konferenzraumausstattung. Insbesondere greifen wir auf die professionellen Anschlussfelder [&hellip;]<\/p>","protected":false},"author":1,"featured_media":6637,"comment_status":"closed","ping_status":"closed","sticky":false,"template":"elementor_theme","format":"standard","meta":{"_acf_changed":false,"footnotes":""},"categories":[49],"tags":[75],"class_list":["post-6549","post","type-post","status-publish","format-standard","has-post-thumbnail","hentry","category-hersteller","tag-kindermann"],"acf":[],"_links":{"self":[{"href":"https:\/\/konferenztechnik.de\/es\/wp-json\/wp\/v2\/posts\/6549","targetHints":{"allow":["GET"]}}],"collection":[{"href":"https:\/\/konferenztechnik.de\/es\/wp-json\/wp\/v2\/posts"}],"about":[{"href":"https:\/\/konferenztechnik.de\/es\/wp-json\/wp\/v2\/types\/post"}],"author":[{"embeddable":true,"href":"https:\/\/konferenztechnik.de\/es\/wp-json\/wp\/v2\/users\/1"}],"replies":[{"embeddable":true,"href":"https:\/\/konferenztechnik.de\/es\/wp-json\/wp\/v2\/comments?post=6549"}],"version-history":[{"count":0,"href":"https:\/\/konferenztechnik.de\/es\/wp-json\/wp\/v2\/posts\/6549\/revisions"}],"wp:featuredmedia":[{"embeddable":true,"href":"https:\/\/konferenztechnik.de\/es\/wp-json\/wp\/v2\/media\/6637"}],"wp:attachment":[{"href":"https:\/\/konferenztechnik.de\/es\/wp-json\/wp\/v2\/media?parent=6549"}],"wp:term":[{"taxonomy":"category","embeddable":true,"href":"https:\/\/konferenztechnik.de\/es\/wp-json\/wp\/v2\/categories?post=6549"},{"taxonomy":"post_tag","embeddable":true,"href":"https:\/\/konferenztechnik.de\/es\/wp-json\/wp\/v2\/tags?post=6549"}],"curies":[{"name":"wp","href":"https:\/\/api.w.org\/{rel}","templated":true}]}}