{"id":12581,"date":"2018-02-07T11:26:14","date_gmt":"2018-02-07T10:26:14","guid":{"rendered":"https:\/\/www.konferenztechnik.de\/?page_id=12581"},"modified":"2023-09-01T09:52:43","modified_gmt":"2023-09-01T07:52:43","slug":"bosch-dicentis","status":"publish","type":"post","link":"https:\/\/konferenztechnik.de\/fr\/bosch-dicentis\/","title":{"rendered":"Bosch Dicentis"},"content":{"rendered":"<div data-elementor-type=\"wp-page\" data-elementor-id=\"12581\" class=\"elementor elementor-12581\" data-elementor-post-type=\"post\">\n\t\t\t\t<div data-particle_enable=\"false\" data-particle-mobile-disabled=\"false\" class=\"elementor-element elementor-element-deba132 e-flex e-con-boxed e-con e-parent\" data-id=\"deba132\" data-element_type=\"container\">\n\t\t\t\t\t<div class=\"e-con-inner\">\n\t\t\t\t<div class=\"elementor-element elementor-element-a9decc8 elementor-widget elementor-widget-heading\" data-id=\"a9decc8\" data-element_type=\"widget\" data-settings=\"{&quot;_animation&quot;:&quot;none&quot;}\" data-widget_type=\"heading.default\">\n\t\t\t\t<div class=\"elementor-widget-container\">\n\t\t\t\t\t<h2 class=\"elementor-heading-title elementor-size-default\">Bosch Dicentis \u2013 nouveau \u00e0 l'ISE 2018<\/h2>\t\t\t\t<\/div>\n\t\t\t\t<\/div>\n\t\t\t\t<div class=\"elementor-element elementor-element-6c49b63 elementor-widget elementor-widget-image\" data-id=\"6c49b63\" data-element_type=\"widget\" data-widget_type=\"image.default\">\n\t\t\t\t<div class=\"elementor-widget-container\">\n\t\t\t\t\t\t\t\t\t\t\t\t\t\t\t<img fetchpriority=\"high\" decoding=\"async\" width=\"800\" height=\"500\" src=\"https:\/\/konferenztechnik.de\/wp-content\/uploads\/2018\/02\/bosch-dicentis-ise2018-1024x640.jpg\" class=\"attachment-large size-large wp-image-12582\" alt=\"bosch dicentis au salon ise 2018\" srcset=\"https:\/\/konferenztechnik.de\/wp-content\/uploads\/2018\/02\/bosch-dicentis-ise2018-1024x640.jpg 1024w, https:\/\/konferenztechnik.de\/wp-content\/uploads\/2018\/02\/bosch-dicentis-ise2018-300x188.jpg 300w, https:\/\/konferenztechnik.de\/wp-content\/uploads\/2018\/02\/bosch-dicentis-ise2018-768x480.jpg 768w, https:\/\/konferenztechnik.de\/wp-content\/uploads\/2018\/02\/bosch-dicentis-ise2018.jpg 1200w\" sizes=\"(max-width: 800px) 100vw, 800px\" title=\"\">\t\t\t\t\t\t\t\t\t\t\t\t\t\t\t<\/div>\n\t\t\t\t<\/div>\n\t\t\t\t<div class=\"elementor-element elementor-element-79922d7 elementor-widget elementor-widget-text-editor\" data-id=\"79922d7\" data-element_type=\"widget\" data-widget_type=\"text-editor.default\">\n\t\t\t\t<div class=\"elementor-widget-container\">\n\t\t\t\t\t\t\t\t\t<p>Publi\u00e9 : 04.02.2018<\/p>\t\t\t\t\t\t\t\t<\/div>\n\t\t\t\t<\/div>\n\t\t\t\t\t<\/div>\n\t\t\t\t<\/div>\n\t\t<div data-particle_enable=\"false\" data-particle-mobile-disabled=\"false\" class=\"elementor-element elementor-element-c370305 e-flex e-con-boxed e-con e-parent\" data-id=\"c370305\" data-element_type=\"container\">\n\t\t\t\t\t<div class=\"e-con-inner\">\n\t\t\t\t<div class=\"elementor-element elementor-element-fae723e elementor-widget elementor-widget-heading\" data-id=\"fae723e\" data-element_type=\"widget\" data-settings=\"{&quot;_animation&quot;:&quot;none&quot;}\" data-widget_type=\"heading.default\">\n\t\t\t\t<div class=\"elementor-widget-container\">\n\t\t\t\t\t<h2 class=\"elementor-heading-title elementor-size-default\">Syst\u00e8me de conf\u00e9rence Bosch DICENTIS<\/h2>\t\t\t\t<\/div>\n\t\t\t\t<\/div>\n\t\t\t\t<div class=\"elementor-element elementor-element-6065d6b elementor-widget elementor-widget-image\" data-id=\"6065d6b\" data-element_type=\"widget\" data-widget_type=\"image.default\">\n\t\t\t\t<div class=\"elementor-widget-container\">\n\t\t\t\t\t\t\t\t\t\t\t\t\t\t\t<img decoding=\"async\" width=\"800\" height=\"500\" src=\"https:\/\/konferenztechnik.de\/wp-content\/uploads\/2018\/02\/bosch-idesk-neu-1024x640.jpg\" class=\"attachment-large size-large wp-image-12585\" alt=\"\" srcset=\"https:\/\/konferenztechnik.de\/wp-content\/uploads\/2018\/02\/bosch-idesk-neu-1024x640.jpg 1024w, https:\/\/konferenztechnik.de\/wp-content\/uploads\/2018\/02\/bosch-idesk-neu-300x188.jpg 300w, https:\/\/konferenztechnik.de\/wp-content\/uploads\/2018\/02\/bosch-idesk-neu-768x480.jpg 768w, https:\/\/konferenztechnik.de\/wp-content\/uploads\/2018\/02\/bosch-idesk-neu.jpg 1200w\" sizes=\"(max-width: 800px) 100vw, 800px\" title=\"\">\t\t\t\t\t\t\t\t\t\t\t\t\t\t\t<\/div>\n\t\t\t\t<\/div>\n\t\t\t\t<div class=\"elementor-element elementor-element-939b1a1 elementor-widget elementor-widget-text-editor\" data-id=\"939b1a1\" data-element_type=\"widget\" data-widget_type=\"text-editor.default\">\n\t\t\t\t<div class=\"elementor-widget-container\">\n\t\t\t\t\t\t\t\t\t<p>Le syst\u00e8me de conf\u00e9rence DICENTIS, qui conna\u00eet un grand succ\u00e8s, est \u00e9tendu et optimis\u00e9 pour r\u00e9pondre aux besoins actuels.<\/p>\t\t\t\t\t\t\t\t<\/div>\n\t\t\t\t<\/div>\n\t\t\t\t\t<\/div>\n\t\t\t\t<\/div>\n\t\t<div data-particle_enable=\"false\" data-particle-mobile-disabled=\"false\" class=\"elementor-element elementor-element-3ebab13 e-flex e-con-boxed e-con e-parent\" data-id=\"3ebab13\" data-element_type=\"container\">\n\t\t\t\t\t<div class=\"e-con-inner\">\n\t\t\t\t<div class=\"elementor-element elementor-element-f2e3340 elementor-widget elementor-widget-heading\" data-id=\"f2e3340\" data-element_type=\"widget\" data-settings=\"{&quot;_animation&quot;:&quot;none&quot;}\" data-widget_type=\"heading.default\">\n\t\t\t\t<div class=\"elementor-widget-container\">\n\t\t\t\t\t<h2 class=\"elementor-heading-title elementor-size-default\">Le nouveau Bosch DICENTIS Interpreter Desk<\/h2>\t\t\t\t<\/div>\n\t\t\t\t<\/div>\n\t\t\t\t<div class=\"elementor-element elementor-element-35c8c5f elementor-widget elementor-widget-image\" data-id=\"35c8c5f\" data-element_type=\"widget\" data-widget_type=\"image.default\">\n\t\t\t\t<div class=\"elementor-widget-container\">\n\t\t\t\t\t\t\t\t\t\t\t\t\t\t\t<img decoding=\"async\" width=\"800\" height=\"500\" src=\"https:\/\/konferenztechnik.de\/wp-content\/uploads\/2018\/02\/idesk-neu-dolmetscherpult-1024x640.jpg\" class=\"attachment-large size-large wp-image-12587\" alt=\"\" srcset=\"https:\/\/konferenztechnik.de\/wp-content\/uploads\/2018\/02\/idesk-neu-dolmetscherpult-1024x640.jpg 1024w, https:\/\/konferenztechnik.de\/wp-content\/uploads\/2018\/02\/idesk-neu-dolmetscherpult-300x188.jpg 300w, https:\/\/konferenztechnik.de\/wp-content\/uploads\/2018\/02\/idesk-neu-dolmetscherpult-768x480.jpg 768w, https:\/\/konferenztechnik.de\/wp-content\/uploads\/2018\/02\/idesk-neu-dolmetscherpult.jpg 1200w\" sizes=\"(max-width: 800px) 100vw, 800px\" title=\"\">\t\t\t\t\t\t\t\t\t\t\t\t\t\t\t<\/div>\n\t\t\t\t<\/div>\n\t\t\t\t<div class=\"elementor-element elementor-element-707d156 elementor-widget elementor-widget-text-editor\" data-id=\"707d156\" data-element_type=\"widget\" data-widget_type=\"text-editor.default\">\n\t\t\t\t<div class=\"elementor-widget-container\">\n\t\t\t\t\t\t\t\t\t<p>Le pupitre d'interpr\u00e9tation bas\u00e9 sur IP offre une flexibilit\u00e9 et une utilisation intuitive.<\/p>\t\t\t\t\t\t\t\t<\/div>\n\t\t\t\t<\/div>\n\t\t\t\t\t<\/div>\n\t\t\t\t<\/div>\n\t\t<div data-particle_enable=\"false\" data-particle-mobile-disabled=\"false\" class=\"elementor-element elementor-element-3bcc71c e-flex e-con-boxed e-con e-parent\" data-id=\"3bcc71c\" data-element_type=\"container\">\n\t\t\t\t\t<div class=\"e-con-inner\">\n\t\t\t\t<div class=\"elementor-element elementor-element-6e3d20d elementor-widget elementor-widget-heading\" data-id=\"6e3d20d\" data-element_type=\"widget\" data-settings=\"{&quot;_animation&quot;:&quot;none&quot;}\" data-widget_type=\"heading.default\">\n\t\t\t\t<div class=\"elementor-widget-container\">\n\t\t\t\t\t<h2 class=\"elementor-heading-title elementor-size-default\">Bosch IDESK 2018<\/h2>\t\t\t\t<\/div>\n\t\t\t\t<\/div>\n\t\t\t\t<div class=\"elementor-element elementor-element-1fe5d69 elementor-widget elementor-widget-image\" data-id=\"1fe5d69\" data-element_type=\"widget\" data-widget_type=\"image.default\">\n\t\t\t\t<div class=\"elementor-widget-container\">\n\t\t\t\t\t\t\t\t\t\t\t\t\t\t\t<img loading=\"lazy\" decoding=\"async\" width=\"800\" height=\"500\" src=\"https:\/\/konferenztechnik.de\/wp-content\/uploads\/2018\/02\/I-DESK-VID-Dolmetschpult-1024x640.jpg\" class=\"attachment-large size-large wp-image-12781\" alt=\"I-DESK-VID-Pupitre d&#039;interpr\u00e9tation\" srcset=\"https:\/\/konferenztechnik.de\/wp-content\/uploads\/2018\/02\/I-DESK-VID-Dolmetschpult-1024x640.jpg 1024w, https:\/\/konferenztechnik.de\/wp-content\/uploads\/2018\/02\/I-DESK-VID-Dolmetschpult-300x188.jpg 300w, https:\/\/konferenztechnik.de\/wp-content\/uploads\/2018\/02\/I-DESK-VID-Dolmetschpult-768x480.jpg 768w, https:\/\/konferenztechnik.de\/wp-content\/uploads\/2018\/02\/I-DESK-VID-Dolmetschpult.jpg 1200w\" sizes=\"(max-width: 800px) 100vw, 800px\" title=\"\">\t\t\t\t\t\t\t\t\t\t\t\t\t\t\t<\/div>\n\t\t\t\t<\/div>\n\t\t\t\t<div class=\"elementor-element elementor-element-f1fe410 elementor-widget elementor-widget-text-editor\" data-id=\"f1fe410\" data-element_type=\"widget\" data-widget_type=\"text-editor.default\">\n\t\t\t\t<div class=\"elementor-widget-container\">\n\t\t\t\t\t\t\t\t\t<p>Voil\u00e0 \u00e0 quoi ressemble le bonheur de nos professionnels de la location et de ceux de la vente.<\/p>\t\t\t\t\t\t\t\t<\/div>\n\t\t\t\t<\/div>\n\t\t\t\t\t<\/div>\n\t\t\t\t<\/div>\n\t\t<div data-particle_enable=\"false\" data-particle-mobile-disabled=\"false\" class=\"elementor-element elementor-element-569d21f e-flex e-con-boxed e-con e-parent\" data-id=\"569d21f\" data-element_type=\"container\">\n\t\t\t\t\t<div class=\"e-con-inner\">\n\t\t\t\t<div class=\"elementor-element elementor-element-fcf392b elementor-widget elementor-widget-heading\" data-id=\"fcf392b\" data-element_type=\"widget\" data-settings=\"{&quot;_animation&quot;:&quot;none&quot;}\" data-widget_type=\"heading.default\">\n\t\t\t\t<div class=\"elementor-widget-container\">\n\t\t\t\t\t<h2 class=\"elementor-heading-title elementor-size-default\">Bosch IDESK-VID<\/h2>\t\t\t\t<\/div>\n\t\t\t\t<\/div>\n\t\t\t\t<div class=\"elementor-element elementor-element-2e60e10 elementor-widget elementor-widget-image\" data-id=\"2e60e10\" data-element_type=\"widget\" data-widget_type=\"image.default\">\n\t\t\t\t<div class=\"elementor-widget-container\">\n\t\t\t\t\t\t\t\t\t\t\t\t\t\t\t<img loading=\"lazy\" decoding=\"async\" width=\"800\" height=\"500\" src=\"https:\/\/konferenztechnik.de\/wp-content\/uploads\/2018\/02\/bosch-dicentis-wireless-1024x640.jpg\" class=\"attachment-large size-large wp-image-12599\" alt=\"bosch-dicentis-wireless\" srcset=\"https:\/\/konferenztechnik.de\/wp-content\/uploads\/2018\/02\/bosch-dicentis-wireless-1024x640.jpg 1024w, https:\/\/konferenztechnik.de\/wp-content\/uploads\/2018\/02\/bosch-dicentis-wireless-300x188.jpg 300w, https:\/\/konferenztechnik.de\/wp-content\/uploads\/2018\/02\/bosch-dicentis-wireless-768x480.jpg 768w, https:\/\/konferenztechnik.de\/wp-content\/uploads\/2018\/02\/bosch-dicentis-wireless.jpg 1200w\" sizes=\"(max-width: 800px) 100vw, 800px\" title=\"\">\t\t\t\t\t\t\t\t\t\t\t\t\t\t\t<\/div>\n\t\t\t\t<\/div>\n\t\t\t\t<div class=\"elementor-element elementor-element-61bfa76 elementor-widget elementor-widget-text-editor\" data-id=\"61bfa76\" data-element_type=\"widget\" data-widget_type=\"text-editor.default\">\n\t\t\t\t<div class=\"elementor-widget-container\">\n\t\t\t\t\t\t\t\t\t<p>Le pupitre d'interpr\u00e9tation dans sa variante IDEKS-VID avec sortie HDMI pour l'image de la cam\u00e9ra et les pr\u00e9sentations.<\/p>\t\t\t\t\t\t\t\t<\/div>\n\t\t\t\t<\/div>\n\t\t\t\t\t<\/div>\n\t\t\t\t<\/div>\n\t\t<div data-particle_enable=\"false\" data-particle-mobile-disabled=\"false\" class=\"elementor-element elementor-element-418662d e-flex e-con-boxed e-con e-parent\" data-id=\"418662d\" data-element_type=\"container\">\n\t\t\t\t\t<div class=\"e-con-inner\">\n\t\t\t\t<div class=\"elementor-element elementor-element-8441c7e elementor-widget elementor-widget-heading\" data-id=\"8441c7e\" data-element_type=\"widget\" data-settings=\"{&quot;_animation&quot;:&quot;none&quot;}\" data-widget_type=\"heading.default\">\n\t\t\t\t<div class=\"elementor-widget-container\">\n\t\t\t\t\t<h2 class=\"elementor-heading-title elementor-size-default\">Bosch Dicentis sans fil (DCNM-WD et DCNM-WDE)<\/h2>\t\t\t\t<\/div>\n\t\t\t\t<\/div>\n\t\t\t\t<div class=\"elementor-element elementor-element-18cd6fb elementor-widget elementor-widget-image\" data-id=\"18cd6fb\" data-element_type=\"widget\" data-widget_type=\"image.default\">\n\t\t\t\t<div class=\"elementor-widget-container\">\n\t\t\t\t\t\t\t\t\t\t\t\t\t\t\t<img loading=\"lazy\" decoding=\"async\" width=\"800\" height=\"500\" src=\"https:\/\/konferenztechnik.de\/wp-content\/uploads\/2018\/02\/bosch-dicentis-nfcreader-1024x640.jpg\" class=\"attachment-large size-large wp-image-12617\" alt=\"\" srcset=\"https:\/\/konferenztechnik.de\/wp-content\/uploads\/2018\/02\/bosch-dicentis-nfcreader-1024x640.jpg 1024w, https:\/\/konferenztechnik.de\/wp-content\/uploads\/2018\/02\/bosch-dicentis-nfcreader-300x188.jpg 300w, https:\/\/konferenztechnik.de\/wp-content\/uploads\/2018\/02\/bosch-dicentis-nfcreader-768x480.jpg 768w, https:\/\/konferenztechnik.de\/wp-content\/uploads\/2018\/02\/bosch-dicentis-nfcreader.jpg 1200w\" sizes=\"(max-width: 800px) 100vw, 800px\" title=\"\">\t\t\t\t\t\t\t\t\t\t\t\t\t\t\t<\/div>\n\t\t\t\t<\/div>\n\t\t\t\t<div class=\"elementor-element elementor-element-25486b7 elementor-widget elementor-widget-text-editor\" data-id=\"25486b7\" data-element_type=\"widget\" data-widget_type=\"text-editor.default\">\n\t\t\t\t<div class=\"elementor-widget-container\">\n\t\t\t\t\t\t\t\t\t<p>Le syst\u00e8me de conf\u00e9rence sans fil est bas\u00e9 sur la technologie WLAN standard et utilise \u00e0 cet effet des normes de cryptage reconnues pour les fichiers audio et de donn\u00e9es. Le syst\u00e8me de conf\u00e9rence offre une s\u00e9curit\u00e9 d'\u00e9coute et une protection contre l'acc\u00e8s non autoris\u00e9 et la manipulation des donn\u00e9es.<\/p><p>\u00a0<\/p><p>Bosch Dicentis Built-in NFC-Reader : Quel client est assis devant l'appareil ? Bosch le d\u00e9couvre \"automatiquement\", sans contact ni effort.<\/p>\t\t\t\t\t\t\t\t<\/div>\n\t\t\t\t<\/div>\n\t\t\t\t\t<\/div>\n\t\t\t\t<\/div>\n\t\t<div data-particle_enable=\"false\" data-particle-mobile-disabled=\"false\" class=\"elementor-element elementor-element-947faad e-flex e-con-boxed e-con e-parent\" data-id=\"947faad\" data-element_type=\"container\">\n\t\t\t\t\t<div class=\"e-con-inner\">\n\t\t\t\t<div class=\"elementor-element elementor-element-35d5f57 elementor-widget elementor-widget-heading\" data-id=\"35d5f57\" data-element_type=\"widget\" data-settings=\"{&quot;_animation&quot;:&quot;none&quot;}\" data-widget_type=\"heading.default\">\n\t\t\t\t<div class=\"elementor-widget-container\">\n\t\t\t\t\t<h2 class=\"elementor-heading-title elementor-size-default\">Custom Bosch Dicentis Multim\u00e9dia 10 pouces\n<\/h2>\t\t\t\t<\/div>\n\t\t\t\t<\/div>\n\t\t\t\t<div class=\"elementor-element elementor-element-5dda91f elementor-widget elementor-widget-image\" data-id=\"5dda91f\" data-element_type=\"widget\" data-widget_type=\"image.default\">\n\t\t\t\t<div class=\"elementor-widget-container\">\n\t\t\t\t\t\t\t\t\t\t\t\t\t\t\t<img loading=\"lazy\" decoding=\"async\" width=\"800\" height=\"500\" src=\"https:\/\/konferenztechnik.de\/wp-content\/uploads\/2018\/02\/bosch-dicentis-custom-1024x640.jpg\" class=\"attachment-large size-large wp-image-12620\" alt=\"\" srcset=\"https:\/\/konferenztechnik.de\/wp-content\/uploads\/2018\/02\/bosch-dicentis-custom-1024x640.jpg 1024w, https:\/\/konferenztechnik.de\/wp-content\/uploads\/2018\/02\/bosch-dicentis-custom-300x188.jpg 300w, https:\/\/konferenztechnik.de\/wp-content\/uploads\/2018\/02\/bosch-dicentis-custom-768x480.jpg 768w, https:\/\/konferenztechnik.de\/wp-content\/uploads\/2018\/02\/bosch-dicentis-custom.jpg 1200w\" sizes=\"(max-width: 800px) 100vw, 800px\" title=\"\">\t\t\t\t\t\t\t\t\t\t\t\t\t\t\t<\/div>\n\t\t\t\t<\/div>\n\t\t\t\t<div class=\"elementor-element elementor-element-c27d075 elementor-widget elementor-widget-text-editor\" data-id=\"c27d075\" data-element_type=\"widget\" data-widget_type=\"text-editor.default\">\n\t\t\t\t<div class=\"elementor-widget-container\">\n\t\t\t\t\t\t\t\t\t<p><span style=\"font-size: 14px;\">Les exigences en mati\u00e8re de flexibilit\u00e9 lors de l'installation et de l'int\u00e9gration de syst\u00e8mes de conf\u00e9rence augmentent. Des modules logiciels personnalis\u00e9s et flexibles doivent assurer la p\u00e9rennit\u00e9.<\/span><\/p>\t\t\t\t\t\t\t\t<\/div>\n\t\t\t\t<\/div>\n\t\t\t\t\t<\/div>\n\t\t\t\t<\/div>\n\t\t\t\t<\/div>","protected":false},"excerpt":{"rendered":"<p>Le syst\u00e8me de conf\u00e9rence DICENTIS, qui conna\u00eet un grand succ\u00e8s, est \u00e9tendu et optimis\u00e9 pour r\u00e9pondre aux besoins actuels.<\/p>","protected":false},"author":1,"featured_media":41581,"comment_status":"closed","ping_status":"closed","sticky":false,"template":"","format":"standard","meta":{"_acf_changed":false,"footnotes":""},"categories":[2],"tags":[],"class_list":["post-12581","post","type-post","status-publish","format-standard","has-post-thumbnail","hentry","category-news"],"acf":[],"_links":{"self":[{"href":"https:\/\/konferenztechnik.de\/fr\/wp-json\/wp\/v2\/posts\/12581","targetHints":{"allow":["GET"]}}],"collection":[{"href":"https:\/\/konferenztechnik.de\/fr\/wp-json\/wp\/v2\/posts"}],"about":[{"href":"https:\/\/konferenztechnik.de\/fr\/wp-json\/wp\/v2\/types\/post"}],"author":[{"embeddable":true,"href":"https:\/\/konferenztechnik.de\/fr\/wp-json\/wp\/v2\/users\/1"}],"replies":[{"embeddable":true,"href":"https:\/\/konferenztechnik.de\/fr\/wp-json\/wp\/v2\/comments?post=12581"}],"version-history":[{"count":0,"href":"https:\/\/konferenztechnik.de\/fr\/wp-json\/wp\/v2\/posts\/12581\/revisions"}],"wp:featuredmedia":[{"embeddable":true,"href":"https:\/\/konferenztechnik.de\/fr\/wp-json\/wp\/v2\/media\/41581"}],"wp:attachment":[{"href":"https:\/\/konferenztechnik.de\/fr\/wp-json\/wp\/v2\/media?parent=12581"}],"wp:term":[{"taxonomy":"category","embeddable":true,"href":"https:\/\/konferenztechnik.de\/fr\/wp-json\/wp\/v2\/categories?post=12581"},{"taxonomy":"post_tag","embeddable":true,"href":"https:\/\/konferenztechnik.de\/fr\/wp-json\/wp\/v2\/tags?post=12581"}],"curies":[{"name":"wp","href":"https:\/\/api.w.org\/{rel}","templated":true}]}}