{"id":21608,"date":"2023-03-11T16:32:53","date_gmt":"2023-03-11T15:32:53","guid":{"rendered":"http:\/\/dev.konferenztechnik.de\/?p=21608"},"modified":"2023-10-11T10:59:47","modified_gmt":"2023-10-11T08:59:47","slug":"mise-a-niveau-de-la-salle-de-conference-creer-des-conditions-ideales-pour-les-videoconferences","status":"publish","type":"post","link":"https:\/\/konferenztechnik.de\/fr\/mise-a-niveau-de-la-salle-de-conference-creer-des-conditions-ideales-pour-les-videoconferences\/","title":{"rendered":"Mise \u00e0 niveau de la salle de conf\u00e9rence : salle de conf\u00e9rence hybride"},"content":{"rendered":"<div data-elementor-type=\"wp-post\" data-elementor-id=\"21608\" class=\"elementor elementor-21608\" data-elementor-post-type=\"post\">\n\t\t\t\t<div data-particle_enable=\"false\" data-particle-mobile-disabled=\"false\" class=\"elementor-element elementor-element-fb059be e-flex e-con-boxed e-con e-parent\" data-id=\"fb059be\" data-element_type=\"container\">\n\t\t\t\t\t<div class=\"e-con-inner\">\n\t\t\t\t<div class=\"elementor-element elementor-element-1868fb7e elementor-widget elementor-widget-text-editor\" data-id=\"1868fb7e\" data-element_type=\"widget\" data-widget_type=\"text-editor.default\">\n\t\t\t\t<div class=\"elementor-widget-container\">\n\t\t\t\t\t\t\t\t\t<h1>Mise \u00e0 niveau de la salle de conf\u00e9rence : salle de conf\u00e9rence hybride<\/h1>\t\t\t\t\t\t\t\t<\/div>\n\t\t\t\t<\/div>\n\t\t\t\t<div class=\"elementor-element elementor-element-52696f29 elementor-widget__width-inherit elementor-widget elementor-widget-image\" data-id=\"52696f29\" data-element_type=\"widget\" data-widget_type=\"image.default\">\n\t\t\t\t<div class=\"elementor-widget-container\">\n\t\t\t\t\t\t\t\t\t\t\t\t\t\t\t<img fetchpriority=\"high\" decoding=\"async\" width=\"1200\" height=\"451\" src=\"https:\/\/konferenztechnik.de\/wp-content\/uploads\/2021\/06\/konferenzraum-upgrades-videokonferenz-technik-upgrade.jpg\" class=\"attachment-full size-full wp-image-18072\" alt=\"Salle de conf\u00e9rence avec 4 personnes autour d&#039;une table et 4 autres connect\u00e9es par \u00e9cran et vid\u00e9oconf\u00e9rence\" srcset=\"https:\/\/konferenztechnik.de\/wp-content\/uploads\/2021\/06\/konferenzraum-upgrades-videokonferenz-technik-upgrade.jpg 1200w, https:\/\/konferenztechnik.de\/wp-content\/uploads\/2021\/06\/konferenzraum-upgrades-videokonferenz-technik-upgrade-300x113.jpg 300w, https:\/\/konferenztechnik.de\/wp-content\/uploads\/2021\/06\/konferenzraum-upgrades-videokonferenz-technik-upgrade-1024x385.jpg 1024w, https:\/\/konferenztechnik.de\/wp-content\/uploads\/2021\/06\/konferenzraum-upgrades-videokonferenz-technik-upgrade-768x289.jpg 768w\" sizes=\"(max-width: 1200px) 100vw, 1200px\" title=\"\">\t\t\t\t\t\t\t\t\t\t\t\t\t\t\t<\/div>\n\t\t\t\t<\/div>\n\t\t<div data-particle_enable=\"false\" data-particle-mobile-disabled=\"false\" class=\"elementor-element elementor-element-fa9e80c e-flex e-con-boxed e-con e-child\" data-id=\"fa9e80c\" data-element_type=\"container\">\n\t\t\t\t\t<div class=\"e-con-inner\">\n\t\t\t\t<div class=\"elementor-element elementor-element-962dbd5 elementor-widget elementor-widget-button\" data-id=\"962dbd5\" data-element_type=\"widget\" data-widget_type=\"button.default\">\n\t\t\t\t<div class=\"elementor-widget-container\">\n\t\t\t\t\t\t\t\t\t<div class=\"elementor-button-wrapper\">\n\t\t\t\t\t<a class=\"elementor-button elementor-button-link elementor-size-lg\" href=\"#serviceteam\">\n\t\t\t\t\t\t<span class=\"elementor-button-content-wrapper\">\n\t\t\t\t\t\t<span class=\"elementor-button-icon\">\n\t\t\t\t<svg aria-hidden=\"true\" class=\"e-font-icon-svg e-far-arrow-alt-circle-down\" viewbox=\"0 0 512 512\" xmlns=\"http:\/\/www.w3.org\/2000\/svg\"><path d=\"M256 8C119 8 8 119 8 256s111 248 248 248 248-111 248-248S393 8 256 8zm0 448c-110.5 0-200-89.5-200-200S145.5 56 256 56s200 89.5 200 200-89.5 200-200 200zm-32-316v116h-67c-10.7 0-16 12.9-8.5 20.5l99 99c4.7 4.7 12.3 4.7 17 0l99-99c7.6-7.6 2.2-20.5-8.5-20.5h-67V140c0-6.6-5.4-12-12-12h-40c-6.6 0-12 5.4-12 12z\"><\/path><\/svg>\t\t\t<\/span>\n\t\t\t\t\t\t\t\t\t<span class=\"elementor-button-text\">Demander maintenant<\/span>\n\t\t\t\t\t<\/span>\n\t\t\t\t\t<\/a>\n\t\t\t\t<\/div>\n\t\t\t\t\t\t\t\t<\/div>\n\t\t\t\t<\/div>\n\t\t\t\t\t<\/div>\n\t\t\t\t<\/div>\n\t\t\t\t<div class=\"elementor-element elementor-element-6e4ade7 elementor-widget elementor-widget-text-editor\" data-id=\"6e4ade7\" data-element_type=\"widget\" data-widget_type=\"text-editor.default\">\n\t\t\t\t<div class=\"elementor-widget-container\">\n\t\t\t\t\t\t\t\t\t<p>Une st\u00e8le vid\u00e9o, un cube : les participants \u00e0 la vid\u00e9o comme objet physique dans l'espace. La pr\u00e9sence est physiquement perceptible, les participants semblent \u00eatre avec nous dans la pi\u00e8ce.<\/p>\t\t\t\t\t\t\t\t<\/div>\n\t\t\t\t<\/div>\n\t\t\t\t\t<\/div>\n\t\t\t\t<\/div>\n\t\t<div data-particle_enable=\"false\" data-particle-mobile-disabled=\"false\" class=\"elementor-element elementor-element-8f5c347 e-flex e-con-boxed e-con e-parent\" data-id=\"8f5c347\" data-element_type=\"container\">\n\t\t\t\t\t<div class=\"e-con-inner\">\n\t\t\t\t<div class=\"elementor-element elementor-element-52c516c elementor-widget elementor-widget-text-editor\" data-id=\"52c516c\" data-element_type=\"widget\" data-widget_type=\"text-editor.default\">\n\t\t\t\t<div class=\"elementor-widget-container\">\n\t\t\t\t\t\t\t\t\t<h2>Int\u00e9grer des participants vid\u00e9o<\/h2>\t\t\t\t\t\t\t\t<\/div>\n\t\t\t\t<\/div>\n\t\t\t\t<div class=\"elementor-element elementor-element-1cda0d08 elementor-widget elementor-widget-text-editor\" data-id=\"1cda0d08\" data-element_type=\"widget\" data-widget_type=\"text-editor.default\">\n\t\t\t\t<div class=\"elementor-widget-container\">\n\t\t\t\t\t\t\t\t\t<p>L'int\u00e9gration optimale des participants \u00e0 distance est l'objectif de notre mise \u00e0 niveau de la salle de conf\u00e9rence, qui transforme chaque salle de conf\u00e9rence en une salle de conf\u00e9rence hybride. Nous cr\u00e9ons des conditions id\u00e9ales pour les participants dans la salle ainsi que pour ceux qui sont connect\u00e9s par vid\u00e9oconf\u00e9rence.<\/p><p>\u00a0<\/p><p>La perception entre \"sur place\" et \"de chez soi\", doit \u00eatre supprim\u00e9e autant que possible. Nous r\u00e9alisons cela par des moyens techniques, architecturaux et didactiques.<\/p><p>\u00a0<\/p><p>Les conditions de Zoommeetings &amp; Co. peuvent \u00eatre optimis\u00e9es plus facilement que beaucoup ne le pensent. Nous vous permettons d'organiser des conf\u00e9rences de mani\u00e8re flexible et moderne.<\/p>\t\t\t\t\t\t\t\t<\/div>\n\t\t\t\t<\/div>\n\t\t\t\t\t<\/div>\n\t\t\t\t<\/div>\n\t\t<div data-particle_enable=\"false\" data-particle-mobile-disabled=\"false\" class=\"elementor-element elementor-element-c239a10 e-flex e-con-boxed e-con e-parent\" data-id=\"c239a10\" data-element_type=\"container\">\n\t\t\t\t\t<div class=\"e-con-inner\">\n\t\t<div data-particle_enable=\"false\" data-particle-mobile-disabled=\"false\" class=\"elementor-element elementor-element-35d71cfb e-con-full e-flex e-con e-child\" data-id=\"35d71cfb\" data-element_type=\"container\">\n\t\t\t\t<div class=\"elementor-element elementor-element-1532a792 elementor-widget elementor-widget-spacer\" data-id=\"1532a792\" data-element_type=\"widget\" data-widget_type=\"spacer.default\">\n\t\t\t\t<div class=\"elementor-widget-container\">\n\t\t\t\t\t\t\t<div class=\"elementor-spacer\">\n\t\t\t<div class=\"elementor-spacer-inner\"><\/div>\n\t\t<\/div>\n\t\t\t\t\t\t<\/div>\n\t\t\t\t<\/div>\n\t\t\t\t<div class=\"elementor-element elementor-element-cae311f elementor-widget elementor-widget-image\" data-id=\"cae311f\" data-element_type=\"widget\" data-widget_type=\"image.default\">\n\t\t\t\t<div class=\"elementor-widget-container\">\n\t\t\t\t\t\t\t\t\t\t\t\t\t\t\t<img decoding=\"async\" width=\"550\" height=\"316\" src=\"https:\/\/konferenztechnik.de\/wp-content\/uploads\/2023\/03\/konferenzraum-raumplanung.jpg\" class=\"attachment-large size-large wp-image-23520\" alt=\"Repr\u00e9sentation sch\u00e9matique d&#039;une vid\u00e9oconf\u00e9rence avec 4 personnes autour d&#039;une table et une autre connect\u00e9e \u00e0 un moniteur\" srcset=\"https:\/\/konferenztechnik.de\/wp-content\/uploads\/2023\/03\/konferenzraum-raumplanung.jpg 550w, https:\/\/konferenztechnik.de\/wp-content\/uploads\/2023\/03\/konferenzraum-raumplanung-300x172.jpg 300w, https:\/\/konferenztechnik.de\/wp-content\/uploads\/2023\/03\/konferenzraum-raumplanung-18x10.jpg 18w\" sizes=\"(max-width: 550px) 100vw, 550px\" title=\"\">\t\t\t\t\t\t\t\t\t\t\t\t\t\t\t<\/div>\n\t\t\t\t<\/div>\n\t\t\t\t<\/div>\n\t\t<div data-particle_enable=\"false\" data-particle-mobile-disabled=\"false\" class=\"elementor-element elementor-element-500de925 e-con-full e-flex e-con e-child\" data-id=\"500de925\" data-element_type=\"container\">\n\t\t\t\t<div class=\"elementor-element elementor-element-3da345e1 elementor-widget elementor-widget-spacer\" data-id=\"3da345e1\" data-element_type=\"widget\" data-widget_type=\"spacer.default\">\n\t\t\t\t<div class=\"elementor-widget-container\">\n\t\t\t\t\t\t\t<div class=\"elementor-spacer\">\n\t\t\t<div class=\"elementor-spacer-inner\"><\/div>\n\t\t<\/div>\n\t\t\t\t\t\t<\/div>\n\t\t\t\t<\/div>\n\t\t\t\t<div class=\"elementor-element elementor-element-31092c40 elementor-widget elementor-widget-text-editor\" data-id=\"31092c40\" data-element_type=\"widget\" data-widget_type=\"text-editor.default\">\n\t\t\t\t<div class=\"elementor-widget-container\">\n\t\t\t\t\t\t\t\t\t<p class=\"pcs-color\"><strong>Orientation et am\u00e9nagement du territoire<\/strong><\/p><p>Pour beaucoup, il est tout \u00e0 fait naturel qu'une salle de r\u00e9union fonctionne comme un cin\u00e9ma ou une sc\u00e8ne, avec un grand \u00e9cran sur le devant faisant office de sc\u00e8ne.<\/p><p>\u00a0<\/p><p>Une bonne possibilit\u00e9 d'int\u00e9gration, surtout pour les petits groupes de participants (jusqu'\u00e0 8 personnes environ), est d'occuper la salle de conf\u00e9rence en format paysage. L'\u00e9cran et donc les participants sont ainsi souvent beaucoup mieux int\u00e9gr\u00e9s.<\/p>\t\t\t\t\t\t\t\t<\/div>\n\t\t\t\t<\/div>\n\t\t\t\t<div class=\"elementor-element elementor-element-11ef00c2 elementor-widget elementor-widget-spacer\" data-id=\"11ef00c2\" data-element_type=\"widget\" data-widget_type=\"spacer.default\">\n\t\t\t\t<div class=\"elementor-widget-container\">\n\t\t\t\t\t\t\t<div class=\"elementor-spacer\">\n\t\t\t<div class=\"elementor-spacer-inner\"><\/div>\n\t\t<\/div>\n\t\t\t\t\t\t<\/div>\n\t\t\t\t<\/div>\n\t\t\t\t<\/div>\n\t\t\t\t\t<\/div>\n\t\t\t\t<\/div>\n\t\t<div data-particle_enable=\"false\" data-particle-mobile-disabled=\"false\" class=\"elementor-element elementor-element-bdda2cf e-flex e-con-boxed e-con e-parent\" data-id=\"bdda2cf\" data-element_type=\"container\">\n\t\t\t\t\t<div class=\"e-con-inner\">\n\t\t<div data-particle_enable=\"false\" data-particle-mobile-disabled=\"false\" class=\"elementor-element elementor-element-1d2c2224 e-con-full e-flex e-con e-child\" data-id=\"1d2c2224\" data-element_type=\"container\">\n\t\t\t\t<div class=\"elementor-element elementor-element-6a2ea345 elementor-widget elementor-widget-spacer\" data-id=\"6a2ea345\" data-element_type=\"widget\" data-widget_type=\"spacer.default\">\n\t\t\t\t<div class=\"elementor-widget-container\">\n\t\t\t\t\t\t\t<div class=\"elementor-spacer\">\n\t\t\t<div class=\"elementor-spacer-inner\"><\/div>\n\t\t<\/div>\n\t\t\t\t\t\t<\/div>\n\t\t\t\t<\/div>\n\t\t\t\t<div class=\"elementor-element elementor-element-413435d2 elementor-widget elementor-widget-image\" data-id=\"413435d2\" data-element_type=\"widget\" data-widget_type=\"image.default\">\n\t\t\t\t<div class=\"elementor-widget-container\">\n\t\t\t\t\t\t\t\t\t\t\t\t\t\t\t<img decoding=\"async\" width=\"550\" height=\"324\" src=\"https:\/\/konferenztechnik.de\/wp-content\/uploads\/2023\/03\/konferenzraum-raumplanung-hybrid.jpg\" class=\"attachment-large size-large wp-image-23521\" alt=\"Repr\u00e9sentation sch\u00e9matique d&#039;une vid\u00e9oconf\u00e9rence avec 4 personnes autour d&#039;une table et une autre connect\u00e9e \u00e0 un moniteur\" srcset=\"https:\/\/konferenztechnik.de\/wp-content\/uploads\/2023\/03\/konferenzraum-raumplanung-hybrid.jpg 550w, https:\/\/konferenztechnik.de\/wp-content\/uploads\/2023\/03\/konferenzraum-raumplanung-hybrid-300x177.jpg 300w, https:\/\/konferenztechnik.de\/wp-content\/uploads\/2023\/03\/konferenzraum-raumplanung-hybrid-18x12.jpg 18w\" sizes=\"(max-width: 550px) 100vw, 550px\" title=\"\">\t\t\t\t\t\t\t\t\t\t\t\t\t\t\t<\/div>\n\t\t\t\t<\/div>\n\t\t\t\t<\/div>\n\t\t<div data-particle_enable=\"false\" data-particle-mobile-disabled=\"false\" class=\"elementor-element elementor-element-5b0632ff e-con-full e-flex e-con e-child\" data-id=\"5b0632ff\" data-element_type=\"container\">\n\t\t\t\t<div class=\"elementor-element elementor-element-21249d99 elementor-widget elementor-widget-spacer\" data-id=\"21249d99\" data-element_type=\"widget\" data-widget_type=\"spacer.default\">\n\t\t\t\t<div class=\"elementor-widget-container\">\n\t\t\t\t\t\t\t<div class=\"elementor-spacer\">\n\t\t\t<div class=\"elementor-spacer-inner\"><\/div>\n\t\t<\/div>\n\t\t\t\t\t\t<\/div>\n\t\t\t\t<\/div>\n\t\t\t\t<div class=\"elementor-element elementor-element-159f9f4b elementor-widget elementor-widget-text-editor\" data-id=\"159f9f4b\" data-element_type=\"widget\" data-widget_type=\"text-editor.default\">\n\t\t\t\t<div class=\"elementor-widget-container\">\n\t\t\t\t\t\t\t\t\t<p class=\"pcs-color\"><strong>Ne pas placer les participants virtuels trop haut<\/strong><\/p><p>De nombreux \u00e9crans et pr\u00e9sentoirs sont tout simplement suspendus trop haut. Ne sous-estimez pas le fait qu'un cou trop tendu complique inutilement une r\u00e9union et provoque des tensions et des douleurs au sens propre du terme. Nous ne voulons pas lever les yeux vers les participants \u00e0 la vid\u00e9o, l'id\u00e9al est qu'ils soient au m\u00eame niveau que leurs coll\u00e8gues dans la salle et qu'ils ne soient pas beaucoup plus grands ou plus petits que les participants sur place.<\/p>\t\t\t\t\t\t\t\t<\/div>\n\t\t\t\t<\/div>\n\t\t\t\t<\/div>\n\t\t\t\t\t<\/div>\n\t\t\t\t<\/div>\n\t\t<div data-particle_enable=\"false\" data-particle-mobile-disabled=\"false\" class=\"elementor-element elementor-element-00f13d1 e-flex e-con-boxed e-con e-parent\" data-id=\"00f13d1\" data-element_type=\"container\">\n\t\t\t\t\t<div class=\"e-con-inner\">\n\t\t\t\t<div class=\"elementor-element elementor-element-7178763 elementor-widget elementor-widget-spacer\" data-id=\"7178763\" data-element_type=\"widget\" data-widget_type=\"spacer.default\">\n\t\t\t\t<div class=\"elementor-widget-container\">\n\t\t\t\t\t\t\t<div class=\"elementor-spacer\">\n\t\t\t<div class=\"elementor-spacer-inner\"><\/div>\n\t\t<\/div>\n\t\t\t\t\t\t<\/div>\n\t\t\t\t<\/div>\n\t\t\t\t<div class=\"elementor-element elementor-element-f8cd53a elementor-widget elementor-widget-text-editor\" data-id=\"f8cd53a\" data-element_type=\"widget\" data-widget_type=\"text-editor.default\">\n\t\t\t\t<div class=\"elementor-widget-container\">\n\t\t\t\t\t\t\t\t\t<h2>Utiliser une technologie intelligente<\/h2>\t\t\t\t\t\t\t\t<\/div>\n\t\t\t\t<\/div>\n\t\t\t\t\t<\/div>\n\t\t\t\t<\/div>\n\t\t<div data-particle_enable=\"false\" data-particle-mobile-disabled=\"false\" class=\"elementor-element elementor-element-8aa957e e-flex e-con-boxed e-con e-parent\" data-id=\"8aa957e\" data-element_type=\"container\">\n\t\t\t\t\t<div class=\"e-con-inner\">\n\t\t<div data-particle_enable=\"false\" data-particle-mobile-disabled=\"false\" class=\"elementor-element elementor-element-19c69f62 e-con-full e-flex e-con e-child\" data-id=\"19c69f62\" data-element_type=\"container\">\n\t\t\t\t<div class=\"elementor-element elementor-element-fa3a7f elementor-widget elementor-widget-image\" data-id=\"fa3a7f\" data-element_type=\"widget\" data-widget_type=\"image.default\">\n\t\t\t\t<div class=\"elementor-widget-container\">\n\t\t\t\t\t\t\t\t\t\t\t\t\t\t\t<img loading=\"lazy\" decoding=\"async\" width=\"800\" height=\"450\" src=\"https:\/\/konferenztechnik.de\/wp-content\/uploads\/2021\/06\/i3camera_pro_lifestyle_facetracking.jpg\" class=\"attachment-large size-large wp-image-17687\" alt=\"Exemple de facetracking d&#039;une cam\u00e9ra i3 pour 8 participants \u00e0 la conf\u00e9rence dans la salle, dont les visages sont encadr\u00e9s d&#039;un carr\u00e9 rouge lorsque l&#039;enregistrement a \u00e9t\u00e9 effectu\u00e9 avec succ\u00e8s\" srcset=\"https:\/\/konferenztechnik.de\/wp-content\/uploads\/2021\/06\/i3camera_pro_lifestyle_facetracking.jpg 1000w, https:\/\/konferenztechnik.de\/wp-content\/uploads\/2021\/06\/i3camera_pro_lifestyle_facetracking-300x169.jpg 300w, https:\/\/konferenztechnik.de\/wp-content\/uploads\/2021\/06\/i3camera_pro_lifestyle_facetracking-768x432.jpg 768w\" sizes=\"(max-width: 800px) 100vw, 800px\" title=\"\">\t\t\t\t\t\t\t\t\t\t\t\t\t\t\t<\/div>\n\t\t\t\t<\/div>\n\t\t\t\t<div class=\"elementor-element elementor-element-2c6e0860 elementor-widget elementor-widget-spacer\" data-id=\"2c6e0860\" data-element_type=\"widget\" data-widget_type=\"spacer.default\">\n\t\t\t\t<div class=\"elementor-widget-container\">\n\t\t\t\t\t\t\t<div class=\"elementor-spacer\">\n\t\t\t<div class=\"elementor-spacer-inner\"><\/div>\n\t\t<\/div>\n\t\t\t\t\t\t<\/div>\n\t\t\t\t<\/div>\n\t\t\t\t<\/div>\n\t\t<div data-particle_enable=\"false\" data-particle-mobile-disabled=\"false\" class=\"elementor-element elementor-element-44b7401a e-con-full e-flex e-con e-child\" data-id=\"44b7401a\" data-element_type=\"container\">\n\t\t\t\t<div class=\"elementor-element elementor-element-54c1540d elementor-widget elementor-widget-text-editor\" data-id=\"54c1540d\" data-element_type=\"widget\" data-widget_type=\"text-editor.default\">\n\t\t\t\t<div class=\"elementor-widget-container\">\n\t\t\t\t\t\t\t\t\t<p class=\"pcs-color\"><strong>Coupler la technique<\/strong><\/p><p>Les technologies de conf\u00e9rence modernes ont une connectivit\u00e9 \u00e9lev\u00e9e. Les syst\u00e8mes de diff\u00e9rents fabricants peuvent \u00eatre facilement combin\u00e9s et les logiciels courants tels que Microsoft Skype\u00ae, Teams\u00ae, Zoom\u00ae, Google Hangouts\u00ae, Cisco WebEx\u00ae, BlueJeans\u00ae, GoToMeeting\u00ae, GoToWebinar\u00ae et d'autres peuvent \u00eatre int\u00e9gr\u00e9s et contr\u00f4l\u00e9s.<\/p>\t\t\t\t\t\t\t\t<\/div>\n\t\t\t\t<\/div>\n\t\t\t\t<div class=\"elementor-element elementor-element-18d78335 elementor-widget elementor-widget-text-editor\" data-id=\"18d78335\" data-element_type=\"widget\" data-widget_type=\"text-editor.default\">\n\t\t\t\t<div class=\"elementor-widget-container\">\n\t\t\t\t\t\t\t\t\t<p class=\"pcs-color\"><strong>Utiliser la puissance de calcul<\/strong><\/p><p>Aujourd'hui, presque chaque petite pi\u00e8ce de technologie abrite un ordinateur puissant. Profitez de cette puissance de calcul pour obtenir une excellente qualit\u00e9 de son et d'image. Les algorithmes de r\u00e9duction du bruit offrent une qualit\u00e9 d'image propre et claire, m\u00eame dans des conditions d'\u00e9clairage extr\u00eamement faibles. Les bruits de fond peuvent \u00eatre efficacement \u00e9limin\u00e9s avec les microphones.<\/p>\t\t\t\t\t\t\t\t<\/div>\n\t\t\t\t<\/div>\n\t\t\t\t<div class=\"elementor-element elementor-element-65d36797 elementor-widget elementor-widget-text-editor\" data-id=\"65d36797\" data-element_type=\"widget\" data-widget_type=\"text-editor.default\">\n\t\t\t\t<div class=\"elementor-widget-container\">\n\t\t\t\t\t\t\t\t\t<p class=\"pcs-color\"><strong>Automatiser les processus<\/strong><\/p><p>Le microphone reconna\u00eet quel orateur est en train de parler activement. Il se r\u00e8gle automatiquement, met en sourdine les autres intervenants et indique \u00e0 la cam\u00e9ra la position vers laquelle elle doit tourner. La cam\u00e9ra trouve l'orateur, choisit le cadrage de l'\u00e9cran et fait la mise au point de l'image.<\/p>\t\t\t\t\t\t\t\t<\/div>\n\t\t\t\t<\/div>\n\t\t\t\t<\/div>\n\t\t\t\t\t<\/div>\n\t\t\t\t<\/div>\n\t\t<div data-particle_enable=\"false\" data-particle-mobile-disabled=\"false\" class=\"elementor-element elementor-element-5262642 e-flex e-con-boxed e-con e-parent\" data-id=\"5262642\" data-element_type=\"container\">\n\t\t\t\t\t<div class=\"e-con-inner\">\n\t\t\t\t<div class=\"elementor-element elementor-element-393332c elementor-widget elementor-widget-button\" data-id=\"393332c\" data-element_type=\"widget\" data-widget_type=\"button.default\">\n\t\t\t\t<div class=\"elementor-widget-container\">\n\t\t\t\t\t\t\t\t\t<div class=\"elementor-button-wrapper\">\n\t\t\t\t\t<a class=\"elementor-button elementor-button-link elementor-size-lg\" href=\"#serviceteam\">\n\t\t\t\t\t\t<span class=\"elementor-button-content-wrapper\">\n\t\t\t\t\t\t<span class=\"elementor-button-icon\">\n\t\t\t\t<svg aria-hidden=\"true\" class=\"e-font-icon-svg e-far-arrow-alt-circle-down\" viewbox=\"0 0 512 512\" xmlns=\"http:\/\/www.w3.org\/2000\/svg\"><path d=\"M256 8C119 8 8 119 8 256s111 248 248 248 248-111 248-248S393 8 256 8zm0 448c-110.5 0-200-89.5-200-200S145.5 56 256 56s200 89.5 200 200-89.5 200-200 200zm-32-316v116h-67c-10.7 0-16 12.9-8.5 20.5l99 99c4.7 4.7 12.3 4.7 17 0l99-99c7.6-7.6 2.2-20.5-8.5-20.5h-67V140c0-6.6-5.4-12-12-12h-40c-6.6 0-12 5.4-12 12z\"><\/path><\/svg>\t\t\t<\/span>\n\t\t\t\t\t\t\t\t\t<span class=\"elementor-button-text\">Demander maintenant<\/span>\n\t\t\t\t\t<\/span>\n\t\t\t\t\t<\/a>\n\t\t\t\t<\/div>\n\t\t\t\t\t\t\t\t<\/div>\n\t\t\t\t<\/div>\n\t\t\t\t\t<\/div>\n\t\t\t\t<\/div>\n\t\t<div data-particle_enable=\"false\" data-particle-mobile-disabled=\"false\" class=\"elementor-element elementor-element-b18de5d e-flex e-con-boxed e-con e-parent\" data-id=\"b18de5d\" data-element_type=\"container\">\n\t\t\t\t\t<div class=\"e-con-inner\">\n\t\t\t\t<div class=\"elementor-element elementor-element-247d4e7 elementor-widget elementor-widget-text-editor\" data-id=\"247d4e7\" data-element_type=\"widget\" data-widget_type=\"text-editor.default\">\n\t\t\t\t<div class=\"elementor-widget-container\">\n\t\t\t\t\t\t\t\t\t<h2>Utiliser une belle technique<\/h2>\t\t\t\t\t\t\t\t<\/div>\n\t\t\t\t<\/div>\n\t\t\t\t\t<\/div>\n\t\t\t\t<\/div>\n\t\t<div data-particle_enable=\"false\" data-particle-mobile-disabled=\"false\" class=\"elementor-element elementor-element-27cb9f1 e-flex e-con-boxed e-con e-parent\" data-id=\"27cb9f1\" data-element_type=\"container\">\n\t\t\t\t\t<div class=\"e-con-inner\">\n\t\t<div data-particle_enable=\"false\" data-particle-mobile-disabled=\"false\" class=\"elementor-element elementor-element-46c2273e e-con-full e-flex e-con e-child\" data-id=\"46c2273e\" data-element_type=\"container\">\n\t\t\t\t<div class=\"elementor-element elementor-element-53a125d0 elementor-widget elementor-widget-image\" data-id=\"53a125d0\" data-element_type=\"widget\" data-widget_type=\"image.default\">\n\t\t\t\t<div class=\"elementor-widget-container\">\n\t\t\t\t\t\t\t\t\t\t\t\t\t\t\t<img loading=\"lazy\" decoding=\"async\" width=\"800\" height=\"557\" src=\"https:\/\/konferenztechnik.de\/wp-content\/uploads\/2021\/06\/i3-interaktives-flipchart.jpg\" class=\"attachment-large size-large wp-image-17679\" alt=\"Tableaux de conf\u00e9rence interactifs de i3\" srcset=\"https:\/\/konferenztechnik.de\/wp-content\/uploads\/2021\/06\/i3-interaktives-flipchart.jpg 863w, https:\/\/konferenztechnik.de\/wp-content\/uploads\/2021\/06\/i3-interaktives-flipchart-300x209.jpg 300w, https:\/\/konferenztechnik.de\/wp-content\/uploads\/2021\/06\/i3-interaktives-flipchart-768x535.jpg 768w\" sizes=\"(max-width: 800px) 100vw, 800px\" title=\"\">\t\t\t\t\t\t\t\t\t\t\t\t\t\t\t<\/div>\n\t\t\t\t<\/div>\n\t\t\t\t<\/div>\n\t\t<div data-particle_enable=\"false\" data-particle-mobile-disabled=\"false\" class=\"elementor-element elementor-element-4a9847 e-con-full e-flex e-con e-child\" data-id=\"4a9847\" data-element_type=\"container\">\n\t\t\t\t<div class=\"elementor-element elementor-element-434f8bc4 elementor-widget elementor-widget-text-editor\" data-id=\"434f8bc4\" data-element_type=\"widget\" data-widget_type=\"text-editor.default\">\n\t\t\t\t<div class=\"elementor-widget-container\">\n\t\t\t\t\t\t\t\t\t<p><strong>Esth\u00e9tique, design<\/strong><\/p><p>La technique de conf\u00e9rence moderne s'embellit et s'utilise de mani\u00e8re intuitive ; ici aussi, les solutions logicielles et mat\u00e9rielles intelligentes nous aident. Postes d'interphonie avec \u00e9cran tactile, commande par stylet haute r\u00e9solution et commande gestuelle. M\u00eame les situations complexes sont faciles \u00e0 apprendre et \u00e0 ma\u00eetriser intuitivement.<\/p><p>Presque tous les fabricants le savent et le r\u00e9alisent : La technique doit \u00eatre belle, durable et facile \u00e0 utiliser. Notre objectif : que vos invit\u00e9s puissent eux aussi s'orienter intuitivement dans votre salle d'aspersion, sans instructions particuli\u00e8res, du premier coup, et profiter de l'ambiance avec facilit\u00e9.<\/p>\t\t\t\t\t\t\t\t<\/div>\n\t\t\t\t<\/div>\n\t\t\t\t<\/div>\n\t\t\t\t\t<\/div>\n\t\t\t\t<\/div>\n\t\t<div data-particle_enable=\"false\" data-particle-mobile-disabled=\"false\" class=\"elementor-element elementor-element-6f2dcf8 e-flex e-con-boxed e-con e-parent\" data-id=\"6f2dcf8\" data-element_type=\"container\">\n\t\t\t\t\t<div class=\"e-con-inner\">\n\t\t\t\t<div class=\"elementor-element elementor-element-8ec1365 elementor-widget elementor-widget-text-editor\" data-id=\"8ec1365\" data-element_type=\"widget\" data-widget_type=\"text-editor.default\">\n\t\t\t\t<div class=\"elementor-widget-container\">\n\t\t\t\t\t\t\t\t\t<h2>Remettre en question le but, saisir les opportunit\u00e9s<\/h2>\t\t\t\t\t\t\t\t<\/div>\n\t\t\t\t<\/div>\n\t\t\t\t\t<\/div>\n\t\t\t\t<\/div>\n\t\t<div data-particle_enable=\"false\" data-particle-mobile-disabled=\"false\" class=\"elementor-element elementor-element-887368d e-flex e-con-boxed e-con e-parent\" data-id=\"887368d\" data-element_type=\"container\">\n\t\t\t\t\t<div class=\"e-con-inner\">\n\t\t<div data-particle_enable=\"false\" data-particle-mobile-disabled=\"false\" class=\"elementor-element elementor-element-556f279a e-con-full e-flex e-con e-child\" data-id=\"556f279a\" data-element_type=\"container\">\n\t\t\t\t<div class=\"elementor-element elementor-element-446e80ac elementor-widget elementor-widget-image-carousel\" data-id=\"446e80ac\" data-element_type=\"widget\" data-settings=\"{&quot;slides_to_show&quot;:&quot;1&quot;,&quot;navigation&quot;:&quot;none&quot;,&quot;autoplay&quot;:&quot;yes&quot;,&quot;pause_on_hover&quot;:&quot;yes&quot;,&quot;pause_on_interaction&quot;:&quot;yes&quot;,&quot;autoplay_speed&quot;:5000,&quot;infinite&quot;:&quot;yes&quot;,&quot;effect&quot;:&quot;slide&quot;,&quot;speed&quot;:500}\" data-widget_type=\"image-carousel.default\">\n\t\t\t\t<div class=\"elementor-widget-container\">\n\t\t\t\t\t\t\t<div class=\"elementor-image-carousel-wrapper swiper\" role=\"region\" aria-roledescription=\"carousel\" aria-label=\"Carrousel d&#039;images\" dir=\"ltr\">\n\t\t\t<div class=\"elementor-image-carousel swiper-wrapper\" aria-live=\"off\">\n\t\t\t\t\t\t\t\t<div class=\"swiper-slide\" role=\"group\" aria-roledescription=\"slide\" aria-label=\"1 sur 3\"><figure class=\"swiper-slide-inner\"><img decoding=\"async\" class=\"swiper-slide-image\" src=\"https:\/\/konferenztechnik.de\/wp-content\/uploads\/2021\/06\/konferenzraum-modern-01.jpg\" alt=\"Une petite table de conf\u00e9rence pour environ 8 personnes avec 2 grands \u00e9crans - encore enti\u00e8rement vide\" title=\"\"><\/figure><\/div><div class=\"swiper-slide\" role=\"group\" aria-roledescription=\"slide\" aria-label=\"2 sur 3\"><figure class=\"swiper-slide-inner\"><img decoding=\"async\" class=\"swiper-slide-image\" src=\"https:\/\/konferenztechnik.de\/wp-content\/uploads\/2021\/06\/huddleraum-ausstatten.jpg\" alt=\"Un exemple de photo pour des petits huddle rooms, c&#039;est-\u00e0-dire des salles de r\u00e9union\" title=\"\"><\/figure><\/div><div class=\"swiper-slide\" role=\"group\" aria-roledescription=\"slide\" aria-label=\"3 sur 3\"><figure class=\"swiper-slide-inner\"><img decoding=\"async\" class=\"swiper-slide-image\" src=\"https:\/\/konferenztechnik.de\/wp-content\/uploads\/2021\/06\/konferenzraum-wohlfuehlen.jpg\" alt=\"Dans une petite salle de r\u00e9union, un grand \u00e9cran est accroch\u00e9 au mur devant une table et six chaises.\" title=\"\"><\/figure><\/div>\t\t\t<\/div>\n\t\t\t\t\t\t\t\n\t\t\t\t\t\t\t\t\t<\/div>\n\t\t\t\t\t\t<\/div>\n\t\t\t\t<\/div>\n\t\t\t\t<\/div>\n\t\t<div data-particle_enable=\"false\" data-particle-mobile-disabled=\"false\" class=\"elementor-element elementor-element-154c62e3 e-con-full e-flex e-con e-child\" data-id=\"154c62e3\" data-element_type=\"container\">\n\t\t\t\t<div class=\"elementor-element elementor-element-be96bf4 elementor-widget elementor-widget-text-editor\" data-id=\"be96bf4\" data-element_type=\"widget\" data-widget_type=\"text-editor.default\">\n\t\t\t\t<div class=\"elementor-widget-container\">\n\t\t\t\t\t\t\t\t\t<p><strong>Changer de d\u00e9cor ?<\/strong><\/p><p>Notre mise \u00e0 niveau de la salle de conf\u00e9rence vise clairement une int\u00e9gration optimale des participants externes. Mais quelles sont les conditions-cadres vraiment d\u00e9finies ? Bien s\u00fbr, nous r\u00e9fl\u00e9chissons volontiers avec vous : que capte la cam\u00e9ra, quelle est l'ambiance de la salle pour tous les participants ? Notre service de design se tient volontiers \u00e0 disposition avec un nuancier.<\/p><p>Nous sommes fermement convaincus qu'une salle de conf\u00e9rence de qualit\u00e9 est rapidement rentabilis\u00e9e et r\u00e9compens\u00e9e par de meilleurs r\u00e9sultats \u00e0 chaque r\u00e9union.<\/p>\t\t\t\t\t\t\t\t<\/div>\n\t\t\t\t<\/div>\n\t\t\t\t<\/div>\n\t\t\t\t\t<\/div>\n\t\t\t\t<\/div>\n\t\t<div data-particle_enable=\"false\" data-particle-mobile-disabled=\"false\" class=\"elementor-element elementor-element-ed33c57 e-flex e-con-boxed e-con e-parent\" data-id=\"ed33c57\" data-element_type=\"container\">\n\t\t\t\t\t<div class=\"e-con-inner\">\n\t\t\t\t<div class=\"elementor-element elementor-element-25b4620 elementor-widget elementor-widget-spacer\" data-id=\"25b4620\" data-element_type=\"widget\" data-widget_type=\"spacer.default\">\n\t\t\t\t<div class=\"elementor-widget-container\">\n\t\t\t\t\t\t\t<div class=\"elementor-spacer\">\n\t\t\t<div class=\"elementor-spacer-inner\"><\/div>\n\t\t<\/div>\n\t\t\t\t\t\t<\/div>\n\t\t\t\t<\/div>\n\t\t\t\t<div class=\"elementor-element elementor-element-5f37bcb elementor-widget elementor-widget-text-editor\" data-id=\"5f37bcb\" data-element_type=\"widget\" data-widget_type=\"text-editor.default\">\n\t\t\t\t<div class=\"elementor-widget-container\">\n\t\t\t\t\t\t\t\t\t<h2>Conseils sur la mise \u00e0 niveau d'une salle de conf\u00e9rence<\/h2>\t\t\t\t\t\t\t\t<\/div>\n\t\t\t\t<\/div>\n\t\t\t\t<div class=\"elementor-element elementor-element-3030d29 elementor-widget elementor-widget-text-editor\" data-id=\"3030d29\" data-element_type=\"widget\" data-widget_type=\"text-editor.default\">\n\t\t\t\t<div class=\"elementor-widget-container\">\n\t\t\t\t\t\t\t\t\t<p>Pour conseiller une mise \u00e0 niveau adapt\u00e9e, nos questions de d\u00e9part sont toujours les m\u00eames :<br \/><br \/><\/p><ol><li>S'agit-il d'une seule pi\u00e8ce ou de plusieurs ?<\/li><li>Dimensions de la\/des pi\u00e8ce(s) ?<\/li><li>Avez-vous des photos\/plans des locaux ?<\/li><li>Etat actuel de la technique m\u00e9diatique install\u00e9e ?<\/li><li>Nombre maximum de participants dans la salle ?<\/li><li>Nombre maximum de participants connect\u00e9s ?<\/li><li>Y a-t-il d\u00e9j\u00e0 eu des transformations ou de nouvelles planifications (meubles, murs, portes) ?<\/li><li>Objectifs actuels et futurs ?<\/li><li>Date d'ach\u00e8vement souhait\u00e9e ?<\/li><li>Pr\u00e9occupations ou pr\u00e9f\u00e9rences particuli\u00e8res (de nombreux clients ont par exemple des marques techniques pr\u00e9f\u00e9r\u00e9es) ?<\/li><\/ol>\t\t\t\t\t\t\t\t<\/div>\n\t\t\t\t<\/div>\n\t\t\t\t\t<\/div>\n\t\t\t\t<\/div>\n\t\t<div data-particle_enable=\"false\" data-particle-mobile-disabled=\"false\" class=\"elementor-element elementor-element-c24463e e-flex e-con-boxed e-con e-parent\" data-id=\"c24463e\" data-element_type=\"container\">\n\t\t\t\t\t<div class=\"e-con-inner\">\n\t\t\t\t<div class=\"elementor-element elementor-element-6da984c elementor-widget elementor-widget-spacer\" data-id=\"6da984c\" data-element_type=\"widget\" data-widget_type=\"spacer.default\">\n\t\t\t\t<div class=\"elementor-widget-container\">\n\t\t\t\t\t\t\t<div class=\"elementor-spacer\">\n\t\t\t<div class=\"elementor-spacer-inner\"><\/div>\n\t\t<\/div>\n\t\t\t\t\t\t<\/div>\n\t\t\t\t<\/div>\n\t\t\t\t<div class=\"elementor-element elementor-element-0904f4b elementor-widget elementor-widget-text-editor\" data-id=\"0904f4b\" data-element_type=\"widget\" data-widget_type=\"text-editor.default\">\n\t\t\t\t<div class=\"elementor-widget-container\">\n\t\t\t\t\t\t\t\t\t<p>Nous vous soutenons dans la planification individuelle de votre espace et proposons tous les services associ\u00e9s : Planification, installation, formation et assistance apr\u00e8s-vente.<\/p><p>\u00a0<\/p><p>Une salle de r\u00e9union bien planifi\u00e9e et bien \u00e9quip\u00e9e favorise la communication et la cr\u00e9ativit\u00e9 des utilisateurs, rassemble des personnes venant de diff\u00e9rents endroits, de diff\u00e9rentes filiales et de diff\u00e9rents pays. La technique ne doit pas se mettre en travers de ces processus, mais les soutenir. Cela implique une utilisation simple, une connectivit\u00e9 totale et une grande flexibilit\u00e9. Tout cela est mis en avant pour que la technique fasse le travail \u00e0 votre place, en arri\u00e8re-plan.<\/p><p>\u00a0<\/p><p>Une longue exp\u00e9rience, un personnel form\u00e9 et de nombreux projets men\u00e9s \u00e0 bien sont nos r\u00e9f\u00e9rences. Des partenariats avec des fabricants renomm\u00e9s de la branche vous garantissent la meilleure qualit\u00e9 et les meilleures conditions. Les formations pour les collaborateurs\/trices et les services apr\u00e8s-vente ainsi que les entretiens r\u00e9guliers, l'encadrement de grands \u00e9v\u00e9nements par des techniciens ou l'assistance et les r\u00e9parations font partie de notre standard.<\/p>\t\t\t\t\t\t\t\t<\/div>\n\t\t\t\t<\/div>\n\t\t\t\t\t<\/div>\n\t\t\t\t<\/div>\n\t\t<div data-particle_enable=\"false\" data-particle-mobile-disabled=\"false\" class=\"elementor-element elementor-element-306a253 e-flex e-con-boxed e-con e-parent\" data-id=\"306a253\" data-element_type=\"container\">\n\t\t\t\t\t<div class=\"e-con-inner\">\n\t\t\t\t<div class=\"elementor-element elementor-element-d8925cd elementor-widget elementor-widget-shortcode\" data-id=\"d8925cd\" data-element_type=\"widget\" data-widget_type=\"shortcode.default\">\n\t\t\t\t<div class=\"elementor-widget-container\">\n\t\t\t\t\t\t\t<div class=\"elementor-shortcode\"><\/div>\n\t\t\t\t\t\t<\/div>\n\t\t\t\t<\/div>\n\t\t<div data-particle_enable=\"false\" data-particle-mobile-disabled=\"false\" class=\"elementor-element elementor-element-c5558a3 e-flex e-con-boxed e-con e-child\" data-id=\"c5558a3\" data-element_type=\"container\">\n\t\t\t\t\t<div class=\"e-con-inner\">\n\t\t\t\t<div class=\"elementor-element elementor-element-098bcf9 elementor-widget elementor-widget-shortcode\" data-id=\"098bcf9\" data-element_type=\"widget\" data-widget_type=\"shortcode.default\">\n\t\t\t\t<div class=\"elementor-widget-container\">\n\t\t\t\t\t\t\t<div class=\"elementor-shortcode\"><\/div>\n\t\t\t\t\t\t<\/div>\n\t\t\t\t<\/div>\n\t\t\t\t\t<\/div>\n\t\t\t\t<\/div>\n\t\t\t\t\t<\/div>\n\t\t\t\t<\/div>\n\t\t\t\t<\/div>","protected":false},"excerpt":{"rendered":"<p>Une st\u00e8le vid\u00e9o, un cube : les participants \u00e0 la vid\u00e9o comme objet physique dans l'espace. La pr\u00e9sence est physiquement perceptible, les participants semblent \u00eatre avec nous dans la pi\u00e8ce.<\/p>","protected":false},"author":2,"featured_media":21610,"comment_status":"closed","ping_status":"closed","sticky":false,"template":"","format":"standard","meta":{"_acf_changed":false,"footnotes":""},"categories":[16,22,20],"tags":[],"class_list":["post-21608","post","type-post","status-publish","format-standard","has-post-thumbnail","hentry","category-digital-und-hybrid","category-installation","category-populaer"],"acf":[],"_links":{"self":[{"href":"https:\/\/konferenztechnik.de\/fr\/wp-json\/wp\/v2\/posts\/21608","targetHints":{"allow":["GET"]}}],"collection":[{"href":"https:\/\/konferenztechnik.de\/fr\/wp-json\/wp\/v2\/posts"}],"about":[{"href":"https:\/\/konferenztechnik.de\/fr\/wp-json\/wp\/v2\/types\/post"}],"author":[{"embeddable":true,"href":"https:\/\/konferenztechnik.de\/fr\/wp-json\/wp\/v2\/users\/2"}],"replies":[{"embeddable":true,"href":"https:\/\/konferenztechnik.de\/fr\/wp-json\/wp\/v2\/comments?post=21608"}],"version-history":[{"count":0,"href":"https:\/\/konferenztechnik.de\/fr\/wp-json\/wp\/v2\/posts\/21608\/revisions"}],"wp:featuredmedia":[{"embeddable":true,"href":"https:\/\/konferenztechnik.de\/fr\/wp-json\/wp\/v2\/media\/21610"}],"wp:attachment":[{"href":"https:\/\/konferenztechnik.de\/fr\/wp-json\/wp\/v2\/media?parent=21608"}],"wp:term":[{"taxonomy":"category","embeddable":true,"href":"https:\/\/konferenztechnik.de\/fr\/wp-json\/wp\/v2\/categories?post=21608"},{"taxonomy":"post_tag","embeddable":true,"href":"https:\/\/konferenztechnik.de\/fr\/wp-json\/wp\/v2\/tags?post=21608"}],"curies":[{"name":"wp","href":"https:\/\/api.w.org\/{rel}","templated":true}]}}