{"id":25145,"date":"2023-04-20T08:10:27","date_gmt":"2023-04-20T06:10:27","guid":{"rendered":"http:\/\/dev.konferenztechnik.de\/?p=25145"},"modified":"2023-06-30T12:35:35","modified_gmt":"2023-06-30T10:35:35","slug":"fabrications-speciales","status":"publish","type":"post","link":"https:\/\/konferenztechnik.de\/fr\/fabrications-speciales\/","title":{"rendered":"Ex\u00e9cutions sp\u00e9ciales"},"content":{"rendered":"<div data-elementor-type=\"wp-post\" data-elementor-id=\"25145\" class=\"elementor elementor-25145\" data-elementor-post-type=\"post\">\n\t\t\t\t<div data-particle_enable=\"false\" data-particle-mobile-disabled=\"false\" class=\"elementor-element elementor-element-7e33ec7 e-flex e-con-boxed e-con e-parent\" data-id=\"7e33ec7\" data-element_type=\"container\">\n\t\t\t\t\t<div class=\"e-con-inner\">\n\t\t\t\t<div class=\"elementor-element elementor-element-d60f76d elementor-widget elementor-widget-heading\" data-id=\"d60f76d\" data-element_type=\"widget\" data-widget_type=\"heading.default\">\n\t\t\t\t<div class=\"elementor-widget-container\">\n\t\t\t\t\t<h1 class=\"elementor-heading-title elementor-size-default\">Ex\u00e9cutions sp\u00e9ciales<\/h1>\t\t\t\t<\/div>\n\t\t\t\t<\/div>\n\t\t\t\t<div class=\"elementor-element elementor-element-03d8cb1 elementor-widget elementor-widget-image\" data-id=\"03d8cb1\" data-element_type=\"widget\" data-widget_type=\"image.default\">\n\t\t\t\t<div class=\"elementor-widget-container\">\n\t\t\t\t\t\t\t\t\t\t\t\t\t\t\t<img fetchpriority=\"high\" decoding=\"async\" width=\"1200\" height=\"450\" src=\"https:\/\/konferenztechnik.de\/wp-content\/uploads\/2016\/10\/rednerpult-sonderanfertigung.jpg\" class=\"attachment-full size-full wp-image-8473\" alt=\"\" srcset=\"https:\/\/konferenztechnik.de\/wp-content\/uploads\/2016\/10\/rednerpult-sonderanfertigung.jpg 1200w, https:\/\/konferenztechnik.de\/wp-content\/uploads\/2016\/10\/rednerpult-sonderanfertigung-300x113.jpg 300w, https:\/\/konferenztechnik.de\/wp-content\/uploads\/2016\/10\/rednerpult-sonderanfertigung-1024x384.jpg 1024w, https:\/\/konferenztechnik.de\/wp-content\/uploads\/2016\/10\/rednerpult-sonderanfertigung-768x288.jpg 768w\" sizes=\"(max-width: 1200px) 100vw, 1200px\" title=\"\">\t\t\t\t\t\t\t\t\t\t\t\t\t\t\t<\/div>\n\t\t\t\t<\/div>\n\t\t\t\t\t<\/div>\n\t\t\t\t<\/div>\n\t\t<div data-particle_enable=\"false\" data-particle-mobile-disabled=\"false\" class=\"elementor-element elementor-element-86b2ba7 e-flex e-con-boxed e-con e-parent\" data-id=\"86b2ba7\" data-element_type=\"container\">\n\t\t\t\t\t<div class=\"e-con-inner\">\n\t\t\t\t<div class=\"elementor-element elementor-element-ceafb5a elementor-widget__width-inherit elementor-widget elementor-widget-text-editor\" data-id=\"ceafb5a\" data-element_type=\"widget\" data-widget_type=\"text-editor.default\">\n\t\t\t\t<div class=\"elementor-widget-container\">\n\t\t\t\t\t\t\t\t\t<p>Dans le cadre du support apr\u00e8s-vente, notre personnel form\u00e9 et un atelier parfaitement \u00e9quip\u00e9 sont \u00e0 votre disposition pour l'entretien et les r\u00e9parations.<\/p><p>\u00a0<\/p>\t\t\t\t\t\t\t\t<\/div>\n\t\t\t\t<\/div>\n\t\t\t\t<div class=\"elementor-element elementor-element-695b139 elementor-widget elementor-widget-image\" data-id=\"695b139\" data-element_type=\"widget\" data-widget_type=\"image.default\">\n\t\t\t\t<div class=\"elementor-widget-container\">\n\t\t\t\t\t\t\t\t\t\t\t\t\t\t\t<img decoding=\"async\" width=\"800\" height=\"258\" src=\"https:\/\/konferenztechnik.de\/wp-content\/uploads\/2016\/10\/sonderanfertigungen-medientechnik-1024x330.jpg\" class=\"attachment-large size-large wp-image-8484\" alt=\"\" srcset=\"https:\/\/konferenztechnik.de\/wp-content\/uploads\/2016\/10\/sonderanfertigungen-medientechnik-1024x330.jpg 1024w, https:\/\/konferenztechnik.de\/wp-content\/uploads\/2016\/10\/sonderanfertigungen-medientechnik-300x97.jpg 300w, https:\/\/konferenztechnik.de\/wp-content\/uploads\/2016\/10\/sonderanfertigungen-medientechnik-768x248.jpg 768w, https:\/\/konferenztechnik.de\/wp-content\/uploads\/2016\/10\/sonderanfertigungen-medientechnik.jpg 1200w\" sizes=\"(max-width: 800px) 100vw, 800px\" title=\"\">\t\t\t\t\t\t\t\t\t\t\t\t\t\t\t<\/div>\n\t\t\t\t<\/div>\n\t\t\t\t<div class=\"elementor-element elementor-element-468e3ca elementor-widget__width-inherit elementor-widget elementor-widget-text-editor\" data-id=\"468e3ca\" data-element_type=\"widget\" data-widget_type=\"text-editor.default\">\n\t\t\t\t<div class=\"elementor-widget-container\">\n\t\t\t\t\t\t\t\t\t<p>C'est \u00e9galement ici que sont cr\u00e9\u00e9es les solutions sp\u00e9ciales pour les installations et la distribution. Nous proposons des solutions multim\u00e9dias sur mesure, de haute qualit\u00e9, adapt\u00e9es \u00e0 vos id\u00e9es, \u00e0 vos directives visuelles et aux directives de corporate design, planifi\u00e9es par nos soins en termes d'ing\u00e9nierie et mises en \u0153uvre de mani\u00e8re professionnelle.<\/p>\t\t\t\t\t\t\t\t<\/div>\n\t\t\t\t<\/div>\n\t\t\t\t<div class=\"elementor-element elementor-element-d7eebf9 elementor-widget elementor-widget-image\" data-id=\"d7eebf9\" data-element_type=\"widget\" data-widget_type=\"image.default\">\n\t\t\t\t<div class=\"elementor-widget-container\">\n\t\t\t\t\t\t\t\t\t\t\t\t\t\t\t<img decoding=\"async\" width=\"800\" height=\"258\" src=\"https:\/\/konferenztechnik.de\/wp-content\/uploads\/2016\/10\/medientechnik-sonderanfertigung-1024x330.jpg\" class=\"attachment-large size-large wp-image-8483\" alt=\"\" srcset=\"https:\/\/konferenztechnik.de\/wp-content\/uploads\/2016\/10\/medientechnik-sonderanfertigung-1024x330.jpg 1024w, https:\/\/konferenztechnik.de\/wp-content\/uploads\/2016\/10\/medientechnik-sonderanfertigung-300x97.jpg 300w, https:\/\/konferenztechnik.de\/wp-content\/uploads\/2016\/10\/medientechnik-sonderanfertigung-768x248.jpg 768w, https:\/\/konferenztechnik.de\/wp-content\/uploads\/2016\/10\/medientechnik-sonderanfertigung.jpg 1200w\" sizes=\"(max-width: 800px) 100vw, 800px\" title=\"\">\t\t\t\t\t\t\t\t\t\t\t\t\t\t\t<\/div>\n\t\t\t\t<\/div>\n\t\t<div data-particle_enable=\"false\" data-particle-mobile-disabled=\"false\" class=\"elementor-element elementor-element-e038596 e-flex e-con-boxed e-con e-parent\" data-id=\"e038596\" data-element_type=\"container\" data-settings=\"{&quot;background_background&quot;:&quot;classic&quot;}\">\n\t\t\t\t\t<div class=\"e-con-inner\">\n\t\t\t\t<div class=\"elementor-element elementor-element-170a92a elementor-widget elementor-widget-text-editor\" data-id=\"170a92a\" data-element_type=\"widget\" data-widget_type=\"text-editor.default\">\n\t\t\t\t<div class=\"elementor-widget-container\">\n\t\t\t\t\t\t\t\t\t<p>Les fabrications sp\u00e9ciales ne sont pas toujours une question d'exclusivit\u00e9. Elles sont aussi davantage ax\u00e9es sur la pr\u00e9servation des ressources. L'impression 3D permet d'adapter et de rendre utilisables de nombreuses choses. Ainsi, \u00e0 partir de panneaux muraux, nous cr\u00e9ons simultan\u00e9ment des unit\u00e9s de table avec peu de sophistication, ce qui nous permet d'\u00e9conomiser du mat\u00e9riel, des trajets de livraison et de l'argent.\u00a0<\/p>\t\t\t\t\t\t\t\t<\/div>\n\t\t\t\t<\/div>\n\t\t\t\t<div class=\"elementor-element elementor-element-c182ef7 elementor-widget elementor-widget-image\" data-id=\"c182ef7\" data-element_type=\"widget\" data-widget_type=\"image.default\">\n\t\t\t\t<div class=\"elementor-widget-container\">\n\t\t\t\t\t\t\t\t\t\t\t\t\t\t\t<img loading=\"lazy\" decoding=\"async\" width=\"800\" height=\"400\" src=\"https:\/\/konferenztechnik.de\/wp-content\/uploads\/2023\/04\/3ddruck-konferenztechnik-1024x512.jpg\" class=\"attachment-large size-large wp-image-25443\" alt=\"Impression 3D esquiss\u00e9e\" srcset=\"https:\/\/konferenztechnik.de\/wp-content\/uploads\/2023\/04\/3ddruck-konferenztechnik-1024x512.jpg 1024w, https:\/\/konferenztechnik.de\/wp-content\/uploads\/2023\/04\/3ddruck-konferenztechnik-300x150.jpg 300w, https:\/\/konferenztechnik.de\/wp-content\/uploads\/2023\/04\/3ddruck-konferenztechnik-768x384.jpg 768w, https:\/\/konferenztechnik.de\/wp-content\/uploads\/2023\/04\/3ddruck-konferenztechnik-1536x768.jpg 1536w, https:\/\/konferenztechnik.de\/wp-content\/uploads\/2023\/04\/3ddruck-konferenztechnik-2048x1024.jpg 2048w, https:\/\/konferenztechnik.de\/wp-content\/uploads\/2023\/04\/3ddruck-konferenztechnik-18x9.jpg 18w\" sizes=\"(max-width: 800px) 100vw, 800px\" title=\"\">\t\t\t\t\t\t\t\t\t\t\t\t\t\t\t<\/div>\n\t\t\t\t<\/div>\n\t\t\t\t\t<\/div>\n\t\t\t\t<\/div>\n\t\t\t\t\t<\/div>\n\t\t\t\t<\/div>\n\t\t<div data-particle_enable=\"false\" data-particle-mobile-disabled=\"false\" class=\"elementor-element elementor-element-8636151 e-flex e-con-boxed e-con e-parent\" data-id=\"8636151\" data-element_type=\"container\">\n\t\t\t\t\t<div class=\"e-con-inner\">\n\t\t\t\t<div class=\"elementor-element elementor-element-aa17bd0 elementor-widget elementor-widget-shortcode\" data-id=\"aa17bd0\" data-element_type=\"widget\" data-widget_type=\"shortcode.default\">\n\t\t\t\t<div class=\"elementor-widget-container\">\n\t\t\t\t\t\t\t<div class=\"elementor-shortcode\"><\/div>\n\t\t\t\t\t\t<\/div>\n\t\t\t\t<\/div>\n\t\t\t\t\t<\/div>\n\t\t\t\t<\/div>\n\t\t<div data-particle_enable=\"false\" data-particle-mobile-disabled=\"false\" class=\"elementor-element elementor-element-7fff16d e-flex e-con-boxed e-con e-parent\" data-id=\"7fff16d\" data-element_type=\"container\">\n\t\t\t\t\t<div class=\"e-con-inner\">\n\t\t\t\t<div class=\"elementor-element elementor-element-8ab1492 elementor-widget elementor-widget-shortcode\" data-id=\"8ab1492\" data-element_type=\"widget\" data-widget_type=\"shortcode.default\">\n\t\t\t\t<div class=\"elementor-widget-container\">\n\t\t\t\t\t\t\t<div class=\"elementor-shortcode\"><\/div>\n\t\t\t\t\t\t<\/div>\n\t\t\t\t<\/div>\n\t\t\t\t\t<\/div>\n\t\t\t\t<\/div>\n\t\t\t\t<\/div>","protected":false},"excerpt":{"rendered":"<p>Syst\u00e8mes de tourguide, syst\u00e8mes de guidage, syst\u00e8mes de chuchotage ou PFA, casques, microphones, unit\u00e9s de chargement, mallettes de transport, accessoires<\/p>","protected":false},"author":2,"featured_media":25559,"comment_status":"closed","ping_status":"closed","sticky":false,"template":"","format":"standard","meta":{"_acf_changed":false,"footnotes":""},"categories":[39,21,20],"tags":[],"class_list":["post-25145","post","type-post","status-publish","format-standard","has-post-thumbnail","hentry","category-produkte","category-events","category-populaer"],"acf":[],"_links":{"self":[{"href":"https:\/\/konferenztechnik.de\/fr\/wp-json\/wp\/v2\/posts\/25145","targetHints":{"allow":["GET"]}}],"collection":[{"href":"https:\/\/konferenztechnik.de\/fr\/wp-json\/wp\/v2\/posts"}],"about":[{"href":"https:\/\/konferenztechnik.de\/fr\/wp-json\/wp\/v2\/types\/post"}],"author":[{"embeddable":true,"href":"https:\/\/konferenztechnik.de\/fr\/wp-json\/wp\/v2\/users\/2"}],"replies":[{"embeddable":true,"href":"https:\/\/konferenztechnik.de\/fr\/wp-json\/wp\/v2\/comments?post=25145"}],"version-history":[{"count":0,"href":"https:\/\/konferenztechnik.de\/fr\/wp-json\/wp\/v2\/posts\/25145\/revisions"}],"wp:featuredmedia":[{"embeddable":true,"href":"https:\/\/konferenztechnik.de\/fr\/wp-json\/wp\/v2\/media\/25559"}],"wp:attachment":[{"href":"https:\/\/konferenztechnik.de\/fr\/wp-json\/wp\/v2\/media?parent=25145"}],"wp:term":[{"taxonomy":"category","embeddable":true,"href":"https:\/\/konferenztechnik.de\/fr\/wp-json\/wp\/v2\/categories?post=25145"},{"taxonomy":"post_tag","embeddable":true,"href":"https:\/\/konferenztechnik.de\/fr\/wp-json\/wp\/v2\/tags?post=25145"}],"curies":[{"name":"wp","href":"https:\/\/api.w.org\/{rel}","templated":true}]}}