{"id":44900,"date":"2024-04-30T12:24:58","date_gmt":"2024-04-30T10:24:58","guid":{"rendered":"https:\/\/konferenztechnik.de\/?p=44900"},"modified":"2024-05-07T09:51:50","modified_gmt":"2024-05-07T07:51:50","slug":"extron-wc-pro-series-controleur-de-commande","status":"publish","type":"post","link":"https:\/\/konferenztechnik.de\/fr\/extron-wc-pro-series-controleur-de-commande\/","title":{"rendered":"Contr\u00f4leur de la s\u00e9rie Extron WC Pro"},"content":{"rendered":"<div data-elementor-type=\"wp-post\" data-elementor-id=\"44900\" class=\"elementor elementor-44900\" data-elementor-post-type=\"post\">\n\t\t\t\t<div data-particle_enable=\"false\" data-particle-mobile-disabled=\"false\" class=\"elementor-element elementor-element-ca0c368 e-con-full e-flex e-con e-parent\" data-id=\"ca0c368\" data-element_type=\"container\">\n\t\t<div data-particle_enable=\"false\" data-particle-mobile-disabled=\"false\" class=\"elementor-element elementor-element-37a7411 e-flex e-con-boxed e-con e-child\" data-id=\"37a7411\" data-element_type=\"container\" data-settings=\"{&quot;background_background&quot;:&quot;classic&quot;}\">\n\t\t\t\t\t<div class=\"e-con-inner\">\n\t\t<div data-particle_enable=\"false\" data-particle-mobile-disabled=\"false\" class=\"elementor-element elementor-element-7ea5050 e-con-full e-flex e-con e-child\" data-id=\"7ea5050\" data-element_type=\"container\" data-settings=\"{&quot;background_background&quot;:&quot;classic&quot;}\">\n\t\t\t\t<div class=\"elementor-element elementor-element-bf84c3e elementor-widget elementor-widget-heading\" data-id=\"bf84c3e\" data-element_type=\"widget\" data-settings=\"{&quot;_animation&quot;:&quot;none&quot;}\" data-widget_type=\"heading.default\">\n\t\t\t\t<div class=\"elementor-widget-container\">\n\t\t\t\t\t<h2 class=\"elementor-heading-title elementor-size-default\">Contr\u00f4leur de la s\u00e9rie Extron WC Pro<\/h2>\t\t\t\t<\/div>\n\t\t\t\t<\/div>\n\t\t\t\t<div class=\"elementor-element elementor-element-c0ec840 elementor-widget__width-inherit elementor-widget elementor-widget-text-editor\" data-id=\"c0ec840\" data-element_type=\"widget\" data-widget_type=\"text-editor.default\">\n\t\t\t\t<div class=\"elementor-widget-container\">\n\t\t\t\t\t\t\t\t\tAllumer et \u00e9teindre les \u00e9crans de mani\u00e8re automatis\u00e9e. Les capteurs de pr\u00e9sence et les contr\u00f4leurs permettent d'allumer et d'\u00e9teindre automatiquement les \u00e9crans. Cela permet d'augmenter le confort et la convivialit\u00e9 et de r\u00e9duire la consommation d'\u00e9nergie.\t\t\t\t\t\t\t\t<\/div>\n\t\t\t\t<\/div>\n\t\t\t\t<div class=\"elementor-element elementor-element-c558337 elementor-align-left e-transform elementor-widget elementor-widget-button\" data-id=\"c558337\" data-element_type=\"widget\" data-settings=\"{&quot;_transform_scale_effect_hover&quot;:{&quot;unit&quot;:&quot;px&quot;,&quot;size&quot;:1.100000000000000088817841970012523233890533447265625,&quot;sizes&quot;:[]},&quot;_transform_scale_effect_hover_widescreen&quot;:{&quot;unit&quot;:&quot;px&quot;,&quot;size&quot;:&quot;&quot;,&quot;sizes&quot;:[]},&quot;_transform_scale_effect_hover_laptop&quot;:{&quot;unit&quot;:&quot;px&quot;,&quot;size&quot;:&quot;&quot;,&quot;sizes&quot;:[]},&quot;_transform_scale_effect_hover_tablet_extra&quot;:{&quot;unit&quot;:&quot;px&quot;,&quot;size&quot;:&quot;&quot;,&quot;sizes&quot;:[]},&quot;_transform_scale_effect_hover_tablet&quot;:{&quot;unit&quot;:&quot;px&quot;,&quot;size&quot;:&quot;&quot;,&quot;sizes&quot;:[]},&quot;_transform_scale_effect_hover_mobile&quot;:{&quot;unit&quot;:&quot;px&quot;,&quot;size&quot;:&quot;&quot;,&quot;sizes&quot;:[]}}\" data-widget_type=\"button.default\">\n\t\t\t\t<div class=\"elementor-widget-container\">\n\t\t\t\t\t\t\t\t\t<div class=\"elementor-button-wrapper\">\n\t\t\t\t\t<a class=\"elementor-button elementor-button-link elementor-size-lg\" href=\"#serviceteam\">\n\t\t\t\t\t\t<span class=\"elementor-button-content-wrapper\">\n\t\t\t\t\t\t\t\t\t<span class=\"elementor-button-text\">Demander maintenant<\/span>\n\t\t\t\t\t<\/span>\n\t\t\t\t\t<\/a>\n\t\t\t\t<\/div>\n\t\t\t\t\t\t\t\t<\/div>\n\t\t\t\t<\/div>\n\t\t\t\t<div class=\"elementor-element elementor-element-c6ef7d8 elementor-widget__width-inherit elementor-widget elementor-widget-text-editor\" data-id=\"c6ef7d8\" data-element_type=\"widget\" data-widget_type=\"text-editor.default\">\n\t\t\t\t<div class=\"elementor-widget-container\">\n\t\t\t\t\t\t\t\t\t<div class=\"flex-1 overflow-hidden\"><div class=\"react-scroll-to-bottom--css-zyrsn-79elbk h-full\"><div class=\"react-scroll-to-bottom--css-zyrsn-1n7m0yu\"><div class=\"flex flex-col text-sm pb-9\"><div class=\"w-full text-token-text-primary\" data-testid=\"conversation-turn-3\"><div class=\"px-4 py-2 justify-center text-base md:gap-6 m-auto\"><div class=\"flex flex-1 text-base mx-auto gap-3 md:px-5 lg:px-1 xl:px-5 md:max-w-3xl lg:max-w-[40rem] xl:max-w-[48rem] group final-completion\"><div class=\"relative flex w-full flex-col agent-turn\"><div class=\"flex-col gap-1 md:gap-3\"><div class=\"flex flex-grow flex-col max-w-full\"><div class=\"min-h-[20px] text-message flex flex-col items-start gap-3 whitespace-pre-wrap break-words [.text-message+&amp;]:mt-5 overflow-x-auto\" data-message-author-role=\"assistant\" data-message-id=\"85759861-a428-422b-91e7-d1fdfd2fdc64\"><div class=\"markdown prose w-full break-words dark:prose-invert light\"><p>* gratuit et sans engagement<\/p><\/div><\/div><\/div><\/div><\/div><\/div><\/div><\/div><\/div><\/div><\/div><\/div>\t\t\t\t\t\t\t\t<\/div>\n\t\t\t\t<\/div>\n\t\t\t\t<\/div>\n\t\t<div data-particle_enable=\"false\" data-particle-mobile-disabled=\"false\" class=\"elementor-element elementor-element-cc8ba59 e-con-full e-flex e-con e-child\" data-id=\"cc8ba59\" data-element_type=\"container\" data-settings=\"{&quot;background_background&quot;:&quot;classic&quot;}\">\n\t\t\t\t<div class=\"elementor-element elementor-element-a17fcd5 elementor-widget elementor-widget-image\" data-id=\"a17fcd5\" data-element_type=\"widget\" data-widget_type=\"image.default\">\n\t\t\t\t<div class=\"elementor-widget-container\">\n\t\t\t\t\t\t\t\t\t\t\t\t\t\t\t<img fetchpriority=\"high\" decoding=\"async\" width=\"800\" height=\"450\" src=\"https:\/\/konferenztechnik.de\/wp-content\/uploads\/2024\/04\/Extron-WC-Pro-Serie-wc_60180301_apr0201nrr_dv23-1024x576.jpg\" class=\"attachment-large size-large wp-image-44908\" alt=\"La s\u00e9rie WP Pro d&#039;Extron contr\u00f4le les \u00e9crans d&#039;une salle de conf\u00e9rence\" srcset=\"https:\/\/konferenztechnik.de\/wp-content\/uploads\/2024\/04\/Extron-WC-Pro-Serie-wc_60180301_apr0201nrr_dv23-1024x576.jpg 1024w, https:\/\/konferenztechnik.de\/wp-content\/uploads\/2024\/04\/Extron-WC-Pro-Serie-wc_60180301_apr0201nrr_dv23-300x169.jpg 300w, https:\/\/konferenztechnik.de\/wp-content\/uploads\/2024\/04\/Extron-WC-Pro-Serie-wc_60180301_apr0201nrr_dv23-768x432.jpg 768w, https:\/\/konferenztechnik.de\/wp-content\/uploads\/2024\/04\/Extron-WC-Pro-Serie-wc_60180301_apr0201nrr_dv23-18x10.jpg 18w, https:\/\/konferenztechnik.de\/wp-content\/uploads\/2024\/04\/Extron-WC-Pro-Serie-wc_60180301_apr0201nrr_dv23.jpg 1500w\" sizes=\"(max-width: 800px) 100vw, 800px\" title=\"\">\t\t\t\t\t\t\t\t\t\t\t\t\t\t\t<\/div>\n\t\t\t\t<\/div>\n\t\t\t\t<\/div>\n\t\t\t\t\t<\/div>\n\t\t\t\t<\/div>\n\t\t\t\t<\/div>\n\t\t<div data-particle_enable=\"false\" data-particle-mobile-disabled=\"false\" class=\"elementor-element elementor-element-a6a17a2 e-flex e-con-boxed e-con e-parent\" data-id=\"a6a17a2\" data-element_type=\"container\">\n\t\t\t\t\t<div class=\"e-con-inner\">\n\t\t<div data-particle_enable=\"false\" data-particle-mobile-disabled=\"false\" class=\"elementor-element elementor-element-a436bc0 e-grid e-con-boxed e-con e-child\" data-id=\"a436bc0\" data-element_type=\"container\">\n\t\t\t\t\t<div class=\"e-con-inner\">\n\t\t\t\t<div class=\"elementor-element elementor-element-7abcb89 elementor-widget__width-inherit elementor-widget elementor-widget-text-editor\" data-id=\"7abcb89\" data-element_type=\"widget\" data-widget_type=\"text-editor.default\">\n\t\t\t\t<div class=\"elementor-widget-container\">\n\t\t\t\t\t\t\t\t\t<span style=\"font-weight: 400;\">Les contr\u00f4leurs Extron permettent par exemple d'allumer automatiquement les \u00e9crans lorsqu'une personne entre dans la pi\u00e8ce et de les \u00e9teindre \u00e0 la fin d'une r\u00e9union lorsqu'aucun mouvement n'est d\u00e9tect\u00e9. Les contr\u00f4leurs WC Pro 150 OCS et WC Pro 160 d'Extron permettent pr\u00e9cis\u00e9ment d'automatiser le contr\u00f4le des \u00e9crans.<\/span>\t\t\t\t\t\t\t\t<\/div>\n\t\t\t\t<\/div>\n\t\t\t\t<div class=\"elementor-element elementor-element-a25eeb5 elementor-widget__width-inherit elementor-widget elementor-widget-text-editor\" data-id=\"a25eeb5\" data-element_type=\"widget\" data-widget_type=\"text-editor.default\">\n\t\t\t\t<div class=\"elementor-widget-container\">\n\t\t\t\t\t\t\t\t\t<p><span style=\"font-weight: 400;\">Ils peuvent \u00eatre utilis\u00e9s dans des espaces de travail de n'importe quelle taille, configur\u00e9s via le web et aliment\u00e9s directement en \u00e9lectricit\u00e9 via Ethernet. Nous nous ferons un plaisir de vous conseiller et de planifier l'installation dans votre espace de travail. <\/span><\/p>\t\t\t\t\t\t\t\t<\/div>\n\t\t\t\t<\/div>\n\t\t\t\t\t<\/div>\n\t\t\t\t<\/div>\n\t\t\t\t<div class=\"elementor-element elementor-element-da26d37 elementor-widget elementor-widget-spacer\" data-id=\"da26d37\" data-element_type=\"widget\" data-widget_type=\"spacer.default\">\n\t\t\t\t<div class=\"elementor-widget-container\">\n\t\t\t\t\t\t\t<div class=\"elementor-spacer\">\n\t\t\t<div class=\"elementor-spacer-inner\"><\/div>\n\t\t<\/div>\n\t\t\t\t\t\t<\/div>\n\t\t\t\t<\/div>\n\t\t\t\t<div class=\"elementor-element elementor-element-3ffd6c8 elementor-widget elementor-widget-heading\" data-id=\"3ffd6c8\" data-element_type=\"widget\" data-settings=\"{&quot;_animation&quot;:&quot;none&quot;}\" data-widget_type=\"heading.default\">\n\t\t\t\t<div class=\"elementor-widget-container\">\n\t\t\t\t\t<h2 class=\"elementor-heading-title elementor-size-default\">Extron WC Pro 150 OCS<\/h2>\t\t\t\t<\/div>\n\t\t\t\t<\/div>\n\t\t\t\t\t<\/div>\n\t\t\t\t<\/div>\n\t\t<div data-particle_enable=\"false\" data-particle-mobile-disabled=\"false\" class=\"elementor-element elementor-element-f98b897 e-flex e-con-boxed e-con e-parent\" data-id=\"f98b897\" data-element_type=\"container\">\n\t\t\t\t\t<div class=\"e-con-inner\">\n\t\t<div data-particle_enable=\"false\" data-particle-mobile-disabled=\"false\" class=\"elementor-element elementor-element-aba82e5 e-con-full e-flex e-con e-child\" data-id=\"aba82e5\" data-element_type=\"container\">\n\t\t\t\t<div class=\"elementor-element elementor-element-2a1a2ef elementor-widget elementor-widget-image\" data-id=\"2a1a2ef\" data-element_type=\"widget\" data-widget_type=\"image.default\">\n\t\t\t\t<div class=\"elementor-widget-container\">\n\t\t\t\t\t\t\t\t\t\t\t\t\t\t\t<img decoding=\"async\" width=\"1500\" height=\"634\" src=\"https:\/\/konferenztechnik.de\/wp-content\/uploads\/2024\/04\/Extron-WC-PRO-150-OSC-wc_60180301_der8601nrr_dv23.jpg\" class=\"attachment-full size-full wp-image-44915\" alt=\"Extron-WC-PRO-150-OSC\" srcset=\"https:\/\/konferenztechnik.de\/wp-content\/uploads\/2024\/04\/Extron-WC-PRO-150-OSC-wc_60180301_der8601nrr_dv23.jpg 1500w, https:\/\/konferenztechnik.de\/wp-content\/uploads\/2024\/04\/Extron-WC-PRO-150-OSC-wc_60180301_der8601nrr_dv23-300x127.jpg 300w, https:\/\/konferenztechnik.de\/wp-content\/uploads\/2024\/04\/Extron-WC-PRO-150-OSC-wc_60180301_der8601nrr_dv23-1024x433.jpg 1024w, https:\/\/konferenztechnik.de\/wp-content\/uploads\/2024\/04\/Extron-WC-PRO-150-OSC-wc_60180301_der8601nrr_dv23-768x325.jpg 768w, https:\/\/konferenztechnik.de\/wp-content\/uploads\/2024\/04\/Extron-WC-PRO-150-OSC-wc_60180301_der8601nrr_dv23-18x8.jpg 18w\" sizes=\"(max-width: 1500px) 100vw, 1500px\" title=\"\">\t\t\t\t\t\t\t\t\t\t\t\t\t\t\t<\/div>\n\t\t\t\t<\/div>\n\t\t\t\t<\/div>\n\t\t<div data-particle_enable=\"false\" data-particle-mobile-disabled=\"false\" class=\"elementor-element elementor-element-a28c7e4 e-con-full e-flex e-con e-child\" data-id=\"a28c7e4\" data-element_type=\"container\">\n\t\t\t\t<div class=\"elementor-element elementor-element-db7970a elementor-widget__width-inherit elementor-widget elementor-widget-text-editor\" data-id=\"db7970a\" data-element_type=\"widget\" data-widget_type=\"text-editor.default\">\n\t\t\t\t<div class=\"elementor-widget-container\">\n\t\t\t\t\t\t\t\t\t<p>Le WC Pro 150 OCS est un contr\u00f4leur avec capteur de pr\u00e9sence pour l'automatisation des zones de travail.<\/p><p>\u00a0<\/p><ul><li><span style=\"font-weight: 400;\">Fonctionnalit\u00e9 \"out-of-the-box\" pour la prise en charge du contr\u00f4le de l'\u00e9cran via CEC \u00e0 partir d'une connexion HDMI<\/span><\/li><li><span style=\"font-weight: 400;\">Page web int\u00e9gr\u00e9e pour configurer facilement les capteurs et contr\u00f4ler l'affichage via Ethernet, RS-232 ou IR<\/span><\/li><li><span style=\"font-weight: 400;\">Surveillance et contr\u00f4le via Ethernet<\/span><\/li><li><span style=\"font-weight: 400;\">Supporte LinkLicense<\/span><\/li><li><span style=\"font-weight: 400;\">Technologie \u00e0 double capteur pour la d\u00e9tection de pr\u00e9sence<\/span><\/li><\/ul><p>\u00a0<\/p>\t\t\t\t\t\t\t\t<\/div>\n\t\t\t\t<\/div>\n\t\t\t\t<div class=\"elementor-element elementor-element-f8910d0 elementor-align-left e-transform elementor-widget elementor-widget-button\" data-id=\"f8910d0\" data-element_type=\"widget\" data-settings=\"{&quot;_transform_scale_effect_hover&quot;:{&quot;unit&quot;:&quot;px&quot;,&quot;size&quot;:1.100000000000000088817841970012523233890533447265625,&quot;sizes&quot;:[]},&quot;_transform_scale_effect_hover_widescreen&quot;:{&quot;unit&quot;:&quot;px&quot;,&quot;size&quot;:&quot;&quot;,&quot;sizes&quot;:[]},&quot;_transform_scale_effect_hover_laptop&quot;:{&quot;unit&quot;:&quot;px&quot;,&quot;size&quot;:&quot;&quot;,&quot;sizes&quot;:[]},&quot;_transform_scale_effect_hover_tablet_extra&quot;:{&quot;unit&quot;:&quot;px&quot;,&quot;size&quot;:&quot;&quot;,&quot;sizes&quot;:[]},&quot;_transform_scale_effect_hover_tablet&quot;:{&quot;unit&quot;:&quot;px&quot;,&quot;size&quot;:&quot;&quot;,&quot;sizes&quot;:[]},&quot;_transform_scale_effect_hover_mobile&quot;:{&quot;unit&quot;:&quot;px&quot;,&quot;size&quot;:&quot;&quot;,&quot;sizes&quot;:[]}}\" data-widget_type=\"button.default\">\n\t\t\t\t<div class=\"elementor-widget-container\">\n\t\t\t\t\t\t\t\t\t<div class=\"elementor-button-wrapper\">\n\t\t\t\t\t<a class=\"elementor-button elementor-button-link elementor-size-lg\" href=\"#serviceteam\">\n\t\t\t\t\t\t<span class=\"elementor-button-content-wrapper\">\n\t\t\t\t\t\t\t\t\t<span class=\"elementor-button-text\">Demander maintenant<\/span>\n\t\t\t\t\t<\/span>\n\t\t\t\t\t<\/a>\n\t\t\t\t<\/div>\n\t\t\t\t\t\t\t\t<\/div>\n\t\t\t\t<\/div>\n\t\t\t\t<\/div>\n\t\t\t\t\t<\/div>\n\t\t\t\t<\/div>\n\t\t<div data-particle_enable=\"false\" data-particle-mobile-disabled=\"false\" class=\"elementor-element elementor-element-9040790 e-flex e-con-boxed e-con e-parent\" data-id=\"9040790\" data-element_type=\"container\">\n\t\t\t\t\t<div class=\"e-con-inner\">\n\t\t\t\t<div class=\"elementor-element elementor-element-6688084 elementor-widget elementor-widget-spacer\" data-id=\"6688084\" data-element_type=\"widget\" data-widget_type=\"spacer.default\">\n\t\t\t\t<div class=\"elementor-widget-container\">\n\t\t\t\t\t\t\t<div class=\"elementor-spacer\">\n\t\t\t<div class=\"elementor-spacer-inner\"><\/div>\n\t\t<\/div>\n\t\t\t\t\t\t<\/div>\n\t\t\t\t<\/div>\n\t\t\t\t<div class=\"elementor-element elementor-element-ea73883 elementor-widget elementor-widget-heading\" data-id=\"ea73883\" data-element_type=\"widget\" data-settings=\"{&quot;_animation&quot;:&quot;none&quot;}\" data-widget_type=\"heading.default\">\n\t\t\t\t<div class=\"elementor-widget-container\">\n\t\t\t\t\t<h2 class=\"elementor-heading-title elementor-size-default\">Extron WC Pro 160<\/h2>\t\t\t\t<\/div>\n\t\t\t\t<\/div>\n\t\t\t\t\t<\/div>\n\t\t\t\t<\/div>\n\t\t<div data-particle_enable=\"false\" data-particle-mobile-disabled=\"false\" class=\"elementor-element elementor-element-fae5afd e-flex e-con-boxed e-con e-parent\" data-id=\"fae5afd\" data-element_type=\"container\">\n\t\t\t\t\t<div class=\"e-con-inner\">\n\t\t<div data-particle_enable=\"false\" data-particle-mobile-disabled=\"false\" class=\"elementor-element elementor-element-0c8fae1 e-con-full e-flex e-con e-child\" data-id=\"0c8fae1\" data-element_type=\"container\">\n\t\t\t\t<div class=\"elementor-element elementor-element-2648dfa elementor-widget__width-inherit elementor-widget elementor-widget-text-editor\" data-id=\"2648dfa\" data-element_type=\"widget\" data-widget_type=\"text-editor.default\">\n\t\t\t\t<div class=\"elementor-widget-container\">\n\t\t\t\t\t\t\t\t\t<p>Le WC Pro 160 est un contr\u00f4leur avec r\u00e9ducteur EDID pour l'automatisation des zones de travail.<\/p><p>\u00a0<\/p><ul><li><span style=\"font-weight: 400;\">Fonctionnalit\u00e9 \"out-of-the-box\" pour le contr\u00f4le de l'\u00e9cran via CEC \u00e0 partir d'une connexion HDMI<\/span><\/li><li><span style=\"font-weight: 400;\">Supporte les r\u00e9solutions informatiques et vid\u00e9o jusqu'\u00e0 4K\/60 en 4:4:4<\/span><\/li><li><span style=\"font-weight: 400;\">EDID Minder\u00ae prend automatiquement en charge la communication EDID entre les appareils connect\u00e9s.<\/span><\/li><li><span style=\"font-weight: 400;\">Surveillance et contr\u00f4le via Ethernet.<\/span><\/li><li><span style=\"font-weight: 400;\">Le site web int\u00e9gr\u00e9 permet des configurations simples et le contr\u00f4le de l'\u00e9cran par Ethernet, RS-232 ou IR.<\/span><\/li><\/ul><p>\u00a0<\/p>\t\t\t\t\t\t\t\t<\/div>\n\t\t\t\t<\/div>\n\t\t\t\t<div class=\"elementor-element elementor-element-f45897b elementor-align-left e-transform elementor-widget elementor-widget-button\" data-id=\"f45897b\" data-element_type=\"widget\" data-settings=\"{&quot;_transform_scale_effect_hover&quot;:{&quot;unit&quot;:&quot;px&quot;,&quot;size&quot;:1.100000000000000088817841970012523233890533447265625,&quot;sizes&quot;:[]},&quot;_transform_scale_effect_hover_widescreen&quot;:{&quot;unit&quot;:&quot;px&quot;,&quot;size&quot;:&quot;&quot;,&quot;sizes&quot;:[]},&quot;_transform_scale_effect_hover_laptop&quot;:{&quot;unit&quot;:&quot;px&quot;,&quot;size&quot;:&quot;&quot;,&quot;sizes&quot;:[]},&quot;_transform_scale_effect_hover_tablet_extra&quot;:{&quot;unit&quot;:&quot;px&quot;,&quot;size&quot;:&quot;&quot;,&quot;sizes&quot;:[]},&quot;_transform_scale_effect_hover_tablet&quot;:{&quot;unit&quot;:&quot;px&quot;,&quot;size&quot;:&quot;&quot;,&quot;sizes&quot;:[]},&quot;_transform_scale_effect_hover_mobile&quot;:{&quot;unit&quot;:&quot;px&quot;,&quot;size&quot;:&quot;&quot;,&quot;sizes&quot;:[]}}\" data-widget_type=\"button.default\">\n\t\t\t\t<div class=\"elementor-widget-container\">\n\t\t\t\t\t\t\t\t\t<div class=\"elementor-button-wrapper\">\n\t\t\t\t\t<a class=\"elementor-button elementor-button-link elementor-size-lg\" href=\"#serviceteam\">\n\t\t\t\t\t\t<span class=\"elementor-button-content-wrapper\">\n\t\t\t\t\t\t\t\t\t<span class=\"elementor-button-text\">Demander maintenant<\/span>\n\t\t\t\t\t<\/span>\n\t\t\t\t\t<\/a>\n\t\t\t\t<\/div>\n\t\t\t\t\t\t\t\t<\/div>\n\t\t\t\t<\/div>\n\t\t\t\t<\/div>\n\t\t<div data-particle_enable=\"false\" data-particle-mobile-disabled=\"false\" class=\"elementor-element elementor-element-2dabeff e-con-full e-flex e-con e-child\" data-id=\"2dabeff\" data-element_type=\"container\">\n\t\t\t\t<div class=\"elementor-element elementor-element-b2cab8d elementor-widget elementor-widget-image\" data-id=\"b2cab8d\" data-element_type=\"widget\" data-widget_type=\"image.default\">\n\t\t\t\t<div class=\"elementor-widget-container\">\n\t\t\t\t\t\t\t\t\t\t\t\t\t\t\t<img decoding=\"async\" width=\"800\" height=\"334\" src=\"https:\/\/konferenztechnik.de\/wp-content\/uploads\/2024\/04\/Extron-wc-pro160-controller-1024x427.jpg\" class=\"attachment-large size-large wp-image-44919\" alt=\"\" srcset=\"https:\/\/konferenztechnik.de\/wp-content\/uploads\/2024\/04\/Extron-wc-pro160-controller-1024x427.jpg 1024w, https:\/\/konferenztechnik.de\/wp-content\/uploads\/2024\/04\/Extron-wc-pro160-controller-300x125.jpg 300w, https:\/\/konferenztechnik.de\/wp-content\/uploads\/2024\/04\/Extron-wc-pro160-controller-768x321.jpg 768w, https:\/\/konferenztechnik.de\/wp-content\/uploads\/2024\/04\/Extron-wc-pro160-controller-18x8.jpg 18w, https:\/\/konferenztechnik.de\/wp-content\/uploads\/2024\/04\/Extron-wc-pro160-controller.jpg 1500w\" sizes=\"(max-width: 800px) 100vw, 800px\" title=\"\">\t\t\t\t\t\t\t\t\t\t\t\t\t\t\t<\/div>\n\t\t\t\t<\/div>\n\t\t\t\t<\/div>\n\t\t\t\t\t<\/div>\n\t\t\t\t<\/div>\n\t\t\t\t<\/div>","protected":false},"excerpt":{"rendered":"<p>Green AV : Allumer et \u00e9teindre les \u00e9crans de mani\u00e8re automatis\u00e9e. Des capteurs de pr\u00e9sence et des contr\u00f4leurs permettent d'allumer et d'\u00e9teindre automatiquement les \u00e9crans. Cela permet d'augmenter le confort et la convivialit\u00e9 et de r\u00e9duire la consommation d'\u00e9nergie.<\/p>","protected":false},"author":1,"featured_media":44948,"comment_status":"closed","ping_status":"closed","sticky":false,"template":"","format":"standard","meta":{"_acf_changed":false,"footnotes":""},"categories":[22,39,19],"tags":[46],"class_list":["post-44900","post","type-post","status-publish","format-standard","has-post-thumbnail","hentry","category-installation","category-produkte","category-zukunft","tag-vertrieb"],"acf":[],"_links":{"self":[{"href":"https:\/\/konferenztechnik.de\/fr\/wp-json\/wp\/v2\/posts\/44900","targetHints":{"allow":["GET"]}}],"collection":[{"href":"https:\/\/konferenztechnik.de\/fr\/wp-json\/wp\/v2\/posts"}],"about":[{"href":"https:\/\/konferenztechnik.de\/fr\/wp-json\/wp\/v2\/types\/post"}],"author":[{"embeddable":true,"href":"https:\/\/konferenztechnik.de\/fr\/wp-json\/wp\/v2\/users\/1"}],"replies":[{"embeddable":true,"href":"https:\/\/konferenztechnik.de\/fr\/wp-json\/wp\/v2\/comments?post=44900"}],"version-history":[{"count":0,"href":"https:\/\/konferenztechnik.de\/fr\/wp-json\/wp\/v2\/posts\/44900\/revisions"}],"wp:featuredmedia":[{"embeddable":true,"href":"https:\/\/konferenztechnik.de\/fr\/wp-json\/wp\/v2\/media\/44948"}],"wp:attachment":[{"href":"https:\/\/konferenztechnik.de\/fr\/wp-json\/wp\/v2\/media?parent=44900"}],"wp:term":[{"taxonomy":"category","embeddable":true,"href":"https:\/\/konferenztechnik.de\/fr\/wp-json\/wp\/v2\/categories?post=44900"},{"taxonomy":"post_tag","embeddable":true,"href":"https:\/\/konferenztechnik.de\/fr\/wp-json\/wp\/v2\/tags?post=44900"}],"curies":[{"name":"wp","href":"https:\/\/api.w.org\/{rel}","templated":true}]}}