{"id":49331,"date":"2026-01-29T11:26:39","date_gmt":"2026-01-29T10:26:39","guid":{"rendered":"https:\/\/konferenztechnik.de\/?p=49331"},"modified":"2026-01-29T11:51:12","modified_gmt":"2026-01-29T10:51:12","slug":"innex-omni-la-camera-de-conference-360-avec-resolution-4k","status":"publish","type":"post","link":"https:\/\/konferenztechnik.de\/fr\/innex-omni-la-camera-de-conference-360-avec-resolution-4k\/","title":{"rendered":"Innex Omni \u2013 la cam\u00e9ra de conf\u00e9rence 360\u00b0 avec r\u00e9solution 4K"},"content":{"rendered":"\t\t<div data-elementor-type=\"wp-post\" data-elementor-id=\"49331\" class=\"elementor elementor-49331\" data-elementor-post-type=\"post\">\n\t\t\t\t<div data-particle_enable=\"false\" data-particle-mobile-disabled=\"false\" class=\"elementor-element elementor-element-59ad04c e-flex e-con-boxed e-con e-parent\" data-id=\"59ad04c\" data-element_type=\"container\" data-e-type=\"container\">\n\t\t\t\t\t<div class=\"e-con-inner\">\n\t\t<div data-particle_enable=\"false\" data-particle-mobile-disabled=\"false\" class=\"elementor-element elementor-element-be8f800 e-flex e-con-boxed e-con e-child\" data-id=\"be8f800\" data-element_type=\"container\" data-e-type=\"container\">\n\t\t\t\t\t<div class=\"e-con-inner\">\n\t\t\t\t<div class=\"elementor-element elementor-element-0afdee1 elementor-widget elementor-widget-heading\" data-id=\"0afdee1\" data-element_type=\"widget\" data-e-type=\"widget\" data-settings=\"{&quot;_animation&quot;:&quot;none&quot;}\" data-widget_type=\"heading.default\">\n\t\t\t\t<div class=\"elementor-widget-container\">\n\t\t\t\t\t<h1 class=\"elementor-heading-title elementor-size-default\">Innex Omni \u2013 die 360\u00b0-Konferenzkamera mit 4K-Aufl\u00f6sung f\u00fcr moderne Hybrid-Meetings<\/h1>\t\t\t\t<\/div>\n\t\t\t\t<\/div>\n\t\t\t\t\t<\/div>\n\t\t\t\t<\/div>\n\t\t<div data-particle_enable=\"false\" data-particle-mobile-disabled=\"false\" class=\"elementor-element elementor-element-80d832c e-grid e-con-boxed e-con e-child\" data-id=\"80d832c\" data-element_type=\"container\" data-e-type=\"container\">\n\t\t\t\t\t<div class=\"e-con-inner\">\n\t\t\t\t<div class=\"elementor-element elementor-element-99559f5 elementor-widget elementor-widget-image\" data-id=\"99559f5\" data-element_type=\"widget\" data-e-type=\"widget\" data-widget_type=\"image.default\">\n\t\t\t\t<div class=\"elementor-widget-container\">\n\t\t\t\t\t\t\t\t\t\t\t\t\t\t\t<img fetchpriority=\"high\" decoding=\"async\" width=\"800\" height=\"800\" src=\"https:\/\/konferenztechnik.de\/wp-content\/uploads\/2026\/01\/innex-omni-360-4k-AI-Konferenz-Kamera-1024x1024.avif\" class=\"attachment-large size-large wp-image-49334\" alt=\"\" srcset=\"https:\/\/konferenztechnik.de\/wp-content\/uploads\/2026\/01\/innex-omni-360-4k-AI-Konferenz-Kamera-1024x1024.avif 1024w, https:\/\/konferenztechnik.de\/wp-content\/uploads\/2026\/01\/innex-omni-360-4k-AI-Konferenz-Kamera-300x300.avif 300w, https:\/\/konferenztechnik.de\/wp-content\/uploads\/2026\/01\/innex-omni-360-4k-AI-Konferenz-Kamera-150x150.avif 150w, https:\/\/konferenztechnik.de\/wp-content\/uploads\/2026\/01\/innex-omni-360-4k-AI-Konferenz-Kamera-768x768.avif 768w, https:\/\/konferenztechnik.de\/wp-content\/uploads\/2026\/01\/innex-omni-360-4k-AI-Konferenz-Kamera-1536x1536.avif 1536w, https:\/\/konferenztechnik.de\/wp-content\/uploads\/2026\/01\/innex-omni-360-4k-AI-Konferenz-Kamera-12x12.avif 12w, https:\/\/konferenztechnik.de\/wp-content\/uploads\/2026\/01\/innex-omni-360-4k-AI-Konferenz-Kamera.avif 1600w\" sizes=\"(max-width: 800px) 100vw, 800px\" title=\"\">\t\t\t\t\t\t\t\t\t\t\t\t\t\t\t<\/div>\n\t\t\t\t<\/div>\n\t\t\t\t<div class=\"elementor-element elementor-element-477df0c content-align-cta-default elementor-widget elementor-widget-eael-cta-box\" data-id=\"477df0c\" data-element_type=\"widget\" data-e-type=\"widget\" data-widget_type=\"eael-cta-box.default\">\n\t\t\t\t<div class=\"elementor-widget-container\">\n\t\t\t\t\t\t\t<div class=\"eael-call-to-action cta-basic bg-lite cta-preset-1\">\n        <h2 class=\"title eael-cta-heading\">Innex Omni<\/h2><p><img decoding=\"async\" class=\"alignnone wp-image-49297\" src=\"https:\/\/konferenztechnik.de\/wp-content\/uploads\/2026\/01\/neue-konferenztechnik.svg\" alt=\"\" width=\"99\" height=\"99\" title=\"\"><\/p><p>\u2022 360\u00b0-Rundumsicht<\/p><p>\u2022 Vier 4K-Kameras<\/p><p>\u2022 KI-Personentracking<\/p><p>\u2022 Sprecher*innen-Fokussierung<\/p><p>\u2022 Bidirektionale Ger\u00e4uschfilter<\/p><a href=\"#kontaktbox\" class=\"cta-button cta-preset-1  \">Jetzt anfragen<\/a>\t<\/div>\n\t\t\t\t\t\t\t\t<\/div>\n\t\t\t\t<\/div>\n\t\t\t\t\t<\/div>\n\t\t\t\t<\/div>\n\t\t<div data-particle_enable=\"false\" data-particle-mobile-disabled=\"false\" class=\"elementor-element elementor-element-aaa82cd e-flex e-con-boxed e-con e-child\" data-id=\"aaa82cd\" data-element_type=\"container\" data-e-type=\"container\">\n\t\t\t\t\t<div class=\"e-con-inner\">\n\t\t\t\t<div class=\"elementor-element elementor-element-996ce7d elementor-widget__width-inherit elementor-widget elementor-widget-text-editor\" data-id=\"996ce7d\" data-element_type=\"widget\" data-e-type=\"widget\" data-widget_type=\"text-editor.default\">\n\t\t\t\t<div class=\"elementor-widget-container\">\n\t\t\t\t\t\t\t\t\t<p>Die Anforderungen an Konferenztechnik steigen: Kameras sollen alle Teilnehmer<i>innen im Raum erfassen, Sprecher<\/i>innen automatisch in den Fokus r\u00fccken, St\u00f6rger\u00e4usche ausblenden und sich nahtlos in bestehende Meeting-Setups integrieren. Genau hier setzt der Innex Omni an \u2013 eine 360-Grad-Konferenzkamera mit integrierter KI, Vierfach-4K-Bild und durchdachtem Audiokonzept f\u00fcr professionelle Konferenzen, Tagungen und Hybrid-Events.<\/p><p>\u00a0<\/p><p>Im folgenden Artikel zeigen wir, was den Innex Omni technisch auszeichnet, f\u00fcr welche Einsatzszenarien er sich anbietet und worauf Sie bei der Planung Ihrer Konferenzr\u00e4ume achten sollten.<\/p>\t\t\t\t\t\t\t\t<\/div>\n\t\t\t\t<\/div>\n\t\t\t\t<div class=\"elementor-element elementor-element-c8b2497 elementor-toc--minimized-on-tablet elementor-widget elementor-widget-table-of-contents\" data-id=\"c8b2497\" data-element_type=\"widget\" data-e-type=\"widget\" data-settings=\"{&quot;headings_by_tags&quot;:[&quot;h2&quot;],&quot;no_headings_message&quot;:&quot;Es wurden keine \\u00dcberschriften auf dieser Seite gefunden.&quot;,&quot;marker_view&quot;:&quot;numbers&quot;,&quot;minimize_box&quot;:&quot;yes&quot;,&quot;minimized_on&quot;:&quot;tablet&quot;,&quot;hierarchical_view&quot;:&quot;yes&quot;,&quot;min_height&quot;:{&quot;unit&quot;:&quot;px&quot;,&quot;size&quot;:&quot;&quot;,&quot;sizes&quot;:[]},&quot;min_height_widescreen&quot;:{&quot;unit&quot;:&quot;px&quot;,&quot;size&quot;:&quot;&quot;,&quot;sizes&quot;:[]},&quot;min_height_laptop&quot;:{&quot;unit&quot;:&quot;px&quot;,&quot;size&quot;:&quot;&quot;,&quot;sizes&quot;:[]},&quot;min_height_tablet_extra&quot;:{&quot;unit&quot;:&quot;px&quot;,&quot;size&quot;:&quot;&quot;,&quot;sizes&quot;:[]},&quot;min_height_tablet&quot;:{&quot;unit&quot;:&quot;px&quot;,&quot;size&quot;:&quot;&quot;,&quot;sizes&quot;:[]},&quot;min_height_mobile&quot;:{&quot;unit&quot;:&quot;px&quot;,&quot;size&quot;:&quot;&quot;,&quot;sizes&quot;:[]}}\" data-widget_type=\"table-of-contents.default\">\n\t\t\t\t<div class=\"elementor-widget-container\">\n\t\t\t\t\t\t\t\t\t<div class=\"elementor-toc__header\">\n\t\t\t\t\t\t<h2 class=\"elementor-toc__header-title\">\n\t\t\t\tInhaltsverzeichnis\t\t\t<\/h2>\n\t\t\t\t\t\t\t\t\t\t<div class=\"elementor-toc__toggle-button elementor-toc__toggle-button--expand\" role=\"button\" tabindex=\"0\" aria-controls=\"elementor-toc__c8b2497\" aria-expanded=\"true\" aria-label=\"Ouvrir la table des mati\u00e8res\"><svg aria-hidden=\"true\" class=\"e-font-icon-svg e-fas-chevron-down\" viewBox=\"0 0 448 512\" xmlns=\"http:\/\/www.w3.org\/2000\/svg\"><path d=\"M207.029 381.476L12.686 187.132c-9.373-9.373-9.373-24.569 0-33.941l22.667-22.667c9.357-9.357 24.522-9.375 33.901-.04L224 284.505l154.745-154.021c9.379-9.335 24.544-9.317 33.901.04l22.667 22.667c9.373 9.373 9.373 24.569 0 33.941L240.971 381.476c-9.373 9.372-24.569 9.372-33.942 0z\"><\/path><\/svg><\/div>\n\t\t\t\t<div class=\"elementor-toc__toggle-button elementor-toc__toggle-button--collapse\" role=\"button\" tabindex=\"0\" aria-controls=\"elementor-toc__c8b2497\" aria-expanded=\"true\" aria-label=\"Fermer la table des mati\u00e8res\"><svg aria-hidden=\"true\" class=\"e-font-icon-svg e-fas-chevron-up\" viewBox=\"0 0 448 512\" xmlns=\"http:\/\/www.w3.org\/2000\/svg\"><path d=\"M240.971 130.524l194.343 194.343c9.373 9.373 9.373 24.569 0 33.941l-22.667 22.667c-9.357 9.357-24.522 9.375-33.901.04L224 227.495 69.255 381.516c-9.379 9.335-24.544 9.317-33.901-.04l-22.667-22.667c-9.373-9.373-9.373-24.569 0-33.941L207.03 130.525c9.372-9.373 24.568-9.373 33.941-.001z\"><\/path><\/svg><\/div>\n\t\t\t\t\t<\/div>\n\t\t\t\t<div id=\"elementor-toc__c8b2497\" class=\"elementor-toc__body\">\n\t\t\t<div class=\"elementor-toc__spinner-container\">\n\t\t\t\t<svg class=\"elementor-toc__spinner eicon-animation-spin e-font-icon-svg e-eicon-loading\" aria-hidden=\"true\" viewBox=\"0 0 1000 1000\" xmlns=\"http:\/\/www.w3.org\/2000\/svg\"><path d=\"M500 975V858C696 858 858 696 858 500S696 142 500 142 142 304 142 500H25C25 237 238 25 500 25S975 237 975 500 763 975 500 975Z\"><\/path><\/svg>\t\t\t<\/div>\n\t\t<\/div>\n\t\t\t\t\t\t<\/div>\n\t\t\t\t<\/div>\n\t\t\t\t\t<\/div>\n\t\t\t\t<\/div>\n\t\t<div data-particle_enable=\"false\" data-particle-mobile-disabled=\"false\" class=\"elementor-element elementor-element-b3ddd01 e-flex e-con-boxed e-con e-child\" data-id=\"b3ddd01\" data-element_type=\"container\" data-e-type=\"container\">\n\t\t\t\t\t<div class=\"e-con-inner\">\n\t\t\t\t<div class=\"elementor-element elementor-element-0064566 elementor-widget elementor-widget-heading\" data-id=\"0064566\" data-element_type=\"widget\" data-e-type=\"widget\" data-settings=\"{&quot;_animation&quot;:&quot;none&quot;}\" data-widget_type=\"heading.default\">\n\t\t\t\t<div class=\"elementor-widget-container\">\n\t\t\t\t\t<h2 class=\"elementor-heading-title elementor-size-default\">360\u00b0-Rundumblick statt statischer Perspektive<\/h2>\t\t\t\t<\/div>\n\t\t\t\t<\/div>\n\t\t\t\t<div class=\"elementor-element elementor-element-74974da elementor-widget__width-inherit elementor-widget elementor-widget-text-editor\" data-id=\"74974da\" data-element_type=\"widget\" data-e-type=\"widget\" data-widget_type=\"text-editor.default\">\n\t\t\t\t<div class=\"elementor-widget-container\">\n\t\t\t\t\t\t\t\t\t<p>Der Innex Omni arbeitet mit vier 4K-Kameraobjektiven, die ein l\u00fcckenloses 360\u00b0-Panoramabild liefern. So wird der gesamte Konferenzraum erfasst \u2013 von der kleinen Besprechungsinsel bis zum gro\u00dfen Meetingraum.<\/p><p>\u00a0<\/p><p>Vorteile im Meeting-Alltag:<\/p><p>\u00a0<\/p><ul><li>Alle Personen am Tisch sind gleichzeitig im Bild<\/li><\/ul><ul><li>Nachtr\u00e4gliches \u201eNachjustieren\u201c der Perspektive entf\u00e4llt<\/li><\/ul><ul><li>Ideal f\u00fcr runde oder U-f\u00f6rmige Tischanordnungen<\/li><\/ul><ul><li>Geeignet f\u00fcr flexible R\u00e4ume, in denen M\u00f6bel h\u00e4ufiger umgestellt werden<\/li><\/ul><p>Die Bildsignale der vier Sensoren werden in Echtzeit zusammengesetzt. So entsteht ein stufenloses, sauberes 360\u00b0-Bild, das sich auch f\u00fcr anspruchsvolle Videokonferenzen und Pr\u00e4sentationen eignet.<\/p>\t\t\t\t\t\t\t\t<\/div>\n\t\t\t\t<\/div>\n\t\t\t\t<div class=\"elementor-element elementor-element-7458fb0 elementor-widget__width-inherit elementor-widget elementor-widget-text-editor\" data-id=\"7458fb0\" data-element_type=\"widget\" data-e-type=\"widget\" data-widget_type=\"text-editor.default\">\n\t\t\t\t<div class=\"elementor-widget-container\">\n\t\t\t\t\t\t\t\t\t<p>Die Videobar wird typischerweise unter oder \u00fcber dem Display montiert und \u00fcbernimmt die komplette Audio- und Videotechnik im Raum \u2013 ideal f\u00fcr standardisierte Meetingr\u00e4ume.<\/p>\t\t\t\t\t\t\t\t<\/div>\n\t\t\t\t<\/div>\n\t\t\t\t<div class=\"elementor-element elementor-element-0126caf elementor-cta--skin-cover elementor-cta--valign-bottom elementor-widget elementor-widget-call-to-action\" data-id=\"0126caf\" data-element_type=\"widget\" data-e-type=\"widget\" data-widget_type=\"call-to-action.default\">\n\t\t\t\t<div class=\"elementor-widget-container\">\n\t\t\t\t\t\t\t<div class=\"elementor-cta\">\n\t\t\t\t\t<div class=\"elementor-cta__bg-wrapper\">\n\t\t\t\t<div class=\"elementor-cta__bg elementor-bg\" style=\"background-image: url(https:\/\/konferenztechnik.de\/wp-content\/uploads\/2026\/01\/rundum-4k-AI-Konferenz-Kamera-inner-omni-1536x857.avif);\" role=\"img\" aria-label=\"rundum-4k-AI-Konferenz-Kamera-inner-omni\"><\/div>\n\t\t\t\t<div class=\"elementor-cta__bg-overlay\"><\/div>\n\t\t\t<\/div>\n\t\t\t\t\t\t\t<div class=\"elementor-cta__content\">\n\t\t\t\t\n\t\t\t\t\n\t\t\t\t\n\t\t\t\t\t\t\t\t\t<div class=\"elementor-cta__button-wrapper elementor-cta__content-item elementor-content-item \">\n\t\t\t\t\t<a class=\"elementor-cta__button elementor-button elementor-size-lg\" href=\"#kontaktbox\">\n\t\t\t\t\t\tJetzt anfragen\t\t\t\t\t<\/a>\n\t\t\t\t\t<\/div>\n\t\t\t\t\t\t\t<\/div>\n\t\t\t\t\t\t<\/div>\n\t\t\t\t\t\t<\/div>\n\t\t\t\t<\/div>\n\t\t\t\t<div class=\"elementor-element elementor-element-14cd03c elementor-widget elementor-widget-spacer\" data-id=\"14cd03c\" data-element_type=\"widget\" data-e-type=\"widget\" data-widget_type=\"spacer.default\">\n\t\t\t\t<div class=\"elementor-widget-container\">\n\t\t\t\t\t\t\t<div class=\"elementor-spacer\">\n\t\t\t<div class=\"elementor-spacer-inner\"><\/div>\n\t\t<\/div>\n\t\t\t\t\t\t<\/div>\n\t\t\t\t<\/div>\n\t\t\t\t<div class=\"elementor-element elementor-element-e1f6e3c elementor-widget elementor-widget-heading\" data-id=\"e1f6e3c\" data-element_type=\"widget\" data-e-type=\"widget\" data-settings=\"{&quot;_animation&quot;:&quot;none&quot;}\" data-widget_type=\"heading.default\">\n\t\t\t\t<div class=\"elementor-widget-container\">\n\t\t\t\t\t<h2 class=\"elementor-heading-title elementor-size-default\">4K-Kameraqualit\u00e4t f\u00fcr professionelle Konferenzen<\/h2>\t\t\t\t<\/div>\n\t\t\t\t<\/div>\n\t\t\t\t<div class=\"elementor-element elementor-element-a5d5df3 elementor-widget__width-inherit elementor-widget elementor-widget-text-editor\" data-id=\"a5d5df3\" data-element_type=\"widget\" data-e-type=\"widget\" data-widget_type=\"text-editor.default\">\n\t\t\t\t<div class=\"elementor-widget-container\">\n\t\t\t\t\t\t\t\t\t<p>Mit einer maximalen Aufl\u00f6sung von 4K (3840 x 2160 bei 30 fps) liefert der Innex Omni ein gestochen scharfes Bild. Auch bei reduzierter Bandbreite stehen Full-HD- und HD-Aufl\u00f6sungen zur Verf\u00fcgung, sodass sich die Kamera flexibel an unterschiedliche Netzwerksituationen anpassen l\u00e4sst.<\/p><p>Technische Kernpunkte im \u00dcberblick:<\/p><p>\u00a0<\/p><ul><li>Vier 8-Megapixel-CMOS-Sensoren<\/li><\/ul><ul><li>Max. Sichtfeld: 360\u00b0 horizontal, 60\u00b0 vertikal<\/li><\/ul><ul><li>HDR-Unterst\u00fctzung f\u00fcr bessere Kontraste<\/li><\/ul><ul><li>Automatischer Wei\u00dfabgleich und automatische Belichtung<\/li><\/ul><p>Gerade in Konferenzr\u00e4umen mit Mischlicht, Glasfl\u00e4chen oder Pr\u00e4sentationsfl\u00e4chen sorgt diese Bildoptimierung daf\u00fcr, dass Gesichter und Inhalte gut erkennbar bleiben.<\/p>\t\t\t\t\t\t\t\t<\/div>\n\t\t\t\t<\/div>\n\t\t\t\t<div class=\"elementor-element elementor-element-df7f8d4 elementor-widget elementor-widget-image\" data-id=\"df7f8d4\" data-element_type=\"widget\" data-e-type=\"widget\" data-widget_type=\"image.default\">\n\t\t\t\t<div class=\"elementor-widget-container\">\n\t\t\t\t\t\t\t\t\t\t\t\t\t\t\t<img decoding=\"async\" width=\"800\" height=\"442\" src=\"https:\/\/konferenztechnik.de\/wp-content\/uploads\/2026\/01\/Focus_zone-ai-Kamera-innex-omni-360.gif\" class=\"attachment-large size-large wp-image-49336\" alt=\"\" title=\"\">\t\t\t\t\t\t\t\t\t\t\t\t\t\t\t<\/div>\n\t\t\t\t<\/div>\n\t\t\t\t<div class=\"elementor-element elementor-element-5a292fb elementor-widget elementor-widget-spacer\" data-id=\"5a292fb\" data-element_type=\"widget\" data-e-type=\"widget\" data-widget_type=\"spacer.default\">\n\t\t\t\t<div class=\"elementor-widget-container\">\n\t\t\t\t\t\t\t<div class=\"elementor-spacer\">\n\t\t\t<div class=\"elementor-spacer-inner\"><\/div>\n\t\t<\/div>\n\t\t\t\t\t\t<\/div>\n\t\t\t\t<\/div>\n\t\t\t\t<div class=\"elementor-element elementor-element-c0711c2 elementor-widget elementor-widget-heading\" data-id=\"c0711c2\" data-element_type=\"widget\" data-e-type=\"widget\" data-settings=\"{&quot;_animation&quot;:&quot;none&quot;}\" data-widget_type=\"heading.default\">\n\t\t\t\t<div class=\"elementor-widget-container\">\n\t\t\t\t\t<h2 class=\"elementor-heading-title elementor-size-default\">KI an Bord: Personen-, Sprecher- und Bewegungstracking<\/h2>\t\t\t\t<\/div>\n\t\t\t\t<\/div>\n\t\t\t\t<div class=\"elementor-element elementor-element-43ecf91 elementor-widget__width-inherit elementor-widget elementor-widget-text-editor\" data-id=\"43ecf91\" data-element_type=\"widget\" data-e-type=\"widget\" data-widget_type=\"text-editor.default\">\n\t\t\t\t<div class=\"elementor-widget-container\">\n\t\t\t\t\t\t\t\t\t<p>Ein zentrales Merkmal des Innex Omni ist die integrierte KI, die nicht nur das Bild, sondern auch die Interaktion im Raum intelligent steuert.<\/p>\t\t\t\t\t\t\t\t<\/div>\n\t\t\t\t<\/div>\n\t\t\t\t<div class=\"elementor-element elementor-element-0a18cc0 elementor-widget elementor-widget-heading\" data-id=\"0a18cc0\" data-element_type=\"widget\" data-e-type=\"widget\" data-settings=\"{&quot;_animation&quot;:&quot;none&quot;}\" data-widget_type=\"heading.default\">\n\t\t\t\t<div class=\"elementor-widget-container\">\n\t\t\t\t\t<h3 class=\"elementor-heading-title elementor-size-default\">Personentracking und Sprecherfokussierung<\/h3>\t\t\t\t<\/div>\n\t\t\t\t<\/div>\n\t\t\t\t<div class=\"elementor-element elementor-element-9b9ce25 elementor-widget__width-inherit elementor-widget elementor-widget-text-editor\" data-id=\"9b9ce25\" data-element_type=\"widget\" data-e-type=\"widget\" data-widget_type=\"text-editor.default\">\n\t\t\t\t<div class=\"elementor-widget-container\">\n\t\t\t\t\t\t\t\t\t<p>Die Kamera erkennt, wo Personen sitzen und wer spricht. Das Bild kann automatisch auf die aktive Person zoomen oder relevante Bereiche hervorheben. Das sorgt f\u00fcr eine Meeting-Ansicht, die sich dynamisch an das Gespr\u00e4ch anpasst \u2013 ohne manuelle Kamerasteuerung.<\/p><ul><li>Automatische Erkennung von Personen im Raum<\/li><\/ul><ul><li>Dynamische Anpassung des Bildausschnitts in Echtzeit<\/li><\/ul><ul><li>Pr\u00e4zise Sprecherverfolgung f\u00fcr klaren Fokus in der Diskussion<\/li><\/ul><p>Gerade bei hybriden Meetings f\u00fchlen sich externe Teilnehmer*innen dadurch st\u00e4rker eingebunden, weil sie dem Gespr\u00e4ch intuitiv folgen k\u00f6nnen \u2013 \u00e4hnlich wie in einem Pr\u00e4senzmeeting.<\/p>\t\t\t\t\t\t\t\t<\/div>\n\t\t\t\t<\/div>\n\t\t\t\t<div class=\"elementor-element elementor-element-a7cd85e elementor-widget elementor-widget-heading\" data-id=\"a7cd85e\" data-element_type=\"widget\" data-e-type=\"widget\" data-settings=\"{&quot;_animation&quot;:&quot;none&quot;}\" data-widget_type=\"heading.default\">\n\t\t\t\t<div class=\"elementor-widget-container\">\n\t\t\t\t\t<h2 class=\"elementor-heading-title elementor-size-default\">Klare Sprache dank bidirektionaler Ger\u00e4uschunterdr\u00fcckung<\/h2>\t\t\t\t<\/div>\n\t\t\t\t<\/div>\n\t\t<div data-particle_enable=\"false\" data-particle-mobile-disabled=\"false\" class=\"elementor-element elementor-element-9787730 e-grid e-con-full e-con e-child\" data-id=\"9787730\" data-element_type=\"container\" data-e-type=\"container\">\n\t\t\t\t<div class=\"elementor-element elementor-element-8b81d3b elementor-widget__width-inherit elementor-widget elementor-widget-text-editor\" data-id=\"8b81d3b\" data-element_type=\"widget\" data-e-type=\"widget\" data-widget_type=\"text-editor.default\">\n\t\t\t\t<div class=\"elementor-widget-container\">\n\t\t\t\t\t\t\t\t\t<p>Neben dem Bild ist der Ton entscheidend f\u00fcr die Qualit\u00e4t eines Meetings. Der Innex Omni setzt auf ein durchdachtes Audio-Setup mit mehreren Mikrofonen, Beamforming und bidirektionaler Ger\u00e4uschunterdr\u00fcckung.<\/p><p>\u00a0<\/p><p>Besonders interessant ist die definierbare Fokuszone: Stimmen innerhalb eines ausgew\u00e4hlten Bereichs (z.B. 90\u00b0, 135\u00b0 oder 180\u00b0) werden hervorgehoben, w\u00e4hrend Ger\u00e4usche au\u00dferhalb gezielt abgeschw\u00e4cht werden. Das ist ideal f\u00fcr Konferenzr\u00e4ume, die sich offen in gr\u00f6\u00dfere B\u00fcrolandschaften integrieren oder in denen parallel andere Aktivit\u00e4ten stattfinden.<\/p>\t\t\t\t\t\t\t\t<\/div>\n\t\t\t\t<\/div>\n\t\t\t\t<div class=\"elementor-element elementor-element-ac8b9ee elementor-widget elementor-widget-image\" data-id=\"ac8b9ee\" data-element_type=\"widget\" data-e-type=\"widget\" data-widget_type=\"image.default\">\n\t\t\t\t<div class=\"elementor-widget-container\">\n\t\t\t\t\t\t\t\t\t\t\t\t\t\t\t<img loading=\"lazy\" decoding=\"async\" width=\"768\" height=\"768\" src=\"https:\/\/konferenztechnik.de\/wp-content\/uploads\/2026\/01\/guter-sound-konferenzraum.avif\" class=\"attachment-large size-large wp-image-49337\" alt=\"\" srcset=\"https:\/\/konferenztechnik.de\/wp-content\/uploads\/2026\/01\/guter-sound-konferenzraum.avif 768w, https:\/\/konferenztechnik.de\/wp-content\/uploads\/2026\/01\/guter-sound-konferenzraum-300x300.avif 300w, https:\/\/konferenztechnik.de\/wp-content\/uploads\/2026\/01\/guter-sound-konferenzraum-150x150.avif 150w, https:\/\/konferenztechnik.de\/wp-content\/uploads\/2026\/01\/guter-sound-konferenzraum-12x12.avif 12w\" sizes=\"(max-width: 768px) 100vw, 768px\" title=\"\">\t\t\t\t\t\t\t\t\t\t\t\t\t\t\t<\/div>\n\t\t\t\t<\/div>\n\t\t\t\t<\/div>\n\t\t<div data-particle_enable=\"false\" data-particle-mobile-disabled=\"false\" class=\"elementor-element elementor-element-2ebc623 e-grid e-con-full e-con e-child\" data-id=\"2ebc623\" data-element_type=\"container\" data-e-type=\"container\">\n\t\t\t\t<div class=\"elementor-element elementor-element-c1b5128 elementor-widget__width-inherit elementor-widget elementor-widget-text-editor\" data-id=\"c1b5128\" data-element_type=\"widget\" data-e-type=\"widget\" data-widget_type=\"text-editor.default\">\n\t\t\t\t<div class=\"elementor-widget-container\">\n\t\t\t\t\t\t\t\t\t<p>Wesentliche Audiofunktionen:<\/p><ul><li>DOA-Mikrofon-Array (Direction of Arrival) zur Richtungserkennung<\/li><\/ul><ul><li>KI-basierte Rauschunterdr\u00fcckung (z.B. L\u00fcfter, Tastaturklackern, Umgebungsger\u00e4usche)<\/li><\/ul><ul><li>Akustische Echounterdr\u00fcckung f\u00fcr saubere Konferenz-Audioqualit\u00e4t<\/li><\/ul><ul><li>Nachhallunterdr\u00fcckung f\u00fcr hallige R\u00e4ume<\/li><li>Bidirektionale Noise-Cancellation: St\u00f6rger\u00e4usche werden sowohl auf der lokalen als auch auf der entfernten Seite reduziert<\/li><\/ul>\t\t\t\t\t\t\t\t<\/div>\n\t\t\t\t<\/div>\n\t\t\t\t<div class=\"elementor-element elementor-element-1b585de elementor-widget elementor-widget-image\" data-id=\"1b585de\" data-element_type=\"widget\" data-e-type=\"widget\" data-widget_type=\"image.default\">\n\t\t\t\t<div class=\"elementor-widget-container\">\n\t\t\t\t\t\t\t\t\t\t\t\t\t\t\t<img loading=\"lazy\" decoding=\"async\" width=\"454\" height=\"564\" src=\"https:\/\/konferenztechnik.de\/wp-content\/uploads\/2026\/01\/Innex_omni_konferenzraum-kamera.avif\" class=\"attachment-large size-large wp-image-49338\" alt=\"\" srcset=\"https:\/\/konferenztechnik.de\/wp-content\/uploads\/2026\/01\/Innex_omni_konferenzraum-kamera.avif 454w, https:\/\/konferenztechnik.de\/wp-content\/uploads\/2026\/01\/Innex_omni_konferenzraum-kamera-241x300.avif 241w, https:\/\/konferenztechnik.de\/wp-content\/uploads\/2026\/01\/Innex_omni_konferenzraum-kamera-10x12.avif 10w\" sizes=\"(max-width: 454px) 100vw, 454px\" title=\"\">\t\t\t\t\t\t\t\t\t\t\t\t\t\t\t<\/div>\n\t\t\t\t<\/div>\n\t\t\t\t<\/div>\n\t\t\t\t<div class=\"elementor-element elementor-element-1e79d93 elementor-widget elementor-widget-spacer\" data-id=\"1e79d93\" data-element_type=\"widget\" data-e-type=\"widget\" data-widget_type=\"spacer.default\">\n\t\t\t\t<div class=\"elementor-widget-container\">\n\t\t\t\t\t\t\t<div class=\"elementor-spacer\">\n\t\t\t<div class=\"elementor-spacer-inner\"><\/div>\n\t\t<\/div>\n\t\t\t\t\t\t<\/div>\n\t\t\t\t<\/div>\n\t\t\t\t<div class=\"elementor-element elementor-element-40a320c elementor-widget elementor-widget-heading\" data-id=\"40a320c\" data-element_type=\"widget\" data-e-type=\"widget\" data-settings=\"{&quot;_animation&quot;:&quot;none&quot;}\" data-widget_type=\"heading.default\">\n\t\t\t\t<div class=\"elementor-widget-container\">\n\t\t\t\t\t<h2 class=\"elementor-heading-title elementor-size-default\">Flexible Videomodi f\u00fcr unterschiedliche Szenarien<\/h2>\t\t\t\t<\/div>\n\t\t\t\t<\/div>\n\t\t\t\t<div class=\"elementor-element elementor-element-10b31f2 elementor-widget__width-inherit elementor-widget elementor-widget-text-editor\" data-id=\"10b31f2\" data-element_type=\"widget\" data-e-type=\"widget\" data-widget_type=\"text-editor.default\">\n\t\t\t\t<div class=\"elementor-widget-container\">\n\t\t\t\t\t\t\t\t\t<p>Der Innex Omni bietet verschiedene Videomodi, die auf Knopfdruck oder per Fernbedienung gew\u00e4hlt werden k\u00f6nnen. So l\u00e4sst sich die Darstellung optimal an den jeweiligen Meetingtyp anpassen.<\/p><p>\u00a0<\/p><p>Typische Modi sind unter anderem:<\/p><p>\u00a0<\/p><ul><li>Galerieansicht: Mehrere Personen im Raum werden gleichzeitig dargestellt<\/li><\/ul><ul><li>Sprecherverfolgung: Die aktive Sprecher*in wird automatisch hervorgehoben<\/li><\/ul><ul><li>Spotlight: Fokus auf eine definierte Person oder Position, z.B. Pr\u00e4sentator*in<\/li><\/ul><ul><li>Bild-im-Bild (PiP): Kombination aus Gesamt\u00fcbersicht und Detailansicht<\/li><\/ul><ul><li>Automatische Rahmung: Der Bildausschnitt passt sich der Gruppengr\u00f6\u00dfe an<\/li><\/ul><ul><li>Manuelle Steuerung: Feste Perspektiven und Ausschnitte f\u00fcr wiederkehrende Setups<\/li><\/ul><p>F\u00fcr Unternehmen, die regelm\u00e4\u00dfig hybride Workshops, Schulungen oder Projektmeetings durchf\u00fchren, entsteht so ein hoher Bedienkomfort: Einmal konfigurierte Setups lassen sich schnell aufrufen und wiederverwenden.<\/p>\t\t\t\t\t\t\t\t<\/div>\n\t\t\t\t<\/div>\n\t\t\t\t<div class=\"elementor-element elementor-element-f4ff4d5 elementor-widget elementor-widget-spacer\" data-id=\"f4ff4d5\" data-element_type=\"widget\" data-e-type=\"widget\" data-widget_type=\"spacer.default\">\n\t\t\t\t<div class=\"elementor-widget-container\">\n\t\t\t\t\t\t\t<div class=\"elementor-spacer\">\n\t\t\t<div class=\"elementor-spacer-inner\"><\/div>\n\t\t<\/div>\n\t\t\t\t\t\t<\/div>\n\t\t\t\t<\/div>\n\t\t<div data-particle_enable=\"false\" data-particle-mobile-disabled=\"false\" class=\"elementor-element elementor-element-2a7d694 e-con-full e-flex e-con e-child\" data-id=\"2a7d694\" data-element_type=\"container\" data-e-type=\"container\">\n\t\t\t\t<div class=\"elementor-element elementor-element-24db6d7 elementor-align-right e-transform elementor-widget elementor-widget-button\" data-id=\"24db6d7\" data-element_type=\"widget\" data-e-type=\"widget\" data-settings=\"{&quot;_transform_scale_effect_hover&quot;:{&quot;unit&quot;:&quot;px&quot;,&quot;size&quot;:1.100000000000000088817841970012523233890533447265625,&quot;sizes&quot;:[]},&quot;_transform_scale_effect_hover_widescreen&quot;:{&quot;unit&quot;:&quot;px&quot;,&quot;size&quot;:&quot;&quot;,&quot;sizes&quot;:[]},&quot;_transform_scale_effect_hover_laptop&quot;:{&quot;unit&quot;:&quot;px&quot;,&quot;size&quot;:&quot;&quot;,&quot;sizes&quot;:[]},&quot;_transform_scale_effect_hover_tablet_extra&quot;:{&quot;unit&quot;:&quot;px&quot;,&quot;size&quot;:&quot;&quot;,&quot;sizes&quot;:[]},&quot;_transform_scale_effect_hover_tablet&quot;:{&quot;unit&quot;:&quot;px&quot;,&quot;size&quot;:&quot;&quot;,&quot;sizes&quot;:[]},&quot;_transform_scale_effect_hover_mobile&quot;:{&quot;unit&quot;:&quot;px&quot;,&quot;size&quot;:&quot;&quot;,&quot;sizes&quot;:[]}}\" data-widget_type=\"button.default\">\n\t\t\t\t<div class=\"elementor-widget-container\">\n\t\t\t\t\t\t\t\t\t<div class=\"elementor-button-wrapper\">\n\t\t\t\t\t<a class=\"elementor-button elementor-button-link elementor-size-lg\" href=\"#serviceteam\">\n\t\t\t\t\t\t<span class=\"elementor-button-content-wrapper\">\n\t\t\t\t\t\t\t\t\t<span class=\"elementor-button-text\">Jetzt anfragen<\/span>\n\t\t\t\t\t<\/span>\n\t\t\t\t\t<\/a>\n\t\t\t\t<\/div>\n\t\t\t\t\t\t\t\t<\/div>\n\t\t\t\t<\/div>\n\t\t\t\t<\/div>\n\t\t\t\t<div class=\"elementor-element elementor-element-ba54505 elementor-widget elementor-widget-heading\" data-id=\"ba54505\" data-element_type=\"widget\" data-e-type=\"widget\" data-settings=\"{&quot;_animation&quot;:&quot;none&quot;}\" data-widget_type=\"heading.default\">\n\t\t\t\t<div class=\"elementor-widget-container\">\n\t\t\t\t\t<h2 class=\"elementor-heading-title elementor-size-default\">Sicherheit und Privatsph\u00e4re im Konferenzraum<\/h2>\t\t\t\t<\/div>\n\t\t\t\t<\/div>\n\t\t\t\t<div class=\"elementor-element elementor-element-1753e50 elementor-widget elementor-widget-image\" data-id=\"1753e50\" data-element_type=\"widget\" data-e-type=\"widget\" data-widget_type=\"image.default\">\n\t\t\t\t<div class=\"elementor-widget-container\">\n\t\t\t\t\t\t\t\t\t\t\t\t\t\t\t<img loading=\"lazy\" decoding=\"async\" width=\"600\" height=\"338\" src=\"https:\/\/konferenztechnik.de\/wp-content\/uploads\/2026\/01\/Datenschutz-Konferenzraum-Ton-und-Bild.gif\" class=\"attachment-large size-large wp-image-49339\" alt=\"\" title=\"\">\t\t\t\t\t\t\t\t\t\t\t\t\t\t\t<\/div>\n\t\t\t\t<\/div>\n\t\t\t\t<div class=\"elementor-element elementor-element-372a0c8 elementor-widget__width-inherit elementor-widget elementor-widget-text-editor\" data-id=\"372a0c8\" data-element_type=\"widget\" data-e-type=\"widget\" data-widget_type=\"text-editor.default\">\n\t\t\t\t<div class=\"elementor-widget-container\">\n\t\t\t\t\t\t\t\t\t<p>In vielen Organisationen spielt Datenschutz eine zentrale Rolle \u2013 insbesondere in Besprechungsr\u00e4umen, in denen sensible Inhalte diskutiert werden.<\/p><p>\u00a0<\/p><p>Der Innex Omni bietet eine physische Abdeckung mit echter Funktion:<\/p><p>Wird die Privatsph\u00e4re-Funktion aktiviert, wird das Ger\u00e4t nicht nur visuell verdeckt, sondern die Kamera wird technisch vollst\u00e4ndig deaktiviert. Das erh\u00f6ht das Sicherheitsgef\u00fchl und erf\u00fcllt oft interne Compliance-Anforderungen.<\/p><p>\u00a0<\/p><p>Zus\u00e4tzlich erleichtern Status-LEDs die schnelle Kontrolle: Auf einen Blick ist ersichtlich, ob Kamera und Mikrofone aktiv oder stummgeschaltet sind.<\/p>\t\t\t\t\t\t\t\t<\/div>\n\t\t\t\t<\/div>\n\t\t\t\t<div class=\"elementor-element elementor-element-963f79e elementor-widget elementor-widget-image\" data-id=\"963f79e\" data-element_type=\"widget\" data-e-type=\"widget\" data-widget_type=\"image.default\">\n\t\t\t\t<div class=\"elementor-widget-container\">\n\t\t\t\t\t\t\t\t\t\t\t\t\t\t\t<img loading=\"lazy\" decoding=\"async\" width=\"800\" height=\"192\" src=\"https:\/\/konferenztechnik.de\/wp-content\/uploads\/2026\/01\/multi-video-modes-konferenz-1024x246.avif\" class=\"attachment-large size-large wp-image-49343\" alt=\"\" srcset=\"https:\/\/konferenztechnik.de\/wp-content\/uploads\/2026\/01\/multi-video-modes-konferenz-1024x246.avif 1024w, https:\/\/konferenztechnik.de\/wp-content\/uploads\/2026\/01\/multi-video-modes-konferenz-300x72.avif 300w, https:\/\/konferenztechnik.de\/wp-content\/uploads\/2026\/01\/multi-video-modes-konferenz-768x184.avif 768w, https:\/\/konferenztechnik.de\/wp-content\/uploads\/2026\/01\/multi-video-modes-konferenz-18x4.avif 18w, https:\/\/konferenztechnik.de\/wp-content\/uploads\/2026\/01\/multi-video-modes-konferenz.avif 1130w\" sizes=\"(max-width: 800px) 100vw, 800px\" title=\"\">\t\t\t\t\t\t\t\t\t\t\t\t\t\t\t<\/div>\n\t\t\t\t<\/div>\n\t\t\t\t<div class=\"elementor-element elementor-element-248014e elementor-widget elementor-widget-heading\" data-id=\"248014e\" data-element_type=\"widget\" data-e-type=\"widget\" data-settings=\"{&quot;_animation&quot;:&quot;none&quot;}\" data-widget_type=\"heading.default\">\n\t\t\t\t<div class=\"elementor-widget-container\">\n\t\t\t\t\t<h2 class=\"elementor-heading-title elementor-size-default\">Typische Einsatzszenarien f\u00fcr den Innex Omni<\/h2>\t\t\t\t<\/div>\n\t\t\t\t<\/div>\n\t\t\t\t<div class=\"elementor-element elementor-element-e146dca elementor-widget__width-inherit elementor-widget elementor-widget-text-editor\" data-id=\"e146dca\" data-element_type=\"widget\" data-e-type=\"widget\" data-widget_type=\"text-editor.default\">\n\t\t\t\t<div class=\"elementor-widget-container\">\n\t\t\t\t\t\t\t\t\t<p>Durch die 360\u00b0-Aufnahme, die KI-Funktionen und die integrierte Audiotechnik ist der Innex Omni vielseitig einsetzbar \u2013 sowohl im Unternehmensumfeld als auch im Bildungs- und Trainingsbereich.<\/p><p>Beispiele:<\/p><p>\u00a0<\/p><ul><li>Konferenzr\u00e4ume und Tagungsr\u00e4ume in Unternehmen<\/li><\/ul><ul><li>Hybrid-Meetings mit verteilten Teams<\/li><\/ul><ul><li>Workshops und Projekt-Reviews mit vielen Sprecher*innen<\/li><\/ul><ul><li>Schulungsr\u00e4ume und Blended-Learning-Umgebungen<\/li><\/ul><ul><li>Online-Coaching, Beratung und kollaborative Kreativ-Meetings<\/li><\/ul><ul><li>Besprechungsinseln in Open-Space-B\u00fcros<\/li><\/ul><p>Gerade in bestehenden Konferenzr\u00e4umen, in denen bisher mehrere Einzell\u00f6sungen (Webcam, Mikrofon, Lautsprecher) genutzt wurden, kann der Innex Omni die AV-Technik deutlich vereinfachen: Ein zentrales Ger\u00e4t \u00fcbernimmt Kamera, Mikrofon und Lautsprecher und wird per USB-C in das Konferenzsystem integriert.<\/p>\t\t\t\t\t\t\t\t<\/div>\n\t\t\t\t<\/div>\n\t\t\t\t<div class=\"elementor-element elementor-element-1e520fe elementor-widget elementor-widget-image\" data-id=\"1e520fe\" data-element_type=\"widget\" data-e-type=\"widget\" data-widget_type=\"image.default\">\n\t\t\t\t<div class=\"elementor-widget-container\">\n\t\t\t\t\t\t\t\t\t\t\t\t\t\t\t<img loading=\"lazy\" decoding=\"async\" width=\"800\" height=\"192\" src=\"https:\/\/konferenztechnik.de\/wp-content\/uploads\/2026\/01\/KI-videokonferenz-1024x246.avif\" class=\"attachment-large size-large wp-image-49344\" alt=\"\" srcset=\"https:\/\/konferenztechnik.de\/wp-content\/uploads\/2026\/01\/KI-videokonferenz-1024x246.avif 1024w, https:\/\/konferenztechnik.de\/wp-content\/uploads\/2026\/01\/KI-videokonferenz-300x72.avif 300w, https:\/\/konferenztechnik.de\/wp-content\/uploads\/2026\/01\/KI-videokonferenz-768x184.avif 768w, https:\/\/konferenztechnik.de\/wp-content\/uploads\/2026\/01\/KI-videokonferenz-18x4.avif 18w, https:\/\/konferenztechnik.de\/wp-content\/uploads\/2026\/01\/KI-videokonferenz.avif 1130w\" sizes=\"(max-width: 800px) 100vw, 800px\" title=\"\">\t\t\t\t\t\t\t\t\t\t\t\t\t\t\t<\/div>\n\t\t\t\t<\/div>\n\t\t\t\t<div class=\"elementor-element elementor-element-b02460f elementor-widget elementor-widget-heading\" data-id=\"b02460f\" data-element_type=\"widget\" data-e-type=\"widget\" data-settings=\"{&quot;_animation&quot;:&quot;none&quot;}\" data-widget_type=\"heading.default\">\n\t\t\t\t<div class=\"elementor-widget-container\">\n\t\t\t\t\t<h2 class=\"elementor-heading-title elementor-size-default\">Integration in Konferenzr\u00e4ume und bestehende Medientechnik<\/h2>\t\t\t\t<\/div>\n\t\t\t\t<\/div>\n\t\t\t\t<div class=\"elementor-element elementor-element-98b497d elementor-widget__width-inherit elementor-widget elementor-widget-text-editor\" data-id=\"98b497d\" data-element_type=\"widget\" data-e-type=\"widget\" data-widget_type=\"text-editor.default\">\n\t\t\t\t<div class=\"elementor-widget-container\">\n\t\t\t\t\t\t\t\t\t<p>F\u00fcr eine zuverl\u00e4ssige Nutzung im Alltag ist nicht nur das Ger\u00e4t selbst entscheidend, sondern auch die Planung der gesamten Konferenztechnik. Wichtige Fragen im Vorfeld:<\/p><ul><li>Raumgr\u00f6\u00dfe und M\u00f6blierung: Wo ist der optimale Stellplatz (Tischmitte, Podest, Medientisch)?<\/li><\/ul><ul><li>Anschluss an vorhandene Systeme: Anbindung an PC, Raumsteuerung oder Videokonferenzsystem<\/li><\/ul><ul><li>Akustik: Passt die Raumakustik zur geplanten Aufnahmedistanz und Nutzung?<\/li><\/ul><ul><li>Displays und LED-W\u00e4nde: Wie wird das 360\u00b0-Bild optimal auf den vorhandenen Bildfl\u00e4chen dargestellt?<\/li><\/ul><ul><li>IT-Umgebung: Bandbreite, USB-Kompatibilit\u00e4t, Freigaben im Unternehmensnetzwerk<\/li><\/ul><p>In Kombination mit professioneller Medientechnik \u2013 etwa gro\u00dfen Displays, LED-W\u00e4nden oder fest installierter Audiotechnik \u2013 wird der Innex Omni zum Herzst\u00fcck moderner, hybrider Konferenzr\u00e4ume.<\/p>\t\t\t\t\t\t\t\t<\/div>\n\t\t\t\t<\/div>\n\t\t\t\t<div class=\"elementor-element elementor-element-493ad1d elementor-widget elementor-widget-heading\" data-id=\"493ad1d\" data-element_type=\"widget\" data-e-type=\"widget\" data-settings=\"{&quot;_animation&quot;:&quot;none&quot;}\" data-widget_type=\"heading.default\">\n\t\t\t\t<div class=\"elementor-widget-container\">\n\t\t\t\t\t<h2 class=\"elementor-heading-title elementor-size-default\">Fazit: 360\u00b0-Konferenzkamera mit Fokus auf Nutzbarkeit<\/h2>\t\t\t\t<\/div>\n\t\t\t\t<\/div>\n\t\t\t\t<div class=\"elementor-element elementor-element-c229e07 elementor-widget__width-inherit elementor-widget elementor-widget-text-editor\" data-id=\"c229e07\" data-element_type=\"widget\" data-e-type=\"widget\" data-widget_type=\"text-editor.default\">\n\t\t\t\t<div class=\"elementor-widget-container\">\n\t\t\t\t\t\t\t\t\t<p>Der Innex Omni verbindet 4K-Mehrkamera-Technologie, integrierte KI und ein durchdachtes Audiokonzept in einem einzigen Ger\u00e4t.<\/p><p>\u00a0<\/p><p>F\u00fcr Unternehmen, Bildungseinrichtungen und Organisationen, die:<\/p><p>\u00a0<\/p><ul><li>hybride Meetings professionell abbilden wollen,<\/li><\/ul><ul><li>alle Teilnehmer*innen im Raum gleichwertig sichtbar machen m\u00f6chten,<\/li><\/ul><ul><li>flexibel zwischen unterschiedlichen Meeting-Formaten wechseln,<\/li><\/ul><ul><li>und Wert auf Datenschutz, einfache Bedienung und hochwertige AV-Technik legen,<\/li><\/ul><p>ist der Innex Omni eine interessante L\u00f6sung f\u00fcr moderne Konferenzr\u00e4ume und Veranstaltungen.<\/p><p>Wenn Sie planen, Ihre Konferenzr\u00e4ume, Tagungs- oder Besprechungszonen technisch neu auszustatten oder vorhandene Videokonferenzl\u00f6sungen zu modernisieren, lohnt sich ein Blick auf 360\u00b0-Konferenzkameras wie den Innex Omni. In Verbindung mit einer kompetenten Beratung und einer auf Ihren Raum abgestimmten Medientechnik entsteht ein Setup, das Ihre Konferenzen, Tagungen und Hybrid-Events nachhaltig aufwertet.<\/p>\t\t\t\t\t\t\t\t<\/div>\n\t\t\t\t<\/div>\n\t\t\t\t<div class=\"elementor-element elementor-element-7548301 elementor-widget elementor-widget-menu-anchor\" data-id=\"7548301\" data-element_type=\"widget\" data-e-type=\"widget\" data-widget_type=\"menu-anchor.default\">\n\t\t\t\t<div class=\"elementor-widget-container\">\n\t\t\t\t\t\t\t<div class=\"elementor-menu-anchor\" id=\"kontaktbox\"><\/div>\n\t\t\t\t\t\t<\/div>\n\t\t\t\t<\/div>\n\t\t\t\t\t<\/div>\n\t\t\t\t<\/div>\n\t\t\t\t<div class=\"elementor-element elementor-element-45399b5 elementor-widget elementor-widget-shortcode\" data-id=\"45399b5\" data-element_type=\"widget\" data-e-type=\"widget\" data-widget_type=\"shortcode.default\">\n\t\t\t\t<div class=\"elementor-widget-container\">\n\t\t\t\t\t\t\t<div class=\"elementor-shortcode\"><\/div>\n\t\t\t\t\t\t<\/div>\n\t\t\t\t<\/div>\n\t\t\t\t\t<\/div>\n\t\t\t\t<\/div>\n\t\t\t\t<\/div>\n\t\t","protected":false},"excerpt":{"rendered":"<p>L'Innex Omni est une cam\u00e9ra de conf\u00e9rence \u00e0 360\u00b0 avec quatre objectifs 4K, une IA int\u00e9gr\u00e9e et une technologie audio sophistiqu\u00e9e. Elle d\u00e9tecte tous les participants dans la salle, reconna\u00eet automatiquement les intervenants, r\u00e9duit les bruits parasites.<\/p>","protected":false},"author":2,"featured_media":49332,"comment_status":"closed","ping_status":"closed","sticky":false,"template":"","format":"standard","meta":{"_acf_changed":false,"footnotes":""},"categories":[39],"tags":[],"class_list":["post-49331","post","type-post","status-publish","format-standard","has-post-thumbnail","hentry","category-produkte"],"acf":[],"_links":{"self":[{"href":"https:\/\/konferenztechnik.de\/fr\/wp-json\/wp\/v2\/posts\/49331","targetHints":{"allow":["GET"]}}],"collection":[{"href":"https:\/\/konferenztechnik.de\/fr\/wp-json\/wp\/v2\/posts"}],"about":[{"href":"https:\/\/konferenztechnik.de\/fr\/wp-json\/wp\/v2\/types\/post"}],"author":[{"embeddable":true,"href":"https:\/\/konferenztechnik.de\/fr\/wp-json\/wp\/v2\/users\/2"}],"replies":[{"embeddable":true,"href":"https:\/\/konferenztechnik.de\/fr\/wp-json\/wp\/v2\/comments?post=49331"}],"version-history":[{"count":0,"href":"https:\/\/konferenztechnik.de\/fr\/wp-json\/wp\/v2\/posts\/49331\/revisions"}],"wp:featuredmedia":[{"embeddable":true,"href":"https:\/\/konferenztechnik.de\/fr\/wp-json\/wp\/v2\/media\/49332"}],"wp:attachment":[{"href":"https:\/\/konferenztechnik.de\/fr\/wp-json\/wp\/v2\/media?parent=49331"}],"wp:term":[{"taxonomy":"category","embeddable":true,"href":"https:\/\/konferenztechnik.de\/fr\/wp-json\/wp\/v2\/categories?post=49331"},{"taxonomy":"post_tag","embeddable":true,"href":"https:\/\/konferenztechnik.de\/fr\/wp-json\/wp\/v2\/tags?post=49331"}],"curies":[{"name":"wp","href":"https:\/\/api.w.org\/{rel}","templated":true}]}}