{"id":49369,"date":"2026-01-30T16:44:53","date_gmt":"2026-01-30T15:44:53","guid":{"rendered":"https:\/\/konferenztechnik.de\/?p=49369"},"modified":"2026-01-30T17:09:29","modified_gmt":"2026-01-30T16:09:29","slug":"av-access-eshare-w90-4k-systeme-de-conference-sans-fil","status":"publish","type":"post","link":"https:\/\/konferenztechnik.de\/fr\/av-access-eshare-w90-4k-systeme-de-conference-sans-fil\/","title":{"rendered":"AV Access eShare W90 \u2013 4K Syst\u00e8me de conf\u00e9rence sans fil"},"content":{"rendered":"<div data-elementor-type=\"wp-post\" data-elementor-id=\"49369\" class=\"elementor elementor-49369\" data-elementor-post-type=\"post\">\n\t\t\t\t<div data-particle_enable=\"false\" data-particle-mobile-disabled=\"false\" class=\"elementor-element elementor-element-59ad04c e-flex e-con-boxed e-con e-parent\" data-id=\"59ad04c\" data-element_type=\"container\">\n\t\t\t\t\t<div class=\"e-con-inner\">\n\t\t<div data-particle_enable=\"false\" data-particle-mobile-disabled=\"false\" class=\"elementor-element elementor-element-be8f800 e-flex e-con-boxed e-con e-child\" data-id=\"be8f800\" data-element_type=\"container\">\n\t\t\t\t\t<div class=\"e-con-inner\">\n\t\t\t\t<div class=\"elementor-element elementor-element-0afdee1 elementor-widget elementor-widget-heading\" data-id=\"0afdee1\" data-element_type=\"widget\" data-settings=\"{&quot;_animation&quot;:&quot;none&quot;}\" data-widget_type=\"heading.default\">\n\t\t\t\t<div class=\"elementor-widget-container\">\n\t\t\t\t\t<h1 class=\"elementor-heading-title elementor-size-default\">AV Access eShare W90 \u2013 Syst\u00e8me de conf\u00e9rence sans fil 4K pour les r\u00e9unions hybrides modernes<\/h1>\t\t\t\t<\/div>\n\t\t\t\t<\/div>\n\t\t\t\t\t<\/div>\n\t\t\t\t<\/div>\n\t\t<div data-particle_enable=\"false\" data-particle-mobile-disabled=\"false\" class=\"elementor-element elementor-element-80d832c e-grid e-con-boxed e-con e-child\" data-id=\"80d832c\" data-element_type=\"container\">\n\t\t\t\t\t<div class=\"e-con-inner\">\n\t\t\t\t<div class=\"elementor-element elementor-element-99559f5 elementor-widget elementor-widget-image\" data-id=\"99559f5\" data-element_type=\"widget\" data-widget_type=\"image.default\">\n\t\t\t\t<div class=\"elementor-widget-container\">\n\t\t\t\t\t\t\t\t\t\t\t\t\t\t\t<img fetchpriority=\"high\" decoding=\"async\" width=\"800\" height=\"800\" src=\"https:\/\/konferenztechnik.de\/wp-content\/uploads\/2026\/01\/eshare-w90-wireless-4k-drahthlos-barco-clickshare-alternative-1024x1024.avif\" class=\"attachment-large size-large wp-image-49397\" alt=\"\" srcset=\"https:\/\/konferenztechnik.de\/wp-content\/uploads\/2026\/01\/eshare-w90-wireless-4k-drahthlos-barco-clickshare-alternative-1024x1024.avif 1024w, https:\/\/konferenztechnik.de\/wp-content\/uploads\/2026\/01\/eshare-w90-wireless-4k-drahthlos-barco-clickshare-alternative-300x300.avif 300w, https:\/\/konferenztechnik.de\/wp-content\/uploads\/2026\/01\/eshare-w90-wireless-4k-drahthlos-barco-clickshare-alternative-150x150.avif 150w, https:\/\/konferenztechnik.de\/wp-content\/uploads\/2026\/01\/eshare-w90-wireless-4k-drahthlos-barco-clickshare-alternative-768x768.avif 768w, https:\/\/konferenztechnik.de\/wp-content\/uploads\/2026\/01\/eshare-w90-wireless-4k-drahthlos-barco-clickshare-alternative-1536x1536.avif 1536w, https:\/\/konferenztechnik.de\/wp-content\/uploads\/2026\/01\/eshare-w90-wireless-4k-drahthlos-barco-clickshare-alternative-12x12.avif 12w, https:\/\/konferenztechnik.de\/wp-content\/uploads\/2026\/01\/eshare-w90-wireless-4k-drahthlos-barco-clickshare-alternative.avif 1600w\" sizes=\"(max-width: 800px) 100vw, 800px\" title=\"\">\t\t\t\t\t\t\t\t\t\t\t\t\t\t\t<\/div>\n\t\t\t\t<\/div>\n\t\t\t\t<div class=\"elementor-element elementor-element-477df0c content-align-cta-default elementor-widget elementor-widget-eael-cta-box\" data-id=\"477df0c\" data-element_type=\"widget\" data-widget_type=\"eael-cta-box.default\">\n\t\t\t\t<div class=\"elementor-widget-container\">\n\t\t\t\t\t\t\t<div class=\"eael-call-to-action cta-basic bg-lite cta-preset-1\">\n        <h2 class=\"title eael-cta-heading\">AV Access eShare W90<\/h2><p><img decoding=\"async\" class=\"alignnone wp-image-49297\" src=\"https:\/\/konferenztechnik.de\/wp-content\/uploads\/2026\/01\/neue-konferenztechnik.svg\" alt=\"\" width=\"99\" height=\"99\" title=\"\"><\/p><p>- Pr\u00e9sentation sans fil<\/p><p>- Quad-View<\/p><p>- USB-C tout-en-un<\/p><p>- Sorties HDMI doubles<\/p><p>- Segmentation du r\u00e9seau<\/p><a href=\"#kontaktbox\" class=\"cta-button cta-preset-1\">Demander maintenant<\/a>\t<\/div>\n\t\t\t\t\t\t\t\t<\/div>\n\t\t\t\t<\/div>\n\t\t\t\t\t<\/div>\n\t\t\t\t<\/div>\n\t\t<div data-particle_enable=\"false\" data-particle-mobile-disabled=\"false\" class=\"elementor-element elementor-element-aaa82cd e-flex e-con-boxed e-con e-child\" data-id=\"aaa82cd\" data-element_type=\"container\">\n\t\t\t\t\t<div class=\"e-con-inner\">\n\t\t\t\t<div class=\"elementor-element elementor-element-996ce7d elementor-widget__width-inherit elementor-widget elementor-widget-text-editor\" data-id=\"996ce7d\" data-element_type=\"widget\" data-widget_type=\"text-editor.default\">\n\t\t\t\t<div class=\"elementor-widget-container\">\n\t\t\t\t\t\t\t\t\t<p>Avec le AV Access eShare W90, vous ajoutez \u00e0 votre technique de conf\u00e9rence un syst\u00e8me de conf\u00e9rence sans fil 4K tr\u00e8s performant. Le partage de contenu sans fil, l'affichage quadruple de jusqu'\u00e0 quatre sources simultan\u00e9es et une connexion USB-C compl\u00e8te avec une charge d'ordinateur portable pouvant atteindre 65 W font de ce syst\u00e8me une alternative tr\u00e8s int\u00e9ressante au ClickShare de Barco.<\/p><p>\u00a0<\/p><p>Nous int\u00e9grons parfaitement l'eShare W90 dans votre \u00e9quipement de conf\u00e9rence et m\u00e9dia \u2013 existant, du conseil \u00e0 la planification, en passant par l'installation et le suivi de vos salles de conf\u00e9rence.<\/p>\t\t\t\t\t\t\t\t<\/div>\n\t\t\t\t<\/div>\n\t\t\t\t<div class=\"elementor-element elementor-element-c8b2497 elementor-toc--minimized-on-tablet elementor-widget elementor-widget-table-of-contents\" data-id=\"c8b2497\" data-element_type=\"widget\" data-settings=\"{&quot;headings_by_tags&quot;:[&quot;h2&quot;],&quot;no_headings_message&quot;:&quot;Es wurden keine \\u00dcberschriften auf dieser Seite gefunden.&quot;,&quot;marker_view&quot;:&quot;numbers&quot;,&quot;minimize_box&quot;:&quot;yes&quot;,&quot;minimized_on&quot;:&quot;tablet&quot;,&quot;hierarchical_view&quot;:&quot;yes&quot;,&quot;min_height&quot;:{&quot;unit&quot;:&quot;px&quot;,&quot;size&quot;:&quot;&quot;,&quot;sizes&quot;:[]},&quot;min_height_widescreen&quot;:{&quot;unit&quot;:&quot;px&quot;,&quot;size&quot;:&quot;&quot;,&quot;sizes&quot;:[]},&quot;min_height_laptop&quot;:{&quot;unit&quot;:&quot;px&quot;,&quot;size&quot;:&quot;&quot;,&quot;sizes&quot;:[]},&quot;min_height_tablet_extra&quot;:{&quot;unit&quot;:&quot;px&quot;,&quot;size&quot;:&quot;&quot;,&quot;sizes&quot;:[]},&quot;min_height_tablet&quot;:{&quot;unit&quot;:&quot;px&quot;,&quot;size&quot;:&quot;&quot;,&quot;sizes&quot;:[]},&quot;min_height_mobile&quot;:{&quot;unit&quot;:&quot;px&quot;,&quot;size&quot;:&quot;&quot;,&quot;sizes&quot;:[]}}\" data-widget_type=\"table-of-contents.default\">\n\t\t\t\t<div class=\"elementor-widget-container\">\n\t\t\t\t\t\t\t\t\t<div class=\"elementor-toc__header\">\n\t\t\t\t\t\t<h2 class=\"elementor-toc__header-title\">\n\t\t\t\tTable des mati\u00e8res\t\t\t<\/h2>\n\t\t\t\t\t\t\t\t\t\t<div class=\"elementor-toc__toggle-button elementor-toc__toggle-button--expand\" role=\"button\" tabindex=\"0\" aria-controls=\"elementor-toc__c8b2497\" aria-expanded=\"true\" aria-label=\"Ouvrir la table des mati\u00e8res\"><svg aria-hidden=\"true\" class=\"e-font-icon-svg e-fas-chevron-down\" viewbox=\"0 0 448 512\" xmlns=\"http:\/\/www.w3.org\/2000\/svg\"><path d=\"M207.029 381.476L12.686 187.132c-9.373-9.373-9.373-24.569 0-33.941l22.667-22.667c9.357-9.357 24.522-9.375 33.901-.04L224 284.505l154.745-154.021c9.379-9.335 24.544-9.317 33.901.04l22.667 22.667c9.373 9.373 9.373 24.569 0 33.941L240.971 381.476c-9.373 9.372-24.569 9.372-33.942 0z\"><\/path><\/svg><\/div>\n\t\t\t\t<div class=\"elementor-toc__toggle-button elementor-toc__toggle-button--collapse\" role=\"button\" tabindex=\"0\" aria-controls=\"elementor-toc__c8b2497\" aria-expanded=\"true\" aria-label=\"Fermer la table des mati\u00e8res\"><svg aria-hidden=\"true\" class=\"e-font-icon-svg e-fas-chevron-up\" viewbox=\"0 0 448 512\" xmlns=\"http:\/\/www.w3.org\/2000\/svg\"><path d=\"M240.971 130.524l194.343 194.343c9.373 9.373 9.373 24.569 0 33.941l-22.667 22.667c-9.357 9.357-24.522 9.375-33.901.04L224 227.495 69.255 381.516c-9.379 9.335-24.544 9.317-33.901-.04l-22.667-22.667c-9.373-9.373-9.373-24.569 0-33.941L207.03 130.525c9.372-9.373 24.568-9.373 33.941-.001z\"><\/path><\/svg><\/div>\n\t\t\t\t\t<\/div>\n\t\t\t\t<div id=\"elementor-toc__c8b2497\" class=\"elementor-toc__body\">\n\t\t\t<div class=\"elementor-toc__spinner-container\">\n\t\t\t\t<svg class=\"elementor-toc__spinner eicon-animation-spin e-font-icon-svg e-eicon-loading\" aria-hidden=\"true\" viewbox=\"0 0 1000 1000\" xmlns=\"http:\/\/www.w3.org\/2000\/svg\"><path d=\"M500 975V858C696 858 858 696 858 500S696 142 500 142 142 304 142 500H25C25 237 238 25 500 25S975 237 975 500 763 975 500 975Z\"><\/path><\/svg>\t\t\t<\/div>\n\t\t<\/div>\n\t\t\t\t\t\t<\/div>\n\t\t\t\t<\/div>\n\t\t\t\t\t<\/div>\n\t\t\t\t<\/div>\n\t\t<div data-particle_enable=\"false\" data-particle-mobile-disabled=\"false\" class=\"elementor-element elementor-element-b3ddd01 e-flex e-con-boxed e-con e-child\" data-id=\"b3ddd01\" data-element_type=\"container\">\n\t\t\t\t\t<div class=\"e-con-inner\">\n\t\t\t\t<div class=\"elementor-element elementor-element-0064566 elementor-widget elementor-widget-heading\" data-id=\"0064566\" data-element_type=\"widget\" data-settings=\"{&quot;_animation&quot;:&quot;none&quot;}\" data-widget_type=\"heading.default\">\n\t\t\t\t<div class=\"elementor-widget-container\">\n\t\t\t\t\t<h2 class=\"elementor-heading-title elementor-size-default\">Pourquoi un syst\u00e8me de conf\u00e9rence sans fil comme eShare W90 ?<\/h2>\t\t\t\t<\/div>\n\t\t\t\t<\/div>\n\t\t\t\t<div class=\"elementor-element elementor-element-86d6d5b elementor-widget elementor-widget-image\" data-id=\"86d6d5b\" data-element_type=\"widget\" data-widget_type=\"image.default\">\n\t\t\t\t<div class=\"elementor-widget-container\">\n\t\t\t\t\t\t\t\t\t\t\t\t\t\t\t<img decoding=\"async\" width=\"1200\" height=\"538\" src=\"https:\/\/konferenztechnik.de\/wp-content\/uploads\/2026\/01\/eShare-W90-Wireless-Presentation-Conferencing-System-_-Top-Banner-_-NEW-1200x538-1.avif\" class=\"attachment-full size-full wp-image-49378\" alt=\"\" srcset=\"https:\/\/konferenztechnik.de\/wp-content\/uploads\/2026\/01\/eShare-W90-Wireless-Presentation-Conferencing-System-_-Top-Banner-_-NEW-1200x538-1.avif 1200w, https:\/\/konferenztechnik.de\/wp-content\/uploads\/2026\/01\/eShare-W90-Wireless-Presentation-Conferencing-System-_-Top-Banner-_-NEW-1200x538-1-300x135.avif 300w, https:\/\/konferenztechnik.de\/wp-content\/uploads\/2026\/01\/eShare-W90-Wireless-Presentation-Conferencing-System-_-Top-Banner-_-NEW-1200x538-1-1024x459.avif 1024w, https:\/\/konferenztechnik.de\/wp-content\/uploads\/2026\/01\/eShare-W90-Wireless-Presentation-Conferencing-System-_-Top-Banner-_-NEW-1200x538-1-768x344.avif 768w, https:\/\/konferenztechnik.de\/wp-content\/uploads\/2026\/01\/eShare-W90-Wireless-Presentation-Conferencing-System-_-Top-Banner-_-NEW-1200x538-1-18x8.avif 18w\" sizes=\"(max-width: 1200px) 100vw, 1200px\" title=\"\">\t\t\t\t\t\t\t\t\t\t\t\t\t\t\t<\/div>\n\t\t\t\t<\/div>\n\t\t\t\t<div class=\"elementor-element elementor-element-74974da elementor-widget__width-inherit elementor-widget elementor-widget-text-editor\" data-id=\"74974da\" data-element_type=\"widget\" data-widget_type=\"text-editor.default\">\n\t\t\t\t<div class=\"elementor-widget-container\">\n\t\t\t\t\t\t\t\t\t<p>Les r\u00e9unions hybrides font depuis longtemps partie de la norme. En m\u00eame temps, les salles de conf\u00e9rence doivent fonctionner simplement \u2013 sans chaos d'adaptateurs, commutations compliqu\u00e9es ou initiations techniques fastidieuses.<\/p><p>\u00a0<\/p><p>Le eShare W90 r\u00e9pond pr\u00e9cis\u00e9ment \u00e0 ces points :<\/p><p>\u00a0<\/p><ul><li>Pr\u00e9sentation sans fil au lieu de l'enchev\u00eatrement de c\u00e2bles<\/li><\/ul><ul><li>Utilisation simple pour tous les participants* (BYOD : ordinateur portable, tablette, smartphone)<\/li><\/ul><ul><li>S\u00e9paration s\u00e9curis\u00e9e du r\u00e9seau de l'entreprise et du r\u00e9seau des invit\u00e9s<\/li><\/ul><ul><li>Collaboration plus efficace gr\u00e2ce \u00e0 l'affichage simultan\u00e9 de plusieurs contenus<\/li><\/ul><p>Pour les entreprises, les administrations, les \u00e9tablissements d'enseignement ou les associations qui recherchent un syst\u00e8me de conf\u00e9rence sans fil flexible, l'eShare W90 est une solution extr\u00eamement attrayante.<\/p>\t\t\t\t\t\t\t\t<\/div>\n\t\t\t\t<\/div>\n\t\t\t\t<div class=\"elementor-element elementor-element-69fb1fd elementor-widget elementor-widget-heading\" data-id=\"69fb1fd\" data-element_type=\"widget\" data-settings=\"{&quot;_animation&quot;:&quot;none&quot;}\" data-widget_type=\"heading.default\">\n\t\t\t\t<div class=\"elementor-widget-container\">\n\t\t\t\t\t<h2 class=\"elementor-heading-title elementor-size-default\">Les principales fonctions du AV Access eShare W90<\/h2>\t\t\t\t<\/div>\n\t\t\t\t<\/div>\n\t\t\t\t<div class=\"elementor-element elementor-element-9e75cd9 elementor-widget elementor-widget-heading\" data-id=\"9e75cd9\" data-element_type=\"widget\" data-settings=\"{&quot;_animation&quot;:&quot;none&quot;}\" data-widget_type=\"heading.default\">\n\t\t\t\t<div class=\"elementor-widget-container\">\n\t\t\t\t\t<h3 class=\"elementor-heading-title elementor-size-default\">All-in-One USB-C \u2013 un c\u00e2ble pour tout faire<\/h3>\t\t\t\t<\/div>\n\t\t\t\t<\/div>\n\t\t\t\t<div class=\"elementor-element elementor-element-0126caf elementor-cta--skin-cover elementor-cta--valign-bottom elementor-widget elementor-widget-call-to-action\" data-id=\"0126caf\" data-element_type=\"widget\" data-widget_type=\"call-to-action.default\">\n\t\t\t\t<div class=\"elementor-widget-container\">\n\t\t\t\t\t\t\t<div class=\"elementor-cta\">\n\t\t\t\t\t<div class=\"elementor-cta__bg-wrapper\">\n\t\t\t\t<div class=\"elementor-cta__bg elementor-bg\" style=\"background-image: url(https:\/\/konferenztechnik.de\/wp-content\/uploads\/2026\/01\/konferenzzentrale-usb-c-4k.avif);\" role=\"img\" aria-label=\"centrale de conf\u00e9rence-usb-c--4k\"><\/div>\n\t\t\t\t<div class=\"elementor-cta__bg-overlay\"><\/div>\n\t\t\t<\/div>\n\t\t\t\t\t\t\t<div class=\"elementor-cta__content\">\n\t\t\t\t\n\t\t\t\t\n\t\t\t\t\n\t\t\t\t\t\t\t\t\t<div class=\"elementor-cta__button-wrapper elementor-cta__content-item elementor-content-item\">\n\t\t\t\t\t<a class=\"elementor-cta__button elementor-button elementor-size-lg\" href=\"#kontaktbox\">\n\t\t\t\t\t\tDemander maintenant\t\t\t\t\t<\/a>\n\t\t\t\t\t<\/div>\n\t\t\t\t\t\t\t<\/div>\n\t\t\t\t\t\t<\/div>\n\t\t\t\t\t\t<\/div>\n\t\t\t\t<\/div>\n\t\t\t\t<div class=\"elementor-element elementor-element-7458fb0 elementor-widget__width-inherit elementor-widget elementor-widget-text-editor\" data-id=\"7458fb0\" data-element_type=\"widget\" data-widget_type=\"text-editor.default\">\n\t\t\t\t<div class=\"elementor-widget-container\">\n\t\t\t\t\t\t\t\t\t<p>Le port USB-C complet de l'eShare W90 prend le relais dans un seul c\u00e2ble :<\/p><p>\u00a0<\/p><ul><li>Transmission de la vid\u00e9o et de l'audio en 4K<\/li><\/ul><ul><li>Connexion de donn\u00e9es USB (par ex. pour webcam, barre vid\u00e9o, speakerphone)<\/li><\/ul><ul><li>Acc\u00e8s au r\u00e9seau (Gigabit Ethernet)<\/li><\/ul><ul><li>Chargement de l'ordinateur portable jusqu'\u00e0 65 W<\/li><\/ul><p>Les participants* connectent simplement leur ordinateur portable via USB-C \u00e0 la technique de conf\u00e9rence \u2013 D\u00e9marrer la pr\u00e9sentation, utiliser le r\u00e9seau et charger en m\u00eame temps.<\/p>\t\t\t\t\t\t\t\t<\/div>\n\t\t\t\t<\/div>\n\t\t\t\t<div class=\"elementor-element elementor-element-14cd03c elementor-widget elementor-widget-spacer\" data-id=\"14cd03c\" data-element_type=\"widget\" data-widget_type=\"spacer.default\">\n\t\t\t\t<div class=\"elementor-widget-container\">\n\t\t\t\t\t\t\t<div class=\"elementor-spacer\">\n\t\t\t<div class=\"elementor-spacer-inner\"><\/div>\n\t\t<\/div>\n\t\t\t\t\t\t<\/div>\n\t\t\t\t<\/div>\n\t\t\t\t<div class=\"elementor-element elementor-element-e1f6e3c elementor-widget elementor-widget-heading\" data-id=\"e1f6e3c\" data-element_type=\"widget\" data-settings=\"{&quot;_animation&quot;:&quot;none&quot;}\" data-widget_type=\"heading.default\">\n\t\t\t\t<div class=\"elementor-widget-container\">\n\t\t\t\t\t<h2 class=\"elementor-heading-title elementor-size-default\">Dual HDMI et Quad-View pour une meilleure vue d'ensemble<\/h2>\t\t\t\t<\/div>\n\t\t\t\t<\/div>\n\t\t\t\t<div class=\"elementor-element elementor-element-df7f8d4 elementor-widget elementor-widget-image\" data-id=\"df7f8d4\" data-element_type=\"widget\" data-widget_type=\"image.default\">\n\t\t\t\t<div class=\"elementor-widget-container\">\n\t\t\t\t\t\t\t\t\t\t\t\t\t\t\t<img loading=\"lazy\" decoding=\"async\" width=\"800\" height=\"653\" src=\"https:\/\/konferenztechnik.de\/wp-content\/uploads\/2026\/01\/quad-display-4k-1024x836.avif\" class=\"attachment-large size-large wp-image-49380\" alt=\"\" srcset=\"https:\/\/konferenztechnik.de\/wp-content\/uploads\/2026\/01\/quad-display-4k-1024x836.avif 1024w, https:\/\/konferenztechnik.de\/wp-content\/uploads\/2026\/01\/quad-display-4k-300x245.avif 300w, https:\/\/konferenztechnik.de\/wp-content\/uploads\/2026\/01\/quad-display-4k-768x627.avif 768w, https:\/\/konferenztechnik.de\/wp-content\/uploads\/2026\/01\/quad-display-4k-15x12.avif 15w, https:\/\/konferenztechnik.de\/wp-content\/uploads\/2026\/01\/quad-display-4k.avif 1536w\" sizes=\"(max-width: 800px) 100vw, 800px\" title=\"\">\t\t\t\t\t\t\t\t\t\t\t\t\t\t\t<\/div>\n\t\t\t\t<\/div>\n\t\t\t\t<div class=\"elementor-element elementor-element-a5d5df3 elementor-widget__width-inherit elementor-widget elementor-widget-text-editor\" data-id=\"a5d5df3\" data-element_type=\"widget\" data-widget_type=\"text-editor.default\">\n\t\t\t\t<div class=\"elementor-widget-container\">\n\t\t\t\t\t\t\t\t\t<p>Deux sorties HDMI sont disponibles pour l'affichage dans la pi\u00e8ce. Ainsi, vous pouvez<\/p><p>\u00a0<\/p><ul><li>Commander un ou deux \u00e9crans \/ projecteurs<\/li><\/ul><ul><li>Afficher des contenus diff\u00e9rents en parall\u00e8le sur deux \u00e9crans<\/li><\/ul><ul><li>En mode Quad View, afficher jusqu'\u00e0 quatre sources simultan\u00e9ment sur un seul \u00e9cran<\/li><\/ul><p>Cette fonction Quad-View constitue une plus-value ind\u00e9niable par rapport \u00e0 de nombreux syst\u00e8mes de pr\u00e9sentation classiques, en particulier pour les comparaisons de projets, les ateliers, le travail agile ou les pr\u00e9sentations du conseil d'administration.<\/p>\t\t\t\t\t\t\t\t<\/div>\n\t\t\t\t<\/div>\n\t\t\t\t<div class=\"elementor-element elementor-element-5a292fb elementor-widget elementor-widget-spacer\" data-id=\"5a292fb\" data-element_type=\"widget\" data-widget_type=\"spacer.default\">\n\t\t\t\t<div class=\"elementor-widget-container\">\n\t\t\t\t\t\t\t<div class=\"elementor-spacer\">\n\t\t\t<div class=\"elementor-spacer-inner\"><\/div>\n\t\t<\/div>\n\t\t\t\t\t\t<\/div>\n\t\t\t\t<\/div>\n\t\t\t\t<div class=\"elementor-element elementor-element-c0711c2 elementor-widget elementor-widget-heading\" data-id=\"c0711c2\" data-element_type=\"widget\" data-settings=\"{&quot;_animation&quot;:&quot;none&quot;}\" data-widget_type=\"heading.default\">\n\t\t\t\t<div class=\"elementor-widget-container\">\n\t\t\t\t\t<h2 class=\"elementor-heading-title elementor-size-default\">Conf\u00e9rences sans fil en un clic<\/h2>\t\t\t\t<\/div>\n\t\t\t\t<\/div>\n\t\t\t\t<div class=\"elementor-element elementor-element-2034039 elementor-widget elementor-widget-image\" data-id=\"2034039\" data-element_type=\"widget\" data-widget_type=\"image.default\">\n\t\t\t\t<div class=\"elementor-widget-container\">\n\t\t\t\t\t\t\t\t\t\t\t\t\t\t\t<img loading=\"lazy\" decoding=\"async\" width=\"938\" height=\"784\" src=\"https:\/\/konferenztechnik.de\/wp-content\/uploads\/2026\/01\/eShare-D30-dongle.avif\" class=\"attachment-full size-full wp-image-49381\" alt=\"\" srcset=\"https:\/\/konferenztechnik.de\/wp-content\/uploads\/2026\/01\/eShare-D30-dongle.avif 938w, https:\/\/konferenztechnik.de\/wp-content\/uploads\/2026\/01\/eShare-D30-dongle-300x251.avif 300w, https:\/\/konferenztechnik.de\/wp-content\/uploads\/2026\/01\/eShare-D30-dongle-768x642.avif 768w, https:\/\/konferenztechnik.de\/wp-content\/uploads\/2026\/01\/eShare-D30-dongle-14x12.avif 14w\" sizes=\"(max-width: 938px) 100vw, 938px\" title=\"\">\t\t\t\t\t\t\t\t\t\t\t\t\t\t\t<\/div>\n\t\t\t\t<\/div>\n\t\t\t\t<div class=\"elementor-element elementor-element-43ecf91 elementor-widget__width-inherit elementor-widget elementor-widget-text-editor\" data-id=\"43ecf91\" data-element_type=\"widget\" data-widget_type=\"text-editor.default\">\n\t\t\t\t<div class=\"elementor-widget-container\">\n\t\t\t\t\t\t\t\t\t<p>En combinaison avec le dongle USB-C (eShare D30), le eShare W90 devient une solution de conf\u00e9rence sans fil.\u00a0<span style=\"background-color: transparent;\">Coupler une fois, puis d\u00e9marrer en appuyant sur un bouton :<br \/><br \/><\/span><\/p><ul><li>Contr\u00f4le sans fil d'appareils de conf\u00e9rence USB tels que<\/li><\/ul><ul><li>Cam\u00e9ras de conf\u00e9rence<\/li><\/ul><ul><li>Bars vid\u00e9o<\/li><\/ul><ul><li>Kit mains libres<\/li><\/ul><ul><li>\u00c9crans tactiles<\/li><\/ul><ul><li>Vid\u00e9oconf\u00e9rences sans avoir \u00e0 d\u00e9brancher constamment les c\u00e2bles USB<\/li><\/ul><p>Votre salle de conf\u00e9rence devient ainsi une solution confortable pour les r\u00e9unions hybrides via Microsoft Teams, Zoom, Webex et d'autres plates-formes de vid\u00e9oconf\u00e9rence courantes.<\/p>\t\t\t\t\t\t\t\t<\/div>\n\t\t\t\t<\/div>\n\t\t\t\t<div class=\"elementor-element elementor-element-0a18cc0 elementor-widget elementor-widget-heading\" data-id=\"0a18cc0\" data-element_type=\"widget\" data-settings=\"{&quot;_animation&quot;:&quot;none&quot;}\" data-widget_type=\"heading.default\">\n\t\t\t\t<div class=\"elementor-widget-container\">\n\t\t\t\t\t<h3 class=\"elementor-heading-title elementor-size-default\">Hub USB int\u00e9gr\u00e9 pour la technique de conf\u00e9rence<\/h3>\t\t\t\t<\/div>\n\t\t\t\t<\/div>\n\t\t\t\t<div class=\"elementor-element elementor-element-9b9ce25 elementor-widget__width-inherit elementor-widget elementor-widget-text-editor\" data-id=\"9b9ce25\" data-element_type=\"widget\" data-widget_type=\"text-editor.default\">\n\t\t\t\t<div class=\"elementor-widget-container\">\n\t\t\t\t\t\t\t\t\t<p>Gr\u00e2ce au hub USB 3.0 int\u00e9gr\u00e9, vous connectez votre mat\u00e9riel de conf\u00e9rence et audiovisuel directement au syst\u00e8me, par exemple :<\/p><p>\u00a0<\/p><ul><li>Cam\u00e9ras de conf\u00e9rence PTZ ou 4K<\/li><\/ul><ul><li>Haut-parleurs de conf\u00e9rence \/ Speakerphones<\/li><\/ul><ul><li>Bars vid\u00e9o<\/li><\/ul><ul><li>\u00c9crans interactifs \/ \u00e9crans tactiles<\/li><\/ul><p>L'eShare W90 devient ainsi le point central de commande de votre technique de conf\u00e9rence dans la salle.<\/p>\t\t\t\t\t\t\t\t<\/div>\n\t\t\t\t<\/div>\n\t\t\t\t<div class=\"elementor-element elementor-element-20f3448 elementor-widget elementor-widget-image\" data-id=\"20f3448\" data-element_type=\"widget\" data-widget_type=\"image.default\">\n\t\t\t\t<div class=\"elementor-widget-container\">\n\t\t\t\t\t\t\t\t\t\t\t\t\t\t\t<img loading=\"lazy\" decoding=\"async\" width=\"800\" height=\"645\" src=\"https:\/\/konferenztechnik.de\/wp-content\/uploads\/2026\/01\/verbindungen-eShare-W90-1024x825.avif\" class=\"attachment-large size-large wp-image-49382\" alt=\"\" srcset=\"https:\/\/konferenztechnik.de\/wp-content\/uploads\/2026\/01\/verbindungen-eShare-W90-1024x825.avif 1024w, https:\/\/konferenztechnik.de\/wp-content\/uploads\/2026\/01\/verbindungen-eShare-W90-300x242.avif 300w, https:\/\/konferenztechnik.de\/wp-content\/uploads\/2026\/01\/verbindungen-eShare-W90-768x619.avif 768w, https:\/\/konferenztechnik.de\/wp-content\/uploads\/2026\/01\/verbindungen-eShare-W90-1536x1237.avif 1536w, https:\/\/konferenztechnik.de\/wp-content\/uploads\/2026\/01\/verbindungen-eShare-W90-15x12.avif 15w, https:\/\/konferenztechnik.de\/wp-content\/uploads\/2026\/01\/verbindungen-eShare-W90.avif 1600w\" sizes=\"(max-width: 800px) 100vw, 800px\" title=\"\">\t\t\t\t\t\t\t\t\t\t\t\t\t\t\t<\/div>\n\t\t\t\t<\/div>\n\t\t\t\t<div class=\"elementor-element elementor-element-c321616 elementor-widget elementor-widget-heading\" data-id=\"c321616\" data-element_type=\"widget\" data-settings=\"{&quot;_animation&quot;:&quot;none&quot;}\" data-widget_type=\"heading.default\">\n\t\t\t\t<div class=\"elementor-widget-container\">\n\t\t\t\t\t<h3 class=\"elementor-heading-title elementor-size-default\">Partage de contenu flexible et ind\u00e9pendant de la plate-forme<\/h3>\t\t\t\t<\/div>\n\t\t\t\t<\/div>\n\t\t\t\t<div class=\"elementor-element elementor-element-8b81d3b elementor-widget__width-inherit elementor-widget elementor-widget-text-editor\" data-id=\"8b81d3b\" data-element_type=\"widget\" data-widget_type=\"text-editor.default\">\n\t\t\t\t<div class=\"elementor-widget-container\">\n\t\t\t\t\t\t\t\t\t<p>Le syst\u00e8me de pr\u00e9sentation sans fil eShare W90 supporte :<\/p><p>\u00a0<\/p><ul><li>HDMI et USB-C comme entr\u00e9es c\u00e2bl\u00e9es<\/li><\/ul><ul><li>AirPlay<\/li><\/ul><ul><li>Miracast<\/li><\/ul><ul><li>Casting bas\u00e9 sur les dongles (eShare D30 \/ D20)<\/li><\/ul><p>Les participants* peuvent partager du contenu depuis des ordinateurs portables Windows, des appareils macOS, iOS et Android \u2013 id\u00e9al pour les sc\u00e9narios BYOD, les formations, les ateliers et les rendez-vous clients.<\/p>\t\t\t\t\t\t\t\t<\/div>\n\t\t\t\t<\/div>\n\t\t\t\t<div class=\"elementor-element elementor-element-8ccf0eb elementor-widget elementor-widget-heading\" data-id=\"8ccf0eb\" data-element_type=\"widget\" data-settings=\"{&quot;_animation&quot;:&quot;none&quot;}\" data-widget_type=\"heading.default\">\n\t\t\t\t<div class=\"elementor-widget-container\">\n\t\t\t\t\t<h3 class=\"elementor-heading-title elementor-size-default\">Connexion r\u00e9seau intelligente avec deux ports Gigabit<\/h3>\t\t\t\t<\/div>\n\t\t\t\t<\/div>\n\t\t\t\t<div class=\"elementor-element elementor-element-47bbe06 elementor-widget__width-inherit elementor-widget elementor-widget-text-editor\" data-id=\"47bbe06\" data-element_type=\"widget\" data-widget_type=\"text-editor.default\">\n\t\t\t\t<div class=\"elementor-widget-container\">\n\t\t\t\t\t\t\t\t\t<p>Le syst\u00e8me de conf\u00e9rence sans fil dispose de deux ports Ethernet Gigabit et permet :<\/p><p>\u00a0<\/p><ul><li>S\u00e9paration du r\u00e9seau interne de l'entreprise et du r\u00e9seau invit\u00e9<\/li><\/ul><ul><li>Acc\u00e8s confortable \u00e0 Internet pour les visiteurs*.<\/li><\/ul><ul><li>Prot\u00e9ger les donn\u00e9es sensibles de l'entreprise gr\u00e2ce \u00e0 la segmentation du r\u00e9seau<\/li><\/ul><p>C'est un aspect important de la s\u00e9curit\u00e9, en particulier dans les centres de conf\u00e9rence, les h\u00f4tels ou les sites d'entreprises accueillant de nombreux invit\u00e9s externes.<\/p>\t\t\t\t\t\t\t\t<\/div>\n\t\t\t\t<\/div>\n\t\t\t\t<div class=\"elementor-element elementor-element-1e79d93 elementor-widget elementor-widget-spacer\" data-id=\"1e79d93\" data-element_type=\"widget\" data-widget_type=\"spacer.default\">\n\t\t\t\t<div class=\"elementor-widget-container\">\n\t\t\t\t\t\t\t<div class=\"elementor-spacer\">\n\t\t\t<div class=\"elementor-spacer-inner\"><\/div>\n\t\t<\/div>\n\t\t\t\t\t\t<\/div>\n\t\t\t\t<\/div>\n\t\t\t\t<div class=\"elementor-element elementor-element-40a320c elementor-widget elementor-widget-heading\" data-id=\"40a320c\" data-element_type=\"widget\" data-settings=\"{&quot;_animation&quot;:&quot;none&quot;}\" data-widget_type=\"heading.default\">\n\t\t\t\t<div class=\"elementor-widget-container\">\n\t\t\t\t\t<h2 class=\"elementor-heading-title elementor-size-default\">AV Access eShare W90 comme alternative \u00e0 Barco ClickShare<\/h2>\t\t\t\t<\/div>\n\t\t\t\t<\/div>\n\t\t\t\t<div class=\"elementor-element elementor-element-10b31f2 elementor-widget__width-inherit elementor-widget elementor-widget-text-editor\" data-id=\"10b31f2\" data-element_type=\"widget\" data-widget_type=\"text-editor.default\">\n\t\t\t\t<div class=\"elementor-widget-container\">\n\t\t\t\t\t\t\t\t\t<p>En tant que puissant <strong class=\"\">Alternative \u00e0 Barco ClickShare<\/strong> le AV Access eShare W90 offre un syst\u00e8me de conf\u00e9rence sans fil 4K avec Quad-View, deux sorties HDMI et un USB-C complet avec 65 W Power Delivery. La prise en charge BYOD, le hub USB int\u00e9gr\u00e9 pour les cam\u00e9ras et les haut-parleurs ainsi que la s\u00e9paration du r\u00e9seau de l'entreprise et du r\u00e9seau des invit\u00e9s font de l'eShare W90 une solution attrayante. <strong class=\"\">Alternative \u00e0 Barco-ClickShare<\/strong> pour les salles de conf\u00e9rence modernes et les r\u00e9unions hybrides.<\/p><p>\u00a0<\/p><ul><li>Syst\u00e8me de conf\u00e9rence sans fil 4K avec connectivit\u00e9 USB-C avanc\u00e9e<\/li><\/ul><ul><li>Fonction Quad-View pour jusqu'\u00e0 quatre pr\u00e9sentations simultan\u00e9es<\/li><\/ul><ul><li>Sorties HDMI doubles pour les salles de conf\u00e9rence professionnelles<\/li><\/ul><ul><li>Utilisation simple et concept plug-and-play<\/li><\/ul><p>Nous vous conseillons volontiers pour savoir si le eShare W90 est une alternative ClickShare adapt\u00e9e \u00e0 vos locaux \u2013 y compris une comparaison avec les syst\u00e8mes existants et les sc\u00e9narios de migration possibles.<\/p>\t\t\t\t\t\t\t\t<\/div>\n\t\t\t\t<\/div>\n\t\t\t\t<div class=\"elementor-element elementor-element-f4ff4d5 elementor-widget elementor-widget-spacer\" data-id=\"f4ff4d5\" data-element_type=\"widget\" data-widget_type=\"spacer.default\">\n\t\t\t\t<div class=\"elementor-widget-container\">\n\t\t\t\t\t\t\t<div class=\"elementor-spacer\">\n\t\t\t<div class=\"elementor-spacer-inner\"><\/div>\n\t\t<\/div>\n\t\t\t\t\t\t<\/div>\n\t\t\t\t<\/div>\n\t\t<div data-particle_enable=\"false\" data-particle-mobile-disabled=\"false\" class=\"elementor-element elementor-element-2a7d694 e-con-full e-flex e-con e-child\" data-id=\"2a7d694\" data-element_type=\"container\">\n\t\t\t\t<div class=\"elementor-element elementor-element-24db6d7 elementor-align-right e-transform elementor-widget elementor-widget-button\" data-id=\"24db6d7\" data-element_type=\"widget\" data-settings=\"{&quot;_transform_scale_effect_hover&quot;:{&quot;unit&quot;:&quot;px&quot;,&quot;size&quot;:1.100000000000000088817841970012523233890533447265625,&quot;sizes&quot;:[]},&quot;_transform_scale_effect_hover_widescreen&quot;:{&quot;unit&quot;:&quot;px&quot;,&quot;size&quot;:&quot;&quot;,&quot;sizes&quot;:[]},&quot;_transform_scale_effect_hover_laptop&quot;:{&quot;unit&quot;:&quot;px&quot;,&quot;size&quot;:&quot;&quot;,&quot;sizes&quot;:[]},&quot;_transform_scale_effect_hover_tablet_extra&quot;:{&quot;unit&quot;:&quot;px&quot;,&quot;size&quot;:&quot;&quot;,&quot;sizes&quot;:[]},&quot;_transform_scale_effect_hover_tablet&quot;:{&quot;unit&quot;:&quot;px&quot;,&quot;size&quot;:&quot;&quot;,&quot;sizes&quot;:[]},&quot;_transform_scale_effect_hover_mobile&quot;:{&quot;unit&quot;:&quot;px&quot;,&quot;size&quot;:&quot;&quot;,&quot;sizes&quot;:[]}}\" data-widget_type=\"button.default\">\n\t\t\t\t<div class=\"elementor-widget-container\">\n\t\t\t\t\t\t\t\t\t<div class=\"elementor-button-wrapper\">\n\t\t\t\t\t<a class=\"elementor-button elementor-button-link elementor-size-lg\" href=\"#serviceteam\">\n\t\t\t\t\t\t<span class=\"elementor-button-content-wrapper\">\n\t\t\t\t\t\t\t\t\t<span class=\"elementor-button-text\">Demander maintenant<\/span>\n\t\t\t\t\t<\/span>\n\t\t\t\t\t<\/a>\n\t\t\t\t<\/div>\n\t\t\t\t\t\t\t\t<\/div>\n\t\t\t\t<\/div>\n\t\t\t\t<\/div>\n\t\t\t\t<div class=\"elementor-element elementor-element-ba54505 elementor-widget elementor-widget-heading\" data-id=\"ba54505\" data-element_type=\"widget\" data-settings=\"{&quot;_animation&quot;:&quot;none&quot;}\" data-widget_type=\"heading.default\">\n\t\t\t\t<div class=\"elementor-widget-container\">\n\t\t\t\t\t<h2 class=\"elementor-heading-title elementor-size-default\">Domaines d'utilisation typiques de l'eShare W90<\/h2>\t\t\t\t<\/div>\n\t\t\t\t<\/div>\n\t\t\t\t<div class=\"elementor-element elementor-element-372a0c8 elementor-widget__width-inherit elementor-widget elementor-widget-text-editor\" data-id=\"372a0c8\" data-element_type=\"widget\" data-widget_type=\"text-editor.default\">\n\t\t\t\t<div class=\"elementor-widget-container\">\n\t\t\t\t\t\t\t\t\t<p>Le AV Access eShare W90 est particuli\u00e8rement adapt\u00e9 pour :<\/p><p>\u00a0<\/p><ul><li>Salles de conf\u00e9rence et salles du conseil d'administration<\/li><\/ul><ul><li>Salles de projet et de r\u00e9union<\/li><\/ul><ul><li>Salles de formation et de s\u00e9minaire hybrides<\/li><\/ul><ul><li>\u00c9tablissements d'enseignement et de formation<\/li><\/ul><ul><li>Sites d'entreprises accueillant r\u00e9guli\u00e8rement des visiteurs (client\u00e8le<i>int\u00e9rieur, partenaire<\/i>\u00e0 l'int\u00e9rieur)<\/li><\/ul><p>Partout o\u00f9 des r\u00e9unions hybrides, des pr\u00e9sentations sans fil et une technique de conf\u00e9rence fiable et facile \u00e0 utiliser sont n\u00e9cessaires, ce syst\u00e8me de pr\u00e9sentation sans fil fait valoir ses atouts.<\/p>\t\t\t\t\t\t\t\t<\/div>\n\t\t\t\t<\/div>\n\t\t\t\t<div class=\"elementor-element elementor-element-248014e elementor-widget elementor-widget-heading\" data-id=\"248014e\" data-element_type=\"widget\" data-settings=\"{&quot;_animation&quot;:&quot;none&quot;}\" data-widget_type=\"heading.default\">\n\t\t\t\t<div class=\"elementor-widget-container\">\n\t\t\t\t\t<h2 class=\"elementor-heading-title elementor-size-default\">Int\u00e9gration par PCS \u2013 konferenztechnik.de<\/h2>\t\t\t\t<\/div>\n\t\t\t\t<\/div>\n\t\t\t\t<div class=\"elementor-element elementor-element-e146dca elementor-widget__width-inherit elementor-widget elementor-widget-text-editor\" data-id=\"e146dca\" data-element_type=\"widget\" data-widget_type=\"text-editor.default\">\n\t\t\t\t<div class=\"elementor-widget-container\">\n\t\t\t\t\t\t\t\t\t<p>Nous vous aidons \u00e0 int\u00e9grer de mani\u00e8re optimale le AV Access eShare W90 dans votre technique de conf\u00e9rence et de m\u00e9dias :<\/p><p>\u00a0<\/p><ul><li>Conseil sur les syst\u00e8mes de conf\u00e9rence sans fil appropri\u00e9s et les alternatives<\/li><li>Planification de salles de conf\u00e9rence compl\u00e8tes, y compris les \u00e9crans, les \u00e9crans LED, les cam\u00e9ras, l'audio et les commandes<\/li><li>Livraison, installation et mise en service sur site<\/li><\/ul>\t\t\t\t\t\t\t\t<\/div>\n\t\t\t\t<\/div>\n\t\t\t\t<div class=\"elementor-element elementor-element-7548301 elementor-widget elementor-widget-menu-anchor\" data-id=\"7548301\" data-element_type=\"widget\" data-widget_type=\"menu-anchor.default\">\n\t\t\t\t<div class=\"elementor-widget-container\">\n\t\t\t\t\t\t\t<div class=\"elementor-menu-anchor\" id=\"kontaktbox\"><\/div>\n\t\t\t\t\t\t<\/div>\n\t\t\t\t<\/div>\n\t\t\t\t\t<\/div>\n\t\t\t\t<\/div>\n\t\t\t\t<div class=\"elementor-element elementor-element-45399b5 elementor-widget elementor-widget-shortcode\" data-id=\"45399b5\" data-element_type=\"widget\" data-widget_type=\"shortcode.default\">\n\t\t\t\t<div class=\"elementor-widget-container\">\n\t\t\t\t\t\t\t<div class=\"elementor-shortcode\"><\/div>\n\t\t\t\t\t\t<\/div>\n\t\t\t\t<\/div>\n\t\t\t\t\t<\/div>\n\t\t\t\t<\/div>\n\t\t\t\t<\/div>","protected":false},"excerpt":{"rendered":"<p>Avec le Quad-View, l'USB-C tout-en-un, les sorties HDMI doubles et la segmentation de r\u00e9seau int\u00e9gr\u00e9e, le AV Access eShare W90 offre exactement les fonctions qui rendent les r\u00e9unions hybrides modernes plus efficaces et plus claires. <\/p>","protected":false},"author":2,"featured_media":49371,"comment_status":"closed","ping_status":"closed","sticky":false,"template":"","format":"standard","meta":{"_acf_changed":false,"footnotes":""},"categories":[39],"tags":[],"class_list":["post-49369","post","type-post","status-publish","format-standard","has-post-thumbnail","hentry","category-produkte"],"acf":[],"_links":{"self":[{"href":"https:\/\/konferenztechnik.de\/fr\/wp-json\/wp\/v2\/posts\/49369","targetHints":{"allow":["GET"]}}],"collection":[{"href":"https:\/\/konferenztechnik.de\/fr\/wp-json\/wp\/v2\/posts"}],"about":[{"href":"https:\/\/konferenztechnik.de\/fr\/wp-json\/wp\/v2\/types\/post"}],"author":[{"embeddable":true,"href":"https:\/\/konferenztechnik.de\/fr\/wp-json\/wp\/v2\/users\/2"}],"replies":[{"embeddable":true,"href":"https:\/\/konferenztechnik.de\/fr\/wp-json\/wp\/v2\/comments?post=49369"}],"version-history":[{"count":0,"href":"https:\/\/konferenztechnik.de\/fr\/wp-json\/wp\/v2\/posts\/49369\/revisions"}],"wp:featuredmedia":[{"embeddable":true,"href":"https:\/\/konferenztechnik.de\/fr\/wp-json\/wp\/v2\/media\/49371"}],"wp:attachment":[{"href":"https:\/\/konferenztechnik.de\/fr\/wp-json\/wp\/v2\/media?parent=49369"}],"wp:term":[{"taxonomy":"category","embeddable":true,"href":"https:\/\/konferenztechnik.de\/fr\/wp-json\/wp\/v2\/categories?post=49369"},{"taxonomy":"post_tag","embeddable":true,"href":"https:\/\/konferenztechnik.de\/fr\/wp-json\/wp\/v2\/tags?post=49369"}],"curies":[{"name":"wp","href":"https:\/\/api.w.org\/{rel}","templated":true}]}}