{"id":6562,"date":"2016-04-15T14:06:44","date_gmt":"2016-04-15T13:06:44","guid":{"rendered":"https:\/\/konferenztechnik.de\/?page_id=6562"},"modified":"2023-06-26T12:28:59","modified_gmt":"2023-06-26T10:28:59","slug":"marantz","status":"publish","type":"post","link":"https:\/\/konferenztechnik.de\/fr\/marantz\/","title":{"rendered":"Marantz Professional"},"content":{"rendered":"<div data-elementor-type=\"wp-post\" data-elementor-id=\"6562\" class=\"elementor elementor-6562\" data-elementor-post-type=\"post\">\n\t\t\t\t<div data-particle_enable=\"false\" data-particle-mobile-disabled=\"false\" class=\"elementor-element elementor-element-34a92500 e-flex e-con-boxed e-con e-parent\" data-id=\"34a92500\" data-element_type=\"container\">\n\t\t\t\t\t<div class=\"e-con-inner\">\n\t\t\t\t<div class=\"elementor-element elementor-element-63428c95 elementor-widget elementor-widget-heading\" data-id=\"63428c95\" data-element_type=\"widget\" data-settings=\"{&quot;_animation&quot;:&quot;none&quot;}\" data-widget_type=\"heading.default\">\n\t\t\t\t<div class=\"elementor-widget-container\">\n\t\t\t\t\t<h2 class=\"elementor-heading-title elementor-size-default\">Marantz Professional<\/h2>\t\t\t\t<\/div>\n\t\t\t\t<\/div>\n\t\t\t\t\t<\/div>\n\t\t\t\t<\/div>\n\t\t<div data-particle_enable=\"false\" data-particle-mobile-disabled=\"false\" class=\"elementor-element elementor-element-680f1ddb e-grid e-con-boxed e-con e-parent\" data-id=\"680f1ddb\" data-element_type=\"container\">\n\t\t\t\t\t<div class=\"e-con-inner\">\n\t\t\t\t<div class=\"elementor-element elementor-element-3ef85e6f elementor-widget__width-inherit elementor-widget elementor-widget-text-editor\" data-id=\"3ef85e6f\" data-element_type=\"widget\" data-widget_type=\"text-editor.default\">\n\t\t\t\t<div class=\"elementor-widget-container\">\n\t\t\t\t\t\t\t\t\t<p>De nombreux amateurs de hi-fi connaissent Marantz comme fabricant d'installations st\u00e9r\u00e9o domestiques les plus raffin\u00e9es. Ce que la plupart des gens ne savent pas : Marantz Professional fabrique des microphones, des tables de mixage, des appareils de lecture et d'enregistrement de haute qualit\u00e9 pour le studio et la sc\u00e8ne. Le tout avec la qualit\u00e9 et la pr\u00e9cision exceptionnelles que l'on conna\u00eet d\u00e9j\u00e0 de Marantz dans le domaine de la hi-fi.<\/p><p>\u00a0<\/p><p>Il convient \u00e9galement d'accorder une attention particuli\u00e8re \u00e0 \"Voice Rover\", un syst\u00e8me de sonorisation compact, facilement transportable et fonctionnant sur batterie, qui fournit une v\u00e9ritable sonorisation professionnelle lorsqu'il n'y a pas d'acc\u00e8s au courant alternatif.<\/p><p>\u00a0<\/p><p>Marantz Professional est notre premier choix pour l'installation de lecteurs CD et DVD pour une installation 19\" de haute qualit\u00e9.<\/p>\t\t\t\t\t\t\t\t<\/div>\n\t\t\t\t<\/div>\n\t\t\t\t<div class=\"elementor-element elementor-element-436e8244 elementor-widget elementor-widget-image\" data-id=\"436e8244\" data-element_type=\"widget\" data-widget_type=\"image.default\">\n\t\t\t\t<div class=\"elementor-widget-container\">\n\t\t\t\t\t\t\t\t\t\t\t\t\t\t\t<img fetchpriority=\"high\" decoding=\"async\" width=\"577\" height=\"385\" src=\"https:\/\/konferenztechnik.de\/wp-content\/uploads\/2016\/08\/marantz-professional.jpg\" class=\"attachment-full size-full wp-image-7509\" alt=\"\" srcset=\"https:\/\/konferenztechnik.de\/wp-content\/uploads\/2016\/08\/marantz-professional.jpg 577w, https:\/\/konferenztechnik.de\/wp-content\/uploads\/2016\/08\/marantz-professional-300x200.jpg 300w\" sizes=\"(max-width: 577px) 100vw, 577px\" title=\"\">\t\t\t\t\t\t\t\t\t\t\t\t\t\t\t<\/div>\n\t\t\t\t<\/div>\n\t\t\t\t\t<\/div>\n\t\t\t\t<\/div>\n\t\t<div data-particle_enable=\"false\" data-particle-mobile-disabled=\"false\" class=\"elementor-element elementor-element-65c4a6fa e-grid e-con-boxed e-con e-parent\" data-id=\"65c4a6fa\" data-element_type=\"container\">\n\t\t\t\t\t<div class=\"e-con-inner\">\n\t\t\t\t<div class=\"elementor-element elementor-element-4984430c elementor-widget elementor-widget-heading\" data-id=\"4984430c\" data-element_type=\"widget\" data-settings=\"{&quot;_animation&quot;:&quot;none&quot;}\" data-widget_type=\"heading.default\">\n\t\t\t\t<div class=\"elementor-widget-container\">\n\t\t\t\t\t<h2 class=\"elementor-heading-title elementor-size-default\">Haut de gamme pour le studio, l'installation et les utilisations portables<\/h2>\t\t\t\t<\/div>\n\t\t\t\t<\/div>\n\t\t\t\t<div class=\"elementor-element elementor-element-3b63f52b elementor-widget elementor-widget-image\" data-id=\"3b63f52b\" data-element_type=\"widget\" data-widget_type=\"image.default\">\n\t\t\t\t<div class=\"elementor-widget-container\">\n\t\t\t\t\t\t\t\t\t\t\t\t\t\t\t<img decoding=\"async\" width=\"150\" height=\"150\" src=\"https:\/\/konferenztechnik.de\/wp-content\/uploads\/2016\/04\/logo-marantz-150x150.jpg\" class=\"attachment-thumbnail size-thumbnail wp-image-6649\" alt=\"Logo Marantz\" srcset=\"https:\/\/konferenztechnik.de\/wp-content\/uploads\/2016\/04\/logo-marantz-150x150.jpg 150w, https:\/\/konferenztechnik.de\/wp-content\/uploads\/2016\/04\/logo-marantz.jpg 250w\" sizes=\"(max-width: 150px) 100vw, 150px\" title=\"\">\t\t\t\t\t\t\t\t\t\t\t\t\t\t\t<\/div>\n\t\t\t\t<\/div>\n\t\t\t\t\t<\/div>\n\t\t\t\t<\/div>\n\t\t<div data-particle_enable=\"false\" data-particle-mobile-disabled=\"false\" class=\"elementor-element elementor-element-69d56a7b e-flex e-con-boxed e-con e-parent\" data-id=\"69d56a7b\" data-element_type=\"container\">\n\t\t\t\t\t<div class=\"e-con-inner\">\n\t\t\t\t<div class=\"elementor-element elementor-element-341279f4 elementor-widget elementor-widget-spacer\" data-id=\"341279f4\" data-element_type=\"widget\" data-widget_type=\"spacer.default\">\n\t\t\t\t<div class=\"elementor-widget-container\">\n\t\t\t\t\t\t\t<div class=\"elementor-spacer\">\n\t\t\t<div class=\"elementor-spacer-inner\"><\/div>\n\t\t<\/div>\n\t\t\t\t\t\t<\/div>\n\t\t\t\t<\/div>\n\t\t\t\t\t<\/div>\n\t\t\t\t<\/div>\n\t\t<div data-particle_enable=\"false\" data-particle-mobile-disabled=\"false\" class=\"elementor-element elementor-element-2f81b9ec e-grid e-con-boxed e-con e-parent\" data-id=\"2f81b9ec\" data-element_type=\"container\">\n\t\t\t\t\t<div class=\"e-con-inner\">\n\t\t<div data-particle_enable=\"false\" data-particle-mobile-disabled=\"false\" class=\"elementor-element elementor-element-2bbf06be e-flex e-con-boxed e-con e-parent\" data-id=\"2bbf06be\" data-element_type=\"container\" data-settings=\"{&quot;background_background&quot;:&quot;classic&quot;}\">\n\t\t\t\t\t<div class=\"e-con-inner\">\n\t\t\t\t<div class=\"elementor-element elementor-element-3a319361 elementor-widget elementor-widget-image\" data-id=\"3a319361\" data-element_type=\"widget\" data-widget_type=\"image.default\">\n\t\t\t\t<div class=\"elementor-widget-container\">\n\t\t\t\t\t\t\t\t\t\t\t\t\t\t\t<img decoding=\"async\" width=\"424\" height=\"284\" src=\"https:\/\/konferenztechnik.de\/wp-content\/uploads\/2016\/08\/marantz-recording.jpg\" class=\"attachment-large size-large wp-image-7510\" alt=\"\" srcset=\"https:\/\/konferenztechnik.de\/wp-content\/uploads\/2016\/08\/marantz-recording.jpg 424w, https:\/\/konferenztechnik.de\/wp-content\/uploads\/2016\/08\/marantz-recording-300x201.jpg 300w\" sizes=\"(max-width: 424px) 100vw, 424px\" title=\"\">\t\t\t\t\t\t\t\t\t\t\t\t\t\t\t<\/div>\n\t\t\t\t<\/div>\n\t\t\t\t<div class=\"elementor-element elementor-element-400757ac elementor-widget elementor-widget-heading\" data-id=\"400757ac\" data-element_type=\"widget\" data-settings=\"{&quot;_animation&quot;:&quot;none&quot;}\" data-widget_type=\"heading.default\">\n\t\t\t\t<div class=\"elementor-widget-container\">\n\t\t\t\t\t<h2 class=\"elementor-heading-title elementor-size-default\">Enregistrement<\/h2>\t\t\t\t<\/div>\n\t\t\t\t<\/div>\n\t\t\t\t<div class=\"elementor-element elementor-element-3a371cb elementor-widget__width-inherit elementor-widget elementor-widget-text-editor\" data-id=\"3a371cb\" data-element_type=\"widget\" data-widget_type=\"text-editor.default\">\n\t\t\t\t<div class=\"elementor-widget-container\">\n\t\t\t\t\t\t\t\t\t<p>Microphones de studio<br \/>Microphones EB<br \/>Tables de mixage<\/p>\t\t\t\t\t\t\t\t<\/div>\n\t\t\t\t<\/div>\n\t\t\t\t\t<\/div>\n\t\t\t\t<\/div>\n\t\t<div data-particle_enable=\"false\" data-particle-mobile-disabled=\"false\" class=\"elementor-element elementor-element-3d4cabf2 e-flex e-con-boxed e-con e-parent\" data-id=\"3d4cabf2\" data-element_type=\"container\" data-settings=\"{&quot;background_background&quot;:&quot;classic&quot;}\">\n\t\t\t\t\t<div class=\"e-con-inner\">\n\t\t\t\t<div class=\"elementor-element elementor-element-1c9f1798 elementor-widget elementor-widget-image\" data-id=\"1c9f1798\" data-element_type=\"widget\" data-widget_type=\"image.default\">\n\t\t\t\t<div class=\"elementor-widget-container\">\n\t\t\t\t\t\t\t\t\t\t\t\t\t\t\t<img loading=\"lazy\" decoding=\"async\" width=\"424\" height=\"284\" src=\"https:\/\/konferenztechnik.de\/wp-content\/uploads\/2016\/08\/marantz-19zoll.jpg\" class=\"attachment-large size-large wp-image-7511\" alt=\"\" srcset=\"https:\/\/konferenztechnik.de\/wp-content\/uploads\/2016\/08\/marantz-19zoll.jpg 424w, https:\/\/konferenztechnik.de\/wp-content\/uploads\/2016\/08\/marantz-19zoll-300x201.jpg 300w\" sizes=\"(max-width: 424px) 100vw, 424px\" title=\"\">\t\t\t\t\t\t\t\t\t\t\t\t\t\t\t<\/div>\n\t\t\t\t<\/div>\n\t\t\t\t<div class=\"elementor-element elementor-element-56df7970 elementor-widget elementor-widget-heading\" data-id=\"56df7970\" data-element_type=\"widget\" data-settings=\"{&quot;_animation&quot;:&quot;none&quot;}\" data-widget_type=\"heading.default\">\n\t\t\t\t<div class=\"elementor-widget-container\">\n\t\t\t\t\t<h2 class=\"elementor-heading-title elementor-size-default\">19\u2033-Unit\u00e9s encastrables<\/h2>\t\t\t\t<\/div>\n\t\t\t\t<\/div>\n\t\t\t\t<div class=\"elementor-element elementor-element-3cab6f09 elementor-widget__width-inherit elementor-widget elementor-widget-text-editor\" data-id=\"3cab6f09\" data-element_type=\"widget\" data-widget_type=\"text-editor.default\">\n\t\t\t\t<div class=\"elementor-widget-container\">\n\t\t\t\t\t\t\t\t\t<p>Lecteur CD<br \/>Lecteur de DVD<br \/>Enregistreur \u00e0 double cassette<\/p>\t\t\t\t\t\t\t\t<\/div>\n\t\t\t\t<\/div>\n\t\t\t\t\t<\/div>\n\t\t\t\t<\/div>\n\t\t<div data-particle_enable=\"false\" data-particle-mobile-disabled=\"false\" class=\"elementor-element elementor-element-7a095c3b e-flex e-con-boxed e-con e-parent\" data-id=\"7a095c3b\" data-element_type=\"container\" data-settings=\"{&quot;background_background&quot;:&quot;classic&quot;}\">\n\t\t\t\t\t<div class=\"e-con-inner\">\n\t\t\t\t<div class=\"elementor-element elementor-element-1d227104 elementor-widget elementor-widget-image\" data-id=\"1d227104\" data-element_type=\"widget\" data-widget_type=\"image.default\">\n\t\t\t\t<div class=\"elementor-widget-container\">\n\t\t\t\t\t\t\t\t\t\t\t\t\t\t\t<img loading=\"lazy\" decoding=\"async\" width=\"424\" height=\"284\" src=\"https:\/\/konferenztechnik.de\/wp-content\/uploads\/2016\/08\/marantz-portable-pa.jpg\" class=\"attachment-large size-large wp-image-7512\" alt=\"\" srcset=\"https:\/\/konferenztechnik.de\/wp-content\/uploads\/2016\/08\/marantz-portable-pa.jpg 424w, https:\/\/konferenztechnik.de\/wp-content\/uploads\/2016\/08\/marantz-portable-pa-300x201.jpg 300w\" sizes=\"(max-width: 424px) 100vw, 424px\" title=\"\">\t\t\t\t\t\t\t\t\t\t\t\t\t\t\t<\/div>\n\t\t\t\t<\/div>\n\t\t\t\t<div class=\"elementor-element elementor-element-4b23a2a8 elementor-widget elementor-widget-heading\" data-id=\"4b23a2a8\" data-element_type=\"widget\" data-settings=\"{&quot;_animation&quot;:&quot;none&quot;}\" data-widget_type=\"heading.default\">\n\t\t\t\t<div class=\"elementor-widget-container\">\n\t\t\t\t\t<h2 class=\"elementor-heading-title elementor-size-default\">Voice Rover<\/h2>\t\t\t\t<\/div>\n\t\t\t\t<\/div>\n\t\t\t\t<div class=\"elementor-element elementor-element-16612e54 elementor-widget__width-inherit elementor-widget elementor-widget-text-editor\" data-id=\"16612e54\" data-element_type=\"widget\" data-widget_type=\"text-editor.default\">\n\t\t\t\t<div class=\"elementor-widget-container\">\n\t\t\t\t\t\t\t\t\t<p>Syst\u00e8me de sonorisation portable avec 55\u201320kHz, 120W RMS\/AC et jusqu'\u00e0 12 heures d'autonomie de la batterie<\/p>\t\t\t\t\t\t\t\t<\/div>\n\t\t\t\t<\/div>\n\t\t\t\t\t<\/div>\n\t\t\t\t<\/div>\n\t\t\t\t\t<\/div>\n\t\t\t\t<\/div>\n\t\t<div data-particle_enable=\"false\" data-particle-mobile-disabled=\"false\" class=\"elementor-element elementor-element-14ee3a5f e-flex e-con-boxed e-con e-parent\" data-id=\"14ee3a5f\" data-element_type=\"container\">\n\t\t\t\t\t<div class=\"e-con-inner\">\n\t\t\t\t<div class=\"elementor-element elementor-element-4b8b8852 elementor-widget elementor-widget-spacer\" data-id=\"4b8b8852\" data-element_type=\"widget\" data-widget_type=\"spacer.default\">\n\t\t\t\t<div class=\"elementor-widget-container\">\n\t\t\t\t\t\t\t<div class=\"elementor-spacer\">\n\t\t\t<div class=\"elementor-spacer-inner\"><\/div>\n\t\t<\/div>\n\t\t\t\t\t\t<\/div>\n\t\t\t\t<\/div>\n\t\t\t\t<div class=\"elementor-element elementor-element-78bac68d elementor-widget__width-inherit elementor-widget elementor-widget-text-editor\" data-id=\"78bac68d\" data-element_type=\"widget\" data-widget_type=\"text-editor.default\">\n\t\t\t\t<div class=\"elementor-widget-container\">\n\t\t\t\t\t\t\t\t\t<div class=\"callout-content\">Les produits Marantz Professional sont des bijoux particuliers, exceptionnels \u00e0 tous points de vue. R\u00e9jouissez-vous lorsque ces appareils particuliers seront utilis\u00e9s chez vous.<\/div>\t\t\t\t\t\t\t\t<\/div>\n\t\t\t\t<\/div>\n\t\t\t\t\t<\/div>\n\t\t\t\t<\/div>\n\t\t<div data-particle_enable=\"false\" data-particle-mobile-disabled=\"false\" class=\"elementor-element elementor-element-64402bcf e-flex e-con-boxed e-con e-parent\" data-id=\"64402bcf\" data-element_type=\"container\">\n\t\t\t\t\t<div class=\"e-con-inner\">\n\t\t\t\t<div class=\"elementor-element elementor-element-587b358 elementor-widget elementor-widget-shortcode\" data-id=\"587b358\" data-element_type=\"widget\" data-widget_type=\"shortcode.default\">\n\t\t\t\t<div class=\"elementor-widget-container\">\n\t\t\t\t\t\t\t<div class=\"elementor-shortcode\"><\/div>\n\t\t\t\t\t\t<\/div>\n\t\t\t\t<\/div>\n\t\t\t\t\t<\/div>\n\t\t\t\t<\/div>\n\t\t\t\t<\/div>","protected":false},"excerpt":{"rendered":"<p>Marantz Professional Marantz est connu de nombreux amateurs de hi-fi comme fabricant des meilleurs syst\u00e8mes st\u00e9r\u00e9o domestiques. Ce que la plupart ignorent, c'est que Marantz Professional fabrique \u00e9galement des microphones, des tables de mixage, des appareils de lecture et d'enregistrement de haute qualit\u00e9 pour les studios et les sc\u00e8nes. Le tout avec la qualit\u00e9 et la pr\u00e9cision exceptionnelles que l'on conna\u00eet d\u00e9j\u00e0 de Marantz dans le domaine de la hi-fi. \u00a0 Il convient \u00e9galement de mentionner \u201e Voice [\u2026]<\/p>","protected":false},"author":1,"featured_media":6649,"comment_status":"closed","ping_status":"closed","sticky":false,"template":"elementor_theme","format":"standard","meta":{"_acf_changed":false,"footnotes":""},"categories":[49],"tags":[87,86],"class_list":["post-6562","post","type-post","status-publish","format-standard","has-post-thumbnail","hentry","category-hersteller","tag-marantz","tag-marantz-professional"],"acf":[],"_links":{"self":[{"href":"https:\/\/konferenztechnik.de\/fr\/wp-json\/wp\/v2\/posts\/6562","targetHints":{"allow":["GET"]}}],"collection":[{"href":"https:\/\/konferenztechnik.de\/fr\/wp-json\/wp\/v2\/posts"}],"about":[{"href":"https:\/\/konferenztechnik.de\/fr\/wp-json\/wp\/v2\/types\/post"}],"author":[{"embeddable":true,"href":"https:\/\/konferenztechnik.de\/fr\/wp-json\/wp\/v2\/users\/1"}],"replies":[{"embeddable":true,"href":"https:\/\/konferenztechnik.de\/fr\/wp-json\/wp\/v2\/comments?post=6562"}],"version-history":[{"count":0,"href":"https:\/\/konferenztechnik.de\/fr\/wp-json\/wp\/v2\/posts\/6562\/revisions"}],"wp:featuredmedia":[{"embeddable":true,"href":"https:\/\/konferenztechnik.de\/fr\/wp-json\/wp\/v2\/media\/6649"}],"wp:attachment":[{"href":"https:\/\/konferenztechnik.de\/fr\/wp-json\/wp\/v2\/media?parent=6562"}],"wp:term":[{"taxonomy":"category","embeddable":true,"href":"https:\/\/konferenztechnik.de\/fr\/wp-json\/wp\/v2\/categories?post=6562"},{"taxonomy":"post_tag","embeddable":true,"href":"https:\/\/konferenztechnik.de\/fr\/wp-json\/wp\/v2\/tags?post=6562"}],"curies":[{"name":"wp","href":"https:\/\/api.w.org\/{rel}","templated":true}]}}