{"id":7942,"date":"2016-09-22T08:55:08","date_gmt":"2016-09-22T06:55:08","guid":{"rendered":"https:\/\/konferenztechnik.de\/?page_id=7942"},"modified":"2023-06-26T10:20:49","modified_gmt":"2023-06-26T08:20:49","slug":"db-technologies","status":"publish","type":"post","link":"https:\/\/konferenztechnik.de\/fr\/db-technologies\/","title":{"rendered":"dBTechnologies"},"content":{"rendered":"<div data-elementor-type=\"wp-post\" data-elementor-id=\"7942\" class=\"elementor elementor-7942\" data-elementor-post-type=\"post\">\n\t\t\t\t<div data-particle_enable=\"false\" data-particle-mobile-disabled=\"false\" class=\"elementor-element elementor-element-40f34b67 e-flex e-con-boxed e-con e-parent\" data-id=\"40f34b67\" data-element_type=\"container\">\n\t\t\t\t\t<div class=\"e-con-inner\">\n\t\t\t\t<div class=\"elementor-element elementor-element-4c4d9aa9 elementor-widget elementor-widget-heading\" data-id=\"4c4d9aa9\" data-element_type=\"widget\" data-settings=\"{&quot;_animation&quot;:&quot;none&quot;}\" data-widget_type=\"heading.default\">\n\t\t\t\t<div class=\"elementor-widget-container\">\n\t\t\t\t\t<h2 class=\"elementor-heading-title elementor-size-default\">dBTechnologies<\/h2>\t\t\t\t<\/div>\n\t\t\t\t<\/div>\n\t\t\t\t\t<\/div>\n\t\t\t\t<\/div>\n\t\t<div data-particle_enable=\"false\" data-particle-mobile-disabled=\"false\" class=\"elementor-element elementor-element-1e7f427f e-grid e-con-boxed e-con e-parent\" data-id=\"1e7f427f\" data-element_type=\"container\">\n\t\t\t\t\t<div class=\"e-con-inner\">\n\t\t\t\t<div class=\"elementor-element elementor-element-55bb8ae1 elementor-widget__width-inherit elementor-widget elementor-widget-text-editor\" data-id=\"55bb8ae1\" data-element_type=\"widget\" data-widget_type=\"text-editor.default\">\n\t\t\t\t<div class=\"elementor-widget-container\">\n\t\t\t\t\t\t\t\t\t<p>Le portefeuille actuel de dBTechnologies comprend des haut-parleurs actifs et passifs, des amplificateurs de puissance, de l'\u00e9lectronique ainsi que des syst\u00e8mes sans fil pour l'\u00e9v\u00e9nementiel et les installations fixes.<\/p><p>\u00a0<\/p><p>Les syst\u00e8mes de haut-parleurs actifs connaissent un succ\u00e8s particulier, notamment parce que le d\u00e9veloppement \u00e9lectronique est la comp\u00e9tence principale du d\u00e9partement de d\u00e9veloppement de dBTechnologies. Aujourd'hui, presque tous les amplificateurs de puissance utilis\u00e9s sont d\u00e9velopp\u00e9s par dBTechnologies.<\/p><p>\u00a0<\/p><p>Gr\u00e2ce \u00e0 un stock important du fabricant \u00e0 Cologne, la plupart des produits sont disponibles dans les 24 heures.<\/p>\t\t\t\t\t\t\t\t<\/div>\n\t\t\t\t<\/div>\n\t\t\t\t<div class=\"elementor-element elementor-element-51087210 elementor-widget elementor-widget-image\" data-id=\"51087210\" data-element_type=\"widget\" data-widget_type=\"image.default\">\n\t\t\t\t<div class=\"elementor-widget-container\">\n\t\t\t\t\t\t\t\t\t\t\t\t\t\t\t<img fetchpriority=\"high\" decoding=\"async\" width=\"577\" height=\"385\" src=\"https:\/\/konferenztechnik.de\/wp-content\/uploads\/2016\/09\/dptechnologies-array.jpg\" class=\"attachment-full size-full wp-image-7963\" alt=\"\" srcset=\"https:\/\/konferenztechnik.de\/wp-content\/uploads\/2016\/09\/dptechnologies-array.jpg 577w, https:\/\/konferenztechnik.de\/wp-content\/uploads\/2016\/09\/dptechnologies-array-300x200.jpg 300w\" sizes=\"(max-width: 577px) 100vw, 577px\" title=\"\">\t\t\t\t\t\t\t\t\t\t\t\t\t\t\t<\/div>\n\t\t\t\t<\/div>\n\t\t\t\t\t<\/div>\n\t\t\t\t<\/div>\n\t\t<div data-particle_enable=\"false\" data-particle-mobile-disabled=\"false\" class=\"elementor-element elementor-element-880db27 e-grid e-con-boxed e-con e-parent\" data-id=\"880db27\" data-element_type=\"container\">\n\t\t\t\t\t<div class=\"e-con-inner\">\n\t\t\t\t<div class=\"elementor-element elementor-element-3cdaa4f5 elementor-widget elementor-widget-heading\" data-id=\"3cdaa4f5\" data-element_type=\"widget\" data-settings=\"{&quot;_animation&quot;:&quot;none&quot;}\" data-widget_type=\"heading.default\">\n\t\t\t\t<div class=\"elementor-widget-container\">\n\t\t\t\t\t<h2 class=\"elementor-heading-title elementor-size-default\">Le son de l'exp\u00e9rience<\/h2>\t\t\t\t<\/div>\n\t\t\t\t<\/div>\n\t\t\t\t<div class=\"elementor-element elementor-element-5d77669d elementor-widget elementor-widget-image\" data-id=\"5d77669d\" data-element_type=\"widget\" data-widget_type=\"image.default\">\n\t\t\t\t<div class=\"elementor-widget-container\">\n\t\t\t\t\t\t\t\t\t\t\t\t\t\t\t<img decoding=\"async\" width=\"150\" height=\"150\" src=\"https:\/\/konferenztechnik.de\/wp-content\/uploads\/2016\/09\/logo-dbtechnologies-150x150.jpg\" class=\"attachment-thumbnail size-thumbnail wp-image-7965\" alt=\"\" srcset=\"https:\/\/konferenztechnik.de\/wp-content\/uploads\/2016\/09\/logo-dbtechnologies-150x150.jpg 150w, https:\/\/konferenztechnik.de\/wp-content\/uploads\/2016\/09\/logo-dbtechnologies.jpg 200w\" sizes=\"(max-width: 150px) 100vw, 150px\" title=\"\">\t\t\t\t\t\t\t\t\t\t\t\t\t\t\t<\/div>\n\t\t\t\t<\/div>\n\t\t\t\t\t<\/div>\n\t\t\t\t<\/div>\n\t\t<div data-particle_enable=\"false\" data-particle-mobile-disabled=\"false\" class=\"elementor-element elementor-element-226c9e07 e-flex e-con-boxed e-con e-parent\" data-id=\"226c9e07\" data-element_type=\"container\">\n\t\t\t\t\t<div class=\"e-con-inner\">\n\t\t\t\t<div class=\"elementor-element elementor-element-76e48152 elementor-widget elementor-widget-spacer\" data-id=\"76e48152\" data-element_type=\"widget\" data-widget_type=\"spacer.default\">\n\t\t\t\t<div class=\"elementor-widget-container\">\n\t\t\t\t\t\t\t<div class=\"elementor-spacer\">\n\t\t\t<div class=\"elementor-spacer-inner\"><\/div>\n\t\t<\/div>\n\t\t\t\t\t\t<\/div>\n\t\t\t\t<\/div>\n\t\t\t\t\t<\/div>\n\t\t\t\t<\/div>\n\t\t<div data-particle_enable=\"false\" data-particle-mobile-disabled=\"false\" class=\"elementor-element elementor-element-383a1ccc e-grid e-con-boxed e-con e-parent\" data-id=\"383a1ccc\" data-element_type=\"container\">\n\t\t\t\t\t<div class=\"e-con-inner\">\n\t\t<div data-particle_enable=\"false\" data-particle-mobile-disabled=\"false\" class=\"elementor-element elementor-element-42d57d48 e-flex e-con-boxed e-con e-parent\" data-id=\"42d57d48\" data-element_type=\"container\" data-settings=\"{&quot;background_background&quot;:&quot;classic&quot;}\">\n\t\t\t\t\t<div class=\"e-con-inner\">\n\t\t\t\t<div class=\"elementor-element elementor-element-68163762 elementor-widget elementor-widget-image\" data-id=\"68163762\" data-element_type=\"widget\" data-widget_type=\"image.default\">\n\t\t\t\t<div class=\"elementor-widget-container\">\n\t\t\t\t\t\t\t\t\t\t\t\t\t\t\t<img decoding=\"async\" width=\"424\" height=\"284\" src=\"https:\/\/konferenztechnik.de\/wp-content\/uploads\/2016\/09\/dbtechnologies-aktivelautsprecher.jpg\" class=\"attachment-large size-large wp-image-7962\" alt=\"\" srcset=\"https:\/\/konferenztechnik.de\/wp-content\/uploads\/2016\/09\/dbtechnologies-aktivelautsprecher.jpg 424w, https:\/\/konferenztechnik.de\/wp-content\/uploads\/2016\/09\/dbtechnologies-aktivelautsprecher-300x201.jpg 300w\" sizes=\"(max-width: 424px) 100vw, 424px\" title=\"\">\t\t\t\t\t\t\t\t\t\t\t\t\t\t\t<\/div>\n\t\t\t\t<\/div>\n\t\t\t\t<div class=\"elementor-element elementor-element-37ef9281 elementor-widget elementor-widget-heading\" data-id=\"37ef9281\" data-element_type=\"widget\" data-settings=\"{&quot;_animation&quot;:&quot;none&quot;}\" data-widget_type=\"heading.default\">\n\t\t\t\t<div class=\"elementor-widget-container\">\n\t\t\t\t\t<h2 class=\"elementor-heading-title elementor-size-default\">Haut-parleurs actifs<\/h2>\t\t\t\t<\/div>\n\t\t\t\t<\/div>\n\t\t\t\t<div class=\"elementor-element elementor-element-1334ef5e elementor-widget__width-inherit elementor-widget elementor-widget-text-editor\" data-id=\"1334ef5e\" data-element_type=\"widget\" data-widget_type=\"text-editor.default\">\n\t\t\t\t<div class=\"elementor-widget-container\">\n\t\t\t\t\t\t\t\t\t<p>Enceintes compactes actives<br \/>Moniteurs de sc\u00e8ne actifs<br \/>Syst\u00e8mes actifs Line Array<br \/>Caissons de basses actifs<br \/>Haut-parleur sans fil rechargeable<\/p>\t\t\t\t\t\t\t\t<\/div>\n\t\t\t\t<\/div>\n\t\t\t\t\t<\/div>\n\t\t\t\t<\/div>\n\t\t<div data-particle_enable=\"false\" data-particle-mobile-disabled=\"false\" class=\"elementor-element elementor-element-13d3de7c e-flex e-con-boxed e-con e-parent\" data-id=\"13d3de7c\" data-element_type=\"container\" data-settings=\"{&quot;background_background&quot;:&quot;classic&quot;}\">\n\t\t\t\t\t<div class=\"e-con-inner\">\n\t\t\t\t<div class=\"elementor-element elementor-element-3f34e804 elementor-widget elementor-widget-image\" data-id=\"3f34e804\" data-element_type=\"widget\" data-widget_type=\"image.default\">\n\t\t\t\t<div class=\"elementor-widget-container\">\n\t\t\t\t\t\t\t\t\t\t\t\t\t\t\t<img loading=\"lazy\" decoding=\"async\" width=\"424\" height=\"284\" src=\"https:\/\/konferenztechnik.de\/wp-content\/uploads\/2016\/09\/dptechnologies-passive-lautsprecher.jpg\" class=\"attachment-large size-large wp-image-7960\" alt=\"\" srcset=\"https:\/\/konferenztechnik.de\/wp-content\/uploads\/2016\/09\/dptechnologies-passive-lautsprecher.jpg 424w, https:\/\/konferenztechnik.de\/wp-content\/uploads\/2016\/09\/dptechnologies-passive-lautsprecher-300x201.jpg 300w\" sizes=\"(max-width: 424px) 100vw, 424px\" title=\"\">\t\t\t\t\t\t\t\t\t\t\t\t\t\t\t<\/div>\n\t\t\t\t<\/div>\n\t\t\t\t<div class=\"elementor-element elementor-element-23e32b5f elementor-widget elementor-widget-heading\" data-id=\"23e32b5f\" data-element_type=\"widget\" data-settings=\"{&quot;_animation&quot;:&quot;none&quot;}\" data-widget_type=\"heading.default\">\n\t\t\t\t<div class=\"elementor-widget-container\">\n\t\t\t\t\t<h2 class=\"elementor-heading-title elementor-size-default\">Haut-parleurs passifs<\/h2>\t\t\t\t<\/div>\n\t\t\t\t<\/div>\n\t\t\t\t<div class=\"elementor-element elementor-element-26c74486 elementor-widget__width-inherit elementor-widget elementor-widget-text-editor\" data-id=\"26c74486\" data-element_type=\"widget\" data-widget_type=\"text-editor.default\">\n\t\t\t\t<div class=\"elementor-widget-container\">\n\t\t\t\t\t\t\t\t\t<p>Haut-parleurs conventionnels<br \/>Caisson de basses reflex<\/p>\t\t\t\t\t\t\t\t<\/div>\n\t\t\t\t<\/div>\n\t\t\t\t\t<\/div>\n\t\t\t\t<\/div>\n\t\t<div data-particle_enable=\"false\" data-particle-mobile-disabled=\"false\" class=\"elementor-element elementor-element-28131ff e-flex e-con-boxed e-con e-parent\" data-id=\"28131ff\" data-element_type=\"container\" data-settings=\"{&quot;background_background&quot;:&quot;classic&quot;}\">\n\t\t\t\t\t<div class=\"e-con-inner\">\n\t\t\t\t<div class=\"elementor-element elementor-element-4a7408d6 elementor-widget elementor-widget-image\" data-id=\"4a7408d6\" data-element_type=\"widget\" data-widget_type=\"image.default\">\n\t\t\t\t<div class=\"elementor-widget-container\">\n\t\t\t\t\t\t\t\t\t\t\t\t\t\t\t<img loading=\"lazy\" decoding=\"async\" width=\"424\" height=\"284\" src=\"https:\/\/konferenztechnik.de\/wp-content\/uploads\/2016\/09\/dptechnologies-verstaerker.jpg\" class=\"attachment-large size-large wp-image-7961\" alt=\"\" srcset=\"https:\/\/konferenztechnik.de\/wp-content\/uploads\/2016\/09\/dptechnologies-verstaerker.jpg 424w, https:\/\/konferenztechnik.de\/wp-content\/uploads\/2016\/09\/dptechnologies-verstaerker-300x201.jpg 300w\" sizes=\"(max-width: 424px) 100vw, 424px\" title=\"\">\t\t\t\t\t\t\t\t\t\t\t\t\t\t\t<\/div>\n\t\t\t\t<\/div>\n\t\t\t\t<div class=\"elementor-element elementor-element-22cd0d9f elementor-widget elementor-widget-heading\" data-id=\"22cd0d9f\" data-element_type=\"widget\" data-settings=\"{&quot;_animation&quot;:&quot;none&quot;}\" data-widget_type=\"heading.default\">\n\t\t\t\t<div class=\"elementor-widget-container\">\n\t\t\t\t\t<h2 class=\"elementor-heading-title elementor-size-default\">Contr\u00f4leur &amp; Co<\/h2>\t\t\t\t<\/div>\n\t\t\t\t<\/div>\n\t\t\t\t<div class=\"elementor-element elementor-element-2313f2aa elementor-widget__width-inherit elementor-widget elementor-widget-text-editor\" data-id=\"2313f2aa\" data-element_type=\"widget\" data-widget_type=\"text-editor.default\">\n\t\t\t\t<div class=\"elementor-widget-container\">\n\t\t\t\t\t\t\t\t\t<p>Contr\u00f4leur audio<br \/>Amplificateur<br \/>Logiciel de contr\u00f4le \u00e0 distance et de surveillance<\/p>\t\t\t\t\t\t\t\t<\/div>\n\t\t\t\t<\/div>\n\t\t\t\t\t<\/div>\n\t\t\t\t<\/div>\n\t\t\t\t\t<\/div>\n\t\t\t\t<\/div>\n\t\t<div data-particle_enable=\"false\" data-particle-mobile-disabled=\"false\" class=\"elementor-element elementor-element-58942d5c e-flex e-con-boxed e-con e-parent\" data-id=\"58942d5c\" data-element_type=\"container\">\n\t\t\t\t\t<div class=\"e-con-inner\">\n\t\t\t\t<div class=\"elementor-element elementor-element-4945bf76 elementor-widget elementor-widget-spacer\" data-id=\"4945bf76\" data-element_type=\"widget\" data-widget_type=\"spacer.default\">\n\t\t\t\t<div class=\"elementor-widget-container\">\n\t\t\t\t\t\t\t<div class=\"elementor-spacer\">\n\t\t\t<div class=\"elementor-spacer-inner\"><\/div>\n\t\t<\/div>\n\t\t\t\t\t\t<\/div>\n\t\t\t\t<\/div>\n\t\t\t\t<div class=\"elementor-element elementor-element-b6419bc elementor-widget__width-inherit elementor-widget elementor-widget-text-editor\" data-id=\"b6419bc\" data-element_type=\"widget\" data-widget_type=\"text-editor.default\">\n\t\t\t\t<div class=\"elementor-widget-container\">\n\t\t\t\t\t\t\t\t\t<p>Les produits de dBTechnologies se distinguent par leur facilit\u00e9 d'utilisation. Plug and play \u00e9galement pour l'int\u00e9gration de syst\u00e8mes et l'installation fixe.<\/p>\t\t\t\t\t\t\t\t<\/div>\n\t\t\t\t<\/div>\n\t\t\t\t\t<\/div>\n\t\t\t\t<\/div>\n\t\t<div data-particle_enable=\"false\" data-particle-mobile-disabled=\"false\" class=\"elementor-element elementor-element-602835c2 e-flex e-con-boxed e-con e-parent\" data-id=\"602835c2\" data-element_type=\"container\">\n\t\t\t\t\t<div class=\"e-con-inner\">\n\t\t\t\t<div class=\"elementor-element elementor-element-779698d2 elementor-widget elementor-widget-shortcode\" data-id=\"779698d2\" data-element_type=\"widget\" data-widget_type=\"shortcode.default\">\n\t\t\t\t<div class=\"elementor-widget-container\">\n\t\t\t\t\t\t\t<div class=\"elementor-shortcode\"><\/div>\n\t\t\t\t\t\t<\/div>\n\t\t\t\t<\/div>\n\t\t\t\t\t<\/div>\n\t\t\t\t<\/div>\n\t\t\t\t<\/div>","protected":false},"excerpt":{"rendered":"<p>dBTechnologies Le portefeuille actuel de dBTechnologies comprend des haut-parleurs actifs et passifs, des amplificateurs de puissance, de l'\u00e9lectronique ainsi que des syst\u00e8mes sans fil pour l'\u00e9v\u00e9nementiel et les installations fixes.   Les syst\u00e8mes de haut-parleurs actifs connaissent un succ\u00e8s particulier, notamment parce que le d\u00e9veloppement \u00e9lectronique est la comp\u00e9tence principale du d\u00e9partement de d\u00e9veloppement de dBTechnologies. Aujourd'hui, presque tous les amplificateurs de puissance utilis\u00e9s sont d\u00e9velopp\u00e9s par dBTechnologies.   Gr\u00e2ce \u00e0 un stock important du fabricant [...].<\/p>","protected":false},"author":1,"featured_media":7965,"comment_status":"closed","ping_status":"closed","sticky":false,"template":"elementor_theme","format":"standard","meta":{"_acf_changed":false,"footnotes":""},"categories":[49],"tags":[61],"class_list":["post-7942","post","type-post","status-publish","format-standard","has-post-thumbnail","hentry","category-hersteller","tag-dbtechnologies"],"acf":[],"_links":{"self":[{"href":"https:\/\/konferenztechnik.de\/fr\/wp-json\/wp\/v2\/posts\/7942","targetHints":{"allow":["GET"]}}],"collection":[{"href":"https:\/\/konferenztechnik.de\/fr\/wp-json\/wp\/v2\/posts"}],"about":[{"href":"https:\/\/konferenztechnik.de\/fr\/wp-json\/wp\/v2\/types\/post"}],"author":[{"embeddable":true,"href":"https:\/\/konferenztechnik.de\/fr\/wp-json\/wp\/v2\/users\/1"}],"replies":[{"embeddable":true,"href":"https:\/\/konferenztechnik.de\/fr\/wp-json\/wp\/v2\/comments?post=7942"}],"version-history":[{"count":0,"href":"https:\/\/konferenztechnik.de\/fr\/wp-json\/wp\/v2\/posts\/7942\/revisions"}],"wp:featuredmedia":[{"embeddable":true,"href":"https:\/\/konferenztechnik.de\/fr\/wp-json\/wp\/v2\/media\/7965"}],"wp:attachment":[{"href":"https:\/\/konferenztechnik.de\/fr\/wp-json\/wp\/v2\/media?parent=7942"}],"wp:term":[{"taxonomy":"category","embeddable":true,"href":"https:\/\/konferenztechnik.de\/fr\/wp-json\/wp\/v2\/categories?post=7942"},{"taxonomy":"post_tag","embeddable":true,"href":"https:\/\/konferenztechnik.de\/fr\/wp-json\/wp\/v2\/tags?post=7942"}],"curies":[{"name":"wp","href":"https:\/\/api.w.org\/{rel}","templated":true}]}}