{"id":21608,"date":"2023-03-11T16:32:53","date_gmt":"2023-03-11T15:32:53","guid":{"rendered":"http:\/\/dev.konferenztechnik.de\/?p=21608"},"modified":"2023-10-11T10:59:47","modified_gmt":"2023-10-11T08:59:47","slug":"laggiornamento-della-sala-conferenze-crea-le-condizioni-ideali-per-le-videoconferenze","status":"publish","type":"post","link":"https:\/\/konferenztechnik.de\/it\/laggiornamento-della-sala-conferenze-crea-le-condizioni-ideali-per-le-videoconferenze\/","title":{"rendered":"Aggiornamento sala conferenze: sala conferenze ibrida"},"content":{"rendered":"<div data-elementor-type=\"wp-post\" data-elementor-id=\"21608\" class=\"elementor elementor-21608\" data-elementor-post-type=\"post\">\n\t\t\t\t<div data-particle_enable=\"false\" data-particle-mobile-disabled=\"false\" class=\"elementor-element elementor-element-fb059be e-flex e-con-boxed e-con e-parent\" data-id=\"fb059be\" data-element_type=\"container\">\n\t\t\t\t\t<div class=\"e-con-inner\">\n\t\t\t\t<div class=\"elementor-element elementor-element-1868fb7e elementor-widget elementor-widget-text-editor\" data-id=\"1868fb7e\" data-element_type=\"widget\" data-widget_type=\"text-editor.default\">\n\t\t\t\t<div class=\"elementor-widget-container\">\n\t\t\t\t\t\t\t\t\t<h1>Aggiornamento sala conferenze: sala conferenze ibrida<\/h1>\t\t\t\t\t\t\t\t<\/div>\n\t\t\t\t<\/div>\n\t\t\t\t<div class=\"elementor-element elementor-element-52696f29 elementor-widget__width-inherit elementor-widget elementor-widget-image\" data-id=\"52696f29\" data-element_type=\"widget\" data-widget_type=\"image.default\">\n\t\t\t\t<div class=\"elementor-widget-container\">\n\t\t\t\t\t\t\t\t\t\t\t\t\t\t\t<img fetchpriority=\"high\" decoding=\"async\" width=\"1200\" height=\"451\" src=\"https:\/\/konferenztechnik.de\/wp-content\/uploads\/2021\/06\/konferenzraum-upgrades-videokonferenz-technik-upgrade.jpg\" class=\"attachment-full size-full wp-image-18072\" alt=\"Sala conferenze con 4 persone al tavolo e altre 4 collegate tramite monitor e videoconferenza\" srcset=\"https:\/\/konferenztechnik.de\/wp-content\/uploads\/2021\/06\/konferenzraum-upgrades-videokonferenz-technik-upgrade.jpg 1200w, https:\/\/konferenztechnik.de\/wp-content\/uploads\/2021\/06\/konferenzraum-upgrades-videokonferenz-technik-upgrade-300x113.jpg 300w, https:\/\/konferenztechnik.de\/wp-content\/uploads\/2021\/06\/konferenzraum-upgrades-videokonferenz-technik-upgrade-1024x385.jpg 1024w, https:\/\/konferenztechnik.de\/wp-content\/uploads\/2021\/06\/konferenzraum-upgrades-videokonferenz-technik-upgrade-768x289.jpg 768w\" sizes=\"(max-width: 1200px) 100vw, 1200px\" title=\"\">\t\t\t\t\t\t\t\t\t\t\t\t\t\t\t<\/div>\n\t\t\t\t<\/div>\n\t\t<div data-particle_enable=\"false\" data-particle-mobile-disabled=\"false\" class=\"elementor-element elementor-element-fa9e80c e-flex e-con-boxed e-con e-child\" data-id=\"fa9e80c\" data-element_type=\"container\">\n\t\t\t\t\t<div class=\"e-con-inner\">\n\t\t\t\t<div class=\"elementor-element elementor-element-962dbd5 elementor-widget elementor-widget-button\" data-id=\"962dbd5\" data-element_type=\"widget\" data-widget_type=\"button.default\">\n\t\t\t\t<div class=\"elementor-widget-container\">\n\t\t\t\t\t\t\t\t\t<div class=\"elementor-button-wrapper\">\n\t\t\t\t\t<a class=\"elementor-button elementor-button-link elementor-size-lg\" href=\"#serviceteam\">\n\t\t\t\t\t\t<span class=\"elementor-button-content-wrapper\">\n\t\t\t\t\t\t<span class=\"elementor-button-icon\">\n\t\t\t\t<svg aria-hidden=\"true\" class=\"e-font-icon-svg e-far-arrow-alt-circle-down\" viewbox=\"0 0 512 512\" xmlns=\"http:\/\/www.w3.org\/2000\/svg\"><path d=\"M256 8C119 8 8 119 8 256s111 248 248 248 248-111 248-248S393 8 256 8zm0 448c-110.5 0-200-89.5-200-200S145.5 56 256 56s200 89.5 200 200-89.5 200-200 200zm-32-316v116h-67c-10.7 0-16 12.9-8.5 20.5l99 99c4.7 4.7 12.3 4.7 17 0l99-99c7.6-7.6 2.2-20.5-8.5-20.5h-67V140c0-6.6-5.4-12-12-12h-40c-6.6 0-12 5.4-12 12z\"><\/path><\/svg>\t\t\t<\/span>\n\t\t\t\t\t\t\t\t\t<span class=\"elementor-button-text\">Richiedi ora<\/span>\n\t\t\t\t\t<\/span>\n\t\t\t\t\t<\/a>\n\t\t\t\t<\/div>\n\t\t\t\t\t\t\t\t<\/div>\n\t\t\t\t<\/div>\n\t\t\t\t\t<\/div>\n\t\t\t\t<\/div>\n\t\t\t\t<div class=\"elementor-element elementor-element-6e4ade7 elementor-widget elementor-widget-text-editor\" data-id=\"6e4ade7\" data-element_type=\"widget\" data-widget_type=\"text-editor.default\">\n\t\t\t\t<div class=\"elementor-widget-container\">\n\t\t\t\t\t\t\t\t\t<p>Una stele video, un cubo: i partecipanti al video come oggetto fisico nella stanza. La presenza diventa fisicamente tangibile, i partecipanti sembrano essere nella stanza.<\/p>\t\t\t\t\t\t\t\t<\/div>\n\t\t\t\t<\/div>\n\t\t\t\t\t<\/div>\n\t\t\t\t<\/div>\n\t\t<div data-particle_enable=\"false\" data-particle-mobile-disabled=\"false\" class=\"elementor-element elementor-element-8f5c347 e-flex e-con-boxed e-con e-parent\" data-id=\"8f5c347\" data-element_type=\"container\">\n\t\t\t\t\t<div class=\"e-con-inner\">\n\t\t\t\t<div class=\"elementor-element elementor-element-52c516c elementor-widget elementor-widget-text-editor\" data-id=\"52c516c\" data-element_type=\"widget\" data-widget_type=\"text-editor.default\">\n\t\t\t\t<div class=\"elementor-widget-container\">\n\t\t\t\t\t\t\t\t\t<h2>Integrare i partecipanti al video<\/h2>\t\t\t\t\t\t\t\t<\/div>\n\t\t\t\t<\/div>\n\t\t\t\t<div class=\"elementor-element elementor-element-1cda0d08 elementor-widget elementor-widget-text-editor\" data-id=\"1cda0d08\" data-element_type=\"widget\" data-widget_type=\"text-editor.default\">\n\t\t\t\t<div class=\"elementor-widget-container\">\n\t\t\t\t\t\t\t\t\t<p>Ottimizzare l'integrazione dei partecipanti remoti \u00e8 l'obiettivo del nostro upgrade delle sale conferenze, che trasforma ogni sala in una sala conferenze ibrida. Creiamo le condizioni ideali per i partecipanti in sala e per quelli collegati in videoconferenza.<\/p><p>\u00a0<\/p><p>La percezione tra \"in loco\" e \"da casa\" deve essere annullata il pi\u00f9 possibile. Lo realizziamo con mezzi tecnici, architettonici e didattici.<\/p><p>\u00a0<\/p><p>Le condizioni per riunioni Zoom &amp; co. possono essere ottimizzate pi\u00f9 facilmente di quanto si pensi. Consentiamo conferenze flessibili e contemporanee.<\/p>\t\t\t\t\t\t\t\t<\/div>\n\t\t\t\t<\/div>\n\t\t\t\t\t<\/div>\n\t\t\t\t<\/div>\n\t\t<div data-particle_enable=\"false\" data-particle-mobile-disabled=\"false\" class=\"elementor-element elementor-element-c239a10 e-flex e-con-boxed e-con e-parent\" data-id=\"c239a10\" data-element_type=\"container\">\n\t\t\t\t\t<div class=\"e-con-inner\">\n\t\t<div data-particle_enable=\"false\" data-particle-mobile-disabled=\"false\" class=\"elementor-element elementor-element-35d71cfb e-con-full e-flex e-con e-child\" data-id=\"35d71cfb\" data-element_type=\"container\">\n\t\t\t\t<div class=\"elementor-element elementor-element-1532a792 elementor-widget elementor-widget-spacer\" data-id=\"1532a792\" data-element_type=\"widget\" data-widget_type=\"spacer.default\">\n\t\t\t\t<div class=\"elementor-widget-container\">\n\t\t\t\t\t\t\t<div class=\"elementor-spacer\">\n\t\t\t<div class=\"elementor-spacer-inner\"><\/div>\n\t\t<\/div>\n\t\t\t\t\t\t<\/div>\n\t\t\t\t<\/div>\n\t\t\t\t<div class=\"elementor-element elementor-element-cae311f elementor-widget elementor-widget-image\" data-id=\"cae311f\" data-element_type=\"widget\" data-widget_type=\"image.default\">\n\t\t\t\t<div class=\"elementor-widget-container\">\n\t\t\t\t\t\t\t\t\t\t\t\t\t\t\t<img decoding=\"async\" width=\"550\" height=\"316\" src=\"https:\/\/konferenztechnik.de\/wp-content\/uploads\/2023\/03\/konferenzraum-raumplanung.jpg\" class=\"attachment-large size-large wp-image-23520\" alt=\"Schizzo di una videoconferenza con 4 persone al tavolo e un&#039;altra collegata su un monitor\" srcset=\"https:\/\/konferenztechnik.de\/wp-content\/uploads\/2023\/03\/konferenzraum-raumplanung.jpg 550w, https:\/\/konferenztechnik.de\/wp-content\/uploads\/2023\/03\/konferenzraum-raumplanung-300x172.jpg 300w, https:\/\/konferenztechnik.de\/wp-content\/uploads\/2023\/03\/konferenzraum-raumplanung-18x10.jpg 18w\" sizes=\"(max-width: 550px) 100vw, 550px\" title=\"\">\t\t\t\t\t\t\t\t\t\t\t\t\t\t\t<\/div>\n\t\t\t\t<\/div>\n\t\t\t\t<\/div>\n\t\t<div data-particle_enable=\"false\" data-particle-mobile-disabled=\"false\" class=\"elementor-element elementor-element-500de925 e-con-full e-flex e-con e-child\" data-id=\"500de925\" data-element_type=\"container\">\n\t\t\t\t<div class=\"elementor-element elementor-element-3da345e1 elementor-widget elementor-widget-spacer\" data-id=\"3da345e1\" data-element_type=\"widget\" data-widget_type=\"spacer.default\">\n\t\t\t\t<div class=\"elementor-widget-container\">\n\t\t\t\t\t\t\t<div class=\"elementor-spacer\">\n\t\t\t<div class=\"elementor-spacer-inner\"><\/div>\n\t\t<\/div>\n\t\t\t\t\t\t<\/div>\n\t\t\t\t<\/div>\n\t\t\t\t<div class=\"elementor-element elementor-element-31092c40 elementor-widget elementor-widget-text-editor\" data-id=\"31092c40\" data-element_type=\"widget\" data-widget_type=\"text-editor.default\">\n\t\t\t\t<div class=\"elementor-widget-container\">\n\t\t\t\t\t\t\t\t\t<p class=\"pcs-color\"><strong>Orientamento e pianificazione del territorio<\/strong><\/p><p>Molti danno per scontato che una sala riunioni funzioni come un cinema o un palcoscenico, con un grande schermo sul davanti a fare da palcoscenico.<\/p><p>\u00a0<\/p><p>Una buona opzione di integrazione, soprattutto per piccoli gruppi di partecipanti (fino a circa 8 persone), \u00e8 quella di utilizzare la sala conferenze in formato orizzontale. Lo schermo e quindi i partecipanti sono spesso molto meglio integrati.<\/p>\t\t\t\t\t\t\t\t<\/div>\n\t\t\t\t<\/div>\n\t\t\t\t<div class=\"elementor-element elementor-element-11ef00c2 elementor-widget elementor-widget-spacer\" data-id=\"11ef00c2\" data-element_type=\"widget\" data-widget_type=\"spacer.default\">\n\t\t\t\t<div class=\"elementor-widget-container\">\n\t\t\t\t\t\t\t<div class=\"elementor-spacer\">\n\t\t\t<div class=\"elementor-spacer-inner\"><\/div>\n\t\t<\/div>\n\t\t\t\t\t\t<\/div>\n\t\t\t\t<\/div>\n\t\t\t\t<\/div>\n\t\t\t\t\t<\/div>\n\t\t\t\t<\/div>\n\t\t<div data-particle_enable=\"false\" data-particle-mobile-disabled=\"false\" class=\"elementor-element elementor-element-bdda2cf e-flex e-con-boxed e-con e-parent\" data-id=\"bdda2cf\" data-element_type=\"container\">\n\t\t\t\t\t<div class=\"e-con-inner\">\n\t\t<div data-particle_enable=\"false\" data-particle-mobile-disabled=\"false\" class=\"elementor-element elementor-element-1d2c2224 e-con-full e-flex e-con e-child\" data-id=\"1d2c2224\" data-element_type=\"container\">\n\t\t\t\t<div class=\"elementor-element elementor-element-6a2ea345 elementor-widget elementor-widget-spacer\" data-id=\"6a2ea345\" data-element_type=\"widget\" data-widget_type=\"spacer.default\">\n\t\t\t\t<div class=\"elementor-widget-container\">\n\t\t\t\t\t\t\t<div class=\"elementor-spacer\">\n\t\t\t<div class=\"elementor-spacer-inner\"><\/div>\n\t\t<\/div>\n\t\t\t\t\t\t<\/div>\n\t\t\t\t<\/div>\n\t\t\t\t<div class=\"elementor-element elementor-element-413435d2 elementor-widget elementor-widget-image\" data-id=\"413435d2\" data-element_type=\"widget\" data-widget_type=\"image.default\">\n\t\t\t\t<div class=\"elementor-widget-container\">\n\t\t\t\t\t\t\t\t\t\t\t\t\t\t\t<img decoding=\"async\" width=\"550\" height=\"324\" src=\"https:\/\/konferenztechnik.de\/wp-content\/uploads\/2023\/03\/konferenzraum-raumplanung-hybrid.jpg\" class=\"attachment-large size-large wp-image-23521\" alt=\"Schizzo di una videoconferenza con 4 persone al tavolo e un&#039;altra collegata su un monitor\" srcset=\"https:\/\/konferenztechnik.de\/wp-content\/uploads\/2023\/03\/konferenzraum-raumplanung-hybrid.jpg 550w, https:\/\/konferenztechnik.de\/wp-content\/uploads\/2023\/03\/konferenzraum-raumplanung-hybrid-300x177.jpg 300w, https:\/\/konferenztechnik.de\/wp-content\/uploads\/2023\/03\/konferenzraum-raumplanung-hybrid-18x12.jpg 18w\" sizes=\"(max-width: 550px) 100vw, 550px\" title=\"\">\t\t\t\t\t\t\t\t\t\t\t\t\t\t\t<\/div>\n\t\t\t\t<\/div>\n\t\t\t\t<\/div>\n\t\t<div data-particle_enable=\"false\" data-particle-mobile-disabled=\"false\" class=\"elementor-element elementor-element-5b0632ff e-con-full e-flex e-con e-child\" data-id=\"5b0632ff\" data-element_type=\"container\">\n\t\t\t\t<div class=\"elementor-element elementor-element-21249d99 elementor-widget elementor-widget-spacer\" data-id=\"21249d99\" data-element_type=\"widget\" data-widget_type=\"spacer.default\">\n\t\t\t\t<div class=\"elementor-widget-container\">\n\t\t\t\t\t\t\t<div class=\"elementor-spacer\">\n\t\t\t<div class=\"elementor-spacer-inner\"><\/div>\n\t\t<\/div>\n\t\t\t\t\t\t<\/div>\n\t\t\t\t<\/div>\n\t\t\t\t<div class=\"elementor-element elementor-element-159f9f4b elementor-widget elementor-widget-text-editor\" data-id=\"159f9f4b\" data-element_type=\"widget\" data-widget_type=\"text-editor.default\">\n\t\t\t\t<div class=\"elementor-widget-container\">\n\t\t\t\t\t\t\t\t\t<p class=\"pcs-color\"><strong>Non appendere i partecipanti virtuali troppo in alto<\/strong><\/p><p>Molti schermi e display sono semplicemente troppo alti. Non sottovalutate il fatto che un collo troppo teso rende inutilmente difficile una riunione e provoca addirittura tensione e dolore. Non vogliamo guardare in alto, in particolare i partecipanti al video; l'ideale \u00e8 che siano all'altezza degli occhi dei loro colleghi e non molto pi\u00f9 alti o pi\u00f9 bassi dei partecipanti alla sala.<\/p>\t\t\t\t\t\t\t\t<\/div>\n\t\t\t\t<\/div>\n\t\t\t\t<\/div>\n\t\t\t\t\t<\/div>\n\t\t\t\t<\/div>\n\t\t<div data-particle_enable=\"false\" data-particle-mobile-disabled=\"false\" class=\"elementor-element elementor-element-00f13d1 e-flex e-con-boxed e-con e-parent\" data-id=\"00f13d1\" data-element_type=\"container\">\n\t\t\t\t\t<div class=\"e-con-inner\">\n\t\t\t\t<div class=\"elementor-element elementor-element-7178763 elementor-widget elementor-widget-spacer\" data-id=\"7178763\" data-element_type=\"widget\" data-widget_type=\"spacer.default\">\n\t\t\t\t<div class=\"elementor-widget-container\">\n\t\t\t\t\t\t\t<div class=\"elementor-spacer\">\n\t\t\t<div class=\"elementor-spacer-inner\"><\/div>\n\t\t<\/div>\n\t\t\t\t\t\t<\/div>\n\t\t\t\t<\/div>\n\t\t\t\t<div class=\"elementor-element elementor-element-f8cd53a elementor-widget elementor-widget-text-editor\" data-id=\"f8cd53a\" data-element_type=\"widget\" data-widget_type=\"text-editor.default\">\n\t\t\t\t<div class=\"elementor-widget-container\">\n\t\t\t\t\t\t\t\t\t<h2>Utilizzo di tecnologie intelligenti<\/h2>\t\t\t\t\t\t\t\t<\/div>\n\t\t\t\t<\/div>\n\t\t\t\t\t<\/div>\n\t\t\t\t<\/div>\n\t\t<div data-particle_enable=\"false\" data-particle-mobile-disabled=\"false\" class=\"elementor-element elementor-element-8aa957e e-flex e-con-boxed e-con e-parent\" data-id=\"8aa957e\" data-element_type=\"container\">\n\t\t\t\t\t<div class=\"e-con-inner\">\n\t\t<div data-particle_enable=\"false\" data-particle-mobile-disabled=\"false\" class=\"elementor-element elementor-element-19c69f62 e-con-full e-flex e-con e-child\" data-id=\"19c69f62\" data-element_type=\"container\">\n\t\t\t\t<div class=\"elementor-element elementor-element-fa3a7f elementor-widget elementor-widget-image\" data-id=\"fa3a7f\" data-element_type=\"widget\" data-widget_type=\"image.default\">\n\t\t\t\t<div class=\"elementor-widget-container\">\n\t\t\t\t\t\t\t\t\t\t\t\t\t\t\t<img loading=\"lazy\" decoding=\"async\" width=\"800\" height=\"450\" src=\"https:\/\/konferenztechnik.de\/wp-content\/uploads\/2021\/06\/i3camera_pro_lifestyle_facetracking.jpg\" class=\"attachment-large size-large wp-image-17687\" alt=\"Esempio di tracciamento dei volti di una telecamera i3 con 8 partecipanti alla conferenza nella stanza, in cui i volti sono inquadrati con un riquadro rosso dopo la registrazione corretta.\" srcset=\"https:\/\/konferenztechnik.de\/wp-content\/uploads\/2021\/06\/i3camera_pro_lifestyle_facetracking.jpg 1000w, https:\/\/konferenztechnik.de\/wp-content\/uploads\/2021\/06\/i3camera_pro_lifestyle_facetracking-300x169.jpg 300w, https:\/\/konferenztechnik.de\/wp-content\/uploads\/2021\/06\/i3camera_pro_lifestyle_facetracking-768x432.jpg 768w\" sizes=\"(max-width: 800px) 100vw, 800px\" title=\"\">\t\t\t\t\t\t\t\t\t\t\t\t\t\t\t<\/div>\n\t\t\t\t<\/div>\n\t\t\t\t<div class=\"elementor-element elementor-element-2c6e0860 elementor-widget elementor-widget-spacer\" data-id=\"2c6e0860\" data-element_type=\"widget\" data-widget_type=\"spacer.default\">\n\t\t\t\t<div class=\"elementor-widget-container\">\n\t\t\t\t\t\t\t<div class=\"elementor-spacer\">\n\t\t\t<div class=\"elementor-spacer-inner\"><\/div>\n\t\t<\/div>\n\t\t\t\t\t\t<\/div>\n\t\t\t\t<\/div>\n\t\t\t\t<\/div>\n\t\t<div data-particle_enable=\"false\" data-particle-mobile-disabled=\"false\" class=\"elementor-element elementor-element-44b7401a e-con-full e-flex e-con e-child\" data-id=\"44b7401a\" data-element_type=\"container\">\n\t\t\t\t<div class=\"elementor-element elementor-element-54c1540d elementor-widget elementor-widget-text-editor\" data-id=\"54c1540d\" data-element_type=\"widget\" data-widget_type=\"text-editor.default\">\n\t\t\t\t<div class=\"elementor-widget-container\">\n\t\t\t\t\t\t\t\t\t<p class=\"pcs-color\"><strong>Tecnologia di accoppiamento<\/strong><\/p><p>La moderna tecnologia per conferenze ha un elevato livello di connettivit\u00e0. \u00c8 possibile combinare facilmente sistemi di produttori diversi e integrare e controllare software comuni come Microsoft Skype\u00ae, Teams\u00ae, Zoom\u00ae, Google Hangouts\u00ae, Cisco WebEx\u00ae, BlueJeans\u00ae, GoToMeeting\u00ae, GoToWebinar\u00ae e altri.<\/p>\t\t\t\t\t\t\t\t<\/div>\n\t\t\t\t<\/div>\n\t\t\t\t<div class=\"elementor-element elementor-element-18d78335 elementor-widget elementor-widget-text-editor\" data-id=\"18d78335\" data-element_type=\"widget\" data-widget_type=\"text-editor.default\">\n\t\t\t\t<div class=\"elementor-widget-container\">\n\t\t\t\t\t\t\t\t\t<p class=\"pcs-color\"><strong>Sfruttare la potenza di calcolo<\/strong><\/p><p>Quasi ogni piccolo oggetto tecnologico oggi contiene un potente computer. Sfruttate la potenza di calcolo per ottenere un'eccellente qualit\u00e0 del suono e delle immagini. Gli algoritmi di cancellazione del rumore offrono una qualit\u00e0 dell'immagine pulita e chiara, anche in condizioni di illuminazione estremamente scarsa. Il rumore di fondo pu\u00f2 essere efficacemente cancellato dai microfoni.<\/p>\t\t\t\t\t\t\t\t<\/div>\n\t\t\t\t<\/div>\n\t\t\t\t<div class=\"elementor-element elementor-element-65d36797 elementor-widget elementor-widget-text-editor\" data-id=\"65d36797\" data-element_type=\"widget\" data-widget_type=\"text-editor.default\">\n\t\t\t\t<div class=\"elementor-widget-container\">\n\t\t\t\t\t\t\t\t\t<p class=\"pcs-color\"><strong>Automatizzare i processi<\/strong><\/p><p>Il microfono riconosce quale interlocutore sta parlando attivamente. Si livella automaticamente, esclude gli altri altoparlanti e indica alla telecamera la posizione da assumere. La telecamera trova l'oratore, seleziona la sezione dello schermo e mette a fuoco l'immagine.<\/p>\t\t\t\t\t\t\t\t<\/div>\n\t\t\t\t<\/div>\n\t\t\t\t<\/div>\n\t\t\t\t\t<\/div>\n\t\t\t\t<\/div>\n\t\t<div data-particle_enable=\"false\" data-particle-mobile-disabled=\"false\" class=\"elementor-element elementor-element-5262642 e-flex e-con-boxed e-con e-parent\" data-id=\"5262642\" data-element_type=\"container\">\n\t\t\t\t\t<div class=\"e-con-inner\">\n\t\t\t\t<div class=\"elementor-element elementor-element-393332c elementor-widget elementor-widget-button\" data-id=\"393332c\" data-element_type=\"widget\" data-widget_type=\"button.default\">\n\t\t\t\t<div class=\"elementor-widget-container\">\n\t\t\t\t\t\t\t\t\t<div class=\"elementor-button-wrapper\">\n\t\t\t\t\t<a class=\"elementor-button elementor-button-link elementor-size-lg\" href=\"#serviceteam\">\n\t\t\t\t\t\t<span class=\"elementor-button-content-wrapper\">\n\t\t\t\t\t\t<span class=\"elementor-button-icon\">\n\t\t\t\t<svg aria-hidden=\"true\" class=\"e-font-icon-svg e-far-arrow-alt-circle-down\" viewbox=\"0 0 512 512\" xmlns=\"http:\/\/www.w3.org\/2000\/svg\"><path d=\"M256 8C119 8 8 119 8 256s111 248 248 248 248-111 248-248S393 8 256 8zm0 448c-110.5 0-200-89.5-200-200S145.5 56 256 56s200 89.5 200 200-89.5 200-200 200zm-32-316v116h-67c-10.7 0-16 12.9-8.5 20.5l99 99c4.7 4.7 12.3 4.7 17 0l99-99c7.6-7.6 2.2-20.5-8.5-20.5h-67V140c0-6.6-5.4-12-12-12h-40c-6.6 0-12 5.4-12 12z\"><\/path><\/svg>\t\t\t<\/span>\n\t\t\t\t\t\t\t\t\t<span class=\"elementor-button-text\">Richiedi ora<\/span>\n\t\t\t\t\t<\/span>\n\t\t\t\t\t<\/a>\n\t\t\t\t<\/div>\n\t\t\t\t\t\t\t\t<\/div>\n\t\t\t\t<\/div>\n\t\t\t\t\t<\/div>\n\t\t\t\t<\/div>\n\t\t<div data-particle_enable=\"false\" data-particle-mobile-disabled=\"false\" class=\"elementor-element elementor-element-b18de5d e-flex e-con-boxed e-con e-parent\" data-id=\"b18de5d\" data-element_type=\"container\">\n\t\t\t\t\t<div class=\"e-con-inner\">\n\t\t\t\t<div class=\"elementor-element elementor-element-247d4e7 elementor-widget elementor-widget-text-editor\" data-id=\"247d4e7\" data-element_type=\"widget\" data-widget_type=\"text-editor.default\">\n\t\t\t\t<div class=\"elementor-widget-container\">\n\t\t\t\t\t\t\t\t\t<h2>Utilizzo di una bella tecnologia<\/h2>\t\t\t\t\t\t\t\t<\/div>\n\t\t\t\t<\/div>\n\t\t\t\t\t<\/div>\n\t\t\t\t<\/div>\n\t\t<div data-particle_enable=\"false\" data-particle-mobile-disabled=\"false\" class=\"elementor-element elementor-element-27cb9f1 e-flex e-con-boxed e-con e-parent\" data-id=\"27cb9f1\" data-element_type=\"container\">\n\t\t\t\t\t<div class=\"e-con-inner\">\n\t\t<div data-particle_enable=\"false\" data-particle-mobile-disabled=\"false\" class=\"elementor-element elementor-element-46c2273e e-con-full e-flex e-con e-child\" data-id=\"46c2273e\" data-element_type=\"container\">\n\t\t\t\t<div class=\"elementor-element elementor-element-53a125d0 elementor-widget elementor-widget-image\" data-id=\"53a125d0\" data-element_type=\"widget\" data-widget_type=\"image.default\">\n\t\t\t\t<div class=\"elementor-widget-container\">\n\t\t\t\t\t\t\t\t\t\t\t\t\t\t\t<img loading=\"lazy\" decoding=\"async\" width=\"800\" height=\"557\" src=\"https:\/\/konferenztechnik.de\/wp-content\/uploads\/2021\/06\/i3-interaktives-flipchart.jpg\" class=\"attachment-large size-large wp-image-17679\" alt=\"Lavagne interattive a fogli mobili di i3\" srcset=\"https:\/\/konferenztechnik.de\/wp-content\/uploads\/2021\/06\/i3-interaktives-flipchart.jpg 863w, https:\/\/konferenztechnik.de\/wp-content\/uploads\/2021\/06\/i3-interaktives-flipchart-300x209.jpg 300w, https:\/\/konferenztechnik.de\/wp-content\/uploads\/2021\/06\/i3-interaktives-flipchart-768x535.jpg 768w\" sizes=\"(max-width: 800px) 100vw, 800px\" title=\"\">\t\t\t\t\t\t\t\t\t\t\t\t\t\t\t<\/div>\n\t\t\t\t<\/div>\n\t\t\t\t<\/div>\n\t\t<div data-particle_enable=\"false\" data-particle-mobile-disabled=\"false\" class=\"elementor-element elementor-element-4a9847 e-con-full e-flex e-con e-child\" data-id=\"4a9847\" data-element_type=\"container\">\n\t\t\t\t<div class=\"elementor-element elementor-element-434f8bc4 elementor-widget elementor-widget-text-editor\" data-id=\"434f8bc4\" data-element_type=\"widget\" data-widget_type=\"text-editor.default\">\n\t\t\t\t<div class=\"elementor-widget-container\">\n\t\t\t\t\t\t\t\t\t<p><strong>Estetica, design<\/strong><\/p><p>La moderna tecnologia per conferenze sta diventando sempre pi\u00f9 bella e pu\u00f2 essere utilizzata in modo intuitivo; le soluzioni software e hardware intelligenti ci supportano anche in questo caso. Stazioni interfoniche con display touch, comandi a penna ad alta risoluzione e controllo gestuale. Anche le situazioni pi\u00f9 complesse sono facili da imparare e possono essere controllate in modo intuitivo.<\/p><p>Quasi tutti i produttori lo sanno e se ne rendono conto: La tecnologia deve essere attraente, durevole e facile da usare. Il nostro obiettivo \u00e8 far s\u00ec che i vostri ospiti si orientino in modo intuitivo nella vostra sala da pranzo, senza bisogno di istruzioni particolari, e si godano l'ambiente con facilit\u00e0.<\/p>\t\t\t\t\t\t\t\t<\/div>\n\t\t\t\t<\/div>\n\t\t\t\t<\/div>\n\t\t\t\t\t<\/div>\n\t\t\t\t<\/div>\n\t\t<div data-particle_enable=\"false\" data-particle-mobile-disabled=\"false\" class=\"elementor-element elementor-element-6f2dcf8 e-flex e-con-boxed e-con e-parent\" data-id=\"6f2dcf8\" data-element_type=\"container\">\n\t\t\t\t\t<div class=\"e-con-inner\">\n\t\t\t\t<div class=\"elementor-element elementor-element-8ec1365 elementor-widget elementor-widget-text-editor\" data-id=\"8ec1365\" data-element_type=\"widget\" data-widget_type=\"text-editor.default\">\n\t\t\t\t<div class=\"elementor-widget-container\">\n\t\t\t\t\t\t\t\t\t<h2>Interrogarsi sullo scopo, sfruttare le opportunit\u00e0<\/h2>\t\t\t\t\t\t\t\t<\/div>\n\t\t\t\t<\/div>\n\t\t\t\t\t<\/div>\n\t\t\t\t<\/div>\n\t\t<div data-particle_enable=\"false\" data-particle-mobile-disabled=\"false\" class=\"elementor-element elementor-element-887368d e-flex e-con-boxed e-con e-parent\" data-id=\"887368d\" data-element_type=\"container\">\n\t\t\t\t\t<div class=\"e-con-inner\">\n\t\t<div data-particle_enable=\"false\" data-particle-mobile-disabled=\"false\" class=\"elementor-element elementor-element-556f279a e-con-full e-flex e-con e-child\" data-id=\"556f279a\" data-element_type=\"container\">\n\t\t\t\t<div class=\"elementor-element elementor-element-446e80ac elementor-widget elementor-widget-image-carousel\" data-id=\"446e80ac\" data-element_type=\"widget\" data-settings=\"{&quot;slides_to_show&quot;:&quot;1&quot;,&quot;navigation&quot;:&quot;none&quot;,&quot;autoplay&quot;:&quot;yes&quot;,&quot;pause_on_hover&quot;:&quot;yes&quot;,&quot;pause_on_interaction&quot;:&quot;yes&quot;,&quot;autoplay_speed&quot;:5000,&quot;infinite&quot;:&quot;yes&quot;,&quot;effect&quot;:&quot;slide&quot;,&quot;speed&quot;:500}\" data-widget_type=\"image-carousel.default\">\n\t\t\t\t<div class=\"elementor-widget-container\">\n\t\t\t\t\t\t\t<div class=\"elementor-image-carousel-wrapper swiper\" role=\"region\" aria-roledescription=\"carousel\" aria-label=\"Carosello di immagini\" dir=\"ltr\">\n\t\t\t<div class=\"elementor-image-carousel swiper-wrapper\" aria-live=\"off\">\n\t\t\t\t\t\t\t\t<div class=\"swiper-slide\" role=\"group\" aria-roledescription=\"slide\" aria-label=\"1 di 3\"><figure class=\"swiper-slide-inner\"><img decoding=\"async\" class=\"swiper-slide-image\" src=\"https:\/\/konferenztechnik.de\/wp-content\/uploads\/2021\/06\/konferenzraum-modern-01.jpg\" alt=\"Un piccolo tavolo da conferenza per circa 8 persone con 2 grandi monitor - ancora completamente vuoto\" title=\"\"><\/figure><\/div><div class=\"swiper-slide\" role=\"group\" aria-roledescription=\"slide\" aria-label=\"2 di 3\"><figure class=\"swiper-slide-inner\"><img decoding=\"async\" class=\"swiper-slide-image\" src=\"https:\/\/konferenztechnik.de\/wp-content\/uploads\/2021\/06\/huddleraum-ausstatten.jpg\" alt=\"Un esempio di foto per piccole huddle room, ovvero sale riunioni\" title=\"\"><\/figure><\/div><div class=\"swiper-slide\" role=\"group\" aria-roledescription=\"slide\" aria-label=\"3 di 3\"><figure class=\"swiper-slide-inner\"><img decoding=\"async\" class=\"swiper-slide-image\" src=\"https:\/\/konferenztechnik.de\/wp-content\/uploads\/2021\/06\/konferenzraum-wohlfuehlen.jpg\" alt=\"In una piccola sala riunioni, un grande schermo \u00e8 appeso alla parete di fronte a un tavolo con 6 sedie.\" title=\"\"><\/figure><\/div>\t\t\t<\/div>\n\t\t\t\t\t\t\t\n\t\t\t\t\t\t\t\t\t<\/div>\n\t\t\t\t\t\t<\/div>\n\t\t\t\t<\/div>\n\t\t\t\t<\/div>\n\t\t<div data-particle_enable=\"false\" data-particle-mobile-disabled=\"false\" class=\"elementor-element elementor-element-154c62e3 e-con-full e-flex e-con e-child\" data-id=\"154c62e3\" data-element_type=\"container\">\n\t\t\t\t<div class=\"elementor-element elementor-element-be96bf4 elementor-widget elementor-widget-text-editor\" data-id=\"be96bf4\" data-element_type=\"widget\" data-widget_type=\"text-editor.default\">\n\t\t\t\t<div class=\"elementor-widget-container\">\n\t\t\t\t\t\t\t\t\t<p><strong>Cambio di scenario?<\/strong><\/p><p>L'aggiornamento della nostra sala conferenze \u00e8 chiaramente finalizzato a ottimizzare l'integrazione dei partecipanti esterni. Ma quali sono le reali condizioni quadro? Naturalmente siamo felici di pensare insieme a voi fuori dagli schemi: cosa riprende la telecamera, quale atmosfera trasmette la sala a tutti i partecipanti? Il nostro reparto di progettazione sar\u00e0 lieto di aiutarvi con un ventaglio di colori.<\/p><p>Siamo fermamente convinti che una sala conferenze di alta qualit\u00e0 si ripaghi rapidamente e vi ricompensi con risultati migliori a ogni riunione.<\/p>\t\t\t\t\t\t\t\t<\/div>\n\t\t\t\t<\/div>\n\t\t\t\t<\/div>\n\t\t\t\t\t<\/div>\n\t\t\t\t<\/div>\n\t\t<div data-particle_enable=\"false\" data-particle-mobile-disabled=\"false\" class=\"elementor-element elementor-element-ed33c57 e-flex e-con-boxed e-con e-parent\" data-id=\"ed33c57\" data-element_type=\"container\">\n\t\t\t\t\t<div class=\"e-con-inner\">\n\t\t\t\t<div class=\"elementor-element elementor-element-25b4620 elementor-widget elementor-widget-spacer\" data-id=\"25b4620\" data-element_type=\"widget\" data-widget_type=\"spacer.default\">\n\t\t\t\t<div class=\"elementor-widget-container\">\n\t\t\t\t\t\t\t<div class=\"elementor-spacer\">\n\t\t\t<div class=\"elementor-spacer-inner\"><\/div>\n\t\t<\/div>\n\t\t\t\t\t\t<\/div>\n\t\t\t\t<\/div>\n\t\t\t\t<div class=\"elementor-element elementor-element-5f37bcb elementor-widget elementor-widget-text-editor\" data-id=\"5f37bcb\" data-element_type=\"widget\" data-widget_type=\"text-editor.default\">\n\t\t\t\t<div class=\"elementor-widget-container\">\n\t\t\t\t\t\t\t\t\t<h2>Consigli per l'aggiornamento di una sala conferenze<\/h2>\t\t\t\t\t\t\t\t<\/div>\n\t\t\t\t<\/div>\n\t\t\t\t<div class=\"elementor-element elementor-element-3030d29 elementor-widget elementor-widget-text-editor\" data-id=\"3030d29\" data-element_type=\"widget\" data-widget_type=\"text-editor.default\">\n\t\t\t\t<div class=\"elementor-widget-container\">\n\t\t\t\t\t\t\t\t\t<p>Le nostre domande iniziali sono sempre le stesse quando consigliamo un aggiornamento adeguato:<br \/><br \/><\/p><ol><li>Si tratta di una stanza o di pi\u00f9 stanze?<\/li><li>Dimensioni della\/e stanza\/e?<\/li><li>Avete immagini\/piante dei locali?<\/li><li>Stato attuale della tecnologia multimediale installata?<\/li><li>Numero massimo di partecipanti nella sala?<\/li><li>Numero massimo di partecipanti collegati?<\/li><li>Ci sono gi\u00e0 trasformazioni o nuovi progetti (mobili, pareti, porte)?<\/li><li>Obiettivi attuali e futuri?<\/li><li>Data di completamento desiderata?<\/li><li>Richieste o preferenze particolari (ad esempio, molti clienti hanno marchi tecnologici preferiti)?<\/li><\/ol>\t\t\t\t\t\t\t\t<\/div>\n\t\t\t\t<\/div>\n\t\t\t\t\t<\/div>\n\t\t\t\t<\/div>\n\t\t<div data-particle_enable=\"false\" data-particle-mobile-disabled=\"false\" class=\"elementor-element elementor-element-c24463e e-flex e-con-boxed e-con e-parent\" data-id=\"c24463e\" data-element_type=\"container\">\n\t\t\t\t\t<div class=\"e-con-inner\">\n\t\t\t\t<div class=\"elementor-element elementor-element-6da984c elementor-widget elementor-widget-spacer\" data-id=\"6da984c\" data-element_type=\"widget\" data-widget_type=\"spacer.default\">\n\t\t\t\t<div class=\"elementor-widget-container\">\n\t\t\t\t\t\t\t<div class=\"elementor-spacer\">\n\t\t\t<div class=\"elementor-spacer-inner\"><\/div>\n\t\t<\/div>\n\t\t\t\t\t\t<\/div>\n\t\t\t\t<\/div>\n\t\t\t\t<div class=\"elementor-element elementor-element-0904f4b elementor-widget elementor-widget-text-editor\" data-id=\"0904f4b\" data-element_type=\"widget\" data-widget_type=\"text-editor.default\">\n\t\t\t\t<div class=\"elementor-widget-container\">\n\t\t\t\t\t\t\t\t\t<p>Vi supportiamo nella progettazione personalizzata della vostra sala e vi offriamo tutti i servizi associati: Progettazione, installazione, formazione e assistenza post-vendita.<\/p><p>\u00a0<\/p><p>Una sala riunioni ben pianificata e ben attrezzata promuove la comunicazione e la creativit\u00e0 tra gli utenti e riunisce persone provenienti da sedi, filiali e paesi diversi. La tecnologia non deve ostacolare, ma piuttosto supportare questi processi. Ci\u00f2 significa semplicit\u00e0 di utilizzo, connettivit\u00e0 completa e flessibilit\u00e0. Tutto questo \u00e8 al centro dell'attenzione, in modo che la tecnologia in background faccia il lavoro per voi.<\/p><p>\u00a0<\/p><p>Molti anni di esperienza, personale qualificato e numerosi progetti completati con successo sono il nostro punto di riferimento. Le partnership con i pi\u00f9 noti produttori del settore vi garantiscono la migliore qualit\u00e0 e le migliori condizioni. La formazione dei dipendenti e i servizi post-vendita, cos\u00ec come la manutenzione regolare, la supervisione di grandi eventi da parte dei tecnici o l'assistenza e le riparazioni sono per noi uno standard.<\/p>\t\t\t\t\t\t\t\t<\/div>\n\t\t\t\t<\/div>\n\t\t\t\t\t<\/div>\n\t\t\t\t<\/div>\n\t\t<div data-particle_enable=\"false\" data-particle-mobile-disabled=\"false\" class=\"elementor-element elementor-element-306a253 e-flex e-con-boxed e-con e-parent\" data-id=\"306a253\" data-element_type=\"container\">\n\t\t\t\t\t<div class=\"e-con-inner\">\n\t\t\t\t<div class=\"elementor-element elementor-element-d8925cd elementor-widget elementor-widget-shortcode\" data-id=\"d8925cd\" data-element_type=\"widget\" data-widget_type=\"shortcode.default\">\n\t\t\t\t<div class=\"elementor-widget-container\">\n\t\t\t\t\t\t\t<div class=\"elementor-shortcode\"><\/div>\n\t\t\t\t\t\t<\/div>\n\t\t\t\t<\/div>\n\t\t<div data-particle_enable=\"false\" data-particle-mobile-disabled=\"false\" class=\"elementor-element elementor-element-c5558a3 e-flex e-con-boxed e-con e-child\" data-id=\"c5558a3\" data-element_type=\"container\">\n\t\t\t\t\t<div class=\"e-con-inner\">\n\t\t\t\t<div class=\"elementor-element elementor-element-098bcf9 elementor-widget elementor-widget-shortcode\" data-id=\"098bcf9\" data-element_type=\"widget\" data-widget_type=\"shortcode.default\">\n\t\t\t\t<div class=\"elementor-widget-container\">\n\t\t\t\t\t\t\t<div class=\"elementor-shortcode\"><\/div>\n\t\t\t\t\t\t<\/div>\n\t\t\t\t<\/div>\n\t\t\t\t\t<\/div>\n\t\t\t\t<\/div>\n\t\t\t\t\t<\/div>\n\t\t\t\t<\/div>\n\t\t\t\t<\/div>","protected":false},"excerpt":{"rendered":"<p>Una stele video, un cubo: i partecipanti al video come oggetto fisico nella stanza. La presenza diventa fisicamente tangibile, i partecipanti sembrano essere nella stanza.<\/p>","protected":false},"author":2,"featured_media":21610,"comment_status":"closed","ping_status":"closed","sticky":false,"template":"","format":"standard","meta":{"_acf_changed":false,"footnotes":""},"categories":[16,22,20],"tags":[],"class_list":["post-21608","post","type-post","status-publish","format-standard","has-post-thumbnail","hentry","category-digital-und-hybrid","category-installation","category-populaer"],"acf":[],"_links":{"self":[{"href":"https:\/\/konferenztechnik.de\/it\/wp-json\/wp\/v2\/posts\/21608","targetHints":{"allow":["GET"]}}],"collection":[{"href":"https:\/\/konferenztechnik.de\/it\/wp-json\/wp\/v2\/posts"}],"about":[{"href":"https:\/\/konferenztechnik.de\/it\/wp-json\/wp\/v2\/types\/post"}],"author":[{"embeddable":true,"href":"https:\/\/konferenztechnik.de\/it\/wp-json\/wp\/v2\/users\/2"}],"replies":[{"embeddable":true,"href":"https:\/\/konferenztechnik.de\/it\/wp-json\/wp\/v2\/comments?post=21608"}],"version-history":[{"count":0,"href":"https:\/\/konferenztechnik.de\/it\/wp-json\/wp\/v2\/posts\/21608\/revisions"}],"wp:featuredmedia":[{"embeddable":true,"href":"https:\/\/konferenztechnik.de\/it\/wp-json\/wp\/v2\/media\/21610"}],"wp:attachment":[{"href":"https:\/\/konferenztechnik.de\/it\/wp-json\/wp\/v2\/media?parent=21608"}],"wp:term":[{"taxonomy":"category","embeddable":true,"href":"https:\/\/konferenztechnik.de\/it\/wp-json\/wp\/v2\/categories?post=21608"},{"taxonomy":"post_tag","embeddable":true,"href":"https:\/\/konferenztechnik.de\/it\/wp-json\/wp\/v2\/tags?post=21608"}],"curies":[{"name":"wp","href":"https:\/\/api.w.org\/{rel}","templated":true}]}}