{"id":25028,"date":"2023-04-19T09:07:50","date_gmt":"2023-04-19T07:07:50","guid":{"rendered":"http:\/\/dev.konferenztechnik.de\/?p=25028"},"modified":"2023-07-31T20:31:39","modified_gmt":"2023-07-31T18:31:39","slug":"qualita-dellaria","status":"publish","type":"post","link":"https:\/\/konferenztechnik.de\/it\/qualita-dellaria\/","title":{"rendered":"Qualit\u00e0 dell'aria negli spazi di lavoro e di apprendimento"},"content":{"rendered":"<div data-elementor-type=\"wp-post\" data-elementor-id=\"25028\" class=\"elementor elementor-25028\" data-elementor-post-type=\"post\">\n\t\t\t\t<div data-particle_enable=\"false\" data-particle-mobile-disabled=\"false\" class=\"elementor-element elementor-element-2900d5f8 e-flex e-con-boxed e-con e-parent\" data-id=\"2900d5f8\" data-element_type=\"container\">\n\t\t\t\t\t<div class=\"e-con-inner\">\n\t\t\t\t<div class=\"elementor-element elementor-element-517d4db2 elementor-widget elementor-widget-heading\" data-id=\"517d4db2\" data-element_type=\"widget\" data-widget_type=\"heading.default\">\n\t\t\t\t<div class=\"elementor-widget-container\">\n\t\t\t\t\t<h1 class=\"elementor-heading-title elementor-size-default\">Qualit\u00e0 dell'aria negli spazi di lavoro e di apprendimento<\/h1>\t\t\t\t<\/div>\n\t\t\t\t<\/div>\n\t\t\t\t<div class=\"elementor-element elementor-element-426fa0cd elementor-widget elementor-widget-image\" data-id=\"426fa0cd\" data-element_type=\"widget\" data-widget_type=\"image.default\">\n\t\t\t\t<div class=\"elementor-widget-container\">\n\t\t\t\t\t\t\t\t\t\t\t\t\t\t\t<img fetchpriority=\"high\" decoding=\"async\" width=\"1300\" height=\"485\" src=\"https:\/\/konferenztechnik.de\/wp-content\/uploads\/2023\/04\/luftqualitaet-lernen-arbeiten-jpg.webp\" class=\"attachment-full size-full wp-image-33319\" alt=\"\" srcset=\"https:\/\/konferenztechnik.de\/wp-content\/uploads\/2023\/04\/luftqualitaet-lernen-arbeiten-jpg.webp 1300w, https:\/\/konferenztechnik.de\/wp-content\/uploads\/2023\/04\/luftqualitaet-lernen-arbeiten-300x112.webp 300w, https:\/\/konferenztechnik.de\/wp-content\/uploads\/2023\/04\/luftqualitaet-lernen-arbeiten-1024x382.webp 1024w, https:\/\/konferenztechnik.de\/wp-content\/uploads\/2023\/04\/luftqualitaet-lernen-arbeiten-768x287.webp 768w, https:\/\/konferenztechnik.de\/wp-content\/uploads\/2023\/04\/luftqualitaet-lernen-arbeiten-18x7.webp 18w\" sizes=\"(max-width: 1300px) 100vw, 1300px\" title=\"\">\t\t\t\t\t\t\t\t\t\t\t\t\t\t\t<\/div>\n\t\t\t\t<\/div>\n\t\t\t\t\t<\/div>\n\t\t\t\t<\/div>\n\t\t<div data-particle_enable=\"false\" data-particle-mobile-disabled=\"false\" class=\"elementor-element elementor-element-6287754b e-flex e-con-boxed e-con e-parent\" data-id=\"6287754b\" data-element_type=\"container\">\n\t\t\t\t\t<div class=\"e-con-inner\">\n\t\t\t\t<div class=\"elementor-element elementor-element-2e9e9af2 elementor-widget elementor-widget-heading\" data-id=\"2e9e9af2\" data-element_type=\"widget\" data-settings=\"{&quot;_animation&quot;:&quot;none&quot;}\" data-widget_type=\"heading.default\">\n\t\t\t\t<div class=\"elementor-widget-container\">\n\t\t\t\t\t<h2 class=\"elementor-heading-title elementor-size-default\">Lavorare e imparare meglio con l'aria buona<\/h2>\t\t\t\t<\/div>\n\t\t\t\t<\/div>\n\t\t\t\t<div class=\"elementor-element elementor-element-2f3aa4d elementor-widget__width-inherit elementor-widget elementor-widget-text-editor\" data-id=\"2f3aa4d\" data-element_type=\"widget\" data-widget_type=\"text-editor.default\">\n\t\t\t\t<div class=\"elementor-widget-container\">\n\t\t\t\t\t\t\t\t\t<p>Lavoriamo e impariamo in ambienti chiusi. Una buona qualit\u00e0 dell'aria interna \u00e8 quindi essenziale per le prestazioni, il benessere e la nostra salute.<\/p><p>\u00a0<\/p><p>Il nostro lavoro sulle norme DIN per le cabine di interpretazione ci ha sensibilizzato alla questione della qualit\u00e0 dell'aria. Da allora, abbiamo tenuto conto di questi aspetti nelle installazioni e negli eventi per promuovere il buon funzionamento, l'apprendimento e le conferenze.<\/p><p>\u00a0<\/p><p>Anidride carbonica (C0<sub>2<\/sub>) \u00e8 il parametro chiave per la qualit\u00e0 dell'aria. Pu\u00f2 essere facilmente misurato. Viene misurato in ppm (parti per milione, il numero sta per 10<sup>-6<\/sup>(cio\u00e8 per un milionesimo). Per le aule scolastiche, questa concentrazione non deve superare i 1.000 ppm. Si consiglia di utilizzare questi valori come base per il lavoro e gli eventi e per creare consapevolezza. La sola ventilazione delle finestre di solito non \u00e8 sufficiente. Sono necessari concetti di ventilazione e di utilizzo affinch\u00e9 l'investimento e il funzionamento siano funzionali, basati sulle esigenze ed economici.<\/p><p>\u00a0<\/p><p>La qualit\u00e0 dell'aria \u00e8 determinata anche da altre sostanze chimiche, oltre che dall'umidit\u00e0 e dal contenuto di polvere nell'aria. La sensibilizzazione agli odori sgradevoli \u00e8 in aumento. Molte persone conoscono questo problema quando si tratta di tappeti. Nel peggiore dei casi, questi tappeti possono emettere adesivi e sostanze nocive note come VOC (composti organici volatili). Ne teniamo conto durante l'acquisto e l'installazione per evitare odori e vapori sgradevoli, soprattutto con i cavi dei dispositivi tecnici.<\/p><p>\u00a0<\/p><p>Esistono anche valori guida per le concentrazioni di COV stabiliti dall'Agenzia Federale per l'Ambiente: Nell'aria interna, valori superiori a 1.000 \u00b5g\/m\u00b3 sono considerati anormali dal punto di vista igienico.<\/p>\t\t\t\t\t\t\t\t<\/div>\n\t\t\t\t<\/div>\n\t\t<div data-particle_enable=\"false\" data-particle-mobile-disabled=\"false\" class=\"elementor-element elementor-element-671ccaef e-flex e-con-boxed e-con e-parent\" data-id=\"671ccaef\" data-element_type=\"container\" data-settings=\"{&quot;background_background&quot;:&quot;classic&quot;}\">\n\t\t\t\t\t<div class=\"e-con-inner\">\n\t\t\t\t<div class=\"elementor-element elementor-element-2796483a elementor-widget elementor-widget-text-editor\" data-id=\"2796483a\" data-element_type=\"widget\" data-widget_type=\"text-editor.default\">\n\t\t\t\t<div class=\"elementor-widget-container\">\n\t\t\t\t\t\t\t\t\t<p>In un'epoca in cui trascorriamo sempre pi\u00f9 tempo in ambienti chiusi, sia a casa che negli uffici o negli istituti scolastici, \u00e8 essenziale rendersi conto dell'impatto che la qualit\u00e0 dell'aria ha sulla nostra vita quotidiana.<\/p>\t\t\t\t\t\t\t\t<\/div>\n\t\t\t\t<\/div>\n\t\t\t\t\t<\/div>\n\t\t\t\t<\/div>\n\t\t\t\t\t<\/div>\n\t\t\t\t<\/div>\n\t\t<div data-particle_enable=\"false\" data-particle-mobile-disabled=\"false\" class=\"elementor-element elementor-element-54064082 e-flex e-con-boxed e-con e-parent\" data-id=\"54064082\" data-element_type=\"container\">\n\t\t\t\t\t<div class=\"e-con-inner\">\n\t\t\t\t<div class=\"elementor-element elementor-element-3dacc7bf elementor-widget elementor-widget-heading\" data-id=\"3dacc7bf\" data-element_type=\"widget\" data-settings=\"{&quot;_animation&quot;:&quot;none&quot;}\" data-widget_type=\"heading.default\">\n\t\t\t\t<div class=\"elementor-widget-container\">\n\t\t\t\t\t<h2 class=\"elementor-heading-title elementor-size-default\">Vedi anche<\/h2>\t\t\t\t<\/div>\n\t\t\t\t<\/div>\n\t\t\t\t<div class=\"elementor-element elementor-element-7b3685b2 elementor-icon-list--layout-traditional elementor-list-item-link-full_width elementor-widget elementor-widget-icon-list\" data-id=\"7b3685b2\" data-element_type=\"widget\" data-widget_type=\"icon-list.default\">\n\t\t\t\t<div class=\"elementor-widget-container\">\n\t\t\t\t\t\t\t<ul class=\"elementor-icon-list-items\">\n\t\t\t\t\t\t\t<li class=\"elementor-icon-list-item\">\n\t\t\t\t\t\t\t\t\t\t\t<a href=\"https:\/\/www.umweltbundesamt.de\/sites\/default\/files\/medien\/376\/publikationen\/180416_uba_flyer_schuleluften_bf.pdf\" target=\"_blank\" rel=\"noopener\">\n\n\t\t\t\t\t\t\t\t\t\t\t\t<span class=\"elementor-icon-list-icon\">\n\t\t\t\t\t\t\t<svg aria-hidden=\"true\" class=\"e-font-icon-svg e-fas-chevron-right\" viewbox=\"0 0 320 512\" xmlns=\"http:\/\/www.w3.org\/2000\/svg\"><path d=\"M285.476 272.971L91.132 467.314c-9.373 9.373-24.569 9.373-33.941 0l-22.667-22.667c-9.357-9.357-9.375-24.522-.04-33.901L188.505 256 34.484 101.255c-9.335-9.379-9.317-24.544.04-33.901l22.667-22.667c9.373-9.373 24.569-9.373 33.941 0L285.475 239.03c9.373 9.372 9.373 24.568.001 33.941z\"><\/path><\/svg>\t\t\t\t\t\t<\/span>\n\t\t\t\t\t\t\t\t\t\t<span class=\"elementor-icon-list-text\">Raccomandazioni del gruppo di lavoro sulla ventilazione \u2013 Agenzia Federale dell'Ambiente<\/span>\n\t\t\t\t\t\t\t\t\t\t\t<\/a>\n\t\t\t\t\t\t\t\t\t<\/li>\n\t\t\t\t\t\t\t\t<li class=\"elementor-icon-list-item\">\n\t\t\t\t\t\t\t\t\t\t\t<a href=\"https:\/\/www.umweltbundesamt.de\/themen\/gesundheit\/kommissionen-arbeitsgruppen\/kommission-innenraumlufthygiene\" target=\"_blank\" rel=\"noopener\">\n\n\t\t\t\t\t\t\t\t\t\t\t\t<span class=\"elementor-icon-list-icon\">\n\t\t\t\t\t\t\t<svg aria-hidden=\"true\" class=\"e-font-icon-svg e-fas-chevron-right\" viewbox=\"0 0 320 512\" xmlns=\"http:\/\/www.w3.org\/2000\/svg\"><path d=\"M285.476 272.971L91.132 467.314c-9.373 9.373-24.569 9.373-33.941 0l-22.667-22.667c-9.357-9.357-9.375-24.522-.04-33.901L188.505 256 34.484 101.255c-9.335-9.379-9.317-24.544.04-33.901l22.667-22.667c9.373-9.373 24.569-9.373 33.941 0L285.475 239.03c9.373 9.372 9.373 24.568.001 33.941z\"><\/path><\/svg>\t\t\t\t\t\t<\/span>\n\t\t\t\t\t\t\t\t\t\t<span class=\"elementor-icon-list-text\">Commissione per l'igiene dell'aria interna \u2013 Agenzia federale dell'ambiente<\/span>\n\t\t\t\t\t\t\t\t\t\t\t<\/a>\n\t\t\t\t\t\t\t\t\t<\/li>\n\t\t\t\t\t\t\t\t<li class=\"elementor-icon-list-item\">\n\t\t\t\t\t\t\t\t\t\t\t<a href=\"https:\/\/www.test.de\/Gerueche-aus-Teppichboeden-Mir-stinkts-1039690-2039690\/\" target=\"_blank\" rel=\"noopener\">\n\n\t\t\t\t\t\t\t\t\t\t\t\t<span class=\"elementor-icon-list-icon\">\n\t\t\t\t\t\t\t<svg aria-hidden=\"true\" class=\"e-font-icon-svg e-fas-chevron-right\" viewbox=\"0 0 320 512\" xmlns=\"http:\/\/www.w3.org\/2000\/svg\"><path d=\"M285.476 272.971L91.132 467.314c-9.373 9.373-24.569 9.373-33.941 0l-22.667-22.667c-9.357-9.357-9.375-24.522-.04-33.901L188.505 256 34.484 101.255c-9.335-9.379-9.317-24.544.04-33.901l22.667-22.667c9.373-9.373 24.569-9.373 33.941 0L285.475 239.03c9.373 9.372 9.373 24.568.001 33.941z\"><\/path><\/svg>\t\t\t\t\t\t<\/span>\n\t\t\t\t\t\t\t\t\t\t<span class=\"elementor-icon-list-text\">Odori dai tappeti. Puzzo \u2013 Stiftung Warentests<\/span>\n\t\t\t\t\t\t\t\t\t\t\t<\/a>\n\t\t\t\t\t\t\t\t\t<\/li>\n\t\t\t\t\t\t\t\t<li class=\"elementor-icon-list-item\">\n\t\t\t\t\t\t\t\t\t\t\t<a href=\"https:\/\/www.ndr.de\/ratgeber\/verbraucher\/Teppichboeden-und-Teppichkleber-koennen-Schadstoffe-ausduensten,teppichboden100.html\" target=\"_blank\" rel=\"noopener\">\n\n\t\t\t\t\t\t\t\t\t\t\t\t<span class=\"elementor-icon-list-icon\">\n\t\t\t\t\t\t\t<svg aria-hidden=\"true\" class=\"e-font-icon-svg e-fas-chevron-right\" viewbox=\"0 0 320 512\" xmlns=\"http:\/\/www.w3.org\/2000\/svg\"><path d=\"M285.476 272.971L91.132 467.314c-9.373 9.373-24.569 9.373-33.941 0l-22.667-22.667c-9.357-9.357-9.375-24.522-.04-33.901L188.505 256 34.484 101.255c-9.335-9.379-9.317-24.544.04-33.901l22.667-22.667c9.373-9.373 24.569-9.373 33.941 0L285.475 239.03c9.373 9.372 9.373 24.568.001 33.941z\"><\/path><\/svg>\t\t\t\t\t\t<\/span>\n\t\t\t\t\t\t\t\t\t\t<span class=\"elementor-icon-list-text\">I tappeti e gli adesivi per tappeti possono emettere sostanze nocive \u2013 NDR<\/span>\n\t\t\t\t\t\t\t\t\t\t\t<\/a>\n\t\t\t\t\t\t\t\t\t<\/li>\n\t\t\t\t\t\t<\/ul>\n\t\t\t\t\t\t<\/div>\n\t\t\t\t<\/div>\n\t\t\t\t\t<\/div>\n\t\t\t\t<\/div>\n\t\t<div data-particle_enable=\"false\" data-particle-mobile-disabled=\"false\" class=\"elementor-element elementor-element-3c4a09bc e-flex e-con-boxed e-con e-parent\" data-id=\"3c4a09bc\" data-element_type=\"container\">\n\t\t\t\t\t<div class=\"e-con-inner\">\n\t\t\t\t<div class=\"elementor-element elementor-element-72dc264a elementor-widget elementor-widget-shortcode\" data-id=\"72dc264a\" data-element_type=\"widget\" data-widget_type=\"shortcode.default\">\n\t\t\t\t<div class=\"elementor-widget-container\">\n\t\t\t\t\t\t\t<div class=\"elementor-shortcode\"><\/div>\n\t\t\t\t\t\t<\/div>\n\t\t\t\t<\/div>\n\t\t\t\t\t<\/div>\n\t\t\t\t<\/div>\n\t\t<div data-particle_enable=\"false\" data-particle-mobile-disabled=\"false\" class=\"elementor-element elementor-element-57842019 e-flex e-con-boxed e-con e-parent\" data-id=\"57842019\" data-element_type=\"container\">\n\t\t\t\t\t<div class=\"e-con-inner\">\n\t\t\t\t<div class=\"elementor-element elementor-element-573dc014 elementor-widget elementor-widget-shortcode\" data-id=\"573dc014\" data-element_type=\"widget\" data-widget_type=\"shortcode.default\">\n\t\t\t\t<div class=\"elementor-widget-container\">\n\t\t\t\t\t\t\t<div class=\"elementor-shortcode\"><\/div>\n\t\t\t\t\t\t<\/div>\n\t\t\t\t<\/div>\n\t\t\t\t\t<\/div>\n\t\t\t\t<\/div>\n\t\t\t\t<\/div>","protected":false},"excerpt":{"rendered":"<p>Lavoriamo e impariamo in ambienti chiusi. Una buona qualit\u00e0 dell'aria interna \u00e8 quindi essenziale per le prestazioni, il benessere e la nostra salute.<\/p>","protected":false},"author":2,"featured_media":25029,"comment_status":"closed","ping_status":"closed","sticky":false,"template":"","format":"standard","meta":{"_acf_changed":false,"footnotes":""},"categories":[39,21,20],"tags":[],"class_list":["post-25028","post","type-post","status-publish","format-standard","has-post-thumbnail","hentry","category-produkte","category-events","category-populaer"],"acf":[],"_links":{"self":[{"href":"https:\/\/konferenztechnik.de\/it\/wp-json\/wp\/v2\/posts\/25028","targetHints":{"allow":["GET"]}}],"collection":[{"href":"https:\/\/konferenztechnik.de\/it\/wp-json\/wp\/v2\/posts"}],"about":[{"href":"https:\/\/konferenztechnik.de\/it\/wp-json\/wp\/v2\/types\/post"}],"author":[{"embeddable":true,"href":"https:\/\/konferenztechnik.de\/it\/wp-json\/wp\/v2\/users\/2"}],"replies":[{"embeddable":true,"href":"https:\/\/konferenztechnik.de\/it\/wp-json\/wp\/v2\/comments?post=25028"}],"version-history":[{"count":0,"href":"https:\/\/konferenztechnik.de\/it\/wp-json\/wp\/v2\/posts\/25028\/revisions"}],"wp:featuredmedia":[{"embeddable":true,"href":"https:\/\/konferenztechnik.de\/it\/wp-json\/wp\/v2\/media\/25029"}],"wp:attachment":[{"href":"https:\/\/konferenztechnik.de\/it\/wp-json\/wp\/v2\/media?parent=25028"}],"wp:term":[{"taxonomy":"category","embeddable":true,"href":"https:\/\/konferenztechnik.de\/it\/wp-json\/wp\/v2\/categories?post=25028"},{"taxonomy":"post_tag","embeddable":true,"href":"https:\/\/konferenztechnik.de\/it\/wp-json\/wp\/v2\/tags?post=25028"}],"curies":[{"name":"wp","href":"https:\/\/api.w.org\/{rel}","templated":true}]}}