{"id":26860,"date":"2023-05-12T08:32:37","date_gmt":"2023-05-12T06:32:37","guid":{"rendered":"http:\/\/dev.konferenztechnik.de\/?p=26860"},"modified":"2023-10-11T10:55:49","modified_gmt":"2023-10-11T08:55:49","slug":"ebr-riunioni-del-comitato-aziendale-europeo-online-ibrido-digitale-classico","status":"publish","type":"post","link":"https:\/\/konferenztechnik.de\/it\/ebr-riunioni-del-comitato-aziendale-europeo-online-ibrido-digitale-classico\/","title":{"rendered":"CAE: riunioni del comitato aziendale europeo \u2013 online, ibrido, digitale, classico?"},"content":{"rendered":"<div data-elementor-type=\"wp-post\" data-elementor-id=\"26860\" class=\"elementor elementor-26860\" data-elementor-post-type=\"post\">\n\t\t\t\t<div data-particle_enable=\"false\" data-particle-mobile-disabled=\"false\" class=\"elementor-element elementor-element-7e33ec7 e-flex e-con-boxed e-con e-parent\" data-id=\"7e33ec7\" data-element_type=\"container\">\n\t\t\t\t\t<div class=\"e-con-inner\">\n\t\t\t\t<div class=\"elementor-element elementor-element-d60f76d elementor-widget elementor-widget-heading\" data-id=\"d60f76d\" data-element_type=\"widget\" data-widget_type=\"heading.default\">\n\t\t\t\t<div class=\"elementor-widget-container\">\n\t\t\t\t\t<h1 class=\"elementor-heading-title elementor-size-default\">CAE: riunioni del comitato aziendale europeo \u2013 online, ibrido, digitale, classico?<\/h1>\t\t\t\t<\/div>\n\t\t\t\t<\/div>\n\t\t\t\t<div class=\"elementor-element elementor-element-03d8cb1 elementor-widget elementor-widget-image\" data-id=\"03d8cb1\" data-element_type=\"widget\" data-widget_type=\"image.default\">\n\t\t\t\t<div class=\"elementor-widget-container\">\n\t\t\t\t\t\t\t\t\t\t\t\t\t\t\t<img fetchpriority=\"high\" decoding=\"async\" width=\"1300\" height=\"485\" src=\"https:\/\/konferenztechnik.de\/wp-content\/uploads\/2023\/05\/erb-dienstleister.jpg\" class=\"attachment-full size-full wp-image-26864\" alt=\"Due partecipanti alla conferenza guardano gli altri partecipanti alla conferenza collegati tramite monitor\" srcset=\"https:\/\/konferenztechnik.de\/wp-content\/uploads\/2023\/05\/erb-dienstleister.jpg 1300w, https:\/\/konferenztechnik.de\/wp-content\/uploads\/2023\/05\/erb-dienstleister-300x112.jpg 300w, https:\/\/konferenztechnik.de\/wp-content\/uploads\/2023\/05\/erb-dienstleister-1024x382.jpg 1024w, https:\/\/konferenztechnik.de\/wp-content\/uploads\/2023\/05\/erb-dienstleister-768x287.jpg 768w, https:\/\/konferenztechnik.de\/wp-content\/uploads\/2023\/05\/erb-dienstleister-18x7.jpg 18w\" sizes=\"(max-width: 1300px) 100vw, 1300px\" title=\"\">\t\t\t\t\t\t\t\t\t\t\t\t\t\t\t<\/div>\n\t\t\t\t<\/div>\n\t\t<div data-particle_enable=\"false\" data-particle-mobile-disabled=\"false\" class=\"elementor-element elementor-element-cf8823b e-flex e-con-boxed e-con e-child\" data-id=\"cf8823b\" data-element_type=\"container\">\n\t\t\t\t\t<div class=\"e-con-inner\">\n\t\t\t\t<div class=\"elementor-element elementor-element-0407bdd elementor-widget elementor-widget-button\" data-id=\"0407bdd\" data-element_type=\"widget\" data-widget_type=\"button.default\">\n\t\t\t\t<div class=\"elementor-widget-container\">\n\t\t\t\t\t\t\t\t\t<div class=\"elementor-button-wrapper\">\n\t\t\t\t\t<a class=\"elementor-button elementor-button-link elementor-size-lg\" href=\"#serviceteam\">\n\t\t\t\t\t\t<span class=\"elementor-button-content-wrapper\">\n\t\t\t\t\t\t<span class=\"elementor-button-icon\">\n\t\t\t\t<svg aria-hidden=\"true\" class=\"e-font-icon-svg e-far-arrow-alt-circle-down\" viewbox=\"0 0 512 512\" xmlns=\"http:\/\/www.w3.org\/2000\/svg\"><path d=\"M256 8C119 8 8 119 8 256s111 248 248 248 248-111 248-248S393 8 256 8zm0 448c-110.5 0-200-89.5-200-200S145.5 56 256 56s200 89.5 200 200-89.5 200-200 200zm-32-316v116h-67c-10.7 0-16 12.9-8.5 20.5l99 99c4.7 4.7 12.3 4.7 17 0l99-99c7.6-7.6 2.2-20.5-8.5-20.5h-67V140c0-6.6-5.4-12-12-12h-40c-6.6 0-12 5.4-12 12z\"><\/path><\/svg>\t\t\t<\/span>\n\t\t\t\t\t\t\t\t\t<span class=\"elementor-button-text\">Richiedi ora<\/span>\n\t\t\t\t\t<\/span>\n\t\t\t\t\t<\/a>\n\t\t\t\t<\/div>\n\t\t\t\t\t\t\t\t<\/div>\n\t\t\t\t<\/div>\n\t\t\t\t\t<\/div>\n\t\t\t\t<\/div>\n\t\t\t\t\t<\/div>\n\t\t\t\t<\/div>\n\t\t<div data-particle_enable=\"false\" data-particle-mobile-disabled=\"false\" class=\"elementor-element elementor-element-86b2ba7 e-flex e-con-boxed e-con e-parent\" data-id=\"86b2ba7\" data-element_type=\"container\">\n\t\t\t\t\t<div class=\"e-con-inner\">\n\t\t\t\t<div class=\"elementor-element elementor-element-d2e77be elementor-widget elementor-widget-heading\" data-id=\"d2e77be\" data-element_type=\"widget\" data-settings=\"{&quot;_animation&quot;:&quot;none&quot;}\" data-widget_type=\"heading.default\">\n\t\t\t\t<div class=\"elementor-widget-container\">\n\t\t\t\t\t<h2 class=\"elementor-heading-title elementor-size-default\">La comprensibilit\u00e0 \u00e8 la base<\/h2>\t\t\t\t<\/div>\n\t\t\t\t<\/div>\n\t\t\t\t<div class=\"elementor-element elementor-element-03f083d elementor-widget__width-inherit elementor-widget elementor-widget-text-editor\" data-id=\"03f083d\" data-element_type=\"widget\" data-widget_type=\"text-editor.default\">\n\t\t\t\t<div class=\"elementor-widget-container\">\n\t\t\t\t\t\t\t\t\t<p>I comitati aziendali europei devono affrontare molte sfide, che noi sosteniamo attivamente: Organizzazione del lavoro transfrontaliero, lingua, informazione e consultazione, questioni interculturali, codeterminazione. Riteniamo che i comitati aziendali europei diventeranno sempre pi\u00f9 importanti in futuro. In quanto specialisti della comunicazione multilingue e senza barriere, siamo felici di contribuire a questo sviluppo.<\/p>\t\t\t\t\t\t\t\t<\/div>\n\t\t\t\t<\/div>\n\t\t\t\t<div class=\"elementor-element elementor-element-e02cf69 elementor-widget__width-inherit elementor-widget elementor-widget-text-editor\" data-id=\"e02cf69\" data-element_type=\"widget\" data-widget_type=\"text-editor.default\">\n\t\t\t\t<div class=\"elementor-widget-container\">\n\t\t\t\t\t\t\t\t\t<p>A nostro avviso, un'attrezzatura audiovisiva professionale \u00e8 una base importante per il successo di ogni riunione del CAE:<\/p><ul><li>Le barriere linguistiche non devono essere aumentate da una scarsa qualit\u00e0 della voce. Una buona microfonazione e un'eccellente riproduzione del parlato sono essenziali.<\/li><li>\u00c8 necessario promuovere il multilinguismo. Oggi, l'uso degli interpreti pu\u00f2 essere ben sfruttato dalla <a href=\"https:\/\/konferenztechnik.de\/it\/centri-di-interpretariato-e-studi-di-interpretariato\/\">Studi di interpretariato<\/a> si svolgono. Il consiglio di fabbrica si riunisce di persona. Gli interpreti si recano presso lo studio di interpretariato pi\u00f9 vicino. In questo modo \u00e8 possibile risparmiare sui costi, ma mantenere la qualit\u00e0.<\/li><li>Traduzioni, registrazioni e protocolli possono essere creati automaticamente. Consigliamo il controllo di qualit\u00e0, la correzione e la personalizzazione da parte di una persona esperta, che saremo lieti di fornirvi.<\/li><\/ul>\t\t\t\t\t\t\t\t<\/div>\n\t\t\t\t<\/div>\n\t\t\t\t\t<\/div>\n\t\t\t\t<\/div>\n\t\t<div data-particle_enable=\"false\" data-particle-mobile-disabled=\"false\" class=\"elementor-element elementor-element-422fe50 e-flex e-con-boxed e-con e-parent\" data-id=\"422fe50\" data-element_type=\"container\">\n\t\t\t\t\t<div class=\"e-con-inner\">\n\t\t\t\t<div class=\"elementor-element elementor-element-a3e80ba elementor-widget elementor-widget-heading\" data-id=\"a3e80ba\" data-element_type=\"widget\" data-settings=\"{&quot;_animation&quot;:&quot;none&quot;}\" data-widget_type=\"heading.default\">\n\t\t\t\t<div class=\"elementor-widget-container\">\n\t\t\t\t\t<h2 class=\"elementor-heading-title elementor-size-default\">Digitale o di persona?<\/h2>\t\t\t\t<\/div>\n\t\t\t\t<\/div>\n\t\t\t\t<div class=\"elementor-element elementor-element-9442191 elementor-widget elementor-widget-image\" data-id=\"9442191\" data-element_type=\"widget\" data-widget_type=\"image.default\">\n\t\t\t\t<div class=\"elementor-widget-container\">\n\t\t\t\t\t\t\t\t\t\t\t\t\t\t\t<img decoding=\"async\" width=\"960\" height=\"644\" src=\"https:\/\/konferenztechnik.de\/wp-content\/uploads\/2023\/05\/ebr-sitzungen.jpg\" class=\"attachment-full size-full wp-image-26954\" alt=\"due persone che si abbracciano, incorniciate dalle stelle dell&#039;UE, mentre altri partecipanti alla conferenza guardano e si rallegrano\" srcset=\"https:\/\/konferenztechnik.de\/wp-content\/uploads\/2023\/05\/ebr-sitzungen.jpg 960w, https:\/\/konferenztechnik.de\/wp-content\/uploads\/2023\/05\/ebr-sitzungen-300x201.jpg 300w, https:\/\/konferenztechnik.de\/wp-content\/uploads\/2023\/05\/ebr-sitzungen-768x515.jpg 768w, https:\/\/konferenztechnik.de\/wp-content\/uploads\/2023\/05\/ebr-sitzungen-18x12.jpg 18w\" sizes=\"(max-width: 960px) 100vw, 960px\" title=\"\">\t\t\t\t\t\t\t\t\t\t\t\t\t\t\t<\/div>\n\t\t\t\t<\/div>\n\t\t<div data-particle_enable=\"false\" data-particle-mobile-disabled=\"false\" class=\"elementor-element elementor-element-c95a3f0 e-flex e-con-boxed e-con e-child\" data-id=\"c95a3f0\" data-element_type=\"container\">\n\t\t\t\t\t<div class=\"e-con-inner\">\n\t\t\t\t<div class=\"elementor-element elementor-element-aaf73db elementor-widget elementor-widget-button\" data-id=\"aaf73db\" data-element_type=\"widget\" data-widget_type=\"button.default\">\n\t\t\t\t<div class=\"elementor-widget-container\">\n\t\t\t\t\t\t\t\t\t<div class=\"elementor-button-wrapper\">\n\t\t\t\t\t<a class=\"elementor-button elementor-button-link elementor-size-lg\" href=\"#serviceteam\">\n\t\t\t\t\t\t<span class=\"elementor-button-content-wrapper\">\n\t\t\t\t\t\t<span class=\"elementor-button-icon\">\n\t\t\t\t<svg aria-hidden=\"true\" class=\"e-font-icon-svg e-far-arrow-alt-circle-down\" viewbox=\"0 0 512 512\" xmlns=\"http:\/\/www.w3.org\/2000\/svg\"><path d=\"M256 8C119 8 8 119 8 256s111 248 248 248 248-111 248-248S393 8 256 8zm0 448c-110.5 0-200-89.5-200-200S145.5 56 256 56s200 89.5 200 200-89.5 200-200 200zm-32-316v116h-67c-10.7 0-16 12.9-8.5 20.5l99 99c4.7 4.7 12.3 4.7 17 0l99-99c7.6-7.6 2.2-20.5-8.5-20.5h-67V140c0-6.6-5.4-12-12-12h-40c-6.6 0-12 5.4-12 12z\"><\/path><\/svg>\t\t\t<\/span>\n\t\t\t\t\t\t\t\t\t<span class=\"elementor-button-text\">Richiedi ora<\/span>\n\t\t\t\t\t<\/span>\n\t\t\t\t\t<\/a>\n\t\t\t\t<\/div>\n\t\t\t\t\t\t\t\t<\/div>\n\t\t\t\t<\/div>\n\t\t\t\t\t<\/div>\n\t\t\t\t<\/div>\n\t\t\t\t<div class=\"elementor-element elementor-element-7b579f3 elementor-widget__width-inherit elementor-widget elementor-widget-text-editor\" data-id=\"7b579f3\" data-element_type=\"widget\" data-widget_type=\"text-editor.default\">\n\t\t\t\t<div class=\"elementor-widget-container\">\n\t\t\t\t\t\t\t\t\tRisparmio di tempo, sostenibilit\u00e0, risparmio di budget, flessibilit\u00e0 e maggiore facilit\u00e0 di partecipazione sono i principali vantaggi delle riunioni online. La connessione, l'impegno e la comprensione sono ovviamente meglio raggiunti e sperimentati in una riunione faccia a faccia. <b>La nostra raccomandazione: incoraggiare il dialogo personale \u2013 sia digitale che di persona \u2013 e incontrarsi di persona quando possibile.<\/b>\t\t\t\t\t\t\t\t<\/div>\n\t\t\t\t<\/div>\n\t\t\t\t\t<\/div>\n\t\t\t\t<\/div>\n\t\t<div data-particle_enable=\"false\" data-particle-mobile-disabled=\"false\" class=\"elementor-element elementor-element-3878cc7 e-flex e-con-boxed e-con e-parent\" data-id=\"3878cc7\" data-element_type=\"container\">\n\t\t\t\t\t<div class=\"e-con-inner\">\n\t\t\t\t<div class=\"elementor-element elementor-element-2ab6038 elementor-widget elementor-widget-heading\" data-id=\"2ab6038\" data-element_type=\"widget\" data-settings=\"{&quot;_animation&quot;:&quot;none&quot;}\" data-widget_type=\"heading.default\">\n\t\t\t\t<div class=\"elementor-widget-container\">\n\t\t\t\t\t<h2 class=\"elementor-heading-title elementor-size-default\">L'amore passa attraverso lo stomaco<\/h2>\t\t\t\t<\/div>\n\t\t\t\t<\/div>\n\t\t\t\t<div class=\"elementor-element elementor-element-9f17391 elementor-widget elementor-widget-image\" data-id=\"9f17391\" data-element_type=\"widget\" data-widget_type=\"image.default\">\n\t\t\t\t<div class=\"elementor-widget-container\">\n\t\t\t\t\t\t\t\t\t\t\t\t\t\t\t<img decoding=\"async\" width=\"960\" height=\"644\" src=\"https:\/\/konferenztechnik.de\/wp-content\/uploads\/2023\/05\/ebr-sitzung-catering.jpg\" class=\"attachment-full size-full wp-image-26964\" alt=\"Riunione vivace di circa 8 persone a un tavolo da conferenza pieno di computer portatili, bevande, ma anche cibo, il tutto sembra molto vivace e stimolante.\" srcset=\"https:\/\/konferenztechnik.de\/wp-content\/uploads\/2023\/05\/ebr-sitzung-catering.jpg 960w, https:\/\/konferenztechnik.de\/wp-content\/uploads\/2023\/05\/ebr-sitzung-catering-300x201.jpg 300w, https:\/\/konferenztechnik.de\/wp-content\/uploads\/2023\/05\/ebr-sitzung-catering-768x515.jpg 768w, https:\/\/konferenztechnik.de\/wp-content\/uploads\/2023\/05\/ebr-sitzung-catering-18x12.jpg 18w\" sizes=\"(max-width: 960px) 100vw, 960px\" title=\"\">\t\t\t\t\t\t\t\t\t\t\t\t\t\t\t<\/div>\n\t\t\t\t<\/div>\n\t\t<div data-particle_enable=\"false\" data-particle-mobile-disabled=\"false\" class=\"elementor-element elementor-element-dfb08fe e-flex e-con-boxed e-con e-child\" data-id=\"dfb08fe\" data-element_type=\"container\">\n\t\t\t\t\t<div class=\"e-con-inner\">\n\t\t\t\t<div class=\"elementor-element elementor-element-6c40a5f elementor-widget elementor-widget-button\" data-id=\"6c40a5f\" data-element_type=\"widget\" data-widget_type=\"button.default\">\n\t\t\t\t<div class=\"elementor-widget-container\">\n\t\t\t\t\t\t\t\t\t<div class=\"elementor-button-wrapper\">\n\t\t\t\t\t<a class=\"elementor-button elementor-button-link elementor-size-lg\" href=\"#serviceteam\">\n\t\t\t\t\t\t<span class=\"elementor-button-content-wrapper\">\n\t\t\t\t\t\t<span class=\"elementor-button-icon\">\n\t\t\t\t<svg aria-hidden=\"true\" class=\"e-font-icon-svg e-far-arrow-alt-circle-down\" viewbox=\"0 0 512 512\" xmlns=\"http:\/\/www.w3.org\/2000\/svg\"><path d=\"M256 8C119 8 8 119 8 256s111 248 248 248 248-111 248-248S393 8 256 8zm0 448c-110.5 0-200-89.5-200-200S145.5 56 256 56s200 89.5 200 200-89.5 200-200 200zm-32-316v116h-67c-10.7 0-16 12.9-8.5 20.5l99 99c4.7 4.7 12.3 4.7 17 0l99-99c7.6-7.6 2.2-20.5-8.5-20.5h-67V140c0-6.6-5.4-12-12-12h-40c-6.6 0-12 5.4-12 12z\"><\/path><\/svg>\t\t\t<\/span>\n\t\t\t\t\t\t\t\t\t<span class=\"elementor-button-text\">Richiedi ora<\/span>\n\t\t\t\t\t<\/span>\n\t\t\t\t\t<\/a>\n\t\t\t\t<\/div>\n\t\t\t\t\t\t\t\t<\/div>\n\t\t\t\t<\/div>\n\t\t\t\t\t<\/div>\n\t\t\t\t<\/div>\n\t\t\t\t<div class=\"elementor-element elementor-element-7971a39 elementor-widget__width-inherit elementor-widget elementor-widget-text-editor\" data-id=\"7971a39\" data-element_type=\"widget\" data-widget_type=\"text-editor.default\">\n\t\t\t\t<div class=\"elementor-widget-container\">\n\t\t\t\t\t\t\t\t\t<p>Una competenza che abbiamo acquisito nel corso di decenni: Prendere sul serio la ristorazione, darle forma e utilizzarla. Questo vale soprattutto per il meeting del CAE. Da quali Paesi e regioni provengono i partecipanti? Cosa c'\u00e8 di sano, genuino e sostenibile in quei luoghi? Utilizzare l'elemento di connessione in modo consapevole e attivo.<\/p>\t\t\t\t\t\t\t\t<\/div>\n\t\t\t\t<\/div>\n\t\t\t\t<div class=\"elementor-element elementor-element-a50e421 elementor-widget elementor-widget-image\" data-id=\"a50e421\" data-element_type=\"widget\" data-widget_type=\"image.default\">\n\t\t\t\t<div class=\"elementor-widget-container\">\n\t\t\t\t\t\t\t\t\t\t\t\t\t\t\t<img loading=\"lazy\" decoding=\"async\" width=\"960\" height=\"644\" src=\"https:\/\/konferenztechnik.de\/wp-content\/uploads\/2023\/05\/ebr-sitzung-gastfreundschaft.jpg\" class=\"attachment-full size-full wp-image-26971\" alt=\"Catering con deliziosi finger food, pi\u00f9 una persona di servizio per servire il cibo\" srcset=\"https:\/\/konferenztechnik.de\/wp-content\/uploads\/2023\/05\/ebr-sitzung-gastfreundschaft.jpg 960w, https:\/\/konferenztechnik.de\/wp-content\/uploads\/2023\/05\/ebr-sitzung-gastfreundschaft-300x201.jpg 300w, https:\/\/konferenztechnik.de\/wp-content\/uploads\/2023\/05\/ebr-sitzung-gastfreundschaft-768x515.jpg 768w, https:\/\/konferenztechnik.de\/wp-content\/uploads\/2023\/05\/ebr-sitzung-gastfreundschaft-18x12.jpg 18w\" sizes=\"(max-width: 960px) 100vw, 960px\" title=\"\">\t\t\t\t\t\t\t\t\t\t\t\t\t\t\t<\/div>\n\t\t\t\t<\/div>\n\t\t\t\t<div class=\"elementor-element elementor-element-7e74cde elementor-widget__width-inherit elementor-widget elementor-widget-text-editor\" data-id=\"7e74cde\" data-element_type=\"widget\" data-widget_type=\"text-editor.default\">\n\t\t\t\t<div class=\"elementor-widget-container\">\n\t\t\t\t\t\t\t\t\t<p>Ospitalit\u00e0, attenzione e cucina internazionale diventano anche ibride e digitali. Forse non \u00e8 cos\u00ec facile dappertutto come nel nostro <a href=\"https:\/\/konferenztechnik.de\/it\/centro-di-interpretariato-studio-di-interpretariato-berlino\/\">Centro di interpretariato<\/a> e ufficio a Berlino Kreuzberg, con un'eccellente cucina da ogni angolo del mondo. Conoscete il nostro <a href=\"https:\/\/markthalleneun.de\/anbieter\/6\/speisekammer\/\" target=\"_blank\" rel=\"noopener\">Sala del mercato nove<\/a>? Se non \u00e8 cos\u00ec, trovate subito un motivo per venirci a trovare a Berlino e lasciatevi sedurre e ispirare dal fascino internazionale ed europeo di questa citt\u00e0.\u00a0<\/p>\t\t\t\t\t\t\t\t<\/div>\n\t\t\t\t<\/div>\n\t\t\t\t\t<\/div>\n\t\t\t\t<\/div>\n\t\t<div data-particle_enable=\"false\" data-particle-mobile-disabled=\"false\" class=\"elementor-element elementor-element-a366607 e-flex e-con-boxed e-con e-parent\" data-id=\"a366607\" data-element_type=\"container\">\n\t\t\t\t\t<div class=\"e-con-inner\">\n\t\t<div data-particle_enable=\"false\" data-particle-mobile-disabled=\"false\" class=\"elementor-element elementor-element-b5f3d93 e-flex e-con-boxed e-con e-child\" data-id=\"b5f3d93\" data-element_type=\"container\">\n\t\t\t\t\t<div class=\"e-con-inner\">\n\t\t\t\t<div class=\"elementor-element elementor-element-01b6782 elementor-widget elementor-widget-shortcode\" data-id=\"01b6782\" data-element_type=\"widget\" data-widget_type=\"shortcode.default\">\n\t\t\t\t<div class=\"elementor-widget-container\">\n\t\t\t\t\t\t\t<div class=\"elementor-shortcode\"><\/div>\n\t\t\t\t\t\t<\/div>\n\t\t\t\t<\/div>\n\t\t\t\t\t<\/div>\n\t\t\t\t<\/div>\n\t\t<div data-particle_enable=\"false\" data-particle-mobile-disabled=\"false\" class=\"elementor-element elementor-element-7288309 e-flex e-con-boxed e-con e-child\" data-id=\"7288309\" data-element_type=\"container\">\n\t\t\t\t\t<div class=\"e-con-inner\">\n\t\t\t\t<div class=\"elementor-element elementor-element-ba418ed elementor-widget elementor-widget-shortcode\" data-id=\"ba418ed\" data-element_type=\"widget\" data-widget_type=\"shortcode.default\">\n\t\t\t\t<div class=\"elementor-widget-container\">\n\t\t\t\t\t\t\t<div class=\"elementor-shortcode\"><\/div>\n\t\t\t\t\t\t<\/div>\n\t\t\t\t<\/div>\n\t\t\t\t\t<\/div>\n\t\t\t\t<\/div>\n\t\t\t\t\t<\/div>\n\t\t\t\t<\/div>\n\t\t\t\t<\/div>","protected":false},"excerpt":{"rendered":"<p>Vi supportiamo nella pianificazione dell'evento e nella realizzazione tecnica<\/p>","protected":false},"author":2,"featured_media":26871,"comment_status":"closed","ping_status":"closed","sticky":false,"template":"","format":"standard","meta":{"_acf_changed":false,"footnotes":""},"categories":[39,21,20],"tags":[],"class_list":["post-26860","post","type-post","status-publish","format-standard","has-post-thumbnail","hentry","category-produkte","category-events","category-populaer"],"acf":[],"_links":{"self":[{"href":"https:\/\/konferenztechnik.de\/it\/wp-json\/wp\/v2\/posts\/26860","targetHints":{"allow":["GET"]}}],"collection":[{"href":"https:\/\/konferenztechnik.de\/it\/wp-json\/wp\/v2\/posts"}],"about":[{"href":"https:\/\/konferenztechnik.de\/it\/wp-json\/wp\/v2\/types\/post"}],"author":[{"embeddable":true,"href":"https:\/\/konferenztechnik.de\/it\/wp-json\/wp\/v2\/users\/2"}],"replies":[{"embeddable":true,"href":"https:\/\/konferenztechnik.de\/it\/wp-json\/wp\/v2\/comments?post=26860"}],"version-history":[{"count":0,"href":"https:\/\/konferenztechnik.de\/it\/wp-json\/wp\/v2\/posts\/26860\/revisions"}],"wp:featuredmedia":[{"embeddable":true,"href":"https:\/\/konferenztechnik.de\/it\/wp-json\/wp\/v2\/media\/26871"}],"wp:attachment":[{"href":"https:\/\/konferenztechnik.de\/it\/wp-json\/wp\/v2\/media?parent=26860"}],"wp:term":[{"taxonomy":"category","embeddable":true,"href":"https:\/\/konferenztechnik.de\/it\/wp-json\/wp\/v2\/categories?post=26860"},{"taxonomy":"post_tag","embeddable":true,"href":"https:\/\/konferenztechnik.de\/it\/wp-json\/wp\/v2\/tags?post=26860"}],"curies":[{"name":"wp","href":"https:\/\/api.w.org\/{rel}","templated":true}]}}