{"id":43819,"date":"2024-02-03T10:50:00","date_gmt":"2024-02-03T09:50:00","guid":{"rendered":"https:\/\/konferenztechnik.de\/?p=43819"},"modified":"2024-02-06T12:01:21","modified_gmt":"2024-02-06T11:01:21","slug":"ise-2024-parte-2-tecnologia-per-audioconferenze","status":"publish","type":"post","link":"https:\/\/konferenztechnik.de\/it\/ise-2024-parte-2-tecnologia-per-audioconferenze\/","title":{"rendered":"ISE 2024 \u2013 Parte 2: Innovazioni nella tecnologia audio e per conferenze"},"content":{"rendered":"<div data-elementor-type=\"wp-post\" data-elementor-id=\"43819\" class=\"elementor elementor-43819\" data-elementor-post-type=\"post\">\n\t\t\t\t<div data-particle_enable=\"false\" data-particle-mobile-disabled=\"false\" class=\"elementor-element elementor-element-51a619c e-flex e-con-boxed e-con e-parent\" data-id=\"51a619c\" data-element_type=\"container\">\n\t\t\t\t\t<div class=\"e-con-inner\">\n\t\t\t\t<div class=\"elementor-element elementor-element-de3b39e elementor-widget elementor-widget-heading\" data-id=\"de3b39e\" data-element_type=\"widget\" data-widget_type=\"heading.default\">\n\t\t\t\t<div class=\"elementor-widget-container\">\n\t\t\t\t\t<h1 class=\"elementor-heading-title elementor-size-default\">ISE 2024 \u2013 Parte 2: Innovazioni nella tecnologia audio e per conferenze<\/h1>\t\t\t\t<\/div>\n\t\t\t\t<\/div>\n\t\t\t\t<div class=\"elementor-element elementor-element-754729f elementor-widget elementor-widget-image\" data-id=\"754729f\" data-element_type=\"widget\" data-widget_type=\"image.default\">\n\t\t\t\t<div class=\"elementor-widget-container\">\n\t\t\t\t\t\t\t\t\t\t\t\t\t\t\t<img fetchpriority=\"high\" decoding=\"async\" width=\"1300\" height=\"485\" src=\"https:\/\/konferenztechnik.de\/wp-content\/uploads\/2024\/02\/ise-2024-pcs-integreted-systems-jpg.webp\" class=\"attachment-full size-full wp-image-43823\" alt=\"La nostra foto di copertina per ISE 2024 con i numerosi visitatori provenienti da tutto il mondo che festeggiano allo stand Televic.\" srcset=\"https:\/\/konferenztechnik.de\/wp-content\/uploads\/2024\/02\/ise-2024-pcs-integreted-systems-jpg.webp 1300w, https:\/\/konferenztechnik.de\/wp-content\/uploads\/2024\/02\/ise-2024-pcs-integreted-systems-300x112.webp 300w, https:\/\/konferenztechnik.de\/wp-content\/uploads\/2024\/02\/ise-2024-pcs-integreted-systems-1024x382.webp 1024w, https:\/\/konferenztechnik.de\/wp-content\/uploads\/2024\/02\/ise-2024-pcs-integreted-systems-768x287.webp 768w, https:\/\/konferenztechnik.de\/wp-content\/uploads\/2024\/02\/ise-2024-pcs-integreted-systems-18x7.webp 18w\" sizes=\"(max-width: 1300px) 100vw, 1300px\" title=\"\">\t\t\t\t\t\t\t\t\t\t\t\t\t\t\t<\/div>\n\t\t\t\t<\/div>\n\t\t\t\t<div class=\"elementor-element elementor-element-c13e92d elementor-widget elementor-widget-text-editor\" data-id=\"c13e92d\" data-element_type=\"widget\" data-widget_type=\"text-editor.default\">\n\t\t\t\t<div class=\"elementor-widget-container\">\n\t\t\t\t\t\t\t\t\t<p>Pubblicato: 03.02.2024<\/p><p>\u00a0<\/p>\t\t\t\t\t\t\t\t<\/div>\n\t\t\t\t<\/div>\n\t\t\t\t\t<\/div>\n\t\t\t\t<\/div>\n\t\t<div data-particle_enable=\"false\" data-particle-mobile-disabled=\"false\" class=\"elementor-element elementor-element-d279161 e-flex e-con-boxed e-con e-parent\" data-id=\"d279161\" data-element_type=\"container\">\n\t\t\t\t\t<div class=\"e-con-inner\">\n\t\t\t\t<div class=\"elementor-element elementor-element-6a00174 elementor-widget elementor-widget-heading\" data-id=\"6a00174\" data-element_type=\"widget\" data-settings=\"{&quot;_animation&quot;:&quot;none&quot;}\" data-widget_type=\"heading.default\">\n\t\t\t\t<div class=\"elementor-widget-container\">\n\t\t\t\t\t<h2 class=\"elementor-heading-title elementor-size-default\">Audipack<\/h2>\t\t\t\t<\/div>\n\t\t\t\t<\/div>\n\t\t\t\t<div class=\"elementor-element elementor-element-7945cf8 elementor-widget elementor-widget-text-editor\" data-id=\"7945cf8\" data-element_type=\"widget\" data-widget_type=\"text-editor.default\">\n\t\t\t\t<div class=\"elementor-widget-container\">\n\t\t\t\t\t\t\t\t\t<div class=\"feed-shared-update-v2__description-wrapper mr2\" tabindex=\"-1\"><div class=\"feed-shared-inline-show-more-text feed-shared-update-v2__description feed-shared-inline-show-more-text--minimal-padding feed-shared-inline-show-more-text--expanded\" tabindex=\"-1\" data-artdeco-is-focused=\"true\"><div class=\"update-components-text relative update-components-update-v2__commentary\" dir=\"ltr\"><p>Tra le altre cose, Audipack dispone di una nuova e pi\u00f9 spaziosa cabina di interpretazione (Silent 9650) presso il suo stand, che misura 2 metri all'interno. Oltre allo spazio disponibile, \u00e8 stata migliorata la qualit\u00e0 della superficie fonoassorbente del tavolo e sulle pareti \u00e8 stata installata una schiuma bianca a pori ancora pi\u00f9 sottili, che offre un migliore isolamento acustico aggiuntivo, soprattutto per le basse frequenze, ed \u00e8 anche pi\u00f9 gradevole e silenziosa alla vista rispetto al modello precedente.<\/p><\/div><\/div><\/div>\t\t\t\t\t\t\t\t<\/div>\n\t\t\t\t<\/div>\n\t\t\t\t<div class=\"elementor-element elementor-element-f666f92 elementor-arrows-position-inside elementor-pagination-position-outside elementor-widget elementor-widget-image-carousel\" data-id=\"f666f92\" data-element_type=\"widget\" data-settings=\"{&quot;slides_to_show&quot;:&quot;1&quot;,&quot;navigation&quot;:&quot;both&quot;,&quot;autoplay&quot;:&quot;yes&quot;,&quot;pause_on_hover&quot;:&quot;yes&quot;,&quot;pause_on_interaction&quot;:&quot;yes&quot;,&quot;autoplay_speed&quot;:5000,&quot;infinite&quot;:&quot;yes&quot;,&quot;effect&quot;:&quot;slide&quot;,&quot;speed&quot;:500}\" data-widget_type=\"image-carousel.default\">\n\t\t\t\t<div class=\"elementor-widget-container\">\n\t\t\t\t\t\t\t<div class=\"elementor-image-carousel-wrapper swiper\" role=\"region\" aria-roledescription=\"carousel\" aria-label=\"Carosello di immagini\" dir=\"ltr\">\n\t\t\t<div class=\"elementor-image-carousel swiper-wrapper\" aria-live=\"off\">\n\t\t\t\t\t\t\t\t<div class=\"swiper-slide\" role=\"group\" aria-roledescription=\"slide\" aria-label=\"1 di 3\"><figure class=\"swiper-slide-inner\"><img decoding=\"async\" class=\"swiper-slide-image\" src=\"https:\/\/konferenztechnik.de\/wp-content\/uploads\/2024\/02\/ISE-Neuheit-Dolmetschkabine-Audipack-2024-jpg.webp\" alt=\"La cabina di interpretazione Silent 9650 XL di Audipack\" title=\"\"><\/figure><\/div><div class=\"swiper-slide\" role=\"group\" aria-roledescription=\"slide\" aria-label=\"2 di 3\"><figure class=\"swiper-slide-inner\"><img decoding=\"async\" class=\"swiper-slide-image\" src=\"https:\/\/konferenztechnik.de\/wp-content\/uploads\/2024\/02\/audipack-silent-9650-booth-jpg.webp\" alt=\"L&#039;interno della nuova cabina di interpretazione 9650 di Audipack\" title=\"\"><\/figure><\/div><div class=\"swiper-slide\" role=\"group\" aria-roledescription=\"slide\" aria-label=\"3 di 3\"><figure class=\"swiper-slide-inner\"><img decoding=\"async\" class=\"swiper-slide-image\" src=\"https:\/\/konferenztechnik.de\/wp-content\/uploads\/2024\/02\/audipack-silent-9650-wall-jpg.webp\" alt=\"Le pareti interne della nuova cabina di interpretazione Audipack sono bianche e piacevoli al tatto.\" title=\"\"><\/figure><\/div>\t\t\t<\/div>\n\t\t\t\t\t\t\t\t\t\t\t\t<div class=\"elementor-swiper-button elementor-swiper-button-prev\" role=\"button\" tabindex=\"0\">\n\t\t\t\t\t\t<svg aria-hidden=\"true\" class=\"e-font-icon-svg e-eicon-chevron-left\" viewbox=\"0 0 1000 1000\" xmlns=\"http:\/\/www.w3.org\/2000\/svg\"><path d=\"M646 125C629 125 613 133 604 142L308 442C296 454 292 471 292 487 292 504 296 521 308 533L604 854C617 867 629 875 646 875 663 875 679 871 692 858 704 846 713 829 713 812 713 796 708 779 692 767L438 487 692 225C700 217 708 204 708 187 708 171 704 154 692 142 675 129 663 125 646 125Z\"><\/path><\/svg>\t\t\t\t\t<\/div>\n\t\t\t\t\t<div class=\"elementor-swiper-button elementor-swiper-button-next\" role=\"button\" tabindex=\"0\">\n\t\t\t\t\t\t<svg aria-hidden=\"true\" class=\"e-font-icon-svg e-eicon-chevron-right\" viewbox=\"0 0 1000 1000\" xmlns=\"http:\/\/www.w3.org\/2000\/svg\"><path d=\"M696 533C708 521 713 504 713 487 713 471 708 454 696 446L400 146C388 133 375 125 354 125 338 125 325 129 313 142 300 154 292 171 292 187 292 204 296 221 308 233L563 492 304 771C292 783 288 800 288 817 288 833 296 850 308 863 321 871 338 875 354 875 371 875 388 867 400 854L696 533Z\"><\/path><\/svg>\t\t\t\t\t<\/div>\n\t\t\t\t\n\t\t\t\t\t\t\t\t\t<div class=\"swiper-pagination\"><\/div>\n\t\t\t\t\t\t\t\t\t<\/div>\n\t\t\t\t\t\t<\/div>\n\t\t\t\t<\/div>\n\t\t\t\t<div class=\"elementor-element elementor-element-f7c76b7 elementor-widget elementor-widget-text-editor\" data-id=\"f7c76b7\" data-element_type=\"widget\" data-widget_type=\"text-editor.default\">\n\t\t\t\t<div class=\"elementor-widget-container\">\n\t\t\t\t\t\t\t\t\t<div class=\"feed-shared-update-v2__description-wrapper mr2\" tabindex=\"-1\"><div class=\"feed-shared-inline-show-more-text feed-shared-update-v2__description feed-shared-inline-show-more-text--minimal-padding feed-shared-inline-show-more-text--expanded\" tabindex=\"-1\" data-artdeco-is-focused=\"true\"><div class=\"update-components-text relative update-components-update-v2__commentary\" dir=\"ltr\"><div class=\"feed-shared-update-v2__description-wrapper mr2\" tabindex=\"-1\"><div class=\"feed-shared-inline-show-more-text feed-shared-update-v2__description feed-shared-inline-show-more-text--minimal-padding feed-shared-inline-show-more-text--expanded\" tabindex=\"-1\" data-artdeco-is-focused=\"true\"><div class=\"update-components-text relative update-components-update-v2__commentary\" dir=\"ltr\"><p class=\"MsoNormal\">Cabina di interpretazione Silent 9650 XL, compatibile con le norme ISO 4043\/2016, DIN 75200, FMVSS 302, dimensioni interne circa 2.065 mm x 2.065 mm x 2.030 mm (L x P x A), compresa la ventilazione e la luce LED dimmerabile.<\/p><\/div><\/div><\/div><div class=\"update-components-image update-components-image--single-image feed-shared-update-v2__content\"><div class=\"relative\">\u00a0<\/div><\/div><\/div><\/div><\/div>\t\t\t\t\t\t\t\t<\/div>\n\t\t\t\t<\/div>\n\t\t\t\t<div class=\"elementor-element elementor-element-12340f8 elementor-arrows-position-inside elementor-pagination-position-outside elementor-widget elementor-widget-image-carousel\" data-id=\"12340f8\" data-element_type=\"widget\" data-settings=\"{&quot;slides_to_show&quot;:&quot;1&quot;,&quot;navigation&quot;:&quot;both&quot;,&quot;autoplay&quot;:&quot;yes&quot;,&quot;pause_on_hover&quot;:&quot;yes&quot;,&quot;pause_on_interaction&quot;:&quot;yes&quot;,&quot;autoplay_speed&quot;:5000,&quot;infinite&quot;:&quot;yes&quot;,&quot;effect&quot;:&quot;slide&quot;,&quot;speed&quot;:500}\" data-widget_type=\"image-carousel.default\">\n\t\t\t\t<div class=\"elementor-widget-container\">\n\t\t\t\t\t\t\t<div class=\"elementor-image-carousel-wrapper swiper\" role=\"region\" aria-roledescription=\"carousel\" aria-label=\"Carosello di immagini\" dir=\"ltr\">\n\t\t\t<div class=\"elementor-image-carousel swiper-wrapper\" aria-live=\"off\">\n\t\t\t\t\t\t\t\t<div class=\"swiper-slide\" role=\"group\" aria-roledescription=\"slide\" aria-label=\"1 di 4\"><figure class=\"swiper-slide-inner\"><img decoding=\"async\" class=\"swiper-slide-image\" src=\"https:\/\/konferenztechnik.de\/wp-content\/uploads\/2024\/02\/Audipack-Monitor-im-Case-jpg.webp\" alt=\"Un supporto girevole per espositori di grandi dimensioni in una valigetta, che pu\u00f2 essere allestito da una sola persona.\" title=\"\"><\/figure><\/div><div class=\"swiper-slide\" role=\"group\" aria-roledescription=\"slide\" aria-label=\"2 di 4\"><figure class=\"swiper-slide-inner\"><img decoding=\"async\" class=\"swiper-slide-image\" src=\"https:\/\/konferenztechnik.de\/wp-content\/uploads\/2024\/02\/audipack-neue-stands-jpg.webp\" alt=\"Supporti per monitor Audipack\" title=\"\"><\/figure><\/div><div class=\"swiper-slide\" role=\"group\" aria-roledescription=\"slide\" aria-label=\"3 di 4\"><figure class=\"swiper-slide-inner\"><img decoding=\"async\" class=\"swiper-slide-image\" src=\"https:\/\/konferenztechnik.de\/wp-content\/uploads\/2024\/02\/audipack-redepult-mit-Display-scaled.webp\" alt=\"Un leggio con un display sul davanti.\" title=\"\"><\/figure><\/div><div class=\"swiper-slide\" role=\"group\" aria-roledescription=\"slide\" aria-label=\"4 di 4\"><figure class=\"swiper-slide-inner\"><img decoding=\"async\" class=\"swiper-slide-image\" src=\"https:\/\/konferenztechnik.de\/wp-content\/uploads\/2024\/02\/schwenkbarer-monitor-decke-audipack-scaled.webp\" alt=\"Audipack presenta un alloggiamento dal quale \u00e8 possibile estrarre un monitor dal soffitto.\" title=\"\"><\/figure><\/div>\t\t\t<\/div>\n\t\t\t\t\t\t\t\t\t\t\t\t<div class=\"elementor-swiper-button elementor-swiper-button-prev\" role=\"button\" tabindex=\"0\">\n\t\t\t\t\t\t<svg aria-hidden=\"true\" class=\"e-font-icon-svg e-eicon-chevron-left\" viewbox=\"0 0 1000 1000\" xmlns=\"http:\/\/www.w3.org\/2000\/svg\"><path d=\"M646 125C629 125 613 133 604 142L308 442C296 454 292 471 292 487 292 504 296 521 308 533L604 854C617 867 629 875 646 875 663 875 679 871 692 858 704 846 713 829 713 812 713 796 708 779 692 767L438 487 692 225C700 217 708 204 708 187 708 171 704 154 692 142 675 129 663 125 646 125Z\"><\/path><\/svg>\t\t\t\t\t<\/div>\n\t\t\t\t\t<div class=\"elementor-swiper-button elementor-swiper-button-next\" role=\"button\" tabindex=\"0\">\n\t\t\t\t\t\t<svg aria-hidden=\"true\" class=\"e-font-icon-svg e-eicon-chevron-right\" viewbox=\"0 0 1000 1000\" xmlns=\"http:\/\/www.w3.org\/2000\/svg\"><path d=\"M696 533C708 521 713 504 713 487 713 471 708 454 696 446L400 146C388 133 375 125 354 125 338 125 325 129 313 142 300 154 292 171 292 187 292 204 296 221 308 233L563 492 304 771C292 783 288 800 288 817 288 833 296 850 308 863 321 871 338 875 354 875 371 875 388 867 400 854L696 533Z\"><\/path><\/svg>\t\t\t\t\t<\/div>\n\t\t\t\t\n\t\t\t\t\t\t\t\t\t<div class=\"swiper-pagination\"><\/div>\n\t\t\t\t\t\t\t\t\t<\/div>\n\t\t\t\t\t\t<\/div>\n\t\t\t\t<\/div>\n\t\t\t\t<div class=\"elementor-element elementor-element-6298750 elementor-widget elementor-widget-text-editor\" data-id=\"6298750\" data-element_type=\"widget\" data-widget_type=\"text-editor.default\">\n\t\t\t\t<div class=\"elementor-widget-container\">\n\t\t\t\t\t\t\t\t\t<div class=\"feed-shared-update-v2__description-wrapper mr2\" tabindex=\"-1\"><div class=\"feed-shared-inline-show-more-text feed-shared-update-v2__description feed-shared-inline-show-more-text--minimal-padding feed-shared-inline-show-more-text--expanded\" tabindex=\"-1\" data-artdeco-is-focused=\"true\"><div class=\"update-components-text relative update-components-update-v2__commentary\" dir=\"ltr\"><div class=\"feed-shared-update-v2__description-wrapper mr2\" tabindex=\"-1\"><div class=\"feed-shared-inline-show-more-text feed-shared-update-v2__description feed-shared-inline-show-more-text--minimal-padding feed-shared-inline-show-more-text--expanded\" tabindex=\"-1\" data-artdeco-is-focused=\"true\"><div class=\"update-components-text relative update-components-update-v2__commentary\" dir=\"ltr\"><p>Audipack ha presentato supporti sottili per display di grandi dimensioni e molti nuovi accessori, mentre un leggio semplice e leggero con un display come frontale \u00e8 interessante per eventi e noleggio. I professionisti dell'installazione sono rimasti entusiasti di una custodia con monitor orientabile dal soffitto in finta pelle.<\/p><\/div><\/div><\/div><\/div><\/div><\/div>\t\t\t\t\t\t\t\t<\/div>\n\t\t\t\t<\/div>\n\t\t\t\t\t<\/div>\n\t\t\t\t<\/div>\n\t\t<div data-particle_enable=\"false\" data-particle-mobile-disabled=\"false\" class=\"elementor-element elementor-element-fea0193 e-flex e-con-boxed e-con e-parent\" data-id=\"fea0193\" data-element_type=\"container\">\n\t\t\t\t\t<div class=\"e-con-inner\">\n\t\t\t\t<div class=\"elementor-element elementor-element-5ddd073 elementor-widget elementor-widget-heading\" data-id=\"5ddd073\" data-element_type=\"widget\" data-settings=\"{&quot;_animation&quot;:&quot;none&quot;}\" data-widget_type=\"heading.default\">\n\t\t\t\t<div class=\"elementor-widget-container\">\n\t\t\t\t\t<h2 class=\"elementor-heading-title elementor-size-default\">Bosch<\/h2>\t\t\t\t<\/div>\n\t\t\t\t<\/div>\n\t\t\t\t<div class=\"elementor-element elementor-element-d0eba6e elementor-widget elementor-widget-text-editor\" data-id=\"d0eba6e\" data-element_type=\"widget\" data-widget_type=\"text-editor.default\">\n\t\t\t\t<div class=\"elementor-widget-container\">\n\t\t\t\t\t\t\t\t\t<div class=\"feed-shared-update-v2__description-wrapper mr2\" tabindex=\"-1\"><div class=\"feed-shared-inline-show-more-text feed-shared-update-v2__description feed-shared-inline-show-more-text--minimal-padding feed-shared-inline-show-more-text--expanded\" tabindex=\"-1\" data-artdeco-is-focused=\"true\"><div class=\"update-components-text relative update-components-update-v2__commentary\" dir=\"ltr\"><p>Chiunque abbia visitato il <a href=\"https:\/\/www.zeit.de\/news\/2023-10\/26\/bosch-sucht-kaeufer-fuer-geschaeft-mit-sicherheitssystemen\" target=\"_blank\" rel=\"noopener\">Messaggio<\/a> La notizia che Bosch stava pianificando la vendita della divisione \u2013 per le tecnologie di sicurezza, che comprende anche la tecnologia per conferenze e i sistemi di diffusione sonora, \u00e8 stata rassicurata allo stand della fiera. Gli investimenti e gli sviluppi nel portafoglio prodotti continuano senza sosta e la tabella di marcia per i nuovi prodotti rimane invariata.<\/p><\/div><\/div><\/div><p>\u00a0<\/p>\t\t\t\t\t\t\t\t<\/div>\n\t\t\t\t<\/div>\n\t\t\t\t<div class=\"elementor-element elementor-element-ffa838e elementor-widget elementor-widget-image\" data-id=\"ffa838e\" data-element_type=\"widget\" data-widget_type=\"image.default\">\n\t\t\t\t<div class=\"elementor-widget-container\">\n\t\t\t\t\t\t\t\t\t\t\t\t\t\t\t<img decoding=\"async\" width=\"800\" height=\"600\" src=\"https:\/\/konferenztechnik.de\/wp-content\/uploads\/2024\/02\/neue-bosch-diecentis-2024-1024x768.webp\" class=\"attachment-large size-large wp-image-43839\" alt=\"Il nostro team viene presentato con le innovazioni del sistema di discussione Dicentis allo stand della fiera.\" srcset=\"https:\/\/konferenztechnik.de\/wp-content\/uploads\/2024\/02\/neue-bosch-diecentis-2024-1024x768.webp 1024w, https:\/\/konferenztechnik.de\/wp-content\/uploads\/2024\/02\/neue-bosch-diecentis-2024-300x225.webp 300w, https:\/\/konferenztechnik.de\/wp-content\/uploads\/2024\/02\/neue-bosch-diecentis-2024-768x576.webp 768w, https:\/\/konferenztechnik.de\/wp-content\/uploads\/2024\/02\/neue-bosch-diecentis-2024-16x12.webp 16w, https:\/\/konferenztechnik.de\/wp-content\/uploads\/2024\/02\/neue-bosch-diecentis-2024-jpg.webp 1200w\" sizes=\"(max-width: 800px) 100vw, 800px\" title=\"\">\t\t\t\t\t\t\t\t\t\t\t\t\t\t\t<\/div>\n\t\t\t\t<\/div>\n\t\t\t\t<div class=\"elementor-element elementor-element-86a11f5 elementor-widget elementor-widget-text-editor\" data-id=\"86a11f5\" data-element_type=\"widget\" data-widget_type=\"text-editor.default\">\n\t\t\t\t<div class=\"elementor-widget-container\">\n\t\t\t\t\t\t\t\t\t<div class=\"feed-shared-update-v2__description-wrapper mr2\" tabindex=\"-1\"><div class=\"feed-shared-inline-show-more-text feed-shared-update-v2__description feed-shared-inline-show-more-text--minimal-padding feed-shared-inline-show-more-text--expanded\" tabindex=\"-1\" data-artdeco-is-focused=\"true\"><div class=\"update-components-text relative update-components-update-v2__commentary\" dir=\"ltr\"><div class=\"feed-shared-update-v2__description-wrapper mr2\" tabindex=\"-1\"><div class=\"feed-shared-inline-show-more-text feed-shared-update-v2__description feed-shared-inline-show-more-text--minimal-padding feed-shared-inline-show-more-text--expanded\" tabindex=\"-1\" data-artdeco-is-focused=\"true\"><div class=\"update-components-text relative update-components-update-v2__commentary\" dir=\"ltr\"><p>Qui vengono presentati al team PCS i nuovi modelli di licenza Bosch per l'uso e le funzionalit\u00e0 dei sistemi di conferenza. Su richiesta del settore, sono stati introdotti modelli di licenza semplificati e, per i sistemi di discussione di base, licenze gratuite per alcune funzioni di base dei sistemi. Questo rende la vendita e l'installazione pi\u00f9 semplice e pi\u00f9 vantaggiosa per il cliente finale.<\/p><\/div><\/div><\/div><\/div><\/div><\/div>\t\t\t\t\t\t\t\t<\/div>\n\t\t\t\t<\/div>\n\t\t\t\t\t<\/div>\n\t\t\t\t<\/div>\n\t\t<div data-particle_enable=\"false\" data-particle-mobile-disabled=\"false\" class=\"elementor-element elementor-element-d3d7614 e-flex e-con-boxed e-con e-parent\" data-id=\"d3d7614\" data-element_type=\"container\">\n\t\t\t\t\t<div class=\"e-con-inner\">\n\t\t\t\t<div class=\"elementor-element elementor-element-d5dfea2 elementor-widget elementor-widget-heading\" data-id=\"d5dfea2\" data-element_type=\"widget\" data-settings=\"{&quot;_animation&quot;:&quot;none&quot;}\" data-widget_type=\"heading.default\">\n\t\t\t\t<div class=\"elementor-widget-container\">\n\t\t\t\t\t<h2 class=\"elementor-heading-title elementor-size-default\">Shure<\/h2>\t\t\t\t<\/div>\n\t\t\t\t<\/div>\n\t\t\t\t<div class=\"elementor-element elementor-element-a2d3654 elementor-widget elementor-widget-text-editor\" data-id=\"a2d3654\" data-element_type=\"widget\" data-widget_type=\"text-editor.default\">\n\t\t\t\t<div class=\"elementor-widget-container\">\n\t\t\t\t\t\t\t\t\t<div class=\"feed-shared-update-v2__description-wrapper mr2\" tabindex=\"-1\"><div class=\"feed-shared-inline-show-more-text feed-shared-update-v2__description feed-shared-inline-show-more-text--minimal-padding feed-shared-inline-show-more-text--expanded\" tabindex=\"-1\" data-artdeco-is-focused=\"true\"><div class=\"update-components-text relative update-components-update-v2__commentary\" dir=\"ltr\"><p>Shure ha lanciato una nuova stazione base a 2 canali per microfoni che, oltre a ricaricare le stazioni per trasmettitori palmari e bodypack, \u00e8 dotata di un DSP integrato e pu\u00f2 essere gestita tramite browser.<\/p><p>\u00a0<\/p><p>La stazione base (senza microfoni e altri accessori) ha un prezzo imbattibile di 1.300 euro, che sar\u00e0 molto interessante anche per molte scuole e centri di formazione. La soluzione \u00e8 \"Tutto in uno, lavoro fatto\": <a href=\"https:\/\/www.shure.com\/de-DE\/konferenzen-meetings\/ignite\/all-in-one-job-done-audio-leicht-gemacht-mit-mxw-next-2\" target=\"_blank\" rel=\"noopener\">Tutto in uno, lavoro fatto: l'audio senza fili diventa facile con MXW neXt 2 \u2013 Shure Germania<\/a>.<\/p><\/div><\/div><\/div><p>\u00a0<\/p>\t\t\t\t\t\t\t\t<\/div>\n\t\t\t\t<\/div>\n\t\t\t\t<div class=\"elementor-element elementor-element-9c71c3d elementor-widget elementor-widget-image\" data-id=\"9c71c3d\" data-element_type=\"widget\" data-widget_type=\"image.default\">\n\t\t\t\t<div class=\"elementor-widget-container\">\n\t\t\t\t\t\t\t\t\t\t\t\t\t\t\t<img decoding=\"async\" width=\"800\" height=\"600\" src=\"https:\/\/konferenztechnik.de\/wp-content\/uploads\/2024\/02\/shure-MXW-next2-1024x768.webp\" class=\"attachment-large size-large wp-image-43851\" alt=\"Il Microflex Wireless neXt 2 \u00e8 un sistema microfonico a 2 canali senza fili\" srcset=\"https:\/\/konferenztechnik.de\/wp-content\/uploads\/2024\/02\/shure-MXW-next2-1024x768.webp 1024w, https:\/\/konferenztechnik.de\/wp-content\/uploads\/2024\/02\/shure-MXW-next2-300x225.webp 300w, https:\/\/konferenztechnik.de\/wp-content\/uploads\/2024\/02\/shure-MXW-next2-768x576.webp 768w, https:\/\/konferenztechnik.de\/wp-content\/uploads\/2024\/02\/shure-MXW-next2-16x12.webp 16w, https:\/\/konferenztechnik.de\/wp-content\/uploads\/2024\/02\/shure-MXW-next2-jpg.webp 1200w\" sizes=\"(max-width: 800px) 100vw, 800px\" title=\"\">\t\t\t\t\t\t\t\t\t\t\t\t\t\t\t<\/div>\n\t\t\t\t<\/div>\n\t\t\t\t<div class=\"elementor-element elementor-element-d7a4e1d elementor-widget elementor-widget-text-editor\" data-id=\"d7a4e1d\" data-element_type=\"widget\" data-widget_type=\"text-editor.default\">\n\t\t\t\t<div class=\"elementor-widget-container\">\n\t\t\t\t\t\t\t\t\t<div class=\"feed-shared-update-v2__description-wrapper mr2\" tabindex=\"-1\"><div class=\"feed-shared-inline-show-more-text feed-shared-update-v2__description feed-shared-inline-show-more-text--minimal-padding feed-shared-inline-show-more-text--expanded\" tabindex=\"-1\" data-artdeco-is-focused=\"true\"><div class=\"update-components-text relative update-components-update-v2__commentary\" dir=\"ltr\"><div class=\"feed-shared-update-v2__description-wrapper mr2\" tabindex=\"-1\"><div class=\"feed-shared-inline-show-more-text feed-shared-update-v2__description feed-shared-inline-show-more-text--minimal-padding feed-shared-inline-show-more-text--expanded\" tabindex=\"-1\" data-artdeco-is-focused=\"true\"><div class=\"update-components-text relative update-components-update-v2__commentary\" dir=\"ltr\"><p>Microflex Wireless neXt 2 \u00e8 un sistema microfonico wireless a 2 canali con una combinazione di ricetrasmettitore access point, stazione di ricarica e DSP IntelliMix.\u00a0<\/p><p>\u00a0<\/p><ul><li>Soluzione audio wireless a 2 canali all-in-one per aule ibride, aule di formazione e sale conferenze<\/li><li>Ricetrasmettitore da tavolo con stazione di ricarica integrata<\/li><li>DSP IntelliMix con tecnologia automix, cancellazione dell'eco e riduzione del rumore<\/li><li>Inviare l'audio del microfono e del programma ai partecipanti remoti e\/o agli altoparlanti della sala tramite connessioni analogiche, Dante o USB-C<\/li><\/ul><p>\u00a0<\/p><p>La gestione automatica della frequenza elimina la necessit\u00e0 di complicate configurazioni. A differenza della maggior parte dei sistemi microfonici wireless, MXW neXt 2 trova automaticamente i canali liberi nella banda DECT a 1,9 GHz e passa da un canale all'altro per evitare interferenze senza interrompere il segnale audio.<\/p><\/div><p>\u00a0<\/p><p>Shure ci offre soluzioni nuove e pratiche \u2013 ovunque la tecnologia debba funzionare in modo affidabile senza l'ausilio di tecnici specializzati.\u00a0<\/p><\/div><\/div><\/div><\/div><\/div>\t\t\t\t\t\t\t\t<\/div>\n\t\t\t\t<\/div>\n\t\t\t\t<div class=\"elementor-element elementor-element-2afa880 elementor-widget elementor-widget-image\" data-id=\"2afa880\" data-element_type=\"widget\" data-widget_type=\"image.default\">\n\t\t\t\t<div class=\"elementor-widget-container\">\n\t\t\t\t\t\t\t\t\t\t\t\t\t\t\t<img loading=\"lazy\" decoding=\"async\" width=\"800\" height=\"600\" src=\"https:\/\/konferenztechnik.de\/wp-content\/uploads\/2024\/02\/shure-ise2024-1024x768.webp\" class=\"attachment-large size-large wp-image-43852\" alt=\"Siamo seduti allo stand Shure e siamo stati accontentati. Grazie mille.\" srcset=\"https:\/\/konferenztechnik.de\/wp-content\/uploads\/2024\/02\/shure-ise2024-1024x768.webp 1024w, https:\/\/konferenztechnik.de\/wp-content\/uploads\/2024\/02\/shure-ise2024-300x225.webp 300w, https:\/\/konferenztechnik.de\/wp-content\/uploads\/2024\/02\/shure-ise2024-768x576.webp 768w, https:\/\/konferenztechnik.de\/wp-content\/uploads\/2024\/02\/shure-ise2024-16x12.webp 16w, https:\/\/konferenztechnik.de\/wp-content\/uploads\/2024\/02\/shure-ise2024-jpg.webp 1200w\" sizes=\"(max-width: 800px) 100vw, 800px\" title=\"\">\t\t\t\t\t\t\t\t\t\t\t\t\t\t\t<\/div>\n\t\t\t\t<\/div>\n\t\t\t\t<div class=\"elementor-element elementor-element-9d696ff elementor-widget elementor-widget-text-editor\" data-id=\"9d696ff\" data-element_type=\"widget\" data-widget_type=\"text-editor.default\">\n\t\t\t\t<div class=\"elementor-widget-container\">\n\t\t\t\t\t\t\t\t\t<p>Grazie a Shure e a Tim Lubrant e Karl-Heinz Schellenberger per i vostri ottimi prodotti, per la vostra ospitalit\u00e0 \u2013 e per averci permesso di ricaricare le batterie con voi.<\/p>\t\t\t\t\t\t\t\t<\/div>\n\t\t\t\t<\/div>\n\t\t\t\t\t<\/div>\n\t\t\t\t<\/div>\n\t\t<div data-particle_enable=\"false\" data-particle-mobile-disabled=\"false\" class=\"elementor-element elementor-element-e7c3377 e-flex e-con-boxed e-con e-parent\" data-id=\"e7c3377\" data-element_type=\"container\">\n\t\t\t\t\t<div class=\"e-con-inner\">\n\t\t\t\t<div class=\"elementor-element elementor-element-f5b3abc elementor-widget elementor-widget-heading\" data-id=\"f5b3abc\" data-element_type=\"widget\" data-settings=\"{&quot;_animation&quot;:&quot;none&quot;}\" data-widget_type=\"heading.default\">\n\t\t\t\t<div class=\"elementor-widget-container\">\n\t\t\t\t\t<h2 class=\"elementor-heading-title elementor-size-default\">Televic<\/h2>\t\t\t\t<\/div>\n\t\t\t\t<\/div>\n\t\t\t\t<div class=\"elementor-element elementor-element-2403286 elementor-widget elementor-widget-text-editor\" data-id=\"2403286\" data-element_type=\"widget\" data-widget_type=\"text-editor.default\">\n\t\t\t\t<div class=\"elementor-widget-container\">\n\t\t\t\t\t\t\t\t\t<div class=\"feed-shared-update-v2__description-wrapper mr2\" tabindex=\"-1\"><div class=\"feed-shared-inline-show-more-text feed-shared-update-v2__description feed-shared-inline-show-more-text--minimal-padding feed-shared-inline-show-more-text--expanded\" tabindex=\"-1\" data-artdeco-is-focused=\"true\"><div class=\"update-components-text relative update-components-update-v2__commentary\" dir=\"ltr\"><p>Televic lancia un nuovo centro di controllo per il suo sistema di discussione cablato D-Cerno, con un formato da 19 pollici. Ci\u00f2 ne facilita l'installazione in armadi standard o in un rack mobile. Questo faciliter\u00e0 il nostro lavoro.<\/p><\/div><\/div><\/div><p>\u00a0<\/p>\t\t\t\t\t\t\t\t<\/div>\n\t\t\t\t<\/div>\n\t\t\t\t<div class=\"elementor-element elementor-element-1f48e19 elementor-widget elementor-widget-image\" data-id=\"1f48e19\" data-element_type=\"widget\" data-widget_type=\"image.default\">\n\t\t\t\t<div class=\"elementor-widget-container\">\n\t\t\t\t\t\t\t\t\t\t\t\t\t\t\t<img loading=\"lazy\" decoding=\"async\" width=\"800\" height=\"963\" src=\"https:\/\/konferenztechnik.de\/wp-content\/uploads\/2024\/02\/televic-ise-2024-851x1024.webp\" class=\"attachment-large size-large wp-image-43879\" alt=\"Il personale dello stand di Televic indossa scarpe da ginnastica eleganti e abbinate ai colori dell&#039;azienda.\" srcset=\"https:\/\/konferenztechnik.de\/wp-content\/uploads\/2024\/02\/televic-ise-2024-851x1024.webp 851w, https:\/\/konferenztechnik.de\/wp-content\/uploads\/2024\/02\/televic-ise-2024-249x300.webp 249w, https:\/\/konferenztechnik.de\/wp-content\/uploads\/2024\/02\/televic-ise-2024-768x924.webp 768w, https:\/\/konferenztechnik.de\/wp-content\/uploads\/2024\/02\/televic-ise-2024-1277x1536.webp 1277w, https:\/\/konferenztechnik.de\/wp-content\/uploads\/2024\/02\/televic-ise-2024-1703x2048.webp 1703w, https:\/\/konferenztechnik.de\/wp-content\/uploads\/2024\/02\/televic-ise-2024-10x12.webp 10w\" sizes=\"(max-width: 800px) 100vw, 800px\" title=\"\">\t\t\t\t\t\t\t\t\t\t\t\t\t\t\t<\/div>\n\t\t\t\t<\/div>\n\t\t\t\t<div class=\"elementor-element elementor-element-f2b32b9 elementor-widget elementor-widget-text-editor\" data-id=\"f2b32b9\" data-element_type=\"widget\" data-widget_type=\"text-editor.default\">\n\t\t\t\t<div class=\"elementor-widget-container\">\n\t\t\t\t\t\t\t\t\t<div class=\"feed-shared-update-v2__description-wrapper mr2\" tabindex=\"-1\"><div class=\"feed-shared-inline-show-more-text feed-shared-update-v2__description feed-shared-inline-show-more-text--minimal-padding feed-shared-inline-show-more-text--expanded\" tabindex=\"-1\" data-artdeco-is-focused=\"true\"><div class=\"update-components-text relative update-components-update-v2__commentary\" dir=\"ltr\"><div class=\"feed-shared-update-v2__description-wrapper mr2\" tabindex=\"-1\"><div class=\"feed-shared-inline-show-more-text feed-shared-update-v2__description feed-shared-inline-show-more-text--minimal-padding feed-shared-inline-show-more-text--expanded\" tabindex=\"-1\" data-artdeco-is-focused=\"true\"><div class=\"update-components-text relative update-components-update-v2__commentary\" dir=\"ltr\"><p>Ok, siamo stati brevemente distratti dalle eleganti scarpe da ginnastica, ma solo molto brevemente.\u00a0<\/p><\/div><\/div><\/div><\/div><\/div><\/div><p>\u00a0<\/p>\t\t\t\t\t\t\t\t<\/div>\n\t\t\t\t<\/div>\n\t\t\t\t<div class=\"elementor-element elementor-element-d3c504d elementor-arrows-position-inside elementor-pagination-position-outside elementor-widget elementor-widget-image-carousel\" data-id=\"d3c504d\" data-element_type=\"widget\" data-settings=\"{&quot;slides_to_show&quot;:&quot;1&quot;,&quot;navigation&quot;:&quot;both&quot;,&quot;autoplay&quot;:&quot;yes&quot;,&quot;pause_on_hover&quot;:&quot;yes&quot;,&quot;pause_on_interaction&quot;:&quot;yes&quot;,&quot;autoplay_speed&quot;:5000,&quot;infinite&quot;:&quot;yes&quot;,&quot;effect&quot;:&quot;slide&quot;,&quot;speed&quot;:500}\" data-widget_type=\"image-carousel.default\">\n\t\t\t\t<div class=\"elementor-widget-container\">\n\t\t\t\t\t\t\t<div class=\"elementor-image-carousel-wrapper swiper\" role=\"region\" aria-roledescription=\"carousel\" aria-label=\"Carosello di immagini\" dir=\"ltr\">\n\t\t\t<div class=\"elementor-image-carousel swiper-wrapper\" aria-live=\"off\">\n\t\t\t\t\t\t\t\t<div class=\"swiper-slide\" role=\"group\" aria-roledescription=\"slide\" aria-label=\"1 di 3\"><figure class=\"swiper-slide-inner\"><img decoding=\"async\" class=\"swiper-slide-image\" src=\"https:\/\/konferenztechnik.de\/wp-content\/uploads\/2024\/02\/televic-hands-free-meeting-jpg.webp\" alt=\"Presentazione del sistema di discussione D-Cerno di Televic\" title=\"\"><\/figure><\/div><div class=\"swiper-slide\" role=\"group\" aria-roledescription=\"slide\" aria-label=\"2 di 3\"><figure class=\"swiper-slide-inner\"><img decoding=\"async\" class=\"swiper-slide-image\" src=\"https:\/\/konferenztechnik.de\/wp-content\/uploads\/2024\/02\/televic-d-cerno-jpg.webp\" alt=\"Il nuovo centro di controllo del sistema di discussione D-Cerno di Televic\" title=\"\"><\/figure><\/div><div class=\"swiper-slide\" role=\"group\" aria-roledescription=\"slide\" aria-label=\"3 di 3\"><figure class=\"swiper-slide-inner\"><img decoding=\"async\" class=\"swiper-slide-image\" src=\"https:\/\/konferenztechnik.de\/wp-content\/uploads\/2024\/02\/televic-d-cerno-back-jpg.webp\" alt=\"Il retro di un&#039;unit\u00e0 di controllo dell&#039;unit\u00e0 di discussione D-Cerno\" title=\"\"><\/figure><\/div>\t\t\t<\/div>\n\t\t\t\t\t\t\t\t\t\t\t\t<div class=\"elementor-swiper-button elementor-swiper-button-prev\" role=\"button\" tabindex=\"0\">\n\t\t\t\t\t\t<svg aria-hidden=\"true\" class=\"e-font-icon-svg e-eicon-chevron-left\" viewbox=\"0 0 1000 1000\" xmlns=\"http:\/\/www.w3.org\/2000\/svg\"><path d=\"M646 125C629 125 613 133 604 142L308 442C296 454 292 471 292 487 292 504 296 521 308 533L604 854C617 867 629 875 646 875 663 875 679 871 692 858 704 846 713 829 713 812 713 796 708 779 692 767L438 487 692 225C700 217 708 204 708 187 708 171 704 154 692 142 675 129 663 125 646 125Z\"><\/path><\/svg>\t\t\t\t\t<\/div>\n\t\t\t\t\t<div class=\"elementor-swiper-button elementor-swiper-button-next\" role=\"button\" tabindex=\"0\">\n\t\t\t\t\t\t<svg aria-hidden=\"true\" class=\"e-font-icon-svg e-eicon-chevron-right\" viewbox=\"0 0 1000 1000\" xmlns=\"http:\/\/www.w3.org\/2000\/svg\"><path d=\"M696 533C708 521 713 504 713 487 713 471 708 454 696 446L400 146C388 133 375 125 354 125 338 125 325 129 313 142 300 154 292 171 292 187 292 204 296 221 308 233L563 492 304 771C292 783 288 800 288 817 288 833 296 850 308 863 321 871 338 875 354 875 371 875 388 867 400 854L696 533Z\"><\/path><\/svg>\t\t\t\t\t<\/div>\n\t\t\t\t\n\t\t\t\t\t\t\t\t\t<div class=\"swiper-pagination\"><\/div>\n\t\t\t\t\t\t\t\t\t<\/div>\n\t\t\t\t\t\t<\/div>\n\t\t\t\t<\/div>\n\t\t\t\t<div class=\"elementor-element elementor-element-a47cf93 elementor-widget elementor-widget-text-editor\" data-id=\"a47cf93\" data-element_type=\"widget\" data-widget_type=\"text-editor.default\">\n\t\t\t\t<div class=\"elementor-widget-container\">\n\t\t\t\t\t\t\t\t\t<div class=\"feed-shared-update-v2__description-wrapper mr2\" tabindex=\"-1\"><div class=\"feed-shared-inline-show-more-text feed-shared-update-v2__description feed-shared-inline-show-more-text--minimal-padding feed-shared-inline-show-more-text--expanded\" tabindex=\"-1\" data-artdeco-is-focused=\"true\"><div class=\"update-components-text relative update-components-update-v2__commentary\" dir=\"ltr\"><div class=\"feed-shared-update-v2__description-wrapper mr2\" tabindex=\"-1\"><div class=\"feed-shared-inline-show-more-text feed-shared-update-v2__description feed-shared-inline-show-more-text--minimal-padding feed-shared-inline-show-more-text--expanded\" tabindex=\"-1\" data-artdeco-is-focused=\"true\"><div class=\"update-components-text relative update-components-update-v2__commentary\" dir=\"ltr\"><p>D-Cerno di Televic: un sistema di discussione digitale cablato per sale conferenze di piccole o medie dimensioni.<\/p><\/div><\/div><\/div><\/div><\/div><\/div>\t\t\t\t\t\t\t\t<\/div>\n\t\t\t\t<\/div>\n\t\t\t\t\t<\/div>\n\t\t\t\t<\/div>\n\t\t<div data-particle_enable=\"false\" data-particle-mobile-disabled=\"false\" class=\"elementor-element elementor-element-8d4eafb e-flex e-con-boxed e-con e-parent\" data-id=\"8d4eafb\" data-element_type=\"container\">\n\t\t\t\t\t<div class=\"e-con-inner\">\n\t\t\t\t<div class=\"elementor-element elementor-element-d142a30 elementor-widget elementor-widget-heading\" data-id=\"d142a30\" data-element_type=\"widget\" data-settings=\"{&quot;_animation&quot;:&quot;none&quot;}\" data-widget_type=\"heading.default\">\n\t\t\t\t<div class=\"elementor-widget-container\">\n\t\t\t\t\t<h2 class=\"elementor-heading-title elementor-size-default\">Piattaforme per riunioni virtuali<\/h2>\t\t\t\t<\/div>\n\t\t\t\t<\/div>\n\t\t\t\t<div class=\"elementor-element elementor-element-f4e86a2 elementor-widget elementor-widget-text-editor\" data-id=\"f4e86a2\" data-element_type=\"widget\" data-widget_type=\"text-editor.default\">\n\t\t\t\t<div class=\"elementor-widget-container\">\n\t\t\t\t\t\t\t\t\t<div class=\"feed-shared-update-v2__description-wrapper mr2\" tabindex=\"-1\"><div class=\"feed-shared-inline-show-more-text feed-shared-update-v2__description feed-shared-inline-show-more-text--minimal-padding feed-shared-inline-show-more-text--expanded\" tabindex=\"-1\" data-artdeco-is-focused=\"true\"><div class=\"update-components-text relative update-components-update-v2__commentary\" dir=\"ltr\"><p>Per quanto riguarda le piattaforme di riunione, Microsoft Teams, Zoom e Google Meet continuano ad affermarsi. Queste ultime sembrano meno diffuse in Germania, mentre qui all'ISE sono tra i leader del mercato. Oltre a questi tre leader, \u00e8 stata esposta un'ampia gamma di hardware per facilitare il lavoro e l'utilizzo.<\/p><\/div><\/div><\/div><p>\u00a0<\/p>\t\t\t\t\t\t\t\t<\/div>\n\t\t\t\t<\/div>\n\t\t\t\t<div class=\"elementor-element elementor-element-d6dc17e elementor-arrows-position-inside elementor-pagination-position-outside elementor-widget elementor-widget-image-carousel\" data-id=\"d6dc17e\" data-element_type=\"widget\" data-settings=\"{&quot;slides_to_show&quot;:&quot;1&quot;,&quot;navigation&quot;:&quot;both&quot;,&quot;autoplay&quot;:&quot;yes&quot;,&quot;pause_on_hover&quot;:&quot;yes&quot;,&quot;pause_on_interaction&quot;:&quot;yes&quot;,&quot;autoplay_speed&quot;:5000,&quot;infinite&quot;:&quot;yes&quot;,&quot;effect&quot;:&quot;slide&quot;,&quot;speed&quot;:500}\" data-widget_type=\"image-carousel.default\">\n\t\t\t\t<div class=\"elementor-widget-container\">\n\t\t\t\t\t\t\t<div class=\"elementor-image-carousel-wrapper swiper\" role=\"region\" aria-roledescription=\"carousel\" aria-label=\"Carosello di immagini\" dir=\"ltr\">\n\t\t\t<div class=\"elementor-image-carousel swiper-wrapper\" aria-live=\"off\">\n\t\t\t\t\t\t\t\t<div class=\"swiper-slide\" role=\"group\" aria-roledescription=\"slide\" aria-label=\"1 di 6\"><figure class=\"swiper-slide-inner\"><img decoding=\"async\" class=\"swiper-slide-image\" src=\"https:\/\/konferenztechnik.de\/wp-content\/uploads\/2024\/02\/google-meet-einsatz-deutschland-jpg.webp\" alt=\"Vengono presentate le riunioni virtuali con Google Meet.\" title=\"\"><\/figure><\/div><div class=\"swiper-slide\" role=\"group\" aria-roledescription=\"slide\" aria-label=\"2 di 6\"><figure class=\"swiper-slide-inner\"><img decoding=\"async\" class=\"swiper-slide-image\" src=\"https:\/\/konferenztechnik.de\/wp-content\/uploads\/2024\/02\/duet-ai-google-meet-jpg.webp\" alt=\"Allo stand viene presentato Google Meet e le giovani donne provano una lavagna.\" title=\"\"><\/figure><\/div><div class=\"swiper-slide\" role=\"group\" aria-roledescription=\"slide\" aria-label=\"3 di 6\"><figure class=\"swiper-slide-inner\"><img decoding=\"async\" class=\"swiper-slide-image\" src=\"https:\/\/konferenztechnik.de\/wp-content\/uploads\/2024\/02\/hybrid-meetings-jpg.webp\" alt=\"I prenotatori di fiere parlano di incontri ibridi.\" title=\"\"><\/figure><\/div><div class=\"swiper-slide\" role=\"group\" aria-roledescription=\"slide\" aria-label=\"4 di 6\"><figure class=\"swiper-slide-inner\"><img decoding=\"async\" class=\"swiper-slide-image\" src=\"https:\/\/konferenztechnik.de\/wp-content\/uploads\/2024\/02\/zoom-meetings-professionell-jpg.webp\" alt=\"Allo stand della fiera vediamo gli espositori e il nostro J\u00f6rg Peschka che li fotografa.\" title=\"\"><\/figure><\/div><div class=\"swiper-slide\" role=\"group\" aria-roledescription=\"slide\" aria-label=\"5 di 6\"><figure class=\"swiper-slide-inner\"><img decoding=\"async\" class=\"swiper-slide-image\" src=\"https:\/\/konferenztechnik.de\/wp-content\/uploads\/2024\/02\/join-any-meeting-jpg.webp\" alt=\"Partecipate a qualsiasi riunione. I prenotatori della fiera chiacchierano davanti ai grandi espositori.\" title=\"\"><\/figure><\/div><div class=\"swiper-slide\" role=\"group\" aria-roledescription=\"slide\" aria-label=\"6 di 6\"><figure class=\"swiper-slide-inner\"><img decoding=\"async\" class=\"swiper-slide-image\" src=\"https:\/\/konferenztechnik.de\/wp-content\/uploads\/2024\/02\/microsofts-teams-jpg.webp\" alt=\"Microsoft Teams viene presentato in combinazione con le telecamere. .\" title=\"\"><\/figure><\/div>\t\t\t<\/div>\n\t\t\t\t\t\t\t\t\t\t\t\t<div class=\"elementor-swiper-button elementor-swiper-button-prev\" role=\"button\" tabindex=\"0\">\n\t\t\t\t\t\t<svg aria-hidden=\"true\" class=\"e-font-icon-svg e-eicon-chevron-left\" viewbox=\"0 0 1000 1000\" xmlns=\"http:\/\/www.w3.org\/2000\/svg\"><path d=\"M646 125C629 125 613 133 604 142L308 442C296 454 292 471 292 487 292 504 296 521 308 533L604 854C617 867 629 875 646 875 663 875 679 871 692 858 704 846 713 829 713 812 713 796 708 779 692 767L438 487 692 225C700 217 708 204 708 187 708 171 704 154 692 142 675 129 663 125 646 125Z\"><\/path><\/svg>\t\t\t\t\t<\/div>\n\t\t\t\t\t<div class=\"elementor-swiper-button elementor-swiper-button-next\" role=\"button\" tabindex=\"0\">\n\t\t\t\t\t\t<svg aria-hidden=\"true\" class=\"e-font-icon-svg e-eicon-chevron-right\" viewbox=\"0 0 1000 1000\" xmlns=\"http:\/\/www.w3.org\/2000\/svg\"><path d=\"M696 533C708 521 713 504 713 487 713 471 708 454 696 446L400 146C388 133 375 125 354 125 338 125 325 129 313 142 300 154 292 171 292 187 292 204 296 221 308 233L563 492 304 771C292 783 288 800 288 817 288 833 296 850 308 863 321 871 338 875 354 875 371 875 388 867 400 854L696 533Z\"><\/path><\/svg>\t\t\t\t\t<\/div>\n\t\t\t\t\n\t\t\t\t\t\t\t\t\t<div class=\"swiper-pagination\"><\/div>\n\t\t\t\t\t\t\t\t\t<\/div>\n\t\t\t\t\t\t<\/div>\n\t\t\t\t<\/div>\n\t\t\t\t<div class=\"elementor-element elementor-element-cd3b4dd elementor-widget elementor-widget-text-editor\" data-id=\"cd3b4dd\" data-element_type=\"widget\" data-widget_type=\"text-editor.default\">\n\t\t\t\t<div class=\"elementor-widget-container\">\n\t\t\t\t\t\t\t\t\t<div class=\"feed-shared-update-v2__description-wrapper mr2\" tabindex=\"-1\"><div class=\"feed-shared-inline-show-more-text feed-shared-update-v2__description feed-shared-inline-show-more-text--minimal-padding feed-shared-inline-show-more-text--expanded\" tabindex=\"-1\" data-artdeco-is-focused=\"true\"><div class=\"update-components-text relative update-components-update-v2__commentary\" dir=\"ltr\"><div class=\"feed-shared-update-v2__description-wrapper mr2\" tabindex=\"-1\"><div class=\"feed-shared-inline-show-more-text feed-shared-update-v2__description feed-shared-inline-show-more-text--minimal-padding feed-shared-inline-show-more-text--expanded\" tabindex=\"-1\" data-artdeco-is-focused=\"true\"><div class=\"update-components-text relative update-components-update-v2__commentary\" dir=\"ltr\"><p>Un sacco di nuovi software e hardware per rendere le riunioni virtuali pi\u00f9 facili e migliori. Ci piace particolarmente l'invito a \"partecipare a qualsiasi riunione\".<\/p><\/div><\/div><\/div><div class=\"update-components-image update-components-image--single-image feed-shared-update-v2__content\"><div class=\"relative\"><div class=\"update-components-image__container\">\u00a0<\/div><\/div><\/div><\/div><\/div><\/div>\t\t\t\t\t\t\t\t<\/div>\n\t\t\t\t<\/div>\n\t\t\t\t\t<\/div>\n\t\t\t\t<\/div>\n\t\t<div data-particle_enable=\"false\" data-particle-mobile-disabled=\"false\" class=\"elementor-element elementor-element-cf7632a e-flex e-con-boxed e-con e-parent\" data-id=\"cf7632a\" data-element_type=\"container\">\n\t\t\t\t\t<div class=\"e-con-inner\">\n\t\t\t\t<div class=\"elementor-element elementor-element-4195e45 elementor-widget elementor-widget-heading\" data-id=\"4195e45\" data-element_type=\"widget\" data-settings=\"{&quot;_animation&quot;:&quot;none&quot;}\" data-widget_type=\"heading.default\">\n\t\t\t\t<div class=\"elementor-widget-container\">\n\t\t\t\t\t<h2 class=\"elementor-heading-title elementor-size-default\">Q-SYS<\/h2>\t\t\t\t<\/div>\n\t\t\t\t<\/div>\n\t\t\t\t<div class=\"elementor-element elementor-element-c534de9 elementor-widget elementor-widget-text-editor\" data-id=\"c534de9\" data-element_type=\"widget\" data-widget_type=\"text-editor.default\">\n\t\t\t\t<div class=\"elementor-widget-container\">\n\t\t\t\t\t\t\t\t\t<div class=\"feed-shared-update-v2__description-wrapper mr2\" tabindex=\"-1\"><div class=\"feed-shared-inline-show-more-text feed-shared-update-v2__description feed-shared-inline-show-more-text--minimal-padding feed-shared-inline-show-more-text--expanded\" tabindex=\"-1\" data-artdeco-is-focused=\"true\"><div class=\"update-components-text relative update-components-update-v2__commentary\" dir=\"ltr\"><p>Alcuni visitatori delle fiere non capiscono la fretta di Q-SYS. Cosa c'\u00e8 di cos\u00ec eccitante qui? \u00c8 tutto dietro le quinte di Q-SYS.\u00a0<\/p><p>\u00a0<\/p><p>Q-SYS controlla le infrastrutture audio, video e IT. \u00c8 decollata perch\u00e9 \u00e8 stata in grado di elaborare tutti gli standard del settore come nessun altro. Q-SYS \u00e8 ora in procinto di diventare essa stessa uno standard.\u00a0<\/p><\/div><\/div><\/div><p>\u00a0<\/p>\t\t\t\t\t\t\t\t<\/div>\n\t\t\t\t<\/div>\n\t\t\t\t<div class=\"elementor-element elementor-element-fc969af elementor-arrows-position-inside elementor-pagination-position-outside elementor-widget elementor-widget-image-carousel\" data-id=\"fc969af\" data-element_type=\"widget\" data-settings=\"{&quot;slides_to_show&quot;:&quot;1&quot;,&quot;navigation&quot;:&quot;both&quot;,&quot;autoplay&quot;:&quot;yes&quot;,&quot;pause_on_hover&quot;:&quot;yes&quot;,&quot;pause_on_interaction&quot;:&quot;yes&quot;,&quot;autoplay_speed&quot;:5000,&quot;infinite&quot;:&quot;yes&quot;,&quot;effect&quot;:&quot;slide&quot;,&quot;speed&quot;:500}\" data-widget_type=\"image-carousel.default\">\n\t\t\t\t<div class=\"elementor-widget-container\">\n\t\t\t\t\t\t\t<div class=\"elementor-image-carousel-wrapper swiper\" role=\"region\" aria-roledescription=\"carousel\" aria-label=\"Carosello di immagini\" dir=\"ltr\">\n\t\t\t<div class=\"elementor-image-carousel swiper-wrapper\" aria-live=\"off\">\n\t\t\t\t\t\t\t\t<div class=\"swiper-slide\" role=\"group\" aria-roledescription=\"slide\" aria-label=\"1 di 3\"><figure class=\"swiper-slide-inner\"><img decoding=\"async\" class=\"swiper-slide-image\" src=\"https:\/\/konferenztechnik.de\/wp-content\/uploads\/2024\/02\/q-sys-ecosystem-jpg.webp\" alt=\"Lo stand espositivo di Q-Systems con numerosi display che presentano il software di controllo Q-SYS.\" title=\"\"><\/figure><\/div><div class=\"swiper-slide\" role=\"group\" aria-roledescription=\"slide\" aria-label=\"2 di 3\"><figure class=\"swiper-slide-inner\"><img decoding=\"async\" class=\"swiper-slide-image\" src=\"https:\/\/konferenztechnik.de\/wp-content\/uploads\/2024\/02\/q-sys-netzwerk-im-konfernzraum-jpg.webp\" alt=\"Alle presentazioni dei prodotti Q-SYS c&#039;\u00e8 una grande folla, le sale sono immerse nella luce blu e hanno un aspetto futuristico.\" title=\"\"><\/figure><\/div><div class=\"swiper-slide\" role=\"group\" aria-roledescription=\"slide\" aria-label=\"3 di 3\"><figure class=\"swiper-slide-inner\"><img decoding=\"async\" class=\"swiper-slide-image\" src=\"https:\/\/konferenztechnik.de\/wp-content\/uploads\/2024\/02\/q-sys-konferenzraum-steuerung-jpg.webp\" alt=\"I visitatori della fiera attendono le presentazioni dei prodotti Q-SYS.\" title=\"\"><\/figure><\/div>\t\t\t<\/div>\n\t\t\t\t\t\t\t\t\t\t\t\t<div class=\"elementor-swiper-button elementor-swiper-button-prev\" role=\"button\" tabindex=\"0\">\n\t\t\t\t\t\t<svg aria-hidden=\"true\" class=\"e-font-icon-svg e-eicon-chevron-left\" viewbox=\"0 0 1000 1000\" xmlns=\"http:\/\/www.w3.org\/2000\/svg\"><path d=\"M646 125C629 125 613 133 604 142L308 442C296 454 292 471 292 487 292 504 296 521 308 533L604 854C617 867 629 875 646 875 663 875 679 871 692 858 704 846 713 829 713 812 713 796 708 779 692 767L438 487 692 225C700 217 708 204 708 187 708 171 704 154 692 142 675 129 663 125 646 125Z\"><\/path><\/svg>\t\t\t\t\t<\/div>\n\t\t\t\t\t<div class=\"elementor-swiper-button elementor-swiper-button-next\" role=\"button\" tabindex=\"0\">\n\t\t\t\t\t\t<svg aria-hidden=\"true\" class=\"e-font-icon-svg e-eicon-chevron-right\" viewbox=\"0 0 1000 1000\" xmlns=\"http:\/\/www.w3.org\/2000\/svg\"><path d=\"M696 533C708 521 713 504 713 487 713 471 708 454 696 446L400 146C388 133 375 125 354 125 338 125 325 129 313 142 300 154 292 171 292 187 292 204 296 221 308 233L563 492 304 771C292 783 288 800 288 817 288 833 296 850 308 863 321 871 338 875 354 875 371 875 388 867 400 854L696 533Z\"><\/path><\/svg>\t\t\t\t\t<\/div>\n\t\t\t\t\n\t\t\t\t\t\t\t\t\t<div class=\"swiper-pagination\"><\/div>\n\t\t\t\t\t\t\t\t\t<\/div>\n\t\t\t\t\t\t<\/div>\n\t\t\t\t<\/div>\n\t\t\t\t<div class=\"elementor-element elementor-element-419204f elementor-widget elementor-widget-text-editor\" data-id=\"419204f\" data-element_type=\"widget\" data-widget_type=\"text-editor.default\">\n\t\t\t\t<div class=\"elementor-widget-container\">\n\t\t\t\t\t\t\t\t\t<div class=\"feed-shared-update-v2__description-wrapper mr2\" tabindex=\"-1\"><div class=\"feed-shared-inline-show-more-text feed-shared-update-v2__description feed-shared-inline-show-more-text--minimal-padding feed-shared-inline-show-more-text--expanded\" tabindex=\"-1\" data-artdeco-is-focused=\"true\"><div class=\"update-components-text relative update-components-update-v2__commentary\" dir=\"ltr\"><div class=\"feed-shared-update-v2__description-wrapper mr2\" tabindex=\"-1\"><div class=\"feed-shared-inline-show-more-text feed-shared-update-v2__description feed-shared-inline-show-more-text--minimal-padding feed-shared-inline-show-more-text--expanded\" tabindex=\"-1\" data-artdeco-is-focused=\"true\"><div class=\"update-components-text relative update-components-update-v2__commentary\" dir=\"ltr\"><p>Chiunque voglia integrare professionalmente diverse tecnologie e farle comunicare tra loro conosce Q-SYS.\u00a0<\/p><\/div><\/div><\/div><\/div><\/div><\/div><p>\u00a0<\/p>\t\t\t\t\t\t\t\t<\/div>\n\t\t\t\t<\/div>\n\t\t\t\t\t<\/div>\n\t\t\t\t<\/div>\n\t\t<div data-particle_enable=\"false\" data-particle-mobile-disabled=\"false\" class=\"elementor-element elementor-element-1812e3e e-flex e-con-boxed e-con e-parent\" data-id=\"1812e3e\" data-element_type=\"container\">\n\t\t\t\t\t<div class=\"e-con-inner\">\n\t\t\t\t<div class=\"elementor-element elementor-element-0bf3ada elementor-widget elementor-widget-heading\" data-id=\"0bf3ada\" data-element_type=\"widget\" data-settings=\"{&quot;_animation&quot;:&quot;none&quot;}\" data-widget_type=\"heading.default\">\n\t\t\t\t<div class=\"elementor-widget-container\">\n\t\t\t\t\t<h2 class=\"elementor-heading-title elementor-size-default\">Fohhn<\/h2>\t\t\t\t<\/div>\n\t\t\t\t<\/div>\n\t\t\t\t<div class=\"elementor-element elementor-element-99b8791 elementor-widget elementor-widget-text-editor\" data-id=\"99b8791\" data-element_type=\"widget\" data-widget_type=\"text-editor.default\">\n\t\t\t\t<div class=\"elementor-widget-container\">\n\t\t\t\t\t\t\t\t\t<div class=\"feed-shared-update-v2__description-wrapper mr2\" tabindex=\"-1\"><div class=\"feed-shared-inline-show-more-text feed-shared-update-v2__description feed-shared-inline-show-more-text--minimal-padding feed-shared-inline-show-more-text--expanded\" tabindex=\"-1\" data-artdeco-is-focused=\"true\"><div class=\"update-components-text relative update-components-update-v2__commentary\" dir=\"ltr\"><p>A volte ci sono buone ragioni per non utilizzare il tradizionale colore nero per i diffusori. Fohhn offre oltre 4.000 colori diversi. Anche gli accessori, come le staffe di montaggio, possono essere prodotti nei colori corrispondenti.<\/p><\/div><\/div><\/div>\t\t\t\t\t\t\t\t<\/div>\n\t\t\t\t<\/div>\n\t\t\t\t<div class=\"elementor-element elementor-element-ddb16be elementor-widget elementor-widget-image\" data-id=\"ddb16be\" data-element_type=\"widget\" data-widget_type=\"image.default\">\n\t\t\t\t<div class=\"elementor-widget-container\">\n\t\t\t\t\t\t\t\t\t\t\t\t\t\t\t<img loading=\"lazy\" decoding=\"async\" width=\"800\" height=\"713\" src=\"https:\/\/konferenztechnik.de\/wp-content\/uploads\/2024\/02\/Lautsprecher-in-allen-Farben-1024x913.webp\" class=\"attachment-large size-large wp-image-43890\" alt=\"Il produttore Fohhn presenter\u00e0 presso il suo stand numerosi diffusori colorati.\" srcset=\"https:\/\/konferenztechnik.de\/wp-content\/uploads\/2024\/02\/Lautsprecher-in-allen-Farben-1024x913.webp 1024w, https:\/\/konferenztechnik.de\/wp-content\/uploads\/2024\/02\/Lautsprecher-in-allen-Farben-300x268.webp 300w, https:\/\/konferenztechnik.de\/wp-content\/uploads\/2024\/02\/Lautsprecher-in-allen-Farben-768x685.webp 768w, https:\/\/konferenztechnik.de\/wp-content\/uploads\/2024\/02\/Lautsprecher-in-allen-Farben-1536x1370.webp 1536w, https:\/\/konferenztechnik.de\/wp-content\/uploads\/2024\/02\/Lautsprecher-in-allen-Farben-2048x1826.webp 2048w, https:\/\/konferenztechnik.de\/wp-content\/uploads\/2024\/02\/Lautsprecher-in-allen-Farben-13x12.webp 13w\" sizes=\"(max-width: 800px) 100vw, 800px\" title=\"\">\t\t\t\t\t\t\t\t\t\t\t\t\t\t\t<\/div>\n\t\t\t\t<\/div>\n\t\t\t\t<div class=\"elementor-element elementor-element-f958cd2 elementor-widget elementor-widget-text-editor\" data-id=\"f958cd2\" data-element_type=\"widget\" data-widget_type=\"text-editor.default\">\n\t\t\t\t<div class=\"elementor-widget-container\">\n\t\t\t\t\t\t\t\t\t<div class=\"feed-shared-update-v2__description-wrapper mr2\" tabindex=\"-1\"><div class=\"feed-shared-inline-show-more-text feed-shared-update-v2__description feed-shared-inline-show-more-text--minimal-padding feed-shared-inline-show-more-text--expanded\" tabindex=\"-1\" data-artdeco-is-focused=\"true\"><div class=\"update-components-text relative update-components-update-v2__commentary\" dir=\"ltr\"><div class=\"feed-shared-update-v2__description-wrapper mr2\" tabindex=\"-1\"><div class=\"feed-shared-inline-show-more-text feed-shared-update-v2__description feed-shared-inline-show-more-text--minimal-padding feed-shared-inline-show-more-text--expanded\" tabindex=\"-1\" data-artdeco-is-focused=\"true\"><div class=\"update-components-text relative update-components-update-v2__commentary\" dir=\"ltr\"><p>In genere \u00e8 possibile scegliere tra i colori delle palette classiche RAL e NCS, e persino Pantone per tutte le coperture in legno. Sappiamo che questo \u00e8 il requisito preferito per il corporate design.<\/p><\/div><\/div><\/div><\/div><\/div><\/div>\t\t\t\t\t\t\t\t<\/div>\n\t\t\t\t<\/div>\n\t\t\t\t\t<\/div>\n\t\t\t\t<\/div>\n\t\t<div data-particle_enable=\"false\" data-particle-mobile-disabled=\"false\" class=\"elementor-element elementor-element-6db00cc e-flex e-con-boxed e-con e-parent\" data-id=\"6db00cc\" data-element_type=\"container\">\n\t\t\t\t\t<div class=\"e-con-inner\">\n\t\t\t\t<div class=\"elementor-element elementor-element-4eeb78a elementor-widget elementor-widget-heading\" data-id=\"4eeb78a\" data-element_type=\"widget\" data-settings=\"{&quot;_animation&quot;:&quot;none&quot;}\" data-widget_type=\"heading.default\">\n\t\t\t\t<div class=\"elementor-widget-container\">\n\t\t\t\t\t<h2 class=\"elementor-heading-title elementor-size-default\">Arrivederci e grazie<\/h2>\t\t\t\t<\/div>\n\t\t\t\t<\/div>\n\t\t\t\t<div class=\"elementor-element elementor-element-86998b4 elementor-widget elementor-widget-text-editor\" data-id=\"86998b4\" data-element_type=\"widget\" data-widget_type=\"text-editor.default\">\n\t\t\t\t<div class=\"elementor-widget-container\">\n\t\t\t\t\t\t\t\t\t<div class=\"feed-shared-update-v2__description-wrapper mr2\" tabindex=\"-1\"><div class=\"feed-shared-inline-show-more-text feed-shared-update-v2__description feed-shared-inline-show-more-text--minimal-padding feed-shared-inline-show-more-text--expanded\" tabindex=\"-1\" data-artdeco-is-focused=\"true\"><div class=\"update-components-text relative update-components-update-v2__commentary\" dir=\"ltr\"><p>Salutiamo l'ISE. Ancora pi\u00f9 grande, ancora pi\u00f9 colorata, ancora pi\u00f9 rumorosa e piena. Pensiamo che i produttori possano essere molto soddisfatti del numero di visitatori. E il nuovo contratto triennale \u00e8 gi\u00e0 stato firmato, quindi l'ISE rimarr\u00e0 a Barcellona.<\/p><p>\u00a0<\/p><p>Prendete quindi nota della data della fiera del prossimo anno: 04. \u2013 07. febbraio 2025. Ci vediamo sicuramente l\u00ec.<\/p><\/div><\/div><\/div><p>\u00a0<\/p>\t\t\t\t\t\t\t\t<\/div>\n\t\t\t\t<\/div>\n\t\t\t\t<div class=\"elementor-element elementor-element-ffcbee6 elementor-widget elementor-widget-image\" data-id=\"ffcbee6\" data-element_type=\"widget\" data-widget_type=\"image.default\">\n\t\t\t\t<div class=\"elementor-widget-container\">\n\t\t\t\t\t\t\t\t\t\t\t\t\t\t\t<img loading=\"lazy\" decoding=\"async\" width=\"800\" height=\"600\" src=\"https:\/\/konferenztechnik.de\/wp-content\/uploads\/2024\/02\/televic-party-ise-1024x768.webp\" class=\"attachment-large size-large wp-image-43894\" alt=\"La compagnia televisiva organizza una festa con buona birra e spuntini, e la folla \u00e8 enorme.\" srcset=\"https:\/\/konferenztechnik.de\/wp-content\/uploads\/2024\/02\/televic-party-ise-1024x768.webp 1024w, https:\/\/konferenztechnik.de\/wp-content\/uploads\/2024\/02\/televic-party-ise-300x225.webp 300w, https:\/\/konferenztechnik.de\/wp-content\/uploads\/2024\/02\/televic-party-ise-768x576.webp 768w, https:\/\/konferenztechnik.de\/wp-content\/uploads\/2024\/02\/televic-party-ise-16x12.webp 16w, https:\/\/konferenztechnik.de\/wp-content\/uploads\/2024\/02\/televic-party-ise-jpg.webp 1200w\" sizes=\"(max-width: 800px) 100vw, 800px\" title=\"\">\t\t\t\t\t\t\t\t\t\t\t\t\t\t\t<\/div>\n\t\t\t\t<\/div>\n\t\t\t\t<div class=\"elementor-element elementor-element-4a02245 elementor-widget elementor-widget-image\" data-id=\"4a02245\" data-element_type=\"widget\" data-widget_type=\"image.default\">\n\t\t\t\t<div class=\"elementor-widget-container\">\n\t\t\t\t\t\t\t\t\t\t\t\t\t\t\t<img loading=\"lazy\" decoding=\"async\" width=\"800\" height=\"600\" src=\"https:\/\/konferenztechnik.de\/wp-content\/uploads\/2024\/02\/ise-party-televic-gastgeber-1024x768.webp\" class=\"attachment-large size-large wp-image-43895\" alt=\"Una vista sui numerosi visitatori dello stand Televic all&#039;ISE 2024.\" srcset=\"https:\/\/konferenztechnik.de\/wp-content\/uploads\/2024\/02\/ise-party-televic-gastgeber-1024x768.webp 1024w, https:\/\/konferenztechnik.de\/wp-content\/uploads\/2024\/02\/ise-party-televic-gastgeber-300x225.webp 300w, https:\/\/konferenztechnik.de\/wp-content\/uploads\/2024\/02\/ise-party-televic-gastgeber-768x576.webp 768w, https:\/\/konferenztechnik.de\/wp-content\/uploads\/2024\/02\/ise-party-televic-gastgeber-16x12.webp 16w, https:\/\/konferenztechnik.de\/wp-content\/uploads\/2024\/02\/ise-party-televic-gastgeber-jpg.webp 1200w\" sizes=\"(max-width: 800px) 100vw, 800px\" title=\"\">\t\t\t\t\t\t\t\t\t\t\t\t\t\t\t<\/div>\n\t\t\t\t<\/div>\n\t\t\t\t<div class=\"elementor-element elementor-element-4f8edd5 elementor-widget elementor-widget-text-editor\" data-id=\"4f8edd5\" data-element_type=\"widget\" data-widget_type=\"text-editor.default\">\n\t\t\t\t<div class=\"elementor-widget-container\">\n\t\t\t\t\t\t\t\t\t<div class=\"feed-shared-update-v2__description-wrapper mr2\" tabindex=\"-1\"><div class=\"feed-shared-inline-show-more-text feed-shared-update-v2__description feed-shared-inline-show-more-text--minimal-padding feed-shared-inline-show-more-text--expanded\" tabindex=\"-1\" data-artdeco-is-focused=\"true\"><div class=\"update-components-text relative update-components-update-v2__commentary\" dir=\"ltr\"><div class=\"feed-shared-update-v2__description-wrapper mr2\" tabindex=\"-1\"><div class=\"feed-shared-inline-show-more-text feed-shared-update-v2__description feed-shared-inline-show-more-text--minimal-padding feed-shared-inline-show-more-text--expanded\" tabindex=\"-1\" data-artdeco-is-focused=\"true\"><div class=\"update-components-text relative update-components-update-v2__commentary\" dir=\"ltr\"><p>Televic ha rapidamente trasformato ISE 2024 nella festa del secolo, e cos\u00ec c'\u00e8 stato un altro grande e inaspettato lancio di prodotti: la birra belga \"St. Bernardus\" della citt\u00e0 di Poeringe, nelle Fiandre occidentali. Grazie a Televic, grazie a tutti gli espositori, ai visitatori e agli organizzatori. Ci rivediamo l'anno prossimo.\u00a0<\/p><\/div><\/div><\/div><\/div><\/div><\/div>\t\t\t\t\t\t\t\t<\/div>\n\t\t\t\t<\/div>\n\t\t\t\t\t<\/div>\n\t\t\t\t<\/div>\n\t\t<div data-particle_enable=\"false\" data-particle-mobile-disabled=\"false\" class=\"elementor-element elementor-element-867cd1f e-flex e-con-boxed e-con e-parent\" data-id=\"867cd1f\" data-element_type=\"container\">\n\t\t\t\t\t<div class=\"e-con-inner\">\n\t\t\t\t<div class=\"elementor-element elementor-element-04d3b11 elementor-widget elementor-widget-shortcode\" data-id=\"04d3b11\" data-element_type=\"widget\" data-widget_type=\"shortcode.default\">\n\t\t\t\t<div class=\"elementor-widget-container\">\n\t\t\t\t\t\t\t<div class=\"elementor-shortcode\">\t\t<div data-elementor-type=\"container\" data-elementor-id=\"29098\" class=\"elementor elementor-29098\" data-elementor-post-type=\"elementor_library\">\n\t\t\t\t<div data-particle_enable=\"false\" data-particle-mobile-disabled=\"false\" class=\"elementor-element elementor-element-699d0d1a e-flex e-con-boxed e-con e-parent\" data-id=\"699d0d1a\" data-element_type=\"container\">\n\t\t\t\t\t<div class=\"e-con-inner\">\n\t\t\t\t<div class=\"elementor-element elementor-element-11f236ba elementor-widget elementor-widget-post-navigation\" data-id=\"11f236ba\" data-element_type=\"widget\" data-widget_type=\"post-navigation.default\">\n\t\t\t\t<div class=\"elementor-widget-container\">\n\t\t\t\t\t\t\t<div class=\"elementor-post-navigation\" role=\"navigation\" aria-label=\"Navigazione dell&#039;articolo\">\n\t\t\t<div class=\"elementor-post-navigation__prev elementor-post-navigation__link\">\n\t\t\t\t<a href=\"https:\/\/konferenztechnik.de\/it\/re-audit-incontri-sostenibili-berlino\/\" rel=\"prev\"><span class=\"post-navigation__arrow-wrapper post-navigation__arrow-prev\"><svg aria-hidden=\"true\" class=\"e-font-icon-svg e-fas-arrow-left\" viewbox=\"0 0 448 512\" xmlns=\"http:\/\/www.w3.org\/2000\/svg\"><path d=\"M257.5 445.1l-22.2 22.2c-9.4 9.4-24.6 9.4-33.9 0L7 273c-9.4-9.4-9.4-24.6 0-33.9L201.4 44.7c9.4-9.4 24.6-9.4 33.9 0l22.2 22.2c9.5 9.5 9.3 25-.4 34.3L136.6 216H424c13.3 0 24 10.7 24 24v32c0 13.3-10.7 24-24 24H136.6l120.5 114.8c9.8 9.3 10 24.8.4 34.3z\"><\/path><\/svg><span class=\"elementor-screen-only\">Precedente<\/span><\/span><span class=\"elementor-post-navigation__link__prev\"><span class=\"post-navigation__prev--label\">Precedente<\/span><span class=\"post-navigation__prev--title\">Ri-audit Incontri sostenibili Berlino<\/span><\/span><\/a>\t\t\t<\/div>\n\t\t\t\t\t\t<div class=\"elementor-post-navigation__next elementor-post-navigation__link\">\n\t\t\t\t<a href=\"https:\/\/konferenztechnik.de\/it\/video-sulla-sostenibilita-ise-2024\/\" rel=\"next\"><span class=\"elementor-post-navigation__link__next\"><span class=\"post-navigation__next--label\">Avanti<\/span><span class=\"post-navigation__next--title\">ISE 2024 \u2013 Parte1: Sostenibilit\u00e0 e soluzioni video<\/span><\/span><span class=\"post-navigation__arrow-wrapper post-navigation__arrow-next\"><svg aria-hidden=\"true\" class=\"e-font-icon-svg e-fas-arrow-right\" viewbox=\"0 0 448 512\" xmlns=\"http:\/\/www.w3.org\/2000\/svg\"><path d=\"M190.5 66.9l22.2-22.2c9.4-9.4 24.6-9.4 33.9 0L441 239c9.4 9.4 9.4 24.6 0 33.9L246.6 467.3c-9.4 9.4-24.6 9.4-33.9 0l-22.2-22.2c-9.5-9.5-9.3-25 .4-34.3L311.4 296H24c-13.3 0-24-10.7-24-24v-32c0-13.3 10.7-24 24-24h287.4L190.9 101.2c-9.8-9.3-10-24.8-.4-34.3z\"><\/path><\/svg><span class=\"elementor-screen-only\">Successivo<\/span><\/span><\/a>\t\t\t<\/div>\n\t\t<\/div>\n\t\t\t\t\t\t<\/div>\n\t\t\t\t<\/div>\n\t\t\t\t<div class=\"elementor-element elementor-element-81a2b13 elementor-align-center elementor-icon-list--layout-traditional elementor-list-item-link-full_width elementor-widget elementor-widget-icon-list\" data-id=\"81a2b13\" data-element_type=\"widget\" data-widget_type=\"icon-list.default\">\n\t\t\t\t<div class=\"elementor-widget-container\">\n\t\t\t\t\t\t\t<ul class=\"elementor-icon-list-items\">\n\t\t\t\t\t\t\t<li class=\"elementor-icon-list-item\">\n\t\t\t\t\t\t\t\t\t\t\t<a href=\"\/it\/notizie\/\">\n\n\t\t\t\t\t\t\t\t\t\t\t\t<span class=\"elementor-icon-list-icon\">\n\t\t\t\t\t\t\t<svg xmlns=\"http:\/\/www.w3.org\/2000\/svg\" id=\"uuid-5a27b650-727a-4659-9d92-75e42c38903b\" viewbox=\"0 0 19.67 14.54\"><g id=\"uuid-40aca98c-811b-43af-9bb7-b3a092d9bdfe\"><rect x=\".03\" width=\"6\" height=\"6\" rx=\"2\" ry=\"2\" style=\"fill:currentColor\"><\/rect><rect x=\"6.85\" width=\"6\" height=\"7.65\" rx=\"2\" ry=\"2\" style=\"fill:currentColor\"><\/rect><rect x=\"13.67\" width=\"6\" height=\"6.51\" rx=\"2\" ry=\"2\" style=\"fill:currentColor\"><\/rect><rect y=\"7\" width=\"6\" height=\"7.55\" rx=\"2\" ry=\"2\" style=\"fill:currentColor\"><\/rect><rect x=\"13.64\" y=\"7.22\" width=\"6\" height=\"7.33\" rx=\"2\" ry=\"2\" style=\"fill:currentColor\"><\/rect><rect x=\"6.82\" y=\"8.54\" width=\"6\" height=\"6\" rx=\"2\" ry=\"2\" style=\"fill:currentColor\"><\/rect><\/g><\/svg>\t\t\t\t\t\t<\/span>\n\t\t\t\t\t\t\t\t\t\t<span class=\"elementor-icon-list-text\"><\/span>\n\t\t\t\t\t\t\t\t\t\t\t<\/a>\n\t\t\t\t\t\t\t\t\t<\/li>\n\t\t\t\t\t\t<\/ul>\n\t\t\t\t\t\t<\/div>\n\t\t\t\t<\/div>\n\t\t\t\t\t<\/div>\n\t\t\t\t<\/div>\n\t\t\t\t<\/div>\n\t\t<\/div>\n\t\t\t\t\t\t<\/div>\n\t\t\t\t<\/div>\n\t\t\t\t\t<\/div>\n\t\t\t\t<\/div>\n\t\t<div data-particle_enable=\"false\" data-particle-mobile-disabled=\"false\" class=\"elementor-element elementor-element-9c00350 e-flex e-con-boxed e-con e-parent\" data-id=\"9c00350\" data-element_type=\"container\">\n\t\t\t\t\t<div class=\"e-con-inner\">\n\t\t\t\t<div class=\"elementor-element elementor-element-300e1cd elementor-widget elementor-widget-shortcode\" data-id=\"300e1cd\" data-element_type=\"widget\" data-widget_type=\"shortcode.default\">\n\t\t\t\t<div class=\"elementor-widget-container\">\n\t\t\t\t\t\t\t<div class=\"elementor-shortcode\"><\/div>\n\t\t\t\t\t\t<\/div>\n\t\t\t\t<\/div>\n\t\t\t\t\t<\/div>\n\t\t\t\t<\/div>\n\t\t\t\t<\/div>","protected":false},"excerpt":{"rendered":"<p>Audipack, Bosch, Shure, Televic, Q-SYS, Fohhn, Zoom, Teams, Google Meets &amp; Co. Cosa c'\u00e8 di nuovo nel nostro core business?<\/p>","protected":false},"author":2,"featured_media":43932,"comment_status":"closed","ping_status":"closed","sticky":false,"template":"","format":"standard","meta":{"_acf_changed":false,"footnotes":""},"categories":[2],"tags":[],"class_list":["post-43819","post","type-post","status-publish","format-standard","has-post-thumbnail","hentry","category-news"],"acf":[],"_links":{"self":[{"href":"https:\/\/konferenztechnik.de\/it\/wp-json\/wp\/v2\/posts\/43819","targetHints":{"allow":["GET"]}}],"collection":[{"href":"https:\/\/konferenztechnik.de\/it\/wp-json\/wp\/v2\/posts"}],"about":[{"href":"https:\/\/konferenztechnik.de\/it\/wp-json\/wp\/v2\/types\/post"}],"author":[{"embeddable":true,"href":"https:\/\/konferenztechnik.de\/it\/wp-json\/wp\/v2\/users\/2"}],"replies":[{"embeddable":true,"href":"https:\/\/konferenztechnik.de\/it\/wp-json\/wp\/v2\/comments?post=43819"}],"version-history":[{"count":0,"href":"https:\/\/konferenztechnik.de\/it\/wp-json\/wp\/v2\/posts\/43819\/revisions"}],"wp:featuredmedia":[{"embeddable":true,"href":"https:\/\/konferenztechnik.de\/it\/wp-json\/wp\/v2\/media\/43932"}],"wp:attachment":[{"href":"https:\/\/konferenztechnik.de\/it\/wp-json\/wp\/v2\/media?parent=43819"}],"wp:term":[{"taxonomy":"category","embeddable":true,"href":"https:\/\/konferenztechnik.de\/it\/wp-json\/wp\/v2\/categories?post=43819"},{"taxonomy":"post_tag","embeddable":true,"href":"https:\/\/konferenztechnik.de\/it\/wp-json\/wp\/v2\/tags?post=43819"}],"curies":[{"name":"wp","href":"https:\/\/api.w.org\/{rel}","templated":true}]}}