{"id":48284,"date":"2025-09-18T12:22:52","date_gmt":"2025-09-18T10:22:52","guid":{"rendered":"https:\/\/konferenztechnik.de\/?p=48284"},"modified":"2026-01-05T15:25:11","modified_gmt":"2026-01-05T14:25:11","slug":"storia-dellazienda","status":"publish","type":"post","link":"https:\/\/konferenztechnik.de\/it\/storia-dellazienda\/","title":{"rendered":"Storia dell'azienda \u2013 Pietre miliari e sviluppi"},"content":{"rendered":"<div data-elementor-type=\"wp-post\" data-elementor-id=\"48284\" class=\"elementor elementor-48284\" data-elementor-post-type=\"post\">\n\t\t\t\t<div data-particle_enable=\"false\" data-particle-mobile-disabled=\"false\" class=\"elementor-element elementor-element-cd287fa e-flex e-con-boxed e-con e-parent\" data-id=\"cd287fa\" data-element_type=\"container\">\n\t\t\t\t\t<div class=\"e-con-inner\">\n\t\t\t\t<div class=\"elementor-element elementor-element-7b65377 elementor-widget elementor-widget-heading\" data-id=\"7b65377\" data-element_type=\"widget\" data-settings=\"{&quot;_animation&quot;:&quot;none&quot;}\" data-widget_type=\"heading.default\">\n\t\t\t\t<div class=\"elementor-widget-container\">\n\t\t\t\t\t<h2 class=\"elementor-heading-title elementor-size-default\">Storia dell'azienda - Pietre miliari e sviluppi di PCS Professional Conference Systems GmbH<\/h2>\t\t\t\t<\/div>\n\t\t\t\t<\/div>\n\t\t\t\t\t<\/div>\n\t\t\t\t<\/div>\n\t\t<div data-particle_enable=\"false\" data-particle-mobile-disabled=\"false\" class=\"elementor-element elementor-element-34f9d7a e-flex e-con-boxed e-con e-parent\" data-id=\"34f9d7a\" data-element_type=\"container\">\n\t\t\t\t\t<div class=\"e-con-inner\">\n\t\t\t\t<div class=\"elementor-element elementor-element-beea132 elementor-widget elementor-widget-spacer\" data-id=\"beea132\" data-element_type=\"widget\" data-widget_type=\"spacer.default\">\n\t\t\t\t<div class=\"elementor-widget-container\">\n\t\t\t\t\t\t\t<div class=\"elementor-spacer\">\n\t\t\t<div class=\"elementor-spacer-inner\"><\/div>\n\t\t<\/div>\n\t\t\t\t\t\t<\/div>\n\t\t\t\t<\/div>\n\t\t<div data-particle_enable=\"false\" data-particle-mobile-disabled=\"false\" class=\"elementor-element elementor-element-b512cbf e-con-full e-grid e-con e-child\" data-id=\"b512cbf\" data-element_type=\"container\">\n\t\t\t\t<div class=\"elementor-element elementor-element-6b8a2b7 elementor-widget__width-inherit elementor-widget elementor-widget-text-editor\" data-id=\"6b8a2b7\" data-element_type=\"widget\" data-widget_type=\"text-editor.default\">\n\t\t\t\t<div class=\"elementor-widget-container\">\n\t\t\t\t\t\t\t\t\t<p>Sono successe molte cose da quando siamo stati fondati nel 1995: \u2013 ha iniziato con la tecnologia per l'interpretariato e si \u00e8 trasformato in un fornitore leader di servizi completi per la tecnologia di conferenze ed eventi e per l'installazione di moderne tecnologie multimediali.<\/p>\t\t\t\t\t\t\t\t<\/div>\n\t\t\t\t<\/div>\n\t\t\t\t<div class=\"elementor-element elementor-element-30ea48b elementor-widget__width-inherit elementor-widget elementor-widget-text-editor\" data-id=\"30ea48b\" data-element_type=\"widget\" data-widget_type=\"text-editor.default\">\n\t\t\t\t<div class=\"elementor-widget-container\">\n\t\t\t\t\t\t\t\t\t<p>Oggi guardiamo con gratitudine ai 30 anni di PCS, condividiamo alcune delle tappe formative della nostra storia \u2013 e allo stesso tempo guardiamo al futuro: aperti a nuove tecnologie, soluzioni sostenibili e progetti di successo che vorremmo plasmare insieme a voi.<\/p>\t\t\t\t\t\t\t\t<\/div>\n\t\t\t\t<\/div>\n\t\t\t\t<\/div>\n\t\t\t\t<div class=\"elementor-element elementor-element-3d6ce39 elementor-widget elementor-widget-spacer\" data-id=\"3d6ce39\" data-element_type=\"widget\" data-widget_type=\"spacer.default\">\n\t\t\t\t<div class=\"elementor-widget-container\">\n\t\t\t\t\t\t\t<div class=\"elementor-spacer\">\n\t\t\t<div class=\"elementor-spacer-inner\"><\/div>\n\t\t<\/div>\n\t\t\t\t\t\t<\/div>\n\t\t\t\t<\/div>\n\t\t\t\t<div class=\"elementor-element elementor-element-b0212c4 elementor-widget elementor-widget-eael-content-timeline\" data-id=\"b0212c4\" data-element_type=\"widget\" data-widget_type=\"eael-content-timeline.default\">\n\t\t\t\t<div class=\"elementor-widget-container\">\n\t\t\t\t\t\t\t<div id=\"eael-content-timeline-b0212c4\" class=\"content-timeline-layout-center date-position- horizontal-timeline-wrapper\" data-slide_to_scroll=\"{&quot;desktop&quot;:1,&quot;mobile&quot;:1,&quot;tablet&quot;:1,&quot;tablet_extra&quot;:1,&quot;laptop&quot;:1,&quot;widescreen&quot;:1}\">\n\t\t\t<div class=\"eael-content-timeline-container\">\n\t\t\t\t<div class=\"eael-content-timeline-container\">\n\t\t\t\t\t\t\t\t\t\t\t\t\t\t\t\t\t\t\t\t\t\t\t<div class=\"eael-content-timeline-block\">\n    <div class=\"eael-content-timeline-line\">\n        <div class=\"eael-content-timeline-inner\"><\/div>\n    <\/div>\n    <div class=\"eael-content-timeline-img eael-picture\"><svg class=\"e-font-icon-svg e-fas-birthday-cake\" viewbox=\"0 0 448 512\" xmlns=\"http:\/\/www.w3.org\/2000\/svg\"><path d=\"M448 384c-28.02 0-31.26-32-74.5-32-43.43 0-46.825 32-74.75 32-27.695 0-31.454-32-74.75-32-42.842 0-47.218 32-74.5 32-28.148 0-31.202-32-74.75-32-43.547 0-46.653 32-74.75 32v-80c0-26.5 21.5-48 48-48h16V112h64v144h64V112h64v144h64V112h64v144h16c26.5 0 48 21.5 48 48v80zm0 128H0v-96c43.356 0 46.767-32 74.75-32 27.951 0 31.253 32 74.75 32 42.843 0 47.217-32 74.5-32 28.148 0 31.201 32 74.75 32 43.357 0 46.767-32 74.75-32 27.488 0 31.252 32 74.5 32v96zM96 96c-17.75 0-32-14.25-32-32 0-31 32-23 32-64 12 0 32 29.5 32 56s-14.25 40-32 40zm128 0c-17.75 0-32-14.25-32-32 0-31 32-23 32-64 12 0 32 29.5 32 56s-14.25 40-32 40zm128 0c-17.75 0-32-14.25-32-32 0-31 32-23 32-64 12 0 32 29.5 32 56s-14.25 40-32 40z\"><\/path><\/svg><\/div><div class=\"eael-content-timeline-content\"><span class=\"eael-date\">28.09.2025<\/span><h2 class=\"eael-timeline-title\">PCS compie 30 anni<\/h2><div class=\"eael-timeline-excerpt\"><p><img fetchpriority=\"high\" decoding=\"async\" class=\"alignleft wp-image-48432 size-full\" src=\"https:\/\/konferenztechnik.de\/wp-content\/uploads\/2025\/09\/30-Jahre-Banner.avif\" alt=\"Striscione dei 30 anni\" width=\"1598\" height=\"629\" title=\"\" srcset=\"https:\/\/konferenztechnik.de\/wp-content\/uploads\/2025\/09\/30-Jahre-Banner.avif 1598w, https:\/\/konferenztechnik.de\/wp-content\/uploads\/2025\/09\/30-Jahre-Banner-300x118.avif 300w, https:\/\/konferenztechnik.de\/wp-content\/uploads\/2025\/09\/30-Jahre-Banner-1024x403.avif 1024w, https:\/\/konferenztechnik.de\/wp-content\/uploads\/2025\/09\/30-Jahre-Banner-768x302.avif 768w, https:\/\/konferenztechnik.de\/wp-content\/uploads\/2025\/09\/30-Jahre-Banner-1536x605.avif 1536w, https:\/\/konferenztechnik.de\/wp-content\/uploads\/2025\/09\/30-Jahre-Banner-18x7.avif 18w\" sizes=\"(max-width: 1598px) 100vw, 1598px\" \/><\/p><p>PCS festeggia 30 anni di successi come fornitore completo di tecnologia per conferenze ed eventi. Dalla nostra fondazione nel 1995, ci siamo trasformati da fornitori di tecnologie per l'interpretazione a partner completi per la pianificazione, l'equipaggiamento e l'installazione di tecnologie multimediali AV, nonch\u00e9 per l'organizzazione e il supporto di grandi eventi nazionali e internazionali. Con uffici a Berlino, Monaco e D\u00fcsseldorf, supportiamo i nostri clienti con competenze tecniche, soluzioni innovative e servizi sostenibili in tutta la regione DACH e oltre.<\/p><p>Vogliamo continuare a crescere insieme a voi in futuro, sempre aperti a nuove idee e tecnologie per rendere gli eventi ancora pi\u00f9 vivaci, sostenibili e di successo \u2013 non vede l'ora di continuare su questa strada come partner.<\/p><\/div><\/div><\/div>\t\t\t\t\t\t\t\t\t\t\t\t\t\t\t\t\t\t<div class=\"eael-content-timeline-block\">\n    <div class=\"eael-content-timeline-line\">\n        <div class=\"eael-content-timeline-inner\"><\/div>\n    <\/div>\n    <div class=\"eael-content-timeline-img eael-picture\"><svg class=\"e-font-icon-svg e-fas-hand-holding-heart\" viewbox=\"0 0 576 512\" xmlns=\"http:\/\/www.w3.org\/2000\/svg\"><path d=\"M275.3 250.5c7 7.4 18.4 7.4 25.5 0l108.9-114.2c31.6-33.2 29.8-88.2-5.6-118.8-30.8-26.7-76.7-21.9-104.9 7.7L288 36.9l-11.1-11.6C248.7-4.4 202.8-9.2 172 17.5c-35.3 30.6-37.2 85.6-5.6 118.8l108.9 114.2zm290 77.6c-11.8-10.7-30.2-10-42.6 0L430.3 402c-11.3 9.1-25.4 14-40 14H272c-8.8 0-16-7.2-16-16s7.2-16 16-16h78.3c15.9 0 30.7-10.9 33.3-26.6 3.3-20-12.1-37.4-31.6-37.4H192c-27 0-53.1 9.3-74.1 26.3L71.4 384H16c-8.8 0-16 7.2-16 16v96c0 8.8 7.2 16 16 16h356.8c14.5 0 28.6-4.9 40-14L564 377c15.2-12.1 16.4-35.3 1.3-48.9z\"><\/path><\/svg><\/div><div class=\"eael-content-timeline-content\"><span class=\"eael-date\">2025<\/span><h2 class=\"eael-timeline-title\">Fusione delle due GmbH<\/h2><div class=\"eael-timeline-excerpt\"><p><img decoding=\"async\" class=\"alignleft wp-image-48119 size-full\" src=\"https:\/\/konferenztechnik.de\/wp-content\/uploads\/2025\/06\/PCS-Verschmelzung.avif\" alt=\"Fusione di PCS GmbH\" width=\"1536\" height=\"1024\" title=\"\" srcset=\"https:\/\/konferenztechnik.de\/wp-content\/uploads\/2025\/06\/PCS-Verschmelzung.avif 1536w, https:\/\/konferenztechnik.de\/wp-content\/uploads\/2025\/06\/PCS-Verschmelzung-300x200.avif 300w, https:\/\/konferenztechnik.de\/wp-content\/uploads\/2025\/06\/PCS-Verschmelzung-1024x683.avif 1024w, https:\/\/konferenztechnik.de\/wp-content\/uploads\/2025\/06\/PCS-Verschmelzung-768x512.avif 768w, https:\/\/konferenztechnik.de\/wp-content\/uploads\/2025\/06\/PCS-Verschmelzung-18x12.avif 18w\" sizes=\"(max-width: 1536px) 100vw, 1536px\" \/>Il 30 maggio 2025 abbiamo fuso PCS Vertriebs- und Service GmbH con PCS Professional Conference Systems GmbH. Da allora siamo riuniti sotto il nome di PCS Professional Conference Systems GmbH nelle nostre sedi di Berlino, Monaco e D\u00fcsseldorf. Ora offriamo la nostra intera gamma di servizi da un'unica fonte.<\/p><\/div><\/div><\/div>\t\t\t\t\t\t\t\t\t\t\t\t\t\t\t\t\t\t<div class=\"eael-content-timeline-block\">\n    <div class=\"eael-content-timeline-line\">\n        <div class=\"eael-content-timeline-inner\"><\/div>\n    <\/div>\n    <div class=\"eael-content-timeline-img eael-picture\"><\/div><div class=\"eael-content-timeline-content\"><span class=\"eael-date\">2025<\/span><h2 class=\"eael-timeline-title\">Maggiore espansione dell'installazione nell'area di Berlino<\/h2><div class=\"eael-timeline-excerpt\"><p><img decoding=\"async\" class=\"alignleft wp-image-48366 size-full\" src=\"https:\/\/konferenztechnik.de\/wp-content\/uploads\/2025\/09\/installation-berlin.avif\" alt=\"\" width=\"1500\" height=\"1000\" title=\"\" srcset=\"https:\/\/konferenztechnik.de\/wp-content\/uploads\/2025\/09\/installation-berlin.avif 1500w, https:\/\/konferenztechnik.de\/wp-content\/uploads\/2025\/09\/installation-berlin-300x200.avif 300w, https:\/\/konferenztechnik.de\/wp-content\/uploads\/2025\/09\/installation-berlin-1024x683.avif 1024w, https:\/\/konferenztechnik.de\/wp-content\/uploads\/2025\/09\/installation-berlin-768x512.avif 768w, https:\/\/konferenztechnik.de\/wp-content\/uploads\/2025\/09\/installation-berlin-18x12.avif 18w\" sizes=\"(max-width: 1500px) 100vw, 1500px\" \/>Stiamo rafforzando il nostro team di installazione a Berlino ed espandendo la nostra area di attivit\u00e0 locale. La stretta collaborazione con i nostri clienti crea molte sinergie che rendono possibili progetti interessanti. La nostra attenzione \u00e8 chiaramente rivolta all'installazione, alla vendita, alla manutenzione e all'assistenza nel campo della tecnologia multimediale AV.<\/p><\/div><\/div><\/div>\t\t\t\t\t\t\t\t\t\t\t\t\t\t\t\t\t\t<div class=\"eael-content-timeline-block\">\n    <div class=\"eael-content-timeline-line\">\n        <div class=\"eael-content-timeline-inner\"><\/div>\n    <\/div>\n    <div class=\"eael-content-timeline-img eael-picture\"><\/div><div class=\"eael-content-timeline-content\"><span class=\"eael-date\">2025<\/span><h2 class=\"eael-timeline-title\">PCS diventa partner CRA (Conference Rental Alliance) di Televic<\/h2><div class=\"eael-timeline-excerpt\"><p><img loading=\"lazy\" decoding=\"async\" class=\"alignleft wp-image-48362 size-full\" src=\"https:\/\/konferenztechnik.de\/wp-content\/uploads\/2025\/09\/Televic-Conference-Partners.avif\" alt=\"Partner della conferenza Televic\" width=\"1920\" height=\"1080\" title=\"\" srcset=\"https:\/\/konferenztechnik.de\/wp-content\/uploads\/2025\/09\/Televic-Conference-Partners.avif 1920w, https:\/\/konferenztechnik.de\/wp-content\/uploads\/2025\/09\/Televic-Conference-Partners-300x169.avif 300w, https:\/\/konferenztechnik.de\/wp-content\/uploads\/2025\/09\/Televic-Conference-Partners-1024x576.avif 1024w, https:\/\/konferenztechnik.de\/wp-content\/uploads\/2025\/09\/Televic-Conference-Partners-768x432.avif 768w, https:\/\/konferenztechnik.de\/wp-content\/uploads\/2025\/09\/Televic-Conference-Partners-1536x864.avif 1536w, https:\/\/konferenztechnik.de\/wp-content\/uploads\/2025\/09\/Televic-Conference-Partners-18x10.avif 18w\" sizes=\"(max-width: 1920px) 100vw, 1920px\" \/>PCS \u00e8 ora membro della Televic Rental Alliance \u2013, una solida partnership che ci d\u00e0 accesso a una rete internazionale di esperti e a una tecnologia per conferenze all'avanguardia. Questa collaborazione ci permette di offrire ai nostri clienti soluzioni ancora pi\u00f9 flessibili e un servizio di prima classe. Siamo entusiasti di questa opportunit\u00e0 di espandere ulteriormente la nostra offerta insieme a partner industriali esperti.<\/p><\/div><\/div><\/div>\t\t\t\t\t\t\t\t\t\t\t\t\t\t\t\t\t\t<div class=\"eael-content-timeline-block\">\n    <div class=\"eael-content-timeline-line\">\n        <div class=\"eael-content-timeline-inner\"><\/div>\n    <\/div>\n    <div class=\"eael-content-timeline-img eael-picture\"><svg class=\"e-font-icon-svg e-fas-robot\" viewbox=\"0 0 640 512\" xmlns=\"http:\/\/www.w3.org\/2000\/svg\"><path d=\"M32,224H64V416H32A31.96166,31.96166,0,0,1,0,384V256A31.96166,31.96166,0,0,1,32,224Zm512-48V448a64.06328,64.06328,0,0,1-64,64H160a64.06328,64.06328,0,0,1-64-64V176a79.974,79.974,0,0,1,80-80H288V32a32,32,0,0,1,64,0V96H464A79.974,79.974,0,0,1,544,176ZM264,256a40,40,0,1,0-40,40A39.997,39.997,0,0,0,264,256Zm-8,128H192v32h64Zm96,0H288v32h64ZM456,256a40,40,0,1,0-40,40A39.997,39.997,0,0,0,456,256Zm-8,128H384v32h64ZM640,256V384a31.96166,31.96166,0,0,1-32,32H576V224h32A31.96166,31.96166,0,0,1,640,256Z\"><\/path><\/svg><\/div><div class=\"eael-content-timeline-content\"><span class=\"eael-date\">2025<\/span><h2 class=\"eael-timeline-title\">Interpretazione AI e speech-to-text <\/h2><div class=\"eael-timeline-excerpt\"><p><img loading=\"lazy\" decoding=\"async\" class=\"alignleft wp-image-48019 size-full\" src=\"https:\/\/konferenztechnik.de\/wp-content\/uploads\/2025\/05\/live-speech-to-text-transkription-uebersetzung.avif\" alt=\"\" width=\"840\" height=\"568\" title=\"\" srcset=\"https:\/\/konferenztechnik.de\/wp-content\/uploads\/2025\/05\/live-speech-to-text-transkription-uebersetzung.avif 840w, https:\/\/konferenztechnik.de\/wp-content\/uploads\/2025\/05\/live-speech-to-text-transkription-uebersetzung-300x203.avif 300w, https:\/\/konferenztechnik.de\/wp-content\/uploads\/2025\/05\/live-speech-to-text-transkription-uebersetzung-768x519.avif 768w, https:\/\/konferenztechnik.de\/wp-content\/uploads\/2025\/05\/live-speech-to-text-transkription-uebersetzung-18x12.avif 18w\" sizes=\"(max-width: 840px) 100vw, 840px\" \/>Oggi offriamo moderne soluzioni di intelligenza artificiale nel campo dell'interpretazione simultanea e della sottotitolazione dal vivo. Utilizziamo queste tecnologie come integrazione o alternativa all'interpretariato umano, a seconda delle necessit\u00e0, per offrire ai nostri clienti opzioni flessibili e innovative per i loro eventi.<\/p><\/div><\/div><\/div>\t\t\t\t\t\t\t\t\t\t\t\t\t\t\t\t\t\t<div class=\"eael-content-timeline-block\">\n    <div class=\"eael-content-timeline-line\">\n        <div class=\"eael-content-timeline-inner\"><\/div>\n    <\/div>\n    <div class=\"eael-content-timeline-img eael-picture\"><svg class=\"e-font-icon-svg e-fas-heart\" viewbox=\"0 0 512 512\" xmlns=\"http:\/\/www.w3.org\/2000\/svg\"><path d=\"M462.3 62.6C407.5 15.9 326 24.3 275.7 76.2L256 96.5l-19.7-20.3C186.1 24.3 104.5 15.9 49.7 62.6c-62.8 53.6-66.1 149.8-9.9 207.9l193.5 199.8c12.5 12.9 32.8 12.9 45.3 0l193.5-199.8c56.3-58.1 53-154.3-9.8-207.9z\"><\/path><\/svg><\/div><div class=\"eael-content-timeline-content\"><span class=\"eael-date\">2024<\/span><h2 class=\"eael-timeline-title\">Con noi da 25 anni. Grazie!<\/h2><div class=\"eael-timeline-excerpt\"><p><img loading=\"lazy\" decoding=\"async\" class=\"alignleft wp-image-48436 size-full\" src=\"https:\/\/konferenztechnik.de\/wp-content\/uploads\/2025\/09\/monika.avif\" alt=\"monika con bouquet di fiori\" width=\"1039\" height=\"1300\" title=\"\" srcset=\"https:\/\/konferenztechnik.de\/wp-content\/uploads\/2025\/09\/monika.avif 1039w, https:\/\/konferenztechnik.de\/wp-content\/uploads\/2025\/09\/monika-240x300.avif 240w, https:\/\/konferenztechnik.de\/wp-content\/uploads\/2025\/09\/monika-818x1024.avif 818w, https:\/\/konferenztechnik.de\/wp-content\/uploads\/2025\/09\/monika-768x961.avif 768w, https:\/\/konferenztechnik.de\/wp-content\/uploads\/2025\/09\/monika-10x12.avif 10w\" sizes=\"(max-width: 1039px) 100vw, 1039px\" \/><\/p><p>Monika van den Boogaard \u00e8 stata la nostra prima dipendente fissa nel 1999. La ringraziamo di cuore per essere rimasta fedele a noi per cos\u00ec tanto tempo. Vorremmo ringraziare anche tutti gli altri dipendenti, alcuni dei quali ci sostengono da moltissimi anni, hanno completato la loro formazione con noi e sono rimasti, oppure sono nuovi membri del nostro team. Senza di voi, non saremmo ci\u00f2 che siamo oggi!<\/p><\/div><\/div><\/div>\t\t\t\t\t\t\t\t\t\t\t\t\t\t\t\t\t\t<div class=\"eael-content-timeline-block\">\n    <div class=\"eael-content-timeline-line\">\n        <div class=\"eael-content-timeline-inner\"><\/div>\n    <\/div>\n    <div class=\"eael-content-timeline-img eael-picture\"><svg class=\"e-font-icon-svg e-fas-star\" viewbox=\"0 0 576 512\" xmlns=\"http:\/\/www.w3.org\/2000\/svg\"><path d=\"M259.3 17.8L194 150.2 47.9 171.5c-26.2 3.8-36.7 36.1-17.7 54.6l105.7 103-25 145.5c-4.5 26.3 23.2 46 46.4 33.7L288 439.6l130.7 68.7c23.2 12.2 50.9-7.4 46.4-33.7l-25-145.5 105.7-103c19-18.5 8.5-50.8-17.7-54.6L382 150.2 316.7 17.8c-11.7-23.6-45.6-23.9-57.4 0z\"><\/path><\/svg><\/div><div class=\"eael-content-timeline-content\"><span class=\"eael-date\">2022<\/span><h2 class=\"eael-timeline-title\">Forte attenzione al fornitore di servizi completi per gli eventi<\/h2><div class=\"eael-timeline-excerpt\"><p><img loading=\"lazy\" decoding=\"async\" class=\"alignleft wp-image-48346 size-full\" src=\"https:\/\/konferenztechnik.de\/wp-content\/uploads\/2025\/09\/vdz-va.avif\" alt=\"\" width=\"1500\" height=\"1000\" title=\"\" srcset=\"https:\/\/konferenztechnik.de\/wp-content\/uploads\/2025\/09\/vdz-va.avif 1500w, https:\/\/konferenztechnik.de\/wp-content\/uploads\/2025\/09\/vdz-va-300x200.avif 300w, https:\/\/konferenztechnik.de\/wp-content\/uploads\/2025\/09\/vdz-va-1024x683.avif 1024w, https:\/\/konferenztechnik.de\/wp-content\/uploads\/2025\/09\/vdz-va-768x512.avif 768w, https:\/\/konferenztechnik.de\/wp-content\/uploads\/2025\/09\/vdz-va-18x12.avif 18w\" sizes=\"(max-width: 1500px) 100vw, 1500px\" \/>Nel corso degli anni, PCS si \u00e8 sempre pi\u00f9 trasformata in un fornitore di servizi completi per la tecnologia degli eventi. Non ci limitiamo pi\u00f9 a fornire tecnologia per l'interpretariato, ma ora pianifichiamo e realizziamo grandi eventi, conferenze e riunioni in tutta la Germania. Come fornitore di servizi tecnici, supportiamo ministeri, uffici di grandi aziende e molti altri clienti.<\/p><\/div><\/div><\/div>\t\t\t\t\t\t\t\t\t\t\t\t\t\t\t\t\t\t<div class=\"eael-content-timeline-block\">\n    <div class=\"eael-content-timeline-line\">\n        <div class=\"eael-content-timeline-inner\"><\/div>\n    <\/div>\n    <div class=\"eael-content-timeline-img eael-picture\"><\/div><div class=\"eael-content-timeline-content\"><span class=\"eael-date\">2022<\/span><h2 class=\"eael-timeline-title\">Trasferimento della filiale di Berlino<\/h2><div class=\"eael-timeline-excerpt\"><p><img loading=\"lazy\" decoding=\"async\" class=\"alignleft wp-image-48367 size-full\" src=\"https:\/\/konferenztechnik.de\/wp-content\/uploads\/2025\/09\/483098937_9334542569914857_7972693768673313552_n.avif\" alt=\"PCS Berlino - K\u00f6penicker STra\u00dfe\" width=\"2016\" height=\"1512\" title=\"\" srcset=\"https:\/\/konferenztechnik.de\/wp-content\/uploads\/2025\/09\/483098937_9334542569914857_7972693768673313552_n.avif 2016w, https:\/\/konferenztechnik.de\/wp-content\/uploads\/2025\/09\/483098937_9334542569914857_7972693768673313552_n-300x225.avif 300w, https:\/\/konferenztechnik.de\/wp-content\/uploads\/2025\/09\/483098937_9334542569914857_7972693768673313552_n-1024x768.avif 1024w, https:\/\/konferenztechnik.de\/wp-content\/uploads\/2025\/09\/483098937_9334542569914857_7972693768673313552_n-768x576.avif 768w, https:\/\/konferenztechnik.de\/wp-content\/uploads\/2025\/09\/483098937_9334542569914857_7972693768673313552_n-1536x1152.avif 1536w, https:\/\/konferenztechnik.de\/wp-content\/uploads\/2025\/09\/483098937_9334542569914857_7972693768673313552_n-16x12.avif 16w\" sizes=\"(max-width: 2016px) 100vw, 2016px\" \/>La nostra sede di Berlino si \u00e8 trasferita da Zossener Strasse a una nuova bellissima sede in K\u00f6penicker Strasse a Kreuzberg. Qui abbiamo a disposizione molto pi\u00f9 spazio per i magazzini e, in particolare, per i nuovi studi di interpretariato, oltre a un ampliamento degli uffici.<\/p><\/div><\/div><\/div>\t\t\t\t\t\t\t\t\t\t\t\t\t\t\t\t\t\t<div class=\"eael-content-timeline-block\">\n    <div class=\"eael-content-timeline-line\">\n        <div class=\"eael-content-timeline-inner\"><\/div>\n    <\/div>\n    <div class=\"eael-content-timeline-img eael-picture\"><svg class=\"e-font-icon-svg e-fas-star\" viewbox=\"0 0 576 512\" xmlns=\"http:\/\/www.w3.org\/2000\/svg\"><path d=\"M259.3 17.8L194 150.2 47.9 171.5c-26.2 3.8-36.7 36.1-17.7 54.6l105.7 103-25 145.5c-4.5 26.3 23.2 46 46.4 33.7L288 439.6l130.7 68.7c23.2 12.2 50.9-7.4 46.4-33.7l-25-145.5 105.7-103c19-18.5 8.5-50.8-17.7-54.6L382 150.2 316.7 17.8c-11.7-23.6-45.6-23.9-57.4 0z\"><\/path><\/svg><\/div><div class=\"eael-content-timeline-content\"><span class=\"eael-date\">2021<\/span><h2 class=\"eael-timeline-title\">Gestiamo centri di interpretariato in tutta la Germania<\/h2><div class=\"eael-timeline-excerpt\"><p><img loading=\"lazy\" decoding=\"async\" class=\"alignleft wp-image-48428 size-full\" src=\"https:\/\/konferenztechnik.de\/wp-content\/uploads\/2025\/09\/RSI-Dolmetsch-Hubs.avif\" alt=\"Centri di interpretazione RSI\" width=\"1500\" height=\"991\" title=\"\" srcset=\"https:\/\/konferenztechnik.de\/wp-content\/uploads\/2025\/09\/RSI-Dolmetsch-Hubs.avif 1500w, https:\/\/konferenztechnik.de\/wp-content\/uploads\/2025\/09\/RSI-Dolmetsch-Hubs-300x198.avif 300w, https:\/\/konferenztechnik.de\/wp-content\/uploads\/2025\/09\/RSI-Dolmetsch-Hubs-1024x677.avif 1024w, https:\/\/konferenztechnik.de\/wp-content\/uploads\/2025\/09\/RSI-Dolmetsch-Hubs-768x507.avif 768w, https:\/\/konferenztechnik.de\/wp-content\/uploads\/2025\/09\/RSI-Dolmetsch-Hubs-18x12.avif 18w\" sizes=\"(max-width: 1500px) 100vw, 1500px\" \/><\/p><p>In tutti i nostri negozi gestiamo centri di assistenza professionale. <strong>Centri di interpretazione<\/strong>appositamente attrezzati per l'interpretazione simultanea a distanza (RSI).<\/p><p>Questi studi hanno vissuto il loro periodo di massimo splendore durante la pandemia, quando le videoconferenze e gli eventi ibridi venivano supportati tecnicamente e interpretati simultaneamente su base quasi quotidiana. Oggi la RSI \u00e8 uno standard consolidato \u2013 e noi abbiamo dato un contributo decisivo a questo con lo sviluppo di sistemi e infrastrutture adeguate e con il nostro lavoro nei comitati DIN e ISO.<\/p><\/div><\/div><\/div>\t\t\t\t\t\t\t\t\t\t\t\t\t\t\t\t\t\t<div class=\"eael-content-timeline-block\">\n    <div class=\"eael-content-timeline-line\">\n        <div class=\"eael-content-timeline-inner\"><\/div>\n    <\/div>\n    <div class=\"eael-content-timeline-img eael-picture\"><\/div><div class=\"eael-content-timeline-content\"><span class=\"eael-date\">2021<\/span><h2 class=\"eael-timeline-title\">Nuovi amministratori delegati Gunnar Hermenau e Thorsten Gei\u00dfler<\/h2><div class=\"eael-timeline-excerpt\"><p><img loading=\"lazy\" decoding=\"async\" class=\"alignleft wp-image-48358 size-full\" src=\"https:\/\/konferenztechnik.de\/wp-content\/uploads\/2025\/09\/PCS-konferenztechnik-Geschaeftsfuehrung-04.avif\" alt=\"PCS konferenztechnik - Gestione - 04\" width=\"1400\" height=\"788\" title=\"\" srcset=\"https:\/\/konferenztechnik.de\/wp-content\/uploads\/2025\/09\/PCS-konferenztechnik-Geschaeftsfuehrung-04.avif 1400w, https:\/\/konferenztechnik.de\/wp-content\/uploads\/2025\/09\/PCS-konferenztechnik-Geschaeftsfuehrung-04-300x169.avif 300w, https:\/\/konferenztechnik.de\/wp-content\/uploads\/2025\/09\/PCS-konferenztechnik-Geschaeftsfuehrung-04-1024x576.avif 1024w, https:\/\/konferenztechnik.de\/wp-content\/uploads\/2025\/09\/PCS-konferenztechnik-Geschaeftsfuehrung-04-768x432.avif 768w, https:\/\/konferenztechnik.de\/wp-content\/uploads\/2025\/09\/PCS-konferenztechnik-Geschaeftsfuehrung-04-18x10.avif 18w\" sizes=\"(max-width: 1400px) 100vw, 1400px\" \/>Gunnar Hermenau e Thorsten Gei\u00dfler sono i nuovi amministratori delegati di PCS e affiancheranno Dirk Neumann e J\u00f6rg Peschka con effetto immediato. I due fondatori rimarranno soci e amministratori delegati, ma desiderano fare un passo indietro.<\/p><\/div><\/div><\/div>\t\t\t\t\t\t\t\t\t\t\t\t\t\t\t\t\t\t<div class=\"eael-content-timeline-block\">\n    <div class=\"eael-content-timeline-line\">\n        <div class=\"eael-content-timeline-inner\"><\/div>\n    <\/div>\n    <div class=\"eael-content-timeline-img eael-picture\"><svg class=\"e-font-icon-svg e-fas-leaf\" viewbox=\"0 0 576 512\" xmlns=\"http:\/\/www.w3.org\/2000\/svg\"><path d=\"M546.2 9.7c-5.6-12.5-21.6-13-28.3-1.2C486.9 62.4 431.4 96 368 96h-80C182 96 96 182 96 288c0 7 .8 13.7 1.5 20.5C161.3 262.8 253.4 224 384 224c8.8 0 16 7.2 16 16s-7.2 16-16 16C132.6 256 26 410.1 2.4 468c-6.6 16.3 1.2 34.9 17.5 41.6 16.4 6.8 35-1.1 41.8-17.3 1.5-3.6 20.9-47.9 71.9-90.6 32.4 43.9 94 85.8 174.9 77.2C465.5 467.5 576 326.7 576 154.3c0-50.2-10.8-102.2-29.8-144.6z\"><\/path><\/svg><\/div><div class=\"eael-content-timeline-content\"><span class=\"eael-date\">2021<\/span><h2 class=\"eael-timeline-title\">Certificazione come partner sostenibile \"High Performer\u201d<\/h2><div class=\"eael-timeline-excerpt\"><p><img loading=\"lazy\" decoding=\"async\" class=\"alignleft wp-image-19752 size-full\" src=\"https:\/\/konferenztechnik.de\/wp-content\/uploads\/2022\/06\/sustainable-meetings-berlin-konferenztechnik.jpg\" alt=\"\" width=\"405\" height=\"270\" title=\"\" srcset=\"https:\/\/konferenztechnik.de\/wp-content\/uploads\/2022\/06\/sustainable-meetings-berlin-konferenztechnik.jpg 405w, https:\/\/konferenztechnik.de\/wp-content\/uploads\/2022\/06\/sustainable-meetings-berlin-konferenztechnik-300x200.jpg 300w\" sizes=\"(max-width: 405px) 100vw, 405px\" \/>Ci\u00f2 che pratichiamo da tempo \u00e8 ora ufficiale: siamo certificati come Sustainable Partner Berlin. Questo dimostra che la sostenibilit\u00e0 \u00e8 saldamente ancorata ai nostri servizi, alla nostra tecnologia e alla nostra azienda.<\/p><\/div><\/div><\/div>\t\t\t\t\t\t\t\t\t\t\t\t\t\t\t\t\t\t<div class=\"eael-content-timeline-block\">\n    <div class=\"eael-content-timeline-line\">\n        <div class=\"eael-content-timeline-inner\"><\/div>\n    <\/div>\n    <div class=\"eael-content-timeline-img eael-picture\"><\/div><div class=\"eael-content-timeline-content\"><span class=\"eael-date\">2020<\/span><h2 class=\"eael-timeline-title\">Trasmissione radio DECT<\/h2><div class=\"eael-timeline-excerpt\"><p><img loading=\"lazy\" decoding=\"async\" class=\"alignleft wp-image-48351 size-full\" src=\"https:\/\/konferenztechnik.de\/wp-content\/uploads\/2025\/09\/unite.avif\" alt=\"UNITE - Ricevitore DECT\" width=\"956\" height=\"1120\" title=\"\" srcset=\"https:\/\/konferenztechnik.de\/wp-content\/uploads\/2025\/09\/unite.avif 956w, https:\/\/konferenztechnik.de\/wp-content\/uploads\/2025\/09\/unite-256x300.avif 256w, https:\/\/konferenztechnik.de\/wp-content\/uploads\/2025\/09\/unite-874x1024.avif 874w, https:\/\/konferenztechnik.de\/wp-content\/uploads\/2025\/09\/unite-768x900.avif 768w, https:\/\/konferenztechnik.de\/wp-content\/uploads\/2025\/09\/unite-10x12.avif 10w\" sizes=\"(max-width: 956px) 100vw, 956px\" \/>Nel 2020 abbiamo investito molto nella nuova tecnologia di trasmissione DECT UNITE, sviluppata da Beyerdynamic. Il sistema \u00e8 stato poi ripreso e ulteriormente sviluppato da Televic \u2013 ed \u00e8 ora considerato il pi\u00f9 moderno sistema di trasmissione a lungo raggio per ricevitori da conferenza sul mercato.<\/p><\/div><\/div><\/div>\t\t\t\t\t\t\t\t\t\t\t\t\t\t\t\t\t\t<div class=\"eael-content-timeline-block\">\n    <div class=\"eael-content-timeline-line\">\n        <div class=\"eael-content-timeline-inner\"><\/div>\n    <\/div>\n    <div class=\"eael-content-timeline-img eael-picture\"><svg class=\"e-font-icon-svg e-fas-thumbs-up\" viewbox=\"0 0 512 512\" xmlns=\"http:\/\/www.w3.org\/2000\/svg\"><path d=\"M104 224H24c-13.255 0-24 10.745-24 24v240c0 13.255 10.745 24 24 24h80c13.255 0 24-10.745 24-24V248c0-13.255-10.745-24-24-24zM64 472c-13.255 0-24-10.745-24-24s10.745-24 24-24 24 10.745 24 24-10.745 24-24 24zM384 81.452c0 42.416-25.97 66.208-33.277 94.548h101.723c33.397 0 59.397 27.746 59.553 58.098.084 17.938-7.546 37.249-19.439 49.197l-.11.11c9.836 23.337 8.237 56.037-9.308 79.469 8.681 25.895-.069 57.704-16.382 74.757 4.298 17.598 2.244 32.575-6.148 44.632C440.202 511.587 389.616 512 346.839 512l-2.845-.001c-48.287-.017-87.806-17.598-119.56-31.725-15.957-7.099-36.821-15.887-52.651-16.178-6.54-.12-11.783-5.457-11.783-11.998v-213.77c0-3.2 1.282-6.271 3.558-8.521 39.614-39.144 56.648-80.587 89.117-113.111 14.804-14.832 20.188-37.236 25.393-58.902C282.515 39.293 291.817 0 312 0c24 0 72 8 72 81.452z\"><\/path><\/svg><\/div><div class=\"eael-content-timeline-content\"><span class=\"eael-date\">2018<\/span><h2 class=\"eael-timeline-title\">Siamo rivenditori specializzati di noti produttori<\/h2><div class=\"eael-timeline-excerpt\"><p><img loading=\"lazy\" decoding=\"async\" class=\"alignleft wp-image-48440 size-full\" src=\"https:\/\/konferenztechnik.de\/wp-content\/uploads\/2025\/09\/IMG_0016_1.avif\" alt=\"PCS a Shure\" width=\"1147\" height=\"790\" title=\"\" srcset=\"https:\/\/konferenztechnik.de\/wp-content\/uploads\/2025\/09\/IMG_0016_1.avif 1147w, https:\/\/konferenztechnik.de\/wp-content\/uploads\/2025\/09\/IMG_0016_1-300x207.avif 300w, https:\/\/konferenztechnik.de\/wp-content\/uploads\/2025\/09\/IMG_0016_1-1024x705.avif 1024w, https:\/\/konferenztechnik.de\/wp-content\/uploads\/2025\/09\/IMG_0016_1-768x529.avif 768w, https:\/\/konferenztechnik.de\/wp-content\/uploads\/2025\/09\/IMG_0016_1-18x12.avif 18w\" sizes=\"(max-width: 1147px) 100vw, 1147px\" \/><\/p><p>Oltre all'installazione e al noleggio, il <strong>Vendita di tecnologia multimediale AV<\/strong> \u00e8 diventato un altro solido pilastro di PCS. Oggi siamo rivenditori specializzati e partner di numerosi produttori noti nel campo della tecnologia audio e video \u2013, tra cui Bosch, Sennheiser, Televic, Audipack, Extron, QSC, Sharp\/NEC, i3-Technologies e naturalmente, come potete vedere nella foto, Shure.<\/p><\/div><\/div><\/div>\t\t\t\t\t\t\t\t\t\t\t\t\t\t\t\t\t\t<div class=\"eael-content-timeline-block\">\n    <div class=\"eael-content-timeline-line\">\n        <div class=\"eael-content-timeline-inner\"><\/div>\n    <\/div>\n    <div class=\"eael-content-timeline-img eael-picture\"><svg class=\"e-font-icon-svg e-fas-thumbs-up\" viewbox=\"0 0 512 512\" xmlns=\"http:\/\/www.w3.org\/2000\/svg\"><path d=\"M104 224H24c-13.255 0-24 10.745-24 24v240c0 13.255 10.745 24 24 24h80c13.255 0 24-10.745 24-24V248c0-13.255-10.745-24-24-24zM64 472c-13.255 0-24-10.745-24-24s10.745-24 24-24 24 10.745 24 24-10.745 24-24 24zM384 81.452c0 42.416-25.97 66.208-33.277 94.548h101.723c33.397 0 59.397 27.746 59.553 58.098.084 17.938-7.546 37.249-19.439 49.197l-.11.11c9.836 23.337 8.237 56.037-9.308 79.469 8.681 25.895-.069 57.704-16.382 74.757 4.298 17.598 2.244 32.575-6.148 44.632C440.202 511.587 389.616 512 346.839 512l-2.845-.001c-48.287-.017-87.806-17.598-119.56-31.725-15.957-7.099-36.821-15.887-52.651-16.178-6.54-.12-11.783-5.457-11.783-11.998v-213.77c0-3.2 1.282-6.271 3.558-8.521 39.614-39.144 56.648-80.587 89.117-113.111 14.804-14.832 20.188-37.236 25.393-58.902C282.515 39.293 291.817 0 312 0c24 0 72 8 72 81.452z\"><\/path><\/svg><\/div><div class=\"eael-content-timeline-content\"><span class=\"eael-date\">2018<\/span><h2 class=\"eael-timeline-title\">Certificazione come fornitore certificato di servizi per eventi DPVT<\/h2><div class=\"eael-timeline-excerpt\"><p><img loading=\"lazy\" decoding=\"async\" class=\"alignleft wp-image-48353 size-full\" src=\"https:\/\/konferenztechnik.de\/wp-content\/uploads\/2025\/09\/dpvt-.avif\" alt=\"Certificato DPVT\" width=\"487\" height=\"685\" title=\"\" srcset=\"https:\/\/konferenztechnik.de\/wp-content\/uploads\/2025\/09\/dpvt-.avif 487w, https:\/\/konferenztechnik.de\/wp-content\/uploads\/2025\/09\/dpvt--213x300.avif 213w, https:\/\/konferenztechnik.de\/wp-content\/uploads\/2025\/09\/dpvt--9x12.avif 9w\" sizes=\"(max-width: 487px) 100vw, 487px\" \/>Nel 2018 siamo stati certificati come fornitore di servizi per eventi secondo il DPVT. Questo certificato conferma che soddisfiamo i pi\u00f9 alti standard di gestione della qualit\u00e0 e le norme specifiche del settore. La certificazione \u00e8 sinonimo della nostra professionalizzazione, dei continui miglioramenti e di un modo di lavorare strutturato e a rischio ridotto nel settore degli eventi.<\/p><\/div><\/div><\/div>\t\t\t\t\t\t\t\t\t\t\t\t\t\t\t\t\t\t<div class=\"eael-content-timeline-block\">\n    <div class=\"eael-content-timeline-line\">\n        <div class=\"eael-content-timeline-inner\"><\/div>\n    <\/div>\n    <div class=\"eael-content-timeline-img eael-picture\"><\/div><div class=\"eael-content-timeline-content\"><span class=\"eael-date\">2013<\/span><h2 class=\"eael-timeline-title\"> Apertura della filiale di Monaco<\/h2><div class=\"eael-timeline-excerpt\"><p><img loading=\"lazy\" decoding=\"async\" class=\"alignleft wp-image-48336 size-full\" src=\"https:\/\/konferenztechnik.de\/wp-content\/uploads\/2025\/09\/Muenchen-Gewerbepark-Laim-2013-11.avif\" alt=\"\" width=\"859\" height=\"483\" title=\"\" srcset=\"https:\/\/konferenztechnik.de\/wp-content\/uploads\/2025\/09\/Muenchen-Gewerbepark-Laim-2013-11.avif 859w, https:\/\/konferenztechnik.de\/wp-content\/uploads\/2025\/09\/Muenchen-Gewerbepark-Laim-2013-11-300x169.avif 300w, https:\/\/konferenztechnik.de\/wp-content\/uploads\/2025\/09\/Muenchen-Gewerbepark-Laim-2013-11-768x432.avif 768w, https:\/\/konferenztechnik.de\/wp-content\/uploads\/2025\/09\/Muenchen-Gewerbepark-Laim-2013-11-18x10.avif 18w\" sizes=\"(max-width: 859px) 100vw, 859px\" \/>Nel 2013 abbiamo aperto la nostra filiale a Monaco di Baviera sotto la direzione di Sebastian Gegusch. Questa posizione strategicamente importante in una citt\u00e0 dinamica ci offre un'ottima base per essere ancora pi\u00f9 vicini ai nostri clienti della Germania meridionale e rispondere in modo flessibile ai loro desideri.<\/p><\/div><\/div><\/div>\t\t\t\t\t\t\t\t\t\t\t\t\t\t\t\t\t\t<div class=\"eael-content-timeline-block\">\n    <div class=\"eael-content-timeline-line\">\n        <div class=\"eael-content-timeline-inner\"><\/div>\n    <\/div>\n    <div class=\"eael-content-timeline-img eael-picture\"><svg class=\"e-font-icon-svg e-fas-star\" viewbox=\"0 0 576 512\" xmlns=\"http:\/\/www.w3.org\/2000\/svg\"><path d=\"M259.3 17.8L194 150.2 47.9 171.5c-26.2 3.8-36.7 36.1-17.7 54.6l105.7 103-25 145.5c-4.5 26.3 23.2 46 46.4 33.7L288 439.6l130.7 68.7c23.2 12.2 50.9-7.4 46.4-33.7l-25-145.5 105.7-103c19-18.5 8.5-50.8-17.7-54.6L382 150.2 316.7 17.8c-11.7-23.6-45.6-23.9-57.4 0z\"><\/path><\/svg><\/div><div class=\"eael-content-timeline-content\"><span class=\"eael-date\">2011<\/span><h2 class=\"eael-timeline-title\">Installazione tecnologica di grandi dimensioni presso la Fondazione Fritz Thyssen<\/h2><div class=\"eael-timeline-excerpt\"><p><img loading=\"lazy\" decoding=\"async\" class=\"alignleft wp-image-48421 size-full\" src=\"https:\/\/konferenztechnik.de\/wp-content\/uploads\/2025\/09\/fritz-thyssen.avif\" alt=\"\" width=\"592\" height=\"839\" title=\"\" srcset=\"https:\/\/konferenztechnik.de\/wp-content\/uploads\/2025\/09\/fritz-thyssen.avif 592w, https:\/\/konferenztechnik.de\/wp-content\/uploads\/2025\/09\/fritz-thyssen-212x300.avif 212w, https:\/\/konferenztechnik.de\/wp-content\/uploads\/2025\/09\/fritz-thyssen-8x12.avif 8w\" sizes=\"(max-width: 592px) 100vw, 592px\" \/>Nel 2011, come PCS Vertriebs- und Service GmbH, abbiamo realizzato uno dei nostri primi grandi progetti nel campo dell'installazione di tecnologie multimediali AV, come riportato dalla rivista specializzata Professional System: Ci siamo occupati dell'integrazione e dell'installazione completa di una moderna tecnologia multimediale e per conferenze nella nuova sede della Fondazione Fritz Thyssen a Colonia. L'attenzione si \u00e8 concentrata sulla nostra soluzione completa \u2013 basata sulla rete, con collegamento in fibra ottica, distribuzione del segnale digitale e allestimento di diverse sale per eventi e conferenze con sistemi di controllo e presentazione innovativi. Con questa pietra miliare abbiamo dimostrato di poter realizzare in modo affidabile soluzioni complete sofisticate anche in condizioni strutturali e architettoniche complesse.<\/p><\/div><\/div><\/div>\t\t\t\t\t\t\t\t\t\t\t\t\t\t\t\t\t\t<div class=\"eael-content-timeline-block\">\n    <div class=\"eael-content-timeline-line\">\n        <div class=\"eael-content-timeline-inner\"><\/div>\n    <\/div>\n    <div class=\"eael-content-timeline-img eael-picture\"><svg class=\"e-font-icon-svg e-fas-star\" viewbox=\"0 0 576 512\" xmlns=\"http:\/\/www.w3.org\/2000\/svg\"><path d=\"M259.3 17.8L194 150.2 47.9 171.5c-26.2 3.8-36.7 36.1-17.7 54.6l105.7 103-25 145.5c-4.5 26.3 23.2 46 46.4 33.7L288 439.6l130.7 68.7c23.2 12.2 50.9-7.4 46.4-33.7l-25-145.5 105.7-103c19-18.5 8.5-50.8-17.7-54.6L382 150.2 316.7 17.8c-11.7-23.6-45.6-23.9-57.4 0z\"><\/path><\/svg><\/div><div class=\"eael-content-timeline-content\"><span class=\"eael-date\">2006<\/span><h2 class=\"eael-timeline-title\">Fondazione di PCS der Vertriebs- und Service GmbH<\/h2><div class=\"eael-timeline-excerpt\"><p><img loading=\"lazy\" decoding=\"async\" class=\"alignleft wp-image-48354 size-full\" src=\"https:\/\/konferenztechnik.de\/wp-content\/uploads\/2025\/09\/pcs-vertrieb-altes-logopng.avif\" alt=\"PCS Vertriebs- und Service GmbH vecchio logo\" width=\"836\" height=\"529\" title=\"\" srcset=\"https:\/\/konferenztechnik.de\/wp-content\/uploads\/2025\/09\/pcs-vertrieb-altes-logopng.avif 836w, https:\/\/konferenztechnik.de\/wp-content\/uploads\/2025\/09\/pcs-vertrieb-altes-logopng-300x190.avif 300w, https:\/\/konferenztechnik.de\/wp-content\/uploads\/2025\/09\/pcs-vertrieb-altes-logopng-768x486.avif 768w, https:\/\/konferenztechnik.de\/wp-content\/uploads\/2025\/09\/pcs-vertrieb-altes-logopng-18x12.avif 18w\" sizes=\"(max-width: 836px) 100vw, 836px\" \/>Alla fine del 2006 abbiamo fondato la nostra societ\u00e0 sorella, PCS Vertriebs- und Service GmbH, a D\u00fcsseldorf, sotto la direzione di Dirk Neumann. Qui ci occupiamo dell'installazione, della vendita, della manutenzione e della pianificazione della tecnologia multimediale AV e della tecnologia per conferenze. Entrambe le societ\u00e0 operano fianco a fianco e si completano a vicenda con i loro servizi e le loro offerte.<\/p><\/div><\/div><\/div>\t\t\t\t\t\t\t\t\t\t\t\t\t\t\t\t\t\t<div class=\"eael-content-timeline-block\">\n    <div class=\"eael-content-timeline-line\">\n        <div class=\"eael-content-timeline-inner\"><\/div>\n    <\/div>\n    <div class=\"eael-content-timeline-img eael-picture\"><svg class=\"e-font-icon-svg e-fas-basketball-ball\" viewbox=\"0 0 496 512\" xmlns=\"http:\/\/www.w3.org\/2000\/svg\"><path d=\"M212.3 10.3c-43.8 6.3-86.2 24.1-122.2 53.8l77.4 77.4c27.8-35.8 43.3-81.2 44.8-131.2zM248 222L405.9 64.1c-42.4-35-93.6-53.5-145.5-56.1-1.2 63.9-21.5 122.3-58.7 167.7L248 222zM56.1 98.1c-29.7 36-47.5 78.4-53.8 122.2 50-1.5 95.5-17 131.2-44.8L56.1 98.1zm272.2 204.2c45.3-37.1 103.7-57.4 167.7-58.7-2.6-51.9-21.1-103.1-56.1-145.5L282 256l46.3 46.3zM248 290L90.1 447.9c42.4 34.9 93.6 53.5 145.5 56.1 1.3-64 21.6-122.4 58.7-167.7L248 290zm191.9 123.9c29.7-36 47.5-78.4 53.8-122.2-50.1 1.6-95.5 17.1-131.2 44.8l77.4 77.4zM167.7 209.7C122.3 246.9 63.9 267.3 0 268.4c2.6 51.9 21.1 103.1 56.1 145.5L214 256l-46.3-46.3zm116 292c43.8-6.3 86.2-24.1 122.2-53.8l-77.4-77.4c-27.7 35.7-43.2 81.2-44.8 131.2z\"><\/path><\/svg><\/div><div class=\"eael-content-timeline-content\"><span class=\"eael-date\">2005<\/span><h2 class=\"eael-timeline-title\">Sorteggio della finale della Coppa del Mondo 2006<\/h2><div class=\"eael-timeline-excerpt\"><p><img loading=\"lazy\" decoding=\"async\" class=\"alignleft wp-image-48342 size-full\" src=\"https:\/\/konferenztechnik.de\/wp-content\/uploads\/2025\/09\/wm-auslosung-2006-mit-pcs-konferenztechnik-1.avif\" alt=\"\" width=\"1500\" height=\"1125\" title=\"\" srcset=\"https:\/\/konferenztechnik.de\/wp-content\/uploads\/2025\/09\/wm-auslosung-2006-mit-pcs-konferenztechnik-1.avif 1500w, https:\/\/konferenztechnik.de\/wp-content\/uploads\/2025\/09\/wm-auslosung-2006-mit-pcs-konferenztechnik-1-300x225.avif 300w, https:\/\/konferenztechnik.de\/wp-content\/uploads\/2025\/09\/wm-auslosung-2006-mit-pcs-konferenztechnik-1-1024x768.avif 1024w, https:\/\/konferenztechnik.de\/wp-content\/uploads\/2025\/09\/wm-auslosung-2006-mit-pcs-konferenztechnik-1-768x576.avif 768w, https:\/\/konferenztechnik.de\/wp-content\/uploads\/2025\/09\/wm-auslosung-2006-mit-pcs-konferenztechnik-1-16x12.avif 16w\" sizes=\"(max-width: 1500px) 100vw, 1500px\" \/>Nel dicembre 2005, abbiamo fornito la tecnologia di interpretazione simultanea per il sorteggio finale della Coppa del Mondo 2006 a Lipsia. Con 4.000 ricevitori radio per cinque lingue, abbiamo stabilito lo standard dell'epoca \u2013, una scala mai vista prima nella tecnologia radio per la traduzione simultanea.<\/p><\/div><\/div><\/div>\t\t\t\t\t\t\t\t\t\t\t\t\t\t\t\t\t\t<div class=\"eael-content-timeline-block\">\n    <div class=\"eael-content-timeline-line\">\n        <div class=\"eael-content-timeline-inner\"><\/div>\n    <\/div>\n    <div class=\"eael-content-timeline-img eael-picture\"><\/div><div class=\"eael-content-timeline-content\"><span class=\"eael-date\">2005<\/span><h2 class=\"eael-timeline-title\">Apertura della filiale di Heilbronn<\/h2><div class=\"eael-timeline-excerpt\"><p><img loading=\"lazy\" decoding=\"async\" class=\"alignleft wp-image-48404 size-full\" src=\"https:\/\/konferenztechnik.de\/wp-content\/uploads\/2025\/09\/heilbronn2b.avif\" alt=\"\" width=\"620\" height=\"432\" title=\"\" srcset=\"https:\/\/konferenztechnik.de\/wp-content\/uploads\/2025\/09\/heilbronn2b.avif 620w, https:\/\/konferenztechnik.de\/wp-content\/uploads\/2025\/09\/heilbronn2b-300x209.avif 300w, https:\/\/konferenztechnik.de\/wp-content\/uploads\/2025\/09\/heilbronn2b-18x12.avif 18w\" sizes=\"(max-width: 620px) 100vw, 620px\" \/>Per servire meglio la nostra crescente base di clienti nel sud della Germania, l'idea di aprire una filiale nel sud \u00e8 diventata sempre pi\u00f9 concreta. Con Beyerdynamic come partner affidabile e Shure proprio dietro l'angolo, la nostra scelta cadde rapidamente su Heilbronn. Nel 2005 abbiamo iniziato con Carsten Adam, che ha creato e gestito la filiale. Qui \u00e8 ritratto insieme a Sebastian Gegusch, che ora gestisce la filiale di Monaco di PCS.<\/p><\/div><\/div><\/div>\t\t\t\t\t\t\t\t\t\t\t\t\t\t\t\t\t\t<div class=\"eael-content-timeline-block\">\n    <div class=\"eael-content-timeline-line\">\n        <div class=\"eael-content-timeline-inner\"><\/div>\n    <\/div>\n    <div class=\"eael-content-timeline-img eael-picture\"><\/div><div class=\"eael-content-timeline-content\"><span class=\"eael-date\">2001<\/span><h2 class=\"eael-timeline-title\">Tecnologia radio per i ricevitori di interpretariato<\/h2><div class=\"eael-timeline-excerpt\"><p><img loading=\"lazy\" decoding=\"async\" class=\"alignleft wp-image-48352 size-full\" src=\"https:\/\/konferenztechnik.de\/wp-content\/uploads\/2025\/09\/PCS-Messestand-BDUe-Berlin-Sep-09-030.avif\" alt=\"PCS stand BD\u00dc Berlino - 09 settembre - 030\" width=\"1500\" height=\"1000\" title=\"\" srcset=\"https:\/\/konferenztechnik.de\/wp-content\/uploads\/2025\/09\/PCS-Messestand-BDUe-Berlin-Sep-09-030.avif 1500w, https:\/\/konferenztechnik.de\/wp-content\/uploads\/2025\/09\/PCS-Messestand-BDUe-Berlin-Sep-09-030-300x200.avif 300w, https:\/\/konferenztechnik.de\/wp-content\/uploads\/2025\/09\/PCS-Messestand-BDUe-Berlin-Sep-09-030-1024x683.avif 1024w, https:\/\/konferenztechnik.de\/wp-content\/uploads\/2025\/09\/PCS-Messestand-BDUe-Berlin-Sep-09-030-768x512.avif 768w, https:\/\/konferenztechnik.de\/wp-content\/uploads\/2025\/09\/PCS-Messestand-BDUe-Berlin-Sep-09-030-18x12.avif 18w\" sizes=\"(max-width: 1500px) 100vw, 1500px\" \/>Con il nuovo sistema tecnologico wireless TTS 30 di Beyerdynamic, il wireless ha iniziato a competere con la trasmissione a infrarossi. All'epoca, abbiamo incoraggiato Beyerdynamic a sviluppare trasmettitori fissi per i ricevitori wireless \u2013, una pietra miliare per la trasmissione vocale durante le conferenze.<\/p><\/div><\/div><\/div>\t\t\t\t\t\t\t\t\t\t\t\t\t\t\t\t\t\t<div class=\"eael-content-timeline-block\">\n    <div class=\"eael-content-timeline-line\">\n        <div class=\"eael-content-timeline-inner\"><\/div>\n    <\/div>\n    <div class=\"eael-content-timeline-img eael-picture\"><svg class=\"e-font-icon-svg e-fas-star\" viewbox=\"0 0 576 512\" xmlns=\"http:\/\/www.w3.org\/2000\/svg\"><path d=\"M259.3 17.8L194 150.2 47.9 171.5c-26.2 3.8-36.7 36.1-17.7 54.6l105.7 103-25 145.5c-4.5 26.3 23.2 46 46.4 33.7L288 439.6l130.7 68.7c23.2 12.2 50.9-7.4 46.4-33.7l-25-145.5 105.7-103c19-18.5 8.5-50.8-17.7-54.6L382 150.2 316.7 17.8c-11.7-23.6-45.6-23.9-57.4 0z\"><\/path><\/svg><\/div><div class=\"eael-content-timeline-content\"><span class=\"eael-date\">2000<\/span><h2 class=\"eael-timeline-title\">Apertura della filiale di Berlino<\/h2><div class=\"eael-timeline-excerpt\"><p><img loading=\"lazy\" decoding=\"async\" class=\"alignleft wp-image-48330 size-full\" src=\"https:\/\/konferenztechnik.de\/wp-content\/uploads\/2025\/09\/Zossener-Strasse-Berlin-2021-03-edit-.avif\" alt=\"Filiale PCS di Zossener Stra\u00dfe Berlino. Fino al 2022.\" width=\"1500\" height=\"1072\" title=\"\" srcset=\"https:\/\/konferenztechnik.de\/wp-content\/uploads\/2025\/09\/Zossener-Strasse-Berlin-2021-03-edit-.avif 1500w, https:\/\/konferenztechnik.de\/wp-content\/uploads\/2025\/09\/Zossener-Strasse-Berlin-2021-03-edit--300x214.avif 300w, https:\/\/konferenztechnik.de\/wp-content\/uploads\/2025\/09\/Zossener-Strasse-Berlin-2021-03-edit--1024x732.avif 1024w, https:\/\/konferenztechnik.de\/wp-content\/uploads\/2025\/09\/Zossener-Strasse-Berlin-2021-03-edit--768x549.avif 768w, https:\/\/konferenztechnik.de\/wp-content\/uploads\/2025\/09\/Zossener-Strasse-Berlin-2021-03-edit--18x12.avif 18w\" sizes=\"(max-width: 1500px) 100vw, 1500px\" \/><\/p><p>Quando nel 1999 il governo si \u00e8 trasferito da Bonn a Berlino, ci \u00e8 apparso subito chiaro che la carovana si stava inesorabilmente spostando verso la capitale. Oltre ai ministeri, anche le ONG e molte aziende con uffici di rappresentanza a Berlino si sono unite all'\u2013: la scena degli eventi a Berlino sta cambiando sensibilmente. Ecco perch\u00e9 abbiamo deciso di aprire una filiale a Berlino. J\u00f6rg Peschka e il nostro tecnico Lars M\u00fcller si sono trasferiti a Berlino e hanno allestito la sede.<\/p><\/div><\/div><\/div>\t\t\t\t\t\t\t\t\t\t\t\t\t\t\t\t\t\t<div class=\"eael-content-timeline-block\">\n    <div class=\"eael-content-timeline-line\">\n        <div class=\"eael-content-timeline-inner\"><\/div>\n    <\/div>\n    <div class=\"eael-content-timeline-img eael-picture\"><\/div><div class=\"eael-content-timeline-content\"><span class=\"eael-date\">2001<\/span><h2 class=\"eael-timeline-title\">Trasferimento Reisholzer Werftstra\u00dfe<\/h2><div class=\"eael-timeline-excerpt\"><p><img loading=\"lazy\" decoding=\"async\" class=\"alignleft wp-image-48447 size-full\" src=\"https:\/\/konferenztechnik.de\/wp-content\/uploads\/2025\/09\/inline-1.avif\" alt=\"Vista del capannone in Reisholzer Werftstra\u00dfe durante il trasloco\" width=\"1275\" height=\"1200\" title=\"\" srcset=\"https:\/\/konferenztechnik.de\/wp-content\/uploads\/2025\/09\/inline-1.avif 1275w, https:\/\/konferenztechnik.de\/wp-content\/uploads\/2025\/09\/inline-1-300x282.avif 300w, https:\/\/konferenztechnik.de\/wp-content\/uploads\/2025\/09\/inline-1-1024x964.avif 1024w, https:\/\/konferenztechnik.de\/wp-content\/uploads\/2025\/09\/inline-1-768x723.avif 768w, https:\/\/konferenztechnik.de\/wp-content\/uploads\/2025\/09\/inline-1-13x12.avif 13w\" sizes=\"(max-width: 1275px) 100vw, 1275px\" \/><\/p><p>Dopo che il magazzino e gli uffici di Lindenstra\u00dfe stavano per esaurirsi, ci siamo trasferiti a Reisholzer Werftstra\u00dfe, nel sud di D\u00fcsseldorf. L\u00ec abbiamo trovato pi\u00f9 spazio per la nostra crescita, con un grande capannone e uffici su due piani. Dopo oltre 20 anni, l'edificio \u00e8 stato ammodernato e ampliato pi\u00f9 volte \u2013 e siamo ancora qui.<\/p><\/div><\/div><\/div>\t\t\t\t\t\t\t\t\t\t\t\t\t\t\t\t\t\t<div class=\"eael-content-timeline-block\">\n    <div class=\"eael-content-timeline-line\">\n        <div class=\"eael-content-timeline-inner\"><\/div>\n    <\/div>\n    <div class=\"eael-content-timeline-img eael-picture\"><svg class=\"e-font-icon-svg e-fas-star\" viewbox=\"0 0 576 512\" xmlns=\"http:\/\/www.w3.org\/2000\/svg\"><path d=\"M259.3 17.8L194 150.2 47.9 171.5c-26.2 3.8-36.7 36.1-17.7 54.6l105.7 103-25 145.5c-4.5 26.3 23.2 46 46.4 33.7L288 439.6l130.7 68.7c23.2 12.2 50.9-7.4 46.4-33.7l-25-145.5 105.7-103c19-18.5 8.5-50.8-17.7-54.6L382 150.2 316.7 17.8c-11.7-23.6-45.6-23.9-57.4 0z\"><\/path><\/svg><\/div><div class=\"eael-content-timeline-content\"><span class=\"eael-date\">28.09.1995<\/span><h2 class=\"eael-timeline-title\">Fondazione di PCS Professional Conference Systems GmbH<\/h2><div class=\"eael-timeline-excerpt\"><p>\u00a0<\/p><p><img loading=\"lazy\" decoding=\"async\" src=\"https:\/\/konferenztechnik.de\/wp-content\/uploads\/2025\/09\/Joerg-und-dirk-gruendung-scaled.avif\" alt=\"\" width=\"2560\" height=\"1706\" title=\"\">Il 28 settembre 1995 \u00e8 arrivato il momento: Dirk Neumann e J\u00f6rg Peschka fondano PCS Professional Conference Systems GmbH. Con grande motivazione e obiettivi chiari, inizia il loro percorso comune.<\/p><\/div><\/div><\/div>\t\t\t\t<\/div>\n\t\t\t<\/div>\n\t\t<\/div>\n\t\t\t\t\t<\/div>\n\t\t\t\t<\/div>\n\t\t\t\t\t<\/div>\n\t\t\t\t<\/div>\n\t\t<div data-particle_enable=\"false\" data-particle-mobile-disabled=\"false\" class=\"elementor-element elementor-element-986d429 e-flex e-con-boxed e-con e-parent\" data-id=\"986d429\" data-element_type=\"container\">\n\t\t\t\t\t<div class=\"e-con-inner\">\n\t\t\t\t\t<\/div>\n\t\t\t\t<\/div>\n\t\t\t\t<\/div>","protected":false},"excerpt":{"rendered":"<p>Sono successe molte cose da quando siamo stati fondati nel 1995: \u2013 ha iniziato con la tecnologia per l'interpretariato e si \u00e8 trasformato in un fornitore leader di servizi completi per la tecnologia di conferenze ed eventi e per l'installazione di moderne tecnologie multimediali.<\/p>","protected":false},"author":1,"featured_media":48474,"comment_status":"closed","ping_status":"closed","sticky":false,"template":"","format":"standard","meta":{"_acf_changed":false,"footnotes":""},"categories":[1],"tags":[],"class_list":["post-48284","post","type-post","status-publish","format-standard","has-post-thumbnail","hentry","category-allgemein"],"acf":[],"_links":{"self":[{"href":"https:\/\/konferenztechnik.de\/it\/wp-json\/wp\/v2\/posts\/48284","targetHints":{"allow":["GET"]}}],"collection":[{"href":"https:\/\/konferenztechnik.de\/it\/wp-json\/wp\/v2\/posts"}],"about":[{"href":"https:\/\/konferenztechnik.de\/it\/wp-json\/wp\/v2\/types\/post"}],"author":[{"embeddable":true,"href":"https:\/\/konferenztechnik.de\/it\/wp-json\/wp\/v2\/users\/1"}],"replies":[{"embeddable":true,"href":"https:\/\/konferenztechnik.de\/it\/wp-json\/wp\/v2\/comments?post=48284"}],"version-history":[{"count":0,"href":"https:\/\/konferenztechnik.de\/it\/wp-json\/wp\/v2\/posts\/48284\/revisions"}],"wp:featuredmedia":[{"embeddable":true,"href":"https:\/\/konferenztechnik.de\/it\/wp-json\/wp\/v2\/media\/48474"}],"wp:attachment":[{"href":"https:\/\/konferenztechnik.de\/it\/wp-json\/wp\/v2\/media?parent=48284"}],"wp:term":[{"taxonomy":"category","embeddable":true,"href":"https:\/\/konferenztechnik.de\/it\/wp-json\/wp\/v2\/categories?post=48284"},{"taxonomy":"post_tag","embeddable":true,"href":"https:\/\/konferenztechnik.de\/it\/wp-json\/wp\/v2\/tags?post=48284"}],"curies":[{"name":"wp","href":"https:\/\/api.w.org\/{rel}","templated":true}]}}