{"id":5500,"date":"2015-03-30T10:33:53","date_gmt":"2015-03-30T09:33:53","guid":{"rendered":"https:\/\/konferenztechnik.de\/?page_id=5500"},"modified":"2023-09-01T12:13:34","modified_gmt":"2023-09-01T10:13:34","slug":"audipack-vecchio","status":"publish","type":"post","link":"https:\/\/konferenztechnik.de\/it\/audipack-vecchio\/","title":{"rendered":"Audipack"},"content":{"rendered":"<p>[column size=&#8220;1-2&#8243; last=&#8220;0&#8243;]<\/p>\n<h1>Audipack &#8211; It\u00b4s great to have solutions<\/h1>\n<p>[\/column]<br \/>\n[column size=&#8220;1-2&#8243; last=&#8220;1&#8243;]<br \/>\n<img decoding=\"async\" src=\"https:\/\/konferenztechnik.de\/wp-content\/uploads\/2013\/09\/PCS-GmbH-Audipack-authorized-dealer-small.jpg\" alt=\"Die PCS GmbH ist Audipack authorized dealer\" width=\"200\" height=\"81\" class=\"alignright size-full wp-image-5489\" title=\"\"><br \/>\n[\/column]<\/p>\n<p>[rev_slider audipack]<\/p>\n<p>[spacer size=&#8220;30&#8243;]<\/p>\n<p>[column size=&#8220;1-2&#8243; last=&#8220;0&#8243;]<br \/>\nWir freuen uns, als autorisierter H\u00e4ndler, das tolle Produktportfolio der Firma Audipack vorstellen zu d\u00fcrfen.<\/p>\n<p>Wir verf\u00fcgen \u00fcber langj\u00e4hrige Erfahrungen mit Audipack Produkten. Diese konnten wir als deutscher Vertriebspartner, in unserem Vermietungsgesch\u00e4ft und bei zahlreichen Festistallationen in der gesamten Bundesrepublik sammeln.<br \/>\n[\/column]<br \/>\n[column size=&#8220;1-2&#8243; last=&#8220;1&#8243;]<br \/>\nProfitieren Sie bei Ihrer Planung von unseren Erfahrungen und erwarten Sie eine kompetente Beratung, schnelle Auftragsabwicklung und schnelle Lieferzeiten.<\/p>\n<p>Weitere Informationen zum Audipack Portfolio finden Sie auf unserer Website. Oder melden Sie sich einfach bei uns, unser Telefon-Service hilft Ihnen sehr gerne weiter.<br \/>\n[\/column]<\/p>\n<h1>Einige Audipack Highlights<\/h1>\n<p>[spacer size=&#8220;20&#8243;]<br \/>\n[column size=&#8220;1-3&#8243; last=&#8220;0&#8243;]<\/p>\n<h4>Wandhalterungen<\/h4>\n<p><a href=\"\/vertrieb-von-konferenz-und-av-medientechnik\/videotechnik\/halterungen-fuer-displays-und-beamer\/wandhalterungen\/\"><img fetchpriority=\"high\" decoding=\"async\" width=\"288\" height=\"198\" src=\"https:\/\/konferenztechnik.de\/wp-content\/uploads\/2013\/08\/01-wandhalterungen-fuer-projektoren.jpg\" alt=\"Wandhalterungen f\u00fcr Projektoren\" class=\"alignleft size-full wp-image-1356\" title=\"\"><\/a><br \/>\n[clear]<\/p>\n<p>Halterungen f\u00fcr Displays, Projektoren, Tablets, Kameras oder Videowalls<\/p>\n<p><a class=\"weiter\" href=\"\/vertrieb-von-konferenz-und-av-medientechnik\/videotechnik\/halterungen-fuer-displays-und-beamer\/wandhalterungen\/\">\u203a Mehr<\/a><br \/>\n[\/column]<\/p>\n<p>[column size=&#8220;1-3&#8243; last=&#8220;0&#8243;]<\/p>\n<h4>Bodenst\u00e4nder<\/h4>\n<p><a href=\"\/vertrieb-von-konferenz-und-av-medientechnik\/videotechnik\/halterungen-fuer-displays-und-beamer\/bodenstaender\/\"><img decoding=\"async\" width=\"288\" height=\"198\" src=\"https:\/\/konferenztechnik.de\/wp-content\/uploads\/2013\/08\/04-bodenstaender-fuer-projektoren.jpg\" alt=\"Bodenst\u00e4nder f\u00fcr Projektoren\" class=\"alignleft size-full wp-image-1359\" title=\"\"><\/a><br \/>\n[clear]<\/p>\n<p>Bodenst\u00e4nder f\u00fcr Projektoren und Displays, niedrige Bodenst\u00e4nder f\u00fcr Vorschaumonitore, komplett zerlegbare Bodenst\u00e4nder,Adapter- und Abstellplatten<\/p>\n<p><a class=\"weiter\" href=\"\/vertrieb-von-konferenz-und-av-medientechnik\/videotechnik\/halterungen-fuer-displays-und-beamer\/bodenstaender\/\">\u203a Mehr<\/a><br \/>\n[\/column]<\/p>\n<p>[column size=&#8220;1-3&#8243; last=&#8220;1&#8243;]<\/p>\n<h4>Deckenhalterungen<\/h4>\n<p><a href=\"\/vertrieb-von-konferenz-und-av-medientechnik\/videotechnik\/halterungen-fuer-displays-und-beamer\/deckenhalterungen\/\"><img loading=\"lazy\" decoding=\"async\" width=\"288\" height=\"198\" src=\"https:\/\/konferenztechnik.de\/wp-content\/uploads\/2013\/08\/02-deckenhalterungen-fuer-projektoren.jpg\" alt=\"Deckenhalterungen f\u00fcr Projektoren\" class=\"alignleft size-full wp-image-1357\" title=\"\"><\/a><br \/>\n[clear]<\/p>\n<p>Halterungen in verschiedenen L\u00e4ngen, Rotations-Halterungen, Mirror-Kits, Klemmhalter f\u00fcr Stahltr\u00e4ger<\/p>\n<p><a class=\"weiter\" href=\"\/vertrieb-von-konferenz-und-av-medientechnik\/videotechnik\/halterungen-fuer-displays-und-beamer\/deckenhalterungen\/\">\u203a Mehr<\/a><br \/>\n[\/column]<\/p>\n<p>[column size=&#8220;1-3&#8243; last=&#8220;0&#8243;]<\/p>\n<h4>Traversenhalterungen<\/h4>\n<p><a href=\"\/vertrieb-von-konferenz-und-av-medientechnik\/videotechnik\/halterungen-fuer-displays-und-beamer\/traversenhalterungen\/\"><img loading=\"lazy\" decoding=\"async\" width=\"288\" height=\"198\" src=\"https:\/\/konferenztechnik.de\/wp-content\/uploads\/2013\/08\/03-trusshalterungen-fuer-projektoren.jpg\" alt=\"Trusshalterungen f\u00fcr Projektoren\" class=\"alignleft size-full wp-image-1358\" title=\"\"><\/a><br \/>\n[clear]<\/p>\n<p>Trusshalterungen f\u00fcr Displays und Projektoren, Halterungen mit Vorrichtungen zur einfachen Feinjustierung, Stack-Frames (Schutzgeh\u00e4use), Halterungen f\u00fcr sehr schnelle Montage f\u00fcr Technik-Vermieter<\/p>\n<p><a class=\"weiter\" title=\"Herbst-Schulung f\u00fcr Dolmetscher\/innen\" href=\"\/vertrieb-von-konferenz-und-av-medientechnik\/videotechnik\/halterungen-fuer-displays-und-beamer\/traversenhalterungen\/\">\u203a Mehr<\/a><br \/>\n[\/column]<\/p>\n<p>[column size=&#8220;1-3&#8243; last=&#8220;0&#8243;]<\/p>\n<h4>Spezialhalterungen<\/h4>\n<p><a href=\"\/vertrieb-von-konferenz-und-av-medientechnik\/videotechnik\/halterungen-fuer-displays-und-beamer\/spezialhalterungen\/\"><img loading=\"lazy\" decoding=\"async\" width=\"288\" height=\"191\" src=\"https:\/\/konferenztechnik.de\/wp-content\/uploads\/2013\/08\/pcs-spezialanwendungen.jpg\" alt=\"Halterungen f\u00fcr Displays- und Projektoren: Spezialhalterungen\" class=\"alignleft size-full wp-image-4484\" title=\"\"><\/a><br \/>\n[clear]<\/p>\n<p>Tablet (z. B. iPad) Halterungen f\u00fcr Wand und Boden, Halterungen f\u00fcr Videow\u00e4nde (Videowalls), Stack-Frames, Tip &#038; Touch Stands (Tischhalterung f\u00fcr Touchscreens)<\/p>\n<p><a class=\"weiter\" title=\"Spezialhalterungen\" href=\"\/vertrieb-von-konferenz-und-av-medientechnik\/videotechnik\/halterungen-fuer-displays-und-beamer\/spezialhalterungen\/\">\u203a Mehr<\/a><br \/>\n[\/column]<\/p>\n<p>[column size=&#8220;1-3&#8243; last=&#8220;1&#8243;]<\/p>\n<h4>Liftsysteme<\/h4>\n<p><a href=\"\/vertrieb-von-konferenz-und-av-medientechnik\/videotechnik\/liftsysteme\/\"><img loading=\"lazy\" decoding=\"async\" width=\"288\" height=\"198\" src=\"https:\/\/konferenztechnik.de\/wp-content\/uploads\/2013\/08\/videotechnik04.jpg\" alt=\"Lifte f\u00fcr Beamer und Projektoren\" class=\"alignleft size-full wp-image-1210\" title=\"\"><\/a><br \/>\n[clear]<\/p>\n<p>Liftsysteme f\u00fcr Beamer und Displays, Deckenlifte, Hublifte, Scherenlifte, Wandlifte<\/p>\n<p><a class=\"weiter\" title=\"Liftsysteme\" href=\"\/vertrieb-von-konferenz-und-av-medientechnik\/videotechnik\/liftsysteme\/\">\u203a Mehr<\/a><br \/>\n[\/column]<br \/>\n[clear]<\/p>\n<p>[spacer size=&#8220;20&#8243;]<\/p>\n<h1>Ihre Ansprechpartner<\/h1>\n<p>[spacer size=&#8220;20&#8243;]<\/p>\n<p>[column size=&#8220;1-2&#8243; last=&#8220;0&#8243;]<br \/>\n[tabs style=&#8220;2&#8243;]<br \/>\n[tab title=&#8220;Verkauf und Vermietung &#8222;]<br \/>\n<a href=\"https:\/\/konferenztechnik.de\/wp-content\/uploads\/2013\/09\/dirk_neumann_pcs-gmbh.jpg\"><img loading=\"lazy\" decoding=\"async\" width=\"800\" height=\"533\" class=\"alignleft size-full wp-image-2297\" src=\"https:\/\/konferenztechnik.de\/wp-content\/uploads\/2013\/09\/dirk_neumann_pcs-gmbh.jpg\" alt=\"Dirk Neumann Gesch\u00e4ftsf\u00fchrer PCS GmbH\" title=\"\" srcset=\"https:\/\/konferenztechnik.de\/wp-content\/uploads\/2013\/09\/dirk_neumann_pcs-gmbh.jpg 800w, https:\/\/konferenztechnik.de\/wp-content\/uploads\/2013\/09\/dirk_neumann_pcs-gmbh-300x200.jpg 300w, https:\/\/konferenztechnik.de\/wp-content\/uploads\/2013\/09\/dirk_neumann_pcs-gmbh-768x512.jpg 768w\" sizes=\"(max-width: 800px) 100vw, 800px\" \/><\/a><br \/>\nDirk Neumann<br \/>\nGesch\u00e4ftsf\u00fchrer<br \/>\nTel. +49 211 737798 0<br \/>\nE-Mail <a href=\"mailto:vertrieb@konferenztechnik.de\">vertrieb@konferenztechnik.de<\/a><br \/>\nQR-Code <a title=\"QR-Code Dirk Neumann\" href=\"https:\/\/konferenztechnik.de\/wp-content\/uploads\/2013\/09\/dirk_neumann_qrcode.png\">\u203a anzeigen<\/a>[\/tab]<br \/>\n[\/tabs]<br \/>\n[\/column]<\/p>\n<p>[column size=&#8220;1-3&#8243; last=&#8220;0&#8243;]<br \/>\n[tabs style=&#8220;2&#8243;]<\/p>\n<p>[spacer size=&#8220;30&#8243;]<\/p>\n<div class=\"weiterlinks\">\n<h1>Weiterf\u00fchrende Links:<\/h1>\n<ul>\n<li>\u203a <a title=\"Referenzen\" href=\"\/uber-uns\/referenzliste-installation\/\">Referenzen Installation und Integration<\/a><\/li>\n<li>\u203a <a title=\"10 gute Gr\u00fcnde f\u00fcr PCS\" href=\"\/uber-uns\/10-gute-gruende-fuer-pcs\/\">10 gute Gr\u00fcnde f\u00fcr PCS<\/a><\/li>\n<li>\u203a <a title=\"Sonderanfertigungen, Wartung und Reparaturen\" href=\"\/services\/wartung-und-reparatur\/\">Sonderanfertigungen, Wartungen und Reparaturen<\/a><\/li>\n<\/ul>\n<\/div>\n","protected":false},"excerpt":{"rendered":"<p>[column size=&#8220;1-2&#8243; last=&#8220;0&#8243;] Audipack &#8211; It\u00b4s great to have solutions [\/column] [column size=&#8220;1-2&#8243; last=&#8220;1&#8243;] [\/column] [rev_slider audipack] [spacer size=&#8220;30&#8243;] [column size=&#8220;1-2&#8243; last=&#8220;0&#8243;] Wir freuen uns, als autorisierter H\u00e4ndler, das tolle Produktportfolio der Firma Audipack vorstellen zu d\u00fcrfen. Wir verf\u00fcgen \u00fcber langj\u00e4hrige Erfahrungen mit Audipack Produkten. Diese konnten wir als deutscher Vertriebspartner, in unserem Vermietungsgesch\u00e4ft und [&hellip;]<\/p>\n","protected":false},"author":1,"featured_media":45482,"comment_status":"closed","ping_status":"closed","sticky":false,"template":"","format":"standard","meta":{"_acf_changed":false,"footnotes":""},"categories":[1],"tags":[],"class_list":["post-5500","post","type-post","status-publish","format-standard","has-post-thumbnail","hentry","category-allgemein"],"acf":[],"_links":{"self":[{"href":"https:\/\/konferenztechnik.de\/it\/wp-json\/wp\/v2\/posts\/5500","targetHints":{"allow":["GET"]}}],"collection":[{"href":"https:\/\/konferenztechnik.de\/it\/wp-json\/wp\/v2\/posts"}],"about":[{"href":"https:\/\/konferenztechnik.de\/it\/wp-json\/wp\/v2\/types\/post"}],"author":[{"embeddable":true,"href":"https:\/\/konferenztechnik.de\/it\/wp-json\/wp\/v2\/users\/1"}],"replies":[{"embeddable":true,"href":"https:\/\/konferenztechnik.de\/it\/wp-json\/wp\/v2\/comments?post=5500"}],"version-history":[{"count":0,"href":"https:\/\/konferenztechnik.de\/it\/wp-json\/wp\/v2\/posts\/5500\/revisions"}],"wp:featuredmedia":[{"embeddable":true,"href":"https:\/\/konferenztechnik.de\/it\/wp-json\/wp\/v2\/media\/45482"}],"wp:attachment":[{"href":"https:\/\/konferenztechnik.de\/it\/wp-json\/wp\/v2\/media?parent=5500"}],"wp:term":[{"taxonomy":"category","embeddable":true,"href":"https:\/\/konferenztechnik.de\/it\/wp-json\/wp\/v2\/categories?post=5500"},{"taxonomy":"post_tag","embeddable":true,"href":"https:\/\/konferenztechnik.de\/it\/wp-json\/wp\/v2\/tags?post=5500"}],"curies":[{"name":"wp","href":"https:\/\/api.w.org\/{rel}","templated":true}]}}