{"id":48284,"date":"2025-09-18T12:22:52","date_gmt":"2025-09-18T10:22:52","guid":{"rendered":"https:\/\/konferenztechnik.de\/?p=48284"},"modified":"2026-01-05T15:25:11","modified_gmt":"2026-01-05T14:25:11","slug":"bedrijfshistorie","status":"publish","type":"post","link":"https:\/\/konferenztechnik.de\/nl\/bedrijfshistorie\/","title":{"rendered":"Geschiedenis van het bedrijf \u2013 Mijlpalen en ontwikkelingen"},"content":{"rendered":"<div data-elementor-type=\"wp-post\" data-elementor-id=\"48284\" class=\"elementor elementor-48284\" data-elementor-post-type=\"post\">\n\t\t\t\t<div data-particle_enable=\"false\" data-particle-mobile-disabled=\"false\" class=\"elementor-element elementor-element-cd287fa e-flex e-con-boxed e-con e-parent\" data-id=\"cd287fa\" data-element_type=\"container\">\n\t\t\t\t\t<div class=\"e-con-inner\">\n\t\t\t\t<div class=\"elementor-element elementor-element-7b65377 elementor-widget elementor-widget-heading\" data-id=\"7b65377\" data-element_type=\"widget\" data-settings=\"{&quot;_animation&quot;:&quot;none&quot;}\" data-widget_type=\"heading.default\">\n\t\t\t\t<div class=\"elementor-widget-container\">\n\t\t\t\t\t<h2 class=\"elementor-heading-title elementor-size-default\">Geschiedenis van het bedrijf - Mijlpalen en ontwikkelingen bij PCS Professional Conference Systems GmbH<\/h2>\t\t\t\t<\/div>\n\t\t\t\t<\/div>\n\t\t\t\t\t<\/div>\n\t\t\t\t<\/div>\n\t\t<div data-particle_enable=\"false\" data-particle-mobile-disabled=\"false\" class=\"elementor-element elementor-element-34f9d7a e-flex e-con-boxed e-con e-parent\" data-id=\"34f9d7a\" data-element_type=\"container\">\n\t\t\t\t\t<div class=\"e-con-inner\">\n\t\t\t\t<div class=\"elementor-element elementor-element-beea132 elementor-widget elementor-widget-spacer\" data-id=\"beea132\" data-element_type=\"widget\" data-widget_type=\"spacer.default\">\n\t\t\t\t<div class=\"elementor-widget-container\">\n\t\t\t\t\t\t\t<div class=\"elementor-spacer\">\n\t\t\t<div class=\"elementor-spacer-inner\"><\/div>\n\t\t<\/div>\n\t\t\t\t\t\t<\/div>\n\t\t\t\t<\/div>\n\t\t<div data-particle_enable=\"false\" data-particle-mobile-disabled=\"false\" class=\"elementor-element elementor-element-b512cbf e-con-full e-grid e-con e-child\" data-id=\"b512cbf\" data-element_type=\"container\">\n\t\t\t\t<div class=\"elementor-element elementor-element-6b8a2b7 elementor-widget__width-inherit elementor-widget elementor-widget-text-editor\" data-id=\"6b8a2b7\" data-element_type=\"widget\" data-widget_type=\"text-editor.default\">\n\t\t\t\t<div class=\"elementor-widget-container\">\n\t\t\t\t\t\t\t\t\t<p>Sinds onze oprichting in 1995 is er veel gebeurd. \u2013 begon met tolktechnologie en heeft zich ontwikkeld tot een toonaangevende full-service aanbieder van conferentie- en evenemententechnologie en de installatie van moderne mediatechnologie.<\/p>\t\t\t\t\t\t\t\t<\/div>\n\t\t\t\t<\/div>\n\t\t\t\t<div class=\"elementor-element elementor-element-30ea48b elementor-widget__width-inherit elementor-widget elementor-widget-text-editor\" data-id=\"30ea48b\" data-element_type=\"widget\" data-widget_type=\"text-editor.default\">\n\t\t\t\t<div class=\"elementor-widget-container\">\n\t\t\t\t\t\t\t\t\t<p>Vandaag kijken we met dankbaarheid terug op 30 jaar PCS, delen we enkele van de vormende fases van onze geschiedenis \u2013 en kijken we tegelijkertijd naar de toekomst: open voor nieuwe technologie\u00ebn, duurzame oplossingen en succesvolle projecten die we graag samen met u vormgeven.<\/p>\t\t\t\t\t\t\t\t<\/div>\n\t\t\t\t<\/div>\n\t\t\t\t<\/div>\n\t\t\t\t<div class=\"elementor-element elementor-element-3d6ce39 elementor-widget elementor-widget-spacer\" data-id=\"3d6ce39\" data-element_type=\"widget\" data-widget_type=\"spacer.default\">\n\t\t\t\t<div class=\"elementor-widget-container\">\n\t\t\t\t\t\t\t<div class=\"elementor-spacer\">\n\t\t\t<div class=\"elementor-spacer-inner\"><\/div>\n\t\t<\/div>\n\t\t\t\t\t\t<\/div>\n\t\t\t\t<\/div>\n\t\t\t\t<div class=\"elementor-element elementor-element-b0212c4 elementor-widget elementor-widget-eael-content-timeline\" data-id=\"b0212c4\" data-element_type=\"widget\" data-widget_type=\"eael-content-timeline.default\">\n\t\t\t\t<div class=\"elementor-widget-container\">\n\t\t\t\t\t\t\t<div id=\"eael-content-timeline-b0212c4\" class=\"content-timeline-layout-center date-position- horizontal-timeline-wrapper\" data-slide_to_scroll=\"{&quot;desktop&quot;:1,&quot;mobile&quot;:1,&quot;tablet&quot;:1,&quot;tablet_extra&quot;:1,&quot;laptop&quot;:1,&quot;widescreen&quot;:1}\">\n\t\t\t<div class=\"eael-content-timeline-container\">\n\t\t\t\t<div class=\"eael-content-timeline-container\">\n\t\t\t\t\t\t\t\t\t\t\t\t\t\t\t\t\t\t\t\t\t\t\t<div class=\"eael-content-timeline-block\">\n    <div class=\"eael-content-timeline-line\">\n        <div class=\"eael-content-timeline-inner\"><\/div>\n    <\/div>\n    <div class=\"eael-content-timeline-img eael-picture\"><svg class=\"e-font-icon-svg e-fas-birthday-cake\" viewbox=\"0 0 448 512\" xmlns=\"http:\/\/www.w3.org\/2000\/svg\"><path d=\"M448 384c-28.02 0-31.26-32-74.5-32-43.43 0-46.825 32-74.75 32-27.695 0-31.454-32-74.75-32-42.842 0-47.218 32-74.5 32-28.148 0-31.202-32-74.75-32-43.547 0-46.653 32-74.75 32v-80c0-26.5 21.5-48 48-48h16V112h64v144h64V112h64v144h64V112h64v144h16c26.5 0 48 21.5 48 48v80zm0 128H0v-96c43.356 0 46.767-32 74.75-32 27.951 0 31.253 32 74.75 32 42.843 0 47.217-32 74.5-32 28.148 0 31.201 32 74.75 32 43.357 0 46.767-32 74.75-32 27.488 0 31.252 32 74.5 32v96zM96 96c-17.75 0-32-14.25-32-32 0-31 32-23 32-64 12 0 32 29.5 32 56s-14.25 40-32 40zm128 0c-17.75 0-32-14.25-32-32 0-31 32-23 32-64 12 0 32 29.5 32 56s-14.25 40-32 40zm128 0c-17.75 0-32-14.25-32-32 0-31 32-23 32-64 12 0 32 29.5 32 56s-14.25 40-32 40z\"><\/path><\/svg><\/div><div class=\"eael-content-timeline-content\"><span class=\"eael-date\">28.09.2025<\/span><h2 class=\"eael-timeline-title\">PCS wordt 30<\/h2><div class=\"eael-timeline-excerpt\"><p><img fetchpriority=\"high\" decoding=\"async\" class=\"alignleft wp-image-48432 size-full\" src=\"https:\/\/konferenztechnik.de\/wp-content\/uploads\/2025\/09\/30-Jahre-Banner.avif\" alt=\"30-jarig vaandel\" width=\"1598\" height=\"629\" title=\"\" srcset=\"https:\/\/konferenztechnik.de\/wp-content\/uploads\/2025\/09\/30-Jahre-Banner.avif 1598w, https:\/\/konferenztechnik.de\/wp-content\/uploads\/2025\/09\/30-Jahre-Banner-300x118.avif 300w, https:\/\/konferenztechnik.de\/wp-content\/uploads\/2025\/09\/30-Jahre-Banner-1024x403.avif 1024w, https:\/\/konferenztechnik.de\/wp-content\/uploads\/2025\/09\/30-Jahre-Banner-768x302.avif 768w, https:\/\/konferenztechnik.de\/wp-content\/uploads\/2025\/09\/30-Jahre-Banner-1536x605.avif 1536w, https:\/\/konferenztechnik.de\/wp-content\/uploads\/2025\/09\/30-Jahre-Banner-18x7.avif 18w\" sizes=\"(max-width: 1598px) 100vw, 1598px\" \/><\/p><p>PCS viert 30 jaar succesvolle ontwikkeling als totaalleverancier van conferentie- en evenemententechnologie. Sinds onze oprichting in 1995 hebben we ons ontwikkeld van een leverancier van tolktechnologie tot een veelomvattende partner voor de planning, uitrusting en installatie van AV-mediatechnologie en de organisatie en ondersteuning van grote nationale en internationale evenementen. Met kantoren in Berlijn, M\u00fcnchen en D\u00fcsseldorf ondersteunen we onze klanten met technische expertise, innovatieve oplossingen en duurzame service in de hele DACH-regio en daarbuiten.<\/p><p>We willen samen met jullie blijven groeien in de toekomst, altijd open voor nieuwe idee\u00ebn en technologie\u00ebn om evenementen nog levendiger, duurzamer en succesvoller te maken \u2013 kijkt ernaar uit om als partners verder te gaan op de ingeslagen weg.<\/p><\/div><\/div><\/div>\t\t\t\t\t\t\t\t\t\t\t\t\t\t\t\t\t\t<div class=\"eael-content-timeline-block\">\n    <div class=\"eael-content-timeline-line\">\n        <div class=\"eael-content-timeline-inner\"><\/div>\n    <\/div>\n    <div class=\"eael-content-timeline-img eael-picture\"><svg class=\"e-font-icon-svg e-fas-hand-holding-heart\" viewbox=\"0 0 576 512\" xmlns=\"http:\/\/www.w3.org\/2000\/svg\"><path d=\"M275.3 250.5c7 7.4 18.4 7.4 25.5 0l108.9-114.2c31.6-33.2 29.8-88.2-5.6-118.8-30.8-26.7-76.7-21.9-104.9 7.7L288 36.9l-11.1-11.6C248.7-4.4 202.8-9.2 172 17.5c-35.3 30.6-37.2 85.6-5.6 118.8l108.9 114.2zm290 77.6c-11.8-10.7-30.2-10-42.6 0L430.3 402c-11.3 9.1-25.4 14-40 14H272c-8.8 0-16-7.2-16-16s7.2-16 16-16h78.3c15.9 0 30.7-10.9 33.3-26.6 3.3-20-12.1-37.4-31.6-37.4H192c-27 0-53.1 9.3-74.1 26.3L71.4 384H16c-8.8 0-16 7.2-16 16v96c0 8.8 7.2 16 16 16h356.8c14.5 0 28.6-4.9 40-14L564 377c15.2-12.1 16.4-35.3 1.3-48.9z\"><\/path><\/svg><\/div><div class=\"eael-content-timeline-content\"><span class=\"eael-date\">2025<\/span><h2 class=\"eael-timeline-title\">Fusie van de twee GmbH's<\/h2><div class=\"eael-timeline-excerpt\"><p><img decoding=\"async\" class=\"alignleft wp-image-48119 size-full\" src=\"https:\/\/konferenztechnik.de\/wp-content\/uploads\/2025\/06\/PCS-Verschmelzung.avif\" alt=\"Fusie van de PCS GmbH&#039;s\" width=\"1536\" height=\"1024\" title=\"\" srcset=\"https:\/\/konferenztechnik.de\/wp-content\/uploads\/2025\/06\/PCS-Verschmelzung.avif 1536w, https:\/\/konferenztechnik.de\/wp-content\/uploads\/2025\/06\/PCS-Verschmelzung-300x200.avif 300w, https:\/\/konferenztechnik.de\/wp-content\/uploads\/2025\/06\/PCS-Verschmelzung-1024x683.avif 1024w, https:\/\/konferenztechnik.de\/wp-content\/uploads\/2025\/06\/PCS-Verschmelzung-768x512.avif 768w, https:\/\/konferenztechnik.de\/wp-content\/uploads\/2025\/06\/PCS-Verschmelzung-18x12.avif 18w\" sizes=\"(max-width: 1536px) 100vw, 1536px\" \/>Op 30 mei 2025 hebben we PCS Vertriebs- und Service GmbH samengevoegd met PCS Professional Conference Systems GmbH. Sindsdien zijn we verenigd onder de naam PCS Professional Conference Systems GmbH op onze locaties in Berlijn, M\u00fcnchen en D\u00fcsseldorf. We bieden nu ons volledige dienstenaanbod aan vanuit \u00e9\u00e9n enkele bron.<\/p><\/div><\/div><\/div>\t\t\t\t\t\t\t\t\t\t\t\t\t\t\t\t\t\t<div class=\"eael-content-timeline-block\">\n    <div class=\"eael-content-timeline-line\">\n        <div class=\"eael-content-timeline-inner\"><\/div>\n    <\/div>\n    <div class=\"eael-content-timeline-img eael-picture\"><\/div><div class=\"eael-content-timeline-content\"><span class=\"eael-date\">2025<\/span><h2 class=\"eael-timeline-title\">Grotere uitbreiding van de installatie naar de regio Berlijn<\/h2><div class=\"eael-timeline-excerpt\"><p><img decoding=\"async\" class=\"alignleft wp-image-48366 size-full\" src=\"https:\/\/konferenztechnik.de\/wp-content\/uploads\/2025\/09\/installation-berlin.avif\" alt=\"\" width=\"1500\" height=\"1000\" title=\"\" srcset=\"https:\/\/konferenztechnik.de\/wp-content\/uploads\/2025\/09\/installation-berlin.avif 1500w, https:\/\/konferenztechnik.de\/wp-content\/uploads\/2025\/09\/installation-berlin-300x200.avif 300w, https:\/\/konferenztechnik.de\/wp-content\/uploads\/2025\/09\/installation-berlin-1024x683.avif 1024w, https:\/\/konferenztechnik.de\/wp-content\/uploads\/2025\/09\/installation-berlin-768x512.avif 768w, https:\/\/konferenztechnik.de\/wp-content\/uploads\/2025\/09\/installation-berlin-18x12.avif 18w\" sizes=\"(max-width: 1500px) 100vw, 1500px\" \/>We versterken ons installatieteam in Berlijn en breiden ons lokale werkgebied uit. De nauwe samenwerking met onze klanten cre\u00ebert veel synergie\u00ebn die spannende projecten mogelijk maken. Onze focus ligt duidelijk op installatie, verkoop, onderhoud en service op het gebied van AV-mediatechnologie.<\/p><\/div><\/div><\/div>\t\t\t\t\t\t\t\t\t\t\t\t\t\t\t\t\t\t<div class=\"eael-content-timeline-block\">\n    <div class=\"eael-content-timeline-line\">\n        <div class=\"eael-content-timeline-inner\"><\/div>\n    <\/div>\n    <div class=\"eael-content-timeline-img eael-picture\"><\/div><div class=\"eael-content-timeline-content\"><span class=\"eael-date\">2025<\/span><h2 class=\"eael-timeline-title\">PCS wordt CRA partner (Conference Rental Alliance) van Televic<\/h2><div class=\"eael-timeline-excerpt\"><p><img loading=\"lazy\" decoding=\"async\" class=\"alignleft wp-image-48362 size-full\" src=\"https:\/\/konferenztechnik.de\/wp-content\/uploads\/2025\/09\/Televic-Conference-Partners.avif\" alt=\"Televic Conferentie Partners\" width=\"1920\" height=\"1080\" title=\"\" srcset=\"https:\/\/konferenztechnik.de\/wp-content\/uploads\/2025\/09\/Televic-Conference-Partners.avif 1920w, https:\/\/konferenztechnik.de\/wp-content\/uploads\/2025\/09\/Televic-Conference-Partners-300x169.avif 300w, https:\/\/konferenztechnik.de\/wp-content\/uploads\/2025\/09\/Televic-Conference-Partners-1024x576.avif 1024w, https:\/\/konferenztechnik.de\/wp-content\/uploads\/2025\/09\/Televic-Conference-Partners-768x432.avif 768w, https:\/\/konferenztechnik.de\/wp-content\/uploads\/2025\/09\/Televic-Conference-Partners-1536x864.avif 1536w, https:\/\/konferenztechnik.de\/wp-content\/uploads\/2025\/09\/Televic-Conference-Partners-18x10.avif 18w\" sizes=\"(max-width: 1920px) 100vw, 1920px\" \/>PCS is nu lid van de Televic Rental Alliance \u2013, een sterk partnerschap dat ons toegang geeft tot een internationaal netwerk van experts en state-of-the-art conferentietechnologie. Dankzij deze samenwerking kunnen we onze klanten nog flexibelere oplossingen en een eersteklas service bieden. We zijn erg enthousiast over deze kans om ons aanbod verder uit te breiden samen met ervaren partners uit de industrie.<\/p><\/div><\/div><\/div>\t\t\t\t\t\t\t\t\t\t\t\t\t\t\t\t\t\t<div class=\"eael-content-timeline-block\">\n    <div class=\"eael-content-timeline-line\">\n        <div class=\"eael-content-timeline-inner\"><\/div>\n    <\/div>\n    <div class=\"eael-content-timeline-img eael-picture\"><svg class=\"e-font-icon-svg e-fas-robot\" viewbox=\"0 0 640 512\" xmlns=\"http:\/\/www.w3.org\/2000\/svg\"><path d=\"M32,224H64V416H32A31.96166,31.96166,0,0,1,0,384V256A31.96166,31.96166,0,0,1,32,224Zm512-48V448a64.06328,64.06328,0,0,1-64,64H160a64.06328,64.06328,0,0,1-64-64V176a79.974,79.974,0,0,1,80-80H288V32a32,32,0,0,1,64,0V96H464A79.974,79.974,0,0,1,544,176ZM264,256a40,40,0,1,0-40,40A39.997,39.997,0,0,0,264,256Zm-8,128H192v32h64Zm96,0H288v32h64ZM456,256a40,40,0,1,0-40,40A39.997,39.997,0,0,0,456,256Zm-8,128H384v32h64ZM640,256V384a31.96166,31.96166,0,0,1-32,32H576V224h32A31.96166,31.96166,0,0,1,640,256Z\"><\/path><\/svg><\/div><div class=\"eael-content-timeline-content\"><span class=\"eael-date\">2025<\/span><h2 class=\"eael-timeline-title\">AI-tolken en spraak-naar-tekst <\/h2><div class=\"eael-timeline-excerpt\"><p><img loading=\"lazy\" decoding=\"async\" class=\"alignleft wp-image-48019 size-full\" src=\"https:\/\/konferenztechnik.de\/wp-content\/uploads\/2025\/05\/live-speech-to-text-transkription-uebersetzung.avif\" alt=\"\" width=\"840\" height=\"568\" title=\"\" srcset=\"https:\/\/konferenztechnik.de\/wp-content\/uploads\/2025\/05\/live-speech-to-text-transkription-uebersetzung.avif 840w, https:\/\/konferenztechnik.de\/wp-content\/uploads\/2025\/05\/live-speech-to-text-transkription-uebersetzung-300x203.avif 300w, https:\/\/konferenztechnik.de\/wp-content\/uploads\/2025\/05\/live-speech-to-text-transkription-uebersetzung-768x519.avif 768w, https:\/\/konferenztechnik.de\/wp-content\/uploads\/2025\/05\/live-speech-to-text-transkription-uebersetzung-18x12.avif 18w\" sizes=\"(max-width: 840px) 100vw, 840px\" \/>We bieden nu moderne kunstmatige intelligentie-oplossingen op het gebied van simultaantolken en live ondertiteling. We gebruiken deze technologie\u00ebn desgewenst als aanvulling op of alternatief voor menselijk tolken om onze klanten flexibele en innovatieve opties voor hun evenementen te bieden.<\/p><\/div><\/div><\/div>\t\t\t\t\t\t\t\t\t\t\t\t\t\t\t\t\t\t<div class=\"eael-content-timeline-block\">\n    <div class=\"eael-content-timeline-line\">\n        <div class=\"eael-content-timeline-inner\"><\/div>\n    <\/div>\n    <div class=\"eael-content-timeline-img eael-picture\"><svg class=\"e-font-icon-svg e-fas-heart\" viewbox=\"0 0 512 512\" xmlns=\"http:\/\/www.w3.org\/2000\/svg\"><path d=\"M462.3 62.6C407.5 15.9 326 24.3 275.7 76.2L256 96.5l-19.7-20.3C186.1 24.3 104.5 15.9 49.7 62.6c-62.8 53.6-66.1 149.8-9.9 207.9l193.5 199.8c12.5 12.9 32.8 12.9 45.3 0l193.5-199.8c56.3-58.1 53-154.3-9.8-207.9z\"><\/path><\/svg><\/div><div class=\"eael-content-timeline-content\"><span class=\"eael-date\">2024<\/span><h2 class=\"eael-timeline-title\">Al 25 jaar bij ons. Bedankt!<\/h2><div class=\"eael-timeline-excerpt\"><p><img loading=\"lazy\" decoding=\"async\" class=\"alignleft wp-image-48436 size-full\" src=\"https:\/\/konferenztechnik.de\/wp-content\/uploads\/2025\/09\/monika.avif\" alt=\"monika met boeket bloemen\" width=\"1039\" height=\"1300\" title=\"\" srcset=\"https:\/\/konferenztechnik.de\/wp-content\/uploads\/2025\/09\/monika.avif 1039w, https:\/\/konferenztechnik.de\/wp-content\/uploads\/2025\/09\/monika-240x300.avif 240w, https:\/\/konferenztechnik.de\/wp-content\/uploads\/2025\/09\/monika-818x1024.avif 818w, https:\/\/konferenztechnik.de\/wp-content\/uploads\/2025\/09\/monika-768x961.avif 768w, https:\/\/konferenztechnik.de\/wp-content\/uploads\/2025\/09\/monika-10x12.avif 10w\" sizes=\"(max-width: 1039px) 100vw, 1039px\" \/><\/p><p>Monika van den Boogaard was onze eerste vaste medewerkster in 1999. We danken je uit de grond van ons hart dat je ons zo lang trouw bent gebleven. We willen ook alle andere medewerkers bedanken, waarvan sommigen ons al vele, vele jaren steunen, hun opleiding bij ons hebben afgerond en bij ons zijn gebleven, of gloednieuwe leden van ons team zijn. Zonder jullie zouden we niet zijn wat we nu zijn!<\/p><\/div><\/div><\/div>\t\t\t\t\t\t\t\t\t\t\t\t\t\t\t\t\t\t<div class=\"eael-content-timeline-block\">\n    <div class=\"eael-content-timeline-line\">\n        <div class=\"eael-content-timeline-inner\"><\/div>\n    <\/div>\n    <div class=\"eael-content-timeline-img eael-picture\"><svg class=\"e-font-icon-svg e-fas-star\" viewbox=\"0 0 576 512\" xmlns=\"http:\/\/www.w3.org\/2000\/svg\"><path d=\"M259.3 17.8L194 150.2 47.9 171.5c-26.2 3.8-36.7 36.1-17.7 54.6l105.7 103-25 145.5c-4.5 26.3 23.2 46 46.4 33.7L288 439.6l130.7 68.7c23.2 12.2 50.9-7.4 46.4-33.7l-25-145.5 105.7-103c19-18.5 8.5-50.8-17.7-54.6L382 150.2 316.7 17.8c-11.7-23.6-45.6-23.9-57.4 0z\"><\/path><\/svg><\/div><div class=\"eael-content-timeline-content\"><span class=\"eael-date\">2022<\/span><h2 class=\"eael-timeline-title\">Sterke focus op full-service aanbieder van evenementen<\/h2><div class=\"eael-timeline-excerpt\"><p><img loading=\"lazy\" decoding=\"async\" class=\"alignleft wp-image-48346 size-full\" src=\"https:\/\/konferenztechnik.de\/wp-content\/uploads\/2025\/09\/vdz-va.avif\" alt=\"\" width=\"1500\" height=\"1000\" title=\"\" srcset=\"https:\/\/konferenztechnik.de\/wp-content\/uploads\/2025\/09\/vdz-va.avif 1500w, https:\/\/konferenztechnik.de\/wp-content\/uploads\/2025\/09\/vdz-va-300x200.avif 300w, https:\/\/konferenztechnik.de\/wp-content\/uploads\/2025\/09\/vdz-va-1024x683.avif 1024w, https:\/\/konferenztechnik.de\/wp-content\/uploads\/2025\/09\/vdz-va-768x512.avif 768w, https:\/\/konferenztechnik.de\/wp-content\/uploads\/2025\/09\/vdz-va-18x12.avif 18w\" sizes=\"(max-width: 1500px) 100vw, 1500px\" \/>In de loop der jaren heeft PCS zich steeds meer ontwikkeld tot een full-service dienstverlener voor evenemententechnologie. We leveren niet langer alleen tolktechnologie, maar plannen en realiseren nu grote evenementen, conferenties en vergaderingen in heel Duitsland. Als technisch dienstverlener ondersteunen we ministeries, kantoren van grote bedrijven en vele andere klanten.<\/p><\/div><\/div><\/div>\t\t\t\t\t\t\t\t\t\t\t\t\t\t\t\t\t\t<div class=\"eael-content-timeline-block\">\n    <div class=\"eael-content-timeline-line\">\n        <div class=\"eael-content-timeline-inner\"><\/div>\n    <\/div>\n    <div class=\"eael-content-timeline-img eael-picture\"><\/div><div class=\"eael-content-timeline-content\"><span class=\"eael-date\">2022<\/span><h2 class=\"eael-timeline-title\">Verhuizing van het filiaal in Berlijn<\/h2><div class=\"eael-timeline-excerpt\"><p><img loading=\"lazy\" decoding=\"async\" class=\"alignleft wp-image-48367 size-full\" src=\"https:\/\/konferenztechnik.de\/wp-content\/uploads\/2025\/09\/483098937_9334542569914857_7972693768673313552_n.avif\" alt=\"PCS Berlijn - K\u00f6penicker STra\u00dfe\" width=\"2016\" height=\"1512\" title=\"\" srcset=\"https:\/\/konferenztechnik.de\/wp-content\/uploads\/2025\/09\/483098937_9334542569914857_7972693768673313552_n.avif 2016w, https:\/\/konferenztechnik.de\/wp-content\/uploads\/2025\/09\/483098937_9334542569914857_7972693768673313552_n-300x225.avif 300w, https:\/\/konferenztechnik.de\/wp-content\/uploads\/2025\/09\/483098937_9334542569914857_7972693768673313552_n-1024x768.avif 1024w, https:\/\/konferenztechnik.de\/wp-content\/uploads\/2025\/09\/483098937_9334542569914857_7972693768673313552_n-768x576.avif 768w, https:\/\/konferenztechnik.de\/wp-content\/uploads\/2025\/09\/483098937_9334542569914857_7972693768673313552_n-1536x1152.avif 1536w, https:\/\/konferenztechnik.de\/wp-content\/uploads\/2025\/09\/483098937_9334542569914857_7972693768673313552_n-16x12.avif 16w\" sizes=\"(max-width: 2016px) 100vw, 2016px\" \/>Onze vestiging in Berlijn is verhuisd van de Zossener Strasse naar een prachtig nieuw pand aan de K\u00f6penicker Strasse in Kreuzberg. Daar hebben we aanzienlijk meer ruimte voor opslag en, in het bijzonder, voor de nieuwe tolkstudio's en een uitgebreidere kantoorruimte.<\/p><\/div><\/div><\/div>\t\t\t\t\t\t\t\t\t\t\t\t\t\t\t\t\t\t<div class=\"eael-content-timeline-block\">\n    <div class=\"eael-content-timeline-line\">\n        <div class=\"eael-content-timeline-inner\"><\/div>\n    <\/div>\n    <div class=\"eael-content-timeline-img eael-picture\"><svg class=\"e-font-icon-svg e-fas-star\" viewbox=\"0 0 576 512\" xmlns=\"http:\/\/www.w3.org\/2000\/svg\"><path d=\"M259.3 17.8L194 150.2 47.9 171.5c-26.2 3.8-36.7 36.1-17.7 54.6l105.7 103-25 145.5c-4.5 26.3 23.2 46 46.4 33.7L288 439.6l130.7 68.7c23.2 12.2 50.9-7.4 46.4-33.7l-25-145.5 105.7-103c19-18.5 8.5-50.8-17.7-54.6L382 150.2 316.7 17.8c-11.7-23.6-45.6-23.9-57.4 0z\"><\/path><\/svg><\/div><div class=\"eael-content-timeline-content\"><span class=\"eael-date\">2021<\/span><h2 class=\"eael-timeline-title\">We hebben tolkencentra in heel Duitsland<\/h2><div class=\"eael-timeline-excerpt\"><p><img loading=\"lazy\" decoding=\"async\" class=\"alignleft wp-image-48428 size-full\" src=\"https:\/\/konferenztechnik.de\/wp-content\/uploads\/2025\/09\/RSI-Dolmetsch-Hubs.avif\" alt=\"RSI-tolkknooppunten\" width=\"1500\" height=\"991\" title=\"\" srcset=\"https:\/\/konferenztechnik.de\/wp-content\/uploads\/2025\/09\/RSI-Dolmetsch-Hubs.avif 1500w, https:\/\/konferenztechnik.de\/wp-content\/uploads\/2025\/09\/RSI-Dolmetsch-Hubs-300x198.avif 300w, https:\/\/konferenztechnik.de\/wp-content\/uploads\/2025\/09\/RSI-Dolmetsch-Hubs-1024x677.avif 1024w, https:\/\/konferenztechnik.de\/wp-content\/uploads\/2025\/09\/RSI-Dolmetsch-Hubs-768x507.avif 768w, https:\/\/konferenztechnik.de\/wp-content\/uploads\/2025\/09\/RSI-Dolmetsch-Hubs-18x12.avif 18w\" sizes=\"(max-width: 1500px) 100vw, 1500px\" \/><\/p><p>We hebben professionele servicecentra in al onze winkels. <strong>Interprethubs<\/strong>die speciaal zijn uitgerust voor simultaanvertaling op afstand (RSI).<\/p><p>Deze studio's beleefden hun hoogtijdagen tijdens de pandemie, toen videoconferenties en hybride evenementen bijna dagelijks technisch ondersteund en simultaan vertolkt werden. Vandaag de dag is RSI een gevestigde standaard \u2013 en we hebben hier een beslissende bijdrage aan geleverd met de ontwikkeling van geschikte systemen en infrastructuren en ons werk in DIN- en ISO-comit\u00e9s.<\/p><\/div><\/div><\/div>\t\t\t\t\t\t\t\t\t\t\t\t\t\t\t\t\t\t<div class=\"eael-content-timeline-block\">\n    <div class=\"eael-content-timeline-line\">\n        <div class=\"eael-content-timeline-inner\"><\/div>\n    <\/div>\n    <div class=\"eael-content-timeline-img eael-picture\"><\/div><div class=\"eael-content-timeline-content\"><span class=\"eael-date\">2021<\/span><h2 class=\"eael-timeline-title\">Nieuwe managing directors Gunnar Hermenau en Thorsten Gei\u00dfler<\/h2><div class=\"eael-timeline-excerpt\"><p><img loading=\"lazy\" decoding=\"async\" class=\"alignleft wp-image-48358 size-full\" src=\"https:\/\/konferenztechnik.de\/wp-content\/uploads\/2025\/09\/PCS-konferenztechnik-Geschaeftsfuehrung-04.avif\" alt=\"PCS konferenztechnik - Beheer - 04\" width=\"1400\" height=\"788\" title=\"\" srcset=\"https:\/\/konferenztechnik.de\/wp-content\/uploads\/2025\/09\/PCS-konferenztechnik-Geschaeftsfuehrung-04.avif 1400w, https:\/\/konferenztechnik.de\/wp-content\/uploads\/2025\/09\/PCS-konferenztechnik-Geschaeftsfuehrung-04-300x169.avif 300w, https:\/\/konferenztechnik.de\/wp-content\/uploads\/2025\/09\/PCS-konferenztechnik-Geschaeftsfuehrung-04-1024x576.avif 1024w, https:\/\/konferenztechnik.de\/wp-content\/uploads\/2025\/09\/PCS-konferenztechnik-Geschaeftsfuehrung-04-768x432.avif 768w, https:\/\/konferenztechnik.de\/wp-content\/uploads\/2025\/09\/PCS-konferenztechnik-Geschaeftsfuehrung-04-18x10.avif 18w\" sizes=\"(max-width: 1400px) 100vw, 1400px\" \/>Gunnar Hermenau en Thorsten Gei\u00dfler zijn de nieuwe Managing Directors van PCS en zullen Dirk Neumann en J\u00f6rg Peschka met onmiddellijke ingang ondersteunen. De twee oprichters blijven partners en managing directors, maar willen een stapje terug doen.<\/p><\/div><\/div><\/div>\t\t\t\t\t\t\t\t\t\t\t\t\t\t\t\t\t\t<div class=\"eael-content-timeline-block\">\n    <div class=\"eael-content-timeline-line\">\n        <div class=\"eael-content-timeline-inner\"><\/div>\n    <\/div>\n    <div class=\"eael-content-timeline-img eael-picture\"><svg class=\"e-font-icon-svg e-fas-leaf\" viewbox=\"0 0 576 512\" xmlns=\"http:\/\/www.w3.org\/2000\/svg\"><path d=\"M546.2 9.7c-5.6-12.5-21.6-13-28.3-1.2C486.9 62.4 431.4 96 368 96h-80C182 96 96 182 96 288c0 7 .8 13.7 1.5 20.5C161.3 262.8 253.4 224 384 224c8.8 0 16 7.2 16 16s-7.2 16-16 16C132.6 256 26 410.1 2.4 468c-6.6 16.3 1.2 34.9 17.5 41.6 16.4 6.8 35-1.1 41.8-17.3 1.5-3.6 20.9-47.9 71.9-90.6 32.4 43.9 94 85.8 174.9 77.2C465.5 467.5 576 326.7 576 154.3c0-50.2-10.8-102.2-29.8-144.6z\"><\/path><\/svg><\/div><div class=\"eael-content-timeline-content\"><span class=\"eael-date\">2021<\/span><h2 class=\"eael-timeline-title\">Certificering als duurzame partner \"High Performer\u201d<\/h2><div class=\"eael-timeline-excerpt\"><p><img loading=\"lazy\" decoding=\"async\" class=\"alignleft wp-image-19752 size-full\" src=\"https:\/\/konferenztechnik.de\/wp-content\/uploads\/2022\/06\/sustainable-meetings-berlin-konferenztechnik.jpg\" alt=\"\" width=\"405\" height=\"270\" title=\"\" srcset=\"https:\/\/konferenztechnik.de\/wp-content\/uploads\/2022\/06\/sustainable-meetings-berlin-konferenztechnik.jpg 405w, https:\/\/konferenztechnik.de\/wp-content\/uploads\/2022\/06\/sustainable-meetings-berlin-konferenztechnik-300x200.jpg 300w\" sizes=\"(max-width: 405px) 100vw, 405px\" \/>Wat we al lange tijd doen, is nu officieel: we zijn gecertificeerd als Duurzame Partner Berlijn. Dit laat zien dat duurzaamheid stevig is verankerd in onze diensten, onze technologie en in ons bedrijf.<\/p><\/div><\/div><\/div>\t\t\t\t\t\t\t\t\t\t\t\t\t\t\t\t\t\t<div class=\"eael-content-timeline-block\">\n    <div class=\"eael-content-timeline-line\">\n        <div class=\"eael-content-timeline-inner\"><\/div>\n    <\/div>\n    <div class=\"eael-content-timeline-img eael-picture\"><\/div><div class=\"eael-content-timeline-content\"><span class=\"eael-date\">2020<\/span><h2 class=\"eael-timeline-title\">DECT-radiotransmissie<\/h2><div class=\"eael-timeline-excerpt\"><p><img loading=\"lazy\" decoding=\"async\" class=\"alignleft wp-image-48351 size-full\" src=\"https:\/\/konferenztechnik.de\/wp-content\/uploads\/2025\/09\/unite.avif\" alt=\"UNITE - DECT-ontvanger\" width=\"956\" height=\"1120\" title=\"\" srcset=\"https:\/\/konferenztechnik.de\/wp-content\/uploads\/2025\/09\/unite.avif 956w, https:\/\/konferenztechnik.de\/wp-content\/uploads\/2025\/09\/unite-256x300.avif 256w, https:\/\/konferenztechnik.de\/wp-content\/uploads\/2025\/09\/unite-874x1024.avif 874w, https:\/\/konferenztechnik.de\/wp-content\/uploads\/2025\/09\/unite-768x900.avif 768w, https:\/\/konferenztechnik.de\/wp-content\/uploads\/2025\/09\/unite-10x12.avif 10w\" sizes=\"(max-width: 956px) 100vw, 956px\" \/>In 2020 investeerden we zwaar in de nieuwe DECT-transmissietechnologie UNITE, die ontwikkeld werd door Beyerdynamic. Het systeem is sindsdien overgenomen en verder ontwikkeld door Televic \u2013 en wordt nu beschouwd als het meest moderne en lange-afstandstransmissiesysteem voor conferentieontvangers op de markt.<\/p><\/div><\/div><\/div>\t\t\t\t\t\t\t\t\t\t\t\t\t\t\t\t\t\t<div class=\"eael-content-timeline-block\">\n    <div class=\"eael-content-timeline-line\">\n        <div class=\"eael-content-timeline-inner\"><\/div>\n    <\/div>\n    <div class=\"eael-content-timeline-img eael-picture\"><svg class=\"e-font-icon-svg e-fas-thumbs-up\" viewbox=\"0 0 512 512\" xmlns=\"http:\/\/www.w3.org\/2000\/svg\"><path d=\"M104 224H24c-13.255 0-24 10.745-24 24v240c0 13.255 10.745 24 24 24h80c13.255 0 24-10.745 24-24V248c0-13.255-10.745-24-24-24zM64 472c-13.255 0-24-10.745-24-24s10.745-24 24-24 24 10.745 24 24-10.745 24-24 24zM384 81.452c0 42.416-25.97 66.208-33.277 94.548h101.723c33.397 0 59.397 27.746 59.553 58.098.084 17.938-7.546 37.249-19.439 49.197l-.11.11c9.836 23.337 8.237 56.037-9.308 79.469 8.681 25.895-.069 57.704-16.382 74.757 4.298 17.598 2.244 32.575-6.148 44.632C440.202 511.587 389.616 512 346.839 512l-2.845-.001c-48.287-.017-87.806-17.598-119.56-31.725-15.957-7.099-36.821-15.887-52.651-16.178-6.54-.12-11.783-5.457-11.783-11.998v-213.77c0-3.2 1.282-6.271 3.558-8.521 39.614-39.144 56.648-80.587 89.117-113.111 14.804-14.832 20.188-37.236 25.393-58.902C282.515 39.293 291.817 0 312 0c24 0 72 8 72 81.452z\"><\/path><\/svg><\/div><div class=\"eael-content-timeline-content\"><span class=\"eael-date\">2018<\/span><h2 class=\"eael-timeline-title\">We zijn gespecialiseerde dealers van bekende fabrikanten<\/h2><div class=\"eael-timeline-excerpt\"><p><img loading=\"lazy\" decoding=\"async\" class=\"alignleft wp-image-48440 size-full\" src=\"https:\/\/konferenztechnik.de\/wp-content\/uploads\/2025\/09\/IMG_0016_1.avif\" alt=\"PCS bij Shure\" width=\"1147\" height=\"790\" title=\"\" srcset=\"https:\/\/konferenztechnik.de\/wp-content\/uploads\/2025\/09\/IMG_0016_1.avif 1147w, https:\/\/konferenztechnik.de\/wp-content\/uploads\/2025\/09\/IMG_0016_1-300x207.avif 300w, https:\/\/konferenztechnik.de\/wp-content\/uploads\/2025\/09\/IMG_0016_1-1024x705.avif 1024w, https:\/\/konferenztechnik.de\/wp-content\/uploads\/2025\/09\/IMG_0016_1-768x529.avif 768w, https:\/\/konferenztechnik.de\/wp-content\/uploads\/2025\/09\/IMG_0016_1-18x12.avif 18w\" sizes=\"(max-width: 1147px) 100vw, 1147px\" \/><\/p><p>Naast installatie en verhuur zijn de <strong>Verkoop van AV-mediatechnologie<\/strong> is een andere sterke pijler van PCS geworden. We zijn nu gespecialiseerde dealers en partners van tal van bekende fabrikanten op het gebied van audio- en videotechnologie \u2013 waaronder Bosch, Sennheiser, Televic, Audipack, Extron, QSC, Sharp\/NEC, i3-Technologies en natuurlijk, zoals je op de foto kunt zien, Shure.<\/p><\/div><\/div><\/div>\t\t\t\t\t\t\t\t\t\t\t\t\t\t\t\t\t\t<div class=\"eael-content-timeline-block\">\n    <div class=\"eael-content-timeline-line\">\n        <div class=\"eael-content-timeline-inner\"><\/div>\n    <\/div>\n    <div class=\"eael-content-timeline-img eael-picture\"><svg class=\"e-font-icon-svg e-fas-thumbs-up\" viewbox=\"0 0 512 512\" xmlns=\"http:\/\/www.w3.org\/2000\/svg\"><path d=\"M104 224H24c-13.255 0-24 10.745-24 24v240c0 13.255 10.745 24 24 24h80c13.255 0 24-10.745 24-24V248c0-13.255-10.745-24-24-24zM64 472c-13.255 0-24-10.745-24-24s10.745-24 24-24 24 10.745 24 24-10.745 24-24 24zM384 81.452c0 42.416-25.97 66.208-33.277 94.548h101.723c33.397 0 59.397 27.746 59.553 58.098.084 17.938-7.546 37.249-19.439 49.197l-.11.11c9.836 23.337 8.237 56.037-9.308 79.469 8.681 25.895-.069 57.704-16.382 74.757 4.298 17.598 2.244 32.575-6.148 44.632C440.202 511.587 389.616 512 346.839 512l-2.845-.001c-48.287-.017-87.806-17.598-119.56-31.725-15.957-7.099-36.821-15.887-52.651-16.178-6.54-.12-11.783-5.457-11.783-11.998v-213.77c0-3.2 1.282-6.271 3.558-8.521 39.614-39.144 56.648-80.587 89.117-113.111 14.804-14.832 20.188-37.236 25.393-58.902C282.515 39.293 291.817 0 312 0c24 0 72 8 72 81.452z\"><\/path><\/svg><\/div><div class=\"eael-content-timeline-content\"><span class=\"eael-date\">2018<\/span><h2 class=\"eael-timeline-title\">Certificering als gecertificeerde aanbieder van evenementendiensten DPVT<\/h2><div class=\"eael-timeline-excerpt\"><p><img loading=\"lazy\" decoding=\"async\" class=\"alignleft wp-image-48353 size-full\" src=\"https:\/\/konferenztechnik.de\/wp-content\/uploads\/2025\/09\/dpvt-.avif\" alt=\"DPVT-certificaat\" width=\"487\" height=\"685\" title=\"\" srcset=\"https:\/\/konferenztechnik.de\/wp-content\/uploads\/2025\/09\/dpvt-.avif 487w, https:\/\/konferenztechnik.de\/wp-content\/uploads\/2025\/09\/dpvt--213x300.avif 213w, https:\/\/konferenztechnik.de\/wp-content\/uploads\/2025\/09\/dpvt--9x12.avif 9w\" sizes=\"(max-width: 487px) 100vw, 487px\" \/>In 2018 zijn we gecertificeerd als evenementendienstverlener volgens DPVT. Dit certificaat bevestigt dat we voldoen aan de hoogste normen op het gebied van kwaliteitsmanagement en branchespecifieke normen. De certificering staat voor onze professionalisering, continue verbeteringen en een gestructureerde, risicominimaliserende manier van werken in de evenementensector.<\/p><\/div><\/div><\/div>\t\t\t\t\t\t\t\t\t\t\t\t\t\t\t\t\t\t<div class=\"eael-content-timeline-block\">\n    <div class=\"eael-content-timeline-line\">\n        <div class=\"eael-content-timeline-inner\"><\/div>\n    <\/div>\n    <div class=\"eael-content-timeline-img eael-picture\"><\/div><div class=\"eael-content-timeline-content\"><span class=\"eael-date\">2013<\/span><h2 class=\"eael-timeline-title\"> Opening van de vestiging in M\u00fcnchen<\/h2><div class=\"eael-timeline-excerpt\"><p><img loading=\"lazy\" decoding=\"async\" class=\"alignleft wp-image-48336 size-full\" src=\"https:\/\/konferenztechnik.de\/wp-content\/uploads\/2025\/09\/Muenchen-Gewerbepark-Laim-2013-11.avif\" alt=\"\" width=\"859\" height=\"483\" title=\"\" srcset=\"https:\/\/konferenztechnik.de\/wp-content\/uploads\/2025\/09\/Muenchen-Gewerbepark-Laim-2013-11.avif 859w, https:\/\/konferenztechnik.de\/wp-content\/uploads\/2025\/09\/Muenchen-Gewerbepark-Laim-2013-11-300x169.avif 300w, https:\/\/konferenztechnik.de\/wp-content\/uploads\/2025\/09\/Muenchen-Gewerbepark-Laim-2013-11-768x432.avif 768w, https:\/\/konferenztechnik.de\/wp-content\/uploads\/2025\/09\/Muenchen-Gewerbepark-Laim-2013-11-18x10.avif 18w\" sizes=\"(max-width: 859px) 100vw, 859px\" \/>In 2013 openden we onze vestiging in M\u00fcnchen onder leiding van Sebastian Gegusch. Deze strategisch belangrijke locatie in een dynamische stad biedt ons een uitstekende basis om nog dichter bij onze klanten in Zuid-Duitsland te staan en flexibel in te spelen op hun wensen.<\/p><\/div><\/div><\/div>\t\t\t\t\t\t\t\t\t\t\t\t\t\t\t\t\t\t<div class=\"eael-content-timeline-block\">\n    <div class=\"eael-content-timeline-line\">\n        <div class=\"eael-content-timeline-inner\"><\/div>\n    <\/div>\n    <div class=\"eael-content-timeline-img eael-picture\"><svg class=\"e-font-icon-svg e-fas-star\" viewbox=\"0 0 576 512\" xmlns=\"http:\/\/www.w3.org\/2000\/svg\"><path d=\"M259.3 17.8L194 150.2 47.9 171.5c-26.2 3.8-36.7 36.1-17.7 54.6l105.7 103-25 145.5c-4.5 26.3 23.2 46 46.4 33.7L288 439.6l130.7 68.7c23.2 12.2 50.9-7.4 46.4-33.7l-25-145.5 105.7-103c19-18.5 8.5-50.8-17.7-54.6L382 150.2 316.7 17.8c-11.7-23.6-45.6-23.9-57.4 0z\"><\/path><\/svg><\/div><div class=\"eael-content-timeline-content\"><span class=\"eael-date\">2011<\/span><h2 class=\"eael-timeline-title\">Grote mediatechnologische installatie in de Fritz Thyssen Stichting<\/h2><div class=\"eael-timeline-excerpt\"><p><img loading=\"lazy\" decoding=\"async\" class=\"alignleft wp-image-48421 size-full\" src=\"https:\/\/konferenztechnik.de\/wp-content\/uploads\/2025\/09\/fritz-thyssen.avif\" alt=\"\" width=\"592\" height=\"839\" title=\"\" srcset=\"https:\/\/konferenztechnik.de\/wp-content\/uploads\/2025\/09\/fritz-thyssen.avif 592w, https:\/\/konferenztechnik.de\/wp-content\/uploads\/2025\/09\/fritz-thyssen-212x300.avif 212w, https:\/\/konferenztechnik.de\/wp-content\/uploads\/2025\/09\/fritz-thyssen-8x12.avif 8w\" sizes=\"(max-width: 592px) 100vw, 592px\" \/>In 2011 voerden we als PCS Vertriebs- und Service GmbH een van onze eerste grote projecten uit op het gebied van de installatie van AV-mediatechnologie, zoals het vaktijdschrift Professional System meldde: We namen de volledige integratie en installatie van moderne media- en conferentietechnologie op ons in het nieuwe hoofdkantoor van de Fritz Thyssen Stichting in Keulen. De focus lag op onze netwerkgebaseerde \u2013 totaaloplossing met glasvezelnetwerken, digitale signaaldistributie en de uitrusting van verschillende evenement- en conferentieruimten met innovatieve besturings- en presentatiesystemen. Met deze mijlpaal hebben we laten zien dat we zelfs onder complexe bouwkundige en architectonische omstandigheden op betrouwbare wijze geavanceerde totaaloplossingen kunnen realiseren.<\/p><\/div><\/div><\/div>\t\t\t\t\t\t\t\t\t\t\t\t\t\t\t\t\t\t<div class=\"eael-content-timeline-block\">\n    <div class=\"eael-content-timeline-line\">\n        <div class=\"eael-content-timeline-inner\"><\/div>\n    <\/div>\n    <div class=\"eael-content-timeline-img eael-picture\"><svg class=\"e-font-icon-svg e-fas-star\" viewbox=\"0 0 576 512\" xmlns=\"http:\/\/www.w3.org\/2000\/svg\"><path d=\"M259.3 17.8L194 150.2 47.9 171.5c-26.2 3.8-36.7 36.1-17.7 54.6l105.7 103-25 145.5c-4.5 26.3 23.2 46 46.4 33.7L288 439.6l130.7 68.7c23.2 12.2 50.9-7.4 46.4-33.7l-25-145.5 105.7-103c19-18.5 8.5-50.8-17.7-54.6L382 150.2 316.7 17.8c-11.7-23.6-45.6-23.9-57.4 0z\"><\/path><\/svg><\/div><div class=\"eael-content-timeline-content\"><span class=\"eael-date\">2006<\/span><h2 class=\"eael-timeline-title\">Oprichting van PCS der Vertriebs- und Service GmbH<\/h2><div class=\"eael-timeline-excerpt\"><p><img loading=\"lazy\" decoding=\"async\" class=\"alignleft wp-image-48354 size-full\" src=\"https:\/\/konferenztechnik.de\/wp-content\/uploads\/2025\/09\/pcs-vertrieb-altes-logopng.avif\" alt=\"PCS Vertriebs- und Service GmbH oud logo\" width=\"836\" height=\"529\" title=\"\" srcset=\"https:\/\/konferenztechnik.de\/wp-content\/uploads\/2025\/09\/pcs-vertrieb-altes-logopng.avif 836w, https:\/\/konferenztechnik.de\/wp-content\/uploads\/2025\/09\/pcs-vertrieb-altes-logopng-300x190.avif 300w, https:\/\/konferenztechnik.de\/wp-content\/uploads\/2025\/09\/pcs-vertrieb-altes-logopng-768x486.avif 768w, https:\/\/konferenztechnik.de\/wp-content\/uploads\/2025\/09\/pcs-vertrieb-altes-logopng-18x12.avif 18w\" sizes=\"(max-width: 836px) 100vw, 836px\" \/>Eind 2006 hebben we ons zusterbedrijf PCS Vertriebs- und Service GmbH in D\u00fcsseldorf opgericht onder leiding van Dirk Neumann. Hier houden we ons bezig met de installatie, verkoop, onderhoud en planning van AV-mediatechniek en conferentietechniek. Beide bedrijven bestaan naast elkaar en vullen elkaar aan met hun diensten en aanbiedingen.<\/p><\/div><\/div><\/div>\t\t\t\t\t\t\t\t\t\t\t\t\t\t\t\t\t\t<div class=\"eael-content-timeline-block\">\n    <div class=\"eael-content-timeline-line\">\n        <div class=\"eael-content-timeline-inner\"><\/div>\n    <\/div>\n    <div class=\"eael-content-timeline-img eael-picture\"><svg class=\"e-font-icon-svg e-fas-basketball-ball\" viewbox=\"0 0 496 512\" xmlns=\"http:\/\/www.w3.org\/2000\/svg\"><path d=\"M212.3 10.3c-43.8 6.3-86.2 24.1-122.2 53.8l77.4 77.4c27.8-35.8 43.3-81.2 44.8-131.2zM248 222L405.9 64.1c-42.4-35-93.6-53.5-145.5-56.1-1.2 63.9-21.5 122.3-58.7 167.7L248 222zM56.1 98.1c-29.7 36-47.5 78.4-53.8 122.2 50-1.5 95.5-17 131.2-44.8L56.1 98.1zm272.2 204.2c45.3-37.1 103.7-57.4 167.7-58.7-2.6-51.9-21.1-103.1-56.1-145.5L282 256l46.3 46.3zM248 290L90.1 447.9c42.4 34.9 93.6 53.5 145.5 56.1 1.3-64 21.6-122.4 58.7-167.7L248 290zm191.9 123.9c29.7-36 47.5-78.4 53.8-122.2-50.1 1.6-95.5 17.1-131.2 44.8l77.4 77.4zM167.7 209.7C122.3 246.9 63.9 267.3 0 268.4c2.6 51.9 21.1 103.1 56.1 145.5L214 256l-46.3-46.3zm116 292c43.8-6.3 86.2-24.1 122.2-53.8l-77.4-77.4c-27.7 35.7-43.2 81.2-44.8 131.2z\"><\/path><\/svg><\/div><div class=\"eael-content-timeline-content\"><span class=\"eael-date\">2005<\/span><h2 class=\"eael-timeline-title\">Loting WK-finale 2006<\/h2><div class=\"eael-timeline-excerpt\"><p><img loading=\"lazy\" decoding=\"async\" class=\"alignleft wp-image-48342 size-full\" src=\"https:\/\/konferenztechnik.de\/wp-content\/uploads\/2025\/09\/wm-auslosung-2006-mit-pcs-konferenztechnik-1.avif\" alt=\"\" width=\"1500\" height=\"1125\" title=\"\" srcset=\"https:\/\/konferenztechnik.de\/wp-content\/uploads\/2025\/09\/wm-auslosung-2006-mit-pcs-konferenztechnik-1.avif 1500w, https:\/\/konferenztechnik.de\/wp-content\/uploads\/2025\/09\/wm-auslosung-2006-mit-pcs-konferenztechnik-1-300x225.avif 300w, https:\/\/konferenztechnik.de\/wp-content\/uploads\/2025\/09\/wm-auslosung-2006-mit-pcs-konferenztechnik-1-1024x768.avif 1024w, https:\/\/konferenztechnik.de\/wp-content\/uploads\/2025\/09\/wm-auslosung-2006-mit-pcs-konferenztechnik-1-768x576.avif 768w, https:\/\/konferenztechnik.de\/wp-content\/uploads\/2025\/09\/wm-auslosung-2006-mit-pcs-konferenztechnik-1-16x12.avif 16w\" sizes=\"(max-width: 1500px) 100vw, 1500px\" \/>In december 2005 waren we verantwoordelijk voor de technologie voor simultaanvertolking bij de laatste loting voor het WK 2006 in Leipzig. Met 4.000 radio-ontvangers voor vijf talen zetten we destijds de standaard \u2013 - een schaal die nog nooit eerder was gezien in radiotechnologie voor simultaanvertaling.<\/p><\/div><\/div><\/div>\t\t\t\t\t\t\t\t\t\t\t\t\t\t\t\t\t\t<div class=\"eael-content-timeline-block\">\n    <div class=\"eael-content-timeline-line\">\n        <div class=\"eael-content-timeline-inner\"><\/div>\n    <\/div>\n    <div class=\"eael-content-timeline-img eael-picture\"><\/div><div class=\"eael-content-timeline-content\"><span class=\"eael-date\">2005<\/span><h2 class=\"eael-timeline-title\">Opening van het filiaal in Heilbronn<\/h2><div class=\"eael-timeline-excerpt\"><p><img loading=\"lazy\" decoding=\"async\" class=\"alignleft wp-image-48404 size-full\" src=\"https:\/\/konferenztechnik.de\/wp-content\/uploads\/2025\/09\/heilbronn2b.avif\" alt=\"\" width=\"620\" height=\"432\" title=\"\" srcset=\"https:\/\/konferenztechnik.de\/wp-content\/uploads\/2025\/09\/heilbronn2b.avif 620w, https:\/\/konferenztechnik.de\/wp-content\/uploads\/2025\/09\/heilbronn2b-300x209.avif 300w, https:\/\/konferenztechnik.de\/wp-content\/uploads\/2025\/09\/heilbronn2b-18x12.avif 18w\" sizes=\"(max-width: 620px) 100vw, 620px\" \/>Om ons groeiende klantenbestand in Zuid-Duitsland beter te kunnen bedienen, werd het idee om een vestiging in het zuiden te openen steeds concreter. Met Beyerdynamic als betrouwbare partner en Shure om de hoek, viel onze keuze al snel op Heilbronn. In 2005 zijn we gestart met Carsten Adam, die de vestiging heeft opgezet en geleid. Hier samen met Sebastian Gegusch, die nu de leiding heeft over de vestiging van PCS in M\u00fcnchen.<\/p><\/div><\/div><\/div>\t\t\t\t\t\t\t\t\t\t\t\t\t\t\t\t\t\t<div class=\"eael-content-timeline-block\">\n    <div class=\"eael-content-timeline-line\">\n        <div class=\"eael-content-timeline-inner\"><\/div>\n    <\/div>\n    <div class=\"eael-content-timeline-img eael-picture\"><\/div><div class=\"eael-content-timeline-content\"><span class=\"eael-date\">2001<\/span><h2 class=\"eael-timeline-title\">Radiotechnologie voor tolkontvangers<\/h2><div class=\"eael-timeline-excerpt\"><p><img loading=\"lazy\" decoding=\"async\" class=\"alignleft wp-image-48352 size-full\" src=\"https:\/\/konferenztechnik.de\/wp-content\/uploads\/2025\/09\/PCS-Messestand-BDUe-Berlin-Sep-09-030.avif\" alt=\"PCS stand BD\u00dc Berlijn - Sep 09 - 030\" width=\"1500\" height=\"1000\" title=\"\" srcset=\"https:\/\/konferenztechnik.de\/wp-content\/uploads\/2025\/09\/PCS-Messestand-BDUe-Berlin-Sep-09-030.avif 1500w, https:\/\/konferenztechnik.de\/wp-content\/uploads\/2025\/09\/PCS-Messestand-BDUe-Berlin-Sep-09-030-300x200.avif 300w, https:\/\/konferenztechnik.de\/wp-content\/uploads\/2025\/09\/PCS-Messestand-BDUe-Berlin-Sep-09-030-1024x683.avif 1024w, https:\/\/konferenztechnik.de\/wp-content\/uploads\/2025\/09\/PCS-Messestand-BDUe-Berlin-Sep-09-030-768x512.avif 768w, https:\/\/konferenztechnik.de\/wp-content\/uploads\/2025\/09\/PCS-Messestand-BDUe-Berlin-Sep-09-030-18x12.avif 18w\" sizes=\"(max-width: 1500px) 100vw, 1500px\" \/>Met het nieuwe Beyerdynamic TTS 30 draadloze technologie systeem, begon draadloos te concurreren met infrarood transmissie. In die tijd moedigden we Beyerdynamic aan om stationaire zenders te ontwikkelen voor de draadloze ontvangers \u2013 - een mijlpaal voor spraakoverdracht op conferenties.<\/p><\/div><\/div><\/div>\t\t\t\t\t\t\t\t\t\t\t\t\t\t\t\t\t\t<div class=\"eael-content-timeline-block\">\n    <div class=\"eael-content-timeline-line\">\n        <div class=\"eael-content-timeline-inner\"><\/div>\n    <\/div>\n    <div class=\"eael-content-timeline-img eael-picture\"><svg class=\"e-font-icon-svg e-fas-star\" viewbox=\"0 0 576 512\" xmlns=\"http:\/\/www.w3.org\/2000\/svg\"><path d=\"M259.3 17.8L194 150.2 47.9 171.5c-26.2 3.8-36.7 36.1-17.7 54.6l105.7 103-25 145.5c-4.5 26.3 23.2 46 46.4 33.7L288 439.6l130.7 68.7c23.2 12.2 50.9-7.4 46.4-33.7l-25-145.5 105.7-103c19-18.5 8.5-50.8-17.7-54.6L382 150.2 316.7 17.8c-11.7-23.6-45.6-23.9-57.4 0z\"><\/path><\/svg><\/div><div class=\"eael-content-timeline-content\"><span class=\"eael-date\">2000<\/span><h2 class=\"eael-timeline-title\">Opening van het filiaal in Berlijn<\/h2><div class=\"eael-timeline-excerpt\"><p><img loading=\"lazy\" decoding=\"async\" class=\"alignleft wp-image-48330 size-full\" src=\"https:\/\/konferenztechnik.de\/wp-content\/uploads\/2025\/09\/Zossener-Strasse-Berlin-2021-03-edit-.avif\" alt=\"PCS filiaal Zossener Stra\u00dfe Berlijn. Tot 2022.\" width=\"1500\" height=\"1072\" title=\"\" srcset=\"https:\/\/konferenztechnik.de\/wp-content\/uploads\/2025\/09\/Zossener-Strasse-Berlin-2021-03-edit-.avif 1500w, https:\/\/konferenztechnik.de\/wp-content\/uploads\/2025\/09\/Zossener-Strasse-Berlin-2021-03-edit--300x214.avif 300w, https:\/\/konferenztechnik.de\/wp-content\/uploads\/2025\/09\/Zossener-Strasse-Berlin-2021-03-edit--1024x732.avif 1024w, https:\/\/konferenztechnik.de\/wp-content\/uploads\/2025\/09\/Zossener-Strasse-Berlin-2021-03-edit--768x549.avif 768w, https:\/\/konferenztechnik.de\/wp-content\/uploads\/2025\/09\/Zossener-Strasse-Berlin-2021-03-edit--18x12.avif 18w\" sizes=\"(max-width: 1500px) 100vw, 1500px\" \/><\/p><p>Toen de regering in 1999 van Bonn naar Berlijn verhuisde, werd het ons snel duidelijk dat de karavaan zich onverbiddelijk naar de hoofdstad verplaatste. Naast ministeries sluiten ook NGO's en veel bedrijven met vertegenwoordigingen in Berlijn zich aan bij \u2013 - de evenementenscene in Berlijn verandert zienderogen. Daarom hebben we besloten een Berlijnse vestiging te openen. J\u00f6rg Peschka en onze technicus Lars M\u00fcller verhuisden naar Berlijn en richtten de locatie in.<\/p><\/div><\/div><\/div>\t\t\t\t\t\t\t\t\t\t\t\t\t\t\t\t\t\t<div class=\"eael-content-timeline-block\">\n    <div class=\"eael-content-timeline-line\">\n        <div class=\"eael-content-timeline-inner\"><\/div>\n    <\/div>\n    <div class=\"eael-content-timeline-img eael-picture\"><\/div><div class=\"eael-content-timeline-content\"><span class=\"eael-date\">2001<\/span><h2 class=\"eael-timeline-title\">Verhuizing naar Reisholzer Werftstra\u00dfe<\/h2><div class=\"eael-timeline-excerpt\"><p><img loading=\"lazy\" decoding=\"async\" class=\"alignleft wp-image-48447 size-full\" src=\"https:\/\/konferenztechnik.de\/wp-content\/uploads\/2025\/09\/inline-1.avif\" alt=\"Zicht op de hal in de Reisholzer Werftstra\u00dfe tijdens de verhuizing\" width=\"1275\" height=\"1200\" title=\"\" srcset=\"https:\/\/konferenztechnik.de\/wp-content\/uploads\/2025\/09\/inline-1.avif 1275w, https:\/\/konferenztechnik.de\/wp-content\/uploads\/2025\/09\/inline-1-300x282.avif 300w, https:\/\/konferenztechnik.de\/wp-content\/uploads\/2025\/09\/inline-1-1024x964.avif 1024w, https:\/\/konferenztechnik.de\/wp-content\/uploads\/2025\/09\/inline-1-768x723.avif 768w, https:\/\/konferenztechnik.de\/wp-content\/uploads\/2025\/09\/inline-1-13x12.avif 13w\" sizes=\"(max-width: 1275px) 100vw, 1275px\" \/><\/p><p>Nadat het magazijn en de kantoorruimte in de Lindenstra\u00dfe uit hun voegen barstten, zijn we verhuisd naar de Reisholzer Werftstra\u00dfe in het zuiden van D\u00fcsseldorf. Daar vonden we meer ruimte voor onze groei met een grote hal en kantoren op twee verdiepingen. Meer dan 20 jaar later werd het gebouw gemoderniseerd en meerdere keren uitgebreid \u2013 en we zijn er nog steeds.<\/p><\/div><\/div><\/div>\t\t\t\t\t\t\t\t\t\t\t\t\t\t\t\t\t\t<div class=\"eael-content-timeline-block\">\n    <div class=\"eael-content-timeline-line\">\n        <div class=\"eael-content-timeline-inner\"><\/div>\n    <\/div>\n    <div class=\"eael-content-timeline-img eael-picture\"><svg class=\"e-font-icon-svg e-fas-star\" viewbox=\"0 0 576 512\" xmlns=\"http:\/\/www.w3.org\/2000\/svg\"><path d=\"M259.3 17.8L194 150.2 47.9 171.5c-26.2 3.8-36.7 36.1-17.7 54.6l105.7 103-25 145.5c-4.5 26.3 23.2 46 46.4 33.7L288 439.6l130.7 68.7c23.2 12.2 50.9-7.4 46.4-33.7l-25-145.5 105.7-103c19-18.5 8.5-50.8-17.7-54.6L382 150.2 316.7 17.8c-11.7-23.6-45.6-23.9-57.4 0z\"><\/path><\/svg><\/div><div class=\"eael-content-timeline-content\"><span class=\"eael-date\">28.09.1995<\/span><h2 class=\"eael-timeline-title\">Oprichting van PCS Professional Conference Systems GmbH<\/h2><div class=\"eael-timeline-excerpt\"><p>\u00a0<\/p><p><img loading=\"lazy\" decoding=\"async\" src=\"https:\/\/konferenztechnik.de\/wp-content\/uploads\/2025\/09\/Joerg-und-dirk-gruendung-scaled.avif\" alt=\"\" width=\"2560\" height=\"1706\" title=\"\">Op 28 september 1995 was het zover: Dirk Neumann en J\u00f6rg Peschka richtten PCS Professional Conference Systems GmbH op. Met veel motivatie en duidelijke doelen begon hun gezamenlijke reis.<\/p><\/div><\/div><\/div>\t\t\t\t<\/div>\n\t\t\t<\/div>\n\t\t<\/div>\n\t\t\t\t\t<\/div>\n\t\t\t\t<\/div>\n\t\t\t\t\t<\/div>\n\t\t\t\t<\/div>\n\t\t<div data-particle_enable=\"false\" data-particle-mobile-disabled=\"false\" class=\"elementor-element elementor-element-986d429 e-flex e-con-boxed e-con e-parent\" data-id=\"986d429\" data-element_type=\"container\">\n\t\t\t\t\t<div class=\"e-con-inner\">\n\t\t\t\t\t<\/div>\n\t\t\t\t<\/div>\n\t\t\t\t<\/div>","protected":false},"excerpt":{"rendered":"<p>Sinds onze oprichting in 1995 is er veel gebeurd. \u2013 begon met tolktechnologie en heeft zich ontwikkeld tot een toonaangevende full-service aanbieder van conferentie- en evenemententechnologie en de installatie van moderne mediatechnologie.<\/p>","protected":false},"author":1,"featured_media":48474,"comment_status":"closed","ping_status":"closed","sticky":false,"template":"","format":"standard","meta":{"_acf_changed":false,"footnotes":""},"categories":[1],"tags":[],"class_list":["post-48284","post","type-post","status-publish","format-standard","has-post-thumbnail","hentry","category-allgemein"],"acf":[],"_links":{"self":[{"href":"https:\/\/konferenztechnik.de\/nl\/wp-json\/wp\/v2\/posts\/48284","targetHints":{"allow":["GET"]}}],"collection":[{"href":"https:\/\/konferenztechnik.de\/nl\/wp-json\/wp\/v2\/posts"}],"about":[{"href":"https:\/\/konferenztechnik.de\/nl\/wp-json\/wp\/v2\/types\/post"}],"author":[{"embeddable":true,"href":"https:\/\/konferenztechnik.de\/nl\/wp-json\/wp\/v2\/users\/1"}],"replies":[{"embeddable":true,"href":"https:\/\/konferenztechnik.de\/nl\/wp-json\/wp\/v2\/comments?post=48284"}],"version-history":[{"count":0,"href":"https:\/\/konferenztechnik.de\/nl\/wp-json\/wp\/v2\/posts\/48284\/revisions"}],"wp:featuredmedia":[{"embeddable":true,"href":"https:\/\/konferenztechnik.de\/nl\/wp-json\/wp\/v2\/media\/48474"}],"wp:attachment":[{"href":"https:\/\/konferenztechnik.de\/nl\/wp-json\/wp\/v2\/media?parent=48284"}],"wp:term":[{"taxonomy":"category","embeddable":true,"href":"https:\/\/konferenztechnik.de\/nl\/wp-json\/wp\/v2\/categories?post=48284"},{"taxonomy":"post_tag","embeddable":true,"href":"https:\/\/konferenztechnik.de\/nl\/wp-json\/wp\/v2\/tags?post=48284"}],"curies":[{"name":"wp","href":"https:\/\/api.w.org\/{rel}","templated":true}]}}