{"id":6545,"date":"2016-04-15T14:03:35","date_gmt":"2016-04-15T13:03:35","guid":{"rendered":"https:\/\/konferenztechnik.de\/?page_id=6545"},"modified":"2023-06-26T10:26:27","modified_gmt":"2023-06-26T08:26:27","slug":"i3-technologieen","status":"publish","type":"post","link":"https:\/\/konferenztechnik.de\/nl\/i3-technologieen\/","title":{"rendered":"i3-Technologie\u00ebn"},"content":{"rendered":"<div data-elementor-type=\"wp-post\" data-elementor-id=\"6545\" class=\"elementor elementor-6545\" data-elementor-post-type=\"post\">\n\t\t\t\t<div data-particle_enable=\"false\" data-particle-mobile-disabled=\"false\" class=\"elementor-element elementor-element-20589dbe e-flex e-con-boxed e-con e-parent\" data-id=\"20589dbe\" data-element_type=\"container\">\n\t\t\t\t\t<div class=\"e-con-inner\">\n\t\t\t\t<div class=\"elementor-element elementor-element-aaa0975 elementor-widget elementor-widget-heading\" data-id=\"aaa0975\" data-element_type=\"widget\" data-settings=\"{&quot;_animation&quot;:&quot;none&quot;}\" data-widget_type=\"heading.default\">\n\t\t\t\t<div class=\"elementor-widget-container\">\n\t\t\t\t\t<h2 class=\"elementor-heading-title elementor-size-default\">i3-Technologie\u00ebn<\/h2>\t\t\t\t<\/div>\n\t\t\t\t<\/div>\n\t\t\t\t\t<\/div>\n\t\t\t\t<\/div>\n\t\t<div data-particle_enable=\"false\" data-particle-mobile-disabled=\"false\" class=\"elementor-element elementor-element-2b9d2572 e-grid e-con-boxed e-con e-parent\" data-id=\"2b9d2572\" data-element_type=\"container\">\n\t\t\t\t\t<div class=\"e-con-inner\">\n\t\t\t\t<div class=\"elementor-element elementor-element-33837b07 elementor-widget__width-inherit elementor-widget elementor-widget-text-editor\" data-id=\"33837b07\" data-element_type=\"widget\" data-widget_type=\"text-editor.default\">\n\t\t\t\t<div class=\"elementor-widget-container\">\n\t\t\t\t\t\t\t\t\t<p>i3-Technologies is een leverancier van whiteboards, touch displays, minicomputers, projectoren en draadloze presentatie- en softwareoplossingen. i3-Technologies is de leverancier voor interactief leren, presenteren en communiceren.<\/p><p>\u00a0<\/p><p>i3-oplossingen zijn plug-and-play, de spreker kan zijn apparaat onmiddellijk aansluiten op het scherm zonder dat hij technische kennis of training nodig heeft. Samenwerking en resultaten worden aangemoedigd. Combineer analoge en digitale presentaties en word snel, effici\u00ebnt en flexibel. Profiteer van de jarenlange ervaring van i3-Technologies in de onderwijssector.<\/p>\t\t\t\t\t\t\t\t<\/div>\n\t\t\t\t<\/div>\n\t\t\t\t<div class=\"elementor-element elementor-element-13b6059 elementor-widget elementor-widget-image\" data-id=\"13b6059\" data-element_type=\"widget\" data-widget_type=\"image.default\">\n\t\t\t\t<div class=\"elementor-widget-container\">\n\t\t\t\t\t\t\t\t\t\t\t\t\t\t\t<img fetchpriority=\"high\" decoding=\"async\" width=\"577\" height=\"385\" src=\"https:\/\/konferenztechnik.de\/wp-content\/uploads\/2016\/09\/i3-technologies.jpg\" class=\"attachment-full size-full wp-image-7850\" alt=\"\" srcset=\"https:\/\/konferenztechnik.de\/wp-content\/uploads\/2016\/09\/i3-technologies.jpg 577w, https:\/\/konferenztechnik.de\/wp-content\/uploads\/2016\/09\/i3-technologies-300x200.jpg 300w\" sizes=\"(max-width: 577px) 100vw, 577px\" title=\"\">\t\t\t\t\t\t\t\t\t\t\t\t\t\t\t<\/div>\n\t\t\t\t<\/div>\n\t\t\t\t\t<\/div>\n\t\t\t\t<\/div>\n\t\t<div data-particle_enable=\"false\" data-particle-mobile-disabled=\"false\" class=\"elementor-element elementor-element-150da460 e-grid e-con-boxed e-con e-parent\" data-id=\"150da460\" data-element_type=\"container\">\n\t\t\t\t\t<div class=\"e-con-inner\">\n\t\t\t\t<div class=\"elementor-element elementor-element-2efb7c6c elementor-widget elementor-widget-heading\" data-id=\"2efb7c6c\" data-element_type=\"widget\" data-settings=\"{&quot;_animation&quot;:&quot;none&quot;}\" data-widget_type=\"heading.default\">\n\t\t\t\t<div class=\"elementor-widget-container\">\n\t\t\t\t\t<h2 class=\"elementor-heading-title elementor-size-default\">i3 = iNTERACTIEF, iNTEGRATED, iNSPIRING<\/h2>\t\t\t\t<\/div>\n\t\t\t\t<\/div>\n\t\t\t\t<div class=\"elementor-element elementor-element-15ad5f11 elementor-widget elementor-widget-image\" data-id=\"15ad5f11\" data-element_type=\"widget\" data-widget_type=\"image.default\">\n\t\t\t\t<div class=\"elementor-widget-container\">\n\t\t\t\t\t\t\t\t\t\t\t\t\t\t\t<img decoding=\"async\" width=\"150\" height=\"150\" src=\"https:\/\/konferenztechnik.de\/wp-content\/uploads\/2016\/04\/logo-i3learning-150x150.jpg\" class=\"attachment-thumbnail size-thumbnail wp-image-6640\" alt=\"Logo i3leren\" srcset=\"https:\/\/konferenztechnik.de\/wp-content\/uploads\/2016\/04\/logo-i3learning-150x150.jpg 150w, https:\/\/konferenztechnik.de\/wp-content\/uploads\/2016\/04\/logo-i3learning.jpg 250w\" sizes=\"(max-width: 150px) 100vw, 150px\" title=\"\">\t\t\t\t\t\t\t\t\t\t\t\t\t\t\t<\/div>\n\t\t\t\t<\/div>\n\t\t\t\t\t<\/div>\n\t\t\t\t<\/div>\n\t\t<div data-particle_enable=\"false\" data-particle-mobile-disabled=\"false\" class=\"elementor-element elementor-element-22ebff99 e-flex e-con-boxed e-con e-parent\" data-id=\"22ebff99\" data-element_type=\"container\">\n\t\t\t\t\t<div class=\"e-con-inner\">\n\t\t\t\t<div class=\"elementor-element elementor-element-5bea977c elementor-widget elementor-widget-spacer\" data-id=\"5bea977c\" data-element_type=\"widget\" data-widget_type=\"spacer.default\">\n\t\t\t\t<div class=\"elementor-widget-container\">\n\t\t\t\t\t\t\t<div class=\"elementor-spacer\">\n\t\t\t<div class=\"elementor-spacer-inner\"><\/div>\n\t\t<\/div>\n\t\t\t\t\t\t<\/div>\n\t\t\t\t<\/div>\n\t\t\t\t\t<\/div>\n\t\t\t\t<\/div>\n\t\t<div data-particle_enable=\"false\" data-particle-mobile-disabled=\"false\" class=\"elementor-element elementor-element-1fed6b05 e-grid e-con-boxed e-con e-parent\" data-id=\"1fed6b05\" data-element_type=\"container\">\n\t\t\t\t\t<div class=\"e-con-inner\">\n\t\t<div data-particle_enable=\"false\" data-particle-mobile-disabled=\"false\" class=\"elementor-element elementor-element-1f0a473 e-flex e-con-boxed e-con e-parent\" data-id=\"1f0a473\" data-element_type=\"container\" data-settings=\"{&quot;background_background&quot;:&quot;classic&quot;}\">\n\t\t\t\t\t<div class=\"e-con-inner\">\n\t\t\t\t<div class=\"elementor-element elementor-element-502108cc elementor-widget elementor-widget-image\" data-id=\"502108cc\" data-element_type=\"widget\" data-widget_type=\"image.default\">\n\t\t\t\t<div class=\"elementor-widget-container\">\n\t\t\t\t\t\t\t\t\t\t\t\t\t\t\t<img decoding=\"async\" width=\"424\" height=\"284\" src=\"https:\/\/konferenztechnik.de\/wp-content\/uploads\/2016\/10\/i3-whiteboard.jpg\" class=\"attachment-large size-large wp-image-8338\" alt=\"\" srcset=\"https:\/\/konferenztechnik.de\/wp-content\/uploads\/2016\/10\/i3-whiteboard.jpg 424w, https:\/\/konferenztechnik.de\/wp-content\/uploads\/2016\/10\/i3-whiteboard-300x201.jpg 300w\" sizes=\"(max-width: 424px) 100vw, 424px\" title=\"\">\t\t\t\t\t\t\t\t\t\t\t\t\t\t\t<\/div>\n\t\t\t\t<\/div>\n\t\t\t\t<div class=\"elementor-element elementor-element-5631886 elementor-widget elementor-widget-heading\" data-id=\"5631886\" data-element_type=\"widget\" data-settings=\"{&quot;_animation&quot;:&quot;none&quot;}\" data-widget_type=\"heading.default\">\n\t\t\t\t<div class=\"elementor-widget-container\">\n\t\t\t\t\t<h2 class=\"elementor-heading-title elementor-size-default\">Whiteboards<\/h2>\t\t\t\t<\/div>\n\t\t\t\t<\/div>\n\t\t\t\t<div class=\"elementor-element elementor-element-3b9f053f elementor-widget__width-inherit elementor-widget elementor-widget-text-editor\" data-id=\"3b9f053f\" data-element_type=\"widget\" data-widget_type=\"text-editor.default\">\n\t\t\t\t<div class=\"elementor-widget-container\">\n\t\t\t\t\t\t\t\t\t<p>i3BOARD \u2013 interactieve whiteboardsystemen met projectieoppervlakken met minimale glans<\/p>\t\t\t\t\t\t\t\t<\/div>\n\t\t\t\t<\/div>\n\t\t\t\t\t<\/div>\n\t\t\t\t<\/div>\n\t\t<div data-particle_enable=\"false\" data-particle-mobile-disabled=\"false\" class=\"elementor-element elementor-element-19c6d37b e-flex e-con-boxed e-con e-parent\" data-id=\"19c6d37b\" data-element_type=\"container\" data-settings=\"{&quot;background_background&quot;:&quot;classic&quot;}\">\n\t\t\t\t\t<div class=\"e-con-inner\">\n\t\t\t\t<div class=\"elementor-element elementor-element-65688dc5 elementor-widget elementor-widget-image\" data-id=\"65688dc5\" data-element_type=\"widget\" data-widget_type=\"image.default\">\n\t\t\t\t<div class=\"elementor-widget-container\">\n\t\t\t\t\t\t\t\t\t\t\t\t\t\t\t<img loading=\"lazy\" decoding=\"async\" width=\"424\" height=\"284\" src=\"https:\/\/konferenztechnik.de\/wp-content\/uploads\/2016\/10\/i3-projektor.jpg\" class=\"attachment-large size-large wp-image-8337\" alt=\"\" srcset=\"https:\/\/konferenztechnik.de\/wp-content\/uploads\/2016\/10\/i3-projektor.jpg 424w, https:\/\/konferenztechnik.de\/wp-content\/uploads\/2016\/10\/i3-projektor-300x201.jpg 300w\" sizes=\"(max-width: 424px) 100vw, 424px\" title=\"\">\t\t\t\t\t\t\t\t\t\t\t\t\t\t\t<\/div>\n\t\t\t\t<\/div>\n\t\t\t\t<div class=\"elementor-element elementor-element-71810f1e elementor-widget elementor-widget-heading\" data-id=\"71810f1e\" data-element_type=\"widget\" data-settings=\"{&quot;_animation&quot;:&quot;none&quot;}\" data-widget_type=\"heading.default\">\n\t\t\t\t<div class=\"elementor-widget-container\">\n\t\t\t\t\t<h2 class=\"elementor-heading-title elementor-size-default\">Projectoren<\/h2>\t\t\t\t<\/div>\n\t\t\t\t<\/div>\n\t\t\t\t<div class=\"elementor-element elementor-element-2f51d3d7 elementor-widget__width-inherit elementor-widget elementor-widget-text-editor\" data-id=\"2f51d3d7\" data-element_type=\"widget\" data-widget_type=\"text-editor.default\">\n\t\t\t\t<div class=\"elementor-widget-container\">\n\t\t\t\t\t\t\t\t\t<p>Krachtige ultrakorte projectoren<br \/>Interactieve projectoren: Combinatie van ultrakorte projector en interactief whiteboard<br \/>Ultrakorte projectoren met lasertechnologie<\/p>\t\t\t\t\t\t\t\t<\/div>\n\t\t\t\t<\/div>\n\t\t\t\t\t<\/div>\n\t\t\t\t<\/div>\n\t\t<div data-particle_enable=\"false\" data-particle-mobile-disabled=\"false\" class=\"elementor-element elementor-element-2fce69f4 e-flex e-con-boxed e-con e-parent\" data-id=\"2fce69f4\" data-element_type=\"container\" data-settings=\"{&quot;background_background&quot;:&quot;classic&quot;}\">\n\t\t\t\t\t<div class=\"e-con-inner\">\n\t\t\t\t<div class=\"elementor-element elementor-element-44540306 elementor-widget elementor-widget-image\" data-id=\"44540306\" data-element_type=\"widget\" data-widget_type=\"image.default\">\n\t\t\t\t<div class=\"elementor-widget-container\">\n\t\t\t\t\t\t\t\t\t\t\t\t\t\t\t<img loading=\"lazy\" decoding=\"async\" width=\"424\" height=\"284\" src=\"https:\/\/konferenztechnik.de\/wp-content\/uploads\/2016\/10\/i3-sync.jpg\" class=\"attachment-large size-large wp-image-8336\" alt=\"\" srcset=\"https:\/\/konferenztechnik.de\/wp-content\/uploads\/2016\/10\/i3-sync.jpg 424w, https:\/\/konferenztechnik.de\/wp-content\/uploads\/2016\/10\/i3-sync-300x201.jpg 300w\" sizes=\"(max-width: 424px) 100vw, 424px\" title=\"\">\t\t\t\t\t\t\t\t\t\t\t\t\t\t\t<\/div>\n\t\t\t\t<\/div>\n\t\t\t\t<div class=\"elementor-element elementor-element-3f88a0d5 elementor-widget elementor-widget-heading\" data-id=\"3f88a0d5\" data-element_type=\"widget\" data-settings=\"{&quot;_animation&quot;:&quot;none&quot;}\" data-widget_type=\"heading.default\">\n\t\t\t\t<div class=\"elementor-widget-container\">\n\t\t\t\t\t<h2 class=\"elementor-heading-title elementor-size-default\">Aanwezig<\/h2>\t\t\t\t<\/div>\n\t\t\t\t<\/div>\n\t\t\t\t<div class=\"elementor-element elementor-element-76da5efa elementor-widget__width-inherit elementor-widget elementor-widget-text-editor\" data-id=\"76da5efa\" data-element_type=\"widget\" data-widget_type=\"text-editor.default\">\n\t\t\t\t<div class=\"elementor-widget-container\">\n\t\t\t\t\t\t\t\t\t<p>i3Sync \u2013 Draadloze Plug&amp;Play-presentatietool<br \/>i3aansluiten-en-gaan<\/p>\t\t\t\t\t\t\t\t<\/div>\n\t\t\t\t<\/div>\n\t\t\t\t\t<\/div>\n\t\t\t\t<\/div>\n\t\t\t\t\t<\/div>\n\t\t\t\t<\/div>\n\t\t<div data-particle_enable=\"false\" data-particle-mobile-disabled=\"false\" class=\"elementor-element elementor-element-71936f4e e-flex e-con-boxed e-con e-parent\" data-id=\"71936f4e\" data-element_type=\"container\">\n\t\t\t\t\t<div class=\"e-con-inner\">\n\t\t\t\t<div class=\"elementor-element elementor-element-6bb19c1d elementor-widget elementor-widget-spacer\" data-id=\"6bb19c1d\" data-element_type=\"widget\" data-widget_type=\"spacer.default\">\n\t\t\t\t<div class=\"elementor-widget-container\">\n\t\t\t\t\t\t\t<div class=\"elementor-spacer\">\n\t\t\t<div class=\"elementor-spacer-inner\"><\/div>\n\t\t<\/div>\n\t\t\t\t\t\t<\/div>\n\t\t\t\t<\/div>\n\t\t\t\t<div class=\"elementor-element elementor-element-1c221636 elementor-widget__width-inherit elementor-widget elementor-widget-text-editor\" data-id=\"1c221636\" data-element_type=\"widget\" data-widget_type=\"text-editor.default\">\n\t\t\t\t<div class=\"elementor-widget-container\">\n\t\t\t\t\t\t\t\t\t<div class=\"callout-content\">i3-Technologies begon met de missie om de ideale interactieve leeromgeving te cre\u00ebren en heeft zich van daaruit gevestigd als een krachtige leverancier voor samenwerken in de bedrijfssector.<\/div>\t\t\t\t\t\t\t\t<\/div>\n\t\t\t\t<\/div>\n\t\t\t\t\t<\/div>\n\t\t\t\t<\/div>\n\t\t<div data-particle_enable=\"false\" data-particle-mobile-disabled=\"false\" class=\"elementor-element elementor-element-7387d11b e-flex e-con-boxed e-con e-parent\" data-id=\"7387d11b\" data-element_type=\"container\">\n\t\t\t\t\t<div class=\"e-con-inner\">\n\t\t\t\t<div class=\"elementor-element elementor-element-456b2b1 elementor-widget elementor-widget-shortcode\" data-id=\"456b2b1\" data-element_type=\"widget\" data-widget_type=\"shortcode.default\">\n\t\t\t\t<div class=\"elementor-widget-container\">\n\t\t\t\t\t\t\t<div class=\"elementor-shortcode\"><\/div>\n\t\t\t\t\t\t<\/div>\n\t\t\t\t<\/div>\n\t\t\t\t\t<\/div>\n\t\t\t\t<\/div>\n\t\t\t\t<\/div>","protected":false},"excerpt":{"rendered":"<p>i3-Technologies i3-Technologies ist ein Anbieter von Whiteboards, Touch-Displays, Minicomputern, Projektoren und drahtlosen Pr\u00e4sentations- und Software-L\u00f6sungen. i3-Technologies ist der Anbieter f\u00fcr interaktives Lernen, Pr\u00e4sentieren und Kommunizieren. \u00a0 i3-L\u00f6sungen sind Plug-und-Play, der Redner kann sein Ger\u00e4t sofort mit dem Bildschirm verbinden, ohne technische Kenntnisse oder eine Einweisung zu ben\u00f6tigen. Gemeinsames Arbeiten und Ergebnisse werden gef\u00f6rdert. Verbinden Sie [&hellip;]<\/p>","protected":false},"author":1,"featured_media":6640,"comment_status":"closed","ping_status":"closed","sticky":false,"template":"elementor_theme","format":"standard","meta":{"_acf_changed":false,"footnotes":""},"categories":[49],"tags":[70,69],"class_list":["post-6545","post","type-post","status-publish","format-standard","has-post-thumbnail","hentry","category-hersteller","tag-i3","tag-i3-technologies"],"acf":[],"_links":{"self":[{"href":"https:\/\/konferenztechnik.de\/nl\/wp-json\/wp\/v2\/posts\/6545","targetHints":{"allow":["GET"]}}],"collection":[{"href":"https:\/\/konferenztechnik.de\/nl\/wp-json\/wp\/v2\/posts"}],"about":[{"href":"https:\/\/konferenztechnik.de\/nl\/wp-json\/wp\/v2\/types\/post"}],"author":[{"embeddable":true,"href":"https:\/\/konferenztechnik.de\/nl\/wp-json\/wp\/v2\/users\/1"}],"replies":[{"embeddable":true,"href":"https:\/\/konferenztechnik.de\/nl\/wp-json\/wp\/v2\/comments?post=6545"}],"version-history":[{"count":0,"href":"https:\/\/konferenztechnik.de\/nl\/wp-json\/wp\/v2\/posts\/6545\/revisions"}],"wp:featuredmedia":[{"embeddable":true,"href":"https:\/\/konferenztechnik.de\/nl\/wp-json\/wp\/v2\/media\/6640"}],"wp:attachment":[{"href":"https:\/\/konferenztechnik.de\/nl\/wp-json\/wp\/v2\/media?parent=6545"}],"wp:term":[{"taxonomy":"category","embeddable":true,"href":"https:\/\/konferenztechnik.de\/nl\/wp-json\/wp\/v2\/categories?post=6545"},{"taxonomy":"post_tag","embeddable":true,"href":"https:\/\/konferenztechnik.de\/nl\/wp-json\/wp\/v2\/tags?post=6545"}],"curies":[{"name":"wp","href":"https:\/\/api.w.org\/{rel}","templated":true}]}}