{"id":6571,"date":"2016-04-15T14:08:23","date_gmt":"2016-04-15T13:08:23","guid":{"rendered":"https:\/\/konferenztechnik.de\/?page_id=6571"},"modified":"2023-06-26T12:43:38","modified_gmt":"2023-06-26T10:43:38","slug":"panasonic","status":"publish","type":"post","link":"https:\/\/konferenztechnik.de\/nl\/panasonic\/","title":{"rendered":"Panasonic Zakelijk"},"content":{"rendered":"<div data-elementor-type=\"wp-post\" data-elementor-id=\"6571\" class=\"elementor elementor-6571\" data-elementor-post-type=\"post\">\n\t\t\t\t<div data-particle_enable=\"false\" data-particle-mobile-disabled=\"false\" class=\"elementor-element elementor-element-1957a16e e-flex e-con-boxed e-con e-parent\" data-id=\"1957a16e\" data-element_type=\"container\">\n\t\t\t\t\t<div class=\"e-con-inner\">\n\t\t\t\t<div class=\"elementor-element elementor-element-668f61de elementor-widget elementor-widget-heading\" data-id=\"668f61de\" data-element_type=\"widget\" data-settings=\"{&quot;_animation&quot;:&quot;none&quot;}\" data-widget_type=\"heading.default\">\n\t\t\t\t<div class=\"elementor-widget-container\">\n\t\t\t\t\t<h2 class=\"elementor-heading-title elementor-size-default\">Panasonic Zakelijk<\/h2>\t\t\t\t<\/div>\n\t\t\t\t<\/div>\n\t\t\t\t\t<\/div>\n\t\t\t\t<\/div>\n\t\t<div data-particle_enable=\"false\" data-particle-mobile-disabled=\"false\" class=\"elementor-element elementor-element-5120ae2f e-grid e-con-boxed e-con e-parent\" data-id=\"5120ae2f\" data-element_type=\"container\">\n\t\t\t\t\t<div class=\"e-con-inner\">\n\t\t\t\t<div class=\"elementor-element elementor-element-4f19b96a elementor-widget__width-inherit elementor-widget elementor-widget-text-editor\" data-id=\"4f19b96a\" data-element_type=\"widget\" data-widget_type=\"text-editor.default\">\n\t\t\t\t<div class=\"elementor-widget-container\">\n\t\t\t\t\t\t\t\t\t<p>Panasonic Business bestrijkt een breed scala aan industrie\u00ebn. Robuuste tablets en laptops, communicatieapparatuur zoals scanners, printers en telefoons, maar ook projectoren en displays en professionele videotechnologie voor broadcast en high-end toepassingen.<\/p><p>\u00a0<\/p><p>Panasonic Business biedt een breed scala aan verschillende camera's voor videoconferenties. Het huidige hoogtepunt is de 4K remote camera \"AW-UE70\". Als je op afstand videoproducties, live-evenementen, bewegwijzering of videoconferenties wilt uitvoeren zonder beperkingen, dan is dit de ultieme oplossing.<\/p><p>\u00a0<\/p><p>Een naadloze reeks projectoren en displays dekt elke professionele toepassing. Bijzonder opmerkelijk zijn de projectoren met korte projectieafstand en de \"PT-JW130\" miniprojector, die werkt met een laserlichtbron en ook kan worden ge\u00efntegreerd in lichtrailsystemen (PT-JW130G).<\/p>\t\t\t\t\t\t\t\t<\/div>\n\t\t\t\t<\/div>\n\t\t\t\t<div class=\"elementor-element elementor-element-19b0bdb5 elementor-widget elementor-widget-image\" data-id=\"19b0bdb5\" data-element_type=\"widget\" data-widget_type=\"image.default\">\n\t\t\t\t<div class=\"elementor-widget-container\">\n\t\t\t\t\t\t\t\t\t\t\t\t\t\t\t<img fetchpriority=\"high\" decoding=\"async\" width=\"577\" height=\"385\" src=\"https:\/\/konferenztechnik.de\/wp-content\/uploads\/2016\/08\/panasonic-ptjw130.jpg\" class=\"attachment-full size-full wp-image-7571\" alt=\"\" srcset=\"https:\/\/konferenztechnik.de\/wp-content\/uploads\/2016\/08\/panasonic-ptjw130.jpg 577w, https:\/\/konferenztechnik.de\/wp-content\/uploads\/2016\/08\/panasonic-ptjw130-300x200.jpg 300w\" sizes=\"(max-width: 577px) 100vw, 577px\" title=\"\">\t\t\t\t\t\t\t\t\t\t\t\t\t\t\t<\/div>\n\t\t\t\t<\/div>\n\t\t\t\t\t<\/div>\n\t\t\t\t<\/div>\n\t\t<div data-particle_enable=\"false\" data-particle-mobile-disabled=\"false\" class=\"elementor-element elementor-element-18c653fb e-grid e-con-boxed e-con e-parent\" data-id=\"18c653fb\" data-element_type=\"container\">\n\t\t\t\t\t<div class=\"e-con-inner\">\n\t\t\t\t<div class=\"elementor-element elementor-element-1a8dddfe elementor-widget elementor-widget-heading\" data-id=\"1a8dddfe\" data-element_type=\"widget\" data-settings=\"{&quot;_animation&quot;:&quot;none&quot;}\" data-widget_type=\"heading.default\">\n\t\t\t\t<div class=\"elementor-widget-container\">\n\t\t\t\t\t<h2 class=\"elementor-heading-title elementor-size-default\">Oplossingen voor een betere werkdag<\/h2>\t\t\t\t<\/div>\n\t\t\t\t<\/div>\n\t\t\t\t<div class=\"elementor-element elementor-element-614eac56 elementor-widget elementor-widget-image\" data-id=\"614eac56\" data-element_type=\"widget\" data-widget_type=\"image.default\">\n\t\t\t\t<div class=\"elementor-widget-container\">\n\t\t\t\t\t\t\t\t\t\t\t\t\t\t\t<img decoding=\"async\" width=\"150\" height=\"150\" src=\"https:\/\/konferenztechnik.de\/wp-content\/uploads\/2016\/04\/logos-panasonic-150x150.jpg\" class=\"attachment-thumbnail size-thumbnail wp-image-6645\" alt=\"Panasonic logo&#039;s\" srcset=\"https:\/\/konferenztechnik.de\/wp-content\/uploads\/2016\/04\/logos-panasonic-150x150.jpg 150w, https:\/\/konferenztechnik.de\/wp-content\/uploads\/2016\/04\/logos-panasonic.jpg 250w\" sizes=\"(max-width: 150px) 100vw, 150px\" title=\"\">\t\t\t\t\t\t\t\t\t\t\t\t\t\t\t<\/div>\n\t\t\t\t<\/div>\n\t\t\t\t\t<\/div>\n\t\t\t\t<\/div>\n\t\t<div data-particle_enable=\"false\" data-particle-mobile-disabled=\"false\" class=\"elementor-element elementor-element-b1127d0 e-flex e-con-boxed e-con e-parent\" data-id=\"b1127d0\" data-element_type=\"container\">\n\t\t\t\t\t<div class=\"e-con-inner\">\n\t\t\t\t<div class=\"elementor-element elementor-element-5d7bf2a3 elementor-widget elementor-widget-spacer\" data-id=\"5d7bf2a3\" data-element_type=\"widget\" data-widget_type=\"spacer.default\">\n\t\t\t\t<div class=\"elementor-widget-container\">\n\t\t\t\t\t\t\t<div class=\"elementor-spacer\">\n\t\t\t<div class=\"elementor-spacer-inner\"><\/div>\n\t\t<\/div>\n\t\t\t\t\t\t<\/div>\n\t\t\t\t<\/div>\n\t\t\t\t\t<\/div>\n\t\t\t\t<\/div>\n\t\t<div data-particle_enable=\"false\" data-particle-mobile-disabled=\"false\" class=\"elementor-element elementor-element-c87f775 e-grid e-con-boxed e-con e-parent\" data-id=\"c87f775\" data-element_type=\"container\">\n\t\t\t\t\t<div class=\"e-con-inner\">\n\t\t<div data-particle_enable=\"false\" data-particle-mobile-disabled=\"false\" class=\"elementor-element elementor-element-9c6d3c9 e-flex e-con-boxed e-con e-parent\" data-id=\"9c6d3c9\" data-element_type=\"container\" data-settings=\"{&quot;background_background&quot;:&quot;classic&quot;}\">\n\t\t\t\t\t<div class=\"e-con-inner\">\n\t\t\t\t<div class=\"elementor-element elementor-element-6246a073 elementor-widget elementor-widget-image\" data-id=\"6246a073\" data-element_type=\"widget\" data-widget_type=\"image.default\">\n\t\t\t\t<div class=\"elementor-widget-container\">\n\t\t\t\t\t\t\t\t\t\t\t\t\t\t\t<img decoding=\"async\" width=\"424\" height=\"284\" src=\"https:\/\/konferenztechnik.de\/wp-content\/uploads\/2016\/08\/panasonic-remote-kameras.jpg\" class=\"attachment-large size-large wp-image-7572\" alt=\"\" srcset=\"https:\/\/konferenztechnik.de\/wp-content\/uploads\/2016\/08\/panasonic-remote-kameras.jpg 424w, https:\/\/konferenztechnik.de\/wp-content\/uploads\/2016\/08\/panasonic-remote-kameras-300x201.jpg 300w\" sizes=\"(max-width: 424px) 100vw, 424px\" title=\"\">\t\t\t\t\t\t\t\t\t\t\t\t\t\t\t<\/div>\n\t\t\t\t<\/div>\n\t\t\t\t<div class=\"elementor-element elementor-element-445a5448 elementor-widget elementor-widget-heading\" data-id=\"445a5448\" data-element_type=\"widget\" data-settings=\"{&quot;_animation&quot;:&quot;none&quot;}\" data-widget_type=\"heading.default\">\n\t\t\t\t<div class=\"elementor-widget-container\">\n\t\t\t\t\t<h2 class=\"elementor-heading-title elementor-size-default\">Camera's op afstand<\/h2>\t\t\t\t<\/div>\n\t\t\t\t<\/div>\n\t\t\t\t<div class=\"elementor-element elementor-element-193822ad elementor-widget__width-inherit elementor-widget elementor-widget-text-editor\" data-id=\"193822ad\" data-element_type=\"widget\" data-widget_type=\"text-editor.default\">\n\t\t\t\t<div class=\"elementor-widget-container\">\n\t\t\t\t\t\t\t\t\t<p>Camera's voor videoconferenties en -transmissie en bediening via LAN. Ook in HD en 4K.<\/p>\t\t\t\t\t\t\t\t<\/div>\n\t\t\t\t<\/div>\n\t\t\t\t\t<\/div>\n\t\t\t\t<\/div>\n\t\t<div data-particle_enable=\"false\" data-particle-mobile-disabled=\"false\" class=\"elementor-element elementor-element-1ba6e774 e-flex e-con-boxed e-con e-parent\" data-id=\"1ba6e774\" data-element_type=\"container\" data-settings=\"{&quot;background_background&quot;:&quot;classic&quot;}\">\n\t\t\t\t\t<div class=\"e-con-inner\">\n\t\t\t\t<div class=\"elementor-element elementor-element-64be0eb0 elementor-widget elementor-widget-image\" data-id=\"64be0eb0\" data-element_type=\"widget\" data-widget_type=\"image.default\">\n\t\t\t\t<div class=\"elementor-widget-container\">\n\t\t\t\t\t\t\t\t\t\t\t\t\t\t\t<img loading=\"lazy\" decoding=\"async\" width=\"424\" height=\"284\" src=\"https:\/\/konferenztechnik.de\/wp-content\/uploads\/2016\/08\/pansonic-projektoren.jpg\" class=\"attachment-large size-large wp-image-7577\" alt=\"\" srcset=\"https:\/\/konferenztechnik.de\/wp-content\/uploads\/2016\/08\/pansonic-projektoren.jpg 424w, https:\/\/konferenztechnik.de\/wp-content\/uploads\/2016\/08\/pansonic-projektoren-300x201.jpg 300w\" sizes=\"(max-width: 424px) 100vw, 424px\" title=\"\">\t\t\t\t\t\t\t\t\t\t\t\t\t\t\t<\/div>\n\t\t\t\t<\/div>\n\t\t\t\t<div class=\"elementor-element elementor-element-224cf24 elementor-widget elementor-widget-heading\" data-id=\"224cf24\" data-element_type=\"widget\" data-settings=\"{&quot;_animation&quot;:&quot;none&quot;}\" data-widget_type=\"heading.default\">\n\t\t\t\t<div class=\"elementor-widget-container\">\n\t\t\t\t\t<h2 class=\"elementor-heading-title elementor-size-default\">Projectoren en beeldschermen<\/h2>\t\t\t\t<\/div>\n\t\t\t\t<\/div>\n\t\t\t\t<div class=\"elementor-element elementor-element-30de8a03 elementor-widget__width-inherit elementor-widget elementor-widget-text-editor\" data-id=\"30de8a03\" data-element_type=\"widget\" data-widget_type=\"text-editor.default\">\n\t\t\t\t<div class=\"elementor-widget-container\">\n\t\t\t\t\t\t\t\t\t<p>Projectoren met korte projectieafstand<br \/>Draagbare projectoren<br \/>Projectoren voor installatie<br \/>Projectoren voor grote ruimten<br \/>Binnen beeldschermen<br \/>Aanraakschermen<br \/>Displays voor buiten<br \/>Videomuren<\/p>\t\t\t\t\t\t\t\t<\/div>\n\t\t\t\t<\/div>\n\t\t\t\t\t<\/div>\n\t\t\t\t<\/div>\n\t\t<div data-particle_enable=\"false\" data-particle-mobile-disabled=\"false\" class=\"elementor-element elementor-element-11a3cb1d e-flex e-con-boxed e-con e-parent\" data-id=\"11a3cb1d\" data-element_type=\"container\" data-settings=\"{&quot;background_background&quot;:&quot;classic&quot;}\">\n\t\t\t\t\t<div class=\"e-con-inner\">\n\t\t\t\t<div class=\"elementor-element elementor-element-35e4189c elementor-widget elementor-widget-image\" data-id=\"35e4189c\" data-element_type=\"widget\" data-widget_type=\"image.default\">\n\t\t\t\t<div class=\"elementor-widget-container\">\n\t\t\t\t\t\t\t\t\t\t\t\t\t\t\t<img loading=\"lazy\" decoding=\"async\" width=\"424\" height=\"284\" src=\"https:\/\/konferenztechnik.de\/wp-content\/uploads\/2016\/08\/pansonic-profav.jpg\" class=\"attachment-large size-large wp-image-7573\" alt=\"\" srcset=\"https:\/\/konferenztechnik.de\/wp-content\/uploads\/2016\/08\/pansonic-profav.jpg 424w, https:\/\/konferenztechnik.de\/wp-content\/uploads\/2016\/08\/pansonic-profav-300x201.jpg 300w\" sizes=\"(max-width: 424px) 100vw, 424px\" title=\"\">\t\t\t\t\t\t\t\t\t\t\t\t\t\t\t<\/div>\n\t\t\t\t<\/div>\n\t\t\t\t<div class=\"elementor-element elementor-element-3f5fa8c8 elementor-widget elementor-widget-heading\" data-id=\"3f5fa8c8\" data-element_type=\"widget\" data-settings=\"{&quot;_animation&quot;:&quot;none&quot;}\" data-widget_type=\"heading.default\">\n\t\t\t\t<div class=\"elementor-widget-container\">\n\t\t\t\t\t<h2 class=\"elementor-heading-title elementor-size-default\">Uitzending &amp; ProAV<\/h2>\t\t\t\t<\/div>\n\t\t\t\t<\/div>\n\t\t\t\t<div class=\"elementor-element elementor-element-4dc33c63 elementor-widget__width-inherit elementor-widget elementor-widget-text-editor\" data-id=\"4dc33c63\" data-element_type=\"widget\" data-widget_type=\"text-editor.default\">\n\t\t\t\t<div class=\"elementor-widget-container\">\n\t\t\t\t\t\t\t\t\t<p>Camcorder<br \/>Live beeldmixer en blender<br \/>Studio camerasystemen<br \/>Bandopname<br \/>Videorecorder<\/p>\t\t\t\t\t\t\t\t<\/div>\n\t\t\t\t<\/div>\n\t\t\t\t\t<\/div>\n\t\t\t\t<\/div>\n\t\t\t\t\t<\/div>\n\t\t\t\t<\/div>\n\t\t<div data-particle_enable=\"false\" data-particle-mobile-disabled=\"false\" class=\"elementor-element elementor-element-37fcd389 e-flex e-con-boxed e-con e-parent\" data-id=\"37fcd389\" data-element_type=\"container\">\n\t\t\t\t\t<div class=\"e-con-inner\">\n\t\t\t\t<div class=\"elementor-element elementor-element-7e9cb483 elementor-widget elementor-widget-spacer\" data-id=\"7e9cb483\" data-element_type=\"widget\" data-widget_type=\"spacer.default\">\n\t\t\t\t<div class=\"elementor-widget-container\">\n\t\t\t\t\t\t\t<div class=\"elementor-spacer\">\n\t\t\t<div class=\"elementor-spacer-inner\"><\/div>\n\t\t<\/div>\n\t\t\t\t\t\t<\/div>\n\t\t\t\t<\/div>\n\t\t\t\t<div class=\"elementor-element elementor-element-4cf090f8 elementor-widget__width-inherit elementor-widget elementor-widget-text-editor\" data-id=\"4cf090f8\" data-element_type=\"widget\" data-widget_type=\"text-editor.default\">\n\t\t\t\t<div class=\"elementor-widget-container\">\n\t\t\t\t\t\t\t\t\t<div class=\"callout-content\">Naast het uitgebreide assortiment projectoren en displays biedt Panasonic Business onge\u00ebvenaarde speciale oplossingen in cameratechnologie, waaronder pan\/tilt camerasystemen (PT-camera's).<\/div>\t\t\t\t\t\t\t\t<\/div>\n\t\t\t\t<\/div>\n\t\t\t\t\t<\/div>\n\t\t\t\t<\/div>\n\t\t<div data-particle_enable=\"false\" data-particle-mobile-disabled=\"false\" class=\"elementor-element elementor-element-7b8c219b e-flex e-con-boxed e-con e-parent\" data-id=\"7b8c219b\" data-element_type=\"container\">\n\t\t\t\t\t<div class=\"e-con-inner\">\n\t\t\t\t<div class=\"elementor-element elementor-element-1630c0b9 elementor-widget elementor-widget-shortcode\" data-id=\"1630c0b9\" data-element_type=\"widget\" data-widget_type=\"shortcode.default\">\n\t\t\t\t<div class=\"elementor-widget-container\">\n\t\t\t\t\t\t\t<div class=\"elementor-shortcode\"><\/div>\n\t\t\t\t\t\t<\/div>\n\t\t\t\t<\/div>\n\t\t\t\t\t<\/div>\n\t\t\t\t<\/div>\n\t\t\t\t<\/div>","protected":false},"excerpt":{"rendered":"<p>Panasonic Business Panasonic Business deckt unterschiedlichste Branchen ab. Robuste Tablets und Laptops, Kommunikationsger\u00e4te wie Scanner, Drucker und Telefone, aber eben auch Projektoren und Displays und professionelle Videotechnik f\u00fcr Broadcast und High-End-Anwendungen. \u00a0 F\u00fcr Videokonferenzen bietet Panasonic Business eine gro\u00dfe Auswahl unterschiedlichster Kameras. Aktueller H\u00f6hepunkt ist die 4K-Remote-Kamera \u201eAW-UE70\u201c. Wer Remote-Videoproduktion, Live-Veranstaltungen, Signage oder Videokonferenzen ohne [&hellip;]<\/p>","protected":false},"author":1,"featured_media":6645,"comment_status":"closed","ping_status":"closed","sticky":false,"template":"elementor_theme","format":"standard","meta":{"_acf_changed":false,"footnotes":""},"categories":[49],"tags":[91,92],"class_list":["post-6571","post","type-post","status-publish","format-standard","has-post-thumbnail","hentry","category-hersteller","tag-panasonic","tag-panasonic-business"],"acf":[],"_links":{"self":[{"href":"https:\/\/konferenztechnik.de\/nl\/wp-json\/wp\/v2\/posts\/6571","targetHints":{"allow":["GET"]}}],"collection":[{"href":"https:\/\/konferenztechnik.de\/nl\/wp-json\/wp\/v2\/posts"}],"about":[{"href":"https:\/\/konferenztechnik.de\/nl\/wp-json\/wp\/v2\/types\/post"}],"author":[{"embeddable":true,"href":"https:\/\/konferenztechnik.de\/nl\/wp-json\/wp\/v2\/users\/1"}],"replies":[{"embeddable":true,"href":"https:\/\/konferenztechnik.de\/nl\/wp-json\/wp\/v2\/comments?post=6571"}],"version-history":[{"count":0,"href":"https:\/\/konferenztechnik.de\/nl\/wp-json\/wp\/v2\/posts\/6571\/revisions"}],"wp:featuredmedia":[{"embeddable":true,"href":"https:\/\/konferenztechnik.de\/nl\/wp-json\/wp\/v2\/media\/6645"}],"wp:attachment":[{"href":"https:\/\/konferenztechnik.de\/nl\/wp-json\/wp\/v2\/media?parent=6571"}],"wp:term":[{"taxonomy":"category","embeddable":true,"href":"https:\/\/konferenztechnik.de\/nl\/wp-json\/wp\/v2\/categories?post=6571"},{"taxonomy":"post_tag","embeddable":true,"href":"https:\/\/konferenztechnik.de\/nl\/wp-json\/wp\/v2\/tags?post=6571"}],"curies":[{"name":"wp","href":"https:\/\/api.w.org\/{rel}","templated":true}]}}