{"id":12438,"date":"2018-02-06T10:01:39","date_gmt":"2018-02-06T09:01:39","guid":{"rendered":"https:\/\/www.konferenztechnik.de\/?p=12438"},"modified":"2023-06-15T11:18:07","modified_gmt":"2023-06-15T09:18:07","slug":"raport-z-testu-bosch-dicentis-idesk","status":"publish","type":"post","link":"https:\/\/konferenztechnik.de\/pl\/raport-z-testu-bosch-dicentis-idesk\/","title":{"rendered":"Raport z testu Bosch Dicentis IDESK"},"content":{"rendered":"<div data-elementor-type=\"wp-post\" data-elementor-id=\"12438\" class=\"elementor elementor-12438\" data-elementor-post-type=\"post\">\n\t\t\t\t<div data-particle_enable=\"false\" data-particle-mobile-disabled=\"false\" class=\"elementor-element elementor-element-4fad35e e-flex e-con-boxed e-con e-parent\" data-id=\"4fad35e\" data-element_type=\"container\">\n\t\t\t\t\t<div class=\"e-con-inner\">\n\t\t\t\t<div class=\"elementor-element elementor-element-12d5f0c elementor-widget elementor-widget-heading\" data-id=\"12d5f0c\" data-element_type=\"widget\" data-settings=\"{&quot;_animation&quot;:&quot;none&quot;}\" data-widget_type=\"heading.default\">\n\t\t\t\t<div class=\"elementor-widget-container\">\n\t\t\t\t\t<h2 class=\"elementor-heading-title elementor-size-default\">Raport z testu Bosch Dicentis IDESK\n<\/h2>\t\t\t\t<\/div>\n\t\t\t\t<\/div>\n\t\t\t\t<div class=\"elementor-element elementor-element-b504c4a elementor-widget elementor-widget-image\" data-id=\"b504c4a\" data-element_type=\"widget\" data-widget_type=\"image.default\">\n\t\t\t\t<div class=\"elementor-widget-container\">\n\t\t\t\t\t\t\t\t\t\t\t\t\t\t\t<img fetchpriority=\"high\" decoding=\"async\" width=\"800\" height=\"382\" src=\"https:\/\/konferenztechnik.de\/wp-content\/uploads\/2018\/02\/hands-on-bosch-idesk.jpg\" class=\"attachment-large size-large wp-image-12534\" alt=\"\" srcset=\"https:\/\/konferenztechnik.de\/wp-content\/uploads\/2018\/02\/hands-on-bosch-idesk.jpg 850w, https:\/\/konferenztechnik.de\/wp-content\/uploads\/2018\/02\/hands-on-bosch-idesk-300x143.jpg 300w, https:\/\/konferenztechnik.de\/wp-content\/uploads\/2018\/02\/hands-on-bosch-idesk-768x367.jpg 768w\" sizes=\"(max-width: 800px) 100vw, 800px\" title=\"\">\t\t\t\t\t\t\t\t\t\t\t\t\t\t\t<\/div>\n\t\t\t\t<\/div>\n\t\t\t\t<div class=\"elementor-element elementor-element-4870f6b elementor-widget elementor-widget-text-editor\" data-id=\"4870f6b\" data-element_type=\"widget\" data-widget_type=\"text-editor.default\">\n\t\t\t\t<div class=\"elementor-widget-container\">\n\t\t\t\t\t\t\t\t\t<p>Opublikowano: 06.02.2018<\/p>\t\t\t\t\t\t\t\t<\/div>\n\t\t\t\t<\/div>\n\t\t\t\t\t<\/div>\n\t\t\t\t<\/div>\n\t\t<div data-particle_enable=\"false\" data-particle-mobile-disabled=\"false\" class=\"elementor-element elementor-element-ee4b8ca e-flex e-con-boxed e-con e-parent\" data-id=\"ee4b8ca\" data-element_type=\"container\">\n\t\t\t\t\t<div class=\"e-con-inner\">\n\t\t<div data-particle_enable=\"false\" data-particle-mobile-disabled=\"false\" class=\"elementor-element elementor-element-94d0df7 e-flex e-con-boxed e-con e-parent\" data-id=\"94d0df7\" data-element_type=\"container\">\n\t\t\t\t\t<div class=\"e-con-inner\">\n\t\t\t\t<div class=\"elementor-element elementor-element-8c50903 elementor-widget__width-inherit elementor-widget elementor-widget-text-editor\" data-id=\"8c50903\" data-element_type=\"widget\" data-widget_type=\"text-editor.default\">\n\t\t\t\t<div class=\"elementor-widget-container\">\n\t\t\t\t\t\t\t\t\t<p>PCS by\u0142 jednym z pierwszych wyspecjalizowanych dealer\u00f3w, kt\u00f3rzy szczeg\u00f3\u0142owo przetestowali now\u0105 konsol\u0119 t\u0142umacz\u0105c\u0105 Bosch Dicentis IDESK. Konsola znajduje si\u0119 obecnie w zaawansowanej fazie beta, ale ju\u017c teraz dzia\u0142a zaskakuj\u0105co dobrze. Podczas test\u00f3w obecni byli r\u00f3wnie\u017c programi\u015bci odpowiedzialni za pulpity IDESK. Poniewa\u017c na co dzie\u0144 pracujemy z technologi\u0105 t\u0142umacze\u0144 ustnych, mamy oczywi\u015bcie inne, znacznie bardziej zorientowane na praktyk\u0119 spojrzenie na t\u0119 technologi\u0119 ni\u017c programi\u015bci, kt\u00f3rzy zajmuj\u0105 si\u0119 tym tematem g\u0142\u00f3wnie w teorii. Wiele z naszych komentarzy i pomys\u0142\u00f3w zosta\u0142o uwzgl\u0119dnionych podczas procesu projektowania i bezpo\u015brednio w\u0142\u0105czonych do rozwoju konsoli.<br \/>Jednym z przyk\u0142ad\u00f3w jest t\u0142umienie oryginalnego d\u017awi\u0119ku kana\u0142 po kanale, kt\u00f3re jest niezwykle wa\u017cne dla operacji na \u017cywo i nie by\u0142o wcze\u015bniej uwzgl\u0119dnione w nowej serii IDESK. Zgodnie z naszymi rozmowami, obecnie oczekuje si\u0119, \u017ce zostanie ono wdro\u017cone w momencie wprowadzenia na rynek.<\/p>\t\t\t\t\t\t\t\t<\/div>\n\t\t\t\t<\/div>\n\t\t\t\t\t<\/div>\n\t\t\t\t<\/div>\n\t\t<div data-particle_enable=\"false\" data-particle-mobile-disabled=\"false\" class=\"elementor-element elementor-element-97c48bd e-flex e-con-boxed e-con e-parent\" data-id=\"97c48bd\" data-element_type=\"container\">\n\t\t\t\t\t<div class=\"e-con-inner\">\n\t\t\t\t<div class=\"elementor-element elementor-element-a8f0a39 elementor-widget elementor-widget-heading\" data-id=\"a8f0a39\" data-element_type=\"widget\" data-settings=\"{&quot;_animation&quot;:&quot;none&quot;}\" data-widget_type=\"heading.default\">\n\t\t\t\t<div class=\"elementor-widget-container\">\n\t\t\t\t\t<h2 class=\"elementor-heading-title elementor-size-default\">Najwa\u017cniejsze wydarzenia IDESK z perspektywy PCS\n<\/h2>\t\t\t\t<\/div>\n\t\t\t\t<\/div>\n\t\t\t\t\t<\/div>\n\t\t\t\t<\/div>\n\t\t<div data-particle_enable=\"false\" data-particle-mobile-disabled=\"false\" class=\"elementor-element elementor-element-704f7c6 e-flex e-con-boxed e-con e-parent\" data-id=\"704f7c6\" data-element_type=\"container\">\n\t\t\t\t\t<div class=\"e-con-inner\">\n\t\t\t\t<div class=\"elementor-element elementor-element-432ca9b elementor-widget__width-inherit elementor-widget elementor-widget-text-editor\" data-id=\"432ca9b\" data-element_type=\"widget\" data-widget_type=\"text-editor.default\">\n\t\t\t\t<div class=\"elementor-widget-container\">\n\t\t\t\t\t\t\t\t\t<p>Nowa konsola Dicentis IDESK wygl\u0105da jak logiczny dalszy rozw\u00f3j Bosch DCN-NG-IDESK, konsoli t\u0142umaczeniowej, z kt\u00f3rej korzystali\u015bmy do tej pory najcz\u0119\u015bciej. To w\u0142a\u015bnie szczeg\u00f3lnie spodoba\u0142o nam si\u0119 w nowym systemie:<\/p><p>Po pierwsze i najwa\u017cniejsze, dzi\u0119ki temu nowemu rozwi\u0105zaniu Bosch pod\u0105\u017ca za <a href=\"https:\/\/www.iso.org\/standard\/67063.html\" target=\"_blank\" rel=\"noopener\">nowy standard ISO dla stanowisk t\u0142umaczy ustnych (ISO 20109 od grudnia 2016 r.) <\/a>i spe\u0142nia wszystkie wymagane tam nowe standardy. Cieszy to nas jako dostawc\u0119 technologii, ale z pewno\u015bci\u0105 jeszcze bardziej t\u0142umaczy ustnych, reprezentowanych przez ich stowarzyszenia, takie jak AIIC, BD\u00dc\/VKD, a tak\u017ce t\u0142umaczy symultanicznych z Komisji Europejskiej, kt\u00f3rzy odegrali kluczow\u0105 rol\u0119 w rozwoju standaryzacji.<\/p>\t\t\t\t\t\t\t\t<\/div>\n\t\t\t\t<\/div>\n\t\t\t\t\t<\/div>\n\t\t\t\t<\/div>\n\t\t<div data-particle_enable=\"false\" data-particle-mobile-disabled=\"false\" class=\"elementor-element elementor-element-d5cb4bf e-grid e-con-boxed e-con e-parent\" data-id=\"d5cb4bf\" data-element_type=\"container\">\n\t\t\t\t\t<div class=\"e-con-inner\">\n\t\t\t\t<div class=\"elementor-element elementor-element-3221dd1 elementor-widget elementor-widget-image\" data-id=\"3221dd1\" data-element_type=\"widget\" data-widget_type=\"image.default\">\n\t\t\t\t<div class=\"elementor-widget-container\">\n\t\t\t\t\t\t\t\t\t\t\t\t\t\t\t<img decoding=\"async\" width=\"800\" height=\"800\" src=\"https:\/\/konferenztechnik.de\/wp-content\/uploads\/2018\/02\/bosch-konferenztechnik-pcs.jpg\" class=\"attachment-large size-large wp-image-12525\" alt=\"\" srcset=\"https:\/\/konferenztechnik.de\/wp-content\/uploads\/2018\/02\/bosch-konferenztechnik-pcs.jpg 850w, https:\/\/konferenztechnik.de\/wp-content\/uploads\/2018\/02\/bosch-konferenztechnik-pcs-300x300.jpg 300w, https:\/\/konferenztechnik.de\/wp-content\/uploads\/2018\/02\/bosch-konferenztechnik-pcs-150x150.jpg 150w, https:\/\/konferenztechnik.de\/wp-content\/uploads\/2018\/02\/bosch-konferenztechnik-pcs-768x768.jpg 768w\" sizes=\"(max-width: 800px) 100vw, 800px\" title=\"\">\t\t\t\t\t\t\t\t\t\t\t\t\t\t\t<\/div>\n\t\t\t\t<\/div>\n\t\t\t\t<div class=\"elementor-element elementor-element-38dde7b elementor-widget elementor-widget-image\" data-id=\"38dde7b\" data-element_type=\"widget\" data-widget_type=\"image.default\">\n\t\t\t\t<div class=\"elementor-widget-container\">\n\t\t\t\t\t\t\t\t\t\t\t\t\t\t\t<img decoding=\"async\" width=\"800\" height=\"800\" src=\"https:\/\/konferenztechnik.de\/wp-content\/uploads\/2018\/02\/Bosch-ServerOS.jpg\" class=\"attachment-large size-large wp-image-12526\" alt=\"\" srcset=\"https:\/\/konferenztechnik.de\/wp-content\/uploads\/2018\/02\/Bosch-ServerOS.jpg 850w, https:\/\/konferenztechnik.de\/wp-content\/uploads\/2018\/02\/Bosch-ServerOS-300x300.jpg 300w, https:\/\/konferenztechnik.de\/wp-content\/uploads\/2018\/02\/Bosch-ServerOS-150x150.jpg 150w, https:\/\/konferenztechnik.de\/wp-content\/uploads\/2018\/02\/Bosch-ServerOS-768x768.jpg 768w\" sizes=\"(max-width: 800px) 100vw, 800px\" title=\"\">\t\t\t\t\t\t\t\t\t\t\t\t\t\t\t<\/div>\n\t\t\t\t<\/div>\n\t\t\t\t<div class=\"elementor-element elementor-element-bb665f6 elementor-widget elementor-widget-image\" data-id=\"bb665f6\" data-element_type=\"widget\" data-widget_type=\"image.default\">\n\t\t\t\t<div class=\"elementor-widget-container\">\n\t\t\t\t\t\t\t\t\t\t\t\t\t\t\t<img loading=\"lazy\" decoding=\"async\" width=\"800\" height=\"800\" src=\"https:\/\/konferenztechnik.de\/wp-content\/uploads\/2018\/02\/konferenztechnik-netzwerk.jpg\" class=\"attachment-large size-large wp-image-12528\" alt=\"\" srcset=\"https:\/\/konferenztechnik.de\/wp-content\/uploads\/2018\/02\/konferenztechnik-netzwerk.jpg 850w, https:\/\/konferenztechnik.de\/wp-content\/uploads\/2018\/02\/konferenztechnik-netzwerk-300x300.jpg 300w, https:\/\/konferenztechnik.de\/wp-content\/uploads\/2018\/02\/konferenztechnik-netzwerk-150x150.jpg 150w, https:\/\/konferenztechnik.de\/wp-content\/uploads\/2018\/02\/konferenztechnik-netzwerk-768x768.jpg 768w\" sizes=\"(max-width: 800px) 100vw, 800px\" title=\"\">\t\t\t\t\t\t\t\t\t\t\t\t\t\t\t<\/div>\n\t\t\t\t<\/div>\n\t\t\t\t\t<\/div>\n\t\t\t\t<\/div>\n\t\t<div data-particle_enable=\"false\" data-particle-mobile-disabled=\"false\" class=\"elementor-element elementor-element-ba02fa4 e-flex e-con-boxed e-con e-parent\" data-id=\"ba02fa4\" data-element_type=\"container\">\n\t\t\t\t\t<div class=\"e-con-inner\">\n\t\t\t\t<div class=\"elementor-element elementor-element-5479ed9 elementor-widget__width-inherit elementor-widget elementor-widget-text-editor\" data-id=\"5479ed9\" data-element_type=\"widget\" data-widget_type=\"text-editor.default\">\n\t\t\t\t<div class=\"elementor-widget-container\">\n\t\t\t\t\t\t\t\t\t<p>Firma Bosch wykorzystuje standardowe kable CAT w systemie Dicentis i rezygnuje z w\u0142asnego systemu. Oznacza to, \u017ce okablowanie jest bardzo elastyczne, a integracja z istniej\u0105cymi sieciami jest prosta.<\/p><p>\u00a0<\/p><p>Sygna\u0142y wideo mog\u0105 by\u0107 kierowane bezpo\u015brednio do kabiny t\u0142umaczeniowej za po\u015brednictwem linii zasilaj\u0105cej Dicentis. W ten spos\u00f3b mo\u017cna na przyk\u0142ad przesy\u0142a\u0107 prezentacje lub obraz z kamery na \u017cywo. Konsole IDESK (w wersji Dicentis IDESKVID) posiadaj\u0105 wyj\u015bcie HDMI, z kt\u00f3rego sygna\u0142 mo\u017ce by\u0107 odtwarzany bezpo\u015brednio na wy\u015bwietlaczu. T\u0142umacze mog\u0105 wybra\u0107, kt\u00f3ry sygna\u0142 chc\u0105 widzie\u0107 na biurku. Jest to bardzo praktyczne i wygodne, zw\u0142aszcza \u017ce nie trzeba k\u0142a\u015b\u0107 \u017cadnych dodatkowych kabli. Ponadto sami t\u0142umacze maj\u0105 kontrol\u0119 nad tym, co chc\u0105 widzie\u0107.<\/p><p>\u00a0<\/p><p>Nowa funkcja przywo\u0142ywania umo\u017cliwia ponowne ods\u0142uchanie ostatnich trzech sekund oryginalnego d\u017awi\u0119ku. W tym celu IDESK automatycznie zapisuje oryginalny d\u017awi\u0119k w pami\u0119ci ulotnej. Je\u015bli wymowa m\u00f3wcy by\u0142a niejasna, t\u0142umacz mo\u017ce ods\u0142ucha\u0107 j\u0105 ponownie.<\/p><p>\u00a0<\/p><p>Pionowy uk\u0142ad element\u00f3w steruj\u0105cych konsoli sprawi\u0142, \u017ce interfejs u\u017cytkownika jest bardzo przejrzysty. Tworzy to przestrzenn\u0105 separacj\u0119 mi\u0119dzy s\u0142uchaniem a m\u00f3wieniem, co jest szczeg\u00f3lnie pomocne, gdy t\u0142umacz musi pracowa\u0107 szybko i nie musi d\u0142ugo zastanawia\u0107 si\u0119 nad elementami steruj\u0105cymi.<\/p><p>\u00a0<\/p><p>Konfiguracja stanowisk na kolejn\u0105 konferencj\u0119 sta\u0142a si\u0119 jeszcze \u0142atwiejsza dzi\u0119ki uproszczonemu i zautomatyzowanemu zarz\u0105dzaniu j\u0119zykami. Jest to szczeg\u00f3lnie pomocne, gdy u\u017cywanych jest wiele j\u0119zyk\u00f3w.<\/p>\t\t\t\t\t\t\t\t<\/div>\n\t\t\t\t<\/div>\n\t\t\t\t\t<\/div>\n\t\t\t\t<\/div>\n\t\t<div data-particle_enable=\"false\" data-particle-mobile-disabled=\"false\" class=\"elementor-element elementor-element-2f5f8fa e-grid e-con-boxed e-con e-parent\" data-id=\"2f5f8fa\" data-element_type=\"container\">\n\t\t\t\t\t<div class=\"e-con-inner\">\n\t\t\t\t<div class=\"elementor-element elementor-element-e9419ed elementor-widget elementor-widget-image\" data-id=\"e9419ed\" data-element_type=\"widget\" data-widget_type=\"image.default\">\n\t\t\t\t<div class=\"elementor-widget-container\">\n\t\t\t\t\t\t\t\t\t\t\t\t\t\t\t<img loading=\"lazy\" decoding=\"async\" width=\"800\" height=\"800\" src=\"https:\/\/konferenztechnik.de\/wp-content\/uploads\/2018\/02\/software-konferenztechnik.jpg\" class=\"attachment-large size-large wp-image-12529\" alt=\"\" srcset=\"https:\/\/konferenztechnik.de\/wp-content\/uploads\/2018\/02\/software-konferenztechnik.jpg 850w, https:\/\/konferenztechnik.de\/wp-content\/uploads\/2018\/02\/software-konferenztechnik-300x300.jpg 300w, https:\/\/konferenztechnik.de\/wp-content\/uploads\/2018\/02\/software-konferenztechnik-150x150.jpg 150w, https:\/\/konferenztechnik.de\/wp-content\/uploads\/2018\/02\/software-konferenztechnik-768x768.jpg 768w\" sizes=\"(max-width: 800px) 100vw, 800px\" title=\"\">\t\t\t\t\t\t\t\t\t\t\t\t\t\t\t<\/div>\n\t\t\t\t<\/div>\n\t\t\t\t<div class=\"elementor-element elementor-element-952bdca elementor-widget elementor-widget-image\" data-id=\"952bdca\" data-element_type=\"widget\" data-widget_type=\"image.default\">\n\t\t\t\t<div class=\"elementor-widget-container\">\n\t\t\t\t\t\t\t\t\t\t\t\t\t\t\t<img loading=\"lazy\" decoding=\"async\" width=\"800\" height=\"800\" src=\"https:\/\/konferenztechnik.de\/wp-content\/uploads\/2018\/02\/bosch-konferenztechnik.jpg\" class=\"attachment-large size-large wp-image-12524\" alt=\"\" srcset=\"https:\/\/konferenztechnik.de\/wp-content\/uploads\/2018\/02\/bosch-konferenztechnik.jpg 850w, https:\/\/konferenztechnik.de\/wp-content\/uploads\/2018\/02\/bosch-konferenztechnik-300x300.jpg 300w, https:\/\/konferenztechnik.de\/wp-content\/uploads\/2018\/02\/bosch-konferenztechnik-150x150.jpg 150w, https:\/\/konferenztechnik.de\/wp-content\/uploads\/2018\/02\/bosch-konferenztechnik-768x768.jpg 768w\" sizes=\"(max-width: 800px) 100vw, 800px\" title=\"\">\t\t\t\t\t\t\t\t\t\t\t\t\t\t\t<\/div>\n\t\t\t\t<\/div>\n\t\t\t\t<div class=\"elementor-element elementor-element-9a9833c elementor-widget elementor-widget-image\" data-id=\"9a9833c\" data-element_type=\"widget\" data-widget_type=\"image.default\">\n\t\t\t\t<div class=\"elementor-widget-container\">\n\t\t\t\t\t\t\t\t\t\t\t\t\t\t\t<img loading=\"lazy\" decoding=\"async\" width=\"800\" height=\"800\" src=\"https:\/\/konferenztechnik.de\/wp-content\/uploads\/2018\/02\/bosch-av-partner.jpg\" class=\"attachment-large size-large wp-image-12521\" alt=\"\" srcset=\"https:\/\/konferenztechnik.de\/wp-content\/uploads\/2018\/02\/bosch-av-partner.jpg 850w, https:\/\/konferenztechnik.de\/wp-content\/uploads\/2018\/02\/bosch-av-partner-300x300.jpg 300w, https:\/\/konferenztechnik.de\/wp-content\/uploads\/2018\/02\/bosch-av-partner-150x150.jpg 150w, https:\/\/konferenztechnik.de\/wp-content\/uploads\/2018\/02\/bosch-av-partner-768x768.jpg 768w\" sizes=\"(max-width: 800px) 100vw, 800px\" title=\"\">\t\t\t\t\t\t\t\t\t\t\t\t\t\t\t<\/div>\n\t\t\t\t<\/div>\n\t\t\t\t\t<\/div>\n\t\t\t\t<\/div>\n\t\t<div data-particle_enable=\"false\" data-particle-mobile-disabled=\"false\" class=\"elementor-element elementor-element-883d14a e-flex e-con-boxed e-con e-parent\" data-id=\"883d14a\" data-element_type=\"container\">\n\t\t\t\t\t<div class=\"e-con-inner\">\n\t\t\t\t<div class=\"elementor-element elementor-element-fcee086 elementor-widget elementor-widget-heading\" data-id=\"fcee086\" data-element_type=\"widget\" data-settings=\"{&quot;_animation&quot;:&quot;none&quot;}\" data-widget_type=\"heading.default\">\n\t\t\t\t<div class=\"elementor-widget-container\">\n\t\t\t\t\t<h2 class=\"elementor-heading-title elementor-size-default\">Nie bardzo nam si\u0119 to podoba\u0142o\n<\/h2>\t\t\t\t<\/div>\n\t\t\t\t<\/div>\n\t\t\t\t\t<\/div>\n\t\t\t\t<\/div>\n\t\t<div data-particle_enable=\"false\" data-particle-mobile-disabled=\"false\" class=\"elementor-element elementor-element-b21d41b e-flex e-con-boxed e-con e-parent\" data-id=\"b21d41b\" data-element_type=\"container\">\n\t\t\t\t\t<div class=\"e-con-inner\">\n\t\t\t\t<div class=\"elementor-element elementor-element-1a07267 elementor-widget__width-inherit elementor-widget elementor-widget-text-editor\" data-id=\"1a07267\" data-element_type=\"widget\" data-widget_type=\"text-editor.default\">\n\t\t\t\t<div class=\"elementor-widget-container\">\n\t\t\t\t\t\t\t\t\t<p>Mniej entuzjastycznie podeszli\u015bmy do modelu licencjonowania oprogramowania firmy Bosch. Je\u015bli chcesz sterowa\u0107 systemem Dicentis za po\u015brednictwem komputera, musisz zakupi\u0107 do\u015b\u0107 drogie modu\u0142y oprogramowania. Licencje s\u0105 przydzielane na komputer. Oznacza to, \u017ce mog\u0119 kontrolowa\u0107 system tylko za pomoc\u0105 okre\u015blonego komputera i nie mog\u0119 po prostu aktywowa\u0107 licencji na innym komputerze. To znacznie utrudnia codzienn\u0105 prac\u0119 z systemem. Zw\u0142aszcza, gdy technicy konferencyjni chc\u0105 u\u017cywa\u0107 r\u00f3\u017cnych\/w\u0142asnych laptop\u00f3w do sterowania systemami BOSCH. Mamy nadziej\u0119, \u017ce Bosch wprowadzi ulepszenia w tym zakresie. Jedn\u0105 z mo\u017cliwo\u015bci by\u0142aby aktywacja licencji online lub wsp\u00f3\u0142praca z firm\u0105 Donglen. By\u0107 mo\u017ce co\u015b si\u0119 zmieni w tym modelu przed wprowadzeniem na rynek?<\/p>\t\t\t\t\t\t\t\t<\/div>\n\t\t\t\t<\/div>\n\t\t\t\t\t<\/div>\n\t\t\t\t<\/div>\n\t\t<div data-particle_enable=\"false\" data-particle-mobile-disabled=\"false\" class=\"elementor-element elementor-element-355b62f e-flex e-con-boxed e-con e-parent\" data-id=\"355b62f\" data-element_type=\"container\">\n\t\t\t\t\t<div class=\"e-con-inner\">\n\t\t\t\t<div class=\"elementor-element elementor-element-ebb6bd1 elementor-widget elementor-widget-heading\" data-id=\"ebb6bd1\" data-element_type=\"widget\" data-settings=\"{&quot;_animation&quot;:&quot;none&quot;}\" data-widget_type=\"heading.default\">\n\t\t\t\t<div class=\"elementor-widget-container\">\n\t\t\t\t\t<h2 class=\"elementor-heading-title elementor-size-default\">Wnioski<\/h2>\t\t\t\t<\/div>\n\t\t\t\t<\/div>\n\t\t\t\t\t<\/div>\n\t\t\t\t<\/div>\n\t\t<div data-particle_enable=\"false\" data-particle-mobile-disabled=\"false\" class=\"elementor-element elementor-element-7051668 e-flex e-con-boxed e-con e-parent\" data-id=\"7051668\" data-element_type=\"container\">\n\t\t\t\t\t<div class=\"e-con-inner\">\n\t\t\t\t<div class=\"elementor-element elementor-element-88d9144 elementor-widget__width-inherit elementor-widget elementor-widget-text-editor\" data-id=\"88d9144\" data-element_type=\"widget\" data-widget_type=\"text-editor.default\">\n\t\t\t\t<div class=\"elementor-widget-container\">\n\t\t\t\t\t\t\t\t\t<p>Wraz z nowym modelem IDESK firma Bosch wprowadzi\u0142a na rynek nowoczesny pulpit t\u0142umacza z doskona\u0142ymi funkcjami. U\u0142atwi ono prac\u0119 zar\u00f3wno t\u0142umaczom w kabinie, jak i technikom konferencyjnym podczas instalacji i wydarze\u0144 na \u017cywo. Du\u017cy ekran i uporz\u0105dkowana koncepcja obs\u0142ugi naprawd\u0119 u\u0142atwiaj\u0105 prac\u0119 t\u0142umaczom. Kompatybilno\u015b\u0107 z <a href=\"https:\/\/de.wikipedia.org\/wiki\/Dante_(Netzwerkprotokoll)\" target=\"blank\" rel=\"noopener\">DANTE<\/a> a wykorzystanie standardowych po\u0142\u0105cze\u0144 sieciowych i kabli otwiera nowe mo\u017cliwo\u015bci w zakresie integracji system\u00f3w lub niezliczonych tymczasowych zastosowa\u0144 w wynajmie.<\/p><p>\u00a0<\/p><p>Z niecierpliwo\u015bci\u0105 czekamy na pierwsze zlecenia na \u017cywo z now\u0105 konsol\u0105 do t\u0142umacze\u0144 ustnych. System b\u0119dzie dost\u0119pny od lata 2018 roku. Jak tylko poznamy dok\u0142adn\u0105 dat\u0119 premiery lub otrzymamy informacje na temat systemu, poinformujemy o tym tutaj.<\/p><p>\u00a0<\/p><p>Je\u015bli masz jakiekolwiek pytania dotycz\u0105ce IDESK lub innych system\u00f3w, skontaktuj si\u0119 z nami.<\/p>\t\t\t\t\t\t\t\t<\/div>\n\t\t\t\t<\/div>\n\t\t\t\t\t<\/div>\n\t\t\t\t<\/div>\n\t\t<div data-particle_enable=\"false\" data-particle-mobile-disabled=\"false\" class=\"elementor-element elementor-element-c460fff e-flex e-con-boxed e-con e-parent\" data-id=\"c460fff\" data-element_type=\"container\">\n\t\t\t\t\t<div class=\"e-con-inner\">\n\t\t\t\t<div class=\"elementor-element elementor-element-70e7ee0 elementor-widget elementor-widget-heading\" data-id=\"70e7ee0\" data-element_type=\"widget\" data-settings=\"{&quot;_animation&quot;:&quot;none&quot;}\" data-widget_type=\"heading.default\">\n\t\t\t\t<div class=\"elementor-widget-container\">\n\t\t\t\t\t<h2 class=\"elementor-heading-title elementor-size-default\">Linki i dalsze informacje na temat systemu rozwi\u0105za\u0144 do t\u0142umacze\u0144 ustnych Dicentis<\/h2>\t\t\t\t<\/div>\n\t\t\t\t<\/div>\n\t\t\t\t\t<\/div>\n\t\t\t\t<\/div>\n\t\t<div data-particle_enable=\"false\" data-particle-mobile-disabled=\"false\" class=\"elementor-element elementor-element-ef4c31c e-flex e-con-boxed e-con e-parent\" data-id=\"ef4c31c\" data-element_type=\"container\">\n\t\t\t\t\t<div class=\"e-con-inner\">\n\t\t\t\t<div class=\"elementor-element elementor-element-2b20db7 elementor-widget__width-inherit elementor-widget elementor-widget-text-editor\" data-id=\"2b20db7\" data-element_type=\"widget\" data-widget_type=\"text-editor.default\">\n\t\t\t\t<div class=\"elementor-widget-container\">\n\t\t\t\t\t\t\t\t\t<ul><li><a href=\"https:\/\/konferenztechnik.de\/pl\/bosch-dicentis-idesk\/\">Wi\u0119cej informacji na temat Dicentis IDESK<\/a><\/li><li><a href=\"https:\/\/konferenztechnik.de\/pl\/bosch-dicentis\/\">Bosch Dicentis \u2013 Wra\u017cenia z targ\u00f3w ISE 2018<\/a><\/li><\/ul>\t\t\t\t\t\t\t\t<\/div>\n\t\t\t\t<\/div>\n\t\t\t\t\t<\/div>\n\t\t\t\t<\/div>\n\t\t\t\t\t<\/div>\n\t\t\t\t<\/div>\n\t\t<div data-particle_enable=\"false\" data-particle-mobile-disabled=\"false\" class=\"elementor-element elementor-element-ee1d88c e-flex e-con-boxed e-con e-parent\" data-id=\"ee1d88c\" data-element_type=\"container\">\n\t\t\t\t\t<div class=\"e-con-inner\">\n\t\t\t\t<div class=\"elementor-element elementor-element-5ff37fc elementor-widget elementor-widget-shortcode\" data-id=\"5ff37fc\" data-element_type=\"widget\" data-widget_type=\"shortcode.default\">\n\t\t\t\t<div class=\"elementor-widget-container\">\n\t\t\t\t\t\t\t<div class=\"elementor-shortcode\">\t\t<div data-elementor-type=\"container\" data-elementor-id=\"29098\" class=\"elementor elementor-29098\" data-elementor-post-type=\"elementor_library\">\n\t\t\t\t<div data-particle_enable=\"false\" data-particle-mobile-disabled=\"false\" class=\"elementor-element elementor-element-699d0d1a e-flex e-con-boxed e-con e-parent\" data-id=\"699d0d1a\" data-element_type=\"container\">\n\t\t\t\t\t<div class=\"e-con-inner\">\n\t\t\t\t<div class=\"elementor-element elementor-element-11f236ba elementor-widget elementor-widget-post-navigation\" data-id=\"11f236ba\" data-element_type=\"widget\" data-widget_type=\"post-navigation.default\">\n\t\t\t\t<div class=\"elementor-widget-container\">\n\t\t\t\t\t\t\t<div class=\"elementor-post-navigation\" role=\"navigation\" aria-label=\"Nawigacja wpisu\">\n\t\t\t<div class=\"elementor-post-navigation__prev elementor-post-navigation__link\">\n\t\t\t\t<a href=\"https:\/\/konferenztechnik.de\/pl\/pcs-jest-oficjalnym-dealerem-optoma\/\" rel=\"prev\"><span class=\"post-navigation__arrow-wrapper post-navigation__arrow-prev\"><svg aria-hidden=\"true\" class=\"e-font-icon-svg e-fas-arrow-left\" viewbox=\"0 0 448 512\" xmlns=\"http:\/\/www.w3.org\/2000\/svg\"><path d=\"M257.5 445.1l-22.2 22.2c-9.4 9.4-24.6 9.4-33.9 0L7 273c-9.4-9.4-9.4-24.6 0-33.9L201.4 44.7c9.4-9.4 24.6-9.4 33.9 0l22.2 22.2c9.5 9.5 9.3 25-.4 34.3L136.6 216H424c13.3 0 24 10.7 24 24v32c0 13.3-10.7 24-24 24H136.6l120.5 114.8c9.8 9.3 10 24.8.4 34.3z\"><\/path><\/svg><span class=\"elementor-screen-only\">Prev<\/span><\/span><span class=\"elementor-post-navigation__link__prev\"><span class=\"post-navigation__prev--label\">Poprzedni<\/span><span class=\"post-navigation__prev--title\">PCS jest oficjalnym dealerem Optoma<\/span><\/span><\/a>\t\t\t<\/div>\n\t\t\t\t\t\t<div class=\"elementor-post-navigation__next elementor-post-navigation__link\">\n\t\t\t\t<a href=\"https:\/\/konferenztechnik.de\/pl\/bosch-dicentis\/\" rel=\"next\"><span class=\"elementor-post-navigation__link__next\"><span class=\"post-navigation__next--label\">Nast\u0119pny<\/span><span class=\"post-navigation__next--title\">Bosch Dicentis<\/span><\/span><span class=\"post-navigation__arrow-wrapper post-navigation__arrow-next\"><svg aria-hidden=\"true\" class=\"e-font-icon-svg e-fas-arrow-right\" viewbox=\"0 0 448 512\" xmlns=\"http:\/\/www.w3.org\/2000\/svg\"><path d=\"M190.5 66.9l22.2-22.2c9.4-9.4 24.6-9.4 33.9 0L441 239c9.4 9.4 9.4 24.6 0 33.9L246.6 467.3c-9.4 9.4-24.6 9.4-33.9 0l-22.2-22.2c-9.5-9.5-9.3-25 .4-34.3L311.4 296H24c-13.3 0-24-10.7-24-24v-32c0-13.3 10.7-24 24-24h287.4L190.9 101.2c-9.8-9.3-10-24.8-.4-34.3z\"><\/path><\/svg><span class=\"elementor-screen-only\">Nast\u0119pny<\/span><\/span><\/a>\t\t\t<\/div>\n\t\t<\/div>\n\t\t\t\t\t\t<\/div>\n\t\t\t\t<\/div>\n\t\t\t\t<div class=\"elementor-element elementor-element-81a2b13 elementor-align-center elementor-icon-list--layout-traditional elementor-list-item-link-full_width elementor-widget elementor-widget-icon-list\" data-id=\"81a2b13\" data-element_type=\"widget\" data-widget_type=\"icon-list.default\">\n\t\t\t\t<div class=\"elementor-widget-container\">\n\t\t\t\t\t\t\t<ul class=\"elementor-icon-list-items\">\n\t\t\t\t\t\t\t<li class=\"elementor-icon-list-item\">\n\t\t\t\t\t\t\t\t\t\t\t<a href=\"\/pl\/wiadomosci\/\">\n\n\t\t\t\t\t\t\t\t\t\t\t\t<span class=\"elementor-icon-list-icon\">\n\t\t\t\t\t\t\t<svg xmlns=\"http:\/\/www.w3.org\/2000\/svg\" id=\"uuid-5a27b650-727a-4659-9d92-75e42c38903b\" viewbox=\"0 0 19.67 14.54\"><g id=\"uuid-40aca98c-811b-43af-9bb7-b3a092d9bdfe\"><rect x=\".03\" width=\"6\" height=\"6\" rx=\"2\" ry=\"2\" style=\"fill:currentColor\"><\/rect><rect x=\"6.85\" width=\"6\" height=\"7.65\" rx=\"2\" ry=\"2\" style=\"fill:currentColor\"><\/rect><rect x=\"13.67\" width=\"6\" height=\"6.51\" rx=\"2\" ry=\"2\" style=\"fill:currentColor\"><\/rect><rect y=\"7\" width=\"6\" height=\"7.55\" rx=\"2\" ry=\"2\" style=\"fill:currentColor\"><\/rect><rect x=\"13.64\" y=\"7.22\" width=\"6\" height=\"7.33\" rx=\"2\" ry=\"2\" style=\"fill:currentColor\"><\/rect><rect x=\"6.82\" y=\"8.54\" width=\"6\" height=\"6\" rx=\"2\" ry=\"2\" style=\"fill:currentColor\"><\/rect><\/g><\/svg>\t\t\t\t\t\t<\/span>\n\t\t\t\t\t\t\t\t\t\t<span class=\"elementor-icon-list-text\"><\/span>\n\t\t\t\t\t\t\t\t\t\t\t<\/a>\n\t\t\t\t\t\t\t\t\t<\/li>\n\t\t\t\t\t\t<\/ul>\n\t\t\t\t\t\t<\/div>\n\t\t\t\t<\/div>\n\t\t\t\t\t<\/div>\n\t\t\t\t<\/div>\n\t\t\t\t<\/div>\n\t\t<\/div>\n\t\t\t\t\t\t<\/div>\n\t\t\t\t<\/div>\n\t\t\t\t\t<\/div>\n\t\t\t\t<\/div>\n\t\t\t\t<\/div>","protected":false},"excerpt":{"rendered":"<p>Bosch Dicentis IDESK Testbericht Ver\u00f6ffentlicht: 06.02.2018 PCS war unter den ersten Fachh\u00e4ndlern, die das neue Bosch Dicentis IDESK Dolmetscherpult ausf\u00fchrlich testen konnten. Das Pult befindet sich momentan in einer fortgeschrittenen Betaphase, l\u00e4uft aber schon jetzt erstaunlich gut. Bei den Tests waren auch die f\u00fcr die IDESK-Pulte verantwortlichen Entwickler mit dabei. Da wir tagt\u00e4glich mit Dolmetschtechnik [&hellip;]<\/p>","protected":false},"author":1,"featured_media":12534,"comment_status":"closed","ping_status":"closed","sticky":false,"template":"","format":"standard","meta":{"_acf_changed":false,"footnotes":""},"categories":[2],"tags":[],"class_list":["post-12438","post","type-post","status-publish","format-standard","has-post-thumbnail","hentry","category-news"],"acf":[],"_links":{"self":[{"href":"https:\/\/konferenztechnik.de\/pl\/wp-json\/wp\/v2\/posts\/12438","targetHints":{"allow":["GET"]}}],"collection":[{"href":"https:\/\/konferenztechnik.de\/pl\/wp-json\/wp\/v2\/posts"}],"about":[{"href":"https:\/\/konferenztechnik.de\/pl\/wp-json\/wp\/v2\/types\/post"}],"author":[{"embeddable":true,"href":"https:\/\/konferenztechnik.de\/pl\/wp-json\/wp\/v2\/users\/1"}],"replies":[{"embeddable":true,"href":"https:\/\/konferenztechnik.de\/pl\/wp-json\/wp\/v2\/comments?post=12438"}],"version-history":[{"count":0,"href":"https:\/\/konferenztechnik.de\/pl\/wp-json\/wp\/v2\/posts\/12438\/revisions"}],"wp:featuredmedia":[{"embeddable":true,"href":"https:\/\/konferenztechnik.de\/pl\/wp-json\/wp\/v2\/media\/12534"}],"wp:attachment":[{"href":"https:\/\/konferenztechnik.de\/pl\/wp-json\/wp\/v2\/media?parent=12438"}],"wp:term":[{"taxonomy":"category","embeddable":true,"href":"https:\/\/konferenztechnik.de\/pl\/wp-json\/wp\/v2\/categories?post=12438"},{"taxonomy":"post_tag","embeddable":true,"href":"https:\/\/konferenztechnik.de\/pl\/wp-json\/wp\/v2\/tags?post=12438"}],"curies":[{"name":"wp","href":"https:\/\/api.w.org\/{rel}","templated":true}]}}