{"id":13449,"date":"2018-07-04T14:19:25","date_gmt":"2018-07-04T13:19:25","guid":{"rendered":"https:\/\/www.konferenztechnik.de\/?page_id=13449"},"modified":"2023-11-01T09:33:29","modified_gmt":"2023-11-01T08:33:29","slug":"audipack-silent-9600-kup-wynajem-leasing","status":"publish","type":"post","link":"https:\/\/konferenztechnik.de\/pl\/audipack-silent-9600-kup-wynajem-leasing\/","title":{"rendered":"Kabina do t\u0142umacze\u0144 ustnych Audipack Silent 9600"},"content":{"rendered":"<div data-elementor-type=\"wp-post\" data-elementor-id=\"13449\" class=\"elementor elementor-13449\" data-elementor-post-type=\"post\">\n\t\t\t\t<div data-particle_enable=\"false\" data-particle-mobile-disabled=\"false\" class=\"elementor-element elementor-element-59ad04c e-flex e-con-boxed e-con e-parent\" data-id=\"59ad04c\" data-element_type=\"container\">\n\t\t\t\t\t<div class=\"e-con-inner\">\n\t\t<div data-particle_enable=\"false\" data-particle-mobile-disabled=\"false\" class=\"elementor-element elementor-element-be8f800 e-flex e-con-boxed e-con e-child\" data-id=\"be8f800\" data-element_type=\"container\">\n\t\t\t\t\t<div class=\"e-con-inner\">\n\t\t\t\t<div class=\"elementor-element elementor-element-0afdee1 elementor-widget elementor-widget-heading\" data-id=\"0afdee1\" data-element_type=\"widget\" data-settings=\"{&quot;_animation&quot;:&quot;none&quot;}\" data-widget_type=\"heading.default\">\n\t\t\t\t<div class=\"elementor-widget-container\">\n\t\t\t\t\t<h1 class=\"elementor-heading-title elementor-size-default\">Kupno, wynajem lub leasing kabin do t\u0142umacze\u0144 ustnych Audipack Silent 9600<\/h1>\t\t\t\t<\/div>\n\t\t\t\t<\/div>\n\t\t\t\t\t<\/div>\n\t\t\t\t<\/div>\n\t\t<div data-particle_enable=\"false\" data-particle-mobile-disabled=\"false\" class=\"elementor-element elementor-element-80d832c e-grid e-con-boxed e-con e-child\" data-id=\"80d832c\" data-element_type=\"container\">\n\t\t\t\t\t<div class=\"e-con-inner\">\n\t\t\t\t<div class=\"elementor-element elementor-element-99559f5 elementor-widget elementor-widget-image\" data-id=\"99559f5\" data-element_type=\"widget\" data-widget_type=\"image.default\">\n\t\t\t\t<div class=\"elementor-widget-container\">\n\t\t\t\t\t\t\t\t\t\t\t\t\t\t\t<img fetchpriority=\"high\" decoding=\"async\" width=\"548\" height=\"412\" src=\"https:\/\/konferenztechnik.de\/wp-content\/uploads\/2018\/06\/audipack-silent-9600-1.jpg\" class=\"attachment-large size-large wp-image-13568\" alt=\"Kabina do t\u0142umacze\u0144 ustnych Audipack Silent 9600\" srcset=\"https:\/\/konferenztechnik.de\/wp-content\/uploads\/2018\/06\/audipack-silent-9600-1.jpg 548w, https:\/\/konferenztechnik.de\/wp-content\/uploads\/2018\/06\/audipack-silent-9600-1-300x226.jpg 300w\" sizes=\"(max-width: 548px) 100vw, 548px\" title=\"\">\t\t\t\t\t\t\t\t\t\t\t\t\t\t\t<\/div>\n\t\t\t\t<\/div>\n\t\t\t\t<div class=\"elementor-element elementor-element-477df0c content-align-cta-default elementor-widget elementor-widget-eael-cta-box\" data-id=\"477df0c\" data-element_type=\"widget\" data-widget_type=\"eael-cta-box.default\">\n\t\t\t\t<div class=\"elementor-widget-container\">\n\t\t\t\t\t\t\t<div class=\"eael-call-to-action cta-basic bg-lite cta-preset-1\">\n        <h2 class=\"title eael-cta-heading\">Audipack Silent 9600<\/h2><p>Najnowszy standard ISO<\/p><p>Du\u017ce okno podgl\u0105du<\/p><p>Wysoka izolacja akustyczna<\/p><p>Wydajny system wentylacji<\/p><a href=\"#kontaktbox\" class=\"cta-button cta-preset-1\">Zapytaj teraz<\/a>\t<\/div>\n\t\t\t\t\t\t\t\t<\/div>\n\t\t\t\t<\/div>\n\t\t\t\t\t<\/div>\n\t\t\t\t<\/div>\n\t\t<div data-particle_enable=\"false\" data-particle-mobile-disabled=\"false\" class=\"elementor-element elementor-element-aaa82cd e-flex e-con-boxed e-con e-child\" data-id=\"aaa82cd\" data-element_type=\"container\">\n\t\t\t\t\t<div class=\"e-con-inner\">\n\t\t\t\t<div class=\"elementor-element elementor-element-996ce7d elementor-widget__width-inherit elementor-widget elementor-widget-text-editor\" data-id=\"996ce7d\" data-element_type=\"widget\" data-widget_type=\"text-editor.default\">\n\t\t\t\t<div class=\"elementor-widget-container\">\n\t\t\t\t\t\t\t\t\t<p>Audipack Silent 9600 jest nast\u0119pc\u0105 Audipack Silent 9300, kt\u00f3ry w ostatnich latach sta\u0142 si\u0119 standardem w technologii konferencyjnej.<br \/>W por\u00f3wnaniu do modelu Silent 9300, Silent 9600 oferuje powi\u0119kszony obszar widzenia, o\u015bwietlenie sufitowe LED oraz opcj\u0119 monitorowania jako\u015bci powietrza. Audipack Silent 9600 jest r\u00f3wnie\u017c certyfikowany zgodnie z najnowsz\u0105 norm\u0105 ISO dla mobilnych kabin t\u0142umaczeniowych (ISO 4043:2016).<\/p>\t\t\t\t\t\t\t\t<\/div>\n\t\t\t\t<\/div>\n\t\t\t\t\t<\/div>\n\t\t\t\t<\/div>\n\t\t<div data-particle_enable=\"false\" data-particle-mobile-disabled=\"false\" class=\"elementor-element elementor-element-b3ddd01 e-flex e-con-boxed e-con e-child\" data-id=\"b3ddd01\" data-element_type=\"container\">\n\t\t\t\t\t<div class=\"e-con-inner\">\n\t\t\t\t<div class=\"elementor-element elementor-element-0064566 elementor-widget elementor-widget-heading\" data-id=\"0064566\" data-element_type=\"widget\" data-settings=\"{&quot;_animation&quot;:&quot;none&quot;}\" data-widget_type=\"heading.default\">\n\t\t\t\t<div class=\"elementor-widget-container\">\n\t\t\t\t\t<h2 class=\"elementor-heading-title elementor-size-default\">Cechy serii Audipack Silent 9600<\/h2>\t\t\t\t<\/div>\n\t\t\t\t<\/div>\n\t\t\t\t<div class=\"elementor-element elementor-element-b6a1653 elementor-icon-list--layout-traditional elementor-list-item-link-full_width elementor-widget elementor-widget-icon-list\" data-id=\"b6a1653\" data-element_type=\"widget\" data-widget_type=\"icon-list.default\">\n\t\t\t\t<div class=\"elementor-widget-container\">\n\t\t\t\t\t\t\t<ul class=\"elementor-icon-list-items\">\n\t\t\t\t\t\t\t<li class=\"elementor-icon-list-item\">\n\t\t\t\t\t\t\t\t\t\t\t<a href=\"#\">\n\n\t\t\t\t\t\t\t\t\t\t\t\t<span class=\"elementor-icon-list-icon\">\n\t\t\t\t\t\t\t<svg aria-hidden=\"true\" class=\"e-font-icon-svg e-fas-check\" viewbox=\"0 0 512 512\" xmlns=\"http:\/\/www.w3.org\/2000\/svg\"><path d=\"M173.898 439.404l-166.4-166.4c-9.997-9.997-9.997-26.206 0-36.204l36.203-36.204c9.997-9.998 26.207-9.998 36.204 0L192 312.69 432.095 72.596c9.997-9.997 26.207-9.997 36.204 0l36.203 36.204c9.997 9.997 9.997 26.206 0 36.204l-294.4 294.401c-9.998 9.997-26.207 9.997-36.204-.001z\"><\/path><\/svg>\t\t\t\t\t\t<\/span>\n\t\t\t\t\t\t\t\t\t\t<span class=\"elementor-icon-list-text\">Certyfikowany zgodnie z norm\u0105 ISO 4043:2016<\/span>\n\t\t\t\t\t\t\t\t\t\t\t<\/a>\n\t\t\t\t\t\t\t\t\t<\/li>\n\t\t\t\t\t\t\t\t<li class=\"elementor-icon-list-item\">\n\t\t\t\t\t\t\t\t\t\t\t<a href=\"#\">\n\n\t\t\t\t\t\t\t\t\t\t\t\t<span class=\"elementor-icon-list-icon\">\n\t\t\t\t\t\t\t<svg aria-hidden=\"true\" class=\"e-font-icon-svg e-fas-check\" viewbox=\"0 0 512 512\" xmlns=\"http:\/\/www.w3.org\/2000\/svg\"><path d=\"M173.898 439.404l-166.4-166.4c-9.997-9.997-9.997-26.206 0-36.204l36.203-36.204c9.997-9.998 26.207-9.998 36.204 0L192 312.69 432.095 72.596c9.997-9.997 26.207-9.997 36.204 0l36.203 36.204c9.997 9.997 9.997 26.206 0 36.204l-294.4 294.401c-9.998 9.997-26.207 9.997-36.204-.001z\"><\/path><\/svg>\t\t\t\t\t\t<\/span>\n\t\t\t\t\t\t\t\t\t\t<span class=\"elementor-icon-list-text\">Du\u017ce okno podgl\u0105du<\/span>\n\t\t\t\t\t\t\t\t\t\t\t<\/a>\n\t\t\t\t\t\t\t\t\t<\/li>\n\t\t\t\t\t\t\t\t<li class=\"elementor-icon-list-item\">\n\t\t\t\t\t\t\t\t\t\t\t<a href=\"#\">\n\n\t\t\t\t\t\t\t\t\t\t\t\t<span class=\"elementor-icon-list-icon\">\n\t\t\t\t\t\t\t<svg aria-hidden=\"true\" class=\"e-font-icon-svg e-fas-check\" viewbox=\"0 0 512 512\" xmlns=\"http:\/\/www.w3.org\/2000\/svg\"><path d=\"M173.898 439.404l-166.4-166.4c-9.997-9.997-9.997-26.206 0-36.204l36.203-36.204c9.997-9.998 26.207-9.998 36.204 0L192 312.69 432.095 72.596c9.997-9.997 26.207-9.997 36.204 0l36.203 36.204c9.997 9.997 9.997 26.206 0 36.204l-294.4 294.401c-9.998 9.997-26.207 9.997-36.204-.001z\"><\/path><\/svg>\t\t\t\t\t\t<\/span>\n\t\t\t\t\t\t\t\t\t\t<span class=\"elementor-icon-list-text\">Wysoka izolacja akustyczna<\/span>\n\t\t\t\t\t\t\t\t\t\t\t<\/a>\n\t\t\t\t\t\t\t\t\t<\/li>\n\t\t\t\t\t\t\t\t<li class=\"elementor-icon-list-item\">\n\t\t\t\t\t\t\t\t\t\t\t<a href=\"#\">\n\n\t\t\t\t\t\t\t\t\t\t\t\t<span class=\"elementor-icon-list-icon\">\n\t\t\t\t\t\t\t<svg aria-hidden=\"true\" class=\"e-font-icon-svg e-fas-check\" viewbox=\"0 0 512 512\" xmlns=\"http:\/\/www.w3.org\/2000\/svg\"><path d=\"M173.898 439.404l-166.4-166.4c-9.997-9.997-9.997-26.206 0-36.204l36.203-36.204c9.997-9.998 26.207-9.998 36.204 0L192 312.69 432.095 72.596c9.997-9.997 26.207-9.997 36.204 0l36.203 36.204c9.997 9.997 9.997 26.206 0 36.204l-294.4 294.401c-9.998 9.997-26.207 9.997-36.204-.001z\"><\/path><\/svg>\t\t\t\t\t\t<\/span>\n\t\t\t\t\t\t\t\t\t\t<span class=\"elementor-icon-list-text\">Wydajny system wentylacji<\/span>\n\t\t\t\t\t\t\t\t\t\t\t<\/a>\n\t\t\t\t\t\t\t\t\t<\/li>\n\t\t\t\t\t\t\t\t<li class=\"elementor-icon-list-item\">\n\t\t\t\t\t\t\t\t\t\t\t<a href=\"#\">\n\n\t\t\t\t\t\t\t\t\t\t\t\t<span class=\"elementor-icon-list-icon\">\n\t\t\t\t\t\t\t<svg aria-hidden=\"true\" class=\"e-font-icon-svg e-fas-check\" viewbox=\"0 0 512 512\" xmlns=\"http:\/\/www.w3.org\/2000\/svg\"><path d=\"M173.898 439.404l-166.4-166.4c-9.997-9.997-9.997-26.206 0-36.204l36.203-36.204c9.997-9.998 26.207-9.998 36.204 0L192 312.69 432.095 72.596c9.997-9.997 26.207-9.997 36.204 0l36.203 36.204c9.997 9.997 9.997 26.206 0 36.204l-294.4 294.401c-9.998 9.997-26.207 9.997-36.204-.001z\"><\/path><\/svg>\t\t\t\t\t\t<\/span>\n\t\t\t\t\t\t\t\t\t\t<span class=\"elementor-icon-list-text\">Szybki monta\u017c i demonta\u017c<\/span>\n\t\t\t\t\t\t\t\t\t\t\t<\/a>\n\t\t\t\t\t\t\t\t\t<\/li>\n\t\t\t\t\t\t<\/ul>\n\t\t\t\t\t\t<\/div>\n\t\t\t\t<\/div>\n\t\t\t\t<div class=\"elementor-element elementor-element-74974da elementor-widget__width-inherit elementor-widget elementor-widget-text-editor\" data-id=\"74974da\" data-element_type=\"widget\" data-widget_type=\"text-editor.default\">\n\t\t\t\t<div class=\"elementor-widget-container\">\n\t\t\t\t\t\t\t\t\t<p>Audipack Silent 9600 jest nast\u0119pc\u0105 Audipack Silent 9300, kt\u00f3ry w ostatnich latach sta\u0142 si\u0119 standardem w technologii konferencyjnej.<br \/>W por\u00f3wnaniu do modelu Silent 9300, Silent 9600 oferuje powi\u0119kszony obszar widzenia, o\u015bwietlenie sufitowe LED oraz opcj\u0119 monitorowania jako\u015bci powietrza. Audipack Silent 9600 jest r\u00f3wnie\u017c certyfikowany zgodnie z najnowsz\u0105 norm\u0105 ISO dla mobilnych kabin t\u0142umaczeniowych (ISO 4043:2016).<\/p>\t\t\t\t\t\t\t\t<\/div>\n\t\t\t\t<\/div>\n\t\t\t\t<div class=\"elementor-element elementor-element-e1f6e3c elementor-widget elementor-widget-heading\" data-id=\"e1f6e3c\" data-element_type=\"widget\" data-settings=\"{&quot;_animation&quot;:&quot;none&quot;}\" data-widget_type=\"heading.default\">\n\t\t\t\t<div class=\"elementor-widget-container\">\n\t\t\t\t\t<h2 class=\"elementor-heading-title elementor-size-default\">Kabina do t\u0142umacze\u0144 ustnych Audipack Silent 9600<\/h2>\t\t\t\t<\/div>\n\t\t\t\t<\/div>\n\t\t\t\t<div class=\"elementor-element elementor-element-0126caf elementor-cta--skin-cover elementor-cta--valign-bottom elementor-widget elementor-widget-call-to-action\" data-id=\"0126caf\" data-element_type=\"widget\" data-widget_type=\"call-to-action.default\">\n\t\t\t\t<div class=\"elementor-widget-container\">\n\t\t\t\t\t\t\t<div class=\"elementor-cta\">\n\t\t\t\t\t<div class=\"elementor-cta__bg-wrapper\">\n\t\t\t\t<div class=\"elementor-cta__bg elementor-bg\" style=\"background-image: url(https:\/\/konferenztechnik.de\/wp-content\/uploads\/2018\/07\/Dolmetscherkabinen-kaufen-sofort-ab-Lager-lieferbar.jpg);\" role=\"img\" aria-label=\"Kup kabiny t\u0142umaczeniowe dost\u0119pne natychmiast z magazynu\"><\/div>\n\t\t\t\t<div class=\"elementor-cta__bg-overlay\"><\/div>\n\t\t\t<\/div>\n\t\t\t\t\t\t\t<div class=\"elementor-cta__content\">\n\t\t\t\t\n\t\t\t\t\n\t\t\t\t\n\t\t\t\t\t\t\t\t\t<div class=\"elementor-cta__button-wrapper elementor-cta__content-item elementor-content-item\">\n\t\t\t\t\t<a class=\"elementor-cta__button elementor-button elementor-size-lg\" href=\"#kontaktbox\">\n\t\t\t\t\t\tZapytaj teraz\t\t\t\t\t<\/a>\n\t\t\t\t\t<\/div>\n\t\t\t\t\t\t\t<\/div>\n\t\t\t\t\t\t<\/div>\n\t\t\t\t\t\t<\/div>\n\t\t\t\t<\/div>\n\t\t\t\t<div class=\"elementor-element elementor-element-5a292fb elementor-widget elementor-widget-spacer\" data-id=\"5a292fb\" data-element_type=\"widget\" data-widget_type=\"spacer.default\">\n\t\t\t\t<div class=\"elementor-widget-container\">\n\t\t\t\t\t\t\t<div class=\"elementor-spacer\">\n\t\t\t<div class=\"elementor-spacer-inner\"><\/div>\n\t\t<\/div>\n\t\t\t\t\t\t<\/div>\n\t\t\t\t<\/div>\n\t\t\t\t<div class=\"elementor-element elementor-element-8e1d72b elementor-widget elementor-widget-heading\" data-id=\"8e1d72b\" data-element_type=\"widget\" data-settings=\"{&quot;_animation&quot;:&quot;none&quot;}\" data-widget_type=\"heading.default\">\n\t\t\t\t<div class=\"elementor-widget-container\">\n\t\t\t\t\t<h2 class=\"elementor-heading-title elementor-size-default\">Zakres dostawy Audipack Silent 9600<\/h2>\t\t\t\t<\/div>\n\t\t\t\t<\/div>\n\t\t\t\t<div class=\"elementor-element elementor-element-1a787f8 elementor-widget__width-inherit elementor-widget elementor-widget-text-editor\" data-id=\"1a787f8\" data-element_type=\"widget\" data-widget_type=\"text-editor.default\">\n\t\t\t\t<div class=\"elementor-widget-container\">\n\t\t\t\t\t\t\t\t\t<p>Kabina t\u0142umacza Audipack Silent 9600 sk\u0142ada si\u0119 z jedenastu element\u00f3w: Cztery elementy z oknem widokowym, trzy zamkni\u0119te panele boczne i jeden element z wbudowanymi drzwiami. Dost\u0119pne s\u0105 r\u00f3wnie\u017c dwie sekcje dachowe i stolik. Kabina jest po\u0142\u0105czona w naro\u017cnikach czterema profilami bocznymi.<\/p>\t\t\t\t\t\t\t\t<\/div>\n\t\t\t\t<\/div>\n\t\t\t\t<div class=\"elementor-element elementor-element-a7cd85e elementor-widget elementor-widget-heading\" data-id=\"a7cd85e\" data-element_type=\"widget\" data-settings=\"{&quot;_animation&quot;:&quot;none&quot;}\" data-widget_type=\"heading.default\">\n\t\t\t\t<div class=\"elementor-widget-container\">\n\t\t\t\t\t<h2 class=\"elementor-heading-title elementor-size-default\">Ustawienie kabiny t\u0142umacza<\/h2>\t\t\t\t<\/div>\n\t\t\t\t<\/div>\n\t\t\t\t<div class=\"elementor-element elementor-element-8b81d3b elementor-widget__width-inherit elementor-widget elementor-widget-text-editor\" data-id=\"8b81d3b\" data-element_type=\"widget\" data-widget_type=\"text-editor.default\">\n\t\t\t\t<div class=\"elementor-widget-container\">\n\t\t\t\t\t\t\t\t\t<p>Kabiny do t\u0142umacze\u0144 Audipack Silent mo\u017cna \u0142atwo montowa\u0107 pojedynczo lub w parach. Elementy s\u0105 po prostu wk\u0142adane jeden w drugi. Elementy s\u0105 bezpiecznie blokowane za pomoc\u0105 klucza imbusowego przy u\u017cyciu opatentowanego systemu blokowania.<\/p>\t\t\t\t\t\t\t\t<\/div>\n\t\t\t\t<\/div>\n\t\t\t\t<div class=\"elementor-element elementor-element-900f229 elementor-widget__width-inherit elementor-widget elementor-widget-text-editor\" data-id=\"900f229\" data-element_type=\"widget\" data-widget_type=\"text-editor.default\">\n\t\t\t\t<div class=\"elementor-widget-container\">\n\t\t\t\t\t\t\t\t\tPobierz instrukcj\u0119 monta\u017cu\n\n<a href=\"https:\/\/konferenztechnik.de\/wp-content\/uploads\/2017\/05\/Audipack-Silent-Serie-Dolmetschkabine-Aufbauanleitung.pdf\" target=\"_blank\" rel=\"noopener\">PDF do pobrania: Instrukcja monta\u017cu Audipack Silent Series<\/a>\t\t\t\t\t\t\t\t<\/div>\n\t\t\t\t<\/div>\n\t\t\t\t<div class=\"elementor-element elementor-element-40a320c elementor-widget elementor-widget-heading\" data-id=\"40a320c\" data-element_type=\"widget\" data-settings=\"{&quot;_animation&quot;:&quot;none&quot;}\" data-widget_type=\"heading.default\">\n\t\t\t\t<div class=\"elementor-widget-container\">\n\t\t\t\t\t<h2 class=\"elementor-heading-title elementor-size-default\">Opcjonalne systemy wentylacji dla Audipack Silent 9700<\/h2>\t\t\t\t<\/div>\n\t\t\t\t<\/div>\n\t\t\t\t<div class=\"elementor-element elementor-element-6668045 elementor-widget__width-inherit elementor-widget elementor-widget-image\" data-id=\"6668045\" data-element_type=\"widget\" data-widget_type=\"image.default\">\n\t\t\t\t<div class=\"elementor-widget-container\">\n\t\t\t\t\t\t\t\t\t\t\t\t\t\t\t<img decoding=\"async\" width=\"1300\" height=\"400\" src=\"https:\/\/konferenztechnik.de\/wp-content\/uploads\/2018\/07\/audipack-ventilationssysteme-fuer-dolmetschkabinen.webp\" class=\"attachment-full size-full wp-image-35666\" alt=\"Opcjonalne systemy wentylacji dla kabin t\u0142umaczeniowych Audipack Silent\" srcset=\"https:\/\/konferenztechnik.de\/wp-content\/uploads\/2018\/07\/audipack-ventilationssysteme-fuer-dolmetschkabinen.webp 1300w, https:\/\/konferenztechnik.de\/wp-content\/uploads\/2018\/07\/audipack-ventilationssysteme-fuer-dolmetschkabinen-300x92.webp 300w, https:\/\/konferenztechnik.de\/wp-content\/uploads\/2018\/07\/audipack-ventilationssysteme-fuer-dolmetschkabinen-1024x315.webp 1024w, https:\/\/konferenztechnik.de\/wp-content\/uploads\/2018\/07\/audipack-ventilationssysteme-fuer-dolmetschkabinen-768x236.webp 768w, https:\/\/konferenztechnik.de\/wp-content\/uploads\/2018\/07\/audipack-ventilationssysteme-fuer-dolmetschkabinen-18x6.webp 18w\" sizes=\"(max-width: 1300px) 100vw, 1300px\" title=\"\">\t\t\t\t\t\t\t\t\t\t\t\t\t\t\t<\/div>\n\t\t\t\t<\/div>\n\t\t\t\t<div class=\"elementor-element elementor-element-a958700 elementor-widget elementor-widget-heading\" data-id=\"a958700\" data-element_type=\"widget\" data-settings=\"{&quot;_animation&quot;:&quot;none&quot;}\" data-widget_type=\"heading.default\">\n\t\t\t\t<div class=\"elementor-widget-container\">\n\t\t\t\t\t<h3 class=\"elementor-heading-title elementor-size-default\">Pojedynczy system wentylacji A (z pod\u0142\u0105czeniem LED)<\/h3>\t\t\t\t<\/div>\n\t\t\t\t<\/div>\n\t\t\t\t<div class=\"elementor-element elementor-element-10b31f2 elementor-widget__width-inherit elementor-widget elementor-widget-text-editor\" data-id=\"10b31f2\" data-element_type=\"widget\" data-widget_type=\"text-editor.default\">\n\t\t\t\t<div class=\"elementor-widget-container\">\n\t\t\t\t\t\t\t\t\t<p>System wentylacji A jest zainstalowany na sta\u0142e w kabinie. Potrzebne s\u0105 dwa systemy na kabin\u0119. Zasilanie jest dostarczane przez standardowe przewody zimnego urz\u0105dzenia. System wentylacji A zasila r\u00f3wnie\u017c opcjonalne o\u015bwietlenie sufitowe LED w kabinie za po\u015brednictwem wbudowanego zasilacza.<\/p>\t\t\t\t\t\t\t\t<\/div>\n\t\t\t\t<\/div>\n\t\t\t\t<div class=\"elementor-element elementor-element-371f726 elementor-widget elementor-widget-heading\" data-id=\"371f726\" data-element_type=\"widget\" data-settings=\"{&quot;_animation&quot;:&quot;none&quot;}\" data-widget_type=\"heading.default\">\n\t\t\t\t<div class=\"elementor-widget-container\">\n\t\t\t\t\t<h3 class=\"elementor-heading-title elementor-size-default\">System wentylacji B (zdejmowany)<\/h3>\t\t\t\t<\/div>\n\t\t\t\t<\/div>\n\t\t\t\t<div class=\"elementor-element elementor-element-5247d70 elementor-widget__width-inherit elementor-widget elementor-widget-text-editor\" data-id=\"5247d70\" data-element_type=\"widget\" data-widget_type=\"text-editor.default\">\n\t\t\t\t<div class=\"elementor-widget-container\">\n\t\t\t\t\t\t\t\t\t<p>System wentylacji B sk\u0142ada si\u0119 z wyjmowanego elementu wentylacyjnego. Potrzebne s\u0105 dwa wentylatory na kabin\u0119. Elementy wentylacyjne s\u0105 po prostu wk\u0142adane do otwor\u00f3w w dachach kabin. Zasilanie odbywa si\u0119 za pomoc\u0105 standardowych kabli zimnego urz\u0105dzenia. Przep\u0142yw powietrza wynosi oko\u0142o 100 m\u00b3 na godzin\u0119.<\/p>\t\t\t\t\t\t\t\t<\/div>\n\t\t\t\t<\/div>\n\t\t\t\t<div class=\"elementor-element elementor-element-ebc404b elementor-widget elementor-widget-heading\" data-id=\"ebc404b\" data-element_type=\"widget\" data-settings=\"{&quot;_animation&quot;:&quot;none&quot;}\" data-widget_type=\"heading.default\">\n\t\t\t\t<div class=\"elementor-widget-container\">\n\t\t\t\t\t<h2 class=\"elementor-heading-title elementor-size-default\">Pomiar jako\u015bci powietrza w kabinie t\u0142umaczeniowej<\/h2>\t\t\t\t<\/div>\n\t\t\t\t<\/div>\n\t\t\t\t<div class=\"elementor-element elementor-element-d29a4e4 elementor-widget__width-inherit elementor-widget elementor-widget-image\" data-id=\"d29a4e4\" data-element_type=\"widget\" data-widget_type=\"image.default\">\n\t\t\t\t<div class=\"elementor-widget-container\">\n\t\t\t\t\t\t\t\t\t\t\t\t\t\t\t<img decoding=\"async\" width=\"1300\" height=\"400\" src=\"https:\/\/konferenztechnik.de\/wp-content\/uploads\/2018\/07\/audipack-co2-messgeraete-luftqualitaet-fuer-dolmetschkabinen.webp\" class=\"attachment-full size-full wp-image-35702\" alt=\"Urz\u0105dzenia do pomiaru CO2 Audipack. Pomiar jako\u015bci powietrza w kabinie t\u0142umaczeniowej.\" srcset=\"https:\/\/konferenztechnik.de\/wp-content\/uploads\/2018\/07\/audipack-co2-messgeraete-luftqualitaet-fuer-dolmetschkabinen.webp 1300w, https:\/\/konferenztechnik.de\/wp-content\/uploads\/2018\/07\/audipack-co2-messgeraete-luftqualitaet-fuer-dolmetschkabinen-300x92.webp 300w, https:\/\/konferenztechnik.de\/wp-content\/uploads\/2018\/07\/audipack-co2-messgeraete-luftqualitaet-fuer-dolmetschkabinen-1024x315.webp 1024w, https:\/\/konferenztechnik.de\/wp-content\/uploads\/2018\/07\/audipack-co2-messgeraete-luftqualitaet-fuer-dolmetschkabinen-768x236.webp 768w, https:\/\/konferenztechnik.de\/wp-content\/uploads\/2018\/07\/audipack-co2-messgeraete-luftqualitaet-fuer-dolmetschkabinen-18x6.webp 18w\" sizes=\"(max-width: 1300px) 100vw, 1300px\" title=\"\">\t\t\t\t\t\t\t\t\t\t\t\t\t\t\t<\/div>\n\t\t\t\t<\/div>\n\t\t\t\t<div class=\"elementor-element elementor-element-8dc4080 elementor-widget__width-inherit elementor-widget elementor-widget-text-editor\" data-id=\"8dc4080\" data-element_type=\"widget\" data-widget_type=\"text-editor.default\">\n\t\t\t\t<div class=\"elementor-widget-container\">\n\t\t\t\t\t\t\t\t\t<p>Opcjonalne urz\u0105dzenie do pomiaru CO2 mo\u017ce by\u0107 u\u017cywane do pomiaru i monitorowania zawarto\u015bci CO2 w kabinie t\u0142umacza. Mo\u017cliwe jest otrzymanie sygna\u0142u ostrzegawczego, je\u015bli poziom CO2 wzro\u015bnie powy\u017cej warto\u015bci krytycznej. Kontekst: Mo\u017cna za\u0142o\u017cy\u0107, \u017ce wydajno\u015b\u0107 t\u0142umaczy ustnych spada, gdy zawarto\u015b\u0107 CO2 jest niska. Odpowiednie badania s\u0105 obecnie w toku.<\/p>\t\t\t\t\t\t\t\t<\/div>\n\t\t\t\t<\/div>\n\t\t\t\t<div class=\"elementor-element elementor-element-ba54505 elementor-widget elementor-widget-heading\" data-id=\"ba54505\" data-element_type=\"widget\" data-settings=\"{&quot;_animation&quot;:&quot;none&quot;}\" data-widget_type=\"heading.default\">\n\t\t\t\t<div class=\"elementor-widget-container\">\n\t\t\t\t\t<h2 class=\"elementor-heading-title elementor-size-default\">Kup lub wypo\u017cycz akcesoria do g\u0142o\u015bnika Audipack Silent 9600<\/h2>\t\t\t\t<\/div>\n\t\t\t\t<\/div>\n\t\t\t\t<div class=\"elementor-element elementor-element-1753e50 elementor-widget elementor-widget-image\" data-id=\"1753e50\" data-element_type=\"widget\" data-widget_type=\"image.default\">\n\t\t\t\t<div class=\"elementor-widget-container\">\n\t\t\t\t\t\t\t\t\t\t\t\t\t\t\t<img loading=\"lazy\" decoding=\"async\" width=\"800\" height=\"300\" src=\"https:\/\/konferenztechnik.de\/wp-content\/uploads\/2018\/07\/audipack-dolmetscherkanbine-silent-9600-erweiterung-transportwagen-1024x384.jpg\" class=\"attachment-large size-large wp-image-13474\" alt=\"Kabina t\u0142umacza Audipack Silent-9600 z przed\u0142u\u017ceniem i w\u00f3zkiem transportowym\" srcset=\"https:\/\/konferenztechnik.de\/wp-content\/uploads\/2018\/07\/audipack-dolmetscherkanbine-silent-9600-erweiterung-transportwagen-1024x384.jpg 1024w, https:\/\/konferenztechnik.de\/wp-content\/uploads\/2018\/07\/audipack-dolmetscherkanbine-silent-9600-erweiterung-transportwagen-300x113.jpg 300w, https:\/\/konferenztechnik.de\/wp-content\/uploads\/2018\/07\/audipack-dolmetscherkanbine-silent-9600-erweiterung-transportwagen-768x288.jpg 768w, https:\/\/konferenztechnik.de\/wp-content\/uploads\/2018\/07\/audipack-dolmetscherkanbine-silent-9600-erweiterung-transportwagen.jpg 1200w\" sizes=\"(max-width: 800px) 100vw, 800px\" title=\"\">\t\t\t\t\t\t\t\t\t\t\t\t\t\t\t<\/div>\n\t\t\t\t<\/div>\n\t\t\t\t<div class=\"elementor-element elementor-element-4b1484a elementor-widget__width-inherit elementor-widget elementor-widget-text-editor\" data-id=\"4b1484a\" data-element_type=\"widget\" data-widget_type=\"text-editor.default\">\n\t\t\t\t<div class=\"elementor-widget-container\">\n\t\t\t\t\t\t\t\t\t<p>Dla Audipack Silent 9600 dost\u0119pne s\u0105 r\u00f3\u017cne akcesoria:<\/p>\t\t\t\t\t\t\t\t<\/div>\n\t\t\t\t<\/div>\n\t\t\t\t<div class=\"elementor-element elementor-element-5a389be elementor-widget elementor-widget-heading\" data-id=\"5a389be\" data-element_type=\"widget\" data-settings=\"{&quot;_animation&quot;:&quot;none&quot;}\" data-widget_type=\"heading.default\">\n\t\t\t\t<div class=\"elementor-widget-container\">\n\t\t\t\t\t<h3 class=\"elementor-heading-title elementor-size-default\">Zestaw do rozbudowy kabiny t\u0142umaczeniowej<\/h3>\t\t\t\t<\/div>\n\t\t\t\t<\/div>\n\t\t\t\t<div class=\"elementor-element elementor-element-372a0c8 elementor-widget__width-inherit elementor-widget elementor-widget-text-editor\" data-id=\"372a0c8\" data-element_type=\"widget\" data-widget_type=\"text-editor.default\">\n\t\t\t\t<div class=\"elementor-widget-container\">\n\t\t\t\t\t\t\t\t\t<p>Kabina do t\u0142umacze\u0144 ustnych Audipack Silent 9600 jest zwyk\u0142\u0105 kabin\u0105 dla 2 os\u00f3b, ale mo\u017cna j\u0105 rozbudowa\u0107 do 3 lub 4 os\u00f3b za pomoc\u0105 zestawu rozszerzaj\u0105cego. Ten zestaw rozszerze\u0144 obejmuje zamkni\u0119ty element \u015bcienny, element \u015bcienny z oknem widokowym, przed\u0142u\u017cenie dachu i przed\u0142u\u017cenie sto\u0142u wraz z nog\u0105 sto\u0142u.<\/p>\t\t\t\t\t\t\t\t<\/div>\n\t\t\t\t<\/div>\n\t\t\t\t<div class=\"elementor-element elementor-element-f3ecaea elementor-widget elementor-widget-heading\" data-id=\"f3ecaea\" data-element_type=\"widget\" data-settings=\"{&quot;_animation&quot;:&quot;none&quot;}\" data-widget_type=\"heading.default\">\n\t\t\t\t<div class=\"elementor-widget-container\">\n\t\t\t\t\t<h3 class=\"elementor-heading-title elementor-size-default\">Skrzynie transportowe<\/h3>\t\t\t\t<\/div>\n\t\t\t\t<\/div>\n\t\t\t\t<div class=\"elementor-element elementor-element-e146dca elementor-widget__width-inherit elementor-widget elementor-widget-text-editor\" data-id=\"e146dca\" data-element_type=\"widget\" data-widget_type=\"text-editor.default\">\n\t\t\t\t<div class=\"elementor-widget-container\">\n\t\t\t\t\t\t\t\t\t<p>W\u00f3zek transportowy Audipack u\u0142atwia przemieszczanie kabiny t\u0142umaczeniowej, co jest szczeg\u00f3lnie wa\u017cne w przypadku zastosowa\u0144 mobilnych. Kabiny mo\u017cna r\u00f3wnie\u017c \u0142atwo przechowywa\u0107 na w\u00f3zku transportowym i s\u0105 one szybko dost\u0119pne, gdy s\u0105 potrzebne.<\/p>\t\t\t\t\t\t\t\t<\/div>\n\t\t\t\t<\/div>\n\t\t\t\t<div class=\"elementor-element elementor-element-f2559ba elementor-widget elementor-widget-heading\" data-id=\"f2559ba\" data-element_type=\"widget\" data-settings=\"{&quot;_animation&quot;:&quot;none&quot;}\" data-widget_type=\"heading.default\">\n\t\t\t\t<div class=\"elementor-widget-container\">\n\t\t\t\t\t<h3 class=\"elementor-heading-title elementor-size-default\">Pomoc budowlana<\/h3>\t\t\t\t<\/div>\n\t\t\t\t<\/div>\n\t\t\t\t<div class=\"elementor-element elementor-element-b6d343c elementor-widget__width-inherit elementor-widget elementor-widget-text-editor\" data-id=\"b6d343c\" data-element_type=\"widget\" data-widget_type=\"text-editor.default\">\n\t\t\t\t<div class=\"elementor-widget-container\">\n\t\t\t\t\t\t\t\t\t<p>Aby u\u0142atwi\u0107 monta\u017c kabiny t\u0142umacza, dost\u0119pna jest pomoc monta\u017cowa. Jest ona po\u0142\u0105czona z panelem bocznym i s\u0142u\u017cy jako podpora podczas monta\u017cu. Oznacza to, \u017ce kabina t\u0142umacza mo\u017ce by\u0107 \u0142atwo zmontowana przez jedn\u0105 osob\u0119 (numer referencyjny: P1866).<\/p>\t\t\t\t\t\t\t\t<\/div>\n\t\t\t\t<\/div>\n\t\t\t\t<div class=\"elementor-element elementor-element-7548301 elementor-widget elementor-widget-menu-anchor\" data-id=\"7548301\" data-element_type=\"widget\" data-widget_type=\"menu-anchor.default\">\n\t\t\t\t<div class=\"elementor-widget-container\">\n\t\t\t\t\t\t\t<div class=\"elementor-menu-anchor\" id=\"kontaktbox\"><\/div>\n\t\t\t\t\t\t<\/div>\n\t\t\t\t<\/div>\n\t\t\t\t\t<\/div>\n\t\t\t\t<\/div>\n\t\t\t\t<div class=\"elementor-element elementor-element-45399b5 elementor-widget elementor-widget-shortcode\" data-id=\"45399b5\" data-element_type=\"widget\" data-widget_type=\"shortcode.default\">\n\t\t\t\t<div class=\"elementor-widget-container\">\n\t\t\t\t\t\t\t<div class=\"elementor-shortcode\"><\/div>\n\t\t\t\t\t\t<\/div>\n\t\t\t\t<\/div>\n\t\t\t\t\t<\/div>\n\t\t\t\t<\/div>\n\t\t\t\t<\/div>","protected":false},"excerpt":{"rendered":"<p>Audipack Silent 9600 jest nast\u0119pc\u0105 Audipack Silent 9300, kt\u00f3ry w ostatnich latach sta\u0142 si\u0119 standardem w technologii konferencyjnej.<\/p>","protected":false},"author":1,"featured_media":13567,"comment_status":"closed","ping_status":"closed","sticky":false,"template":"","format":"standard","meta":{"_acf_changed":false,"footnotes":""},"categories":[39],"tags":[],"class_list":["post-13449","post","type-post","status-publish","format-standard","has-post-thumbnail","hentry","category-produkte"],"acf":[],"_links":{"self":[{"href":"https:\/\/konferenztechnik.de\/pl\/wp-json\/wp\/v2\/posts\/13449","targetHints":{"allow":["GET"]}}],"collection":[{"href":"https:\/\/konferenztechnik.de\/pl\/wp-json\/wp\/v2\/posts"}],"about":[{"href":"https:\/\/konferenztechnik.de\/pl\/wp-json\/wp\/v2\/types\/post"}],"author":[{"embeddable":true,"href":"https:\/\/konferenztechnik.de\/pl\/wp-json\/wp\/v2\/users\/1"}],"replies":[{"embeddable":true,"href":"https:\/\/konferenztechnik.de\/pl\/wp-json\/wp\/v2\/comments?post=13449"}],"version-history":[{"count":0,"href":"https:\/\/konferenztechnik.de\/pl\/wp-json\/wp\/v2\/posts\/13449\/revisions"}],"wp:featuredmedia":[{"embeddable":true,"href":"https:\/\/konferenztechnik.de\/pl\/wp-json\/wp\/v2\/media\/13567"}],"wp:attachment":[{"href":"https:\/\/konferenztechnik.de\/pl\/wp-json\/wp\/v2\/media?parent=13449"}],"wp:term":[{"taxonomy":"category","embeddable":true,"href":"https:\/\/konferenztechnik.de\/pl\/wp-json\/wp\/v2\/categories?post=13449"},{"taxonomy":"post_tag","embeddable":true,"href":"https:\/\/konferenztechnik.de\/pl\/wp-json\/wp\/v2\/tags?post=13449"}],"curies":[{"name":"wp","href":"https:\/\/api.w.org\/{rel}","templated":true}]}}