{"id":13504,"date":"2018-07-16T14:28:42","date_gmt":"2018-07-16T13:28:42","guid":{"rendered":"https:\/\/www.konferenztechnik.de\/?page_id=13504"},"modified":"2024-06-28T09:51:07","modified_gmt":"2024-06-28T07:51:07","slug":"kup-audipack-silent-9700","status":"publish","type":"post","link":"https:\/\/konferenztechnik.de\/pl\/kup-audipack-silent-9700\/","title":{"rendered":"Kabina do t\u0142umacze\u0144 ustnych Audipack Silent 9700"},"content":{"rendered":"<div data-elementor-type=\"wp-post\" data-elementor-id=\"13504\" class=\"elementor elementor-13504\" data-elementor-post-type=\"post\">\n\t\t\t\t<div data-particle_enable=\"false\" data-particle-mobile-disabled=\"false\" class=\"elementor-element elementor-element-7817a8c e-flex e-con-boxed e-con e-parent\" data-id=\"7817a8c\" data-element_type=\"container\" data-e-type=\"container\">\n\t\t\t\t\t<div class=\"e-con-inner\">\n\t\t<div data-particle_enable=\"false\" data-particle-mobile-disabled=\"false\" class=\"elementor-element elementor-element-6cf5695 e-flex e-con-boxed e-con e-child\" data-id=\"6cf5695\" data-element_type=\"container\" data-e-type=\"container\">\n\t\t\t\t\t<div class=\"e-con-inner\">\n\t\t\t\t<div class=\"elementor-element elementor-element-d632d58 elementor-widget elementor-widget-heading\" data-id=\"d632d58\" data-element_type=\"widget\" data-e-type=\"widget\" data-settings=\"{&quot;_animation&quot;:&quot;none&quot;}\" data-widget_type=\"heading.default\">\n\t\t\t\t<div class=\"elementor-widget-container\">\n\t\t\t\t\t<h1 class=\"elementor-heading-title elementor-size-default\">Kupno, wynajem lub leasing kabin do t\u0142umacze\u0144 ustnych Audipack Silent 9700<\/h1>\t\t\t\t<\/div>\n\t\t\t\t<\/div>\n\t\t\t\t\t<\/div>\n\t\t\t\t<\/div>\n\t\t<div data-particle_enable=\"false\" data-particle-mobile-disabled=\"false\" class=\"elementor-element elementor-element-8d5e6c6 e-grid e-con-boxed e-con e-child\" data-id=\"8d5e6c6\" data-element_type=\"container\" data-e-type=\"container\">\n\t\t\t\t\t<div class=\"e-con-inner\">\n\t\t\t\t<div class=\"elementor-element elementor-element-9926958 elementor-widget elementor-widget-image\" data-id=\"9926958\" data-element_type=\"widget\" data-e-type=\"widget\" data-widget_type=\"image.default\">\n\t\t\t\t<div class=\"elementor-widget-container\">\n\t\t\t\t\t\t\t\t\t\t\t\t\t\t\t<img fetchpriority=\"high\" decoding=\"async\" width=\"800\" height=\"600\" src=\"https:\/\/konferenztechnik.de\/wp-content\/uploads\/2018\/07\/audipack-silent-9700-dolmetscherkabine-1.jpg\" class=\"attachment-large size-large wp-image-13521\" alt=\"Kabina do t\u0142umacze\u0144 ustnych Aaudipack Silent 9700\" srcset=\"https:\/\/konferenztechnik.de\/wp-content\/uploads\/2018\/07\/audipack-silent-9700-dolmetscherkabine-1.jpg 800w, https:\/\/konferenztechnik.de\/wp-content\/uploads\/2018\/07\/audipack-silent-9700-dolmetscherkabine-1-300x225.jpg 300w, https:\/\/konferenztechnik.de\/wp-content\/uploads\/2018\/07\/audipack-silent-9700-dolmetscherkabine-1-768x576.jpg 768w\" sizes=\"(max-width: 800px) 100vw, 800px\" title=\"\">\t\t\t\t\t\t\t\t\t\t\t\t\t\t\t<\/div>\n\t\t\t\t<\/div>\n\t\t\t\t<div class=\"elementor-element elementor-element-8e40513 content-align-cta-default elementor-widget elementor-widget-eael-cta-box\" data-id=\"8e40513\" data-element_type=\"widget\" data-e-type=\"widget\" data-widget_type=\"eael-cta-box.default\">\n\t\t\t\t<div class=\"elementor-widget-container\">\n\t\t\t\t\t\t\t<div class=\"eael-call-to-action cta-basic bg-lite cta-preset-1\">\n        <h2 class=\"title eael-cta-heading\">Audipack Silent 9700<\/h2><p>Najnowszy standard ISO<\/p><p>Mo\u017cliwo\u015b\u0107 demonta\u017cu w poziomie<\/p><p>Wysoka izolacja akustyczna<\/p><p>Wydajny system wentylacji<\/p><p>Uwaga: mo\u017cna zamawia\u0107 tylko w wi\u0119kszych ilo\u015bciach<\/p><a href=\"#kontaktbox\" class=\"cta-button cta-preset-1\">Zapytaj teraz<\/a>\t<\/div>\n\t\t\t\t\t\t\t\t<\/div>\n\t\t\t\t<\/div>\n\t\t\t\t\t<\/div>\n\t\t\t\t<\/div>\n\t\t<div data-particle_enable=\"false\" data-particle-mobile-disabled=\"false\" class=\"elementor-element elementor-element-090eae3 e-flex e-con-boxed e-con e-child\" data-id=\"090eae3\" data-element_type=\"container\" data-e-type=\"container\">\n\t\t\t\t\t<div class=\"e-con-inner\">\n\t\t\t\t<div class=\"elementor-element elementor-element-849f874 elementor-alert-warning elementor-widget elementor-widget-alert\" data-id=\"849f874\" data-element_type=\"widget\" data-e-type=\"widget\" data-widget_type=\"alert.default\">\n\t\t\t\t<div class=\"elementor-widget-container\">\n\t\t\t\t\t\t\t<div class=\"elementor-alert\" role=\"alert\">\n\n\t\t\t\t\t\t<span class=\"elementor-alert-title\">Uwaga, zam\u00f3wienie mo\u017cliwe tylko w du\u017cych ilo\u015bciach<\/span>\n\t\t\t\n\t\t\t\t\t\t<span class=\"elementor-alert-description\">Audipack Silent 9700 jest obecnie produkowany przez Audipack wy\u0142\u0105cznie na zam\u00f3wienie klienta. Produkcja odbywa si\u0119 tylko od wi\u0119kszej ilo\u015bci zam\u00f3wienia. Zamiast tego zalecamy <\/a>Audipack Silent 9600<\/a>. Je\u015bli jeste\u015b zainteresowany wi\u0119ksz\u0105 ilo\u015bci\u0105 9700, skontaktuj si\u0119 z nami. Nast\u0119pnie wyja\u015bnimy z Audipack, czy produkcja mo\u017ce zosta\u0107 przeprowadzona.  <\/span>\n\t\t\t\n\t\t\t\t\t\t<button type=\"button\" class=\"elementor-alert-dismiss\" aria-label=\"Odrzu\u0107 ten alert.\">\n\t\t\t\t<svg aria-hidden=\"true\" class=\"e-font-icon-svg e-fas-exclamation-circle\" viewbox=\"0 0 512 512\" xmlns=\"http:\/\/www.w3.org\/2000\/svg\"><path d=\"M504 256c0 136.997-111.043 248-248 248S8 392.997 8 256C8 119.083 119.043 8 256 8s248 111.083 248 248zm-248 50c-25.405 0-46 20.595-46 46s20.595 46 46 46 46-20.595 46-46-20.595-46-46-46zm-43.673-165.346l7.418 136c.347 6.364 5.609 11.346 11.982 11.346h48.546c6.373 0 11.635-4.982 11.982-11.346l7.418-136c.375-6.874-5.098-12.654-11.982-12.654h-63.383c-6.884 0-12.356 5.78-11.981 12.654z\"><\/path><\/svg>\t\t\t<\/button>\n\t\t\t\n\t\t<\/div>\n\t\t\t\t\t\t<\/div>\n\t\t\t\t<\/div>\n\t\t\t\t<div class=\"elementor-element elementor-element-700624e elementor-align-left elementor-widget elementor-widget-button\" data-id=\"700624e\" data-element_type=\"widget\" data-e-type=\"widget\" data-widget_type=\"button.default\">\n\t\t\t\t<div class=\"elementor-widget-container\">\n\t\t\t\t\t\t\t\t\t<div class=\"elementor-button-wrapper\">\n\t\t\t\t\t<a class=\"elementor-button elementor-button-link elementor-size-xs elementor-animation-grow\" href=\"https:\/\/konferenztechnik.de\/pl\/audipack-silent-9600-kup-wynajem-leasing\/\">\n\t\t\t\t\t\t<span class=\"elementor-button-content-wrapper\">\n\t\t\t\t\t\t\t\t\t<span class=\"elementor-button-text\">Link do Silent 9600<\/span>\n\t\t\t\t\t<\/span>\n\t\t\t\t\t<\/a>\n\t\t\t\t<\/div>\n\t\t\t\t\t\t\t\t<\/div>\n\t\t\t\t<\/div>\n\t\t\t\t<div class=\"elementor-element elementor-element-6940c1d elementor-widget__width-inherit elementor-widget elementor-widget-text-editor\" data-id=\"6940c1d\" data-element_type=\"widget\" data-e-type=\"widget\" data-widget_type=\"text-editor.default\">\n\t\t\t\t<div class=\"elementor-widget-container\">\n\t\t\t\t\t\t\t\t\t<p>Audipack Silent 9700 to nast\u0119pca modelu Audipack Silent 9500. Silent 9700 jest jeszcze bardziej mobilny i kompaktowy ni\u017c seria 9600. Elementy boczne modelu 9700 mog\u0105 by\u0107 nadal dzielone poziomo na \u015brodku. Zmniejsza to zar\u00f3wno wag\u0119 poszczeg\u00f3lnych cz\u0119\u015bci, jak i zajmowan\u0105 przez nie przestrze\u0144.<\/p><p>\u00a0<\/p><p>Die Audipack Silent 9700 ist nach der neuesten ISO-Norm f\u00fcr mobile <a href=\"https:\/\/konferenztechnik.de\/pl\/wynajem-kabin-do-tlumaczen-ustnych-berlin\/\">Kabiny dla t\u0142umaczy<\/a> (ISO 4043:2016) zertifiziert. Verbesserte Schalld\u00e4mmung, gr\u00f6\u00dferer Sichtbereich f\u00fcr die Dolmetscher, zus\u00e4tzliche LED-Deckenbeleuchtung und die optionale M\u00f6glichkeit, ein Monitoring der Luftqualit\u00e4t durchzuf\u00fchren, seien hier als wichtigste Highlights genannt. Audipack Silent 9700 k\u00f6nnen bei PCS in unterschiedlichen Farben bestellt werden. Bitte erfragen Sie die tagesaktuellen Lieferzeiten.<\/p>\t\t\t\t\t\t\t\t<\/div>\n\t\t\t\t<\/div>\n\t\t<div data-particle_enable=\"false\" data-particle-mobile-disabled=\"false\" class=\"elementor-element elementor-element-6210d0d e-con-full e-flex e-con e-child\" data-id=\"6210d0d\" data-element_type=\"container\" data-e-type=\"container\">\n\t\t\t\t<\/div>\n\t\t\t\t\t<\/div>\n\t\t\t\t<\/div>\n\t\t<div data-particle_enable=\"false\" data-particle-mobile-disabled=\"false\" class=\"elementor-element elementor-element-139bece e-flex e-con-boxed e-con e-child\" data-id=\"139bece\" data-element_type=\"container\" data-e-type=\"container\">\n\t\t\t\t\t<div class=\"e-con-inner\">\n\t\t\t\t<div class=\"elementor-element elementor-element-e338f73 elementor-widget elementor-widget-heading\" data-id=\"e338f73\" data-element_type=\"widget\" data-e-type=\"widget\" data-settings=\"{&quot;_animation&quot;:&quot;none&quot;}\" data-widget_type=\"heading.default\">\n\t\t\t\t<div class=\"elementor-widget-container\">\n\t\t\t\t\t<h2 class=\"elementor-heading-title elementor-size-default\">Cechy serii Audipack Silent 9700<\/h2>\t\t\t\t<\/div>\n\t\t\t\t<\/div>\n\t\t\t\t<div class=\"elementor-element elementor-element-d2fcc64 elementor-icon-list--layout-traditional elementor-list-item-link-full_width elementor-widget elementor-widget-icon-list\" data-id=\"d2fcc64\" data-element_type=\"widget\" data-e-type=\"widget\" data-widget_type=\"icon-list.default\">\n\t\t\t\t<div class=\"elementor-widget-container\">\n\t\t\t\t\t\t\t<ul class=\"elementor-icon-list-items\">\n\t\t\t\t\t\t\t<li class=\"elementor-icon-list-item\">\n\t\t\t\t\t\t\t\t\t\t\t<a href=\"#\">\n\n\t\t\t\t\t\t\t\t\t\t\t\t<span class=\"elementor-icon-list-icon\">\n\t\t\t\t\t\t\t<svg aria-hidden=\"true\" class=\"e-font-icon-svg e-fas-check\" viewbox=\"0 0 512 512\" xmlns=\"http:\/\/www.w3.org\/2000\/svg\"><path d=\"M173.898 439.404l-166.4-166.4c-9.997-9.997-9.997-26.206 0-36.204l36.203-36.204c9.997-9.998 26.207-9.998 36.204 0L192 312.69 432.095 72.596c9.997-9.997 26.207-9.997 36.204 0l36.203 36.204c9.997 9.997 9.997 26.206 0 36.204l-294.4 294.401c-9.998 9.997-26.207 9.997-36.204-.001z\"><\/path><\/svg>\t\t\t\t\t\t<\/span>\n\t\t\t\t\t\t\t\t\t\t<span class=\"elementor-icon-list-text\">Certyfikowany zgodnie z norm\u0105 ISO 4043:2016<\/span>\n\t\t\t\t\t\t\t\t\t\t\t<\/a>\n\t\t\t\t\t\t\t\t\t<\/li>\n\t\t\t\t\t\t\t\t<li class=\"elementor-icon-list-item\">\n\t\t\t\t\t\t\t\t\t\t\t<a href=\"#\">\n\n\t\t\t\t\t\t\t\t\t\t\t\t<span class=\"elementor-icon-list-icon\">\n\t\t\t\t\t\t\t<svg aria-hidden=\"true\" class=\"e-font-icon-svg e-fas-check\" viewbox=\"0 0 512 512\" xmlns=\"http:\/\/www.w3.org\/2000\/svg\"><path d=\"M173.898 439.404l-166.4-166.4c-9.997-9.997-9.997-26.206 0-36.204l36.203-36.204c9.997-9.998 26.207-9.998 36.204 0L192 312.69 432.095 72.596c9.997-9.997 26.207-9.997 36.204 0l36.203 36.204c9.997 9.997 9.997 26.206 0 36.204l-294.4 294.401c-9.998 9.997-26.207 9.997-36.204-.001z\"><\/path><\/svg>\t\t\t\t\t\t<\/span>\n\t\t\t\t\t\t\t\t\t\t<span class=\"elementor-icon-list-text\">Mo\u017cliwo\u015b\u0107 demonta\u017cu szczeg\u00f3lnie ma\u0142ych element\u00f3w<\/span>\n\t\t\t\t\t\t\t\t\t\t\t<\/a>\n\t\t\t\t\t\t\t\t\t<\/li>\n\t\t\t\t\t\t\t\t<li class=\"elementor-icon-list-item\">\n\t\t\t\t\t\t\t\t\t\t\t<a href=\"#\">\n\n\t\t\t\t\t\t\t\t\t\t\t\t<span class=\"elementor-icon-list-icon\">\n\t\t\t\t\t\t\t<svg aria-hidden=\"true\" class=\"e-font-icon-svg e-fas-check\" viewbox=\"0 0 512 512\" xmlns=\"http:\/\/www.w3.org\/2000\/svg\"><path d=\"M173.898 439.404l-166.4-166.4c-9.997-9.997-9.997-26.206 0-36.204l36.203-36.204c9.997-9.998 26.207-9.998 36.204 0L192 312.69 432.095 72.596c9.997-9.997 26.207-9.997 36.204 0l36.203 36.204c9.997 9.997 9.997 26.206 0 36.204l-294.4 294.401c-9.998 9.997-26.207 9.997-36.204-.001z\"><\/path><\/svg>\t\t\t\t\t\t<\/span>\n\t\t\t\t\t\t\t\t\t\t<span class=\"elementor-icon-list-text\">Ni\u017csza waga poszczeg\u00f3lnych cz\u0119\u015bci<\/span>\n\t\t\t\t\t\t\t\t\t\t\t<\/a>\n\t\t\t\t\t\t\t\t\t<\/li>\n\t\t\t\t\t\t\t\t<li class=\"elementor-icon-list-item\">\n\t\t\t\t\t\t\t\t\t\t\t<a href=\"#\">\n\n\t\t\t\t\t\t\t\t\t\t\t\t<span class=\"elementor-icon-list-icon\">\n\t\t\t\t\t\t\t<svg aria-hidden=\"true\" class=\"e-font-icon-svg e-fas-check\" viewbox=\"0 0 512 512\" xmlns=\"http:\/\/www.w3.org\/2000\/svg\"><path d=\"M173.898 439.404l-166.4-166.4c-9.997-9.997-9.997-26.206 0-36.204l36.203-36.204c9.997-9.998 26.207-9.998 36.204 0L192 312.69 432.095 72.596c9.997-9.997 26.207-9.997 36.204 0l36.203 36.204c9.997 9.997 9.997 26.206 0 36.204l-294.4 294.401c-9.998 9.997-26.207 9.997-36.204-.001z\"><\/path><\/svg>\t\t\t\t\t\t<\/span>\n\t\t\t\t\t\t\t\t\t\t<span class=\"elementor-icon-list-text\">Wysoka izolacja akustyczna<\/span>\n\t\t\t\t\t\t\t\t\t\t\t<\/a>\n\t\t\t\t\t\t\t\t\t<\/li>\n\t\t\t\t\t\t\t\t<li class=\"elementor-icon-list-item\">\n\t\t\t\t\t\t\t\t\t\t\t<a href=\"#\">\n\n\t\t\t\t\t\t\t\t\t\t\t\t<span class=\"elementor-icon-list-icon\">\n\t\t\t\t\t\t\t<svg aria-hidden=\"true\" class=\"e-font-icon-svg e-fas-check\" viewbox=\"0 0 512 512\" xmlns=\"http:\/\/www.w3.org\/2000\/svg\"><path d=\"M173.898 439.404l-166.4-166.4c-9.997-9.997-9.997-26.206 0-36.204l36.203-36.204c9.997-9.998 26.207-9.998 36.204 0L192 312.69 432.095 72.596c9.997-9.997 26.207-9.997 36.204 0l36.203 36.204c9.997 9.997 9.997 26.206 0 36.204l-294.4 294.401c-9.998 9.997-26.207 9.997-36.204-.001z\"><\/path><\/svg>\t\t\t\t\t\t<\/span>\n\t\t\t\t\t\t\t\t\t\t<span class=\"elementor-icon-list-text\">Szybki monta\u017c i demonta\u017c<\/span>\n\t\t\t\t\t\t\t\t\t\t\t<\/a>\n\t\t\t\t\t\t\t\t\t<\/li>\n\t\t\t\t\t\t<\/ul>\n\t\t\t\t\t\t<\/div>\n\t\t\t\t<\/div>\n\t\t\t\t<div class=\"elementor-element elementor-element-77ab365 elementor-widget elementor-widget-heading\" data-id=\"77ab365\" data-element_type=\"widget\" data-e-type=\"widget\" data-settings=\"{&quot;_animation&quot;:&quot;none&quot;}\" data-widget_type=\"heading.default\">\n\t\t\t\t<div class=\"elementor-widget-container\">\n\t\t\t\t\t<h2 class=\"elementor-heading-title elementor-size-default\">Zakres dostawy Kabina do t\u0142umacze\u0144 ustnych Audipack Silent 9700<\/h2>\t\t\t\t<\/div>\n\t\t\t\t<\/div>\n\t\t\t\t<div class=\"elementor-element elementor-element-f3539b8 elementor-widget__width-inherit elementor-widget elementor-widget-text-editor\" data-id=\"f3539b8\" data-element_type=\"widget\" data-e-type=\"widget\" data-widget_type=\"text-editor.default\">\n\t\t\t\t<div class=\"elementor-widget-container\">\n\t\t\t\t\t\t\t\t\t<p>Die Audipack Silent 9700 <a href=\"https:\/\/konferenztechnik.de\/pl\/wynajem-kabin-do-tlumaczen-ustnych\/\">Kabina t\u0142umacza<\/a> besteht aus 16 Elementen: Die Elemente mit Sichtfenster sowie die geschlossenen Seitenteile sind horizontal mittig teilbar. Dadurch ist die Audipack SIlnet 9700 noch mobiler und kann platzsparend verstaut werden. An den Ecken wird die Kabine mit vier Profilecken aus Aluminium zusammengehalten.<\/p>\t\t\t\t\t\t\t\t<\/div>\n\t\t\t\t<\/div>\n\t\t\t\t<div class=\"elementor-element elementor-element-044d94d elementor-widget elementor-widget-heading\" data-id=\"044d94d\" data-element_type=\"widget\" data-e-type=\"widget\" data-settings=\"{&quot;_animation&quot;:&quot;none&quot;}\" data-widget_type=\"heading.default\">\n\t\t\t\t<div class=\"elementor-widget-container\">\n\t\t\t\t\t<h2 class=\"elementor-heading-title elementor-size-default\">Ustawienie kabiny t\u0142umacza<\/h2>\t\t\t\t<\/div>\n\t\t\t\t<\/div>\n\t\t\t\t<div class=\"elementor-element elementor-element-446700d elementor-widget__width-inherit elementor-widget elementor-widget-text-editor\" data-id=\"446700d\" data-element_type=\"widget\" data-e-type=\"widget\" data-widget_type=\"text-editor.default\">\n\t\t\t\t<div class=\"elementor-widget-container\">\n\t\t\t\t\t\t\t\t\t<p>Kabiny do t\u0142umacze\u0144 Audipack Silent mo\u017cna \u0142atwo montowa\u0107 pojedynczo lub w parach. Elementy s\u0105 po prostu wk\u0142adane jeden w drugi. Elementy s\u0105 bezpiecznie blokowane za pomoc\u0105 klucza imbusowego przy u\u017cyciu opatentowanego systemu blokowania.<\/p>\t\t\t\t\t\t\t\t<\/div>\n\t\t\t\t<\/div>\n\t\t\t\t<div class=\"elementor-element elementor-element-b8b83bf elementor-widget__width-inherit elementor-widget elementor-widget-text-editor\" data-id=\"b8b83bf\" data-element_type=\"widget\" data-e-type=\"widget\" data-widget_type=\"text-editor.default\">\n\t\t\t\t<div class=\"elementor-widget-container\">\n\t\t\t\t\t\t\t\t\t<p>Pobierz instrukcj\u0119 monta\u017cu<\/p><p><a href=\"\/wp-content\/uploads\/2017\/05\/Audipack-Silent-Serie-Dolmetschkabine-Aufbauanleitung.pdf\" target=\"_blank\" rel=\"noopener\">PDF do pobrania: Instrukcja monta\u017cu Audipack Silent Series<\/a><\/p>\t\t\t\t\t\t\t\t<\/div>\n\t\t\t\t<\/div>\n\t\t\t\t<div class=\"elementor-element elementor-element-38350f8 elementor-widget elementor-widget-heading\" data-id=\"38350f8\" data-element_type=\"widget\" data-e-type=\"widget\" data-settings=\"{&quot;_animation&quot;:&quot;none&quot;}\" data-widget_type=\"heading.default\">\n\t\t\t\t<div class=\"elementor-widget-container\">\n\t\t\t\t\t<h2 class=\"elementor-heading-title elementor-size-default\">Opcjonalne systemy wentylacji dla Audipack Silent 9700<\/h2>\t\t\t\t<\/div>\n\t\t\t\t<\/div>\n\t\t\t\t<div class=\"elementor-element elementor-element-e7961cc elementor-widget__width-inherit elementor-widget elementor-widget-image\" data-id=\"e7961cc\" data-element_type=\"widget\" data-e-type=\"widget\" data-widget_type=\"image.default\">\n\t\t\t\t<div class=\"elementor-widget-container\">\n\t\t\t\t\t\t\t\t\t\t\t\t\t\t\t<img decoding=\"async\" width=\"1300\" height=\"400\" src=\"https:\/\/konferenztechnik.de\/wp-content\/uploads\/2018\/07\/audipack-ventilationssysteme-fuer-dolmetschkabinen.webp\" class=\"attachment-full size-full wp-image-35666\" alt=\"Opcjonalne systemy wentylacji dla kabin t\u0142umaczeniowych Audipack Silent\" srcset=\"https:\/\/konferenztechnik.de\/wp-content\/uploads\/2018\/07\/audipack-ventilationssysteme-fuer-dolmetschkabinen.webp 1300w, https:\/\/konferenztechnik.de\/wp-content\/uploads\/2018\/07\/audipack-ventilationssysteme-fuer-dolmetschkabinen-300x92.webp 300w, https:\/\/konferenztechnik.de\/wp-content\/uploads\/2018\/07\/audipack-ventilationssysteme-fuer-dolmetschkabinen-1024x315.webp 1024w, https:\/\/konferenztechnik.de\/wp-content\/uploads\/2018\/07\/audipack-ventilationssysteme-fuer-dolmetschkabinen-768x236.webp 768w, https:\/\/konferenztechnik.de\/wp-content\/uploads\/2018\/07\/audipack-ventilationssysteme-fuer-dolmetschkabinen-18x6.webp 18w\" sizes=\"(max-width: 1300px) 100vw, 1300px\" title=\"\">\t\t\t\t\t\t\t\t\t\t\t\t\t\t\t<\/div>\n\t\t\t\t<\/div>\n\t\t\t\t<div class=\"elementor-element elementor-element-b862b6c elementor-widget elementor-widget-heading\" data-id=\"b862b6c\" data-element_type=\"widget\" data-e-type=\"widget\" data-settings=\"{&quot;_animation&quot;:&quot;none&quot;}\" data-widget_type=\"heading.default\">\n\t\t\t\t<div class=\"elementor-widget-container\">\n\t\t\t\t\t<h3 class=\"elementor-heading-title elementor-size-default\">Pojedynczy system wentylacji A (z pod\u0142\u0105czeniem LED)<\/h3>\t\t\t\t<\/div>\n\t\t\t\t<\/div>\n\t\t\t\t<div class=\"elementor-element elementor-element-2b3e44e elementor-widget__width-inherit elementor-widget elementor-widget-text-editor\" data-id=\"2b3e44e\" data-element_type=\"widget\" data-e-type=\"widget\" data-widget_type=\"text-editor.default\">\n\t\t\t\t<div class=\"elementor-widget-container\">\n\t\t\t\t\t\t\t\t\t<p>System wentylacji A jest zainstalowany na sta\u0142e w kabinie. Potrzebne s\u0105 dwa systemy na kabin\u0119. Zasilanie jest dostarczane przez standardowe przewody zimnego urz\u0105dzenia. System wentylacji A zasila r\u00f3wnie\u017c opcjonalne o\u015bwietlenie sufitowe LED w kabinie za po\u015brednictwem wbudowanego zasilacza.<\/p>\t\t\t\t\t\t\t\t<\/div>\n\t\t\t\t<\/div>\n\t\t\t\t<div class=\"elementor-element elementor-element-e22f58e elementor-widget elementor-widget-heading\" data-id=\"e22f58e\" data-element_type=\"widget\" data-e-type=\"widget\" data-settings=\"{&quot;_animation&quot;:&quot;none&quot;}\" data-widget_type=\"heading.default\">\n\t\t\t\t<div class=\"elementor-widget-container\">\n\t\t\t\t\t<h3 class=\"elementor-heading-title elementor-size-default\">System wentylacji B (zdejmowany)<\/h3>\t\t\t\t<\/div>\n\t\t\t\t<\/div>\n\t\t\t\t<div class=\"elementor-element elementor-element-5c289f2 elementor-widget__width-inherit elementor-widget elementor-widget-text-editor\" data-id=\"5c289f2\" data-element_type=\"widget\" data-e-type=\"widget\" data-widget_type=\"text-editor.default\">\n\t\t\t\t<div class=\"elementor-widget-container\">\n\t\t\t\t\t\t\t\t\t<p>System wentylacji B sk\u0142ada si\u0119 z wyjmowanego elementu wentylacyjnego. Potrzebne s\u0105 dwa wentylatory na kabin\u0119. Elementy wentylacyjne s\u0105 po prostu wk\u0142adane do otwor\u00f3w w dachach kabin. Zasilanie odbywa si\u0119 za pomoc\u0105 standardowych kabli zimnego urz\u0105dzenia. Przep\u0142yw powietrza wynosi oko\u0142o 100 m\u00b3 na godzin\u0119.<\/p>\t\t\t\t\t\t\t\t<\/div>\n\t\t\t\t<\/div>\n\t\t\t\t<div class=\"elementor-element elementor-element-d06b78d elementor-widget elementor-widget-heading\" data-id=\"d06b78d\" data-element_type=\"widget\" data-e-type=\"widget\" data-settings=\"{&quot;_animation&quot;:&quot;none&quot;}\" data-widget_type=\"heading.default\">\n\t\t\t\t<div class=\"elementor-widget-container\">\n\t\t\t\t\t<h2 class=\"elementor-heading-title elementor-size-default\">Pomiar jako\u015bci powietrza w kabinie t\u0142umaczeniowej<\/h2>\t\t\t\t<\/div>\n\t\t\t\t<\/div>\n\t\t\t\t<div class=\"elementor-element elementor-element-54e4f1b elementor-widget__width-inherit elementor-widget elementor-widget-image\" data-id=\"54e4f1b\" data-element_type=\"widget\" data-e-type=\"widget\" data-widget_type=\"image.default\">\n\t\t\t\t<div class=\"elementor-widget-container\">\n\t\t\t\t\t\t\t\t\t\t\t\t\t\t\t<img decoding=\"async\" width=\"1300\" height=\"400\" src=\"https:\/\/konferenztechnik.de\/wp-content\/uploads\/2018\/07\/audipack-co2-messgeraete-luftqualitaet-fuer-dolmetschkabinen.webp\" class=\"attachment-full size-full wp-image-35702\" alt=\"Urz\u0105dzenia do pomiaru CO2 Audipack. Pomiar jako\u015bci powietrza w kabinie t\u0142umaczeniowej.\" srcset=\"https:\/\/konferenztechnik.de\/wp-content\/uploads\/2018\/07\/audipack-co2-messgeraete-luftqualitaet-fuer-dolmetschkabinen.webp 1300w, https:\/\/konferenztechnik.de\/wp-content\/uploads\/2018\/07\/audipack-co2-messgeraete-luftqualitaet-fuer-dolmetschkabinen-300x92.webp 300w, https:\/\/konferenztechnik.de\/wp-content\/uploads\/2018\/07\/audipack-co2-messgeraete-luftqualitaet-fuer-dolmetschkabinen-1024x315.webp 1024w, https:\/\/konferenztechnik.de\/wp-content\/uploads\/2018\/07\/audipack-co2-messgeraete-luftqualitaet-fuer-dolmetschkabinen-768x236.webp 768w, https:\/\/konferenztechnik.de\/wp-content\/uploads\/2018\/07\/audipack-co2-messgeraete-luftqualitaet-fuer-dolmetschkabinen-18x6.webp 18w\" sizes=\"(max-width: 1300px) 100vw, 1300px\" title=\"\">\t\t\t\t\t\t\t\t\t\t\t\t\t\t\t<\/div>\n\t\t\t\t<\/div>\n\t\t\t\t<div class=\"elementor-element elementor-element-c0142a8 elementor-widget__width-inherit elementor-widget elementor-widget-text-editor\" data-id=\"c0142a8\" data-element_type=\"widget\" data-e-type=\"widget\" data-widget_type=\"text-editor.default\">\n\t\t\t\t<div class=\"elementor-widget-container\">\n\t\t\t\t\t\t\t\t\t<p>Opcjonalne urz\u0105dzenie do pomiaru CO2 mo\u017ce by\u0107 u\u017cywane do pomiaru i monitorowania zawarto\u015bci CO2 w kabinie t\u0142umacza. Mo\u017cliwe jest otrzymanie sygna\u0142u ostrzegawczego, je\u015bli poziom CO2 wzro\u015bnie powy\u017cej warto\u015bci krytycznej. Kontekst: Mo\u017cna za\u0142o\u017cy\u0107, \u017ce wydajno\u015b\u0107 t\u0142umaczy ustnych spada, gdy zawarto\u015b\u0107 CO2 jest niska. Odpowiednie badania s\u0105 obecnie w toku.<\/p>\t\t\t\t\t\t\t\t<\/div>\n\t\t\t\t<\/div>\n\t\t\t\t<div class=\"elementor-element elementor-element-70caf9c elementor-widget elementor-widget-heading\" data-id=\"70caf9c\" data-element_type=\"widget\" data-e-type=\"widget\" data-settings=\"{&quot;_animation&quot;:&quot;none&quot;}\" data-widget_type=\"heading.default\">\n\t\t\t\t<div class=\"elementor-widget-container\">\n\t\t\t\t\t<h2 class=\"elementor-heading-title elementor-size-default\">Kup lub wypo\u017cycz akcesoria do g\u0142o\u015bnika Audipack Silent 9700<\/h2>\t\t\t\t<\/div>\n\t\t\t\t<\/div>\n\t\t\t\t<div class=\"elementor-element elementor-element-74db518 elementor-widget elementor-widget-image\" data-id=\"74db518\" data-element_type=\"widget\" data-e-type=\"widget\" data-widget_type=\"image.default\">\n\t\t\t\t<div class=\"elementor-widget-container\">\n\t\t\t\t\t\t\t\t\t\t\t\t\t\t\t<img loading=\"lazy\" decoding=\"async\" width=\"800\" height=\"300\" src=\"https:\/\/konferenztechnik.de\/wp-content\/uploads\/2018\/07\/audipack-dolmetscherkanbine-silent-9600-erweiterung-transportwagen-1024x384.jpg\" class=\"attachment-large size-large wp-image-13474\" alt=\"Kabina t\u0142umacza Audipack Silent-9600 z przed\u0142u\u017ceniem i w\u00f3zkiem transportowym\" srcset=\"https:\/\/konferenztechnik.de\/wp-content\/uploads\/2018\/07\/audipack-dolmetscherkanbine-silent-9600-erweiterung-transportwagen-1024x384.jpg 1024w, https:\/\/konferenztechnik.de\/wp-content\/uploads\/2018\/07\/audipack-dolmetscherkanbine-silent-9600-erweiterung-transportwagen-300x113.jpg 300w, https:\/\/konferenztechnik.de\/wp-content\/uploads\/2018\/07\/audipack-dolmetscherkanbine-silent-9600-erweiterung-transportwagen-768x288.jpg 768w, https:\/\/konferenztechnik.de\/wp-content\/uploads\/2018\/07\/audipack-dolmetscherkanbine-silent-9600-erweiterung-transportwagen.jpg 1200w\" sizes=\"(max-width: 800px) 100vw, 800px\" title=\"\">\t\t\t\t\t\t\t\t\t\t\t\t\t\t\t<\/div>\n\t\t\t\t<\/div>\n\t\t\t\t<div class=\"elementor-element elementor-element-150156c elementor-widget__width-inherit elementor-widget elementor-widget-text-editor\" data-id=\"150156c\" data-element_type=\"widget\" data-e-type=\"widget\" data-widget_type=\"text-editor.default\">\n\t\t\t\t<div class=\"elementor-widget-container\">\n\t\t\t\t\t\t\t\t\t<p>Dla Audipack Silent 9600 dost\u0119pne s\u0105 r\u00f3\u017cne akcesoria:<\/p>\t\t\t\t\t\t\t\t<\/div>\n\t\t\t\t<\/div>\n\t\t\t\t<div class=\"elementor-element elementor-element-88df7e1 elementor-widget elementor-widget-heading\" data-id=\"88df7e1\" data-element_type=\"widget\" data-e-type=\"widget\" data-settings=\"{&quot;_animation&quot;:&quot;none&quot;}\" data-widget_type=\"heading.default\">\n\t\t\t\t<div class=\"elementor-widget-container\">\n\t\t\t\t\t<h3 class=\"elementor-heading-title elementor-size-default\">Skrzynie transportowe<\/h3>\t\t\t\t<\/div>\n\t\t\t\t<\/div>\n\t\t\t\t<div class=\"elementor-element elementor-element-a61e9b6 elementor-widget__width-inherit elementor-widget elementor-widget-text-editor\" data-id=\"a61e9b6\" data-element_type=\"widget\" data-e-type=\"widget\" data-widget_type=\"text-editor.default\">\n\t\t\t\t<div class=\"elementor-widget-container\">\n\t\t\t\t\t\t\t\t\t<p>W\u00f3zek transportowy Audipack u\u0142atwia przemieszczanie kabiny t\u0142umaczeniowej, co jest szczeg\u00f3lnie wa\u017cne w przypadku zastosowa\u0144 mobilnych. Kabiny mo\u017cna r\u00f3wnie\u017c \u0142atwo przechowywa\u0107 na w\u00f3zku transportowym i s\u0105 one szybko dost\u0119pne, gdy s\u0105 potrzebne.<\/p>\t\t\t\t\t\t\t\t<\/div>\n\t\t\t\t<\/div>\n\t\t\t\t<div class=\"elementor-element elementor-element-fe3805a elementor-widget elementor-widget-heading\" data-id=\"fe3805a\" data-element_type=\"widget\" data-e-type=\"widget\" data-settings=\"{&quot;_animation&quot;:&quot;none&quot;}\" data-widget_type=\"heading.default\">\n\t\t\t\t<div class=\"elementor-widget-container\">\n\t\t\t\t\t<h3 class=\"elementor-heading-title elementor-size-default\">Pomoc budowlana<\/h3>\t\t\t\t<\/div>\n\t\t\t\t<\/div>\n\t\t\t\t<div class=\"elementor-element elementor-element-a797aff elementor-widget__width-inherit elementor-widget elementor-widget-text-editor\" data-id=\"a797aff\" data-element_type=\"widget\" data-e-type=\"widget\" data-widget_type=\"text-editor.default\">\n\t\t\t\t<div class=\"elementor-widget-container\">\n\t\t\t\t\t\t\t\t\t<p>Aby u\u0142atwi\u0107 monta\u017c kabiny t\u0142umacza, dost\u0119pna jest pomoc monta\u017cowa. Jest ona po\u0142\u0105czona z panelem bocznym i s\u0142u\u017cy jako podpora podczas monta\u017cu. Oznacza to, \u017ce kabina t\u0142umacza mo\u017ce by\u0107 \u0142atwo zmontowana przez jedn\u0105 osob\u0119 (numer referencyjny: P1866).<\/p>\t\t\t\t\t\t\t\t<\/div>\n\t\t\t\t<\/div>\n\t\t\t\t<div class=\"elementor-element elementor-element-a1b0f1f elementor-widget elementor-widget-menu-anchor\" data-id=\"a1b0f1f\" data-element_type=\"widget\" data-e-type=\"widget\" data-widget_type=\"menu-anchor.default\">\n\t\t\t\t<div class=\"elementor-widget-container\">\n\t\t\t\t\t\t\t<div class=\"elementor-menu-anchor\" id=\"kontaktbox\"><\/div>\n\t\t\t\t\t\t<\/div>\n\t\t\t\t<\/div>\n\t\t\t\t\t<\/div>\n\t\t\t\t<\/div>\n\t\t\t\t<div class=\"elementor-element elementor-element-3572a46 elementor-widget elementor-widget-shortcode\" data-id=\"3572a46\" data-element_type=\"widget\" data-e-type=\"widget\" data-widget_type=\"shortcode.default\">\n\t\t\t\t<div class=\"elementor-widget-container\">\n\t\t\t\t\t\t\t<div class=\"elementor-shortcode\"><\/div>\n\t\t\t\t\t\t<\/div>\n\t\t\t\t<\/div>\n\t\t\t\t\t<\/div>\n\t\t\t\t<\/div>\n\t\t\t\t<\/div>","protected":false},"excerpt":{"rendered":"<p>Audipack Silent 9700 jest certyfikowany zgodnie z najnowsz\u0105 norm\u0105 ISO dla mobilnych kabin t\u0142umaczeniowych (ISO 4043:2016). Ulepszona izolacja akustyczna, wi\u0119kszy obszar widzenia dla t\u0142umaczy, dodatkowe o\u015bwietlenie sufitowe LED i opcja monitorowania jako\u015bci powietrza to najwa\u017cniejsze z nich.<\/p>","protected":false},"author":1,"featured_media":13520,"comment_status":"closed","ping_status":"closed","sticky":false,"template":"","format":"standard","meta":{"_acf_changed":false,"footnotes":""},"categories":[39],"tags":[],"class_list":["post-13504","post","type-post","status-publish","format-standard","has-post-thumbnail","hentry","category-produkte"],"acf":[],"_links":{"self":[{"href":"https:\/\/konferenztechnik.de\/pl\/wp-json\/wp\/v2\/posts\/13504","targetHints":{"allow":["GET"]}}],"collection":[{"href":"https:\/\/konferenztechnik.de\/pl\/wp-json\/wp\/v2\/posts"}],"about":[{"href":"https:\/\/konferenztechnik.de\/pl\/wp-json\/wp\/v2\/types\/post"}],"author":[{"embeddable":true,"href":"https:\/\/konferenztechnik.de\/pl\/wp-json\/wp\/v2\/users\/1"}],"replies":[{"embeddable":true,"href":"https:\/\/konferenztechnik.de\/pl\/wp-json\/wp\/v2\/comments?post=13504"}],"version-history":[{"count":0,"href":"https:\/\/konferenztechnik.de\/pl\/wp-json\/wp\/v2\/posts\/13504\/revisions"}],"wp:featuredmedia":[{"embeddable":true,"href":"https:\/\/konferenztechnik.de\/pl\/wp-json\/wp\/v2\/media\/13520"}],"wp:attachment":[{"href":"https:\/\/konferenztechnik.de\/pl\/wp-json\/wp\/v2\/media?parent=13504"}],"wp:term":[{"taxonomy":"category","embeddable":true,"href":"https:\/\/konferenztechnik.de\/pl\/wp-json\/wp\/v2\/categories?post=13504"},{"taxonomy":"post_tag","embeddable":true,"href":"https:\/\/konferenztechnik.de\/pl\/wp-json\/wp\/v2\/tags?post=13504"}],"curies":[{"name":"wp","href":"https:\/\/api.w.org\/{rel}","templated":true}]}}