{"id":21593,"date":"2023-03-11T16:20:03","date_gmt":"2023-03-11T15:20:03","guid":{"rendered":"http:\/\/dev.konferenztechnik.de\/?p=21593"},"modified":"2023-06-27T13:06:17","modified_gmt":"2023-06-27T11:06:17","slug":"hybrydowe-sale-konferencyjne-do-wideokonferencji-2","status":"publish","type":"post","link":"https:\/\/konferenztechnik.de\/pl\/hybrydowe-sale-konferencyjne-do-wideokonferencji-2\/","title":{"rendered":"Hybrydowe sale konferencyjne do wideokonferencji"},"content":{"rendered":"<div data-elementor-type=\"wp-post\" data-elementor-id=\"21593\" class=\"elementor elementor-21593\" data-elementor-post-type=\"post\">\n\t\t\t\t<div data-particle_enable=\"false\" data-particle-mobile-disabled=\"false\" class=\"elementor-element elementor-element-bdf8ebf e-flex e-con-boxed e-con e-parent\" data-id=\"bdf8ebf\" data-element_type=\"container\">\n\t\t\t\t\t<div class=\"e-con-inner\">\n\t\t\t\t<div class=\"elementor-element elementor-element-d714f24 elementor-widget elementor-widget-heading\" data-id=\"d714f24\" data-element_type=\"widget\" data-widget_type=\"heading.default\">\n\t\t\t\t<div class=\"elementor-widget-container\">\n\t\t\t\t\t<h1 class=\"elementor-heading-title elementor-size-default\">Hybrydowe sale konferencyjne do wideokonferencji<\/h1>\t\t\t\t<\/div>\n\t\t\t\t<\/div>\n\t\t\t\t<div class=\"elementor-element elementor-element-4204c6f elementor-widget elementor-widget-image\" data-id=\"4204c6f\" data-element_type=\"widget\" data-widget_type=\"image.default\">\n\t\t\t\t<div class=\"elementor-widget-container\">\n\t\t\t\t\t\t\t\t\t\t\t\t\t\t\t<img fetchpriority=\"high\" decoding=\"async\" width=\"1000\" height=\"549\" src=\"https:\/\/konferenztechnik.de\/wp-content\/uploads\/2021\/05\/installation-von-medientechnik-nach-mass.jpg\" class=\"attachment-full size-full wp-image-17291\" alt=\"instalacja technologii multimedialnej na zam\u00f3wienie\" srcset=\"https:\/\/konferenztechnik.de\/wp-content\/uploads\/2021\/05\/installation-von-medientechnik-nach-mass.jpg 1000w, https:\/\/konferenztechnik.de\/wp-content\/uploads\/2021\/05\/installation-von-medientechnik-nach-mass-300x165.jpg 300w, https:\/\/konferenztechnik.de\/wp-content\/uploads\/2021\/05\/installation-von-medientechnik-nach-mass-768x422.jpg 768w\" sizes=\"(max-width: 1000px) 100vw, 1000px\" title=\"\">\t\t\t\t\t\t\t\t\t\t\t\t\t\t\t<\/div>\n\t\t\t\t<\/div>\n\t\t\t\t<div class=\"elementor-element elementor-element-f21e750 elementor-widget elementor-widget-heading\" data-id=\"f21e750\" data-element_type=\"widget\" data-widget_type=\"heading.default\">\n\t\t\t\t<div class=\"elementor-widget-container\">\n\t\t\t\t\t<h2 class=\"elementor-heading-title elementor-size-default\">Hybrydowe sale konferencyjne do wideokonferencji \u2013 Optymalne warunki w pomieszczeniu i dla pod\u0142\u0105czonych uczestnik\u00f3w<\/h2>\t\t\t\t<\/div>\n\t\t\t\t<\/div>\n\t\t\t\t<div class=\"elementor-element elementor-element-b13003f elementor-widget__width-inherit elementor-widget elementor-widget-text-editor\" data-id=\"b13003f\" data-element_type=\"widget\" data-widget_type=\"text-editor.default\">\n\t\t\t\t<div class=\"elementor-widget-container\">\n\t\t\t\t\t\t\t\t\t1,20 m to nasze idealne wymiary w nowoczesnych salach konferencyjnych \u2013 do\nwideokonferencji i spotka\u0144 Zoom. Jest to docelowy wymiar dla\nkamer PTZ (pan, tilt, zoom = obr\u00f3t, pochylenie, zbli\u017cenie).\nW ten spos\u00f3b osoba siedz\u0105ca przy stole jest optymalnie rejestrowana przez kamer\u0119 z przodu.\nOptymalnie od przodu.\nKamery PTZ nie s\u0105 nowo\u015bci\u0105. Znajdujemy je w salach konferencyjnych i na konferencjach\nna konferencjach, a tak\u017ce na du\u017cych imprezach. Kamery PTZ s\u0105 r\u00f3wnie\u017c znane jako\nznane r\u00f3wnie\u017c jako kamery DOME, poniewa\u017c wiele modeli jest umieszczonych w obudowach przypominaj\u0105cych kopu\u0142y.\nobudowach przypominaj\u0105cych kopu\u0142y.\t\t\t\t\t\t\t\t<\/div>\n\t\t\t\t<\/div>\n\t\t\t\t<div class=\"elementor-element elementor-element-a7314e0 elementor-widget elementor-widget-image\" data-id=\"a7314e0\" data-element_type=\"widget\" data-widget_type=\"image.default\">\n\t\t\t\t<div class=\"elementor-widget-container\">\n\t\t\t\t\t\t\t\t\t\t\t\t<figure class=\"wp-caption\">\n\t\t\t\t\t\t\t\t\t\t<img decoding=\"async\" width=\"1000\" height=\"549\" src=\"https:\/\/konferenztechnik.de\/wp-content\/uploads\/2021\/05\/ptz-kamera-optimale-hoehe-3.jpg\" class=\"attachment-full size-full wp-image-17337\" alt=\"W sali konferencyjnej pokazujemy przyk\u0142ad optymalnej wysoko\u015bci kamery PTZ wynosz\u0105cej 1,20 metra\" srcset=\"https:\/\/konferenztechnik.de\/wp-content\/uploads\/2021\/05\/ptz-kamera-optimale-hoehe-3.jpg 1000w, https:\/\/konferenztechnik.de\/wp-content\/uploads\/2021\/05\/ptz-kamera-optimale-hoehe-3-300x165.jpg 300w, https:\/\/konferenztechnik.de\/wp-content\/uploads\/2021\/05\/ptz-kamera-optimale-hoehe-3-768x422.jpg 768w\" sizes=\"(max-width: 1000px) 100vw, 1000px\" title=\"\">\t\t\t\t\t\t\t\t\t\t\t<figcaption class=\"widget-image-caption wp-caption-text\">Harmonijne wykorzystanie kamer PTZ w salach konferencyjnych.<\/figcaption>\n\t\t\t\t\t\t\t\t\t\t<\/figure>\n\t\t\t\t\t\t\t\t\t<\/div>\n\t\t\t\t<\/div>\n\t\t\t\t<div class=\"elementor-element elementor-element-c849c21 elementor-widget__width-inherit elementor-widget elementor-widget-text-editor\" data-id=\"c849c21\" data-element_type=\"widget\" data-widget_type=\"text-editor.default\">\n\t\t\t\t<div class=\"elementor-widget-container\">\n\t\t\t\t\t\t\t\t\t<p>Nowo\u015bci\u0105 jest to, \u017ce automatyczne sterowanie, regulacja ostro\u015bci i wyb\u00f3r sekcji obrazu dzia\u0142aj\u0105 teraz doskonale i niezawodnie.\n i wyb\u00f3r sekcji obrazu dzia\u0142aj\u0105 teraz doskonale i niezawodnie.\ndzia\u0142aj\u0105 doskonale i niezawodnie. Kamery automatycznie przesuwaj\u0105 si\u0119 do aktywnego\nm\u00f3wienia, ustawiaj\u0105 ostro\u015b\u0107 na twarzach, prze\u0142\u0105czaj\u0105 si\u0119 na zaprogramowane pozycje kamery i automatycznie zmieniaj\u0105 sekcj\u0119 obrazu.\ni automatycznie zmieniaj\u0105 sekcj\u0119 obrazu po zako\u0144czeniu przem\u00f3wienia.\nAutomatycznie powracaj\u0105 do pe\u0142nego widoku sali (d\u0142ugie uj\u0119cie) lub ustawiaj\u0105 ostro\u015b\u0107 na krze\u015ble m\u00f3wcy.\nustawianie ostro\u015bci na przewodnicz\u0105cym spotkania. Funkcje te mog\u0105 by\u0107\nzaprogramowane w spos\u00f3b inteligentny lub ustawione r\u0119cznie przy u\u017cyciu ustawie\u0144 wst\u0119pnych.<\/p>\t\t\t\t\t\t\t\t<\/div>\n\t\t\t\t<\/div>\n\t\t\t\t<div class=\"elementor-element elementor-element-88608c6 elementor-widget elementor-widget-image\" data-id=\"88608c6\" data-element_type=\"widget\" data-widget_type=\"image.default\">\n\t\t\t\t<div class=\"elementor-widget-container\">\n\t\t\t\t\t\t\t\t\t\t\t\t<figure class=\"wp-caption\">\n\t\t\t\t\t\t\t\t\t\t<img decoding=\"async\" width=\"1000\" height=\"549\" src=\"https:\/\/konferenztechnik.de\/wp-content\/uploads\/2021\/05\/extron-mediensteuerung-und-shure-mxcw-konferenzsystem-im-zusammenspiel.jpg\" class=\"attachment-full size-full wp-image-17301\" alt=\"extron-media-control-and-shure-mxcw-conference-system-working-together\" srcset=\"https:\/\/konferenztechnik.de\/wp-content\/uploads\/2021\/05\/extron-mediensteuerung-und-shure-mxcw-konferenzsystem-im-zusammenspiel.jpg 1000w, https:\/\/konferenztechnik.de\/wp-content\/uploads\/2021\/05\/extron-mediensteuerung-und-shure-mxcw-konferenzsystem-im-zusammenspiel-300x165.jpg 300w, https:\/\/konferenztechnik.de\/wp-content\/uploads\/2021\/05\/extron-mediensteuerung-und-shure-mxcw-konferenzsystem-im-zusammenspiel-768x422.jpg 768w\" sizes=\"(max-width: 1000px) 100vw, 1000px\" title=\"\">\t\t\t\t\t\t\t\t\t\t\t<figcaption class=\"widget-image-caption wp-caption-text\">-Sterowanie multimediami, wszystkie urz\u0105dzenia w pokoju mog\u0105 by\u0107 \u0142atwo obs\u0142ugiwane za pomoc\u0105 ekran\u00f3w dotykowych, a popularne oprogramowanie do wideokonferencji (Zoom, Microsoft Teams, WebEx) mo\u017ce by\u0107 r\u00f3wnie\u017c kontrolowane.<\/figcaption>\n\t\t\t\t\t\t\t\t\t\t<\/figure>\n\t\t\t\t\t\t\t\t\t<\/div>\n\t\t\t\t<\/div>\n\t\t\t\t<div class=\"elementor-element elementor-element-2c52712 elementor-widget elementor-widget-image\" data-id=\"2c52712\" data-element_type=\"widget\" data-widget_type=\"image.default\">\n\t\t\t\t<div class=\"elementor-widget-container\">\n\t\t\t\t\t\t\t\t\t\t\t\t<figure class=\"wp-caption\">\n\t\t\t\t\t\t\t\t\t\t<img loading=\"lazy\" decoding=\"async\" width=\"1000\" height=\"549\" src=\"https:\/\/konferenztechnik.de\/wp-content\/uploads\/2021\/05\/hybride-besprechungsraeume-fuer-videokonferenzen-installation.jpg\" class=\"attachment-full size-full wp-image-17309\" alt=\"hybrydowe sale konferencyjne do wideokonferencji - instalacja\" srcset=\"https:\/\/konferenztechnik.de\/wp-content\/uploads\/2021\/05\/hybride-besprechungsraeume-fuer-videokonferenzen-installation.jpg 1000w, https:\/\/konferenztechnik.de\/wp-content\/uploads\/2021\/05\/hybride-besprechungsraeume-fuer-videokonferenzen-installation-300x165.jpg 300w, https:\/\/konferenztechnik.de\/wp-content\/uploads\/2021\/05\/hybride-besprechungsraeume-fuer-videokonferenzen-installation-768x422.jpg 768w\" sizes=\"(max-width: 1000px) 100vw, 1000px\" title=\"\">\t\t\t\t\t\t\t\t\t\t\t<figcaption class=\"widget-image-caption wp-caption-text\">Du\u017cy, okr\u0105g\u0142y st\u00f3\u0142 jest r\u00f3wnie\u017c idealnym rozwi\u0105zaniem do integracji zdalnych uczestnik\u00f3w.<\/figcaption>\n\t\t\t\t\t\t\t\t\t\t<\/figure>\n\t\t\t\t\t\t\t\t\t<\/div>\n\t\t\t\t<\/div>\n\t\t\t\t<div class=\"elementor-element elementor-element-b6d0f43 elementor-widget__width-inherit elementor-widget elementor-widget-text-editor\" data-id=\"b6d0f43\" data-element_type=\"widget\" data-widget_type=\"text-editor.default\">\n\t\t\t\t<div class=\"elementor-widget-container\">\n\t\t\t\t\t\t\t\t\tMamy tutaj kamer\u0119 PTZ AW-UE70 od\u00a0<a href=\"https:\/\/konferenztechnik.de\/pl\/panasonic\/\">Panasonic\u00a0<\/a>w\n u\u017cytkowania. Doskona\u0142e parametry techniczne obejmuj\u0105 bardzo dobr\u0105 \u015bwiat\u0142oczu\u0142o\u015b\u0107\n czu\u0142o\u015b\u0107, znakomity zoom optyczny oraz p\u0142ynne zwalnianie i przyspieszanie\nzwalnianie i przyspieszanie ruchu kamery. Ka\u017cdy, kto obs\u0142ugiwa\u0142\nkamer\u0119, rozpozna stoj\u0105c\u0105 za tym przemy\u015blan\u0105 konstrukcj\u0119. Dzi\u0119ki\nPoE (Power over Ethernet), nie wymaga ona dodatkowego zasilania.\t\t\t\t\t\t\t\t<\/div>\n\t\t\t\t<\/div>\n\t\t\t\t<div class=\"elementor-element elementor-element-3a0350a elementor-widget elementor-widget-image\" data-id=\"3a0350a\" data-element_type=\"widget\" data-widget_type=\"image.default\">\n\t\t\t\t<div class=\"elementor-widget-container\">\n\t\t\t\t\t\t\t\t\t\t\t\t<figure class=\"wp-caption\">\n\t\t\t\t\t\t\t\t\t\t<img loading=\"lazy\" decoding=\"async\" width=\"1000\" height=\"549\" src=\"https:\/\/konferenztechnik.de\/wp-content\/uploads\/2021\/05\/shure-drahtlos-mxcw-panasonic-ptz-kamera.jpg\" class=\"attachment-full size-full wp-image-17305\" alt=\"shure-wireless-mxcw-panasonic-ptz-camera\" srcset=\"https:\/\/konferenztechnik.de\/wp-content\/uploads\/2021\/05\/shure-drahtlos-mxcw-panasonic-ptz-kamera.jpg 1000w, https:\/\/konferenztechnik.de\/wp-content\/uploads\/2021\/05\/shure-drahtlos-mxcw-panasonic-ptz-kamera-300x165.jpg 300w, https:\/\/konferenztechnik.de\/wp-content\/uploads\/2021\/05\/shure-drahtlos-mxcw-panasonic-ptz-kamera-768x422.jpg 768w\" sizes=\"(max-width: 1000px) 100vw, 1000px\" title=\"\">\t\t\t\t\t\t\t\t\t\t\t<figcaption class=\"widget-image-caption wp-caption-text\">Du\u017cy, okr\u0105g\u0142y st\u00f3\u0142 jest r\u00f3wnie\u017c idealnym rozwi\u0105zaniem do integracji zdalnych uczestnik\u00f3w.<\/figcaption>\n\t\t\t\t\t\t\t\t\t\t<\/figure>\n\t\t\t\t\t\t\t\t\t<\/div>\n\t\t\t\t<\/div>\n\t\t\t\t<div class=\"elementor-element elementor-element-3735395 elementor-widget__width-inherit elementor-widget elementor-widget-text-editor\" data-id=\"3735395\" data-element_type=\"widget\" data-widget_type=\"text-editor.default\">\n\t\t\t\t<div class=\"elementor-widget-container\">\n\t\t\t\t\t\t\t\t\tKa\u017cde siedzenie jest wyposa\u017cone w bezprzewodowy interkom biurkowy z\u00a0<a href=\"https:\/\/konferenztechnik.de\/pl\/kompletny-system-konferencyjny-shure-microflex\/\">Seria Shure MXCW<\/a>\u00a0wyposa\u017cony. Chwalili\u015bmy ju\u017c ten system kilka razy w innych miejscach i\u00a0<a href=\"https:\/\/konferenztechnik.de\/pl\/podsumowanie-firmy-shure-jako-dostawcy-technologii-konferencyjnych\/\">opisany<\/a>Mikrofon\n Korzystanie z mikrofon\u00f3w jest obowi\u0105zkowe podczas \u0142\u0105czenia si\u0119 ze zdalnymi uczestnikami.\njest obowi\u0105zkowe. Mikrofony \u2013 s\u0105 zalecane nawet do komunikacji w pomieszczeniu.\nMikrofony \u2013 s\u0105 r\u00f3wnie\u017c zalecane w przypadku mniejszych spotka\u0144. Dzi\u0119ki\nDzi\u0119ki nieznacznemu wzmocnieniu g\u0142osu, uczestnicy odczuwaj\u0105 wyra\u017an\u0105 ulg\u0119: uczestnicy odczuwaj\u0105 wyra\u017an\u0105 ulg\u0119: uczestnicy odczuwaj\u0105 wyra\u017an\u0105 ulg\u0119.\nuczestnicy odczuwaj\u0105 wyra\u017an\u0105 ulg\u0119: z jednej strony ludzie musz\u0105 m\u00f3wi\u0107 mniej g\u0142o\u015bno, co\nz drugiej strony s\u0142uchacze lepiej rozumiej\u0105, co si\u0119 do nich m\u00f3wi.\nlepiej. Pozwala im to s\u0142ucha\u0107 w zrelaksowany spos\u00f3b przez d\u0142u\u017cszy czas.\t\t\t\t\t\t\t\t<\/div>\n\t\t\t\t<\/div>\n\t\t\t\t<div class=\"elementor-element elementor-element-5572eef elementor-widget elementor-widget-image\" data-id=\"5572eef\" data-element_type=\"widget\" data-widget_type=\"image.default\">\n\t\t\t\t<div class=\"elementor-widget-container\">\n\t\t\t\t\t\t\t\t\t\t\t\t<figure class=\"wp-caption\">\n\t\t\t\t\t\t\t\t\t\t<img loading=\"lazy\" decoding=\"async\" width=\"1000\" height=\"549\" src=\"https:\/\/konferenztechnik.de\/wp-content\/uploads\/2021\/05\/panasonic-puetz-kamera-AW-UE70-in-einer-festinsatllation-von-pcs.jpg\" class=\"attachment-full size-full wp-image-17313\" alt=\"panasonic-ptz-camera-AW-UE70-w-sta\u0142ej-instalacji-pcs\" srcset=\"https:\/\/konferenztechnik.de\/wp-content\/uploads\/2021\/05\/panasonic-puetz-kamera-AW-UE70-in-einer-festinsatllation-von-pcs.jpg 1000w, https:\/\/konferenztechnik.de\/wp-content\/uploads\/2021\/05\/panasonic-puetz-kamera-AW-UE70-in-einer-festinsatllation-von-pcs-300x165.jpg 300w, https:\/\/konferenztechnik.de\/wp-content\/uploads\/2021\/05\/panasonic-puetz-kamera-AW-UE70-in-einer-festinsatllation-von-pcs-768x422.jpg 768w\" sizes=\"(max-width: 1000px) 100vw, 1000px\" title=\"\">\t\t\t\t\t\t\t\t\t\t\t<figcaption class=\"widget-image-caption wp-caption-text\">Kwadratowy, pragmatyczny, dobry. Wszystkie komponenty mog\u0105 by\u0107 elastycznie i \u0142atwo wymieniane w zaprojektowanej przez nas kostce multimedialnej. Wszystkie prowadnice kabli s\u0105 ukryte.<\/figcaption>\n\t\t\t\t\t\t\t\t\t\t<\/figure>\n\t\t\t\t\t\t\t\t\t<\/div>\n\t\t\t\t<\/div>\n\t\t\t\t<div class=\"elementor-element elementor-element-62f8126 elementor-widget__width-inherit elementor-widget elementor-widget-text-editor\" data-id=\"62f8126\" data-element_type=\"widget\" data-widget_type=\"text-editor.default\">\n\t\t\t\t<div class=\"elementor-widget-container\">\n\t\t\t\t\t\t\t\t\t<p>W nowoczesnej, hybrydowej sali konferencyjnej rozwa\u017camy trzy sposoby\nkomunikacji. Po pierwsze, komunikacja uczestnik\u00f3w wewn\u0105trz\n pokoju. Po drugie, komunikacja na zewn\u0105trz i z zewn\u0105trz do pomieszczenia.\n do pomieszczenia. Po trzecie, komunikacja mi\u0119dzy lud\u017ami a technologi\u0105.\nWymagane s\u0105 tutaj: wiele mo\u017cliwo\u015bci, wysoka elastyczno\u015b\u0107 i jako\u015b\u0107 oraz intuicyjna i prosta obs\u0142uga.\njako\u015b\u0107 z intuicyjn\u0105 i prost\u0105 obs\u0142ug\u0105. To si\u0119 udaje\ncoraz wi\u0119kszy sukces, poniewa\u017c AI i rozwi\u0105zania techniczne producent\u00f3w s\u0105\ncz\u0119sto proste i pomys\u0142owe. Ro\u015bnie r\u00f3wnie\u017c wiedza uczestnik\u00f3w.\nProfesjonalne konferencje to \"umiej\u0119tno\u015b\u0107 przysz\u0142o\u015bci\".<\/p><p>Wszystkie zdj\u0119cia w artykule pochodz\u0105 z instalacji, kt\u00f3r\u0105 PCS zrealizowa\u0142 w\u00a0<a href=\"https:\/\/www2.ekir.de\/\" target=\"_blank\" rel=\"noopener\">Ko\u015bci\u00f3\u0142 protestancki w Nadrenii<\/a>\u00a0uko\u0144czony w maju 2021 roku. Wielkie dzi\u0119ki za wspania\u0142y projekt i\nmi\u0142\u0105 wsp\u00f3\u0142prac\u0119. \u017byczymy relaksuj\u0105cych konferencji.<\/p>\t\t\t\t\t\t\t\t<\/div>\n\t\t\t\t<\/div>\n\t\t\t\t\t<\/div>\n\t\t\t\t<\/div>\n\t\t\t\t<\/div>","protected":false},"excerpt":{"rendered":"<p>Optymalne warunki w pomieszczeniu i dla pod\u0142\u0105czonych uczestnik\u00f3w oraz harmonijne wykorzystanie kamer PTZ w salach konferencyjnych.<\/p>","protected":false},"author":2,"featured_media":21599,"comment_status":"closed","ping_status":"closed","sticky":false,"template":"","format":"standard","meta":{"_acf_changed":false,"footnotes":""},"categories":[16,22,20],"tags":[],"class_list":["post-21593","post","type-post","status-publish","format-standard","has-post-thumbnail","hentry","category-digital-und-hybrid","category-installation","category-populaer"],"acf":[],"_links":{"self":[{"href":"https:\/\/konferenztechnik.de\/pl\/wp-json\/wp\/v2\/posts\/21593","targetHints":{"allow":["GET"]}}],"collection":[{"href":"https:\/\/konferenztechnik.de\/pl\/wp-json\/wp\/v2\/posts"}],"about":[{"href":"https:\/\/konferenztechnik.de\/pl\/wp-json\/wp\/v2\/types\/post"}],"author":[{"embeddable":true,"href":"https:\/\/konferenztechnik.de\/pl\/wp-json\/wp\/v2\/users\/2"}],"replies":[{"embeddable":true,"href":"https:\/\/konferenztechnik.de\/pl\/wp-json\/wp\/v2\/comments?post=21593"}],"version-history":[{"count":0,"href":"https:\/\/konferenztechnik.de\/pl\/wp-json\/wp\/v2\/posts\/21593\/revisions"}],"wp:featuredmedia":[{"embeddable":true,"href":"https:\/\/konferenztechnik.de\/pl\/wp-json\/wp\/v2\/media\/21599"}],"wp:attachment":[{"href":"https:\/\/konferenztechnik.de\/pl\/wp-json\/wp\/v2\/media?parent=21593"}],"wp:term":[{"taxonomy":"category","embeddable":true,"href":"https:\/\/konferenztechnik.de\/pl\/wp-json\/wp\/v2\/categories?post=21593"},{"taxonomy":"post_tag","embeddable":true,"href":"https:\/\/konferenztechnik.de\/pl\/wp-json\/wp\/v2\/tags?post=21593"}],"curies":[{"name":"wp","href":"https:\/\/api.w.org\/{rel}","templated":true}]}}