{"id":32352,"date":"2022-06-25T09:01:00","date_gmt":"2022-06-25T07:01:00","guid":{"rendered":"http:\/\/dev.konferenztechnik.de\/?p=32352"},"modified":"2025-01-09T10:42:53","modified_gmt":"2025-01-09T09:42:53","slug":"odbiornik-konferencyjny-odbiornik-sluchawkowy","status":"publish","type":"post","link":"https:\/\/konferenztechnik.de\/pl\/odbiornik-konferencyjny-odbiornik-sluchawkowy\/","title":{"rendered":"Odbiornik konferencyjny, odbiornik zestawu s\u0142uchawkowego"},"content":{"rendered":"<div data-elementor-type=\"wp-post\" data-elementor-id=\"32352\" class=\"elementor elementor-32352\" data-elementor-post-type=\"post\">\n\t\t\t\t<div data-particle_enable=\"false\" data-particle-mobile-disabled=\"false\" class=\"elementor-element elementor-element-7b9fdd6c e-flex e-con-boxed e-con e-parent\" data-id=\"7b9fdd6c\" data-element_type=\"container\">\n\t\t\t\t\t<div class=\"e-con-inner\">\n\t\t\t\t<div class=\"elementor-element elementor-element-6b88117c elementor-widget elementor-widget-heading\" data-id=\"6b88117c\" data-element_type=\"widget\" data-widget_type=\"heading.default\">\n\t\t\t\t<div class=\"elementor-widget-container\">\n\t\t\t\t\t<h1 class=\"elementor-heading-title elementor-size-default\">Odbiornik konferencyjny, odbiornik zestawu s\u0142uchawkowego<\/h1>\t\t\t\t<\/div>\n\t\t\t\t<\/div>\n\t\t\t\t<div class=\"elementor-element elementor-element-45e941af elementor-widget elementor-widget-image\" data-id=\"45e941af\" data-element_type=\"widget\" data-widget_type=\"image.default\">\n\t\t\t\t<div class=\"elementor-widget-container\">\n\t\t\t\t\t\t\t\t\t\t\t\t\t\t\t<img fetchpriority=\"high\" decoding=\"async\" width=\"1077\" height=\"404\" src=\"https:\/\/konferenztechnik.de\/wp-content\/uploads\/2022\/06\/dolmetsch-empfaenger-mieten-bei-pcs-konferenztechnik-jpg.webp\" class=\"attachment-full size-full wp-image-42313\" alt=\"t\u0142umacz-odbiorca-wynaj\u0119cie-na-konferencj\u0119-pcs-technologia\" srcset=\"https:\/\/konferenztechnik.de\/wp-content\/uploads\/2022\/06\/dolmetsch-empfaenger-mieten-bei-pcs-konferenztechnik-jpg.webp 1077w, https:\/\/konferenztechnik.de\/wp-content\/uploads\/2022\/06\/dolmetsch-empfaenger-mieten-bei-pcs-konferenztechnik-300x113.webp 300w, https:\/\/konferenztechnik.de\/wp-content\/uploads\/2022\/06\/dolmetsch-empfaenger-mieten-bei-pcs-konferenztechnik-1024x384.webp 1024w, https:\/\/konferenztechnik.de\/wp-content\/uploads\/2022\/06\/dolmetsch-empfaenger-mieten-bei-pcs-konferenztechnik-768x288.webp 768w, https:\/\/konferenztechnik.de\/wp-content\/uploads\/2022\/06\/dolmetsch-empfaenger-mieten-bei-pcs-konferenztechnik-18x7.webp 18w\" sizes=\"(max-width: 1077px) 100vw, 1077px\" title=\"\">\t\t\t\t\t\t\t\t\t\t\t\t\t\t\t<\/div>\n\t\t\t\t<\/div>\n\t\t<div data-particle_enable=\"false\" data-particle-mobile-disabled=\"false\" class=\"elementor-element elementor-element-203ed67 e-flex e-con-boxed e-con e-child\" data-id=\"203ed67\" data-element_type=\"container\">\n\t\t\t\t\t<div class=\"e-con-inner\">\n\t\t\t\t<div class=\"elementor-element elementor-element-cb6c46b elementor-widget elementor-widget-button\" data-id=\"cb6c46b\" data-element_type=\"widget\" data-widget_type=\"button.default\">\n\t\t\t\t<div class=\"elementor-widget-container\">\n\t\t\t\t\t\t\t\t\t<div class=\"elementor-button-wrapper\">\n\t\t\t\t\t<a class=\"elementor-button elementor-button-link elementor-size-lg\" href=\"#serviceteam\">\n\t\t\t\t\t\t<span class=\"elementor-button-content-wrapper\">\n\t\t\t\t\t\t<span class=\"elementor-button-icon\">\n\t\t\t\t<svg aria-hidden=\"true\" class=\"e-font-icon-svg e-far-arrow-alt-circle-down\" viewbox=\"0 0 512 512\" xmlns=\"http:\/\/www.w3.org\/2000\/svg\"><path d=\"M256 8C119 8 8 119 8 256s111 248 248 248 248-111 248-248S393 8 256 8zm0 448c-110.5 0-200-89.5-200-200S145.5 56 256 56s200 89.5 200 200-89.5 200-200 200zm-32-316v116h-67c-10.7 0-16 12.9-8.5 20.5l99 99c4.7 4.7 12.3 4.7 17 0l99-99c7.6-7.6 2.2-20.5-8.5-20.5h-67V140c0-6.6-5.4-12-12-12h-40c-6.6 0-12 5.4-12 12z\"><\/path><\/svg>\t\t\t<\/span>\n\t\t\t\t\t\t\t\t\t<span class=\"elementor-button-text\">Zapytaj teraz<\/span>\n\t\t\t\t\t<\/span>\n\t\t\t\t\t<\/a>\n\t\t\t\t<\/div>\n\t\t\t\t\t\t\t\t<\/div>\n\t\t\t\t<\/div>\n\t\t\t\t\t<\/div>\n\t\t\t\t<\/div>\n\t\t\t\t\t<\/div>\n\t\t\t\t<\/div>\n\t\t<div data-particle_enable=\"false\" data-particle-mobile-disabled=\"false\" class=\"elementor-element elementor-element-228b844c e-flex e-con-boxed e-con e-parent\" data-id=\"228b844c\" data-element_type=\"container\">\n\t\t\t\t\t<div class=\"e-con-inner\">\n\t\t\t\t<div class=\"elementor-element elementor-element-43499d65 elementor-widget__width-inherit elementor-widget elementor-widget-heading\" data-id=\"43499d65\" data-element_type=\"widget\" data-widget_type=\"heading.default\">\n\t\t\t\t<div class=\"elementor-widget-container\">\n\t\t\t\t\t<h2 class=\"elementor-heading-title elementor-size-default\">Wynajem odbiornik\u00f3w konferencyjnych: Odbiorniki i s\u0142uchawki na konferencje z t\u0142umaczeniem symultanicznym<\/h2>\t\t\t\t<\/div>\n\t\t\t\t<\/div>\n\t\t\t\t<div class=\"elementor-element elementor-element-2e157ae6 elementor-widget__width-inherit elementor-widget elementor-widget-text-editor\" data-id=\"2e157ae6\" data-element_type=\"widget\" data-widget_type=\"text-editor.default\">\n\t\t\t\t<div class=\"elementor-widget-container\">\n\t\t\t\t\t\t\t\t\t<p>Wynajmuj od nas odbiorniki konferencyjne na konferencje, spotkania i kongresy ka\u017cdej wielko\u015bci. Nasze nowoczesne odbiorniki s\u0105 niezawodne, \u0142atwe w u\u017cyciu i wygodne w noszeniu. Odbiorniki konferencyjne mog\u0105 odbiera\u0107 do 32 kana\u0142\u00f3w g\u0142osowych jednocze\u015bnie. Mog\u0105 by\u0107 u\u017cywane zar\u00f3wno w ma\u0142ych salach konferencyjnych, jak i w du\u017cych salach konferencyjnych i wystawowych. Mo\u017cesz r\u00f3wnie\u017c wynaj\u0105\u0107 od nas niezb\u0119dn\u0105 technologi\u0119 transmisji (cyfrow\u0105 podczerwie\u0144, technologi\u0119 radiow\u0105 UHF lub DECT), systemy t\u0142umacze\u0144 ustnych i kabiny do t\u0142umacze\u0144 ustnych. Z przyjemno\u015bci\u0105 przedstawimy ofert\u0119 na poszczeg\u00f3lne komponenty lub kompletny system.<\/p>\t\t\t\t\t\t\t\t<\/div>\n\t\t\t\t<\/div>\n\t\t\t\t<div class=\"elementor-element elementor-element-18e021bd elementor-widget__width-inherit elementor-widget elementor-widget-heading\" data-id=\"18e021bd\" data-element_type=\"widget\" data-widget_type=\"heading.default\">\n\t\t\t\t<div class=\"elementor-widget-container\">\n\t\t\t\t\t<h2 class=\"elementor-heading-title elementor-size-default\">Wynajem odbiornik\u00f3w bez minimalnej ilo\u015bci zam\u00f3wienia<\/h2>\t\t\t\t<\/div>\n\t\t\t\t<\/div>\n\t\t\t\t<div class=\"elementor-element elementor-element-1bcafe0d elementor-widget__width-inherit elementor-widget elementor-widget-heading\" data-id=\"1bcafe0d\" data-element_type=\"widget\" data-widget_type=\"heading.default\">\n\t\t\t\t<div class=\"elementor-widget-container\">\n\t\t\t\t\t<h2 class=\"elementor-heading-title elementor-size-default\">Odbiornik podczerwieni i odbiornik radiowy do t\u0142umaczenia<\/h2>\t\t\t\t<\/div>\n\t\t\t\t<\/div>\n\t\t\t\t<div class=\"elementor-element elementor-element-6ca5acca elementor-widget__width-inherit elementor-widget elementor-widget-text-editor\" data-id=\"6ca5acca\" data-element_type=\"widget\" data-widget_type=\"text-editor.default\">\n\t\t\t\t<div class=\"elementor-widget-container\">\n\t\t\t\t\t\t\t\t\t<p>Nawiasem m\u00f3wi\u0105c, w PCS nie ma minimalnej ilo\u015bci zam\u00f3wienia. Je\u015bli potrzebujesz tylko jednego odbiornika, musisz zap\u0142aci\u0107 tylko za jeden odbiornik. To bardzo proste.<\/p>\t\t\t\t\t\t\t\t<\/div>\n\t\t\t\t<\/div>\n\t\t\t\t<div class=\"elementor-element elementor-element-24166bed elementor-widget__width-inherit elementor-widget elementor-widget-text-editor\" data-id=\"24166bed\" data-element_type=\"widget\" data-widget_type=\"text-editor.default\">\n\t\t\t\t<div class=\"elementor-widget-container\">\n\t\t\t\t\t\t\t\t\t<p>PCS Konferenztechnik wynajmuje zar\u00f3wno cyfrowe odbiorniki podczerwieni, jak i odbiorniki radiowe na potrzeby konferencji z udzia\u0142em t\u0142umaczy symultanicznych. Dobieramy odpowiedni\u0105 technologi\u0119 transmisji do warunk\u00f3w przestrzennych i przesy\u0142anego sygna\u0142u.<\/p>\t\t\t\t\t\t\t\t<\/div>\n\t\t\t\t<\/div>\n\t\t\t\t\t<\/div>\n\t\t\t\t<\/div>\n\t\t<div data-particle_enable=\"false\" data-particle-mobile-disabled=\"false\" class=\"elementor-element elementor-element-45fb29fa e-flex e-con-boxed e-con e-parent\" data-id=\"45fb29fa\" data-element_type=\"container\">\n\t\t\t\t\t<div class=\"e-con-inner\">\n\t\t\t\t<div class=\"elementor-element elementor-element-5bb30443 elementor-widget__width-inherit elementor-widget elementor-widget-heading\" data-id=\"5bb30443\" data-element_type=\"widget\" data-widget_type=\"heading.default\">\n\t\t\t\t<div class=\"elementor-widget-container\">\n\t\t\t\t\t<h2 class=\"elementor-heading-title elementor-size-default\">Odbiornik DECT do konferencji<\/h2>\t\t\t\t<\/div>\n\t\t\t\t<\/div>\n\t\t\t\t<div class=\"elementor-element elementor-element-5131a3c elementor-widget__width-inherit elementor-widget elementor-widget-text-editor\" data-id=\"5131a3c\" data-element_type=\"widget\" data-widget_type=\"text-editor.default\">\n\t\t\t\t<div class=\"elementor-widget-container\">\n\t\t\t\t\t\t\t\t\t<p>Transmisja bezprzewodowa zgodna ze standardem DECT mo\u017ce by\u0107 u\u017cywana bez certyfikacji i op\u0142at licencyjnych. Nie musisz martwi\u0107 si\u0119 o cz\u0119stotliwo\u015bci zale\u017cne od regionu, poniewa\u017c oferuje niezale\u017cn\u0105, szyfrowan\u0105 transmisj\u0119. R\u00f3wnolegle mo\u017cna zintegrowa\u0107 do 32 grup, a dzi\u0119ki du\u017cemu zasi\u0119gowi i d\u0142ugiemu czasowi pracy odbiorniki DECT oferuj\u0105 absolutnie stabilne warunki transmisji. Odbiorniki mog\u0105 by\u0107 r\u00f3wnie\u017c u\u017cywane jako nadajniki: Umo\u017cliwia to wysy\u0142anie zapyta\u0144 bezpo\u015brednio przez odbiornik.<\/p>\t\t\t\t\t\t\t\t<\/div>\n\t\t\t\t<\/div>\n\t\t\t\t<div class=\"elementor-element elementor-element-c37a1bf elementor-widget elementor-widget-image\" data-id=\"c37a1bf\" data-element_type=\"widget\" data-widget_type=\"image.default\">\n\t\t\t\t<div class=\"elementor-widget-container\">\n\t\t\t\t\t\t\t\t\t\t\t\t\t\t\t<img decoding=\"async\" width=\"2560\" height=\"1440\" src=\"https:\/\/konferenztechnik.de\/wp-content\/uploads\/2022\/06\/UNITE-DECT-Empfaenger-bei-PCS-mieten-oder-kaufen-leasen.jpeg-scaled.webp\" class=\"attachment-full size-full wp-image-42297\" alt=\"\" srcset=\"https:\/\/konferenztechnik.de\/wp-content\/uploads\/2022\/06\/UNITE-DECT-Empfaenger-bei-PCS-mieten-oder-kaufen-leasen.jpeg-scaled.webp 2560w, https:\/\/konferenztechnik.de\/wp-content\/uploads\/2022\/06\/UNITE-DECT-Empfaenger-bei-PCS-mieten-oder-kaufen-leasen.jpeg-300x169.webp 300w, https:\/\/konferenztechnik.de\/wp-content\/uploads\/2022\/06\/UNITE-DECT-Empfaenger-bei-PCS-mieten-oder-kaufen-leasen.jpeg-1024x576.webp 1024w, https:\/\/konferenztechnik.de\/wp-content\/uploads\/2022\/06\/UNITE-DECT-Empfaenger-bei-PCS-mieten-oder-kaufen-leasen.jpeg-768x432.webp 768w, https:\/\/konferenztechnik.de\/wp-content\/uploads\/2022\/06\/UNITE-DECT-Empfaenger-bei-PCS-mieten-oder-kaufen-leasen.jpeg-1536x864.webp 1536w, https:\/\/konferenztechnik.de\/wp-content\/uploads\/2022\/06\/UNITE-DECT-Empfaenger-bei-PCS-mieten-oder-kaufen-leasen.jpeg-2048x1152.webp 2048w, https:\/\/konferenztechnik.de\/wp-content\/uploads\/2022\/06\/UNITE-DECT-Empfaenger-bei-PCS-mieten-oder-kaufen-leasen.jpeg-18x10.webp 18w\" sizes=\"(max-width: 2560px) 100vw, 2560px\" title=\"\">\t\t\t\t\t\t\t\t\t\t\t\t\t\t\t<\/div>\n\t\t\t\t<\/div>\n\t\t<div data-particle_enable=\"false\" data-particle-mobile-disabled=\"false\" class=\"elementor-element elementor-element-b4cfda5 e-flex e-con-boxed e-con e-child\" data-id=\"b4cfda5\" data-element_type=\"container\">\n\t\t\t\t\t<div class=\"e-con-inner\">\n\t\t\t\t<div class=\"elementor-element elementor-element-e4f5e60 elementor-widget elementor-widget-button\" data-id=\"e4f5e60\" data-element_type=\"widget\" data-widget_type=\"button.default\">\n\t\t\t\t<div class=\"elementor-widget-container\">\n\t\t\t\t\t\t\t\t\t<div class=\"elementor-button-wrapper\">\n\t\t\t\t\t<a class=\"elementor-button elementor-button-link elementor-size-lg\" href=\"#serviceteam\">\n\t\t\t\t\t\t<span class=\"elementor-button-content-wrapper\">\n\t\t\t\t\t\t<span class=\"elementor-button-icon\">\n\t\t\t\t<svg aria-hidden=\"true\" class=\"e-font-icon-svg e-far-arrow-alt-circle-down\" viewbox=\"0 0 512 512\" xmlns=\"http:\/\/www.w3.org\/2000\/svg\"><path d=\"M256 8C119 8 8 119 8 256s111 248 248 248 248-111 248-248S393 8 256 8zm0 448c-110.5 0-200-89.5-200-200S145.5 56 256 56s200 89.5 200 200-89.5 200-200 200zm-32-316v116h-67c-10.7 0-16 12.9-8.5 20.5l99 99c4.7 4.7 12.3 4.7 17 0l99-99c7.6-7.6 2.2-20.5-8.5-20.5h-67V140c0-6.6-5.4-12-12-12h-40c-6.6 0-12 5.4-12 12z\"><\/path><\/svg>\t\t\t<\/span>\n\t\t\t\t\t\t\t\t\t<span class=\"elementor-button-text\">Zapytaj teraz<\/span>\n\t\t\t\t\t<\/span>\n\t\t\t\t\t<\/a>\n\t\t\t\t<\/div>\n\t\t\t\t\t\t\t\t<\/div>\n\t\t\t\t<\/div>\n\t\t\t\t\t<\/div>\n\t\t\t\t<\/div>\n\t\t\t\t<div class=\"elementor-element elementor-element-139e77d elementor-widget__width-inherit elementor-widget elementor-widget-heading\" data-id=\"139e77d\" data-element_type=\"widget\" data-widget_type=\"heading.default\">\n\t\t\t\t<div class=\"elementor-widget-container\">\n\t\t\t\t\t<h2 class=\"elementor-heading-title elementor-size-default\">Cyfrowa transmisja w podczerwieni na potrzeby konferencji<\/h2>\t\t\t\t<\/div>\n\t\t\t\t<\/div>\n\t\t\t\t<div class=\"elementor-element elementor-element-17f5cbcc elementor-widget__width-inherit elementor-widget elementor-widget-text-editor\" data-id=\"17f5cbcc\" data-element_type=\"widget\" data-widget_type=\"text-editor.default\">\n\t\t\t\t<div class=\"elementor-widget-container\">\n\t\t\t\t\t\t\t\t\t<p>Sygna\u0142y podczerwieni s\u0105 przesy\u0142ane cyfrowo. Umo\u017cliwia to jednoczesne przesy\u0142anie sygna\u0142\u00f3w o najwy\u017cszej jako\u015bci d\u017awi\u0119ku i bardzo du\u017cym zasi\u0119gu transmisji. Dzi\u0119ki wysokiej jasno\u015bci mo\u017cna pokry\u0107 du\u017ce obszary za pomoc\u0105 zaledwie kilku emiter\u00f3w podczerwieni. Sygna\u0142 jest niewra\u017cliwy na \u015bwiat\u0142o i mo\u017ce by\u0107 u\u017cywany nawet na zewn\u0105trz.<\/p>\t\t\t\t\t\t\t\t<\/div>\n\t\t\t\t<\/div>\n\t\t\t\t<div class=\"elementor-element elementor-element-4249e8c elementor-widget elementor-widget-image\" data-id=\"4249e8c\" data-element_type=\"widget\" data-widget_type=\"image.default\">\n\t\t\t\t<div class=\"elementor-widget-container\">\n\t\t\t\t\t\t\t\t\t\t\t\t\t\t\t<img decoding=\"async\" width=\"1077\" height=\"404\" src=\"https:\/\/konferenztechnik.de\/wp-content\/uploads\/2018\/10\/Empfaenger-mieten-bei-pcs.jpg\" class=\"attachment-full size-full wp-image-14175\" alt=\"Wynajem odbiornik\u00f3w od PCS\" srcset=\"https:\/\/konferenztechnik.de\/wp-content\/uploads\/2018\/10\/Empfaenger-mieten-bei-pcs.jpg 1077w, https:\/\/konferenztechnik.de\/wp-content\/uploads\/2018\/10\/Empfaenger-mieten-bei-pcs-300x113.jpg 300w, https:\/\/konferenztechnik.de\/wp-content\/uploads\/2018\/10\/Empfaenger-mieten-bei-pcs-1024x384.jpg 1024w, https:\/\/konferenztechnik.de\/wp-content\/uploads\/2018\/10\/Empfaenger-mieten-bei-pcs-768x288.jpg 768w\" sizes=\"(max-width: 1077px) 100vw, 1077px\" title=\"\">\t\t\t\t\t\t\t\t\t\t\t\t\t\t\t<\/div>\n\t\t\t\t<\/div>\n\t\t\t\t<div class=\"elementor-element elementor-element-56bb476b elementor-widget__width-inherit elementor-widget elementor-widget-heading\" data-id=\"56bb476b\" data-element_type=\"widget\" data-widget_type=\"heading.default\">\n\t\t\t\t<div class=\"elementor-widget-container\">\n\t\t\t\t\t<h2 class=\"elementor-heading-title elementor-size-default\">Odbiornik radiowy UHF do konferencji<\/h2>\t\t\t\t<\/div>\n\t\t\t\t<\/div>\n\t\t\t\t<div class=\"elementor-element elementor-element-1773b1dc elementor-widget__width-inherit elementor-widget elementor-widget-text-editor\" data-id=\"1773b1dc\" data-element_type=\"widget\" data-widget_type=\"text-editor.default\">\n\t\t\t\t<div class=\"elementor-widget-container\">\n\t\t\t\t\t\t\t\t\t<p>W firmie PCS mo\u017cna wynaj\u0105\u0107 nowoczesne odbiorniki radiowe UHF. Odbiorniki maj\u0105 du\u017cy zasi\u0119g, nawet w du\u017cych budynkach i halach. Odbiorniki nadaj\u0105 w okre\u015blonych strefach wolnych od rejestracji. Oznacza to, \u017ce mog\u0105 by\u0107 u\u017cywane r\u00f3wnolegle z profesjonalnymi mikrofonami radiowymi bez \u017cadnych problem\u00f3w i bez powodowania zak\u0142\u00f3ce\u0144 lub innych zak\u0142\u00f3ce\u0144.<\/p>\t\t\t\t\t\t\t\t<\/div>\n\t\t\t\t<\/div>\n\t\t\t\t<div class=\"elementor-element elementor-element-fbce8d6 elementor-widget elementor-widget-image\" data-id=\"fbce8d6\" data-element_type=\"widget\" data-widget_type=\"image.default\">\n\t\t\t\t<div class=\"elementor-widget-container\">\n\t\t\t\t\t\t\t\t\t\t\t\t\t\t\t<img loading=\"lazy\" decoding=\"async\" width=\"850\" height=\"388\" src=\"https:\/\/konferenztechnik.de\/wp-content\/uploads\/2018\/01\/beyerdynamic-synexis-kaufen-set.jpg\" class=\"attachment-full size-full wp-image-12217\" alt=\"Kup Beyerdynamic Synexis Set\" srcset=\"https:\/\/konferenztechnik.de\/wp-content\/uploads\/2018\/01\/beyerdynamic-synexis-kaufen-set.jpg 850w, https:\/\/konferenztechnik.de\/wp-content\/uploads\/2018\/01\/beyerdynamic-synexis-kaufen-set-300x137.jpg 300w, https:\/\/konferenztechnik.de\/wp-content\/uploads\/2018\/01\/beyerdynamic-synexis-kaufen-set-768x351.jpg 768w\" sizes=\"(max-width: 850px) 100vw, 850px\" title=\"\">\t\t\t\t\t\t\t\t\t\t\t\t\t\t\t<\/div>\n\t\t\t\t<\/div>\n\t\t<div data-particle_enable=\"false\" data-particle-mobile-disabled=\"false\" class=\"elementor-element elementor-element-0ed3784 e-flex e-con-boxed e-con e-child\" data-id=\"0ed3784\" data-element_type=\"container\">\n\t\t\t\t\t<div class=\"e-con-inner\">\n\t\t\t\t<div class=\"elementor-element elementor-element-838ab8a elementor-widget elementor-widget-button\" data-id=\"838ab8a\" data-element_type=\"widget\" data-widget_type=\"button.default\">\n\t\t\t\t<div class=\"elementor-widget-container\">\n\t\t\t\t\t\t\t\t\t<div class=\"elementor-button-wrapper\">\n\t\t\t\t\t<a class=\"elementor-button elementor-button-link elementor-size-lg\" href=\"#serviceteam\">\n\t\t\t\t\t\t<span class=\"elementor-button-content-wrapper\">\n\t\t\t\t\t\t<span class=\"elementor-button-icon\">\n\t\t\t\t<svg aria-hidden=\"true\" class=\"e-font-icon-svg e-far-arrow-alt-circle-down\" viewbox=\"0 0 512 512\" xmlns=\"http:\/\/www.w3.org\/2000\/svg\"><path d=\"M256 8C119 8 8 119 8 256s111 248 248 248 248-111 248-248S393 8 256 8zm0 448c-110.5 0-200-89.5-200-200S145.5 56 256 56s200 89.5 200 200-89.5 200-200 200zm-32-316v116h-67c-10.7 0-16 12.9-8.5 20.5l99 99c4.7 4.7 12.3 4.7 17 0l99-99c7.6-7.6 2.2-20.5-8.5-20.5h-67V140c0-6.6-5.4-12-12-12h-40c-6.6 0-12 5.4-12 12z\"><\/path><\/svg>\t\t\t<\/span>\n\t\t\t\t\t\t\t\t\t<span class=\"elementor-button-text\">Zapytaj teraz<\/span>\n\t\t\t\t\t<\/span>\n\t\t\t\t\t<\/a>\n\t\t\t\t<\/div>\n\t\t\t\t\t\t\t\t<\/div>\n\t\t\t\t<\/div>\n\t\t\t\t\t<\/div>\n\t\t\t\t<\/div>\n\t\t\t\t<div class=\"elementor-element elementor-element-47c75244 elementor-widget__width-inherit elementor-widget elementor-widget-heading\" data-id=\"47c75244\" data-element_type=\"widget\" data-widget_type=\"heading.default\">\n\t\t\t\t<div class=\"elementor-widget-container\">\n\t\t\t\t\t<h2 class=\"elementor-heading-title elementor-size-default\">Wynajem s\u0142uchawek do odbiornik\u00f3w konferencyjnych<\/h2>\t\t\t\t<\/div>\n\t\t\t\t<\/div>\n\t\t\t\t<div class=\"elementor-element elementor-element-6966200a elementor-widget__width-inherit elementor-widget elementor-widget-text-editor\" data-id=\"6966200a\" data-element_type=\"widget\" data-widget_type=\"text-editor.default\">\n\t\t\t\t<div class=\"elementor-widget-container\">\n\t\t\t\t\t\t\t\t\t<p>W PCS mo\u017cesz wypo\u017cyczy\u0107 s\u0142uchawki w du\u017cych ilo\u015bciach. Oferujemy trzy rodzaje s\u0142uchawek:<\/p><p>\u00a0<\/p><p>1. pojedyncze s\u0142uchawki<\/p><p>S\u0142uchawki jednouszne s\u0105 szczeg\u00f3lnie przydatne podczas dyskusji przy okr\u0105g\u0142ym stole lub dyskusji panelowych; wsz\u0119dzie tam, gdzie uczestnicy musz\u0105 szybko s\u0142ysze\u0107 zar\u00f3wno s\u0142owo m\u00f3wione w pomieszczeniu, jak i t\u0142umaczenie.<\/p><p>\u00a0<\/p><p><span style=\"font-family: var( --e-global-typography-text-font-family ), Sans-serif; font-size: var( --e-global-typography-text-font-size ); font-weight: var( --e-global-typography-text-font-weight ); text-align: var(--text-align);\">2. s\u0142uchawki mono<\/span><\/p><p><span style=\"font-family: var( --e-global-typography-text-font-family ), Sans-serif; font-size: var( --e-global-typography-text-font-size ); font-weight: var( --e-global-typography-text-font-weight ); text-align: var(--text-align);\"> S\u0142uchawki mono s\u0105 zawsze idealne, gdy transmitowana jest prawie wy\u0142\u0105cznie mowa. Nasze s\u0142uchawki mono maj\u0105 dwie s\u0142uchawki, z kt\u00f3rych przesy\u0142any jest ten sam sygna\u0142. <br \/><br \/>3. s\u0142uchawki stereo<br \/>S\u0142uchawki stereo mog\u0105 by\u0107 u\u017cywane uniwersalnie. Nadaj\u0105 si\u0119 zar\u00f3wno do transmisji mowy, jak i muzyki czy d\u017awi\u0119ku filmowego. Od prostej jako\u015bci d\u017awi\u0119ku po najlepsz\u0105 jako\u015b\u0107 hi-fi.<\/span><\/p>\t\t\t\t\t\t\t\t<\/div>\n\t\t\t\t<\/div>\n\t\t\t\t<div class=\"elementor-element elementor-element-e96a364 elementor-widget__width-inherit elementor-widget elementor-widget-heading\" data-id=\"e96a364\" data-element_type=\"widget\" data-widget_type=\"heading.default\">\n\t\t\t\t<div class=\"elementor-widget-container\">\n\t\t\t\t\t<h2 class=\"elementor-heading-title elementor-size-default\">Przesy\u0142anie sygna\u0142\u00f3w audio w stereo<\/h2>\t\t\t\t<\/div>\n\t\t\t\t<\/div>\n\t\t\t\t<div class=\"elementor-element elementor-element-4b3b386 elementor-widget__width-inherit elementor-widget elementor-widget-text-editor\" data-id=\"4b3b386\" data-element_type=\"widget\" data-widget_type=\"text-editor.default\">\n\t\t\t\t<div class=\"elementor-widget-container\">\n\t\t\t\t\t\t\t\t\t<p>Nasze odbiorniki podczerwieni i DECT mog\u0105 by\u0107 u\u017cywane do s\u0142uchania sygna\u0142\u00f3w w jako\u015bci stereo i CD. Umo\u017cliwia to na przyk\u0142ad transmisj\u0119 muzyki, d\u017awi\u0119ku filmowego lub podobnych sygna\u0142\u00f3w, kt\u00f3re wymagaj\u0105 szczeg\u00f3lnie dobrego d\u017awi\u0119ku. Obszary zastosowa\u0144 obejmuj\u0105 wieloj\u0119zyczne filmy kinowe, spacery audio, ciche dyskoteki, nieme prezentacje lub przedstawienia teatralne. Odbiorniki umo\u017cliwiaj\u0105 r\u00f3wnie\u017c korzystanie z w\u0142asnych s\u0142uchawek.<\/p>\t\t\t\t\t\t\t\t<\/div>\n\t\t\t\t<\/div>\n\t\t\t\t<div class=\"elementor-element elementor-element-f3dd4c2 elementor-widget__width-inherit elementor-widget elementor-widget-heading\" data-id=\"f3dd4c2\" data-element_type=\"widget\" data-widget_type=\"heading.default\">\n\t\t\t\t<div class=\"elementor-widget-container\">\n\t\t\t\t\t<h2 class=\"elementor-heading-title elementor-size-default\">Wynajem kompletnych system\u00f3w t\u0142umacze\u0144 ustnych od PCS<\/h2>\t\t\t\t<\/div>\n\t\t\t\t<\/div>\n\t\t\t\t<div class=\"elementor-element elementor-element-01e0835 elementor-widget__width-inherit elementor-widget elementor-widget-text-editor\" data-id=\"01e0835\" data-element_type=\"widget\" data-widget_type=\"text-editor.default\">\n\t\t\t\t<div class=\"elementor-widget-container\">\n\t\t\t\t\t\t\t\t\t<p>Oferujemy wynajem kompletnych system\u00f3w do t\u0142umacze\u0144 ustnych. Obejmuj\u0105 one kabiny do t\u0142umacze\u0144 ustnych, centra t\u0142umacze\u0144 ustnych, pulpity do t\u0142umacze\u0144 ustnych, technologi\u0119 transmisji i odbiorniki konferencyjne. Oferujemy r\u00f3wnie\u017c wynajem sprz\u0119tu audio i wideo. Zesp\u00f3\u0142 planowania projekt\u00f3w PCS wesprze Ci\u0119 w technicznym planowaniu i realizacji konferencji lub wydarzenia. Nasi wyszkoleni technicy z przyjemno\u015bci\u0105 zajm\u0105 si\u0119 monta\u017cem i demonta\u017cem, a tak\u017ce wsparciem technicznym.<\/p>\t\t\t\t\t\t\t\t<\/div>\n\t\t\t\t<\/div>\n\t\t\t\t\t<\/div>\n\t\t\t\t<\/div>\n\t\t<div data-particle_enable=\"false\" data-particle-mobile-disabled=\"false\" class=\"elementor-element elementor-element-28111997 e-flex e-con-boxed e-con e-parent\" data-id=\"28111997\" data-element_type=\"container\">\n\t\t\t\t\t<div class=\"e-con-inner\">\n\t\t\t\t<div class=\"elementor-element elementor-element-6bf0e42f elementor-widget elementor-widget-shortcode\" data-id=\"6bf0e42f\" data-element_type=\"widget\" data-widget_type=\"shortcode.default\">\n\t\t\t\t<div class=\"elementor-widget-container\">\n\t\t\t\t\t\t\t<div class=\"elementor-shortcode\"><\/div>\n\t\t\t\t\t\t<\/div>\n\t\t\t\t<\/div>\n\t\t\t\t\t<\/div>\n\t\t\t\t<\/div>\n\t\t<div data-particle_enable=\"false\" data-particle-mobile-disabled=\"false\" class=\"elementor-element elementor-element-5a2e9003 e-flex e-con-boxed e-con e-parent\" data-id=\"5a2e9003\" data-element_type=\"container\">\n\t\t\t\t\t<div class=\"e-con-inner\">\n\t\t\t\t<div class=\"elementor-element elementor-element-106a71ce elementor-widget elementor-widget-shortcode\" data-id=\"106a71ce\" data-element_type=\"widget\" data-widget_type=\"shortcode.default\">\n\t\t\t\t<div class=\"elementor-widget-container\">\n\t\t\t\t\t\t\t<div class=\"elementor-shortcode\"><\/div>\n\t\t\t\t\t\t<\/div>\n\t\t\t\t<\/div>\n\t\t\t\t\t<\/div>\n\t\t\t\t<\/div>\n\t\t\t\t<\/div>","protected":false},"excerpt":{"rendered":"<p>Wynajem odbiornik\u00f3w konferencyjnych: Odbiorniki i s\u0142uchawki na konferencje z t\u0142umaczeniem symultanicznym<\/p>","protected":false},"author":2,"featured_media":32354,"comment_status":"closed","ping_status":"closed","sticky":false,"template":"","format":"standard","meta":{"_acf_changed":false,"footnotes":""},"categories":[21,39],"tags":[],"class_list":["post-32352","post","type-post","status-publish","format-standard","has-post-thumbnail","hentry","category-events","category-produkte"],"acf":[],"_links":{"self":[{"href":"https:\/\/konferenztechnik.de\/pl\/wp-json\/wp\/v2\/posts\/32352","targetHints":{"allow":["GET"]}}],"collection":[{"href":"https:\/\/konferenztechnik.de\/pl\/wp-json\/wp\/v2\/posts"}],"about":[{"href":"https:\/\/konferenztechnik.de\/pl\/wp-json\/wp\/v2\/types\/post"}],"author":[{"embeddable":true,"href":"https:\/\/konferenztechnik.de\/pl\/wp-json\/wp\/v2\/users\/2"}],"replies":[{"embeddable":true,"href":"https:\/\/konferenztechnik.de\/pl\/wp-json\/wp\/v2\/comments?post=32352"}],"version-history":[{"count":0,"href":"https:\/\/konferenztechnik.de\/pl\/wp-json\/wp\/v2\/posts\/32352\/revisions"}],"wp:featuredmedia":[{"embeddable":true,"href":"https:\/\/konferenztechnik.de\/pl\/wp-json\/wp\/v2\/media\/32354"}],"wp:attachment":[{"href":"https:\/\/konferenztechnik.de\/pl\/wp-json\/wp\/v2\/media?parent=32352"}],"wp:term":[{"taxonomy":"category","embeddable":true,"href":"https:\/\/konferenztechnik.de\/pl\/wp-json\/wp\/v2\/categories?post=32352"},{"taxonomy":"post_tag","embeddable":true,"href":"https:\/\/konferenztechnik.de\/pl\/wp-json\/wp\/v2\/tags?post=32352"}],"curies":[{"name":"wp","href":"https:\/\/api.w.org\/{rel}","templated":true}]}}