{"id":32365,"date":"2022-06-25T09:16:00","date_gmt":"2022-06-25T07:16:00","guid":{"rendered":"http:\/\/dev.konferenztechnik.de\/?p=32365"},"modified":"2023-11-01T09:35:08","modified_gmt":"2023-11-01T08:35:08","slug":"stanowiska-do-tlumaczen-ustnych","status":"publish","type":"post","link":"https:\/\/konferenztechnik.de\/pl\/stanowiska-do-tlumaczen-ustnych\/","title":{"rendered":"Stanowiska do t\u0142umacze\u0144 ustnych"},"content":{"rendered":"<div data-elementor-type=\"wp-post\" data-elementor-id=\"32365\" class=\"elementor elementor-32365\" data-elementor-post-type=\"post\">\n\t\t\t\t<div data-particle_enable=\"false\" data-particle-mobile-disabled=\"false\" class=\"elementor-element elementor-element-73430fbc e-flex e-con-boxed e-con e-parent\" data-id=\"73430fbc\" data-element_type=\"container\">\n\t\t\t\t\t<div class=\"e-con-inner\">\n\t\t\t\t<div class=\"elementor-element elementor-element-16ebaa3a elementor-widget elementor-widget-heading\" data-id=\"16ebaa3a\" data-element_type=\"widget\" data-widget_type=\"heading.default\">\n\t\t\t\t<div class=\"elementor-widget-container\">\n\t\t\t\t\t<h1 class=\"elementor-heading-title elementor-size-default\">Wynajem, kupno, instalacja, dzier\u017cawa pulpit\u00f3w t\u0142umaczeniowych \u2013<\/h1>\t\t\t\t<\/div>\n\t\t\t\t<\/div>\n\t\t\t\t<div class=\"elementor-element elementor-element-3a86e47e elementor-widget elementor-widget-image\" data-id=\"3a86e47e\" data-element_type=\"widget\" data-widget_type=\"image.default\">\n\t\t\t\t<div class=\"elementor-widget-container\">\n\t\t\t\t\t\t\t\t\t\t\t\t\t\t\t<img fetchpriority=\"high\" decoding=\"async\" width=\"1300\" height=\"485\" src=\"https:\/\/konferenztechnik.de\/wp-content\/uploads\/2022\/06\/dolmetschpulte-mieten-kaufen-jpg.webp\" class=\"attachment-full size-full wp-image-34896\" alt=\"Telewizyjny pulpit t\u0142umaczeniowy, pulpit sterowniczy dla t\u0142umaczy symultanicznych zgodny z now\u0105 norm\u0105 ISO 20109:2017\" srcset=\"https:\/\/konferenztechnik.de\/wp-content\/uploads\/2022\/06\/dolmetschpulte-mieten-kaufen-jpg.webp 1300w, https:\/\/konferenztechnik.de\/wp-content\/uploads\/2022\/06\/dolmetschpulte-mieten-kaufen-300x112.webp 300w, https:\/\/konferenztechnik.de\/wp-content\/uploads\/2022\/06\/dolmetschpulte-mieten-kaufen-1024x382.webp 1024w, https:\/\/konferenztechnik.de\/wp-content\/uploads\/2022\/06\/dolmetschpulte-mieten-kaufen-768x287.webp 768w, https:\/\/konferenztechnik.de\/wp-content\/uploads\/2022\/06\/dolmetschpulte-mieten-kaufen-18x7.webp 18w\" sizes=\"(max-width: 1300px) 100vw, 1300px\" title=\"\">\t\t\t\t\t\t\t\t\t\t\t\t\t\t\t<\/div>\n\t\t\t\t<\/div>\n\t\t<div data-particle_enable=\"false\" data-particle-mobile-disabled=\"false\" class=\"elementor-element elementor-element-ba5892f e-flex e-con-boxed e-con e-child\" data-id=\"ba5892f\" data-element_type=\"container\">\n\t\t\t\t\t<div class=\"e-con-inner\">\n\t\t\t\t<div class=\"elementor-element elementor-element-31944cf elementor-widget elementor-widget-button\" data-id=\"31944cf\" data-element_type=\"widget\" data-widget_type=\"button.default\">\n\t\t\t\t<div class=\"elementor-widget-container\">\n\t\t\t\t\t\t\t\t\t<div class=\"elementor-button-wrapper\">\n\t\t\t\t\t<a class=\"elementor-button elementor-button-link elementor-size-lg\" href=\"#serviceteam\">\n\t\t\t\t\t\t<span class=\"elementor-button-content-wrapper\">\n\t\t\t\t\t\t<span class=\"elementor-button-icon\">\n\t\t\t\t<svg aria-hidden=\"true\" class=\"e-font-icon-svg e-far-arrow-alt-circle-down\" viewbox=\"0 0 512 512\" xmlns=\"http:\/\/www.w3.org\/2000\/svg\"><path d=\"M256 8C119 8 8 119 8 256s111 248 248 248 248-111 248-248S393 8 256 8zm0 448c-110.5 0-200-89.5-200-200S145.5 56 256 56s200 89.5 200 200-89.5 200-200 200zm-32-316v116h-67c-10.7 0-16 12.9-8.5 20.5l99 99c4.7 4.7 12.3 4.7 17 0l99-99c7.6-7.6 2.2-20.5-8.5-20.5h-67V140c0-6.6-5.4-12-12-12h-40c-6.6 0-12 5.4-12 12z\"><\/path><\/svg>\t\t\t<\/span>\n\t\t\t\t\t\t\t\t\t<span class=\"elementor-button-text\">Zapytaj teraz<\/span>\n\t\t\t\t\t<\/span>\n\t\t\t\t\t<\/a>\n\t\t\t\t<\/div>\n\t\t\t\t\t\t\t\t<\/div>\n\t\t\t\t<\/div>\n\t\t\t\t\t<\/div>\n\t\t\t\t<\/div>\n\t\t\t\t\t<\/div>\n\t\t\t\t<\/div>\n\t\t<div data-particle_enable=\"false\" data-particle-mobile-disabled=\"false\" class=\"elementor-element elementor-element-7d6bc4da e-flex e-con-boxed e-con e-parent\" data-id=\"7d6bc4da\" data-element_type=\"container\">\n\t\t\t\t\t<div class=\"e-con-inner\">\n\t\t\t\t<div class=\"elementor-element elementor-element-197e0db7 elementor-widget__width-inherit elementor-widget elementor-widget-heading\" data-id=\"197e0db7\" data-element_type=\"widget\" data-widget_type=\"heading.default\">\n\t\t\t\t<div class=\"elementor-widget-container\">\n\t\t\t\t\t<h2 class=\"elementor-heading-title elementor-size-default\">Stanowiska do t\u0142umacze\u0144 ustnych<\/h2>\t\t\t\t<\/div>\n\t\t\t\t<\/div>\n\t\t\t\t<div class=\"elementor-element elementor-element-35f39f90 elementor-widget__width-inherit elementor-widget elementor-widget-text-editor\" data-id=\"35f39f90\" data-element_type=\"widget\" data-widget_type=\"text-editor.default\">\n\t\t\t\t<div class=\"elementor-widget-container\">\n\t\t\t\t\t\t\t\t\t<p>Podstawowe wyposa\u017cenie kabiny t\u0142umaczeniowej obejmuje pulpit t\u0142umacza. Kana\u0142 t\u0142umaczonego j\u0119zyka wybiera si\u0119 na konsoli. Przycisk czyszczenia gard\u0142a umo\u017cliwia kr\u00f3tkie przerwanie transmisji. Regulacja d\u017awi\u0119ku umo\u017cliwia dostosowanie s\u0142yszanego sygna\u0142u do wymaga\u0144.<\/p><p>\u00a0<\/p><p>\u00a0<\/p><p>T\u0142umacze ustni mog\u0105 zdecydowa\u0107, czy chc\u0105 s\u0142ysze\u0107 oryginalny d\u017awi\u0119k z sali konferencyjnej, czy kana\u0142 przeka\u017anikowy, tj. t\u0142umaczony d\u017awi\u0119k z s\u0105siedniej kabiny. Tryb przeka\u017anikowy zosta\u0142 tutaj pokr\u00f3tce wyja\u015bniony: Na konferencjach i kongresach mo\u017ce wyst\u0119powa\u0107 jednocze\u015bnie wiele kombinacji j\u0119zykowych. T\u0142umacz ustny niekoniecznie zna wszystkie wymagane j\u0119zyki. Na przyk\u0142ad t\u0142umacze konferencyjni w kabinie niemieckiej, kt\u00f3rzy t\u0142umacz\u0105 z j\u0119zyka angielskiego na niemiecki, nie musz\u0105 r\u00f3wnie\u017c t\u0142umaczy\u0107 z j\u0119zyka japo\u0144skiego. Gdy tylko japo\u0144ski m\u00f3wca zabiera g\u0142os, t\u0142umacze, kt\u00f3rzy nie znaj\u0105 tego j\u0119zyka, prze\u0142\u0105czaj\u0105 si\u0119 do \"japo\u0144skiej kabiny\" i s\u0142uchaj\u0105, jak ich kolega t\u0142umaczy np. na angielski. T\u0142umacze w \"kabinie niemieckiej\" t\u0142umacz\u0105 z angielskiego na niemiecki.<\/p><p>\u00a0<\/p><p>\u00a0<\/p><p>Zestaw s\u0142uchawkowy jest pod\u0142\u0105czony do biurka t\u0142umacza. Sta\u0142a odleg\u0142o\u015b\u0107 m\u00f3wienia od ust do mikrofonu na wysi\u0119gniku oznacza, \u017ce zawsze jeste\u015b dobrze s\u0142yszany, nawet gdy si\u0119 poruszasz. Zestaw s\u0142uchawkowy musi by\u0107 r\u00f3wnie\u017c lekki, aby mo\u017cna go by\u0142o wygodnie nosi\u0107 podczas ca\u0142ego zadania.<\/p><p>\u00a0<\/p><p>\u00a0<\/p><p>Poza Niemcami zestawy s\u0142uchawkowe s\u0105 mniej powszechne, a zamiast nich u\u017cywa si\u0119 stacjonarnych mikrofon\u00f3w sto\u0142owych i prostych s\u0142uchawek. Na pierwszy rzut oka mo\u017ce si\u0119 to wydawa\u0107 wygodniejsze, poniewa\u017c s\u0142uchawki wa\u017c\u0105 nieco mniej ni\u017c zestaw s\u0142uchawkowy, ale w zale\u017cno\u015bci od pozycji i zwinno\u015bci t\u0142umaczy odleg\u0142o\u015b\u0107 spotkania od mikrofonu stale si\u0119 zmienia, co z kolei jest postrzegane jako nieprzyjemna fluktuacja poziomu dla uczestnik\u00f3w w pomieszczeniu. Je\u015bli mimo wszystko ten wariant jest po\u017c\u0105dany, nale\u017cy zaplanowa\u0107 odpowiednie komponenty steruj\u0105ce dla sta\u0142ej instalacji.<\/p>\t\t\t\t\t\t\t\t<\/div>\n\t\t\t\t<\/div>\n\t\t\t\t\t<\/div>\n\t\t\t\t<\/div>\n\t\t<div data-particle_enable=\"false\" data-particle-mobile-disabled=\"false\" class=\"elementor-element elementor-element-a7267d7 e-flex e-con-boxed e-con e-parent\" data-id=\"a7267d7\" data-element_type=\"container\">\n\t\t\t\t\t<div class=\"e-con-inner\">\n\t\t\t\t<div class=\"elementor-element elementor-element-52334724 elementor-widget elementor-widget-shortcode\" data-id=\"52334724\" data-element_type=\"widget\" data-widget_type=\"shortcode.default\">\n\t\t\t\t<div class=\"elementor-widget-container\">\n\t\t\t\t\t\t\t<div class=\"elementor-shortcode\"><\/div>\n\t\t\t\t\t\t<\/div>\n\t\t\t\t<\/div>\n\t\t\t\t\t<\/div>\n\t\t\t\t<\/div>\n\t\t<div data-particle_enable=\"false\" data-particle-mobile-disabled=\"false\" class=\"elementor-element elementor-element-6cb0dd15 e-flex e-con-boxed e-con e-parent\" data-id=\"6cb0dd15\" data-element_type=\"container\">\n\t\t\t\t\t<div class=\"e-con-inner\">\n\t\t\t\t<div class=\"elementor-element elementor-element-674493f6 elementor-widget elementor-widget-shortcode\" data-id=\"674493f6\" data-element_type=\"widget\" data-widget_type=\"shortcode.default\">\n\t\t\t\t<div class=\"elementor-widget-container\">\n\t\t\t\t\t\t\t<div class=\"elementor-shortcode\"><\/div>\n\t\t\t\t\t\t<\/div>\n\t\t\t\t<\/div>\n\t\t\t\t\t<\/div>\n\t\t\t\t<\/div>\n\t\t\t\t<\/div>","protected":false},"excerpt":{"rendered":"<p>Podstawowe wyposa\u017cenie kabiny t\u0142umaczeniowej obejmuje pulpit t\u0142umacza.<\/p>","protected":false},"author":2,"featured_media":32374,"comment_status":"closed","ping_status":"closed","sticky":false,"template":"","format":"standard","meta":{"_acf_changed":false,"footnotes":""},"categories":[21,39],"tags":[],"class_list":["post-32365","post","type-post","status-publish","format-standard","has-post-thumbnail","hentry","category-events","category-produkte"],"acf":[],"_links":{"self":[{"href":"https:\/\/konferenztechnik.de\/pl\/wp-json\/wp\/v2\/posts\/32365","targetHints":{"allow":["GET"]}}],"collection":[{"href":"https:\/\/konferenztechnik.de\/pl\/wp-json\/wp\/v2\/posts"}],"about":[{"href":"https:\/\/konferenztechnik.de\/pl\/wp-json\/wp\/v2\/types\/post"}],"author":[{"embeddable":true,"href":"https:\/\/konferenztechnik.de\/pl\/wp-json\/wp\/v2\/users\/2"}],"replies":[{"embeddable":true,"href":"https:\/\/konferenztechnik.de\/pl\/wp-json\/wp\/v2\/comments?post=32365"}],"version-history":[{"count":0,"href":"https:\/\/konferenztechnik.de\/pl\/wp-json\/wp\/v2\/posts\/32365\/revisions"}],"wp:featuredmedia":[{"embeddable":true,"href":"https:\/\/konferenztechnik.de\/pl\/wp-json\/wp\/v2\/media\/32374"}],"wp:attachment":[{"href":"https:\/\/konferenztechnik.de\/pl\/wp-json\/wp\/v2\/media?parent=32365"}],"wp:term":[{"taxonomy":"category","embeddable":true,"href":"https:\/\/konferenztechnik.de\/pl\/wp-json\/wp\/v2\/categories?post=32365"},{"taxonomy":"post_tag","embeddable":true,"href":"https:\/\/konferenztechnik.de\/pl\/wp-json\/wp\/v2\/tags?post=32365"}],"curies":[{"name":"wp","href":"https:\/\/api.w.org\/{rel}","templated":true}]}}