{"id":32808,"date":"2022-06-26T11:24:00","date_gmt":"2022-06-26T09:24:00","guid":{"rendered":"http:\/\/dev.konferenztechnik.de\/?p=32808"},"modified":"2023-06-26T11:46:24","modified_gmt":"2023-06-26T09:46:24","slug":"zielone-rozwiazania-koncepcyjne-i-techniczne-aw","status":"publish","type":"post","link":"https:\/\/konferenztechnik.de\/pl\/zielone-rozwiazania-koncepcyjne-i-techniczne-aw\/","title":{"rendered":"Zielone AV: rozwi\u0105zania koncepcyjne i techniczne"},"content":{"rendered":"<div data-elementor-type=\"wp-post\" data-elementor-id=\"32808\" class=\"elementor elementor-32808\" data-elementor-post-type=\"post\">\n\t\t\t\t<div data-particle_enable=\"false\" data-particle-mobile-disabled=\"false\" class=\"elementor-element elementor-element-eab24c3 e-flex e-con-boxed e-con e-parent\" data-id=\"eab24c3\" data-element_type=\"container\">\n\t\t\t\t\t<div class=\"e-con-inner\">\n\t\t\t\t<div class=\"elementor-element elementor-element-8368988 elementor-widget elementor-widget-heading\" data-id=\"8368988\" data-element_type=\"widget\" data-widget_type=\"heading.default\">\n\t\t\t\t<div class=\"elementor-widget-container\">\n\t\t\t\t\t<h2 class=\"elementor-heading-title elementor-size-default\">Zielone AV: rozwi\u0105zania koncepcyjne i techniczne<\/h2>\t\t\t\t<\/div>\n\t\t\t\t<\/div>\n\t\t\t\t<div class=\"elementor-element elementor-element-c493b09 elementor-widget elementor-widget-image\" data-id=\"c493b09\" data-element_type=\"widget\" data-widget_type=\"image.default\">\n\t\t\t\t<div class=\"elementor-widget-container\">\n\t\t\t\t\t\t\t\t\t\t\t\t\t\t\t<img fetchpriority=\"high\" decoding=\"async\" width=\"2251\" height=\"846\" src=\"https:\/\/konferenztechnik.de\/wp-content\/uploads\/2023\/06\/green-av-konzepte-technische-loesungen-jpg.webp\" class=\"attachment-full size-full wp-image-32814\" alt=\"\" srcset=\"https:\/\/konferenztechnik.de\/wp-content\/uploads\/2023\/06\/green-av-konzepte-technische-loesungen-jpg.webp 2251w, https:\/\/konferenztechnik.de\/wp-content\/uploads\/2023\/06\/green-av-konzepte-technische-loesungen-300x113.webp 300w, https:\/\/konferenztechnik.de\/wp-content\/uploads\/2023\/06\/green-av-konzepte-technische-loesungen-1024x385.webp 1024w, https:\/\/konferenztechnik.de\/wp-content\/uploads\/2023\/06\/green-av-konzepte-technische-loesungen-768x289.webp 768w, https:\/\/konferenztechnik.de\/wp-content\/uploads\/2023\/06\/green-av-konzepte-technische-loesungen-1536x577.webp 1536w, https:\/\/konferenztechnik.de\/wp-content\/uploads\/2023\/06\/green-av-konzepte-technische-loesungen-2048x770.webp 2048w, https:\/\/konferenztechnik.de\/wp-content\/uploads\/2023\/06\/green-av-konzepte-technische-loesungen-18x7.webp 18w\" sizes=\"(max-width: 2251px) 100vw, 2251px\" title=\"\">\t\t\t\t\t\t\t\t\t\t\t\t\t\t\t<\/div>\n\t\t\t\t<\/div>\n\t\t\t\t\t<\/div>\n\t\t\t\t<\/div>\n\t\t<div data-particle_enable=\"false\" data-particle-mobile-disabled=\"false\" class=\"elementor-element elementor-element-b8b2e65 e-flex e-con-boxed e-con e-parent\" data-id=\"b8b2e65\" data-element_type=\"container\">\n\t\t\t\t\t<div class=\"e-con-inner\">\n\t\t\t\t<div class=\"elementor-element elementor-element-ed817f2 elementor-widget elementor-widget-heading\" data-id=\"ed817f2\" data-element_type=\"widget\" data-widget_type=\"heading.default\">\n\t\t\t\t<div class=\"elementor-widget-container\">\n\t\t\t\t\t<h2 class=\"elementor-heading-title elementor-size-default\">G\u0142\u00f3wne projekty w zakresie ekologicznego IT oraz ekologicznych technologii biurowych i medialnych<\/h2>\t\t\t\t<\/div>\n\t\t\t\t<\/div>\n\t\t\t\t<div class=\"elementor-element elementor-element-2993f52 elementor-widget elementor-widget-text-editor\" data-id=\"2993f52\" data-element_type=\"widget\" data-widget_type=\"text-editor.default\">\n\t\t\t\t<div class=\"elementor-widget-container\">\n\t\t\t\t\t\t\t\t\t<p>Scentralizowane i inteligentnie kontrolowane \u015brodowisko IT z wydajnym rozwi\u0105zaniem serwer-klient i ograniczon\u0105 liczb\u0105 urz\u0105dze\u0144 peryferyjnych nie tylko przynosi znaczne korzy\u015bci energetyczne, ale mo\u017ce r\u00f3wnie\u017c inspirowa\u0107 cyfryzacj\u0119.<\/p>\t\t\t\t\t\t\t\t<\/div>\n\t\t\t\t<\/div>\n\t\t\t\t<div class=\"elementor-element elementor-element-6d2a073 elementor-widget elementor-widget-heading\" data-id=\"6d2a073\" data-element_type=\"widget\" data-widget_type=\"heading.default\">\n\t\t\t\t<div class=\"elementor-widget-container\">\n\t\t\t\t\t<h2 class=\"elementor-heading-title elementor-size-default\">Strategia, rozw\u00f3j projektu<\/h2>\t\t\t\t<\/div>\n\t\t\t\t<\/div>\n\t\t\t\t<div class=\"elementor-element elementor-element-52a1a8f elementor-widget elementor-widget-text-editor\" data-id=\"52a1a8f\" data-element_type=\"widget\" data-widget_type=\"text-editor.default\">\n\t\t\t\t<div class=\"elementor-widget-container\">\n\t\t\t\t\t\t\t\t\t<p>Szeroko zakrojone pomiary danych dotycz\u0105cych zu\u017cycia<br \/>Zakup energooszcz\u0119dnego sprz\u0119tu<br \/>Kszta\u0142cenie i szkolenie pracownik\u00f3w<br \/>Optymalizacja zarz\u0105dzania energi\u0105<br \/>Optymalizacja zarz\u0105dzania danymi i oprogramowaniem<\/p>\t\t\t\t\t\t\t\t<\/div>\n\t\t\t\t<\/div>\n\t\t\t\t<div class=\"elementor-element elementor-element-ad6be44 elementor-widget elementor-widget-text-editor\" data-id=\"ad6be44\" data-element_type=\"widget\" data-widget_type=\"text-editor.default\">\n\t\t\t\t<div class=\"elementor-widget-container\">\n\t\t\t\t\t\t\t\t\t<p>Naszym wk\u0142adem w projekty na du\u017c\u0105 skal\u0119 jest planowanie, zaopatrzenie i zarz\u0105dzanie projektami (Green through IT). \u0141\u0105czymy zainteresowane strony i ch\u0119tnie wspieramy projekty w bezpo\u015bredniej wsp\u00f3\u0142pracy z Niemieck\u0105 Agencj\u0105 Energii (dena) i visitberlin.<\/p><p>\u00a0<\/p><p>Zwinnie i krok po kroku<br \/>Pytanie: Kiedy warto zrobi\u0107 krok w kierunku stania si\u0119 zielon\u0105 firm\u0105?<br \/>Odpowied\u017a: Dla ka\u017cdego gniazda<\/p><p>\u00a0<\/p><p>Cenimy zwinne i progresywne projekty. Pomagaj\u0105 one uwra\u017cliwi\u0107 ludzi i zach\u0119caj\u0105 do aktywnego uczestnictwa.<\/p>\t\t\t\t\t\t\t\t<\/div>\n\t\t\t\t<\/div>\n\t\t\t\t\t<\/div>\n\t\t\t\t<\/div>\n\t\t<div data-particle_enable=\"false\" data-particle-mobile-disabled=\"false\" class=\"elementor-element elementor-element-4a3aed2 e-flex e-con-boxed e-con e-parent\" data-id=\"4a3aed2\" data-element_type=\"container\">\n\t\t\t\t\t<div class=\"e-con-inner\">\n\t\t\t\t<div class=\"elementor-element elementor-element-b1aa5a7 elementor-widget elementor-widget-heading\" data-id=\"b1aa5a7\" data-element_type=\"widget\" data-widget_type=\"heading.default\">\n\t\t\t\t<div class=\"elementor-widget-container\">\n\t\t\t\t\t<h2 class=\"elementor-heading-title elementor-size-default\">Green VA, Green IT, Green through IT: Ma\u0142e i reprezentatywne projekty<\/h2>\t\t\t\t<\/div>\n\t\t\t\t<\/div>\n\t\t\t\t\t<\/div>\n\t\t\t\t<\/div>\n\t\t<div data-particle_enable=\"false\" data-particle-mobile-disabled=\"false\" class=\"elementor-element elementor-element-3bd9887 e-flex e-con-boxed e-con e-parent\" data-id=\"3bd9887\" data-element_type=\"container\">\n\t\t\t\t\t<div class=\"e-con-inner\">\n\t\t\t\t<div class=\"elementor-element elementor-element-6bed4bf elementor-widget elementor-widget-text-editor\" data-id=\"6bed4bf\" data-element_type=\"widget\" data-widget_type=\"text-editor.default\">\n\t\t\t\t<div class=\"elementor-widget-container\">\n\t\t\t\t\t\t\t\t\t<p><strong>Zr\u00f3wnowa\u017cone miejsca pracy \u2013 jako demonstrator i wystawa<\/strong><\/p><p>Demonstracyjne przekszta\u0142canie poszczeg\u00f3lnych miejsc pracy; budowanie \u015bwiadomo\u015bci za pomoc\u0105 efektownych demonstrator\u00f3w. Wystawa \"zr\u00f3wnowa\u017conego rozwoju\" w \u015brodowisku pracy.<\/p><p><a href=\"\/pl\/demonstracja-i-wystawa-zrownowazonych-miejsc-pracy\/\">\u203a Wi\u0119cej<\/a><\/p>\t\t\t\t\t\t\t\t<\/div>\n\t\t\t\t<\/div>\n\t\t\t\t\t<\/div>\n\t\t\t\t<\/div>\n\t\t<div data-particle_enable=\"false\" data-particle-mobile-disabled=\"false\" class=\"elementor-element elementor-element-3b0ee23 e-flex e-con-boxed e-con e-parent\" data-id=\"3b0ee23\" data-element_type=\"container\">\n\t\t\t\t\t<div class=\"e-con-inner\">\n\t\t\t\t<div class=\"elementor-element elementor-element-8b7e3db elementor-widget elementor-widget-text-editor\" data-id=\"8b7e3db\" data-element_type=\"widget\" data-widget_type=\"text-editor.default\">\n\t\t\t\t<div class=\"elementor-widget-container\">\n\t\t\t\t\t\t\t\t\t<p><strong>Inteligentne sterowanie zasilaniem \u2013 za pomoc\u0105 zdalnego prze\u0142\u0105cznika zasilania<\/strong><\/p><p>Inteligentne prze\u0142\u0105czanie sal konferencyjnych i ma\u0142ych jednostek biurowych<\/p><p><a href=\"\/pl\/inteligentne-sterowanie-zasilaniem-zdalny-wylacznik-zasilania\/\">\u203a Wi\u0119cej<\/a><\/p>\t\t\t\t\t\t\t\t<\/div>\n\t\t\t\t<\/div>\n\t\t\t\t\t<\/div>\n\t\t\t\t<\/div>\n\t\t<div data-particle_enable=\"false\" data-particle-mobile-disabled=\"false\" class=\"elementor-element elementor-element-c3e7f2b e-flex e-con-boxed e-con e-parent\" data-id=\"c3e7f2b\" data-element_type=\"container\">\n\t\t\t\t\t<div class=\"e-con-inner\">\n\t\t\t\t<div class=\"elementor-element elementor-element-4f6000f elementor-widget elementor-widget-text-editor\" data-id=\"4f6000f\" data-element_type=\"widget\" data-widget_type=\"text-editor.default\">\n\t\t\t\t<div class=\"elementor-widget-container\">\n\t\t\t\t\t\t\t\t\t<p><strong>Zr\u00f3wnowa\u017cone zakupy \u2013 dla medi\u00f3w, konferencji i technologii IT<\/strong><\/p><p>Wykorzystanie zr\u00f3wnowa\u017conych zam\u00f3wie\u0144 do restrukturyzacji firmy, relokacji, cyfryzacji<\/p><p><a href=\"\/pl\/zrownowazone-zamowienia-konferencja-medialna-i-technologie-informatyczne\/\">\u203a Wi\u0119cej<\/a><\/p>\t\t\t\t\t\t\t\t<\/div>\n\t\t\t\t<\/div>\n\t\t\t\t\t<\/div>\n\t\t\t\t<\/div>\n\t\t<div data-particle_enable=\"false\" data-particle-mobile-disabled=\"false\" class=\"elementor-element elementor-element-0ff7df0 e-flex e-con-boxed e-con e-parent\" data-id=\"0ff7df0\" data-element_type=\"container\">\n\t\t\t\t\t<div class=\"e-con-inner\">\n\t\t\t\t<div class=\"elementor-element elementor-element-d42c38d elementor-widget elementor-widget-shortcode\" data-id=\"d42c38d\" data-element_type=\"widget\" data-widget_type=\"shortcode.default\">\n\t\t\t\t<div class=\"elementor-widget-container\">\n\t\t\t\t\t\t\t<div class=\"elementor-shortcode\">\t\t<div data-elementor-type=\"container\" data-elementor-id=\"32572\" class=\"elementor elementor-32572\" data-elementor-post-type=\"elementor_library\">\n\t\t\t\t<div data-particle_enable=\"false\" data-particle-mobile-disabled=\"false\" class=\"elementor-element elementor-element-1149edd e-flex e-con-boxed e-con e-parent\" data-id=\"1149edd\" data-element_type=\"container\">\n\t\t\t\t\t<div class=\"e-con-inner\">\n\t\t\t\t<div class=\"elementor-element elementor-element-637047c7 elementor-icon-list--layout-traditional elementor-list-item-link-full_width elementor-widget elementor-widget-icon-list\" data-id=\"637047c7\" data-element_type=\"widget\" data-widget_type=\"icon-list.default\">\n\t\t\t\t<div class=\"elementor-widget-container\">\n\t\t\t\t\t\t\t<ul class=\"elementor-icon-list-items\">\n\t\t\t\t\t\t\t<li class=\"elementor-icon-list-item\">\n\t\t\t\t\t\t\t\t\t\t\t<a href=\"\/pl\/zielone-tlo-av\/\">\n\n\t\t\t\t\t\t\t\t\t\t\t\t<span class=\"elementor-icon-list-icon\">\n\t\t\t\t\t\t\t<svg aria-hidden=\"true\" class=\"e-font-icon-svg e-fas-chevron-right\" viewbox=\"0 0 320 512\" xmlns=\"http:\/\/www.w3.org\/2000\/svg\"><path d=\"M285.476 272.971L91.132 467.314c-9.373 9.373-24.569 9.373-33.941 0l-22.667-22.667c-9.357-9.357-9.375-24.522-.04-33.901L188.505 256 34.484 101.255c-9.335-9.379-9.317-24.544.04-33.901l22.667-22.667c9.373-9.373 24.569-9.373 33.941 0L285.475 239.03c9.373 9.372 9.373 24.568.001 33.941z\"><\/path><\/svg>\t\t\t\t\t\t<\/span>\n\t\t\t\t\t\t\t\t\t\t<span class=\"elementor-icon-list-text\">Green AV: Kontekst<\/span>\n\t\t\t\t\t\t\t\t\t\t\t<\/a>\n\t\t\t\t\t\t\t\t\t<\/li>\n\t\t\t\t\t\t\t\t<li class=\"elementor-icon-list-item\">\n\t\t\t\t\t\t\t\t\t\t\t<a href=\"\/pl\/zielone-av-i-zielone-srodki-it\/\">\n\n\t\t\t\t\t\t\t\t\t\t\t\t<span class=\"elementor-icon-list-icon\">\n\t\t\t\t\t\t\t<svg aria-hidden=\"true\" class=\"e-font-icon-svg e-fas-chevron-right\" viewbox=\"0 0 320 512\" xmlns=\"http:\/\/www.w3.org\/2000\/svg\"><path d=\"M285.476 272.971L91.132 467.314c-9.373 9.373-24.569 9.373-33.941 0l-22.667-22.667c-9.357-9.357-9.375-24.522-.04-33.901L188.505 256 34.484 101.255c-9.335-9.379-9.317-24.544.04-33.901l22.667-22.667c9.373-9.373 24.569-9.373 33.941 0L285.475 239.03c9.373 9.372 9.373 24.568.001 33.941z\"><\/path><\/svg>\t\t\t\t\t\t<\/span>\n\t\t\t\t\t\t\t\t\t\t<span class=\"elementor-icon-list-text\">Zielone AV i zielone IT: \u015brodki i potencja\u0142<\/span>\n\t\t\t\t\t\t\t\t\t\t\t<\/a>\n\t\t\t\t\t\t\t\t\t<\/li>\n\t\t\t\t\t\t\t\t<li class=\"elementor-icon-list-item\">\n\t\t\t\t\t\t\t\t\t\t\t<a href=\"\/pl\/studium-wykonalnosci-efektywnosci-energetycznej-i-zrownowazonego-rozwoju\/\">\n\n\t\t\t\t\t\t\t\t\t\t\t\t<span class=\"elementor-icon-list-icon\">\n\t\t\t\t\t\t\t<svg aria-hidden=\"true\" class=\"e-font-icon-svg e-fas-chevron-right\" viewbox=\"0 0 320 512\" xmlns=\"http:\/\/www.w3.org\/2000\/svg\"><path d=\"M285.476 272.971L91.132 467.314c-9.373 9.373-24.569 9.373-33.941 0l-22.667-22.667c-9.357-9.357-9.375-24.522-.04-33.901L188.505 256 34.484 101.255c-9.335-9.379-9.317-24.544.04-33.901l22.667-22.667c9.373-9.373 24.569-9.373 33.941 0L285.475 239.03c9.373 9.372 9.373 24.568.001 33.941z\"><\/path><\/svg>\t\t\t\t\t\t<\/span>\n\t\t\t\t\t\t\t\t\t\t<span class=\"elementor-icon-list-text\">Efektywno\u015b\u0107 energetyczna i zr\u00f3wnowa\u017cony rozw\u00f3j: oferujemy bezp\u0142atne studium wykonalno\u015bci<\/span>\n\t\t\t\t\t\t\t\t\t\t\t<\/a>\n\t\t\t\t\t\t\t\t\t<\/li>\n\t\t\t\t\t\t\t\t<li class=\"elementor-icon-list-item\">\n\t\t\t\t\t\t\t\t\t\t\t<a href=\"\/pl\/zielone-rozwiazania-koncepcyjne-i-techniczne-aw\/\">\n\n\t\t\t\t\t\t\t\t\t\t\t\t<span class=\"elementor-icon-list-icon\">\n\t\t\t\t\t\t\t<svg aria-hidden=\"true\" class=\"e-font-icon-svg e-fas-chevron-right\" viewbox=\"0 0 320 512\" xmlns=\"http:\/\/www.w3.org\/2000\/svg\"><path d=\"M285.476 272.971L91.132 467.314c-9.373 9.373-24.569 9.373-33.941 0l-22.667-22.667c-9.357-9.357-9.375-24.522-.04-33.901L188.505 256 34.484 101.255c-9.335-9.379-9.317-24.544.04-33.901l22.667-22.667c9.373-9.373 24.569-9.373 33.941 0L285.475 239.03c9.373 9.372 9.373 24.568.001 33.941z\"><\/path><\/svg>\t\t\t\t\t\t<\/span>\n\t\t\t\t\t\t\t\t\t\t<span class=\"elementor-icon-list-text\">Rozwi\u0105zania koncepcyjne i techniczne: du\u017ce i ma\u0142e<\/span>\n\t\t\t\t\t\t\t\t\t\t\t<\/a>\n\t\t\t\t\t\t\t\t\t<\/li>\n\t\t\t\t\t\t\t\t<li class=\"elementor-icon-list-item\">\n\t\t\t\t\t\t\t\t\t\t\t<a href=\"\/pl\/green-av-zrownowazona-firma-zrodla-i-inicjatywy\/\">\n\n\t\t\t\t\t\t\t\t\t\t\t\t<span class=\"elementor-icon-list-icon\">\n\t\t\t\t\t\t\t<svg aria-hidden=\"true\" class=\"e-font-icon-svg e-fas-chevron-right\" viewbox=\"0 0 320 512\" xmlns=\"http:\/\/www.w3.org\/2000\/svg\"><path d=\"M285.476 272.971L91.132 467.314c-9.373 9.373-24.569 9.373-33.941 0l-22.667-22.667c-9.357-9.357-9.375-24.522-.04-33.901L188.505 256 34.484 101.255c-9.335-9.379-9.317-24.544.04-33.901l22.667-22.667c9.373-9.373 24.569-9.373 33.941 0L285.475 239.03c9.373 9.372 9.373 24.568.001 33.941z\"><\/path><\/svg>\t\t\t\t\t\t<\/span>\n\t\t\t\t\t\t\t\t\t\t<span class=\"elementor-icon-list-text\">Zr\u00f3wnowa\u017cona firma: \u0179r\u00f3d\u0142a i inicjatywy<\/span>\n\t\t\t\t\t\t\t\t\t\t\t<\/a>\n\t\t\t\t\t\t\t\t\t<\/li>\n\t\t\t\t\t\t\t\t<li class=\"elementor-icon-list-item\">\n\t\t\t\t\t\t\t\t\t\t\t<a href=\"\/pl\/osoby-kontaktowe-green-av\/\">\n\n\t\t\t\t\t\t\t\t\t\t\t\t<span class=\"elementor-icon-list-icon\">\n\t\t\t\t\t\t\t<svg aria-hidden=\"true\" class=\"e-font-icon-svg e-fas-chevron-right\" viewbox=\"0 0 320 512\" xmlns=\"http:\/\/www.w3.org\/2000\/svg\"><path d=\"M285.476 272.971L91.132 467.314c-9.373 9.373-24.569 9.373-33.941 0l-22.667-22.667c-9.357-9.357-9.375-24.522-.04-33.901L188.505 256 34.484 101.255c-9.335-9.379-9.317-24.544.04-33.901l22.667-22.667c9.373-9.373 24.569-9.373 33.941 0L285.475 239.03c9.373 9.372 9.373 24.568.001 33.941z\"><\/path><\/svg>\t\t\t\t\t\t<\/span>\n\t\t\t\t\t\t\t\t\t\t<span class=\"elementor-icon-list-text\">Kontakt, osoby kontaktowe<\/span>\n\t\t\t\t\t\t\t\t\t\t\t<\/a>\n\t\t\t\t\t\t\t\t\t<\/li>\n\t\t\t\t\t\t<\/ul>\n\t\t\t\t\t\t<\/div>\n\t\t\t\t<\/div>\n\t\t\t\t\t<\/div>\n\t\t\t\t<\/div>\n\t\t\t\t<\/div>\n\t\t<\/div>\n\t\t\t\t\t\t<\/div>\n\t\t\t\t<\/div>\n\t\t\t\t\t<\/div>\n\t\t\t\t<\/div>\n\t\t\t\t<\/div>","protected":false},"excerpt":{"rendered":"<p>Zielone AV: rozwi\u0105zania koncepcyjne i techniczne Du\u017ce projekty Zielone IT i zielona technologia biurowa i medialna Scentralizowany i inteligentnie kontrolowany krajobraz IT z wydajnym rozwi\u0105zaniem serwer-klient i zredukowanymi urz\u0105dzeniami peryferyjnymi nie tylko przynosi znaczne korzy\u015bci energetyczne, ale mo\u017ce r\u00f3wnie\u017c inspirowa\u0107 cyfryzacj\u0119. Strategia, rozw\u00f3j projektu Rozleg\u0142e pomiary danych dotycz\u0105cych zu\u017cyciaZakup energooszcz\u0119dnego sprz\u0119tuEdukacja i szkolenie pracownik\u00f3wOptymalizacja zarz\u0105dzania energi\u0105Optymalizacja zarz\u0105dzania danymi i oprogramowaniem Nasz udzia\u0142 w du\u017cych projektach [...]<\/p>","protected":false},"author":2,"featured_media":32815,"comment_status":"closed","ping_status":"closed","sticky":false,"template":"","format":"standard","meta":{"_acf_changed":false,"footnotes":""},"categories":[22,19],"tags":[],"class_list":["post-32808","post","type-post","status-publish","format-standard","has-post-thumbnail","hentry","category-installation","category-zukunft"],"acf":[],"_links":{"self":[{"href":"https:\/\/konferenztechnik.de\/pl\/wp-json\/wp\/v2\/posts\/32808","targetHints":{"allow":["GET"]}}],"collection":[{"href":"https:\/\/konferenztechnik.de\/pl\/wp-json\/wp\/v2\/posts"}],"about":[{"href":"https:\/\/konferenztechnik.de\/pl\/wp-json\/wp\/v2\/types\/post"}],"author":[{"embeddable":true,"href":"https:\/\/konferenztechnik.de\/pl\/wp-json\/wp\/v2\/users\/2"}],"replies":[{"embeddable":true,"href":"https:\/\/konferenztechnik.de\/pl\/wp-json\/wp\/v2\/comments?post=32808"}],"version-history":[{"count":0,"href":"https:\/\/konferenztechnik.de\/pl\/wp-json\/wp\/v2\/posts\/32808\/revisions"}],"wp:featuredmedia":[{"embeddable":true,"href":"https:\/\/konferenztechnik.de\/pl\/wp-json\/wp\/v2\/media\/32815"}],"wp:attachment":[{"href":"https:\/\/konferenztechnik.de\/pl\/wp-json\/wp\/v2\/media?parent=32808"}],"wp:term":[{"taxonomy":"category","embeddable":true,"href":"https:\/\/konferenztechnik.de\/pl\/wp-json\/wp\/v2\/categories?post=32808"},{"taxonomy":"post_tag","embeddable":true,"href":"https:\/\/konferenztechnik.de\/pl\/wp-json\/wp\/v2\/tags?post=32808"}],"curies":[{"name":"wp","href":"https:\/\/api.w.org\/{rel}","templated":true}]}}