{"id":32844,"date":"2022-05-11T11:54:00","date_gmt":"2022-05-11T09:54:00","guid":{"rendered":"http:\/\/dev.konferenztechnik.de\/?p=32844"},"modified":"2023-06-26T12:05:09","modified_gmt":"2023-06-26T10:05:09","slug":"green-av-zrownowazona-firma-zrodla-i-inicjatywy","status":"publish","type":"post","link":"https:\/\/konferenztechnik.de\/pl\/green-av-zrownowazona-firma-zrodla-i-inicjatywy\/","title":{"rendered":"Green AV: Zr\u00f3wnowa\u017cona firma: \u0179r\u00f3d\u0142a i inicjatywy"},"content":{"rendered":"<div data-elementor-type=\"wp-post\" data-elementor-id=\"32844\" class=\"elementor elementor-32844\" data-elementor-post-type=\"post\">\n\t\t\t\t<div data-particle_enable=\"false\" data-particle-mobile-disabled=\"false\" class=\"elementor-element elementor-element-eab24c3 e-flex e-con-boxed e-con e-parent\" data-id=\"eab24c3\" data-element_type=\"container\">\n\t\t\t\t\t<div class=\"e-con-inner\">\n\t\t\t\t<div class=\"elementor-element elementor-element-8368988 elementor-widget elementor-widget-heading\" data-id=\"8368988\" data-element_type=\"widget\" data-widget_type=\"heading.default\">\n\t\t\t\t<div class=\"elementor-widget-container\">\n\t\t\t\t\t<h2 class=\"elementor-heading-title elementor-size-default\">Green AV: Zr\u00f3wnowa\u017cona firma: \u0179r\u00f3d\u0142a i inicjatywy<\/h2>\t\t\t\t<\/div>\n\t\t\t\t<\/div>\n\t\t\t\t<div class=\"elementor-element elementor-element-c493b09 elementor-widget elementor-widget-image\" data-id=\"c493b09\" data-element_type=\"widget\" data-widget_type=\"image.default\">\n\t\t\t\t<div class=\"elementor-widget-container\">\n\t\t\t\t\t\t\t\t\t\t\t\t\t\t\t<img fetchpriority=\"high\" decoding=\"async\" width=\"2251\" height=\"846\" src=\"https:\/\/konferenztechnik.de\/wp-content\/uploads\/2023\/06\/green-av-foerderung-jpg.webp\" class=\"attachment-full size-full wp-image-32845\" alt=\"Wiele r\u0105k ze wszystkich stron le\u017cy jedna na drugiej, w partnerstwie. Obok znajduje si\u0119 napis Switch off - switch on! Nie jeste\u015b sam. Znajdziesz wsparcie, innych dzia\u0142aczy i sponsor\u00f3w zar\u00f3wno na poziomie stanowym, jak i krajowym.\" srcset=\"https:\/\/konferenztechnik.de\/wp-content\/uploads\/2023\/06\/green-av-foerderung-jpg.webp 2251w, https:\/\/konferenztechnik.de\/wp-content\/uploads\/2023\/06\/green-av-foerderung-300x113.webp 300w, https:\/\/konferenztechnik.de\/wp-content\/uploads\/2023\/06\/green-av-foerderung-1024x385.webp 1024w, https:\/\/konferenztechnik.de\/wp-content\/uploads\/2023\/06\/green-av-foerderung-768x289.webp 768w, https:\/\/konferenztechnik.de\/wp-content\/uploads\/2023\/06\/green-av-foerderung-1536x577.webp 1536w, https:\/\/konferenztechnik.de\/wp-content\/uploads\/2023\/06\/green-av-foerderung-2048x770.webp 2048w, https:\/\/konferenztechnik.de\/wp-content\/uploads\/2023\/06\/green-av-foerderung-18x7.webp 18w\" sizes=\"(max-width: 2251px) 100vw, 2251px\" title=\"\">\t\t\t\t\t\t\t\t\t\t\t\t\t\t\t<\/div>\n\t\t\t\t<\/div>\n\t\t\t\t\t<\/div>\n\t\t\t\t<\/div>\n\t\t<div data-particle_enable=\"false\" data-particle-mobile-disabled=\"false\" class=\"elementor-element elementor-element-b8b2e65 e-flex e-con-boxed e-con e-parent\" data-id=\"b8b2e65\" data-element_type=\"container\">\n\t\t\t\t\t<div class=\"e-con-inner\">\n\t\t\t\t<div class=\"elementor-element elementor-element-ed817f2 elementor-widget elementor-widget-heading\" data-id=\"ed817f2\" data-element_type=\"widget\" data-widget_type=\"heading.default\">\n\t\t\t\t<div class=\"elementor-widget-container\">\n\t\t\t\t\t<h2 class=\"elementor-heading-title elementor-size-default\">Niemiecka Agencja Energii \u2013 dena<\/h2>\t\t\t\t<\/div>\n\t\t\t\t<\/div>\n\t\t\t\t<div class=\"elementor-element elementor-element-2993f52 elementor-widget elementor-widget-text-editor\" data-id=\"2993f52\" data-element_type=\"widget\" data-widget_type=\"text-editor.default\">\n\t\t\t\t<div class=\"elementor-widget-container\">\n\t\t\t\t\t\t\t\t\t<p>Niemiecka Agencja Energii (dena) postrzega siebie jako niezale\u017cn\u0105 si\u0142\u0119 nap\u0119dow\u0105 i pioniera transformacji energetycznej \u2013 na poziomie krajowym i mi\u0119dzynarodowym.<\/p><p><a href=\"https:\/\/www.dena.de\/ueber-die-dena\/unsere-mission\/\" target=\"_blank\" rel=\"noopener\">dena<\/a><\/p>\t\t\t\t\t\t\t\t<\/div>\n\t\t\t\t<\/div>\n\t\t\t\t\t<\/div>\n\t\t\t\t<\/div>\n\t\t<div data-particle_enable=\"false\" data-particle-mobile-disabled=\"false\" class=\"elementor-element elementor-element-51f9c76 e-flex e-con-boxed e-con e-parent\" data-id=\"51f9c76\" data-element_type=\"container\">\n\t\t\t\t\t<div class=\"e-con-inner\">\n\t\t\t\t<div class=\"elementor-element elementor-element-2f09c9f elementor-widget elementor-widget-heading\" data-id=\"2f09c9f\" data-element_type=\"widget\" data-widget_type=\"heading.default\">\n\t\t\t\t<div class=\"elementor-widget-container\">\n\t\t\t\t\t<h2 class=\"elementor-heading-title elementor-size-default\">Sustainable Meetings Berlin \u2013 visitBerlin<\/h2>\t\t\t\t<\/div>\n\t\t\t\t<\/div>\n\t\t\t\t<div class=\"elementor-element elementor-element-2874f0a elementor-widget elementor-widget-text-editor\" data-id=\"2874f0a\" data-element_type=\"widget\" data-widget_type=\"text-editor.default\">\n\t\t\t\t<div class=\"elementor-widget-container\">\n\t\t\t\t\t\t\t\t\t<p>Wizj\u0105 Visit Berlin jest uczynienie z Berlina jednej z najbardziej zr\u00f3wnowa\u017conych lokalizacji eventowych na \u015bwiecie!<\/p><p><a title=\"Zr\u00f3wnowa\u017cone spotkania w Berlinie\" href=\"https:\/\/convention.visitberlin.de\/sustainable-meetings-berlin\" target=\"_blank\" rel=\"noopener\">Zr\u00f3wnowa\u017cone spotkania w Berlinie @ visitBerlin<\/a><\/p>\t\t\t\t\t\t\t\t<\/div>\n\t\t\t\t<\/div>\n\t\t\t\t\t<\/div>\n\t\t\t\t<\/div>\n\t\t<div data-particle_enable=\"false\" data-particle-mobile-disabled=\"false\" class=\"elementor-element elementor-element-0c0aa39 e-flex e-con-boxed e-con e-parent\" data-id=\"0c0aa39\" data-element_type=\"container\">\n\t\t\t\t\t<div class=\"e-con-inner\">\n\t\t\t\t<div class=\"elementor-element elementor-element-ea45574 elementor-widget elementor-widget-heading\" data-id=\"ea45574\" data-element_type=\"widget\" data-widget_type=\"heading.default\">\n\t\t\t\t<div class=\"elementor-widget-container\">\n\t\t\t\t\t<h2 class=\"elementor-heading-title elementor-size-default\">Zielona inicjatywa IT rz\u0105du federalnego<\/h2>\t\t\t\t<\/div>\n\t\t\t\t<\/div>\n\t\t\t\t<div class=\"elementor-element elementor-element-1c23bbf elementor-widget elementor-widget-text-editor\" data-id=\"1c23bbf\" data-element_type=\"widget\" data-widget_type=\"text-editor.default\">\n\t\t\t\t<div class=\"elementor-widget-container\">\n\t\t\t\t\t\t\t\t\t<p>Zmiany cyfrowe i ochrona klimatu:<\/p><ul><li>Pomimo dalszego wzrostu wydajno\u015bci, zu\u017cycie energii spowodowane operacjami IT nie powinno przekroczy\u0107 docelowej warto\u015bci 350 GWh\/rok.<\/li><li>Nale\u017cy wdro\u017cy\u0107 zr\u00f3wnowa\u017cone zam\u00f3wienia IT.<\/li><li>W przypadku wszystkich du\u017cych nowych inwestycji IT, uwzgl\u0119dnienie zu\u017cycia energii w planowanym okresie eksploatacji powinno by\u0107 uwzgl\u0119dnione w kryteriach zam\u00f3wienia.<\/li><\/ul><p><a title=\"Zielona inicjatywa IT rz\u0105du federalnego\" href=\"https:\/\/www.bmuv.de\/themen\/nachhaltigkeit-digitalisierung\/digitalisierung\/green-it-initiative\" target=\"_blank\" rel=\"noopener\">Zielona inicjatywa IT rz\u0105du federalnego<\/a><\/p>\t\t\t\t\t\t\t\t<\/div>\n\t\t\t\t<\/div>\n\t\t\t\t\t<\/div>\n\t\t\t\t<\/div>\n\t\t<div data-particle_enable=\"false\" data-particle-mobile-disabled=\"false\" class=\"elementor-element elementor-element-4fb56c6 e-flex e-con-boxed e-con e-parent\" data-id=\"4fb56c6\" data-element_type=\"container\">\n\t\t\t\t\t<div class=\"e-con-inner\">\n\t\t\t\t<div class=\"elementor-element elementor-element-524205c elementor-widget elementor-widget-heading\" data-id=\"524205c\" data-element_type=\"widget\" data-widget_type=\"heading.default\">\n\t\t\t\t<div class=\"elementor-widget-container\">\n\t\t\t\t\t<h2 class=\"elementor-heading-title elementor-size-default\">Green Information Technology \u2013 Federalna Agencja \u015arodowiska<\/h2>\t\t\t\t<\/div>\n\t\t\t\t<\/div>\n\t\t\t\t<div class=\"elementor-element elementor-element-2cdcfc6 elementor-widget elementor-widget-text-editor\" data-id=\"2cdcfc6\" data-element_type=\"widget\" data-widget_type=\"text-editor.default\">\n\t\t\t\t<div class=\"elementor-widget-container\">\n\t\t\t\t\t\t\t\t\t<p>Zmiany cyfrowe i ochrona klimatu:<br \/>Cyfryzacja mo\u017ce pom\u00f3c zmniejszy\u0107 zapotrzebowanie na energi\u0119 i surowce \u2013, ale mo\u017ce te\u017c mie\u0107 dodatkowy wp\u0142yw na klimat i \u015brodowisko. Green IT pomaga kierowa\u0107 cyfryzacj\u0119 w kierunku przyjaznym dla \u015brodowiska, tak aby sprz\u0119t, oprogramowanie, centra danych, sieci i us\u0142ugi cyfrowe by\u0142y energooszcz\u0119dne i przyjazne dla \u015brodowiska.<\/p><p><a title=\"Zielona inicjatywa IT rz\u0105du federalnego\" href=\"https:\/\/www.umweltbundesamt.de\/themen\/wirtschaft-konsum\/gruene-informationstechnik-green-it\" target=\"_blank\" rel=\"noopener\">Zielona technologia informatyczna \u2013 Green IT<\/a><\/p>\t\t\t\t\t\t\t\t<\/div>\n\t\t\t\t<\/div>\n\t\t\t\t\t<\/div>\n\t\t\t\t<\/div>\n\t\t<div data-particle_enable=\"false\" data-particle-mobile-disabled=\"false\" class=\"elementor-element elementor-element-999f19b e-flex e-con-boxed e-con e-parent\" data-id=\"999f19b\" data-element_type=\"container\">\n\t\t\t\t\t<div class=\"e-con-inner\">\n\t\t\t\t<div class=\"elementor-element elementor-element-f53d585 elementor-widget elementor-widget-heading\" data-id=\"f53d585\" data-element_type=\"widget\" data-widget_type=\"heading.default\">\n\t\t\t\t<div class=\"elementor-widget-container\">\n\t\t\t\t\t<h2 class=\"elementor-heading-title elementor-size-default\">Kampania na rzecz ochrony klimatu dla M\u015aP \u2013 KfW Bank<\/h2>\t\t\t\t<\/div>\n\t\t\t\t<\/div>\n\t\t\t\t<div class=\"elementor-element elementor-element-56e7d67 elementor-widget elementor-widget-text-editor\" data-id=\"56e7d67\" data-element_type=\"widget\" data-widget_type=\"text-editor.default\">\n\t\t\t\t<div class=\"elementor-widget-container\">\n\t\t\t\t\t\t\t\t\t<p>Zmiany cyfrowe i ochrona klimatu:<br \/>W ramach kampanii na rzecz ochrony klimatu dla M\u015aP firmy otrzymuj\u0105 po\u017cyczk\u0119 w wysoko\u015bci do 25 mln euro na ambitne projekty maj\u0105ce na celu ochron\u0119 \u015brodowiska i korzystaj\u0105 z bezpo\u015bredniej dotacji klimatycznej w wysoko\u015bci 3 % euro.<\/p><p><a title=\"Kampania na rzecz ochrony klimatu dla M\u015aP\" href=\"https:\/\/www.kfw.de\/inlandsfoerderung\/Unternehmen\/Energie-Umwelt\/Klimaschutzoffensive\/?kfwmc=vt.sea.google.SEA_VT_EEU_Klimaschutzoffensive_GC.{Anzeigengruppe}.{Anzeige}&amp;wt_cc1=umwelt&amp;wt_cc2=unt|energie-umwelt&amp;wt_cc3=104740320456_kwd-927670013711_448966123172&amp;wt_kw=b_104740320456_%2Bf%C3%B6rderung%20%2Bgreen%20%2Bit\" target=\"_blank\" rel=\"noopener\">Promocja inwestycji KfW<\/a><\/p>\t\t\t\t\t\t\t\t<\/div>\n\t\t\t\t<\/div>\n\t\t\t\t\t<\/div>\n\t\t\t\t<\/div>\n\t\t<div data-particle_enable=\"false\" data-particle-mobile-disabled=\"false\" class=\"elementor-element elementor-element-20ee17e e-flex e-con-boxed e-con e-parent\" data-id=\"20ee17e\" data-element_type=\"container\">\n\t\t\t\t\t<div class=\"e-con-inner\">\n\t\t\t\t<div class=\"elementor-element elementor-element-cda2a31 elementor-widget elementor-widget-heading\" data-id=\"cda2a31\" data-element_type=\"widget\" data-widget_type=\"heading.default\">\n\t\t\t\t<div class=\"elementor-widget-container\">\n\t\t\t\t\t<h2 class=\"elementor-heading-title elementor-size-default\">Kodeks post\u0119powania w zakresie efektywno\u015bci energetycznej w centrach danych \u2013 EU Science Hub<\/h2>\t\t\t\t<\/div>\n\t\t\t\t<\/div>\n\t\t\t\t<div class=\"elementor-element elementor-element-00c73fd elementor-widget elementor-widget-text-editor\" data-id=\"00c73fd\" data-element_type=\"widget\" data-widget_type=\"text-editor.default\">\n\t\t\t\t<div class=\"elementor-widget-container\">\n\t\t\t\t\t\t\t\t\t<p>Niniejszy Kodeks post\u0119powania powsta\u0142 w odpowiedzi na rosn\u0105ce zu\u017cycie energii w centrach danych i potrzeb\u0119 zmniejszenia zwi\u0105zanego z tym wp\u0142ywu na \u015brodowisko, gospodark\u0119 i bezpiecze\u0144stwo dostaw energii.<\/p><p><a title=\"Kodeks post\u0119powania w zakresie efektywno\u015bci energetycznej w centrach danych\" href=\"https:\/\/joint-research-centre.ec.europa.eu\/energy-efficiency\/energy-efficiency-products\/code-conduct-ict\/code-conduct-energy-efficiency-data-centres_en\" target=\"_blank\" rel=\"noopener\">Centrum naukowe UE<\/a><\/p>\t\t\t\t\t\t\t\t<\/div>\n\t\t\t\t<\/div>\n\t\t\t\t\t<\/div>\n\t\t\t\t<\/div>\n\t\t<div data-particle_enable=\"false\" data-particle-mobile-disabled=\"false\" class=\"elementor-element elementor-element-0faf4e9 e-flex e-con-boxed e-con e-parent\" data-id=\"0faf4e9\" data-element_type=\"container\">\n\t\t\t\t\t<div class=\"e-con-inner\">\n\t\t\t\t<div class=\"elementor-element elementor-element-2269c02 elementor-widget elementor-widget-heading\" data-id=\"2269c02\" data-element_type=\"widget\" data-widget_type=\"heading.default\">\n\t\t\t\t<div class=\"elementor-widget-container\">\n\t\t\t\t\t<h2 class=\"elementor-heading-title elementor-size-default\">Raport KPMG na temat zr\u00f3wnowa\u017conego rozwoju<\/h2>\t\t\t\t<\/div>\n\t\t\t\t<\/div>\n\t\t\t\t<div class=\"elementor-element elementor-element-c7f873d elementor-widget elementor-widget-text-editor\" data-id=\"c7f873d\" data-element_type=\"widget\" data-widget_type=\"text-editor.default\">\n\t\t\t\t<div class=\"elementor-widget-container\">\n\t\t\t\t\t\t\t\t\t<p>Ochrona klimatu i promowanie r\u00f3\u017cnorodno\u015bci maj\u0105 kluczowe znaczenie. Firma audytorsko-doradcza KPMG publikuje sw\u00f3j raport zr\u00f3wnowa\u017conego rozwoju i opisuje w nim istotne wp\u0142ywy, szanse i zagro\u017cenia w odniesieniu do kluczowych temat\u00f3w i obszar\u00f3w dzia\u0142ania....<\/p><p><a title=\"Raport KPMG na temat zr\u00f3wnowa\u017conego rozwoju\" href=\"https:\/\/home.kpmg\/at\/de\/home\/media\/press-releases\/2022\/04\/nachhaltigkeitsbericht-klimaschutz-und-foerderung-von-diversitaet.html\" target=\"_blank\" rel=\"noopener\">Raport KPMG na temat zr\u00f3wnowa\u017conego rozwoju<\/a><\/p>\t\t\t\t\t\t\t\t<\/div>\n\t\t\t\t<\/div>\n\t\t\t\t\t<\/div>\n\t\t\t\t<\/div>\n\t\t<div data-particle_enable=\"false\" data-particle-mobile-disabled=\"false\" class=\"elementor-element elementor-element-0ff7df0 e-flex e-con-boxed e-con e-parent\" data-id=\"0ff7df0\" data-element_type=\"container\">\n\t\t\t\t\t<div class=\"e-con-inner\">\n\t\t\t\t<div class=\"elementor-element elementor-element-d42c38d elementor-widget elementor-widget-shortcode\" data-id=\"d42c38d\" data-element_type=\"widget\" data-widget_type=\"shortcode.default\">\n\t\t\t\t<div class=\"elementor-widget-container\">\n\t\t\t\t\t\t\t<div class=\"elementor-shortcode\">\t\t<div data-elementor-type=\"container\" data-elementor-id=\"32572\" class=\"elementor elementor-32572\" data-elementor-post-type=\"elementor_library\">\n\t\t\t\t<div data-particle_enable=\"false\" data-particle-mobile-disabled=\"false\" class=\"elementor-element elementor-element-1149edd e-flex e-con-boxed e-con e-parent\" data-id=\"1149edd\" data-element_type=\"container\">\n\t\t\t\t\t<div class=\"e-con-inner\">\n\t\t\t\t<div class=\"elementor-element elementor-element-637047c7 elementor-icon-list--layout-traditional elementor-list-item-link-full_width elementor-widget elementor-widget-icon-list\" data-id=\"637047c7\" data-element_type=\"widget\" data-widget_type=\"icon-list.default\">\n\t\t\t\t<div class=\"elementor-widget-container\">\n\t\t\t\t\t\t\t<ul class=\"elementor-icon-list-items\">\n\t\t\t\t\t\t\t<li class=\"elementor-icon-list-item\">\n\t\t\t\t\t\t\t\t\t\t\t<a href=\"\/pl\/zielone-tlo-av\/\">\n\n\t\t\t\t\t\t\t\t\t\t\t\t<span class=\"elementor-icon-list-icon\">\n\t\t\t\t\t\t\t<svg aria-hidden=\"true\" class=\"e-font-icon-svg e-fas-chevron-right\" viewbox=\"0 0 320 512\" xmlns=\"http:\/\/www.w3.org\/2000\/svg\"><path d=\"M285.476 272.971L91.132 467.314c-9.373 9.373-24.569 9.373-33.941 0l-22.667-22.667c-9.357-9.357-9.375-24.522-.04-33.901L188.505 256 34.484 101.255c-9.335-9.379-9.317-24.544.04-33.901l22.667-22.667c9.373-9.373 24.569-9.373 33.941 0L285.475 239.03c9.373 9.372 9.373 24.568.001 33.941z\"><\/path><\/svg>\t\t\t\t\t\t<\/span>\n\t\t\t\t\t\t\t\t\t\t<span class=\"elementor-icon-list-text\">Green AV: Kontekst<\/span>\n\t\t\t\t\t\t\t\t\t\t\t<\/a>\n\t\t\t\t\t\t\t\t\t<\/li>\n\t\t\t\t\t\t\t\t<li class=\"elementor-icon-list-item\">\n\t\t\t\t\t\t\t\t\t\t\t<a href=\"\/pl\/zielone-av-i-zielone-srodki-it\/\">\n\n\t\t\t\t\t\t\t\t\t\t\t\t<span class=\"elementor-icon-list-icon\">\n\t\t\t\t\t\t\t<svg aria-hidden=\"true\" class=\"e-font-icon-svg e-fas-chevron-right\" viewbox=\"0 0 320 512\" xmlns=\"http:\/\/www.w3.org\/2000\/svg\"><path d=\"M285.476 272.971L91.132 467.314c-9.373 9.373-24.569 9.373-33.941 0l-22.667-22.667c-9.357-9.357-9.375-24.522-.04-33.901L188.505 256 34.484 101.255c-9.335-9.379-9.317-24.544.04-33.901l22.667-22.667c9.373-9.373 24.569-9.373 33.941 0L285.475 239.03c9.373 9.372 9.373 24.568.001 33.941z\"><\/path><\/svg>\t\t\t\t\t\t<\/span>\n\t\t\t\t\t\t\t\t\t\t<span class=\"elementor-icon-list-text\">Zielone AV i zielone IT: \u015brodki i potencja\u0142<\/span>\n\t\t\t\t\t\t\t\t\t\t\t<\/a>\n\t\t\t\t\t\t\t\t\t<\/li>\n\t\t\t\t\t\t\t\t<li class=\"elementor-icon-list-item\">\n\t\t\t\t\t\t\t\t\t\t\t<a href=\"\/pl\/studium-wykonalnosci-efektywnosci-energetycznej-i-zrownowazonego-rozwoju\/\">\n\n\t\t\t\t\t\t\t\t\t\t\t\t<span class=\"elementor-icon-list-icon\">\n\t\t\t\t\t\t\t<svg aria-hidden=\"true\" class=\"e-font-icon-svg e-fas-chevron-right\" viewbox=\"0 0 320 512\" xmlns=\"http:\/\/www.w3.org\/2000\/svg\"><path d=\"M285.476 272.971L91.132 467.314c-9.373 9.373-24.569 9.373-33.941 0l-22.667-22.667c-9.357-9.357-9.375-24.522-.04-33.901L188.505 256 34.484 101.255c-9.335-9.379-9.317-24.544.04-33.901l22.667-22.667c9.373-9.373 24.569-9.373 33.941 0L285.475 239.03c9.373 9.372 9.373 24.568.001 33.941z\"><\/path><\/svg>\t\t\t\t\t\t<\/span>\n\t\t\t\t\t\t\t\t\t\t<span class=\"elementor-icon-list-text\">Efektywno\u015b\u0107 energetyczna i zr\u00f3wnowa\u017cony rozw\u00f3j: oferujemy bezp\u0142atne studium wykonalno\u015bci<\/span>\n\t\t\t\t\t\t\t\t\t\t\t<\/a>\n\t\t\t\t\t\t\t\t\t<\/li>\n\t\t\t\t\t\t\t\t<li class=\"elementor-icon-list-item\">\n\t\t\t\t\t\t\t\t\t\t\t<a href=\"\/pl\/zielone-rozwiazania-koncepcyjne-i-techniczne-aw\/\">\n\n\t\t\t\t\t\t\t\t\t\t\t\t<span class=\"elementor-icon-list-icon\">\n\t\t\t\t\t\t\t<svg aria-hidden=\"true\" class=\"e-font-icon-svg e-fas-chevron-right\" viewbox=\"0 0 320 512\" xmlns=\"http:\/\/www.w3.org\/2000\/svg\"><path d=\"M285.476 272.971L91.132 467.314c-9.373 9.373-24.569 9.373-33.941 0l-22.667-22.667c-9.357-9.357-9.375-24.522-.04-33.901L188.505 256 34.484 101.255c-9.335-9.379-9.317-24.544.04-33.901l22.667-22.667c9.373-9.373 24.569-9.373 33.941 0L285.475 239.03c9.373 9.372 9.373 24.568.001 33.941z\"><\/path><\/svg>\t\t\t\t\t\t<\/span>\n\t\t\t\t\t\t\t\t\t\t<span class=\"elementor-icon-list-text\">Rozwi\u0105zania koncepcyjne i techniczne: du\u017ce i ma\u0142e<\/span>\n\t\t\t\t\t\t\t\t\t\t\t<\/a>\n\t\t\t\t\t\t\t\t\t<\/li>\n\t\t\t\t\t\t\t\t<li class=\"elementor-icon-list-item\">\n\t\t\t\t\t\t\t\t\t\t\t<a href=\"\/pl\/green-av-zrownowazona-firma-zrodla-i-inicjatywy\/\">\n\n\t\t\t\t\t\t\t\t\t\t\t\t<span class=\"elementor-icon-list-icon\">\n\t\t\t\t\t\t\t<svg aria-hidden=\"true\" class=\"e-font-icon-svg e-fas-chevron-right\" viewbox=\"0 0 320 512\" xmlns=\"http:\/\/www.w3.org\/2000\/svg\"><path d=\"M285.476 272.971L91.132 467.314c-9.373 9.373-24.569 9.373-33.941 0l-22.667-22.667c-9.357-9.357-9.375-24.522-.04-33.901L188.505 256 34.484 101.255c-9.335-9.379-9.317-24.544.04-33.901l22.667-22.667c9.373-9.373 24.569-9.373 33.941 0L285.475 239.03c9.373 9.372 9.373 24.568.001 33.941z\"><\/path><\/svg>\t\t\t\t\t\t<\/span>\n\t\t\t\t\t\t\t\t\t\t<span class=\"elementor-icon-list-text\">Zr\u00f3wnowa\u017cona firma: \u0179r\u00f3d\u0142a i inicjatywy<\/span>\n\t\t\t\t\t\t\t\t\t\t\t<\/a>\n\t\t\t\t\t\t\t\t\t<\/li>\n\t\t\t\t\t\t\t\t<li class=\"elementor-icon-list-item\">\n\t\t\t\t\t\t\t\t\t\t\t<a href=\"\/pl\/osoby-kontaktowe-green-av\/\">\n\n\t\t\t\t\t\t\t\t\t\t\t\t<span class=\"elementor-icon-list-icon\">\n\t\t\t\t\t\t\t<svg aria-hidden=\"true\" class=\"e-font-icon-svg e-fas-chevron-right\" viewbox=\"0 0 320 512\" xmlns=\"http:\/\/www.w3.org\/2000\/svg\"><path d=\"M285.476 272.971L91.132 467.314c-9.373 9.373-24.569 9.373-33.941 0l-22.667-22.667c-9.357-9.357-9.375-24.522-.04-33.901L188.505 256 34.484 101.255c-9.335-9.379-9.317-24.544.04-33.901l22.667-22.667c9.373-9.373 24.569-9.373 33.941 0L285.475 239.03c9.373 9.372 9.373 24.568.001 33.941z\"><\/path><\/svg>\t\t\t\t\t\t<\/span>\n\t\t\t\t\t\t\t\t\t\t<span class=\"elementor-icon-list-text\">Kontakt, osoby kontaktowe<\/span>\n\t\t\t\t\t\t\t\t\t\t\t<\/a>\n\t\t\t\t\t\t\t\t\t<\/li>\n\t\t\t\t\t\t<\/ul>\n\t\t\t\t\t\t<\/div>\n\t\t\t\t<\/div>\n\t\t\t\t\t<\/div>\n\t\t\t\t<\/div>\n\t\t\t\t<\/div>\n\t\t<\/div>\n\t\t\t\t\t\t<\/div>\n\t\t\t\t<\/div>\n\t\t\t\t\t<\/div>\n\t\t\t\t<\/div>\n\t\t\t\t<\/div>","protected":false},"excerpt":{"rendered":"<p>Green AV: Zr\u00f3wnowa\u017cona firma: \u0179r\u00f3d\u0142a i inicjatywy Niemiecka Agencja Energetyczna \u2013 dena Niemiecka Agencja Energetyczna (dena) postrzega siebie jako niezale\u017cn\u0105 si\u0142\u0119 nap\u0119dow\u0105 i pioniera transformacji energetycznej \u2013 w kraju i na arenie mi\u0119dzynarodowej. dena Sustainable Meetings Berlin \u2013 visitBerlin Visit Berlin realizuje wizj\u0119 uczynienia z Berlina jednej z najbardziej zr\u00f3wnowa\u017conych lokalizacji eventowych na \u015bwiecie! Zr\u00f3wnowa\u017cone spotkania w Berlinie @ visitBerlin Inicjatywa Green-IT [...]<\/p>","protected":false},"author":2,"featured_media":32847,"comment_status":"closed","ping_status":"closed","sticky":false,"template":"","format":"standard","meta":{"_acf_changed":false,"footnotes":""},"categories":[22,19],"tags":[],"class_list":["post-32844","post","type-post","status-publish","format-standard","has-post-thumbnail","hentry","category-installation","category-zukunft"],"acf":[],"_links":{"self":[{"href":"https:\/\/konferenztechnik.de\/pl\/wp-json\/wp\/v2\/posts\/32844","targetHints":{"allow":["GET"]}}],"collection":[{"href":"https:\/\/konferenztechnik.de\/pl\/wp-json\/wp\/v2\/posts"}],"about":[{"href":"https:\/\/konferenztechnik.de\/pl\/wp-json\/wp\/v2\/types\/post"}],"author":[{"embeddable":true,"href":"https:\/\/konferenztechnik.de\/pl\/wp-json\/wp\/v2\/users\/2"}],"replies":[{"embeddable":true,"href":"https:\/\/konferenztechnik.de\/pl\/wp-json\/wp\/v2\/comments?post=32844"}],"version-history":[{"count":0,"href":"https:\/\/konferenztechnik.de\/pl\/wp-json\/wp\/v2\/posts\/32844\/revisions"}],"wp:featuredmedia":[{"embeddable":true,"href":"https:\/\/konferenztechnik.de\/pl\/wp-json\/wp\/v2\/media\/32847"}],"wp:attachment":[{"href":"https:\/\/konferenztechnik.de\/pl\/wp-json\/wp\/v2\/media?parent=32844"}],"wp:term":[{"taxonomy":"category","embeddable":true,"href":"https:\/\/konferenztechnik.de\/pl\/wp-json\/wp\/v2\/categories?post=32844"},{"taxonomy":"post_tag","embeddable":true,"href":"https:\/\/konferenztechnik.de\/pl\/wp-json\/wp\/v2\/tags?post=32844"}],"curies":[{"name":"wp","href":"https:\/\/api.w.org\/{rel}","templated":true}]}}