{"id":4582,"date":"2014-06-04T11:38:16","date_gmt":"2014-06-04T09:38:16","guid":{"rendered":"https:\/\/konferenztechnik.de\/?p=4582"},"modified":"2023-06-05T12:08:35","modified_gmt":"2023-06-05T10:08:35","slug":"strumieniowe-przesylanie-dzwieku-przez-wi-fi-do-smartfona","status":"publish","type":"post","link":"https:\/\/konferenztechnik.de\/pl\/strumieniowe-przesylanie-dzwieku-przez-wi-fi-do-smartfona\/","title":{"rendered":"Strumieniowe przesy\u0142anie d\u017awi\u0119ku przez WLAN do smartfona"},"content":{"rendered":"<div data-elementor-type=\"wp-post\" data-elementor-id=\"4582\" class=\"elementor elementor-4582\" data-elementor-post-type=\"post\">\n\t\t\t\t<div data-particle_enable=\"false\" data-particle-mobile-disabled=\"false\" class=\"elementor-element elementor-element-a5e07be e-flex e-con-boxed e-con e-parent\" data-id=\"a5e07be\" data-element_type=\"container\" data-e-type=\"container\">\n\t\t\t\t\t<div class=\"e-con-inner\">\n\t\t\t\t<div class=\"elementor-element elementor-element-4101ba8 elementor-widget elementor-widget-heading\" data-id=\"4101ba8\" data-element_type=\"widget\" data-e-type=\"widget\" data-widget_type=\"heading.default\">\n\t\t\t\t<div class=\"elementor-widget-container\">\n\t\t\t\t\t<h1 class=\"elementor-heading-title elementor-size-default\">Strumieniowe przesy\u0142anie d\u017awi\u0119ku przez WLAN do smartfona <\/h1>\t\t\t\t<\/div>\n\t\t\t\t<\/div>\n\t\t\t\t<div class=\"elementor-element elementor-element-147866b elementor-widget elementor-widget-image\" data-id=\"147866b\" data-element_type=\"widget\" data-e-type=\"widget\" data-widget_type=\"image.default\">\n\t\t\t\t<div class=\"elementor-widget-container\">\n\t\t\t\t\t\t\t\t\t\t\t\t\t\t\t<img fetchpriority=\"high\" decoding=\"async\" width=\"800\" height=\"161\" src=\"https:\/\/konferenztechnik.de\/wp-content\/uploads\/2014\/06\/sennheiser-connect-station-Kopie-1024x206.jpg\" class=\"attachment-large size-large wp-image-4583\" alt=\"Sennheiser Connect Station\" srcset=\"https:\/\/konferenztechnik.de\/wp-content\/uploads\/2014\/06\/sennheiser-connect-station-Kopie-1024x206.jpg 1024w, https:\/\/konferenztechnik.de\/wp-content\/uploads\/2014\/06\/sennheiser-connect-station-Kopie-300x60.jpg 300w, https:\/\/konferenztechnik.de\/wp-content\/uploads\/2014\/06\/sennheiser-connect-station-Kopie-768x154.jpg 768w, https:\/\/konferenztechnik.de\/wp-content\/uploads\/2014\/06\/sennheiser-connect-station-Kopie.jpg 1170w\" sizes=\"(max-width: 800px) 100vw, 800px\" title=\"\">\t\t\t\t\t\t\t\t\t\t\t\t\t\t\t<\/div>\n\t\t\t\t<\/div>\n\t\t\t\t<div class=\"elementor-element elementor-element-472ff25 elementor-widget elementor-widget-text-editor\" data-id=\"472ff25\" data-element_type=\"widget\" data-e-type=\"widget\" data-widget_type=\"text-editor.default\">\n\t\t\t\t<div class=\"elementor-widget-container\">\n\t\t\t\t\t\t\t\t\t<p>Opublikowano: 0<span class=\"elementor-post-date\">4.06.2014 <\/span><\/p>\t\t\t\t\t\t\t\t<\/div>\n\t\t\t\t<\/div>\n\t\t\t\t\t<\/div>\n\t\t\t\t<\/div>\n\t\t<div data-particle_enable=\"false\" data-particle-mobile-disabled=\"false\" class=\"elementor-element elementor-element-1d53767 e-flex e-con-boxed e-con e-parent\" data-id=\"1d53767\" data-element_type=\"container\" data-e-type=\"container\">\n\t\t\t\t\t<div class=\"e-con-inner\">\n\t\t\t\t<div class=\"elementor-element elementor-element-c4f3a21 elementor-widget__width-initial elementor-widget elementor-widget-text-editor\" data-id=\"c4f3a21\" data-element_type=\"widget\" data-e-type=\"widget\" data-widget_type=\"text-editor.default\">\n\t\t\t\t<div class=\"elementor-widget-container\">\n\t\t\t\t\t\t\t\t\t<p>Smartfon ju\u017c dawno sta\u0142 si\u0119 wszechstronnym urz\u0105dzeniem w kieszeni: Aparat fotograficzny, odtwarzacz multimedialny, konsola do gier lub centrum wiadomo\u015bci i komunikacji to tylko kilka przyk\u0142ad\u00f3w jego zastosowa\u0144.<\/p><p>\u00a0<\/p><p>Dzi\u0119ki nowemu systemowi Sennheiser Connect wkr\u00f3tce mo\u017cliwe b\u0119dzie strumieniowanie d\u017awi\u0119ku w najwy\u017cszej jako\u015bci i bezpiecze\u0144stwie transmisji bezpo\u015brednio do smartfona z wieloma kana\u0142ami. Strumie\u0144 jest dostarczany za po\u015brednictwem sieci WLAN z pomoc\u0105 Sennheiser ConnectServer i jest odbierany za po\u015brednictwem smartfona s\u0142uchacza za pomoc\u0105 bezp\u0142atnej aplikacji. Zgodnie z mottem \"Przynie\u015b w\u0142asne urz\u0105dzenie\" (BYOD), do tego celu mo\u017cna wykorzysta\u0107 wiele popularnych urz\u0105dze\u0144 ko\u0144cowych.<\/p><p>\u00a0<\/p><p>Sennheiser prezentuje wst\u0119pny scenariusz zastosowania CinemaConnect: Entuzja\u015bci film\u00f3w z wadami wzroku lub s\u0142uchu mog\u0105 po\u0142\u0105czy\u0107 si\u0119 z sieci\u0105 Wi-Fi w kinie za po\u015brednictwem dostarczonej aplikacji na smartfony. Daje im to dost\u0119p do dodatkowych \u015bcie\u017cek d\u017awi\u0119kowych do audiodeskrypcji lub wspomagania s\u0142yszenia.<\/p><p>W PCS uwa\u017camy t\u0119 technologi\u0119 za niezwykle ekscytuj\u0105c\u0105 i mo\u017cemy sobie wyobrazi\u0107 wiele innych obszar\u00f3w zastosowa\u0144. Wed\u0142ug Sennheiser, system powinien by\u0107 gotowy do wprowadzenia na rynek jesieni\u0105.<\/p>\t\t\t\t\t\t\t\t<\/div>\n\t\t\t\t<\/div>\n\t\t\t\t<div class=\"elementor-element elementor-element-92d0fe0 elementor-widget elementor-widget-image\" data-id=\"92d0fe0\" data-element_type=\"widget\" data-e-type=\"widget\" data-widget_type=\"image.default\">\n\t\t\t\t<div class=\"elementor-widget-container\">\n\t\t\t\t\t\t\t\t\t\t\t\t\t\t\t<img decoding=\"async\" width=\"320\" height=\"568\" src=\"https:\/\/konferenztechnik.de\/wp-content\/uploads\/2014\/06\/sennheiser_cinemaconnect_app_2.jpg\" class=\"attachment-large size-large wp-image-4587\" alt=\"Aplikacja Sennheiser Connect\" srcset=\"https:\/\/konferenztechnik.de\/wp-content\/uploads\/2014\/06\/sennheiser_cinemaconnect_app_2.jpg 320w, https:\/\/konferenztechnik.de\/wp-content\/uploads\/2014\/06\/sennheiser_cinemaconnect_app_2-169x300.jpg 169w\" sizes=\"(max-width: 320px) 100vw, 320px\" title=\"\">\t\t\t\t\t\t\t\t\t\t\t\t\t\t\t<\/div>\n\t\t\t\t<\/div>\n\t\t\t\t\t<\/div>\n\t\t\t\t<\/div>\n\t\t<div data-particle_enable=\"false\" data-particle-mobile-disabled=\"false\" class=\"elementor-element elementor-element-0def144 e-flex e-con-boxed e-con e-parent\" data-id=\"0def144\" data-element_type=\"container\" data-e-type=\"container\">\n\t\t\t\t\t<div class=\"e-con-inner\">\n\t\t\t\t<div class=\"elementor-element elementor-element-7a999e8 elementor-widget elementor-widget-shortcode\" data-id=\"7a999e8\" data-element_type=\"widget\" data-e-type=\"widget\" data-widget_type=\"shortcode.default\">\n\t\t\t\t<div class=\"elementor-widget-container\">\n\t\t\t\t\t\t\t<div class=\"elementor-shortcode\">\t\t<div data-elementor-type=\"container\" data-elementor-id=\"29098\" class=\"elementor elementor-29098\" data-elementor-post-type=\"elementor_library\">\n\t\t\t\t<div data-particle_enable=\"false\" data-particle-mobile-disabled=\"false\" class=\"elementor-element elementor-element-699d0d1a e-flex e-con-boxed e-con e-parent\" data-id=\"699d0d1a\" data-element_type=\"container\" data-e-type=\"container\">\n\t\t\t\t\t<div class=\"e-con-inner\">\n\t\t\t\t<div class=\"elementor-element elementor-element-11f236ba elementor-widget elementor-widget-post-navigation\" data-id=\"11f236ba\" data-element_type=\"widget\" data-e-type=\"widget\" data-widget_type=\"post-navigation.default\">\n\t\t\t\t<div class=\"elementor-widget-container\">\n\t\t\t\t\t\t\t<div class=\"elementor-post-navigation\" role=\"navigation\" aria-label=\"Nawigacja wpisu\">\n\t\t\t<div class=\"elementor-post-navigation__prev elementor-post-navigation__link\">\n\t\t\t\t<a href=\"https:\/\/konferenztechnik.de\/pl\/aktualizacje-oprogramowania-sprzetowego-dla-jednostek-bazowych-barco-clickshare\/\" rel=\"prev\"><span class=\"post-navigation__arrow-wrapper post-navigation__arrow-prev\"><svg aria-hidden=\"true\" class=\"e-font-icon-svg e-fas-arrow-left\" viewbox=\"0 0 448 512\" xmlns=\"http:\/\/www.w3.org\/2000\/svg\"><path d=\"M257.5 445.1l-22.2 22.2c-9.4 9.4-24.6 9.4-33.9 0L7 273c-9.4-9.4-9.4-24.6 0-33.9L201.4 44.7c9.4-9.4 24.6-9.4 33.9 0l22.2 22.2c9.5 9.5 9.3 25-.4 34.3L136.6 216H424c13.3 0 24 10.7 24 24v32c0 13.3-10.7 24-24 24H136.6l120.5 114.8c9.8 9.3 10 24.8.4 34.3z\"><\/path><\/svg><span class=\"elementor-screen-only\">Prev<\/span><\/span><span class=\"elementor-post-navigation__link__prev\"><span class=\"post-navigation__prev--label\">Poprzedni<\/span><span class=\"post-navigation__prev--title\">Aktualizacje oprogramowania sprz\u0119towego dla jednostek bazowych Barco ClickShare<\/span><\/span><\/a>\t\t\t<\/div>\n\t\t\t\t\t\t<div class=\"elementor-post-navigation__next elementor-post-navigation__link\">\n\t\t\t\t<a href=\"https:\/\/konferenztechnik.de\/pl\/szt-na-miedzynarodowym-kongresie-koscielnym\/\" rel=\"next\"><span class=\"elementor-post-navigation__link__next\"><span class=\"post-navigation__next--label\">Nast\u0119pny<\/span><span class=\"post-navigation__next--title\">PCS na mi\u0119dzynarodowym kongresie ko\u015bcielnym<\/span><\/span><span class=\"post-navigation__arrow-wrapper post-navigation__arrow-next\"><svg aria-hidden=\"true\" class=\"e-font-icon-svg e-fas-arrow-right\" viewbox=\"0 0 448 512\" xmlns=\"http:\/\/www.w3.org\/2000\/svg\"><path d=\"M190.5 66.9l22.2-22.2c9.4-9.4 24.6-9.4 33.9 0L441 239c9.4 9.4 9.4 24.6 0 33.9L246.6 467.3c-9.4 9.4-24.6 9.4-33.9 0l-22.2-22.2c-9.5-9.5-9.3-25 .4-34.3L311.4 296H24c-13.3 0-24-10.7-24-24v-32c0-13.3 10.7-24 24-24h287.4L190.9 101.2c-9.8-9.3-10-24.8-.4-34.3z\"><\/path><\/svg><span class=\"elementor-screen-only\">Nast\u0119pny<\/span><\/span><\/a>\t\t\t<\/div>\n\t\t<\/div>\n\t\t\t\t\t\t<\/div>\n\t\t\t\t<\/div>\n\t\t\t\t<div class=\"elementor-element elementor-element-81a2b13 elementor-align-center elementor-icon-list--layout-traditional elementor-list-item-link-full_width elementor-widget elementor-widget-icon-list\" data-id=\"81a2b13\" data-element_type=\"widget\" data-e-type=\"widget\" data-widget_type=\"icon-list.default\">\n\t\t\t\t<div class=\"elementor-widget-container\">\n\t\t\t\t\t\t\t<ul class=\"elementor-icon-list-items\">\n\t\t\t\t\t\t\t<li class=\"elementor-icon-list-item\">\n\t\t\t\t\t\t\t\t\t\t\t<a href=\"\/pl\/wiadomosci\/\">\n\n\t\t\t\t\t\t\t\t\t\t\t\t<span class=\"elementor-icon-list-icon\">\n\t\t\t\t\t\t\t<svg xmlns=\"http:\/\/www.w3.org\/2000\/svg\" id=\"uuid-5a27b650-727a-4659-9d92-75e42c38903b\" viewbox=\"0 0 19.67 14.54\"><g id=\"uuid-40aca98c-811b-43af-9bb7-b3a092d9bdfe\"><rect x=\".03\" width=\"6\" height=\"6\" rx=\"2\" ry=\"2\" style=\"fill:currentColor\"><\/rect><rect x=\"6.85\" width=\"6\" height=\"7.65\" rx=\"2\" ry=\"2\" style=\"fill:currentColor\"><\/rect><rect x=\"13.67\" width=\"6\" height=\"6.51\" rx=\"2\" ry=\"2\" style=\"fill:currentColor\"><\/rect><rect y=\"7\" width=\"6\" height=\"7.55\" rx=\"2\" ry=\"2\" style=\"fill:currentColor\"><\/rect><rect x=\"13.64\" y=\"7.22\" width=\"6\" height=\"7.33\" rx=\"2\" ry=\"2\" style=\"fill:currentColor\"><\/rect><rect x=\"6.82\" y=\"8.54\" width=\"6\" height=\"6\" rx=\"2\" ry=\"2\" style=\"fill:currentColor\"><\/rect><\/g><\/svg>\t\t\t\t\t\t<\/span>\n\t\t\t\t\t\t\t\t\t\t<span class=\"elementor-icon-list-text\"><\/span>\n\t\t\t\t\t\t\t\t\t\t\t<\/a>\n\t\t\t\t\t\t\t\t\t<\/li>\n\t\t\t\t\t\t<\/ul>\n\t\t\t\t\t\t<\/div>\n\t\t\t\t<\/div>\n\t\t\t\t\t<\/div>\n\t\t\t\t<\/div>\n\t\t\t\t<\/div>\n\t\t<\/div>\n\t\t\t\t\t\t<\/div>\n\t\t\t\t<\/div>\n\t\t\t\t\t<\/div>\n\t\t\t\t<\/div>\n\t\t\t\t<\/div>","protected":false},"excerpt":{"rendered":"<p>Audio-Streaming per WLAN auf das Smartphone Ver\u00f6ffentlicht: 04.06.2014 Das Smartphone hat sich l\u00e4ngst zum Allesk\u00f6nner in der Hosentasche entwickelt: Kamera, Multimediaplayer, Spielekonsole oder Nachrichten- und Kommunikationszentrale sind daf\u00fcr nur einige Anwendungsbeispiele. \u00a0 Mit dem neuen Sennheiser Connect System ist es bald m\u00f6glich, Audio in h\u00f6chster Qualit\u00e4t und \u00dcbertragungssicherheit direkt und mit mehreren Kan\u00e4len auf das [&hellip;]<\/p>\n","protected":false},"author":1,"featured_media":29738,"comment_status":"closed","ping_status":"closed","sticky":false,"template":"","format":"standard","meta":{"_acf_changed":false,"footnotes":""},"categories":[2],"tags":[],"class_list":["post-4582","post","type-post","status-publish","format-standard","has-post-thumbnail","hentry","category-news"],"acf":[],"_links":{"self":[{"href":"https:\/\/konferenztechnik.de\/pl\/wp-json\/wp\/v2\/posts\/4582","targetHints":{"allow":["GET"]}}],"collection":[{"href":"https:\/\/konferenztechnik.de\/pl\/wp-json\/wp\/v2\/posts"}],"about":[{"href":"https:\/\/konferenztechnik.de\/pl\/wp-json\/wp\/v2\/types\/post"}],"author":[{"embeddable":true,"href":"https:\/\/konferenztechnik.de\/pl\/wp-json\/wp\/v2\/users\/1"}],"replies":[{"embeddable":true,"href":"https:\/\/konferenztechnik.de\/pl\/wp-json\/wp\/v2\/comments?post=4582"}],"version-history":[{"count":0,"href":"https:\/\/konferenztechnik.de\/pl\/wp-json\/wp\/v2\/posts\/4582\/revisions"}],"wp:featuredmedia":[{"embeddable":true,"href":"https:\/\/konferenztechnik.de\/pl\/wp-json\/wp\/v2\/media\/29738"}],"wp:attachment":[{"href":"https:\/\/konferenztechnik.de\/pl\/wp-json\/wp\/v2\/media?parent=4582"}],"wp:term":[{"taxonomy":"category","embeddable":true,"href":"https:\/\/konferenztechnik.de\/pl\/wp-json\/wp\/v2\/categories?post=4582"},{"taxonomy":"post_tag","embeddable":true,"href":"https:\/\/konferenztechnik.de\/pl\/wp-json\/wp\/v2\/tags?post=4582"}],"curies":[{"name":"wp","href":"https:\/\/api.w.org\/{rel}","templated":true}]}}