{"id":46885,"date":"2024-10-15T09:43:36","date_gmt":"2024-10-15T07:43:36","guid":{"rendered":"https:\/\/konferenztechnik.de\/?p=46885"},"modified":"2026-01-05T16:13:40","modified_gmt":"2026-01-05T15:13:40","slug":"juz-dostepne-nowe-rozszerzone-portfolio-produktow-av-global-mounts-group","status":"publish","type":"post","link":"https:\/\/konferenztechnik.de\/pl\/juz-dostepne-nowe-rozszerzone-portfolio-produktow-av-global-mounts-group\/","title":{"rendered":"Ju\u017c dost\u0119pne: Nowe, rozszerzone portfolio produkt\u00f3w AV od Global Mounts Group"},"content":{"rendered":"<div data-elementor-type=\"wp-post\" data-elementor-id=\"46885\" class=\"elementor elementor-46885\" data-elementor-post-type=\"post\">\n\t\t\t\t<div data-particle_enable=\"false\" data-particle-mobile-disabled=\"false\" class=\"elementor-element elementor-element-45f4167c e-flex e-con-boxed e-con e-parent\" data-id=\"45f4167c\" data-element_type=\"container\">\n\t\t\t\t\t<div class=\"e-con-inner\">\n\t\t<div data-particle_enable=\"false\" data-particle-mobile-disabled=\"false\" class=\"elementor-element elementor-element-4869e24 e-con-full e-flex e-con e-child\" data-id=\"4869e24\" data-element_type=\"container\">\n\t\t\t\t<div class=\"elementor-element elementor-element-c705e12 elementor-widget elementor-widget-heading\" data-id=\"c705e12\" data-element_type=\"widget\" data-widget_type=\"heading.default\">\n\t\t\t\t<div class=\"elementor-widget-container\">\n\t\t\t\t\t<h1 class=\"elementor-heading-title elementor-size-default\">Ju\u017c dost\u0119pne: Nowe, rozszerzone portfolio produkt\u00f3w AV od Global Mounts Group\n<\/h1>\t\t\t\t<\/div>\n\t\t\t\t<\/div>\n\t\t\t\t<div class=\"elementor-element elementor-element-11abdd3 elementor-widget elementor-widget-image\" data-id=\"11abdd3\" data-element_type=\"widget\" data-widget_type=\"image.default\">\n\t\t\t\t<div class=\"elementor-widget-container\">\n\t\t\t\t\t\t\t\t\t\t\t\t\t\t\t<img fetchpriority=\"high\" decoding=\"async\" width=\"1685\" height=\"450\" src=\"https:\/\/konferenztechnik.de\/wp-content\/uploads\/2024\/10\/global-mounts-group-products.webp\" class=\"attachment-full size-full wp-image-46888\" alt=\"\" srcset=\"https:\/\/konferenztechnik.de\/wp-content\/uploads\/2024\/10\/global-mounts-group-products.webp 1685w, https:\/\/konferenztechnik.de\/wp-content\/uploads\/2024\/10\/global-mounts-group-products-300x80.webp 300w, https:\/\/konferenztechnik.de\/wp-content\/uploads\/2024\/10\/global-mounts-group-products-1024x273.webp 1024w, https:\/\/konferenztechnik.de\/wp-content\/uploads\/2024\/10\/global-mounts-group-products-768x205.webp 768w, https:\/\/konferenztechnik.de\/wp-content\/uploads\/2024\/10\/global-mounts-group-products-1536x410.webp 1536w, https:\/\/konferenztechnik.de\/wp-content\/uploads\/2024\/10\/global-mounts-group-products-18x5.webp 18w\" sizes=\"(max-width: 1685px) 100vw, 1685px\" title=\"\">\t\t\t\t\t\t\t\t\t\t\t\t\t\t\t<\/div>\n\t\t\t\t<\/div>\n\t\t\t\t<div class=\"elementor-element elementor-element-c6d1e62 elementor-widget elementor-widget-text-editor\" data-id=\"c6d1e62\" data-element_type=\"widget\" data-widget_type=\"text-editor.default\">\n\t\t\t\t<div class=\"elementor-widget-container\">\n\t\t\t\t\t\t\t\t\t<p>Opublikowano: 15.10.2024<\/p>\n<p>\u00a0<\/p>\t\t\t\t\t\t\t\t<\/div>\n\t\t\t\t<\/div>\n\t\t\t\t<div class=\"elementor-element elementor-element-8696493 elementor-widget__width-initial elementor-widget elementor-widget-text-editor\" data-id=\"8696493\" data-element_type=\"widget\" data-widget_type=\"text-editor.default\">\n\t\t\t\t<div class=\"elementor-widget-container\">\n\t\t\t\t\t\t\t\t\t<p class=\"darklup-observer--node darklup--observed\"><span style=\"font-weight: 400;\" class=\"darklup--observed darklup-observer--node\">Cieszymy si\u0119, \u017ce mo\u017cemy zaoferowa\u0107 wszystkie produkty Global Mounts Group ze skutkiem natychmiastowym. Rozszerza to nasze portfolio produkt\u00f3w w zakresie uchwyt\u00f3w do technologii medialnych AV i IT oraz umo\u017cliwia nam jeszcze lepsze reagowanie na zapytania serwisowe i pro\u015bby klient\u00f3w.<\/span><\/p><p class=\"darklup-observer--node darklup--observed\"><span style=\"font-weight: 400;\" class=\"darklup--observed darklup-observer--node\"><br class=\"darklup--observed darklup-observer--node\"><\/span><\/p><p class=\"darklup-observer--node darklup--observed\"><span style=\"font-weight: 400;\" class=\"darklup--observed darklup-observer--node\">Global Mounts Group jest wynikiem po\u0142\u0105czenia trzech firm Audipack, Neomounts i B-Tech. Ka\u017cda marka pozostaje niezale\u017cna i koncentruje si\u0119 na swojej specjalizacji: Neomounts na rozwi\u0105zaniach IT, audio-wideo i ujednoliconej komunikacji, B-Tech na rozwi\u0105zaniach Pro AV i Audipack na Pro AV, produktach do wynaj\u0119cia i niestandardowych rozwi\u0105zaniach.&nbsp;<\/span><\/p><p class=\"darklup-observer--node darklup--observed\"><span style=\"font-weight: 400;\" class=\"darklup--observed darklup-observer--node\"><br><\/span><\/p><p class=\"darklup-observer--node darklup--observed\"><span style=\"font-weight: 400;\" class=\"darklup--observed darklup-observer--node\">Produkty takie jak wypr\u00f3bowane i przetestowane stojaki pod\u0142ogowe, uchwyty na wy\u015bwietlacze i kabiny dla t\u0142umaczy pozostaj\u0105 sprawdzon\u0105 podstawow\u0105 dzia\u0142alno\u015bci\u0105 Audipack.<\/span><\/p>\t\t\t\t\t\t\t\t<\/div>\n\t\t\t\t<\/div>\n\t\t\t\t<\/div>\n\t\t\t\t\t<\/div>\n\t\t\t\t<\/div>\n\t\t<div data-particle_enable=\"false\" data-particle-mobile-disabled=\"false\" class=\"elementor-element elementor-element-2c563ac e-flex e-con-boxed e-con e-parent\" data-id=\"2c563ac\" data-element_type=\"container\">\n\t\t\t\t\t<div class=\"e-con-inner\">\n\t\t\t\t<div class=\"elementor-element elementor-element-f3c8388 elementor-widget elementor-widget-shortcode\" data-id=\"f3c8388\" data-element_type=\"widget\" data-widget_type=\"shortcode.default\">\n\t\t\t\t<div class=\"elementor-widget-container\">\n\t\t\t\t\t\t\t<div class=\"elementor-shortcode\">\t\t<div data-elementor-type=\"container\" data-elementor-id=\"29098\" class=\"elementor elementor-29098\" data-elementor-post-type=\"elementor_library\">\n\t\t\t\t<div data-particle_enable=\"false\" data-particle-mobile-disabled=\"false\" class=\"elementor-element elementor-element-699d0d1a e-flex e-con-boxed e-con e-parent\" data-id=\"699d0d1a\" data-element_type=\"container\">\n\t\t\t\t\t<div class=\"e-con-inner\">\n\t\t\t\t<div class=\"elementor-element elementor-element-11f236ba elementor-widget elementor-widget-post-navigation\" data-id=\"11f236ba\" data-element_type=\"widget\" data-widget_type=\"post-navigation.default\">\n\t\t\t\t<div class=\"elementor-widget-container\">\n\t\t\t\t\t\t\t<div class=\"elementor-post-navigation\" role=\"navigation\" aria-label=\"Nawigacja wpisu\">\n\t\t\t<div class=\"elementor-post-navigation__prev elementor-post-navigation__link\">\n\t\t\t\t<a href=\"https:\/\/konferenztechnik.de\/pl\/witaj-mateo\/\" rel=\"prev\"><span class=\"post-navigation__arrow-wrapper post-navigation__arrow-prev\"><svg aria-hidden=\"true\" class=\"e-font-icon-svg e-fas-arrow-left\" viewbox=\"0 0 448 512\" xmlns=\"http:\/\/www.w3.org\/2000\/svg\"><path d=\"M257.5 445.1l-22.2 22.2c-9.4 9.4-24.6 9.4-33.9 0L7 273c-9.4-9.4-9.4-24.6 0-33.9L201.4 44.7c9.4-9.4 24.6-9.4 33.9 0l22.2 22.2c9.5 9.5 9.3 25-.4 34.3L136.6 216H424c13.3 0 24 10.7 24 24v32c0 13.3-10.7 24-24 24H136.6l120.5 114.8c9.8 9.3 10 24.8.4 34.3z\"><\/path><\/svg><span class=\"elementor-screen-only\">Prev<\/span><\/span><span class=\"elementor-post-navigation__link__prev\"><span class=\"post-navigation__prev--label\">Poprzedni<\/span><span class=\"post-navigation__prev--title\">Witaj, Mateo!<\/span><\/span><\/a>\t\t\t<\/div>\n\t\t\t\t\t\t<div class=\"elementor-post-navigation__next elementor-post-navigation__link\">\n\t\t\t\t<a href=\"https:\/\/konferenztechnik.de\/pl\/szkolenie-2025-szukamy-wlasnie-ciebie\/\" rel=\"next\"><span class=\"elementor-post-navigation__link__next\"><span class=\"post-navigation__next--label\">Nast\u0119pny<\/span><span class=\"post-navigation__next--title\">Praktyka 2025 \u2013 Szukamy: Ciebie!<\/span><\/span><span class=\"post-navigation__arrow-wrapper post-navigation__arrow-next\"><svg aria-hidden=\"true\" class=\"e-font-icon-svg e-fas-arrow-right\" viewbox=\"0 0 448 512\" xmlns=\"http:\/\/www.w3.org\/2000\/svg\"><path d=\"M190.5 66.9l22.2-22.2c9.4-9.4 24.6-9.4 33.9 0L441 239c9.4 9.4 9.4 24.6 0 33.9L246.6 467.3c-9.4 9.4-24.6 9.4-33.9 0l-22.2-22.2c-9.5-9.5-9.3-25 .4-34.3L311.4 296H24c-13.3 0-24-10.7-24-24v-32c0-13.3 10.7-24 24-24h287.4L190.9 101.2c-9.8-9.3-10-24.8-.4-34.3z\"><\/path><\/svg><span class=\"elementor-screen-only\">Nast\u0119pny<\/span><\/span><\/a>\t\t\t<\/div>\n\t\t<\/div>\n\t\t\t\t\t\t<\/div>\n\t\t\t\t<\/div>\n\t\t\t\t<div class=\"elementor-element elementor-element-81a2b13 elementor-align-center elementor-icon-list--layout-traditional elementor-list-item-link-full_width elementor-widget elementor-widget-icon-list\" data-id=\"81a2b13\" data-element_type=\"widget\" data-widget_type=\"icon-list.default\">\n\t\t\t\t<div class=\"elementor-widget-container\">\n\t\t\t\t\t\t\t<ul class=\"elementor-icon-list-items\">\n\t\t\t\t\t\t\t<li class=\"elementor-icon-list-item\">\n\t\t\t\t\t\t\t\t\t\t\t<a href=\"\/pl\/wiadomosci\/\">\n\n\t\t\t\t\t\t\t\t\t\t\t\t<span class=\"elementor-icon-list-icon\">\n\t\t\t\t\t\t\t<svg xmlns=\"http:\/\/www.w3.org\/2000\/svg\" id=\"uuid-5a27b650-727a-4659-9d92-75e42c38903b\" viewbox=\"0 0 19.67 14.54\"><g id=\"uuid-40aca98c-811b-43af-9bb7-b3a092d9bdfe\"><rect x=\".03\" width=\"6\" height=\"6\" rx=\"2\" ry=\"2\" style=\"fill:currentColor\"><\/rect><rect x=\"6.85\" width=\"6\" height=\"7.65\" rx=\"2\" ry=\"2\" style=\"fill:currentColor\"><\/rect><rect x=\"13.67\" width=\"6\" height=\"6.51\" rx=\"2\" ry=\"2\" style=\"fill:currentColor\"><\/rect><rect y=\"7\" width=\"6\" height=\"7.55\" rx=\"2\" ry=\"2\" style=\"fill:currentColor\"><\/rect><rect x=\"13.64\" y=\"7.22\" width=\"6\" height=\"7.33\" rx=\"2\" ry=\"2\" style=\"fill:currentColor\"><\/rect><rect x=\"6.82\" y=\"8.54\" width=\"6\" height=\"6\" rx=\"2\" ry=\"2\" style=\"fill:currentColor\"><\/rect><\/g><\/svg>\t\t\t\t\t\t<\/span>\n\t\t\t\t\t\t\t\t\t\t<span class=\"elementor-icon-list-text\"><\/span>\n\t\t\t\t\t\t\t\t\t\t\t<\/a>\n\t\t\t\t\t\t\t\t\t<\/li>\n\t\t\t\t\t\t<\/ul>\n\t\t\t\t\t\t<\/div>\n\t\t\t\t<\/div>\n\t\t\t\t\t<\/div>\n\t\t\t\t<\/div>\n\t\t\t\t<\/div>\n\t\t<\/div>\n\t\t\t\t\t\t<\/div>\n\t\t\t\t<\/div>\n\t\t\t\t\t<\/div>\n\t\t\t\t<\/div>\n\t\t\t\t<\/div>","protected":false},"excerpt":{"rendered":"<p>Rozszerzamy nasze portfolio produkt\u00f3w w zakresie uchwyt\u00f3w do technologii medialnych AV i IT i mo\u017cemy jeszcze lepiej reagowa\u0107 na zapytania serwisowe i pro\u015bby klient\u00f3w.<\/p>","protected":false},"author":1,"featured_media":46899,"comment_status":"closed","ping_status":"closed","sticky":false,"template":"","format":"standard","meta":{"_acf_changed":false,"footnotes":""},"categories":[2],"tags":[],"class_list":["post-46885","post","type-post","status-publish","format-standard","has-post-thumbnail","hentry","category-news"],"acf":[],"_links":{"self":[{"href":"https:\/\/konferenztechnik.de\/pl\/wp-json\/wp\/v2\/posts\/46885","targetHints":{"allow":["GET"]}}],"collection":[{"href":"https:\/\/konferenztechnik.de\/pl\/wp-json\/wp\/v2\/posts"}],"about":[{"href":"https:\/\/konferenztechnik.de\/pl\/wp-json\/wp\/v2\/types\/post"}],"author":[{"embeddable":true,"href":"https:\/\/konferenztechnik.de\/pl\/wp-json\/wp\/v2\/users\/1"}],"replies":[{"embeddable":true,"href":"https:\/\/konferenztechnik.de\/pl\/wp-json\/wp\/v2\/comments?post=46885"}],"version-history":[{"count":0,"href":"https:\/\/konferenztechnik.de\/pl\/wp-json\/wp\/v2\/posts\/46885\/revisions"}],"wp:featuredmedia":[{"embeddable":true,"href":"https:\/\/konferenztechnik.de\/pl\/wp-json\/wp\/v2\/media\/46899"}],"wp:attachment":[{"href":"https:\/\/konferenztechnik.de\/pl\/wp-json\/wp\/v2\/media?parent=46885"}],"wp:term":[{"taxonomy":"category","embeddable":true,"href":"https:\/\/konferenztechnik.de\/pl\/wp-json\/wp\/v2\/categories?post=46885"},{"taxonomy":"post_tag","embeddable":true,"href":"https:\/\/konferenztechnik.de\/pl\/wp-json\/wp\/v2\/tags?post=46885"}],"curies":[{"name":"wp","href":"https:\/\/api.w.org\/{rel}","templated":true}]}}