{"id":48284,"date":"2025-09-18T12:22:52","date_gmt":"2025-09-18T10:22:52","guid":{"rendered":"https:\/\/konferenztechnik.de\/?p=48284"},"modified":"2026-01-05T15:25:11","modified_gmt":"2026-01-05T14:25:11","slug":"historia-firmy","status":"publish","type":"post","link":"https:\/\/konferenztechnik.de\/pl\/historia-firmy\/","title":{"rendered":"Historia firmy \u2013 Kamienie milowe i osi\u0105gni\u0119cia"},"content":{"rendered":"<div data-elementor-type=\"wp-post\" data-elementor-id=\"48284\" class=\"elementor elementor-48284\" data-elementor-post-type=\"post\">\n\t\t\t\t<div data-particle_enable=\"false\" data-particle-mobile-disabled=\"false\" class=\"elementor-element elementor-element-cd287fa e-flex e-con-boxed e-con e-parent\" data-id=\"cd287fa\" data-element_type=\"container\">\n\t\t\t\t\t<div class=\"e-con-inner\">\n\t\t\t\t<div class=\"elementor-element elementor-element-7b65377 elementor-widget elementor-widget-heading\" data-id=\"7b65377\" data-element_type=\"widget\" data-settings=\"{&quot;_animation&quot;:&quot;none&quot;}\" data-widget_type=\"heading.default\">\n\t\t\t\t<div class=\"elementor-widget-container\">\n\t\t\t\t\t<h2 class=\"elementor-heading-title elementor-size-default\">Historia firmy - Kamienie milowe i rozw\u00f3j firmy PCS Professional Conference Systems GmbH<\/h2>\t\t\t\t<\/div>\n\t\t\t\t<\/div>\n\t\t\t\t\t<\/div>\n\t\t\t\t<\/div>\n\t\t<div data-particle_enable=\"false\" data-particle-mobile-disabled=\"false\" class=\"elementor-element elementor-element-34f9d7a e-flex e-con-boxed e-con e-parent\" data-id=\"34f9d7a\" data-element_type=\"container\">\n\t\t\t\t\t<div class=\"e-con-inner\">\n\t\t\t\t<div class=\"elementor-element elementor-element-beea132 elementor-widget elementor-widget-spacer\" data-id=\"beea132\" data-element_type=\"widget\" data-widget_type=\"spacer.default\">\n\t\t\t\t<div class=\"elementor-widget-container\">\n\t\t\t\t\t\t\t<div class=\"elementor-spacer\">\n\t\t\t<div class=\"elementor-spacer-inner\"><\/div>\n\t\t<\/div>\n\t\t\t\t\t\t<\/div>\n\t\t\t\t<\/div>\n\t\t<div data-particle_enable=\"false\" data-particle-mobile-disabled=\"false\" class=\"elementor-element elementor-element-b512cbf e-con-full e-grid e-con e-child\" data-id=\"b512cbf\" data-element_type=\"container\">\n\t\t\t\t<div class=\"elementor-element elementor-element-6b8a2b7 elementor-widget__width-inherit elementor-widget elementor-widget-text-editor\" data-id=\"6b8a2b7\" data-element_type=\"widget\" data-widget_type=\"text-editor.default\">\n\t\t\t\t<div class=\"elementor-widget-container\">\n\t\t\t\t\t\t\t\t\t<p>Wiele si\u0119 wydarzy\u0142o od czasu za\u0142o\u017cenia firmy w 1995 r. \u2013 zaczyna\u0142o od technologii t\u0142umacze\u0144 ustnych i rozwin\u0119\u0142o si\u0119 w wiod\u0105cego dostawc\u0119 kompleksowych us\u0142ug w zakresie technologii konferencyjnych i eventowych oraz instalacji nowoczesnych technologii medialnych.<\/p>\t\t\t\t\t\t\t\t<\/div>\n\t\t\t\t<\/div>\n\t\t\t\t<div class=\"elementor-element elementor-element-30ea48b elementor-widget__width-inherit elementor-widget elementor-widget-text-editor\" data-id=\"30ea48b\" data-element_type=\"widget\" data-widget_type=\"text-editor.default\">\n\t\t\t\t<div class=\"elementor-widget-container\">\n\t\t\t\t\t\t\t\t\t<p>Dzi\u015b z wdzi\u0119czno\u015bci\u0105 spogl\u0105damy wstecz na 30 lat PCS, dzielimy si\u0119 niekt\u00f3rymi z pocz\u0105tkowych etap\u00f3w naszej historii \u2013 i jednocze\u015bnie patrzymy w przysz\u0142o\u015b\u0107: otwarci na nowe technologie, zr\u00f3wnowa\u017cone rozwi\u0105zania i udane projekty, kt\u00f3re chcieliby\u015bmy kszta\u0142towa\u0107 razem z Wami.<\/p>\t\t\t\t\t\t\t\t<\/div>\n\t\t\t\t<\/div>\n\t\t\t\t<\/div>\n\t\t\t\t<div class=\"elementor-element elementor-element-3d6ce39 elementor-widget elementor-widget-spacer\" data-id=\"3d6ce39\" data-element_type=\"widget\" data-widget_type=\"spacer.default\">\n\t\t\t\t<div class=\"elementor-widget-container\">\n\t\t\t\t\t\t\t<div class=\"elementor-spacer\">\n\t\t\t<div class=\"elementor-spacer-inner\"><\/div>\n\t\t<\/div>\n\t\t\t\t\t\t<\/div>\n\t\t\t\t<\/div>\n\t\t\t\t<div class=\"elementor-element elementor-element-b0212c4 elementor-widget elementor-widget-eael-content-timeline\" data-id=\"b0212c4\" data-element_type=\"widget\" data-widget_type=\"eael-content-timeline.default\">\n\t\t\t\t<div class=\"elementor-widget-container\">\n\t\t\t\t\t\t\t<div id=\"eael-content-timeline-b0212c4\" class=\"content-timeline-layout-center date-position- horizontal-timeline-wrapper\" data-slide_to_scroll=\"{&quot;desktop&quot;:1,&quot;mobile&quot;:1,&quot;tablet&quot;:1,&quot;tablet_extra&quot;:1,&quot;laptop&quot;:1,&quot;widescreen&quot;:1}\">\n\t\t\t<div class=\"eael-content-timeline-container\">\n\t\t\t\t<div class=\"eael-content-timeline-container\">\n\t\t\t\t\t\t\t\t\t\t\t\t\t\t\t\t\t\t\t\t\t\t\t<div class=\"eael-content-timeline-block\">\n    <div class=\"eael-content-timeline-line\">\n        <div class=\"eael-content-timeline-inner\"><\/div>\n    <\/div>\n    <div class=\"eael-content-timeline-img eael-picture\"><svg class=\"e-font-icon-svg e-fas-birthday-cake\" viewbox=\"0 0 448 512\" xmlns=\"http:\/\/www.w3.org\/2000\/svg\"><path d=\"M448 384c-28.02 0-31.26-32-74.5-32-43.43 0-46.825 32-74.75 32-27.695 0-31.454-32-74.75-32-42.842 0-47.218 32-74.5 32-28.148 0-31.202-32-74.75-32-43.547 0-46.653 32-74.75 32v-80c0-26.5 21.5-48 48-48h16V112h64v144h64V112h64v144h64V112h64v144h16c26.5 0 48 21.5 48 48v80zm0 128H0v-96c43.356 0 46.767-32 74.75-32 27.951 0 31.253 32 74.75 32 42.843 0 47.217-32 74.5-32 28.148 0 31.201 32 74.75 32 43.357 0 46.767-32 74.75-32 27.488 0 31.252 32 74.5 32v96zM96 96c-17.75 0-32-14.25-32-32 0-31 32-23 32-64 12 0 32 29.5 32 56s-14.25 40-32 40zm128 0c-17.75 0-32-14.25-32-32 0-31 32-23 32-64 12 0 32 29.5 32 56s-14.25 40-32 40zm128 0c-17.75 0-32-14.25-32-32 0-31 32-23 32-64 12 0 32 29.5 32 56s-14.25 40-32 40z\"><\/path><\/svg><\/div><div class=\"eael-content-timeline-content\"><span class=\"eael-date\">28.09.2025<\/span><h2 class=\"eael-timeline-title\">PCS ko\u0144czy 30 lat<\/h2><div class=\"eael-timeline-excerpt\"><p><img fetchpriority=\"high\" decoding=\"async\" class=\"alignleft wp-image-48432 size-full\" src=\"https:\/\/konferenztechnik.de\/wp-content\/uploads\/2025\/09\/30-Jahre-Banner.avif\" alt=\"30-letni baner\" width=\"1598\" height=\"629\" title=\"\" srcset=\"https:\/\/konferenztechnik.de\/wp-content\/uploads\/2025\/09\/30-Jahre-Banner.avif 1598w, https:\/\/konferenztechnik.de\/wp-content\/uploads\/2025\/09\/30-Jahre-Banner-300x118.avif 300w, https:\/\/konferenztechnik.de\/wp-content\/uploads\/2025\/09\/30-Jahre-Banner-1024x403.avif 1024w, https:\/\/konferenztechnik.de\/wp-content\/uploads\/2025\/09\/30-Jahre-Banner-768x302.avif 768w, https:\/\/konferenztechnik.de\/wp-content\/uploads\/2025\/09\/30-Jahre-Banner-1536x605.avif 1536w, https:\/\/konferenztechnik.de\/wp-content\/uploads\/2025\/09\/30-Jahre-Banner-18x7.avif 18w\" sizes=\"(max-width: 1598px) 100vw, 1598px\" \/><\/p><p>PCS \u015bwi\u0119tuje 30 lat udanego rozwoju jako dostawca kompleksowych us\u0142ug w zakresie technologii konferencyjnych i eventowych. Od momentu za\u0142o\u017cenia firmy w 1995 roku, przekszta\u0142cili\u015bmy si\u0119 z dostawcy technologii t\u0142umacze\u0144 ustnych w kompleksowego partnera w zakresie planowania, wyposa\u017cania i instalacji technologii medialnej AV, a tak\u017ce organizacji i obs\u0142ugi du\u017cych wydarze\u0144 krajowych i mi\u0119dzynarodowych. Dzi\u0119ki biurom w Berlinie, Monachium i D\u00fcsseldorfie wspieramy naszych klient\u00f3w wiedz\u0105 techniczn\u0105, innowacyjnymi rozwi\u0105zaniami i zr\u00f3wnowa\u017con\u0105 obs\u0142ug\u0105 w ca\u0142ym regionie DACH i poza nim.<\/p><p>Chcemy nadal rozwija\u0107 si\u0119 razem z wami w przysz\u0142o\u015bci, zawsze otwarci na nowe pomys\u0142y i technologie, aby wydarzenia by\u0142y jeszcze bardziej \u017cywe, zr\u00f3wnowa\u017cone i udane. \u2013 z niecierpliwo\u015bci\u0105 czeka na kontynuacj\u0119 tej \u015bcie\u017cki jako partnerzy.<\/p><\/div><\/div><\/div>\t\t\t\t\t\t\t\t\t\t\t\t\t\t\t\t\t\t<div class=\"eael-content-timeline-block\">\n    <div class=\"eael-content-timeline-line\">\n        <div class=\"eael-content-timeline-inner\"><\/div>\n    <\/div>\n    <div class=\"eael-content-timeline-img eael-picture\"><svg class=\"e-font-icon-svg e-fas-hand-holding-heart\" viewbox=\"0 0 576 512\" xmlns=\"http:\/\/www.w3.org\/2000\/svg\"><path d=\"M275.3 250.5c7 7.4 18.4 7.4 25.5 0l108.9-114.2c31.6-33.2 29.8-88.2-5.6-118.8-30.8-26.7-76.7-21.9-104.9 7.7L288 36.9l-11.1-11.6C248.7-4.4 202.8-9.2 172 17.5c-35.3 30.6-37.2 85.6-5.6 118.8l108.9 114.2zm290 77.6c-11.8-10.7-30.2-10-42.6 0L430.3 402c-11.3 9.1-25.4 14-40 14H272c-8.8 0-16-7.2-16-16s7.2-16 16-16h78.3c15.9 0 30.7-10.9 33.3-26.6 3.3-20-12.1-37.4-31.6-37.4H192c-27 0-53.1 9.3-74.1 26.3L71.4 384H16c-8.8 0-16 7.2-16 16v96c0 8.8 7.2 16 16 16h356.8c14.5 0 28.6-4.9 40-14L564 377c15.2-12.1 16.4-35.3 1.3-48.9z\"><\/path><\/svg><\/div><div class=\"eael-content-timeline-content\"><span class=\"eael-date\">2025<\/span><h2 class=\"eael-timeline-title\">Po\u0142\u0105czenie dw\u00f3ch sp\u00f3\u0142ek GmbH<\/h2><div class=\"eael-timeline-excerpt\"><p><img decoding=\"async\" class=\"alignleft wp-image-48119 size-full\" src=\"https:\/\/konferenztechnik.de\/wp-content\/uploads\/2025\/06\/PCS-Verschmelzung.avif\" alt=\"Po\u0142\u0105czenie sp\u00f3\u0142ek PCS GmbH\" width=\"1536\" height=\"1024\" title=\"\" srcset=\"https:\/\/konferenztechnik.de\/wp-content\/uploads\/2025\/06\/PCS-Verschmelzung.avif 1536w, https:\/\/konferenztechnik.de\/wp-content\/uploads\/2025\/06\/PCS-Verschmelzung-300x200.avif 300w, https:\/\/konferenztechnik.de\/wp-content\/uploads\/2025\/06\/PCS-Verschmelzung-1024x683.avif 1024w, https:\/\/konferenztechnik.de\/wp-content\/uploads\/2025\/06\/PCS-Verschmelzung-768x512.avif 768w, https:\/\/konferenztechnik.de\/wp-content\/uploads\/2025\/06\/PCS-Verschmelzung-18x12.avif 18w\" sizes=\"(max-width: 1536px) 100vw, 1536px\" \/>30 maja 2025 roku po\u0142\u0105czyli\u015bmy PCS Vertriebs- und Service GmbH z PCS Professional Conference Systems GmbH. Od tego czasu jeste\u015bmy zjednoczeni pod nazw\u0105 PCS Professional Conference Systems GmbH w naszych lokalizacjach w Berlinie, Monachium i D\u00fcsseldorfie. Teraz oferujemy ca\u0142y zakres naszych us\u0142ug z jednego \u017ar\u00f3d\u0142a.<\/p><\/div><\/div><\/div>\t\t\t\t\t\t\t\t\t\t\t\t\t\t\t\t\t\t<div class=\"eael-content-timeline-block\">\n    <div class=\"eael-content-timeline-line\">\n        <div class=\"eael-content-timeline-inner\"><\/div>\n    <\/div>\n    <div class=\"eael-content-timeline-img eael-picture\"><\/div><div class=\"eael-content-timeline-content\"><span class=\"eael-date\">2025<\/span><h2 class=\"eael-timeline-title\">Zwi\u0119kszona ekspansja instalacji na obszar Berlina<\/h2><div class=\"eael-timeline-excerpt\"><p><img decoding=\"async\" class=\"alignleft wp-image-48366 size-full\" src=\"https:\/\/konferenztechnik.de\/wp-content\/uploads\/2025\/09\/installation-berlin.avif\" alt=\"\" width=\"1500\" height=\"1000\" title=\"\" srcset=\"https:\/\/konferenztechnik.de\/wp-content\/uploads\/2025\/09\/installation-berlin.avif 1500w, https:\/\/konferenztechnik.de\/wp-content\/uploads\/2025\/09\/installation-berlin-300x200.avif 300w, https:\/\/konferenztechnik.de\/wp-content\/uploads\/2025\/09\/installation-berlin-1024x683.avif 1024w, https:\/\/konferenztechnik.de\/wp-content\/uploads\/2025\/09\/installation-berlin-768x512.avif 768w, https:\/\/konferenztechnik.de\/wp-content\/uploads\/2025\/09\/installation-berlin-18x12.avif 18w\" sizes=\"(max-width: 1500px) 100vw, 1500px\" \/>Wzmacniamy nasz zesp\u00f3\u0142 instalacyjny w Berlinie i rozszerzamy nasz lokalny obszar dzia\u0142alno\u015bci. Bliska wsp\u00f3\u0142praca z naszymi klientami tworzy wiele synergii, kt\u00f3re umo\u017cliwiaj\u0105 realizacj\u0119 ekscytuj\u0105cych projekt\u00f3w. Skupiamy si\u0119 na instalacji, sprzeda\u017cy, konserwacji i serwisie w dziedzinie technologii medi\u00f3w AV.<\/p><\/div><\/div><\/div>\t\t\t\t\t\t\t\t\t\t\t\t\t\t\t\t\t\t<div class=\"eael-content-timeline-block\">\n    <div class=\"eael-content-timeline-line\">\n        <div class=\"eael-content-timeline-inner\"><\/div>\n    <\/div>\n    <div class=\"eael-content-timeline-img eael-picture\"><\/div><div class=\"eael-content-timeline-content\"><span class=\"eael-date\">2025<\/span><h2 class=\"eael-timeline-title\">PCS zostaje partnerem CRA (Conference Rental Alliance) firmy Televic<\/h2><div class=\"eael-timeline-excerpt\"><p><img loading=\"lazy\" decoding=\"async\" class=\"alignleft wp-image-48362 size-full\" src=\"https:\/\/konferenztechnik.de\/wp-content\/uploads\/2025\/09\/Televic-Conference-Partners.avif\" alt=\"Partnerzy konferencji Televic\" width=\"1920\" height=\"1080\" title=\"\" srcset=\"https:\/\/konferenztechnik.de\/wp-content\/uploads\/2025\/09\/Televic-Conference-Partners.avif 1920w, https:\/\/konferenztechnik.de\/wp-content\/uploads\/2025\/09\/Televic-Conference-Partners-300x169.avif 300w, https:\/\/konferenztechnik.de\/wp-content\/uploads\/2025\/09\/Televic-Conference-Partners-1024x576.avif 1024w, https:\/\/konferenztechnik.de\/wp-content\/uploads\/2025\/09\/Televic-Conference-Partners-768x432.avif 768w, https:\/\/konferenztechnik.de\/wp-content\/uploads\/2025\/09\/Televic-Conference-Partners-1536x864.avif 1536w, https:\/\/konferenztechnik.de\/wp-content\/uploads\/2025\/09\/Televic-Conference-Partners-18x10.avif 18w\" sizes=\"(max-width: 1920px) 100vw, 1920px\" \/>PCS jest teraz cz\u0142onkiem Televic Rental Alliance \u2013, silnego partnerstwa, kt\u00f3re daje nam dost\u0119p do mi\u0119dzynarodowej sieci ekspert\u00f3w i najnowocze\u015bniejszej technologii konferencyjnej. Wsp\u00f3\u0142praca ta pozwala nam oferowa\u0107 naszym klientom jeszcze bardziej elastyczne rozwi\u0105zania i najwy\u017cszej klasy us\u0142ugi. Jeste\u015bmy bardzo podekscytowani mo\u017cliwo\u015bci\u0105 dalszego rozszerzania naszej oferty wraz z do\u015bwiadczonymi partnerami bran\u017cowymi.<\/p><\/div><\/div><\/div>\t\t\t\t\t\t\t\t\t\t\t\t\t\t\t\t\t\t<div class=\"eael-content-timeline-block\">\n    <div class=\"eael-content-timeline-line\">\n        <div class=\"eael-content-timeline-inner\"><\/div>\n    <\/div>\n    <div class=\"eael-content-timeline-img eael-picture\"><svg class=\"e-font-icon-svg e-fas-robot\" viewbox=\"0 0 640 512\" xmlns=\"http:\/\/www.w3.org\/2000\/svg\"><path d=\"M32,224H64V416H32A31.96166,31.96166,0,0,1,0,384V256A31.96166,31.96166,0,0,1,32,224Zm512-48V448a64.06328,64.06328,0,0,1-64,64H160a64.06328,64.06328,0,0,1-64-64V176a79.974,79.974,0,0,1,80-80H288V32a32,32,0,0,1,64,0V96H464A79.974,79.974,0,0,1,544,176ZM264,256a40,40,0,1,0-40,40A39.997,39.997,0,0,0,264,256Zm-8,128H192v32h64Zm96,0H288v32h64ZM456,256a40,40,0,1,0-40,40A39.997,39.997,0,0,0,456,256Zm-8,128H384v32h64ZM640,256V384a31.96166,31.96166,0,0,1-32,32H576V224h32A31.96166,31.96166,0,0,1,640,256Z\"><\/path><\/svg><\/div><div class=\"eael-content-timeline-content\"><span class=\"eael-date\">2025<\/span><h2 class=\"eael-timeline-title\">T\u0142umaczenie AI i zamiana mowy na tekst <\/h2><div class=\"eael-timeline-excerpt\"><p><img loading=\"lazy\" decoding=\"async\" class=\"alignleft wp-image-48019 size-full\" src=\"https:\/\/konferenztechnik.de\/wp-content\/uploads\/2025\/05\/live-speech-to-text-transkription-uebersetzung.avif\" alt=\"\" width=\"840\" height=\"568\" title=\"\" srcset=\"https:\/\/konferenztechnik.de\/wp-content\/uploads\/2025\/05\/live-speech-to-text-transkription-uebersetzung.avif 840w, https:\/\/konferenztechnik.de\/wp-content\/uploads\/2025\/05\/live-speech-to-text-transkription-uebersetzung-300x203.avif 300w, https:\/\/konferenztechnik.de\/wp-content\/uploads\/2025\/05\/live-speech-to-text-transkription-uebersetzung-768x519.avif 768w, https:\/\/konferenztechnik.de\/wp-content\/uploads\/2025\/05\/live-speech-to-text-transkription-uebersetzung-18x12.avif 18w\" sizes=\"(max-width: 840px) 100vw, 840px\" \/>Obecnie oferujemy nowoczesne rozwi\u0105zania sztucznej inteligencji w zakresie t\u0142umacze\u0144 symultanicznych i napis\u00f3w na \u017cywo. Wykorzystujemy te technologie jako uzupe\u0142nienie lub alternatyw\u0119 dla t\u0142umacze\u0144 ustnych, w zale\u017cno\u015bci od potrzeb, aby zaoferowa\u0107 naszym klientom elastyczne i innowacyjne opcje dla ich wydarze\u0144.<\/p><\/div><\/div><\/div>\t\t\t\t\t\t\t\t\t\t\t\t\t\t\t\t\t\t<div class=\"eael-content-timeline-block\">\n    <div class=\"eael-content-timeline-line\">\n        <div class=\"eael-content-timeline-inner\"><\/div>\n    <\/div>\n    <div class=\"eael-content-timeline-img eael-picture\"><svg class=\"e-font-icon-svg e-fas-heart\" viewbox=\"0 0 512 512\" xmlns=\"http:\/\/www.w3.org\/2000\/svg\"><path d=\"M462.3 62.6C407.5 15.9 326 24.3 275.7 76.2L256 96.5l-19.7-20.3C186.1 24.3 104.5 15.9 49.7 62.6c-62.8 53.6-66.1 149.8-9.9 207.9l193.5 199.8c12.5 12.9 32.8 12.9 45.3 0l193.5-199.8c56.3-58.1 53-154.3-9.8-207.9z\"><\/path><\/svg><\/div><div class=\"eael-content-timeline-content\"><span class=\"eael-date\">2024<\/span><h2 class=\"eael-timeline-title\">Z nami od 25 lat. Dzi\u0119kujemy!<\/h2><div class=\"eael-timeline-excerpt\"><p><img loading=\"lazy\" decoding=\"async\" class=\"alignleft wp-image-48436 size-full\" src=\"https:\/\/konferenztechnik.de\/wp-content\/uploads\/2025\/09\/monika.avif\" alt=\"monika z bukietem kwiat\u00f3w\" width=\"1039\" height=\"1300\" title=\"\" srcset=\"https:\/\/konferenztechnik.de\/wp-content\/uploads\/2025\/09\/monika.avif 1039w, https:\/\/konferenztechnik.de\/wp-content\/uploads\/2025\/09\/monika-240x300.avif 240w, https:\/\/konferenztechnik.de\/wp-content\/uploads\/2025\/09\/monika-818x1024.avif 818w, https:\/\/konferenztechnik.de\/wp-content\/uploads\/2025\/09\/monika-768x961.avif 768w, https:\/\/konferenztechnik.de\/wp-content\/uploads\/2025\/09\/monika-10x12.avif 10w\" sizes=\"(max-width: 1039px) 100vw, 1039px\" \/><\/p><p>Monika van den Boogaard by\u0142a naszym pierwszym sta\u0142ym pracownikiem w 1999 roku. Dzi\u0119kujemy jej z ca\u0142ego serca za to, \u017ce pozosta\u0142a nam lojalna przez tak d\u0142ugi czas. Chcieliby\u015bmy r\u00f3wnie\u017c podzi\u0119kowa\u0107 wszystkim innym pracownikom, z kt\u00f3rych niekt\u00f3rzy wspieraj\u0105 nas od wielu, wielu lat, uko\u0144czyli z nami szkolenie i pozostali lub s\u0105 zupe\u0142nie nowymi cz\u0142onkami naszego zespo\u0142u. Bez Was nie byliby\u015bmy tym, czym jeste\u015bmy dzisiaj!<\/p><\/div><\/div><\/div>\t\t\t\t\t\t\t\t\t\t\t\t\t\t\t\t\t\t<div class=\"eael-content-timeline-block\">\n    <div class=\"eael-content-timeline-line\">\n        <div class=\"eael-content-timeline-inner\"><\/div>\n    <\/div>\n    <div class=\"eael-content-timeline-img eael-picture\"><svg class=\"e-font-icon-svg e-fas-star\" viewbox=\"0 0 576 512\" xmlns=\"http:\/\/www.w3.org\/2000\/svg\"><path d=\"M259.3 17.8L194 150.2 47.9 171.5c-26.2 3.8-36.7 36.1-17.7 54.6l105.7 103-25 145.5c-4.5 26.3 23.2 46 46.4 33.7L288 439.6l130.7 68.7c23.2 12.2 50.9-7.4 46.4-33.7l-25-145.5 105.7-103c19-18.5 8.5-50.8-17.7-54.6L382 150.2 316.7 17.8c-11.7-23.6-45.6-23.9-57.4 0z\"><\/path><\/svg><\/div><div class=\"eael-content-timeline-content\"><span class=\"eael-date\">2022<\/span><h2 class=\"eael-timeline-title\">Silny nacisk na kompleksow\u0105 obs\u0142ug\u0119 wydarze\u0144<\/h2><div class=\"eael-timeline-excerpt\"><p><img loading=\"lazy\" decoding=\"async\" class=\"alignleft wp-image-48346 size-full\" src=\"https:\/\/konferenztechnik.de\/wp-content\/uploads\/2025\/09\/vdz-va.avif\" alt=\"\" width=\"1500\" height=\"1000\" title=\"\" srcset=\"https:\/\/konferenztechnik.de\/wp-content\/uploads\/2025\/09\/vdz-va.avif 1500w, https:\/\/konferenztechnik.de\/wp-content\/uploads\/2025\/09\/vdz-va-300x200.avif 300w, https:\/\/konferenztechnik.de\/wp-content\/uploads\/2025\/09\/vdz-va-1024x683.avif 1024w, https:\/\/konferenztechnik.de\/wp-content\/uploads\/2025\/09\/vdz-va-768x512.avif 768w, https:\/\/konferenztechnik.de\/wp-content\/uploads\/2025\/09\/vdz-va-18x12.avif 18w\" sizes=\"(max-width: 1500px) 100vw, 1500px\" \/>Z biegiem lat firma PCS coraz bardziej przekszta\u0142ca\u0142a si\u0119 w dostawc\u0119 kompleksowych us\u0142ug w zakresie technologii eventowych. Zajmujemy si\u0119 ju\u017c nie tylko t\u0142umaczeniami ustnymi, ale tak\u017ce planowaniem i realizacj\u0105 du\u017cych wydarze\u0144, konferencji i spotka\u0144 w ca\u0142ych Niemczech. Jako dostawca us\u0142ug technicznych wspieramy ministerstwa, biura du\u017cych firm i wielu innych klient\u00f3w.<\/p><\/div><\/div><\/div>\t\t\t\t\t\t\t\t\t\t\t\t\t\t\t\t\t\t<div class=\"eael-content-timeline-block\">\n    <div class=\"eael-content-timeline-line\">\n        <div class=\"eael-content-timeline-inner\"><\/div>\n    <\/div>\n    <div class=\"eael-content-timeline-img eael-picture\"><\/div><div class=\"eael-content-timeline-content\"><span class=\"eael-date\">2022<\/span><h2 class=\"eael-timeline-title\">Przeniesienie oddzia\u0142u w Berlinie<\/h2><div class=\"eael-timeline-excerpt\"><p><img loading=\"lazy\" decoding=\"async\" class=\"alignleft wp-image-48367 size-full\" src=\"https:\/\/konferenztechnik.de\/wp-content\/uploads\/2025\/09\/483098937_9334542569914857_7972693768673313552_n.avif\" alt=\"PCS Berlin - K\u00f6penicker STra\u00dfe\" width=\"2016\" height=\"1512\" title=\"\" srcset=\"https:\/\/konferenztechnik.de\/wp-content\/uploads\/2025\/09\/483098937_9334542569914857_7972693768673313552_n.avif 2016w, https:\/\/konferenztechnik.de\/wp-content\/uploads\/2025\/09\/483098937_9334542569914857_7972693768673313552_n-300x225.avif 300w, https:\/\/konferenztechnik.de\/wp-content\/uploads\/2025\/09\/483098937_9334542569914857_7972693768673313552_n-1024x768.avif 1024w, https:\/\/konferenztechnik.de\/wp-content\/uploads\/2025\/09\/483098937_9334542569914857_7972693768673313552_n-768x576.avif 768w, https:\/\/konferenztechnik.de\/wp-content\/uploads\/2025\/09\/483098937_9334542569914857_7972693768673313552_n-1536x1152.avif 1536w, https:\/\/konferenztechnik.de\/wp-content\/uploads\/2025\/09\/483098937_9334542569914857_7972693768673313552_n-16x12.avif 16w\" sizes=\"(max-width: 2016px) 100vw, 2016px\" \/>Nasz berli\u0144ski oddzia\u0142 przeni\u00f3s\u0142 si\u0119 z Zossener Strasse do pi\u0119knej nowej siedziby przy K\u00f6penicker Strasse na Kreuzbergu. Mamy tam znacznie wi\u0119cej miejsca do przechowywania, a w szczeg\u00f3lno\u015bci na nowe studia t\u0142umacze\u0144 ustnych, a tak\u017ce powi\u0119kszon\u0105 przestrze\u0144 biurow\u0105.<\/p><\/div><\/div><\/div>\t\t\t\t\t\t\t\t\t\t\t\t\t\t\t\t\t\t<div class=\"eael-content-timeline-block\">\n    <div class=\"eael-content-timeline-line\">\n        <div class=\"eael-content-timeline-inner\"><\/div>\n    <\/div>\n    <div class=\"eael-content-timeline-img eael-picture\"><svg class=\"e-font-icon-svg e-fas-star\" viewbox=\"0 0 576 512\" xmlns=\"http:\/\/www.w3.org\/2000\/svg\"><path d=\"M259.3 17.8L194 150.2 47.9 171.5c-26.2 3.8-36.7 36.1-17.7 54.6l105.7 103-25 145.5c-4.5 26.3 23.2 46 46.4 33.7L288 439.6l130.7 68.7c23.2 12.2 50.9-7.4 46.4-33.7l-25-145.5 105.7-103c19-18.5 8.5-50.8-17.7-54.6L382 150.2 316.7 17.8c-11.7-23.6-45.6-23.9-57.4 0z\"><\/path><\/svg><\/div><div class=\"eael-content-timeline-content\"><span class=\"eael-date\">2021<\/span><h2 class=\"eael-timeline-title\">Prowadzimy centra t\u0142umacze\u0144 ustnych w ca\u0142ych Niemczech<\/h2><div class=\"eael-timeline-excerpt\"><p><img loading=\"lazy\" decoding=\"async\" class=\"alignleft wp-image-48428 size-full\" src=\"https:\/\/konferenztechnik.de\/wp-content\/uploads\/2025\/09\/RSI-Dolmetsch-Hubs.avif\" alt=\"W\u0119z\u0142y interpretacyjne RSI\" width=\"1500\" height=\"991\" title=\"\" srcset=\"https:\/\/konferenztechnik.de\/wp-content\/uploads\/2025\/09\/RSI-Dolmetsch-Hubs.avif 1500w, https:\/\/konferenztechnik.de\/wp-content\/uploads\/2025\/09\/RSI-Dolmetsch-Hubs-300x198.avif 300w, https:\/\/konferenztechnik.de\/wp-content\/uploads\/2025\/09\/RSI-Dolmetsch-Hubs-1024x677.avif 1024w, https:\/\/konferenztechnik.de\/wp-content\/uploads\/2025\/09\/RSI-Dolmetsch-Hubs-768x507.avif 768w, https:\/\/konferenztechnik.de\/wp-content\/uploads\/2025\/09\/RSI-Dolmetsch-Hubs-18x12.avif 18w\" sizes=\"(max-width: 1500px) 100vw, 1500px\" \/><\/p><p>Prowadzimy profesjonalne centra serwisowe we wszystkich naszych sklepach. <strong>Centra t\u0142umacze\u0144 ustnych<\/strong>kt\u00f3re s\u0105 specjalnie wyposa\u017cone do zdalnego t\u0142umaczenia symultanicznego (RSI).<\/p><p>Studia te prze\u017cywa\u0142y sw\u00f3j rozkwit podczas pandemii, kiedy to wideokonferencje i wydarzenia hybrydowe by\u0142y obs\u0142ugiwane technicznie i jednocze\u015bnie interpretowane niemal codziennie. Dzi\u015b RSI jest uznanym standardem \u2013, a my wnie\u015bli\u015bmy w to decyduj\u0105cy wk\u0142ad poprzez rozw\u00f3j odpowiednich system\u00f3w i infrastruktury, a tak\u017ce nasz\u0105 prac\u0119 w komitetach DIN i ISO.<\/p><\/div><\/div><\/div>\t\t\t\t\t\t\t\t\t\t\t\t\t\t\t\t\t\t<div class=\"eael-content-timeline-block\">\n    <div class=\"eael-content-timeline-line\">\n        <div class=\"eael-content-timeline-inner\"><\/div>\n    <\/div>\n    <div class=\"eael-content-timeline-img eael-picture\"><\/div><div class=\"eael-content-timeline-content\"><span class=\"eael-date\">2021<\/span><h2 class=\"eael-timeline-title\">Nowi dyrektorzy zarz\u0105dzaj\u0105cy Gunnar Hermenau i Thorsten Gei\u00dfler<\/h2><div class=\"eael-timeline-excerpt\"><p><img loading=\"lazy\" decoding=\"async\" class=\"alignleft wp-image-48358 size-full\" src=\"https:\/\/konferenztechnik.de\/wp-content\/uploads\/2025\/09\/PCS-konferenztechnik-Geschaeftsfuehrung-04.avif\" alt=\"PCS konferenztechnik - Zarz\u0105dzanie - 04\" width=\"1400\" height=\"788\" title=\"\" srcset=\"https:\/\/konferenztechnik.de\/wp-content\/uploads\/2025\/09\/PCS-konferenztechnik-Geschaeftsfuehrung-04.avif 1400w, https:\/\/konferenztechnik.de\/wp-content\/uploads\/2025\/09\/PCS-konferenztechnik-Geschaeftsfuehrung-04-300x169.avif 300w, https:\/\/konferenztechnik.de\/wp-content\/uploads\/2025\/09\/PCS-konferenztechnik-Geschaeftsfuehrung-04-1024x576.avif 1024w, https:\/\/konferenztechnik.de\/wp-content\/uploads\/2025\/09\/PCS-konferenztechnik-Geschaeftsfuehrung-04-768x432.avif 768w, https:\/\/konferenztechnik.de\/wp-content\/uploads\/2025\/09\/PCS-konferenztechnik-Geschaeftsfuehrung-04-18x10.avif 18w\" sizes=\"(max-width: 1400px) 100vw, 1400px\" \/>Gunnar Hermenau i Thorsten Gei\u00dfler zostali nowymi dyrektorami zarz\u0105dzaj\u0105cymi PCS i ze skutkiem natychmiastowym b\u0119d\u0105 wspiera\u0107 Dirka Neumanna i J\u00f6rga Peschk\u0119. Dwaj za\u0142o\u017cyciele pozostan\u0105 partnerami i dyrektorami zarz\u0105dzaj\u0105cymi, ale chc\u0105 si\u0119 bardziej wycofa\u0107.<\/p><\/div><\/div><\/div>\t\t\t\t\t\t\t\t\t\t\t\t\t\t\t\t\t\t<div class=\"eael-content-timeline-block\">\n    <div class=\"eael-content-timeline-line\">\n        <div class=\"eael-content-timeline-inner\"><\/div>\n    <\/div>\n    <div class=\"eael-content-timeline-img eael-picture\"><svg class=\"e-font-icon-svg e-fas-leaf\" viewbox=\"0 0 576 512\" xmlns=\"http:\/\/www.w3.org\/2000\/svg\"><path d=\"M546.2 9.7c-5.6-12.5-21.6-13-28.3-1.2C486.9 62.4 431.4 96 368 96h-80C182 96 96 182 96 288c0 7 .8 13.7 1.5 20.5C161.3 262.8 253.4 224 384 224c8.8 0 16 7.2 16 16s-7.2 16-16 16C132.6 256 26 410.1 2.4 468c-6.6 16.3 1.2 34.9 17.5 41.6 16.4 6.8 35-1.1 41.8-17.3 1.5-3.6 20.9-47.9 71.9-90.6 32.4 43.9 94 85.8 174.9 77.2C465.5 467.5 576 326.7 576 154.3c0-50.2-10.8-102.2-29.8-144.6z\"><\/path><\/svg><\/div><div class=\"eael-content-timeline-content\"><span class=\"eael-date\">2021<\/span><h2 class=\"eael-timeline-title\">Certyfikat zr\u00f3wnowa\u017conego partnera \"High Performer\u201d<\/h2><div class=\"eael-timeline-excerpt\"><p><img loading=\"lazy\" decoding=\"async\" class=\"alignleft wp-image-19752 size-full\" src=\"https:\/\/konferenztechnik.de\/wp-content\/uploads\/2022\/06\/sustainable-meetings-berlin-konferenztechnik.jpg\" alt=\"\" width=\"405\" height=\"270\" title=\"\" srcset=\"https:\/\/konferenztechnik.de\/wp-content\/uploads\/2022\/06\/sustainable-meetings-berlin-konferenztechnik.jpg 405w, https:\/\/konferenztechnik.de\/wp-content\/uploads\/2022\/06\/sustainable-meetings-berlin-konferenztechnik-300x200.jpg 300w\" sizes=\"(max-width: 405px) 100vw, 405px\" \/>To, co praktykujemy od d\u0142u\u017cszego czasu, jest teraz oficjalne: otrzymali\u015bmy certyfikat Sustainable Partner Berlin. \u015awiadczy to o tym, \u017ce zr\u00f3wnowa\u017cony rozw\u00f3j jest mocno zakorzeniony w naszych us\u0142ugach, technologii i firmie.<\/p><\/div><\/div><\/div>\t\t\t\t\t\t\t\t\t\t\t\t\t\t\t\t\t\t<div class=\"eael-content-timeline-block\">\n    <div class=\"eael-content-timeline-line\">\n        <div class=\"eael-content-timeline-inner\"><\/div>\n    <\/div>\n    <div class=\"eael-content-timeline-img eael-picture\"><\/div><div class=\"eael-content-timeline-content\"><span class=\"eael-date\">2020<\/span><h2 class=\"eael-timeline-title\">Transmisja radiowa DECT<\/h2><div class=\"eael-timeline-excerpt\"><p><img loading=\"lazy\" decoding=\"async\" class=\"alignleft wp-image-48351 size-full\" src=\"https:\/\/konferenztechnik.de\/wp-content\/uploads\/2025\/09\/unite.avif\" alt=\"UNITE - odbiornik DECT\" width=\"956\" height=\"1120\" title=\"\" srcset=\"https:\/\/konferenztechnik.de\/wp-content\/uploads\/2025\/09\/unite.avif 956w, https:\/\/konferenztechnik.de\/wp-content\/uploads\/2025\/09\/unite-256x300.avif 256w, https:\/\/konferenztechnik.de\/wp-content\/uploads\/2025\/09\/unite-874x1024.avif 874w, https:\/\/konferenztechnik.de\/wp-content\/uploads\/2025\/09\/unite-768x900.avif 768w, https:\/\/konferenztechnik.de\/wp-content\/uploads\/2025\/09\/unite-10x12.avif 10w\" sizes=\"(max-width: 956px) 100vw, 956px\" \/>W 2020 roku zainwestowali\u015bmy znaczne \u015brodki w now\u0105 technologi\u0119 transmisji DECT UNITE, kt\u00f3ra zosta\u0142a opracowana przez Beyerdynamic. Od tego czasu system zosta\u0142 przej\u0119ty i dalej rozwijany przez Televic \u2013 i jest obecnie uwa\u017cany za najnowocze\u015bniejszy system transmisji dalekiego zasi\u0119gu dla odbiornik\u00f3w konferencyjnych na rynku.<\/p><\/div><\/div><\/div>\t\t\t\t\t\t\t\t\t\t\t\t\t\t\t\t\t\t<div class=\"eael-content-timeline-block\">\n    <div class=\"eael-content-timeline-line\">\n        <div class=\"eael-content-timeline-inner\"><\/div>\n    <\/div>\n    <div class=\"eael-content-timeline-img eael-picture\"><svg class=\"e-font-icon-svg e-fas-thumbs-up\" viewbox=\"0 0 512 512\" xmlns=\"http:\/\/www.w3.org\/2000\/svg\"><path d=\"M104 224H24c-13.255 0-24 10.745-24 24v240c0 13.255 10.745 24 24 24h80c13.255 0 24-10.745 24-24V248c0-13.255-10.745-24-24-24zM64 472c-13.255 0-24-10.745-24-24s10.745-24 24-24 24 10.745 24 24-10.745 24-24 24zM384 81.452c0 42.416-25.97 66.208-33.277 94.548h101.723c33.397 0 59.397 27.746 59.553 58.098.084 17.938-7.546 37.249-19.439 49.197l-.11.11c9.836 23.337 8.237 56.037-9.308 79.469 8.681 25.895-.069 57.704-16.382 74.757 4.298 17.598 2.244 32.575-6.148 44.632C440.202 511.587 389.616 512 346.839 512l-2.845-.001c-48.287-.017-87.806-17.598-119.56-31.725-15.957-7.099-36.821-15.887-52.651-16.178-6.54-.12-11.783-5.457-11.783-11.998v-213.77c0-3.2 1.282-6.271 3.558-8.521 39.614-39.144 56.648-80.587 89.117-113.111 14.804-14.832 20.188-37.236 25.393-58.902C282.515 39.293 291.817 0 312 0c24 0 72 8 72 81.452z\"><\/path><\/svg><\/div><div class=\"eael-content-timeline-content\"><span class=\"eael-date\">2018<\/span><h2 class=\"eael-timeline-title\">Jeste\u015bmy wyspecjalizowanymi dealerami znanych producent\u00f3w<\/h2><div class=\"eael-timeline-excerpt\"><p><img loading=\"lazy\" decoding=\"async\" class=\"alignleft wp-image-48440 size-full\" src=\"https:\/\/konferenztechnik.de\/wp-content\/uploads\/2025\/09\/IMG_0016_1.avif\" alt=\"PCS w Shure\" width=\"1147\" height=\"790\" title=\"\" srcset=\"https:\/\/konferenztechnik.de\/wp-content\/uploads\/2025\/09\/IMG_0016_1.avif 1147w, https:\/\/konferenztechnik.de\/wp-content\/uploads\/2025\/09\/IMG_0016_1-300x207.avif 300w, https:\/\/konferenztechnik.de\/wp-content\/uploads\/2025\/09\/IMG_0016_1-1024x705.avif 1024w, https:\/\/konferenztechnik.de\/wp-content\/uploads\/2025\/09\/IMG_0016_1-768x529.avif 768w, https:\/\/konferenztechnik.de\/wp-content\/uploads\/2025\/09\/IMG_0016_1-18x12.avif 18w\" sizes=\"(max-width: 1147px) 100vw, 1147px\" \/><\/p><p>Opr\u00f3cz instalacji i wynajmu <strong>Sprzeda\u017c technologii medi\u00f3w AV<\/strong> sta\u0142a si\u0119 kolejnym mocnym filarem PCS. Jeste\u015bmy obecnie wyspecjalizowanymi dealerami i partnerami wielu znanych producent\u00f3w w dziedzinie technologii audio i wideo \u2013, w tym Bosch, Sennheiser, Televic, Audipack, Extron, QSC, Sharp\/NEC, i3-Technologies i oczywi\u015bcie, jak wida\u0107 na zdj\u0119ciu, Shure.<\/p><\/div><\/div><\/div>\t\t\t\t\t\t\t\t\t\t\t\t\t\t\t\t\t\t<div class=\"eael-content-timeline-block\">\n    <div class=\"eael-content-timeline-line\">\n        <div class=\"eael-content-timeline-inner\"><\/div>\n    <\/div>\n    <div class=\"eael-content-timeline-img eael-picture\"><svg class=\"e-font-icon-svg e-fas-thumbs-up\" viewbox=\"0 0 512 512\" xmlns=\"http:\/\/www.w3.org\/2000\/svg\"><path d=\"M104 224H24c-13.255 0-24 10.745-24 24v240c0 13.255 10.745 24 24 24h80c13.255 0 24-10.745 24-24V248c0-13.255-10.745-24-24-24zM64 472c-13.255 0-24-10.745-24-24s10.745-24 24-24 24 10.745 24 24-10.745 24-24 24zM384 81.452c0 42.416-25.97 66.208-33.277 94.548h101.723c33.397 0 59.397 27.746 59.553 58.098.084 17.938-7.546 37.249-19.439 49.197l-.11.11c9.836 23.337 8.237 56.037-9.308 79.469 8.681 25.895-.069 57.704-16.382 74.757 4.298 17.598 2.244 32.575-6.148 44.632C440.202 511.587 389.616 512 346.839 512l-2.845-.001c-48.287-.017-87.806-17.598-119.56-31.725-15.957-7.099-36.821-15.887-52.651-16.178-6.54-.12-11.783-5.457-11.783-11.998v-213.77c0-3.2 1.282-6.271 3.558-8.521 39.614-39.144 56.648-80.587 89.117-113.111 14.804-14.832 20.188-37.236 25.393-58.902C282.515 39.293 291.817 0 312 0c24 0 72 8 72 81.452z\"><\/path><\/svg><\/div><div class=\"eael-content-timeline-content\"><span class=\"eael-date\">2018<\/span><h2 class=\"eael-timeline-title\">Certyfikacja jako certyfikowany dostawca us\u0142ug eventowych DPVT<\/h2><div class=\"eael-timeline-excerpt\"><p><img loading=\"lazy\" decoding=\"async\" class=\"alignleft wp-image-48353 size-full\" src=\"https:\/\/konferenztechnik.de\/wp-content\/uploads\/2025\/09\/dpvt-.avif\" alt=\"Certyfikat DPVT\" width=\"487\" height=\"685\" title=\"\" srcset=\"https:\/\/konferenztechnik.de\/wp-content\/uploads\/2025\/09\/dpvt-.avif 487w, https:\/\/konferenztechnik.de\/wp-content\/uploads\/2025\/09\/dpvt--213x300.avif 213w, https:\/\/konferenztechnik.de\/wp-content\/uploads\/2025\/09\/dpvt--9x12.avif 9w\" sizes=\"(max-width: 487px) 100vw, 487px\" \/>W 2018 roku otrzymali\u015bmy certyfikat dostawcy us\u0142ug eventowych wed\u0142ug DPVT. Certyfikat ten potwierdza, \u017ce spe\u0142niamy najwy\u017csze standardy zarz\u0105dzania jako\u015bci\u0105 i normy bran\u017cowe. Certyfikat oznacza nasz\u0105 profesjonalizacj\u0119, ci\u0105g\u0142e doskonalenie i ustrukturyzowany, zminimalizowany ryzyko spos\u00f3b pracy w sektorze eventowym.<\/p><\/div><\/div><\/div>\t\t\t\t\t\t\t\t\t\t\t\t\t\t\t\t\t\t<div class=\"eael-content-timeline-block\">\n    <div class=\"eael-content-timeline-line\">\n        <div class=\"eael-content-timeline-inner\"><\/div>\n    <\/div>\n    <div class=\"eael-content-timeline-img eael-picture\"><\/div><div class=\"eael-content-timeline-content\"><span class=\"eael-date\">2013<\/span><h2 class=\"eael-timeline-title\"> Otwarcie oddzia\u0142u w Monachium<\/h2><div class=\"eael-timeline-excerpt\"><p><img loading=\"lazy\" decoding=\"async\" class=\"alignleft wp-image-48336 size-full\" src=\"https:\/\/konferenztechnik.de\/wp-content\/uploads\/2025\/09\/Muenchen-Gewerbepark-Laim-2013-11.avif\" alt=\"\" width=\"859\" height=\"483\" title=\"\" srcset=\"https:\/\/konferenztechnik.de\/wp-content\/uploads\/2025\/09\/Muenchen-Gewerbepark-Laim-2013-11.avif 859w, https:\/\/konferenztechnik.de\/wp-content\/uploads\/2025\/09\/Muenchen-Gewerbepark-Laim-2013-11-300x169.avif 300w, https:\/\/konferenztechnik.de\/wp-content\/uploads\/2025\/09\/Muenchen-Gewerbepark-Laim-2013-11-768x432.avif 768w, https:\/\/konferenztechnik.de\/wp-content\/uploads\/2025\/09\/Muenchen-Gewerbepark-Laim-2013-11-18x10.avif 18w\" sizes=\"(max-width: 859px) 100vw, 859px\" \/>W 2013 roku otworzyli\u015bmy nasz oddzia\u0142 w Monachium pod kierownictwem Sebastiana Geguscha. Ta strategicznie wa\u017cna lokalizacja w dynamicznym mie\u015bcie oferuje nam doskona\u0142\u0105 podstaw\u0119 do bycia jeszcze bli\u017cej naszych klient\u00f3w w po\u0142udniowych Niemczech i elastycznego reagowania na ich \u017cyczenia.<\/p><\/div><\/div><\/div>\t\t\t\t\t\t\t\t\t\t\t\t\t\t\t\t\t\t<div class=\"eael-content-timeline-block\">\n    <div class=\"eael-content-timeline-line\">\n        <div class=\"eael-content-timeline-inner\"><\/div>\n    <\/div>\n    <div class=\"eael-content-timeline-img eael-picture\"><svg class=\"e-font-icon-svg e-fas-star\" viewbox=\"0 0 576 512\" xmlns=\"http:\/\/www.w3.org\/2000\/svg\"><path d=\"M259.3 17.8L194 150.2 47.9 171.5c-26.2 3.8-36.7 36.1-17.7 54.6l105.7 103-25 145.5c-4.5 26.3 23.2 46 46.4 33.7L288 439.6l130.7 68.7c23.2 12.2 50.9-7.4 46.4-33.7l-25-145.5 105.7-103c19-18.5 8.5-50.8-17.7-54.6L382 150.2 316.7 17.8c-11.7-23.6-45.6-23.9-57.4 0z\"><\/path><\/svg><\/div><div class=\"eael-content-timeline-content\"><span class=\"eael-date\">2011<\/span><h2 class=\"eael-timeline-title\">Du\u017ca instalacja technologii medialnej w Fundacji Fritza Thyssena<\/h2><div class=\"eael-timeline-excerpt\"><p><img loading=\"lazy\" decoding=\"async\" class=\"alignleft wp-image-48421 size-full\" src=\"https:\/\/konferenztechnik.de\/wp-content\/uploads\/2025\/09\/fritz-thyssen.avif\" alt=\"\" width=\"592\" height=\"839\" title=\"\" srcset=\"https:\/\/konferenztechnik.de\/wp-content\/uploads\/2025\/09\/fritz-thyssen.avif 592w, https:\/\/konferenztechnik.de\/wp-content\/uploads\/2025\/09\/fritz-thyssen-212x300.avif 212w, https:\/\/konferenztechnik.de\/wp-content\/uploads\/2025\/09\/fritz-thyssen-8x12.avif 8w\" sizes=\"(max-width: 592px) 100vw, 592px\" \/>W 2011 roku, jako PCS Vertriebs- und Service GmbH, zrealizowali\u015bmy jeden z naszych pierwszych du\u017cych projekt\u00f3w w dziedzinie instalacji technologii medialnej AV, jak donosi magazyn bran\u017cowy Professional System: Podj\u0119li\u015bmy si\u0119 kompletnej integracji i instalacji nowoczesnej technologii medialnej i konferencyjnej w nowej siedzibie Fundacji Fritza Thyssena w Kolonii. Koncentrowali\u015bmy si\u0119 na naszym kompletnym rozwi\u0105zaniu sieciowym \u2013 z sieci\u0105 \u015bwiat\u0142owodow\u0105, cyfrow\u0105 dystrybucj\u0105 sygna\u0142u i wyposa\u017ceniem kilku sal konferencyjnych w innowacyjne systemy sterowania i prezentacji. Tym kamieniem milowym pokazali\u015bmy, \u017ce mo\u017cemy niezawodnie realizowa\u0107 zaawansowane, kompletne rozwi\u0105zania nawet w z\u0142o\u017conych warunkach strukturalnych i architektonicznych.<\/p><\/div><\/div><\/div>\t\t\t\t\t\t\t\t\t\t\t\t\t\t\t\t\t\t<div class=\"eael-content-timeline-block\">\n    <div class=\"eael-content-timeline-line\">\n        <div class=\"eael-content-timeline-inner\"><\/div>\n    <\/div>\n    <div class=\"eael-content-timeline-img eael-picture\"><svg class=\"e-font-icon-svg e-fas-star\" viewbox=\"0 0 576 512\" xmlns=\"http:\/\/www.w3.org\/2000\/svg\"><path d=\"M259.3 17.8L194 150.2 47.9 171.5c-26.2 3.8-36.7 36.1-17.7 54.6l105.7 103-25 145.5c-4.5 26.3 23.2 46 46.4 33.7L288 439.6l130.7 68.7c23.2 12.2 50.9-7.4 46.4-33.7l-25-145.5 105.7-103c19-18.5 8.5-50.8-17.7-54.6L382 150.2 316.7 17.8c-11.7-23.6-45.6-23.9-57.4 0z\"><\/path><\/svg><\/div><div class=\"eael-content-timeline-content\"><span class=\"eael-date\">2006<\/span><h2 class=\"eael-timeline-title\">Za\u0142o\u017cenie sp\u00f3\u0142ki PCS der Vertriebs- und Service GmbH<\/h2><div class=\"eael-timeline-excerpt\"><p><img loading=\"lazy\" decoding=\"async\" class=\"alignleft wp-image-48354 size-full\" src=\"https:\/\/konferenztechnik.de\/wp-content\/uploads\/2025\/09\/pcs-vertrieb-altes-logopng.avif\" alt=\"PCS Vertriebs- und Service GmbH stare logo\" width=\"836\" height=\"529\" title=\"\" srcset=\"https:\/\/konferenztechnik.de\/wp-content\/uploads\/2025\/09\/pcs-vertrieb-altes-logopng.avif 836w, https:\/\/konferenztechnik.de\/wp-content\/uploads\/2025\/09\/pcs-vertrieb-altes-logopng-300x190.avif 300w, https:\/\/konferenztechnik.de\/wp-content\/uploads\/2025\/09\/pcs-vertrieb-altes-logopng-768x486.avif 768w, https:\/\/konferenztechnik.de\/wp-content\/uploads\/2025\/09\/pcs-vertrieb-altes-logopng-18x12.avif 18w\" sizes=\"(max-width: 836px) 100vw, 836px\" \/>Pod koniec 2006 roku za\u0142o\u017cyli\u015bmy nasz\u0105 siostrzan\u0105 sp\u00f3\u0142k\u0119 PCS Vertriebs- und Service GmbH w D\u00fcsseldorfie pod kierownictwem Dirka Neumanna. Tutaj zajmujemy si\u0119 instalacj\u0105, sprzeda\u017c\u0105, konserwacj\u0105 i planowaniem technologii medi\u00f3w AV i technologii konferencyjnej. Obie firmy istniej\u0105 obok siebie i uzupe\u0142niaj\u0105 si\u0119 wzajemnie swoimi us\u0142ugami i ofertami.<\/p><\/div><\/div><\/div>\t\t\t\t\t\t\t\t\t\t\t\t\t\t\t\t\t\t<div class=\"eael-content-timeline-block\">\n    <div class=\"eael-content-timeline-line\">\n        <div class=\"eael-content-timeline-inner\"><\/div>\n    <\/div>\n    <div class=\"eael-content-timeline-img eael-picture\"><svg class=\"e-font-icon-svg e-fas-basketball-ball\" viewbox=\"0 0 496 512\" xmlns=\"http:\/\/www.w3.org\/2000\/svg\"><path d=\"M212.3 10.3c-43.8 6.3-86.2 24.1-122.2 53.8l77.4 77.4c27.8-35.8 43.3-81.2 44.8-131.2zM248 222L405.9 64.1c-42.4-35-93.6-53.5-145.5-56.1-1.2 63.9-21.5 122.3-58.7 167.7L248 222zM56.1 98.1c-29.7 36-47.5 78.4-53.8 122.2 50-1.5 95.5-17 131.2-44.8L56.1 98.1zm272.2 204.2c45.3-37.1 103.7-57.4 167.7-58.7-2.6-51.9-21.1-103.1-56.1-145.5L282 256l46.3 46.3zM248 290L90.1 447.9c42.4 34.9 93.6 53.5 145.5 56.1 1.3-64 21.6-122.4 58.7-167.7L248 290zm191.9 123.9c29.7-36 47.5-78.4 53.8-122.2-50.1 1.6-95.5 17.1-131.2 44.8l77.4 77.4zM167.7 209.7C122.3 246.9 63.9 267.3 0 268.4c2.6 51.9 21.1 103.1 56.1 145.5L214 256l-46.3-46.3zm116 292c43.8-6.3 86.2-24.1 122.2-53.8l-77.4-77.4c-27.7 35.7-43.2 81.2-44.8 131.2z\"><\/path><\/svg><\/div><div class=\"eael-content-timeline-content\"><span class=\"eael-date\">2005<\/span><h2 class=\"eael-timeline-title\">Losowanie fina\u0142\u00f3w Mistrzostw \u015awiata 2006<\/h2><div class=\"eael-timeline-excerpt\"><p><img loading=\"lazy\" decoding=\"async\" class=\"alignleft wp-image-48342 size-full\" src=\"https:\/\/konferenztechnik.de\/wp-content\/uploads\/2025\/09\/wm-auslosung-2006-mit-pcs-konferenztechnik-1.avif\" alt=\"\" width=\"1500\" height=\"1125\" title=\"\" srcset=\"https:\/\/konferenztechnik.de\/wp-content\/uploads\/2025\/09\/wm-auslosung-2006-mit-pcs-konferenztechnik-1.avif 1500w, https:\/\/konferenztechnik.de\/wp-content\/uploads\/2025\/09\/wm-auslosung-2006-mit-pcs-konferenztechnik-1-300x225.avif 300w, https:\/\/konferenztechnik.de\/wp-content\/uploads\/2025\/09\/wm-auslosung-2006-mit-pcs-konferenztechnik-1-1024x768.avif 1024w, https:\/\/konferenztechnik.de\/wp-content\/uploads\/2025\/09\/wm-auslosung-2006-mit-pcs-konferenztechnik-1-768x576.avif 768w, https:\/\/konferenztechnik.de\/wp-content\/uploads\/2025\/09\/wm-auslosung-2006-mit-pcs-konferenztechnik-1-16x12.avif 16w\" sizes=\"(max-width: 1500px) 100vw, 1500px\" \/>W grudniu 2005 roku dostarczyli\u015bmy technologi\u0119 t\u0142umacze\u0144 symultanicznych na fina\u0142owe losowanie Mistrzostw \u015awiata 2006 w Lipsku. Posiadaj\u0105c 4000 odbiornik\u00f3w radiowych dla pi\u0119ciu j\u0119zyk\u00f3w, ustanowili\u015bmy standard \u2013 - skal\u0119 niespotykan\u0105 wcze\u015bniej w technologii radiowej do t\u0142umacze\u0144 symultanicznych.<\/p><\/div><\/div><\/div>\t\t\t\t\t\t\t\t\t\t\t\t\t\t\t\t\t\t<div class=\"eael-content-timeline-block\">\n    <div class=\"eael-content-timeline-line\">\n        <div class=\"eael-content-timeline-inner\"><\/div>\n    <\/div>\n    <div class=\"eael-content-timeline-img eael-picture\"><\/div><div class=\"eael-content-timeline-content\"><span class=\"eael-date\">2005<\/span><h2 class=\"eael-timeline-title\">Otwarcie oddzia\u0142u w Heilbronn<\/h2><div class=\"eael-timeline-excerpt\"><p><img loading=\"lazy\" decoding=\"async\" class=\"alignleft wp-image-48404 size-full\" src=\"https:\/\/konferenztechnik.de\/wp-content\/uploads\/2025\/09\/heilbronn2b.avif\" alt=\"\" width=\"620\" height=\"432\" title=\"\" srcset=\"https:\/\/konferenztechnik.de\/wp-content\/uploads\/2025\/09\/heilbronn2b.avif 620w, https:\/\/konferenztechnik.de\/wp-content\/uploads\/2025\/09\/heilbronn2b-300x209.avif 300w, https:\/\/konferenztechnik.de\/wp-content\/uploads\/2025\/09\/heilbronn2b-18x12.avif 18w\" sizes=\"(max-width: 620px) 100vw, 620px\" \/>Aby lepiej obs\u0142ugiwa\u0107 nasz\u0105 rosn\u0105c\u0105 baz\u0119 klient\u00f3w w po\u0142udniowych Niemczech, pomys\u0142 otwarcia oddzia\u0142u na po\u0142udniu stawa\u0142 si\u0119 coraz bardziej konkretny. Z Beyerdynamic jako niezawodnym partnerem i Shure tu\u017c za rogiem, nasz wyb\u00f3r szybko pad\u0142 na Heilbronn. W 2005 roku rozpocz\u0119li\u015bmy wsp\u00f3\u0142prac\u0119 z Carstenem Adamem, kt\u00f3ry za\u0142o\u017cy\u0142 i zarz\u0105dza\u0142 oddzia\u0142em. Na zdj\u0119ciu razem z Sebastianem Geguschem, kt\u00f3ry obecnie zarz\u0105dza monachijskim oddzia\u0142em PCS.<\/p><\/div><\/div><\/div>\t\t\t\t\t\t\t\t\t\t\t\t\t\t\t\t\t\t<div class=\"eael-content-timeline-block\">\n    <div class=\"eael-content-timeline-line\">\n        <div class=\"eael-content-timeline-inner\"><\/div>\n    <\/div>\n    <div class=\"eael-content-timeline-img eael-picture\"><\/div><div class=\"eael-content-timeline-content\"><span class=\"eael-date\">2001<\/span><h2 class=\"eael-timeline-title\">Technologia radiowa dla odbiornik\u00f3w t\u0142umacz\u0105cych<\/h2><div class=\"eael-timeline-excerpt\"><p><img loading=\"lazy\" decoding=\"async\" class=\"alignleft wp-image-48352 size-full\" src=\"https:\/\/konferenztechnik.de\/wp-content\/uploads\/2025\/09\/PCS-Messestand-BDUe-Berlin-Sep-09-030.avif\" alt=\"PCS stoisko BD\u00dc Berlin - 09 wrze\u015bnia - 030\" width=\"1500\" height=\"1000\" title=\"\" srcset=\"https:\/\/konferenztechnik.de\/wp-content\/uploads\/2025\/09\/PCS-Messestand-BDUe-Berlin-Sep-09-030.avif 1500w, https:\/\/konferenztechnik.de\/wp-content\/uploads\/2025\/09\/PCS-Messestand-BDUe-Berlin-Sep-09-030-300x200.avif 300w, https:\/\/konferenztechnik.de\/wp-content\/uploads\/2025\/09\/PCS-Messestand-BDUe-Berlin-Sep-09-030-1024x683.avif 1024w, https:\/\/konferenztechnik.de\/wp-content\/uploads\/2025\/09\/PCS-Messestand-BDUe-Berlin-Sep-09-030-768x512.avif 768w, https:\/\/konferenztechnik.de\/wp-content\/uploads\/2025\/09\/PCS-Messestand-BDUe-Berlin-Sep-09-030-18x12.avif 18w\" sizes=\"(max-width: 1500px) 100vw, 1500px\" \/>Wraz z nowym systemem technologii bezprzewodowej Beyerdynamic TTS 30, technologia bezprzewodowa zacz\u0119\u0142a konkurowa\u0107 z transmisj\u0105 w podczerwieni. W tym czasie zach\u0119cali\u015bmy Beyerdynamic do opracowania stacjonarnych nadajnik\u00f3w dla odbiornik\u00f3w bezprzewodowych \u2013 - kamienia milowego w dziedzinie transmisji g\u0142osu na konferencjach.<\/p><\/div><\/div><\/div>\t\t\t\t\t\t\t\t\t\t\t\t\t\t\t\t\t\t<div class=\"eael-content-timeline-block\">\n    <div class=\"eael-content-timeline-line\">\n        <div class=\"eael-content-timeline-inner\"><\/div>\n    <\/div>\n    <div class=\"eael-content-timeline-img eael-picture\"><svg class=\"e-font-icon-svg e-fas-star\" viewbox=\"0 0 576 512\" xmlns=\"http:\/\/www.w3.org\/2000\/svg\"><path d=\"M259.3 17.8L194 150.2 47.9 171.5c-26.2 3.8-36.7 36.1-17.7 54.6l105.7 103-25 145.5c-4.5 26.3 23.2 46 46.4 33.7L288 439.6l130.7 68.7c23.2 12.2 50.9-7.4 46.4-33.7l-25-145.5 105.7-103c19-18.5 8.5-50.8-17.7-54.6L382 150.2 316.7 17.8c-11.7-23.6-45.6-23.9-57.4 0z\"><\/path><\/svg><\/div><div class=\"eael-content-timeline-content\"><span class=\"eael-date\">2000<\/span><h2 class=\"eael-timeline-title\">Otwarcie oddzia\u0142u w Berlinie<\/h2><div class=\"eael-timeline-excerpt\"><p><img loading=\"lazy\" decoding=\"async\" class=\"alignleft wp-image-48330 size-full\" src=\"https:\/\/konferenztechnik.de\/wp-content\/uploads\/2025\/09\/Zossener-Strasse-Berlin-2021-03-edit-.avif\" alt=\"PCS oddzia\u0142 Zossener Stra\u00dfe Berlin. Do 2022 r.\" width=\"1500\" height=\"1072\" title=\"\" srcset=\"https:\/\/konferenztechnik.de\/wp-content\/uploads\/2025\/09\/Zossener-Strasse-Berlin-2021-03-edit-.avif 1500w, https:\/\/konferenztechnik.de\/wp-content\/uploads\/2025\/09\/Zossener-Strasse-Berlin-2021-03-edit--300x214.avif 300w, https:\/\/konferenztechnik.de\/wp-content\/uploads\/2025\/09\/Zossener-Strasse-Berlin-2021-03-edit--1024x732.avif 1024w, https:\/\/konferenztechnik.de\/wp-content\/uploads\/2025\/09\/Zossener-Strasse-Berlin-2021-03-edit--768x549.avif 768w, https:\/\/konferenztechnik.de\/wp-content\/uploads\/2025\/09\/Zossener-Strasse-Berlin-2021-03-edit--18x12.avif 18w\" sizes=\"(max-width: 1500px) 100vw, 1500px\" \/><\/p><p>Kiedy rz\u0105d przeni\u00f3s\u0142 si\u0119 z Bonn do Berlina w 1999 roku, szybko sta\u0142o si\u0119 dla nas jasne, \u017ce karawana nieuchronnie przenosi si\u0119 do stolicy. Opr\u00f3cz ministerstw, do \u2013 do\u0142\u0105czaj\u0105 r\u00f3wnie\u017c organizacje pozarz\u0105dowe i wiele firm z przedstawicielstwami w Berlinie - scena eventowa w Berlinie wyra\u017anie si\u0119 zmienia. Dlatego zdecydowali\u015bmy si\u0119 otworzy\u0107 oddzia\u0142 w Berlinie. J\u00f6rg Peschka i nasz technik Lars M\u00fcller przeprowadzili si\u0119 do Berlina i za\u0142o\u017cyli oddzia\u0142.<\/p><\/div><\/div><\/div>\t\t\t\t\t\t\t\t\t\t\t\t\t\t\t\t\t\t<div class=\"eael-content-timeline-block\">\n    <div class=\"eael-content-timeline-line\">\n        <div class=\"eael-content-timeline-inner\"><\/div>\n    <\/div>\n    <div class=\"eael-content-timeline-img eael-picture\"><\/div><div class=\"eael-content-timeline-content\"><span class=\"eael-date\">2001<\/span><h2 class=\"eael-timeline-title\">Relokacja Reisholzer Werftstra\u00dfe<\/h2><div class=\"eael-timeline-excerpt\"><p><img loading=\"lazy\" decoding=\"async\" class=\"alignleft wp-image-48447 size-full\" src=\"https:\/\/konferenztechnik.de\/wp-content\/uploads\/2025\/09\/inline-1.avif\" alt=\"Widok hali przy ulicy Reisholzer Werftstra\u00dfe podczas przeprowadzki\" width=\"1275\" height=\"1200\" title=\"\" srcset=\"https:\/\/konferenztechnik.de\/wp-content\/uploads\/2025\/09\/inline-1.avif 1275w, https:\/\/konferenztechnik.de\/wp-content\/uploads\/2025\/09\/inline-1-300x282.avif 300w, https:\/\/konferenztechnik.de\/wp-content\/uploads\/2025\/09\/inline-1-1024x964.avif 1024w, https:\/\/konferenztechnik.de\/wp-content\/uploads\/2025\/09\/inline-1-768x723.avif 768w, https:\/\/konferenztechnik.de\/wp-content\/uploads\/2025\/09\/inline-1-13x12.avif 13w\" sizes=\"(max-width: 1275px) 100vw, 1275px\" \/><\/p><p>Po tym, jak magazyn i powierzchnia biurowa przy Lindenstra\u00dfe p\u0119ka\u0142y w szwach, przenie\u015bli\u015bmy si\u0119 na Reisholzer Werftstra\u00dfe w po\u0142udniowej cz\u0119\u015bci D\u00fcsseldorfu. Tam znale\u017ali\u015bmy wi\u0119cej miejsca na nasz rozw\u00f3j dzi\u0119ki du\u017cej hali i biurom na dw\u00f3ch pi\u0119trach. Ponad 20 lat p\u00f3\u017aniej budynek zosta\u0142 kilkakrotnie zmodernizowany i rozbudowany \u2013 i jeste\u015bmy tu do dzi\u015b.<\/p><\/div><\/div><\/div>\t\t\t\t\t\t\t\t\t\t\t\t\t\t\t\t\t\t<div class=\"eael-content-timeline-block\">\n    <div class=\"eael-content-timeline-line\">\n        <div class=\"eael-content-timeline-inner\"><\/div>\n    <\/div>\n    <div class=\"eael-content-timeline-img eael-picture\"><svg class=\"e-font-icon-svg e-fas-star\" viewbox=\"0 0 576 512\" xmlns=\"http:\/\/www.w3.org\/2000\/svg\"><path d=\"M259.3 17.8L194 150.2 47.9 171.5c-26.2 3.8-36.7 36.1-17.7 54.6l105.7 103-25 145.5c-4.5 26.3 23.2 46 46.4 33.7L288 439.6l130.7 68.7c23.2 12.2 50.9-7.4 46.4-33.7l-25-145.5 105.7-103c19-18.5 8.5-50.8-17.7-54.6L382 150.2 316.7 17.8c-11.7-23.6-45.6-23.9-57.4 0z\"><\/path><\/svg><\/div><div class=\"eael-content-timeline-content\"><span class=\"eael-date\">28.09.1995<\/span><h2 class=\"eael-timeline-title\">Za\u0142o\u017cenie sp\u00f3\u0142ki PCS Professional Conference Systems GmbH<\/h2><div class=\"eael-timeline-excerpt\"><p>\u00a0<\/p><p><img loading=\"lazy\" decoding=\"async\" src=\"https:\/\/konferenztechnik.de\/wp-content\/uploads\/2025\/09\/Joerg-und-dirk-gruendung-scaled.avif\" alt=\"\" width=\"2560\" height=\"1706\" title=\"\">28 wrze\u015bnia 1995 roku nadszed\u0142 czas: Dirk Neumann i J\u00f6rg Peschka za\u0142o\u017cyli PCS Professional Conference Systems GmbH. Z ogromn\u0105 motywacj\u0105 i jasnymi celami rozpocz\u0119\u0142a si\u0119 ich wsp\u00f3lna podr\u00f3\u017c.<\/p><\/div><\/div><\/div>\t\t\t\t<\/div>\n\t\t\t<\/div>\n\t\t<\/div>\n\t\t\t\t\t<\/div>\n\t\t\t\t<\/div>\n\t\t\t\t\t<\/div>\n\t\t\t\t<\/div>\n\t\t<div data-particle_enable=\"false\" data-particle-mobile-disabled=\"false\" class=\"elementor-element elementor-element-986d429 e-flex e-con-boxed e-con e-parent\" data-id=\"986d429\" data-element_type=\"container\">\n\t\t\t\t\t<div class=\"e-con-inner\">\n\t\t\t\t\t<\/div>\n\t\t\t\t<\/div>\n\t\t\t\t<\/div>","protected":false},"excerpt":{"rendered":"<p>Wiele si\u0119 wydarzy\u0142o od czasu za\u0142o\u017cenia firmy w 1995 r. \u2013 zaczyna\u0142o od technologii t\u0142umacze\u0144 ustnych i rozwin\u0119\u0142o si\u0119 w wiod\u0105cego dostawc\u0119 kompleksowych us\u0142ug w zakresie technologii konferencyjnych i eventowych oraz instalacji nowoczesnych technologii medialnych.<\/p>","protected":false},"author":1,"featured_media":48474,"comment_status":"closed","ping_status":"closed","sticky":false,"template":"","format":"standard","meta":{"_acf_changed":false,"footnotes":""},"categories":[1],"tags":[],"class_list":["post-48284","post","type-post","status-publish","format-standard","has-post-thumbnail","hentry","category-allgemein"],"acf":[],"_links":{"self":[{"href":"https:\/\/konferenztechnik.de\/pl\/wp-json\/wp\/v2\/posts\/48284","targetHints":{"allow":["GET"]}}],"collection":[{"href":"https:\/\/konferenztechnik.de\/pl\/wp-json\/wp\/v2\/posts"}],"about":[{"href":"https:\/\/konferenztechnik.de\/pl\/wp-json\/wp\/v2\/types\/post"}],"author":[{"embeddable":true,"href":"https:\/\/konferenztechnik.de\/pl\/wp-json\/wp\/v2\/users\/1"}],"replies":[{"embeddable":true,"href":"https:\/\/konferenztechnik.de\/pl\/wp-json\/wp\/v2\/comments?post=48284"}],"version-history":[{"count":0,"href":"https:\/\/konferenztechnik.de\/pl\/wp-json\/wp\/v2\/posts\/48284\/revisions"}],"wp:featuredmedia":[{"embeddable":true,"href":"https:\/\/konferenztechnik.de\/pl\/wp-json\/wp\/v2\/media\/48474"}],"wp:attachment":[{"href":"https:\/\/konferenztechnik.de\/pl\/wp-json\/wp\/v2\/media?parent=48284"}],"wp:term":[{"taxonomy":"category","embeddable":true,"href":"https:\/\/konferenztechnik.de\/pl\/wp-json\/wp\/v2\/categories?post=48284"},{"taxonomy":"post_tag","embeddable":true,"href":"https:\/\/konferenztechnik.de\/pl\/wp-json\/wp\/v2\/tags?post=48284"}],"curies":[{"name":"wp","href":"https:\/\/api.w.org\/{rel}","templated":true}]}}