{"id":49098,"date":"2026-01-20T11:42:14","date_gmt":"2026-01-20T10:42:14","guid":{"rendered":"https:\/\/konferenztechnik.de\/?p=49098"},"modified":"2026-01-20T12:24:53","modified_gmt":"2026-01-20T11:24:53","slug":"pcs-jest-czlonkiem-conference-rental-alliance-co-to-oznacza-dla-panstwa-wydarzen","status":"publish","type":"post","link":"https:\/\/konferenztechnik.de\/pl\/pcs-jest-czlonkiem-conference-rental-alliance-co-to-oznacza-dla-panstwa-wydarzen\/","title":{"rendered":"PCS jest cz\u0142onkiem Conference Rental Alliance \u2013 \u2013 co to oznacza dla Pa\u0144stwa wydarze\u0144?"},"content":{"rendered":"<div data-elementor-type=\"wp-post\" data-elementor-id=\"49098\" class=\"elementor elementor-49098\" data-elementor-post-type=\"post\">\n\t\t\t\t<div data-particle_enable=\"false\" data-particle-mobile-disabled=\"false\" class=\"elementor-element elementor-element-876cb38 e-flex e-con-boxed e-con e-parent\" data-id=\"876cb38\" data-element_type=\"container\">\n\t\t\t\t\t<div class=\"e-con-inner\">\n\t\t\t\t<div class=\"elementor-element elementor-element-e254ed4 elementor-widget elementor-widget-heading\" data-id=\"e254ed4\" data-element_type=\"widget\" data-settings=\"{&quot;_animation&quot;:&quot;none&quot;}\" data-widget_type=\"heading.default\">\n\t\t\t\t<div class=\"elementor-widget-container\">\n\t\t\t\t\t<h2 class=\"elementor-heading-title elementor-size-default\">PCS jest cz\u0142onkiem Conference Rental Alliance \u2013 \u2013 co to oznacza dla Pa\u0144stwa wydarze\u0144?<\/h2>\t\t\t\t<\/div>\n\t\t\t\t<\/div>\n\t\t\t\t<div class=\"elementor-element elementor-element-6a17e41 elementor-widget elementor-widget-image\" data-id=\"6a17e41\" data-element_type=\"widget\" data-widget_type=\"image.default\">\n\t\t\t\t<div class=\"elementor-widget-container\">\n\t\t\t\t\t\t\t\t\t\t\t\t\t\t\t<img fetchpriority=\"high\" decoding=\"async\" width=\"1598\" height=\"629\" src=\"https:\/\/konferenztechnik.de\/wp-content\/uploads\/2026\/01\/CRA-Conference-Rental-Alliance.avif\" class=\"attachment-full size-full wp-image-49099\" alt=\"\" srcset=\"https:\/\/konferenztechnik.de\/wp-content\/uploads\/2026\/01\/CRA-Conference-Rental-Alliance.avif 1598w, https:\/\/konferenztechnik.de\/wp-content\/uploads\/2026\/01\/CRA-Conference-Rental-Alliance-300x118.avif 300w, https:\/\/konferenztechnik.de\/wp-content\/uploads\/2026\/01\/CRA-Conference-Rental-Alliance-1024x403.avif 1024w, https:\/\/konferenztechnik.de\/wp-content\/uploads\/2026\/01\/CRA-Conference-Rental-Alliance-768x302.avif 768w, https:\/\/konferenztechnik.de\/wp-content\/uploads\/2026\/01\/CRA-Conference-Rental-Alliance-1536x605.avif 1536w, https:\/\/konferenztechnik.de\/wp-content\/uploads\/2026\/01\/CRA-Conference-Rental-Alliance-18x7.avif 18w\" sizes=\"(max-width: 1598px) 100vw, 1598px\" title=\"\">\t\t\t\t\t\t\t\t\t\t\t\t\t\t\t<\/div>\n\t\t\t\t<\/div>\n\t\t\t\t<div class=\"elementor-element elementor-element-aad4d44 elementor-widget elementor-widget-text-editor\" data-id=\"aad4d44\" data-element_type=\"widget\" data-widget_type=\"text-editor.default\">\n\t\t\t\t<div class=\"elementor-widget-container\">\n\t\t\t\t\t\t\t\t\tOpublikowano dnia: 20. stycznia 2026 r.\t\t\t\t\t\t\t\t<\/div>\n\t\t\t\t<\/div>\n\t\t\t\t\t<\/div>\n\t\t\t\t<\/div>\n\t\t<div data-particle_enable=\"false\" data-particle-mobile-disabled=\"false\" class=\"elementor-element elementor-element-152248f e-flex e-con-boxed e-con e-parent\" data-id=\"152248f\" data-element_type=\"container\">\n\t\t\t\t\t<div class=\"e-con-inner\">\n\t\t\t\t<div class=\"elementor-element elementor-element-34a92f8 elementor-widget__width-inherit elementor-widget elementor-widget-text-editor\" data-id=\"34a92f8\" data-element_type=\"widget\" data-widget_type=\"text-editor.default\">\n\t\t\t\t<div class=\"elementor-widget-container\">\n\t\t\t\t\t\t\t\t\t<p>Konferencje, spotkania i kongresy staj\u0105 si\u0119 coraz bardziej z\u0142o\u017cone: wi\u0119cej j\u0119zyk\u00f3w, formaty hybrydowe, wy\u017csze wymagania bezpiecze\u0144stwa i kr\u00f3tkie terminy przygotowa\u0144. Dok\u0142adnie <em>Konferencja Rental Alliance<\/em> (CRA) do \u2013, mi\u0119dzynarodowej sieci wiod\u0105cych dostawc\u00f3w sprz\u0119tu konferencyjnego, do kt\u00f3rej do\u0142\u0105czyli\u015bmy.<\/p><p>Cieszymy si\u0119 z kolejnego znacz\u0105cego wk\u0142adu firmy Televic, kt\u00f3ra stworzy\u0142a t\u0119 sie\u0107 i zapewnia organizatorom konkretne korzy\u015bci.<\/p>\t\t\t\t\t\t\t\t<\/div>\n\t\t\t\t<\/div>\n\t\t\t\t<div class=\"elementor-element elementor-element-3af77e3 elementor-widget elementor-widget-heading\" data-id=\"3af77e3\" data-element_type=\"widget\" data-settings=\"{&quot;_animation&quot;:&quot;none&quot;}\" data-widget_type=\"heading.default\">\n\t\t\t\t<div class=\"elementor-widget-container\">\n\t\t\t\t\t<h2 class=\"elementor-heading-title elementor-size-default\">Czym jest Conference Rental Alliance?\n<\/h2>\t\t\t\t<\/div>\n\t\t\t\t<\/div>\n\t\t\t\t<div class=\"elementor-element elementor-element-529e5d6 elementor-widget__width-inherit elementor-widget elementor-widget-text-editor\" data-id=\"529e5d6\" data-element_type=\"widget\" data-widget_type=\"text-editor.default\">\n\t\t\t\t<div class=\"elementor-widget-container\">\n\t\t\t\t\t\t\t\t\t<p>Conference Rental Alliance to globalna sie\u0107 wyspecjalizowanych firm wynajmuj\u0105cych sprz\u0119t konferencyjny i t\u0142umaczeniowy. Jej celem jest zapewnienie jednolitych, wysokich standard\u00f3w jako\u015bci dla profesjonalnych konferencji, spotka\u0144 i kongres\u00f3w na ca\u0142ym \u015bwiecie.<\/p>\n<p><br><\/p><p>Cz\u0142onkowie CRA:<\/p><p><br><\/p>\n<ul>\n<li>specjalizuj\u0105 si\u0119 w technologii konferencyjnej i eventowej, ze szczeg\u00f3lnym uwzgl\u0119dnieniem system\u00f3w konferencyjnych.<\/li>\n<\/ul>\n<ul>\n<li>pracuj\u0105 g\u0142\u00f3wnie z systemami Televic Conference, kt\u00f3re s\u0105 specjalnie zoptymalizowane do zastosowa\u0144 w wypo\u017cyczalniach<\/li>\n<\/ul>\n<ul>\n<li>posiadaj\u0105 wieloletnie do\u015bwiadczenie w pracy z mi\u0119dzynarodowymi instytucjami, stowarzyszeniami i du\u017cymi imprezami<\/li>\n<\/ul>\n<ul>\n<li>nieustannie wymieniaj\u0105 si\u0119 mi\u0119dzy sob\u0105 wiedz\u0105, najlepszymi praktykami i osi\u0105gni\u0119ciami technicznymi<\/li>\n<\/ul>\n<p>Kr\u00f3tko m\u00f3wi\u0105c: Conference Rental Alliance \u0142\u0105czy wiedz\u0119 specjalistyczn\u0105, kompetencje techniczne i do\u015bwiadczenie praktyczne z ca\u0142ego \u015bwiata, aby bezpiecznie i profesjonalnie realizowa\u0107 wydarzenia ka\u017cdej wielko\u015bci.<\/p>\t\t\t\t\t\t\t\t<\/div>\n\t\t\t\t<\/div>\n\t\t\t\t\t<\/div>\n\t\t\t\t<\/div>\n\t\t<div data-particle_enable=\"false\" data-particle-mobile-disabled=\"false\" class=\"elementor-element elementor-element-21a889a e-flex e-con-boxed e-con e-parent\" data-id=\"21a889a\" data-element_type=\"container\">\n\t\t\t\t\t<div class=\"e-con-inner\">\n\t\t\t\t<div class=\"elementor-element elementor-element-3192fbd elementor-widget elementor-widget-heading\" data-id=\"3192fbd\" data-element_type=\"widget\" data-settings=\"{&quot;_animation&quot;:&quot;none&quot;}\" data-widget_type=\"heading.default\">\n\t\t\t\t<div class=\"elementor-widget-container\">\n\t\t\t\t\t<h2 class=\"elementor-heading-title elementor-size-default\">Televic Conference jako techniczna podstawa<\/h2>\t\t\t\t<\/div>\n\t\t\t\t<\/div>\n\t\t\t\t<div class=\"elementor-element elementor-element-4d63050 elementor-widget__width-inherit elementor-widget elementor-widget-text-editor\" data-id=\"4d63050\" data-element_type=\"widget\" data-widget_type=\"text-editor.default\">\n\t\t\t\t<div class=\"elementor-widget-container\">\n\t\t\t\t\t\t\t\t\t<p>Centralnym fundamentem technicznym Conference Rental Alliance jest linia produkt\u00f3w <strong>Televic Conference<\/strong>. Systemy konferencyjne s\u0105 konsekwentnie dostosowane do zastosowa\u0144 wynajmowych, a wi\u0119c do:<\/p><p>\u00a0<\/p><ul><li>szybki i elastyczny monta\u017c oraz demonta\u017c<\/li><\/ul><ul><li>cz\u0119sto zmieniaj\u0105ce si\u0119 lokalizacje<\/li><\/ul><ul><li>r\u00f3\u017cnorodne koncepcje i rozmiary pomieszcze\u0144<\/li><\/ul><ul><li>wysoka niezawodno\u015b\u0107 nawet pod presj\u0105 czasu<\/li><\/ul><p>Typowe cechy system\u00f3w Televic Conference:<\/p><p>\u00a0<\/p><ul><li><strong>Krystalicznie czysta jako\u015b\u0107 d\u017awi\u0119ku<\/strong><\/li><\/ul><ul><li>Zrozumia\u0142y j\u0119zyk jest priorytetem \u2013 nawet w pomieszczeniach o trudnych warunkach akustycznych lub przy du\u017cej liczbie mikrofon\u00f3w.<\/li><\/ul><ul><li><strong>Technika symultaniczna zgodna z norm\u0105 ISO<\/strong><\/li><\/ul><ul><li>Do wydarze\u0144 wieloj\u0119zycznych, podczas kt\u00f3rych potrzebne s\u0105 kabiny t\u0142umaczeniowe, odbiorniki i t\u0142umaczenia ustne zgodne z mi\u0119dzynarodowymi standardami.<\/li><\/ul><ul><li><strong>Elastyczne mo\u017cliwo\u015bci routingu audio<\/strong><\/li><\/ul><ul><li>Indywidualny podzia\u0142 sal, oddzielne kana\u0142y transmisji strumieniowej, nagrywania, przedstawicieli medi\u00f3w lub pokoi do spotka\u0144 mo\u017cna precyzyjnie odwzorowa\u0107.<\/li><\/ul><ul><li><strong>Skalowalno\u015b\u0107 od ma\u0142ych do bardzo du\u017cych rozmiar\u00f3w<\/strong><\/li><\/ul><ul><li>Od warsztat\u00f3w z udzia\u0142em 20 os\u00f3b po mi\u0119dzynarodowy szczyt z udzia\u0142em kilkuset delegat\u00f3w.<\/li><\/ul><p>Dla Pa\u0144stwa oznacza to, \u017ce technologia ta zosta\u0142a opracowana specjalnie w celu spe\u0142nienia Pa\u0144stwa wymaga\u0144 w zakresie wynajmu \u2013 jest niezawodna, elastyczna i przysz\u0142o\u015bciowa.<\/p>\t\t\t\t\t\t\t\t<\/div>\n\t\t\t\t<\/div>\n\t\t\t\t\t<\/div>\n\t\t\t\t<\/div>\n\t\t<div data-particle_enable=\"false\" data-particle-mobile-disabled=\"false\" class=\"elementor-element elementor-element-b2fff7e e-flex e-con-boxed e-con e-parent\" data-id=\"b2fff7e\" data-element_type=\"container\">\n\t\t\t\t\t<div class=\"e-con-inner\">\n\t\t\t\t<div class=\"elementor-element elementor-element-e994040 elementor-widget elementor-widget-heading\" data-id=\"e994040\" data-element_type=\"widget\" data-settings=\"{&quot;_animation&quot;:&quot;none&quot;}\" data-widget_type=\"heading.default\">\n\t\t\t\t<div class=\"elementor-widget-container\">\n\t\t\t\t\t<h2 class=\"elementor-heading-title elementor-size-default\">Dlaczego sie\u0107? Zalety Conference Rental Alliance<\/h2>\t\t\t\t<\/div>\n\t\t\t\t<\/div>\n\t\t\t\t<div class=\"elementor-element elementor-element-fa01b34 elementor-widget__width-inherit elementor-widget elementor-widget-text-editor\" data-id=\"fa01b34\" data-element_type=\"widget\" data-widget_type=\"text-editor.default\">\n\t\t\t\t<div class=\"elementor-widget-container\">\n\t\t\t\t\t\t\t\t\t<p><strong>1. Jednolite standardy jako\u015bci na ca\u0142ym \u015bwiecie<\/strong><\/p><p><strong>\u00a0<\/strong><\/p><p>Cz\u0142onkowie CRA dzia\u0142aj\u0105 zgodnie ze wsp\u00f3lnie ustalonymi standardami w zakresie:<\/p><ul><li>planowanie<\/li><\/ul><ul><li>Instalacja<\/li><\/ul><ul><li>Obs\u0142uga i wsparcie na miejscu<\/li><\/ul><ul><li>Konserwacja i logistyka<\/li><\/ul><p>W ten spos\u00f3b mo\u017cna realizowa\u0107 mi\u0119dzynarodowe serie wydarze\u0144 lub roadshow o por\u00f3wnywalnej jako\u015bci w r\u00f3\u017cnych krajach.<\/p><p>\u00a0<\/p><p>\u00a0<\/p><p><strong>2. Ci\u0105g\u0142a wymiana wiedzy<\/strong><\/p><p>W ramach sojuszu regularnie dzielimy si\u0119 do\u015bwiadczeniami dotycz\u0105cymi:<\/p><ul><li>nowych technologii (np. wydarzenia hybrydowe, procesy oparte na sztucznej inteligencji, konfiguracje strumieniowe)<\/li><\/ul><ul><li>Praktyczne wskaz\u00f3wki dotycz\u0105ce z\u0142o\u017conych konfiguracji i rozwi\u0105za\u0144 wielopomieszczeniowych<\/li><\/ul><ul><li>Najlepsze praktyki dotycz\u0105ce konferencji wieloj\u0119zycznych i t\u0142umaczenia symultanicznego<\/li><\/ul><ul><li>Wymagania dotycz\u0105ce bezpiecze\u0144stwa i zgodno\u015bci z przepisami podczas wra\u017cliwych spotka\u0144<\/li><\/ul><p>Ta wiedza sieciowa jest bezpo\u015brednio wykorzystywana podczas planowania i realizacji Pa\u0144stwa imprezy.<\/p><p><strong style=\"background-color: transparent; font-size: 22.4px;\">\u00a0<\/strong><\/p><p><strong style=\"background-color: transparent; font-size: 22.4px;\">3. Wysoka pewno\u015b\u0107 planowania w przypadku projekt\u00f3w mi\u0119dzynarodowych<\/strong><\/p><p>Je\u015bli wydarzenia odbywaj\u0105 si\u0119 w kilku krajach, skorzystaj z mi\u0119dzynarodowej sieci:\u00a0<span style=\"font-size: 22.4px;\">Partnerzy CRA mog\u0105 zapewni\u0107 wsparcie na miejscu, dostarczy\u0107 dodatkowy sprz\u0119t lub uwzgl\u0119dni\u0107 lokalne specyficzne uwarunkowania, zawsze zachowuj\u0105c por\u00f3wnywalny poziom jako\u015bci.<\/span><\/p><p><strong style=\"background-color: transparent; font-size: 22.4px;\">\u00a0<\/strong><\/p><p><strong style=\"background-color: transparent; font-size: 22.4px;\">4. Skalowalne zasoby dla du\u017cych i z\u0142o\u017conych wydarze\u0144<\/strong><\/p><p>W przypadku du\u017cych imprez lub konferencji odbywaj\u0105cych si\u0119 r\u00f3wnolegle cz\u0119sto konieczne jest zapewnienie dodatkowych materia\u0142\u00f3w i personelu. Za po\u015brednictwem Conference Rental Alliance mo\u017cna:<\/p><ul><li>dodatkowe systemy konferencyjne i sprz\u0119t do t\u0142umacze\u0144 symultanicznych<\/li><\/ul><ul><li>do\u015bwiadczeni technicy<em>wewn\u0119trzny i kierownik projektu<\/em>wewn\u0105trz<\/li><\/ul><ul><li>uzupe\u0142niaj\u0105ce rozwi\u0105zania specjalne<\/li><\/ul><p>bez konieczno\u015bci po\u015bwi\u0119cania czasu na koordynacj\u0119.<\/p>\t\t\t\t\t\t\t\t<\/div>\n\t\t\t\t<\/div>\n\t\t\t\t\t<\/div>\n\t\t\t\t<\/div>\n\t\t<div data-particle_enable=\"false\" data-particle-mobile-disabled=\"false\" class=\"elementor-element elementor-element-b4204c2 e-flex e-con-boxed e-con e-parent\" data-id=\"b4204c2\" data-element_type=\"container\">\n\t\t\t\t\t<div class=\"e-con-inner\">\n\t\t\t\t<div class=\"elementor-element elementor-element-4a39d53 elementor-widget elementor-widget-heading\" data-id=\"4a39d53\" data-element_type=\"widget\" data-settings=\"{&quot;_animation&quot;:&quot;none&quot;}\" data-widget_type=\"heading.default\">\n\t\t\t\t<div class=\"elementor-widget-container\">\n\t\t\t\t\t<h2 class=\"elementor-heading-title elementor-size-default\">Wniosek \u2013 Warto\u015b\u0107 dodana dla konferencji, spotka\u0144 i wydarze\u0144<\/h2>\t\t\t\t<\/div>\n\t\t\t\t<\/div>\n\t\t\t\t<div class=\"elementor-element elementor-element-c591143 elementor-widget__width-inherit elementor-widget elementor-widget-text-editor\" data-id=\"c591143\" data-element_type=\"widget\" data-widget_type=\"text-editor.default\">\n\t\t\t\t<div class=\"elementor-widget-container\">\n\t\t\t\t\t\t\t\t\t<p>Conference Rental Alliance oznacza:<\/p><ul><li>Profesjonalna technika konferencyjna na najwy\u017cszym poziomie<\/li><\/ul><ul><li>silna mi\u0119dzynarodowa sie\u0107 specjalist\u00f3w ds. wynajmu<\/li><\/ul><ul><li>Systemy Televic Conference konsekwentnie zoptymalizowane pod k\u0105tem zastosowa\u0144 wynajmu<\/li><\/ul><ul><li>Niezawodna jako\u015b\u0107 \u2013 \u2013 od ma\u0142ych konferencji bran\u017cowych po mi\u0119dzynarodowe szczyty<\/li><\/ul><p>Je\u015bli planuj\u0105 Pa\u0144stwo przenie\u015b\u0107 swoj\u0105 nast\u0119pn\u0105 konferencj\u0119, spotkanie lub wydarzenie hybrydowe na nowy poziom techniczny, ch\u0119tnie Pa\u0144stwu w tym pomo\u017cemy. \u2013 dysponuje teraz dodatkowym potencja\u0142em Conference Rental Alliance.<\/p>\t\t\t\t\t\t\t\t<\/div>\n\t\t\t\t<\/div>\n\t\t\t\t\t<\/div>\n\t\t\t\t<\/div>\n\t\t<div data-particle_enable=\"false\" data-particle-mobile-disabled=\"false\" class=\"elementor-element elementor-element-3fe86a7 e-flex e-con-boxed e-con e-parent\" data-id=\"3fe86a7\" data-element_type=\"container\">\n\t\t\t\t\t<div class=\"e-con-inner\">\n\t\t\t\t<div class=\"elementor-element elementor-element-7a88f2b elementor-widget elementor-widget-shortcode\" data-id=\"7a88f2b\" data-element_type=\"widget\" data-widget_type=\"shortcode.default\">\n\t\t\t\t<div class=\"elementor-widget-container\">\n\t\t\t\t\t\t\t<div class=\"elementor-shortcode\">\t\t<div data-elementor-type=\"container\" data-elementor-id=\"29098\" class=\"elementor elementor-29098\" data-elementor-post-type=\"elementor_library\">\n\t\t\t\t<div data-particle_enable=\"false\" data-particle-mobile-disabled=\"false\" class=\"elementor-element elementor-element-699d0d1a e-flex e-con-boxed e-con e-parent\" data-id=\"699d0d1a\" data-element_type=\"container\">\n\t\t\t\t\t<div class=\"e-con-inner\">\n\t\t\t\t<div class=\"elementor-element elementor-element-11f236ba elementor-widget elementor-widget-post-navigation\" data-id=\"11f236ba\" data-element_type=\"widget\" data-widget_type=\"post-navigation.default\">\n\t\t\t\t<div class=\"elementor-widget-container\">\n\t\t\t\t\t\t\t<div class=\"elementor-post-navigation\" role=\"navigation\" aria-label=\"Nawigacja wpisu\">\n\t\t\t<div class=\"elementor-post-navigation__prev elementor-post-navigation__link\">\n\t\t\t\t<a href=\"https:\/\/konferenztechnik.de\/pl\/konkretne-najwazniejsze-wydarzenia-ces2026-z-odniesieniami-do-wydarzen-i-konferencji\/\" rel=\"prev\"><span class=\"post-navigation__arrow-wrapper post-navigation__arrow-prev\"><svg aria-hidden=\"true\" class=\"e-font-icon-svg e-fas-arrow-left\" viewbox=\"0 0 448 512\" xmlns=\"http:\/\/www.w3.org\/2000\/svg\"><path d=\"M257.5 445.1l-22.2 22.2c-9.4 9.4-24.6 9.4-33.9 0L7 273c-9.4-9.4-9.4-24.6 0-33.9L201.4 44.7c9.4-9.4 24.6-9.4 33.9 0l22.2 22.2c9.5 9.5 9.3 25-.4 34.3L136.6 216H424c13.3 0 24 10.7 24 24v32c0 13.3-10.7 24-24 24H136.6l120.5 114.8c9.8 9.3 10 24.8.4 34.3z\"><\/path><\/svg><span class=\"elementor-screen-only\">Prev<\/span><\/span><span class=\"elementor-post-navigation__link__prev\"><span class=\"post-navigation__prev--label\">Poprzedni<\/span><span class=\"post-navigation__prev--title\">Konkretne atrakcje CES 2026 zwi\u0105zane z wydarzeniem i konferencj\u0105<\/span><\/span><\/a>\t\t\t<\/div>\n\t\t\t\t\t\t<div class=\"elementor-post-navigation__next elementor-post-navigation__link\">\n\t\t\t\t<a href=\"https:\/\/konferenztechnik.de\/pl\/ise-2026-raport-z-targow-konferencja-i-technologia-eventowa\/\" rel=\"next\"><span class=\"elementor-post-navigation__link__next\"><span class=\"post-navigation__next--label\">Nast\u0119pny<\/span><span class=\"post-navigation__next--title\">Raport z targ\u00f3w ISE 2026 \u2013 Technologia konferencyjna i eventowa<\/span><\/span><span class=\"post-navigation__arrow-wrapper post-navigation__arrow-next\"><svg aria-hidden=\"true\" class=\"e-font-icon-svg e-fas-arrow-right\" viewbox=\"0 0 448 512\" xmlns=\"http:\/\/www.w3.org\/2000\/svg\"><path d=\"M190.5 66.9l22.2-22.2c9.4-9.4 24.6-9.4 33.9 0L441 239c9.4 9.4 9.4 24.6 0 33.9L246.6 467.3c-9.4 9.4-24.6 9.4-33.9 0l-22.2-22.2c-9.5-9.5-9.3-25 .4-34.3L311.4 296H24c-13.3 0-24-10.7-24-24v-32c0-13.3 10.7-24 24-24h287.4L190.9 101.2c-9.8-9.3-10-24.8-.4-34.3z\"><\/path><\/svg><span class=\"elementor-screen-only\">Nast\u0119pny<\/span><\/span><\/a>\t\t\t<\/div>\n\t\t<\/div>\n\t\t\t\t\t\t<\/div>\n\t\t\t\t<\/div>\n\t\t\t\t<div class=\"elementor-element elementor-element-81a2b13 elementor-align-center elementor-icon-list--layout-traditional elementor-list-item-link-full_width elementor-widget elementor-widget-icon-list\" data-id=\"81a2b13\" data-element_type=\"widget\" data-widget_type=\"icon-list.default\">\n\t\t\t\t<div class=\"elementor-widget-container\">\n\t\t\t\t\t\t\t<ul class=\"elementor-icon-list-items\">\n\t\t\t\t\t\t\t<li class=\"elementor-icon-list-item\">\n\t\t\t\t\t\t\t\t\t\t\t<a href=\"\/pl\/wiadomosci\/\">\n\n\t\t\t\t\t\t\t\t\t\t\t\t<span class=\"elementor-icon-list-icon\">\n\t\t\t\t\t\t\t<svg xmlns=\"http:\/\/www.w3.org\/2000\/svg\" id=\"uuid-5a27b650-727a-4659-9d92-75e42c38903b\" viewbox=\"0 0 19.67 14.54\"><g id=\"uuid-40aca98c-811b-43af-9bb7-b3a092d9bdfe\"><rect x=\".03\" width=\"6\" height=\"6\" rx=\"2\" ry=\"2\" style=\"fill:currentColor\"><\/rect><rect x=\"6.85\" width=\"6\" height=\"7.65\" rx=\"2\" ry=\"2\" style=\"fill:currentColor\"><\/rect><rect x=\"13.67\" width=\"6\" height=\"6.51\" rx=\"2\" ry=\"2\" style=\"fill:currentColor\"><\/rect><rect y=\"7\" width=\"6\" height=\"7.55\" rx=\"2\" ry=\"2\" style=\"fill:currentColor\"><\/rect><rect x=\"13.64\" y=\"7.22\" width=\"6\" height=\"7.33\" rx=\"2\" ry=\"2\" style=\"fill:currentColor\"><\/rect><rect x=\"6.82\" y=\"8.54\" width=\"6\" height=\"6\" rx=\"2\" ry=\"2\" style=\"fill:currentColor\"><\/rect><\/g><\/svg>\t\t\t\t\t\t<\/span>\n\t\t\t\t\t\t\t\t\t\t<span class=\"elementor-icon-list-text\"><\/span>\n\t\t\t\t\t\t\t\t\t\t\t<\/a>\n\t\t\t\t\t\t\t\t\t<\/li>\n\t\t\t\t\t\t<\/ul>\n\t\t\t\t\t\t<\/div>\n\t\t\t\t<\/div>\n\t\t\t\t\t<\/div>\n\t\t\t\t<\/div>\n\t\t\t\t<\/div>\n\t\t<\/div>\n\t\t\t\t\t\t<\/div>\n\t\t\t\t<\/div>\n\t\t\t\t\t<\/div>\n\t\t\t\t<\/div>\n\t\t\t\t<\/div>","protected":false},"excerpt":{"rendered":"<p>PCS jest cz\u0142onkiem Conference Rental Alliance \u2013 Co to oznacza dla Twoich wydarze\u0144 Konferencje, spotkania i kongresy staj\u0105 si\u0119 coraz bardziej z\u0142o\u017cone: wi\u0119cej j\u0119zyk\u00f3w, hybrydowe formaty, wy\u017csze wymagania bezpiecze\u0144stwa i kr\u00f3tki czas przygotowania. W\u0142a\u015bnie w tym miejscu pojawia si\u0119 Conference Rental Alliance (CRA) \u2013 to mi\u0119dzynarodowa sie\u0107 wiod\u0105cych firm wynajmuj\u0105cych technologi\u0119 konferencyjn\u0105, do kt\u00f3rej do\u0142\u0105czyli\u015bmy. Jeste\u015bmy zachwyceni [...]<\/p>","protected":false},"author":2,"featured_media":49112,"comment_status":"closed","ping_status":"closed","sticky":false,"template":"","format":"standard","meta":{"_acf_changed":false,"footnotes":""},"categories":[2],"tags":[],"class_list":["post-49098","post","type-post","status-publish","format-standard","has-post-thumbnail","hentry","category-news"],"acf":[],"_links":{"self":[{"href":"https:\/\/konferenztechnik.de\/pl\/wp-json\/wp\/v2\/posts\/49098","targetHints":{"allow":["GET"]}}],"collection":[{"href":"https:\/\/konferenztechnik.de\/pl\/wp-json\/wp\/v2\/posts"}],"about":[{"href":"https:\/\/konferenztechnik.de\/pl\/wp-json\/wp\/v2\/types\/post"}],"author":[{"embeddable":true,"href":"https:\/\/konferenztechnik.de\/pl\/wp-json\/wp\/v2\/users\/2"}],"replies":[{"embeddable":true,"href":"https:\/\/konferenztechnik.de\/pl\/wp-json\/wp\/v2\/comments?post=49098"}],"version-history":[{"count":0,"href":"https:\/\/konferenztechnik.de\/pl\/wp-json\/wp\/v2\/posts\/49098\/revisions"}],"wp:featuredmedia":[{"embeddable":true,"href":"https:\/\/konferenztechnik.de\/pl\/wp-json\/wp\/v2\/media\/49112"}],"wp:attachment":[{"href":"https:\/\/konferenztechnik.de\/pl\/wp-json\/wp\/v2\/media?parent=49098"}],"wp:term":[{"taxonomy":"category","embeddable":true,"href":"https:\/\/konferenztechnik.de\/pl\/wp-json\/wp\/v2\/categories?post=49098"},{"taxonomy":"post_tag","embeddable":true,"href":"https:\/\/konferenztechnik.de\/pl\/wp-json\/wp\/v2\/tags?post=49098"}],"curies":[{"name":"wp","href":"https:\/\/api.w.org\/{rel}","templated":true}]}}