{"id":49408,"date":"2026-01-31T09:58:45","date_gmt":"2026-01-31T08:58:45","guid":{"rendered":"https:\/\/konferenztechnik.de\/?p=49408"},"modified":"2026-01-31T10:09:45","modified_gmt":"2026-01-31T09:09:45","slug":"glosnik-pulse-flex-sala-konferencyjna","status":"publish","type":"post","link":"https:\/\/konferenztechnik.de\/pl\/glosnik-pulse-flex-sala-konferencyjna\/","title":{"rendered":"Bezprzewodowy g\u0142o\u015bnik konferencyjny PULSE FLEX"},"content":{"rendered":"\t\t<div data-elementor-type=\"wp-post\" data-elementor-id=\"49408\" class=\"elementor elementor-49408\" data-elementor-post-type=\"post\">\n\t\t\t\t<div data-particle_enable=\"false\" data-particle-mobile-disabled=\"false\" class=\"elementor-element elementor-element-59ad04c e-flex e-con-boxed e-con e-parent\" data-id=\"59ad04c\" data-element_type=\"container\" data-e-type=\"container\">\n\t\t\t\t\t<div class=\"e-con-inner\">\n\t\t<div data-particle_enable=\"false\" data-particle-mobile-disabled=\"false\" class=\"elementor-element elementor-element-be8f800 e-flex e-con-boxed e-con e-child\" data-id=\"be8f800\" data-element_type=\"container\" data-e-type=\"container\">\n\t\t\t\t\t<div class=\"e-con-inner\">\n\t\t\t\t<div class=\"elementor-element elementor-element-0afdee1 elementor-widget elementor-widget-heading\" data-id=\"0afdee1\" data-element_type=\"widget\" data-e-type=\"widget\" data-settings=\"{&quot;_animation&quot;:&quot;none&quot;}\" data-widget_type=\"heading.default\">\n\t\t\t\t<div class=\"elementor-widget-container\">\n\t\t\t\t\t<h1 class=\"elementor-heading-title elementor-size-default\">Kleiner und feiner drahtloser Lautsprecher f\u00fcr hochwertige Konferenzr\u00e4ume: PULSE FLEX<\/h1>\t\t\t\t<\/div>\n\t\t\t\t<\/div>\n\t\t\t\t\t<\/div>\n\t\t\t\t<\/div>\n\t\t<div data-particle_enable=\"false\" data-particle-mobile-disabled=\"false\" class=\"elementor-element elementor-element-80d832c e-grid e-con-boxed e-con e-child\" data-id=\"80d832c\" data-element_type=\"container\" data-e-type=\"container\">\n\t\t\t\t\t<div class=\"e-con-inner\">\n\t\t\t\t<div class=\"elementor-element elementor-element-99559f5 elementor-widget elementor-widget-image\" data-id=\"99559f5\" data-element_type=\"widget\" data-e-type=\"widget\" data-widget_type=\"image.default\">\n\t\t\t\t<div class=\"elementor-widget-container\">\n\t\t\t\t\t\t\t\t\t\t\t\t\t\t\t<img fetchpriority=\"high\" decoding=\"async\" width=\"800\" height=\"800\" src=\"https:\/\/konferenztechnik.de\/wp-content\/uploads\/2026\/01\/drathloser-konferenzlautsprecher-Bluesound_PULSE_FLEX_Black-1024x1024.avif\" class=\"attachment-large size-large wp-image-49409\" alt=\"\" srcset=\"https:\/\/konferenztechnik.de\/wp-content\/uploads\/2026\/01\/drathloser-konferenzlautsprecher-Bluesound_PULSE_FLEX_Black-1024x1024.avif 1024w, https:\/\/konferenztechnik.de\/wp-content\/uploads\/2026\/01\/drathloser-konferenzlautsprecher-Bluesound_PULSE_FLEX_Black-300x300.avif 300w, https:\/\/konferenztechnik.de\/wp-content\/uploads\/2026\/01\/drathloser-konferenzlautsprecher-Bluesound_PULSE_FLEX_Black-150x150.avif 150w, https:\/\/konferenztechnik.de\/wp-content\/uploads\/2026\/01\/drathloser-konferenzlautsprecher-Bluesound_PULSE_FLEX_Black-768x768.avif 768w, https:\/\/konferenztechnik.de\/wp-content\/uploads\/2026\/01\/drathloser-konferenzlautsprecher-Bluesound_PULSE_FLEX_Black-12x12.avif 12w, https:\/\/konferenztechnik.de\/wp-content\/uploads\/2026\/01\/drathloser-konferenzlautsprecher-Bluesound_PULSE_FLEX_Black.avif 1400w\" sizes=\"(max-width: 800px) 100vw, 800px\" title=\"\">\t\t\t\t\t\t\t\t\t\t\t\t\t\t\t<\/div>\n\t\t\t\t<\/div>\n\t\t\t\t<div class=\"elementor-element elementor-element-477df0c content-align-cta-default elementor-widget elementor-widget-eael-cta-box\" data-id=\"477df0c\" data-element_type=\"widget\" data-e-type=\"widget\" data-widget_type=\"eael-cta-box.default\">\n\t\t\t\t<div class=\"elementor-widget-container\">\n\t\t\t\t\t\t\t<div class=\"eael-call-to-action cta-basic bg-lite cta-preset-1\">\n        <h2 class=\"title eael-cta-heading\">Pulse Flex<\/h2><p><img decoding=\"async\" class=\"alignnone wp-image-49297\" src=\"https:\/\/konferenztechnik.de\/wp-content\/uploads\/2026\/01\/neue-konferenztechnik.svg\" alt=\"\" width=\"99\" height=\"99\" title=\"\"><\/p><p>\u2022 Multiroom-Audio<\/p><p>\u2022 R\u00e4ume synchron<\/p><p>\u2022 Stereo-Paare<\/p><p>\u2022 Flexibel erweiterbar<\/p><p>\u2022 Zentrale Steuerung<\/p><a href=\"#kontaktbox\" class=\"cta-button cta-preset-1  \">Jetzt anfragen<\/a>\t<\/div>\n\t\t\t\t\t\t\t\t<\/div>\n\t\t\t\t<\/div>\n\t\t\t\t\t<\/div>\n\t\t\t\t<\/div>\n\t\t<div data-particle_enable=\"false\" data-particle-mobile-disabled=\"false\" class=\"elementor-element elementor-element-aaa82cd e-flex e-con-boxed e-con e-child\" data-id=\"aaa82cd\" data-element_type=\"container\" data-e-type=\"container\">\n\t\t\t\t\t<div class=\"e-con-inner\">\n\t\t\t\t<div class=\"elementor-element elementor-element-996ce7d elementor-widget__width-inherit elementor-widget elementor-widget-text-editor\" data-id=\"996ce7d\" data-element_type=\"widget\" data-e-type=\"widget\" data-widget_type=\"text-editor.default\">\n\t\t\t\t<div class=\"elementor-widget-container\">\n\t\t\t\t\t\t\t\t\t<p>Der PULSE FLEX ist als netzbetriebener, drahtloser Konferenzlautsprecher f\u00fcr hochwertige Konferenzr\u00e4ume konzipiert. \u00dcber BluOS lassen sich mehrere Lautsprecher zu Zonen oder Stereo-Paaren kombinieren und in verschiedenen R\u00e4umen synchron steuern. So entsteht ein flexibel erweiterbares Audio-System, das sich perfekt in moderne Konferenz- und B\u00fcrofl\u00e4chen einf\u00fcgt.<\/p>\n<p>\u00a0<\/p>\n<p>Der Konferenzlautsprecher f\u00fcgt er sich unauff\u00e4llig in Ihre Ausstattung f\u00fcr Konferenzr\u00e4ume ein und sorgt daf\u00fcr, dass alle Teilnehmer*innen im Raum jedes Wort verstehen \u2013 ob im Boardroom, Besprechungsraum oder in exklusiven Meeting-Suiten.<\/p>\t\t\t\t\t\t\t\t<\/div>\n\t\t\t\t<\/div>\n\t\t\t\t<div class=\"elementor-element elementor-element-c8b2497 elementor-toc--minimized-on-tablet elementor-widget elementor-widget-table-of-contents\" data-id=\"c8b2497\" data-element_type=\"widget\" data-e-type=\"widget\" data-settings=\"{&quot;headings_by_tags&quot;:[&quot;h2&quot;],&quot;no_headings_message&quot;:&quot;Es wurden keine \\u00dcberschriften auf dieser Seite gefunden.&quot;,&quot;marker_view&quot;:&quot;numbers&quot;,&quot;minimize_box&quot;:&quot;yes&quot;,&quot;minimized_on&quot;:&quot;tablet&quot;,&quot;hierarchical_view&quot;:&quot;yes&quot;,&quot;min_height&quot;:{&quot;unit&quot;:&quot;px&quot;,&quot;size&quot;:&quot;&quot;,&quot;sizes&quot;:[]},&quot;min_height_widescreen&quot;:{&quot;unit&quot;:&quot;px&quot;,&quot;size&quot;:&quot;&quot;,&quot;sizes&quot;:[]},&quot;min_height_laptop&quot;:{&quot;unit&quot;:&quot;px&quot;,&quot;size&quot;:&quot;&quot;,&quot;sizes&quot;:[]},&quot;min_height_tablet_extra&quot;:{&quot;unit&quot;:&quot;px&quot;,&quot;size&quot;:&quot;&quot;,&quot;sizes&quot;:[]},&quot;min_height_tablet&quot;:{&quot;unit&quot;:&quot;px&quot;,&quot;size&quot;:&quot;&quot;,&quot;sizes&quot;:[]},&quot;min_height_mobile&quot;:{&quot;unit&quot;:&quot;px&quot;,&quot;size&quot;:&quot;&quot;,&quot;sizes&quot;:[]}}\" data-widget_type=\"table-of-contents.default\">\n\t\t\t\t<div class=\"elementor-widget-container\">\n\t\t\t\t\t\t\t\t\t<div class=\"elementor-toc__header\">\n\t\t\t\t\t\t<h2 class=\"elementor-toc__header-title\">\n\t\t\t\tInhaltsverzeichnis\t\t\t<\/h2>\n\t\t\t\t\t\t\t\t\t\t<div class=\"elementor-toc__toggle-button elementor-toc__toggle-button--expand\" role=\"button\" tabindex=\"0\" aria-controls=\"elementor-toc__c8b2497\" aria-expanded=\"true\" aria-label=\"Open table of contents\"><svg aria-hidden=\"true\" class=\"e-font-icon-svg e-fas-chevron-down\" viewBox=\"0 0 448 512\" xmlns=\"http:\/\/www.w3.org\/2000\/svg\"><path d=\"M207.029 381.476L12.686 187.132c-9.373-9.373-9.373-24.569 0-33.941l22.667-22.667c9.357-9.357 24.522-9.375 33.901-.04L224 284.505l154.745-154.021c9.379-9.335 24.544-9.317 33.901.04l22.667 22.667c9.373 9.373 9.373 24.569 0 33.941L240.971 381.476c-9.373 9.372-24.569 9.372-33.942 0z\"><\/path><\/svg><\/div>\n\t\t\t\t<div class=\"elementor-toc__toggle-button elementor-toc__toggle-button--collapse\" role=\"button\" tabindex=\"0\" aria-controls=\"elementor-toc__c8b2497\" aria-expanded=\"true\" aria-label=\"Close table of contents\"><svg aria-hidden=\"true\" class=\"e-font-icon-svg e-fas-chevron-up\" viewBox=\"0 0 448 512\" xmlns=\"http:\/\/www.w3.org\/2000\/svg\"><path d=\"M240.971 130.524l194.343 194.343c9.373 9.373 9.373 24.569 0 33.941l-22.667 22.667c-9.357 9.357-24.522 9.375-33.901.04L224 227.495 69.255 381.516c-9.379 9.335-24.544 9.317-33.901-.04l-22.667-22.667c-9.373-9.373-9.373-24.569 0-33.941L207.03 130.525c9.372-9.373 24.568-9.373 33.941-.001z\"><\/path><\/svg><\/div>\n\t\t\t\t\t<\/div>\n\t\t\t\t<div id=\"elementor-toc__c8b2497\" class=\"elementor-toc__body\">\n\t\t\t<div class=\"elementor-toc__spinner-container\">\n\t\t\t\t<svg class=\"elementor-toc__spinner eicon-animation-spin e-font-icon-svg e-eicon-loading\" aria-hidden=\"true\" viewBox=\"0 0 1000 1000\" xmlns=\"http:\/\/www.w3.org\/2000\/svg\"><path d=\"M500 975V858C696 858 858 696 858 500S696 142 500 142 142 304 142 500H25C25 237 238 25 500 25S975 237 975 500 763 975 500 975Z\"><\/path><\/svg>\t\t\t<\/div>\n\t\t<\/div>\n\t\t\t\t\t\t<\/div>\n\t\t\t\t<\/div>\n\t\t\t\t\t<\/div>\n\t\t\t\t<\/div>\n\t\t<div data-particle_enable=\"false\" data-particle-mobile-disabled=\"false\" class=\"elementor-element elementor-element-b3ddd01 e-flex e-con-boxed e-con e-child\" data-id=\"b3ddd01\" data-element_type=\"container\" data-e-type=\"container\">\n\t\t\t\t\t<div class=\"e-con-inner\">\n\t\t\t\t<div class=\"elementor-element elementor-element-0064566 elementor-widget elementor-widget-heading\" data-id=\"0064566\" data-element_type=\"widget\" data-e-type=\"widget\" data-settings=\"{&quot;_animation&quot;:&quot;none&quot;}\" data-widget_type=\"heading.default\">\n\t\t\t\t<div class=\"elementor-widget-container\">\n\t\t\t\t\t<h2 class=\"elementor-heading-title elementor-size-default\">Hochwetiger Klang f\u00fcr anspruchsvolle Konferenzr\u00e4ume<\/h2>\t\t\t\t<\/div>\n\t\t\t\t<\/div>\n\t\t\t\t<div class=\"elementor-element elementor-element-86d6d5b elementor-widget elementor-widget-image\" data-id=\"86d6d5b\" data-element_type=\"widget\" data-e-type=\"widget\" data-widget_type=\"image.default\">\n\t\t\t\t<div class=\"elementor-widget-container\">\n\t\t\t\t\t\t\t\t\t\t\t\t\t\t\t<img decoding=\"async\" width=\"1400\" height=\"700\" src=\"https:\/\/konferenztechnik.de\/wp-content\/uploads\/2026\/01\/Lautsprecher-Konferenzraeume-unterschiedliche-Farben-drahtlos.avif\" class=\"attachment-full size-full wp-image-49410\" alt=\"\" srcset=\"https:\/\/konferenztechnik.de\/wp-content\/uploads\/2026\/01\/Lautsprecher-Konferenzraeume-unterschiedliche-Farben-drahtlos.avif 1400w, https:\/\/konferenztechnik.de\/wp-content\/uploads\/2026\/01\/Lautsprecher-Konferenzraeume-unterschiedliche-Farben-drahtlos-300x150.avif 300w, https:\/\/konferenztechnik.de\/wp-content\/uploads\/2026\/01\/Lautsprecher-Konferenzraeume-unterschiedliche-Farben-drahtlos-1024x512.avif 1024w, https:\/\/konferenztechnik.de\/wp-content\/uploads\/2026\/01\/Lautsprecher-Konferenzraeume-unterschiedliche-Farben-drahtlos-768x384.avif 768w, https:\/\/konferenztechnik.de\/wp-content\/uploads\/2026\/01\/Lautsprecher-Konferenzraeume-unterschiedliche-Farben-drahtlos-18x9.avif 18w\" sizes=\"(max-width: 1400px) 100vw, 1400px\" title=\"\">\t\t\t\t\t\t\t\t\t\t\t\t\t\t\t<\/div>\n\t\t\t\t<\/div>\n\t\t\t\t<div class=\"elementor-element elementor-element-74974da elementor-widget__width-inherit elementor-widget elementor-widget-text-editor\" data-id=\"74974da\" data-element_type=\"widget\" data-e-type=\"widget\" data-widget_type=\"text-editor.default\">\n\t\t\t\t<div class=\"elementor-widget-container\">\n\t\t\t\t\t\t\t\t\t<p>Mit seinem pr\u00e4zise abgestimmten 2-Wege-System liefert der kleine Lautsprecher einen \u00fcberraschend gro\u00dfen Sound. Die Kombination aus 0,75&#8243; Hocht\u00f6ner und 4&#8243; Woofer mit SmartDSP-Verst\u00e4rkung (insgesamt 50 W) sorgt f\u00fcr:<\/p><ul><li>Hohe Sprachverst\u00e4ndlichkeit bei Meetings und Pr\u00e4sentationen<\/li><\/ul><ul><li>Ausgewogenen Klang f\u00fcr Videokonferenzen, Webinare und hybride Events<\/li><\/ul><ul><li>Angenehmen Hintergrundsound f\u00fcr Empfangsbereiche, Lounges und Breakout-Zonen<\/li><\/ul><p>So wird der drahtlose Konferenzlautsprecher zur dezenten, aber h\u00f6rbar professionellen Erg\u00e4nzung Ihrer Konferenztechnik.<\/p>\t\t\t\t\t\t\t\t<\/div>\n\t\t\t\t<\/div>\n\t\t\t\t<div class=\"elementor-element elementor-element-69fb1fd elementor-widget elementor-widget-heading\" data-id=\"69fb1fd\" data-element_type=\"widget\" data-e-type=\"widget\" data-settings=\"{&quot;_animation&quot;:&quot;none&quot;}\" data-widget_type=\"heading.default\">\n\t\t\t\t<div class=\"elementor-widget-container\">\n\t\t\t\t\t<h2 class=\"elementor-heading-title elementor-size-default\">Drahtloser Konferenzlautsprecher, elegant integriert in Ihre Medientechnik<\/h2>\t\t\t\t<\/div>\n\t\t\t\t<\/div>\n\t\t<div data-particle_enable=\"false\" data-particle-mobile-disabled=\"false\" class=\"elementor-element elementor-element-84fc135 e-grid e-con-full e-con e-child\" data-id=\"84fc135\" data-element_type=\"container\" data-e-type=\"container\">\n\t\t\t\t<div class=\"elementor-element elementor-element-49c81e5 elementor-widget elementor-widget-image\" data-id=\"49c81e5\" data-element_type=\"widget\" data-e-type=\"widget\" data-widget_type=\"image.default\">\n\t\t\t\t<div class=\"elementor-widget-container\">\n\t\t\t\t\t\t\t\t\t\t\t\t\t\t\t<img loading=\"lazy\" decoding=\"async\" width=\"800\" height=\"965\" src=\"https:\/\/konferenztechnik.de\/wp-content\/uploads\/2026\/01\/Bluesound_PULSE_FLEX-steuerung.avif\" class=\"attachment-full size-full wp-image-49415\" alt=\"\" srcset=\"https:\/\/konferenztechnik.de\/wp-content\/uploads\/2026\/01\/Bluesound_PULSE_FLEX-steuerung.avif 800w, https:\/\/konferenztechnik.de\/wp-content\/uploads\/2026\/01\/Bluesound_PULSE_FLEX-steuerung-249x300.avif 249w, https:\/\/konferenztechnik.de\/wp-content\/uploads\/2026\/01\/Bluesound_PULSE_FLEX-steuerung-768x926.avif 768w, https:\/\/konferenztechnik.de\/wp-content\/uploads\/2026\/01\/Bluesound_PULSE_FLEX-steuerung-10x12.avif 10w\" sizes=\"(max-width: 800px) 100vw, 800px\" title=\"\">\t\t\t\t\t\t\t\t\t\t\t\t\t\t\t<\/div>\n\t\t\t\t<\/div>\n\t\t\t\t<div class=\"elementor-element elementor-element-a74749b elementor-widget__width-inherit elementor-widget elementor-widget-text-editor\" data-id=\"a74749b\" data-element_type=\"widget\" data-e-type=\"widget\" data-widget_type=\"text-editor.default\">\n\t\t\t\t<div class=\"elementor-widget-container\">\n\t\t\t\t\t\t\t\t\t<p>Der PULSE FLEX verbindet sich per WLAN oder Bluetooth 5.3 mit Ihrer vorhandenen Medientechnik f\u00fcr Konferenzr\u00e4ume. \u00dcber BluOS und AirPlay 2 binden Sie den Lautsprecher flexibel in bestehende Systeme ein:<\/p><p>\u00a0<\/p><ul><li>Einfache Anbindung an Videokonferenzl\u00f6sungen<\/li><\/ul><ul><li>Steuerung per App (BluOS Controller) auf Smartphone, Tablet oder PC<\/li><\/ul><ul><li>Nutzung popul\u00e4rer Streaming-Dienste f\u00fcr Pausenmusik oder Kunden-Events<\/li><\/ul><ul><li>Multiroom-Szenarien: mehrere Lautsprecher in unterschiedlichen R\u00e4umen synchron betreiben<\/li><\/ul><p>Damit eignet sich der Lautsprecher ideal f\u00fcr moderne, vernetzte Konferenzr\u00e4ume und hochwertige B\u00fcro-Umgebungen.<\/p>\t\t\t\t\t\t\t\t<\/div>\n\t\t\t\t<\/div>\n\t\t\t\t<div class=\"elementor-element elementor-element-eb93499 elementor-widget__width-inherit elementor-widget elementor-widget-text-editor\" data-id=\"eb93499\" data-element_type=\"widget\" data-e-type=\"widget\" data-widget_type=\"text-editor.default\">\n\t\t\t\t<div class=\"elementor-widget-container\">\n\t\t\t\t\t\t\t\t\t<p><strong>Ideal f\u00fcr Hybrid-Meetings und flexible Nutzung<\/strong><\/p><p>\u00a0<\/p><p>Hochwertige Konferenzr\u00e4ume leben von klaren Linien und einer aufger\u00e4umten Gestaltung. Der PULSE FLEX f\u00fcgt sich mit seinem reduzierten Design nahtlos ein:<\/p><ul><li>Wandmontage mit optionaler Halterung \u2013 ideal f\u00fcr feste Installationen<\/li><\/ul><ul><li>Platzierung auf Sideboard, Tisch oder Wandboard<\/li><\/ul><ul><li>Dezente Farbausf\u00fchrungen passend zu modernen Interieurs<\/li><\/ul><ul><li>Kompakte Abmessungen (131 \u00d7 196 \u00d7 111 mm) bei nur 1,61 kg Gewicht<\/li><\/ul><p>So bleibt Ihre Konferenztechnik optisch im Hintergrund, w\u00e4hrend der Klang souver\u00e4n den Raum f\u00fcllt.<\/p>\t\t\t\t\t\t\t\t<\/div>\n\t\t\t\t<\/div>\n\t\t\t\t<div class=\"elementor-element elementor-element-84f4e17 elementor-widget elementor-widget-image\" data-id=\"84f4e17\" data-element_type=\"widget\" data-e-type=\"widget\" data-widget_type=\"image.default\">\n\t\t\t\t<div class=\"elementor-widget-container\">\n\t\t\t\t\t\t\t\t\t\t\t\t\t\t\t<img loading=\"lazy\" decoding=\"async\" width=\"800\" height=\"965\" src=\"https:\/\/konferenztechnik.de\/wp-content\/uploads\/2026\/01\/lautsprecher-konferenzraum-weiss-beige-drahtlos.avif\" class=\"attachment-full size-full wp-image-49416\" alt=\"\" srcset=\"https:\/\/konferenztechnik.de\/wp-content\/uploads\/2026\/01\/lautsprecher-konferenzraum-weiss-beige-drahtlos.avif 800w, https:\/\/konferenztechnik.de\/wp-content\/uploads\/2026\/01\/lautsprecher-konferenzraum-weiss-beige-drahtlos-249x300.avif 249w, https:\/\/konferenztechnik.de\/wp-content\/uploads\/2026\/01\/lautsprecher-konferenzraum-weiss-beige-drahtlos-768x926.avif 768w, https:\/\/konferenztechnik.de\/wp-content\/uploads\/2026\/01\/lautsprecher-konferenzraum-weiss-beige-drahtlos-10x12.avif 10w\" sizes=\"(max-width: 800px) 100vw, 800px\" title=\"\">\t\t\t\t\t\t\t\t\t\t\t\t\t\t\t<\/div>\n\t\t\t\t<\/div>\n\t\t\t\t<\/div>\n\t\t\t\t<div class=\"elementor-element elementor-element-f5fcff7 elementor-widget elementor-widget-heading\" data-id=\"f5fcff7\" data-element_type=\"widget\" data-e-type=\"widget\" data-settings=\"{&quot;_animation&quot;:&quot;none&quot;}\" data-widget_type=\"heading.default\">\n\t\t\t\t<div class=\"elementor-widget-container\">\n\t\t\t\t\t<h2 class=\"elementor-heading-title elementor-size-default\">Technische Angaben<\/h2>\t\t\t\t<\/div>\n\t\t\t\t<\/div>\n\t\t\t\t<div class=\"elementor-element elementor-element-0126caf elementor-cta--skin-cover elementor-cta--valign-bottom elementor-widget elementor-widget-call-to-action\" data-id=\"0126caf\" data-element_type=\"widget\" data-e-type=\"widget\" data-widget_type=\"call-to-action.default\">\n\t\t\t\t<div class=\"elementor-widget-container\">\n\t\t\t\t\t\t\t<div class=\"elementor-cta\">\n\t\t\t\t\t<div class=\"elementor-cta__bg-wrapper\">\n\t\t\t\t<div class=\"elementor-cta__bg elementor-bg\" style=\"background-image: url(https:\/\/konferenztechnik.de\/wp-content\/uploads\/2026\/01\/bluesound-lautsprecher-steuerung-anschluesse.avif);\" role=\"img\" aria-label=\"bluesound-lautsprecher-steuerung-anschluesse\"><\/div>\n\t\t\t\t<div class=\"elementor-cta__bg-overlay\"><\/div>\n\t\t\t<\/div>\n\t\t\t\t\t\t\t<div class=\"elementor-cta__content\">\n\t\t\t\t\n\t\t\t\t\n\t\t\t\t\n\t\t\t\t\t\t\t\t\t<div class=\"elementor-cta__button-wrapper elementor-cta__content-item elementor-content-item \">\n\t\t\t\t\t<a class=\"elementor-cta__button elementor-button elementor-size-lg\" href=\"#kontaktbox\">\n\t\t\t\t\t\tJetzt anfragen\t\t\t\t\t<\/a>\n\t\t\t\t\t<\/div>\n\t\t\t\t\t\t\t<\/div>\n\t\t\t\t\t\t<\/div>\n\t\t\t\t\t\t<\/div>\n\t\t\t\t<\/div>\n\t\t\t\t<div class=\"elementor-element elementor-element-7458fb0 elementor-widget__width-inherit elementor-widget elementor-widget-text-editor\" data-id=\"7458fb0\" data-element_type=\"widget\" data-e-type=\"widget\" data-widget_type=\"text-editor.default\">\n\t\t\t\t<div class=\"elementor-widget-container\">\n\t\t\t\t\t\t\t\t\t<ul><li>Kompakter, drahtloser Konferenzlautsprecher f\u00fcr hochwertige Konferenzr\u00e4ume<\/li><\/ul><ul><li>50 W Gesamtausgangsleistung (SmartDSP-Verst\u00e4rker)<\/li><\/ul><ul><li>2-Wege-System mit 0,75&#8243; Hocht\u00f6ner und 4&#8243; Woofer<\/li><\/ul><ul><li>WLAN (WiFi 5, Dualband) und Ethernet f\u00fcr stabile Netzwerkanbindung<\/li><\/ul><ul><li>Bluetooth 5.3 mit aptX HD f\u00fcr hochwertige Audio\u00fcbertragung<\/li><\/ul><ul><li>Unterst\u00fctzung zahlreicher Audioformate bis 24 Bit \/ 192 kHz<\/li><\/ul><ul><li>BluOS-Plattform, AirPlay 2, Spotify Connect, TIDAL Connect, Roon Ready<\/li><\/ul><ul><li>Direkte Bedienung am Ger\u00e4t (Play\/Pause, Lautst\u00e4rke, Presets)<\/li><\/ul><ul><li>Optionale Wand- und St\u00e4nderhalterungen f\u00fcr elegante Integration in die Konferenztechnik<\/li><\/ul>\t\t\t\t\t\t\t\t<\/div>\n\t\t\t\t<\/div>\n\t\t\t\t<div class=\"elementor-element elementor-element-1e05f8d elementor-widget__width-inherit elementor-widget elementor-widget-text-editor\" data-id=\"1e05f8d\" data-element_type=\"widget\" data-e-type=\"widget\" data-widget_type=\"text-editor.default\">\n\t\t\t\t<div class=\"elementor-widget-container\">\n\t\t\t\t\t\t\t\t\t<p>Der PULSE FLEX hat <strong class=\"\">keinen integrierten Akku<\/strong> und wird standardm\u00e4\u00dfig <strong class=\"\">\u00fcber ein Stromkabel (Netzteil)<\/strong> betrieben. Es gibt ein <strong class=\"\">optional erh\u00e4ltliches Akku-Pack<\/strong>, mit dem der Lautsprecher portabel genutzt werden kann.<br><br><\/p>\n<p>F\u00fcr den Einsatz in hochwertigen Konferenzr\u00e4umen k\u00f6nnen wir ihn also klar als <strong class=\"\">station\u00e4ren, netzbetriebenen Konferenzlautsprecher<\/strong> darstellen \u2013 optional mit Akku-Erweiterung, falls Sie Mobilit\u00e4t betonen m\u00f6chten.<\/p>\t\t\t\t\t\t\t\t<\/div>\n\t\t\t\t<\/div>\n\t\t\t\t<div class=\"elementor-element elementor-element-14cd03c elementor-widget elementor-widget-spacer\" data-id=\"14cd03c\" data-element_type=\"widget\" data-e-type=\"widget\" data-widget_type=\"spacer.default\">\n\t\t\t\t<div class=\"elementor-widget-container\">\n\t\t\t\t\t\t\t<div class=\"elementor-spacer\">\n\t\t\t<div class=\"elementor-spacer-inner\"><\/div>\n\t\t<\/div>\n\t\t\t\t\t\t<\/div>\n\t\t\t\t<\/div>\n\t\t\t\t<div class=\"elementor-element elementor-element-e1f6e3c elementor-widget elementor-widget-heading\" data-id=\"e1f6e3c\" data-element_type=\"widget\" data-e-type=\"widget\" data-settings=\"{&quot;_animation&quot;:&quot;none&quot;}\" data-widget_type=\"heading.default\">\n\t\t\t\t<div class=\"elementor-widget-container\">\n\t\t\t\t\t<h2 class=\"elementor-heading-title elementor-size-default\">Beratung und Planung f\u00fcr Ihre Konferenzr\u00e4ume<\/h2>\t\t\t\t<\/div>\n\t\t\t\t<\/div>\n\t\t\t\t<div class=\"elementor-element elementor-element-a5d5df3 elementor-widget__width-inherit elementor-widget elementor-widget-text-editor\" data-id=\"a5d5df3\" data-element_type=\"widget\" data-e-type=\"widget\" data-widget_type=\"text-editor.default\">\n\t\t\t\t<div class=\"elementor-widget-container\">\n\t\t\t\t\t\t\t\t\t<p>Sie m\u00f6chten wissen, wie sich der PULSE FLEX optimal in Ihre bestehenden Konferenzr\u00e4ume, Ihre Medientechnik oder ein Hybrid-Event-Konzept einf\u00fcgt?<\/p><p>\u00a0<\/p><p>Wir unterst\u00fctzen Sie von der Auswahl des passenden Konferenzlautsprechers bis zur kompletten technischen Planung \u2013 inklusive Installation und Betreuung Ihrer Konferenzen und Events.<\/p><p>\u00a0<\/p><p><strong>Jetzt anfragen und hochwertige Konferenzr\u00e4ume klanglich auf das n\u00e4chste Niveau bringen.<\/strong><\/p>\t\t\t\t\t\t\t\t<\/div>\n\t\t\t\t<\/div>\n\t\t\t\t<div class=\"elementor-element elementor-element-7548301 elementor-widget elementor-widget-menu-anchor\" data-id=\"7548301\" data-element_type=\"widget\" data-e-type=\"widget\" data-widget_type=\"menu-anchor.default\">\n\t\t\t\t<div class=\"elementor-widget-container\">\n\t\t\t\t\t\t\t<div class=\"elementor-menu-anchor\" id=\"kontaktbox\"><\/div>\n\t\t\t\t\t\t<\/div>\n\t\t\t\t<\/div>\n\t\t\t\t\t<\/div>\n\t\t\t\t<\/div>\n\t\t\t\t<div class=\"elementor-element elementor-element-45399b5 elementor-widget elementor-widget-shortcode\" data-id=\"45399b5\" data-element_type=\"widget\" data-e-type=\"widget\" data-widget_type=\"shortcode.default\">\n\t\t\t\t<div class=\"elementor-widget-container\">\n\t\t\t\t\t\t\t<div class=\"elementor-shortcode\"><\/div>\n\t\t\t\t\t\t<\/div>\n\t\t\t\t<\/div>\n\t\t\t\t\t<\/div>\n\t\t\t\t<\/div>\n\t\t\t\t<\/div>\n\t\t","protected":false},"excerpt":{"rendered":"<p>Dzi\u0119ki funkcji Quad-View, uniwersalnemu portowi USB-C, dw\u00f3m wyj\u015bciom HDMI i zintegrowanej segmentacji sieci, AV Access eShare W90 oferuje dok\u0142adnie te funkcje, kt\u00f3re sprawiaj\u0105, \u017ce nowoczesne spotkania hybrydowe s\u0105 bardziej wydajne i przejrzyste. <\/p>","protected":false},"author":2,"featured_media":49421,"comment_status":"closed","ping_status":"closed","sticky":false,"template":"","format":"standard","meta":{"_acf_changed":false,"footnotes":""},"categories":[39],"tags":[],"class_list":["post-49408","post","type-post","status-publish","format-standard","has-post-thumbnail","hentry","category-produkte"],"acf":[],"_links":{"self":[{"href":"https:\/\/konferenztechnik.de\/pl\/wp-json\/wp\/v2\/posts\/49408","targetHints":{"allow":["GET"]}}],"collection":[{"href":"https:\/\/konferenztechnik.de\/pl\/wp-json\/wp\/v2\/posts"}],"about":[{"href":"https:\/\/konferenztechnik.de\/pl\/wp-json\/wp\/v2\/types\/post"}],"author":[{"embeddable":true,"href":"https:\/\/konferenztechnik.de\/pl\/wp-json\/wp\/v2\/users\/2"}],"replies":[{"embeddable":true,"href":"https:\/\/konferenztechnik.de\/pl\/wp-json\/wp\/v2\/comments?post=49408"}],"version-history":[{"count":0,"href":"https:\/\/konferenztechnik.de\/pl\/wp-json\/wp\/v2\/posts\/49408\/revisions"}],"wp:featuredmedia":[{"embeddable":true,"href":"https:\/\/konferenztechnik.de\/pl\/wp-json\/wp\/v2\/media\/49421"}],"wp:attachment":[{"href":"https:\/\/konferenztechnik.de\/pl\/wp-json\/wp\/v2\/media?parent=49408"}],"wp:term":[{"taxonomy":"category","embeddable":true,"href":"https:\/\/konferenztechnik.de\/pl\/wp-json\/wp\/v2\/categories?post=49408"},{"taxonomy":"post_tag","embeddable":true,"href":"https:\/\/konferenztechnik.de\/pl\/wp-json\/wp\/v2\/tags?post=49408"}],"curies":[{"name":"wp","href":"https:\/\/api.w.org\/{rel}","templated":true}]}}