{"id":6539,"date":"2016-04-15T13:54:07","date_gmt":"2016-04-15T12:54:07","guid":{"rendered":"https:\/\/konferenztechnik.de\/?page_id=6539"},"modified":"2023-06-26T10:23:46","modified_gmt":"2023-06-26T08:23:46","slug":"epson","status":"publish","type":"post","link":"https:\/\/konferenztechnik.de\/pl\/epson\/","title":{"rendered":"Epson"},"content":{"rendered":"<div data-elementor-type=\"wp-post\" data-elementor-id=\"6539\" class=\"elementor elementor-6539\" data-elementor-post-type=\"post\">\n\t\t\t\t<div data-particle_enable=\"false\" data-particle-mobile-disabled=\"false\" class=\"elementor-element elementor-element-10d88770 e-flex e-con-boxed e-con e-parent\" data-id=\"10d88770\" data-element_type=\"container\">\n\t\t\t\t\t<div class=\"e-con-inner\">\n\t\t\t\t<div class=\"elementor-element elementor-element-3fd5e6c7 elementor-widget elementor-widget-heading\" data-id=\"3fd5e6c7\" data-element_type=\"widget\" data-settings=\"{&quot;_animation&quot;:&quot;none&quot;}\" data-widget_type=\"heading.default\">\n\t\t\t\t<div class=\"elementor-widget-container\">\n\t\t\t\t\t<h2 class=\"elementor-heading-title elementor-size-default\">Epson<\/h2>\t\t\t\t<\/div>\n\t\t\t\t<\/div>\n\t\t\t\t\t<\/div>\n\t\t\t\t<\/div>\n\t\t<div data-particle_enable=\"false\" data-particle-mobile-disabled=\"false\" class=\"elementor-element elementor-element-692de144 e-grid e-con-boxed e-con e-parent\" data-id=\"692de144\" data-element_type=\"container\">\n\t\t\t\t\t<div class=\"e-con-inner\">\n\t\t\t\t<div class=\"elementor-element elementor-element-57d3a39e elementor-widget__width-inherit elementor-widget elementor-widget-text-editor\" data-id=\"57d3a39e\" data-element_type=\"widget\" data-widget_type=\"text-editor.default\">\n\t\t\t\t<div class=\"elementor-widget-container\">\n\t\t\t\t\t\t\t\t\t<p>Epson jest jednym z najwi\u0119kszych na \u015bwiecie producent\u00f3w drukarek, skaner\u00f3w, aparat\u00f3w cyfrowych, komputer\u00f3w osobistych, laptop\u00f3w i projektor\u00f3w.<\/p><p>\u00a0<\/p><p>Epson oferuje szerok\u0105 gam\u0119 projektor\u00f3w. W szczeg\u00f3lno\u015bci innowacyjne projektory kr\u00f3tkiego i bardzo kr\u00f3tkiego rzutu.<\/p><p>\u00a0<\/p><p>Jako lider technologii przetwarzania obrazu, Epson oferuje obecnie prze\u0142omow\u0105 seri\u0119 okular\u00f3w multimedialnych Moverio, kt\u00f3re zapewniaj\u0105 innowacyjne wra\u017cenia u\u017cytkownika dzi\u0119ki zintegrowanej kamerze, \u017cyroskopowi, systemowi GPS i innym czujnikom.<\/p>\t\t\t\t\t\t\t\t<\/div>\n\t\t\t\t<\/div>\n\t\t\t\t<div class=\"elementor-element elementor-element-1d187d95 elementor-widget elementor-widget-image\" data-id=\"1d187d95\" data-element_type=\"widget\" data-widget_type=\"image.default\">\n\t\t\t\t<div class=\"elementor-widget-container\">\n\t\t\t\t\t\t\t\t\t\t\t\t\t\t\t<img fetchpriority=\"high\" decoding=\"async\" width=\"577\" height=\"385\" src=\"https:\/\/konferenztechnik.de\/wp-content\/uploads\/2016\/09\/epson-highendbeamer.jpg\" class=\"attachment-full size-full wp-image-7898\" alt=\"\" srcset=\"https:\/\/konferenztechnik.de\/wp-content\/uploads\/2016\/09\/epson-highendbeamer.jpg 577w, https:\/\/konferenztechnik.de\/wp-content\/uploads\/2016\/09\/epson-highendbeamer-300x200.jpg 300w\" sizes=\"(max-width: 577px) 100vw, 577px\" title=\"\">\t\t\t\t\t\t\t\t\t\t\t\t\t\t\t<\/div>\n\t\t\t\t<\/div>\n\t\t\t\t\t<\/div>\n\t\t\t\t<\/div>\n\t\t<div data-particle_enable=\"false\" data-particle-mobile-disabled=\"false\" class=\"elementor-element elementor-element-6752d393 e-grid e-con-boxed e-con e-parent\" data-id=\"6752d393\" data-element_type=\"container\">\n\t\t\t\t\t<div class=\"e-con-inner\">\n\t\t\t\t<div class=\"elementor-element elementor-element-21d763b1 elementor-widget elementor-widget-heading\" data-id=\"21d763b1\" data-element_type=\"widget\" data-settings=\"{&quot;_animation&quot;:&quot;none&quot;}\" data-widget_type=\"heading.default\">\n\t\t\t\t<div class=\"elementor-widget-container\">\n\t\t\t\t\t<h2 class=\"elementor-heading-title elementor-size-default\">PRZEKROCZY\u0106 SWOJ\u0104 WIZJ\u0118<\/h2>\t\t\t\t<\/div>\n\t\t\t\t<\/div>\n\t\t\t\t<div class=\"elementor-element elementor-element-6bfa4a40 elementor-widget elementor-widget-image\" data-id=\"6bfa4a40\" data-element_type=\"widget\" data-widget_type=\"image.default\">\n\t\t\t\t<div class=\"elementor-widget-container\">\n\t\t\t\t\t\t\t\t\t\t\t\t\t\t\t<img decoding=\"async\" width=\"150\" height=\"150\" src=\"https:\/\/konferenztechnik.de\/wp-content\/uploads\/2016\/04\/logo-epson-150x150.jpg\" class=\"attachment-thumbnail size-thumbnail wp-image-6642\" alt=\"Logo Epson\" srcset=\"https:\/\/konferenztechnik.de\/wp-content\/uploads\/2016\/04\/logo-epson-150x150.jpg 150w, https:\/\/konferenztechnik.de\/wp-content\/uploads\/2016\/04\/logo-epson.jpg 250w\" sizes=\"(max-width: 150px) 100vw, 150px\" title=\"\">\t\t\t\t\t\t\t\t\t\t\t\t\t\t\t<\/div>\n\t\t\t\t<\/div>\n\t\t\t\t\t<\/div>\n\t\t\t\t<\/div>\n\t\t<div data-particle_enable=\"false\" data-particle-mobile-disabled=\"false\" class=\"elementor-element elementor-element-2694ebe1 e-flex e-con-boxed e-con e-parent\" data-id=\"2694ebe1\" data-element_type=\"container\">\n\t\t\t\t\t<div class=\"e-con-inner\">\n\t\t\t\t<div class=\"elementor-element elementor-element-1a305e30 elementor-widget elementor-widget-spacer\" data-id=\"1a305e30\" data-element_type=\"widget\" data-widget_type=\"spacer.default\">\n\t\t\t\t<div class=\"elementor-widget-container\">\n\t\t\t\t\t\t\t<div class=\"elementor-spacer\">\n\t\t\t<div class=\"elementor-spacer-inner\"><\/div>\n\t\t<\/div>\n\t\t\t\t\t\t<\/div>\n\t\t\t\t<\/div>\n\t\t\t\t\t<\/div>\n\t\t\t\t<\/div>\n\t\t<div data-particle_enable=\"false\" data-particle-mobile-disabled=\"false\" class=\"elementor-element elementor-element-4362f95f e-grid e-con-boxed e-con e-parent\" data-id=\"4362f95f\" data-element_type=\"container\">\n\t\t\t\t\t<div class=\"e-con-inner\">\n\t\t<div data-particle_enable=\"false\" data-particle-mobile-disabled=\"false\" class=\"elementor-element elementor-element-623832ec e-flex e-con-boxed e-con e-parent\" data-id=\"623832ec\" data-element_type=\"container\" data-settings=\"{&quot;background_background&quot;:&quot;classic&quot;}\">\n\t\t\t\t\t<div class=\"e-con-inner\">\n\t\t\t\t<div class=\"elementor-element elementor-element-2644d97 elementor-widget elementor-widget-image\" data-id=\"2644d97\" data-element_type=\"widget\" data-widget_type=\"image.default\">\n\t\t\t\t<div class=\"elementor-widget-container\">\n\t\t\t\t\t\t\t\t\t\t\t\t\t\t\t<img decoding=\"async\" width=\"424\" height=\"284\" src=\"https:\/\/konferenztechnik.de\/wp-content\/uploads\/2016\/09\/epson-projektoren.jpg\" class=\"attachment-large size-large wp-image-7899\" alt=\"\" srcset=\"https:\/\/konferenztechnik.de\/wp-content\/uploads\/2016\/09\/epson-projektoren.jpg 424w, https:\/\/konferenztechnik.de\/wp-content\/uploads\/2016\/09\/epson-projektoren-300x201.jpg 300w\" sizes=\"(max-width: 424px) 100vw, 424px\" title=\"\">\t\t\t\t\t\t\t\t\t\t\t\t\t\t\t<\/div>\n\t\t\t\t<\/div>\n\t\t\t\t<div class=\"elementor-element elementor-element-57b01dbf elementor-widget elementor-widget-heading\" data-id=\"57b01dbf\" data-element_type=\"widget\" data-settings=\"{&quot;_animation&quot;:&quot;none&quot;}\" data-widget_type=\"heading.default\">\n\t\t\t\t<div class=\"elementor-widget-container\">\n\t\t\t\t\t<h2 class=\"elementor-heading-title elementor-size-default\">Projektory<\/h2>\t\t\t\t<\/div>\n\t\t\t\t<\/div>\n\t\t\t\t<div class=\"elementor-element elementor-element-1f6f5498 elementor-widget__width-inherit elementor-widget elementor-widget-text-editor\" data-id=\"1f6f5498\" data-element_type=\"widget\" data-widget_type=\"text-editor.default\">\n\t\t\t\t<div class=\"elementor-widget-container\">\n\t\t\t\t\t\t\t\t\t<p>Ultra-mobilny<br \/>Bardzo kr\u00f3tki dystans<br \/>Projektory o kr\u00f3tkim rzucie<br \/>Projektory przeno\u015bne<br \/>Projektory instalacyjne<\/p>\t\t\t\t\t\t\t\t<\/div>\n\t\t\t\t<\/div>\n\t\t\t\t\t<\/div>\n\t\t\t\t<\/div>\n\t\t<div data-particle_enable=\"false\" data-particle-mobile-disabled=\"false\" class=\"elementor-element elementor-element-3b20312f e-flex e-con-boxed e-con e-parent\" data-id=\"3b20312f\" data-element_type=\"container\" data-settings=\"{&quot;background_background&quot;:&quot;classic&quot;}\">\n\t\t\t\t\t<div class=\"e-con-inner\">\n\t\t\t\t<div class=\"elementor-element elementor-element-6961c028 elementor-widget elementor-widget-image\" data-id=\"6961c028\" data-element_type=\"widget\" data-widget_type=\"image.default\">\n\t\t\t\t<div class=\"elementor-widget-container\">\n\t\t\t\t\t\t\t\t\t\t\t\t\t\t\t<img loading=\"lazy\" decoding=\"async\" width=\"424\" height=\"284\" src=\"https:\/\/konferenztechnik.de\/wp-content\/uploads\/2016\/09\/visualiser-dokumentenkamera.jpg\" class=\"attachment-large size-large wp-image-7900\" alt=\"\" srcset=\"https:\/\/konferenztechnik.de\/wp-content\/uploads\/2016\/09\/visualiser-dokumentenkamera.jpg 424w, https:\/\/konferenztechnik.de\/wp-content\/uploads\/2016\/09\/visualiser-dokumentenkamera-300x201.jpg 300w\" sizes=\"(max-width: 424px) 100vw, 424px\" title=\"\">\t\t\t\t\t\t\t\t\t\t\t\t\t\t\t<\/div>\n\t\t\t\t<\/div>\n\t\t\t\t<div class=\"elementor-element elementor-element-7b1841cb elementor-widget elementor-widget-heading\" data-id=\"7b1841cb\" data-element_type=\"widget\" data-settings=\"{&quot;_animation&quot;:&quot;none&quot;}\" data-widget_type=\"heading.default\">\n\t\t\t\t<div class=\"elementor-widget-container\">\n\t\t\t\t\t<h2 class=\"elementor-heading-title elementor-size-default\">Wizualizer<\/h2>\t\t\t\t<\/div>\n\t\t\t\t<\/div>\n\t\t\t\t<div class=\"elementor-element elementor-element-3adb0f22 elementor-widget__width-inherit elementor-widget elementor-widget-text-editor\" data-id=\"3adb0f22\" data-element_type=\"widget\" data-widget_type=\"text-editor.default\">\n\t\t\t\t<div class=\"elementor-widget-container\">\n\t\t\t\t\t\t\t\t\t<p>ELPDC21<br \/>Kamera dokumentuj\u0105ca obrazy i obiekty w rozdzielczo\u015bci Full HD<\/p>\t\t\t\t\t\t\t\t<\/div>\n\t\t\t\t<\/div>\n\t\t\t\t\t<\/div>\n\t\t\t\t<\/div>\n\t\t<div data-particle_enable=\"false\" data-particle-mobile-disabled=\"false\" class=\"elementor-element elementor-element-55804925 e-flex e-con-boxed e-con e-parent\" data-id=\"55804925\" data-element_type=\"container\" data-settings=\"{&quot;background_background&quot;:&quot;classic&quot;}\">\n\t\t\t\t\t<div class=\"e-con-inner\">\n\t\t\t\t<div class=\"elementor-element elementor-element-58228 elementor-widget elementor-widget-image\" data-id=\"58228\" data-element_type=\"widget\" data-widget_type=\"image.default\">\n\t\t\t\t<div class=\"elementor-widget-container\">\n\t\t\t\t\t\t\t\t\t\t\t\t\t\t\t<img loading=\"lazy\" decoding=\"async\" width=\"424\" height=\"284\" src=\"https:\/\/konferenztechnik.de\/wp-content\/uploads\/2016\/09\/augmentedreality-brillen.jpg\" class=\"attachment-large size-large wp-image-7897\" alt=\"\" srcset=\"https:\/\/konferenztechnik.de\/wp-content\/uploads\/2016\/09\/augmentedreality-brillen.jpg 424w, https:\/\/konferenztechnik.de\/wp-content\/uploads\/2016\/09\/augmentedreality-brillen-300x201.jpg 300w\" sizes=\"(max-width: 424px) 100vw, 424px\" title=\"\">\t\t\t\t\t\t\t\t\t\t\t\t\t\t\t<\/div>\n\t\t\t\t<\/div>\n\t\t\t\t<div class=\"elementor-element elementor-element-3ef6cc46 elementor-widget elementor-widget-heading\" data-id=\"3ef6cc46\" data-element_type=\"widget\" data-settings=\"{&quot;_animation&quot;:&quot;none&quot;}\" data-widget_type=\"heading.default\">\n\t\t\t\t<div class=\"elementor-widget-container\">\n\t\t\t\t\t<h2 class=\"elementor-heading-title elementor-size-default\">Okulary multimedialne<\/h2>\t\t\t\t<\/div>\n\t\t\t\t<\/div>\n\t\t\t\t<div class=\"elementor-element elementor-element-64c06388 elementor-widget__width-inherit elementor-widget elementor-widget-text-editor\" data-id=\"64c06388\" data-element_type=\"widget\" data-widget_type=\"text-editor.default\">\n\t\t\t\t<div class=\"elementor-widget-container\">\n\t\t\t\t\t\t\t\t\t<p>P\u00f3\u0142przezroczyste, inteligentne okulary multimedialne,<br \/>Rozszerzona rzeczywisto\u015b\u0107,<br \/>Zawarto\u015b\u0107 HD i 3D<\/p>\t\t\t\t\t\t\t\t<\/div>\n\t\t\t\t<\/div>\n\t\t\t\t\t<\/div>\n\t\t\t\t<\/div>\n\t\t\t\t\t<\/div>\n\t\t\t\t<\/div>\n\t\t<div data-particle_enable=\"false\" data-particle-mobile-disabled=\"false\" class=\"elementor-element elementor-element-36832951 e-flex e-con-boxed e-con e-parent\" data-id=\"36832951\" data-element_type=\"container\">\n\t\t\t\t\t<div class=\"e-con-inner\">\n\t\t\t\t<div class=\"elementor-element elementor-element-f8432f2 elementor-widget elementor-widget-spacer\" data-id=\"f8432f2\" data-element_type=\"widget\" data-widget_type=\"spacer.default\">\n\t\t\t\t<div class=\"elementor-widget-container\">\n\t\t\t\t\t\t\t<div class=\"elementor-spacer\">\n\t\t\t<div class=\"elementor-spacer-inner\"><\/div>\n\t\t<\/div>\n\t\t\t\t\t\t<\/div>\n\t\t\t\t<\/div>\n\t\t\t\t<div class=\"elementor-element elementor-element-12099a83 elementor-widget__width-inherit elementor-widget elementor-widget-text-editor\" data-id=\"12099a83\" data-element_type=\"widget\" data-widget_type=\"text-editor.default\">\n\t\t\t\t<div class=\"elementor-widget-container\">\n\t\t\t\t\t\t\t\t\t<p>Projektor kr\u00f3tkiego rzutu \"EB-530\" znacznie u\u0142atwia nasz\u0105 prac\u0119. Rozwi\u0105zuje wiele zada\u0144 projekcyjnych w ma\u0142ych salach konferencyjnych, poniewa\u017c mo\u017cna go ustawi\u0107 blisko powierzchni projekcyjnej, aby zaoszcz\u0119dzi\u0107 miejsce i wy\u015bwietla\u0107 doskona\u0142e obrazy.<\/p>\t\t\t\t\t\t\t\t<\/div>\n\t\t\t\t<\/div>\n\t\t\t\t\t<\/div>\n\t\t\t\t<\/div>\n\t\t<div data-particle_enable=\"false\" data-particle-mobile-disabled=\"false\" class=\"elementor-element elementor-element-43990fd2 e-flex e-con-boxed e-con e-parent\" data-id=\"43990fd2\" data-element_type=\"container\">\n\t\t\t\t\t<div class=\"e-con-inner\">\n\t\t\t\t<div class=\"elementor-element elementor-element-356d98e8 elementor-widget elementor-widget-shortcode\" data-id=\"356d98e8\" data-element_type=\"widget\" data-widget_type=\"shortcode.default\">\n\t\t\t\t<div class=\"elementor-widget-container\">\n\t\t\t\t\t\t\t<div class=\"elementor-shortcode\"><\/div>\n\t\t\t\t\t\t<\/div>\n\t\t\t\t<\/div>\n\t\t\t\t\t<\/div>\n\t\t\t\t<\/div>\n\t\t\t\t<\/div>","protected":false},"excerpt":{"rendered":"<p>Epson Epson jest jednym z najwi\u0119kszych na \u015bwiecie producent\u00f3w drukarek, skaner\u00f3w, aparat\u00f3w cyfrowych, komputer\u00f3w osobistych, laptop\u00f3w i projektor\u00f3w.   Epson oferuje szerok\u0105 gam\u0119 projektor\u00f3w. W szczeg\u00f3lno\u015bci innowacyjne projektory kr\u00f3tkiego i bardzo kr\u00f3tkiego rzutu.   Jako lider technologii przetwarzania obrazu, Epson oferuje obecnie prze\u0142omow\u0105 seri\u0119 okular\u00f3w multimedialnych Moverio, kt\u00f3re s\u0105 wyposa\u017cone w zintegrowan\u0105 kamer\u0119, \u017cyroskop, system GPS i [...]<\/p>","protected":false},"author":1,"featured_media":6642,"comment_status":"closed","ping_status":"closed","sticky":false,"template":"elementor_theme","format":"standard","meta":{"_acf_changed":false,"footnotes":""},"categories":[49],"tags":[64],"class_list":["post-6539","post","type-post","status-publish","format-standard","has-post-thumbnail","hentry","category-hersteller","tag-epson"],"acf":[],"_links":{"self":[{"href":"https:\/\/konferenztechnik.de\/pl\/wp-json\/wp\/v2\/posts\/6539","targetHints":{"allow":["GET"]}}],"collection":[{"href":"https:\/\/konferenztechnik.de\/pl\/wp-json\/wp\/v2\/posts"}],"about":[{"href":"https:\/\/konferenztechnik.de\/pl\/wp-json\/wp\/v2\/types\/post"}],"author":[{"embeddable":true,"href":"https:\/\/konferenztechnik.de\/pl\/wp-json\/wp\/v2\/users\/1"}],"replies":[{"embeddable":true,"href":"https:\/\/konferenztechnik.de\/pl\/wp-json\/wp\/v2\/comments?post=6539"}],"version-history":[{"count":0,"href":"https:\/\/konferenztechnik.de\/pl\/wp-json\/wp\/v2\/posts\/6539\/revisions"}],"wp:featuredmedia":[{"embeddable":true,"href":"https:\/\/konferenztechnik.de\/pl\/wp-json\/wp\/v2\/media\/6642"}],"wp:attachment":[{"href":"https:\/\/konferenztechnik.de\/pl\/wp-json\/wp\/v2\/media?parent=6539"}],"wp:term":[{"taxonomy":"category","embeddable":true,"href":"https:\/\/konferenztechnik.de\/pl\/wp-json\/wp\/v2\/categories?post=6539"},{"taxonomy":"post_tag","embeddable":true,"href":"https:\/\/konferenztechnik.de\/pl\/wp-json\/wp\/v2\/tags?post=6539"}],"curies":[{"name":"wp","href":"https:\/\/api.w.org\/{rel}","templated":true}]}}