{"id":8050,"date":"2016-09-26T10:01:51","date_gmt":"2016-09-26T08:01:51","guid":{"rendered":"https:\/\/konferenztechnik.de\/?page_id=8050"},"modified":"2023-06-26T10:07:42","modified_gmt":"2023-06-26T08:07:42","slug":"audipack","status":"publish","type":"post","link":"https:\/\/konferenztechnik.de\/pl\/audipack\/","title":{"rendered":"Audipack"},"content":{"rendered":"<div data-elementor-type=\"wp-post\" data-elementor-id=\"8050\" class=\"elementor elementor-8050\" data-elementor-post-type=\"post\">\n\t\t\t\t<div data-particle_enable=\"false\" data-particle-mobile-disabled=\"false\" class=\"elementor-element elementor-element-5b62b205 e-flex e-con-boxed e-con e-parent\" data-id=\"5b62b205\" data-element_type=\"container\">\n\t\t\t\t\t<div class=\"e-con-inner\">\n\t\t\t\t<div class=\"elementor-element elementor-element-6202389b elementor-widget elementor-widget-heading\" data-id=\"6202389b\" data-element_type=\"widget\" data-settings=\"{&quot;_animation&quot;:&quot;none&quot;}\" data-widget_type=\"heading.default\">\n\t\t\t\t<div class=\"elementor-widget-container\">\n\t\t\t\t\t<h2 class=\"elementor-heading-title elementor-size-default\">Audipack<\/h2>\t\t\t\t<\/div>\n\t\t\t\t<\/div>\n\t\t\t\t\t<\/div>\n\t\t\t\t<\/div>\n\t\t<div data-particle_enable=\"false\" data-particle-mobile-disabled=\"false\" class=\"elementor-element elementor-element-6ff7fd68 e-grid e-con-boxed e-con e-parent\" data-id=\"6ff7fd68\" data-element_type=\"container\">\n\t\t\t\t\t<div class=\"e-con-inner\">\n\t\t\t\t<div class=\"elementor-element elementor-element-25d4f9cc elementor-widget__width-inherit elementor-widget elementor-widget-text-editor\" data-id=\"25d4f9cc\" data-element_type=\"widget\" data-widget_type=\"text-editor.default\">\n\t\t\t\t<div class=\"elementor-widget-container\">\n\t\t\t\t\t\t\t\t\t<p>Audipack jest jednym z najwa\u017cniejszych producent\u00f3w wszelkiego rodzaju akcesori\u00f3w AV. Ta innowacyjna firma rodzinna z Holandii dostarcza standardowe produkty, a tak\u017ce produkty i rozwi\u0105zania dostosowane do indywidualnych potrzeb.<\/p><p>\u00a0<\/p><p>Wszystkie produkty s\u0105 opracowywane i budowane zgodnie z europejskimi standardami i normami jako\u015bci.<\/p><p>\u00a0<\/p><p>Audipack jest liderem na rynku inteligentnych uchwyt\u00f3w do projektor\u00f3w i wy\u015bwietlaczy. Z Audipack prawie wszystko jest mo\u017cliwe. Uchwyty sufitowe do projektor\u00f3w oferuj\u0105 maksymaln\u0105 elastyczno\u015b\u0107 i stabilno\u015b\u0107 oraz s\u0105 bezkonkurencyjne pod wzgl\u0119dem zaawansowania technicznego, precyzji i jako\u015bci wykonania.<\/p>\t\t\t\t\t\t\t\t<\/div>\n\t\t\t\t<\/div>\n\t\t\t\t<div class=\"elementor-element elementor-element-23b93be6 elementor-widget elementor-widget-image\" data-id=\"23b93be6\" data-element_type=\"widget\" data-widget_type=\"image.default\">\n\t\t\t\t<div class=\"elementor-widget-container\">\n\t\t\t\t\t\t\t\t\t\t\t\t\t\t\t<img fetchpriority=\"high\" decoding=\"async\" width=\"577\" height=\"385\" src=\"https:\/\/konferenztechnik.de\/wp-content\/uploads\/2016\/09\/audipack-avzubeboer.jpg\" class=\"attachment-full size-full wp-image-8055\" alt=\"\" srcset=\"https:\/\/konferenztechnik.de\/wp-content\/uploads\/2016\/09\/audipack-avzubeboer.jpg 577w, https:\/\/konferenztechnik.de\/wp-content\/uploads\/2016\/09\/audipack-avzubeboer-300x200.jpg 300w\" sizes=\"(max-width: 577px) 100vw, 577px\" title=\"\">\t\t\t\t\t\t\t\t\t\t\t\t\t\t\t<\/div>\n\t\t\t\t<\/div>\n\t\t\t\t\t<\/div>\n\t\t\t\t<\/div>\n\t\t<div data-particle_enable=\"false\" data-particle-mobile-disabled=\"false\" class=\"elementor-element elementor-element-10c62000 e-grid e-con-boxed e-con e-parent\" data-id=\"10c62000\" data-element_type=\"container\">\n\t\t\t\t\t<div class=\"e-con-inner\">\n\t\t\t\t<div class=\"elementor-element elementor-element-d2f9d68 elementor-widget elementor-widget-heading\" data-id=\"d2f9d68\" data-element_type=\"widget\" data-settings=\"{&quot;_animation&quot;:&quot;none&quot;}\" data-widget_type=\"heading.default\">\n\t\t\t\t<div class=\"elementor-widget-container\">\n\t\t\t\t\t<h2 class=\"elementor-heading-title elementor-size-default\"> Wspaniale jest mie\u0107 rozwi\u0105zania<\/h2>\t\t\t\t<\/div>\n\t\t\t\t<\/div>\n\t\t\t\t<div class=\"elementor-element elementor-element-463e6a47 elementor-widget elementor-widget-image\" data-id=\"463e6a47\" data-element_type=\"widget\" data-widget_type=\"image.default\">\n\t\t\t\t<div class=\"elementor-widget-container\">\n\t\t\t\t\t\t\t\t\t\t\t\t\t\t\t<img decoding=\"async\" width=\"150\" height=\"150\" src=\"https:\/\/konferenztechnik.de\/wp-content\/uploads\/2016\/04\/logo-audipack-150x150.jpg\" class=\"attachment-thumbnail size-thumbnail wp-image-6608\" alt=\"Logo Audipack\" srcset=\"https:\/\/konferenztechnik.de\/wp-content\/uploads\/2016\/04\/logo-audipack-150x150.jpg 150w, https:\/\/konferenztechnik.de\/wp-content\/uploads\/2016\/04\/logo-audipack.jpg 250w\" sizes=\"(max-width: 150px) 100vw, 150px\" title=\"\">\t\t\t\t\t\t\t\t\t\t\t\t\t\t\t<\/div>\n\t\t\t\t<\/div>\n\t\t\t\t\t<\/div>\n\t\t\t\t<\/div>\n\t\t<div data-particle_enable=\"false\" data-particle-mobile-disabled=\"false\" class=\"elementor-element elementor-element-55118dee e-flex e-con-boxed e-con e-parent\" data-id=\"55118dee\" data-element_type=\"container\">\n\t\t\t\t\t<div class=\"e-con-inner\">\n\t\t\t\t<div class=\"elementor-element elementor-element-7b9679f9 elementor-widget elementor-widget-spacer\" data-id=\"7b9679f9\" data-element_type=\"widget\" data-widget_type=\"spacer.default\">\n\t\t\t\t<div class=\"elementor-widget-container\">\n\t\t\t\t\t\t\t<div class=\"elementor-spacer\">\n\t\t\t<div class=\"elementor-spacer-inner\"><\/div>\n\t\t<\/div>\n\t\t\t\t\t\t<\/div>\n\t\t\t\t<\/div>\n\t\t\t\t\t<\/div>\n\t\t\t\t<\/div>\n\t\t<div data-particle_enable=\"false\" data-particle-mobile-disabled=\"false\" class=\"elementor-element elementor-element-2db078af e-grid e-con-boxed e-con e-parent\" data-id=\"2db078af\" data-element_type=\"container\">\n\t\t\t\t\t<div class=\"e-con-inner\">\n\t\t<div data-particle_enable=\"false\" data-particle-mobile-disabled=\"false\" class=\"elementor-element elementor-element-5f705ac2 e-flex e-con-boxed e-con e-parent\" data-id=\"5f705ac2\" data-element_type=\"container\" data-settings=\"{&quot;background_background&quot;:&quot;classic&quot;}\">\n\t\t\t\t\t<div class=\"e-con-inner\">\n\t\t\t\t<div class=\"elementor-element elementor-element-4c4b2b22 elementor-widget elementor-widget-image\" data-id=\"4c4b2b22\" data-element_type=\"widget\" data-widget_type=\"image.default\">\n\t\t\t\t<div class=\"elementor-widget-container\">\n\t\t\t\t\t\t\t\t\t\t\t\t\t\t\t<img decoding=\"async\" width=\"424\" height=\"284\" src=\"https:\/\/konferenztechnik.de\/wp-content\/uploads\/2017\/05\/sprecherkabine-audipack.jpg\" class=\"attachment-large size-large wp-image-10091\" alt=\"\" srcset=\"https:\/\/konferenztechnik.de\/wp-content\/uploads\/2017\/05\/sprecherkabine-audipack.jpg 424w, https:\/\/konferenztechnik.de\/wp-content\/uploads\/2017\/05\/sprecherkabine-audipack-300x201.jpg 300w\" sizes=\"(max-width: 424px) 100vw, 424px\" title=\"\">\t\t\t\t\t\t\t\t\t\t\t\t\t\t\t<\/div>\n\t\t\t\t<\/div>\n\t\t\t\t<div class=\"elementor-element elementor-element-7ee7d2f0 elementor-widget elementor-widget-heading\" data-id=\"7ee7d2f0\" data-element_type=\"widget\" data-settings=\"{&quot;_animation&quot;:&quot;none&quot;}\" data-widget_type=\"heading.default\">\n\t\t\t\t<div class=\"elementor-widget-container\">\n\t\t\t\t\t<h2 class=\"elementor-heading-title elementor-size-default\"><a href=\"https:\/\/konferenztechnik.de\/pl\/dystrybucja-technologii-konferencyjnych-i-multimedialnych\/systemy-tlumaczen-ustnych\/kabiny-i-pulpity-do-tlumaczen-ustnych\/\">Kabiny dla t\u0142umaczy<\/a><\/h2>\t\t\t\t<\/div>\n\t\t\t\t<\/div>\n\t\t\t\t<div class=\"elementor-element elementor-element-51959323 elementor-widget__width-inherit elementor-widget elementor-widget-text-editor\" data-id=\"51959323\" data-element_type=\"widget\" data-widget_type=\"text-editor.default\">\n\t\t\t\t<div class=\"elementor-widget-container\">\n\t\t\t\t\t\t\t\t\t<p>Kabiny dla prelegent\u00f3w<br \/>Kabiny komentatorskie<br \/>Walizki lotnicze i transportowe<br \/>+<br \/>Odpowiednie pulpity dla t\u0142umaczy i systemy t\u0142umacze\u0144 ustnych<\/p><div class=\"custom-list\"><i class=\"moon-arrow-right-2\"><\/i><a title=\"Kabiny dla prelegent\u00f3w\" href=\"https:\/\/konferenztechnik.de\/pl\/dystrybucja-technologii-konferencyjnych-i-multimedialnych\/systemy-tlumaczen-ustnych\/kabiny-i-pulpity-do-tlumaczen-ustnych\/\">wi\u0119cej<\/a><\/div>\t\t\t\t\t\t\t\t<\/div>\n\t\t\t\t<\/div>\n\t\t\t\t\t<\/div>\n\t\t\t\t<\/div>\n\t\t<div data-particle_enable=\"false\" data-particle-mobile-disabled=\"false\" class=\"elementor-element elementor-element-6cd89552 e-flex e-con-boxed e-con e-parent\" data-id=\"6cd89552\" data-element_type=\"container\" data-settings=\"{&quot;background_background&quot;:&quot;classic&quot;}\">\n\t\t\t\t\t<div class=\"e-con-inner\">\n\t\t\t\t<div class=\"elementor-element elementor-element-134baaea elementor-widget elementor-widget-image\" data-id=\"134baaea\" data-element_type=\"widget\" data-widget_type=\"image.default\">\n\t\t\t\t<div class=\"elementor-widget-container\">\n\t\t\t\t\t\t\t\t\t\t\t\t\t\t\t<img loading=\"lazy\" decoding=\"async\" width=\"424\" height=\"284\" src=\"https:\/\/konferenztechnik.de\/wp-content\/uploads\/2017\/05\/audipack-scherenlifte.jpg\" class=\"attachment-large size-large wp-image-10074\" alt=\"\" srcset=\"https:\/\/konferenztechnik.de\/wp-content\/uploads\/2017\/05\/audipack-scherenlifte.jpg 424w, https:\/\/konferenztechnik.de\/wp-content\/uploads\/2017\/05\/audipack-scherenlifte-300x201.jpg 300w\" sizes=\"(max-width: 424px) 100vw, 424px\" title=\"\">\t\t\t\t\t\t\t\t\t\t\t\t\t\t\t<\/div>\n\t\t\t\t<\/div>\n\t\t\t\t<div class=\"elementor-element elementor-element-4dedb2ae elementor-widget elementor-widget-heading\" data-id=\"4dedb2ae\" data-element_type=\"widget\" data-settings=\"{&quot;_animation&quot;:&quot;none&quot;}\" data-widget_type=\"heading.default\">\n\t\t\t\t<div class=\"elementor-widget-container\">\n\t\t\t\t\t<h2 class=\"elementor-heading-title elementor-size-default\"><a href=\"https:\/\/konferenztechnik.de\/pl\/uslugi-2\/konferencja-sprzedazowa-i-technologia-medialna\/systemy-dzwigowe\/\">Podno\u015bniki sufitowe, podno\u015bniki koszowe<\/a><\/h2>\t\t\t\t<\/div>\n\t\t\t\t<\/div>\n\t\t\t\t<div class=\"elementor-element elementor-element-170e9086 elementor-widget__width-inherit elementor-widget elementor-widget-text-editor\" data-id=\"170e9086\" data-element_type=\"widget\" data-widget_type=\"text-editor.default\">\n\t\t\t\t<div class=\"elementor-widget-container\">\n\t\t\t\t\t\t\t\t\t<p>Podno\u015bniki no\u017cycowe<br \/>Wyci\u0105gi kolejowe<br \/>Podno\u015bniki koszowe<br \/>Podno\u015bniki kombinowane<br \/>Podno\u015bniki do ekran\u00f3w<\/p><div class=\"custom-list\"><i class=\"moon-arrow-right-2\"><\/i><a title=\"Podno\u015bniki sufitowe, podno\u015bniki koszowe\" href=\"https:\/\/konferenztechnik.de\/pl\/uslugi-2\/konferencja-sprzedazowa-i-technologia-medialna\/systemy-dzwigowe\/\">wi\u0119cej<\/a><\/div>\t\t\t\t\t\t\t\t<\/div>\n\t\t\t\t<\/div>\n\t\t\t\t\t<\/div>\n\t\t\t\t<\/div>\n\t\t<div data-particle_enable=\"false\" data-particle-mobile-disabled=\"false\" class=\"elementor-element elementor-element-1f941683 e-flex e-con-boxed e-con e-parent\" data-id=\"1f941683\" data-element_type=\"container\" data-settings=\"{&quot;background_background&quot;:&quot;classic&quot;}\">\n\t\t\t\t\t<div class=\"e-con-inner\">\n\t\t\t\t<div class=\"elementor-element elementor-element-7612dbe7 elementor-widget elementor-widget-image\" data-id=\"7612dbe7\" data-element_type=\"widget\" data-widget_type=\"image.default\">\n\t\t\t\t<div class=\"elementor-widget-container\">\n\t\t\t\t\t\t\t\t\t\t\t\t\t\t\t<img loading=\"lazy\" decoding=\"async\" width=\"424\" height=\"284\" src=\"https:\/\/konferenztechnik.de\/wp-content\/uploads\/2017\/05\/audipack-wandhalterungen.jpg\" class=\"attachment-large size-large wp-image-10094\" alt=\"\" srcset=\"https:\/\/konferenztechnik.de\/wp-content\/uploads\/2017\/05\/audipack-wandhalterungen.jpg 424w, https:\/\/konferenztechnik.de\/wp-content\/uploads\/2017\/05\/audipack-wandhalterungen-300x201.jpg 300w\" sizes=\"(max-width: 424px) 100vw, 424px\" title=\"\">\t\t\t\t\t\t\t\t\t\t\t\t\t\t\t<\/div>\n\t\t\t\t<\/div>\n\t\t\t\t<div class=\"elementor-element elementor-element-33b71a3b elementor-widget elementor-widget-heading\" data-id=\"33b71a3b\" data-element_type=\"widget\" data-settings=\"{&quot;_animation&quot;:&quot;none&quot;}\" data-widget_type=\"heading.default\">\n\t\t\t\t<div class=\"elementor-widget-container\">\n\t\t\t\t\t<h2 class=\"elementor-heading-title elementor-size-default\"><a href=\"https:\/\/konferenztechnik.de\/pl\/dystrybucja-technologii-konferencyjnych-i-multimedialnych\/technologia-wideo-2\/uchwyty-do-wyswietlaczy-i-projektorow-2\/uchwyty-scienne\/\">Uchwyty \u015bcienne<\/a><\/h2>\t\t\t\t<\/div>\n\t\t\t\t<\/div>\n\t\t\t\t<div class=\"elementor-element elementor-element-26513c03 elementor-widget__width-inherit elementor-widget elementor-widget-text-editor\" data-id=\"26513c03\" data-element_type=\"widget\" data-widget_type=\"text-editor.default\">\n\t\t\t\t<div class=\"elementor-widget-container\">\n\t\t\t\t\t\t\t\t\t<p>Uchwyty \u015bcienne do ekran\u00f3w<br \/>Uchwyty \u015bcienne do projektor\u00f3w<\/p><div class=\"custom-list\"><i class=\"moon-arrow-right-2\"><\/i><a title=\"Uchwyty \u015bcienne\" href=\"https:\/\/konferenztechnik.de\/pl\/dystrybucja-technologii-konferencyjnych-i-multimedialnych\/technologia-wideo-2\/uchwyty-do-wyswietlaczy-i-projektorow-2\/uchwyty-scienne\/\">wi\u0119cej<\/a><\/div>\t\t\t\t\t\t\t\t<\/div>\n\t\t\t\t<\/div>\n\t\t\t\t\t<\/div>\n\t\t\t\t<\/div>\n\t\t<div data-particle_enable=\"false\" data-particle-mobile-disabled=\"false\" class=\"elementor-element elementor-element-cb85caf e-flex e-con-boxed e-con e-parent\" data-id=\"cb85caf\" data-element_type=\"container\" data-settings=\"{&quot;background_background&quot;:&quot;classic&quot;}\">\n\t\t\t\t\t<div class=\"e-con-inner\">\n\t\t\t\t<div class=\"elementor-element elementor-element-85b89c6 elementor-widget elementor-widget-image\" data-id=\"85b89c6\" data-element_type=\"widget\" data-widget_type=\"image.default\">\n\t\t\t\t<div class=\"elementor-widget-container\">\n\t\t\t\t\t\t\t\t\t\t\t\t\t\t\t<img loading=\"lazy\" decoding=\"async\" width=\"424\" height=\"284\" src=\"https:\/\/konferenztechnik.de\/wp-content\/uploads\/2017\/05\/audipack-deckenhalterungen.jpg\" class=\"attachment-large size-large wp-image-10099\" alt=\"\" srcset=\"https:\/\/konferenztechnik.de\/wp-content\/uploads\/2017\/05\/audipack-deckenhalterungen.jpg 424w, https:\/\/konferenztechnik.de\/wp-content\/uploads\/2017\/05\/audipack-deckenhalterungen-300x201.jpg 300w\" sizes=\"(max-width: 424px) 100vw, 424px\" title=\"\">\t\t\t\t\t\t\t\t\t\t\t\t\t\t\t<\/div>\n\t\t\t\t<\/div>\n\t\t\t\t<div class=\"elementor-element elementor-element-53ad0a8 elementor-widget elementor-widget-heading\" data-id=\"53ad0a8\" data-element_type=\"widget\" data-settings=\"{&quot;_animation&quot;:&quot;none&quot;}\" data-widget_type=\"heading.default\">\n\t\t\t\t<div class=\"elementor-widget-container\">\n\t\t\t\t\t<h2 class=\"elementor-heading-title elementor-size-default\"><a href=\"https:\/\/konferenztechnik.de\/pl\/dystrybucja-technologii-konferencyjnych-i-multimedialnych\/technologia-wideo-2\/uchwyty-do-wyswietlaczy-i-projektorow-2\/uchwyty-sufitowe\/\">Wsporniki sufitowe<\/a><\/h2>\t\t\t\t<\/div>\n\t\t\t\t<\/div>\n\t\t\t\t<div class=\"elementor-element elementor-element-008afbb elementor-widget__width-inherit elementor-widget elementor-widget-text-editor\" data-id=\"008afbb\" data-element_type=\"widget\" data-widget_type=\"text-editor.default\">\n\t\t\t\t<div class=\"elementor-widget-container\">\n\t\t\t\t\t\t\t\t\t<p>Uchwyty do projektor\u00f3w<br \/>Wsporniki z przegubami kulowymi<br \/>Elektrycznie pozycjonowane wsporniki<\/p><div class=\"custom-list\"><i class=\"moon-arrow-right-2\"><\/i><a title=\"Wsporniki sufitowe\" href=\"https:\/\/konferenztechnik.de\/pl\/dystrybucja-technologii-konferencyjnych-i-multimedialnych\/technologia-wideo-2\/uchwyty-do-wyswietlaczy-i-projektorow-2\/uchwyty-sufitowe\/\">wi\u0119cej<\/a><\/div>\t\t\t\t\t\t\t\t<\/div>\n\t\t\t\t<\/div>\n\t\t\t\t\t<\/div>\n\t\t\t\t<\/div>\n\t\t<div data-particle_enable=\"false\" data-particle-mobile-disabled=\"false\" class=\"elementor-element elementor-element-c0f90d2 e-flex e-con-boxed e-con e-parent\" data-id=\"c0f90d2\" data-element_type=\"container\" data-settings=\"{&quot;background_background&quot;:&quot;classic&quot;}\">\n\t\t\t\t\t<div class=\"e-con-inner\">\n\t\t\t\t<div class=\"elementor-element elementor-element-280f684 elementor-widget elementor-widget-image\" data-id=\"280f684\" data-element_type=\"widget\" data-widget_type=\"image.default\">\n\t\t\t\t<div class=\"elementor-widget-container\">\n\t\t\t\t\t\t\t\t\t\t\t\t\t\t\t<img loading=\"lazy\" decoding=\"async\" width=\"424\" height=\"284\" src=\"https:\/\/konferenztechnik.de\/wp-content\/uploads\/2017\/05\/beamer-trusshalterungen.jpg\" class=\"attachment-large size-large wp-image-10101\" alt=\"\" srcset=\"https:\/\/konferenztechnik.de\/wp-content\/uploads\/2017\/05\/beamer-trusshalterungen.jpg 424w, https:\/\/konferenztechnik.de\/wp-content\/uploads\/2017\/05\/beamer-trusshalterungen-300x201.jpg 300w\" sizes=\"(max-width: 424px) 100vw, 424px\" title=\"\">\t\t\t\t\t\t\t\t\t\t\t\t\t\t\t<\/div>\n\t\t\t\t<\/div>\n\t\t\t\t<div class=\"elementor-element elementor-element-ffeb283 elementor-widget elementor-widget-heading\" data-id=\"ffeb283\" data-element_type=\"widget\" data-settings=\"{&quot;_animation&quot;:&quot;none&quot;}\" data-widget_type=\"heading.default\">\n\t\t\t\t<div class=\"elementor-widget-container\">\n\t\t\t\t\t<h2 class=\"elementor-heading-title elementor-size-default\"><a href=\"https:\/\/konferenztechnik.de\/pl\/dystrybucja-technologii-konferencyjnych-i-multimedialnych\/technologia-wideo-2\/uchwyty-do-wyswietlaczy-i-projektorow-2\/wsporniki-kratownicy\/\">Wsporniki kratownicy<\/a><\/h2>\t\t\t\t<\/div>\n\t\t\t\t<\/div>\n\t\t\t\t<div class=\"elementor-element elementor-element-b548d93 elementor-widget__width-inherit elementor-widget elementor-widget-text-editor\" data-id=\"b548d93\" data-element_type=\"widget\" data-widget_type=\"text-editor.default\">\n\t\t\t\t<div class=\"elementor-widget-container\">\n\t\t\t\t\t\t\t\t\t<p>Uniwersalne wsporniki<br \/>S\u0142upy teleskopowe<br \/>Wsporniki szybkiego zwalniania<br \/>Ramy stosu i olinowania<\/p><div class=\"custom-list\"><i class=\"moon-arrow-right-2\"><\/i><a title=\"Wsporniki kratownicy\" href=\"https:\/\/konferenztechnik.de\/pl\/dystrybucja-technologii-konferencyjnych-i-multimedialnych\/technologia-wideo-2\/uchwyty-do-wyswietlaczy-i-projektorow-2\/wsporniki-kratownicy\/\">wi\u0119cej<\/a><\/div>\t\t\t\t\t\t\t\t<\/div>\n\t\t\t\t<\/div>\n\t\t\t\t\t<\/div>\n\t\t\t\t<\/div>\n\t\t<div data-particle_enable=\"false\" data-particle-mobile-disabled=\"false\" class=\"elementor-element elementor-element-71a8d42 e-flex e-con-boxed e-con e-parent\" data-id=\"71a8d42\" data-element_type=\"container\" data-settings=\"{&quot;background_background&quot;:&quot;classic&quot;}\">\n\t\t\t\t\t<div class=\"e-con-inner\">\n\t\t\t\t<div class=\"elementor-element elementor-element-59f9a65 elementor-widget elementor-widget-image\" data-id=\"59f9a65\" data-element_type=\"widget\" data-widget_type=\"image.default\">\n\t\t\t\t<div class=\"elementor-widget-container\">\n\t\t\t\t\t\t\t\t\t\t\t\t\t\t\t<img loading=\"lazy\" decoding=\"async\" width=\"424\" height=\"284\" src=\"https:\/\/konferenztechnik.de\/wp-content\/uploads\/2017\/05\/display-hubsysteme.jpg\" class=\"attachment-large size-large wp-image-10103\" alt=\"\" srcset=\"https:\/\/konferenztechnik.de\/wp-content\/uploads\/2017\/05\/display-hubsysteme.jpg 424w, https:\/\/konferenztechnik.de\/wp-content\/uploads\/2017\/05\/display-hubsysteme-300x201.jpg 300w\" sizes=\"(max-width: 424px) 100vw, 424px\" title=\"\">\t\t\t\t\t\t\t\t\t\t\t\t\t\t\t<\/div>\n\t\t\t\t<\/div>\n\t\t\t\t<div class=\"elementor-element elementor-element-0c8b950 elementor-widget elementor-widget-heading\" data-id=\"0c8b950\" data-element_type=\"widget\" data-settings=\"{&quot;_animation&quot;:&quot;none&quot;}\" data-widget_type=\"heading.default\">\n\t\t\t\t<div class=\"elementor-widget-container\">\n\t\t\t\t\t<h2 class=\"elementor-heading-title elementor-size-default\"><a href=\"https:\/\/konferenztechnik.de\/pl\/dystrybucja-technologii-konferencyjnych-i-multimedialnych\/technologia-wideo-2\/systemy-dzwigowe\/\">Systemy instalacyjne<\/a><\/h2>\t\t\t\t<\/div>\n\t\t\t\t<\/div>\n\t\t\t\t<div class=\"elementor-element elementor-element-5da96ed elementor-widget__width-inherit elementor-widget elementor-widget-text-editor\" data-id=\"5da96ed\" data-element_type=\"widget\" data-widget_type=\"text-editor.default\">\n\t\t\t\t<div class=\"elementor-widget-container\">\n\t\t\t\t\t\t\t\t\t<p>Ukryte w \u015bcianach, pod\u0142ogach, sufitach, meblach:<br \/>Wbudowane windy<br \/>Podno\u015bniki sufitowe<br \/>Systemy \u015bcienne<\/p><div class=\"custom-list\"><i class=\"moon-arrow-right-2\"><\/i><a title=\"Systemy instalacyjne\" href=\"https:\/\/konferenztechnik.de\/pl\/dystrybucja-technologii-konferencyjnych-i-multimedialnych\/technologia-wideo-2\/systemy-dzwigowe\/\">wi\u0119cej<\/a><\/div>\t\t\t\t\t\t\t\t<\/div>\n\t\t\t\t<\/div>\n\t\t\t\t\t<\/div>\n\t\t\t\t<\/div>\n\t\t<div data-particle_enable=\"false\" data-particle-mobile-disabled=\"false\" class=\"elementor-element elementor-element-593c02f e-flex e-con-boxed e-con e-parent\" data-id=\"593c02f\" data-element_type=\"container\" data-settings=\"{&quot;background_background&quot;:&quot;classic&quot;}\">\n\t\t\t\t\t<div class=\"e-con-inner\">\n\t\t\t\t<div class=\"elementor-element elementor-element-c72c39c elementor-widget elementor-widget-image\" data-id=\"c72c39c\" data-element_type=\"widget\" data-widget_type=\"image.default\">\n\t\t\t\t<div class=\"elementor-widget-container\">\n\t\t\t\t\t\t\t\t\t\t\t\t\t\t\t<img loading=\"lazy\" decoding=\"async\" width=\"424\" height=\"284\" src=\"https:\/\/konferenztechnik.de\/wp-content\/uploads\/2017\/05\/beamer-housings.jpg\" class=\"attachment-large size-large wp-image-10105\" alt=\"\" srcset=\"https:\/\/konferenztechnik.de\/wp-content\/uploads\/2017\/05\/beamer-housings.jpg 424w, https:\/\/konferenztechnik.de\/wp-content\/uploads\/2017\/05\/beamer-housings-300x201.jpg 300w\" sizes=\"(max-width: 424px) 100vw, 424px\" title=\"\">\t\t\t\t\t\t\t\t\t\t\t\t\t\t\t<\/div>\n\t\t\t\t<\/div>\n\t\t\t\t<div class=\"elementor-element elementor-element-04e656b elementor-widget elementor-widget-heading\" data-id=\"04e656b\" data-element_type=\"widget\" data-settings=\"{&quot;_animation&quot;:&quot;none&quot;}\" data-widget_type=\"heading.default\">\n\t\t\t\t<div class=\"elementor-widget-container\">\n\t\t\t\t\t<h2 class=\"elementor-heading-title elementor-size-default\"><a href=\"https:\/\/konferenztechnik.de\/pl\/dystrybucja-technologii-konferencyjnych-i-multimedialnych\/technologia-wideo-2\/obudowa\/\">Obudowy<\/a><\/h2>\t\t\t\t<\/div>\n\t\t\t\t<\/div>\n\t\t\t\t<div class=\"elementor-element elementor-element-646d9fe elementor-widget__width-inherit elementor-widget elementor-widget-text-editor\" data-id=\"646d9fe\" data-element_type=\"widget\" data-widget_type=\"text-editor.default\">\n\t\t\t\t<div class=\"elementor-widget-container\">\n\t\t\t\t\t\t\t\t\t<p>Obudowy wewn\u0119trzne<br \/>Obudowy zewn\u0119trzne<br \/>Obudowy projektor\u00f3w zabezpieczaj\u0105ce przed kradzie\u017c\u0105<\/p><div class=\"custom-list\"><i class=\"moon-arrow-right-2\"><\/i><a title=\"Obudowy\" href=\"https:\/\/konferenztechnik.de\/pl\/dystrybucja-technologii-konferencyjnych-i-multimedialnych\/technologia-wideo-2\/obudowa\/\">wi\u0119cej<\/a><\/div>\t\t\t\t\t\t\t\t<\/div>\n\t\t\t\t<\/div>\n\t\t\t\t\t<\/div>\n\t\t\t\t<\/div>\n\t\t<div data-particle_enable=\"false\" data-particle-mobile-disabled=\"false\" class=\"elementor-element elementor-element-da76754 e-flex e-con-boxed e-con e-parent\" data-id=\"da76754\" data-element_type=\"container\" data-settings=\"{&quot;background_background&quot;:&quot;classic&quot;}\">\n\t\t\t\t\t<div class=\"e-con-inner\">\n\t\t\t\t<div class=\"elementor-element elementor-element-692e628 elementor-widget elementor-widget-image\" data-id=\"692e628\" data-element_type=\"widget\" data-widget_type=\"image.default\">\n\t\t\t\t<div class=\"elementor-widget-container\">\n\t\t\t\t\t\t\t\t\t\t\t\t\t\t\t<img loading=\"lazy\" decoding=\"async\" width=\"424\" height=\"284\" src=\"https:\/\/konferenztechnik.de\/wp-content\/uploads\/2017\/05\/audipack-spezialhalterungen.jpg\" class=\"attachment-large size-large wp-image-10107\" alt=\"\" srcset=\"https:\/\/konferenztechnik.de\/wp-content\/uploads\/2017\/05\/audipack-spezialhalterungen.jpg 424w, https:\/\/konferenztechnik.de\/wp-content\/uploads\/2017\/05\/audipack-spezialhalterungen-300x201.jpg 300w\" sizes=\"(max-width: 424px) 100vw, 424px\" title=\"\">\t\t\t\t\t\t\t\t\t\t\t\t\t\t\t<\/div>\n\t\t\t\t<\/div>\n\t\t\t\t<div class=\"elementor-element elementor-element-e0f6f10 elementor-widget elementor-widget-heading\" data-id=\"e0f6f10\" data-element_type=\"widget\" data-settings=\"{&quot;_animation&quot;:&quot;none&quot;}\" data-widget_type=\"heading.default\">\n\t\t\t\t<div class=\"elementor-widget-container\">\n\t\t\t\t\t<h2 class=\"elementor-heading-title elementor-size-default\"><a href=\"https:\/\/konferenztechnik.de\/pl\/dystrybucja-technologii-konferencyjnych-i-multimedialnych\/technologia-wideo-2\/uchwyty-do-wyswietlaczy-i-projektorow-2\/specjalne-wsporniki\/\">Specjalna obudowa<\/a><\/h2>\t\t\t\t<\/div>\n\t\t\t\t<\/div>\n\t\t\t\t<div class=\"elementor-element elementor-element-404b87b elementor-widget__width-inherit elementor-widget elementor-widget-text-editor\" data-id=\"404b87b\" data-element_type=\"widget\" data-widget_type=\"text-editor.default\">\n\t\t\t\t<div class=\"elementor-widget-container\">\n\t\t\t\t\t\t\t\t\t<p>Uchwyty do wy\u015bwietlaczy i projektor\u00f3w<br \/>Obudowa tabletu<br \/>Systemy podnoszenia kamer<br \/>Walizki lotnicze<\/p><div class=\"custom-list\"><i class=\"moon-arrow-right-2\"><\/i><a title=\"Specjalna obudowa\" href=\"https:\/\/konferenztechnik.de\/pl\/dystrybucja-technologii-konferencyjnych-i-multimedialnych\/technologia-wideo-2\/uchwyty-do-wyswietlaczy-i-projektorow-2\/specjalne-wsporniki\/\">wi\u0119cej<\/a><\/div>\t\t\t\t\t\t\t\t<\/div>\n\t\t\t\t<\/div>\n\t\t\t\t\t<\/div>\n\t\t\t\t<\/div>\n\t\t<div data-particle_enable=\"false\" data-particle-mobile-disabled=\"false\" class=\"elementor-element elementor-element-af670b0 e-flex e-con-boxed e-con e-parent\" data-id=\"af670b0\" data-element_type=\"container\" data-settings=\"{&quot;background_background&quot;:&quot;classic&quot;}\">\n\t\t\t\t\t<div class=\"e-con-inner\">\n\t\t\t\t<div class=\"elementor-element elementor-element-fa2ad40 elementor-widget elementor-widget-image\" data-id=\"fa2ad40\" data-element_type=\"widget\" data-widget_type=\"image.default\">\n\t\t\t\t<div class=\"elementor-widget-container\">\n\t\t\t\t\t\t\t\t\t\t\t\t\t\t\t<img loading=\"lazy\" decoding=\"async\" width=\"424\" height=\"284\" src=\"https:\/\/konferenztechnik.de\/wp-content\/uploads\/2017\/05\/audipack-soundbar-display.jpg\" class=\"attachment-large size-large wp-image-10126\" alt=\"\" srcset=\"https:\/\/konferenztechnik.de\/wp-content\/uploads\/2017\/05\/audipack-soundbar-display.jpg 424w, https:\/\/konferenztechnik.de\/wp-content\/uploads\/2017\/05\/audipack-soundbar-display-300x201.jpg 300w\" sizes=\"(max-width: 424px) 100vw, 424px\" title=\"\">\t\t\t\t\t\t\t\t\t\t\t\t\t\t\t<\/div>\n\t\t\t\t<\/div>\n\t\t\t\t<div class=\"elementor-element elementor-element-cd14f5e elementor-widget elementor-widget-heading\" data-id=\"cd14f5e\" data-element_type=\"widget\" data-settings=\"{&quot;_animation&quot;:&quot;none&quot;}\" data-widget_type=\"heading.default\">\n\t\t\t\t<div class=\"elementor-widget-container\">\n\t\t\t\t\t<h2 class=\"elementor-heading-title elementor-size-default\"><a href=\"https:\/\/konferenztechnik.de\/pl\/dystrybucja-technologii-konferencyjnych-i-multimedialnych\/systemy-audio\/\">Rozwi\u0105zania audio<\/a><\/h2>\t\t\t\t<\/div>\n\t\t\t\t<\/div>\n\t\t\t\t<div class=\"elementor-element elementor-element-d32fd9e elementor-widget__width-inherit elementor-widget elementor-widget-text-editor\" data-id=\"d32fd9e\" data-element_type=\"widget\" data-widget_type=\"text-editor.default\">\n\t\t\t\t<div class=\"elementor-widget-container\">\n\t\t\t\t\t\t\t\t\t<p>Soundbary<br \/>Soundbary do \u015bcian wideo<br \/>Rozwi\u0105zania Soundbar Ring<br \/>Uchwyty g\u0142o\u015bnikowe do sufitu, \u015bciany, kratownicy<br \/>Systemy podnoszenia g\u0142o\u015bnik\u00f3w<\/p><div class=\"custom-list\"><i class=\"moon-arrow-right-2\"><\/i><a title=\"Rozwi\u0105zania audio\" href=\"https:\/\/konferenztechnik.de\/pl\/dystrybucja-technologii-konferencyjnych-i-multimedialnych\/systemy-audio\/\">wi\u0119cej<\/a><\/div>\t\t\t\t\t\t\t\t<\/div>\n\t\t\t\t<\/div>\n\t\t\t\t\t<\/div>\n\t\t\t\t<\/div>\n\t\t\t\t\t<\/div>\n\t\t\t\t<\/div>\n\t\t<div data-particle_enable=\"false\" data-particle-mobile-disabled=\"false\" class=\"elementor-element elementor-element-78781029 e-flex e-con-boxed e-con e-parent\" data-id=\"78781029\" data-element_type=\"container\">\n\t\t\t\t\t<div class=\"e-con-inner\">\n\t\t\t\t<div class=\"elementor-element elementor-element-a69ca42 elementor-widget elementor-widget-spacer\" data-id=\"a69ca42\" data-element_type=\"widget\" data-widget_type=\"spacer.default\">\n\t\t\t\t<div class=\"elementor-widget-container\">\n\t\t\t\t\t\t\t<div class=\"elementor-spacer\">\n\t\t\t<div class=\"elementor-spacer-inner\"><\/div>\n\t\t<\/div>\n\t\t\t\t\t\t<\/div>\n\t\t\t\t<\/div>\n\t\t\t\t<div class=\"elementor-element elementor-element-6f02cd3e elementor-widget__width-inherit elementor-widget elementor-widget-text-editor\" data-id=\"6f02cd3e\" data-element_type=\"widget\" data-widget_type=\"text-editor.default\">\n\t\t\t\t<div class=\"elementor-widget-container\">\n\t\t\t\t\t\t\t\t\t<div class=\"callout-content\">Mamy wieloletnie do\u015bwiadczenie z produktami Audipack. Zdobyli\u015bmy to do\u015bwiadczenie jako niemiecki partner handlowy, w naszej dzia\u0142alno\u015bci wynajmu i w wielu sta\u0142ych instalacjach w ca\u0142ych Niemczech.<\/div>\t\t\t\t\t\t\t\t<\/div>\n\t\t\t\t<\/div>\n\t\t\t\t\t<\/div>\n\t\t\t\t<\/div>\n\t\t<div data-particle_enable=\"false\" data-particle-mobile-disabled=\"false\" class=\"elementor-element elementor-element-68fcf3e e-flex e-con-boxed e-con e-parent\" data-id=\"68fcf3e\" data-element_type=\"container\">\n\t\t\t\t\t<div class=\"e-con-inner\">\n\t\t\t\t<div class=\"elementor-element elementor-element-6710e53e elementor-widget elementor-widget-shortcode\" data-id=\"6710e53e\" data-element_type=\"widget\" data-widget_type=\"shortcode.default\">\n\t\t\t\t<div class=\"elementor-widget-container\">\n\t\t\t\t\t\t\t<div class=\"elementor-shortcode\"><\/div>\n\t\t\t\t\t\t<\/div>\n\t\t\t\t<\/div>\n\t\t\t\t\t<\/div>\n\t\t\t\t<\/div>\n\t\t\t\t<\/div>","protected":false},"excerpt":{"rendered":"<p>Audipack Audipack ist einer der wichtigsten Hersteller f\u00fcr AV-Zubeh\u00f6r jeglicher Art. Das innovative Familienunternehmen aus den Niederladen liefert standardisierte Produkte als auch spezielle angefertigte Produkte und L\u00f6sungen. \u00a0 Alle Produkte werden nach europ\u00e4ischen Standards und Qualit\u00e4tsnormen entwickelt und gebaut. \u00a0 Marktf\u00fchrer ist Audipack insbesondere bei intelligenten Halterungen f\u00fcr Beamer und Displays. Hier ist mit Audipack [&hellip;]<\/p>","protected":false},"author":1,"featured_media":6608,"comment_status":"closed","ping_status":"closed","sticky":false,"template":"elementor_theme","format":"standard","meta":{"_acf_changed":false,"footnotes":""},"categories":[49],"tags":[53],"class_list":["post-8050","post","type-post","status-publish","format-standard","has-post-thumbnail","hentry","category-hersteller","tag-audipack"],"acf":[],"_links":{"self":[{"href":"https:\/\/konferenztechnik.de\/pl\/wp-json\/wp\/v2\/posts\/8050","targetHints":{"allow":["GET"]}}],"collection":[{"href":"https:\/\/konferenztechnik.de\/pl\/wp-json\/wp\/v2\/posts"}],"about":[{"href":"https:\/\/konferenztechnik.de\/pl\/wp-json\/wp\/v2\/types\/post"}],"author":[{"embeddable":true,"href":"https:\/\/konferenztechnik.de\/pl\/wp-json\/wp\/v2\/users\/1"}],"replies":[{"embeddable":true,"href":"https:\/\/konferenztechnik.de\/pl\/wp-json\/wp\/v2\/comments?post=8050"}],"version-history":[{"count":0,"href":"https:\/\/konferenztechnik.de\/pl\/wp-json\/wp\/v2\/posts\/8050\/revisions"}],"wp:featuredmedia":[{"embeddable":true,"href":"https:\/\/konferenztechnik.de\/pl\/wp-json\/wp\/v2\/media\/6608"}],"wp:attachment":[{"href":"https:\/\/konferenztechnik.de\/pl\/wp-json\/wp\/v2\/media?parent=8050"}],"wp:term":[{"taxonomy":"category","embeddable":true,"href":"https:\/\/konferenztechnik.de\/pl\/wp-json\/wp\/v2\/categories?post=8050"},{"taxonomy":"post_tag","embeddable":true,"href":"https:\/\/konferenztechnik.de\/pl\/wp-json\/wp\/v2\/tags?post=8050"}],"curies":[{"name":"wp","href":"https:\/\/api.w.org\/{rel}","templated":true}]}}