{"id":12282,"date":"2018-01-17T10:31:57","date_gmt":"2018-01-17T09:31:57","guid":{"rendered":"https:\/\/www.konferenztechnik.de\/?p=12282"},"modified":"2023-06-07T14:40:41","modified_gmt":"2023-06-07T12:40:41","slug":"a-pcs-e-um-revendedor-oficial-da-optoma","status":"publish","type":"post","link":"https:\/\/konferenztechnik.de\/pt\/a-pcs-e-um-revendedor-oficial-da-optoma\/","title":{"rendered":"A PCS \u00e9 um revendedor oficial da Optoma"},"content":{"rendered":"<div data-elementor-type=\"wp-post\" data-elementor-id=\"12282\" class=\"elementor elementor-12282\" data-elementor-post-type=\"post\">\n\t\t\t\t<div data-particle_enable=\"false\" data-particle-mobile-disabled=\"false\" class=\"elementor-element elementor-element-6470804 e-flex e-con-boxed e-con e-parent\" data-id=\"6470804\" data-element_type=\"container\">\n\t\t\t\t\t<div class=\"e-con-inner\">\n\t\t\t\t<div class=\"elementor-element elementor-element-7633abb elementor-widget elementor-widget-heading\" data-id=\"7633abb\" data-element_type=\"widget\" data-settings=\"{&quot;_animation&quot;:&quot;none&quot;}\" data-widget_type=\"heading.default\">\n\t\t\t\t<div class=\"elementor-widget-container\">\n\t\t\t\t\t<h2 class=\"elementor-heading-title elementor-size-default\">A PCS \u00e9 um revendedor oficial da Optoma\n<\/h2>\t\t\t\t<\/div>\n\t\t\t\t<\/div>\n\t\t\t\t<div class=\"elementor-element elementor-element-eeeffed elementor-widget elementor-widget-image\" data-id=\"eeeffed\" data-element_type=\"widget\" data-widget_type=\"image.default\">\n\t\t\t\t<div class=\"elementor-widget-container\">\n\t\t\t\t\t\t\t\t\t\t\t\t\t\t\t<img fetchpriority=\"high\" decoding=\"async\" width=\"569\" height=\"320\" src=\"https:\/\/konferenztechnik.de\/wp-content\/uploads\/2018\/01\/optoma-projektoren-kaufen-bei-pcs.jpg\" class=\"attachment-large size-large wp-image-12286\" alt=\"Comprar projectores Optoma na PCS Konferenztechnik\" srcset=\"https:\/\/konferenztechnik.de\/wp-content\/uploads\/2018\/01\/optoma-projektoren-kaufen-bei-pcs.jpg 569w, https:\/\/konferenztechnik.de\/wp-content\/uploads\/2018\/01\/optoma-projektoren-kaufen-bei-pcs-300x169.jpg 300w\" sizes=\"(max-width: 569px) 100vw, 569px\" title=\"\">\t\t\t\t\t\t\t\t\t\t\t\t\t\t\t<\/div>\n\t\t\t\t<\/div>\n\t\t\t\t<div class=\"elementor-element elementor-element-9d2b6af elementor-widget elementor-widget-text-editor\" data-id=\"9d2b6af\" data-element_type=\"widget\" data-widget_type=\"text-editor.default\">\n\t\t\t\t<div class=\"elementor-widget-container\">\n\t\t\t\t\t\t\t\t\t<p>Publicado em: 17.01.2018<\/p>\t\t\t\t\t\t\t\t<\/div>\n\t\t\t\t<\/div>\n\t\t\t\t\t<\/div>\n\t\t\t\t<\/div>\n\t\t<div data-particle_enable=\"false\" data-particle-mobile-disabled=\"false\" class=\"elementor-element elementor-element-ff051f0 e-flex e-con-boxed e-con e-parent\" data-id=\"ff051f0\" data-element_type=\"container\">\n\t\t\t\t\t<div class=\"e-con-inner\">\n\t\t\t\t<div class=\"elementor-element elementor-element-1886ae0 elementor-widget__width-inherit elementor-widget elementor-widget-text-editor\" data-id=\"1886ae0\" data-element_type=\"widget\" data-widget_type=\"text-editor.default\">\n\t\t\t\t<div class=\"elementor-widget-container\">\n\t\t\t\t\t\t\t\t\t<p>J\u00e1 pode comprar projectores Optoma diretamente na PCS. A Optoma oferece uma vasta gama de projectores laser, projectores de curto e ultra-curto alcance e projectores convencionais para uma grande variedade de aplica\u00e7\u00f5es e or\u00e7amentos.<\/p><p>\u00a0<\/p><p>Gostar\u00edamos de apresentar o Optoma ZH510T como um projetor vers\u00e1til e despreocupado para instala\u00e7\u00f5es: O ZH510T oferece uma fonte de luz laser isenta de manuten\u00e7\u00e3o que tem uma vida \u00fatil de at\u00e9 30.000 horas com um brilho total de 5.400 l\u00famenes. O projetor foi concebido para funcionar 24 horas por dia, 7 dias por semana e impressiona com a cobertura 99% da gama de cores Rec. 709.<\/p><p>\u00a0<\/p><p>Se tiver alguma d\u00favida sobre a Optoma ou sobre projectores em geral, basta contactar-nos. Teremos todo o gosto em ajud\u00e1-lo.<\/p><p>\u00a0<\/p><p><a href=\"https:\/\/www.optoma.de\/\" target=\"_blank\" rel=\"noopener\">\u203a Liga\u00e7\u00e3o \u00e0 p\u00e1gina do fabricante Optoma<\/a><\/p>\t\t\t\t\t\t\t\t<\/div>\n\t\t\t\t<\/div>\n\t\t\t\t\t<\/div>\n\t\t\t\t<\/div>\n\t\t<div data-particle_enable=\"false\" data-particle-mobile-disabled=\"false\" class=\"elementor-element elementor-element-f967793 e-flex e-con-boxed e-con e-parent\" data-id=\"f967793\" data-element_type=\"container\">\n\t\t\t\t\t<div class=\"e-con-inner\">\n\t\t\t\t<div class=\"elementor-element elementor-element-12fa069 elementor-widget elementor-widget-shortcode\" data-id=\"12fa069\" data-element_type=\"widget\" data-widget_type=\"shortcode.default\">\n\t\t\t\t<div class=\"elementor-widget-container\">\n\t\t\t\t\t\t\t<div class=\"elementor-shortcode\">\t\t<div data-elementor-type=\"container\" data-elementor-id=\"29098\" class=\"elementor elementor-29098\" data-elementor-post-type=\"elementor_library\">\n\t\t\t\t<div data-particle_enable=\"false\" data-particle-mobile-disabled=\"false\" class=\"elementor-element elementor-element-699d0d1a e-flex e-con-boxed e-con e-parent\" data-id=\"699d0d1a\" data-element_type=\"container\">\n\t\t\t\t\t<div class=\"e-con-inner\">\n\t\t\t\t<div class=\"elementor-element elementor-element-11f236ba elementor-widget elementor-widget-post-navigation\" data-id=\"11f236ba\" data-element_type=\"widget\" data-widget_type=\"post-navigation.default\">\n\t\t\t\t<div class=\"elementor-widget-container\">\n\t\t\t\t\t\t\t<div class=\"elementor-post-navigation\" role=\"navigation\" aria-label=\"Navega\u00e7\u00e3o de postagem\">\n\t\t\t<div class=\"elementor-post-navigation__prev elementor-post-navigation__link\">\n\t\t\t\t<a href=\"https:\/\/konferenztechnik.de\/pt\/desejos-de-feliz-natal-2017-pcs\/\" rel=\"prev\"><span class=\"post-navigation__arrow-wrapper post-navigation__arrow-prev\"><svg aria-hidden=\"true\" class=\"e-font-icon-svg e-fas-arrow-left\" viewbox=\"0 0 448 512\" xmlns=\"http:\/\/www.w3.org\/2000\/svg\"><path d=\"M257.5 445.1l-22.2 22.2c-9.4 9.4-24.6 9.4-33.9 0L7 273c-9.4-9.4-9.4-24.6 0-33.9L201.4 44.7c9.4-9.4 24.6-9.4 33.9 0l22.2 22.2c9.5 9.5 9.3 25-.4 34.3L136.6 216H424c13.3 0 24 10.7 24 24v32c0 13.3-10.7 24-24 24H136.6l120.5 114.8c9.8 9.3 10 24.8.4 34.3z\"><\/path><\/svg><span class=\"elementor-screen-only\">Anterior<\/span><\/span><span class=\"elementor-post-navigation__link__prev\"><span class=\"post-navigation__prev--label\">Anterior<\/span><span class=\"post-navigation__prev--title\">Feliz Natal de 2017 da PCS<\/span><\/span><\/a>\t\t\t<\/div>\n\t\t\t\t\t\t<div class=\"elementor-post-navigation__next elementor-post-navigation__link\">\n\t\t\t\t<a href=\"https:\/\/konferenztechnik.de\/pt\/relatorio-de-ensaio-bosch-dicentis-idesk\/\" rel=\"next\"><span class=\"elementor-post-navigation__link__next\"><span class=\"post-navigation__next--label\">Seguinte<\/span><span class=\"post-navigation__next--title\">Relat\u00f3rio de teste Bosch Dicentis IDESK<\/span><\/span><span class=\"post-navigation__arrow-wrapper post-navigation__arrow-next\"><svg aria-hidden=\"true\" class=\"e-font-icon-svg e-fas-arrow-right\" viewbox=\"0 0 448 512\" xmlns=\"http:\/\/www.w3.org\/2000\/svg\"><path d=\"M190.5 66.9l22.2-22.2c9.4-9.4 24.6-9.4 33.9 0L441 239c9.4 9.4 9.4 24.6 0 33.9L246.6 467.3c-9.4 9.4-24.6 9.4-33.9 0l-22.2-22.2c-9.5-9.5-9.3-25 .4-34.3L311.4 296H24c-13.3 0-24-10.7-24-24v-32c0-13.3 10.7-24 24-24h287.4L190.9 101.2c-9.8-9.3-10-24.8-.4-34.3z\"><\/path><\/svg><span class=\"elementor-screen-only\">Seguinte<\/span><\/span><\/a>\t\t\t<\/div>\n\t\t<\/div>\n\t\t\t\t\t\t<\/div>\n\t\t\t\t<\/div>\n\t\t\t\t<div class=\"elementor-element elementor-element-81a2b13 elementor-align-center elementor-icon-list--layout-traditional elementor-list-item-link-full_width elementor-widget elementor-widget-icon-list\" data-id=\"81a2b13\" data-element_type=\"widget\" data-widget_type=\"icon-list.default\">\n\t\t\t\t<div class=\"elementor-widget-container\">\n\t\t\t\t\t\t\t<ul class=\"elementor-icon-list-items\">\n\t\t\t\t\t\t\t<li class=\"elementor-icon-list-item\">\n\t\t\t\t\t\t\t\t\t\t\t<a href=\"\/pt\/noticias\/\">\n\n\t\t\t\t\t\t\t\t\t\t\t\t<span class=\"elementor-icon-list-icon\">\n\t\t\t\t\t\t\t<svg xmlns=\"http:\/\/www.w3.org\/2000\/svg\" id=\"uuid-5a27b650-727a-4659-9d92-75e42c38903b\" viewbox=\"0 0 19.67 14.54\"><g id=\"uuid-40aca98c-811b-43af-9bb7-b3a092d9bdfe\"><rect x=\".03\" width=\"6\" height=\"6\" rx=\"2\" ry=\"2\" style=\"fill:currentColor\"><\/rect><rect x=\"6.85\" width=\"6\" height=\"7.65\" rx=\"2\" ry=\"2\" style=\"fill:currentColor\"><\/rect><rect x=\"13.67\" width=\"6\" height=\"6.51\" rx=\"2\" ry=\"2\" style=\"fill:currentColor\"><\/rect><rect y=\"7\" width=\"6\" height=\"7.55\" rx=\"2\" ry=\"2\" style=\"fill:currentColor\"><\/rect><rect x=\"13.64\" y=\"7.22\" width=\"6\" height=\"7.33\" rx=\"2\" ry=\"2\" style=\"fill:currentColor\"><\/rect><rect x=\"6.82\" y=\"8.54\" width=\"6\" height=\"6\" rx=\"2\" ry=\"2\" style=\"fill:currentColor\"><\/rect><\/g><\/svg>\t\t\t\t\t\t<\/span>\n\t\t\t\t\t\t\t\t\t\t<span class=\"elementor-icon-list-text\"><\/span>\n\t\t\t\t\t\t\t\t\t\t\t<\/a>\n\t\t\t\t\t\t\t\t\t<\/li>\n\t\t\t\t\t\t<\/ul>\n\t\t\t\t\t\t<\/div>\n\t\t\t\t<\/div>\n\t\t\t\t\t<\/div>\n\t\t\t\t<\/div>\n\t\t\t\t<\/div>\n\t\t<\/div>\n\t\t\t\t\t\t<\/div>\n\t\t\t\t<\/div>\n\t\t\t\t\t<\/div>\n\t\t\t\t<\/div>\n\t\t\t\t<\/div>","protected":false},"excerpt":{"rendered":"<p>PCS ist offizieller Optoma-Fachh\u00e4ndler Ver\u00f6ffentlicht: 17.01.2018 Optoma Projektoren k\u00f6nnen Sie ab sofort direkt bei PCS kaufen. Optoma bietet ein breites Spektrum von Laserprojektoren, Kurz- und Ultrakurzdistanzprojektoren bis hin zu konventionellen Projektoren f\u00fcr die unterschiedlichsten Anwendungsbereiche und Budgets. \u00a0 Als Rundum-Sorglos-Projektor f\u00fcr Installationen m\u00f6chten wir Ihnen den Optoma ZH510T vorstellen: Der ZH510T bietet eine wartungsfreie Laser-Lichtquelle, [&hellip;]<\/p>","protected":false},"author":1,"featured_media":12549,"comment_status":"closed","ping_status":"closed","sticky":false,"template":"","format":"standard","meta":{"_acf_changed":false,"footnotes":""},"categories":[2],"tags":[],"class_list":["post-12282","post","type-post","status-publish","format-standard","has-post-thumbnail","hentry","category-news"],"acf":[],"_links":{"self":[{"href":"https:\/\/konferenztechnik.de\/pt\/wp-json\/wp\/v2\/posts\/12282","targetHints":{"allow":["GET"]}}],"collection":[{"href":"https:\/\/konferenztechnik.de\/pt\/wp-json\/wp\/v2\/posts"}],"about":[{"href":"https:\/\/konferenztechnik.de\/pt\/wp-json\/wp\/v2\/types\/post"}],"author":[{"embeddable":true,"href":"https:\/\/konferenztechnik.de\/pt\/wp-json\/wp\/v2\/users\/1"}],"replies":[{"embeddable":true,"href":"https:\/\/konferenztechnik.de\/pt\/wp-json\/wp\/v2\/comments?post=12282"}],"version-history":[{"count":0,"href":"https:\/\/konferenztechnik.de\/pt\/wp-json\/wp\/v2\/posts\/12282\/revisions"}],"wp:featuredmedia":[{"embeddable":true,"href":"https:\/\/konferenztechnik.de\/pt\/wp-json\/wp\/v2\/media\/12549"}],"wp:attachment":[{"href":"https:\/\/konferenztechnik.de\/pt\/wp-json\/wp\/v2\/media?parent=12282"}],"wp:term":[{"taxonomy":"category","embeddable":true,"href":"https:\/\/konferenztechnik.de\/pt\/wp-json\/wp\/v2\/categories?post=12282"},{"taxonomy":"post_tag","embeddable":true,"href":"https:\/\/konferenztechnik.de\/pt\/wp-json\/wp\/v2\/tags?post=12282"}],"curies":[{"name":"wp","href":"https:\/\/api.w.org\/{rel}","templated":true}]}}