{"id":19309,"date":"2022-05-19T14:50:20","date_gmt":"2022-05-19T13:50:20","guid":{"rendered":"https:\/\/www.konferenztechnik.de\/?p=19309"},"modified":"2023-06-07T12:44:19","modified_gmt":"2023-06-07T10:44:19","slug":"revisao-do-ise-2022","status":"publish","type":"post","link":"https:\/\/konferenztechnik.de\/pt\/revisao-do-ise-2022\/","title":{"rendered":"Revis\u00e3o do ISE 2022"},"content":{"rendered":"<div data-elementor-type=\"wp-post\" data-elementor-id=\"19309\" class=\"elementor elementor-19309\" data-elementor-post-type=\"post\">\n\t\t\t\t<div data-particle_enable=\"false\" data-particle-mobile-disabled=\"false\" class=\"elementor-element elementor-element-efafff6 e-flex e-con-boxed e-con e-parent\" data-id=\"efafff6\" data-element_type=\"container\">\n\t\t\t\t\t<div class=\"e-con-inner\">\n\t\t\t\t<div class=\"elementor-element elementor-element-90b1bab elementor-widget elementor-widget-heading\" data-id=\"90b1bab\" data-element_type=\"widget\" data-settings=\"{&quot;_animation&quot;:&quot;none&quot;}\" data-widget_type=\"heading.default\">\n\t\t\t\t<div class=\"elementor-widget-container\">\n\t\t\t\t\t<h2 class=\"elementor-heading-title elementor-size-default\">Uma retrospetiva da Integrated Systems Europe (ISE) 2022<\/h2>\t\t\t\t<\/div>\n\t\t\t\t<\/div>\n\t\t\t\t<div class=\"elementor-element elementor-element-4ed2f38 elementor-widget elementor-widget-image\" data-id=\"4ed2f38\" data-element_type=\"widget\" data-widget_type=\"image.default\">\n\t\t\t\t<div class=\"elementor-widget-container\">\n\t\t\t\t\t\t\t\t\t\t\t\t<figure class=\"wp-caption\">\n\t\t\t\t\t\t\t\t\t\t<img fetchpriority=\"high\" decoding=\"async\" width=\"800\" height=\"579\" src=\"https:\/\/konferenztechnik.de\/wp-content\/uploads\/2022\/05\/011-ise-2022-fully-packed-visitors-samsung-1024x741.jpg\" class=\"attachment-large size-large wp-image-19340\" alt=\"A feira foi muito concorrida.\" srcset=\"https:\/\/konferenztechnik.de\/wp-content\/uploads\/2022\/05\/011-ise-2022-fully-packed-visitors-samsung-1024x741.jpg 1024w, https:\/\/konferenztechnik.de\/wp-content\/uploads\/2022\/05\/011-ise-2022-fully-packed-visitors-samsung-300x217.jpg 300w, https:\/\/konferenztechnik.de\/wp-content\/uploads\/2022\/05\/011-ise-2022-fully-packed-visitors-samsung-768x556.jpg 768w, https:\/\/konferenztechnik.de\/wp-content\/uploads\/2022\/05\/011-ise-2022-fully-packed-visitors-samsung.jpg 1200w\" sizes=\"(max-width: 800px) 100vw, 800px\" title=\"\">\t\t\t\t\t\t\t\t\t\t\t<figcaption class=\"widget-image-caption wp-caption-text\"><\/figcaption>\n\t\t\t\t\t\t\t\t\t\t<\/figure>\n\t\t\t\t\t\t\t\t\t<\/div>\n\t\t\t\t<\/div>\n\t\t\t\t<div class=\"elementor-element elementor-element-22f417f elementor-widget elementor-widget-text-editor\" data-id=\"22f417f\" data-element_type=\"widget\" data-widget_type=\"text-editor.default\">\n\t\t\t\t<div class=\"elementor-widget-container\">\n\t\t\t\t\t\t\t\t\t<p>Publicado em: 19.05.2022<\/p>\t\t\t\t\t\t\t\t<\/div>\n\t\t\t\t<\/div>\n\t\t\t\t\t<\/div>\n\t\t\t\t<\/div>\n\t\t<div data-particle_enable=\"false\" data-particle-mobile-disabled=\"false\" class=\"elementor-element elementor-element-669e0f8 e-flex e-con-boxed e-con e-parent\" data-id=\"669e0f8\" data-element_type=\"container\">\n\t\t\t\t\t<div class=\"e-con-inner\">\n\t\t\t\t<div class=\"elementor-element elementor-element-01582c3 elementor-widget__width-inherit elementor-widget elementor-widget-text-editor\" data-id=\"01582c3\" data-element_type=\"widget\" data-widget_type=\"text-editor.default\">\n\t\t\t\t<div class=\"elementor-widget-container\">\n\t\t\t\t\t\t\t\t\t<p>A ISE 2022 foi uma grande feira comercial e deixou-nos muitas impress\u00f5es positivas e duradouras.<\/p><p>A ISE foi um evento que se centrou em ecr\u00e3s de alta resolu\u00e7\u00e3o, configura\u00e7\u00f5es de est\u00fadios virtuais e, claro, tecnologia moderna para confer\u00eancias e solu\u00e7\u00f5es para reuni\u00f5es.<\/p><div class=\"spacer\">\u00a0<\/div><p>A Bosch anuncia a sua tecnologia de confer\u00eancia com \"O Poder da Comunica\u00e7\u00e3o\u201d\". Esperamos tamb\u00e9m que a Bosch invista mais energia no desenvolvimento da tecnologia de interpreta\u00e7\u00e3o no futuro. Precisamos disso.<\/p>\t\t\t\t\t\t\t\t<\/div>\n\t\t\t\t<\/div>\n\t\t\t\t<div class=\"elementor-element elementor-element-fb854de elementor-widget elementor-widget-image\" data-id=\"fb854de\" data-element_type=\"widget\" data-widget_type=\"image.default\">\n\t\t\t\t<div class=\"elementor-widget-container\">\n\t\t\t\t\t\t\t\t\t\t\t\t<figure class=\"wp-caption\">\n\t\t\t\t\t\t\t\t\t\t<img decoding=\"async\" width=\"1200\" height=\"1208\" src=\"https:\/\/konferenztechnik.de\/wp-content\/uploads\/2022\/05\/0001-die-ise-startet.jpg\" class=\"attachment-1536x1536 size-1536x1536 wp-image-19310\" alt=\"PCS Konferenztechnik, 3 Directores-Gerais J\u00f6rg Peschka, Gunnar Hermenau, Thorsten Gei\u00dfler no stand da Bosch\" srcset=\"https:\/\/konferenztechnik.de\/wp-content\/uploads\/2022\/05\/0001-die-ise-startet.jpg 1200w, https:\/\/konferenztechnik.de\/wp-content\/uploads\/2022\/05\/0001-die-ise-startet-298x300.jpg 298w, https:\/\/konferenztechnik.de\/wp-content\/uploads\/2022\/05\/0001-die-ise-startet-1017x1024.jpg 1017w, https:\/\/konferenztechnik.de\/wp-content\/uploads\/2022\/05\/0001-die-ise-startet-150x150.jpg 150w, https:\/\/konferenztechnik.de\/wp-content\/uploads\/2022\/05\/0001-die-ise-startet-768x773.jpg 768w\" sizes=\"(max-width: 1200px) 100vw, 1200px\" title=\"\">\t\t\t\t\t\t\t\t\t\t\t<figcaption class=\"widget-image-caption wp-caption-text\">J\u00f6rg Peschka, Gunnar Hermenau, Thorsten Gei\u00dfler (a partir da direita) no stand da Bosch<\/figcaption>\n\t\t\t\t\t\t\t\t\t\t<\/figure>\n\t\t\t\t\t\t\t\t\t<\/div>\n\t\t\t\t<\/div>\n\t\t\t\t<div class=\"elementor-element elementor-element-9930b79 elementor-widget__width-inherit elementor-widget elementor-widget-text-editor\" data-id=\"9930b79\" data-element_type=\"widget\" data-widget_type=\"text-editor.default\">\n\t\t\t\t<div class=\"elementor-widget-container\">\n\t\t\t\t\t\t\t\t\t<p>A empresa Cabolo oferece uma caixa (aqui ligada a unidades de microfone sem fios da Bosch) que permite transcrever confer\u00eancias em tempo real e traduzi-las por escrito. O ponto alto: tudo isto funciona offline. Esta pode ser uma boa solu\u00e7\u00e3o para conte\u00fados sens\u00edveis e confer\u00eancias com elevados requisitos de seguran\u00e7a.<\/p><p><br \/>Ainda n\u00e3o podemos avaliar objetivamente a qualidade e o desempenho da tradu\u00e7\u00e3o ap\u00f3s o breve teste, mas ser-nos-\u00e1 enviada uma demonstra\u00e7\u00e3o.<\/p>\t\t\t\t\t\t\t\t<\/div>\n\t\t\t\t<\/div>\n\t\t\t\t<div class=\"elementor-element elementor-element-7162445 elementor-widget elementor-widget-image\" data-id=\"7162445\" data-element_type=\"widget\" data-widget_type=\"image.default\">\n\t\t\t\t<div class=\"elementor-widget-container\">\n\t\t\t\t\t\t\t\t\t\t\t\t<figure class=\"wp-caption\">\n\t\t\t\t\t\t\t\t\t\t<img decoding=\"async\" width=\"1000\" height=\"750\" src=\"https:\/\/konferenztechnik.de\/wp-content\/uploads\/2022\/05\/002-osch-cabalo.jpg\" class=\"attachment-1536x1536 size-1536x1536 wp-image-19313\" alt=\"Transcri\u00e7\u00e3o com Cabolo e Bosch\" srcset=\"https:\/\/konferenztechnik.de\/wp-content\/uploads\/2022\/05\/002-osch-cabalo.jpg 1000w, https:\/\/konferenztechnik.de\/wp-content\/uploads\/2022\/05\/002-osch-cabalo-300x225.jpg 300w, https:\/\/konferenztechnik.de\/wp-content\/uploads\/2022\/05\/002-osch-cabalo-768x576.jpg 768w\" sizes=\"(max-width: 1000px) 100vw, 1000px\" title=\"\">\t\t\t\t\t\t\t\t\t\t\t<figcaption class=\"widget-image-caption wp-caption-text\">Transcri\u00e7\u00e3o em direto, mas offline! Isso \u00e9 poss\u00edvel com Cabolo.<\/figcaption>\n\t\t\t\t\t\t\t\t\t\t<\/figure>\n\t\t\t\t\t\t\t\t\t<\/div>\n\t\t\t\t<\/div>\n\t\t\t\t<div class=\"elementor-element elementor-element-1378cfb elementor-widget__width-inherit elementor-widget elementor-widget-text-editor\" data-id=\"1378cfb\" data-element_type=\"widget\" data-widget_type=\"text-editor.default\">\n\t\t\t\t<div class=\"elementor-widget-container\">\n\t\t\t\t\t\t\t\t\t<p>A Avonic apresenta as suas c\u00e2maras de confer\u00eancia PTZ de super alta resolu\u00e7\u00e3o. Uma dica: a Avonic \u00e9 um dos poucos fabricantes que pode continuar a fornecer as suas c\u00e2maras dome atrav\u00e9s de PCS a curto prazo, apesar da atual escassez de chips e componentes electr\u00f3nicos!<\/p>\t\t\t\t\t\t\t\t<\/div>\n\t\t\t\t<\/div>\n\t\t\t\t<div class=\"elementor-element elementor-element-d25ff2c elementor-widget elementor-widget-image\" data-id=\"d25ff2c\" data-element_type=\"widget\" data-widget_type=\"image.default\">\n\t\t\t\t<div class=\"elementor-widget-container\">\n\t\t\t\t\t\t\t\t\t\t\t\t<figure class=\"wp-caption\">\n\t\t\t\t\t\t\t\t\t\t<img loading=\"lazy\" decoding=\"async\" width=\"1000\" height=\"750\" src=\"https:\/\/konferenztechnik.de\/wp-content\/uploads\/2022\/05\/003-Avonic-PTZ-CamerasBild.jpg\" class=\"attachment-1536x1536 size-1536x1536 wp-image-19316\" alt=\"C\u00e2maras PTZ Avonic\" srcset=\"https:\/\/konferenztechnik.de\/wp-content\/uploads\/2022\/05\/003-Avonic-PTZ-CamerasBild.jpg 1000w, https:\/\/konferenztechnik.de\/wp-content\/uploads\/2022\/05\/003-Avonic-PTZ-CamerasBild-300x225.jpg 300w, https:\/\/konferenztechnik.de\/wp-content\/uploads\/2022\/05\/003-Avonic-PTZ-CamerasBild-768x576.jpg 768w\" sizes=\"(max-width: 1000px) 100vw, 1000px\" title=\"\">\t\t\t\t\t\t\t\t\t\t\t<figcaption class=\"widget-image-caption wp-caption-text\">Mesmo os pequenos detalhes continuam a ser n\u00edtidos e claros quando se faz zoom com as c\u00e2maras Avonic. <\/figcaption>\n\t\t\t\t\t\t\t\t\t\t<\/figure>\n\t\t\t\t\t\t\t\t\t<\/div>\n\t\t\t\t<\/div>\n\t\t\t\t<div class=\"elementor-element elementor-element-a383775 elementor-widget__width-inherit elementor-widget elementor-widget-text-editor\" data-id=\"a383775\" data-element_type=\"widget\" data-widget_type=\"text-editor.default\">\n\t\t\t\t<div class=\"elementor-widget-container\">\n\t\t\t\t\t\t\t\t\t<p>As paredes LED est\u00e3o a tornar-se cada vez mais flex\u00edveis em termos de forma e design e s\u00e3o capazes de representar curvas cada vez melhor. Gra\u00e7as aos LEDs cada vez mais pequenos! Os fabricantes conseguem agora atingir menos de 1 mm, n\u00f3s vimos at\u00e9 0,63 mm no local e a tend\u00eancia continua a diminuir. Para reconhecer pixels individuais aqui, \u00e9 preciso aproximar-se muito ou usar uma lupa.<\/p>\t\t\t\t\t\t\t\t<\/div>\n\t\t\t\t<\/div>\n\t\t\t\t<div class=\"elementor-element elementor-element-36b633d elementor-widget elementor-widget-image\" data-id=\"36b633d\" data-element_type=\"widget\" data-widget_type=\"image.default\">\n\t\t\t\t<div class=\"elementor-widget-container\">\n\t\t\t\t\t\t\t\t\t\t\t\t<figure class=\"wp-caption\">\n\t\t\t\t\t\t\t\t\t\t<img loading=\"lazy\" decoding=\"async\" width=\"1000\" height=\"750\" src=\"https:\/\/konferenztechnik.de\/wp-content\/uploads\/2022\/05\/004-display-curved.jpg\" class=\"attachment-1536x1536 size-1536x1536 wp-image-19319\" alt=\"Ecr\u00e3s curvos com densidade m\u00e1xima de p\u00edxeis\" srcset=\"https:\/\/konferenztechnik.de\/wp-content\/uploads\/2022\/05\/004-display-curved.jpg 1000w, https:\/\/konferenztechnik.de\/wp-content\/uploads\/2022\/05\/004-display-curved-300x225.jpg 300w, https:\/\/konferenztechnik.de\/wp-content\/uploads\/2022\/05\/004-display-curved-768x576.jpg 768w\" sizes=\"(max-width: 1000px) 100vw, 1000px\" title=\"\">\t\t\t\t\t\t\t\t\t\t\t<figcaption class=\"widget-image-caption wp-caption-text\">Formas flex\u00edveis, densidade m\u00e1xima de p\u00edxeis.<\/figcaption>\n\t\t\t\t\t\t\t\t\t\t<\/figure>\n\t\t\t\t\t\t\t\t\t<\/div>\n\t\t\t\t<\/div>\n\t\t\t\t<div class=\"elementor-element elementor-element-36f4d8f elementor-widget__width-inherit elementor-widget elementor-widget-text-editor\" data-id=\"36f4d8f\" data-element_type=\"widget\" data-widget_type=\"text-editor.default\">\n\t\t\t\t<div class=\"elementor-widget-container\">\n\t\t\t\t\t\t\t\t\t<p>Como parceiro premium para v\u00eddeo, a Lang AG tamb\u00e9m nos impressionou com a nitidez e o contraste dos seus ecr\u00e3s. E isto com este tamanho!<\/p>\t\t\t\t\t\t\t\t<\/div>\n\t\t\t\t<\/div>\n\t\t\t\t<div class=\"elementor-element elementor-element-e826179 elementor-widget elementor-widget-image\" data-id=\"e826179\" data-element_type=\"widget\" data-widget_type=\"image.default\">\n\t\t\t\t<div class=\"elementor-widget-container\">\n\t\t\t\t\t\t\t\t\t\t\t\t<figure class=\"wp-caption\">\n\t\t\t\t\t\t\t\t\t\t<img loading=\"lazy\" decoding=\"async\" width=\"1200\" height=\"900\" src=\"https:\/\/konferenztechnik.de\/wp-content\/uploads\/2022\/05\/005-lang-ag-highest-resolution-displays.jpg\" class=\"attachment-1536x1536 size-1536x1536 wp-image-19322\" alt=\"Enorme ecr\u00e3 LED da Lang AG no seu stand de exposi\u00e7\u00e3o, com cerca de 2,50 metros por 10 metros\" srcset=\"https:\/\/konferenztechnik.de\/wp-content\/uploads\/2022\/05\/005-lang-ag-highest-resolution-displays.jpg 1200w, https:\/\/konferenztechnik.de\/wp-content\/uploads\/2022\/05\/005-lang-ag-highest-resolution-displays-300x225.jpg 300w, https:\/\/konferenztechnik.de\/wp-content\/uploads\/2022\/05\/005-lang-ag-highest-resolution-displays-1024x768.jpg 1024w, https:\/\/konferenztechnik.de\/wp-content\/uploads\/2022\/05\/005-lang-ag-highest-resolution-displays-768x576.jpg 768w\" sizes=\"(max-width: 1200px) 100vw, 1200px\" title=\"\">\t\t\t\t\t\t\t\t\t\t\t<figcaption class=\"widget-image-caption wp-caption-text\">Nota: A imagem \u00e9 um pouco enganadora, n\u00e3o se reconhecem pixels no local: a nossa c\u00e2mara gera este efeito moir\u00e9 aqui).<\/figcaption>\n\t\t\t\t\t\t\t\t\t\t<\/figure>\n\t\t\t\t\t\t\t\t\t<\/div>\n\t\t\t\t<\/div>\n\t\t\t\t<div class=\"elementor-element elementor-element-495f338 elementor-widget__width-inherit elementor-widget elementor-widget-text-editor\" data-id=\"495f338\" data-element_type=\"widget\" data-widget_type=\"text-editor.default\">\n\t\t\t\t<div class=\"elementor-widget-container\">\n\t\t\t\t\t\t\t\t\t<p>O sistema de discuss\u00e3o sem fios da Televic \"TELEVIC CONFERENCE Wireless\u201d\" impressiona-nos realmente! Funcionalidade, flexibilidade, aspeto, sensa\u00e7\u00e3o, software \u2013 - tudo \u00e9 perfeito, at\u00e9 mesmo a conetividade fornecida pela DANTE.<br \/>Com a Mesa de Int\u00e9rprete, a Televic passa a dispor tamb\u00e9m de uma mesa de int\u00e9rprete altamente profissional no seu portef\u00f3lio, que certamente ir\u00e1 aumentar num futuro pr\u00f3ximo. \u00c9 bom ter uma alternativa forte \u00e0 Mesa de Int\u00e9rprete Lingua da Shure, que n\u00f3s e os int\u00e9rpretes gost\u00e1mos, mas que infelizmente j\u00e1 n\u00e3o est\u00e1 a ser desenvolvida.<\/p>\t\t\t\t\t\t\t\t<\/div>\n\t\t\t\t<\/div>\n\t\t\t\t<div class=\"elementor-element elementor-element-0e95eb2 elementor-widget elementor-widget-image\" data-id=\"0e95eb2\" data-element_type=\"widget\" data-widget_type=\"image.default\">\n\t\t\t\t<div class=\"elementor-widget-container\">\n\t\t\t\t\t\t\t\t\t\t\t\t<figure class=\"wp-caption\">\n\t\t\t\t\t\t\t\t\t\t<img loading=\"lazy\" decoding=\"async\" width=\"1000\" height=\"767\" src=\"https:\/\/konferenztechnik.de\/wp-content\/uploads\/2022\/05\/006-televic-sprechstellen.jpg\" class=\"attachment-1536x1536 size-1536x1536 wp-image-19325\" alt=\"Sistema de discuss\u00e3o sem fios da Televic, Confidea Flex\" srcset=\"https:\/\/konferenztechnik.de\/wp-content\/uploads\/2022\/05\/006-televic-sprechstellen.jpg 1000w, https:\/\/konferenztechnik.de\/wp-content\/uploads\/2022\/05\/006-televic-sprechstellen-300x230.jpg 300w, https:\/\/konferenztechnik.de\/wp-content\/uploads\/2022\/05\/006-televic-sprechstellen-768x589.jpg 768w\" sizes=\"(max-width: 1000px) 100vw, 1000px\" title=\"\">\t\t\t\t\t\t\t\t\t\t\t<figcaption class=\"widget-image-caption wp-caption-text\">Sistema de discuss\u00e3o sem fios da Televic, Confidea Flex<\/figcaption>\n\t\t\t\t\t\t\t\t\t\t<\/figure>\n\t\t\t\t\t\t\t\t\t<\/div>\n\t\t\t\t<\/div>\n\t\t\t\t<div class=\"elementor-element elementor-element-e28d9bd elementor-widget__width-inherit elementor-widget elementor-widget-text-editor\" data-id=\"e28d9bd\" data-element_type=\"widget\" data-widget_type=\"text-editor.default\">\n\t\t\t\t<div class=\"elementor-widget-container\">\n\t\t\t\t\t\t\t\t\t<p>Por falar em Shure: A Shure tinha muito para oferecer, o que naturalmente n\u00e3o quer\u00edamos perder no stand. Tivemos discuss\u00f5es boas e produtivas com os nossos contactos Tim Klatte e Andreas Zenker.<\/p>\t\t\t\t\t\t\t\t<\/div>\n\t\t\t\t<\/div>\n\t\t\t\t<div class=\"elementor-element elementor-element-8298404 elementor-widget elementor-widget-image\" data-id=\"8298404\" data-element_type=\"widget\" data-widget_type=\"image.default\">\n\t\t\t\t<div class=\"elementor-widget-container\">\n\t\t\t\t\t\t\t\t\t\t\t\t<figure class=\"wp-caption\">\n\t\t\t\t\t\t\t\t\t\t<img loading=\"lazy\" decoding=\"async\" width=\"1200\" height=\"900\" src=\"https:\/\/konferenztechnik.de\/wp-content\/uploads\/2022\/05\/007-pcs-konferenztechnik-bei-shure.jpg\" class=\"attachment-1536x1536 size-1536x1536 wp-image-19328\" alt=\"PCS na Shure na feira comercial ISE. A imagem mostra tr\u00eas dos Directores-Gerais da PCS, Dirk Neumann, J\u00f6rg Peschka e Thorsten Gei\u00dfler (a partir da esquerda).\" srcset=\"https:\/\/konferenztechnik.de\/wp-content\/uploads\/2022\/05\/007-pcs-konferenztechnik-bei-shure.jpg 1200w, https:\/\/konferenztechnik.de\/wp-content\/uploads\/2022\/05\/007-pcs-konferenztechnik-bei-shure-300x225.jpg 300w, https:\/\/konferenztechnik.de\/wp-content\/uploads\/2022\/05\/007-pcs-konferenztechnik-bei-shure-1024x768.jpg 1024w, https:\/\/konferenztechnik.de\/wp-content\/uploads\/2022\/05\/007-pcs-konferenztechnik-bei-shure-768x576.jpg 768w\" sizes=\"(max-width: 1200px) 100vw, 1200px\" title=\"\">\t\t\t\t\t\t\t\t\t\t\t<figcaption class=\"widget-image-caption wp-caption-text\">Na foto est\u00e3o tr\u00eas dos directores executivos da PCS, Dirk Neumann, J\u00f6rg Peschka e Thorsten Gei\u00dfler (a partir da esquerda).<\/figcaption>\n\t\t\t\t\t\t\t\t\t\t<\/figure>\n\t\t\t\t\t\t\t\t\t<\/div>\n\t\t\t\t<\/div>\n\t\t\t\t<div class=\"elementor-element elementor-element-dfae867 elementor-widget elementor-widget-image\" data-id=\"dfae867\" data-element_type=\"widget\" data-widget_type=\"image.default\">\n\t\t\t\t<div class=\"elementor-widget-container\">\n\t\t\t\t\t\t\t\t\t\t\t\t<figure class=\"wp-caption\">\n\t\t\t\t\t\t\t\t\t\t<img loading=\"lazy\" decoding=\"async\" width=\"1200\" height=\"861\" src=\"https:\/\/konferenztechnik.de\/wp-content\/uploads\/2022\/05\/008-macht-mal-pause.jpg\" class=\"attachment-1536x1536 size-1536x1536 wp-image-19331\" alt=\"E aqui est\u00e1 o 4\u00ba Diretor-Geral da PCS, Gunnar Hermenau, com Enrico Hucke da nossa equipa de instala\u00e7\u00e3o e vendas no stand da Shure na ISE Barcelona\" srcset=\"https:\/\/konferenztechnik.de\/wp-content\/uploads\/2022\/05\/008-macht-mal-pause.jpg 1200w, https:\/\/konferenztechnik.de\/wp-content\/uploads\/2022\/05\/008-macht-mal-pause-300x215.jpg 300w, https:\/\/konferenztechnik.de\/wp-content\/uploads\/2022\/05\/008-macht-mal-pause-1024x735.jpg 1024w, https:\/\/konferenztechnik.de\/wp-content\/uploads\/2022\/05\/008-macht-mal-pause-768x551.jpg 768w\" sizes=\"(max-width: 1200px) 100vw, 1200px\" title=\"\">\t\t\t\t\t\t\t\t\t\t\t<figcaption class=\"widget-image-caption wp-caption-text\">E aqui est\u00e1 o 4\u00ba Diretor-Geral da PCS, Gunnar Hermenau, com Enrico Hucke da nossa equipa de instala\u00e7\u00e3o e vendas no stand da Shure.<\/figcaption>\n\t\t\t\t\t\t\t\t\t\t<\/figure>\n\t\t\t\t\t\t\t\t\t<\/div>\n\t\t\t\t<\/div>\n\t\t\t\t<div class=\"elementor-element elementor-element-60bbc3c elementor-widget elementor-widget-image\" data-id=\"60bbc3c\" data-element_type=\"widget\" data-widget_type=\"image.default\">\n\t\t\t\t<div class=\"elementor-widget-container\">\n\t\t\t\t\t\t\t\t\t\t\t\t<figure class=\"wp-caption\">\n\t\t\t\t\t\t\t\t\t\t<img loading=\"lazy\" decoding=\"async\" width=\"1000\" height=\"702\" src=\"https:\/\/konferenztechnik.de\/wp-content\/uploads\/2022\/05\/009-pcs-bei-shure-2.jpg\" class=\"attachment-1536x1536 size-1536x1536 wp-image-19334\" alt=\"J\u00f6rg Peschka, PCS, em conversa com Tim Lubrant da Shure\" srcset=\"https:\/\/konferenztechnik.de\/wp-content\/uploads\/2022\/05\/009-pcs-bei-shure-2.jpg 1000w, https:\/\/konferenztechnik.de\/wp-content\/uploads\/2022\/05\/009-pcs-bei-shure-2-300x211.jpg 300w, https:\/\/konferenztechnik.de\/wp-content\/uploads\/2022\/05\/009-pcs-bei-shure-2-768x539.jpg 768w\" sizes=\"(max-width: 1000px) 100vw, 1000px\" title=\"\">\t\t\t\t\t\t\t\t\t\t\t<figcaption class=\"widget-image-caption wp-caption-text\">J\u00f6rg Peschka em conversa com Tim Klatte e ...<\/figcaption>\n\t\t\t\t\t\t\t\t\t\t<\/figure>\n\t\t\t\t\t\t\t\t\t<\/div>\n\t\t\t\t<\/div>\n\t\t\t\t<div class=\"elementor-element elementor-element-2a0f972 elementor-widget elementor-widget-image\" data-id=\"2a0f972\" data-element_type=\"widget\" data-widget_type=\"image.default\">\n\t\t\t\t<div class=\"elementor-widget-container\">\n\t\t\t\t\t\t\t\t\t\t\t\t<figure class=\"wp-caption\">\n\t\t\t\t\t\t\t\t\t\t<img loading=\"lazy\" decoding=\"async\" width=\"1200\" height=\"874\" src=\"https:\/\/konferenztechnik.de\/wp-content\/uploads\/2022\/05\/010-pcs-konferenztechnik-bei-shure-4.jpg\" class=\"attachment-1536x1536 size-1536x1536 wp-image-19337\" alt=\"Andreas Zenker da Shure com J\u00f6rg Peschka da PCS no stand da Shure na ISE em Barcelona.\" srcset=\"https:\/\/konferenztechnik.de\/wp-content\/uploads\/2022\/05\/010-pcs-konferenztechnik-bei-shure-4.jpg 1200w, https:\/\/konferenztechnik.de\/wp-content\/uploads\/2022\/05\/010-pcs-konferenztechnik-bei-shure-4-300x219.jpg 300w, https:\/\/konferenztechnik.de\/wp-content\/uploads\/2022\/05\/010-pcs-konferenztechnik-bei-shure-4-1024x746.jpg 1024w, https:\/\/konferenztechnik.de\/wp-content\/uploads\/2022\/05\/010-pcs-konferenztechnik-bei-shure-4-768x559.jpg 768w\" sizes=\"(max-width: 1200px) 100vw, 1200px\" title=\"\">\t\t\t\t\t\t\t\t\t\t\t<figcaption class=\"widget-image-caption wp-caption-text\">... Andreas Zenker da Shure.<\/figcaption>\n\t\t\t\t\t\t\t\t\t\t<\/figure>\n\t\t\t\t\t\t\t\t\t<\/div>\n\t\t\t\t<\/div>\n\t\t\t\t<div class=\"elementor-element elementor-element-b993614 elementor-widget__width-inherit elementor-widget elementor-widget-text-editor\" data-id=\"b993614\" data-element_type=\"widget\" data-widget_type=\"text-editor.default\">\n\t\t\t\t<div class=\"elementor-widget-container\">\n\t\t\t\t\t\t\t\t\t<p>Ap\u00f3s a longa pausa, o ISE voltou a ser um centro de atividade. Como aqui, no stand da Samsung, que nos impressionou com os seus ecr\u00e3s de alta resolu\u00e7\u00e3o. Ali\u00e1s, a parede da Samsung era de alt\u00edssima resolu\u00e7\u00e3o, com um espetacular LED \u2013 de 0,63 mil\u00edmetros e em 3D: simplesmente o m\u00e1ximo!<\/p>\t\t\t\t\t\t\t\t<\/div>\n\t\t\t\t<\/div>\n\t\t\t\t<div class=\"elementor-element elementor-element-1bfb71d elementor-widget elementor-widget-image\" data-id=\"1bfb71d\" data-element_type=\"widget\" data-widget_type=\"image.default\">\n\t\t\t\t<div class=\"elementor-widget-container\">\n\t\t\t\t\t\t\t\t\t\t\t\t<figure class=\"wp-caption\">\n\t\t\t\t\t\t\t\t\t\t<img loading=\"lazy\" decoding=\"async\" width=\"1200\" height=\"868\" src=\"https:\/\/konferenztechnik.de\/wp-content\/uploads\/2022\/05\/011-ise-2022-fully-packed-visitors-samsung.jpg\" class=\"attachment-1536x1536 size-1536x1536 wp-image-19340\" alt=\"A feira foi muito concorrida.\" srcset=\"https:\/\/konferenztechnik.de\/wp-content\/uploads\/2022\/05\/011-ise-2022-fully-packed-visitors-samsung.jpg 1200w, https:\/\/konferenztechnik.de\/wp-content\/uploads\/2022\/05\/011-ise-2022-fully-packed-visitors-samsung-300x217.jpg 300w, https:\/\/konferenztechnik.de\/wp-content\/uploads\/2022\/05\/011-ise-2022-fully-packed-visitors-samsung-1024x741.jpg 1024w, https:\/\/konferenztechnik.de\/wp-content\/uploads\/2022\/05\/011-ise-2022-fully-packed-visitors-samsung-768x556.jpg 768w\" sizes=\"(max-width: 1200px) 100vw, 1200px\" title=\"\">\t\t\t\t\t\t\t\t\t\t\t<figcaption class=\"widget-image-caption wp-caption-text\">A feira foi muito concorrida.<\/figcaption>\n\t\t\t\t\t\t\t\t\t\t<\/figure>\n\t\t\t\t\t\t\t\t\t<\/div>\n\t\t\t\t<\/div>\n\t\t\t\t<div class=\"elementor-element elementor-element-2731eb4 elementor-widget__width-inherit elementor-widget elementor-widget-text-editor\" data-id=\"2731eb4\" data-element_type=\"widget\" data-widget_type=\"text-editor.default\">\n\t\t\t\t<div class=\"elementor-widget-container\">\n\t\t\t\t\t\t\t\t\t<p>Com o altifalante inteligente TeamConnect, a Sennheiser oferece uma solu\u00e7\u00e3o de \u00e1udio profissional para videoconfer\u00eancia. A combina\u00e7\u00e3o inteligente de altifalante\/microfone foi concebida para utiliza\u00e7\u00e3o com o Microsoft Teams e ajuda na realiza\u00e7\u00e3o e transcri\u00e7\u00e3o (!) de reuni\u00f5es h\u00edbridas com um m\u00e1ximo de 10 pessoas.<\/p>\t\t\t\t\t\t\t\t<\/div>\n\t\t\t\t<\/div>\n\t\t\t\t<div class=\"elementor-element elementor-element-fc3611a elementor-widget elementor-widget-image\" data-id=\"fc3611a\" data-element_type=\"widget\" data-widget_type=\"image.default\">\n\t\t\t\t<div class=\"elementor-widget-container\">\n\t\t\t\t\t\t\t\t\t\t\t\t<figure class=\"wp-caption\">\n\t\t\t\t\t\t\t\t\t\t<img loading=\"lazy\" decoding=\"async\" width=\"1200\" height=\"884\" src=\"https:\/\/konferenztechnik.de\/wp-content\/uploads\/2022\/05\/012-sennheiser-team-connect-intelligent-speakr.jpg\" class=\"attachment-1536x1536 size-1536x1536 wp-image-19343\" alt=\"Altifalante inteligente TeamConnect da Sennheiser\" srcset=\"https:\/\/konferenztechnik.de\/wp-content\/uploads\/2022\/05\/012-sennheiser-team-connect-intelligent-speakr.jpg 1200w, https:\/\/konferenztechnik.de\/wp-content\/uploads\/2022\/05\/012-sennheiser-team-connect-intelligent-speakr-300x221.jpg 300w, https:\/\/konferenztechnik.de\/wp-content\/uploads\/2022\/05\/012-sennheiser-team-connect-intelligent-speakr-1024x754.jpg 1024w, https:\/\/konferenztechnik.de\/wp-content\/uploads\/2022\/05\/012-sennheiser-team-connect-intelligent-speakr-768x566.jpg 768w\" sizes=\"(max-width: 1200px) 100vw, 1200px\" title=\"\">\t\t\t\t\t\t\t\t\t\t\t<figcaption class=\"widget-image-caption wp-caption-text\">Altifalante inteligente TeamConnect da Sennheiser<\/figcaption>\n\t\t\t\t\t\t\t\t\t\t<\/figure>\n\t\t\t\t\t\t\t\t\t<\/div>\n\t\t\t\t<\/div>\n\t\t\t\t<div class=\"elementor-element elementor-element-37c8083 elementor-widget__width-inherit elementor-widget elementor-widget-text-editor\" data-id=\"37c8083\" data-element_type=\"widget\" data-widget_type=\"text-editor.default\">\n\t\t\t\t<div class=\"elementor-widget-container\">\n\t\t\t\t\t\t\t\t\t<p>Est\u00fadios virtuais que parecem t\u00e3o aut\u00eanticos como se estiv\u00e9ssemos l\u00e1. Vimos alguns conceitos fant\u00e1sticos e, mesmo que n\u00e3o tenhamos conseguido chegar ao local real, pass\u00e1mos algum tempo no \"Wald\u201d\" e na praia virtual do ISE.<\/p>\t\t\t\t\t\t\t\t<\/div>\n\t\t\t\t<\/div>\n\t\t\t\t<div class=\"elementor-element elementor-element-d388ded elementor-widget elementor-widget-image\" data-id=\"d388ded\" data-element_type=\"widget\" data-widget_type=\"image.default\">\n\t\t\t\t<div class=\"elementor-widget-container\">\n\t\t\t\t\t\t\t\t\t\t\t\t<figure class=\"wp-caption\">\n\t\t\t\t\t\t\t\t\t\t<img loading=\"lazy\" decoding=\"async\" width=\"1200\" height=\"900\" src=\"https:\/\/konferenztechnik.de\/wp-content\/uploads\/2022\/05\/013-wald-buehne-unreal.jpg\" class=\"attachment-1536x1536 size-1536x1536 wp-image-19346\" alt=\"Gunnar Hermenau est\u00e1 na &quot;Wald&quot;\" srcset=\"https:\/\/konferenztechnik.de\/wp-content\/uploads\/2022\/05\/013-wald-buehne-unreal.jpg 1200w, https:\/\/konferenztechnik.de\/wp-content\/uploads\/2022\/05\/013-wald-buehne-unreal-300x225.jpg 300w, https:\/\/konferenztechnik.de\/wp-content\/uploads\/2022\/05\/013-wald-buehne-unreal-1024x768.jpg 1024w, https:\/\/konferenztechnik.de\/wp-content\/uploads\/2022\/05\/013-wald-buehne-unreal-768x576.jpg 768w\" sizes=\"(max-width: 1200px) 100vw, 1200px\" title=\"\">\t\t\t\t\t\t\t\t\t\t\t<figcaption class=\"widget-image-caption wp-caption-text\">Gunnar Hermenau est\u00e1 na \"Wald\"<\/figcaption>\n\t\t\t\t\t\t\t\t\t\t<\/figure>\n\t\t\t\t\t\t\t\t\t<\/div>\n\t\t\t\t<\/div>\n\t\t\t\t<div class=\"elementor-element elementor-element-0b49804 elementor-widget elementor-widget-image\" data-id=\"0b49804\" data-element_type=\"widget\" data-widget_type=\"image.default\">\n\t\t\t\t<div class=\"elementor-widget-container\">\n\t\t\t\t\t\t\t\t\t\t\t\t<figure class=\"wp-caption\">\n\t\t\t\t\t\t\t\t\t\t<img loading=\"lazy\" decoding=\"async\" width=\"1200\" height=\"903\" src=\"https:\/\/konferenztechnik.de\/wp-content\/uploads\/2022\/05\/014-at-the-virtual-beach.jpg\" class=\"attachment-1536x1536 size-1536x1536 wp-image-19349\" alt=\"J\u00f6rg Peschka na praia virtual\" srcset=\"https:\/\/konferenztechnik.de\/wp-content\/uploads\/2022\/05\/014-at-the-virtual-beach.jpg 1200w, https:\/\/konferenztechnik.de\/wp-content\/uploads\/2022\/05\/014-at-the-virtual-beach-300x226.jpg 300w, https:\/\/konferenztechnik.de\/wp-content\/uploads\/2022\/05\/014-at-the-virtual-beach-1024x771.jpg 1024w, https:\/\/konferenztechnik.de\/wp-content\/uploads\/2022\/05\/014-at-the-virtual-beach-768x578.jpg 768w\" sizes=\"(max-width: 1200px) 100vw, 1200px\" title=\"\">\t\t\t\t\t\t\t\t\t\t\t<figcaption class=\"widget-image-caption wp-caption-text\">J\u00f6rg Peschka na praia virtual<\/figcaption>\n\t\t\t\t\t\t\t\t\t\t<\/figure>\n\t\t\t\t\t\t\t\t\t<\/div>\n\t\t\t\t<\/div>\n\t\t\t\t<div class=\"elementor-element elementor-element-b9178c2 elementor-widget__width-inherit elementor-widget elementor-widget-text-editor\" data-id=\"b9178c2\" data-element_type=\"widget\" data-widget_type=\"text-editor.default\">\n\t\t\t\t<div class=\"elementor-widget-container\">\n\t\t\t\t\t\t\t\t\t<p>Depois do jogo \u00e9 antes do jogo: j\u00e1 estamos a olhar para o pr\u00f3ximo ano, a data do ISE 2023 j\u00e1 foi marcada.<\/p>\t\t\t\t\t\t\t\t<\/div>\n\t\t\t\t<\/div>\n\t\t\t\t<div class=\"elementor-element elementor-element-5eded60 elementor-widget elementor-widget-image\" data-id=\"5eded60\" data-element_type=\"widget\" data-widget_type=\"image.default\">\n\t\t\t\t<div class=\"elementor-widget-container\">\n\t\t\t\t\t\t\t\t\t\t\t\t\t\t\t<img loading=\"lazy\" decoding=\"async\" width=\"1200\" height=\"912\" src=\"https:\/\/konferenztechnik.de\/wp-content\/uploads\/2022\/05\/015-see-you-next-year-at-ise.jpg\" class=\"attachment-1536x1536 size-1536x1536 wp-image-19352\" alt=\"Depois do jogo \u00e9 antes do jogo: j\u00e1 estamos a olhar para o pr\u00f3ximo ano, a data do ISE 2023 j\u00e1 foi marcada.\" srcset=\"https:\/\/konferenztechnik.de\/wp-content\/uploads\/2022\/05\/015-see-you-next-year-at-ise.jpg 1200w, https:\/\/konferenztechnik.de\/wp-content\/uploads\/2022\/05\/015-see-you-next-year-at-ise-300x228.jpg 300w, https:\/\/konferenztechnik.de\/wp-content\/uploads\/2022\/05\/015-see-you-next-year-at-ise-1024x778.jpg 1024w, https:\/\/konferenztechnik.de\/wp-content\/uploads\/2022\/05\/015-see-you-next-year-at-ise-768x584.jpg 768w\" sizes=\"(max-width: 1200px) 100vw, 1200px\" title=\"\">\t\t\t\t\t\t\t\t\t\t\t\t\t\t\t<\/div>\n\t\t\t\t<\/div>\n\t\t\t\t\t<\/div>\n\t\t\t\t<\/div>\n\t\t<div data-particle_enable=\"false\" data-particle-mobile-disabled=\"false\" class=\"elementor-element elementor-element-def9f75 e-flex e-con-boxed e-con e-parent\" data-id=\"def9f75\" data-element_type=\"container\">\n\t\t\t\t\t<div class=\"e-con-inner\">\n\t\t\t\t<div class=\"elementor-element elementor-element-a3218f6 elementor-widget elementor-widget-shortcode\" data-id=\"a3218f6\" data-element_type=\"widget\" data-widget_type=\"shortcode.default\">\n\t\t\t\t<div class=\"elementor-widget-container\">\n\t\t\t\t\t\t\t<div class=\"elementor-shortcode\">\t\t<div data-elementor-type=\"container\" data-elementor-id=\"29098\" class=\"elementor elementor-29098\" data-elementor-post-type=\"elementor_library\">\n\t\t\t\t<div data-particle_enable=\"false\" data-particle-mobile-disabled=\"false\" class=\"elementor-element elementor-element-699d0d1a e-flex e-con-boxed e-con e-parent\" data-id=\"699d0d1a\" data-element_type=\"container\">\n\t\t\t\t\t<div class=\"e-con-inner\">\n\t\t\t\t<div class=\"elementor-element elementor-element-11f236ba elementor-widget elementor-widget-post-navigation\" data-id=\"11f236ba\" data-element_type=\"widget\" data-widget_type=\"post-navigation.default\">\n\t\t\t\t<div class=\"elementor-widget-container\">\n\t\t\t\t\t\t\t<div class=\"elementor-post-navigation\" role=\"navigation\" aria-label=\"Navega\u00e7\u00e3o de postagem\">\n\t\t\t<div class=\"elementor-post-navigation__prev elementor-post-navigation__link\">\n\t\t\t\t<a href=\"https:\/\/konferenztechnik.de\/pt\/nova-localizacao-em-berlim\/\" rel=\"prev\"><span class=\"post-navigation__arrow-wrapper post-navigation__arrow-prev\"><svg aria-hidden=\"true\" class=\"e-font-icon-svg e-fas-arrow-left\" viewbox=\"0 0 448 512\" xmlns=\"http:\/\/www.w3.org\/2000\/svg\"><path d=\"M257.5 445.1l-22.2 22.2c-9.4 9.4-24.6 9.4-33.9 0L7 273c-9.4-9.4-9.4-24.6 0-33.9L201.4 44.7c9.4-9.4 24.6-9.4 33.9 0l22.2 22.2c9.5 9.5 9.3 25-.4 34.3L136.6 216H424c13.3 0 24 10.7 24 24v32c0 13.3-10.7 24-24 24H136.6l120.5 114.8c9.8 9.3 10 24.8.4 34.3z\"><\/path><\/svg><span class=\"elementor-screen-only\">Anterior<\/span><\/span><span class=\"elementor-post-navigation__link__prev\"><span class=\"post-navigation__prev--label\">Anterior<\/span><span class=\"post-navigation__prev--title\">Nova localiza\u00e7\u00e3o em Berlim<\/span><\/span><\/a>\t\t\t<\/div>\n\t\t\t\t\t\t<div class=\"elementor-post-navigation__next elementor-post-navigation__link\">\n\t\t\t\t<a href=\"https:\/\/konferenztechnik.de\/pt\/a-pcs-e-um-parceiro-sustentavel\/\" rel=\"next\"><span class=\"elementor-post-navigation__link__next\"><span class=\"post-navigation__next--label\">Seguinte<\/span><span class=\"post-navigation__next--title\">A PCS \u00e9 um parceiro sustent\u00e1vel<\/span><\/span><span class=\"post-navigation__arrow-wrapper post-navigation__arrow-next\"><svg aria-hidden=\"true\" class=\"e-font-icon-svg e-fas-arrow-right\" viewbox=\"0 0 448 512\" xmlns=\"http:\/\/www.w3.org\/2000\/svg\"><path d=\"M190.5 66.9l22.2-22.2c9.4-9.4 24.6-9.4 33.9 0L441 239c9.4 9.4 9.4 24.6 0 33.9L246.6 467.3c-9.4 9.4-24.6 9.4-33.9 0l-22.2-22.2c-9.5-9.5-9.3-25 .4-34.3L311.4 296H24c-13.3 0-24-10.7-24-24v-32c0-13.3 10.7-24 24-24h287.4L190.9 101.2c-9.8-9.3-10-24.8-.4-34.3z\"><\/path><\/svg><span class=\"elementor-screen-only\">Seguinte<\/span><\/span><\/a>\t\t\t<\/div>\n\t\t<\/div>\n\t\t\t\t\t\t<\/div>\n\t\t\t\t<\/div>\n\t\t\t\t<div class=\"elementor-element elementor-element-81a2b13 elementor-align-center elementor-icon-list--layout-traditional elementor-list-item-link-full_width elementor-widget elementor-widget-icon-list\" data-id=\"81a2b13\" data-element_type=\"widget\" data-widget_type=\"icon-list.default\">\n\t\t\t\t<div class=\"elementor-widget-container\">\n\t\t\t\t\t\t\t<ul class=\"elementor-icon-list-items\">\n\t\t\t\t\t\t\t<li class=\"elementor-icon-list-item\">\n\t\t\t\t\t\t\t\t\t\t\t<a href=\"\/pt\/noticias\/\">\n\n\t\t\t\t\t\t\t\t\t\t\t\t<span class=\"elementor-icon-list-icon\">\n\t\t\t\t\t\t\t<svg xmlns=\"http:\/\/www.w3.org\/2000\/svg\" id=\"uuid-5a27b650-727a-4659-9d92-75e42c38903b\" viewbox=\"0 0 19.67 14.54\"><g id=\"uuid-40aca98c-811b-43af-9bb7-b3a092d9bdfe\"><rect x=\".03\" width=\"6\" height=\"6\" rx=\"2\" ry=\"2\" style=\"fill:currentColor\"><\/rect><rect x=\"6.85\" width=\"6\" height=\"7.65\" rx=\"2\" ry=\"2\" style=\"fill:currentColor\"><\/rect><rect x=\"13.67\" width=\"6\" height=\"6.51\" rx=\"2\" ry=\"2\" style=\"fill:currentColor\"><\/rect><rect y=\"7\" width=\"6\" height=\"7.55\" rx=\"2\" ry=\"2\" style=\"fill:currentColor\"><\/rect><rect x=\"13.64\" y=\"7.22\" width=\"6\" height=\"7.33\" rx=\"2\" ry=\"2\" style=\"fill:currentColor\"><\/rect><rect x=\"6.82\" y=\"8.54\" width=\"6\" height=\"6\" rx=\"2\" ry=\"2\" style=\"fill:currentColor\"><\/rect><\/g><\/svg>\t\t\t\t\t\t<\/span>\n\t\t\t\t\t\t\t\t\t\t<span class=\"elementor-icon-list-text\"><\/span>\n\t\t\t\t\t\t\t\t\t\t\t<\/a>\n\t\t\t\t\t\t\t\t\t<\/li>\n\t\t\t\t\t\t<\/ul>\n\t\t\t\t\t\t<\/div>\n\t\t\t\t<\/div>\n\t\t\t\t\t<\/div>\n\t\t\t\t<\/div>\n\t\t\t\t<\/div>\n\t\t<\/div>\n\t\t\t\t\t\t<\/div>\n\t\t\t\t<\/div>\n\t\t\t\t\t<\/div>\n\t\t\t\t<\/div>\n\t\t\t\t<\/div>","protected":false},"excerpt":{"rendered":"<p>Revis\u00e3o da Integrated Systems Europe (ISE) 2022 Publicado: 19.05.2022 A ISE 2022 foi uma grande feira comercial e deixou-nos com muitas impress\u00f5es positivas e duradouras. A ISE foi uma feira com ecr\u00e3s de alta resolu\u00e7\u00e3o, configura\u00e7\u00f5es de est\u00fadio virtual e, claro, tecnologia moderna de confer\u00eancias e solu\u00e7\u00f5es para reuni\u00f5es.   Com \"The Power of Communication\u201d, a empresa [...]<\/p>","protected":false},"author":1,"featured_media":28260,"comment_status":"closed","ping_status":"closed","sticky":false,"template":"","format":"standard","meta":{"_acf_changed":false,"footnotes":""},"categories":[2],"tags":[],"class_list":["post-19309","post","type-post","status-publish","format-standard","has-post-thumbnail","hentry","category-news"],"acf":[],"_links":{"self":[{"href":"https:\/\/konferenztechnik.de\/pt\/wp-json\/wp\/v2\/posts\/19309","targetHints":{"allow":["GET"]}}],"collection":[{"href":"https:\/\/konferenztechnik.de\/pt\/wp-json\/wp\/v2\/posts"}],"about":[{"href":"https:\/\/konferenztechnik.de\/pt\/wp-json\/wp\/v2\/types\/post"}],"author":[{"embeddable":true,"href":"https:\/\/konferenztechnik.de\/pt\/wp-json\/wp\/v2\/users\/1"}],"replies":[{"embeddable":true,"href":"https:\/\/konferenztechnik.de\/pt\/wp-json\/wp\/v2\/comments?post=19309"}],"version-history":[{"count":0,"href":"https:\/\/konferenztechnik.de\/pt\/wp-json\/wp\/v2\/posts\/19309\/revisions"}],"wp:featuredmedia":[{"embeddable":true,"href":"https:\/\/konferenztechnik.de\/pt\/wp-json\/wp\/v2\/media\/28260"}],"wp:attachment":[{"href":"https:\/\/konferenztechnik.de\/pt\/wp-json\/wp\/v2\/media?parent=19309"}],"wp:term":[{"taxonomy":"category","embeddable":true,"href":"https:\/\/konferenztechnik.de\/pt\/wp-json\/wp\/v2\/categories?post=19309"},{"taxonomy":"post_tag","embeddable":true,"href":"https:\/\/konferenztechnik.de\/pt\/wp-json\/wp\/v2\/tags?post=19309"}],"curies":[{"name":"wp","href":"https:\/\/api.w.org\/{rel}","templated":true}]}}