{"id":20301,"date":"2023-02-06T19:09:15","date_gmt":"2023-02-06T18:09:15","guid":{"rendered":"https:\/\/www.konferenztechnik.de\/?p=20301"},"modified":"2023-06-07T12:20:13","modified_gmt":"2023-06-07T10:20:13","slug":"analise-dos-sistemas-integrados-na-europa-ise-2023","status":"publish","type":"post","link":"https:\/\/konferenztechnik.de\/pt\/analise-dos-sistemas-integrados-na-europa-ise-2023\/","title":{"rendered":"Uma retrospetiva da Integrated Systems Europe (ISE) 2022"},"content":{"rendered":"<div data-elementor-type=\"wp-post\" data-elementor-id=\"20301\" class=\"elementor elementor-20301\" data-elementor-post-type=\"post\">\n\t\t\t\t<div data-particle_enable=\"false\" data-particle-mobile-disabled=\"false\" class=\"elementor-element elementor-element-805f956 e-flex e-con-boxed e-con e-parent\" data-id=\"805f956\" data-element_type=\"container\">\n\t\t\t\t\t<div class=\"e-con-inner\">\n\t\t\t\t<div class=\"elementor-element elementor-element-abf0238 elementor-widget elementor-widget-heading\" data-id=\"abf0238\" data-element_type=\"widget\" data-settings=\"{&quot;_animation&quot;:&quot;none&quot;}\" data-widget_type=\"heading.default\">\n\t\t\t\t<div class=\"elementor-widget-container\">\n\t\t\t\t\t<h2 class=\"elementor-heading-title elementor-size-default\">Uma retrospetiva da Integrated Systems Europe (ISE) 2022\n\n<\/h2>\t\t\t\t<\/div>\n\t\t\t\t<\/div>\n\t\t\t\t<div class=\"elementor-element elementor-element-ca129ee elementor-widget elementor-widget-image\" data-id=\"ca129ee\" data-element_type=\"widget\" data-widget_type=\"image.default\">\n\t\t\t\t<div class=\"elementor-widget-container\">\n\t\t\t\t\t\t\t\t\t\t\t\t<figure class=\"wp-caption\">\n\t\t\t\t\t\t\t\t\t\t<img fetchpriority=\"high\" decoding=\"async\" width=\"800\" height=\"503\" src=\"https:\/\/konferenztechnik.de\/wp-content\/uploads\/2023\/02\/ise2023-eingang.jpg\" class=\"attachment-large size-large wp-image-20366\" alt=\"Grandes multid\u00f5es no ISE 2023 ou apenas poucas entradas? Provavelmente n\u00e3o \u00e9 s\u00f3 o Dirk que est\u00e1 aborrecido.\" srcset=\"https:\/\/konferenztechnik.de\/wp-content\/uploads\/2023\/02\/ise2023-eingang.jpg 1000w, https:\/\/konferenztechnik.de\/wp-content\/uploads\/2023\/02\/ise2023-eingang-300x189.jpg 300w, https:\/\/konferenztechnik.de\/wp-content\/uploads\/2023\/02\/ise2023-eingang-768x483.jpg 768w\" sizes=\"(max-width: 800px) 100vw, 800px\" title=\"\">\t\t\t\t\t\t\t\t\t\t\t<figcaption class=\"widget-image-caption wp-caption-text\"><\/figcaption>\n\t\t\t\t\t\t\t\t\t\t<\/figure>\n\t\t\t\t\t\t\t\t\t<\/div>\n\t\t\t\t<\/div>\n\t\t\t\t<div class=\"elementor-element elementor-element-ae399fc elementor-widget elementor-widget-text-editor\" data-id=\"ae399fc\" data-element_type=\"widget\" data-widget_type=\"text-editor.default\">\n\t\t\t\t<div class=\"elementor-widget-container\">\n\t\t\t\t\t\t\t\t\t<p>Publicado em: 26.02.2023<\/p>\t\t\t\t\t\t\t\t<\/div>\n\t\t\t\t<\/div>\n\t\t\t\t\t<\/div>\n\t\t\t\t<\/div>\n\t\t<div data-particle_enable=\"false\" data-particle-mobile-disabled=\"false\" class=\"elementor-element elementor-element-bf4f901 e-flex e-con-boxed e-con e-parent\" data-id=\"bf4f901\" data-element_type=\"container\">\n\t\t\t\t\t<div class=\"e-con-inner\">\n\t\t\t\t<div class=\"elementor-element elementor-element-aad3a49 elementor-widget__width-inherit elementor-widget elementor-widget-text-editor\" data-id=\"aad3a49\" data-element_type=\"widget\" data-widget_type=\"text-editor.default\">\n\t\t\t\t<div class=\"elementor-widget-container\">\n\t\t\t\t\t\t\t\t\t<p>Muitos fabricantes presentes na ISE deste ano mostraram um novo enfoque nas confer\u00eancias, no trabalho h\u00edbrido e digital. Depois de chegar \u00e0 feira, o visitante encontrava-se mais uma vez no pa\u00eds das maravilhas t\u00e9cnicas e n\u00e3o conseguia parar de se surpreender durante dias. \u00c9 claro que todos os f\u00e3s de ecr\u00e3s e paredes de v\u00eddeo voltaram a fazer valer o seu dinheiro. #tldr: Ainda mais denso, ainda mais fino, ainda mais brilhante \u2013 Quem \u00e9 que est\u00e1 surpreendido?<\/p>\t\t\t\t\t\t\t\t<\/div>\n\t\t\t\t<\/div>\n\t\t\t\t<div class=\"elementor-element elementor-element-b69abbb elementor-widget__width-inherit elementor-widget elementor-widget-text-editor\" data-id=\"b69abbb\" data-element_type=\"widget\" data-widget_type=\"text-editor.default\">\n\t\t\t\t<div class=\"elementor-widget-container\">\n\t\t\t\t\t\t\t\t\t<p>\u00a0<\/p><p>Come\u00e7amos com <strong>Cabolo<\/strong>. Mostram-nos uma tend\u00eancia que iremos encontrar repetidamente nos pr\u00f3ximos dias: Especialistas em software e algoritmos mostram hardware inovador, de alta qualidade e bonito.<\/p>\t\t\t\t\t\t\t\t<\/div>\n\t\t\t\t<\/div>\n\t\t\t\t<div class=\"elementor-element elementor-element-53dab59 elementor-widget elementor-widget-image\" data-id=\"53dab59\" data-element_type=\"widget\" data-widget_type=\"image.default\">\n\t\t\t\t<div class=\"elementor-widget-container\">\n\t\t\t\t\t\t\t\t\t\t\t\t<figure class=\"wp-caption\">\n\t\t\t\t\t\t\t\t\t\t<img decoding=\"async\" width=\"1000\" height=\"1333\" src=\"https:\/\/konferenztechnik.de\/wp-content\/uploads\/2023\/02\/cabolo-podium.jpg\" class=\"attachment-1536x1536 size-1536x1536 wp-image-20307\" alt=\"N\u00e3o \u00e9 apenas esta configura\u00e7\u00e3o de palco e p\u00falpito que mostra que os Cabolo s\u00e3o estetas e, para al\u00e9m da fun\u00e7\u00e3o, tamb\u00e9m s\u00e3o bons na forma e na beleza. Isso agrada-nos.\" srcset=\"https:\/\/konferenztechnik.de\/wp-content\/uploads\/2023\/02\/cabolo-podium.jpg 1000w, https:\/\/konferenztechnik.de\/wp-content\/uploads\/2023\/02\/cabolo-podium-225x300.jpg 225w, https:\/\/konferenztechnik.de\/wp-content\/uploads\/2023\/02\/cabolo-podium-768x1024.jpg 768w\" sizes=\"(max-width: 1000px) 100vw, 1000px\" title=\"\">\t\t\t\t\t\t\t\t\t\t\t<figcaption class=\"widget-image-caption wp-caption-text\">N\u00e3o \u00e9 apenas esta configura\u00e7\u00e3o de palco e p\u00falpito que mostra que os Cabolo s\u00e3o estetas e, para al\u00e9m da fun\u00e7\u00e3o, tamb\u00e9m s\u00e3o bons na forma e na beleza. Isso agrada-nos. <\/figcaption>\n\t\t\t\t\t\t\t\t\t\t<\/figure>\n\t\t\t\t\t\t\t\t\t<\/div>\n\t\t\t\t<\/div>\n\t\t\t\t<div class=\"elementor-element elementor-element-35e02a3 elementor-widget__width-inherit elementor-widget elementor-widget-text-editor\" data-id=\"35e02a3\" data-element_type=\"widget\" data-widget_type=\"text-editor.default\">\n\t\t\t\t<div class=\"elementor-widget-container\">\n\t\t\t\t\t\t\t\t\t<p>\u00a0<\/p><p>Cabolo \u00e9 uma empresa inovadora sediada em Roma. \u00c9 especializada na transcri\u00e7\u00e3o de voz para texto e o seu principal objetivo \u00e9 simplificar a transcri\u00e7\u00e3o, grava\u00e7\u00e3o e tradu\u00e7\u00e3o de reuni\u00f5es \u2013 diretamente a partir de um sistema de confer\u00eancia como a Bosch. \u203a <a href=\"https:\/\/www.cabolo.com\/\" target=\"_blank\" rel=\"noopener\">https:\/\/www.cabolo.com\/<\/a><\/p><div class=\"spacer\">\u00a0<\/div><div>\u00a0<\/div><p><strong>Zoom<\/strong> est\u00e1 a intensificar a sua colabora\u00e7\u00e3o com empresas parceiras, como a Logitech e a Poly, e agora tamb\u00e9m oferece estes pacotes \"como um servi\u00e7o\" (ou seja, para aluguer). Ok, e quanto custam estes pre\u00e7os de aluguer? Ainda n\u00e3o sabemos. Vamos descobrir.<\/p>\t\t\t\t\t\t\t\t<\/div>\n\t\t\t\t<\/div>\n\t\t\t\t<div class=\"elementor-element elementor-element-29dd991 elementor-widget elementor-widget-image\" data-id=\"29dd991\" data-element_type=\"widget\" data-widget_type=\"image.default\">\n\t\t\t\t<div class=\"elementor-widget-container\">\n\t\t\t\t\t\t\t\t\t\t\t\t<figure class=\"wp-caption\">\n\t\t\t\t\t\t\t\t\t\t<img decoding=\"async\" width=\"1000\" height=\"750\" src=\"https:\/\/konferenztechnik.de\/wp-content\/uploads\/2023\/02\/zoom-teamwirkspacesolutionsjpg.jpg\" class=\"attachment-1536x1536 size-1536x1536 wp-image-20334\" alt=\"Escrit\u00f3rio, escrit\u00f3rio em casa, espa\u00e7os de co-working, viagens com nativos digitais e n\u00f3madas digitais. A Zoom quer poder servir este segmento e \u00e9 bem poss\u00edvel que o consiga.\" srcset=\"https:\/\/konferenztechnik.de\/wp-content\/uploads\/2023\/02\/zoom-teamwirkspacesolutionsjpg.jpg 1000w, https:\/\/konferenztechnik.de\/wp-content\/uploads\/2023\/02\/zoom-teamwirkspacesolutionsjpg-300x225.jpg 300w, https:\/\/konferenztechnik.de\/wp-content\/uploads\/2023\/02\/zoom-teamwirkspacesolutionsjpg-768x576.jpg 768w\" sizes=\"(max-width: 1000px) 100vw, 1000px\" title=\"\">\t\t\t\t\t\t\t\t\t\t\t<figcaption class=\"widget-image-caption wp-caption-text\">Escrit\u00f3rio, escrit\u00f3rio em casa, espa\u00e7os de co-working, viagens com nativos digitais e n\u00f3madas digitais. A Zoom quer poder servir este segmento e \u00e9 bem poss\u00edvel que o consiga.<\/figcaption>\n\t\t\t\t\t\t\t\t\t\t<\/figure>\n\t\t\t\t\t\t\t\t\t<\/div>\n\t\t\t\t<\/div>\n\t\t\t\t<div class=\"elementor-element elementor-element-1d8de58 elementor-widget__width-inherit elementor-widget elementor-widget-text-editor\" data-id=\"1d8de58\" data-element_type=\"widget\" data-widget_type=\"text-editor.default\">\n\t\t\t\t<div class=\"elementor-widget-container\">\n\t\t\t\t\t\t\t\t\t<p>\u00a0<\/p><p>Tamb\u00e9m interessante: a Zoom mant\u00e9m-se na vanguarda no que diz respeito ao local de trabalho moderno e flex\u00edvel. Reserva de espa\u00e7o de trabalho, reserva de local de trabalho, sinaliza\u00e7\u00e3o digital. \u00c9 aqui que a Zoom est\u00e1 a deixar a sua marca:<\/p><p><a href=\"https:\/\/blog.zoom.us\/de\/workspace-reservation\/\" target=\"_blank\" rel=\"noopener\">https:\/\/blog.zoom.us\/de\/workspace-reservation\/<\/a><\/p><div class=\"spacer\">\u00a0<\/div><p><strong>Webex da Cisco<\/strong> desenvolve e produz o seu pr\u00f3prio hardware. Isto \u00e9 particularmente interessante para as salas de reuni\u00e3o mais pequenas: a Room Bar da Cisco \u00e9 anunciada da seguinte forma: \"A Room Bar \u00e9 uma barra de videoconfer\u00eancia tudo-em-um que oferece tudo \u2013, desde colabora\u00e7\u00e3o de v\u00eddeo nativa e sem computador port\u00e1til at\u00e9 experi\u00eancias BYOD perfeitas atrav\u00e9s de passagem USB. Transforme as suas reuni\u00f5es com um dispositivo de sala que inclui uma c\u00e2mara 4K, um codec potente, microfones integrados, altifalantes est\u00e9reo, uma gama de op\u00e7\u00f5es de conetividade e suporta os ecr\u00e3s da sua escolha.\"<\/p>\t\t\t\t\t\t\t\t<\/div>\n\t\t\t\t<\/div>\n\t\t\t\t<div class=\"elementor-element elementor-element-a18f1a0 elementor-widget elementor-widget-image\" data-id=\"a18f1a0\" data-element_type=\"widget\" data-widget_type=\"image.default\">\n\t\t\t\t<div class=\"elementor-widget-container\">\n\t\t\t\t\t\t\t\t\t\t\t\t<figure class=\"wp-caption\">\n\t\t\t\t\t\t\t\t\t\t<img loading=\"lazy\" decoding=\"async\" width=\"1000\" height=\"804\" src=\"https:\/\/konferenztechnik.de\/wp-content\/uploads\/2023\/02\/webex-ciscoroombar.jpg\" class=\"attachment-1536x1536 size-1536x1536 wp-image-20331\" alt=\"O Room Bar da Cisco anuncia a sua utiliza\u00e7\u00e3o com o Microsoft Teams, o Google Meet, o Zoom Experience \u2013 muito interessante, n\u00e3o \u00e9?\" srcset=\"https:\/\/konferenztechnik.de\/wp-content\/uploads\/2023\/02\/webex-ciscoroombar.jpg 1000w, https:\/\/konferenztechnik.de\/wp-content\/uploads\/2023\/02\/webex-ciscoroombar-300x241.jpg 300w, https:\/\/konferenztechnik.de\/wp-content\/uploads\/2023\/02\/webex-ciscoroombar-768x617.jpg 768w\" sizes=\"(max-width: 1000px) 100vw, 1000px\" title=\"\">\t\t\t\t\t\t\t\t\t\t\t<figcaption class=\"widget-image-caption wp-caption-text\">O Room Bar da Cisco anuncia a sua utiliza\u00e7\u00e3o com o Microsoft Teams, o Google Meet, o Zoom Experience \u2013 muito interessante, n\u00e3o \u00e9? <\/figcaption>\n\t\t\t\t\t\t\t\t\t\t<\/figure>\n\t\t\t\t\t\t\t\t\t<\/div>\n\t\t\t\t<\/div>\n\t\t\t\t<div class=\"elementor-element elementor-element-b771fdf elementor-widget__width-inherit elementor-widget elementor-widget-text-editor\" data-id=\"b771fdf\" data-element_type=\"widget\" data-widget_type=\"text-editor.default\">\n\t\t\t\t<div class=\"elementor-widget-container\">\n\t\t\t\t\t\t\t\t\t<p>\u00a0<\/p><p>Se quiser conhecer as tend\u00eancias no dom\u00ednio do trabalho colaborativo, deve visitar de vez em quando o s\u00edtio Web da Webex, que pode apresentar desenvolvimentos que, de outra forma, passam rapidamente despercebidos.<\/p><p><a href=\"https:\/\/www.webex.com\/devices\/webex-room-bar.html\" target=\"_blank\" rel=\"noopener\">https:\/\/www.webex.com\/devices\/webex-room-bar.html<\/a><br \/><a href=\"https:\/\/www.webex.com\/de\/index.html\" target=\"_blank\" rel=\"noopener\">https:\/\/www.webex.com\/de\/<\/a><\/p><div class=\"spacer\">\u00a0<\/div><p><strong>Bosch<\/strong> apresenta um desempenho de topo e um design modular ao mais alto n\u00edvel. Os m\u00f3dulos de encastrar DICENTIS s\u00e3o agora tamb\u00e9m feitos \u00e0 medida e podem ser pintados em v\u00e1rias cores de madeira, m\u00e1rmore, metal ou RAL. \u00c9 lindo! Achamos que \u00e9 maravilhoso que a nova s\u00e9rie se chame \"Bosch DICENTIS Hidromassagem de cor personalizada\". Provavelmente, chamar-lhes-emos \"Dicentis Custom Module\" \u2013 no dia a dia e aguardamos com expetativa as primeiras instala\u00e7\u00f5es destas novas esta\u00e7\u00f5es de intercomunica\u00e7\u00e3o de alta qualidade. \u2013 nobre ou sofisticado - tal como o cliente deseja.<\/p>\t\t\t\t\t\t\t\t<\/div>\n\t\t\t\t<\/div>\n\t\t\t\t<div class=\"elementor-element elementor-element-212a13e elementor-widget elementor-widget-image\" data-id=\"212a13e\" data-element_type=\"widget\" data-widget_type=\"image.default\">\n\t\t\t\t<div class=\"elementor-widget-container\">\n\t\t\t\t\t\t\t\t\t\t\t\t<figure class=\"wp-caption\">\n\t\t\t\t\t\t\t\t\t\t<img loading=\"lazy\" decoding=\"async\" width=\"1000\" height=\"677\" src=\"https:\/\/konferenztechnik.de\/wp-content\/uploads\/2023\/02\/bosch-dicentis-custom.jpg\" class=\"attachment-1536x1536 size-1536x1536 wp-image-20304\" alt=\"Os novos m\u00f3dulos personalizados da Bosch Dicentis: Bosch DICENTIS Hidrolavagem a cores personalizada\" srcset=\"https:\/\/konferenztechnik.de\/wp-content\/uploads\/2023\/02\/bosch-dicentis-custom.jpg 1000w, https:\/\/konferenztechnik.de\/wp-content\/uploads\/2023\/02\/bosch-dicentis-custom-300x203.jpg 300w, https:\/\/konferenztechnik.de\/wp-content\/uploads\/2023\/02\/bosch-dicentis-custom-768x520.jpg 768w\" sizes=\"(max-width: 1000px) 100vw, 1000px\" title=\"\">\t\t\t\t\t\t\t\t\t\t\t<figcaption class=\"widget-image-caption wp-caption-text\">Os novos m\u00f3dulos personalizados da Bosch Dicentis: Bosch DICENTIS Hidrolavagem a cores personalizada<\/figcaption>\n\t\t\t\t\t\t\t\t\t\t<\/figure>\n\t\t\t\t\t\t\t\t\t<\/div>\n\t\t\t\t<\/div>\n\t\t\t\t<div class=\"elementor-element elementor-element-67605e5 elementor-widget__width-inherit elementor-widget elementor-widget-text-editor\" data-id=\"67605e5\" data-element_type=\"widget\" data-widget_type=\"text-editor.default\">\n\t\t\t\t<div class=\"elementor-widget-container\">\n\t\t\t\t\t\t\t\t\t<p>\u00a0<\/p><p><strong>Shure!<\/strong> Quando os nossos p\u00e9s n\u00e3o querem ir para a frente, quando estamos cansados, visitamos o stand da Shure. \u00c9 como voltar para casa.<br \/>Os principais t\u00f3picos da Shure este ano s\u00e3o:<\/p><p><strong>Ecossistema do tronco<\/strong><\/p><p>\"Descubra o Ecossistema Stem, que lhe d\u00e1 a liberdade de conceber, gerir e dimensionar sem esfor\u00e7o solu\u00e7\u00f5es de \u00e1udio de alta qualidade no seu espa\u00e7o.\"<\/p><p><a href=\"https:\/\/www.shure.com\/de-DE\/konferenzen-meetings\/loesungen\/stem-ecosystem\" target=\"_blank\" rel=\"noopener\">https:\/\/www.shure.com\/de-DE\/konferenzen-meetings\/loesungen\/stem-ecosystem<\/a><\/p><p><strong>Ecossistema Microflex<\/strong><\/p><p>\"Flexibilidade ilimitada para uma colabora\u00e7\u00e3o de primeira classe nos espa\u00e7os mais exigentes.\"<\/p><p><a href=\"https:\/\/www.shure.com\/de-DE\/konferenzen-meetings\/loesungen\/microflex-ecosystem\" target=\"_blank\" rel=\"noopener\">https:\/\/www.shure.com\/de-DE\/konferenzen-meetings\/loesungen\/microflex-ecosystem<\/a><\/p>\t\t\t\t\t\t\t\t<\/div>\n\t\t\t\t<\/div>\n\t\t\t\t<div class=\"elementor-element elementor-element-12e72d0 elementor-widget elementor-widget-image\" data-id=\"12e72d0\" data-element_type=\"widget\" data-widget_type=\"image.default\">\n\t\t\t\t<div class=\"elementor-widget-container\">\n\t\t\t\t\t\t\t\t\t\t\t\t<figure class=\"wp-caption\">\n\t\t\t\t\t\t\t\t\t\t<img loading=\"lazy\" decoding=\"async\" width=\"1000\" height=\"629\" src=\"https:\/\/konferenztechnik.de\/wp-content\/uploads\/2023\/02\/shure-microflex-stem-ise2023.jpg\" class=\"attachment-1536x1536 size-1536x1536 wp-image-20377\" alt=\"Shure Microflex e Shure Stem Ecosystem na ISE.\" srcset=\"https:\/\/konferenztechnik.de\/wp-content\/uploads\/2023\/02\/shure-microflex-stem-ise2023.jpg 1000w, https:\/\/konferenztechnik.de\/wp-content\/uploads\/2023\/02\/shure-microflex-stem-ise2023-300x189.jpg 300w, https:\/\/konferenztechnik.de\/wp-content\/uploads\/2023\/02\/shure-microflex-stem-ise2023-768x483.jpg 768w\" sizes=\"(max-width: 1000px) 100vw, 1000px\" title=\"\">\t\t\t\t\t\t\t\t\t\t\t<figcaption class=\"widget-image-caption wp-caption-text\">Shure Microflex e Shure Stem Ecosystem na ISE.<\/figcaption>\n\t\t\t\t\t\t\t\t\t\t<\/figure>\n\t\t\t\t\t\t\t\t\t<\/div>\n\t\t\t\t<\/div>\n\t\t\t\t<div class=\"elementor-element elementor-element-db73522 elementor-widget__width-inherit elementor-widget elementor-widget-text-editor\" data-id=\"db73522\" data-element_type=\"widget\" data-widget_type=\"text-editor.default\">\n\t\t\t\t<div class=\"elementor-widget-container\">\n\t\t\t\t\t\t\t\t\t<p>\u00a0<\/p><p>\u00c9 sabido que elogiamos tanto as solu\u00e7\u00f5es como as da Shure: Muito alta qualidade, muito f\u00e1cil de combinar e integrar, fi\u00e1vel.... Como sempre, muito obrigado \u00e0 Shure pelo vosso desempenho e hospitalidade.<\/p><p>A prop\u00f3sito: a Shure est\u00e1 tamb\u00e9m a concentrar-se cada vez mais na colabora\u00e7\u00e3o e nomeia as seguintes parcerias estrat\u00e9gicas oficiais, entre outras: Microsoft, Zoom, Crestron, Cicso, Yealink, Audinate, Barco.<\/p><div class=\"spacer\">\u00a0<\/div><div>\u00a0<\/div><p><strong>Equipas da Mircosoft<\/strong><\/p><p>Estamos a utilizar cada vez mais as novas vers\u00f5es do Microsoft Teams para fornecer interpreta\u00e7\u00e3o simult\u00e2nea em direto para videoconfer\u00eancias. Consideramos que funciona a um n\u00edvel t\u00e3o elevado como o Zoom.<\/p>\t\t\t\t\t\t\t\t<\/div>\n\t\t\t\t<\/div>\n\t\t\t\t<div class=\"elementor-element elementor-element-39dec1b elementor-widget elementor-widget-image\" data-id=\"39dec1b\" data-element_type=\"widget\" data-widget_type=\"image.default\">\n\t\t\t\t<div class=\"elementor-widget-container\">\n\t\t\t\t\t\t\t\t\t\t\t\t<figure class=\"wp-caption\">\n\t\t\t\t\t\t\t\t\t\t<img loading=\"lazy\" decoding=\"async\" width=\"1000\" height=\"750\" src=\"https:\/\/konferenztechnik.de\/wp-content\/uploads\/2023\/02\/microsoft-teams-ise.jpg\" class=\"attachment-1536x1536 size-1536x1536 wp-image-20370\" alt=\"\" srcset=\"https:\/\/konferenztechnik.de\/wp-content\/uploads\/2023\/02\/microsoft-teams-ise.jpg 1000w, https:\/\/konferenztechnik.de\/wp-content\/uploads\/2023\/02\/microsoft-teams-ise-300x225.jpg 300w, https:\/\/konferenztechnik.de\/wp-content\/uploads\/2023\/02\/microsoft-teams-ise-768x576.jpg 768w\" sizes=\"(max-width: 1000px) 100vw, 1000px\" title=\"\">\t\t\t\t\t\t\t\t\t\t\t<figcaption class=\"widget-image-caption wp-caption-text\">Equipas para eventos h\u00edbridos com interpreta\u00e7\u00e3o simult\u00e2nea.<\/figcaption>\n\t\t\t\t\t\t\t\t\t\t<\/figure>\n\t\t\t\t\t\t\t\t\t<\/div>\n\t\t\t\t<\/div>\n\t\t\t\t<div class=\"elementor-element elementor-element-416f8f7 elementor-widget__width-inherit elementor-widget elementor-widget-text-editor\" data-id=\"416f8f7\" data-element_type=\"widget\" data-widget_type=\"text-editor.default\">\n\t\t\t\t<div class=\"elementor-widget-container\">\n\t\t\t\t\t\t\t\t\t<p>Ser\u00e1 emocionante quando <strong>ChatGPT <\/strong>est\u00e1 integrado nas equipas. O bot foi concebido para apoiar reuni\u00f5es como um assistente de reuni\u00e3o virtual. Isto tamb\u00e9m \u00e9 \u00fatil para n\u00f3s. Estamos ansiosos por poder test\u00e1-lo em breve.<\/p><div class=\"spacer\">\u00a0<\/div><div>\u00a0<\/div><p><strong>i3-Tecnologias<\/strong><\/p><p>Conhecemos a i3 como especialista em ambientes de aprendizagem. Utilizamos os ecr\u00e3s, quadros brancos e flipcharts digitais principalmente para projectos de instala\u00e7\u00e3o em universidades. Porqu\u00ea? A i3 combina uma boa rela\u00e7\u00e3o pre\u00e7o\/desempenho com uma longa vida \u00fatil. Tamb\u00e9m apreciamos cada vez mais os produtos em salas de reuni\u00f5es. A i3 est\u00e1 a concentrar-se no novo formato ultra-largo 21:9. Partimos do princ\u00edpio de que este novo formato se tornar\u00e1 cada vez mais comum no futuro. O novo i3 Touch Ultra tem uma diagonal de ecr\u00e3 de 105\u2033 (267 cm) e uma resolu\u00e7\u00e3o de 5K.<\/p><p>\u00a0<\/p><p>O i3Toch X-ONE tamb\u00e9m \u00e9 novo. Oferece um modo de escurecimento, um filtro de luz azul e tem um revestimento especial antirreflexo para reduzir significativamente a fadiga ocular. Perfeito para todas as sess\u00f5es longas e tamb\u00e9m certificado pela T\u00dcV Rheinland. Muito bom!<\/p><p>\u00a0<\/p><p>A i3-Technologies anuncia o novo i3Touch E-One como um produto econ\u00f3mico. Outro destaque \u00e9 o novo flipchart digital i3Sixty 2 \u2013, que pertence efetivamente a todas as salas de reuni\u00f5es. Vale a pena porque torna todas as reuni\u00f5es mais eficazes e profissionais. \u00c9 mesmo verdade, acredite em n\u00f3s.<\/p><p>Todos os novos modelos \u2013, exceto o Ultra \u2013, t\u00eam apenas uma porta USB-C, o que significa que os dispositivos podem transmitir imagem, \u00e1udio, toque e c\u00e2mara com apenas um cabo.<\/p>\t\t\t\t\t\t\t\t<\/div>\n\t\t\t\t<\/div>\n\t\t\t\t<div class=\"elementor-element elementor-element-a0b34a2 elementor-widget elementor-widget-image\" data-id=\"a0b34a2\" data-element_type=\"widget\" data-widget_type=\"image.default\">\n\t\t\t\t<div class=\"elementor-widget-container\">\n\t\t\t\t\t\t\t\t\t\t\t\t<figure class=\"wp-caption\">\n\t\t\t\t\t\t\t\t\t\t<img loading=\"lazy\" decoding=\"async\" width=\"1000\" height=\"875\" src=\"https:\/\/konferenztechnik.de\/wp-content\/uploads\/2023\/02\/i3-touch-displays.jpg\" class=\"attachment-1536x1536 size-1536x1536 wp-image-20313\" alt=\"A liga\u00e7\u00e3o \u00f3tica \u00e9 como a i3-Technologies designa a tecnologia que oferece maior nitidez das cores, legibilidade e um \u00e2ngulo de visualiza\u00e7\u00e3o mais amplo. N\u00f3s pensamos: \u00e9 brilhante.\" srcset=\"https:\/\/konferenztechnik.de\/wp-content\/uploads\/2023\/02\/i3-touch-displays.jpg 1000w, https:\/\/konferenztechnik.de\/wp-content\/uploads\/2023\/02\/i3-touch-displays-300x263.jpg 300w, https:\/\/konferenztechnik.de\/wp-content\/uploads\/2023\/02\/i3-touch-displays-768x672.jpg 768w\" sizes=\"(max-width: 1000px) 100vw, 1000px\" title=\"\">\t\t\t\t\t\t\t\t\t\t\t<figcaption class=\"widget-image-caption wp-caption-text\">A liga\u00e7\u00e3o \u00f3tica \u00e9 como a i3-Technologies designa a tecnologia que oferece maior nitidez das cores, legibilidade e um \u00e2ngulo de visualiza\u00e7\u00e3o mais amplo. N\u00f3s pensamos: \u00e9 brilhante.<\/figcaption>\n\t\t\t\t\t\t\t\t\t\t<\/figure>\n\t\t\t\t\t\t\t\t\t<\/div>\n\t\t\t\t<\/div>\n\t\t\t\t<div class=\"elementor-element elementor-element-1c739b3 elementor-widget__width-inherit elementor-widget elementor-widget-text-editor\" data-id=\"1c739b3\" data-element_type=\"widget\" data-widget_type=\"text-editor.default\">\n\t\t\t\t<div class=\"elementor-widget-container\">\n\t\t\t\t\t\t\t\t\t<p>\u00a0<\/p><p><a href=\"https:\/\/www.i3-technologies.com\/de\/produkte\/touchdisplays\/\" target=\"_blank\" rel=\"noopener\">https:\/\/www.i3-technologies.com\/de\/produkte\/touchdisplays\/<\/a><\/p><div class=\"spacer\">\u00a0<\/div><p><strong>Canon<\/strong> est\u00e1 agora tamb\u00e9m cada vez mais ativa no dom\u00ednio das videoconfer\u00eancias. Conhecemos a c\u00e2mara PTZ CANON CR-N300 de alta qualidade, mas o que nos chamou a aten\u00e7\u00e3o foi o software gratuito que pode controlar at\u00e9 20 c\u00e2maras PTZ Canon \u2013, sim, apenas c\u00e2maras Canon. O que \u00e9 novo para n\u00f3s \u00e9 o rastreio de \u00e1udio do software.<\/p>\t\t\t\t\t\t\t\t<\/div>\n\t\t\t\t<\/div>\n\t\t\t\t<div class=\"elementor-element elementor-element-b5003b9 elementor-widget elementor-widget-image\" data-id=\"b5003b9\" data-element_type=\"widget\" data-widget_type=\"image.default\">\n\t\t\t\t<div class=\"elementor-widget-container\">\n\t\t\t\t\t\t\t\t\t\t\t\t<figure class=\"wp-caption\">\n\t\t\t\t\t\t\t\t\t\t<img loading=\"lazy\" decoding=\"async\" width=\"1000\" height=\"779\" src=\"https:\/\/konferenztechnik.de\/wp-content\/uploads\/2023\/02\/ptz-kamera-software-audiotracking.jpg\" class=\"attachment-1536x1536 size-1536x1536 wp-image-20325\" alt=\"Em breve, queremos ver isto mais de perto. O software Canon \u2013 para controlar as c\u00e2maras Canon a partir de um PC, tablet e automaticamente atrav\u00e9s da voz.\" srcset=\"https:\/\/konferenztechnik.de\/wp-content\/uploads\/2023\/02\/ptz-kamera-software-audiotracking.jpg 1000w, https:\/\/konferenztechnik.de\/wp-content\/uploads\/2023\/02\/ptz-kamera-software-audiotracking-300x234.jpg 300w, https:\/\/konferenztechnik.de\/wp-content\/uploads\/2023\/02\/ptz-kamera-software-audiotracking-768x598.jpg 768w\" sizes=\"(max-width: 1000px) 100vw, 1000px\" title=\"\">\t\t\t\t\t\t\t\t\t\t\t<figcaption class=\"widget-image-caption wp-caption-text\">Em breve, queremos ver isto mais de perto. O software Canon \u2013 para controlar as c\u00e2maras Canon a partir de um PC, tablet e automaticamente atrav\u00e9s da voz. <\/figcaption>\n\t\t\t\t\t\t\t\t\t\t<\/figure>\n\t\t\t\t\t\t\t\t\t<\/div>\n\t\t\t\t<\/div>\n\t\t\t\t<div class=\"elementor-element elementor-element-3b63cd5 elementor-widget__width-inherit elementor-widget elementor-widget-text-editor\" data-id=\"3b63cd5\" data-element_type=\"widget\" data-widget_type=\"text-editor.default\">\n\t\t\t\t<div class=\"elementor-widget-container\">\n\t\t\t\t\t\t\t\t\t<p>\u00a0<\/p><p><a href=\"https:\/\/www.canon.de\/ptz-cameras\/ptz-remote-camera-control-application\/\" target=\"_blank\" rel=\"noopener\">https:\/\/www.canon.de\/ptz-cameras\/ptz-remote-camera-control-application\/<\/a><\/p><div class=\"spacer\">\u00a0<\/div><p><strong>Televis\u00e3o<\/strong><\/p><p>J\u00e1 t\u00ednhamos noticiado a grande surpresa noutro local <a href=\"https:\/\/konferenztechnik.de\/pt\/tecnologia-de-interpretacao-e-de-conferencia-televisiva\/\">comunicada<\/a>. A Televic est\u00e1 a assumir o sistema de comunica\u00e7\u00e3o UNITE da Beyerdynamic e estamos extremamente satisfeitos com este facto, porque est\u00e1vamos e continuamos a estar entusiasmados com o produto. O nome do produto da Televic \u00e9 Re-Unite, que tamb\u00e9m consideramos atrativo.<\/p>\t\t\t\t\t\t\t\t<\/div>\n\t\t\t\t<\/div>\n\t\t\t\t<div class=\"elementor-element elementor-element-5adb429 elementor-widget elementor-widget-image\" data-id=\"5adb429\" data-element_type=\"widget\" data-widget_type=\"image.default\">\n\t\t\t\t<div class=\"elementor-widget-container\">\n\t\t\t\t\t\t\t\t\t\t\t\t<figure class=\"wp-caption\">\n\t\t\t\t\t\t\t\t\t\t<img loading=\"lazy\" decoding=\"async\" width=\"1000\" height=\"750\" src=\"https:\/\/konferenztechnik.de\/wp-content\/uploads\/2023\/02\/runite-televic-fuehrungsanlage.jpg\" class=\"attachment-1536x1536 size-1536x1536 wp-image-20328\" alt=\"Dirk e J\u00f6rg com o novo sistema de orienta\u00e7\u00e3o Re-Unite da Televic.\" srcset=\"https:\/\/konferenztechnik.de\/wp-content\/uploads\/2023\/02\/runite-televic-fuehrungsanlage.jpg 1000w, https:\/\/konferenztechnik.de\/wp-content\/uploads\/2023\/02\/runite-televic-fuehrungsanlage-300x225.jpg 300w, https:\/\/konferenztechnik.de\/wp-content\/uploads\/2023\/02\/runite-televic-fuehrungsanlage-768x576.jpg 768w\" sizes=\"(max-width: 1000px) 100vw, 1000px\" title=\"\">\t\t\t\t\t\t\t\t\t\t\t<figcaption class=\"widget-image-caption wp-caption-text\">Dirk e J\u00f6rg com o novo sistema de orienta\u00e7\u00e3o Re-Unite da Televic.  <\/figcaption>\n\t\t\t\t\t\t\t\t\t\t<\/figure>\n\t\t\t\t\t\t\t\t\t<\/div>\n\t\t\t\t<\/div>\n\t\t\t\t<div class=\"elementor-element elementor-element-94d9bff elementor-widget__width-inherit elementor-widget elementor-widget-text-editor\" data-id=\"94d9bff\" data-element_type=\"widget\" data-widget_type=\"text-editor.default\">\n\t\t\t\t<div class=\"elementor-widget-container\">\n\t\t\t\t\t\t\t\t\t<p>\u00a0<\/p><p><strong>Ufa!<\/strong><\/p><p>\u00a0<\/p><p>Quase l\u00e1. Estamos sempre satisfeitos pelo facto de as paredes LED n\u00e3o serem a nossa principal \u00e1rea de neg\u00f3cio. O desenvolvimento \u00e9 t\u00e3o r\u00e1pido. N\u00e3o \u00e9 certamente f\u00e1cil investir correcta e sensatamente nesta \u00e1rea. Temos a sensa\u00e7\u00e3o de que o que \u00e9 \u00f3timo hoje j\u00e1 est\u00e1 ultrapassado uma semana depois. Em todo o caso, a qualidade, o brilho e a densidade das paredes s\u00e3o incr\u00edveis. Aten\u00e7\u00e3o, claro, que isto \u00e9 feito \u00e0 custa do consumo de energia, e para n\u00f3s, como para muitos outros, menos \u00e9 mais ou melhor, muito melhor.<\/p>\t\t\t\t\t\t\t\t<\/div>\n\t\t\t\t<\/div>\n\t\t\t\t<div class=\"elementor-element elementor-element-0b8eaea elementor-widget elementor-widget-image\" data-id=\"0b8eaea\" data-element_type=\"widget\" data-widget_type=\"image.default\">\n\t\t\t\t<div class=\"elementor-widget-container\">\n\t\t\t\t\t\t\t\t\t\t\t\t<figure class=\"wp-caption\">\n\t\t\t\t\t\t\t\t\t\t<img loading=\"lazy\" decoding=\"async\" width=\"1000\" height=\"794\" src=\"https:\/\/konferenztechnik.de\/wp-content\/uploads\/2023\/02\/led-wall-ise2023.jpg\" class=\"attachment-1536x1536 size-1536x1536 wp-image-20322\" alt=\"O Dirk n\u00e3o consegue ver uma grelha apesar dos seus \u00f3culos novos.\" srcset=\"https:\/\/konferenztechnik.de\/wp-content\/uploads\/2023\/02\/led-wall-ise2023.jpg 1000w, https:\/\/konferenztechnik.de\/wp-content\/uploads\/2023\/02\/led-wall-ise2023-300x238.jpg 300w, https:\/\/konferenztechnik.de\/wp-content\/uploads\/2023\/02\/led-wall-ise2023-768x610.jpg 768w\" sizes=\"(max-width: 1000px) 100vw, 1000px\" title=\"\">\t\t\t\t\t\t\t\t\t\t\t<figcaption class=\"widget-image-caption wp-caption-text\">O Dirk n\u00e3o consegue ver uma grelha apesar dos seus \u00f3culos novos.<\/figcaption>\n\t\t\t\t\t\t\t\t\t\t<\/figure>\n\t\t\t\t\t\t\t\t\t<\/div>\n\t\t\t\t<\/div>\n\t\t\t\t<div class=\"elementor-element elementor-element-b410bbd elementor-widget__width-inherit elementor-widget elementor-widget-text-editor\" data-id=\"b410bbd\" data-element_type=\"widget\" data-widget_type=\"text-editor.default\">\n\t\t\t\t<div class=\"elementor-widget-container\">\n\t\t\t\t\t\t\t\t\t<p>\u00a0<\/p><p><strong>Latsch, latsch!<\/strong><\/p><p>E agora vamos para casa. Sim, voltaremos no pr\u00f3ximo ano, mas n\u00e3o nos fa\u00e7am esperar tanto tempo fora dos port\u00f5es outra vez. J\u00e1 \u00e9 suficientemente cansativo. Muito obrigado a todos os envolvidos, aos colegas nos stands e aos departamentos de marketing.<\/p>\t\t\t\t\t\t\t\t<\/div>\n\t\t\t\t<\/div>\n\t\t\t\t<div class=\"elementor-element elementor-element-6fd1357 elementor-widget elementor-widget-image\" data-id=\"6fd1357\" data-element_type=\"widget\" data-widget_type=\"image.default\">\n\t\t\t\t<div class=\"elementor-widget-container\">\n\t\t\t\t\t\t\t\t\t\t\t\t<figure class=\"wp-caption\">\n\t\t\t\t\t\t\t\t\t\t<img loading=\"lazy\" decoding=\"async\" width=\"1000\" height=\"451\" src=\"https:\/\/konferenztechnik.de\/wp-content\/uploads\/2023\/02\/eindruecke-ise2023.jpg\" class=\"attachment-1536x1536 size-1536x1536 wp-image-20310\" alt=\"O esfor\u00e7o valeu a pena, e n\u00e3o fomos os \u00fanicos a ficar impressionados com as not\u00edcias.\" srcset=\"https:\/\/konferenztechnik.de\/wp-content\/uploads\/2023\/02\/eindruecke-ise2023.jpg 1000w, https:\/\/konferenztechnik.de\/wp-content\/uploads\/2023\/02\/eindruecke-ise2023-300x135.jpg 300w, https:\/\/konferenztechnik.de\/wp-content\/uploads\/2023\/02\/eindruecke-ise2023-768x346.jpg 768w\" sizes=\"(max-width: 1000px) 100vw, 1000px\" title=\"\">\t\t\t\t\t\t\t\t\t\t\t<figcaption class=\"widget-image-caption wp-caption-text\">O esfor\u00e7o valeu a pena, e n\u00e3o fomos os \u00fanicos a ficar impressionados com as not\u00edcias.<\/figcaption>\n\t\t\t\t\t\t\t\t\t\t<\/figure>\n\t\t\t\t\t\t\t\t\t<\/div>\n\t\t\t\t<\/div>\n\t\t\t\t<div class=\"elementor-element elementor-element-b1bca10 elementor-widget__width-inherit elementor-widget elementor-widget-text-editor\" data-id=\"b1bca10\" data-element_type=\"widget\" data-widget_type=\"text-editor.default\">\n\t\t\t\t<div class=\"elementor-widget-container\">\n\t\t\t\t\t\t\t\t\t<p>\u00a0<\/p><p><strong>Guardem a data: ISE 2024 realiza-se de 30.01. a 02.02.2024<\/strong><\/p>\t\t\t\t\t\t\t\t<\/div>\n\t\t\t\t<\/div>\n\t\t\t\t<div class=\"elementor-element elementor-element-84ecfb6 elementor-widget elementor-widget-image\" data-id=\"84ecfb6\" data-element_type=\"widget\" data-widget_type=\"image.default\">\n\t\t\t\t<div class=\"elementor-widget-container\">\n\t\t\t\t\t\t\t\t\t\t\t\t\t\t\t<img loading=\"lazy\" decoding=\"async\" width=\"1000\" height=\"762\" src=\"https:\/\/konferenztechnik.de\/wp-content\/uploads\/2023\/02\/ise2024.jpg\" class=\"attachment-1536x1536 size-1536x1536 wp-image-20319\" alt=\"ISE 2024 Data: 30 de janeiro a 2 de fevereiro de 2024\" srcset=\"https:\/\/konferenztechnik.de\/wp-content\/uploads\/2023\/02\/ise2024.jpg 1000w, https:\/\/konferenztechnik.de\/wp-content\/uploads\/2023\/02\/ise2024-300x229.jpg 300w, https:\/\/konferenztechnik.de\/wp-content\/uploads\/2023\/02\/ise2024-768x585.jpg 768w\" sizes=\"(max-width: 1000px) 100vw, 1000px\" title=\"\">\t\t\t\t\t\t\t\t\t\t\t\t\t\t\t<\/div>\n\t\t\t\t<\/div>\n\t\t\t\t\t<\/div>\n\t\t\t\t<\/div>\n\t\t<div data-particle_enable=\"false\" data-particle-mobile-disabled=\"false\" class=\"elementor-element elementor-element-f0d1021 e-flex e-con-boxed e-con e-parent\" data-id=\"f0d1021\" data-element_type=\"container\">\n\t\t\t\t\t<div class=\"e-con-inner\">\n\t\t\t\t<div class=\"elementor-element elementor-element-ee287ce elementor-widget elementor-widget-shortcode\" data-id=\"ee287ce\" data-element_type=\"widget\" data-widget_type=\"shortcode.default\">\n\t\t\t\t<div class=\"elementor-widget-container\">\n\t\t\t\t\t\t\t<div class=\"elementor-shortcode\">\t\t<div data-elementor-type=\"container\" data-elementor-id=\"29098\" class=\"elementor elementor-29098\" data-elementor-post-type=\"elementor_library\">\n\t\t\t\t<div data-particle_enable=\"false\" data-particle-mobile-disabled=\"false\" class=\"elementor-element elementor-element-699d0d1a e-flex e-con-boxed e-con e-parent\" data-id=\"699d0d1a\" data-element_type=\"container\">\n\t\t\t\t\t<div class=\"e-con-inner\">\n\t\t\t\t<div class=\"elementor-element elementor-element-11f236ba elementor-widget elementor-widget-post-navigation\" data-id=\"11f236ba\" data-element_type=\"widget\" data-widget_type=\"post-navigation.default\">\n\t\t\t\t<div class=\"elementor-widget-container\">\n\t\t\t\t\t\t\t<div class=\"elementor-post-navigation\" role=\"navigation\" aria-label=\"Navega\u00e7\u00e3o de postagem\">\n\t\t\t<div class=\"elementor-post-navigation__prev elementor-post-navigation__link\">\n\t\t\t\t<a href=\"https:\/\/konferenztechnik.de\/pt\/tecnologia-de-interpretacao-e-de-conferencia-televisiva\/\" rel=\"prev\"><span class=\"post-navigation__arrow-wrapper post-navigation__arrow-prev\"><svg aria-hidden=\"true\" class=\"e-font-icon-svg e-fas-arrow-left\" viewbox=\"0 0 448 512\" xmlns=\"http:\/\/www.w3.org\/2000\/svg\"><path d=\"M257.5 445.1l-22.2 22.2c-9.4 9.4-24.6 9.4-33.9 0L7 273c-9.4-9.4-9.4-24.6 0-33.9L201.4 44.7c9.4-9.4 24.6-9.4 33.9 0l22.2 22.2c9.5 9.5 9.3 25-.4 34.3L136.6 216H424c13.3 0 24 10.7 24 24v32c0 13.3-10.7 24-24 24H136.6l120.5 114.8c9.8 9.3 10 24.8.4 34.3z\"><\/path><\/svg><span class=\"elementor-screen-only\">Anterior<\/span><\/span><span class=\"elementor-post-navigation__link__prev\"><span class=\"post-navigation__prev--label\">Anterior<\/span><span class=\"post-navigation__prev--title\">Televic \u2013 Tecnologia de interpreta\u00e7\u00e3o e confer\u00eancia<\/span><\/span><\/a>\t\t\t<\/div>\n\t\t\t\t\t\t<div class=\"elementor-post-navigation__next elementor-post-navigation__link\">\n\t\t\t\t<a href=\"https:\/\/konferenztechnik.de\/pt\/realizar-conferencias-com-as-equipas-de-em\/\" rel=\"next\"><span class=\"elementor-post-navigation__link__next\"><span class=\"post-navigation__next--label\">Seguinte<\/span><span class=\"post-navigation__next--title\">Realiza\u00e7\u00e3o de confer\u00eancias com o MS Teams<\/span><\/span><span class=\"post-navigation__arrow-wrapper post-navigation__arrow-next\"><svg aria-hidden=\"true\" class=\"e-font-icon-svg e-fas-arrow-right\" viewbox=\"0 0 448 512\" xmlns=\"http:\/\/www.w3.org\/2000\/svg\"><path d=\"M190.5 66.9l22.2-22.2c9.4-9.4 24.6-9.4 33.9 0L441 239c9.4 9.4 9.4 24.6 0 33.9L246.6 467.3c-9.4 9.4-24.6 9.4-33.9 0l-22.2-22.2c-9.5-9.5-9.3-25 .4-34.3L311.4 296H24c-13.3 0-24-10.7-24-24v-32c0-13.3 10.7-24 24-24h287.4L190.9 101.2c-9.8-9.3-10-24.8-.4-34.3z\"><\/path><\/svg><span class=\"elementor-screen-only\">Seguinte<\/span><\/span><\/a>\t\t\t<\/div>\n\t\t<\/div>\n\t\t\t\t\t\t<\/div>\n\t\t\t\t<\/div>\n\t\t\t\t<div class=\"elementor-element elementor-element-81a2b13 elementor-align-center elementor-icon-list--layout-traditional elementor-list-item-link-full_width elementor-widget elementor-widget-icon-list\" data-id=\"81a2b13\" data-element_type=\"widget\" data-widget_type=\"icon-list.default\">\n\t\t\t\t<div class=\"elementor-widget-container\">\n\t\t\t\t\t\t\t<ul class=\"elementor-icon-list-items\">\n\t\t\t\t\t\t\t<li class=\"elementor-icon-list-item\">\n\t\t\t\t\t\t\t\t\t\t\t<a href=\"\/pt\/noticias\/\">\n\n\t\t\t\t\t\t\t\t\t\t\t\t<span class=\"elementor-icon-list-icon\">\n\t\t\t\t\t\t\t<svg xmlns=\"http:\/\/www.w3.org\/2000\/svg\" id=\"uuid-5a27b650-727a-4659-9d92-75e42c38903b\" viewbox=\"0 0 19.67 14.54\"><g id=\"uuid-40aca98c-811b-43af-9bb7-b3a092d9bdfe\"><rect x=\".03\" width=\"6\" height=\"6\" rx=\"2\" ry=\"2\" style=\"fill:currentColor\"><\/rect><rect x=\"6.85\" width=\"6\" height=\"7.65\" rx=\"2\" ry=\"2\" style=\"fill:currentColor\"><\/rect><rect x=\"13.67\" width=\"6\" height=\"6.51\" rx=\"2\" ry=\"2\" style=\"fill:currentColor\"><\/rect><rect y=\"7\" width=\"6\" height=\"7.55\" rx=\"2\" ry=\"2\" style=\"fill:currentColor\"><\/rect><rect x=\"13.64\" y=\"7.22\" width=\"6\" height=\"7.33\" rx=\"2\" ry=\"2\" style=\"fill:currentColor\"><\/rect><rect x=\"6.82\" y=\"8.54\" width=\"6\" height=\"6\" rx=\"2\" ry=\"2\" style=\"fill:currentColor\"><\/rect><\/g><\/svg>\t\t\t\t\t\t<\/span>\n\t\t\t\t\t\t\t\t\t\t<span class=\"elementor-icon-list-text\"><\/span>\n\t\t\t\t\t\t\t\t\t\t\t<\/a>\n\t\t\t\t\t\t\t\t\t<\/li>\n\t\t\t\t\t\t<\/ul>\n\t\t\t\t\t\t<\/div>\n\t\t\t\t<\/div>\n\t\t\t\t\t<\/div>\n\t\t\t\t<\/div>\n\t\t\t\t<\/div>\n\t\t<\/div>\n\t\t\t\t\t\t<\/div>\n\t\t\t\t<\/div>\n\t\t\t\t\t<\/div>\n\t\t\t\t<\/div>\n\t\t\t\t<\/div>","protected":false},"excerpt":{"rendered":"<p>Revis\u00e3o da Integrated Systems Europe (ISE) 2023 Publicado: 26.02.2023 A ISE deste ano mostrou um novo foco em confer\u00eancias, trabalho h\u00edbrido e digital para muitos fabricantes. Quem foi \u00e0 feira encontrou-se de novo no pa\u00eds das maravilhas t\u00e9cnicas e n\u00e3o conseguiu parar de se maravilhar durante dias. Naturalmente, todos os f\u00e3s [...]<\/p>","protected":false},"author":1,"featured_media":21504,"comment_status":"closed","ping_status":"closed","sticky":false,"template":"","format":"standard","meta":{"_acf_changed":false,"footnotes":""},"categories":[2],"tags":[],"class_list":["post-20301","post","type-post","status-publish","format-standard","has-post-thumbnail","hentry","category-news"],"acf":[],"_links":{"self":[{"href":"https:\/\/konferenztechnik.de\/pt\/wp-json\/wp\/v2\/posts\/20301","targetHints":{"allow":["GET"]}}],"collection":[{"href":"https:\/\/konferenztechnik.de\/pt\/wp-json\/wp\/v2\/posts"}],"about":[{"href":"https:\/\/konferenztechnik.de\/pt\/wp-json\/wp\/v2\/types\/post"}],"author":[{"embeddable":true,"href":"https:\/\/konferenztechnik.de\/pt\/wp-json\/wp\/v2\/users\/1"}],"replies":[{"embeddable":true,"href":"https:\/\/konferenztechnik.de\/pt\/wp-json\/wp\/v2\/comments?post=20301"}],"version-history":[{"count":0,"href":"https:\/\/konferenztechnik.de\/pt\/wp-json\/wp\/v2\/posts\/20301\/revisions"}],"wp:featuredmedia":[{"embeddable":true,"href":"https:\/\/konferenztechnik.de\/pt\/wp-json\/wp\/v2\/media\/21504"}],"wp:attachment":[{"href":"https:\/\/konferenztechnik.de\/pt\/wp-json\/wp\/v2\/media?parent=20301"}],"wp:term":[{"taxonomy":"category","embeddable":true,"href":"https:\/\/konferenztechnik.de\/pt\/wp-json\/wp\/v2\/categories?post=20301"},{"taxonomy":"post_tag","embeddable":true,"href":"https:\/\/konferenztechnik.de\/pt\/wp-json\/wp\/v2\/tags?post=20301"}],"curies":[{"name":"wp","href":"https:\/\/api.w.org\/{rel}","templated":true}]}}