{"id":25145,"date":"2023-04-20T08:10:27","date_gmt":"2023-04-20T06:10:27","guid":{"rendered":"http:\/\/dev.konferenztechnik.de\/?p=25145"},"modified":"2023-06-30T12:35:35","modified_gmt":"2023-06-30T10:35:35","slug":"produtos-personalizados","status":"publish","type":"post","link":"https:\/\/konferenztechnik.de\/pt\/produtos-personalizados\/","title":{"rendered":"Produtos personalizados"},"content":{"rendered":"<div data-elementor-type=\"wp-post\" data-elementor-id=\"25145\" class=\"elementor elementor-25145\" data-elementor-post-type=\"post\">\n\t\t\t\t<div data-particle_enable=\"false\" data-particle-mobile-disabled=\"false\" class=\"elementor-element elementor-element-7e33ec7 e-flex e-con-boxed e-con e-parent\" data-id=\"7e33ec7\" data-element_type=\"container\">\n\t\t\t\t\t<div class=\"e-con-inner\">\n\t\t\t\t<div class=\"elementor-element elementor-element-d60f76d elementor-widget elementor-widget-heading\" data-id=\"d60f76d\" data-element_type=\"widget\" data-widget_type=\"heading.default\">\n\t\t\t\t<div class=\"elementor-widget-container\">\n\t\t\t\t\t<h1 class=\"elementor-heading-title elementor-size-default\">Produtos personalizados<\/h1>\t\t\t\t<\/div>\n\t\t\t\t<\/div>\n\t\t\t\t<div class=\"elementor-element elementor-element-03d8cb1 elementor-widget elementor-widget-image\" data-id=\"03d8cb1\" data-element_type=\"widget\" data-widget_type=\"image.default\">\n\t\t\t\t<div class=\"elementor-widget-container\">\n\t\t\t\t\t\t\t\t\t\t\t\t\t\t\t<img fetchpriority=\"high\" decoding=\"async\" width=\"1200\" height=\"450\" src=\"https:\/\/konferenztechnik.de\/wp-content\/uploads\/2016\/10\/rednerpult-sonderanfertigung.jpg\" class=\"attachment-full size-full wp-image-8473\" alt=\"\" srcset=\"https:\/\/konferenztechnik.de\/wp-content\/uploads\/2016\/10\/rednerpult-sonderanfertigung.jpg 1200w, https:\/\/konferenztechnik.de\/wp-content\/uploads\/2016\/10\/rednerpult-sonderanfertigung-300x113.jpg 300w, https:\/\/konferenztechnik.de\/wp-content\/uploads\/2016\/10\/rednerpult-sonderanfertigung-1024x384.jpg 1024w, https:\/\/konferenztechnik.de\/wp-content\/uploads\/2016\/10\/rednerpult-sonderanfertigung-768x288.jpg 768w\" sizes=\"(max-width: 1200px) 100vw, 1200px\" title=\"\">\t\t\t\t\t\t\t\t\t\t\t\t\t\t\t<\/div>\n\t\t\t\t<\/div>\n\t\t\t\t\t<\/div>\n\t\t\t\t<\/div>\n\t\t<div data-particle_enable=\"false\" data-particle-mobile-disabled=\"false\" class=\"elementor-element elementor-element-86b2ba7 e-flex e-con-boxed e-con e-parent\" data-id=\"86b2ba7\" data-element_type=\"container\">\n\t\t\t\t\t<div class=\"e-con-inner\">\n\t\t\t\t<div class=\"elementor-element elementor-element-ceafb5a elementor-widget__width-inherit elementor-widget elementor-widget-text-editor\" data-id=\"ceafb5a\" data-element_type=\"widget\" data-widget_type=\"text-editor.default\">\n\t\t\t\t<div class=\"elementor-widget-container\">\n\t\t\t\t\t\t\t\t\t<p>O nosso pessoal qualificado e a nossa oficina bem equipada est\u00e3o \u00e0 sua disposi\u00e7\u00e3o para assist\u00eancia p\u00f3s-venda, manuten\u00e7\u00e3o e repara\u00e7\u00f5es.<\/p><p>\u00a0<\/p>\t\t\t\t\t\t\t\t<\/div>\n\t\t\t\t<\/div>\n\t\t\t\t<div class=\"elementor-element elementor-element-695b139 elementor-widget elementor-widget-image\" data-id=\"695b139\" data-element_type=\"widget\" data-widget_type=\"image.default\">\n\t\t\t\t<div class=\"elementor-widget-container\">\n\t\t\t\t\t\t\t\t\t\t\t\t\t\t\t<img decoding=\"async\" width=\"800\" height=\"258\" src=\"https:\/\/konferenztechnik.de\/wp-content\/uploads\/2016\/10\/sonderanfertigungen-medientechnik-1024x330.jpg\" class=\"attachment-large size-large wp-image-8484\" alt=\"\" srcset=\"https:\/\/konferenztechnik.de\/wp-content\/uploads\/2016\/10\/sonderanfertigungen-medientechnik-1024x330.jpg 1024w, https:\/\/konferenztechnik.de\/wp-content\/uploads\/2016\/10\/sonderanfertigungen-medientechnik-300x97.jpg 300w, https:\/\/konferenztechnik.de\/wp-content\/uploads\/2016\/10\/sonderanfertigungen-medientechnik-768x248.jpg 768w, https:\/\/konferenztechnik.de\/wp-content\/uploads\/2016\/10\/sonderanfertigungen-medientechnik.jpg 1200w\" sizes=\"(max-width: 800px) 100vw, 800px\" title=\"\">\t\t\t\t\t\t\t\t\t\t\t\t\t\t\t<\/div>\n\t\t\t\t<\/div>\n\t\t\t\t<div class=\"elementor-element elementor-element-468e3ca elementor-widget__width-inherit elementor-widget elementor-widget-text-editor\" data-id=\"468e3ca\" data-element_type=\"widget\" data-widget_type=\"text-editor.default\">\n\t\t\t\t<div class=\"elementor-widget-container\">\n\t\t\t\t\t\t\t\t\t<p>Tamb\u00e9m criamos solu\u00e7\u00f5es personalizadas para instala\u00e7\u00f5es e vendas. Oferecemos solu\u00e7\u00f5es multim\u00e9dia personalizadas e de alta qualidade, adaptadas \u00e0s suas ideias, especifica\u00e7\u00f5es visuais e directrizes de design corporativo, planeadas pelos nossos engenheiros e implementadas com per\u00edcia.<\/p>\t\t\t\t\t\t\t\t<\/div>\n\t\t\t\t<\/div>\n\t\t\t\t<div class=\"elementor-element elementor-element-d7eebf9 elementor-widget elementor-widget-image\" data-id=\"d7eebf9\" data-element_type=\"widget\" data-widget_type=\"image.default\">\n\t\t\t\t<div class=\"elementor-widget-container\">\n\t\t\t\t\t\t\t\t\t\t\t\t\t\t\t<img decoding=\"async\" width=\"800\" height=\"258\" src=\"https:\/\/konferenztechnik.de\/wp-content\/uploads\/2016\/10\/medientechnik-sonderanfertigung-1024x330.jpg\" class=\"attachment-large size-large wp-image-8483\" alt=\"\" srcset=\"https:\/\/konferenztechnik.de\/wp-content\/uploads\/2016\/10\/medientechnik-sonderanfertigung-1024x330.jpg 1024w, https:\/\/konferenztechnik.de\/wp-content\/uploads\/2016\/10\/medientechnik-sonderanfertigung-300x97.jpg 300w, https:\/\/konferenztechnik.de\/wp-content\/uploads\/2016\/10\/medientechnik-sonderanfertigung-768x248.jpg 768w, https:\/\/konferenztechnik.de\/wp-content\/uploads\/2016\/10\/medientechnik-sonderanfertigung.jpg 1200w\" sizes=\"(max-width: 800px) 100vw, 800px\" title=\"\">\t\t\t\t\t\t\t\t\t\t\t\t\t\t\t<\/div>\n\t\t\t\t<\/div>\n\t\t<div data-particle_enable=\"false\" data-particle-mobile-disabled=\"false\" class=\"elementor-element elementor-element-e038596 e-flex e-con-boxed e-con e-parent\" data-id=\"e038596\" data-element_type=\"container\" data-settings=\"{&quot;background_background&quot;:&quot;classic&quot;}\">\n\t\t\t\t\t<div class=\"e-con-inner\">\n\t\t\t\t<div class=\"elementor-element elementor-element-170a92a elementor-widget elementor-widget-text-editor\" data-id=\"170a92a\" data-element_type=\"widget\" data-widget_type=\"text-editor.default\">\n\t\t\t\t<div class=\"elementor-widget-container\">\n\t\t\t\t\t\t\t\t\t<p>Os produtos personalizados nem sempre s\u00e3o apenas uma quest\u00e3o de exclusividade. T\u00eam tamb\u00e9m mais a ver com a conserva\u00e7\u00e3o de recursos. Muito pode ser adaptado e utilizado utilizando a impress\u00e3o 3D. Por exemplo, podemos criar unidades de mesa a partir de pain\u00e9is de parede ao mesmo tempo, com pouco refinamento, poupando assim material, rotas de entrega e dinheiro.\u00a0<\/p>\t\t\t\t\t\t\t\t<\/div>\n\t\t\t\t<\/div>\n\t\t\t\t<div class=\"elementor-element elementor-element-c182ef7 elementor-widget elementor-widget-image\" data-id=\"c182ef7\" data-element_type=\"widget\" data-widget_type=\"image.default\">\n\t\t\t\t<div class=\"elementor-widget-container\">\n\t\t\t\t\t\t\t\t\t\t\t\t\t\t\t<img loading=\"lazy\" decoding=\"async\" width=\"800\" height=\"400\" src=\"https:\/\/konferenztechnik.de\/wp-content\/uploads\/2023\/04\/3ddruck-konferenztechnik-1024x512.jpg\" class=\"attachment-large size-large wp-image-25443\" alt=\"Impress\u00e3o 3D de esbo\u00e7os\" srcset=\"https:\/\/konferenztechnik.de\/wp-content\/uploads\/2023\/04\/3ddruck-konferenztechnik-1024x512.jpg 1024w, https:\/\/konferenztechnik.de\/wp-content\/uploads\/2023\/04\/3ddruck-konferenztechnik-300x150.jpg 300w, https:\/\/konferenztechnik.de\/wp-content\/uploads\/2023\/04\/3ddruck-konferenztechnik-768x384.jpg 768w, https:\/\/konferenztechnik.de\/wp-content\/uploads\/2023\/04\/3ddruck-konferenztechnik-1536x768.jpg 1536w, https:\/\/konferenztechnik.de\/wp-content\/uploads\/2023\/04\/3ddruck-konferenztechnik-2048x1024.jpg 2048w, https:\/\/konferenztechnik.de\/wp-content\/uploads\/2023\/04\/3ddruck-konferenztechnik-18x9.jpg 18w\" sizes=\"(max-width: 800px) 100vw, 800px\" title=\"\">\t\t\t\t\t\t\t\t\t\t\t\t\t\t\t<\/div>\n\t\t\t\t<\/div>\n\t\t\t\t\t<\/div>\n\t\t\t\t<\/div>\n\t\t\t\t\t<\/div>\n\t\t\t\t<\/div>\n\t\t<div data-particle_enable=\"false\" data-particle-mobile-disabled=\"false\" class=\"elementor-element elementor-element-8636151 e-flex e-con-boxed e-con e-parent\" data-id=\"8636151\" data-element_type=\"container\">\n\t\t\t\t\t<div class=\"e-con-inner\">\n\t\t\t\t<div class=\"elementor-element elementor-element-aa17bd0 elementor-widget elementor-widget-shortcode\" data-id=\"aa17bd0\" data-element_type=\"widget\" data-widget_type=\"shortcode.default\">\n\t\t\t\t<div class=\"elementor-widget-container\">\n\t\t\t\t\t\t\t<div class=\"elementor-shortcode\"><\/div>\n\t\t\t\t\t\t<\/div>\n\t\t\t\t<\/div>\n\t\t\t\t\t<\/div>\n\t\t\t\t<\/div>\n\t\t<div data-particle_enable=\"false\" data-particle-mobile-disabled=\"false\" class=\"elementor-element elementor-element-7fff16d e-flex e-con-boxed e-con e-parent\" data-id=\"7fff16d\" data-element_type=\"container\">\n\t\t\t\t\t<div class=\"e-con-inner\">\n\t\t\t\t<div class=\"elementor-element elementor-element-8ab1492 elementor-widget elementor-widget-shortcode\" data-id=\"8ab1492\" data-element_type=\"widget\" data-widget_type=\"shortcode.default\">\n\t\t\t\t<div class=\"elementor-widget-container\">\n\t\t\t\t\t\t\t<div class=\"elementor-shortcode\"><\/div>\n\t\t\t\t\t\t<\/div>\n\t\t\t\t<\/div>\n\t\t\t\t\t<\/div>\n\t\t\t\t<\/div>\n\t\t\t\t<\/div>","protected":false},"excerpt":{"rendered":"<p>Sistemas de guia tur\u00edstico, sistemas de guia, sistemas whisper ou PFA, auscultadores, microfones, unidades de carregamento, malas de transporte, acess\u00f3rios<\/p>","protected":false},"author":2,"featured_media":25559,"comment_status":"closed","ping_status":"closed","sticky":false,"template":"","format":"standard","meta":{"_acf_changed":false,"footnotes":""},"categories":[39,21,20],"tags":[],"class_list":["post-25145","post","type-post","status-publish","format-standard","has-post-thumbnail","hentry","category-produkte","category-events","category-populaer"],"acf":[],"_links":{"self":[{"href":"https:\/\/konferenztechnik.de\/pt\/wp-json\/wp\/v2\/posts\/25145","targetHints":{"allow":["GET"]}}],"collection":[{"href":"https:\/\/konferenztechnik.de\/pt\/wp-json\/wp\/v2\/posts"}],"about":[{"href":"https:\/\/konferenztechnik.de\/pt\/wp-json\/wp\/v2\/types\/post"}],"author":[{"embeddable":true,"href":"https:\/\/konferenztechnik.de\/pt\/wp-json\/wp\/v2\/users\/2"}],"replies":[{"embeddable":true,"href":"https:\/\/konferenztechnik.de\/pt\/wp-json\/wp\/v2\/comments?post=25145"}],"version-history":[{"count":0,"href":"https:\/\/konferenztechnik.de\/pt\/wp-json\/wp\/v2\/posts\/25145\/revisions"}],"wp:featuredmedia":[{"embeddable":true,"href":"https:\/\/konferenztechnik.de\/pt\/wp-json\/wp\/v2\/media\/25559"}],"wp:attachment":[{"href":"https:\/\/konferenztechnik.de\/pt\/wp-json\/wp\/v2\/media?parent=25145"}],"wp:term":[{"taxonomy":"category","embeddable":true,"href":"https:\/\/konferenztechnik.de\/pt\/wp-json\/wp\/v2\/categories?post=25145"},{"taxonomy":"post_tag","embeddable":true,"href":"https:\/\/konferenztechnik.de\/pt\/wp-json\/wp\/v2\/tags?post=25145"}],"curies":[{"name":"wp","href":"https:\/\/api.w.org\/{rel}","templated":true}]}}