{"id":31603,"date":"2023-06-21T08:24:10","date_gmt":"2023-06-21T06:24:10","guid":{"rendered":"http:\/\/dev.konferenztechnik.de\/?p=31603"},"modified":"2023-12-11T14:31:10","modified_gmt":"2023-12-11T13:31:10","slug":"sistema-de-orientacao-pessoal-beyerdynamic-synexis","status":"publish","type":"post","link":"https:\/\/konferenztechnik.de\/pt\/sistema-de-orientacao-pessoal-beyerdynamic-synexis\/","title":{"rendered":"Sistema de orienta\u00e7\u00e3o de pessoas Beyerdynamic Synexis \u2013"},"content":{"rendered":"<div data-elementor-type=\"wp-post\" data-elementor-id=\"31603\" class=\"elementor elementor-31603\" data-elementor-post-type=\"post\">\n\t\t\t\t<div data-particle_enable=\"false\" data-particle-mobile-disabled=\"false\" class=\"elementor-element elementor-element-7cb3c26c e-flex e-con-boxed e-con e-parent\" data-id=\"7cb3c26c\" data-element_type=\"container\">\n\t\t\t\t\t<div class=\"e-con-inner\">\n\t\t\t\t<div class=\"elementor-element elementor-element-677344e8 elementor-widget elementor-widget-heading\" data-id=\"677344e8\" data-element_type=\"widget\" data-widget_type=\"heading.default\">\n\t\t\t\t<div class=\"elementor-widget-container\">\n\t\t\t\t\t<h1 class=\"elementor-heading-title elementor-size-default\">Sistema de orienta\u00e7\u00e3o de pessoas Beyerdynamic Synexis \u2013<\/h1>\t\t\t\t<\/div>\n\t\t\t\t<\/div>\n\t\t\t\t<div class=\"elementor-element elementor-element-c1b00c8 elementor-widget elementor-widget-image\" data-id=\"c1b00c8\" data-element_type=\"widget\" data-widget_type=\"image.default\">\n\t\t\t\t<div class=\"elementor-widget-container\">\n\t\t\t\t\t\t\t\t\t\t\t\t\t\t\t<img fetchpriority=\"high\" decoding=\"async\" width=\"1300\" height=\"485\" src=\"https:\/\/konferenztechnik.de\/wp-content\/uploads\/2023\/06\/beyerdynamicsynexis-fuehrungsanlage-jpg.webp\" class=\"attachment-full size-full wp-image-34634\" alt=\"Sistema de orienta\u00e7\u00e3o por r\u00e1dio Synexis do fabricante Beyerdynamic com um recetor e um recetor de um ouvido, um transmissor de m\u00e3o, um transmissor de bolso com microfone de fita para o pesco\u00e7o, bem como um estojo de carregamento e transporte para 30 receptores\" srcset=\"https:\/\/konferenztechnik.de\/wp-content\/uploads\/2023\/06\/beyerdynamicsynexis-fuehrungsanlage-jpg.webp 1300w, https:\/\/konferenztechnik.de\/wp-content\/uploads\/2023\/06\/beyerdynamicsynexis-fuehrungsanlage-300x112.webp 300w, https:\/\/konferenztechnik.de\/wp-content\/uploads\/2023\/06\/beyerdynamicsynexis-fuehrungsanlage-1024x382.webp 1024w, https:\/\/konferenztechnik.de\/wp-content\/uploads\/2023\/06\/beyerdynamicsynexis-fuehrungsanlage-768x287.webp 768w, https:\/\/konferenztechnik.de\/wp-content\/uploads\/2023\/06\/beyerdynamicsynexis-fuehrungsanlage-18x7.webp 18w\" sizes=\"(max-width: 1300px) 100vw, 1300px\" title=\"\">\t\t\t\t\t\t\t\t\t\t\t\t\t\t\t<\/div>\n\t\t\t\t<\/div>\n\t\t<div data-particle_enable=\"false\" data-particle-mobile-disabled=\"false\" class=\"elementor-element elementor-element-1514425 e-flex e-con-boxed e-con e-child\" data-id=\"1514425\" data-element_type=\"container\">\n\t\t\t\t\t<div class=\"e-con-inner\">\n\t\t\t\t<div class=\"elementor-element elementor-element-038c8e2 elementor-widget elementor-widget-button\" data-id=\"038c8e2\" data-element_type=\"widget\" data-widget_type=\"button.default\">\n\t\t\t\t<div class=\"elementor-widget-container\">\n\t\t\t\t\t\t\t\t\t<div class=\"elementor-button-wrapper\">\n\t\t\t\t\t<a class=\"elementor-button elementor-button-link elementor-size-lg\" href=\"#serviceteam\">\n\t\t\t\t\t\t<span class=\"elementor-button-content-wrapper\">\n\t\t\t\t\t\t<span class=\"elementor-button-icon\">\n\t\t\t\t<svg aria-hidden=\"true\" class=\"e-font-icon-svg e-far-arrow-alt-circle-down\" viewbox=\"0 0 512 512\" xmlns=\"http:\/\/www.w3.org\/2000\/svg\"><path d=\"M256 8C119 8 8 119 8 256s111 248 248 248 248-111 248-248S393 8 256 8zm0 448c-110.5 0-200-89.5-200-200S145.5 56 256 56s200 89.5 200 200-89.5 200-200 200zm-32-316v116h-67c-10.7 0-16 12.9-8.5 20.5l99 99c4.7 4.7 12.3 4.7 17 0l99-99c7.6-7.6 2.2-20.5-8.5-20.5h-67V140c0-6.6-5.4-12-12-12h-40c-6.6 0-12 5.4-12 12z\"><\/path><\/svg>\t\t\t<\/span>\n\t\t\t\t\t\t\t\t\t<span class=\"elementor-button-text\">Perguntar agora<\/span>\n\t\t\t\t\t<\/span>\n\t\t\t\t\t<\/a>\n\t\t\t\t<\/div>\n\t\t\t\t\t\t\t\t<\/div>\n\t\t\t\t<\/div>\n\t\t\t\t\t<\/div>\n\t\t\t\t<\/div>\n\t\t\t\t<div class=\"elementor-element elementor-element-6e629bc2 elementor-widget__width-inherit elementor-widget elementor-widget-text-editor\" data-id=\"6e629bc2\" data-element_type=\"widget\" data-widget_type=\"text-editor.default\">\n\t\t\t\t<div class=\"elementor-widget-container\">\n\t\t\t\t\t\t\t\t\t<p>Utiliza\u00e7\u00e3o polivalente: visitas guiadas, aplica\u00e7\u00f5es de interpreta\u00e7\u00e3o, apoio \u00e0 audi\u00e7\u00e3o ...<\/p>\t\t\t\t\t\t\t\t<\/div>\n\t\t\t\t<\/div>\n\t\t\t\t\t<\/div>\n\t\t\t\t<\/div>\n\t\t<div data-particle_enable=\"false\" data-particle-mobile-disabled=\"false\" class=\"elementor-element elementor-element-4c205cb7 e-flex e-con-boxed e-con e-parent\" data-id=\"4c205cb7\" data-element_type=\"container\">\n\t\t\t\t\t<div class=\"e-con-inner\">\n\t\t<div data-particle_enable=\"false\" data-particle-mobile-disabled=\"false\" class=\"elementor-element elementor-element-2c20645 e-flex e-con-boxed e-con e-child\" data-id=\"2c20645\" data-element_type=\"container\">\n\t\t\t\t\t<div class=\"e-con-inner\">\n\t\t\t\t<div class=\"dce-visibility-event elementor-element elementor-element-409659b elementor-align-left elementor-widget elementor-widget-button\" data-id=\"409659b\" data-element_type=\"widget\" data-settings=\"{&quot;enabled_visibility&quot;:&quot;yes&quot;,&quot;dce_visibility_selected&quot;:&quot;yes&quot;}\" data-widget_type=\"button.default\">\n\t\t\t\t<div class=\"elementor-widget-container\">\n\t\t\t\t\t\t\t\t\t<div class=\"elementor-button-wrapper\">\n\t\t\t\t\t<a class=\"elementor-button elementor-size-lg\" role=\"button\" id=\"Beyerdynamic Synexis \u2013 Personenf\u00fchrungsanlage\">\n\t\t\t\t\t\t<span class=\"elementor-button-content-wrapper\">\n\t\t\t\t\t\t\t\t\t<span class=\"elementor-button-text\">Aluguer<\/span>\n\t\t\t\t\t<\/span>\n\t\t\t\t\t<\/a>\n\t\t\t\t<\/div>\n\t\t\t\t\t\t\t\t<\/div>\n\t\t\t\t<\/div>\n\t\t<!-- dce invisible element 976935f --><!-- dce invisible element b5d20ec --><!-- dce invisible element 0bf70c5 -->\t\t\t<\/div>\n\t\t\t\t<\/div>\n\t\t\t\t<div class=\"elementor-element elementor-element-1b755e7e elementor-widget elementor-widget-heading\" data-id=\"1b755e7e\" data-element_type=\"widget\" data-settings=\"{&quot;_animation&quot;:&quot;none&quot;}\" data-widget_type=\"heading.default\">\n\t\t\t\t<div class=\"elementor-widget-container\">\n\t\t\t\t\t<h2 class=\"elementor-heading-title elementor-size-default\">Recetor de bolso SYNEXIS RP8<\/h2>\t\t\t\t<\/div>\n\t\t\t\t<\/div>\n\t\t\t\t<div class=\"elementor-element elementor-element-3c612c03 elementor-widget elementor-widget-image\" data-id=\"3c612c03\" data-element_type=\"widget\" data-widget_type=\"image.default\">\n\t\t\t\t<div class=\"elementor-widget-container\">\n\t\t\t\t\t\t\t\t\t\t\t\t\t\t\t<img decoding=\"async\" width=\"850\" height=\"562\" src=\"https:\/\/konferenztechnik.de\/wp-content\/uploads\/2018\/05\/Beyerdynamic-SYNEXIS-RP8-kaufen.jpg\" class=\"attachment-full size-full wp-image-13145\" alt=\"\" srcset=\"https:\/\/konferenztechnik.de\/wp-content\/uploads\/2018\/05\/Beyerdynamic-SYNEXIS-RP8-kaufen.jpg 850w, https:\/\/konferenztechnik.de\/wp-content\/uploads\/2018\/05\/Beyerdynamic-SYNEXIS-RP8-kaufen-300x198.jpg 300w, https:\/\/konferenztechnik.de\/wp-content\/uploads\/2018\/05\/Beyerdynamic-SYNEXIS-RP8-kaufen-768x508.jpg 768w\" sizes=\"(max-width: 850px) 100vw, 850px\" title=\"\">\t\t\t\t\t\t\t\t\t\t\t\t\t\t\t<\/div>\n\t\t\t\t<\/div>\n\t\t\t\t<div class=\"elementor-element elementor-element-5cbf9038 elementor-widget__width-inherit elementor-widget elementor-widget-text-editor\" data-id=\"5cbf9038\" data-element_type=\"widget\" data-widget_type=\"text-editor.default\">\n\t\t\t\t<div class=\"elementor-widget-container\">\n\t\t\t\t\t\t\t\t\t<p>O recetor de bolso Synexis RP8 \u00e9 ideal para visitas guiadas, confer\u00eancias ou aplica\u00e7\u00f5es de interpreta\u00e7\u00e3o multilingue. Auscultadores normais ou um la\u00e7o de indu\u00e7\u00e3o para pessoas com aparelhos auditivos podem ser ligados \u00e0 liga\u00e7\u00e3o mini jack (3,5 mm). O alcance \u00e9 de cerca de 100 metros com uma linha de vis\u00e3o entre o emissor e o recetor. As informa\u00e7\u00f5es sobre o canal, o estado das pilhas e a frequ\u00eancia s\u00e3o claramente apresentadas no ecr\u00e3. O recetor pode ser ligado a um clipe de cinto amov\u00edvel ou usado \u00e0 volta do pesco\u00e7o com um cord\u00e3o. O Synexis RP8 pode ser utilizado com duas pilhas recarreg\u00e1veis NiMH ou pilhas AA de 1,5 V.<\/p><p>\u00a0<\/p><p>1: Controlo do volume<\/p><p>2: Sa\u00edda mini jack<\/p><p>3: Bot\u00f5es de sele\u00e7\u00e3o de canais<\/p><p>1: O ecr\u00e3 LCD retroiluminado fornece informa\u00e7\u00f5es sobre o canal de rece\u00e7\u00e3o, o volume, o estado da bateria e a qualidade da rece\u00e7\u00e3o<\/p>\t\t\t\t\t\t\t\t<\/div>\n\t\t\t\t<\/div>\n\t\t\t\t<div class=\"elementor-element elementor-element-14303ff6 elementor-widget elementor-widget-heading\" data-id=\"14303ff6\" data-element_type=\"widget\" data-settings=\"{&quot;_animation&quot;:&quot;none&quot;}\" data-widget_type=\"heading.default\">\n\t\t\t\t<div class=\"elementor-widget-container\">\n\t\t\t\t\t<h2 class=\"elementor-heading-title elementor-size-default\">Transmissor de cinto SYNEXIS TP8<\/h2>\t\t\t\t<\/div>\n\t\t\t\t<\/div>\n\t\t\t\t<div class=\"elementor-element elementor-element-20b9de7 elementor-widget elementor-widget-image\" data-id=\"20b9de7\" data-element_type=\"widget\" data-widget_type=\"image.default\">\n\t\t\t\t<div class=\"elementor-widget-container\">\n\t\t\t\t\t\t\t\t\t\t\t\t\t\t\t<img decoding=\"async\" width=\"850\" height=\"562\" src=\"https:\/\/konferenztechnik.de\/wp-content\/uploads\/2018\/05\/TaschensenderSYNEXIS-TP8.jpg\" class=\"attachment-full size-full wp-image-13152\" alt=\"\" srcset=\"https:\/\/konferenztechnik.de\/wp-content\/uploads\/2018\/05\/TaschensenderSYNEXIS-TP8.jpg 850w, https:\/\/konferenztechnik.de\/wp-content\/uploads\/2018\/05\/TaschensenderSYNEXIS-TP8-300x198.jpg 300w, https:\/\/konferenztechnik.de\/wp-content\/uploads\/2018\/05\/TaschensenderSYNEXIS-TP8-768x508.jpg 768w\" sizes=\"(max-width: 850px) 100vw, 850px\" title=\"\">\t\t\t\t\t\t\t\t\t\t\t\t\t\t\t<\/div>\n\t\t\t\t<\/div>\n\t\t\t\t<div class=\"elementor-element elementor-element-6f82c135 elementor-widget__width-inherit elementor-widget elementor-widget-text-editor\" data-id=\"6f82c135\" data-element_type=\"widget\" data-widget_type=\"text-editor.default\">\n\t\t\t\t<div class=\"elementor-widget-container\">\n\t\t\t\t\t\t\t\t\t<p>O transmissor bodypack Synexis TP8 \u00e9 utilizado em conjunto com o recetor bodypack Synexis RP8 para visitas guiadas e confer\u00eancias. O alcance \u00e9 de aproximadamente 100 metros com linha de vis\u00e3o entre o transmissor e o recetor. Pode ser ligado um microfone \u00e0 liga\u00e7\u00e3o mini XLR de 4 pinos e pode ser ligada uma fonte de \u00e1udio externa \u00e0 liga\u00e7\u00e3o aux-in. Pode ser reproduzida m\u00fasica ou qualquer sinal \u00e1udio atrav\u00e9s da entrada AUX. O ecr\u00e3 OLED permite uma visualiza\u00e7\u00e3o muito f\u00e1cil do canal, do estado da bateria e da frequ\u00eancia. O transmissor \u00e9 alimentado por duas pilhas recarreg\u00e1veis NiMH ou por pilhas AA de 1,5 V.<\/p><p>1: Entrada Mini XLR<\/p><p>2: Bot\u00e3o de press\u00e3o para a fun\u00e7\u00e3o de silenciamento do microfone (muting)<\/p><p>3: Bot\u00f5es de sele\u00e7\u00e3o de canais<\/p><p>4: Ecr\u00e3 OLED (para visualiza\u00e7\u00e3o do canal, estado da bateria, frequ\u00eancia e<br \/>Fun\u00e7\u00e3o de bloqueio de sele\u00e7\u00e3o de canais)<\/p><p>5: Entrada de linha (para ligar uma fonte de sinal \u00e1udio, por exemplo, um leitor de MP3),<br \/>Tomada est\u00e9reo de 3,5 mm)<\/p><p>\u00a0<\/p><p>Para al\u00e9m de diferentes microfones e auscultadores, podem ser ligadas fontes de som adicionais e alimentadas atrav\u00e9s da entrada separada. Esta fun\u00e7\u00e3o de mistura permite, por exemplo, a introdu\u00e7\u00e3o de m\u00fasica ou de um segundo transmissor para comunica\u00e7\u00e3o bidirecional.<\/p>\t\t\t\t\t\t\t\t<\/div>\n\t\t\t\t<\/div>\n\t\t\t\t<div class=\"elementor-element elementor-element-63efe3c0 elementor-widget elementor-widget-heading\" data-id=\"63efe3c0\" data-element_type=\"widget\" data-settings=\"{&quot;_animation&quot;:&quot;none&quot;}\" data-widget_type=\"heading.default\">\n\t\t\t\t<div class=\"elementor-widget-container\">\n\t\t\t\t\t<h2 class=\"elementor-heading-title elementor-size-default\">Transmissor de m\u00e3o SYNEXIS TH8<\/h2>\t\t\t\t<\/div>\n\t\t\t\t<\/div>\n\t\t\t\t<div class=\"elementor-element elementor-element-6e2a0b24 elementor-widget elementor-widget-image\" data-id=\"6e2a0b24\" data-element_type=\"widget\" data-widget_type=\"image.default\">\n\t\t\t\t<div class=\"elementor-widget-container\">\n\t\t\t\t\t\t\t\t\t\t\t\t\t\t\t<img loading=\"lazy\" decoding=\"async\" width=\"850\" height=\"562\" src=\"https:\/\/konferenztechnik.de\/wp-content\/uploads\/2018\/05\/Handsender-SYNEXIS-TH8.jpg\" class=\"attachment-full size-full wp-image-13154\" alt=\"\" srcset=\"https:\/\/konferenztechnik.de\/wp-content\/uploads\/2018\/05\/Handsender-SYNEXIS-TH8.jpg 850w, https:\/\/konferenztechnik.de\/wp-content\/uploads\/2018\/05\/Handsender-SYNEXIS-TH8-300x198.jpg 300w, https:\/\/konferenztechnik.de\/wp-content\/uploads\/2018\/05\/Handsender-SYNEXIS-TH8-768x508.jpg 768w\" sizes=\"(max-width: 850px) 100vw, 850px\" title=\"\">\t\t\t\t\t\t\t\t\t\t\t\t\t\t\t<\/div>\n\t\t\t\t<\/div>\n\t\t\t\t<div class=\"elementor-element elementor-element-7f1870ee elementor-widget__width-inherit elementor-widget elementor-widget-text-editor\" data-id=\"7f1870ee\" data-element_type=\"widget\" data-widget_type=\"text-editor.default\">\n\t\t\t\t<div class=\"elementor-widget-container\">\n\t\t\t\t\t\t\t\t\t<p>O transmissor port\u00e1til Synexis TH8 em combina\u00e7\u00e3o com o recetor Synexis RP8 bodypack \u00e9 ideal para visitas guiadas, confer\u00eancias ou interpreta\u00e7\u00e3o sussurrada. O alcance \u00e9 de aproximadamente 100 metros com linha de vis\u00e3o entre o transmissor e o recetor. O microfone com cancelamento de ru\u00eddo com carater\u00edstica cardioide bloqueia eficazmente o ru\u00eddo de fundo. A prote\u00e7\u00e3o contra ru\u00eddos\/ecr\u00e3 de vento integrada tamb\u00e9m garante uma inteligibilidade de discurso \u00f3ptima. Um interrutor pode ser utilizado para ajustar a sensibilidade do microfone para comunica\u00e7\u00e3o a curta ou longa dist\u00e2ncia. O transmissor \u00e9 alimentado por duas pilhas recarreg\u00e1veis NiMH ou por pilhas AA de 1,5 V. O ecr\u00e3 mostra o canal, o estado das pilhas e a frequ\u00eancia de forma muito clara. O transmissor tamb\u00e9m pode ser usado \u00e0 volta do pesco\u00e7o com uma correia de pesco\u00e7o opcional para manter as m\u00e3os livres.<\/p><p>\u00a0<\/p><p>1: Bot\u00e3o com fun\u00e7\u00e3o de silenciamento e LED para o estado de silenciamento e de carregamento<\/p><p>2: Bot\u00f5es de seta para sele\u00e7\u00e3o de canais e visualiza\u00e7\u00e3o de frequ\u00eancias<\/p><p>3: Ecr\u00e3 OLED para visualiza\u00e7\u00e3o do estado da bateria, canal, frequ\u00eancia e<br \/>Fun\u00e7\u00e3o de silenciamento<\/p><p>4: Bot\u00e3o ligar\/desligar e definir<\/p>\t\t\t\t\t\t\t\t<\/div>\n\t\t\t\t<\/div>\n\t\t\t\t<div class=\"elementor-element elementor-element-82f7281 elementor-widget elementor-widget-heading\" data-id=\"82f7281\" data-element_type=\"widget\" data-settings=\"{&quot;_animation&quot;:&quot;none&quot;}\" data-widget_type=\"heading.default\">\n\t\t\t\t<div class=\"elementor-widget-container\">\n\t\t\t\t\t<h2 class=\"elementor-heading-title elementor-size-default\">Transmissor fixo SYNEXIS TS8<\/h2>\t\t\t\t<\/div>\n\t\t\t\t<\/div>\n\t\t\t\t<div class=\"elementor-element elementor-element-15388e32 elementor-widget elementor-widget-image\" data-id=\"15388e32\" data-element_type=\"widget\" data-widget_type=\"image.default\">\n\t\t\t\t<div class=\"elementor-widget-container\">\n\t\t\t\t\t\t\t\t\t\t\t\t\t\t\t<img loading=\"lazy\" decoding=\"async\" width=\"850\" height=\"562\" src=\"https:\/\/konferenztechnik.de\/wp-content\/uploads\/2018\/05\/Sender-SYNEXIS-TS8.jpg\" class=\"attachment-full size-full wp-image-13156\" alt=\"\" srcset=\"https:\/\/konferenztechnik.de\/wp-content\/uploads\/2018\/05\/Sender-SYNEXIS-TS8.jpg 850w, https:\/\/konferenztechnik.de\/wp-content\/uploads\/2018\/05\/Sender-SYNEXIS-TS8-300x198.jpg 300w, https:\/\/konferenztechnik.de\/wp-content\/uploads\/2018\/05\/Sender-SYNEXIS-TS8-768x508.jpg 768w\" sizes=\"(max-width: 850px) 100vw, 850px\" title=\"\">\t\t\t\t\t\t\t\t\t\t\t\t\t\t\t<\/div>\n\t\t\t\t<\/div>\n\t\t\t\t<div class=\"elementor-element elementor-element-78ed85b1 elementor-widget__width-inherit elementor-widget elementor-widget-text-editor\" data-id=\"78ed85b1\" data-element_type=\"widget\" data-widget_type=\"text-editor.default\">\n\t\t\t\t<div class=\"elementor-widget-container\">\n\t\t\t\t\t\t\t\t\t<p>O transmissor fixo Synexis TS8 \u00e9 utilizado em conjunto com o recetor bodypack Synexis RP8. O transmissor fixo \u00e9 adequado para v\u00e1rias aplica\u00e7\u00f5es: em confer\u00eancias, por exemplo, podem ser transmitidas v\u00e1rias l\u00ednguas em simult\u00e2neo. Em alternativa, podem ser feitos an\u00fancios e explica\u00e7\u00f5es atrav\u00e9s de um microfone ligado. A m\u00fasica ou qualquer sinal \u00e1udio pode ser transmitido atrav\u00e9s de um leitor de MP3 ou CD. O alcance tamb\u00e9m \u00e9 de cerca de 100 metros com uma linha de vis\u00e3o entre o emissor e o recetor. O emissor \u00e9 alimentado pelo adaptador de rede fornecido. A vasta gama de acess\u00f3rios inclu\u00eddos no \u00e2mbito da entrega permite que o transmissor fixo seja instalado num bastidor ou caixa de 19\u2033 e que a antena seja fixada na parte da frente.<\/p><p>1: Controlo do n\u00edvel de entrada principal<\/p><p>2: Controlo do n\u00edvel de entrada auxiliar<\/p><p>3: Visor OLED, sele\u00e7\u00e3o de canais<\/p><p>4: Controlo do n\u00edvel dos auscultadores<\/p><p>5: Entrada\/sa\u00edda AUX<\/p><p>6: Entrada principal (equilibrada\/n\u00e3o equilibrada)<\/p>\t\t\t\t\t\t\t\t<\/div>\n\t\t\t\t<\/div>\n\t\t\t\t<div class=\"elementor-element elementor-element-7890e476 elementor-widget elementor-widget-heading\" data-id=\"7890e476\" data-element_type=\"widget\" data-settings=\"{&quot;_animation&quot;:&quot;none&quot;}\" data-widget_type=\"heading.default\">\n\t\t\t\t<div class=\"elementor-widget-container\">\n\t\t\t\t\t<h2 class=\"elementor-heading-title elementor-size-default\">Carregador SYNEXIS C10<\/h2>\t\t\t\t<\/div>\n\t\t\t\t<\/div>\n\t\t\t\t<div class=\"elementor-element elementor-element-35b2d0c3 elementor-widget elementor-widget-image\" data-id=\"35b2d0c3\" data-element_type=\"widget\" data-widget_type=\"image.default\">\n\t\t\t\t<div class=\"elementor-widget-container\">\n\t\t\t\t\t\t\t\t\t\t\t\t\t\t\t<img loading=\"lazy\" decoding=\"async\" width=\"850\" height=\"562\" src=\"https:\/\/konferenztechnik.de\/wp-content\/uploads\/2018\/05\/Ladegeraet-SYNEXIS-C10.jpg\" class=\"attachment-full size-full wp-image-13160\" alt=\"\" srcset=\"https:\/\/konferenztechnik.de\/wp-content\/uploads\/2018\/05\/Ladegeraet-SYNEXIS-C10.jpg 850w, https:\/\/konferenztechnik.de\/wp-content\/uploads\/2018\/05\/Ladegeraet-SYNEXIS-C10-300x198.jpg 300w, https:\/\/konferenztechnik.de\/wp-content\/uploads\/2018\/05\/Ladegeraet-SYNEXIS-C10-768x508.jpg 768w\" sizes=\"(max-width: 850px) 100vw, 850px\" title=\"\">\t\t\t\t\t\t\t\t\t\t\t\t\t\t\t<\/div>\n\t\t\t\t<\/div>\n\t\t\t\t<div class=\"elementor-element elementor-element-5bec668c elementor-widget__width-inherit elementor-widget elementor-widget-text-editor\" data-id=\"5bec668c\" data-element_type=\"widget\" data-widget_type=\"text-editor.default\">\n\t\t\t\t<div class=\"elementor-widget-container\">\n\t\t\t\t\t\t\t\t\t<p>O carregador Synexis C10 oferece 10 ranhuras de carregamento para transmissores bodypack Synexis TP8 ou receptores bodypack RP8, se estiverem equipados com baterias recarreg\u00e1veis NiMH. O estado de carga das baterias \u00e9 apresentado atrav\u00e9s de um LED no respetivo transmissor ou recetor.<\/p><ul><li>Dez ranhuras de carregamento para receptores\/transmissores de bolso<\/li><li>Liga\u00e7\u00e3o \u00e0 rede el\u00e9ctrica, em cascata<\/li><li>LED para indicador de funcionamento<\/li><li>Caixa met\u00e1lica robusta, 19\u2033, 3 U<\/li><\/ul><p>Synexis SG24: Arm\u00e1rio de 19\u2033\/24 U de instala\u00e7\u00e3o no solo O arm\u00e1rio de 19\u2033 SG 24 de instala\u00e7\u00e3o no solo com porta bloque\u00e1vel<\/p>\t\t\t\t\t\t\t\t<\/div>\n\t\t\t\t<\/div>\n\t\t\t\t<div class=\"elementor-element elementor-element-7387a4f elementor-widget elementor-widget-heading\" data-id=\"7387a4f\" data-element_type=\"widget\" data-settings=\"{&quot;_animation&quot;:&quot;none&quot;}\" data-widget_type=\"heading.default\">\n\t\t\t\t<div class=\"elementor-widget-container\">\n\t\t\t\t\t<h2 class=\"elementor-heading-title elementor-size-default\">Acess\u00f3rios SYNEXIS<\/h2>\t\t\t\t<\/div>\n\t\t\t\t<\/div>\n\t\t\t\t<div class=\"elementor-element elementor-element-35c3eb06 elementor-widget elementor-widget-image\" data-id=\"35c3eb06\" data-element_type=\"widget\" data-widget_type=\"image.default\">\n\t\t\t\t<div class=\"elementor-widget-container\">\n\t\t\t\t\t\t\t\t\t\t\t\t\t\t\t<img loading=\"lazy\" decoding=\"async\" width=\"850\" height=\"562\" src=\"https:\/\/konferenztechnik.de\/wp-content\/uploads\/2018\/05\/fuehrungsanlage-zueboer-kaufen.jpg\" class=\"attachment-full size-full wp-image-13162\" alt=\"\" srcset=\"https:\/\/konferenztechnik.de\/wp-content\/uploads\/2018\/05\/fuehrungsanlage-zueboer-kaufen.jpg 850w, https:\/\/konferenztechnik.de\/wp-content\/uploads\/2018\/05\/fuehrungsanlage-zueboer-kaufen-300x198.jpg 300w, https:\/\/konferenztechnik.de\/wp-content\/uploads\/2018\/05\/fuehrungsanlage-zueboer-kaufen-768x508.jpg 768w\" sizes=\"(max-width: 850px) 100vw, 850px\" title=\"\">\t\t\t\t\t\t\t\t\t\t\t\t\t\t\t<\/div>\n\t\t\t\t<\/div>\n\t\t\t\t<div class=\"elementor-element elementor-element-e29b861 elementor-widget elementor-widget-image\" data-id=\"e29b861\" data-element_type=\"widget\" data-widget_type=\"image.default\">\n\t\t\t\t<div class=\"elementor-widget-container\">\n\t\t\t\t\t\t\t\t\t\t\t\t\t\t\t<img loading=\"lazy\" decoding=\"async\" width=\"850\" height=\"562\" src=\"https:\/\/konferenztechnik.de\/wp-content\/uploads\/2018\/05\/synexis-ladekoffer.jpg\" class=\"attachment-full size-full wp-image-13163\" alt=\"\" srcset=\"https:\/\/konferenztechnik.de\/wp-content\/uploads\/2018\/05\/synexis-ladekoffer.jpg 850w, https:\/\/konferenztechnik.de\/wp-content\/uploads\/2018\/05\/synexis-ladekoffer-300x198.jpg 300w, https:\/\/konferenztechnik.de\/wp-content\/uploads\/2018\/05\/synexis-ladekoffer-768x508.jpg 768w\" sizes=\"(max-width: 850px) 100vw, 850px\" title=\"\">\t\t\t\t\t\t\t\t\t\t\t\t\t\t\t<\/div>\n\t\t\t\t<\/div>\n\t\t\t\t<div class=\"elementor-element elementor-element-4ee065e4 elementor-widget__width-inherit elementor-widget elementor-widget-text-editor\" data-id=\"4ee065e4\" data-element_type=\"widget\" data-widget_type=\"text-editor.default\">\n\t\t\t\t<div class=\"elementor-widget-container\">\n\t\t\t\t\t\t\t\t\t<p>Est\u00e1 dispon\u00edvel uma vasta gama de acess\u00f3rios para a fam\u00edlia de produtos SYNEXIS:<\/p><p>DT1 auricular \u00fanico<br \/>Funda de indu\u00e7\u00e3o IL 200<br \/>Mala de transporte e carregamento SYNEXIS C20<br \/>Mala de transporte e carregamento SYNEXIS C30<\/p><p><br \/>...e muito mais.<\/p><p>Os receptores e transmissores tamb\u00e9m podem ser combinados com auscultadores e microfones de outros fabricantes ou integrados em sistemas de confer\u00eancia existentes. Basta contactar-nos, teremos todo o gosto em aconselh\u00e1-lo.<\/p>\t\t\t\t\t\t\t\t<\/div>\n\t\t\t\t<\/div>\n\t\t\t\t\t<\/div>\n\t\t\t\t<\/div>\n\t\t<div data-particle_enable=\"false\" data-particle-mobile-disabled=\"false\" class=\"elementor-element elementor-element-2b658d3 e-flex e-con-boxed e-con e-parent\" data-id=\"2b658d3\" data-element_type=\"container\">\n\t\t\t\t\t<div class=\"e-con-inner\">\n\t\t\t\t<div class=\"elementor-element elementor-element-c3d01fd elementor-widget elementor-widget-heading\" data-id=\"c3d01fd\" data-element_type=\"widget\" data-settings=\"{&quot;_animation&quot;:&quot;none&quot;}\" data-widget_type=\"heading.default\">\n\t\t\t\t<div class=\"elementor-widget-container\">\n\t\t\t\t\t<h2 class=\"elementor-heading-title elementor-size-default\">Pontos fortes, caracter\u00edsticas especiais<\/h2>\t\t\t\t<\/div>\n\t\t\t\t<\/div>\n\t\t\t\t<div class=\"elementor-element elementor-element-22719d9 elementor-icon-list--layout-traditional elementor-list-item-link-full_width elementor-widget elementor-widget-icon-list\" data-id=\"22719d9\" data-element_type=\"widget\" data-widget_type=\"icon-list.default\">\n\t\t\t\t<div class=\"elementor-widget-container\">\n\t\t\t\t\t\t\t<ul class=\"elementor-icon-list-items\">\n\t\t\t\t\t\t\t<li class=\"elementor-icon-list-item\">\n\t\t\t\t\t\t\t\t\t\t\t<span class=\"elementor-icon-list-icon\">\n\t\t\t\t\t\t\t<svg aria-hidden=\"true\" class=\"e-font-icon-svg e-fas-plus-circle\" viewbox=\"0 0 512 512\" xmlns=\"http:\/\/www.w3.org\/2000\/svg\"><path d=\"M256 8C119 8 8 119 8 256s111 248 248 248 248-111 248-248S393 8 256 8zm144 276c0 6.6-5.4 12-12 12h-92v92c0 6.6-5.4 12-12 12h-56c-6.6 0-12-5.4-12-12v-92h-92c-6.6 0-12-5.4-12-12v-56c0-6.6 5.4-12 12-12h92v-92c0-6.6 5.4-12 12-12h56c6.6 0 12 5.4 12 12v92h92c6.6 0 12 5.4 12 12v56z\"><\/path><\/svg>\t\t\t\t\t\t<\/span>\n\t\t\t\t\t\t\t\t\t\t<span class=\"elementor-icon-list-text\">polivalente de qualidade superior<\/span>\n\t\t\t\t\t\t\t\t\t<\/li>\n\t\t\t\t\t\t\t\t<li class=\"elementor-icon-list-item\">\n\t\t\t\t\t\t\t\t\t\t\t<span class=\"elementor-icon-list-icon\">\n\t\t\t\t\t\t\t<svg aria-hidden=\"true\" class=\"e-font-icon-svg e-fas-plus-circle\" viewbox=\"0 0 512 512\" xmlns=\"http:\/\/www.w3.org\/2000\/svg\"><path d=\"M256 8C119 8 8 119 8 256s111 248 248 248 248-111 248-248S393 8 256 8zm144 276c0 6.6-5.4 12-12 12h-92v92c0 6.6-5.4 12-12 12h-56c-6.6 0-12-5.4-12-12v-92h-92c-6.6 0-12-5.4-12-12v-56c0-6.6 5.4-12 12-12h92v-92c0-6.6 5.4-12 12-12h56c6.6 0 12 5.4 12 12v92h92c6.6 0 12 5.4 12 12v56z\"><\/path><\/svg>\t\t\t\t\t\t<\/span>\n\t\t\t\t\t\t\t\t\t\t<span class=\"elementor-icon-list-text\">Utiliza\u00e7\u00e3o simples e intuitiva<\/span>\n\t\t\t\t\t\t\t\t\t<\/li>\n\t\t\t\t\t\t<\/ul>\n\t\t\t\t\t\t<\/div>\n\t\t\t\t<\/div>\n\t\t\t\t\t<\/div>\n\t\t\t\t<\/div>\n\t\t<div data-particle_enable=\"false\" data-particle-mobile-disabled=\"false\" class=\"elementor-element elementor-element-1d11bf7a e-flex e-con-boxed e-con e-parent\" data-id=\"1d11bf7a\" data-element_type=\"container\">\n\t\t\t\t\t<div class=\"e-con-inner\">\n\t\t<div data-particle_enable=\"false\" data-particle-mobile-disabled=\"false\" class=\"elementor-element elementor-element-6a35713d e-flex e-con-boxed e-con e-child\" data-id=\"6a35713d\" data-element_type=\"container\">\n\t\t\t\t\t<div class=\"e-con-inner\">\n\t\t\t\t<div class=\"elementor-element elementor-element-6da85c8a elementor-widget elementor-widget-shortcode\" data-id=\"6da85c8a\" data-element_type=\"widget\" data-widget_type=\"shortcode.default\">\n\t\t\t\t<div class=\"elementor-widget-container\">\n\t\t\t\t\t\t\t<div class=\"elementor-shortcode\"><\/div>\n\t\t\t\t\t\t<\/div>\n\t\t\t\t<\/div>\n\t\t\t\t\t<\/div>\n\t\t\t\t<\/div>\n\t\t\t\t\t<\/div>\n\t\t\t\t<\/div>\n\t\t<div data-particle_enable=\"false\" data-particle-mobile-disabled=\"false\" class=\"elementor-element elementor-element-5b3b5cb8 e-flex e-con-boxed e-con e-parent\" data-id=\"5b3b5cb8\" data-element_type=\"container\">\n\t\t\t\t\t<div class=\"e-con-inner\">\n\t\t\t\t<div class=\"elementor-element elementor-element-b35345b elementor-widget elementor-widget-shortcode\" data-id=\"b35345b\" data-element_type=\"widget\" data-widget_type=\"shortcode.default\">\n\t\t\t\t<div class=\"elementor-widget-container\">\n\t\t\t\t\t\t\t<div class=\"elementor-shortcode\"><\/div>\n\t\t\t\t\t\t<\/div>\n\t\t\t\t<\/div>\n\t\t\t\t\t<\/div>\n\t\t\t\t<\/div>\n\t\t<div data-particle_enable=\"false\" data-particle-mobile-disabled=\"false\" class=\"elementor-element elementor-element-7a105e7 e-flex e-con-boxed e-con e-parent\" data-id=\"7a105e7\" data-element_type=\"container\">\n\t\t\t\t\t<div class=\"e-con-inner\">\n\t\t\t\t<div class=\"elementor-element elementor-element-8e3f3e5 elementor-icon-list--layout-traditional elementor-list-item-link-full_width elementor-widget elementor-widget-icon-list\" data-id=\"8e3f3e5\" data-element_type=\"widget\" data-widget_type=\"icon-list.default\">\n\t\t\t\t<div class=\"elementor-widget-container\">\n\t\t\t\t\t\t\t<ul class=\"elementor-icon-list-items\">\n\t\t\t\t\t\t\t<li class=\"elementor-icon-list-item\">\n\t\t\t\t\t\t\t\t\t\t\t<a href=\"\/pt\/sistemas-de-orientacao-pessoal-alugar-comprar-instalar\/\">\n\n\t\t\t\t\t\t\t\t\t\t\t\t<span class=\"elementor-icon-list-icon\">\n\t\t\t\t\t\t\t<svg aria-hidden=\"true\" class=\"e-font-icon-svg e-fas-grip-horizontal\" viewbox=\"0 0 448 512\" xmlns=\"http:\/\/www.w3.org\/2000\/svg\"><path d=\"M96 288H32c-17.67 0-32 14.33-32 32v64c0 17.67 14.33 32 32 32h64c17.67 0 32-14.33 32-32v-64c0-17.67-14.33-32-32-32zm160 0h-64c-17.67 0-32 14.33-32 32v64c0 17.67 14.33 32 32 32h64c17.67 0 32-14.33 32-32v-64c0-17.67-14.33-32-32-32zm160 0h-64c-17.67 0-32 14.33-32 32v64c0 17.67 14.33 32 32 32h64c17.67 0 32-14.33 32-32v-64c0-17.67-14.33-32-32-32zM96 96H32c-17.67 0-32 14.33-32 32v64c0 17.67 14.33 32 32 32h64c17.67 0 32-14.33 32-32v-64c0-17.67-14.33-32-32-32zm160 0h-64c-17.67 0-32 14.33-32 32v64c0 17.67 14.33 32 32 32h64c17.67 0 32-14.33 32-32v-64c0-17.67-14.33-32-32-32zm160 0h-64c-17.67 0-32 14.33-32 32v64c0 17.67 14.33 32 32 32h64c17.67 0 32-14.33 32-32v-64c0-17.67-14.33-32-32-32z\"><\/path><\/svg>\t\t\t\t\t\t<\/span>\n\t\t\t\t\t\t\t\t\t\t<span class=\"elementor-icon-list-text\">Todos os sistemas de orienta\u00e7\u00e3o dos passageiros<\/span>\n\t\t\t\t\t\t\t\t\t\t\t<\/a>\n\t\t\t\t\t\t\t\t\t<\/li>\n\t\t\t\t\t\t<\/ul>\n\t\t\t\t\t\t<\/div>\n\t\t\t\t<\/div>\n\t\t\t\t\t<\/div>\n\t\t\t\t<\/div>\n\t\t\t\t<\/div>","protected":false},"excerpt":{"rendered":"<p>Utiliza\u00e7\u00e3o polivalente: visitas guiadas, aplica\u00e7\u00f5es de interpreta\u00e7\u00e3o, apoio \u00e0 audi\u00e7\u00e3o ...<\/p>","protected":false},"author":2,"featured_media":31621,"comment_status":"closed","ping_status":"closed","sticky":false,"template":"","format":"standard","meta":{"_acf_changed":false,"footnotes":""},"categories":[39],"tags":[],"class_list":["post-31603","post","type-post","status-publish","format-standard","has-post-thumbnail","hentry","category-produkte"],"acf":[],"_links":{"self":[{"href":"https:\/\/konferenztechnik.de\/pt\/wp-json\/wp\/v2\/posts\/31603","targetHints":{"allow":["GET"]}}],"collection":[{"href":"https:\/\/konferenztechnik.de\/pt\/wp-json\/wp\/v2\/posts"}],"about":[{"href":"https:\/\/konferenztechnik.de\/pt\/wp-json\/wp\/v2\/types\/post"}],"author":[{"embeddable":true,"href":"https:\/\/konferenztechnik.de\/pt\/wp-json\/wp\/v2\/users\/2"}],"replies":[{"embeddable":true,"href":"https:\/\/konferenztechnik.de\/pt\/wp-json\/wp\/v2\/comments?post=31603"}],"version-history":[{"count":0,"href":"https:\/\/konferenztechnik.de\/pt\/wp-json\/wp\/v2\/posts\/31603\/revisions"}],"wp:featuredmedia":[{"embeddable":true,"href":"https:\/\/konferenztechnik.de\/pt\/wp-json\/wp\/v2\/media\/31621"}],"wp:attachment":[{"href":"https:\/\/konferenztechnik.de\/pt\/wp-json\/wp\/v2\/media?parent=31603"}],"wp:term":[{"taxonomy":"category","embeddable":true,"href":"https:\/\/konferenztechnik.de\/pt\/wp-json\/wp\/v2\/categories?post=31603"},{"taxonomy":"post_tag","embeddable":true,"href":"https:\/\/konferenztechnik.de\/pt\/wp-json\/wp\/v2\/tags?post=31603"}],"curies":[{"name":"wp","href":"https:\/\/api.w.org\/{rel}","templated":true}]}}