{"id":32645,"date":"2022-06-26T09:59:00","date_gmt":"2022-06-26T07:59:00","guid":{"rendered":"http:\/\/dev.konferenztechnik.de\/?p=32645"},"modified":"2023-06-26T11:33:41","modified_gmt":"2023-06-26T09:33:41","slug":"medidas-e-potencialidades-da-av-verde-e-da-it-verde","status":"publish","type":"post","link":"https:\/\/konferenztechnik.de\/pt\/medidas-e-potencialidades-da-av-verde-e-da-it-verde\/","title":{"rendered":"AV verde e TI verde: medidas e potencial"},"content":{"rendered":"<div data-elementor-type=\"wp-post\" data-elementor-id=\"32645\" class=\"elementor elementor-32645\" data-elementor-post-type=\"post\">\n\t\t\t\t<div data-particle_enable=\"false\" data-particle-mobile-disabled=\"false\" class=\"elementor-element elementor-element-eab24c3 e-flex e-con-boxed e-con e-parent\" data-id=\"eab24c3\" data-element_type=\"container\">\n\t\t\t\t\t<div class=\"e-con-inner\">\n\t\t\t\t<div class=\"elementor-element elementor-element-8368988 elementor-widget elementor-widget-heading\" data-id=\"8368988\" data-element_type=\"widget\" data-widget_type=\"heading.default\">\n\t\t\t\t<div class=\"elementor-widget-container\">\n\t\t\t\t\t<h2 class=\"elementor-heading-title elementor-size-default\">AV verde em salas de confer\u00eancia, escrit\u00f3rios, centros de eventos \u2013 Fundos<\/h2>\t\t\t\t<\/div>\n\t\t\t\t<\/div>\n\t\t\t\t<div class=\"elementor-element elementor-element-c493b09 elementor-widget elementor-widget-image\" data-id=\"c493b09\" data-element_type=\"widget\" data-widget_type=\"image.default\">\n\t\t\t\t<div class=\"elementor-widget-container\">\n\t\t\t\t\t\t\t\t\t\t\t\t\t\t\t<img fetchpriority=\"high\" decoding=\"async\" width=\"2251\" height=\"846\" src=\"https:\/\/konferenztechnik.de\/wp-content\/uploads\/2022\/06\/green-av-green-it-jpg.webp\" class=\"attachment-full size-full wp-image-32828\" alt=\"Uma mulher est\u00e1 \u00e0 porta da frente e liga o interrutor da eletricidade antes de sair do apartamento. Ao lado est\u00e1 escrito: &quot;S Desligar - ligar! Na verdade, \u00e9 bastante simples, mas um pouco novo e pouco familiar. Efici\u00eancia energ\u00e9tica no ambiente de confer\u00eancias e de TI.&quot;\" srcset=\"https:\/\/konferenztechnik.de\/wp-content\/uploads\/2022\/06\/green-av-green-it-jpg.webp 2251w, https:\/\/konferenztechnik.de\/wp-content\/uploads\/2022\/06\/green-av-green-it-300x113.webp 300w, https:\/\/konferenztechnik.de\/wp-content\/uploads\/2022\/06\/green-av-green-it-1024x385.webp 1024w, https:\/\/konferenztechnik.de\/wp-content\/uploads\/2022\/06\/green-av-green-it-768x289.webp 768w, https:\/\/konferenztechnik.de\/wp-content\/uploads\/2022\/06\/green-av-green-it-1536x577.webp 1536w, https:\/\/konferenztechnik.de\/wp-content\/uploads\/2022\/06\/green-av-green-it-2048x770.webp 2048w, https:\/\/konferenztechnik.de\/wp-content\/uploads\/2022\/06\/green-av-green-it-18x7.webp 18w\" sizes=\"(max-width: 2251px) 100vw, 2251px\" title=\"\">\t\t\t\t\t\t\t\t\t\t\t\t\t\t\t<\/div>\n\t\t\t\t<\/div>\n\t\t\t\t\t<\/div>\n\t\t\t\t<\/div>\n\t\t<div data-particle_enable=\"false\" data-particle-mobile-disabled=\"false\" class=\"elementor-element elementor-element-b8b2e65 e-flex e-con-boxed e-con e-parent\" data-id=\"b8b2e65\" data-element_type=\"container\">\n\t\t\t\t\t<div class=\"e-con-inner\">\n\t\t\t\t<div class=\"elementor-element elementor-element-ed817f2 elementor-widget elementor-widget-heading\" data-id=\"ed817f2\" data-element_type=\"widget\" data-widget_type=\"heading.default\">\n\t\t\t\t<div class=\"elementor-widget-container\">\n\t\t\t\t\t<h2 class=\"elementor-heading-title elementor-size-default\">Reconhecer e explorar o potencial de poupan\u00e7a de energia no ambiente das confer\u00eancias e das TI<\/h2>\t\t\t\t<\/div>\n\t\t\t\t<\/div>\n\t\t\t\t<div class=\"elementor-element elementor-element-6d2a073 elementor-widget elementor-widget-heading\" data-id=\"6d2a073\" data-element_type=\"widget\" data-widget_type=\"heading.default\">\n\t\t\t\t<div class=\"elementor-widget-container\">\n\t\t\t\t\t<h2 class=\"elementor-heading-title elementor-size-default\"><h2 style=\"margin: 0px 0px 5px;font-weight: 400;border: 0px;font-family: AvenirLT-Light, Helvetica;font-size: 24px;padding: 0px;vertical-align: baseline;line-height: 1.4\"><b>1. TI verde<\/b><\/h2><\/h2>\t\t\t\t<\/div>\n\t\t\t\t<\/div>\n\t\t\t\t<div class=\"elementor-element elementor-element-52a1a8f elementor-widget elementor-widget-text-editor\" data-id=\"52a1a8f\" data-element_type=\"widget\" data-widget_type=\"text-editor.default\">\n\t\t\t\t<div class=\"elementor-widget-container\">\n\t\t\t\t\t\t\t\t\t<p>Sempre que a utiliza\u00e7\u00e3o das tecnologias da informa\u00e7\u00e3o e da comunica\u00e7\u00e3o reduz os encargos para o ambiente em compara\u00e7\u00e3o com as solu\u00e7\u00f5es anteriores, estamos a falar de TI ecol\u00f3gica. Neste caso, a t\u00f3nica \u00e9 colocada na capacidade de fazer face ao r\u00e1pido aumento das necessidades energ\u00e9ticas dos dispositivos digitais.<\/p>\t\t\t\t\t\t\t\t<\/div>\n\t\t\t\t<\/div>\n\t\t\t\t\t<\/div>\n\t\t\t\t<\/div>\n\t\t<div data-particle_enable=\"false\" data-particle-mobile-disabled=\"false\" class=\"elementor-element elementor-element-4a3aed2 e-flex e-con-boxed e-con e-parent\" data-id=\"4a3aed2\" data-element_type=\"container\">\n\t\t\t\t\t<div class=\"e-con-inner\">\n\t\t\t\t<div class=\"elementor-element elementor-element-b1aa5a7 elementor-widget elementor-widget-heading\" data-id=\"b1aa5a7\" data-element_type=\"widget\" data-widget_type=\"heading.default\">\n\t\t\t\t<div class=\"elementor-widget-container\">\n\t\t\t\t\t<h2 class=\"elementor-heading-title elementor-size-default\">2. verde atrav\u00e9s das TI<\/h2>\t\t\t\t<\/div>\n\t\t\t\t<\/div>\n\t\t\t\t<div class=\"elementor-element elementor-element-2c91064 elementor-widget elementor-widget-text-editor\" data-id=\"2c91064\" data-element_type=\"widget\" data-widget_type=\"text-editor.default\">\n\t\t\t\t<div class=\"elementor-widget-container\">\n\t\t\t\t\t\t\t\t\tReduzir os custos de energia atrav\u00e9s da utiliza\u00e7\u00e3o das TI: no nosso trabalho quotidiano, isto diz respeito principalmente \u00e0 utiliza\u00e7\u00e3o de videoconfer\u00eancias e de eventos digitais para poupar energia, bem como \u00e0 dete\u00e7\u00e3o de presen\u00e7a nas salas, a fim de controlar os consumidores de forma totalmente autom\u00e1tica.\t\t\t\t\t\t\t\t<\/div>\n\t\t\t\t<\/div>\n\t\t\t\t\t<\/div>\n\t\t\t\t<\/div>\n\t\t<div data-particle_enable=\"false\" data-particle-mobile-disabled=\"false\" class=\"elementor-element elementor-element-9ec75f7 e-flex e-con-boxed e-con e-parent\" data-id=\"9ec75f7\" data-element_type=\"container\">\n\t\t\t\t\t<div class=\"e-con-inner\">\n\t\t\t\t<div class=\"elementor-element elementor-element-af6caef elementor-widget elementor-widget-heading\" data-id=\"af6caef\" data-element_type=\"widget\" data-widget_type=\"heading.default\">\n\t\t\t\t<div class=\"elementor-widget-container\">\n\t\t\t\t\t<h2 class=\"elementor-heading-title elementor-size-default\">3. sensibilizar e envolver todas as partes interessadas<\/h2>\t\t\t\t<\/div>\n\t\t\t\t<\/div>\n\t\t\t\t<div class=\"elementor-element elementor-element-35f2f20 elementor-widget elementor-widget-text-editor\" data-id=\"35f2f20\" data-element_type=\"widget\" data-widget_type=\"text-editor.default\">\n\t\t\t\t<div class=\"elementor-widget-container\">\n\t\t\t\t\t\t\t\t\tO maior fator de sucesso s\u00e3o as pessoas. Quando os empregados, gestores e supervisores s\u00e3o conjuntamente sensibilizados para um comportamento energeticamente eficiente e envolvidos em medidas de efici\u00eancia.\t\t\t\t\t\t\t\t<\/div>\n\t\t\t\t<\/div>\n\t\t\t\t\t<\/div>\n\t\t\t\t<\/div>\n\t\t<div data-particle_enable=\"false\" data-particle-mobile-disabled=\"false\" class=\"elementor-element elementor-element-433a587 e-flex e-con-boxed e-con e-parent\" data-id=\"433a587\" data-element_type=\"container\">\n\t\t\t\t\t<div class=\"e-con-inner\">\n\t\t\t\t<div class=\"elementor-element elementor-element-3321a87 elementor-widget elementor-widget-heading\" data-id=\"3321a87\" data-element_type=\"widget\" data-widget_type=\"heading.default\">\n\t\t\t\t<div class=\"elementor-widget-container\">\n\t\t\t\t\t<h2 class=\"elementor-heading-title elementor-size-default\">4. medir, avaliar e adaptar as infra-estruturas existentes<\/h2>\t\t\t\t<\/div>\n\t\t\t\t<\/div>\n\t\t\t\t<div class=\"elementor-element elementor-element-ebc35f3 elementor-widget elementor-widget-text-editor\" data-id=\"ebc35f3\" data-element_type=\"widget\" data-widget_type=\"text-editor.default\">\n\t\t\t\t<div class=\"elementor-widget-container\">\n\t\t\t\t\t\t\t\t\tPara reduzir o seu pr\u00f3prio consumo de eletricidade, o primeiro passo \u00e9 fazer um invent\u00e1rio completo. Atualmente, os circuitos individuais podem ser facilmente medidos. O que acontece nos pisos e nas divis\u00f5es individuais? Qual \u00e9 o n\u00edvel da nossa carga de base e se a nossa fatura de eletricidade est\u00e1 realmente correcta? Ficar\u00e1 certamente surpreendido! Especialmente nas PME, ainda existem d\u00favidas sobre o seu pr\u00f3prio potencial de poupan\u00e7a.\t\t\t\t\t\t\t\t<\/div>\n\t\t\t\t<\/div>\n\t\t\t\t\t<\/div>\n\t\t\t\t<\/div>\n\t\t<div data-particle_enable=\"false\" data-particle-mobile-disabled=\"false\" class=\"elementor-element elementor-element-f89f136 e-flex e-con-boxed e-con e-parent\" data-id=\"f89f136\" data-element_type=\"container\">\n\t\t\t\t\t<div class=\"e-con-inner\">\n\t\t\t\t<div class=\"elementor-element elementor-element-65ef0a7 elementor-widget elementor-widget-heading\" data-id=\"65ef0a7\" data-element_type=\"widget\" data-widget_type=\"heading.default\">\n\t\t\t\t<div class=\"elementor-widget-container\">\n\t\t\t\t\t<h2 class=\"elementor-heading-title elementor-size-default\">5. ter em conta a efici\u00eancia energ\u00e9tica nos contratos p\u00fablicos<\/h2>\t\t\t\t<\/div>\n\t\t\t\t<\/div>\n\t\t\t\t<div class=\"elementor-element elementor-element-3a32454 elementor-widget elementor-widget-text-editor\" data-id=\"3a32454\" data-element_type=\"widget\" data-widget_type=\"text-editor.default\">\n\t\t\t\t<div class=\"elementor-widget-container\">\n\t\t\t\t\t\t\t\t\t<p>Sem tempo para poupar tempo, sem dinheiro para poupar dinheiro? Os governos federal e estadual oferecem um bom apoio para pedir dinheiro emprestado para a efici\u00eancia energ\u00e9tica e bons consultores e prestadores de servi\u00e7os \u2013 como n\u00f3s \ud83d\ude09 \u2013 fornecem um apoio eficiente.<\/p>\t\t\t\t\t\t\t\t<\/div>\n\t\t\t\t<\/div>\n\t\t\t\t\t<\/div>\n\t\t\t\t<\/div>\n\t\t<div data-particle_enable=\"false\" data-particle-mobile-disabled=\"false\" class=\"elementor-element elementor-element-c259954 e-flex e-con-boxed e-con e-parent\" data-id=\"c259954\" data-element_type=\"container\">\n\t\t\t\t\t<div class=\"e-con-inner\">\n\t\t\t\t<div class=\"elementor-element elementor-element-d796d89 elementor-widget elementor-widget-heading\" data-id=\"d796d89\" data-element_type=\"widget\" data-widget_type=\"heading.default\">\n\t\t\t\t<div class=\"elementor-widget-container\">\n\t\t\t\t\t<h2 class=\"elementor-heading-title elementor-size-default\">6. utilizar o modo de poupan\u00e7a de energia e desligar<\/h2>\t\t\t\t<\/div>\n\t\t\t\t<\/div>\n\t\t\t\t<div class=\"elementor-element elementor-element-dff9bf9 elementor-widget elementor-widget-text-editor\" data-id=\"dff9bf9\" data-element_type=\"widget\" data-widget_type=\"text-editor.default\">\n\t\t\t\t<div class=\"elementor-widget-container\">\n\t\t\t\t\t\t\t\t\t<p>Desligar os aparelhos da rede el\u00e9ctrica \u00e9 a forma mais eficaz, mas n\u00e3o \u00e9 poss\u00edvel em todo o lado e \u00e9 muitas vezes demorado. Quando n\u00e3o \u00e9 poss\u00edvel desligar os aparelhos, concentramo-nos no modo de poupan\u00e7a de energia inteligente. O modo de espera h\u00edbrido nos computadores \u00e9 uma mistura de hiberna\u00e7\u00e3o e espera. \u00c9 utilizada uma quantidade m\u00ednima de energia para manter os dados na RAM e no disco r\u00edgido, enquanto os restantes componentes s\u00e3o desligados. Os dispositivos est\u00e3o dispon\u00edveis de forma r\u00e1pida e segura (evitando a perda de dados), o modo de espera h\u00edbrido \u00e9 rapidamente ativado e desativado.<\/p>\t\t\t\t\t\t\t\t<\/div>\n\t\t\t\t<\/div>\n\t\t\t\t\t<\/div>\n\t\t\t\t<\/div>\n\t\t<div data-particle_enable=\"false\" data-particle-mobile-disabled=\"false\" class=\"elementor-element elementor-element-e491992 e-flex e-con-boxed e-con e-parent\" data-id=\"e491992\" data-element_type=\"container\">\n\t\t\t\t\t<div class=\"e-con-inner\">\n\t\t\t\t<div class=\"elementor-element elementor-element-00b2749 elementor-widget elementor-widget-heading\" data-id=\"00b2749\" data-element_type=\"widget\" data-widget_type=\"heading.default\">\n\t\t\t\t<div class=\"elementor-widget-container\">\n\t\t\t\t\t<h2 class=\"elementor-heading-title elementor-size-default\">7. paisagem de dispositivos centralizada e gest\u00e3o centralizada da energia<\/h2>\t\t\t\t<\/div>\n\t\t\t\t<\/div>\n\t\t\t\t<div class=\"elementor-element elementor-element-c2892c4 elementor-widget elementor-widget-text-editor\" data-id=\"c2892c4\" data-element_type=\"widget\" data-widget_type=\"text-editor.default\">\n\t\t\t\t<div class=\"elementor-widget-container\">\n\t\t\t\t\t\t\t\t\t<p>PC de secret\u00e1ria, port\u00e1til ou thin client? Afastar-se do panorama inform\u00e1tico cl\u00e1ssico com esta\u00e7\u00f5es de trabalho PC totalmente equipadas oferece um grande potencial de poupan\u00e7a, n\u00e3o s\u00f3 em termos de consumo de energia, mas sobretudo em termos de custos administrativos. As solu\u00e7\u00f5es com computa\u00e7\u00e3o em nuvem, computa\u00e7\u00e3o baseada em servidor e clientes magros s\u00e3o solu\u00e7\u00f5es fant\u00e1sticas. Os clientes (terminais) \"burros\" e, por conseguinte, econ\u00f3micos em termos de energia, utilizam os recursos de servidores potentes. Os custos de energia e de administra\u00e7\u00e3o podem muitas vezes ser reduzidos em cerca de 50 \u2013, enquanto os requisitos de seguran\u00e7a inform\u00e1tica podem ser cumpridos mais facilmente.<\/p>\t\t\t\t\t\t\t\t<\/div>\n\t\t\t\t<\/div>\n\t\t\t\t\t<\/div>\n\t\t\t\t<\/div>\n\t\t<div data-particle_enable=\"false\" data-particle-mobile-disabled=\"false\" class=\"elementor-element elementor-element-f0a43af e-flex e-con-boxed e-con e-parent\" data-id=\"f0a43af\" data-element_type=\"container\">\n\t\t\t\t\t<div class=\"e-con-inner\">\n\t\t\t\t<div class=\"elementor-element elementor-element-88fef66 elementor-widget elementor-widget-heading\" data-id=\"88fef66\" data-element_type=\"widget\" data-widget_type=\"heading.default\">\n\t\t\t\t<div class=\"elementor-widget-container\">\n\t\t\t\t\t<h2 class=\"elementor-heading-title elementor-size-default\">8. considerar a gest\u00e3o de dados<\/h2>\t\t\t\t<\/div>\n\t\t\t\t<\/div>\n\t\t\t\t<div class=\"elementor-element elementor-element-ad954ba elementor-widget elementor-widget-text-editor\" data-id=\"ad954ba\" data-element_type=\"widget\" data-widget_type=\"text-editor.default\">\n\t\t\t\t<div class=\"elementor-widget-container\">\n\t\t\t\t\t\t\t\t\t<p>Mais vale prevenir do que remediar! Sim, mas tamb\u00e9m exige mais esfor\u00e7o. A gest\u00e3o optimizada dos dados poupa poder de computa\u00e7\u00e3o e energia desnecess\u00e1ria. Compreender os dados, os fluxos de dados e as paisagens de dados \u00e9 um fator de sucesso e uma parte cada vez mais importante do pensamento organizacional e das estrat\u00e9gias empresariais.<\/p>\t\t\t\t\t\t\t\t<\/div>\n\t\t\t\t<\/div>\n\t\t\t\t\t<\/div>\n\t\t\t\t<\/div>\n\t\t<div data-particle_enable=\"false\" data-particle-mobile-disabled=\"false\" class=\"elementor-element elementor-element-ef9dd55 e-flex e-con-boxed e-con e-parent\" data-id=\"ef9dd55\" data-element_type=\"container\">\n\t\t\t\t\t<div class=\"e-con-inner\">\n\t\t\t\t<div class=\"elementor-element elementor-element-0382ca0 elementor-widget elementor-widget-heading\" data-id=\"0382ca0\" data-element_type=\"widget\" data-widget_type=\"heading.default\">\n\t\t\t\t<div class=\"elementor-widget-container\">\n\t\t\t\t\t<h2 class=\"elementor-heading-title elementor-size-default\">9. utilizar a arquitetura<\/h2>\t\t\t\t<\/div>\n\t\t\t\t<\/div>\n\t\t\t\t<div class=\"elementor-element elementor-element-d817046 elementor-widget elementor-widget-text-editor\" data-id=\"d817046\" data-element_type=\"widget\" data-widget_type=\"text-editor.default\">\n\t\t\t\t<div class=\"elementor-widget-container\">\n\t\t\t\t\t\t\t\t\t<p>Edif\u00edcios energeticamente eficientes, flex\u00edveis e arquitetonicamente atraentes s\u00e3o a base do nosso trabalho. O que \u00e9 eficiente em termos energ\u00e9ticos e adequado ao objetivo? Como \u00e9 que integramos a tecnologia de forma sustent\u00e1vel nesses edif\u00edcios, como \u00e9 que a concebemos desde o in\u00edcio? As salas de servidores, AV e tecnologia de escrit\u00f3rio podem ser arrefecidas por mais do que apenas eletricidade: Os fluxos de ar podem ser direccionados, a radia\u00e7\u00e3o solar e o isolamento t\u00e9cnico optimizados. O arrefecimento energeticamente eficiente das salas e da tecnologia \u00e9 uma tarefa importante para um futuro que vale a pena viver.<\/p>\t\t\t\t\t\t\t\t<\/div>\n\t\t\t\t<\/div>\n\t\t\t\t\t<\/div>\n\t\t\t\t<\/div>\n\t\t<div data-particle_enable=\"false\" data-particle-mobile-disabled=\"false\" class=\"elementor-element elementor-element-446760a e-flex e-con-boxed e-con e-parent\" data-id=\"446760a\" data-element_type=\"container\">\n\t\t\t\t\t<div class=\"e-con-inner\">\n\t\t\t\t<div class=\"elementor-element elementor-element-73bfa5f elementor-widget elementor-widget-heading\" data-id=\"73bfa5f\" data-element_type=\"widget\" data-widget_type=\"heading.default\">\n\t\t\t\t<div class=\"elementor-widget-container\">\n\t\t\t\t\t<h2 class=\"elementor-heading-title elementor-size-default\">10. todos juntos agora<\/h2>\t\t\t\t<\/div>\n\t\t\t\t<\/div>\n\t\t\t\t<div class=\"elementor-element elementor-element-07caec6 elementor-widget elementor-widget-text-editor\" data-id=\"07caec6\" data-element_type=\"widget\" data-widget_type=\"text-editor.default\">\n\t\t\t\t<div class=\"elementor-widget-container\">\n\t\t\t\t\t\t\t\t\t<p>Onde quer que estejamos envolvidos, vemos um empenhamento sincero. Os fabricantes, as associa\u00e7\u00f5es industriais e os pol\u00edticos est\u00e3o a trabalhar especificamente em solu\u00e7\u00f5es. A implementa\u00e7\u00e3o em pequena escala geralmente encontra resist\u00eancia devido \u00e0 complexidade e ao esfor\u00e7o adicional. A mudan\u00e7a s\u00f3 pode ser implementada \u2013 t\u00e3o diretamente quanto poss\u00edvel \u2013 com todos os envolvidos. A TI verde e o AV verde devem ser exemplificados e comunicados sempre que poss\u00edvel.<\/p>\t\t\t\t\t\t\t\t<\/div>\n\t\t\t\t<\/div>\n\t\t\t\t\t<\/div>\n\t\t\t\t<\/div>\n\t\t<div data-particle_enable=\"false\" data-particle-mobile-disabled=\"false\" class=\"elementor-element elementor-element-0ff7df0 e-flex e-con-boxed e-con e-parent\" data-id=\"0ff7df0\" data-element_type=\"container\">\n\t\t\t\t\t<div class=\"e-con-inner\">\n\t\t\t\t<div class=\"elementor-element elementor-element-d42c38d elementor-widget elementor-widget-shortcode\" data-id=\"d42c38d\" data-element_type=\"widget\" data-widget_type=\"shortcode.default\">\n\t\t\t\t<div class=\"elementor-widget-container\">\n\t\t\t\t\t\t\t<div class=\"elementor-shortcode\">\t\t<div data-elementor-type=\"container\" data-elementor-id=\"32572\" class=\"elementor elementor-32572\" data-elementor-post-type=\"elementor_library\">\n\t\t\t\t<div data-particle_enable=\"false\" data-particle-mobile-disabled=\"false\" class=\"elementor-element elementor-element-1149edd e-flex e-con-boxed e-con e-parent\" data-id=\"1149edd\" data-element_type=\"container\">\n\t\t\t\t\t<div class=\"e-con-inner\">\n\t\t\t\t<div class=\"elementor-element elementor-element-637047c7 elementor-icon-list--layout-traditional elementor-list-item-link-full_width elementor-widget elementor-widget-icon-list\" data-id=\"637047c7\" data-element_type=\"widget\" data-widget_type=\"icon-list.default\">\n\t\t\t\t<div class=\"elementor-widget-container\">\n\t\t\t\t\t\t\t<ul class=\"elementor-icon-list-items\">\n\t\t\t\t\t\t\t<li class=\"elementor-icon-list-item\">\n\t\t\t\t\t\t\t\t\t\t\t<a href=\"\/pt\/fundo-verde-av\/\">\n\n\t\t\t\t\t\t\t\t\t\t\t\t<span class=\"elementor-icon-list-icon\">\n\t\t\t\t\t\t\t<svg aria-hidden=\"true\" class=\"e-font-icon-svg e-fas-chevron-right\" viewbox=\"0 0 320 512\" xmlns=\"http:\/\/www.w3.org\/2000\/svg\"><path d=\"M285.476 272.971L91.132 467.314c-9.373 9.373-24.569 9.373-33.941 0l-22.667-22.667c-9.357-9.357-9.375-24.522-.04-33.901L188.505 256 34.484 101.255c-9.335-9.379-9.317-24.544.04-33.901l22.667-22.667c9.373-9.373 24.569-9.373 33.941 0L285.475 239.03c9.373 9.372 9.373 24.568.001 33.941z\"><\/path><\/svg>\t\t\t\t\t\t<\/span>\n\t\t\t\t\t\t\t\t\t\t<span class=\"elementor-icon-list-text\">AV Verde: Antecedentes<\/span>\n\t\t\t\t\t\t\t\t\t\t\t<\/a>\n\t\t\t\t\t\t\t\t\t<\/li>\n\t\t\t\t\t\t\t\t<li class=\"elementor-icon-list-item\">\n\t\t\t\t\t\t\t\t\t\t\t<a href=\"\/pt\/medidas-green-av-e-green-it\/\">\n\n\t\t\t\t\t\t\t\t\t\t\t\t<span class=\"elementor-icon-list-icon\">\n\t\t\t\t\t\t\t<svg aria-hidden=\"true\" class=\"e-font-icon-svg e-fas-chevron-right\" viewbox=\"0 0 320 512\" xmlns=\"http:\/\/www.w3.org\/2000\/svg\"><path d=\"M285.476 272.971L91.132 467.314c-9.373 9.373-24.569 9.373-33.941 0l-22.667-22.667c-9.357-9.357-9.375-24.522-.04-33.901L188.505 256 34.484 101.255c-9.335-9.379-9.317-24.544.04-33.901l22.667-22.667c9.373-9.373 24.569-9.373 33.941 0L285.475 239.03c9.373 9.372 9.373 24.568.001 33.941z\"><\/path><\/svg>\t\t\t\t\t\t<\/span>\n\t\t\t\t\t\t\t\t\t\t<span class=\"elementor-icon-list-text\">AV verde e TI verde: medidas e potencial<\/span>\n\t\t\t\t\t\t\t\t\t\t\t<\/a>\n\t\t\t\t\t\t\t\t\t<\/li>\n\t\t\t\t\t\t\t\t<li class=\"elementor-icon-list-item\">\n\t\t\t\t\t\t\t\t\t\t\t<a href=\"\/pt\/estudo-de-viabilidade-da-eficiencia-energetica-e-da-sustentabilidade\/\">\n\n\t\t\t\t\t\t\t\t\t\t\t\t<span class=\"elementor-icon-list-icon\">\n\t\t\t\t\t\t\t<svg aria-hidden=\"true\" class=\"e-font-icon-svg e-fas-chevron-right\" viewbox=\"0 0 320 512\" xmlns=\"http:\/\/www.w3.org\/2000\/svg\"><path d=\"M285.476 272.971L91.132 467.314c-9.373 9.373-24.569 9.373-33.941 0l-22.667-22.667c-9.357-9.357-9.375-24.522-.04-33.901L188.505 256 34.484 101.255c-9.335-9.379-9.317-24.544.04-33.901l22.667-22.667c9.373-9.373 24.569-9.373 33.941 0L285.475 239.03c9.373 9.372 9.373 24.568.001 33.941z\"><\/path><\/svg>\t\t\t\t\t\t<\/span>\n\t\t\t\t\t\t\t\t\t\t<span class=\"elementor-icon-list-text\">Efici\u00eancia energ\u00e9tica e sustentabilidade: oferecemos-lhe um estudo de viabilidade gratuito<\/span>\n\t\t\t\t\t\t\t\t\t\t\t<\/a>\n\t\t\t\t\t\t\t\t\t<\/li>\n\t\t\t\t\t\t\t\t<li class=\"elementor-icon-list-item\">\n\t\t\t\t\t\t\t\t\t\t\t<a href=\"\/pt\/solucoes-conceptuais-e-tecnicas-da-av-verde\/\">\n\n\t\t\t\t\t\t\t\t\t\t\t\t<span class=\"elementor-icon-list-icon\">\n\t\t\t\t\t\t\t<svg aria-hidden=\"true\" class=\"e-font-icon-svg e-fas-chevron-right\" viewbox=\"0 0 320 512\" xmlns=\"http:\/\/www.w3.org\/2000\/svg\"><path d=\"M285.476 272.971L91.132 467.314c-9.373 9.373-24.569 9.373-33.941 0l-22.667-22.667c-9.357-9.357-9.375-24.522-.04-33.901L188.505 256 34.484 101.255c-9.335-9.379-9.317-24.544.04-33.901l22.667-22.667c9.373-9.373 24.569-9.373 33.941 0L285.475 239.03c9.373 9.372 9.373 24.568.001 33.941z\"><\/path><\/svg>\t\t\t\t\t\t<\/span>\n\t\t\t\t\t\t\t\t\t\t<span class=\"elementor-icon-list-text\">Solu\u00e7\u00f5es conceptuais e t\u00e9cnicas: grandes e pequenas<\/span>\n\t\t\t\t\t\t\t\t\t\t\t<\/a>\n\t\t\t\t\t\t\t\t\t<\/li>\n\t\t\t\t\t\t\t\t<li class=\"elementor-icon-list-item\">\n\t\t\t\t\t\t\t\t\t\t\t<a href=\"\/pt\/fontes-e-iniciativas-verdes-e-sustentaveis-da-empresa\/\">\n\n\t\t\t\t\t\t\t\t\t\t\t\t<span class=\"elementor-icon-list-icon\">\n\t\t\t\t\t\t\t<svg aria-hidden=\"true\" class=\"e-font-icon-svg e-fas-chevron-right\" viewbox=\"0 0 320 512\" xmlns=\"http:\/\/www.w3.org\/2000\/svg\"><path d=\"M285.476 272.971L91.132 467.314c-9.373 9.373-24.569 9.373-33.941 0l-22.667-22.667c-9.357-9.357-9.375-24.522-.04-33.901L188.505 256 34.484 101.255c-9.335-9.379-9.317-24.544.04-33.901l22.667-22.667c9.373-9.373 24.569-9.373 33.941 0L285.475 239.03c9.373 9.372 9.373 24.568.001 33.941z\"><\/path><\/svg>\t\t\t\t\t\t<\/span>\n\t\t\t\t\t\t\t\t\t\t<span class=\"elementor-icon-list-text\">Empresa sustent\u00e1vel: Fontes e iniciativas<\/span>\n\t\t\t\t\t\t\t\t\t\t\t<\/a>\n\t\t\t\t\t\t\t\t\t<\/li>\n\t\t\t\t\t\t\t\t<li class=\"elementor-icon-list-item\">\n\t\t\t\t\t\t\t\t\t\t\t<a href=\"\/pt\/pessoas-de-contacto-da-av-verde\/\">\n\n\t\t\t\t\t\t\t\t\t\t\t\t<span class=\"elementor-icon-list-icon\">\n\t\t\t\t\t\t\t<svg aria-hidden=\"true\" class=\"e-font-icon-svg e-fas-chevron-right\" viewbox=\"0 0 320 512\" xmlns=\"http:\/\/www.w3.org\/2000\/svg\"><path d=\"M285.476 272.971L91.132 467.314c-9.373 9.373-24.569 9.373-33.941 0l-22.667-22.667c-9.357-9.357-9.375-24.522-.04-33.901L188.505 256 34.484 101.255c-9.335-9.379-9.317-24.544.04-33.901l22.667-22.667c9.373-9.373 24.569-9.373 33.941 0L285.475 239.03c9.373 9.372 9.373 24.568.001 33.941z\"><\/path><\/svg>\t\t\t\t\t\t<\/span>\n\t\t\t\t\t\t\t\t\t\t<span class=\"elementor-icon-list-text\">Contacto, pessoas de contacto<\/span>\n\t\t\t\t\t\t\t\t\t\t\t<\/a>\n\t\t\t\t\t\t\t\t\t<\/li>\n\t\t\t\t\t\t<\/ul>\n\t\t\t\t\t\t<\/div>\n\t\t\t\t<\/div>\n\t\t\t\t\t<\/div>\n\t\t\t\t<\/div>\n\t\t\t\t<\/div>\n\t\t<\/div>\n\t\t\t\t\t\t<\/div>\n\t\t\t\t<\/div>\n\t\t\t\t\t<\/div>\n\t\t\t\t<\/div>\n\t\t\t\t<\/div>","protected":false},"excerpt":{"rendered":"<p>AV ecol\u00f3gico em salas de confer\u00eancia, escrit\u00f3rios e locais de eventos \u2013 Antecedentes Reconhecer e explorar o potencial de poupan\u00e7a de energia no ambiente de confer\u00eancia e de TI 1. TI ecol\u00f3gica Sempre que a utiliza\u00e7\u00e3o das tecnologias da informa\u00e7\u00e3o e da comunica\u00e7\u00e3o reduz os encargos para o ambiente em compara\u00e7\u00e3o com as solu\u00e7\u00f5es anteriores, estamos a falar de TI ecol\u00f3gica. Neste caso, a t\u00f3nica \u00e9 colocada na gest\u00e3o do r\u00e1pido aumento das necessidades energ\u00e9ticas dos dispositivos digitais [...]<\/p>","protected":false},"author":2,"featured_media":32828,"comment_status":"closed","ping_status":"closed","sticky":false,"template":"","format":"standard","meta":{"_acf_changed":false,"footnotes":""},"categories":[22,20,19],"tags":[],"class_list":["post-32645","post","type-post","status-publish","format-standard","has-post-thumbnail","hentry","category-installation","category-populaer","category-zukunft"],"acf":[],"_links":{"self":[{"href":"https:\/\/konferenztechnik.de\/pt\/wp-json\/wp\/v2\/posts\/32645","targetHints":{"allow":["GET"]}}],"collection":[{"href":"https:\/\/konferenztechnik.de\/pt\/wp-json\/wp\/v2\/posts"}],"about":[{"href":"https:\/\/konferenztechnik.de\/pt\/wp-json\/wp\/v2\/types\/post"}],"author":[{"embeddable":true,"href":"https:\/\/konferenztechnik.de\/pt\/wp-json\/wp\/v2\/users\/2"}],"replies":[{"embeddable":true,"href":"https:\/\/konferenztechnik.de\/pt\/wp-json\/wp\/v2\/comments?post=32645"}],"version-history":[{"count":0,"href":"https:\/\/konferenztechnik.de\/pt\/wp-json\/wp\/v2\/posts\/32645\/revisions"}],"wp:featuredmedia":[{"embeddable":true,"href":"https:\/\/konferenztechnik.de\/pt\/wp-json\/wp\/v2\/media\/32828"}],"wp:attachment":[{"href":"https:\/\/konferenztechnik.de\/pt\/wp-json\/wp\/v2\/media?parent=32645"}],"wp:term":[{"taxonomy":"category","embeddable":true,"href":"https:\/\/konferenztechnik.de\/pt\/wp-json\/wp\/v2\/categories?post=32645"},{"taxonomy":"post_tag","embeddable":true,"href":"https:\/\/konferenztechnik.de\/pt\/wp-json\/wp\/v2\/tags?post=32645"}],"curies":[{"name":"wp","href":"https:\/\/api.w.org\/{rel}","templated":true}]}}