{"id":38640,"date":"2022-03-09T09:40:00","date_gmt":"2022-03-09T08:40:00","guid":{"rendered":"https:\/\/konferenztechnik.de\/?p=38640"},"modified":"2023-09-01T10:28:58","modified_gmt":"2023-09-01T08:28:58","slug":"o-que-e-um-centro-de-interpretacao","status":"publish","type":"post","link":"https:\/\/konferenztechnik.de\/pt\/o-que-e-um-centro-de-interpretacao\/","title":{"rendered":"O que \u00e9 um centro de interpreta\u00e7\u00e3o?"},"content":{"rendered":"<div data-elementor-type=\"wp-post\" data-elementor-id=\"38640\" class=\"elementor elementor-38640\" data-elementor-post-type=\"post\">\n\t\t\t\t<div data-particle_enable=\"false\" data-particle-mobile-disabled=\"false\" class=\"elementor-element elementor-element-baef4a6 e-con-full e-flex e-con e-parent\" data-id=\"baef4a6\" data-element_type=\"container\">\n\t\t<div data-particle_enable=\"false\" data-particle-mobile-disabled=\"false\" class=\"elementor-element elementor-element-034e08c e-flex e-con-boxed e-con e-parent\" data-id=\"034e08c\" data-element_type=\"container\">\n\t\t\t\t\t<div class=\"e-con-inner\">\n\t\t\t\t<div class=\"elementor-element elementor-element-d60f76d elementor-widget__width-inherit elementor-widget elementor-widget-heading\" data-id=\"d60f76d\" data-element_type=\"widget\" data-widget_type=\"heading.default\">\n\t\t\t\t<div class=\"elementor-widget-container\">\n\t\t\t\t\t<h1 class=\"elementor-heading-title elementor-size-default\">O que \u00e9 um centro de interpreta\u00e7\u00e3o?<\/h1>\t\t\t\t<\/div>\n\t\t\t\t<\/div>\n\t\t\t\t<div class=\"elementor-element elementor-element-03d8cb1 elementor-widget elementor-widget-image\" data-id=\"03d8cb1\" data-element_type=\"widget\" data-widget_type=\"image.default\">\n\t\t\t\t<div class=\"elementor-widget-container\">\n\t\t\t\t\t\t\t\t\t\t\t\t<figure class=\"wp-caption\">\n\t\t\t\t\t\t\t\t\t\t<img fetchpriority=\"high\" decoding=\"async\" width=\"1300\" height=\"485\" src=\"https:\/\/konferenztechnik.de\/wp-content\/uploads\/2023\/08\/dolmetsch-hub-berlin-jpg.webp\" class=\"attachment-full size-full wp-image-38641\" alt=\"Numa sala chamada centro de interpreta\u00e7\u00e3o, h\u00e1 muitas cabinas de interpreta\u00e7\u00e3o e monitores em frente a essas cabinas. Tamb\u00e9m se pode ver uma sala de controlo t\u00e9cnico com v\u00e1rias mesas de mistura e computadores port\u00e1teis, onde um t\u00e9cnico se senta e prepara os aspectos t\u00e9cnicos de uma confer\u00eancia futura.\" srcset=\"https:\/\/konferenztechnik.de\/wp-content\/uploads\/2023\/08\/dolmetsch-hub-berlin-jpg.webp 1300w, https:\/\/konferenztechnik.de\/wp-content\/uploads\/2023\/08\/dolmetsch-hub-berlin-300x112.webp 300w, https:\/\/konferenztechnik.de\/wp-content\/uploads\/2023\/08\/dolmetsch-hub-berlin-1024x382.webp 1024w, https:\/\/konferenztechnik.de\/wp-content\/uploads\/2023\/08\/dolmetsch-hub-berlin-768x287.webp 768w, https:\/\/konferenztechnik.de\/wp-content\/uploads\/2023\/08\/dolmetsch-hub-berlin-18x7.webp 18w\" sizes=\"(max-width: 1300px) 100vw, 1300px\" title=\"\">\t\t\t\t\t\t\t\t\t\t\t<figcaption class=\"widget-image-caption wp-caption-text\">Simon prepara um centro de interpreta\u00e7\u00e3o nas primeiras horas da manh\u00e3<\/figcaption>\n\t\t\t\t\t\t\t\t\t\t<\/figure>\n\t\t\t\t\t\t\t\t\t<\/div>\n\t\t\t\t<\/div>\n\t\t\t\t\t<\/div>\n\t\t\t\t<\/div>\n\t\t\t\t<\/div>\n\t\t<div data-particle_enable=\"false\" data-particle-mobile-disabled=\"false\" class=\"elementor-element elementor-element-24051e3 e-flex e-con-boxed e-con e-parent\" data-id=\"24051e3\" data-element_type=\"container\">\n\t\t\t\t\t<div class=\"e-con-inner\">\n\t\t\t\t<div class=\"elementor-element elementor-element-3f90a70 elementor-widget__width-inherit elementor-widget elementor-widget-heading\" data-id=\"3f90a70\" data-element_type=\"widget\" data-widget_type=\"heading.default\">\n\t\t\t\t<div class=\"elementor-widget-container\">\n\t\t\t\t\t<h2 class=\"elementor-heading-title elementor-size-default\">Centro de interpreta\u00e7\u00e3o, m\u00f3vel e fixo<\/h2>\t\t\t\t<\/div>\n\t\t\t\t<\/div>\n\t\t\t\t<div class=\"elementor-element elementor-element-d70d198 elementor-widget__width-inherit elementor-widget elementor-widget-text-editor\" data-id=\"d70d198\" data-element_type=\"widget\" data-widget_type=\"text-editor.default\">\n\t\t\t\t<div class=\"elementor-widget-container\">\n\t\t\t\t\t\t\t\t\tUm centro de interpreta\u00e7\u00e3o (por vezes tamb\u00e9m est\u00fadio de interpreta\u00e7\u00e3o, muito raramente est\u00fadio RSI) \u00e9 um conjunto de cabinas de interpreta\u00e7\u00e3o\/esta\u00e7\u00f5es de trabalho para int\u00e9rpretes de confer\u00eancia numa sala especialmente preparada para o efeito.\n\nA partir destas cabinas, os int\u00e9rpretes est\u00e3o ligados \u00e0s confer\u00eancias, quer se trate de eventos presenciais, h\u00edbridos ou puramente digitais.\t\t\t\t\t\t\t\t<\/div>\n\t\t\t\t<\/div>\n\t\t\t\t<div class=\"elementor-element elementor-element-2156319 elementor-widget__width-inherit elementor-widget elementor-widget-text-editor\" data-id=\"2156319\" data-element_type=\"widget\" data-widget_type=\"text-editor.default\">\n\t\t\t\t<div class=\"elementor-widget-container\">\n\t\t\t\t\t\t\t\t\t<p>Exemplo: Est\u00e1 a decorrer uma confer\u00eancia num hotel em Hamburgo. Este evento \u00e9 multilingue, pelo que os participantes dependem de interpreta\u00e7\u00e3o profissional.<\/p><p>\u00a0<\/p><p>Os int\u00e9rpretes v\u00eam efetivamente de Berlim. Em vez de os trazerem para Hamburgo, os organizadores est\u00e3o a contratar um centro de Berlim a partir do qual os int\u00e9rpretes estar\u00e3o ligados remotamente. Como \u00e9 habitual, os participantes em Hamburgo podem ouvir a l\u00edngua desejada no local, utilizando auscultadores.<\/p><p>\u00a0<\/p><p>Isto permite poupar custos de desloca\u00e7\u00e3o, tempo de viagem e dormidas para os int\u00e9rpretes.<\/p><p>\u00a0<\/p><p>Para as videoconfer\u00eancias em MS Teams, Zoom, WebEx, GoToMeeting, etc., que se desenrolam de forma puramente digital ou h\u00edbrida (ou seja, de forma mista com participantes presenciais e conectados digitalmente), os int\u00e9rpretes s\u00e3o adicionados de acordo com o mesmo princ\u00edpio, se necess\u00e1rio.\u00a0<\/p><p>\u00a0<\/p><p>Os centros de interpreta\u00e7\u00e3o oferecem geralmente redund\u00e2ncia de Internet com v\u00e1rios pontos de acesso, uma fonte de alimenta\u00e7\u00e3o ininterrupta, prote\u00e7\u00e3o legal de dados (RGPD) e, no caso dos PCS, at\u00e9 os seus pr\u00f3prios servidores alem\u00e3es protegidos, p\u00e1ginas de destino, modera\u00e7\u00e3o t\u00e9cnica e apoio correspondente.<\/p><p>\u00a0<\/p><p>Conclus\u00e3o: Os centros de interpreta\u00e7\u00e3o apoiam tanto os eventos presenciais como a realiza\u00e7\u00e3o de reuni\u00f5es multilingues em linha como eventos virtuais.<\/p>\t\t\t\t\t\t\t\t<\/div>\n\t\t\t\t<\/div>\n\t\t\t\t<div class=\"elementor-element elementor-element-f460435 elementor-widget elementor-widget-image\" data-id=\"f460435\" data-element_type=\"widget\" data-widget_type=\"image.default\">\n\t\t\t\t<div class=\"elementor-widget-container\">\n\t\t\t\t\t\t\t\t\t\t\t\t\t\t\t<img decoding=\"async\" width=\"960\" height=\"640\" src=\"https:\/\/konferenztechnik.de\/wp-content\/uploads\/2023\/08\/dolmetsch-hub-ursprung-jpg.webp\" class=\"attachment-full size-full wp-image-38642\" alt=\"Os muitos raios de um pneu de bicicleta podem ser vistos\" srcset=\"https:\/\/konferenztechnik.de\/wp-content\/uploads\/2023\/08\/dolmetsch-hub-ursprung-jpg.webp 960w, https:\/\/konferenztechnik.de\/wp-content\/uploads\/2023\/08\/dolmetsch-hub-ursprung-300x200.webp 300w, https:\/\/konferenztechnik.de\/wp-content\/uploads\/2023\/08\/dolmetsch-hub-ursprung-768x512.webp 768w, https:\/\/konferenztechnik.de\/wp-content\/uploads\/2023\/08\/dolmetsch-hub-ursprung-18x12.webp 18w\" sizes=\"(max-width: 960px) 100vw, 960px\" title=\"\">\t\t\t\t\t\t\t\t\t\t\t\t\t\t\t<\/div>\n\t\t\t\t<\/div>\n\t\t\t\t<div class=\"elementor-element elementor-element-34e5ffe elementor-widget__width-inherit elementor-widget elementor-widget-text-editor\" data-id=\"34e5ffe\" data-element_type=\"widget\" data-widget_type=\"text-editor.default\">\n\t\t\t\t<div class=\"elementor-widget-container\">\n\t\t\t\t\t\t\t\t\t<p>Um hub \u00e9 originalmente um cubo (neste caso, um cubo de bicicleta) e \u00e9 agora traduzido como uma mesa girat\u00f3ria ou centro. Na tecnologia de rede, um hub \u00e9 um dispositivo que liga os n\u00f3s da rede em forma de estrela.\u00a0<\/p>\t\t\t\t\t\t\t\t<\/div>\n\t\t\t\t<\/div>\n\t\t\t\t<div class=\"elementor-element elementor-element-b9e26ad elementor-icon-list--layout-traditional elementor-list-item-link-full_width elementor-widget elementor-widget-icon-list\" data-id=\"b9e26ad\" data-element_type=\"widget\" data-widget_type=\"icon-list.default\">\n\t\t\t\t<div class=\"elementor-widget-container\">\n\t\t\t\t\t\t\t<ul class=\"elementor-icon-list-items\">\n\t\t\t\t\t\t\t<li class=\"elementor-icon-list-item\">\n\t\t\t\t\t\t\t\t\t\t\t<a href=\"\/pt\/centros-de-interpretacao-e-estudios-de-interpretacao\/#wanndolmetschhub\">\n\n\t\t\t\t\t\t\t\t\t\t\t\t<span class=\"elementor-icon-list-icon\">\n\t\t\t\t\t\t\t<svg aria-hidden=\"true\" class=\"e-font-icon-svg e-fas-chevron-right\" viewbox=\"0 0 320 512\" xmlns=\"http:\/\/www.w3.org\/2000\/svg\"><path d=\"M285.476 272.971L91.132 467.314c-9.373 9.373-24.569 9.373-33.941 0l-22.667-22.667c-9.357-9.357-9.375-24.522-.04-33.901L188.505 256 34.484 101.255c-9.335-9.379-9.317-24.544.04-33.901l22.667-22.667c9.373-9.373 24.569-9.373 33.941 0L285.475 239.03c9.373 9.372 9.373 24.568.001 33.941z\"><\/path><\/svg>\t\t\t\t\t\t<\/span>\n\t\t\t\t\t\t\t\t\t\t<span class=\"elementor-icon-list-text\">Quando e porqu\u00ea recorrer a um centro de interpreta\u00e7\u00e3o?<\/span>\n\t\t\t\t\t\t\t\t\t\t\t<\/a>\n\t\t\t\t\t\t\t\t\t<\/li>\n\t\t\t\t\t\t\t\t<li class=\"elementor-icon-list-item\">\n\t\t\t\t\t\t\t\t\t\t\t<a href=\"https:\/\/www.youtube.com\/watch?v=lPV5FrydqDE\" target=\"_blank\" rel=\"nofollow noopener\">\n\n\t\t\t\t\t\t\t\t\t\t\t\t<span class=\"elementor-icon-list-icon\">\n\t\t\t\t\t\t\t<svg aria-hidden=\"true\" class=\"e-font-icon-svg e-fas-chevron-right\" viewbox=\"0 0 320 512\" xmlns=\"http:\/\/www.w3.org\/2000\/svg\"><path d=\"M285.476 272.971L91.132 467.314c-9.373 9.373-24.569 9.373-33.941 0l-22.667-22.667c-9.357-9.357-9.375-24.522-.04-33.901L188.505 256 34.484 101.255c-9.335-9.379-9.317-24.544.04-33.901l22.667-22.667c9.373-9.373 24.569-9.373 33.941 0L285.475 239.03c9.373 9.372 9.373 24.568.001 33.941z\"><\/path><\/svg>\t\t\t\t\t\t<\/span>\n\t\t\t\t\t\t\t\t\t\t<span class=\"elementor-icon-list-text\">Vamos para o centro<\/span>\n\t\t\t\t\t\t\t\t\t\t\t<\/a>\n\t\t\t\t\t\t\t\t\t<\/li>\n\t\t\t\t\t\t<\/ul>\n\t\t\t\t\t\t<\/div>\n\t\t\t\t<\/div>\n\t\t\t\t\t<\/div>\n\t\t\t\t<\/div>\n\t\t<div data-particle_enable=\"false\" data-particle-mobile-disabled=\"false\" class=\"elementor-element elementor-element-6fe2463 e-flex e-con-boxed e-con e-parent\" data-id=\"6fe2463\" data-element_type=\"container\">\n\t\t\t\t\t<div class=\"e-con-inner\">\n\t\t\t\t<div class=\"elementor-element elementor-element-33702d2 elementor-widget__width-inherit elementor-widget elementor-widget-heading\" data-id=\"33702d2\" data-element_type=\"widget\" data-widget_type=\"heading.default\">\n\t\t\t\t<div class=\"elementor-widget-container\">\n\t\t\t\t\t<h2 class=\"elementor-heading-title elementor-size-default\">Sobre os nossos centros de interpreta\u00e7\u00e3o<\/h2>\t\t\t\t<\/div>\n\t\t\t\t<\/div>\n\t\t\t\t<div class=\"elementor-element elementor-element-72c091c elementor-widget__width-inherit smart-post-list-4-col elementor-widget elementor-widget-eael-post-list\" data-id=\"72c091c\" data-element_type=\"widget\" data-settings=\"{&quot;_animation&quot;:&quot;none&quot;}\" data-widget_type=\"eael-post-list.default\">\n\t\t\t\t<div class=\"elementor-widget-container\">\n\t\t\t\t\t<div class=\"eael-post-list-container advanced layout-advanced\"><div class=\"eael-post-list-wrap\"><div class=\"eael-post-list-posts-wrap eael-post-appender eael-post-appender-72c091c\"><div class=\"eael-post-list-post\"><div class=\"eael-post-list-post-inner\"><div class=\"eael-post-list-thumbnail\"><a href=\"https:\/\/konferenztechnik.de\/pt\/interpreting-hub-estudio-de-interpretacao-berlim\/\">\n                <img decoding=\"async\" src=\"https:\/\/konferenztechnik.de\/wp-content\/uploads\/2022\/09\/dolmetsch-studio-berlin-jpg.webp\" alt=\"Um dos est\u00fadios de interpreta\u00e7\u00e3o da PCS em Berlim, aqui no \u00faltimo andar, com vista para as cabinas de interpreta\u00e7\u00e3o\" title=\"\">\n            <\/a><\/div><div class=\"eael-post-list-content\"><h3 class=\"eael-post-list-title\"><a href=\"https:\/\/konferenztechnik.de\/pt\/interpreting-hub-estudio-de-interpretacao-berlim\/\">Centro de interpreta\u00e7\u00e3o, est\u00fadio de interpreta\u00e7\u00e3o Berlim<\/a><\/h3><p>O nosso HUB de interpreta\u00e7\u00e3o em Berlim tem uma localiza\u00e7\u00e3o central, \u00e9 profissional e confort\u00e1vel. Com mais de 50...<\/p><a href=\"https:\/\/konferenztechnik.de\/pt\/interpreting-hub-estudio-de-interpretacao-berlim\/\" class=\"eael-post-elements-readmore-btn\">\u203a mais<\/a><div class=\"boxed-meta\"><\/div><\/div><\/div><\/div><div class=\"eael-post-list-post\"><div class=\"eael-post-list-post-inner\"><div class=\"eael-post-list-thumbnail\"><a href=\"https:\/\/konferenztechnik.de\/pt\/interpreting-hub-estudio-de-interpretacao-duesseldorf\/\">\n                <img decoding=\"async\" src=\"https:\/\/konferenztechnik.de\/wp-content\/uploads\/2022\/04\/dolmetsch-hub-duesseldorf-rooftop-jpg.webp\" alt=\"Os int\u00e9rpretes simult\u00e2neos sentam-se numa cabina de interpreta\u00e7\u00e3o insonorizada no centro de interpreta\u00e7\u00e3o do PCS D\u00fcsseldorf\" title=\"\">\n            <\/a><\/div><div class=\"eael-post-list-content\"><h3 class=\"eael-post-list-title\"><a href=\"https:\/\/konferenztechnik.de\/pt\/interpreting-hub-estudio-de-interpretacao-duesseldorf\/\">Centro de interpreta\u00e7\u00e3o, est\u00fadio de interpreta\u00e7\u00e3o D\u00fcsseldorf<\/a><\/h3><p>O nosso centro de interpreta\u00e7\u00e3o em D\u00fcsseldorf oferece um excelente ambiente para um trabalho concentrado e agrad\u00e1vel.<\/p><a href=\"https:\/\/konferenztechnik.de\/pt\/interpreting-hub-estudio-de-interpretacao-duesseldorf\/\" class=\"eael-post-elements-readmore-btn\">\u203a mais<\/a><div class=\"boxed-meta\"><\/div><\/div><\/div><\/div><div class=\"eael-post-list-post\"><div class=\"eael-post-list-post-inner\"><div class=\"eael-post-list-thumbnail\"><a href=\"https:\/\/konferenztechnik.de\/pt\/centro-de-interpretacao-estudio-de-interpretacao-de-munique\/\">\n                <img decoding=\"async\" src=\"https:\/\/konferenztechnik.de\/wp-content\/uploads\/2023\/07\/dolmetsch-hub-muenchen-jpg.webp\" alt=\"Centro de interpreta\u00e7\u00e3o em Munique com cabinas de interpreta\u00e7\u00e3o\" title=\"\">\n            <\/a><\/div><div class=\"eael-post-list-content\"><h3 class=\"eael-post-list-title\"><a href=\"https:\/\/konferenztechnik.de\/pt\/centro-de-interpretacao-estudio-de-interpretacao-de-munique\/\">Centro de Interpreta\u00e7\u00e3o, Est\u00fadio de Interpreta\u00e7\u00e3o de Munique<\/a><\/h3><p>O nosso centro de interpreta\u00e7\u00e3o em Munique \u00e9 o nosso HUB mais pequeno e disp\u00f5e de 8 postos de trabalho, um...<\/p><a href=\"https:\/\/konferenztechnik.de\/pt\/centro-de-interpretacao-estudio-de-interpretacao-de-munique\/\" class=\"eael-post-elements-readmore-btn\">\u203a mais<\/a><div class=\"boxed-meta\"><\/div><\/div><\/div><\/div><div class=\"eael-post-list-post\"><div class=\"eael-post-list-post-inner\"><div class=\"eael-post-list-thumbnail\"><a href=\"https:\/\/konferenztechnik.de\/pt\/centros-de-interpretacao-e-estudios-de-interpretacao\/\">\n                <img decoding=\"async\" src=\"https:\/\/konferenztechnik.de\/wp-content\/uploads\/2023\/04\/dolmetschhubs.jpg\" alt=\"Vista para um est\u00fadio de interpreta\u00e7\u00e3o, onde os int\u00e9rpretes seguem um orador num grande monitor e traduzem para v\u00e1rias outras l\u00ednguas nas suas cabinas \u00e0 prova de som\" title=\"\">\n            <\/a><\/div><div class=\"eael-post-list-content\"><h3 class=\"eael-post-list-title\"><a href=\"https:\/\/konferenztechnik.de\/pt\/centros-de-interpretacao-e-estudios-de-interpretacao\/\">Centros de interpreta\u00e7\u00e3o e est\u00fadios de interpreta\u00e7\u00e3o<\/a><\/h3><p>Os nossos centros profissionais de interpreta\u00e7\u00e3o \u00e0 dist\u00e2ncia, interpreta\u00e7\u00e3o para videoconfer\u00eancias, streaming e reuni\u00f5es no local<\/p><a href=\"https:\/\/konferenztechnik.de\/pt\/centros-de-interpretacao-e-estudios-de-interpretacao\/\" class=\"eael-post-elements-readmore-btn\">\u203a mais<\/a><div class=\"boxed-meta\"><\/div><\/div><\/div><\/div><\/div><\/div>\n\t\t<\/div>\t\t\t\t<\/div>\n\t\t\t\t<\/div>\n\t\t\t\t\t<\/div>\n\t\t\t\t<\/div>\n\t\t<div data-particle_enable=\"false\" data-particle-mobile-disabled=\"false\" class=\"elementor-element elementor-element-b3c0d35 e-flex e-con-boxed e-con e-parent\" data-id=\"b3c0d35\" data-element_type=\"container\">\n\t\t\t\t\t<div class=\"e-con-inner\">\n\t\t\t\t<div class=\"elementor-element elementor-element-52737ca elementor-widget elementor-widget-shortcode\" data-id=\"52737ca\" data-element_type=\"widget\" data-widget_type=\"shortcode.default\">\n\t\t\t\t<div class=\"elementor-widget-container\">\n\t\t\t\t\t\t\t<div class=\"elementor-shortcode\"><\/div>\n\t\t\t\t\t\t<\/div>\n\t\t\t\t<\/div>\n\t\t\t\t\t<\/div>\n\t\t\t\t<\/div>\n\t\t<div data-particle_enable=\"false\" data-particle-mobile-disabled=\"false\" class=\"elementor-element elementor-element-a6dba62 e-flex e-con-boxed e-con e-parent\" data-id=\"a6dba62\" data-element_type=\"container\">\n\t\t\t\t\t<div class=\"e-con-inner\">\n\t\t\t\t<div class=\"elementor-element elementor-element-08a4530 elementor-widget elementor-widget-shortcode\" data-id=\"08a4530\" data-element_type=\"widget\" data-widget_type=\"shortcode.default\">\n\t\t\t\t<div class=\"elementor-widget-container\">\n\t\t\t\t\t\t\t<div class=\"elementor-shortcode\"><\/div>\n\t\t\t\t\t\t<\/div>\n\t\t\t\t<\/div>\n\t\t\t\t\t<\/div>\n\t\t\t\t<\/div>\n\t\t\t\t<\/div>","protected":false},"excerpt":{"rendered":"<p>Um centro de interpreta\u00e7\u00e3o (por vezes tamb\u00e9m est\u00fadio de interpreta\u00e7\u00e3o, muito raramente est\u00fadio RSI) \u00e9 um conjunto de cabinas\/esta\u00e7\u00f5es de trabalho para int\u00e9rpretes de confer\u00eancia numa sala especialmente preparada para o efeito.\u00a0<\/p>","protected":false},"author":2,"featured_media":38649,"comment_status":"closed","ping_status":"closed","sticky":false,"template":"","format":"standard","meta":{"_acf_changed":false,"footnotes":""},"categories":[21,16],"tags":[],"class_list":["post-38640","post","type-post","status-publish","format-standard","has-post-thumbnail","hentry","category-events","category-digital-und-hybrid"],"acf":[],"_links":{"self":[{"href":"https:\/\/konferenztechnik.de\/pt\/wp-json\/wp\/v2\/posts\/38640","targetHints":{"allow":["GET"]}}],"collection":[{"href":"https:\/\/konferenztechnik.de\/pt\/wp-json\/wp\/v2\/posts"}],"about":[{"href":"https:\/\/konferenztechnik.de\/pt\/wp-json\/wp\/v2\/types\/post"}],"author":[{"embeddable":true,"href":"https:\/\/konferenztechnik.de\/pt\/wp-json\/wp\/v2\/users\/2"}],"replies":[{"embeddable":true,"href":"https:\/\/konferenztechnik.de\/pt\/wp-json\/wp\/v2\/comments?post=38640"}],"version-history":[{"count":0,"href":"https:\/\/konferenztechnik.de\/pt\/wp-json\/wp\/v2\/posts\/38640\/revisions"}],"wp:featuredmedia":[{"embeddable":true,"href":"https:\/\/konferenztechnik.de\/pt\/wp-json\/wp\/v2\/media\/38649"}],"wp:attachment":[{"href":"https:\/\/konferenztechnik.de\/pt\/wp-json\/wp\/v2\/media?parent=38640"}],"wp:term":[{"taxonomy":"category","embeddable":true,"href":"https:\/\/konferenztechnik.de\/pt\/wp-json\/wp\/v2\/categories?post=38640"},{"taxonomy":"post_tag","embeddable":true,"href":"https:\/\/konferenztechnik.de\/pt\/wp-json\/wp\/v2\/tags?post=38640"}],"curies":[{"name":"wp","href":"https:\/\/api.w.org\/{rel}","templated":true}]}}